{"id":5560,"date":"2024-08-29T17:55:00","date_gmt":"2024-08-29T15:55:00","guid":{"rendered":"https:\/\/www.mojekonferencje.pl\/blog\/?p=5560"},"modified":"2025-05-07T18:00:31","modified_gmt":"2025-05-07T16:00:31","slug":"najlepsze-hotele-3-gwiazdkowe-na-mazurach-zorganizuj-event-nad-jeziorem","status":"publish","type":"post","link":"https:\/\/www.mojekonferencje.pl\/blog\/najlepsze-hotele-3-gwiazdkowe-na-mazurach-zorganizuj-event-nad-jeziorem\/","title":{"rendered":"Najlepsze hotele 3-gwiazdkowe na Mazurach, zorganizuj event nad jeziorem!"},"content":{"rendered":"\n<p><strong>Organizacja konferencji, szkole\u0144 czy spotka\u0144 biznesowych w pi\u0119knym otoczeniu mo\u017ce by\u0107 kluczem do sukcesu ka\u017cdego wydarzenia. Je\u015bli szukasz wyj\u0105tkowej lokalizacji, kt\u00f3ra po\u0142\u0105czy profesjonalne zaplecze z malowniczym krajobrazem, Mazury b\u0119d\u0105 idealnym wyborem. Hotele 3-gwiazdkowe na Mazurach oferuj\u0105 nie tylko komfortowe warunki pobytu, ale r\u00f3wnie\u017c nowoczesne sale konferencyjne, doskona\u0142e us\u0142ugi cateringowe oraz szeroki wachlarz atrakcji towarzysz\u0105cych.<\/strong><\/p>\n\n\n\n<p>Organizuj\u0105c event w takim miejscu, zapewniasz swoim go\u015bciom niepowtarzaln\u0105 atmosfer\u0119, relaks i mo\u017cliwo\u015b\u0107 integracji w sercu natury. Zapraszamy do zapoznania si\u0119 z najlepszymi hotelami, kt\u00f3re sprawi\u0105, \u017ce Tw\u00f3j event stanie si\u0119 niezapomnianym do\u015bwiadczeniem \u2013 nad brzegiem mazurskich jezior!<\/p>\n\n\n\n<p>Koniecznie zosta\u0144 z nami i poznaj <a href=\"https:\/\/www.mojekonferencje.pl\/obiekty-konferencyjne-na-mazurach\">hotele na Mazurach<\/a> o 3-gwiazdkowym standardzie, takie jak: <\/p>\n\n\n\n<figure class=\"wp-block-table\"><table class=\"has-fixed-layout\"><tbody><tr><td><a href=\"https:\/\/www.mojekonferencje.pl\/ruciane-nida\/mazurski-raj-hotel--marina--spa\">MAZURSKI RAJ &#8211; Hotel, Marina &amp; SPA<\/a><\/td><td><a href=\"https:\/\/www.mojekonferencje.pl\/gorzno\/hotel-dworek-wapionka\">Hotel Dworek Wapionka<\/a><\/td><\/tr><tr><td><a href=\"https:\/\/www.mojekonferencje.pl\/dadaj\/hotel-star-dadaj\">Hotel Star Dadaj Resort &amp; Spa na Mazurach<\/a><\/td><td><a href=\"https:\/\/www.mojekonferencje.pl\/mikolajki\/mikolajki-resort-spa\">Miko\u0142ajki Resort Hotel &amp; SPA<\/a><\/td><\/tr><tr><td><a href=\"https:\/\/www.mojekonferencje.pl\/kadyny\/kadyny-folwark-hotel-spa\">Kadyny Folwark Hotel &amp; Spa<\/a><\/td><td><a href=\"https:\/\/www.mojekonferencje.pl\/olsztyn\/warminski-hotel--conference\">Warmi\u0144ski Hotel &amp; Conference<\/a><\/td><\/tr><tr><td><a href=\"https:\/\/www.mojekonferencje.pl\/wegorzewo\/hotel-ognisty-ptak\">Hotel Ognisty Ptak<\/a><\/td><td><a href=\"https:\/\/www.mojekonferencje.pl\/olsztyn\/hotel-hp-parkolsztyn\">Hotel HP Park Olsztyn<\/a><\/td><\/tr><tr><td><a href=\"https:\/\/www.mojekonferencje.pl\/brzeziny\/hotel-nad-mroga-\">Hotel nad Mrog\u0105<\/a><\/td><td><\/td><\/tr><\/tbody><\/table><\/figure>\n\n\n\n<h2 class=\"wp-block-heading has-text-align-center has-vivid-purple-color has-text-color has-link-color wp-elements-31ccab4752eb2e78981f11be08f3c7cb\"><a href=\"https:\/\/www.mojekonferencje.pl\/ruciane-nida\/mazurski-raj-hotel--marina--spa\"><span style=\"text-decoration: underline;\">MAZURSKI RAJ &#8211; Hotel, Marina &amp; SPA<\/span><\/a><\/h2>\n\n\n\n<p>Ten <strong>3-gwiazdkowy hotel na Mazurach<\/strong> to idealne miejsce na organizacj\u0119 event\u00f3w, kt\u00f3re \u0142\u0105czy nowoczesno\u015b\u0107 z pi\u0119knem natury. Po\u0142o\u017cony nad jeziorem Be\u0142dany, w sercu malowniczych Mazur, oferuje doskona\u0142e warunki do pracy i wypoczynku, zapewniaj\u0105c kameraln\u0105 atmosfer\u0119 i niesamowite widoki na otaczaj\u0105c\u0105 przyrod\u0119. Le\u017c\u0105cy zaledwie 190 km od Warszawy, <strong>Mazurski Raj <\/strong>przyci\u0105ga zar\u00f3wno go\u015bci z p\u00f3\u0142nocy kraju, jak i stolicy, dzi\u0119ki wygodnemu dojazdowi. Hotel dysponuje 12 nowoczesnymi salami konferencyjnymi, kt\u00f3re mog\u0105 pomie\u015bci\u0107 nawet 700 uczestnik\u00f3w, a tak\u017ce przestrzeni\u0105 sportow\u0105, kt\u00f3ra sprawdzi si\u0119 jako miejsce prelekcji czy pokaz\u00f3w.<\/p>\n\n\n\n<p>Profesjonalna obs\u0142uga i zaawansowane zaplecze techniczne zapewniaj\u0105 pe\u0142ne wsparcie organizacyjne. Blisko\u015b\u0107 jeziora i rozleg\u0142y 6-hektarowy ogr\u00f3d otaczaj\u0105cy obiekt sprzyjaj\u0105 organizacji wydarze\u0144 integracyjnych, gier zespo\u0142owych czy spotka\u0144 plenerowych. Go\u015bcie <strong>Mazurskiego Raju<\/strong> mog\u0105 skorzysta\u0107 z bogatej oferty atrakcji \u2013 od relaksu w strefie SPA, przez sporty wodne i rowerowe, po wieczorne imprezy w tawernie nad jeziorem. Komfortowe pokoje, apartamenty oraz domy my\u015bliwskie i wille z widokiem na lasy Puszczy Piskiej i jezioro Be\u0142dany zapewniaj\u0105 wygod\u0119 i niezapomniane wra\u017cenia.<\/p>\n\n\n\n<figure class=\"wp-block-image size-large\"><a href=\"https:\/\/www.mojekonferencje.pl\/blog\/wp-content\/uploads\/2024\/09\/1-2.jpg\"><img loading=\"lazy\" decoding=\"async\" width=\"1024\" height=\"576\" src=\"https:\/\/www.mojekonferencje.pl\/blog\/wp-content\/uploads\/2024\/09\/1-2-1024x576.jpg\" alt=\"\" class=\"wp-image-5562 lazyload\" data-srcset=\"https:\/\/www.mojekonferencje.pl\/blog\/wp-content\/uploads\/2024\/09\/1-2-1024x576.jpg 1024w, https:\/\/www.mojekonferencje.pl\/blog\/wp-content\/uploads\/2024\/09\/1-2-300x169.jpg 300w, https:\/\/www.mojekonferencje.pl\/blog\/wp-content\/uploads\/2024\/09\/1-2-768x432.jpg 768w, https:\/\/www.mojekonferencje.pl\/blog\/wp-content\/uploads\/2024\/09\/1-2-1536x864.jpg 1536w, https:\/\/www.mojekonferencje.pl\/blog\/wp-content\/uploads\/2024\/09\/1-2-640x360.jpg 640w, https:\/\/www.mojekonferencje.pl\/blog\/wp-content\/uploads\/2024\/09\/1-2-320x180.jpg 320w, https:\/\/www.mojekonferencje.pl\/blog\/wp-content\/uploads\/2024\/09\/1-2-480x270.jpg 480w, https:\/\/www.mojekonferencje.pl\/blog\/wp-content\/uploads\/2024\/09\/1-2-960x540.jpg 960w, https:\/\/www.mojekonferencje.pl\/blog\/wp-content\/uploads\/2024\/09\/1-2-1280x720.jpg 1280w, https:\/\/www.mojekonferencje.pl\/blog\/wp-content\/uploads\/2024\/09\/1-2.jpg 1600w\" sizes=\"auto\" \/><\/a><\/figure>\n\n\n\n<h2 class=\"wp-block-heading has-text-align-center has-vivid-purple-color has-text-color has-link-color wp-elements-1ef354765756ab5f5ba2aab051b67f03\"><a href=\"https:\/\/www.mojekonferencje.pl\/dadaj\/hotel-star-dadaj\"><span style=\"text-decoration: underline;\">Hotel Star Dadaj Resort &amp; Spa na Mazurach<\/span><\/a><\/h2>\n\n\n\n<p>Niezapomniane wydarzenie zorganizujesz r\u00f3wnie\u017c w <strong>Hotelu Star-Dadaj Resort &amp; SPA<\/strong>, po\u0142o\u017conym w sercu Warmii i Mazur, zaledwie 30 km od Olsztyna! Jego dogodna lokalizacja i bogate zaplecze to idealne miejsce na organizacj\u0119 konferencji, szkole\u0144 i event\u00f3w biznesowych w urokliwej scenerii. Hotel oferuje 250 miejsc noclegowych, pi\u0119\u0107 w pe\u0142ni wyposa\u017conych sal konferencyjnych, nowoczesne zaplecze gastronomiczne oraz szerok\u0105 gam\u0119 atrakcji rekreacyjnych. <\/p>\n\n\n\n<p>Do dyspozycji go\u015bci s\u0105 m.in. korty tenisowe, hala sportowa, boiska do siatk\u00f3wki i koszyk\u00f3wki, sprz\u0119t wodny, a tak\u017ce strefa SPA z saunami, jacuzzi i basenem. Po dniu pe\u0142nym wyzwa\u0144 warto postawi\u0107 na integracj\u0119 w Klubie Nocnym lub do Chaty Warmi\u0144skiej na biesiad\u0119. Ponadto obiekt oferuje r\u00f3wnie\u017c mo\u017cliwo\u015b\u0107 organizacji spotka\u0144 wigilijnych i imprez okoliczno\u015bciowych.<\/p>\n\n\n\n<figure class=\"wp-block-image size-full\"><a href=\"https:\/\/www.mojekonferencje.pl\/blog\/wp-content\/uploads\/2024\/09\/2-5.jpg\"><img loading=\"lazy\" decoding=\"async\" width=\"1000\" height=\"563\" src=\"https:\/\/www.mojekonferencje.pl\/blog\/wp-content\/uploads\/2024\/09\/2-5.jpg\" alt=\"\" class=\"wp-image-5563 lazyload\" data-srcset=\"https:\/\/www.mojekonferencje.pl\/blog\/wp-content\/uploads\/2024\/09\/2-5.jpg 1000w, https:\/\/www.mojekonferencje.pl\/blog\/wp-content\/uploads\/2024\/09\/2-5-300x169.jpg 300w, https:\/\/www.mojekonferencje.pl\/blog\/wp-content\/uploads\/2024\/09\/2-5-768x432.jpg 768w, https:\/\/www.mojekonferencje.pl\/blog\/wp-content\/uploads\/2024\/09\/2-5-640x360.jpg 640w, https:\/\/www.mojekonferencje.pl\/blog\/wp-content\/uploads\/2024\/09\/2-5-320x180.jpg 320w, https:\/\/www.mojekonferencje.pl\/blog\/wp-content\/uploads\/2024\/09\/2-5-480x270.jpg 480w, https:\/\/www.mojekonferencje.pl\/blog\/wp-content\/uploads\/2024\/09\/2-5-960x540.jpg 960w\" sizes=\"auto\" \/><\/a><\/figure>\n\n\n\n<h2 class=\"wp-block-heading has-text-align-center has-vivid-purple-color has-text-color has-link-color wp-elements-3f1eca3a70847c388e3123d3cdcff1c3\"><a href=\"https:\/\/www.mojekonferencje.pl\/kadyny\/kadyny-folwark-hotel-spa\"><span style=\"text-decoration: underline;\">Kadyny Folwark Hotel &amp; Spa<\/span><\/a><\/h2>\n\n\n\n<p>Jest to wyj\u0105tkowe <strong>miejsce na organizacj\u0119 event\u00f3w na Mazurach<\/strong>, kt\u00f3re \u0142\u0105czy histori\u0119 z nowoczesno\u015bci\u0105. Po\u0142o\u017cony w malowniczej okolicy Wysoczyzny Elbl\u0105skiej, w pobli\u017cu Zalewu Wi\u015blanego, oferuje idealne warunki do spotka\u0144 biznesowych i konferencji. Hotel, b\u0119d\u0105cy dawn\u0105 letni\u0105 rezydencj\u0105 cesarza Niemiec Wilhelma II, urzeka swoim unikalnym klimatem, w kt\u00f3rym zabytkowe budynki otacza 4,5-hektarowy ogr\u00f3d. Do dyspozycji go\u015bci jest a\u017c 5 sal konferencyjnych o r\u00f3\u017cnorodnym wystroju i wielko\u015bci, w tym elegancka Sala Pa\u0142acowa oraz Sala Pod Konikiem, wyr\u00f3\u017cniaj\u0105ca si\u0119 industrialnym charakterem. <\/p>\n\n\n\n<p>Obiekt zapewnia tak\u017ce nowoczesny sprz\u0119t audiowizualny, doskona\u0142\u0105 obs\u0142ug\u0119 oraz wsparcie organizacyjne. Po zako\u0144czeniu formalnych spotka\u0144 mo\u017cna zrelaksowa\u0107 si\u0119 w Starej Gorzelni, delektuj\u0105c si\u0119 staropolskimi daniami, lub skorzysta\u0107 z atrakcji rekreacyjnych \u2013 od wypo\u017cyczalni rower\u00f3w, przez klub je\u017adziecki, po bogat\u0105 ofert\u0119 SPA z basenami, saunami i gabinetem masa\u017cu.<strong> Kadyny Folwark Hotel &amp; Spa<\/strong> to idealne miejsce na niezapomniane eventy z dala od miejskiego zgie\u0142ku.<\/p>\n\n\n\n<figure class=\"wp-block-image size-large\"><a href=\"https:\/\/www.mojekonferencje.pl\/blog\/wp-content\/uploads\/2024\/09\/3-2.jpg\"><img loading=\"lazy\" decoding=\"async\" width=\"1024\" height=\"684\" src=\"https:\/\/www.mojekonferencje.pl\/blog\/wp-content\/uploads\/2024\/09\/3-2-1024x684.jpg\" alt=\"\" class=\"wp-image-5564 lazyload\" data-srcset=\"https:\/\/www.mojekonferencje.pl\/blog\/wp-content\/uploads\/2024\/09\/3-2-1024x684.jpg 1024w, https:\/\/www.mojekonferencje.pl\/blog\/wp-content\/uploads\/2024\/09\/3-2-300x200.jpg 300w, https:\/\/www.mojekonferencje.pl\/blog\/wp-content\/uploads\/2024\/09\/3-2-768x513.jpg 768w, https:\/\/www.mojekonferencje.pl\/blog\/wp-content\/uploads\/2024\/09\/3-2-1536x1025.jpg 1536w, https:\/\/www.mojekonferencje.pl\/blog\/wp-content\/uploads\/2024\/09\/3-2.jpg 2048w\" sizes=\"auto\" \/><\/a><\/figure>\n\n\n\n<h2 class=\"wp-block-heading has-text-align-center has-vivid-purple-color has-text-color has-link-color wp-elements-045e4dea6318b140942a27a932f9800d\"><a href=\"https:\/\/www.mojekonferencje.pl\/wegorzewo\/hotel-ognisty-ptak\"><span style=\"text-decoration: underline;\">Hotel Ognisty Ptak<\/span><\/a><\/h2>\n\n\n\n<p>Ten <strong>3-gwiazdkowy hotel na Mazurach<\/strong> to kolejne znakomite miejsce na organizacj\u0119 event\u00f3w i spotka\u0144 biznesowych. Le\u017cy on dok\u0142adnie w malowniczej miejscowo\u015bci Ogonki, nad jeziorem \u015awi\u0119cajty, w sercu Mazur, zaledwie kilka kilometr\u00f3w od Gi\u017cycka i W\u0119gorzewa. Obiekt oferuje komfortowy dojazd i liczne atrakcje, zar\u00f3wno dla mi\u0142o\u015bnik\u00f3w aktywnego wypoczynku, jak i os\u00f3b szukaj\u0105cych relaksu. Do dyspozycji go\u015bci s\u0105 nowoczesne sale konferencyjne, w tym Sala \u017beglarska na 160 os\u00f3b, idealna na wi\u0119ksze konferencje, oraz kameralna salka w Wie\u017cy Widokowej w Tawernie. <\/p>\n\n\n\n<p>Wszystkie sale s\u0105 w pe\u0142ni wyposa\u017cone w sprz\u0119t audiowizualny i zapewniaj\u0105 doskona\u0142e warunki do organizacji spotka\u0144 r\u00f3\u017cnej wielko\u015bci. <strong>Ognisty Ptak <\/strong>to tak\u017ce doskona\u0142a kuchnia serwuj\u0105ca dania regionalne i europejskie oraz bogata oferta noclegowa, od komfortowych pokoi, przez przestronne bungalowy, po eleganckie apartamenty. Dodatkowo hotel zapewnia relaks w strefie SPA, liczne atrakcje sportowe, zabawy integracyjne, koncerty, ogniska, a tak\u017ce dost\u0119p do basenu, si\u0142owni i wielu innych form aktywno\u015bci. To idealne miejsce na niezapomniane eventy, kt\u00f3re \u0142\u0105cz\u0105 biznes z przyjemno\u015bci\u0105 w sercu mazurskiej przyrody.<\/p>\n\n\n\n<figure class=\"wp-block-image size-large\"><a href=\"https:\/\/www.mojekonferencje.pl\/blog\/wp-content\/uploads\/2024\/09\/4-3.jpg\"><img loading=\"lazy\" decoding=\"async\" width=\"1024\" height=\"768\" src=\"https:\/\/www.mojekonferencje.pl\/blog\/wp-content\/uploads\/2024\/09\/4-3-1024x768.jpg\" alt=\"\" class=\"wp-image-5565 lazyload\" data-srcset=\"https:\/\/www.mojekonferencje.pl\/blog\/wp-content\/uploads\/2024\/09\/4-3-1024x768.jpg 1024w, https:\/\/www.mojekonferencje.pl\/blog\/wp-content\/uploads\/2024\/09\/4-3-300x225.jpg 300w, https:\/\/www.mojekonferencje.pl\/blog\/wp-content\/uploads\/2024\/09\/4-3-768x576.jpg 768w, https:\/\/www.mojekonferencje.pl\/blog\/wp-content\/uploads\/2024\/09\/4-3-1536x1152.jpg 1536w, https:\/\/www.mojekonferencje.pl\/blog\/wp-content\/uploads\/2024\/09\/4-3.jpg 2048w\" sizes=\"auto\" \/><\/a><\/figure>\n\n\n\n<h2 class=\"wp-block-heading has-text-align-center has-vivid-purple-color has-text-color has-link-color wp-elements-bf83ea953304289c8e21c71eda93771f\"><a href=\"https:\/\/www.mojekonferencje.pl\/gorzno\/hotel-dworek-wapionka\"><span style=\"text-decoration: underline;\">Hotel Dworek Wapionka<\/span><\/a><\/h2>\n\n\n\n<p>Jest to idealne miejsce na organizacj\u0119 wyj\u0105tkowych event\u00f3w, z dala od zgie\u0142ku miasta, w otoczeniu malowniczych krajobraz\u00f3w. Po\u0142o\u017cony na 7-hektarowym terenie mi\u0119dzy dwoma jeziorami, oferuje niepowtarzaln\u0105 atmosfer\u0119 i doskona\u0142e warunki do wypoczynku i integracji. Obiekt dysponuje nowoczesnym zapleczem konferencyjnym z dwiema salami \u2014 M\u0142y\u0144sk\u0105 Du\u017c\u0105 na 100 os\u00f3b i M\u0142y\u0144sk\u0105 Ma\u0142\u0105 na 50 os\u00f3b, wyposa\u017conymi w profesjonalny sprz\u0119t audiowizualny. <\/p>\n\n\n\n<p><strong>Dworek Wapionka<\/strong> to tak\u017ce wy\u015bmienita kuchnia, bazuj\u0105ca na lokalnych produktach, w tym \u015bwie\u017cych rybach z w\u0142asnej w\u0119dzarni, serwowana w klimatycznej Restauracji Karczma M\u0142yn. Po\u0142\u0105czenie elegancji, tradycji i inspiracji natur\u0105 widoczne jest w ka\u017cdym pokoju, z widokiem na jeziora i lasy. Obiekt oferuje liczne atrakcje, takie jak sp\u0142ywy kajakowe, przeja\u017cd\u017cki bryczk\u0105, grzybobranie czy rozgrywki w siatk\u00f3wk\u0119, a tak\u017ce sprz\u0119t do w\u0119dkowania, rowery, bilard i wiele innych. <strong>Dworek Wapionka<\/strong> to gwarancja niezapomnianych wydarze\u0144 w wyj\u0105tkowym otoczeniu!<\/p>\n\n\n\n<figure class=\"wp-block-image size-large\"><a href=\"https:\/\/www.mojekonferencje.pl\/blog\/wp-content\/uploads\/2024\/09\/5-1.jpg\"><img loading=\"lazy\" decoding=\"async\" width=\"1024\" height=\"576\" src=\"https:\/\/www.mojekonferencje.pl\/blog\/wp-content\/uploads\/2024\/09\/5-1-1024x576.jpg\" alt=\"\" class=\"wp-image-5566 lazyload\" data-srcset=\"https:\/\/www.mojekonferencje.pl\/blog\/wp-content\/uploads\/2024\/09\/5-1-1024x576.jpg 1024w, https:\/\/www.mojekonferencje.pl\/blog\/wp-content\/uploads\/2024\/09\/5-1-300x169.jpg 300w, https:\/\/www.mojekonferencje.pl\/blog\/wp-content\/uploads\/2024\/09\/5-1-768x432.jpg 768w, https:\/\/www.mojekonferencje.pl\/blog\/wp-content\/uploads\/2024\/09\/5-1-640x360.jpg 640w, https:\/\/www.mojekonferencje.pl\/blog\/wp-content\/uploads\/2024\/09\/5-1-320x180.jpg 320w, https:\/\/www.mojekonferencje.pl\/blog\/wp-content\/uploads\/2024\/09\/5-1-480x270.jpg 480w, https:\/\/www.mojekonferencje.pl\/blog\/wp-content\/uploads\/2024\/09\/5-1-960x540.jpg 960w, https:\/\/www.mojekonferencje.pl\/blog\/wp-content\/uploads\/2024\/09\/5-1.jpg 1280w\" sizes=\"auto\" \/><\/a><\/figure>\n\n\n\n<h2 class=\"wp-block-heading has-text-align-center has-vivid-purple-color has-text-color has-link-color wp-elements-7f55144792edbbf9ade4656da8b5b4ce\"><a href=\"https:\/\/www.mojekonferencje.pl\/mikolajki\/mikolajki-resort-spa\"><span style=\"text-decoration: underline;\">Miko\u0142ajki Resort Hotel &amp; SPA<\/span><\/a><\/h2>\n\n\n\n<p>Ten <strong>hotel 3-gwiazdkowy na Mazurach<\/strong> stanowi odpowiedni wyb\u00f3r na organizacj\u0119 event\u00f3w w sercu Mazur, nad malowniczym jeziorem Kuchenka, w pobli\u017cu Miko\u0142ajek i Mr\u0105gowa. Oferuje on 6 nowoczesnych sal konferencyjno-bankietowych, kt\u00f3re pomieszcz\u0105 nawet 490 os\u00f3b. Ka\u017cda z sal wyposa\u017cona jest w bezp\u0142atny sprz\u0119t multimedialny, szybki Internet i klimatyzacj\u0119, co sprzyja profesjonalnej organizacji spotka\u0144 biznesowych, szkole\u0144 i konferencji. <\/p>\n\n\n\n<p>Hotel zapewnia komfortowe zakwaterowanie w 145 nowocze\u015bnie urz\u0105dzonych pokojach, a tak\u017ce znakomite posi\u0142ki w restauracji, kt\u00f3ra mo\u017ce pomie\u015bci\u0107 do 250 go\u015bci. Urozmaicony kompleks SPA z saunami, gabinetami zabiegowymi i basenem oraz liczne atrakcje, takie jak prywatna pla\u017ca, wypo\u017cyczalnia rower\u00f3w wodnych i boiska sportowe, tylko dope\u0142niaj\u0105 ofert\u0119 hotelu.<\/p>\n\n\n\n<figure class=\"wp-block-image size-large\"><a href=\"https:\/\/www.mojekonferencje.pl\/blog\/wp-content\/uploads\/2024\/09\/6-3.jpg\"><img loading=\"lazy\" decoding=\"async\" width=\"1024\" height=\"683\" src=\"https:\/\/www.mojekonferencje.pl\/blog\/wp-content\/uploads\/2024\/09\/6-3-1024x683.jpg\" alt=\"\" class=\"wp-image-5567 lazyload\" data-srcset=\"https:\/\/www.mojekonferencje.pl\/blog\/wp-content\/uploads\/2024\/09\/6-3-1024x683.jpg 1024w, https:\/\/www.mojekonferencje.pl\/blog\/wp-content\/uploads\/2024\/09\/6-3-300x200.jpg 300w, https:\/\/www.mojekonferencje.pl\/blog\/wp-content\/uploads\/2024\/09\/6-3-768x512.jpg 768w, https:\/\/www.mojekonferencje.pl\/blog\/wp-content\/uploads\/2024\/09\/6-3-1536x1024.jpg 1536w, https:\/\/www.mojekonferencje.pl\/blog\/wp-content\/uploads\/2024\/09\/6-3-2048x1365.jpg 2048w\" sizes=\"auto\" \/><\/a><\/figure>\n\n\n\n<h2 class=\"wp-block-heading has-text-align-center has-vivid-purple-color has-text-color has-link-color wp-elements-f676f16a399c63a9a86639bbd34a1dc7\"><a href=\"https:\/\/www.mojekonferencje.pl\/olsztyn\/warminski-hotel--conference\"><span style=\"text-decoration: underline;\">Warmi\u0144ski Hotel &amp; Conference<\/span><\/a><\/h2>\n\n\n\n<p>Jest to idealne miejsce na organizacj\u0119 r\u00f3\u017cnorodnych wydarze\u0144 biznesowych i kulturalnych. Blisko\u015b\u0107 do star\u00f3wki oraz instytucji kulturalnych, jak Filharmonia Warmi\u0144sko-Mazurska czy Teatr Lalek, dodaje atrakcyjno\u015bci tego obiektu. Hotel dysponuje 8 przestronnymi, klimatyzowanymi salami konferencyjnymi o \u0142\u0105cznej powierzchni ponad 800 m\u00b2, wyposa\u017conymi w nowoczesny sprz\u0119t audiowizualny. <\/p>\n\n\n\n<p>Sale, z dost\u0119pem do \u015bwiat\u0142a dziennego i mo\u017cliwo\u015bci\u0105 zaciemnienia, s\u0105 idealne zar\u00f3wno na kameralne spotkania, jak i du\u017ce kongresy czy bankiety. <strong>Warmi\u0144ski Hotel &amp; Conference<\/strong> zapewnia szybki Internet, wygodn\u0105 przestrze\u0144 na serwis kawowy oraz mo\u017cliwo\u015b\u0107 bezpo\u015bredniego wprowadzenia du\u017cego sprz\u0119tu. Po wydarzeniach go\u015bcie mog\u0105 relaksowa\u0107 si\u0119 w eleganckiej restauracji z regionalnym menu i bogatym bufetem \u015bniadaniowym. Komfortowe pokoje i profesjonalna obs\u0142uga gwarantuj\u0105 udane wydarzenie i przyjemny pobyt.<\/p>\n\n\n\n<figure class=\"wp-block-image size-full\"><a href=\"https:\/\/www.mojekonferencje.pl\/blog\/wp-content\/uploads\/2024\/09\/7-3.jpg\"><img loading=\"lazy\" decoding=\"async\" width=\"960\" height=\"580\" src=\"https:\/\/www.mojekonferencje.pl\/blog\/wp-content\/uploads\/2024\/09\/7-3.jpg\" alt=\"\" class=\"wp-image-5568 lazyload\" data-srcset=\"https:\/\/www.mojekonferencje.pl\/blog\/wp-content\/uploads\/2024\/09\/7-3.jpg 960w, https:\/\/www.mojekonferencje.pl\/blog\/wp-content\/uploads\/2024\/09\/7-3-300x181.jpg 300w, https:\/\/www.mojekonferencje.pl\/blog\/wp-content\/uploads\/2024\/09\/7-3-768x464.jpg 768w\" sizes=\"auto\" \/><\/a><\/figure>\n\n\n\n<h2 class=\"wp-block-heading has-text-align-center has-vivid-purple-color has-text-color has-link-color wp-elements-6ef5945a8e5ff8f98a242f1b515289a1\"><a href=\"https:\/\/www.mojekonferencje.pl\/olsztyn\/hotel-hp-parkolsztyn\"><span style=\"text-decoration: underline;\">Hotel HP Park Olsztyn<\/span><\/a><\/h2>\n\n\n\n<p>Ten hotel <strong>3-gwiazdkowy na Mazurach<\/strong> to wyj\u0105tkowe miejsce na organizacj\u0119 wydarze\u0144, \u0142\u0105cz\u0105ce komfort, nowoczesno\u015b\u0107 i uroki przyrody. Zlokalizowany na obrze\u017cach Olsztyna, w cichym otoczeniu, zapewnia doskona\u0142e warunki do pracy i relaksu. Jego pi\u0119\u0107 elastycznych sal konferencyjnych, wyposa\u017conych w nowoczesne technologie, w tym projektory multimedialne, system zaciemniania oraz szybki Internet, dostosowuje si\u0119 do ka\u017cdego typu spotka\u0144 \u2013 od kameralnych seminari\u00f3w po du\u017ce konferencje. <\/p>\n\n\n\n<p>Hotel oferuje tak\u017ce malowniczy ogr\u00f3d, idealny na przyj\u0119cia plenerowe oraz eleganck\u0105 restauracj\u0119 z bufetami i live cooking, mog\u0105c\u0105 pomie\u015bci\u0107 do 150 os\u00f3b. Wygodne pokoje, profesjonalna obs\u0142uga i wysoka jako\u015b\u0107 us\u0142ug cateringowych gwarantuj\u0105 udane wydarzenie. <strong>HP Park Olsztyn<\/strong> to perfekcyjny wyb\u00f3r dla ka\u017cdego organizatora poszukuj\u0105cego wyj\u0105tkowej lokalizacji na eventy.<\/p>\n\n\n\n<figure class=\"wp-block-image size-large\"><a href=\"https:\/\/www.mojekonferencje.pl\/blog\/wp-content\/uploads\/2024\/09\/8-3.jpg\"><img loading=\"lazy\" decoding=\"async\" width=\"1024\" height=\"682\" src=\"https:\/\/www.mojekonferencje.pl\/blog\/wp-content\/uploads\/2024\/09\/8-3-1024x682.jpg\" alt=\"\" class=\"wp-image-5569 lazyload\" data-srcset=\"https:\/\/www.mojekonferencje.pl\/blog\/wp-content\/uploads\/2024\/09\/8-3-1024x682.jpg 1024w, https:\/\/www.mojekonferencje.pl\/blog\/wp-content\/uploads\/2024\/09\/8-3-300x200.jpg 300w, https:\/\/www.mojekonferencje.pl\/blog\/wp-content\/uploads\/2024\/09\/8-3-768x512.jpg 768w, https:\/\/www.mojekonferencje.pl\/blog\/wp-content\/uploads\/2024\/09\/8-3.jpg 1351w\" sizes=\"auto\" \/><\/a><\/figure>\n\n\n\n<h2 class=\"wp-block-heading has-text-align-center\"><a href=\"https:\/\/www.mojekonferencje.pl\/brzeziny\/hotel-nad-mroga-\"><mark style=\"background-color:rgba(0, 0, 0, 0)\" class=\"has-inline-color has-vivid-purple-color\"><span style=\"text-decoration: underline;\">Hotel nad Mrog\u0105<\/span><\/mark><\/a><\/h2>\n\n\n\n<p>Trzygwiazdkowy obiekt po\u0142o\u017cony nad malownicz\u0105 rzek\u0105 Mrog\u0105, oferuje <strong>70 miejsc noclegowych <\/strong>w komfortowych pokojach, domkach letniskowych i Pawilonie Pilawa.<\/p>\n\n\n\n<p>Na go\u015bci czekaj\u0105<strong> trzy nowoczesne sale konferencyjne<\/strong>, kameralna sala biznesowa oraz <strong>restauracja Cztery Pory Roku<\/strong>, serwuj\u0105ca dania kuchni regionalnej.<\/p>\n\n\n\n<p>Dodatkowe udogodnienia obejmuj\u0105 saun\u0119, rusk\u0105 bani\u0119, bilard, siatk\u00f3wk\u0119 pla\u017cow\u0105, wypo\u017cyczalni\u0119 rower\u00f3w oraz nordic walking. Hotel wsp\u00f3\u0142pracuje z firmami eventowymi, zapewniaj\u0105c kompleksow\u0105 obs\u0142ug\u0119 spotka\u0144 i imprez. <\/p>\n\n\n\n<p>Hotel nad Mrog\u0105 to idealny wyb\u00f3r na wypoczynek i wydarzenia firmowe w spokojnym otoczeniu natury.<\/p>\n\n\n\n<figure class=\"wp-block-gallery has-nested-images columns-default is-cropped wp-block-gallery-1 is-layout-flex wp-block-gallery-is-layout-flex\">\n<figure class=\"wp-block-image size-full\"><a href=\"https:\/\/www.mojekonferencje.pl\/blog\/wp-content\/uploads\/2024\/08\/16820202801177-hotelnadmroga13-960x580-1.webp\"><img loading=\"lazy\" decoding=\"async\" width=\"960\" height=\"580\" data-id=\"6898\" src=\"https:\/\/www.mojekonferencje.pl\/blog\/wp-content\/uploads\/2024\/08\/16820202801177-hotelnadmroga13-960x580-1.webp\" alt=\"\" class=\"wp-image-6898 lazyload\" data-srcset=\"https:\/\/www.mojekonferencje.pl\/blog\/wp-content\/uploads\/2024\/08\/16820202801177-hotelnadmroga13-960x580-1.webp 960w, https:\/\/www.mojekonferencje.pl\/blog\/wp-content\/uploads\/2024\/08\/16820202801177-hotelnadmroga13-960x580-1-300x181.webp 300w, https:\/\/www.mojekonferencje.pl\/blog\/wp-content\/uploads\/2024\/08\/16820202801177-hotelnadmroga13-960x580-1-768x464.webp 768w\" sizes=\"auto\" \/><\/a><\/figure>\n<\/figure>\n\n\n\n<h2 class=\"wp-block-heading has-text-align-center\"><a href=\"https:\/\/www.mojekonferencje.pl\/brzeziny\/hotel-nad-mroga-\"><mark style=\"background-color:rgba(0, 0, 0, 0)\" class=\"has-inline-color has-vivid-purple-color\"><span style=\"text-decoration: underline;\">Hotel nad Mrog\u0105\u00a0<\/span><\/mark><\/a><\/h2>\n\n\n\n<p>Jest to urokliwy obiekt po\u0142o\u017cony nad rzek\u0105 Mrog\u0105, oferuj\u0105cy <strong>70 komfortowych miejsc noclegowych<\/strong>. Hotel dysponuje trzema nowoczesnymi salami konferencyjnymi, w tym przestronn\u0105 sal\u0105 na 100 os\u00f3b, oraz kameraln\u0105 sal\u0105 biznesow\u0105. Wszystkie sale wyposa\u017cone s\u0105 w nowoczesny sprz\u0119t i szybki internet, co zapewnia profesjonalne warunki do organizacji wydarze\u0144.<\/p>\n\n\n\n<p>Restauracja Cztery Pory Roku serwuje regionalne dania i oferuje miejsce dla 100 os\u00f3b, idealne na spotkania biznesowe i kolacje. Hotel zapewnia r\u00f3wnie\u017c dodatkowe atrakcje, takie jak sauna, Ruska Bania, wypo\u017cyczalnia rower\u00f3w, bilard, siatk\u00f3wka pla\u017cowa oraz nordic walking. Pokoje s\u0105 przestronne i dobrze wyposa\u017cone, a dla wymagaj\u0105cych go\u015bci dost\u0119pny jest ekskluzywny pok\u00f3j LUX oraz domki letniskowe.<\/p>\n\n\n\n<figure class=\"wp-block-image size-full\"><a href=\"https:\/\/www.mojekonferencje.pl\/blog\/wp-content\/uploads\/2024\/08\/16820202801177-hotelnadmroga13-960x580-1-1.webp\"><img loading=\"lazy\" decoding=\"async\" width=\"960\" height=\"580\" src=\"https:\/\/www.mojekonferencje.pl\/blog\/wp-content\/uploads\/2024\/08\/16820202801177-hotelnadmroga13-960x580-1-1.webp\" alt=\"\" class=\"wp-image-6907 lazyload\" data-srcset=\"https:\/\/www.mojekonferencje.pl\/blog\/wp-content\/uploads\/2024\/08\/16820202801177-hotelnadmroga13-960x580-1-1.webp 960w, https:\/\/www.mojekonferencje.pl\/blog\/wp-content\/uploads\/2024\/08\/16820202801177-hotelnadmroga13-960x580-1-1-300x181.webp 300w, https:\/\/www.mojekonferencje.pl\/blog\/wp-content\/uploads\/2024\/08\/16820202801177-hotelnadmroga13-960x580-1-1-768x464.webp 768w\" sizes=\"auto\" \/><\/a><\/figure>\n","protected":false},"excerpt":{"rendered":"<p>Najlepsze 3-gwiazdkowe hotele na Mazurach czekaj\u0105 na Ciebie! Stw\u00f3rz niezapomniane wydarzenie w malowniczym otoczeniu i realizuj nawet najbardziej wymagaj\u0105ce pomys\u0142y. <\/p>\n","protected":false},"author":9,"featured_media":5561,"comment_status":"closed","ping_status":"closed","sticky":false,"template":"","format":"standard","meta":{"_acf_changed":false,"footnotes":""},"categories":[8,175],"tags":[368,367,271,354],"class_list":["post-5560","post","type-post","status-publish","format-standard","has-post-thumbnail","hentry","category-porady","category-wybieranie-miejsca-konferencyjnego","tag-hotel","tag-hotele","tag-hotele-konferencyjne","tag-organizacja-wydarzen"],"acf":[],"yoast_head":"<!-- This site is optimized with the Yoast SEO plugin v27.1.1 - https:\/\/yoast.com\/product\/yoast-seo-wordpress\/ -->\n<title>Najlepsze hotele 3-gwiazdkowe na Mazurach, zorganizuj event nad jeziorem! - blog | MojeKonferencje.pl<\/title>\n<meta name=\"description\" content=\"Najlepsze hotele 3-gwiazdkowe na Mazurach, zorganizuj event nad jeziorem! - blog | MojeKonferencje.pl\" \/>\n<meta name=\"robots\" content=\"index, follow, max-snippet:-1, max-image-preview:large, max-video-preview:-1\" \/>\n<link rel=\"canonical\" href=\"https:\/\/www.mojekonferencje.pl\/blog\/najlepsze-hotele-3-gwiazdkowe-na-mazurach-zorganizuj-event-nad-jeziorem\/\" \/>\n<meta property=\"og:locale\" content=\"pl_PL\" \/>\n<meta property=\"og:type\" content=\"article\" \/>\n<meta property=\"og:title\" content=\"Najlepsze hotele 3-gwiazdkowe na Mazurach, zorganizuj event nad jeziorem! - blog | MojeKonferencje.pl\" \/>\n<meta property=\"og:description\" content=\"Najlepsze hotele 3-gwiazdkowe na Mazurach, zorganizuj event nad jeziorem! - blog | MojeKonferencje.pl\" \/>\n<meta property=\"og:url\" content=\"https:\/\/www.mojekonferencje.pl\/blog\/najlepsze-hotele-3-gwiazdkowe-na-mazurach-zorganizuj-event-nad-jeziorem\/\" \/>\n<meta property=\"og:site_name\" content=\"MojeKonferencje.pl\" \/>\n<meta property=\"article:published_time\" content=\"2024-08-29T15:55:00+00:00\" \/>\n<meta property=\"article:modified_time\" content=\"2025-05-07T16:00:31+00:00\" \/>\n<meta property=\"og:image\" content=\"https:\/\/www.mojekonferencje.pl\/blog\/wp-content\/uploads\/2024\/09\/Fotoram.io-2024-09-02T205335.138.jpg\" \/>\n\t<meta property=\"og:image:width\" content=\"1200\" \/>\n\t<meta property=\"og:image:height\" content=\"720\" \/>\n\t<meta property=\"og:image:type\" content=\"image\/jpeg\" \/>\n<meta name=\"author\" content=\"Olga Stawicka-Iwanowska\" \/>\n<meta name=\"twitter:card\" content=\"summary_large_image\" \/>\n<meta name=\"twitter:label1\" content=\"Napisane przez\" \/>\n\t<meta name=\"twitter:data1\" content=\"Olga Stawicka-Iwanowska\" \/>\n\t<meta name=\"twitter:label2\" content=\"Szacowany czas czytania\" \/>\n\t<meta name=\"twitter:data2\" content=\"11 minut\" \/>\n<script type=\"application\/ld+json\" class=\"yoast-schema-graph\">{\"@context\":\"https:\/\/schema.org\",\"@graph\":[{\"@type\":\"Article\",\"@id\":\"https:\/\/www.mojekonferencje.pl\/blog\/najlepsze-hotele-3-gwiazdkowe-na-mazurach-zorganizuj-event-nad-jeziorem\/#article\",\"isPartOf\":{\"@id\":\"https:\/\/www.mojekonferencje.pl\/blog\/najlepsze-hotele-3-gwiazdkowe-na-mazurach-zorganizuj-event-nad-jeziorem\/\"},\"author\":{\"name\":\"Olga Stawicka-Iwanowska\",\"@id\":\"https:\/\/www.mojekonferencje.pl\/blog\/#\/schema\/person\/d6751ca3c60de9ec17ee21b744bbb2d4\"},\"headline\":\"Najlepsze hotele 3-gwiazdkowe na Mazurach, zorganizuj event nad jeziorem!\",\"datePublished\":\"2024-08-29T15:55:00+00:00\",\"dateModified\":\"2025-05-07T16:00:31+00:00\",\"mainEntityOfPage\":{\"@id\":\"https:\/\/www.mojekonferencje.pl\/blog\/najlepsze-hotele-3-gwiazdkowe-na-mazurach-zorganizuj-event-nad-jeziorem\/\"},\"wordCount\":1645,\"image\":{\"@id\":\"https:\/\/www.mojekonferencje.pl\/blog\/najlepsze-hotele-3-gwiazdkowe-na-mazurach-zorganizuj-event-nad-jeziorem\/#primaryimage\"},\"thumbnailUrl\":\"https:\/\/www.mojekonferencje.pl\/blog\/wp-content\/uploads\/2024\/09\/Fotoram.io-2024-09-02T205335.138.jpg\",\"keywords\":[\"hotel\",\"hotele\",\"hotele konferencyjne\",\"organizacja wydarze\u0144\"],\"articleSection\":[\"Porady\",\"Wybieranie miejsca konferencyjnego\"],\"inLanguage\":\"pl-PL\"},{\"@type\":\"WebPage\",\"@id\":\"https:\/\/www.mojekonferencje.pl\/blog\/najlepsze-hotele-3-gwiazdkowe-na-mazurach-zorganizuj-event-nad-jeziorem\/\",\"url\":\"https:\/\/www.mojekonferencje.pl\/blog\/najlepsze-hotele-3-gwiazdkowe-na-mazurach-zorganizuj-event-nad-jeziorem\/\",\"name\":\"Najlepsze hotele 3-gwiazdkowe na Mazurach, zorganizuj event nad jeziorem! - blog | MojeKonferencje.pl\",\"isPartOf\":{\"@id\":\"https:\/\/www.mojekonferencje.pl\/blog\/#website\"},\"primaryImageOfPage\":{\"@id\":\"https:\/\/www.mojekonferencje.pl\/blog\/najlepsze-hotele-3-gwiazdkowe-na-mazurach-zorganizuj-event-nad-jeziorem\/#primaryimage\"},\"image\":{\"@id\":\"https:\/\/www.mojekonferencje.pl\/blog\/najlepsze-hotele-3-gwiazdkowe-na-mazurach-zorganizuj-event-nad-jeziorem\/#primaryimage\"},\"thumbnailUrl\":\"https:\/\/www.mojekonferencje.pl\/blog\/wp-content\/uploads\/2024\/09\/Fotoram.io-2024-09-02T205335.138.jpg\",\"datePublished\":\"2024-08-29T15:55:00+00:00\",\"dateModified\":\"2025-05-07T16:00:31+00:00\",\"author\":{\"@id\":\"https:\/\/www.mojekonferencje.pl\/blog\/#\/schema\/person\/d6751ca3c60de9ec17ee21b744bbb2d4\"},\"description\":\"Najlepsze hotele 3-gwiazdkowe na Mazurach, zorganizuj event nad jeziorem! - blog | MojeKonferencje.pl\",\"breadcrumb\":{\"@id\":\"https:\/\/www.mojekonferencje.pl\/blog\/najlepsze-hotele-3-gwiazdkowe-na-mazurach-zorganizuj-event-nad-jeziorem\/#breadcrumb\"},\"inLanguage\":\"pl-PL\",\"potentialAction\":[{\"@type\":\"ReadAction\",\"target\":[\"https:\/\/www.mojekonferencje.pl\/blog\/najlepsze-hotele-3-gwiazdkowe-na-mazurach-zorganizuj-event-nad-jeziorem\/\"]}]},{\"@type\":\"ImageObject\",\"inLanguage\":\"pl-PL\",\"@id\":\"https:\/\/www.mojekonferencje.pl\/blog\/najlepsze-hotele-3-gwiazdkowe-na-mazurach-zorganizuj-event-nad-jeziorem\/#primaryimage\",\"url\":\"https:\/\/www.mojekonferencje.pl\/blog\/wp-content\/uploads\/2024\/09\/Fotoram.io-2024-09-02T205335.138.jpg\",\"contentUrl\":\"https:\/\/www.mojekonferencje.pl\/blog\/wp-content\/uploads\/2024\/09\/Fotoram.io-2024-09-02T205335.138.jpg\",\"width\":1200,\"height\":720,\"caption\":\"hotele 3-gwiazdkowe na Mazurach\"},{\"@type\":\"BreadcrumbList\",\"@id\":\"https:\/\/www.mojekonferencje.pl\/blog\/najlepsze-hotele-3-gwiazdkowe-na-mazurach-zorganizuj-event-nad-jeziorem\/#breadcrumb\",\"itemListElement\":[{\"@type\":\"ListItem\",\"position\":1,\"name\":\"Strona g\u0142\u00f3wna\",\"item\":\"https:\/\/www.mojekonferencje.pl\/blog\/\"},{\"@type\":\"ListItem\",\"position\":2,\"name\":\"Najlepsze hotele 3-gwiazdkowe na Mazurach, zorganizuj event nad jeziorem!\"}]},{\"@type\":\"WebSite\",\"@id\":\"https:\/\/www.mojekonferencje.pl\/blog\/#website\",\"url\":\"https:\/\/www.mojekonferencje.pl\/blog\/\",\"name\":\"MojeKonferencje.pl\",\"description\":\"Blog bran\u017cy szkoleniowo-konferencyjnej. W\u0142\u0105cz si\u0119 do dyskusji o obiektach konferencyjnych i nowo\u015bciach z bran\u017cy! Poznaj porady odno\u015bnie organizacji konferencji, szkole\u0144 i event\u00f3w firmowych! Zach\u0119camy do wyra\u017cania opinii oraz komentarzy.\",\"potentialAction\":[{\"@type\":\"SearchAction\",\"target\":{\"@type\":\"EntryPoint\",\"urlTemplate\":\"https:\/\/www.mojekonferencje.pl\/blog\/?s={search_term_string}\"},\"query-input\":{\"@type\":\"PropertyValueSpecification\",\"valueRequired\":true,\"valueName\":\"search_term_string\"}}],\"inLanguage\":\"pl-PL\"},{\"@type\":\"Person\",\"@id\":\"https:\/\/www.mojekonferencje.pl\/blog\/#\/schema\/person\/d6751ca3c60de9ec17ee21b744bbb2d4\",\"name\":\"Olga Stawicka-Iwanowska\",\"description\":\"Head of Marketing z ponad sze\u015bcioletnim do\u015bwiadczeniem w bran\u017cy MICE. Na co dzie\u0144 zajmuje si\u0119 content marketingiem i promocj\u0105 obiekt\u00f3w eventowych, tak aby organizatorzy kongres\u00f3w, targ\u00f3w i konferencji wiedzieli, \u017ce w\u0142a\u015bnie tam warto zrealizowa\u0107 swoje wydarzenie. Prowadzi media spo\u0142eczno\u015bciowe, tworzy strategie komunikacji, pisze artyku\u0142y i dba o sp\u00f3jny wizerunek marki w ka\u017cdym kanale. W swojej pracy \u0142\u0105czy analityczne my\u015blenie z kreatywno\u015bci\u0105 i dobrym copy. Wsp\u00f3\u0142pracuje zar\u00f3wno z organizatorami najwi\u0119kszych wydarze\u0144 w Polsce, jak i z regionalnymi partnerami z bran\u017cy. Po godzinach mi\u0142o\u015bniczka podr\u00f3\u017cy po Europie, dobrej kuchni i klimatycznych miejsc, w kt\u00f3rych mo\u017cna z\u0142apa\u0107 oddech.\",\"sameAs\":[\"http:\/\/MojeKonferencje.pl\",\"https:\/\/www.linkedin.com\/in\/olgastawicka\/\"],\"url\":\"https:\/\/www.mojekonferencje.pl\/blog\/author\/osawicka\/\"}]}<\/script>\n<!-- \/ Yoast SEO plugin. -->","yoast_head_json":{"title":"Najlepsze hotele 3-gwiazdkowe na Mazurach, zorganizuj event nad jeziorem! - blog | MojeKonferencje.pl","description":"Najlepsze hotele 3-gwiazdkowe na Mazurach, zorganizuj event nad jeziorem! - blog | MojeKonferencje.pl","robots":{"index":"index","follow":"follow","max-snippet":"max-snippet:-1","max-image-preview":"max-image-preview:large","max-video-preview":"max-video-preview:-1"},"canonical":"https:\/\/www.mojekonferencje.pl\/blog\/najlepsze-hotele-3-gwiazdkowe-na-mazurach-zorganizuj-event-nad-jeziorem\/","og_locale":"pl_PL","og_type":"article","og_title":"Najlepsze hotele 3-gwiazdkowe na Mazurach, zorganizuj event nad jeziorem! - blog | MojeKonferencje.pl","og_description":"Najlepsze hotele 3-gwiazdkowe na Mazurach, zorganizuj event nad jeziorem! - blog | MojeKonferencje.pl","og_url":"https:\/\/www.mojekonferencje.pl\/blog\/najlepsze-hotele-3-gwiazdkowe-na-mazurach-zorganizuj-event-nad-jeziorem\/","og_site_name":"MojeKonferencje.pl","article_published_time":"2024-08-29T15:55:00+00:00","article_modified_time":"2025-05-07T16:00:31+00:00","og_image":[{"width":1200,"height":720,"url":"https:\/\/www.mojekonferencje.pl\/blog\/wp-content\/uploads\/2024\/09\/Fotoram.io-2024-09-02T205335.138.jpg","type":"image\/jpeg"}],"author":"Olga Stawicka-Iwanowska","twitter_card":"summary_large_image","twitter_misc":{"Napisane przez":"Olga Stawicka-Iwanowska","Szacowany czas czytania":"11 minut"},"schema":{"@context":"https:\/\/schema.org","@graph":[{"@type":"Article","@id":"https:\/\/www.mojekonferencje.pl\/blog\/najlepsze-hotele-3-gwiazdkowe-na-mazurach-zorganizuj-event-nad-jeziorem\/#article","isPartOf":{"@id":"https:\/\/www.mojekonferencje.pl\/blog\/najlepsze-hotele-3-gwiazdkowe-na-mazurach-zorganizuj-event-nad-jeziorem\/"},"author":{"name":"Olga Stawicka-Iwanowska","@id":"https:\/\/www.mojekonferencje.pl\/blog\/#\/schema\/person\/d6751ca3c60de9ec17ee21b744bbb2d4"},"headline":"Najlepsze hotele 3-gwiazdkowe na Mazurach, zorganizuj event nad jeziorem!","datePublished":"2024-08-29T15:55:00+00:00","dateModified":"2025-05-07T16:00:31+00:00","mainEntityOfPage":{"@id":"https:\/\/www.mojekonferencje.pl\/blog\/najlepsze-hotele-3-gwiazdkowe-na-mazurach-zorganizuj-event-nad-jeziorem\/"},"wordCount":1645,"image":{"@id":"https:\/\/www.mojekonferencje.pl\/blog\/najlepsze-hotele-3-gwiazdkowe-na-mazurach-zorganizuj-event-nad-jeziorem\/#primaryimage"},"thumbnailUrl":"https:\/\/www.mojekonferencje.pl\/blog\/wp-content\/uploads\/2024\/09\/Fotoram.io-2024-09-02T205335.138.jpg","keywords":["hotel","hotele","hotele konferencyjne","organizacja wydarze\u0144"],"articleSection":["Porady","Wybieranie miejsca konferencyjnego"],"inLanguage":"pl-PL"},{"@type":"WebPage","@id":"https:\/\/www.mojekonferencje.pl\/blog\/najlepsze-hotele-3-gwiazdkowe-na-mazurach-zorganizuj-event-nad-jeziorem\/","url":"https:\/\/www.mojekonferencje.pl\/blog\/najlepsze-hotele-3-gwiazdkowe-na-mazurach-zorganizuj-event-nad-jeziorem\/","name":"Najlepsze hotele 3-gwiazdkowe na Mazurach, zorganizuj event nad jeziorem! - blog | MojeKonferencje.pl","isPartOf":{"@id":"https:\/\/www.mojekonferencje.pl\/blog\/#website"},"primaryImageOfPage":{"@id":"https:\/\/www.mojekonferencje.pl\/blog\/najlepsze-hotele-3-gwiazdkowe-na-mazurach-zorganizuj-event-nad-jeziorem\/#primaryimage"},"image":{"@id":"https:\/\/www.mojekonferencje.pl\/blog\/najlepsze-hotele-3-gwiazdkowe-na-mazurach-zorganizuj-event-nad-jeziorem\/#primaryimage"},"thumbnailUrl":"https:\/\/www.mojekonferencje.pl\/blog\/wp-content\/uploads\/2024\/09\/Fotoram.io-2024-09-02T205335.138.jpg","datePublished":"2024-08-29T15:55:00+00:00","dateModified":"2025-05-07T16:00:31+00:00","author":{"@id":"https:\/\/www.mojekonferencje.pl\/blog\/#\/schema\/person\/d6751ca3c60de9ec17ee21b744bbb2d4"},"description":"Najlepsze hotele 3-gwiazdkowe na Mazurach, zorganizuj event nad jeziorem! - blog | MojeKonferencje.pl","breadcrumb":{"@id":"https:\/\/www.mojekonferencje.pl\/blog\/najlepsze-hotele-3-gwiazdkowe-na-mazurach-zorganizuj-event-nad-jeziorem\/#breadcrumb"},"inLanguage":"pl-PL","potentialAction":[{"@type":"ReadAction","target":["https:\/\/www.mojekonferencje.pl\/blog\/najlepsze-hotele-3-gwiazdkowe-na-mazurach-zorganizuj-event-nad-jeziorem\/"]}]},{"@type":"ImageObject","inLanguage":"pl-PL","@id":"https:\/\/www.mojekonferencje.pl\/blog\/najlepsze-hotele-3-gwiazdkowe-na-mazurach-zorganizuj-event-nad-jeziorem\/#primaryimage","url":"https:\/\/www.mojekonferencje.pl\/blog\/wp-content\/uploads\/2024\/09\/Fotoram.io-2024-09-02T205335.138.jpg","contentUrl":"https:\/\/www.mojekonferencje.pl\/blog\/wp-content\/uploads\/2024\/09\/Fotoram.io-2024-09-02T205335.138.jpg","width":1200,"height":720,"caption":"hotele 3-gwiazdkowe na Mazurach"},{"@type":"BreadcrumbList","@id":"https:\/\/www.mojekonferencje.pl\/blog\/najlepsze-hotele-3-gwiazdkowe-na-mazurach-zorganizuj-event-nad-jeziorem\/#breadcrumb","itemListElement":[{"@type":"ListItem","position":1,"name":"Strona g\u0142\u00f3wna","item":"https:\/\/www.mojekonferencje.pl\/blog\/"},{"@type":"ListItem","position":2,"name":"Najlepsze hotele 3-gwiazdkowe na Mazurach, zorganizuj event nad jeziorem!"}]},{"@type":"WebSite","@id":"https:\/\/www.mojekonferencje.pl\/blog\/#website","url":"https:\/\/www.mojekonferencje.pl\/blog\/","name":"MojeKonferencje.pl","description":"Blog bran\u017cy szkoleniowo-konferencyjnej. W\u0142\u0105cz si\u0119 do dyskusji o obiektach konferencyjnych i nowo\u015bciach z bran\u017cy! Poznaj porady odno\u015bnie organizacji konferencji, szkole\u0144 i event\u00f3w firmowych! Zach\u0119camy do wyra\u017cania opinii oraz komentarzy.","potentialAction":[{"@type":"SearchAction","target":{"@type":"EntryPoint","urlTemplate":"https:\/\/www.mojekonferencje.pl\/blog\/?s={search_term_string}"},"query-input":{"@type":"PropertyValueSpecification","valueRequired":true,"valueName":"search_term_string"}}],"inLanguage":"pl-PL"},{"@type":"Person","@id":"https:\/\/www.mojekonferencje.pl\/blog\/#\/schema\/person\/d6751ca3c60de9ec17ee21b744bbb2d4","name":"Olga Stawicka-Iwanowska","description":"Head of Marketing z ponad sze\u015bcioletnim do\u015bwiadczeniem w bran\u017cy MICE. Na co dzie\u0144 zajmuje si\u0119 content marketingiem i promocj\u0105 obiekt\u00f3w eventowych, tak aby organizatorzy kongres\u00f3w, targ\u00f3w i konferencji wiedzieli, \u017ce w\u0142a\u015bnie tam warto zrealizowa\u0107 swoje wydarzenie. Prowadzi media spo\u0142eczno\u015bciowe, tworzy strategie komunikacji, pisze artyku\u0142y i dba o sp\u00f3jny wizerunek marki w ka\u017cdym kanale. W swojej pracy \u0142\u0105czy analityczne my\u015blenie z kreatywno\u015bci\u0105 i dobrym copy. Wsp\u00f3\u0142pracuje zar\u00f3wno z organizatorami najwi\u0119kszych wydarze\u0144 w Polsce, jak i z regionalnymi partnerami z bran\u017cy. Po godzinach mi\u0142o\u015bniczka podr\u00f3\u017cy po Europie, dobrej kuchni i klimatycznych miejsc, w kt\u00f3rych mo\u017cna z\u0142apa\u0107 oddech.","sameAs":["http:\/\/MojeKonferencje.pl","https:\/\/www.linkedin.com\/in\/olgastawicka\/"],"url":"https:\/\/www.mojekonferencje.pl\/blog\/author\/osawicka\/"}]}},"_links":{"self":[{"href":"https:\/\/www.mojekonferencje.pl\/blog\/wp-json\/wp\/v2\/posts\/5560","targetHints":{"allow":["GET"]}}],"collection":[{"href":"https:\/\/www.mojekonferencje.pl\/blog\/wp-json\/wp\/v2\/posts"}],"about":[{"href":"https:\/\/www.mojekonferencje.pl\/blog\/wp-json\/wp\/v2\/types\/post"}],"author":[{"embeddable":true,"href":"https:\/\/www.mojekonferencje.pl\/blog\/wp-json\/wp\/v2\/users\/9"}],"replies":[{"embeddable":true,"href":"https:\/\/www.mojekonferencje.pl\/blog\/wp-json\/wp\/v2\/comments?post=5560"}],"version-history":[{"count":3,"href":"https:\/\/www.mojekonferencje.pl\/blog\/wp-json\/wp\/v2\/posts\/5560\/revisions"}],"predecessor-version":[{"id":6908,"href":"https:\/\/www.mojekonferencje.pl\/blog\/wp-json\/wp\/v2\/posts\/5560\/revisions\/6908"}],"wp:featuredmedia":[{"embeddable":true,"href":"https:\/\/www.mojekonferencje.pl\/blog\/wp-json\/wp\/v2\/media\/5561"}],"wp:attachment":[{"href":"https:\/\/www.mojekonferencje.pl\/blog\/wp-json\/wp\/v2\/media?parent=5560"}],"wp:term":[{"taxonomy":"category","embeddable":true,"href":"https:\/\/www.mojekonferencje.pl\/blog\/wp-json\/wp\/v2\/categories?post=5560"},{"taxonomy":"post_tag","embeddable":true,"href":"https:\/\/www.mojekonferencje.pl\/blog\/wp-json\/wp\/v2\/tags?post=5560"}],"curies":[{"name":"wp","href":"https:\/\/api.w.org\/{rel}","templated":true}]}}