{"id":5614,"date":"2024-09-20T19:28:03","date_gmt":"2024-09-20T17:28:03","guid":{"rendered":"https:\/\/www.mojekonferencje.pl\/blog\/?p=5614"},"modified":"2024-09-28T19:46:11","modified_gmt":"2024-09-28T17:46:11","slug":"najlepsze-hotele-4-gwiazdkowe-w-gorach-tam-gdzie-komfort-laczy-sie-z-malowniczymi-widokami","status":"publish","type":"post","link":"https:\/\/www.mojekonferencje.pl\/blog\/najlepsze-hotele-4-gwiazdkowe-w-gorach-tam-gdzie-komfort-laczy-sie-z-malowniczymi-widokami\/","title":{"rendered":"Najlepsze hotele 4-gwiazdkowe w g\u00f3rach &#8211; tam, gdzie komfort \u0142\u0105czy si\u0119 z malowniczymi widokami!"},"content":{"rendered":"\n<p><strong>Organizacja konferencji, szkole\u0144 czy spotka\u0144 biznesowych w hotelach 4-gwiazdkowych po\u0142o\u017conych w g\u00f3rach to doskona\u0142y spos\u00f3b na po\u0142\u0105czenie pracy z relaksem w wyj\u0105tkowej scenerii. Wyb\u00f3r g\u00f3rskiego hotelu gwarantuje nie tylko wysoki standard obs\u0142ugi i komfortowe warunki, ale r\u00f3wnie\u017c niesamowite otoczenie, kt\u00f3re sprzyja kreatywno\u015bci i budowaniu relacji. <\/strong><\/p>\n\n\n\n<p>Obcowanie z natur\u0105, \u015bwie\u017ce powietrze i zapieraj\u0105ce dech w piersiach krajobrazy tworz\u0105 idealn\u0105 atmosfer\u0119, sprzyjaj\u0105c\u0105 koncentracji i inspiracji. Dodatkowo liczne udogodnienia, takie jak strefy SPA, wykwintne restauracje oraz przestrzenie do rekreacji, pozwalaj\u0105 uczestnikom na odpr\u0119\u017cenie po intensywnym dniu pe\u0142nym pracy.<\/p>\n\n\n\n<p>W niniejszym przegl\u0105dzie przybli\u017cymy <strong>najlepsze 4-gwiazdkowe<a href=\"https:\/\/www.mojekonferencje.pl\/obiekty-konferencyjne-w-gorach\"> hotele w g\u00f3rach<\/a><\/strong>, kt\u00f3re wyr\u00f3\u017cniaj\u0105 si\u0119 nie tylko doskona\u0142\u0105 lokalizacj\u0105, ale tak\u017ce bogat\u0105 ofert\u0105 dla organizator\u00f3w event\u00f3w. Zosta\u0144 z nami i poznaj obiekty, takie jak: <\/p>\n\n\n\n<figure class=\"wp-block-table\"><table class=\"has-fixed-layout\"><tbody><tr><td><a href=\"https:\/\/www.mojekonferencje.pl\/krynica-zdroj\/hotel-czarny-potok-resort--spa\">Hotel Czarny Potok Resort SPA &amp; Conference<\/a><\/td><td><a href=\"https:\/\/www.mojekonferencje.pl\/podzamcze\/poziom-511-jura-wellness-hotel-spa\">Poziom 511 Jura Wellness Hotel &amp; Spa<\/a><\/td><\/tr><tr><td><a href=\"https:\/\/www.mojekonferencje.pl\/szczyrk\/mercure-szczyrk\">Mercure Hotel Szczyrk Resort<\/a><\/td><td><a href=\"https:\/\/www.mojekonferencje.pl\/szczyrk\/hotel-meta\">Hotel META<\/a><\/td><\/tr><tr><td><a href=\"https:\/\/www.mojekonferencje.pl\/szczyrk\/hotel-klimczok\">Hotel Klimczok<\/a><\/td><td><a href=\"https:\/\/www.mojekonferencje.pl\/skomielna-czarna\/hotel-olivia-medical-spa\">Hotel Olivia Medical Spa<\/a><\/td><\/tr><tr><td><a href=\"https:\/\/www.mojekonferencje.pl\/bialka-tatrzanska\/thermal--ski-hotel-bania\">Hotel Bania Thermal &amp; Ski<\/a><\/td><td><a href=\"https:\/\/www.mojekonferencje.pl\/korczyna\/dwor-kombornia-hotel--spa\">Dw\u00f3r Kombornia Hotel &amp; SPA<\/a><\/td><\/tr><tr><td><a href=\"https:\/\/www.mojekonferencje.pl\/wisla\/hotel-stok-ski-spa\">Hotel Stok Ski &amp; Spa<\/a><\/td><td><a href=\"https:\/\/www.mojekonferencje.pl\/szklarska-poreba\/blue-mountain-resort\">Blue Mountain Resort<\/a><\/td><\/tr><\/tbody><\/table><\/figure>\n\n\n\n<h2 class=\"wp-block-heading has-text-align-center has-vivid-purple-color has-text-color has-link-color wp-elements-19531b96d1f8e1dec895bff4c46e84bc\"><a href=\"https:\/\/www.mojekonferencje.pl\/krynica-zdroj\/hotel-czarny-potok-resort--spa\"><span style=\"text-decoration: underline;\">Hotel Czarny Potok Resort SPA &amp; Conference<\/span><\/a><\/h2>\n\n\n\n<p>Ten <strong>4-gwiazdkowy hotel w Krynicy-Zdroju<\/strong> to idealne miejsce na organizacj\u0119 wyj\u0105tkowych event\u00f3w biznesowych i integracyjnych. Po\u0142o\u017cony u podn\u00f3\u017ca Jaworzyny Krynickiej, oferuje malownicze widoki, sprzyjaj\u0105ce inspiracji i tw\u00f3rczej atmosferze. Dzi\u0119ki 238 nowocze\u015bnie urz\u0105dzonym pokojom oraz doskona\u0142ym udogodnieniom konferencyjnym <strong>Czarny Potok <\/strong>spe\u0142nia oczekiwania nawet najbardziej wymagaj\u0105cych organizator\u00f3w. <\/p>\n\n\n\n<p>Poza funkcjonalnymi przestrzeniami konferencyjnymi, hotel zapewnia go\u015bciom szeroki wachlarz atrakcji \u2013 od strefy SPA z basenem i saunami, po liczne aktywno\u015bci na \u015bwie\u017cym powietrzu, takie jak paintball, quady czy park linowy. Dzi\u0119ki temu uczestnicy mog\u0105 po\u0142\u0105czy\u0107 intensywn\u0105 prac\u0119 z relaksem i integracj\u0105. Profesjonalny zesp\u00f3\u0142 hotelu dba o ka\u017cdy detal organizacji wydarze\u0144, co gwarantuje pe\u0142en sukces ka\u017cdego eventu. To wyj\u0105tkowe miejsce, kt\u00f3re harmonijnie \u0142\u0105czy biznes z przyjemno\u015bci\u0105 w sercu g\u00f3rskiego uzdrowiska.<\/p>\n\n\n\n<figure class=\"wp-block-image size-full\"><a href=\"https:\/\/www.mojekonferencje.pl\/blog\/wp-content\/uploads\/2024\/09\/1-6.jpg\"><img loading=\"lazy\" decoding=\"async\" width=\"960\" height=\"580\" src=\"https:\/\/www.mojekonferencje.pl\/blog\/wp-content\/uploads\/2024\/09\/1-6.jpg\" alt=\"\" class=\"wp-image-5616 lazyload\" data-srcset=\"https:\/\/www.mojekonferencje.pl\/blog\/wp-content\/uploads\/2024\/09\/1-6.jpg 960w, https:\/\/www.mojekonferencje.pl\/blog\/wp-content\/uploads\/2024\/09\/1-6-300x181.jpg 300w, https:\/\/www.mojekonferencje.pl\/blog\/wp-content\/uploads\/2024\/09\/1-6-768x464.jpg 768w\" sizes=\"auto\" \/><\/a><\/figure>\n\n\n\n<h2 class=\"wp-block-heading has-text-align-center has-vivid-purple-color has-text-color has-link-color wp-elements-cf36655c1da2a19859df4c76c5fe225d\"><a href=\"https:\/\/www.mojekonferencje.pl\/szczyrk\/mercure-szczyrk\"><span style=\"text-decoration: underline;\">Mercure Hotel Szczyrk Resort<\/span><\/a><\/h2>\n\n\n\n<p>Jest to doskona\u0142e miejsce na organizacj\u0119 niezapomnianych event\u00f3w w malowniczym otoczeniu Beskidu \u015al\u0105skiego. Po\u0142o\u017cony na wysoko\u015bci 660 m n.p.m., hotel oferuje imponuj\u0105c\u0105 przestrze\u0144 konferencyjn\u0105, w tym a\u017c 12 sal, z najwi\u0119ksz\u0105 mog\u0105c\u0105 pomie\u015bci\u0107 1200 os\u00f3b \u2013 idealn\u0105 na kongresy, premiery produktowe i du\u017ce spotkania biznesowe. <\/p>\n\n\n\n<p>Nowoczesny design obiektu, harmonijnie wkomponowany w g\u00f3rski krajobraz, zapewnia nie tylko komfort pracy, ale i wyj\u0105tkowe widoki na okoliczne szczyty, w tym na Skrzyczne. Obiekt wyr\u00f3\u017cnia si\u0119 tak\u017ce szerok\u0105 ofert\u0105 rekreacyjn\u0105 \u2013 na go\u015bci czeka rozleg\u0142y kompleks basen\u00f3w, luksusowe SPA, a tak\u017ce strefa team-buildingowa na \u015bwie\u017cym powietrzu. <strong>Mercure Szczyrk Resort<\/strong> to miejsce, gdzie spotkania biznesowe mog\u0105 by\u0107 po\u0142\u0105czone z aktywnym wypoczynkiem, co sprzyja integracji i efektywno\u015bci zespo\u0142\u00f3w.<\/p>\n\n\n\n<figure class=\"wp-block-image size-large\"><a href=\"https:\/\/www.mojekonferencje.pl\/blog\/wp-content\/uploads\/2024\/09\/2_Easy-Resize.com-3.jpg\"><img loading=\"lazy\" decoding=\"async\" width=\"1024\" height=\"576\" src=\"https:\/\/www.mojekonferencje.pl\/blog\/wp-content\/uploads\/2024\/09\/2_Easy-Resize.com-3-1024x576.jpg\" alt=\"\" class=\"wp-image-5617 lazyload\" data-srcset=\"https:\/\/www.mojekonferencje.pl\/blog\/wp-content\/uploads\/2024\/09\/2_Easy-Resize.com-3-1024x576.jpg 1024w, https:\/\/www.mojekonferencje.pl\/blog\/wp-content\/uploads\/2024\/09\/2_Easy-Resize.com-3-300x169.jpg 300w, https:\/\/www.mojekonferencje.pl\/blog\/wp-content\/uploads\/2024\/09\/2_Easy-Resize.com-3-768x432.jpg 768w, https:\/\/www.mojekonferencje.pl\/blog\/wp-content\/uploads\/2024\/09\/2_Easy-Resize.com-3-640x360.jpg 640w, https:\/\/www.mojekonferencje.pl\/blog\/wp-content\/uploads\/2024\/09\/2_Easy-Resize.com-3-320x180.jpg 320w, https:\/\/www.mojekonferencje.pl\/blog\/wp-content\/uploads\/2024\/09\/2_Easy-Resize.com-3-480x270.jpg 480w, https:\/\/www.mojekonferencje.pl\/blog\/wp-content\/uploads\/2024\/09\/2_Easy-Resize.com-3-960x540.jpg 960w, https:\/\/www.mojekonferencje.pl\/blog\/wp-content\/uploads\/2024\/09\/2_Easy-Resize.com-3.jpg 1280w\" sizes=\"auto\" \/><\/a><\/figure>\n\n\n\n<h2 class=\"wp-block-heading has-text-align-center has-vivid-purple-color has-text-color has-link-color wp-elements-82cad6e118294ee5181b45ab79e8a8bb\"><a href=\"https:\/\/www.mojekonferencje.pl\/szczyrk\/hotel-klimczok\"><span style=\"text-decoration: underline;\">Hotel Klimczok<\/span><\/a><\/h2>\n\n\n\n<p>\u00d3w <strong>4-gwiazdkowy hotel w Szczyrku<\/strong> to doskona\u0142e miejsce na organizacj\u0119 event\u00f3w biznesowych, gwarantuj\u0105ce komfort, profesjonaln\u0105 obs\u0142ug\u0119 i niezapomniane widoki na Beskid \u015al\u0105ski. Obiekt oferuje 9 w pe\u0142ni wyposa\u017conych sal konferencyjnych, kt\u00f3re z \u0142atwo\u015bci\u0105 mo\u017cna dostosowa\u0107 do potrzeb szkole\u0144, warsztat\u00f3w, seminari\u00f3w czy du\u017cych konferencji. Najwi\u0119ksza sala bankietowa, o powierzchni 500 m\u00b2, pomie\u015bci nawet 400 uczestnik\u00f3w, zapewniaj\u0105c idealne warunki do prowadzenia spotka\u0144. <\/p>\n\n\n\n<p>Hotel zapewnia r\u00f3wnie\u017c zakwaterowanie dla 300 go\u015bci w eleganckich pokojach i apartamentach z prywatnymi balkonami, z kt\u00f3rych roztacza si\u0119 malowniczy widok na g\u00f3ry. Na szczeg\u00f3ln\u0105 uwag\u0119 zas\u0142uguje wykwintna kuchnia, oferuj\u0105ca dania mi\u0119sne, wegetaria\u0144skie oraz lokalne przysmaki. Go\u015bcie mog\u0105 skorzysta\u0107 z kompleksu basenowego, SPA oraz licznych atrakcji rekreacyjnych, takich jak si\u0142ownia, jacuzzi czy boiska sportowe, co pozwala po\u0142\u0105czy\u0107 prac\u0119 z relaksem. <strong>Hotel Klimczok<\/strong> to idealne miejsce na wyj\u0105tkowe wydarzenia biznesowe w sercu g\u00f3r.<\/p>\n\n\n\n<figure class=\"wp-block-image size-large\"><a href=\"https:\/\/www.mojekonferencje.pl\/blog\/wp-content\/uploads\/2024\/09\/3-6.jpg\"><img loading=\"lazy\" decoding=\"async\" width=\"1024\" height=\"683\" src=\"https:\/\/www.mojekonferencje.pl\/blog\/wp-content\/uploads\/2024\/09\/3-6-1024x683.jpg\" alt=\"\" class=\"wp-image-5618 lazyload\" data-srcset=\"https:\/\/www.mojekonferencje.pl\/blog\/wp-content\/uploads\/2024\/09\/3-6-1024x683.jpg 1024w, https:\/\/www.mojekonferencje.pl\/blog\/wp-content\/uploads\/2024\/09\/3-6-300x200.jpg 300w, https:\/\/www.mojekonferencje.pl\/blog\/wp-content\/uploads\/2024\/09\/3-6-768x512.jpg 768w, https:\/\/www.mojekonferencje.pl\/blog\/wp-content\/uploads\/2024\/09\/3-6-1536x1024.jpg 1536w, https:\/\/www.mojekonferencje.pl\/blog\/wp-content\/uploads\/2024\/09\/3-6.jpg 1600w\" sizes=\"auto\" \/><\/a><\/figure>\n\n\n\n<h2 class=\"wp-block-heading has-text-align-center has-vivid-purple-color has-text-color has-link-color wp-elements-fb5ce5989dcdfbb64b4ee669c474f22a\"><a href=\"https:\/\/www.mojekonferencje.pl\/bialka-tatrzanska\/thermal--ski-hotel-bania\"><span style=\"text-decoration: underline;\">Hotel Bania Thermal &amp; Ski<\/span><\/a><\/h2>\n\n\n\n<p>Ten <strong>hotel w Bia\u0142ce Tatrza\u0144skiej <\/strong>to idealne miejsce na organizacj\u0119 event\u00f3w biznesowych, konferencji i wyjazd\u00f3w integracyjnych. Obiekt oferuje nowoczesne zaplecze konferencyjne w Bania Conference Center, kt\u00f3re zapewnia przestrze\u0144 dla nawet 1000 uczestnik\u00f3w. Zr\u00f3\u017cnicowane sale konferencyjne \u2013 w tym Sala Trzy Korony dla 430 os\u00f3b \u2013 s\u0105 w pe\u0142ni wyposa\u017cone w nowoczesne rozwi\u0105zania techniczne, takie jak projektory, mikrofony i dost\u0119p do internetu. Hotel Bania \u0142\u0105czy profesjonalizm z relaksem, oferuj\u0105c swoim go\u015bciom nie tylko doskona\u0142e warunki do pracy, ale tak\u017ce szerok\u0105 gam\u0119 atrakcji.<\/p>\n\n\n\n<p>Go\u015bcie mog\u0105 korzysta\u0107 z kompleksu basen\u00f3w termalnych, strefy SPA, licznych restauracji serwuj\u0105cych lokalne i mi\u0119dzynarodowe specja\u0142y oraz szk\u00f3\u0142ki narciarskiej. Tatrza\u0144ska sceneria, widoczna z ka\u017cdego zak\u0105tka hotelu, nadaje wyj\u0105tkowego charakteru ka\u017cdemu wydarzeniu. Dodatkowym atutem jest mo\u017cliwo\u015b\u0107 zakwaterowania a\u017c 800 os\u00f3b w komfortowych pokojach i apartamentach z widokiem na g\u00f3ry. <strong>Hotel Bania<\/strong> to miejsce, kt\u00f3re \u0142\u0105czy biznes z przyjemno\u015bci\u0105, oferuj\u0105c najwy\u017cszy standard obs\u0142ugi w malowniczym otoczeniu.<\/p>\n\n\n\n<figure class=\"wp-block-image size-large\"><a href=\"https:\/\/www.mojekonferencje.pl\/blog\/wp-content\/uploads\/2024\/09\/4_Easy-Resize.com-3.jpg\"><img loading=\"lazy\" decoding=\"async\" width=\"1024\" height=\"528\" src=\"https:\/\/www.mojekonferencje.pl\/blog\/wp-content\/uploads\/2024\/09\/4_Easy-Resize.com-3-1024x528.jpg\" alt=\"\" class=\"wp-image-5619 lazyload\" data-srcset=\"https:\/\/www.mojekonferencje.pl\/blog\/wp-content\/uploads\/2024\/09\/4_Easy-Resize.com-3-1024x528.jpg 1024w, https:\/\/www.mojekonferencje.pl\/blog\/wp-content\/uploads\/2024\/09\/4_Easy-Resize.com-3-300x155.jpg 300w, https:\/\/www.mojekonferencje.pl\/blog\/wp-content\/uploads\/2024\/09\/4_Easy-Resize.com-3-768x396.jpg 768w, https:\/\/www.mojekonferencje.pl\/blog\/wp-content\/uploads\/2024\/09\/4_Easy-Resize.com-3.jpg 1280w\" sizes=\"auto\" \/><\/a><\/figure>\n\n\n\n<h2 class=\"wp-block-heading has-text-align-center has-vivid-purple-color has-text-color has-link-color wp-elements-aaffe171bf9e108d8e6a2585a4c98e0f\"><a href=\"https:\/\/www.mojekonferencje.pl\/wisla\/hotel-stok-ski-spa\"><span style=\"text-decoration: underline;\">Hotel Stok Ski &amp; Spa<\/span><\/a><\/h2>\n\n\n\n<p>To idealne miejsce na organizacj\u0119 wydarze\u0144 biznesowych, konferencji i szkole\u0144 w otoczeniu pi\u0119knej przyrody Beskidu \u015al\u0105skiego. Po\u0142o\u017cony w malowniczej dolinie Jawornika, oferuje 16 nowoczesnych sal konferencyjnych, w tym sale modu\u0142owe, kt\u00f3re umo\u017cliwiaj\u0105 dostosowanie przestrzeni do indywidualnych potrzeb. Najwi\u0119ksza z nich pomie\u015bci a\u017c 450 os\u00f3b, a ca\u0142a powierzchnia wystawiennicza obejmuje 1300 m\u00b2. Nowoczesne wyposa\u017cenie techniczne, w tym projektory, mikrofony i sprz\u0119t do t\u0142umacze\u0144 symultanicznych, gwarantuje sprawny przebieg ka\u017cdego wydarzenia. <\/p>\n\n\n\n<p><strong>Hotel STOK<\/strong> to tak\u017ce miejsce, w kt\u00f3rym mo\u017cna po\u0142\u0105czy\u0107 prac\u0119 z relaksem. Na go\u015bci czeka rozbudowana strefa Wellness i SPA Botanica, basen rekreacyjny, kr\u0119gielnia oraz w\u0142asny wyci\u0105g narciarski. Dodatkowo hotel oferuje szerokie zaplecze gastronomiczne z eleganckimi restauracjami oraz przestrze\u0144 do organizacji bankiet\u00f3w i przyj\u0119\u0107 dla nawet 500 os\u00f3b. Bogata oferta atrakcji, od kulig\u00f3w po loty balonem, sprawia, \u017ce ka\u017cdy event b\u0119dzie wyj\u0105tkowy i niezapomniany.<\/p>\n\n\n\n<figure class=\"wp-block-image size-full\"><a href=\"https:\/\/www.mojekonferencje.pl\/blog\/wp-content\/uploads\/2024\/09\/5-3.jpg\"><img loading=\"lazy\" decoding=\"async\" width=\"1024\" height=\"682\" src=\"https:\/\/www.mojekonferencje.pl\/blog\/wp-content\/uploads\/2024\/09\/5-3.jpg\" alt=\"\" class=\"wp-image-5620 lazyload\" data-srcset=\"https:\/\/www.mojekonferencje.pl\/blog\/wp-content\/uploads\/2024\/09\/5-3.jpg 1024w, https:\/\/www.mojekonferencje.pl\/blog\/wp-content\/uploads\/2024\/09\/5-3-300x200.jpg 300w, https:\/\/www.mojekonferencje.pl\/blog\/wp-content\/uploads\/2024\/09\/5-3-768x512.jpg 768w\" sizes=\"auto\" \/><\/a><\/figure>\n\n\n\n<h2 class=\"wp-block-heading has-text-align-center has-vivid-purple-color has-text-color has-link-color wp-elements-2966ed0fdc3fcfc487ab808f4bb9a5ba\"><a href=\"https:\/\/www.mojekonferencje.pl\/podzamcze\/poziom-511-jura-wellness-hotel-spa\"><span style=\"text-decoration: underline;\">Poziom 511 Jura Wellness Hotel &amp; Spa<\/span><\/a><\/h2>\n\n\n\n<p>\u00d3w<strong> 4-gwiazdkowy hotel w g\u00f3rach <\/strong>po\u0142o\u017cony jest w sercu malowniczej Jury Krakowsko-Cz\u0119stochowskiej. Otoczony wapiennymi ska\u0142ami i zieleni\u0105, zapewnia inspiruj\u0105c\u0105 atmosfer\u0119 idealn\u0105 do szkole\u0144, konferencji i spotka\u0144 integracyjnych. Oferuje on trzy nowoczesne sale konferencyjne, kt\u00f3re mog\u0105 pomie\u015bci\u0107 do 90 go\u015bci. S\u0105 one dostosowane do indywidualnych potrzeb, a tak\u017ce posiadaj\u0105 rozbudowane zaplecze techniczne. <\/p>\n\n\n\n<p>Dzi\u0119ki blisko\u015bci Parku Krajobrazowego Orlich Gniazd uczestnicy mog\u0105 skorzysta\u0107 z licznych atrakcji plenerowych, takich jak zaj\u0119cia teambuildingowe czy wspinaczka. Hotelowa winnica i Wine Bar z widokiem na winnic\u0119 to doskona\u0142e miejsca na kameralne spotkania. Wysokiej jako\u015bci us\u0142ugi, komfortowe pokoje oraz strefa wellness zapewni\u0105 regeneracj\u0119 po intensywnym dniu. <strong>Poziom 511<\/strong> to idealna synergia biznesu, natury i relaksu, gwarantuj\u0105ca sukces ka\u017cdego wydarzenia.<\/p>\n\n\n\n<figure class=\"wp-block-image size-large\"><a href=\"https:\/\/www.mojekonferencje.pl\/blog\/wp-content\/uploads\/2024\/09\/6-6.jpg\"><img loading=\"lazy\" decoding=\"async\" width=\"1024\" height=\"602\" src=\"https:\/\/www.mojekonferencje.pl\/blog\/wp-content\/uploads\/2024\/09\/6-6-1024x602.jpg\" alt=\"\" class=\"wp-image-5621 lazyload\" data-srcset=\"https:\/\/www.mojekonferencje.pl\/blog\/wp-content\/uploads\/2024\/09\/6-6-1024x602.jpg 1024w, https:\/\/www.mojekonferencje.pl\/blog\/wp-content\/uploads\/2024\/09\/6-6-300x176.jpg 300w, https:\/\/www.mojekonferencje.pl\/blog\/wp-content\/uploads\/2024\/09\/6-6-768x452.jpg 768w, https:\/\/www.mojekonferencje.pl\/blog\/wp-content\/uploads\/2024\/09\/6-6.jpg 1224w\" sizes=\"auto\" \/><\/a><\/figure>\n\n\n\n<h2 class=\"wp-block-heading has-text-align-center has-vivid-purple-color has-text-color has-link-color wp-elements-0874198431e39e9f00455a9ec426e265\"><a href=\"https:\/\/www.mojekonferencje.pl\/szczyrk\/hotel-meta\"><span style=\"text-decoration: underline;\">Hotel META<\/span><\/a><\/h2>\n\n\n\n<p>Ten hotel<strong> 4-gwiazdkowy w Szczyrku<\/strong> to idealne miejsce na organizacj\u0119 event\u00f3w, kt\u00f3re \u0142\u0105cz\u0105 prac\u0119 z relaksem. Jego nowoczesne centrum kongresowe oferuje 880 m\u00b2 powierzchni, umo\u017cliwiaj\u0105cej jednoczesne przebywanie nawet 770 os\u00f3b. Dzi\u0119ki klimatyzowanym, wyg\u0142uszonym salom konferencyjnym, wyposa\u017conym w najnowocze\u015bniejszy sprz\u0119t multimedialny, ka\u017cde wydarzenie b\u0119dzie przebiega\u0107 sprawnie i komfortowo. Elastyczny uk\u0142ad pomieszcze\u0144 pozwala dostosowa\u0107 przestrze\u0144 do indywidualnych potrzeb organizator\u00f3w, co sprawia, \u017ce zar\u00f3wno konferencje, jak i szkolenia s\u0105 w pe\u0142ni zaspokojone. <\/p>\n\n\n\n<p>Po intensywnym dniu uczestnicy mog\u0105 skorzysta\u0107 z luksusowych pokoi oraz bogatej oferty gastronomicznej, obejmuj\u0105cej restauracje serwuj\u0105ce zar\u00f3wno dania lokalne, jak i egzotyczne. Hotel Meta to tak\u017ce doskona\u0142e miejsce na relaks \u2013 strefa wellness oraz liczne atrakcje sportowe sprawi\u0105, \u017ce ka\u017cdy poczuje si\u0119 odpr\u0119\u017cony. Niezapomniane widoki g\u00f3rskiej panoramy i profesjonalna obs\u0142uga zapewni\u0105 sukces ka\u017cdej organizowanej imprezy.<\/p>\n\n\n\n<figure class=\"wp-block-image size-large\"><a href=\"https:\/\/www.mojekonferencje.pl\/blog\/wp-content\/uploads\/2024\/09\/7-5.jpg\"><img loading=\"lazy\" decoding=\"async\" width=\"1024\" height=\"576\" src=\"https:\/\/www.mojekonferencje.pl\/blog\/wp-content\/uploads\/2024\/09\/7-5-1024x576.jpg\" alt=\"\" class=\"wp-image-5622 lazyload\" data-srcset=\"https:\/\/www.mojekonferencje.pl\/blog\/wp-content\/uploads\/2024\/09\/7-5-1024x576.jpg 1024w, https:\/\/www.mojekonferencje.pl\/blog\/wp-content\/uploads\/2024\/09\/7-5-300x169.jpg 300w, https:\/\/www.mojekonferencje.pl\/blog\/wp-content\/uploads\/2024\/09\/7-5-768x432.jpg 768w, https:\/\/www.mojekonferencje.pl\/blog\/wp-content\/uploads\/2024\/09\/7-5-1536x864.jpg 1536w, https:\/\/www.mojekonferencje.pl\/blog\/wp-content\/uploads\/2024\/09\/7-5-640x360.jpg 640w, https:\/\/www.mojekonferencje.pl\/blog\/wp-content\/uploads\/2024\/09\/7-5-320x180.jpg 320w, https:\/\/www.mojekonferencje.pl\/blog\/wp-content\/uploads\/2024\/09\/7-5-480x270.jpg 480w, https:\/\/www.mojekonferencje.pl\/blog\/wp-content\/uploads\/2024\/09\/7-5-960x540.jpg 960w, https:\/\/www.mojekonferencje.pl\/blog\/wp-content\/uploads\/2024\/09\/7-5-1280x720.jpg 1280w, https:\/\/www.mojekonferencje.pl\/blog\/wp-content\/uploads\/2024\/09\/7-5-1600x900.jpg 1600w, https:\/\/www.mojekonferencje.pl\/blog\/wp-content\/uploads\/2024\/09\/7-5.jpg 1920w\" sizes=\"auto\" \/><\/a><\/figure>\n\n\n\n<h2 class=\"wp-block-heading has-text-align-center has-vivid-purple-color has-text-color has-link-color wp-elements-c2ec562bccd3b64b734253e33820296b\"><a href=\"https:\/\/www.mojekonferencje.pl\/skomielna-czarna\/hotel-olivia-medical-spa\"><span style=\"text-decoration: underline;\">Hotel Olivia Medical Spa<\/span><\/a><\/h2>\n\n\n\n<p>To idealne miejsce na organizacj\u0119 event\u00f3w, \u0142\u0105cz\u0105ce komfort, nowoczesno\u015b\u0107 i relaks w otoczeniu malowniczych wzg\u00f3rz. Po\u0142o\u017cony zaledwie 50 km od Krakowa, obiekt oferuje 47 elegancko urz\u0105dzonych pokoi oraz profesjonalne sale konferencyjne. Dwie przestronne sale, o powierzchniach 50 m\u00b2 i 90 m\u00b2, wyposa\u017cone w nowoczesny sprz\u0119t multimedialny, zapewniaj\u0105 komfortow\u0105 atmosfer\u0119 dla 40 do 110 uczestnik\u00f3w. Mo\u017cliwo\u015b\u0107 podzia\u0142u sal na mniejsze pomieszczenia pozwala na elastyczne dostosowanie przestrzeni do potrzeb organizatora. <\/p>\n\n\n\n<p>Hotelowa restauracja serwuje wykwintne dania z lokalnych sk\u0142adnik\u00f3w, idealne na lunch, kolacj\u0119 czy uroczysty bankiet. Po intensywnym dniu pracy go\u015bcie mog\u0105 zrelaksowa\u0107 si\u0119 w solankowym basenie, saunach czy jacuzzi, a tak\u017ce korzysta\u0107 z atrakcji rekreacyjnych, takich jak kort tenisowy czy sala gier. <strong>Hotel Olivia Medical SPA<\/strong> to miejsce, gdzie biznes spotyka si\u0119 z natur\u0105, oferuj\u0105c wyj\u0105tkowe do\u015bwiadczenia dla ka\u017cdego uczestnika wydarzenia.<\/p>\n\n\n\n<figure class=\"wp-block-image size-full\"><a href=\"https:\/\/www.mojekonferencje.pl\/blog\/wp-content\/uploads\/2024\/09\/8-6.jpg\"><img loading=\"lazy\" decoding=\"async\" width=\"600\" height=\"400\" src=\"https:\/\/www.mojekonferencje.pl\/blog\/wp-content\/uploads\/2024\/09\/8-6.jpg\" alt=\"\" class=\"wp-image-5623 lazyload\" data-srcset=\"https:\/\/www.mojekonferencje.pl\/blog\/wp-content\/uploads\/2024\/09\/8-6.jpg 600w, https:\/\/www.mojekonferencje.pl\/blog\/wp-content\/uploads\/2024\/09\/8-6-300x200.jpg 300w\" sizes=\"auto\" \/><\/a><\/figure>\n\n\n\n<h2 class=\"wp-block-heading has-text-align-center has-vivid-purple-color has-text-color has-link-color wp-elements-3b07b188a206b4865810808e8386e3bb\"><a href=\"https:\/\/www.mojekonferencje.pl\/korczyna\/dwor-kombornia-hotel--spa\"><span style=\"text-decoration: underline;\">Dw\u00f3r Kombornia Hotel &amp; SPA<\/span><\/a><\/h2>\n\n\n\n<p>Jest to kolejny <strong>4-gwiazdkowy hotel w g\u00f3rach<\/strong>, stanowi\u0105cy wyj\u0105tkowe miejsce na organizacj\u0119 event\u00f3w, kt\u00f3re \u0142\u0105czy histori\u0119 z nowoczesno\u015bci\u0105. Po\u0142o\u017cony w malowniczym otoczeniu Beskidu Niskiego, ten czterogwiazdkowy butikowy hotel oferuje przestronne Centrum Konferencyjne, w kt\u00f3rym mo\u017cna zorganizowa\u0107 spotkania, szkolenia i bankiety dla nawet 250 os\u00f3b. Nowoczesne sale konferencyjne, z klimatyzacj\u0105 i dost\u0119pem do Internetu, gwarantuj\u0105 komfort oraz wszechstronno\u015b\u0107 w aran\u017cacji przestrzeni. <\/p>\n\n\n\n<p>Dodatkowo go\u015bcie mog\u0105 korzysta\u0107 z bogatej oferty wellness w unikalnym ChocoWine SPA, kt\u00f3re zapewnia relaksuj\u0105ce zabiegi oraz stref\u0119 basen\u00f3w i saun. Restauracje oferuj\u0105 znakomite dania oparte na lokalnych produktach, co czyni ka\u017cde wydarzenie nie tylko profesjonalnym, ale i wyj\u0105tkowym kulinarnym do\u015bwiadczeniem. <strong>Dw\u00f3r Kombornia<\/strong> to idealne miejsce dla tych, kt\u00f3rzy pragn\u0105 zorganizowa\u0107 niezapomniane spotkanie w otoczeniu natury, z dala od zgie\u0142ku miasta.<\/p>\n\n\n\n<figure class=\"wp-block-image size-full\"><a href=\"https:\/\/www.mojekonferencje.pl\/blog\/wp-content\/uploads\/2024\/09\/9-4.jpg\"><img loading=\"lazy\" decoding=\"async\" width=\"600\" height=\"400\" src=\"https:\/\/www.mojekonferencje.pl\/blog\/wp-content\/uploads\/2024\/09\/9-4.jpg\" alt=\"\" class=\"wp-image-5624 lazyload\" data-srcset=\"https:\/\/www.mojekonferencje.pl\/blog\/wp-content\/uploads\/2024\/09\/9-4.jpg 600w, https:\/\/www.mojekonferencje.pl\/blog\/wp-content\/uploads\/2024\/09\/9-4-300x200.jpg 300w\" sizes=\"auto\" \/><\/a><\/figure>\n\n\n\n<h2 class=\"wp-block-heading has-text-align-center has-vivid-purple-color has-text-color has-link-color wp-elements-37aef83fa54bec378c24a15823bfde3f\"><a href=\"https:\/\/www.mojekonferencje.pl\/szklarska-poreba\/blue-mountain-resort\"><span style=\"text-decoration: underline;\">Blue Mountain Resort<\/span><\/a><\/h2>\n\n\n\n<p>Ten <strong>4-gwiazdkowy hotel w Szklarskiej Por\u0119bie<\/strong> to idealne miejsce do organizacji event\u00f3w, \u0142\u0105cz\u0105ce luksus z wygod\u0105. Oferuje pi\u0119\u0107 nowoczesnych sal konferencyjnych o \u0142\u0105cznej powierzchni 450 m\u00b2, kt\u00f3re pomieszcz\u0105 do 500 os\u00f3b. Ka\u017cda sala jest doskonale wyposa\u017cona w najnowszy sprz\u0119t audiowizualny, klimatyzacj\u0119 oraz dost\u0119p do szybkiego internetu, co sprawia, \u017ce ka\u017cde spotkanie przebiega w komfortowych warunkach. <\/p>\n\n\n\n<p>Dedykowany opiekun zadba o wszystkie detale, a szeroka oferta dodatkowych us\u0142ug zapewni wyj\u0105tkowe do\u015bwiadczenia dla uczestnik\u00f3w. Go\u015bcie mog\u0105 korzysta\u0107 z luksusowych apartament\u00f3w, relaksowa\u0107 si\u0119 w strefie SPA oraz aquaparku, a tak\u017ce delektowa\u0107 si\u0119 wy\u015bmienitymi posi\u0142kami w restauracjach. Bogata oferta atrakcji w okolicy, takich jak g\u00f3rskie wycieczki czy off-road, czyni <strong>Blue Mountain Resort <\/strong>idealnym miejscem na udane i inspiruj\u0105ce wydarzenia.<\/p>\n\n\n\n<figure class=\"wp-block-image size-large\"><a href=\"https:\/\/www.mojekonferencje.pl\/blog\/wp-content\/uploads\/2024\/09\/10-3-scaled.jpg\"><img loading=\"lazy\" decoding=\"async\" width=\"1024\" height=\"682\" src=\"https:\/\/www.mojekonferencje.pl\/blog\/wp-content\/uploads\/2024\/09\/10-3-1024x682.jpg\" alt=\"\" class=\"wp-image-5625 lazyload\" data-srcset=\"https:\/\/www.mojekonferencje.pl\/blog\/wp-content\/uploads\/2024\/09\/10-3-1024x682.jpg 1024w, https:\/\/www.mojekonferencje.pl\/blog\/wp-content\/uploads\/2024\/09\/10-3-300x200.jpg 300w, https:\/\/www.mojekonferencje.pl\/blog\/wp-content\/uploads\/2024\/09\/10-3-768x512.jpg 768w, https:\/\/www.mojekonferencje.pl\/blog\/wp-content\/uploads\/2024\/09\/10-3-1536x1023.jpg 1536w, https:\/\/www.mojekonferencje.pl\/blog\/wp-content\/uploads\/2024\/09\/10-3-2048x1364.jpg 2048w\" sizes=\"auto\" \/><\/a><\/figure>\n","protected":false},"excerpt":{"rendered":"<p>Odkryj najlepsze 4-gwiazdkowe hotele w g\u00f3rach, idealne do organizacji konferencji i szkole\u0144. Po\u0142\u0105czenie komfortu z malowniczymi widokami sprzyja relaksowi i kreatywno\u015bci.<\/p>\n","protected":false},"author":9,"featured_media":5615,"comment_status":"closed","ping_status":"closed","sticky":false,"template":"","format":"standard","meta":{"_acf_changed":false,"footnotes":""},"categories":[8,175],"tags":[40,368,367,271,354],"class_list":["post-5614","post","type-post","status-publish","format-standard","has-post-thumbnail","hentry","category-porady","category-wybieranie-miejsca-konferencyjnego","tag-gory","tag-hotel","tag-hotele","tag-hotele-konferencyjne","tag-organizacja-wydarzen"],"acf":[],"yoast_head":"<!-- This site is optimized with the Yoast SEO plugin v27.1.1 - https:\/\/yoast.com\/product\/yoast-seo-wordpress\/ -->\n<title>Najlepsze hotele 4-gwiazdkowe w g\u00f3rach - tam, gdzie komfort \u0142\u0105czy si\u0119 z malowniczymi widokami! - blog | MojeKonferencje.pl<\/title>\n<meta name=\"description\" content=\"Najlepsze hotele 4-gwiazdkowe w g\u00f3rach - tam, gdzie komfort \u0142\u0105czy si\u0119 z malowniczymi widokami! - blog | MojeKonferencje.pl\" \/>\n<meta name=\"robots\" content=\"index, follow, max-snippet:-1, max-image-preview:large, max-video-preview:-1\" \/>\n<link rel=\"canonical\" href=\"https:\/\/www.mojekonferencje.pl\/blog\/najlepsze-hotele-4-gwiazdkowe-w-gorach-tam-gdzie-komfort-laczy-sie-z-malowniczymi-widokami\/\" \/>\n<meta property=\"og:locale\" content=\"pl_PL\" \/>\n<meta property=\"og:type\" content=\"article\" \/>\n<meta property=\"og:title\" content=\"Najlepsze hotele 4-gwiazdkowe w g\u00f3rach - tam, gdzie komfort \u0142\u0105czy si\u0119 z malowniczymi widokami! - blog | MojeKonferencje.pl\" \/>\n<meta property=\"og:description\" content=\"Najlepsze hotele 4-gwiazdkowe w g\u00f3rach - tam, gdzie komfort \u0142\u0105czy si\u0119 z malowniczymi widokami! - blog | MojeKonferencje.pl\" \/>\n<meta property=\"og:url\" content=\"https:\/\/www.mojekonferencje.pl\/blog\/najlepsze-hotele-4-gwiazdkowe-w-gorach-tam-gdzie-komfort-laczy-sie-z-malowniczymi-widokami\/\" \/>\n<meta property=\"og:site_name\" content=\"MojeKonferencje.pl\" \/>\n<meta property=\"article:published_time\" content=\"2024-09-20T17:28:03+00:00\" \/>\n<meta property=\"article:modified_time\" content=\"2024-09-28T17:46:11+00:00\" \/>\n<meta property=\"og:image\" content=\"https:\/\/www.mojekonferencje.pl\/blog\/wp-content\/uploads\/2024\/09\/Fotoram.io-2024-09-28T192713.420.jpg\" \/>\n\t<meta property=\"og:image:width\" content=\"1200\" \/>\n\t<meta property=\"og:image:height\" content=\"720\" \/>\n\t<meta property=\"og:image:type\" content=\"image\/jpeg\" \/>\n<meta name=\"author\" content=\"Olga Stawicka-Iwanowska\" \/>\n<meta name=\"twitter:card\" content=\"summary_large_image\" \/>\n<meta name=\"twitter:label1\" content=\"Napisane przez\" \/>\n\t<meta name=\"twitter:data1\" content=\"Olga Stawicka-Iwanowska\" \/>\n\t<meta name=\"twitter:label2\" content=\"Szacowany czas czytania\" \/>\n\t<meta name=\"twitter:data2\" content=\"11 minut\" \/>\n<script type=\"application\/ld+json\" class=\"yoast-schema-graph\">{\"@context\":\"https:\/\/schema.org\",\"@graph\":[{\"@type\":\"Article\",\"@id\":\"https:\/\/www.mojekonferencje.pl\/blog\/najlepsze-hotele-4-gwiazdkowe-w-gorach-tam-gdzie-komfort-laczy-sie-z-malowniczymi-widokami\/#article\",\"isPartOf\":{\"@id\":\"https:\/\/www.mojekonferencje.pl\/blog\/najlepsze-hotele-4-gwiazdkowe-w-gorach-tam-gdzie-komfort-laczy-sie-z-malowniczymi-widokami\/\"},\"author\":{\"name\":\"Olga Stawicka-Iwanowska\",\"@id\":\"https:\/\/www.mojekonferencje.pl\/blog\/#\/schema\/person\/d6751ca3c60de9ec17ee21b744bbb2d4\"},\"headline\":\"Najlepsze hotele 4-gwiazdkowe w g\u00f3rach &#8211; tam, gdzie komfort \u0142\u0105czy si\u0119 z malowniczymi widokami!\",\"datePublished\":\"2024-09-20T17:28:03+00:00\",\"dateModified\":\"2024-09-28T17:46:11+00:00\",\"mainEntityOfPage\":{\"@id\":\"https:\/\/www.mojekonferencje.pl\/blog\/najlepsze-hotele-4-gwiazdkowe-w-gorach-tam-gdzie-komfort-laczy-sie-z-malowniczymi-widokami\/\"},\"wordCount\":1700,\"image\":{\"@id\":\"https:\/\/www.mojekonferencje.pl\/blog\/najlepsze-hotele-4-gwiazdkowe-w-gorach-tam-gdzie-komfort-laczy-sie-z-malowniczymi-widokami\/#primaryimage\"},\"thumbnailUrl\":\"https:\/\/www.mojekonferencje.pl\/blog\/wp-content\/uploads\/2024\/09\/Fotoram.io-2024-09-28T192713.420.jpg\",\"keywords\":[\"g\u00f3ry\",\"hotel\",\"hotele\",\"hotele konferencyjne\",\"organizacja wydarze\u0144\"],\"articleSection\":[\"Porady\",\"Wybieranie miejsca konferencyjnego\"],\"inLanguage\":\"pl-PL\"},{\"@type\":\"WebPage\",\"@id\":\"https:\/\/www.mojekonferencje.pl\/blog\/najlepsze-hotele-4-gwiazdkowe-w-gorach-tam-gdzie-komfort-laczy-sie-z-malowniczymi-widokami\/\",\"url\":\"https:\/\/www.mojekonferencje.pl\/blog\/najlepsze-hotele-4-gwiazdkowe-w-gorach-tam-gdzie-komfort-laczy-sie-z-malowniczymi-widokami\/\",\"name\":\"Najlepsze hotele 4-gwiazdkowe w g\u00f3rach - tam, gdzie komfort \u0142\u0105czy si\u0119 z malowniczymi widokami! - blog | MojeKonferencje.pl\",\"isPartOf\":{\"@id\":\"https:\/\/www.mojekonferencje.pl\/blog\/#website\"},\"primaryImageOfPage\":{\"@id\":\"https:\/\/www.mojekonferencje.pl\/blog\/najlepsze-hotele-4-gwiazdkowe-w-gorach-tam-gdzie-komfort-laczy-sie-z-malowniczymi-widokami\/#primaryimage\"},\"image\":{\"@id\":\"https:\/\/www.mojekonferencje.pl\/blog\/najlepsze-hotele-4-gwiazdkowe-w-gorach-tam-gdzie-komfort-laczy-sie-z-malowniczymi-widokami\/#primaryimage\"},\"thumbnailUrl\":\"https:\/\/www.mojekonferencje.pl\/blog\/wp-content\/uploads\/2024\/09\/Fotoram.io-2024-09-28T192713.420.jpg\",\"datePublished\":\"2024-09-20T17:28:03+00:00\",\"dateModified\":\"2024-09-28T17:46:11+00:00\",\"author\":{\"@id\":\"https:\/\/www.mojekonferencje.pl\/blog\/#\/schema\/person\/d6751ca3c60de9ec17ee21b744bbb2d4\"},\"description\":\"Najlepsze hotele 4-gwiazdkowe w g\u00f3rach - tam, gdzie komfort \u0142\u0105czy si\u0119 z malowniczymi widokami! - blog | MojeKonferencje.pl\",\"breadcrumb\":{\"@id\":\"https:\/\/www.mojekonferencje.pl\/blog\/najlepsze-hotele-4-gwiazdkowe-w-gorach-tam-gdzie-komfort-laczy-sie-z-malowniczymi-widokami\/#breadcrumb\"},\"inLanguage\":\"pl-PL\",\"potentialAction\":[{\"@type\":\"ReadAction\",\"target\":[\"https:\/\/www.mojekonferencje.pl\/blog\/najlepsze-hotele-4-gwiazdkowe-w-gorach-tam-gdzie-komfort-laczy-sie-z-malowniczymi-widokami\/\"]}]},{\"@type\":\"ImageObject\",\"inLanguage\":\"pl-PL\",\"@id\":\"https:\/\/www.mojekonferencje.pl\/blog\/najlepsze-hotele-4-gwiazdkowe-w-gorach-tam-gdzie-komfort-laczy-sie-z-malowniczymi-widokami\/#primaryimage\",\"url\":\"https:\/\/www.mojekonferencje.pl\/blog\/wp-content\/uploads\/2024\/09\/Fotoram.io-2024-09-28T192713.420.jpg\",\"contentUrl\":\"https:\/\/www.mojekonferencje.pl\/blog\/wp-content\/uploads\/2024\/09\/Fotoram.io-2024-09-28T192713.420.jpg\",\"width\":1200,\"height\":720},{\"@type\":\"BreadcrumbList\",\"@id\":\"https:\/\/www.mojekonferencje.pl\/blog\/najlepsze-hotele-4-gwiazdkowe-w-gorach-tam-gdzie-komfort-laczy-sie-z-malowniczymi-widokami\/#breadcrumb\",\"itemListElement\":[{\"@type\":\"ListItem\",\"position\":1,\"name\":\"Strona g\u0142\u00f3wna\",\"item\":\"https:\/\/www.mojekonferencje.pl\/blog\/\"},{\"@type\":\"ListItem\",\"position\":2,\"name\":\"Najlepsze hotele 4-gwiazdkowe w g\u00f3rach &#8211; tam, gdzie komfort \u0142\u0105czy si\u0119 z malowniczymi widokami!\"}]},{\"@type\":\"WebSite\",\"@id\":\"https:\/\/www.mojekonferencje.pl\/blog\/#website\",\"url\":\"https:\/\/www.mojekonferencje.pl\/blog\/\",\"name\":\"MojeKonferencje.pl\",\"description\":\"Blog bran\u017cy szkoleniowo-konferencyjnej. W\u0142\u0105cz si\u0119 do dyskusji o obiektach konferencyjnych i nowo\u015bciach z bran\u017cy! Poznaj porady odno\u015bnie organizacji konferencji, szkole\u0144 i event\u00f3w firmowych! Zach\u0119camy do wyra\u017cania opinii oraz komentarzy.\",\"potentialAction\":[{\"@type\":\"SearchAction\",\"target\":{\"@type\":\"EntryPoint\",\"urlTemplate\":\"https:\/\/www.mojekonferencje.pl\/blog\/?s={search_term_string}\"},\"query-input\":{\"@type\":\"PropertyValueSpecification\",\"valueRequired\":true,\"valueName\":\"search_term_string\"}}],\"inLanguage\":\"pl-PL\"},{\"@type\":\"Person\",\"@id\":\"https:\/\/www.mojekonferencje.pl\/blog\/#\/schema\/person\/d6751ca3c60de9ec17ee21b744bbb2d4\",\"name\":\"Olga Stawicka-Iwanowska\",\"description\":\"Head of Marketing z ponad sze\u015bcioletnim do\u015bwiadczeniem w bran\u017cy MICE. Na co dzie\u0144 zajmuje si\u0119 content marketingiem i promocj\u0105 obiekt\u00f3w eventowych, tak aby organizatorzy kongres\u00f3w, targ\u00f3w i konferencji wiedzieli, \u017ce w\u0142a\u015bnie tam warto zrealizowa\u0107 swoje wydarzenie. Prowadzi media spo\u0142eczno\u015bciowe, tworzy strategie komunikacji, pisze artyku\u0142y i dba o sp\u00f3jny wizerunek marki w ka\u017cdym kanale. W swojej pracy \u0142\u0105czy analityczne my\u015blenie z kreatywno\u015bci\u0105 i dobrym copy. Wsp\u00f3\u0142pracuje zar\u00f3wno z organizatorami najwi\u0119kszych wydarze\u0144 w Polsce, jak i z regionalnymi partnerami z bran\u017cy. Po godzinach mi\u0142o\u015bniczka podr\u00f3\u017cy po Europie, dobrej kuchni i klimatycznych miejsc, w kt\u00f3rych mo\u017cna z\u0142apa\u0107 oddech.\",\"sameAs\":[\"http:\/\/MojeKonferencje.pl\",\"https:\/\/www.linkedin.com\/in\/olgastawicka\/\"],\"url\":\"https:\/\/www.mojekonferencje.pl\/blog\/author\/osawicka\/\"}]}<\/script>\n<!-- \/ Yoast SEO plugin. -->","yoast_head_json":{"title":"Najlepsze hotele 4-gwiazdkowe w g\u00f3rach - tam, gdzie komfort \u0142\u0105czy si\u0119 z malowniczymi widokami! - blog | MojeKonferencje.pl","description":"Najlepsze hotele 4-gwiazdkowe w g\u00f3rach - tam, gdzie komfort \u0142\u0105czy si\u0119 z malowniczymi widokami! - blog | MojeKonferencje.pl","robots":{"index":"index","follow":"follow","max-snippet":"max-snippet:-1","max-image-preview":"max-image-preview:large","max-video-preview":"max-video-preview:-1"},"canonical":"https:\/\/www.mojekonferencje.pl\/blog\/najlepsze-hotele-4-gwiazdkowe-w-gorach-tam-gdzie-komfort-laczy-sie-z-malowniczymi-widokami\/","og_locale":"pl_PL","og_type":"article","og_title":"Najlepsze hotele 4-gwiazdkowe w g\u00f3rach - tam, gdzie komfort \u0142\u0105czy si\u0119 z malowniczymi widokami! - blog | MojeKonferencje.pl","og_description":"Najlepsze hotele 4-gwiazdkowe w g\u00f3rach - tam, gdzie komfort \u0142\u0105czy si\u0119 z malowniczymi widokami! - blog | MojeKonferencje.pl","og_url":"https:\/\/www.mojekonferencje.pl\/blog\/najlepsze-hotele-4-gwiazdkowe-w-gorach-tam-gdzie-komfort-laczy-sie-z-malowniczymi-widokami\/","og_site_name":"MojeKonferencje.pl","article_published_time":"2024-09-20T17:28:03+00:00","article_modified_time":"2024-09-28T17:46:11+00:00","og_image":[{"width":1200,"height":720,"url":"https:\/\/www.mojekonferencje.pl\/blog\/wp-content\/uploads\/2024\/09\/Fotoram.io-2024-09-28T192713.420.jpg","type":"image\/jpeg"}],"author":"Olga Stawicka-Iwanowska","twitter_card":"summary_large_image","twitter_misc":{"Napisane przez":"Olga Stawicka-Iwanowska","Szacowany czas czytania":"11 minut"},"schema":{"@context":"https:\/\/schema.org","@graph":[{"@type":"Article","@id":"https:\/\/www.mojekonferencje.pl\/blog\/najlepsze-hotele-4-gwiazdkowe-w-gorach-tam-gdzie-komfort-laczy-sie-z-malowniczymi-widokami\/#article","isPartOf":{"@id":"https:\/\/www.mojekonferencje.pl\/blog\/najlepsze-hotele-4-gwiazdkowe-w-gorach-tam-gdzie-komfort-laczy-sie-z-malowniczymi-widokami\/"},"author":{"name":"Olga Stawicka-Iwanowska","@id":"https:\/\/www.mojekonferencje.pl\/blog\/#\/schema\/person\/d6751ca3c60de9ec17ee21b744bbb2d4"},"headline":"Najlepsze hotele 4-gwiazdkowe w g\u00f3rach &#8211; tam, gdzie komfort \u0142\u0105czy si\u0119 z malowniczymi widokami!","datePublished":"2024-09-20T17:28:03+00:00","dateModified":"2024-09-28T17:46:11+00:00","mainEntityOfPage":{"@id":"https:\/\/www.mojekonferencje.pl\/blog\/najlepsze-hotele-4-gwiazdkowe-w-gorach-tam-gdzie-komfort-laczy-sie-z-malowniczymi-widokami\/"},"wordCount":1700,"image":{"@id":"https:\/\/www.mojekonferencje.pl\/blog\/najlepsze-hotele-4-gwiazdkowe-w-gorach-tam-gdzie-komfort-laczy-sie-z-malowniczymi-widokami\/#primaryimage"},"thumbnailUrl":"https:\/\/www.mojekonferencje.pl\/blog\/wp-content\/uploads\/2024\/09\/Fotoram.io-2024-09-28T192713.420.jpg","keywords":["g\u00f3ry","hotel","hotele","hotele konferencyjne","organizacja wydarze\u0144"],"articleSection":["Porady","Wybieranie miejsca konferencyjnego"],"inLanguage":"pl-PL"},{"@type":"WebPage","@id":"https:\/\/www.mojekonferencje.pl\/blog\/najlepsze-hotele-4-gwiazdkowe-w-gorach-tam-gdzie-komfort-laczy-sie-z-malowniczymi-widokami\/","url":"https:\/\/www.mojekonferencje.pl\/blog\/najlepsze-hotele-4-gwiazdkowe-w-gorach-tam-gdzie-komfort-laczy-sie-z-malowniczymi-widokami\/","name":"Najlepsze hotele 4-gwiazdkowe w g\u00f3rach - tam, gdzie komfort \u0142\u0105czy si\u0119 z malowniczymi widokami! - blog | MojeKonferencje.pl","isPartOf":{"@id":"https:\/\/www.mojekonferencje.pl\/blog\/#website"},"primaryImageOfPage":{"@id":"https:\/\/www.mojekonferencje.pl\/blog\/najlepsze-hotele-4-gwiazdkowe-w-gorach-tam-gdzie-komfort-laczy-sie-z-malowniczymi-widokami\/#primaryimage"},"image":{"@id":"https:\/\/www.mojekonferencje.pl\/blog\/najlepsze-hotele-4-gwiazdkowe-w-gorach-tam-gdzie-komfort-laczy-sie-z-malowniczymi-widokami\/#primaryimage"},"thumbnailUrl":"https:\/\/www.mojekonferencje.pl\/blog\/wp-content\/uploads\/2024\/09\/Fotoram.io-2024-09-28T192713.420.jpg","datePublished":"2024-09-20T17:28:03+00:00","dateModified":"2024-09-28T17:46:11+00:00","author":{"@id":"https:\/\/www.mojekonferencje.pl\/blog\/#\/schema\/person\/d6751ca3c60de9ec17ee21b744bbb2d4"},"description":"Najlepsze hotele 4-gwiazdkowe w g\u00f3rach - tam, gdzie komfort \u0142\u0105czy si\u0119 z malowniczymi widokami! - blog | MojeKonferencje.pl","breadcrumb":{"@id":"https:\/\/www.mojekonferencje.pl\/blog\/najlepsze-hotele-4-gwiazdkowe-w-gorach-tam-gdzie-komfort-laczy-sie-z-malowniczymi-widokami\/#breadcrumb"},"inLanguage":"pl-PL","potentialAction":[{"@type":"ReadAction","target":["https:\/\/www.mojekonferencje.pl\/blog\/najlepsze-hotele-4-gwiazdkowe-w-gorach-tam-gdzie-komfort-laczy-sie-z-malowniczymi-widokami\/"]}]},{"@type":"ImageObject","inLanguage":"pl-PL","@id":"https:\/\/www.mojekonferencje.pl\/blog\/najlepsze-hotele-4-gwiazdkowe-w-gorach-tam-gdzie-komfort-laczy-sie-z-malowniczymi-widokami\/#primaryimage","url":"https:\/\/www.mojekonferencje.pl\/blog\/wp-content\/uploads\/2024\/09\/Fotoram.io-2024-09-28T192713.420.jpg","contentUrl":"https:\/\/www.mojekonferencje.pl\/blog\/wp-content\/uploads\/2024\/09\/Fotoram.io-2024-09-28T192713.420.jpg","width":1200,"height":720},{"@type":"BreadcrumbList","@id":"https:\/\/www.mojekonferencje.pl\/blog\/najlepsze-hotele-4-gwiazdkowe-w-gorach-tam-gdzie-komfort-laczy-sie-z-malowniczymi-widokami\/#breadcrumb","itemListElement":[{"@type":"ListItem","position":1,"name":"Strona g\u0142\u00f3wna","item":"https:\/\/www.mojekonferencje.pl\/blog\/"},{"@type":"ListItem","position":2,"name":"Najlepsze hotele 4-gwiazdkowe w g\u00f3rach &#8211; tam, gdzie komfort \u0142\u0105czy si\u0119 z malowniczymi widokami!"}]},{"@type":"WebSite","@id":"https:\/\/www.mojekonferencje.pl\/blog\/#website","url":"https:\/\/www.mojekonferencje.pl\/blog\/","name":"MojeKonferencje.pl","description":"Blog bran\u017cy szkoleniowo-konferencyjnej. W\u0142\u0105cz si\u0119 do dyskusji o obiektach konferencyjnych i nowo\u015bciach z bran\u017cy! Poznaj porady odno\u015bnie organizacji konferencji, szkole\u0144 i event\u00f3w firmowych! Zach\u0119camy do wyra\u017cania opinii oraz komentarzy.","potentialAction":[{"@type":"SearchAction","target":{"@type":"EntryPoint","urlTemplate":"https:\/\/www.mojekonferencje.pl\/blog\/?s={search_term_string}"},"query-input":{"@type":"PropertyValueSpecification","valueRequired":true,"valueName":"search_term_string"}}],"inLanguage":"pl-PL"},{"@type":"Person","@id":"https:\/\/www.mojekonferencje.pl\/blog\/#\/schema\/person\/d6751ca3c60de9ec17ee21b744bbb2d4","name":"Olga Stawicka-Iwanowska","description":"Head of Marketing z ponad sze\u015bcioletnim do\u015bwiadczeniem w bran\u017cy MICE. Na co dzie\u0144 zajmuje si\u0119 content marketingiem i promocj\u0105 obiekt\u00f3w eventowych, tak aby organizatorzy kongres\u00f3w, targ\u00f3w i konferencji wiedzieli, \u017ce w\u0142a\u015bnie tam warto zrealizowa\u0107 swoje wydarzenie. Prowadzi media spo\u0142eczno\u015bciowe, tworzy strategie komunikacji, pisze artyku\u0142y i dba o sp\u00f3jny wizerunek marki w ka\u017cdym kanale. W swojej pracy \u0142\u0105czy analityczne my\u015blenie z kreatywno\u015bci\u0105 i dobrym copy. Wsp\u00f3\u0142pracuje zar\u00f3wno z organizatorami najwi\u0119kszych wydarze\u0144 w Polsce, jak i z regionalnymi partnerami z bran\u017cy. Po godzinach mi\u0142o\u015bniczka podr\u00f3\u017cy po Europie, dobrej kuchni i klimatycznych miejsc, w kt\u00f3rych mo\u017cna z\u0142apa\u0107 oddech.","sameAs":["http:\/\/MojeKonferencje.pl","https:\/\/www.linkedin.com\/in\/olgastawicka\/"],"url":"https:\/\/www.mojekonferencje.pl\/blog\/author\/osawicka\/"}]}},"_links":{"self":[{"href":"https:\/\/www.mojekonferencje.pl\/blog\/wp-json\/wp\/v2\/posts\/5614","targetHints":{"allow":["GET"]}}],"collection":[{"href":"https:\/\/www.mojekonferencje.pl\/blog\/wp-json\/wp\/v2\/posts"}],"about":[{"href":"https:\/\/www.mojekonferencje.pl\/blog\/wp-json\/wp\/v2\/types\/post"}],"author":[{"embeddable":true,"href":"https:\/\/www.mojekonferencje.pl\/blog\/wp-json\/wp\/v2\/users\/9"}],"replies":[{"embeddable":true,"href":"https:\/\/www.mojekonferencje.pl\/blog\/wp-json\/wp\/v2\/comments?post=5614"}],"version-history":[{"count":1,"href":"https:\/\/www.mojekonferencje.pl\/blog\/wp-json\/wp\/v2\/posts\/5614\/revisions"}],"predecessor-version":[{"id":5626,"href":"https:\/\/www.mojekonferencje.pl\/blog\/wp-json\/wp\/v2\/posts\/5614\/revisions\/5626"}],"wp:featuredmedia":[{"embeddable":true,"href":"https:\/\/www.mojekonferencje.pl\/blog\/wp-json\/wp\/v2\/media\/5615"}],"wp:attachment":[{"href":"https:\/\/www.mojekonferencje.pl\/blog\/wp-json\/wp\/v2\/media?parent=5614"}],"wp:term":[{"taxonomy":"category","embeddable":true,"href":"https:\/\/www.mojekonferencje.pl\/blog\/wp-json\/wp\/v2\/categories?post=5614"},{"taxonomy":"post_tag","embeddable":true,"href":"https:\/\/www.mojekonferencje.pl\/blog\/wp-json\/wp\/v2\/tags?post=5614"}],"curies":[{"name":"wp","href":"https:\/\/api.w.org\/{rel}","templated":true}]}}