{"id":5798,"date":"2024-10-25T19:45:00","date_gmt":"2024-10-25T17:45:00","guid":{"rendered":"https:\/\/www.mojekonferencje.pl\/blog\/?p=5798"},"modified":"2024-11-01T21:49:39","modified_gmt":"2024-11-01T19:49:39","slug":"jak-zadbac-o-dobra-atmosfere-podczas-korzystania-z-sali-konferencyjnej","status":"publish","type":"post","link":"https:\/\/www.mojekonferencje.pl\/blog\/jak-zadbac-o-dobra-atmosfere-podczas-korzystania-z-sali-konferencyjnej\/","title":{"rendered":"Jak zadba\u0107 o dobr\u0105 atmosfer\u0119 podczas korzystania z sali konferencyjnej?"},"content":{"rendered":"\n<p><strong>Atmosfera w sali konferencyjnej<\/strong> ma kluczowe znaczenie dla przebiegu ka\u017cdego spotkania biznesowego. Dobrze zorganizowane spotkanie to nie tylko kwestie merytoryczne, ale r\u00f3wnie\u017c zapewnienie komfortu uczestnikom. Odpowiednie warunki wp\u0142ywaj\u0105 na nastr\u00f3j, produktywno\u015b\u0107 i efektywno\u015b\u0107 ca\u0142ego wydarzenia. W tym artykule przyjrzymy si\u0119, jak zadba\u0107 o <strong>atmosfer\u0119 w sali konferencyjnej<\/strong>, aby stworzy\u0107 idealne warunki do owocnej pracy.<\/p>\n\n\n\n<h2 class=\"wp-block-heading has-text-align-center\"><strong>O\u015bwietlenie i akustyka &#8211; jak wp\u0142ywaj\u0105 na komfort uczestnik\u00f3w?<\/strong><\/h2>\n\n\n\n<p><strong>O\u015bwietlenie<\/strong> i <strong>akustyka<\/strong> to fundamenty komfortu podczas ka\u017cdego spotkania. Odpowiednio dobrane \u015bwiat\u0142o potrafi zwi\u0119kszy\u0107 koncentracj\u0119 uczestnik\u00f3w, a z kolei z\u0142e o\u015bwietlenie mo\u017ce m\u0119czy\u0107 wzrok i wywo\u0142ywa\u0107 zm\u0119czenie. Optymalne rozwi\u0105zanie to dost\u0119p do \u015bwiat\u0142a dziennego, kt\u00f3re jest najkorzystniejsze dla pracy umys\u0142owej, w po\u0142\u0105czeniu z regulowanym o\u015bwietleniem sztucznym, aby dostosowa\u0107 poziom jasno\u015bci do potrzeb spotkania.<\/p>\n\n\n\n<p>Akustyka sali jest r\u00f3wnie istotna. Dobra <strong>akustyka<\/strong> to brak echa i odpowiednia izolacja d\u017awi\u0119kowa, kt\u00f3ra zapewnia, \u017ce wszyscy uczestnicy dobrze s\u0142ysz\u0105 prelegent\u00f3w, a rozmowy nie rozpraszaj\u0105 reszty grupy. Warto r\u00f3wnie\u017c zadba\u0107 o odpowiednie nag\u0142o\u015bnienie i mikrofony w przypadku wi\u0119kszych spotka\u0144.<\/p>\n\n\n\n<figure class=\"wp-block-image size-large\"><a href=\"https:\/\/www.mojekonferencje.pl\/blog\/wp-content\/uploads\/2024\/11\/Przed_-Dekoracje-i-aranzacja-wnetrza_-wybor-kolorow-rosliny-meble.jpg\"><img loading=\"lazy\" decoding=\"async\" width=\"1024\" height=\"679\" src=\"https:\/\/www.mojekonferencje.pl\/blog\/wp-content\/uploads\/2024\/11\/Przed_-Dekoracje-i-aranzacja-wnetrza_-wybor-kolorow-rosliny-meble-1024x679.jpg\" alt=\"\" class=\"wp-image-5800 lazyload\" data-srcset=\"https:\/\/www.mojekonferencje.pl\/blog\/wp-content\/uploads\/2024\/11\/Przed_-Dekoracje-i-aranzacja-wnetrza_-wybor-kolorow-rosliny-meble-1024x679.jpg 1024w, https:\/\/www.mojekonferencje.pl\/blog\/wp-content\/uploads\/2024\/11\/Przed_-Dekoracje-i-aranzacja-wnetrza_-wybor-kolorow-rosliny-meble-300x199.jpg 300w, https:\/\/www.mojekonferencje.pl\/blog\/wp-content\/uploads\/2024\/11\/Przed_-Dekoracje-i-aranzacja-wnetrza_-wybor-kolorow-rosliny-meble-768x509.jpg 768w, https:\/\/www.mojekonferencje.pl\/blog\/wp-content\/uploads\/2024\/11\/Przed_-Dekoracje-i-aranzacja-wnetrza_-wybor-kolorow-rosliny-meble.jpg 1500w\" sizes=\"auto\" \/><\/a><\/figure>\n\n\n\n<h2 class=\"wp-block-heading has-text-align-center\"><strong>Dekoracje i aran\u017cacja wn\u0119trza: wyb\u00f3r kolor\u00f3w, ro\u015bliny, meble<\/strong><\/h2>\n\n\n\n<p><strong>Dekoracje i aran\u017cacja wn\u0119trza<\/strong> mog\u0105 znacz\u0105co wp\u0142yn\u0105\u0107 na nastr\u00f3j w sali konferencyjnej. Kolory \u015bcian i wyposa\u017cenia odgrywaj\u0105 ogromn\u0105 rol\u0119 w budowaniu atmosfery. Neutralne barwy, takie jak biele, szaro\u015bci i be\u017ce, sprzyjaj\u0105 koncentracji i nie rozpraszaj\u0105 uwagi, podczas gdy ziele\u0144 mo\u017ce wprowadza\u0107 elementy spokoju i harmonii.<\/p>\n\n\n\n<p>Ro\u015bliny doniczkowe w salach konferencyjnych pe\u0142ni\u0105 nie tylko funkcj\u0119 dekoracyjn\u0105, ale tak\u017ce wp\u0142ywaj\u0105 na jako\u015b\u0107 powietrza i poprawiaj\u0105 samopoczucie uczestnik\u00f3w. Dodatkowo wygodne, ergonomiczne <strong>meble<\/strong> (krzes\u0142a i sto\u0142y) maj\u0105 kluczowe znaczenie dla komfortu, zw\u0142aszcza podczas d\u0142u\u017cszych spotka\u0144.<\/p>\n\n\n\n<h2 class=\"wp-block-heading has-text-align-center\"><strong>Temperatura i wentylacja. Jak zadba\u0107 o odpowiednie warunki klimatyczne?<\/strong><\/h2>\n\n\n\n<p><strong>Temperatura<\/strong> i <strong>wentylacja<\/strong> to kolejny wa\u017cny aspekt w tworzeniu komfortowych warunk\u00f3w w sali konferencyjnej. Zbyt wysoka temperatura mo\u017ce prowadzi\u0107 do zm\u0119czenia, podczas gdy zbyt niska powoduje dyskomfort i dekoncentracj\u0119. Optymalna temperatura powinna oscylowa\u0107 wok\u00f3\u0142 21-23 stopni Celsjusza.<\/p>\n\n\n\n<p>R\u00f3wnie wa\u017cna jest dobra <strong>wentylacja<\/strong>, kt\u00f3ra zapewni \u015bwie\u017ce powietrze i odpowiedni poziom wilgotno\u015bci w pomieszczeniu. Klimatyzacja powinna dzia\u0142a\u0107 sprawnie, a wymiana powietrza musi by\u0107 wystarczaj\u0105ca, aby zapobiec uczuciu duszno\u015bci.<\/p>\n\n\n\n<h2 class=\"wp-block-heading has-text-align-center\"><strong>Dlaczego przerwy s\u0105 wa\u017cne dla atmosfery i produktywno\u015bci?<\/strong><\/h2>\n\n\n\n<p>Regularne <strong>przerwy<\/strong> podczas spotka\u0144 to klucz do utrzymania produktywno\u015bci i dobrej atmosfery. Warto zaplanowa\u0107 kr\u00f3tkie przerwy na kaw\u0119 co oko\u0142o 60-90 minut, co pozwoli uczestnikom na chwil\u0119 odpoczynku, regeneracj\u0119 si\u0142 i wymian\u0119 opinii w mniej formalnej atmosferze.<\/p>\n\n\n\n<p>Przerwy mog\u0105 r\u00f3wnie\u017c sprzyja\u0107 <strong>networkingowi<\/strong>, co dodatkowo wzmacnia relacje biznesowe. Warto zadba\u0107 o wygodn\u0105 stref\u0119 relaksu z dost\u0119pem do napoj\u00f3w i lekkich przek\u0105sek.<\/p>\n\n\n\n<figure class=\"wp-block-image size-large\"><a href=\"https:\/\/www.mojekonferencje.pl\/blog\/wp-content\/uploads\/2024\/11\/Dlaczego-przerwy-sa-wazne-dla-atmosfery-i-produktywnosci_.jpg\"><img loading=\"lazy\" decoding=\"async\" width=\"1024\" height=\"683\" src=\"https:\/\/www.mojekonferencje.pl\/blog\/wp-content\/uploads\/2024\/11\/Dlaczego-przerwy-sa-wazne-dla-atmosfery-i-produktywnosci_-1024x683.jpg\" alt=\"\" class=\"wp-image-5801 lazyload\" data-srcset=\"https:\/\/www.mojekonferencje.pl\/blog\/wp-content\/uploads\/2024\/11\/Dlaczego-przerwy-sa-wazne-dla-atmosfery-i-produktywnosci_-1024x683.jpg 1024w, https:\/\/www.mojekonferencje.pl\/blog\/wp-content\/uploads\/2024\/11\/Dlaczego-przerwy-sa-wazne-dla-atmosfery-i-produktywnosci_-300x200.jpg 300w, https:\/\/www.mojekonferencje.pl\/blog\/wp-content\/uploads\/2024\/11\/Dlaczego-przerwy-sa-wazne-dla-atmosfery-i-produktywnosci_-768x512.jpg 768w, https:\/\/www.mojekonferencje.pl\/blog\/wp-content\/uploads\/2024\/11\/Dlaczego-przerwy-sa-wazne-dla-atmosfery-i-produktywnosci_.jpg 1500w\" sizes=\"auto\" \/><\/a><\/figure>\n\n\n\n<h2 class=\"wp-block-heading has-text-align-center\"><strong>Elementy dodatkowe: muzyka w tle, zapachy i inne detale wp\u0142ywaj\u0105ce na nastr\u00f3j<\/strong><\/h2>\n\n\n\n<p>Detale, takie jak <strong>muzyka<\/strong> czy zapachy, mog\u0105 subtelnie wp\u0142yn\u0105\u0107 na nastr\u00f3j i atmosfer\u0119 w sali konferencyjnej. Cicha, instrumentalna muzyka mo\u017ce pom\u00f3c w odpr\u0119\u017ceniu uczestnik\u00f3w przed rozpocz\u0119ciem spotkania, a tak\u017ce podczas przerw. Natomiast delikatne, neutralne zapachy mog\u0105 wprowadzi\u0107 element \u015bwie\u017co\u015bci i poprawi\u0107 samopoczucie.<\/p>\n\n\n\n<p>Inne elementy, takie jak materia\u0142y biurowe (np. notatniki, d\u0142ugopisy) przygotowane dla uczestnik\u00f3w, tak\u017ce maj\u0105 znaczenie dla odbioru ca\u0142ego wydarzenia i mog\u0105 wp\u0142yn\u0105\u0107 na profesjonalny odbi\u00f3r spotkania.<\/p>\n\n\n\n<p>Dba\u0142o\u015b\u0107 o <strong>atmosfer\u0119 w sali konferencyjnej<\/strong> to jeden z kluczowych element\u00f3w udanego spotkania biznesowego. Zaplanowanie element\u00f3w, kt\u00f3re om\u00f3wili\u015bmy w artykule to krok w stron\u0119 stworzenia idealnych warunk\u00f3w do produktywnej pracy i budowania pozytywnych relacji biznesowych.<\/p>\n\n\n\n<p>Zadbaj o wszystkie te aspekty, aby Twoje spotkanie przebieg\u0142o w doskona\u0142ej atmosferze i przynios\u0142o zamierzone rezultaty!<\/p>\n","protected":false},"excerpt":{"rendered":"<p>Zadbaj o odpowiedni\u0105 atmosfer\u0119 podczas spotka\u0144 biznesowych w sali konferencyjnej! Sprawd\u017a, jak o\u015bwietlenie, akustyka, dekoracje, temperatura i dobrze zaplanowane przerwy mog\u0105 wp\u0142yn\u0105\u0107 na komfort uczestnik\u00f3w i efektywno\u015b\u0107 spotkania. <\/p>\n","protected":false},"author":20,"featured_media":5799,"comment_status":"closed","ping_status":"closed","sticky":false,"template":"","format":"standard","meta":{"_acf_changed":false,"footnotes":""},"categories":[8],"tags":[353,354],"class_list":["post-5798","post","type-post","status-publish","format-standard","has-post-thumbnail","hentry","category-porady","tag-organizacja-imprez","tag-organizacja-wydarzen"],"acf":[],"yoast_head":"<!-- This site is optimized with the Yoast SEO plugin v27.1.1 - https:\/\/yoast.com\/product\/yoast-seo-wordpress\/ -->\n<title>Jak zadba\u0107 o dobr\u0105 atmosfer\u0119 podczas korzystania z sali konferencyjnej? - blog | MojeKonferencje.pl<\/title>\n<meta name=\"description\" content=\"Jak zadba\u0107 o dobr\u0105 atmosfer\u0119 podczas korzystania z sali konferencyjnej? - blog | MojeKonferencje.pl\" \/>\n<meta name=\"robots\" content=\"index, follow, max-snippet:-1, max-image-preview:large, max-video-preview:-1\" \/>\n<link rel=\"canonical\" href=\"https:\/\/www.mojekonferencje.pl\/blog\/jak-zadbac-o-dobra-atmosfere-podczas-korzystania-z-sali-konferencyjnej\/\" \/>\n<meta property=\"og:locale\" content=\"pl_PL\" \/>\n<meta property=\"og:type\" content=\"article\" \/>\n<meta property=\"og:title\" content=\"Jak zadba\u0107 o dobr\u0105 atmosfer\u0119 podczas korzystania z sali konferencyjnej? - blog | MojeKonferencje.pl\" \/>\n<meta property=\"og:description\" content=\"Jak zadba\u0107 o dobr\u0105 atmosfer\u0119 podczas korzystania z sali konferencyjnej? - blog | MojeKonferencje.pl\" \/>\n<meta property=\"og:url\" content=\"https:\/\/www.mojekonferencje.pl\/blog\/jak-zadbac-o-dobra-atmosfere-podczas-korzystania-z-sali-konferencyjnej\/\" \/>\n<meta property=\"og:site_name\" content=\"MojeKonferencje.pl\" \/>\n<meta property=\"article:published_time\" content=\"2024-10-25T17:45:00+00:00\" \/>\n<meta property=\"article:modified_time\" content=\"2024-11-01T19:49:39+00:00\" \/>\n<meta property=\"og:image\" content=\"https:\/\/www.mojekonferencje.pl\/blog\/wp-content\/uploads\/2024\/11\/Okladka-7.jpg\" \/>\n\t<meta property=\"og:image:width\" content=\"1500\" \/>\n\t<meta property=\"og:image:height\" content=\"1000\" \/>\n\t<meta property=\"og:image:type\" content=\"image\/jpeg\" \/>\n<meta name=\"author\" content=\"Martyna D\u0105browska\" \/>\n<meta name=\"twitter:card\" content=\"summary_large_image\" \/>\n<meta name=\"twitter:label1\" content=\"Napisane przez\" \/>\n\t<meta name=\"twitter:data1\" content=\"Martyna D\u0105browska\" \/>\n\t<meta name=\"twitter:label2\" content=\"Szacowany czas czytania\" \/>\n\t<meta name=\"twitter:data2\" content=\"4 minuty\" \/>\n<script type=\"application\/ld+json\" class=\"yoast-schema-graph\">{\"@context\":\"https:\/\/schema.org\",\"@graph\":[{\"@type\":\"Article\",\"@id\":\"https:\/\/www.mojekonferencje.pl\/blog\/jak-zadbac-o-dobra-atmosfere-podczas-korzystania-z-sali-konferencyjnej\/#article\",\"isPartOf\":{\"@id\":\"https:\/\/www.mojekonferencje.pl\/blog\/jak-zadbac-o-dobra-atmosfere-podczas-korzystania-z-sali-konferencyjnej\/\"},\"author\":{\"name\":\"Martyna D\u0105browska\",\"@id\":\"https:\/\/www.mojekonferencje.pl\/blog\/#\/schema\/person\/13c4049adfe16d858160c94d5f78acbc\"},\"headline\":\"Jak zadba\u0107 o dobr\u0105 atmosfer\u0119 podczas korzystania z sali konferencyjnej?\",\"datePublished\":\"2024-10-25T17:45:00+00:00\",\"dateModified\":\"2024-11-01T19:49:39+00:00\",\"mainEntityOfPage\":{\"@id\":\"https:\/\/www.mojekonferencje.pl\/blog\/jak-zadbac-o-dobra-atmosfere-podczas-korzystania-z-sali-konferencyjnej\/\"},\"wordCount\":641,\"image\":{\"@id\":\"https:\/\/www.mojekonferencje.pl\/blog\/jak-zadbac-o-dobra-atmosfere-podczas-korzystania-z-sali-konferencyjnej\/#primaryimage\"},\"thumbnailUrl\":\"https:\/\/www.mojekonferencje.pl\/blog\/wp-content\/uploads\/2024\/11\/Okladka-7.jpg\",\"keywords\":[\"organizacja imprez\",\"organizacja wydarze\u0144\"],\"articleSection\":[\"Porady\"],\"inLanguage\":\"pl-PL\"},{\"@type\":\"WebPage\",\"@id\":\"https:\/\/www.mojekonferencje.pl\/blog\/jak-zadbac-o-dobra-atmosfere-podczas-korzystania-z-sali-konferencyjnej\/\",\"url\":\"https:\/\/www.mojekonferencje.pl\/blog\/jak-zadbac-o-dobra-atmosfere-podczas-korzystania-z-sali-konferencyjnej\/\",\"name\":\"Jak zadba\u0107 o dobr\u0105 atmosfer\u0119 podczas korzystania z sali konferencyjnej? - blog | MojeKonferencje.pl\",\"isPartOf\":{\"@id\":\"https:\/\/www.mojekonferencje.pl\/blog\/#website\"},\"primaryImageOfPage\":{\"@id\":\"https:\/\/www.mojekonferencje.pl\/blog\/jak-zadbac-o-dobra-atmosfere-podczas-korzystania-z-sali-konferencyjnej\/#primaryimage\"},\"image\":{\"@id\":\"https:\/\/www.mojekonferencje.pl\/blog\/jak-zadbac-o-dobra-atmosfere-podczas-korzystania-z-sali-konferencyjnej\/#primaryimage\"},\"thumbnailUrl\":\"https:\/\/www.mojekonferencje.pl\/blog\/wp-content\/uploads\/2024\/11\/Okladka-7.jpg\",\"datePublished\":\"2024-10-25T17:45:00+00:00\",\"dateModified\":\"2024-11-01T19:49:39+00:00\",\"author\":{\"@id\":\"https:\/\/www.mojekonferencje.pl\/blog\/#\/schema\/person\/13c4049adfe16d858160c94d5f78acbc\"},\"description\":\"Jak zadba\u0107 o dobr\u0105 atmosfer\u0119 podczas korzystania z sali konferencyjnej? - blog | MojeKonferencje.pl\",\"breadcrumb\":{\"@id\":\"https:\/\/www.mojekonferencje.pl\/blog\/jak-zadbac-o-dobra-atmosfere-podczas-korzystania-z-sali-konferencyjnej\/#breadcrumb\"},\"inLanguage\":\"pl-PL\",\"potentialAction\":[{\"@type\":\"ReadAction\",\"target\":[\"https:\/\/www.mojekonferencje.pl\/blog\/jak-zadbac-o-dobra-atmosfere-podczas-korzystania-z-sali-konferencyjnej\/\"]}]},{\"@type\":\"ImageObject\",\"inLanguage\":\"pl-PL\",\"@id\":\"https:\/\/www.mojekonferencje.pl\/blog\/jak-zadbac-o-dobra-atmosfere-podczas-korzystania-z-sali-konferencyjnej\/#primaryimage\",\"url\":\"https:\/\/www.mojekonferencje.pl\/blog\/wp-content\/uploads\/2024\/11\/Okladka-7.jpg\",\"contentUrl\":\"https:\/\/www.mojekonferencje.pl\/blog\/wp-content\/uploads\/2024\/11\/Okladka-7.jpg\",\"width\":1500,\"height\":1000},{\"@type\":\"BreadcrumbList\",\"@id\":\"https:\/\/www.mojekonferencje.pl\/blog\/jak-zadbac-o-dobra-atmosfere-podczas-korzystania-z-sali-konferencyjnej\/#breadcrumb\",\"itemListElement\":[{\"@type\":\"ListItem\",\"position\":1,\"name\":\"Strona g\u0142\u00f3wna\",\"item\":\"https:\/\/www.mojekonferencje.pl\/blog\/\"},{\"@type\":\"ListItem\",\"position\":2,\"name\":\"Jak zadba\u0107 o dobr\u0105 atmosfer\u0119 podczas korzystania z sali konferencyjnej?\"}]},{\"@type\":\"WebSite\",\"@id\":\"https:\/\/www.mojekonferencje.pl\/blog\/#website\",\"url\":\"https:\/\/www.mojekonferencje.pl\/blog\/\",\"name\":\"MojeKonferencje.pl\",\"description\":\"Blog bran\u017cy szkoleniowo-konferencyjnej. W\u0142\u0105cz si\u0119 do dyskusji o obiektach konferencyjnych i nowo\u015bciach z bran\u017cy! Poznaj porady odno\u015bnie organizacji konferencji, szkole\u0144 i event\u00f3w firmowych! Zach\u0119camy do wyra\u017cania opinii oraz komentarzy.\",\"potentialAction\":[{\"@type\":\"SearchAction\",\"target\":{\"@type\":\"EntryPoint\",\"urlTemplate\":\"https:\/\/www.mojekonferencje.pl\/blog\/?s={search_term_string}\"},\"query-input\":{\"@type\":\"PropertyValueSpecification\",\"valueRequired\":true,\"valueName\":\"search_term_string\"}}],\"inLanguage\":\"pl-PL\"},{\"@type\":\"Person\",\"@id\":\"https:\/\/www.mojekonferencje.pl\/blog\/#\/schema\/person\/13c4049adfe16d858160c94d5f78acbc\",\"name\":\"Martyna D\u0105browska\",\"url\":\"https:\/\/www.mojekonferencje.pl\/blog\/author\/martynadabrowska\/\"}]}<\/script>\n<!-- \/ Yoast SEO plugin. -->","yoast_head_json":{"title":"Jak zadba\u0107 o dobr\u0105 atmosfer\u0119 podczas korzystania z sali konferencyjnej? - blog | MojeKonferencje.pl","description":"Jak zadba\u0107 o dobr\u0105 atmosfer\u0119 podczas korzystania z sali konferencyjnej? - blog | MojeKonferencje.pl","robots":{"index":"index","follow":"follow","max-snippet":"max-snippet:-1","max-image-preview":"max-image-preview:large","max-video-preview":"max-video-preview:-1"},"canonical":"https:\/\/www.mojekonferencje.pl\/blog\/jak-zadbac-o-dobra-atmosfere-podczas-korzystania-z-sali-konferencyjnej\/","og_locale":"pl_PL","og_type":"article","og_title":"Jak zadba\u0107 o dobr\u0105 atmosfer\u0119 podczas korzystania z sali konferencyjnej? - blog | MojeKonferencje.pl","og_description":"Jak zadba\u0107 o dobr\u0105 atmosfer\u0119 podczas korzystania z sali konferencyjnej? - blog | MojeKonferencje.pl","og_url":"https:\/\/www.mojekonferencje.pl\/blog\/jak-zadbac-o-dobra-atmosfere-podczas-korzystania-z-sali-konferencyjnej\/","og_site_name":"MojeKonferencje.pl","article_published_time":"2024-10-25T17:45:00+00:00","article_modified_time":"2024-11-01T19:49:39+00:00","og_image":[{"width":1500,"height":1000,"url":"https:\/\/www.mojekonferencje.pl\/blog\/wp-content\/uploads\/2024\/11\/Okladka-7.jpg","type":"image\/jpeg"}],"author":"Martyna D\u0105browska","twitter_card":"summary_large_image","twitter_misc":{"Napisane przez":"Martyna D\u0105browska","Szacowany czas czytania":"4 minuty"},"schema":{"@context":"https:\/\/schema.org","@graph":[{"@type":"Article","@id":"https:\/\/www.mojekonferencje.pl\/blog\/jak-zadbac-o-dobra-atmosfere-podczas-korzystania-z-sali-konferencyjnej\/#article","isPartOf":{"@id":"https:\/\/www.mojekonferencje.pl\/blog\/jak-zadbac-o-dobra-atmosfere-podczas-korzystania-z-sali-konferencyjnej\/"},"author":{"name":"Martyna D\u0105browska","@id":"https:\/\/www.mojekonferencje.pl\/blog\/#\/schema\/person\/13c4049adfe16d858160c94d5f78acbc"},"headline":"Jak zadba\u0107 o dobr\u0105 atmosfer\u0119 podczas korzystania z sali konferencyjnej?","datePublished":"2024-10-25T17:45:00+00:00","dateModified":"2024-11-01T19:49:39+00:00","mainEntityOfPage":{"@id":"https:\/\/www.mojekonferencje.pl\/blog\/jak-zadbac-o-dobra-atmosfere-podczas-korzystania-z-sali-konferencyjnej\/"},"wordCount":641,"image":{"@id":"https:\/\/www.mojekonferencje.pl\/blog\/jak-zadbac-o-dobra-atmosfere-podczas-korzystania-z-sali-konferencyjnej\/#primaryimage"},"thumbnailUrl":"https:\/\/www.mojekonferencje.pl\/blog\/wp-content\/uploads\/2024\/11\/Okladka-7.jpg","keywords":["organizacja imprez","organizacja wydarze\u0144"],"articleSection":["Porady"],"inLanguage":"pl-PL"},{"@type":"WebPage","@id":"https:\/\/www.mojekonferencje.pl\/blog\/jak-zadbac-o-dobra-atmosfere-podczas-korzystania-z-sali-konferencyjnej\/","url":"https:\/\/www.mojekonferencje.pl\/blog\/jak-zadbac-o-dobra-atmosfere-podczas-korzystania-z-sali-konferencyjnej\/","name":"Jak zadba\u0107 o dobr\u0105 atmosfer\u0119 podczas korzystania z sali konferencyjnej? - blog | MojeKonferencje.pl","isPartOf":{"@id":"https:\/\/www.mojekonferencje.pl\/blog\/#website"},"primaryImageOfPage":{"@id":"https:\/\/www.mojekonferencje.pl\/blog\/jak-zadbac-o-dobra-atmosfere-podczas-korzystania-z-sali-konferencyjnej\/#primaryimage"},"image":{"@id":"https:\/\/www.mojekonferencje.pl\/blog\/jak-zadbac-o-dobra-atmosfere-podczas-korzystania-z-sali-konferencyjnej\/#primaryimage"},"thumbnailUrl":"https:\/\/www.mojekonferencje.pl\/blog\/wp-content\/uploads\/2024\/11\/Okladka-7.jpg","datePublished":"2024-10-25T17:45:00+00:00","dateModified":"2024-11-01T19:49:39+00:00","author":{"@id":"https:\/\/www.mojekonferencje.pl\/blog\/#\/schema\/person\/13c4049adfe16d858160c94d5f78acbc"},"description":"Jak zadba\u0107 o dobr\u0105 atmosfer\u0119 podczas korzystania z sali konferencyjnej? - blog | MojeKonferencje.pl","breadcrumb":{"@id":"https:\/\/www.mojekonferencje.pl\/blog\/jak-zadbac-o-dobra-atmosfere-podczas-korzystania-z-sali-konferencyjnej\/#breadcrumb"},"inLanguage":"pl-PL","potentialAction":[{"@type":"ReadAction","target":["https:\/\/www.mojekonferencje.pl\/blog\/jak-zadbac-o-dobra-atmosfere-podczas-korzystania-z-sali-konferencyjnej\/"]}]},{"@type":"ImageObject","inLanguage":"pl-PL","@id":"https:\/\/www.mojekonferencje.pl\/blog\/jak-zadbac-o-dobra-atmosfere-podczas-korzystania-z-sali-konferencyjnej\/#primaryimage","url":"https:\/\/www.mojekonferencje.pl\/blog\/wp-content\/uploads\/2024\/11\/Okladka-7.jpg","contentUrl":"https:\/\/www.mojekonferencje.pl\/blog\/wp-content\/uploads\/2024\/11\/Okladka-7.jpg","width":1500,"height":1000},{"@type":"BreadcrumbList","@id":"https:\/\/www.mojekonferencje.pl\/blog\/jak-zadbac-o-dobra-atmosfere-podczas-korzystania-z-sali-konferencyjnej\/#breadcrumb","itemListElement":[{"@type":"ListItem","position":1,"name":"Strona g\u0142\u00f3wna","item":"https:\/\/www.mojekonferencje.pl\/blog\/"},{"@type":"ListItem","position":2,"name":"Jak zadba\u0107 o dobr\u0105 atmosfer\u0119 podczas korzystania z sali konferencyjnej?"}]},{"@type":"WebSite","@id":"https:\/\/www.mojekonferencje.pl\/blog\/#website","url":"https:\/\/www.mojekonferencje.pl\/blog\/","name":"MojeKonferencje.pl","description":"Blog bran\u017cy szkoleniowo-konferencyjnej. W\u0142\u0105cz si\u0119 do dyskusji o obiektach konferencyjnych i nowo\u015bciach z bran\u017cy! Poznaj porady odno\u015bnie organizacji konferencji, szkole\u0144 i event\u00f3w firmowych! Zach\u0119camy do wyra\u017cania opinii oraz komentarzy.","potentialAction":[{"@type":"SearchAction","target":{"@type":"EntryPoint","urlTemplate":"https:\/\/www.mojekonferencje.pl\/blog\/?s={search_term_string}"},"query-input":{"@type":"PropertyValueSpecification","valueRequired":true,"valueName":"search_term_string"}}],"inLanguage":"pl-PL"},{"@type":"Person","@id":"https:\/\/www.mojekonferencje.pl\/blog\/#\/schema\/person\/13c4049adfe16d858160c94d5f78acbc","name":"Martyna D\u0105browska","url":"https:\/\/www.mojekonferencje.pl\/blog\/author\/martynadabrowska\/"}]}},"_links":{"self":[{"href":"https:\/\/www.mojekonferencje.pl\/blog\/wp-json\/wp\/v2\/posts\/5798","targetHints":{"allow":["GET"]}}],"collection":[{"href":"https:\/\/www.mojekonferencje.pl\/blog\/wp-json\/wp\/v2\/posts"}],"about":[{"href":"https:\/\/www.mojekonferencje.pl\/blog\/wp-json\/wp\/v2\/types\/post"}],"author":[{"embeddable":true,"href":"https:\/\/www.mojekonferencje.pl\/blog\/wp-json\/wp\/v2\/users\/20"}],"replies":[{"embeddable":true,"href":"https:\/\/www.mojekonferencje.pl\/blog\/wp-json\/wp\/v2\/comments?post=5798"}],"version-history":[{"count":1,"href":"https:\/\/www.mojekonferencje.pl\/blog\/wp-json\/wp\/v2\/posts\/5798\/revisions"}],"predecessor-version":[{"id":5802,"href":"https:\/\/www.mojekonferencje.pl\/blog\/wp-json\/wp\/v2\/posts\/5798\/revisions\/5802"}],"wp:featuredmedia":[{"embeddable":true,"href":"https:\/\/www.mojekonferencje.pl\/blog\/wp-json\/wp\/v2\/media\/5799"}],"wp:attachment":[{"href":"https:\/\/www.mojekonferencje.pl\/blog\/wp-json\/wp\/v2\/media?parent=5798"}],"wp:term":[{"taxonomy":"category","embeddable":true,"href":"https:\/\/www.mojekonferencje.pl\/blog\/wp-json\/wp\/v2\/categories?post=5798"},{"taxonomy":"post_tag","embeddable":true,"href":"https:\/\/www.mojekonferencje.pl\/blog\/wp-json\/wp\/v2\/tags?post=5798"}],"curies":[{"name":"wp","href":"https:\/\/api.w.org\/{rel}","templated":true}]}}