{"id":5816,"date":"2024-11-15T13:48:30","date_gmt":"2024-11-15T11:48:30","guid":{"rendered":"https:\/\/www.mojekonferencje.pl\/blog\/?p=5816"},"modified":"2024-11-15T13:48:31","modified_gmt":"2024-11-15T11:48:31","slug":"korzysci-wynajmu-sali-konferencyjnej-na-spotkania-biznesowe","status":"publish","type":"post","link":"https:\/\/www.mojekonferencje.pl\/blog\/korzysci-wynajmu-sali-konferencyjnej-na-spotkania-biznesowe\/","title":{"rendered":"Korzy\u015bci wynajmu sali konferencyjnej na spotkania biznesowe"},"content":{"rendered":"\n<p>W dzisiejszym, dynamicznym \u015bwiecie biznesu, <strong>wynajem sali konferencyjnej<\/strong> na <strong>spotkania biznesowe<\/strong> to rozwi\u0105zanie, kt\u00f3re zdobywa coraz wi\u0119ksz\u0105 popularno\u015b\u0107. Wykorzystanie profesjonalnych przestrzeni poza biurem pozwala firmom nie tylko na wygod\u0119 i elastyczno\u015b\u0107, ale r\u00f3wnie\u017c na podniesienie presti\u017cu spotkania i zapewnienie go\u015bciom komfortu. Przekonajmy si\u0119, dlaczego wynajem takich sal mo\u017ce by\u0107 korzystniejszy ni\u017c organizowanie spotka\u0144 w biurze.<\/p>\n\n\n\n<h2 class=\"wp-block-heading has-text-align-center\"><strong>Profesjonalne \u015brodowisko \u2013 presti\u017c i elegancja<\/strong><\/h2>\n\n\n\n<p>Wynaj\u0119cie przestrzeni konferencyjnej cz\u0119sto oznacza organizacj\u0119 spotkania w eleganckim, <strong>profesjonalnym \u015brodowisku<\/strong>, co z kolei wp\u0142ywa na pozytywny odbi\u00f3r firmy w oczach partner\u00f3w, klient\u00f3w czy inwestor\u00f3w. Przestrze\u0144 przygotowana specjalnie na <strong>spotkania biznesowe<\/strong> prezentuje si\u0119 znacznie bardziej reprezentacyjnie ni\u017c biuro, kt\u00f3re zazwyczaj jest przystosowane do codziennej pracy. Firmy, kt\u00f3re korzystaj\u0105 z <strong>wynajmu sali konferencyjnej<\/strong>, daj\u0105 w ten spos\u00f3b sygna\u0142, \u017ce s\u0105 gotowe do profesjonalnej obs\u0142ugi i dbaj\u0105 o wizerunek na ka\u017cdym etapie wsp\u00f3\u0142pracy.<\/p>\n\n\n\n<figure class=\"wp-block-image size-large\"><a href=\"https:\/\/www.mojekonferencje.pl\/blog\/wp-content\/uploads\/2024\/11\/Nad_-Elastycznosc-przestrzeni-\u2013-dostosowanie-do-potrzeb-spotkania.jpg\"><img loading=\"lazy\" decoding=\"async\" width=\"1024\" height=\"680\" src=\"https:\/\/www.mojekonferencje.pl\/blog\/wp-content\/uploads\/2024\/11\/Nad_-Elastycznosc-przestrzeni-\u2013-dostosowanie-do-potrzeb-spotkania-1024x680.jpg\" alt=\"\" class=\"wp-image-5818 lazyload\" data-srcset=\"https:\/\/www.mojekonferencje.pl\/blog\/wp-content\/uploads\/2024\/11\/Nad_-Elastycznosc-przestrzeni-\u2013-dostosowanie-do-potrzeb-spotkania-1024x680.jpg 1024w, https:\/\/www.mojekonferencje.pl\/blog\/wp-content\/uploads\/2024\/11\/Nad_-Elastycznosc-przestrzeni-\u2013-dostosowanie-do-potrzeb-spotkania-300x199.jpg 300w, https:\/\/www.mojekonferencje.pl\/blog\/wp-content\/uploads\/2024\/11\/Nad_-Elastycznosc-przestrzeni-\u2013-dostosowanie-do-potrzeb-spotkania-768x510.jpg 768w, https:\/\/www.mojekonferencje.pl\/blog\/wp-content\/uploads\/2024\/11\/Nad_-Elastycznosc-przestrzeni-\u2013-dostosowanie-do-potrzeb-spotkania.jpg 1500w\" sizes=\"auto\" \/><\/a><\/figure>\n\n\n\n<h2 class=\"wp-block-heading has-text-align-center\"><strong>Elastyczno\u015b\u0107 przestrzeni \u2013 dostosowanie do potrzeb spotkania<\/strong><\/h2>\n\n\n\n<p>Jednym z g\u0142\u00f3wnych <strong>korzy\u015bci wynajmu sali konferencyjnej na spotkanie<\/strong> jest jej elastyczno\u015b\u0107. W zale\u017cno\u015bci od charakteru spotkania mo\u017cna dostosowa\u0107 przestrze\u0144 do specyficznych potrzeb \u2014 ma\u0142a sala na kameralne rozmowy czy wi\u0119ksza, przestronna przestrze\u0144 na prezentacj\u0119 dla wi\u0119kszej liczby os\u00f3b. Wynajem pozwala na swobodne dostosowanie ustawienia sto\u0142\u00f3w, krzese\u0142 i sprz\u0119tu tak, aby zapewni\u0107 komfort zar\u00f3wno dla prowadz\u0105cych, jak i uczestnik\u00f3w. W przypadku d\u0142u\u017cszych warsztat\u00f3w czy szkole\u0144, sale konferencyjne cz\u0119sto oferuj\u0105 tak\u017ce mo\u017cliwo\u015b\u0107 podzia\u0142u na mniejsze, bardziej intymne przestrzenie, co dodatkowo u\u0142atwia zarz\u0105dzanie spotkaniem.<\/p>\n\n\n\n<h2 class=\"wp-block-heading has-text-align-center\"><strong>Dost\u0119p do technologii \u2013 nowoczesne narz\u0119dzia i urz\u0105dzenia<\/strong><\/h2>\n\n\n\n<p>Wi\u0119kszo\u015b\u0107 profesjonalnych sal konferencyjnych jest wyposa\u017cona w nowoczesne technologie, kt\u00f3re wspieraj\u0105 efektywno\u015b\u0107 i dynamik\u0119 spotka\u0144. <strong>Wynajem sali konferencyjnej<\/strong> zapewnia dost\u0119p do sprz\u0119tu, takiego jak projektory, ekrany, systemy nag\u0142o\u015bnienia czy szybkiego internetu. Mo\u017cliwo\u015b\u0107 korzystania z tych udogodnie\u0144 eliminuje ryzyko zwi\u0105zane z awariami sprz\u0119tu czy brakiem odpowiednich narz\u0119dzi, co w przypadku spotkania w biurze mog\u0142oby by\u0107 problematyczne. Dzi\u0119ki technologii spotkania staj\u0105 si\u0119 bardziej interaktywne i anga\u017cuj\u0105ce, co zwi\u0119ksza szans\u0119 na sukces ca\u0142ego przedsi\u0119wzi\u0119cia.<\/p>\n\n\n\n<figure class=\"wp-block-image size-large\"><a href=\"https:\/\/www.mojekonferencje.pl\/blog\/wp-content\/uploads\/2024\/11\/nad_-Dodatkowe-korzysci-\u2013-komfort-i-wsparcie-obslugi.jpg\"><img loading=\"lazy\" decoding=\"async\" width=\"1024\" height=\"756\" src=\"https:\/\/www.mojekonferencje.pl\/blog\/wp-content\/uploads\/2024\/11\/nad_-Dodatkowe-korzysci-\u2013-komfort-i-wsparcie-obslugi-1024x756.jpg\" alt=\"\" class=\"wp-image-5819 lazyload\" data-srcset=\"https:\/\/www.mojekonferencje.pl\/blog\/wp-content\/uploads\/2024\/11\/nad_-Dodatkowe-korzysci-\u2013-komfort-i-wsparcie-obslugi-1024x756.jpg 1024w, https:\/\/www.mojekonferencje.pl\/blog\/wp-content\/uploads\/2024\/11\/nad_-Dodatkowe-korzysci-\u2013-komfort-i-wsparcie-obslugi-300x221.jpg 300w, https:\/\/www.mojekonferencje.pl\/blog\/wp-content\/uploads\/2024\/11\/nad_-Dodatkowe-korzysci-\u2013-komfort-i-wsparcie-obslugi-768x567.jpg 768w, https:\/\/www.mojekonferencje.pl\/blog\/wp-content\/uploads\/2024\/11\/nad_-Dodatkowe-korzysci-\u2013-komfort-i-wsparcie-obslugi.jpg 1500w\" sizes=\"auto\" \/><\/a><\/figure>\n\n\n\n<h2 class=\"wp-block-heading has-text-align-center\"><strong>Dodatkowe korzy\u015bci \u2013 komfort i wsparcie obs\u0142ugi<\/strong><\/h2>\n\n\n\n<p>Profesjonalne sale konferencyjne zazwyczaj oferuj\u0105 wsparcie obs\u0142ugi, kt\u00f3ra dba o potrzeby uczestnik\u00f3w i organizator\u00f3w spotkania. Przygotowanie kawy, dost\u0119p do przek\u0105sek czy nawet pomoc techniczna na miejscu to dodatkowe <strong>korzy\u015bci wynajmu sali konferencyjnej na spotkanie<\/strong>. Komfort zapewniony przez obs\u0142ug\u0119 i odpowiednie wyposa\u017cenie wp\u0142ywa na lepsz\u0105 atmosfer\u0119 oraz na to, \u017ce uczestnicy spotkania mog\u0105 skupi\u0107 si\u0119 na tematach merytorycznych, nie martwi\u0105c si\u0119 o organizacyjne detale.<\/p>\n\n\n\n<p><strong>Wynajem sali konferencyjnej<\/strong> na <strong>spotkania biznesowe<\/strong> to idealne rozwi\u0105zanie, kt\u00f3re \u0142\u0105czy presti\u017c, elastyczno\u015b\u0107 i dost\u0119p do nowoczesnych technologii. Dzi\u0119ki takim przestrzeniom organizacja spotka\u0144 nabiera profesjonalnego charakteru, a ich uczestnicy maj\u0105 zapewniony komfort oraz odpowiednie warunki pracy. Wyb\u00f3r sali poza biurem to inwestycja w wizerunek firmy i w jako\u015b\u0107 relacji z klientami oraz partnerami, co w d\u0142u\u017cszej perspektywie przek\u0142ada si\u0119 na sukces biznesowy.<\/p>\n","protected":false},"excerpt":{"rendered":"<p>Dowiedz si\u0119, jakie korzy\u015bci wynajmu sali konferencyjnej mog\u0105 podnie\u015b\u0107 presti\u017c Twoich spotka\u0144 biznesowych.<\/p>\n","protected":false},"author":20,"featured_media":5817,"comment_status":"closed","ping_status":"closed","sticky":false,"template":"","format":"standard","meta":{"_acf_changed":false,"footnotes":""},"categories":[8],"tags":[354,13,19,20],"class_list":["post-5816","post","type-post","status-publish","format-standard","has-post-thumbnail","hentry","category-porady","tag-organizacja-wydarzen","tag-sale-konferencjne","tag-sale-szkoleniowe","tag-spotkania-biznesowe"],"acf":[],"yoast_head":"<!-- This site is optimized with the Yoast SEO plugin v27.1.1 - https:\/\/yoast.com\/product\/yoast-seo-wordpress\/ -->\n<title>Korzy\u015bci wynajmu sali konferencyjnej na spotkania biznesowe - blog | MojeKonferencje.pl<\/title>\n<meta name=\"description\" content=\"Korzy\u015bci wynajmu sali konferencyjnej na spotkania biznesowe - blog | MojeKonferencje.pl\" \/>\n<meta name=\"robots\" content=\"index, follow, max-snippet:-1, max-image-preview:large, max-video-preview:-1\" \/>\n<link rel=\"canonical\" href=\"https:\/\/www.mojekonferencje.pl\/blog\/korzysci-wynajmu-sali-konferencyjnej-na-spotkania-biznesowe\/\" \/>\n<meta property=\"og:locale\" content=\"pl_PL\" \/>\n<meta property=\"og:type\" content=\"article\" \/>\n<meta property=\"og:title\" content=\"Korzy\u015bci wynajmu sali konferencyjnej na spotkania biznesowe - blog | MojeKonferencje.pl\" \/>\n<meta property=\"og:description\" content=\"Korzy\u015bci wynajmu sali konferencyjnej na spotkania biznesowe - blog | MojeKonferencje.pl\" \/>\n<meta property=\"og:url\" content=\"https:\/\/www.mojekonferencje.pl\/blog\/korzysci-wynajmu-sali-konferencyjnej-na-spotkania-biznesowe\/\" \/>\n<meta property=\"og:site_name\" content=\"MojeKonferencje.pl\" \/>\n<meta property=\"article:published_time\" content=\"2024-11-15T11:48:30+00:00\" \/>\n<meta property=\"article:modified_time\" content=\"2024-11-15T11:48:31+00:00\" \/>\n<meta property=\"og:image\" content=\"https:\/\/www.mojekonferencje.pl\/blog\/wp-content\/uploads\/2024\/11\/Zdjecie-glowne.jpg\" \/>\n\t<meta property=\"og:image:width\" content=\"1500\" \/>\n\t<meta property=\"og:image:height\" content=\"994\" \/>\n\t<meta property=\"og:image:type\" content=\"image\/jpeg\" \/>\n<meta name=\"author\" content=\"Martyna D\u0105browska\" \/>\n<meta name=\"twitter:card\" content=\"summary_large_image\" \/>\n<meta name=\"twitter:label1\" content=\"Napisane przez\" \/>\n\t<meta name=\"twitter:data1\" content=\"Martyna D\u0105browska\" \/>\n\t<meta name=\"twitter:label2\" content=\"Szacowany czas czytania\" \/>\n\t<meta name=\"twitter:data2\" content=\"4 minuty\" \/>\n<script type=\"application\/ld+json\" class=\"yoast-schema-graph\">{\"@context\":\"https:\/\/schema.org\",\"@graph\":[{\"@type\":\"Article\",\"@id\":\"https:\/\/www.mojekonferencje.pl\/blog\/korzysci-wynajmu-sali-konferencyjnej-na-spotkania-biznesowe\/#article\",\"isPartOf\":{\"@id\":\"https:\/\/www.mojekonferencje.pl\/blog\/korzysci-wynajmu-sali-konferencyjnej-na-spotkania-biznesowe\/\"},\"author\":{\"name\":\"Martyna D\u0105browska\",\"@id\":\"https:\/\/www.mojekonferencje.pl\/blog\/#\/schema\/person\/13c4049adfe16d858160c94d5f78acbc\"},\"headline\":\"Korzy\u015bci wynajmu sali konferencyjnej na spotkania biznesowe\",\"datePublished\":\"2024-11-15T11:48:30+00:00\",\"dateModified\":\"2024-11-15T11:48:31+00:00\",\"mainEntityOfPage\":{\"@id\":\"https:\/\/www.mojekonferencje.pl\/blog\/korzysci-wynajmu-sali-konferencyjnej-na-spotkania-biznesowe\/\"},\"wordCount\":521,\"image\":{\"@id\":\"https:\/\/www.mojekonferencje.pl\/blog\/korzysci-wynajmu-sali-konferencyjnej-na-spotkania-biznesowe\/#primaryimage\"},\"thumbnailUrl\":\"https:\/\/www.mojekonferencje.pl\/blog\/wp-content\/uploads\/2024\/11\/Zdjecie-glowne.jpg\",\"keywords\":[\"organizacja wydarze\u0144\",\"sale konferencjne\",\"sale szkoleniowe\",\"spotkania biznesowe\"],\"articleSection\":[\"Porady\"],\"inLanguage\":\"pl-PL\"},{\"@type\":\"WebPage\",\"@id\":\"https:\/\/www.mojekonferencje.pl\/blog\/korzysci-wynajmu-sali-konferencyjnej-na-spotkania-biznesowe\/\",\"url\":\"https:\/\/www.mojekonferencje.pl\/blog\/korzysci-wynajmu-sali-konferencyjnej-na-spotkania-biznesowe\/\",\"name\":\"Korzy\u015bci wynajmu sali konferencyjnej na spotkania biznesowe - blog | MojeKonferencje.pl\",\"isPartOf\":{\"@id\":\"https:\/\/www.mojekonferencje.pl\/blog\/#website\"},\"primaryImageOfPage\":{\"@id\":\"https:\/\/www.mojekonferencje.pl\/blog\/korzysci-wynajmu-sali-konferencyjnej-na-spotkania-biznesowe\/#primaryimage\"},\"image\":{\"@id\":\"https:\/\/www.mojekonferencje.pl\/blog\/korzysci-wynajmu-sali-konferencyjnej-na-spotkania-biznesowe\/#primaryimage\"},\"thumbnailUrl\":\"https:\/\/www.mojekonferencje.pl\/blog\/wp-content\/uploads\/2024\/11\/Zdjecie-glowne.jpg\",\"datePublished\":\"2024-11-15T11:48:30+00:00\",\"dateModified\":\"2024-11-15T11:48:31+00:00\",\"author\":{\"@id\":\"https:\/\/www.mojekonferencje.pl\/blog\/#\/schema\/person\/13c4049adfe16d858160c94d5f78acbc\"},\"description\":\"Korzy\u015bci wynajmu sali konferencyjnej na spotkania biznesowe - blog | MojeKonferencje.pl\",\"breadcrumb\":{\"@id\":\"https:\/\/www.mojekonferencje.pl\/blog\/korzysci-wynajmu-sali-konferencyjnej-na-spotkania-biznesowe\/#breadcrumb\"},\"inLanguage\":\"pl-PL\",\"potentialAction\":[{\"@type\":\"ReadAction\",\"target\":[\"https:\/\/www.mojekonferencje.pl\/blog\/korzysci-wynajmu-sali-konferencyjnej-na-spotkania-biznesowe\/\"]}]},{\"@type\":\"ImageObject\",\"inLanguage\":\"pl-PL\",\"@id\":\"https:\/\/www.mojekonferencje.pl\/blog\/korzysci-wynajmu-sali-konferencyjnej-na-spotkania-biznesowe\/#primaryimage\",\"url\":\"https:\/\/www.mojekonferencje.pl\/blog\/wp-content\/uploads\/2024\/11\/Zdjecie-glowne.jpg\",\"contentUrl\":\"https:\/\/www.mojekonferencje.pl\/blog\/wp-content\/uploads\/2024\/11\/Zdjecie-glowne.jpg\",\"width\":1500,\"height\":994},{\"@type\":\"BreadcrumbList\",\"@id\":\"https:\/\/www.mojekonferencje.pl\/blog\/korzysci-wynajmu-sali-konferencyjnej-na-spotkania-biznesowe\/#breadcrumb\",\"itemListElement\":[{\"@type\":\"ListItem\",\"position\":1,\"name\":\"Strona g\u0142\u00f3wna\",\"item\":\"https:\/\/www.mojekonferencje.pl\/blog\/\"},{\"@type\":\"ListItem\",\"position\":2,\"name\":\"Korzy\u015bci wynajmu sali konferencyjnej na spotkania biznesowe\"}]},{\"@type\":\"WebSite\",\"@id\":\"https:\/\/www.mojekonferencje.pl\/blog\/#website\",\"url\":\"https:\/\/www.mojekonferencje.pl\/blog\/\",\"name\":\"MojeKonferencje.pl\",\"description\":\"Blog bran\u017cy szkoleniowo-konferencyjnej. W\u0142\u0105cz si\u0119 do dyskusji o obiektach konferencyjnych i nowo\u015bciach z bran\u017cy! Poznaj porady odno\u015bnie organizacji konferencji, szkole\u0144 i event\u00f3w firmowych! Zach\u0119camy do wyra\u017cania opinii oraz komentarzy.\",\"potentialAction\":[{\"@type\":\"SearchAction\",\"target\":{\"@type\":\"EntryPoint\",\"urlTemplate\":\"https:\/\/www.mojekonferencje.pl\/blog\/?s={search_term_string}\"},\"query-input\":{\"@type\":\"PropertyValueSpecification\",\"valueRequired\":true,\"valueName\":\"search_term_string\"}}],\"inLanguage\":\"pl-PL\"},{\"@type\":\"Person\",\"@id\":\"https:\/\/www.mojekonferencje.pl\/blog\/#\/schema\/person\/13c4049adfe16d858160c94d5f78acbc\",\"name\":\"Martyna D\u0105browska\",\"url\":\"https:\/\/www.mojekonferencje.pl\/blog\/author\/martynadabrowska\/\"}]}<\/script>\n<!-- \/ Yoast SEO plugin. -->","yoast_head_json":{"title":"Korzy\u015bci wynajmu sali konferencyjnej na spotkania biznesowe - blog | MojeKonferencje.pl","description":"Korzy\u015bci wynajmu sali konferencyjnej na spotkania biznesowe - blog | MojeKonferencje.pl","robots":{"index":"index","follow":"follow","max-snippet":"max-snippet:-1","max-image-preview":"max-image-preview:large","max-video-preview":"max-video-preview:-1"},"canonical":"https:\/\/www.mojekonferencje.pl\/blog\/korzysci-wynajmu-sali-konferencyjnej-na-spotkania-biznesowe\/","og_locale":"pl_PL","og_type":"article","og_title":"Korzy\u015bci wynajmu sali konferencyjnej na spotkania biznesowe - blog | MojeKonferencje.pl","og_description":"Korzy\u015bci wynajmu sali konferencyjnej na spotkania biznesowe - blog | MojeKonferencje.pl","og_url":"https:\/\/www.mojekonferencje.pl\/blog\/korzysci-wynajmu-sali-konferencyjnej-na-spotkania-biznesowe\/","og_site_name":"MojeKonferencje.pl","article_published_time":"2024-11-15T11:48:30+00:00","article_modified_time":"2024-11-15T11:48:31+00:00","og_image":[{"width":1500,"height":994,"url":"https:\/\/www.mojekonferencje.pl\/blog\/wp-content\/uploads\/2024\/11\/Zdjecie-glowne.jpg","type":"image\/jpeg"}],"author":"Martyna D\u0105browska","twitter_card":"summary_large_image","twitter_misc":{"Napisane przez":"Martyna D\u0105browska","Szacowany czas czytania":"4 minuty"},"schema":{"@context":"https:\/\/schema.org","@graph":[{"@type":"Article","@id":"https:\/\/www.mojekonferencje.pl\/blog\/korzysci-wynajmu-sali-konferencyjnej-na-spotkania-biznesowe\/#article","isPartOf":{"@id":"https:\/\/www.mojekonferencje.pl\/blog\/korzysci-wynajmu-sali-konferencyjnej-na-spotkania-biznesowe\/"},"author":{"name":"Martyna D\u0105browska","@id":"https:\/\/www.mojekonferencje.pl\/blog\/#\/schema\/person\/13c4049adfe16d858160c94d5f78acbc"},"headline":"Korzy\u015bci wynajmu sali konferencyjnej na spotkania biznesowe","datePublished":"2024-11-15T11:48:30+00:00","dateModified":"2024-11-15T11:48:31+00:00","mainEntityOfPage":{"@id":"https:\/\/www.mojekonferencje.pl\/blog\/korzysci-wynajmu-sali-konferencyjnej-na-spotkania-biznesowe\/"},"wordCount":521,"image":{"@id":"https:\/\/www.mojekonferencje.pl\/blog\/korzysci-wynajmu-sali-konferencyjnej-na-spotkania-biznesowe\/#primaryimage"},"thumbnailUrl":"https:\/\/www.mojekonferencje.pl\/blog\/wp-content\/uploads\/2024\/11\/Zdjecie-glowne.jpg","keywords":["organizacja wydarze\u0144","sale konferencjne","sale szkoleniowe","spotkania biznesowe"],"articleSection":["Porady"],"inLanguage":"pl-PL"},{"@type":"WebPage","@id":"https:\/\/www.mojekonferencje.pl\/blog\/korzysci-wynajmu-sali-konferencyjnej-na-spotkania-biznesowe\/","url":"https:\/\/www.mojekonferencje.pl\/blog\/korzysci-wynajmu-sali-konferencyjnej-na-spotkania-biznesowe\/","name":"Korzy\u015bci wynajmu sali konferencyjnej na spotkania biznesowe - blog | MojeKonferencje.pl","isPartOf":{"@id":"https:\/\/www.mojekonferencje.pl\/blog\/#website"},"primaryImageOfPage":{"@id":"https:\/\/www.mojekonferencje.pl\/blog\/korzysci-wynajmu-sali-konferencyjnej-na-spotkania-biznesowe\/#primaryimage"},"image":{"@id":"https:\/\/www.mojekonferencje.pl\/blog\/korzysci-wynajmu-sali-konferencyjnej-na-spotkania-biznesowe\/#primaryimage"},"thumbnailUrl":"https:\/\/www.mojekonferencje.pl\/blog\/wp-content\/uploads\/2024\/11\/Zdjecie-glowne.jpg","datePublished":"2024-11-15T11:48:30+00:00","dateModified":"2024-11-15T11:48:31+00:00","author":{"@id":"https:\/\/www.mojekonferencje.pl\/blog\/#\/schema\/person\/13c4049adfe16d858160c94d5f78acbc"},"description":"Korzy\u015bci wynajmu sali konferencyjnej na spotkania biznesowe - blog | MojeKonferencje.pl","breadcrumb":{"@id":"https:\/\/www.mojekonferencje.pl\/blog\/korzysci-wynajmu-sali-konferencyjnej-na-spotkania-biznesowe\/#breadcrumb"},"inLanguage":"pl-PL","potentialAction":[{"@type":"ReadAction","target":["https:\/\/www.mojekonferencje.pl\/blog\/korzysci-wynajmu-sali-konferencyjnej-na-spotkania-biznesowe\/"]}]},{"@type":"ImageObject","inLanguage":"pl-PL","@id":"https:\/\/www.mojekonferencje.pl\/blog\/korzysci-wynajmu-sali-konferencyjnej-na-spotkania-biznesowe\/#primaryimage","url":"https:\/\/www.mojekonferencje.pl\/blog\/wp-content\/uploads\/2024\/11\/Zdjecie-glowne.jpg","contentUrl":"https:\/\/www.mojekonferencje.pl\/blog\/wp-content\/uploads\/2024\/11\/Zdjecie-glowne.jpg","width":1500,"height":994},{"@type":"BreadcrumbList","@id":"https:\/\/www.mojekonferencje.pl\/blog\/korzysci-wynajmu-sali-konferencyjnej-na-spotkania-biznesowe\/#breadcrumb","itemListElement":[{"@type":"ListItem","position":1,"name":"Strona g\u0142\u00f3wna","item":"https:\/\/www.mojekonferencje.pl\/blog\/"},{"@type":"ListItem","position":2,"name":"Korzy\u015bci wynajmu sali konferencyjnej na spotkania biznesowe"}]},{"@type":"WebSite","@id":"https:\/\/www.mojekonferencje.pl\/blog\/#website","url":"https:\/\/www.mojekonferencje.pl\/blog\/","name":"MojeKonferencje.pl","description":"Blog bran\u017cy szkoleniowo-konferencyjnej. W\u0142\u0105cz si\u0119 do dyskusji o obiektach konferencyjnych i nowo\u015bciach z bran\u017cy! Poznaj porady odno\u015bnie organizacji konferencji, szkole\u0144 i event\u00f3w firmowych! Zach\u0119camy do wyra\u017cania opinii oraz komentarzy.","potentialAction":[{"@type":"SearchAction","target":{"@type":"EntryPoint","urlTemplate":"https:\/\/www.mojekonferencje.pl\/blog\/?s={search_term_string}"},"query-input":{"@type":"PropertyValueSpecification","valueRequired":true,"valueName":"search_term_string"}}],"inLanguage":"pl-PL"},{"@type":"Person","@id":"https:\/\/www.mojekonferencje.pl\/blog\/#\/schema\/person\/13c4049adfe16d858160c94d5f78acbc","name":"Martyna D\u0105browska","url":"https:\/\/www.mojekonferencje.pl\/blog\/author\/martynadabrowska\/"}]}},"_links":{"self":[{"href":"https:\/\/www.mojekonferencje.pl\/blog\/wp-json\/wp\/v2\/posts\/5816","targetHints":{"allow":["GET"]}}],"collection":[{"href":"https:\/\/www.mojekonferencje.pl\/blog\/wp-json\/wp\/v2\/posts"}],"about":[{"href":"https:\/\/www.mojekonferencje.pl\/blog\/wp-json\/wp\/v2\/types\/post"}],"author":[{"embeddable":true,"href":"https:\/\/www.mojekonferencje.pl\/blog\/wp-json\/wp\/v2\/users\/20"}],"replies":[{"embeddable":true,"href":"https:\/\/www.mojekonferencje.pl\/blog\/wp-json\/wp\/v2\/comments?post=5816"}],"version-history":[{"count":1,"href":"https:\/\/www.mojekonferencje.pl\/blog\/wp-json\/wp\/v2\/posts\/5816\/revisions"}],"predecessor-version":[{"id":5820,"href":"https:\/\/www.mojekonferencje.pl\/blog\/wp-json\/wp\/v2\/posts\/5816\/revisions\/5820"}],"wp:featuredmedia":[{"embeddable":true,"href":"https:\/\/www.mojekonferencje.pl\/blog\/wp-json\/wp\/v2\/media\/5817"}],"wp:attachment":[{"href":"https:\/\/www.mojekonferencje.pl\/blog\/wp-json\/wp\/v2\/media?parent=5816"}],"wp:term":[{"taxonomy":"category","embeddable":true,"href":"https:\/\/www.mojekonferencje.pl\/blog\/wp-json\/wp\/v2\/categories?post=5816"},{"taxonomy":"post_tag","embeddable":true,"href":"https:\/\/www.mojekonferencje.pl\/blog\/wp-json\/wp\/v2\/tags?post=5816"}],"curies":[{"name":"wp","href":"https:\/\/api.w.org\/{rel}","templated":true}]}}