{"id":5989,"date":"2025-01-15T10:00:00","date_gmt":"2025-01-15T08:00:00","guid":{"rendered":"https:\/\/www.mojekonferencje.pl\/blog\/?p=5989"},"modified":"2024-12-28T19:16:34","modified_gmt":"2024-12-28T17:16:34","slug":"trendy-w-organizowaniu-spotkan-biznesowych-w-2025-roku","status":"publish","type":"post","link":"https:\/\/www.mojekonferencje.pl\/blog\/trendy-w-organizowaniu-spotkan-biznesowych-w-2025-roku\/","title":{"rendered":"Trendy w organizowaniu spotka\u0144 biznesowych w 2025 roku"},"content":{"rendered":"\n<p>Dynamicznie zmieniaj\u0105cy si\u0119 \u015bwiat biznesu wymaga dostosowania sposobu organizowania wydarze\u0144 do nowych oczekiwa\u0144 uczestnik\u00f3w i wyzwa\u0144 globalnych. Rok 2025 przyniesie nowe mo\u017cliwo\u015bci, technologie i podej\u015bcia, kt\u00f3re zrewolucjonizuj\u0105 <strong>spotkania biznesowe 2025<\/strong>. Jakie <strong>trendy w organizowaniu spotka\u0144<\/strong> b\u0119d\u0105 dominowa\u0107 w nadchodz\u0105cym roku?<\/p>\n\n\n\n<h2 class=\"wp-block-heading has-text-align-center\"><strong>Wzrost znaczenia nowych technologii<\/strong><\/h2>\n\n\n\n<p>W 2025 roku <strong>nowe technologie w spotkaniach<\/strong> b\u0119d\u0105 kluczowym elementem sukcesu. Rozwi\u0105zania takie jak rozszerzona rzeczywisto\u015b\u0107 (AR) i wirtualna rzeczywisto\u015b\u0107 (VR) umo\u017cliwi\u0105 uczestnikom bardziej immersyjne do\u015bwiadczenia, np. wirtualne wycieczki po produktach czy przestrzeniach. Ponadto sztuczna inteligencja (AI) pomo\u017ce organizatorom lepiej dostosowa\u0107 tre\u015bci wydarzenia do oczekiwa\u0144 uczestnik\u00f3w, analizuj\u0105c dane w czasie rzeczywistym. Chatboty oraz platformy do zarz\u0105dzania eventami stan\u0105 si\u0119 standardem, automatyzuj\u0105c komunikacj\u0119 i upraszczaj\u0105c proces rejestracji.<\/p>\n\n\n\n<h2 class=\"wp-block-heading has-text-align-center\"><strong>Zr\u00f3wnowa\u017cony rozw\u00f3j jako priorytet<\/strong><\/h2>\n\n\n\n<p>Z roku na rok ro\u015bnie potrzeba wprowadzania ekologicznych praktyk w biznesie. <strong>Spotkania biznesowe 2025<\/strong> b\u0119d\u0105 bardziej zr\u00f3wnowa\u017cone ni\u017c kiedykolwiek. Organizatorzy coraz cz\u0119\u015bciej korzystaj\u0105 z biodegradowalnych materia\u0142\u00f3w, oszcz\u0119dzaj\u0105 energi\u0119 i wod\u0119, a tak\u017ce minimalizuj\u0105 odpady. Popularno\u015b\u0107 zyskaj\u0105 &#8222;zielone certyfikaty&#8221;, kt\u00f3re obiekty mog\u0105 uzyska\u0107, udowadniaj\u0105c swoje zaanga\u017cowanie w ochron\u0119 \u015brodowiska. Wprowadzenie cyfrowych materia\u0142\u00f3w konferencyjnych zamiast drukowanych broszur to tylko jeden z przyk\u0142ad\u00f3w dzia\u0142a\u0144 sprzyjaj\u0105cych zr\u00f3wnowa\u017conemu rozwojowi.<\/p>\n\n\n\n<figure class=\"wp-block-image size-large\"><a href=\"https:\/\/www.mojekonferencje.pl\/blog\/wp-content\/uploads\/2024\/12\/Zrownowazony-rozwoj-jako-priorytet.jpg\"><img loading=\"lazy\" decoding=\"async\" width=\"1024\" height=\"683\" src=\"https:\/\/www.mojekonferencje.pl\/blog\/wp-content\/uploads\/2024\/12\/Zrownowazony-rozwoj-jako-priorytet-1024x683.jpg\" alt=\"\" class=\"wp-image-5991 lazyload\" data-srcset=\"https:\/\/www.mojekonferencje.pl\/blog\/wp-content\/uploads\/2024\/12\/Zrownowazony-rozwoj-jako-priorytet-1024x683.jpg 1024w, https:\/\/www.mojekonferencje.pl\/blog\/wp-content\/uploads\/2024\/12\/Zrownowazony-rozwoj-jako-priorytet-300x200.jpg 300w, https:\/\/www.mojekonferencje.pl\/blog\/wp-content\/uploads\/2024\/12\/Zrownowazony-rozwoj-jako-priorytet-768x512.jpg 768w, https:\/\/www.mojekonferencje.pl\/blog\/wp-content\/uploads\/2024\/12\/Zrownowazony-rozwoj-jako-priorytet.jpg 1500w\" sizes=\"auto\" \/><\/a><\/figure>\n\n\n\n<h2 class=\"wp-block-heading has-text-align-center\"><strong>Hybrydowe spotkania \u2013 format na czasie<\/strong><\/h2>\n\n\n\n<p>Pandemia przyspieszy\u0142a adaptacj\u0119 hybrydowych format\u00f3w wydarze\u0144, a ich popularno\u015b\u0107 b\u0119dzie nadal ros\u0142a. <strong>Trendy w organizowaniu spotka\u0144<\/strong> w 2025 roku obejmuj\u0105 \u0142\u0105czenie do\u015bwiadcze\u0144 online i offline. Uczestnicy mog\u0105 bra\u0107 udzia\u0142 w spotkaniach z dowolnego miejsca na \u015bwiecie, a jednocze\u015bnie wci\u0105\u017c mie\u0107 mo\u017cliwo\u015b\u0107 nawi\u0105zania relacji na \u017cywo. Dzi\u0119ki zaawansowanym platformom streamingowym oraz interaktywnym funkcjom, takim jak pokoje do networkingu czy sesje Q&amp;A w czasie rzeczywistym, organizatorzy b\u0119d\u0105 mogli zaspokoi\u0107 potrzeby obu grup odbiorc\u00f3w.<\/p>\n\n\n\n<h2 class=\"wp-block-heading has-text-align-center\"><strong>Personalizacja do\u015bwiadcze\u0144 uczestnik\u00f3w<\/strong><\/h2>\n\n\n\n<p>Jednym z g\u0142\u00f3wnych <strong>trend\u00f3w w organizowaniu spotka\u0144<\/strong> jest personalizacja do\u015bwiadcze\u0144. Organizatorzy coraz cz\u0119\u015bciej dostosowuj\u0105 agend\u0119 wydarzenia do indywidualnych preferencji uczestnik\u00f3w. Dzi\u0119ki analizie danych mo\u017cliwe b\u0119dzie tworzenie dedykowanych \u015bcie\u017cek tematycznych czy rekomendowanie sesji i warsztat\u00f3w na podstawie zainteresowa\u0144. Personalizacja dotyczy tak\u017ce cateringu \u2013 uwzgl\u0119dniaj\u0105c preferencje dietetyczne \u2013 czy przygotowywania indywidualnych materia\u0142\u00f3w konferencyjnych.<\/p>\n\n\n\n<figure class=\"wp-block-image size-large\"><a href=\"https:\/\/www.mojekonferencje.pl\/blog\/wp-content\/uploads\/2024\/12\/Personalizacja-doswiadczen-uczestnikow.jpg\"><img loading=\"lazy\" decoding=\"async\" width=\"1024\" height=\"683\" src=\"https:\/\/www.mojekonferencje.pl\/blog\/wp-content\/uploads\/2024\/12\/Personalizacja-doswiadczen-uczestnikow-1024x683.jpg\" alt=\"\" class=\"wp-image-5992 lazyload\" data-srcset=\"https:\/\/www.mojekonferencje.pl\/blog\/wp-content\/uploads\/2024\/12\/Personalizacja-doswiadczen-uczestnikow-1024x683.jpg 1024w, https:\/\/www.mojekonferencje.pl\/blog\/wp-content\/uploads\/2024\/12\/Personalizacja-doswiadczen-uczestnikow-300x200.jpg 300w, https:\/\/www.mojekonferencje.pl\/blog\/wp-content\/uploads\/2024\/12\/Personalizacja-doswiadczen-uczestnikow-768x512.jpg 768w, https:\/\/www.mojekonferencje.pl\/blog\/wp-content\/uploads\/2024\/12\/Personalizacja-doswiadczen-uczestnikow.jpg 1500w\" sizes=\"auto\" \/><\/a><\/figure>\n\n\n\n<h2 class=\"wp-block-heading has-text-align-center\"><strong>Nowe formaty spotka\u0144 w 2025 roku<\/strong><\/h2>\n\n\n\n<p>Nadchodz\u0105cy rok przyniesie innowacyjne podej\u015bcia do organizacji wydarze\u0144. W\u015br\u00f3d nowo\u015bci warto wymieni\u0107 &#8222;micro-events&#8221;, czyli kameralne spotkania skupione na konkretnych grupach docelowych, kt\u00f3re umo\u017cliwiaj\u0105 bardziej bezpo\u015brednie zaanga\u017cowanie uczestnik\u00f3w. Popularno\u015b\u0107 zyskaj\u0105 tak\u017ce wydarzenia roz\u0142o\u017cone na kilka dni, podczas kt\u00f3rych uczestnicy b\u0119d\u0105 mogli \u0142\u0105czy\u0107 prac\u0119 z relaksem (tzw. <em>workation<\/em>). Warto r\u00f3wnie\u017c zwr\u00f3ci\u0107 uwag\u0119 na integracj\u0119 element\u00f3w rozrywki i sztuki, takich jak interaktywne instalacje artystyczne czy wyst\u0119py muzyczne.Rok 2025 przyniesie liczne zmiany w organizacji wydarze\u0144. <strong>Nowe technologie w spotkaniach<\/strong>, zr\u00f3wnowa\u017cony rozw\u00f3j, hybrydowe formaty, personalizacja do\u015bwiadcze\u0144 i innowacyjne podej\u015bcia do tworzenia wydarze\u0144 to tylko niekt\u00f3re z najwa\u017cniejszych <strong>trend\u00f3w w organizowaniu spotka\u0144<\/strong>. Organizatorzy, kt\u00f3rzy zdecyduj\u0105 si\u0119 na wdro\u017cenie tych nowo\u015bci, zyskaj\u0105 przewag\u0119 na rynku i lepiej odpowiedz\u0105 na potrzeby dynamicznie zmieniaj\u0105cej si\u0119 bran\u017cy.<\/p>\n","protected":false},"excerpt":{"rendered":"<p>Jak zmieni\u0105 si\u0119 spotkania biznesowe w 2025 roku? Sprawd\u017a, jakie technologie i innowacje zrewolucjonizuj\u0105 bran\u017c\u0119 eventow\u0105.<\/p>\n","protected":false},"author":20,"featured_media":5990,"comment_status":"closed","ping_status":"closed","sticky":false,"template":"","format":"standard","meta":{"_acf_changed":false,"footnotes":""},"categories":[8],"tags":[353,354,20],"class_list":["post-5989","post","type-post","status-publish","format-standard","has-post-thumbnail","hentry","category-porady","tag-organizacja-imprez","tag-organizacja-wydarzen","tag-spotkania-biznesowe"],"acf":[],"yoast_head":"<!-- This site is optimized with the Yoast SEO plugin v27.1.1 - https:\/\/yoast.com\/product\/yoast-seo-wordpress\/ -->\n<title>Trendy w organizowaniu spotka\u0144 biznesowych w 2025 roku - blog | MojeKonferencje.pl<\/title>\n<meta name=\"description\" content=\"Trendy w organizowaniu spotka\u0144 biznesowych w 2025 roku - blog | MojeKonferencje.pl\" \/>\n<meta name=\"robots\" content=\"index, follow, max-snippet:-1, max-image-preview:large, max-video-preview:-1\" \/>\n<link rel=\"canonical\" href=\"https:\/\/www.mojekonferencje.pl\/blog\/trendy-w-organizowaniu-spotkan-biznesowych-w-2025-roku\/\" \/>\n<meta property=\"og:locale\" content=\"pl_PL\" \/>\n<meta property=\"og:type\" content=\"article\" \/>\n<meta property=\"og:title\" content=\"Trendy w organizowaniu spotka\u0144 biznesowych w 2025 roku - blog | MojeKonferencje.pl\" \/>\n<meta property=\"og:description\" content=\"Trendy w organizowaniu spotka\u0144 biznesowych w 2025 roku - blog | MojeKonferencje.pl\" \/>\n<meta property=\"og:url\" content=\"https:\/\/www.mojekonferencje.pl\/blog\/trendy-w-organizowaniu-spotkan-biznesowych-w-2025-roku\/\" \/>\n<meta property=\"og:site_name\" content=\"MojeKonferencje.pl\" \/>\n<meta property=\"article:published_time\" content=\"2025-01-15T08:00:00+00:00\" \/>\n<meta property=\"og:image\" content=\"https:\/\/www.mojekonferencje.pl\/blog\/wp-content\/uploads\/2024\/12\/glowne-2-1.jpg\" \/>\n\t<meta property=\"og:image:width\" content=\"1500\" \/>\n\t<meta property=\"og:image:height\" content=\"1125\" \/>\n\t<meta property=\"og:image:type\" content=\"image\/jpeg\" \/>\n<meta name=\"author\" content=\"Martyna D\u0105browska\" \/>\n<meta name=\"twitter:card\" content=\"summary_large_image\" \/>\n<meta name=\"twitter:label1\" content=\"Napisane przez\" \/>\n\t<meta name=\"twitter:data1\" content=\"Martyna D\u0105browska\" \/>\n\t<meta name=\"twitter:label2\" content=\"Szacowany czas czytania\" \/>\n\t<meta name=\"twitter:data2\" content=\"4 minuty\" \/>\n<script type=\"application\/ld+json\" class=\"yoast-schema-graph\">{\"@context\":\"https:\/\/schema.org\",\"@graph\":[{\"@type\":\"Article\",\"@id\":\"https:\/\/www.mojekonferencje.pl\/blog\/trendy-w-organizowaniu-spotkan-biznesowych-w-2025-roku\/#article\",\"isPartOf\":{\"@id\":\"https:\/\/www.mojekonferencje.pl\/blog\/trendy-w-organizowaniu-spotkan-biznesowych-w-2025-roku\/\"},\"author\":{\"name\":\"Martyna D\u0105browska\",\"@id\":\"https:\/\/www.mojekonferencje.pl\/blog\/#\/schema\/person\/13c4049adfe16d858160c94d5f78acbc\"},\"headline\":\"Trendy w organizowaniu spotka\u0144 biznesowych w 2025 roku\",\"datePublished\":\"2025-01-15T08:00:00+00:00\",\"mainEntityOfPage\":{\"@id\":\"https:\/\/www.mojekonferencje.pl\/blog\/trendy-w-organizowaniu-spotkan-biznesowych-w-2025-roku\/\"},\"wordCount\":531,\"image\":{\"@id\":\"https:\/\/www.mojekonferencje.pl\/blog\/trendy-w-organizowaniu-spotkan-biznesowych-w-2025-roku\/#primaryimage\"},\"thumbnailUrl\":\"https:\/\/www.mojekonferencje.pl\/blog\/wp-content\/uploads\/2024\/12\/glowne-2-1.jpg\",\"keywords\":[\"organizacja imprez\",\"organizacja wydarze\u0144\",\"spotkania biznesowe\"],\"articleSection\":[\"Porady\"],\"inLanguage\":\"pl-PL\"},{\"@type\":\"WebPage\",\"@id\":\"https:\/\/www.mojekonferencje.pl\/blog\/trendy-w-organizowaniu-spotkan-biznesowych-w-2025-roku\/\",\"url\":\"https:\/\/www.mojekonferencje.pl\/blog\/trendy-w-organizowaniu-spotkan-biznesowych-w-2025-roku\/\",\"name\":\"Trendy w organizowaniu spotka\u0144 biznesowych w 2025 roku - blog | MojeKonferencje.pl\",\"isPartOf\":{\"@id\":\"https:\/\/www.mojekonferencje.pl\/blog\/#website\"},\"primaryImageOfPage\":{\"@id\":\"https:\/\/www.mojekonferencje.pl\/blog\/trendy-w-organizowaniu-spotkan-biznesowych-w-2025-roku\/#primaryimage\"},\"image\":{\"@id\":\"https:\/\/www.mojekonferencje.pl\/blog\/trendy-w-organizowaniu-spotkan-biznesowych-w-2025-roku\/#primaryimage\"},\"thumbnailUrl\":\"https:\/\/www.mojekonferencje.pl\/blog\/wp-content\/uploads\/2024\/12\/glowne-2-1.jpg\",\"datePublished\":\"2025-01-15T08:00:00+00:00\",\"author\":{\"@id\":\"https:\/\/www.mojekonferencje.pl\/blog\/#\/schema\/person\/13c4049adfe16d858160c94d5f78acbc\"},\"description\":\"Trendy w organizowaniu spotka\u0144 biznesowych w 2025 roku - blog | MojeKonferencje.pl\",\"breadcrumb\":{\"@id\":\"https:\/\/www.mojekonferencje.pl\/blog\/trendy-w-organizowaniu-spotkan-biznesowych-w-2025-roku\/#breadcrumb\"},\"inLanguage\":\"pl-PL\",\"potentialAction\":[{\"@type\":\"ReadAction\",\"target\":[\"https:\/\/www.mojekonferencje.pl\/blog\/trendy-w-organizowaniu-spotkan-biznesowych-w-2025-roku\/\"]}]},{\"@type\":\"ImageObject\",\"inLanguage\":\"pl-PL\",\"@id\":\"https:\/\/www.mojekonferencje.pl\/blog\/trendy-w-organizowaniu-spotkan-biznesowych-w-2025-roku\/#primaryimage\",\"url\":\"https:\/\/www.mojekonferencje.pl\/blog\/wp-content\/uploads\/2024\/12\/glowne-2-1.jpg\",\"contentUrl\":\"https:\/\/www.mojekonferencje.pl\/blog\/wp-content\/uploads\/2024\/12\/glowne-2-1.jpg\",\"width\":1500,\"height\":1125},{\"@type\":\"BreadcrumbList\",\"@id\":\"https:\/\/www.mojekonferencje.pl\/blog\/trendy-w-organizowaniu-spotkan-biznesowych-w-2025-roku\/#breadcrumb\",\"itemListElement\":[{\"@type\":\"ListItem\",\"position\":1,\"name\":\"Strona g\u0142\u00f3wna\",\"item\":\"https:\/\/www.mojekonferencje.pl\/blog\/\"},{\"@type\":\"ListItem\",\"position\":2,\"name\":\"Trendy w organizowaniu spotka\u0144 biznesowych w 2025 roku\"}]},{\"@type\":\"WebSite\",\"@id\":\"https:\/\/www.mojekonferencje.pl\/blog\/#website\",\"url\":\"https:\/\/www.mojekonferencje.pl\/blog\/\",\"name\":\"MojeKonferencje.pl\",\"description\":\"Blog bran\u017cy szkoleniowo-konferencyjnej. W\u0142\u0105cz si\u0119 do dyskusji o obiektach konferencyjnych i nowo\u015bciach z bran\u017cy! Poznaj porady odno\u015bnie organizacji konferencji, szkole\u0144 i event\u00f3w firmowych! Zach\u0119camy do wyra\u017cania opinii oraz komentarzy.\",\"potentialAction\":[{\"@type\":\"SearchAction\",\"target\":{\"@type\":\"EntryPoint\",\"urlTemplate\":\"https:\/\/www.mojekonferencje.pl\/blog\/?s={search_term_string}\"},\"query-input\":{\"@type\":\"PropertyValueSpecification\",\"valueRequired\":true,\"valueName\":\"search_term_string\"}}],\"inLanguage\":\"pl-PL\"},{\"@type\":\"Person\",\"@id\":\"https:\/\/www.mojekonferencje.pl\/blog\/#\/schema\/person\/13c4049adfe16d858160c94d5f78acbc\",\"name\":\"Martyna D\u0105browska\",\"url\":\"https:\/\/www.mojekonferencje.pl\/blog\/author\/martynadabrowska\/\"}]}<\/script>\n<!-- \/ Yoast SEO plugin. -->","yoast_head_json":{"title":"Trendy w organizowaniu spotka\u0144 biznesowych w 2025 roku - blog | MojeKonferencje.pl","description":"Trendy w organizowaniu spotka\u0144 biznesowych w 2025 roku - blog | MojeKonferencje.pl","robots":{"index":"index","follow":"follow","max-snippet":"max-snippet:-1","max-image-preview":"max-image-preview:large","max-video-preview":"max-video-preview:-1"},"canonical":"https:\/\/www.mojekonferencje.pl\/blog\/trendy-w-organizowaniu-spotkan-biznesowych-w-2025-roku\/","og_locale":"pl_PL","og_type":"article","og_title":"Trendy w organizowaniu spotka\u0144 biznesowych w 2025 roku - blog | MojeKonferencje.pl","og_description":"Trendy w organizowaniu spotka\u0144 biznesowych w 2025 roku - blog | MojeKonferencje.pl","og_url":"https:\/\/www.mojekonferencje.pl\/blog\/trendy-w-organizowaniu-spotkan-biznesowych-w-2025-roku\/","og_site_name":"MojeKonferencje.pl","article_published_time":"2025-01-15T08:00:00+00:00","og_image":[{"width":1500,"height":1125,"url":"https:\/\/www.mojekonferencje.pl\/blog\/wp-content\/uploads\/2024\/12\/glowne-2-1.jpg","type":"image\/jpeg"}],"author":"Martyna D\u0105browska","twitter_card":"summary_large_image","twitter_misc":{"Napisane przez":"Martyna D\u0105browska","Szacowany czas czytania":"4 minuty"},"schema":{"@context":"https:\/\/schema.org","@graph":[{"@type":"Article","@id":"https:\/\/www.mojekonferencje.pl\/blog\/trendy-w-organizowaniu-spotkan-biznesowych-w-2025-roku\/#article","isPartOf":{"@id":"https:\/\/www.mojekonferencje.pl\/blog\/trendy-w-organizowaniu-spotkan-biznesowych-w-2025-roku\/"},"author":{"name":"Martyna D\u0105browska","@id":"https:\/\/www.mojekonferencje.pl\/blog\/#\/schema\/person\/13c4049adfe16d858160c94d5f78acbc"},"headline":"Trendy w organizowaniu spotka\u0144 biznesowych w 2025 roku","datePublished":"2025-01-15T08:00:00+00:00","mainEntityOfPage":{"@id":"https:\/\/www.mojekonferencje.pl\/blog\/trendy-w-organizowaniu-spotkan-biznesowych-w-2025-roku\/"},"wordCount":531,"image":{"@id":"https:\/\/www.mojekonferencje.pl\/blog\/trendy-w-organizowaniu-spotkan-biznesowych-w-2025-roku\/#primaryimage"},"thumbnailUrl":"https:\/\/www.mojekonferencje.pl\/blog\/wp-content\/uploads\/2024\/12\/glowne-2-1.jpg","keywords":["organizacja imprez","organizacja wydarze\u0144","spotkania biznesowe"],"articleSection":["Porady"],"inLanguage":"pl-PL"},{"@type":"WebPage","@id":"https:\/\/www.mojekonferencje.pl\/blog\/trendy-w-organizowaniu-spotkan-biznesowych-w-2025-roku\/","url":"https:\/\/www.mojekonferencje.pl\/blog\/trendy-w-organizowaniu-spotkan-biznesowych-w-2025-roku\/","name":"Trendy w organizowaniu spotka\u0144 biznesowych w 2025 roku - blog | MojeKonferencje.pl","isPartOf":{"@id":"https:\/\/www.mojekonferencje.pl\/blog\/#website"},"primaryImageOfPage":{"@id":"https:\/\/www.mojekonferencje.pl\/blog\/trendy-w-organizowaniu-spotkan-biznesowych-w-2025-roku\/#primaryimage"},"image":{"@id":"https:\/\/www.mojekonferencje.pl\/blog\/trendy-w-organizowaniu-spotkan-biznesowych-w-2025-roku\/#primaryimage"},"thumbnailUrl":"https:\/\/www.mojekonferencje.pl\/blog\/wp-content\/uploads\/2024\/12\/glowne-2-1.jpg","datePublished":"2025-01-15T08:00:00+00:00","author":{"@id":"https:\/\/www.mojekonferencje.pl\/blog\/#\/schema\/person\/13c4049adfe16d858160c94d5f78acbc"},"description":"Trendy w organizowaniu spotka\u0144 biznesowych w 2025 roku - blog | MojeKonferencje.pl","breadcrumb":{"@id":"https:\/\/www.mojekonferencje.pl\/blog\/trendy-w-organizowaniu-spotkan-biznesowych-w-2025-roku\/#breadcrumb"},"inLanguage":"pl-PL","potentialAction":[{"@type":"ReadAction","target":["https:\/\/www.mojekonferencje.pl\/blog\/trendy-w-organizowaniu-spotkan-biznesowych-w-2025-roku\/"]}]},{"@type":"ImageObject","inLanguage":"pl-PL","@id":"https:\/\/www.mojekonferencje.pl\/blog\/trendy-w-organizowaniu-spotkan-biznesowych-w-2025-roku\/#primaryimage","url":"https:\/\/www.mojekonferencje.pl\/blog\/wp-content\/uploads\/2024\/12\/glowne-2-1.jpg","contentUrl":"https:\/\/www.mojekonferencje.pl\/blog\/wp-content\/uploads\/2024\/12\/glowne-2-1.jpg","width":1500,"height":1125},{"@type":"BreadcrumbList","@id":"https:\/\/www.mojekonferencje.pl\/blog\/trendy-w-organizowaniu-spotkan-biznesowych-w-2025-roku\/#breadcrumb","itemListElement":[{"@type":"ListItem","position":1,"name":"Strona g\u0142\u00f3wna","item":"https:\/\/www.mojekonferencje.pl\/blog\/"},{"@type":"ListItem","position":2,"name":"Trendy w organizowaniu spotka\u0144 biznesowych w 2025 roku"}]},{"@type":"WebSite","@id":"https:\/\/www.mojekonferencje.pl\/blog\/#website","url":"https:\/\/www.mojekonferencje.pl\/blog\/","name":"MojeKonferencje.pl","description":"Blog bran\u017cy szkoleniowo-konferencyjnej. W\u0142\u0105cz si\u0119 do dyskusji o obiektach konferencyjnych i nowo\u015bciach z bran\u017cy! Poznaj porady odno\u015bnie organizacji konferencji, szkole\u0144 i event\u00f3w firmowych! Zach\u0119camy do wyra\u017cania opinii oraz komentarzy.","potentialAction":[{"@type":"SearchAction","target":{"@type":"EntryPoint","urlTemplate":"https:\/\/www.mojekonferencje.pl\/blog\/?s={search_term_string}"},"query-input":{"@type":"PropertyValueSpecification","valueRequired":true,"valueName":"search_term_string"}}],"inLanguage":"pl-PL"},{"@type":"Person","@id":"https:\/\/www.mojekonferencje.pl\/blog\/#\/schema\/person\/13c4049adfe16d858160c94d5f78acbc","name":"Martyna D\u0105browska","url":"https:\/\/www.mojekonferencje.pl\/blog\/author\/martynadabrowska\/"}]}},"_links":{"self":[{"href":"https:\/\/www.mojekonferencje.pl\/blog\/wp-json\/wp\/v2\/posts\/5989","targetHints":{"allow":["GET"]}}],"collection":[{"href":"https:\/\/www.mojekonferencje.pl\/blog\/wp-json\/wp\/v2\/posts"}],"about":[{"href":"https:\/\/www.mojekonferencje.pl\/blog\/wp-json\/wp\/v2\/types\/post"}],"author":[{"embeddable":true,"href":"https:\/\/www.mojekonferencje.pl\/blog\/wp-json\/wp\/v2\/users\/20"}],"replies":[{"embeddable":true,"href":"https:\/\/www.mojekonferencje.pl\/blog\/wp-json\/wp\/v2\/comments?post=5989"}],"version-history":[{"count":1,"href":"https:\/\/www.mojekonferencje.pl\/blog\/wp-json\/wp\/v2\/posts\/5989\/revisions"}],"predecessor-version":[{"id":5993,"href":"https:\/\/www.mojekonferencje.pl\/blog\/wp-json\/wp\/v2\/posts\/5989\/revisions\/5993"}],"wp:featuredmedia":[{"embeddable":true,"href":"https:\/\/www.mojekonferencje.pl\/blog\/wp-json\/wp\/v2\/media\/5990"}],"wp:attachment":[{"href":"https:\/\/www.mojekonferencje.pl\/blog\/wp-json\/wp\/v2\/media?parent=5989"}],"wp:term":[{"taxonomy":"category","embeddable":true,"href":"https:\/\/www.mojekonferencje.pl\/blog\/wp-json\/wp\/v2\/categories?post=5989"},{"taxonomy":"post_tag","embeddable":true,"href":"https:\/\/www.mojekonferencje.pl\/blog\/wp-json\/wp\/v2\/tags?post=5989"}],"curies":[{"name":"wp","href":"https:\/\/api.w.org\/{rel}","templated":true}]}}