{"id":6003,"date":"2024-12-17T15:15:08","date_gmt":"2024-12-17T13:15:08","guid":{"rendered":"https:\/\/www.mojekonferencje.pl\/blog\/?p=6003"},"modified":"2024-12-30T15:33:35","modified_gmt":"2024-12-30T13:33:35","slug":"eventy-plenerowe-na-warmii-i-mazurach-10-miejsc-w-sercu-natury","status":"publish","type":"post","link":"https:\/\/www.mojekonferencje.pl\/blog\/eventy-plenerowe-na-warmii-i-mazurach-10-miejsc-w-sercu-natury\/","title":{"rendered":"Eventy plenerowe na Warmii i Mazurach \u2013 10 miejsc w sercu natury"},"content":{"rendered":"\n<p><strong>Czy wyobra\u017casz sobie lepsze t\u0142o dla konferencji, szkolenia czy spotkania firmowego ni\u017c pi\u0119kno natury? W otoczeniu malowniczych jezior, rozleg\u0142ych las\u00f3w i malowniczych krajobraz\u00f3w Warmii i Mazur ka\u017cde wydarzenie nabiera wyj\u0105tkowego charakteru. Region ten, znany jako kraina tysi\u0105ca jezior, oferuje nie tylko unikalne miejsca w sercu przyrody, ale tak\u017ce doskona\u0142e warunki organizacyjne, kt\u00f3re zaspokoj\u0105 potrzeby nawet najbardziej wymagaj\u0105cych go\u015bci.<\/strong><\/p>\n\n\n\n<p><strong>Eventy plenerowe na Warmii i Mazurach<\/strong> to nie tylko okazja do pracy i nauki, ale r\u00f3wnie\u017c do odpoczynku, integracji i inspiracji w atmosferze harmonii z natur\u0105. Zorganizowanie wydarzenia w takim otoczeniu pomaga oderwa\u0107 si\u0119 od zgie\u0142ku miasta, wspiera kreatywno\u015b\u0107 i sprzyja budowaniu relacji. W tym artykule przedstawimy wyj\u0105tkowe <a href=\"https:\/\/www.mojekonferencje.pl\/konferencje-warminsko-mazurskie\">obiekty na event w woj. warmi\u0144sko-mazurskim<\/a>, kt\u00f3re doskonale \u0142\u0105cz\u0105 profesjonalizm z urokami natury. Got\u00f3w, by odkry\u0107 idealne miejsce na sw\u00f3j event?<\/p>\n\n\n\n<p>Koniecznie zosta\u0144 z nami i poznaj obiekty, takie jak: <\/p>\n\n\n\n<figure class=\"wp-block-table\"><table class=\"has-fixed-layout\"><tbody><tr><td><a href=\"https:\/\/www.mojekonferencje.pl\/ostroda\/natural-hotel\">Natural Hotel w Rezerwacie przy pla\u017cy na wyspie<\/a><\/td><td><a href=\"https:\/\/www.mojekonferencje.pl\/kadyny\/kadyny-folwark-hotel-spa\">Kadyny Folwark Hotel &amp; Spa<\/a><\/td><\/tr><tr><td><a href=\"https:\/\/www.mojekonferencje.pl\/barczewo\/hotel-azzun-orient-spa--wellness\">Hotel Azzun Orient SPA &amp; Wellness<\/a><\/td><td><a href=\"https:\/\/www.mojekonferencje.pl\/stare-jablonki\/hotel-anders\">Hotel Anders<\/a><\/td><\/tr><tr><td><a href=\"https:\/\/www.mojekonferencje.pl\/ruciane-nida\/mazurski-raj-hotel--marina--spa\">MAZURSKI RAJ &#8211; Hotel, Marina &amp; SPA<\/a><\/td><td><a href=\"https:\/\/www.mojekonferencje.pl\/kruklanki\/osrodek-wczasowy-helena\">O\u015brodek Wczasowo-Szkoleniowy Helena<\/a><\/td><\/tr><tr><td><a href=\"https:\/\/www.mojekonferencje.pl\/gizycko\/hotel-st-bruno\">Hotel St. Bruno<\/a><\/td><td><a href=\"https:\/\/www.mojekonferencje.pl\/bartoszyce-\/palac-i-folwark-galiny\">Pa\u0142ac i Folwark Galiny<\/a><\/td><\/tr><tr><td><a href=\"https:\/\/www.mojekonferencje.pl\/pisz\/jablon-lake-resort\">Jab\u0142o\u0144 Lake Resort<\/a><\/td><td><a href=\"https:\/\/www.mojekonferencje.pl\/pluski\/hotel-warmia-park\">Hotel WARMIA PARK<\/a><\/td><\/tr><\/tbody><\/table><\/figure>\n\n\n\n<h2 class=\"wp-block-heading has-text-align-center has-vivid-purple-color has-text-color has-link-color wp-elements-08f4fc3c6a44076ba69d2cc0d379e658\"><a href=\"https:\/\/www.mojekonferencje.pl\/ostroda\/natural-hotel\"><span style=\"text-decoration: underline;\">Natural Hotel w Rezerwacie przy pla\u017cy na wyspie<\/span><\/a><\/h2>\n\n\n\n<p>To doskona\u0142e miejsce na konferencje, szkolenia i eventy integracyjne w otoczeniu malowniczej przyrody Warmii i Mazur. Po\u0142o\u017cony nad brzegiem Jeziora Szel\u0105g Wielki, w rezerwacie &#8222;Sosny Taborskie&#8221;, hotel oferuje wyj\u0105tkowe po\u0142\u0105czenie profesjonalnych udogodnie\u0144 z urokami natury. Do dyspozycji go\u015bci oddaje sze\u015b\u0107 nowoczesnych, klimatyzowanych sal konferencyjnych z pe\u0142nym wyposa\u017ceniem audiowizualnym oraz wyj\u015bciem na patio i prywatn\u0105 pla\u017c\u0119.<\/p>\n\n\n\n<p>18-hektarowa przestrze\u0144 wok\u00f3\u0142 hotelu to idealne miejsce na pikniki firmowe, regaty, paintball, czy integracyjne ogniska pod gwiazdami. Po intensywnym dniu pracy relaks zapewni strefa spa z basenem na trzeciej kondygnacji z widokiem na jezioro. Komfortowe pokoje, wy\u015bmienita kuchnia bazuj\u0105ca na lokalnych produktach i bogata oferta aktywno\u015bci na \u015bwie\u017cym powietrzu sprawiaj\u0105, \u017ce ka\u017cdy event w <strong>Natural Hotel <\/strong>stanie si\u0119 niezapomnianym prze\u017cyciem.<\/p>\n\n\n\n<figure class=\"wp-block-image size-large\"><a href=\"https:\/\/www.mojekonferencje.pl\/blog\/wp-content\/uploads\/2024\/12\/1-2.jpg\"><img loading=\"lazy\" decoding=\"async\" width=\"1024\" height=\"576\" src=\"https:\/\/www.mojekonferencje.pl\/blog\/wp-content\/uploads\/2024\/12\/1-2-1024x576.jpg\" alt=\"\" class=\"wp-image-6005 lazyload\" data-srcset=\"https:\/\/www.mojekonferencje.pl\/blog\/wp-content\/uploads\/2024\/12\/1-2-1024x576.jpg 1024w, https:\/\/www.mojekonferencje.pl\/blog\/wp-content\/uploads\/2024\/12\/1-2-300x169.jpg 300w, https:\/\/www.mojekonferencje.pl\/blog\/wp-content\/uploads\/2024\/12\/1-2-768x432.jpg 768w, https:\/\/www.mojekonferencje.pl\/blog\/wp-content\/uploads\/2024\/12\/1-2-1536x864.jpg 1536w, https:\/\/www.mojekonferencje.pl\/blog\/wp-content\/uploads\/2024\/12\/1-2-640x360.jpg 640w, https:\/\/www.mojekonferencje.pl\/blog\/wp-content\/uploads\/2024\/12\/1-2-320x180.jpg 320w, https:\/\/www.mojekonferencje.pl\/blog\/wp-content\/uploads\/2024\/12\/1-2-480x270.jpg 480w, https:\/\/www.mojekonferencje.pl\/blog\/wp-content\/uploads\/2024\/12\/1-2-960x540.jpg 960w, https:\/\/www.mojekonferencje.pl\/blog\/wp-content\/uploads\/2024\/12\/1-2-1280x720.jpg 1280w, https:\/\/www.mojekonferencje.pl\/blog\/wp-content\/uploads\/2024\/12\/1-2-1600x900.jpg 1600w, https:\/\/www.mojekonferencje.pl\/blog\/wp-content\/uploads\/2024\/12\/1-2.jpg 1920w\" sizes=\"auto\" \/><\/a><\/figure>\n\n\n\n<h2 class=\"wp-block-heading has-text-align-center has-vivid-purple-color has-text-color has-link-color wp-elements-e49f18cace64a6ba3f8c21d7da670b54\"><a href=\"https:\/\/www.mojekonferencje.pl\/barczewo\/hotel-azzun-orient-spa--wellness\"><span style=\"text-decoration: underline;\">Hotel Azzun Orient SPA &amp; Wellness<\/span><\/a><\/h2>\n\n\n\n<p><strong>Eventy plenerowe na Warmii i Mazurach<\/strong> warto zorganizowa\u0107 r\u00f3wnie\u017c w tym obiekcie! Jest to miejsce, kt\u00f3re \u0142\u0105czy luksusowy wypoczynek z doskona\u0142ymi warunkami do organizacji spotka\u0144 biznesowych, konferencji oraz imprez integracyjnych. Po\u0142o\u017cony w sercu Warmii i Mazur, w otoczeniu malowniczej natury, oferuje 10 hektar\u00f3w przestrzeni, idealnych do organizacji event\u00f3w plenerowych. Go\u015bcie mog\u0105 korzysta\u0107 z przestronnych sal konferencyjnych wyposa\u017conych w nowoczesny sprz\u0119t audiowizualny oraz z wyj\u0105tkowych przestrzeni zewn\u0119trznych, jak Wyspa Boho czy plenerowe sauny.<\/p>\n\n\n\n<p>Dzi\u0119ki bogatej ofercie atrakcji, takich jak regaty, kajaki, czy paintball, ka\u017cde spotkanie biznesowe staje si\u0119 niezapomnianym prze\u017cyciem. Po intensywnym dniu pracy polecamy te\u017c relaks w strefie wellness, gdzie go\u015bcie mog\u0105 korzysta\u0107 z basen\u00f3w, \u0142a\u017ani parowych czy zewn\u0119trznych jacuzzi z widokiem na jeziora. To idealne miejsce na po\u0142\u0105czenie pracy z odpoczynkiem w harmonii z natur\u0105.<\/p>\n\n\n\n<figure class=\"wp-block-image size-full\"><a href=\"https:\/\/www.mojekonferencje.pl\/blog\/wp-content\/uploads\/2024\/12\/2-2.jpg\"><img loading=\"lazy\" decoding=\"async\" width=\"960\" height=\"580\" src=\"https:\/\/www.mojekonferencje.pl\/blog\/wp-content\/uploads\/2024\/12\/2-2.jpg\" alt=\"\" class=\"wp-image-6006 lazyload\" data-srcset=\"https:\/\/www.mojekonferencje.pl\/blog\/wp-content\/uploads\/2024\/12\/2-2.jpg 960w, https:\/\/www.mojekonferencje.pl\/blog\/wp-content\/uploads\/2024\/12\/2-2-300x181.jpg 300w, https:\/\/www.mojekonferencje.pl\/blog\/wp-content\/uploads\/2024\/12\/2-2-768x464.jpg 768w\" sizes=\"auto\" \/><\/a><\/figure>\n\n\n\n<h2 class=\"wp-block-heading has-text-align-center has-vivid-purple-color has-text-color has-link-color wp-elements-31ccab4752eb2e78981f11be08f3c7cb\"><a href=\"https:\/\/www.mojekonferencje.pl\/ruciane-nida\/mazurski-raj-hotel--marina--spa\"><span style=\"text-decoration: underline;\">MAZURSKI RAJ &#8211; Hotel, Marina &amp; SPA<\/span><\/a><\/h2>\n\n\n\n<p>To wyj\u0105tkowa lokalizacja na organizacj\u0119 konferencji, szkole\u0144 oraz <strong>imprez integracyjnych na Warmii i Mazurach<\/strong>. Po\u0142o\u017cony nad malowniczym jeziorem Be\u0142dany, otoczony 6-hektarowym ogrodem i lasami Puszczy Piskiej, zapewnia spok\u00f3j i inspiruj\u0105c\u0105 atmosfer\u0119 do pracy. O\u015brodek dysponuje 12 nowoczesnymi salami konferencyjnymi, w tym przestronn\u0105, mog\u0105c\u0105 pomie\u015bci\u0107 do 700 os\u00f3b, idealn\u0105 na du\u017ce wydarzenia.<\/p>\n\n\n\n<p>Dzi\u0119ki po\u0142\u0105czeniu nowoczesnych technologii z blisko\u015bci\u0105 natury, <strong>MAZURSKI RAJ <\/strong>jest r\u00f3wnie\u017c doskona\u0142ym miejscem na organizacj\u0119 event\u00f3w plenerowych. W przerwach od spotka\u0144 go\u015bcie mog\u0105 relaksowa\u0107 si\u0119 nad jeziorem, korzysta\u0107 z atrakcji sportowych, takich jak rowery, tenis czy kr\u0119gielnia, a tak\u017ce organizowa\u0107 imprezy w wiatce grillowej lub Tawernie nad jeziorem. To tak\u017ce idealna przestrze\u0144 na integracj\u0119 zespo\u0142\u00f3w \u2013 zar\u00f3wno podczas aktywno\u015bci na \u015bwie\u017cym powietrzu, jak i relaksu w strefie SPA.<\/p>\n\n\n\n<figure class=\"wp-block-image size-large\"><a href=\"https:\/\/www.mojekonferencje.pl\/blog\/wp-content\/uploads\/2024\/12\/3-2.jpg\"><img loading=\"lazy\" decoding=\"async\" width=\"1024\" height=\"576\" src=\"https:\/\/www.mojekonferencje.pl\/blog\/wp-content\/uploads\/2024\/12\/3-2-1024x576.jpg\" alt=\"\" class=\"wp-image-6007 lazyload\" data-srcset=\"https:\/\/www.mojekonferencje.pl\/blog\/wp-content\/uploads\/2024\/12\/3-2-1024x576.jpg 1024w, https:\/\/www.mojekonferencje.pl\/blog\/wp-content\/uploads\/2024\/12\/3-2-300x169.jpg 300w, https:\/\/www.mojekonferencje.pl\/blog\/wp-content\/uploads\/2024\/12\/3-2-768x432.jpg 768w, https:\/\/www.mojekonferencje.pl\/blog\/wp-content\/uploads\/2024\/12\/3-2-1536x864.jpg 1536w, https:\/\/www.mojekonferencje.pl\/blog\/wp-content\/uploads\/2024\/12\/3-2-640x360.jpg 640w, https:\/\/www.mojekonferencje.pl\/blog\/wp-content\/uploads\/2024\/12\/3-2-320x180.jpg 320w, https:\/\/www.mojekonferencje.pl\/blog\/wp-content\/uploads\/2024\/12\/3-2-480x270.jpg 480w, https:\/\/www.mojekonferencje.pl\/blog\/wp-content\/uploads\/2024\/12\/3-2-960x540.jpg 960w, https:\/\/www.mojekonferencje.pl\/blog\/wp-content\/uploads\/2024\/12\/3-2-1280x720.jpg 1280w, https:\/\/www.mojekonferencje.pl\/blog\/wp-content\/uploads\/2024\/12\/3-2.jpg 1600w\" sizes=\"auto\" \/><\/a><\/figure>\n\n\n\n<h2 class=\"wp-block-heading has-text-align-center has-vivid-purple-color has-text-color has-link-color wp-elements-c962a66bd7f18d60fc8bcc435c7d0ded\"><a href=\"https:\/\/www.mojekonferencje.pl\/gizycko\/hotel-st-bruno\"><span style=\"text-decoration: underline;\">Hotel St. Bruno<\/span><\/a><\/h2>\n\n\n\n<p>Jest to wyj\u0105tkowy <strong>obiekt na event w woj. warmi\u0144sko-mazurskim<\/strong>, kt\u00f3ry \u0142\u0105czy histori\u0119 \u015bredniowiecznego zamku z nowoczesnymi udogodnieniami. Jego lokalizacja nad jeziorem Niegocin i przepi\u0119kny dziedziniec zamkowy sprawiaj\u0105, \u017ce to idealne miejsce na organizacj\u0119 konferencji, bankiet\u00f3w czy spotka\u0144 biznesowych. Hotel oferuje cztery klimatyzowane sale konferencyjne o powierzchni od 68 m\u00b2 do 250 m\u00b2, kt\u00f3re mog\u0105 pomie\u015bci\u0107 do 280 os\u00f3b.<\/p>\n\n\n\n<p>Wspania\u0142\u0105 atmosfer\u0119 wzbogaca mo\u017cliwo\u015b\u0107 organizacji event\u00f3w plenerowych, takich jak koncerty czy pokazy na zamkowym dziedzi\u0144cu.<strong> Zamek St. Bruno<\/strong> to tak\u017ce wyj\u0105tkowa przestrze\u0144 do integracji, oferuj\u0105ca atrakcje takie jak kr\u0119gielnia, basen, si\u0142ownia oraz klub z bogat\u0105 ofert\u0105 rozrywkow\u0105. Wieczorne imprezy i koncerty w klimatycznych wn\u0119trzach zamku na pewno pozostan\u0105 niezapomniane.<\/p>\n\n\n\n<figure class=\"wp-block-image size-large\"><a href=\"https:\/\/www.mojekonferencje.pl\/blog\/wp-content\/uploads\/2024\/12\/4-1-scaled.jpg\"><img loading=\"lazy\" decoding=\"async\" width=\"1024\" height=\"680\" src=\"https:\/\/www.mojekonferencje.pl\/blog\/wp-content\/uploads\/2024\/12\/4-1-1024x680.jpg\" alt=\"\" class=\"wp-image-6008 lazyload\" data-srcset=\"https:\/\/www.mojekonferencje.pl\/blog\/wp-content\/uploads\/2024\/12\/4-1-1024x680.jpg 1024w, https:\/\/www.mojekonferencje.pl\/blog\/wp-content\/uploads\/2024\/12\/4-1-300x199.jpg 300w, https:\/\/www.mojekonferencje.pl\/blog\/wp-content\/uploads\/2024\/12\/4-1-768x510.jpg 768w, https:\/\/www.mojekonferencje.pl\/blog\/wp-content\/uploads\/2024\/12\/4-1-1536x1021.jpg 1536w, https:\/\/www.mojekonferencje.pl\/blog\/wp-content\/uploads\/2024\/12\/4-1-2048x1361.jpg 2048w\" sizes=\"auto\" \/><\/a><\/figure>\n\n\n\n<h2 class=\"wp-block-heading has-text-align-center has-vivid-purple-color has-text-color has-link-color wp-elements-7c2fab16ec36ed8f624fd28fe4c1a1ca\"><a href=\"https:\/\/www.mojekonferencje.pl\/pisz\/jablon-lake-resort\"><span style=\"text-decoration: underline;\">Jab\u0142o\u0144 Lake Resort<\/span><\/a><\/h2>\n\n\n\n<p>To kolejne idealne miejsce na organizacj\u0119 event\u00f3w, konferencji oraz integracji w sercu warmi\u0144sko-mazurskiej przyrody. Po\u0142o\u017cony nad jeziorem Brzozolasek i w pobli\u017cu Puszczy Piskiej, obiekt zapewnia nie tylko nowoczesne zaplecze konferencyjne, ale tak\u017ce liczne atrakcje na \u015bwie\u017cym powietrzu.<\/p>\n\n\n\n<p>Dla grup biznesowych resort oferuje klimatyzowane sale konferencyjne oraz przestronny ogrzewany namiot, w kt\u00f3rym mo\u017cna zorganizowa\u0107 wyj\u0105tkowe wydarzenia, takie jak biesiady mazurskie, zaj\u0119cia team-buildingowe czy spotkania z widokiem na jezioro. W ciep\u0142e dni doskona\u0142ym miejscem do budowania relacji jest Beach Bar. Dzi\u0119ki bogatej ofercie aktywno\u015bci \u2013 od sport\u00f3w wodnych, przez paintball, po rejsy \u0142odzi\u0105 \u2013 <strong>Jab\u0142o\u0144 Lake Resort<\/strong> gwarantuje niezapomniane chwile w plenerze.<\/p>\n\n\n\n<figure class=\"wp-block-image size-large\"><a href=\"https:\/\/www.mojekonferencje.pl\/blog\/wp-content\/uploads\/2024\/12\/5.jpg\"><img loading=\"lazy\" decoding=\"async\" width=\"1024\" height=\"767\" src=\"https:\/\/www.mojekonferencje.pl\/blog\/wp-content\/uploads\/2024\/12\/5-1024x767.jpg\" alt=\"\" class=\"wp-image-6009 lazyload\" data-srcset=\"https:\/\/www.mojekonferencje.pl\/blog\/wp-content\/uploads\/2024\/12\/5-1024x767.jpg 1024w, https:\/\/www.mojekonferencje.pl\/blog\/wp-content\/uploads\/2024\/12\/5-300x225.jpg 300w, https:\/\/www.mojekonferencje.pl\/blog\/wp-content\/uploads\/2024\/12\/5-768x575.jpg 768w, https:\/\/www.mojekonferencje.pl\/blog\/wp-content\/uploads\/2024\/12\/5-1536x1151.jpg 1536w, https:\/\/www.mojekonferencje.pl\/blog\/wp-content\/uploads\/2024\/12\/5.jpg 2048w\" sizes=\"auto\" \/><\/a><\/figure>\n\n\n\n<h2 class=\"wp-block-heading has-text-align-center has-vivid-purple-color has-text-color has-link-color wp-elements-3f1eca3a70847c388e3123d3cdcff1c3\"><a href=\"https:\/\/www.mojekonferencje.pl\/kadyny\/kadyny-folwark-hotel-spa\"><span style=\"text-decoration: underline;\">Kadyny Folwark Hotel &amp; Spa<\/span><\/a><\/h2>\n\n\n\n<p>Ten <strong>hotel na Warmii i Mazurach <\/strong>to wyj\u0105tkowe miejsce, idealne do organizacji event\u00f3w, konferencji i integracji w otoczeniu natury. Po\u0142o\u017cony w pobli\u017cu Zalewu Wi\u015blanego i las\u00f3w Wysoczyzny Elbl\u0105skiej, oferuje szerok\u0105 gam\u0119 atrakcji na \u015bwie\u017cym powietrzu. Dzi\u0119ki rozleg\u0142emu 4,5-hektarowemu ogrodowi oraz zabytkowej stodole i namiotowi ogrodowemu, mo\u017cliwe jest organizowanie imprez, takich jak ogniska, grillowania czy integracyjne gry terenowe w malowniczej scenerii.<\/p>\n\n\n\n<p>Dodatkowo go\u015bcie mog\u0105 skorzysta\u0107 z aktywno\u015bci sportowych, takich jak jazda konna, wyprawy rowerowe czy sport\u00f3w wodnych na pla\u017cy. Kompleksowe zaplecze konferencyjne i relaksacyjne, w tym spa, basen, oraz zabytkowe wn\u0119trza, zapewniaj\u0105 wygod\u0119 i wyj\u0105tkowy klimat dla ka\u017cdej grupy.<\/p>\n\n\n\n<figure class=\"wp-block-image size-large\"><a href=\"https:\/\/www.mojekonferencje.pl\/blog\/wp-content\/uploads\/2024\/12\/6-2.jpg\"><img loading=\"lazy\" decoding=\"async\" width=\"1024\" height=\"684\" src=\"https:\/\/www.mojekonferencje.pl\/blog\/wp-content\/uploads\/2024\/12\/6-2-1024x684.jpg\" alt=\"\" class=\"wp-image-6010 lazyload\" data-srcset=\"https:\/\/www.mojekonferencje.pl\/blog\/wp-content\/uploads\/2024\/12\/6-2-1024x684.jpg 1024w, https:\/\/www.mojekonferencje.pl\/blog\/wp-content\/uploads\/2024\/12\/6-2-300x200.jpg 300w, https:\/\/www.mojekonferencje.pl\/blog\/wp-content\/uploads\/2024\/12\/6-2-768x513.jpg 768w, https:\/\/www.mojekonferencje.pl\/blog\/wp-content\/uploads\/2024\/12\/6-2-1536x1025.jpg 1536w, https:\/\/www.mojekonferencje.pl\/blog\/wp-content\/uploads\/2024\/12\/6-2.jpg 2048w\" sizes=\"auto\" \/><\/a><\/figure>\n\n\n\n<h2 class=\"wp-block-heading has-text-align-center has-vivid-purple-color has-text-color has-link-color wp-elements-3827ea30e7fc7090be1b482d962fc893\"><a href=\"https:\/\/www.mojekonferencje.pl\/stare-jablonki\/hotel-anders\"><span style=\"text-decoration: underline;\">Hotel Anders<\/span><\/a><\/h2>\n\n\n\n<p>To doskona\u0142e <strong>miejsce do organizacji event\u00f3w, konferencji i integracji w otoczeniu mazurskiej przyrody<\/strong>. Po\u0142o\u017cony nad malowniczym jeziorem Szel\u0105g Ma\u0142y, otoczony lasami Taborskimi, oferuje nieograniczone mo\u017cliwo\u015bci do organizowania wydarze\u0144 na \u015bwie\u017cym powietrzu. Przestronny teren obiektu i dost\u0119p do jeziora sprzyjaj\u0105 organizacji integracyjnych gier, sp\u0142yw\u00f3w kajakowych, rejs\u00f3w, a tak\u017ce wieczor\u00f3w przy ognisku czy grillu.<\/p>\n\n\n\n<p>Hotel dysponuje nowoczesnymi salami konferencyjnymi, w kt\u00f3rych mo\u017cna obs\u0142u\u017cy\u0107 nawet 500 uczestnik\u00f3w. Go\u015bcie mog\u0105 korzysta\u0107 z bogatej oferty atrakcji sportowych, takich jak wypo\u017cyczalnia sprz\u0119tu wodnego, korty tenisowe, pla\u017ca, basen czy si\u0142ownia. To idealne miejsce na po\u0142\u0105czenie pracy, relaksu i aktywno\u015bci na \u015bwie\u017cym powietrzu.<\/p>\n\n\n\n<figure class=\"wp-block-image size-large\"><a href=\"https:\/\/www.mojekonferencje.pl\/blog\/wp-content\/uploads\/2024\/12\/7-1-scaled.jpg\"><img loading=\"lazy\" decoding=\"async\" width=\"1024\" height=\"683\" src=\"https:\/\/www.mojekonferencje.pl\/blog\/wp-content\/uploads\/2024\/12\/7-1-1024x683.jpg\" alt=\"\" class=\"wp-image-6011 lazyload\" data-srcset=\"https:\/\/www.mojekonferencje.pl\/blog\/wp-content\/uploads\/2024\/12\/7-1-1024x683.jpg 1024w, https:\/\/www.mojekonferencje.pl\/blog\/wp-content\/uploads\/2024\/12\/7-1-300x200.jpg 300w, https:\/\/www.mojekonferencje.pl\/blog\/wp-content\/uploads\/2024\/12\/7-1-768x512.jpg 768w, https:\/\/www.mojekonferencje.pl\/blog\/wp-content\/uploads\/2024\/12\/7-1-1536x1024.jpg 1536w, https:\/\/www.mojekonferencje.pl\/blog\/wp-content\/uploads\/2024\/12\/7-1-2048x1365.jpg 2048w\" sizes=\"auto\" \/><\/a><\/figure>\n\n\n\n<h2 class=\"wp-block-heading has-text-align-center has-vivid-purple-color has-text-color has-link-color wp-elements-bdde29fb1d6e0cbe6ce72b7796c548db\"><a href=\"https:\/\/www.mojekonferencje.pl\/kruklanki\/osrodek-wczasowy-helena\"><span style=\"text-decoration: underline;\">O\u015brodek Wczasowo-Szkoleniowy Helena<\/span><\/a><\/h2>\n\n\n\n<p>Ten obiekt, po\u0142o\u017cony nad jeziorem Go\u0142dopiwo, w otoczeniu Puszczy Boreckiej, oferuje niepowtarzalne mo\u017cliwo\u015bci organizacji integracji i szkole\u0144 w plenerze. Dysponuje on przestronnymi salami konferencyjnymi, kt\u00f3re mog\u0105 pomie\u015bci\u0107 do 130 os\u00f3b, oraz zapewnia pe\u0142n\u0105 gam\u0119 atrakcji \u2013 od gier zespo\u0142owych po sp\u0142ywy kajakowe.<\/p>\n\n\n\n<p>Go\u015bcie mog\u0105 cieszy\u0107 si\u0119 relaksem na prywatnej pla\u017cy, przy ognisku lub grillu, a tak\u017ce korzysta\u0107 z aktywno\u015bci takich jak ruska bania, boisko do siatk\u00f3wki czy wypo\u017cyczalnia sprz\u0119tu wodnego. Wysoki standard us\u0142ug, lokalna kuchnia i pi\u0119kne otoczenie sprawiaj\u0105, \u017ce <strong>O\u015brodek Helena<\/strong> to doskona\u0142y wyb\u00f3r na wydarzenia biznesowe, integracyjne oraz rodzinne.<\/p>\n\n\n\n<figure class=\"wp-block-image size-large\"><a href=\"https:\/\/www.mojekonferencje.pl\/blog\/wp-content\/uploads\/2024\/12\/8-1-scaled.jpg\"><img loading=\"lazy\" decoding=\"async\" width=\"1024\" height=\"683\" src=\"https:\/\/www.mojekonferencje.pl\/blog\/wp-content\/uploads\/2024\/12\/8-1-1024x683.jpg\" alt=\"\" class=\"wp-image-6012 lazyload\" data-srcset=\"https:\/\/www.mojekonferencje.pl\/blog\/wp-content\/uploads\/2024\/12\/8-1-1024x683.jpg 1024w, https:\/\/www.mojekonferencje.pl\/blog\/wp-content\/uploads\/2024\/12\/8-1-300x200.jpg 300w, https:\/\/www.mojekonferencje.pl\/blog\/wp-content\/uploads\/2024\/12\/8-1-768x512.jpg 768w, https:\/\/www.mojekonferencje.pl\/blog\/wp-content\/uploads\/2024\/12\/8-1-1536x1024.jpg 1536w, https:\/\/www.mojekonferencje.pl\/blog\/wp-content\/uploads\/2024\/12\/8-1-2048x1365.jpg 2048w\" sizes=\"auto\" \/><\/a><\/figure>\n\n\n\n<h2 class=\"wp-block-heading has-text-align-center has-vivid-purple-color has-text-color has-link-color wp-elements-7f2ffa5812d036c0e2c4d7de4dc56195\"><a href=\"https:\/\/www.mojekonferencje.pl\/bartoszyce-\/palac-i-folwark-galiny\"><span style=\"text-decoration: underline;\">Pa\u0142ac i Folwark Galiny<\/span><\/a><\/h2>\n\n\n\n<p>To malownicze <strong>miejsce na organizacj\u0119 event\u00f3w w sercu Warmii i Mazur<\/strong>, gdzie historia \u0142\u0105czy si\u0119 z nowoczesno\u015bci\u0105. Obiekt oferuje cztery wyj\u0105tkowe sale konferencyjne, w tym klimatyczn\u0105 Dawna Wozowni\u0119 z oran\u017ceri\u0105 oraz przestronn\u0105 Sal\u0119 Ogrodow\u0105 z tarasem, idealn\u0105 na spotkania na \u015bwie\u017cym powietrzu. Dzi\u0119ki 300-hektarowemu terenowi, zabytkowemu parkowi i rzece Pisa, Galiny to doskona\u0142e miejsce na integracje w plenerze \u2013 od biesiad przy ognisku po aktywno\u015bci sportowe, jak wycieczki rowerowe czy gry zespo\u0142owe.<\/p>\n\n\n\n<p>Go\u015bcie mog\u0105 skorzysta\u0107 z lokalnej kuchni opartej na ekologicznych produktach oraz odpocz\u0105\u0107 w luksusowych pokojach, korzystaj\u0105c z licznych atrakcji, takich jak ruska bania, korty tenisowe czy prywatna pla\u017ca z pomostem. To idealne miejsce na szkolenia, konferencje i niezapomniane wydarzenia w pi\u0119knej, naturalnej scenerii.<\/p>\n\n\n\n<figure class=\"wp-block-image size-full\"><a href=\"https:\/\/www.mojekonferencje.pl\/blog\/wp-content\/uploads\/2024\/12\/9-1.jpg\"><img loading=\"lazy\" decoding=\"async\" width=\"800\" height=\"533\" src=\"https:\/\/www.mojekonferencje.pl\/blog\/wp-content\/uploads\/2024\/12\/9-1.jpg\" alt=\"\" class=\"wp-image-6013 lazyload\" data-srcset=\"https:\/\/www.mojekonferencje.pl\/blog\/wp-content\/uploads\/2024\/12\/9-1.jpg 800w, https:\/\/www.mojekonferencje.pl\/blog\/wp-content\/uploads\/2024\/12\/9-1-300x200.jpg 300w, https:\/\/www.mojekonferencje.pl\/blog\/wp-content\/uploads\/2024\/12\/9-1-768x512.jpg 768w\" sizes=\"auto\" \/><\/a><\/figure>\n\n\n\n<h2 class=\"wp-block-heading has-text-align-center has-vivid-purple-color has-text-color has-link-color wp-elements-217c1baed8e8f285eb669cab347c675a\"><a href=\"https:\/\/www.mojekonferencje.pl\/pluski\/hotel-warmia-park\"><span style=\"text-decoration: underline;\">Hotel WARMIA PARK<\/span><\/a><\/h2>\n\n\n\n<p>Ten obiekt oferuje nowoczesne centrum konferencyjne z trzema salami, idealnymi do organizacji szkole\u0144, konferencji oraz imprez okoliczno\u015bciowych. Wysokiej jako\u015bci sprz\u0119t multimedialny i elastyczna aran\u017cacja przestrzeni zapewniaj\u0105 komfort podczas wszelkich spotka\u0144 biznesowych. Hotel zachwyca r\u00f3wnie\u017c mo\u017cliwo\u015bci\u0105 organizacji integracji w plenerze, oferuj\u0105c takie atrakcje jak sp\u0142ywy kajakowe, regaty, paintball czy teambuildingowe konkurencje.<\/p>\n\n\n\n<p>Go\u015bcie mog\u0105 r\u00f3wnie\u017c korzysta\u0107 z bogatego zaplecza rekreacyjnego: aquaparku, boisk sportowych, grilla, ogniska czy wsp\u00f3lnych \u201ekocio\u0142kowa\u0144\u201d. Wspania\u0142a kuchnia, relaksuj\u0105ce SPA oraz liczne atrakcje na \u015bwie\u017cym powietrzu sprawiaj\u0105, \u017ce jest to idealne miejsce na wyj\u0105tkowe wydarzenia w otoczeniu natury.<\/p>\n\n\n\n<figure class=\"wp-block-image size-large\"><a href=\"https:\/\/www.mojekonferencje.pl\/blog\/wp-content\/uploads\/2024\/12\/10_Easy-Resize.com-7.jpg\"><img loading=\"lazy\" decoding=\"async\" width=\"1024\" height=\"624\" src=\"https:\/\/www.mojekonferencje.pl\/blog\/wp-content\/uploads\/2024\/12\/10_Easy-Resize.com-7-1024x624.jpg\" alt=\"\" class=\"wp-image-6014 lazyload\" data-srcset=\"https:\/\/www.mojekonferencje.pl\/blog\/wp-content\/uploads\/2024\/12\/10_Easy-Resize.com-7-1024x624.jpg 1024w, https:\/\/www.mojekonferencje.pl\/blog\/wp-content\/uploads\/2024\/12\/10_Easy-Resize.com-7-300x183.jpg 300w, https:\/\/www.mojekonferencje.pl\/blog\/wp-content\/uploads\/2024\/12\/10_Easy-Resize.com-7-768x468.jpg 768w, https:\/\/www.mojekonferencje.pl\/blog\/wp-content\/uploads\/2024\/12\/10_Easy-Resize.com-7.jpg 1280w\" sizes=\"auto\" \/><\/a><\/figure>\n","protected":false},"excerpt":{"rendered":"<p>Odkryj 10 wyj\u0105tkowych miejsc na Warmii i Mazurach, idealnych do organizacji event\u00f3w plenerowych. To po\u0142\u0105czenie natury z doskona\u0142ymi warunkami do pracy.<\/p>\n","protected":false},"author":9,"featured_media":6004,"comment_status":"closed","ping_status":"closed","sticky":false,"template":"","format":"standard","meta":{"_acf_changed":false,"footnotes":""},"categories":[8,175],"tags":[271,353,354,26],"class_list":["post-6003","post","type-post","status-publish","format-standard","has-post-thumbnail","hentry","category-porady","category-wybieranie-miejsca-konferencyjnego","tag-hotele-konferencyjne","tag-organizacja-imprez","tag-organizacja-wydarzen","tag-wypady-integracyjne"],"acf":[],"yoast_head":"<!-- This site is optimized with the Yoast SEO plugin v27.1.1 - https:\/\/yoast.com\/product\/yoast-seo-wordpress\/ -->\n<title>Eventy plenerowe na Warmii i Mazurach \u2013 10 miejsc w sercu natury - blog | MojeKonferencje.pl<\/title>\n<meta name=\"description\" content=\"Eventy plenerowe na Warmii i Mazurach \u2013 10 miejsc w sercu natury - blog | MojeKonferencje.pl\" \/>\n<meta name=\"robots\" content=\"index, follow, max-snippet:-1, max-image-preview:large, max-video-preview:-1\" \/>\n<link rel=\"canonical\" href=\"https:\/\/www.mojekonferencje.pl\/blog\/eventy-plenerowe-na-warmii-i-mazurach-10-miejsc-w-sercu-natury\/\" \/>\n<meta property=\"og:locale\" content=\"pl_PL\" \/>\n<meta property=\"og:type\" content=\"article\" \/>\n<meta property=\"og:title\" content=\"Eventy plenerowe na Warmii i Mazurach \u2013 10 miejsc w sercu natury - blog | MojeKonferencje.pl\" \/>\n<meta property=\"og:description\" content=\"Eventy plenerowe na Warmii i Mazurach \u2013 10 miejsc w sercu natury - blog | MojeKonferencje.pl\" \/>\n<meta property=\"og:url\" content=\"https:\/\/www.mojekonferencje.pl\/blog\/eventy-plenerowe-na-warmii-i-mazurach-10-miejsc-w-sercu-natury\/\" \/>\n<meta property=\"og:site_name\" content=\"MojeKonferencje.pl\" \/>\n<meta property=\"article:published_time\" content=\"2024-12-17T13:15:08+00:00\" \/>\n<meta property=\"article:modified_time\" content=\"2024-12-30T13:33:35+00:00\" \/>\n<meta property=\"og:image\" content=\"https:\/\/www.mojekonferencje.pl\/blog\/wp-content\/uploads\/2024\/12\/Fotoram.io-2024-12-30T141410.435.jpg\" \/>\n\t<meta property=\"og:image:width\" content=\"1200\" \/>\n\t<meta property=\"og:image:height\" content=\"720\" \/>\n\t<meta property=\"og:image:type\" content=\"image\/jpeg\" \/>\n<meta name=\"author\" content=\"Olga Stawicka-Iwanowska\" \/>\n<meta name=\"twitter:card\" content=\"summary_large_image\" \/>\n<meta name=\"twitter:label1\" content=\"Napisane przez\" \/>\n\t<meta name=\"twitter:data1\" content=\"Olga Stawicka-Iwanowska\" \/>\n\t<meta name=\"twitter:label2\" content=\"Szacowany czas czytania\" \/>\n\t<meta name=\"twitter:data2\" content=\"10 minut\" \/>\n<script type=\"application\/ld+json\" class=\"yoast-schema-graph\">{\"@context\":\"https:\/\/schema.org\",\"@graph\":[{\"@type\":\"Article\",\"@id\":\"https:\/\/www.mojekonferencje.pl\/blog\/eventy-plenerowe-na-warmii-i-mazurach-10-miejsc-w-sercu-natury\/#article\",\"isPartOf\":{\"@id\":\"https:\/\/www.mojekonferencje.pl\/blog\/eventy-plenerowe-na-warmii-i-mazurach-10-miejsc-w-sercu-natury\/\"},\"author\":{\"name\":\"Olga Stawicka-Iwanowska\",\"@id\":\"https:\/\/www.mojekonferencje.pl\/blog\/#\/schema\/person\/d6751ca3c60de9ec17ee21b744bbb2d4\"},\"headline\":\"Eventy plenerowe na Warmii i Mazurach \u2013 10 miejsc w sercu natury\",\"datePublished\":\"2024-12-17T13:15:08+00:00\",\"dateModified\":\"2024-12-30T13:33:35+00:00\",\"mainEntityOfPage\":{\"@id\":\"https:\/\/www.mojekonferencje.pl\/blog\/eventy-plenerowe-na-warmii-i-mazurach-10-miejsc-w-sercu-natury\/\"},\"wordCount\":1499,\"image\":{\"@id\":\"https:\/\/www.mojekonferencje.pl\/blog\/eventy-plenerowe-na-warmii-i-mazurach-10-miejsc-w-sercu-natury\/#primaryimage\"},\"thumbnailUrl\":\"https:\/\/www.mojekonferencje.pl\/blog\/wp-content\/uploads\/2024\/12\/Fotoram.io-2024-12-30T141410.435.jpg\",\"keywords\":[\"hotele konferencyjne\",\"organizacja imprez\",\"organizacja wydarze\u0144\",\"wypady integracyjne\"],\"articleSection\":[\"Porady\",\"Wybieranie miejsca konferencyjnego\"],\"inLanguage\":\"pl-PL\"},{\"@type\":\"WebPage\",\"@id\":\"https:\/\/www.mojekonferencje.pl\/blog\/eventy-plenerowe-na-warmii-i-mazurach-10-miejsc-w-sercu-natury\/\",\"url\":\"https:\/\/www.mojekonferencje.pl\/blog\/eventy-plenerowe-na-warmii-i-mazurach-10-miejsc-w-sercu-natury\/\",\"name\":\"Eventy plenerowe na Warmii i Mazurach \u2013 10 miejsc w sercu natury - blog | MojeKonferencje.pl\",\"isPartOf\":{\"@id\":\"https:\/\/www.mojekonferencje.pl\/blog\/#website\"},\"primaryImageOfPage\":{\"@id\":\"https:\/\/www.mojekonferencje.pl\/blog\/eventy-plenerowe-na-warmii-i-mazurach-10-miejsc-w-sercu-natury\/#primaryimage\"},\"image\":{\"@id\":\"https:\/\/www.mojekonferencje.pl\/blog\/eventy-plenerowe-na-warmii-i-mazurach-10-miejsc-w-sercu-natury\/#primaryimage\"},\"thumbnailUrl\":\"https:\/\/www.mojekonferencje.pl\/blog\/wp-content\/uploads\/2024\/12\/Fotoram.io-2024-12-30T141410.435.jpg\",\"datePublished\":\"2024-12-17T13:15:08+00:00\",\"dateModified\":\"2024-12-30T13:33:35+00:00\",\"author\":{\"@id\":\"https:\/\/www.mojekonferencje.pl\/blog\/#\/schema\/person\/d6751ca3c60de9ec17ee21b744bbb2d4\"},\"description\":\"Eventy plenerowe na Warmii i Mazurach \u2013 10 miejsc w sercu natury - blog | MojeKonferencje.pl\",\"breadcrumb\":{\"@id\":\"https:\/\/www.mojekonferencje.pl\/blog\/eventy-plenerowe-na-warmii-i-mazurach-10-miejsc-w-sercu-natury\/#breadcrumb\"},\"inLanguage\":\"pl-PL\",\"potentialAction\":[{\"@type\":\"ReadAction\",\"target\":[\"https:\/\/www.mojekonferencje.pl\/blog\/eventy-plenerowe-na-warmii-i-mazurach-10-miejsc-w-sercu-natury\/\"]}]},{\"@type\":\"ImageObject\",\"inLanguage\":\"pl-PL\",\"@id\":\"https:\/\/www.mojekonferencje.pl\/blog\/eventy-plenerowe-na-warmii-i-mazurach-10-miejsc-w-sercu-natury\/#primaryimage\",\"url\":\"https:\/\/www.mojekonferencje.pl\/blog\/wp-content\/uploads\/2024\/12\/Fotoram.io-2024-12-30T141410.435.jpg\",\"contentUrl\":\"https:\/\/www.mojekonferencje.pl\/blog\/wp-content\/uploads\/2024\/12\/Fotoram.io-2024-12-30T141410.435.jpg\",\"width\":1200,\"height\":720,\"caption\":\"Eventy plenerowe na Warmii i Mazurach\"},{\"@type\":\"BreadcrumbList\",\"@id\":\"https:\/\/www.mojekonferencje.pl\/blog\/eventy-plenerowe-na-warmii-i-mazurach-10-miejsc-w-sercu-natury\/#breadcrumb\",\"itemListElement\":[{\"@type\":\"ListItem\",\"position\":1,\"name\":\"Strona g\u0142\u00f3wna\",\"item\":\"https:\/\/www.mojekonferencje.pl\/blog\/\"},{\"@type\":\"ListItem\",\"position\":2,\"name\":\"Eventy plenerowe na Warmii i Mazurach \u2013 10 miejsc w sercu natury\"}]},{\"@type\":\"WebSite\",\"@id\":\"https:\/\/www.mojekonferencje.pl\/blog\/#website\",\"url\":\"https:\/\/www.mojekonferencje.pl\/blog\/\",\"name\":\"MojeKonferencje.pl\",\"description\":\"Blog bran\u017cy szkoleniowo-konferencyjnej. W\u0142\u0105cz si\u0119 do dyskusji o obiektach konferencyjnych i nowo\u015bciach z bran\u017cy! Poznaj porady odno\u015bnie organizacji konferencji, szkole\u0144 i event\u00f3w firmowych! Zach\u0119camy do wyra\u017cania opinii oraz komentarzy.\",\"potentialAction\":[{\"@type\":\"SearchAction\",\"target\":{\"@type\":\"EntryPoint\",\"urlTemplate\":\"https:\/\/www.mojekonferencje.pl\/blog\/?s={search_term_string}\"},\"query-input\":{\"@type\":\"PropertyValueSpecification\",\"valueRequired\":true,\"valueName\":\"search_term_string\"}}],\"inLanguage\":\"pl-PL\"},{\"@type\":\"Person\",\"@id\":\"https:\/\/www.mojekonferencje.pl\/blog\/#\/schema\/person\/d6751ca3c60de9ec17ee21b744bbb2d4\",\"name\":\"Olga Stawicka-Iwanowska\",\"description\":\"Head of Marketing z ponad sze\u015bcioletnim do\u015bwiadczeniem w bran\u017cy MICE. Na co dzie\u0144 zajmuje si\u0119 content marketingiem i promocj\u0105 obiekt\u00f3w eventowych, tak aby organizatorzy kongres\u00f3w, targ\u00f3w i konferencji wiedzieli, \u017ce w\u0142a\u015bnie tam warto zrealizowa\u0107 swoje wydarzenie. Prowadzi media spo\u0142eczno\u015bciowe, tworzy strategie komunikacji, pisze artyku\u0142y i dba o sp\u00f3jny wizerunek marki w ka\u017cdym kanale. W swojej pracy \u0142\u0105czy analityczne my\u015blenie z kreatywno\u015bci\u0105 i dobrym copy. Wsp\u00f3\u0142pracuje zar\u00f3wno z organizatorami najwi\u0119kszych wydarze\u0144 w Polsce, jak i z regionalnymi partnerami z bran\u017cy. Po godzinach mi\u0142o\u015bniczka podr\u00f3\u017cy po Europie, dobrej kuchni i klimatycznych miejsc, w kt\u00f3rych mo\u017cna z\u0142apa\u0107 oddech.\",\"sameAs\":[\"http:\/\/MojeKonferencje.pl\",\"https:\/\/www.linkedin.com\/in\/olgastawicka\/\"],\"url\":\"https:\/\/www.mojekonferencje.pl\/blog\/author\/osawicka\/\"}]}<\/script>\n<!-- \/ Yoast SEO plugin. -->","yoast_head_json":{"title":"Eventy plenerowe na Warmii i Mazurach \u2013 10 miejsc w sercu natury - blog | MojeKonferencje.pl","description":"Eventy plenerowe na Warmii i Mazurach \u2013 10 miejsc w sercu natury - blog | MojeKonferencje.pl","robots":{"index":"index","follow":"follow","max-snippet":"max-snippet:-1","max-image-preview":"max-image-preview:large","max-video-preview":"max-video-preview:-1"},"canonical":"https:\/\/www.mojekonferencje.pl\/blog\/eventy-plenerowe-na-warmii-i-mazurach-10-miejsc-w-sercu-natury\/","og_locale":"pl_PL","og_type":"article","og_title":"Eventy plenerowe na Warmii i Mazurach \u2013 10 miejsc w sercu natury - blog | MojeKonferencje.pl","og_description":"Eventy plenerowe na Warmii i Mazurach \u2013 10 miejsc w sercu natury - blog | MojeKonferencje.pl","og_url":"https:\/\/www.mojekonferencje.pl\/blog\/eventy-plenerowe-na-warmii-i-mazurach-10-miejsc-w-sercu-natury\/","og_site_name":"MojeKonferencje.pl","article_published_time":"2024-12-17T13:15:08+00:00","article_modified_time":"2024-12-30T13:33:35+00:00","og_image":[{"width":1200,"height":720,"url":"https:\/\/www.mojekonferencje.pl\/blog\/wp-content\/uploads\/2024\/12\/Fotoram.io-2024-12-30T141410.435.jpg","type":"image\/jpeg"}],"author":"Olga Stawicka-Iwanowska","twitter_card":"summary_large_image","twitter_misc":{"Napisane przez":"Olga Stawicka-Iwanowska","Szacowany czas czytania":"10 minut"},"schema":{"@context":"https:\/\/schema.org","@graph":[{"@type":"Article","@id":"https:\/\/www.mojekonferencje.pl\/blog\/eventy-plenerowe-na-warmii-i-mazurach-10-miejsc-w-sercu-natury\/#article","isPartOf":{"@id":"https:\/\/www.mojekonferencje.pl\/blog\/eventy-plenerowe-na-warmii-i-mazurach-10-miejsc-w-sercu-natury\/"},"author":{"name":"Olga Stawicka-Iwanowska","@id":"https:\/\/www.mojekonferencje.pl\/blog\/#\/schema\/person\/d6751ca3c60de9ec17ee21b744bbb2d4"},"headline":"Eventy plenerowe na Warmii i Mazurach \u2013 10 miejsc w sercu natury","datePublished":"2024-12-17T13:15:08+00:00","dateModified":"2024-12-30T13:33:35+00:00","mainEntityOfPage":{"@id":"https:\/\/www.mojekonferencje.pl\/blog\/eventy-plenerowe-na-warmii-i-mazurach-10-miejsc-w-sercu-natury\/"},"wordCount":1499,"image":{"@id":"https:\/\/www.mojekonferencje.pl\/blog\/eventy-plenerowe-na-warmii-i-mazurach-10-miejsc-w-sercu-natury\/#primaryimage"},"thumbnailUrl":"https:\/\/www.mojekonferencje.pl\/blog\/wp-content\/uploads\/2024\/12\/Fotoram.io-2024-12-30T141410.435.jpg","keywords":["hotele konferencyjne","organizacja imprez","organizacja wydarze\u0144","wypady integracyjne"],"articleSection":["Porady","Wybieranie miejsca konferencyjnego"],"inLanguage":"pl-PL"},{"@type":"WebPage","@id":"https:\/\/www.mojekonferencje.pl\/blog\/eventy-plenerowe-na-warmii-i-mazurach-10-miejsc-w-sercu-natury\/","url":"https:\/\/www.mojekonferencje.pl\/blog\/eventy-plenerowe-na-warmii-i-mazurach-10-miejsc-w-sercu-natury\/","name":"Eventy plenerowe na Warmii i Mazurach \u2013 10 miejsc w sercu natury - blog | MojeKonferencje.pl","isPartOf":{"@id":"https:\/\/www.mojekonferencje.pl\/blog\/#website"},"primaryImageOfPage":{"@id":"https:\/\/www.mojekonferencje.pl\/blog\/eventy-plenerowe-na-warmii-i-mazurach-10-miejsc-w-sercu-natury\/#primaryimage"},"image":{"@id":"https:\/\/www.mojekonferencje.pl\/blog\/eventy-plenerowe-na-warmii-i-mazurach-10-miejsc-w-sercu-natury\/#primaryimage"},"thumbnailUrl":"https:\/\/www.mojekonferencje.pl\/blog\/wp-content\/uploads\/2024\/12\/Fotoram.io-2024-12-30T141410.435.jpg","datePublished":"2024-12-17T13:15:08+00:00","dateModified":"2024-12-30T13:33:35+00:00","author":{"@id":"https:\/\/www.mojekonferencje.pl\/blog\/#\/schema\/person\/d6751ca3c60de9ec17ee21b744bbb2d4"},"description":"Eventy plenerowe na Warmii i Mazurach \u2013 10 miejsc w sercu natury - blog | MojeKonferencje.pl","breadcrumb":{"@id":"https:\/\/www.mojekonferencje.pl\/blog\/eventy-plenerowe-na-warmii-i-mazurach-10-miejsc-w-sercu-natury\/#breadcrumb"},"inLanguage":"pl-PL","potentialAction":[{"@type":"ReadAction","target":["https:\/\/www.mojekonferencje.pl\/blog\/eventy-plenerowe-na-warmii-i-mazurach-10-miejsc-w-sercu-natury\/"]}]},{"@type":"ImageObject","inLanguage":"pl-PL","@id":"https:\/\/www.mojekonferencje.pl\/blog\/eventy-plenerowe-na-warmii-i-mazurach-10-miejsc-w-sercu-natury\/#primaryimage","url":"https:\/\/www.mojekonferencje.pl\/blog\/wp-content\/uploads\/2024\/12\/Fotoram.io-2024-12-30T141410.435.jpg","contentUrl":"https:\/\/www.mojekonferencje.pl\/blog\/wp-content\/uploads\/2024\/12\/Fotoram.io-2024-12-30T141410.435.jpg","width":1200,"height":720,"caption":"Eventy plenerowe na Warmii i Mazurach"},{"@type":"BreadcrumbList","@id":"https:\/\/www.mojekonferencje.pl\/blog\/eventy-plenerowe-na-warmii-i-mazurach-10-miejsc-w-sercu-natury\/#breadcrumb","itemListElement":[{"@type":"ListItem","position":1,"name":"Strona g\u0142\u00f3wna","item":"https:\/\/www.mojekonferencje.pl\/blog\/"},{"@type":"ListItem","position":2,"name":"Eventy plenerowe na Warmii i Mazurach \u2013 10 miejsc w sercu natury"}]},{"@type":"WebSite","@id":"https:\/\/www.mojekonferencje.pl\/blog\/#website","url":"https:\/\/www.mojekonferencje.pl\/blog\/","name":"MojeKonferencje.pl","description":"Blog bran\u017cy szkoleniowo-konferencyjnej. W\u0142\u0105cz si\u0119 do dyskusji o obiektach konferencyjnych i nowo\u015bciach z bran\u017cy! Poznaj porady odno\u015bnie organizacji konferencji, szkole\u0144 i event\u00f3w firmowych! Zach\u0119camy do wyra\u017cania opinii oraz komentarzy.","potentialAction":[{"@type":"SearchAction","target":{"@type":"EntryPoint","urlTemplate":"https:\/\/www.mojekonferencje.pl\/blog\/?s={search_term_string}"},"query-input":{"@type":"PropertyValueSpecification","valueRequired":true,"valueName":"search_term_string"}}],"inLanguage":"pl-PL"},{"@type":"Person","@id":"https:\/\/www.mojekonferencje.pl\/blog\/#\/schema\/person\/d6751ca3c60de9ec17ee21b744bbb2d4","name":"Olga Stawicka-Iwanowska","description":"Head of Marketing z ponad sze\u015bcioletnim do\u015bwiadczeniem w bran\u017cy MICE. Na co dzie\u0144 zajmuje si\u0119 content marketingiem i promocj\u0105 obiekt\u00f3w eventowych, tak aby organizatorzy kongres\u00f3w, targ\u00f3w i konferencji wiedzieli, \u017ce w\u0142a\u015bnie tam warto zrealizowa\u0107 swoje wydarzenie. Prowadzi media spo\u0142eczno\u015bciowe, tworzy strategie komunikacji, pisze artyku\u0142y i dba o sp\u00f3jny wizerunek marki w ka\u017cdym kanale. W swojej pracy \u0142\u0105czy analityczne my\u015blenie z kreatywno\u015bci\u0105 i dobrym copy. Wsp\u00f3\u0142pracuje zar\u00f3wno z organizatorami najwi\u0119kszych wydarze\u0144 w Polsce, jak i z regionalnymi partnerami z bran\u017cy. Po godzinach mi\u0142o\u015bniczka podr\u00f3\u017cy po Europie, dobrej kuchni i klimatycznych miejsc, w kt\u00f3rych mo\u017cna z\u0142apa\u0107 oddech.","sameAs":["http:\/\/MojeKonferencje.pl","https:\/\/www.linkedin.com\/in\/olgastawicka\/"],"url":"https:\/\/www.mojekonferencje.pl\/blog\/author\/osawicka\/"}]}},"_links":{"self":[{"href":"https:\/\/www.mojekonferencje.pl\/blog\/wp-json\/wp\/v2\/posts\/6003","targetHints":{"allow":["GET"]}}],"collection":[{"href":"https:\/\/www.mojekonferencje.pl\/blog\/wp-json\/wp\/v2\/posts"}],"about":[{"href":"https:\/\/www.mojekonferencje.pl\/blog\/wp-json\/wp\/v2\/types\/post"}],"author":[{"embeddable":true,"href":"https:\/\/www.mojekonferencje.pl\/blog\/wp-json\/wp\/v2\/users\/9"}],"replies":[{"embeddable":true,"href":"https:\/\/www.mojekonferencje.pl\/blog\/wp-json\/wp\/v2\/comments?post=6003"}],"version-history":[{"count":1,"href":"https:\/\/www.mojekonferencje.pl\/blog\/wp-json\/wp\/v2\/posts\/6003\/revisions"}],"predecessor-version":[{"id":6015,"href":"https:\/\/www.mojekonferencje.pl\/blog\/wp-json\/wp\/v2\/posts\/6003\/revisions\/6015"}],"wp:featuredmedia":[{"embeddable":true,"href":"https:\/\/www.mojekonferencje.pl\/blog\/wp-json\/wp\/v2\/media\/6004"}],"wp:attachment":[{"href":"https:\/\/www.mojekonferencje.pl\/blog\/wp-json\/wp\/v2\/media?parent=6003"}],"wp:term":[{"taxonomy":"category","embeddable":true,"href":"https:\/\/www.mojekonferencje.pl\/blog\/wp-json\/wp\/v2\/categories?post=6003"},{"taxonomy":"post_tag","embeddable":true,"href":"https:\/\/www.mojekonferencje.pl\/blog\/wp-json\/wp\/v2\/tags?post=6003"}],"curies":[{"name":"wp","href":"https:\/\/api.w.org\/{rel}","templated":true}]}}