{"id":6051,"date":"2024-12-27T10:25:00","date_gmt":"2024-12-27T08:25:00","guid":{"rendered":"https:\/\/www.mojekonferencje.pl\/blog\/?p=6051"},"modified":"2025-01-04T01:38:14","modified_gmt":"2025-01-03T23:38:14","slug":"najlepsze-miejsca-w-poznaniu-na-kameralne-szkolenia-top-10-lokalizacji","status":"publish","type":"post","link":"https:\/\/www.mojekonferencje.pl\/blog\/najlepsze-miejsca-w-poznaniu-na-kameralne-szkolenia-top-10-lokalizacji\/","title":{"rendered":"Najlepsze miejsca w Poznaniu na kameralne szkolenia \u2013 TOP 10 lokalizacji!"},"content":{"rendered":"\n<p><strong>Pozna\u0144, b\u0119d\u0105cy jednym z dynamiczniej rozwijaj\u0105cych si\u0119 miast w Polsce, to nie tylko stolica biznesu i handlu, ale tak\u017ce doskona\u0142e miejsce do organizacji r\u00f3\u017cnego rodzaju wydarze\u0144. W samym sercu Wielkopolski znajdziemy wiele przestrzeni, kt\u00f3re \u0142\u0105cz\u0105 nowoczesno\u015b\u0107 z klimatyczn\u0105 atmosfer\u0105, idealnie wpisuj\u0105c si\u0119 w potrzeby firm poszukuj\u0105cych r\u00f3wnie\u017c miejsca na kameralne szkolenia, konferencje czy spotkania biznesowe.<\/strong><\/p>\n\n\n\n<p>W \u015bwiecie biznesu, gdzie cz\u0119sto kr\u00f3luj\u0105 wielkie sale konferencyjne i wydarzenia na szerok\u0105 skal\u0119, coraz wi\u0119ksz\u0105 popularno\u015b\u0107 zyskuj\u0105 kameralne spotkania \u2013 szkolenia, warsztaty i narady w mniejszych gronach. To w\u0142a\u015bnie w takich okoliczno\u015bciach mo\u017cna budowa\u0107 bardziej osobiste relacje, skupi\u0107 si\u0119 na detalu i tworzy\u0107 przestrze\u0144 do prawdziwej wymiany my\u015bli. Kluczowym elementem organizacji takich wydarze\u0144 jest wyb\u00f3r odpowiedniego miejsca \u2013 miejsca, kt\u00f3re nie tylko zapewni komfort, ale tak\u017ce stworzy atmosfer\u0119 sprzyjaj\u0105c\u0105 tw\u00f3rczej pracy i otwartej komunikacji.<\/p>\n\n\n\n<p>Koniecznie zosta\u0144 z nami i poznaj <a href=\"https:\/\/www.mojekonferencje.pl\/sale-konferencyjne-poznan\">najlepsze miejsca w Poznaniu na szkolenia i konferencje <\/a>o kameralnym charakterze, takie jak: <\/p>\n\n\n\n<figure class=\"wp-block-table\"><table class=\"has-fixed-layout\"><tbody><tr><td><a href=\"https:\/\/www.mojekonferencje.pl\/poznan\/platinum-palace-residence-poznan\">Platinum Residence Butique Pozna\u0144<\/a><\/td><td><a href=\"https:\/\/www.mojekonferencje.pl\/poznan\/camping-hotel-malta\">Hotel Camping Malta<\/a><\/td><\/tr><tr><td><a href=\"https:\/\/www.mojekonferencje.pl\/poznan\/park-inn-by-radisson-poznan\">Park Inn by Radisson Poznan<\/a><\/td><td><a href=\"https:\/\/www.mojekonferencje.pl\/poznan\/hotel-gromada-poznan\">Hotel Gromada Pozna\u0144<\/a><\/td><\/tr><tr><td><a href=\"https:\/\/www.mojekonferencje.pl\/poznan\/nh-poznan\">NH Pozna\u0144<\/a><\/td><td><a href=\"https:\/\/www.mojekonferencje.pl\/poznan\/ibis-poznan-stare-miasto\">Ibis Pozna\u0144 Stare Miasto<\/a><\/td><\/tr><tr><td><a href=\"https:\/\/www.mojekonferencje.pl\/poznan\/city-park-hotel--residence\">City Park Hotel &amp; Residence<\/a><\/td><td><a href=\"https:\/\/www.mojekonferencje.pl\/poznan\/lazienki-rzeczne\">\u0141azienki Rzeczne<\/a><\/td><\/tr><tr><td><a href=\"https:\/\/www.mojekonferencje.pl\/poznan\/poznanski-park-technologiczno-przemyslowy\">Pozna\u0144ski Park Technologiczno-Przemys\u0142owy<\/a><\/td><td><a href=\"https:\/\/www.mojekonferencje.pl\/poznan\/traffic-hotel--hostel\">Traffic Hotel<\/a><\/td><\/tr><\/tbody><\/table><\/figure>\n\n\n\n<h2 class=\"wp-block-heading has-text-align-center has-vivid-purple-color has-text-color has-link-color wp-elements-7a014ad9fde4691f50e916e3c3d4cbf7\"><a href=\"https:\/\/www.mojekonferencje.pl\/poznan\/platinum-palace-residence-poznan\"><span style=\"text-decoration: underline;\">Platinum Residence Butique Pozna\u0144<\/span><\/a><\/h2>\n\n\n\n<p>Jest to <strong>butikowy hotel w Poznaniu<\/strong>, kt\u00f3ry idealnie nadaje si\u0119 do organizacji kameralnych event\u00f3w, spotka\u0144 biznesowych oraz przyj\u0119\u0107 rodzinnych. Po\u0142o\u017cony w centrum miasta, oferuje cztery przestronne sale konferencyjne, kt\u00f3re mo\u017cna dostosowa\u0107 do indywidualnych potrzeb, mieszcz\u0105ce od 8 do 120 os\u00f3b.<\/p>\n\n\n\n<p>Ka\u017cda z sal wyr\u00f3\u017cnia si\u0119 unikalnym wystrojem, a profesjonalna obs\u0142uga gwarantuje sprawn\u0105 organizacj\u0119 wydarzenia. Hotelowa restauracja Reymonta 19 serwuje wykwintne dania kuchni fusion, co doskonale uzupe\u0142nia ofert\u0119 cateringow\u0105. Kameralna atmosfera, stylowe wn\u0119trza i wyj\u0105tkowa obs\u0142uga sprawiaj\u0105, \u017ce ka\u017cdy event w <strong>Platinum Residence<\/strong> staje si\u0119 niezapomnianym prze\u017cyciem.<\/p>\n\n\n\n<figure class=\"wp-block-image size-large\"><a href=\"https:\/\/www.mojekonferencje.pl\/blog\/wp-content\/uploads\/2025\/01\/1.jpg\"><img loading=\"lazy\" decoding=\"async\" width=\"1024\" height=\"575\" src=\"https:\/\/www.mojekonferencje.pl\/blog\/wp-content\/uploads\/2025\/01\/1-1024x575.jpg\" alt=\"\" class=\"wp-image-6053 lazyload\" data-srcset=\"https:\/\/www.mojekonferencje.pl\/blog\/wp-content\/uploads\/2025\/01\/1-1024x575.jpg 1024w, https:\/\/www.mojekonferencje.pl\/blog\/wp-content\/uploads\/2025\/01\/1-300x169.jpg 300w, https:\/\/www.mojekonferencje.pl\/blog\/wp-content\/uploads\/2025\/01\/1-768x432.jpg 768w, https:\/\/www.mojekonferencje.pl\/blog\/wp-content\/uploads\/2025\/01\/1-640x360.jpg 640w, https:\/\/www.mojekonferencje.pl\/blog\/wp-content\/uploads\/2025\/01\/1-320x180.jpg 320w, https:\/\/www.mojekonferencje.pl\/blog\/wp-content\/uploads\/2025\/01\/1-480x270.jpg 480w, https:\/\/www.mojekonferencje.pl\/blog\/wp-content\/uploads\/2025\/01\/1-960x540.jpg 960w, https:\/\/www.mojekonferencje.pl\/blog\/wp-content\/uploads\/2025\/01\/1-1280x720.jpg 1280w, https:\/\/www.mojekonferencje.pl\/blog\/wp-content\/uploads\/2025\/01\/1.jpg 1500w\" sizes=\"auto\" \/><\/a><\/figure>\n\n\n\n<h2 class=\"wp-block-heading has-text-align-center has-vivid-purple-color has-text-color has-link-color wp-elements-089b380fb1633ff7c9730d636e87a19a\"><a href=\"https:\/\/www.mojekonferencje.pl\/poznan\/park-inn-by-radisson-poznan\"><span style=\"text-decoration: underline;\">Park Inn by Radisson Poznan<\/span><\/a><\/h2>\n\n\n\n<p>To elegancki obiekt, idealny do organizacji kameralnych event\u00f3w, konferencji i spotka\u0144 biznesowych. Po\u0142o\u017cony w centrum miasta, w pobli\u017cu Starego Miasta, oferuje pi\u0119\u0107 nowoczesnych sal konferencyjnych, kt\u00f3re dzi\u0119ki przesuwanym \u015bciankom i regulowanej klimatyzacji dostosowuj\u0105 si\u0119 do indywidualnych potrzeb organizator\u00f3w. Obiekt jest doskona\u0142y do spotka\u0144 do 70 os\u00f3b, zapewniaj\u0105c komfort i wysok\u0105 jako\u015b\u0107 obs\u0142ugi.<\/p>\n\n\n\n<p>Wsp\u00f3\u0142czesne wn\u0119trza, nowoczesny sprz\u0119t audiowizualny i dost\u0119p do restauracji oraz lobby baru sprawiaj\u0105, \u017ce ka\u017cdy event staje si\u0119 niezapomnianym do\u015bwiadczeniem. W po\u0142\u0105czeniu z eleganckimi pokojami oraz dogodn\u0105 lokalizacj\u0105, <strong>Park Inn by Radisson Pozna\u0144<\/strong> to idealne miejsce na profesjonalne i kameralne spotkania.<\/p>\n\n\n\n<figure class=\"wp-block-image size-large\"><a href=\"https:\/\/www.mojekonferencje.pl\/blog\/wp-content\/uploads\/2025\/01\/2-1.jpg\"><img loading=\"lazy\" decoding=\"async\" width=\"1024\" height=\"682\" src=\"https:\/\/www.mojekonferencje.pl\/blog\/wp-content\/uploads\/2025\/01\/2-1-1024x682.jpg\" alt=\"\" class=\"wp-image-6054 lazyload\" data-srcset=\"https:\/\/www.mojekonferencje.pl\/blog\/wp-content\/uploads\/2025\/01\/2-1-1024x682.jpg 1024w, https:\/\/www.mojekonferencje.pl\/blog\/wp-content\/uploads\/2025\/01\/2-1-300x200.jpg 300w, https:\/\/www.mojekonferencje.pl\/blog\/wp-content\/uploads\/2025\/01\/2-1-768x512.jpg 768w, https:\/\/www.mojekonferencje.pl\/blog\/wp-content\/uploads\/2025\/01\/2-1.jpg 1280w\" sizes=\"auto\" \/><\/a><\/figure>\n\n\n\n<h2 class=\"wp-block-heading has-text-align-center has-vivid-purple-color has-text-color has-link-color wp-elements-7755caee738e170f7f3afe47f6b506b4\"><a href=\"https:\/\/www.mojekonferencje.pl\/poznan\/nh-poznan\"><span style=\"text-decoration: underline;\">NH Pozna\u0144<\/span><\/a><\/h2>\n\n\n\n<p>Ten <strong>hotel w centrum Poznania<\/strong> to idealne miejsce na organizacj\u0119 zar\u00f3wno kameralnych event\u00f3w, jak i wi\u0119kszych spotka\u0144 biznesowych. Dzi\u0119ki dogodnej lokalizacji, w pobli\u017cu najwa\u017cniejszych atrakcji miasta, obiekt zapewnia komfortowy dost\u0119p do centrum. Hotel oferuje pi\u0119\u0107 klimatyzowanych sal konferencyjnych, kt\u00f3re \u015bwietnie sprawdz\u0105 si\u0119 podczas szkole\u0144, prezentacji czy spotka\u0144 biznesowych. Na szczeg\u00f3ln\u0105 uwag\u0119 zas\u0142uguj\u0105 Winter Garden i Sala Posnania, kt\u00f3re wyr\u00f3\u017cniaj\u0105 si\u0119 unikalnym wystrojem.<\/p>\n\n\n\n<p>Go\u015bcie mog\u0105 liczy\u0107 na pe\u0142ne wsparcie organizacyjne, w tym nowoczesne wyposa\u017cenie i us\u0142ugi cateringowe. Po wydarzeniach warto zrelaksowa\u0107 si\u0119 w hotelowym SPA lub delektowa\u0107 si\u0119 daniami kuchni fusion w restauracji New Here. Kameralne spotkania, wyj\u0105tkowa atmosfera i kompleksowa obs\u0142uga sprawiaj\u0105, \u017ce ka\u017cde wydarzenie w<strong> NH Pozna\u0144<\/strong> pozostanie niezapomniane.<\/p>\n\n\n\n<figure class=\"wp-block-image size-large\"><a href=\"https:\/\/www.mojekonferencje.pl\/blog\/wp-content\/uploads\/2025\/01\/3.jpg\"><img loading=\"lazy\" decoding=\"async\" width=\"1500\" height=\"1000\" src=\"https:\/\/www.mojekonferencje.pl\/blog\/wp-content\/uploads\/2025\/01\/3-1024x683.jpg\" alt=\"\" class=\"wp-image-6055 lazyload\" data-srcset=\"https:\/\/www.mojekonferencje.pl\/blog\/wp-content\/uploads\/2025\/01\/3-1024x683.jpg 1024w, https:\/\/www.mojekonferencje.pl\/blog\/wp-content\/uploads\/2025\/01\/3-300x200.jpg 300w, https:\/\/www.mojekonferencje.pl\/blog\/wp-content\/uploads\/2025\/01\/3-768x512.jpg 768w, https:\/\/www.mojekonferencje.pl\/blog\/wp-content\/uploads\/2025\/01\/3.jpg 1500w\" sizes=\"auto\" \/><\/a><\/figure>\n\n\n\n<h2 class=\"wp-block-heading has-text-align-center has-vivid-purple-color has-text-color has-link-color wp-elements-e5c62447a553c4fa8f145b9ceb1c169e\"><a href=\"https:\/\/www.mojekonferencje.pl\/poznan\/city-park-hotel--residence\"><span style=\"text-decoration: underline;\">City Park Hotel &amp; Residence<\/span><\/a><\/h2>\n\n\n\n<p>Jest to<strong> hotel w Poznaniu<\/strong>, kt\u00f3ry \u0142\u0105czy historyczn\u0105 atmosfer\u0119 z nowoczesnym komfortem. Idealny zar\u00f3wno na spotkania biznesowe, jak i kameralne eventy. Dzi\u0119ki eleganckim i przestronnym wn\u0119trzom obiekt oferuje doskona\u0142e warunki do organizacji spotka\u0144, szkole\u0144 oraz konferencji. Sala konferencyjna Parkowa to przestrze\u0144 wyposa\u017cona w najnowszy sprz\u0119t, a ekskluzywna Sala VIP stanowi idealne miejsce dla mniejszych, bardziej intymnych spotka\u0144, sprzyjaj\u0105cych wymianie pomys\u0142\u00f3w w komfortowej atmosferze.<\/p>\n\n\n\n<p>Go\u015bcie mog\u0105 skorzysta\u0107 z r\u00f3\u017cnorodnych opcji cateringowych oraz przerw kawowych, kt\u00f3re zapewniaj\u0105 chwile relaksu. Luksusowe pokoje i apartamenty, wy\u015bmienita kuchnia w restauracji Cucina 88 oraz rozbudowane zaplecze Wellness &amp; Fitness SPARK sprawiaj\u0105, \u017ce ka\u017cdy <strong>event w City Park<\/strong> stanie si\u0119 niezapomnianym do\u015bwiadczeniem.<\/p>\n\n\n\n<figure class=\"wp-block-image size-large\"><a href=\"https:\/\/www.mojekonferencje.pl\/blog\/wp-content\/uploads\/2025\/01\/4-1.jpg\"><img loading=\"lazy\" decoding=\"async\" width=\"1024\" height=\"682\" src=\"https:\/\/www.mojekonferencje.pl\/blog\/wp-content\/uploads\/2025\/01\/4-1-1024x682.jpg\" alt=\"\" class=\"wp-image-6056 lazyload\" data-srcset=\"https:\/\/www.mojekonferencje.pl\/blog\/wp-content\/uploads\/2025\/01\/4-1-1024x682.jpg 1024w, https:\/\/www.mojekonferencje.pl\/blog\/wp-content\/uploads\/2025\/01\/4-1-300x200.jpg 300w, https:\/\/www.mojekonferencje.pl\/blog\/wp-content\/uploads\/2025\/01\/4-1-768x511.jpg 768w, https:\/\/www.mojekonferencje.pl\/blog\/wp-content\/uploads\/2025\/01\/4-1.jpg 1500w\" sizes=\"auto\" \/><\/a><\/figure>\n\n\n\n<h2 class=\"wp-block-heading has-text-align-center has-vivid-purple-color has-text-color has-link-color wp-elements-6c85966280701f7e812d45d14c99b676\"><a href=\"https:\/\/www.mojekonferencje.pl\/poznan\/poznanski-park-technologiczno-przemyslowy\"><span style=\"text-decoration: underline;\">Pozna\u0144ski Park Technologiczno-Przemys\u0142owy<\/span><\/a><\/h2>\n\n\n\n<p>To nowoczesny obiekt, kt\u00f3ry oferuje doskona\u0142e warunki do organizacji kameralnych event\u00f3w biznesowych. Zlokalizowany w dogodnym miejscu, w pobli\u017cu w\u0119z\u0142a autostrady A2 oraz zaledwie 3 km od dworca kolejowego i autobusowego, zapewnia \u0142atwy dost\u0119p do centrum miasta i innych wa\u017cnych punkt\u00f3w.<\/p>\n\n\n\n<p>Kompleks czterech sal konferencyjnych wyposa\u017conych w nowoczesny sprz\u0119t multimedialny i dost\u0119p do bezprzewodowego internetu to idealna przestrze\u0144 do organizacji spotka\u0144, szkole\u0144 czy konferencji. Sale A i B, umiejscowione na parterze, wyr\u00f3\u017cniaj\u0105 si\u0119 eleganckim wystrojem i funkcjonalno\u015bci\u0105, oferuj\u0105c wygodne warunki dla ma\u0142ych grup biznesowych. Dzi\u0119ki klimatyzacji, wysokiemu standardowi i 24-godzinnej ochronie, uczestnicy spotka\u0144 mog\u0105 liczy\u0107 na komfort i bezpiecze\u0144stwo. Obiekt zapewnia r\u00f3wnie\u017c mo\u017cliwo\u015b\u0107 skorzystania z us\u0142ug cateringowych, co sprawia, \u017ce ka\u017cde wydarzenie staje si\u0119 wyj\u0105tkowe.<\/p>\n\n\n\n<figure class=\"wp-block-image size-large\"><a href=\"https:\/\/www.mojekonferencje.pl\/blog\/wp-content\/uploads\/2025\/01\/5-1.jpg\"><img loading=\"lazy\" decoding=\"async\" width=\"1024\" height=\"576\" src=\"https:\/\/www.mojekonferencje.pl\/blog\/wp-content\/uploads\/2025\/01\/5-1-1024x576.jpg\" alt=\"\" class=\"wp-image-6057 lazyload\" data-srcset=\"https:\/\/www.mojekonferencje.pl\/blog\/wp-content\/uploads\/2025\/01\/5-1-1024x576.jpg 1024w, https:\/\/www.mojekonferencje.pl\/blog\/wp-content\/uploads\/2025\/01\/5-1-300x169.jpg 300w, https:\/\/www.mojekonferencje.pl\/blog\/wp-content\/uploads\/2025\/01\/5-1-768x432.jpg 768w, https:\/\/www.mojekonferencje.pl\/blog\/wp-content\/uploads\/2025\/01\/5-1-640x360.jpg 640w, https:\/\/www.mojekonferencje.pl\/blog\/wp-content\/uploads\/2025\/01\/5-1-320x180.jpg 320w, https:\/\/www.mojekonferencje.pl\/blog\/wp-content\/uploads\/2025\/01\/5-1-480x270.jpg 480w, https:\/\/www.mojekonferencje.pl\/blog\/wp-content\/uploads\/2025\/01\/5-1-960x540.jpg 960w, https:\/\/www.mojekonferencje.pl\/blog\/wp-content\/uploads\/2025\/01\/5-1-1280x720.jpg 1280w, https:\/\/www.mojekonferencje.pl\/blog\/wp-content\/uploads\/2025\/01\/5-1.jpg 1500w\" sizes=\"auto\" \/><\/a><\/figure>\n\n\n\n<h2 class=\"wp-block-heading has-text-align-center has-vivid-purple-color has-text-color has-link-color wp-elements-84c7ec3a5dc576b5e2ab20322804deba\"><a href=\"https:\/\/www.mojekonferencje.pl\/poznan\/camping-hotel-malta\"><span style=\"text-decoration: underline;\">Hotel Camping Malta<\/span><\/a><\/h2>\n\n\n\n<p>Ten <strong>hotel w Poznaniu<\/strong> le\u017cy zaledwie 3 km od Starego Rynku. Dzi\u0119ki doskona\u0142ej lokalizacji, blisko\u015bci przystank\u00f3w komunikacji miejskiej oraz malowniczemu po\u0142o\u017ceniu nad Jeziorem Malta\u0144skim, obiekt oferuje wyj\u0105tkow\u0105 atmosfer\u0119 do organizacji zar\u00f3wno spotka\u0144 biznesowych, jak i relaksuj\u0105cych wydarze\u0144. Dwie nowoczesne i klimatyzowane sale konferencyjne \u2013 A (do 55 os\u00f3b) oraz B (do 40 os\u00f3b) \u2013 s\u0105 idealnym wyborem na kameralne szkolenia, warsztaty czy sympozja. Sale wyposa\u017cone s\u0105 w profesjonalny sprz\u0119t audiowizualny i bezprzewodowy internet, co zapewnia komfort i efektywno\u015b\u0107 spotka\u0144.<\/p>\n\n\n\n<p>Obiekt oferuje 138 miejsc noclegowych, w tym eleganckie pokoje w Hotelu Malta oraz komfortowe domki, co zapewnia wygod\u0119 uczestnikom wydarze\u0144. Restauracja Rycerska, specjalizuj\u0105ca si\u0119 w kuchni polskiej i europejskiej, gwarantuje doskona\u0142\u0105 opraw\u0119 gastronomiczn\u0105. <strong>Camping Hotel Malta<\/strong> to miejsce, kt\u00f3re \u0142\u0105czy komfort, biznes i relaks w jednym.<\/p>\n\n\n\n<figure class=\"wp-block-image size-large\"><a href=\"https:\/\/www.mojekonferencje.pl\/blog\/wp-content\/uploads\/2025\/01\/6-1.jpg\"><img loading=\"lazy\" decoding=\"async\" width=\"1024\" height=\"683\" src=\"https:\/\/www.mojekonferencje.pl\/blog\/wp-content\/uploads\/2025\/01\/6-1-1024x683.jpg\" alt=\"\" class=\"wp-image-6058 lazyload\" data-srcset=\"https:\/\/www.mojekonferencje.pl\/blog\/wp-content\/uploads\/2025\/01\/6-1-1024x683.jpg 1024w, https:\/\/www.mojekonferencje.pl\/blog\/wp-content\/uploads\/2025\/01\/6-1-300x200.jpg 300w, https:\/\/www.mojekonferencje.pl\/blog\/wp-content\/uploads\/2025\/01\/6-1-768x512.jpg 768w, https:\/\/www.mojekonferencje.pl\/blog\/wp-content\/uploads\/2025\/01\/6-1.jpg 1500w\" sizes=\"auto\" \/><\/a><\/figure>\n\n\n\n<h2 class=\"wp-block-heading has-text-align-center has-vivid-purple-color has-text-color has-link-color wp-elements-03fd818ba42024308c0feed52a3a5fc2\"><a href=\"https:\/\/www.mojekonferencje.pl\/poznan\/hotel-gromada-poznan\"><span style=\"text-decoration: underline;\">Hotel Gromada Pozna\u0144<\/span><\/a><\/h2>\n\n\n\n<p>Jest to wyj\u0105tkowe miejsce na organizacj\u0119 kameralnych wydarze\u0144 biznesowych w sercu stolicy Wielkopolski. Dzi\u0119ki dogodnej lokalizacji, zaledwie kilka minut od Starego Rynku i Mi\u0119dzynarodowych Targ\u00f3w Pozna\u0144skich, stanowi doskona\u0142\u0105 baz\u0119 do spotka\u0144 biznesowych, warsztat\u00f3w czy szkole\u0144. Obiekt oferuje trzy sale konferencyjne, kt\u00f3re mog\u0105 pomie\u015bci\u0107 do 45 os\u00f3b. Ka\u017cda z sal jest wyposa\u017cona w nowoczesny sprz\u0119t audiowizualny, dost\u0119p do naturalnego \u015bwiat\u0142a i szybki internet, co zapewnia komfortowe warunki do efektywnej pracy.<\/p>\n\n\n\n<p><strong>Hotel Gromada Pozna\u0144<\/strong> to tak\u017ce przestronne pokoje i apartamenty, kt\u00f3re gwarantuj\u0105 wygodny wypoczynek po intensywnym dniu spotka\u0144. Go\u015bcie mog\u0105 skorzysta\u0107 z oprawy gastronomicznej restauracji Szafran, kt\u00f3ra serwuje kuchni\u0119 europejsk\u0105, doskonale dopasowan\u0105 do wydarze\u0144 biznesowych. Dodatkowe udogodnienia, takie jak sauna, pok\u00f3j rozrywki, czy ogr\u00f3dek z grillem, sprawiaj\u0105, \u017ce ka\u017cda organizacja eventu w tym miejscu staje si\u0119 wyj\u0105tkowym do\u015bwiadczeniem.<\/p>\n\n\n\n<figure class=\"wp-block-image size-large\"><a href=\"https:\/\/www.mojekonferencje.pl\/blog\/wp-content\/uploads\/2025\/01\/7-1.jpg\"><img loading=\"lazy\" decoding=\"async\" width=\"1024\" height=\"683\" src=\"https:\/\/www.mojekonferencje.pl\/blog\/wp-content\/uploads\/2025\/01\/7-1-1024x683.jpg\" alt=\"\" class=\"wp-image-6059 lazyload\" data-srcset=\"https:\/\/www.mojekonferencje.pl\/blog\/wp-content\/uploads\/2025\/01\/7-1-1024x683.jpg 1024w, https:\/\/www.mojekonferencje.pl\/blog\/wp-content\/uploads\/2025\/01\/7-1-300x200.jpg 300w, https:\/\/www.mojekonferencje.pl\/blog\/wp-content\/uploads\/2025\/01\/7-1-768x512.jpg 768w, https:\/\/www.mojekonferencje.pl\/blog\/wp-content\/uploads\/2025\/01\/7-1.jpg 1500w\" sizes=\"auto\" \/><\/a><\/figure>\n\n\n\n<h2 class=\"wp-block-heading has-text-align-center has-vivid-purple-color has-text-color has-link-color wp-elements-b58451b743f9b85179578d9f6fe4dcee\"><a href=\"https:\/\/www.mojekonferencje.pl\/poznan\/ibis-poznan-stare-miasto\"><span style=\"text-decoration: underline;\">Ibis Pozna\u0144 Stare Miasto<\/span><\/a><\/h2>\n\n\n\n<p>Ten <strong>hotel w Poznaniu<\/strong> to idealne miejsce na organizacj\u0119 kameralnych wydarze\u0144 w sercu miasta. Po\u0142o\u017cony tu\u017c nad rzek\u0105 Wart\u0105, zapewnia wygodny dost\u0119p zar\u00f3wno do g\u0142\u00f3wnych atrakcji Poznania, jak i kluczowych punkt\u00f3w biznesowych. Dzi\u0119ki znakomitej komunikacji i blisko\u015bci transportu publicznego, hotel stanowi doskona\u0142\u0105 baz\u0119 dla go\u015bci podr\u00f3\u017cuj\u0105cych s\u0142u\u017cbowo.<\/p>\n\n\n\n<p>Obiekt oferuje dwie kameralne sale konferencyjne \u2013 Malta i Rusa\u0142ka \u2013 kt\u00f3re \u0142\u0105cz\u0105 elegancj\u0119 z funkcjonalno\u015bci\u0105. Sale mog\u0105 pomie\u015bci\u0107 do 40 os\u00f3b w uk\u0142adzie \u0142\u0105czonym, a dzi\u0119ki nowoczesnemu wyposa\u017ceniu i ergonomicznym uk\u0142adom siedze\u0144 zapewniaj\u0105 komfortowe warunki do pracy i skupienia. To idealne przestrzenie na szkolenia, spotkania biznesowe czy warsztaty w mniejszym gronie. Po zako\u0144czonym dniu pracy go\u015bcie mog\u0105 odpocz\u0105\u0107 w jednym ze 146 nowoczesnych, klimatyzowanych pokoi z bezp\u0142atnym Wi-Fi, a tak\u017ce delektowa\u0107 si\u0119 wybornymi potrawami w restauracji ibis Kitchen, znanej z r\u00f3\u017cnorodno\u015bci smak\u00f3w i przyjaznej atmosfery. <strong>Ibis Pozna\u0144 Stare Miasto<\/strong> to miejsce, gdzie profesjonalizm spotyka si\u0119 z komfortem.<\/p>\n\n\n\n<figure class=\"wp-block-image size-large\"><a href=\"https:\/\/www.mojekonferencje.pl\/blog\/wp-content\/uploads\/2025\/01\/8-1.jpg\"><img loading=\"lazy\" decoding=\"async\" width=\"1024\" height=\"768\" src=\"https:\/\/www.mojekonferencje.pl\/blog\/wp-content\/uploads\/2025\/01\/8-1-1024x768.jpg\" alt=\"\" class=\"wp-image-6060 lazyload\" data-srcset=\"https:\/\/www.mojekonferencje.pl\/blog\/wp-content\/uploads\/2025\/01\/8-1-1024x768.jpg 1024w, https:\/\/www.mojekonferencje.pl\/blog\/wp-content\/uploads\/2025\/01\/8-1-300x225.jpg 300w, https:\/\/www.mojekonferencje.pl\/blog\/wp-content\/uploads\/2025\/01\/8-1-768x576.jpg 768w, https:\/\/www.mojekonferencje.pl\/blog\/wp-content\/uploads\/2025\/01\/8-1.jpg 1500w\" sizes=\"auto\" \/><\/a><\/figure>\n\n\n\n<h2 class=\"wp-block-heading has-text-align-center has-vivid-purple-color has-text-color has-link-color wp-elements-e44e822b610c5dea584671a3fefb497f\"><a href=\"https:\/\/www.mojekonferencje.pl\/poznan\/lazienki-rzeczne\"><span style=\"text-decoration: underline;\">\u0141azienki Rzeczne<\/span><\/a><\/h2>\n\n\n\n<p><strong>Zabytkowe \u0141azienki Rzeczne<\/strong> to wyj\u0105tkowe miejsce, kt\u00f3re \u0142\u0105czy historyczny urok z nowoczesno\u015bci\u0105, oferuj\u0105c doskona\u0142e warunki do organizacji kameralnych event\u00f3w. Po\u0142o\u017cone na malowniczych \u0141\u0119gach D\u0119bi\u0144skich nad Wart\u0105, zachwycaj\u0105 odrestaurowan\u0105 elewacj\u0105, zabytkowymi drzwiami i zielonym otoczeniem z urokliw\u0105 fontann\u0105. To idealne miejsce, aby po\u0142\u0105czy\u0107 biznes z chwil\u0105 wytchnienia w spokojnej okolicy.<\/p>\n\n\n\n<p>Obiekt oferuje dwie nowoczesne salki konferencyjne, kt\u00f3re mo\u017cna po\u0142\u0105czy\u0107 w przestronniejsz\u0105 przestrze\u0144 dzi\u0119ki przesuwnym drzwiom. Idealne do organizacji spotka\u0144 do 40 os\u00f3b, sale zachwycaj\u0105 widokiem na rzek\u0119 oraz komfortowym wyposa\u017ceniem, w tym szybkim internetem. Dzi\u0119ki dogodnej lokalizacji \u2013 zaledwie kilka minut od Starego Rynku i Mi\u0119dzynarodowych Targ\u00f3w Pozna\u0144skich \u2013 <strong>\u0141azienki Rzeczne<\/strong> s\u0105 \u015bwietnym wyborem na wydarzenia biznesowe. Atrakcyjne ceny wynajmu oraz profesjonalna infrastruktura sprawiaj\u0105, \u017ce ka\u017cde spotkanie w tym klimatycznym obiekcie nabiera wyj\u0105tkowego charakteru.<\/p>\n\n\n\n<figure class=\"wp-block-image size-full\"><a href=\"https:\/\/www.mojekonferencje.pl\/blog\/wp-content\/uploads\/2025\/01\/9.jpg\"><img loading=\"lazy\" decoding=\"async\" width=\"960\" height=\"580\" src=\"https:\/\/www.mojekonferencje.pl\/blog\/wp-content\/uploads\/2025\/01\/9.jpg\" alt=\"\" class=\"wp-image-6061 lazyload\" data-srcset=\"https:\/\/www.mojekonferencje.pl\/blog\/wp-content\/uploads\/2025\/01\/9.jpg 960w, https:\/\/www.mojekonferencje.pl\/blog\/wp-content\/uploads\/2025\/01\/9-300x181.jpg 300w, https:\/\/www.mojekonferencje.pl\/blog\/wp-content\/uploads\/2025\/01\/9-768x464.jpg 768w\" sizes=\"auto\" \/><\/a><\/figure>\n\n\n\n<h2 class=\"wp-block-heading has-text-align-center has-vivid-purple-color has-text-color has-link-color wp-elements-d4384cfe23574d76c36fecce7c2a156c\"><a href=\"https:\/\/www.mojekonferencje.pl\/poznan\/traffic-hotel--hostel\"><span style=\"text-decoration: underline;\">Traffic Hotel<\/span><\/a><\/h2>\n\n\n\n<p>To idealne miejsce dla os\u00f3b szukaj\u0105cych kameralnych przestrzeni na organizacj\u0119 wydarze\u0144 biznesowych w sercu Poznania. Usytuowany w \u015bcis\u0142ym centrum, w s\u0105siedztwie Starego Browaru i blisko Mi\u0119dzynarodowych Targ\u00f3w Pozna\u0144skich, oferuje dogodny dost\u0119p do kluczowych punkt\u00f3w miasta. Do dyspozycji organizator\u00f3w oddano dwie nowoczesne sale szkoleniowe, kt\u00f3re doskonale sprawdz\u0105 si\u0119 na spotkania w mniejszym gronie \u2013 do 10 lub 30 os\u00f3b. Sale wyr\u00f3\u017cnia przytulny, wsp\u00f3\u0142czesny design oraz pe\u0142ne wyposa\u017cenie techniczne, w tym rzutnik multimedialny i flipchart. Mo\u017cliwo\u015b\u0107 zam\u00f3wienia przerw kawowych, cateringu oraz nocleg\u00f3w w atrakcyjnych cenach czyni ofert\u0119 wyj\u0105tkowo kompleksow\u0105.<\/p>\n\n\n\n<p>Atmosfera obiektu sprzyja kreatywno\u015bci i efektywno\u015bci \u2013 wsp\u00f3lny salon, kuchnia samoobs\u0142ugowa z darmow\u0105 kaw\u0105 i herbat\u0105, a tak\u017ce bogata strefa wypoczynkowa tworz\u0105 przestrze\u0144, w kt\u00f3rej go\u015bcie czuj\u0105 si\u0119 jak w domu. Do\u015bwiadczenie personelu i liczne udogodnienia gwarantuj\u0105 udane, niezapomniane wydarzenie w wyj\u0105tkowym miejscu.<\/p>\n\n\n\n<figure class=\"wp-block-image size-large\"><a href=\"https:\/\/www.mojekonferencje.pl\/blog\/wp-content\/uploads\/2025\/01\/10-1.jpg\"><img loading=\"lazy\" decoding=\"async\" width=\"1024\" height=\"683\" src=\"https:\/\/www.mojekonferencje.pl\/blog\/wp-content\/uploads\/2025\/01\/10-1-1024x683.jpg\" alt=\"\" class=\"wp-image-6062 lazyload\" data-srcset=\"https:\/\/www.mojekonferencje.pl\/blog\/wp-content\/uploads\/2025\/01\/10-1-1024x683.jpg 1024w, https:\/\/www.mojekonferencje.pl\/blog\/wp-content\/uploads\/2025\/01\/10-1-300x200.jpg 300w, https:\/\/www.mojekonferencje.pl\/blog\/wp-content\/uploads\/2025\/01\/10-1-768x512.jpg 768w, https:\/\/www.mojekonferencje.pl\/blog\/wp-content\/uploads\/2025\/01\/10-1.jpg 1500w\" sizes=\"auto\" \/><\/a><\/figure>\n","protected":false},"excerpt":{"rendered":"<p>Odkryj najlepsze miejsca w Poznaniu na kameralne szkolenia i spotkania biznesowe. Zobacz TOP 10 lokalizacji idealnych do organizacji mniejszych wydarze\u0144.<\/p>\n","protected":false},"author":9,"featured_media":6052,"comment_status":"closed","ping_status":"closed","sticky":false,"template":"","format":"standard","meta":{"_acf_changed":false,"footnotes":""},"categories":[8,175],"tags":[271,354,19],"class_list":["post-6051","post","type-post","status-publish","format-standard","has-post-thumbnail","hentry","category-porady","category-wybieranie-miejsca-konferencyjnego","tag-hotele-konferencyjne","tag-organizacja-wydarzen","tag-sale-szkoleniowe"],"acf":[],"yoast_head":"<!-- This site is optimized with the Yoast SEO plugin v27.1.1 - https:\/\/yoast.com\/product\/yoast-seo-wordpress\/ -->\n<title>Najlepsze miejsca w Poznaniu na kameralne szkolenia \u2013 TOP 10 lokalizacji! - blog | MojeKonferencje.pl<\/title>\n<meta name=\"description\" content=\"Najlepsze miejsca w Poznaniu na kameralne szkolenia \u2013 TOP 10 lokalizacji! - blog | MojeKonferencje.pl\" \/>\n<meta name=\"robots\" content=\"index, follow, max-snippet:-1, max-image-preview:large, max-video-preview:-1\" \/>\n<link rel=\"canonical\" href=\"https:\/\/www.mojekonferencje.pl\/blog\/najlepsze-miejsca-w-poznaniu-na-kameralne-szkolenia-top-10-lokalizacji\/\" \/>\n<meta property=\"og:locale\" content=\"pl_PL\" \/>\n<meta property=\"og:type\" content=\"article\" \/>\n<meta property=\"og:title\" content=\"Najlepsze miejsca w Poznaniu na kameralne szkolenia \u2013 TOP 10 lokalizacji! - blog | MojeKonferencje.pl\" \/>\n<meta property=\"og:description\" content=\"Najlepsze miejsca w Poznaniu na kameralne szkolenia \u2013 TOP 10 lokalizacji! - blog | MojeKonferencje.pl\" \/>\n<meta property=\"og:url\" content=\"https:\/\/www.mojekonferencje.pl\/blog\/najlepsze-miejsca-w-poznaniu-na-kameralne-szkolenia-top-10-lokalizacji\/\" \/>\n<meta property=\"og:site_name\" content=\"MojeKonferencje.pl\" \/>\n<meta property=\"article:published_time\" content=\"2024-12-27T08:25:00+00:00\" \/>\n<meta property=\"article:modified_time\" content=\"2025-01-03T23:38:14+00:00\" \/>\n<meta property=\"og:image\" content=\"https:\/\/www.mojekonferencje.pl\/blog\/wp-content\/uploads\/2025\/01\/Fotoram.io-2025-01-04T002321.678.jpg\" \/>\n\t<meta property=\"og:image:width\" content=\"1200\" \/>\n\t<meta property=\"og:image:height\" content=\"720\" \/>\n\t<meta property=\"og:image:type\" content=\"image\/jpeg\" \/>\n<meta name=\"author\" content=\"Olga Stawicka-Iwanowska\" \/>\n<meta name=\"twitter:card\" content=\"summary_large_image\" \/>\n<meta name=\"twitter:label1\" content=\"Napisane przez\" \/>\n\t<meta name=\"twitter:data1\" content=\"Olga Stawicka-Iwanowska\" \/>\n\t<meta name=\"twitter:label2\" content=\"Szacowany czas czytania\" \/>\n\t<meta name=\"twitter:data2\" content=\"11 minut\" \/>\n<script type=\"application\/ld+json\" class=\"yoast-schema-graph\">{\"@context\":\"https:\/\/schema.org\",\"@graph\":[{\"@type\":\"Article\",\"@id\":\"https:\/\/www.mojekonferencje.pl\/blog\/najlepsze-miejsca-w-poznaniu-na-kameralne-szkolenia-top-10-lokalizacji\/#article\",\"isPartOf\":{\"@id\":\"https:\/\/www.mojekonferencje.pl\/blog\/najlepsze-miejsca-w-poznaniu-na-kameralne-szkolenia-top-10-lokalizacji\/\"},\"author\":{\"name\":\"Olga Stawicka-Iwanowska\",\"@id\":\"https:\/\/www.mojekonferencje.pl\/blog\/#\/schema\/person\/d6751ca3c60de9ec17ee21b744bbb2d4\"},\"headline\":\"Najlepsze miejsca w Poznaniu na kameralne szkolenia \u2013 TOP 10 lokalizacji!\",\"datePublished\":\"2024-12-27T08:25:00+00:00\",\"dateModified\":\"2025-01-03T23:38:14+00:00\",\"mainEntityOfPage\":{\"@id\":\"https:\/\/www.mojekonferencje.pl\/blog\/najlepsze-miejsca-w-poznaniu-na-kameralne-szkolenia-top-10-lokalizacji\/\"},\"wordCount\":1595,\"image\":{\"@id\":\"https:\/\/www.mojekonferencje.pl\/blog\/najlepsze-miejsca-w-poznaniu-na-kameralne-szkolenia-top-10-lokalizacji\/#primaryimage\"},\"thumbnailUrl\":\"https:\/\/www.mojekonferencje.pl\/blog\/wp-content\/uploads\/2025\/01\/Fotoram.io-2025-01-04T002321.678.jpg\",\"keywords\":[\"hotele konferencyjne\",\"organizacja wydarze\u0144\",\"sale szkoleniowe\"],\"articleSection\":[\"Porady\",\"Wybieranie miejsca konferencyjnego\"],\"inLanguage\":\"pl-PL\"},{\"@type\":\"WebPage\",\"@id\":\"https:\/\/www.mojekonferencje.pl\/blog\/najlepsze-miejsca-w-poznaniu-na-kameralne-szkolenia-top-10-lokalizacji\/\",\"url\":\"https:\/\/www.mojekonferencje.pl\/blog\/najlepsze-miejsca-w-poznaniu-na-kameralne-szkolenia-top-10-lokalizacji\/\",\"name\":\"Najlepsze miejsca w Poznaniu na kameralne szkolenia \u2013 TOP 10 lokalizacji! - blog | MojeKonferencje.pl\",\"isPartOf\":{\"@id\":\"https:\/\/www.mojekonferencje.pl\/blog\/#website\"},\"primaryImageOfPage\":{\"@id\":\"https:\/\/www.mojekonferencje.pl\/blog\/najlepsze-miejsca-w-poznaniu-na-kameralne-szkolenia-top-10-lokalizacji\/#primaryimage\"},\"image\":{\"@id\":\"https:\/\/www.mojekonferencje.pl\/blog\/najlepsze-miejsca-w-poznaniu-na-kameralne-szkolenia-top-10-lokalizacji\/#primaryimage\"},\"thumbnailUrl\":\"https:\/\/www.mojekonferencje.pl\/blog\/wp-content\/uploads\/2025\/01\/Fotoram.io-2025-01-04T002321.678.jpg\",\"datePublished\":\"2024-12-27T08:25:00+00:00\",\"dateModified\":\"2025-01-03T23:38:14+00:00\",\"author\":{\"@id\":\"https:\/\/www.mojekonferencje.pl\/blog\/#\/schema\/person\/d6751ca3c60de9ec17ee21b744bbb2d4\"},\"description\":\"Najlepsze miejsca w Poznaniu na kameralne szkolenia \u2013 TOP 10 lokalizacji! - blog | MojeKonferencje.pl\",\"breadcrumb\":{\"@id\":\"https:\/\/www.mojekonferencje.pl\/blog\/najlepsze-miejsca-w-poznaniu-na-kameralne-szkolenia-top-10-lokalizacji\/#breadcrumb\"},\"inLanguage\":\"pl-PL\",\"potentialAction\":[{\"@type\":\"ReadAction\",\"target\":[\"https:\/\/www.mojekonferencje.pl\/blog\/najlepsze-miejsca-w-poznaniu-na-kameralne-szkolenia-top-10-lokalizacji\/\"]}]},{\"@type\":\"ImageObject\",\"inLanguage\":\"pl-PL\",\"@id\":\"https:\/\/www.mojekonferencje.pl\/blog\/najlepsze-miejsca-w-poznaniu-na-kameralne-szkolenia-top-10-lokalizacji\/#primaryimage\",\"url\":\"https:\/\/www.mojekonferencje.pl\/blog\/wp-content\/uploads\/2025\/01\/Fotoram.io-2025-01-04T002321.678.jpg\",\"contentUrl\":\"https:\/\/www.mojekonferencje.pl\/blog\/wp-content\/uploads\/2025\/01\/Fotoram.io-2025-01-04T002321.678.jpg\",\"width\":1200,\"height\":720,\"caption\":\"miejsca w Poznaniu na kameralne szkolenia\"},{\"@type\":\"BreadcrumbList\",\"@id\":\"https:\/\/www.mojekonferencje.pl\/blog\/najlepsze-miejsca-w-poznaniu-na-kameralne-szkolenia-top-10-lokalizacji\/#breadcrumb\",\"itemListElement\":[{\"@type\":\"ListItem\",\"position\":1,\"name\":\"Strona g\u0142\u00f3wna\",\"item\":\"https:\/\/www.mojekonferencje.pl\/blog\/\"},{\"@type\":\"ListItem\",\"position\":2,\"name\":\"Najlepsze miejsca w Poznaniu na kameralne szkolenia \u2013 TOP 10 lokalizacji!\"}]},{\"@type\":\"WebSite\",\"@id\":\"https:\/\/www.mojekonferencje.pl\/blog\/#website\",\"url\":\"https:\/\/www.mojekonferencje.pl\/blog\/\",\"name\":\"MojeKonferencje.pl\",\"description\":\"Blog bran\u017cy szkoleniowo-konferencyjnej. W\u0142\u0105cz si\u0119 do dyskusji o obiektach konferencyjnych i nowo\u015bciach z bran\u017cy! Poznaj porady odno\u015bnie organizacji konferencji, szkole\u0144 i event\u00f3w firmowych! Zach\u0119camy do wyra\u017cania opinii oraz komentarzy.\",\"potentialAction\":[{\"@type\":\"SearchAction\",\"target\":{\"@type\":\"EntryPoint\",\"urlTemplate\":\"https:\/\/www.mojekonferencje.pl\/blog\/?s={search_term_string}\"},\"query-input\":{\"@type\":\"PropertyValueSpecification\",\"valueRequired\":true,\"valueName\":\"search_term_string\"}}],\"inLanguage\":\"pl-PL\"},{\"@type\":\"Person\",\"@id\":\"https:\/\/www.mojekonferencje.pl\/blog\/#\/schema\/person\/d6751ca3c60de9ec17ee21b744bbb2d4\",\"name\":\"Olga Stawicka-Iwanowska\",\"description\":\"Head of Marketing z ponad sze\u015bcioletnim do\u015bwiadczeniem w bran\u017cy MICE. Na co dzie\u0144 zajmuje si\u0119 content marketingiem i promocj\u0105 obiekt\u00f3w eventowych, tak aby organizatorzy kongres\u00f3w, targ\u00f3w i konferencji wiedzieli, \u017ce w\u0142a\u015bnie tam warto zrealizowa\u0107 swoje wydarzenie. Prowadzi media spo\u0142eczno\u015bciowe, tworzy strategie komunikacji, pisze artyku\u0142y i dba o sp\u00f3jny wizerunek marki w ka\u017cdym kanale. W swojej pracy \u0142\u0105czy analityczne my\u015blenie z kreatywno\u015bci\u0105 i dobrym copy. Wsp\u00f3\u0142pracuje zar\u00f3wno z organizatorami najwi\u0119kszych wydarze\u0144 w Polsce, jak i z regionalnymi partnerami z bran\u017cy. Po godzinach mi\u0142o\u015bniczka podr\u00f3\u017cy po Europie, dobrej kuchni i klimatycznych miejsc, w kt\u00f3rych mo\u017cna z\u0142apa\u0107 oddech.\",\"sameAs\":[\"http:\/\/MojeKonferencje.pl\",\"https:\/\/www.linkedin.com\/in\/olgastawicka\/\"],\"url\":\"https:\/\/www.mojekonferencje.pl\/blog\/author\/osawicka\/\"}]}<\/script>\n<!-- \/ Yoast SEO plugin. -->","yoast_head_json":{"title":"Najlepsze miejsca w Poznaniu na kameralne szkolenia \u2013 TOP 10 lokalizacji! - blog | MojeKonferencje.pl","description":"Najlepsze miejsca w Poznaniu na kameralne szkolenia \u2013 TOP 10 lokalizacji! - blog | MojeKonferencje.pl","robots":{"index":"index","follow":"follow","max-snippet":"max-snippet:-1","max-image-preview":"max-image-preview:large","max-video-preview":"max-video-preview:-1"},"canonical":"https:\/\/www.mojekonferencje.pl\/blog\/najlepsze-miejsca-w-poznaniu-na-kameralne-szkolenia-top-10-lokalizacji\/","og_locale":"pl_PL","og_type":"article","og_title":"Najlepsze miejsca w Poznaniu na kameralne szkolenia \u2013 TOP 10 lokalizacji! - blog | MojeKonferencje.pl","og_description":"Najlepsze miejsca w Poznaniu na kameralne szkolenia \u2013 TOP 10 lokalizacji! - blog | MojeKonferencje.pl","og_url":"https:\/\/www.mojekonferencje.pl\/blog\/najlepsze-miejsca-w-poznaniu-na-kameralne-szkolenia-top-10-lokalizacji\/","og_site_name":"MojeKonferencje.pl","article_published_time":"2024-12-27T08:25:00+00:00","article_modified_time":"2025-01-03T23:38:14+00:00","og_image":[{"width":1200,"height":720,"url":"https:\/\/www.mojekonferencje.pl\/blog\/wp-content\/uploads\/2025\/01\/Fotoram.io-2025-01-04T002321.678.jpg","type":"image\/jpeg"}],"author":"Olga Stawicka-Iwanowska","twitter_card":"summary_large_image","twitter_misc":{"Napisane przez":"Olga Stawicka-Iwanowska","Szacowany czas czytania":"11 minut"},"schema":{"@context":"https:\/\/schema.org","@graph":[{"@type":"Article","@id":"https:\/\/www.mojekonferencje.pl\/blog\/najlepsze-miejsca-w-poznaniu-na-kameralne-szkolenia-top-10-lokalizacji\/#article","isPartOf":{"@id":"https:\/\/www.mojekonferencje.pl\/blog\/najlepsze-miejsca-w-poznaniu-na-kameralne-szkolenia-top-10-lokalizacji\/"},"author":{"name":"Olga Stawicka-Iwanowska","@id":"https:\/\/www.mojekonferencje.pl\/blog\/#\/schema\/person\/d6751ca3c60de9ec17ee21b744bbb2d4"},"headline":"Najlepsze miejsca w Poznaniu na kameralne szkolenia \u2013 TOP 10 lokalizacji!","datePublished":"2024-12-27T08:25:00+00:00","dateModified":"2025-01-03T23:38:14+00:00","mainEntityOfPage":{"@id":"https:\/\/www.mojekonferencje.pl\/blog\/najlepsze-miejsca-w-poznaniu-na-kameralne-szkolenia-top-10-lokalizacji\/"},"wordCount":1595,"image":{"@id":"https:\/\/www.mojekonferencje.pl\/blog\/najlepsze-miejsca-w-poznaniu-na-kameralne-szkolenia-top-10-lokalizacji\/#primaryimage"},"thumbnailUrl":"https:\/\/www.mojekonferencje.pl\/blog\/wp-content\/uploads\/2025\/01\/Fotoram.io-2025-01-04T002321.678.jpg","keywords":["hotele konferencyjne","organizacja wydarze\u0144","sale szkoleniowe"],"articleSection":["Porady","Wybieranie miejsca konferencyjnego"],"inLanguage":"pl-PL"},{"@type":"WebPage","@id":"https:\/\/www.mojekonferencje.pl\/blog\/najlepsze-miejsca-w-poznaniu-na-kameralne-szkolenia-top-10-lokalizacji\/","url":"https:\/\/www.mojekonferencje.pl\/blog\/najlepsze-miejsca-w-poznaniu-na-kameralne-szkolenia-top-10-lokalizacji\/","name":"Najlepsze miejsca w Poznaniu na kameralne szkolenia \u2013 TOP 10 lokalizacji! - blog | MojeKonferencje.pl","isPartOf":{"@id":"https:\/\/www.mojekonferencje.pl\/blog\/#website"},"primaryImageOfPage":{"@id":"https:\/\/www.mojekonferencje.pl\/blog\/najlepsze-miejsca-w-poznaniu-na-kameralne-szkolenia-top-10-lokalizacji\/#primaryimage"},"image":{"@id":"https:\/\/www.mojekonferencje.pl\/blog\/najlepsze-miejsca-w-poznaniu-na-kameralne-szkolenia-top-10-lokalizacji\/#primaryimage"},"thumbnailUrl":"https:\/\/www.mojekonferencje.pl\/blog\/wp-content\/uploads\/2025\/01\/Fotoram.io-2025-01-04T002321.678.jpg","datePublished":"2024-12-27T08:25:00+00:00","dateModified":"2025-01-03T23:38:14+00:00","author":{"@id":"https:\/\/www.mojekonferencje.pl\/blog\/#\/schema\/person\/d6751ca3c60de9ec17ee21b744bbb2d4"},"description":"Najlepsze miejsca w Poznaniu na kameralne szkolenia \u2013 TOP 10 lokalizacji! - blog | MojeKonferencje.pl","breadcrumb":{"@id":"https:\/\/www.mojekonferencje.pl\/blog\/najlepsze-miejsca-w-poznaniu-na-kameralne-szkolenia-top-10-lokalizacji\/#breadcrumb"},"inLanguage":"pl-PL","potentialAction":[{"@type":"ReadAction","target":["https:\/\/www.mojekonferencje.pl\/blog\/najlepsze-miejsca-w-poznaniu-na-kameralne-szkolenia-top-10-lokalizacji\/"]}]},{"@type":"ImageObject","inLanguage":"pl-PL","@id":"https:\/\/www.mojekonferencje.pl\/blog\/najlepsze-miejsca-w-poznaniu-na-kameralne-szkolenia-top-10-lokalizacji\/#primaryimage","url":"https:\/\/www.mojekonferencje.pl\/blog\/wp-content\/uploads\/2025\/01\/Fotoram.io-2025-01-04T002321.678.jpg","contentUrl":"https:\/\/www.mojekonferencje.pl\/blog\/wp-content\/uploads\/2025\/01\/Fotoram.io-2025-01-04T002321.678.jpg","width":1200,"height":720,"caption":"miejsca w Poznaniu na kameralne szkolenia"},{"@type":"BreadcrumbList","@id":"https:\/\/www.mojekonferencje.pl\/blog\/najlepsze-miejsca-w-poznaniu-na-kameralne-szkolenia-top-10-lokalizacji\/#breadcrumb","itemListElement":[{"@type":"ListItem","position":1,"name":"Strona g\u0142\u00f3wna","item":"https:\/\/www.mojekonferencje.pl\/blog\/"},{"@type":"ListItem","position":2,"name":"Najlepsze miejsca w Poznaniu na kameralne szkolenia \u2013 TOP 10 lokalizacji!"}]},{"@type":"WebSite","@id":"https:\/\/www.mojekonferencje.pl\/blog\/#website","url":"https:\/\/www.mojekonferencje.pl\/blog\/","name":"MojeKonferencje.pl","description":"Blog bran\u017cy szkoleniowo-konferencyjnej. W\u0142\u0105cz si\u0119 do dyskusji o obiektach konferencyjnych i nowo\u015bciach z bran\u017cy! Poznaj porady odno\u015bnie organizacji konferencji, szkole\u0144 i event\u00f3w firmowych! Zach\u0119camy do wyra\u017cania opinii oraz komentarzy.","potentialAction":[{"@type":"SearchAction","target":{"@type":"EntryPoint","urlTemplate":"https:\/\/www.mojekonferencje.pl\/blog\/?s={search_term_string}"},"query-input":{"@type":"PropertyValueSpecification","valueRequired":true,"valueName":"search_term_string"}}],"inLanguage":"pl-PL"},{"@type":"Person","@id":"https:\/\/www.mojekonferencje.pl\/blog\/#\/schema\/person\/d6751ca3c60de9ec17ee21b744bbb2d4","name":"Olga Stawicka-Iwanowska","description":"Head of Marketing z ponad sze\u015bcioletnim do\u015bwiadczeniem w bran\u017cy MICE. Na co dzie\u0144 zajmuje si\u0119 content marketingiem i promocj\u0105 obiekt\u00f3w eventowych, tak aby organizatorzy kongres\u00f3w, targ\u00f3w i konferencji wiedzieli, \u017ce w\u0142a\u015bnie tam warto zrealizowa\u0107 swoje wydarzenie. Prowadzi media spo\u0142eczno\u015bciowe, tworzy strategie komunikacji, pisze artyku\u0142y i dba o sp\u00f3jny wizerunek marki w ka\u017cdym kanale. W swojej pracy \u0142\u0105czy analityczne my\u015blenie z kreatywno\u015bci\u0105 i dobrym copy. Wsp\u00f3\u0142pracuje zar\u00f3wno z organizatorami najwi\u0119kszych wydarze\u0144 w Polsce, jak i z regionalnymi partnerami z bran\u017cy. Po godzinach mi\u0142o\u015bniczka podr\u00f3\u017cy po Europie, dobrej kuchni i klimatycznych miejsc, w kt\u00f3rych mo\u017cna z\u0142apa\u0107 oddech.","sameAs":["http:\/\/MojeKonferencje.pl","https:\/\/www.linkedin.com\/in\/olgastawicka\/"],"url":"https:\/\/www.mojekonferencje.pl\/blog\/author\/osawicka\/"}]}},"_links":{"self":[{"href":"https:\/\/www.mojekonferencje.pl\/blog\/wp-json\/wp\/v2\/posts\/6051","targetHints":{"allow":["GET"]}}],"collection":[{"href":"https:\/\/www.mojekonferencje.pl\/blog\/wp-json\/wp\/v2\/posts"}],"about":[{"href":"https:\/\/www.mojekonferencje.pl\/blog\/wp-json\/wp\/v2\/types\/post"}],"author":[{"embeddable":true,"href":"https:\/\/www.mojekonferencje.pl\/blog\/wp-json\/wp\/v2\/users\/9"}],"replies":[{"embeddable":true,"href":"https:\/\/www.mojekonferencje.pl\/blog\/wp-json\/wp\/v2\/comments?post=6051"}],"version-history":[{"count":1,"href":"https:\/\/www.mojekonferencje.pl\/blog\/wp-json\/wp\/v2\/posts\/6051\/revisions"}],"predecessor-version":[{"id":6063,"href":"https:\/\/www.mojekonferencje.pl\/blog\/wp-json\/wp\/v2\/posts\/6051\/revisions\/6063"}],"wp:featuredmedia":[{"embeddable":true,"href":"https:\/\/www.mojekonferencje.pl\/blog\/wp-json\/wp\/v2\/media\/6052"}],"wp:attachment":[{"href":"https:\/\/www.mojekonferencje.pl\/blog\/wp-json\/wp\/v2\/media?parent=6051"}],"wp:term":[{"taxonomy":"category","embeddable":true,"href":"https:\/\/www.mojekonferencje.pl\/blog\/wp-json\/wp\/v2\/categories?post=6051"},{"taxonomy":"post_tag","embeddable":true,"href":"https:\/\/www.mojekonferencje.pl\/blog\/wp-json\/wp\/v2\/tags?post=6051"}],"curies":[{"name":"wp","href":"https:\/\/api.w.org\/{rel}","templated":true}]}}