{"id":6178,"date":"2026-03-31T09:00:00","date_gmt":"2026-03-31T07:00:00","guid":{"rendered":"https:\/\/www.mojekonferencje.pl\/blog\/?p=6178"},"modified":"2026-04-03T09:15:52","modified_gmt":"2026-04-03T07:15:52","slug":"10-najbardziej-instagramowych-miejsc-na-eventy-w-polsce-zorganizuj-konferencje-ktora-zachwyci","status":"publish","type":"post","link":"https:\/\/www.mojekonferencje.pl\/blog\/10-najbardziej-instagramowych-miejsc-na-eventy-w-polsce-zorganizuj-konferencje-ktora-zachwyci\/","title":{"rendered":"10 najbardziej Instagramowych miejsc na eventy w Polsce \u2013 zorganizuj konferencj\u0119, kt\u00f3ra zachwyci!"},"content":{"rendered":"\n<p><strong>Organizacja konferencji, szkole\u0144 czy spotka\u0144 biznesowych nie musi ogranicza\u0107 si\u0119 do tradycyjnych sal w biurowcach czy hotelach. Coraz wi\u0119cej firm i organizator\u00f3w event\u00f3w si\u0119ga po wyj\u0105tkowe instagramowe miejsca, kt\u00f3re nie tylko zapewniaj\u0105 doskona\u0142e warunki do pracy, ale tak\u017ce robi\u0105 wra\u017cenie na uczestnikach i zachwycaj\u0105 swoim wygl\u0105dem.<\/strong><\/p>\n\n\n\n<p>Dlaczego warto? Eventy organizowane w pi\u0119knych i fotogenicznych lokalizacjach buduj\u0105 presti\u017c firmy, sprzyjaj\u0105 kreatywno\u015bci uczestnik\u00f3w i zach\u0119caj\u0105 do dzielenia si\u0119 wra\u017ceniami w mediach spo\u0142eczno\u015bciowych. W Polsce znajdziemy wiele niezwyk\u0142ych miejsc, kt\u00f3re podbijaj\u0105 serca go\u015bci \u2013 od designerskich loft\u00f3w po klimatyczne zamki czy przestrzenie na \u0142onie natury. Przygotowali\u015bmy zestawienie <strong>10 najbardziej Instagramowych miejsc<\/strong>, kt\u00f3re sprawi\u0105, \u017ce Tw\u00f3j event b\u0119dzie nie tylko udany, ale tak\u017ce niezapomniany.<\/p>\n\n\n\n<p>Zosta\u0144 z nami i poznaj <a href=\"https:\/\/www.mojekonferencje.pl\/\">obiekty na konferencje, szkolenia i spotkania biznesowe<\/a>, takie jak: <\/p>\n\n\n\n<figure class=\"wp-block-table\"><table class=\"has-fixed-layout\"><tbody><tr><td><a href=\"https:\/\/www.mojekonferencje.pl\/krapkowice\/zamek-moszna\" type=\"link\" id=\"https:\/\/www.mojekonferencje.pl\/krapkowice\/zamek-moszna\">Zamek Moszna<\/a><\/td><td><a href=\"https:\/\/www.mojekonferencje.pl\/puck\/zamek-rzucewo\" type=\"link\" id=\"https:\/\/www.mojekonferencje.pl\/puck\/zamek-rzucewo\">Zamek Rzucewo<\/a><\/td><\/tr><tr><td><a href=\"https:\/\/www.mojekonferencje.pl\/gdansk\/stary-manez\" type=\"link\" id=\"https:\/\/www.mojekonferencje.pl\/gdansk\/stary-manez\">Stary Mane\u017c<\/a><\/td><td><a href=\"https:\/\/www.mojekonferencje.pl\/miedzyzdroje\/hotel-glar\" type=\"link\" id=\"https:\/\/www.mojekonferencje.pl\/miedzyzdroje\/hotel-glar\">Hotel GLAR Conference &amp; SPA<\/a><\/td><\/tr><tr><td><a href=\"https:\/\/www.mojekonferencje.pl\/leba\/zamek-leba\" type=\"link\" id=\"https:\/\/www.mojekonferencje.pl\/leba\/zamek-leba\">Zamek \u0141eba<\/a><\/td><td><a href=\"https:\/\/www.mojekonferencje.pl\/swieradow-zdroj\/elements-hotel-spa-swieradow-zdroj\">Elements Hotel &amp; Spa \u015awierad\u00f3w Zdr\u00f3j<\/a><\/td><\/tr><tr><td><a href=\"https:\/\/www.mojekonferencje.pl\/miedzyzdroje\/hotel-glar\">Hotel GLAR Conference &amp; SPA<\/a><\/td><td><a href=\"https:\/\/www.mojekonferencje.pl\/lwowek-slaski-\/palac-brunow\">Pa\u0142ac Brun\u00f3w<\/a><\/td><\/tr><tr><td><a href=\"https:\/\/www.mojekonferencje.pl\/kadyny\/kadyny-folwark-hotel-spa\" type=\"link\" id=\"https:\/\/www.mojekonferencje.pl\/kadyny\/kadyny-folwark-hotel-spa\">Kadyny Folwark Hotel &amp; Spa<\/a><\/td><td><a href=\"https:\/\/www.mojekonferencje.pl\/zabrze\/kopalnia-guido-w-zabrzu\" type=\"link\" id=\"https:\/\/www.mojekonferencje.pl\/zabrze\/kopalnia-guido-w-zabrzu\">Kopalnia Guido<\/a><\/td><\/tr><\/tbody><\/table><\/figure>\n\n\n\n<h2 class=\"wp-block-heading has-text-align-center has-vivid-purple-color has-text-color has-link-color wp-elements-82173f9490566164549733af93bd83b7\"><a href=\"https:\/\/www.mojekonferencje.pl\/krapkowice\/zamek-moszna\" type=\"link\" id=\"https:\/\/www.mojekonferencje.pl\/krapkowice\/zamek-moszna\"><span style=\"text-decoration: underline;\">Zamek Moszna<\/span><\/a><\/h2>\n\n\n\n<p>Pierwsz\u0105 propozycj\u0105 jest <a href=\"https:\/\/www.mojekonferencje.pl\/krapkowice\/zamek-moszna\" type=\"link\" id=\"https:\/\/www.mojekonferencje.pl\/krapkowice\/zamek-moszna\">Zamek Moszna<\/a>. To jedno z tych miejsc, kt\u00f3re naprawd\u0119 robi\u0105 wra\u017cenie ju\u017c od pierwszego spojrzenia. Bajkowy wygl\u0105d, a\u017c <strong>99 wie\u017c i ogromna liczba pomieszcze\u0144<\/strong> sprawiaj\u0105, \u017ce trudno przej\u015b\u0107 obok niego oboj\u0119tnie. Nic dziwnego, \u017ce tak cz\u0119sto pojawia si\u0119 na zdj\u0119ciach i w mediach spo\u0142eczno\u015bciowych.<\/p>\n\n\n\n<p>Dzi\u015b zamek to nie tylko atrakcja turystyczna, ale te\u017c \u015bwietne miejsce na organizacj\u0119 konferencji, szkolenia czy firmowego eventu. Do dyspozycji s\u0105 <strong>r\u00f3\u017cne sale<\/strong> \u2013 od mniejszych, idealnych na spotkania w w\u0105skim gronie, po wi\u0119ksze, kt\u00f3re pomieszcz\u0105 nawet ponad 100 os\u00f3b. Wszystko jest dobrze przygotowane pod k\u0105tem technicznym, wi\u0119c mo\u017cna spokojnie zorganizowa\u0107 profesjonalne wydarzenie.<\/p>\n\n\n\n<p>Na miejscu dost\u0119pne s\u0105 r\u00f3wnie\u017c <strong>noclegi (49 pokoi<\/strong>) oraz <strong>restauracja serwuj\u0105ca kuchni\u0119 regionaln\u0105 i klasyczne dania<\/strong>. Du\u017cym plusem jest te\u017c otoczenie \u2013 pi\u0119kny park ze stawem, kt\u00f3ry \u015bwietnie sprawdza si\u0119 na spacer czy integracj\u0119 po cz\u0119\u015bci oficjalnej.<\/p>\n\n\n\n<p><strong>Zamek Moszna<\/strong> to idealna opcja dla firm, kt\u00f3re chc\u0105 zorganizowa\u0107 co\u015b wi\u0119cej ni\u017c standardow\u0105 konferencj\u0119 \u2013 w miejscu z klimatem, kt\u00f3re naprawd\u0119 zapada w pami\u0119\u0107.<\/p>\n\n\n\n<figure class=\"wp-block-image size-full\"><a href=\"https:\/\/www.mojekonferencje.pl\/blog\/wp-content\/uploads\/2025\/01\/443480505-960x580-2.webp\"><img loading=\"lazy\" decoding=\"async\" width=\"960\" height=\"580\" src=\"https:\/\/www.mojekonferencje.pl\/blog\/wp-content\/uploads\/2025\/01\/443480505-960x580-2.webp\" alt=\"\" class=\"wp-image-9253 lazyload\" data-srcset=\"https:\/\/www.mojekonferencje.pl\/blog\/wp-content\/uploads\/2025\/01\/443480505-960x580-2.webp 960w, https:\/\/www.mojekonferencje.pl\/blog\/wp-content\/uploads\/2025\/01\/443480505-960x580-2-300x181.webp 300w, https:\/\/www.mojekonferencje.pl\/blog\/wp-content\/uploads\/2025\/01\/443480505-960x580-2-768x464.webp 768w\" sizes=\"auto\" \/><\/a><\/figure>\n\n\n\n<h2 class=\"wp-block-heading has-text-align-center has-vivid-purple-color has-text-color has-link-color wp-elements-0a32601c19f0c7781a0c54e55d264fbf\"><span style=\"text-decoration: underline;\"><a href=\"https:\/\/www.mojekonferencje.pl\/puck\/zamek-rzucewo\" type=\"link\" id=\"https:\/\/www.mojekonferencje.pl\/puck\/zamek-rzucewo\">Zamek Rzucewo<\/a><\/span><\/h2>\n\n\n\n<p>W\u015br\u00f3d<strong> 10 najbardziej instagramowych miejsc<\/strong> <strong>na eventy w Poslce<\/strong> znalaz\u0142 si\u0119 tak\u017ce <a href=\"https:\/\/www.mojekonferencje.pl\/puck\/zamek-rzucewo\" type=\"link\" id=\"https:\/\/www.mojekonferencje.pl\/puck\/zamek-rzucewo\">Zamek Rzucewo<\/a>. Otoczony jest 7-hektarowym parkiem pe\u0142nym zieleni, zabytkowych drzew i wyj\u0105tkowych zak\u0105tk\u00f3w. Do tego dochodzi prywatna pla\u017ca nad Zatok\u0105 Puck\u0105 \u2013 co\u015b, czego nie oferuje wiele obiekt\u00f3w eventowych w Polsce.<\/p>\n\n\n\n<p>To przestrze\u0144, w kt\u00f3rej mo\u017cna zorganizowa\u0107 praktycznie ka\u017cdy rodzaj wydarzenia \u2013 od kameralnych spotka\u0144, przez konferencje, a\u017c po du\u017ce <strong>eventy nawet dla 2000 os\u00f3b w plenerze<\/strong>. Do dyspozycji jest <strong>kilka r\u00f3\u017cnorodnych sal<\/strong>, w tym <strong>efektowna Sala Witra\u017cowa<\/strong>, klimatyczna winiarnia w podziemiach czy kameralna biblioteka w baszcie. Jest te\u017c namiot eventowy i przestrzenie restauracyjne, kt\u00f3re mo\u017cna elastycznie dopasowa\u0107 do charakteru wydarzenia.<\/p>\n\n\n\n<p>Na miejscu dzia\u0142a <strong>restauracja oraz hotel z baz\u0105 noclegow\u0105 dla go\u015bci<\/strong>, dzi\u0119ki czemu wszystko mo\u017cna zorganizowa\u0107 w jednym miejscu. Pokoje s\u0105 eleganckie i wygodne, a cz\u0119\u015b\u0107 z nich oferuje widok na Zatok\u0119 Puck\u0105.<\/p>\n\n\n\n<p>Du\u017cym plusem s\u0105 te\u017c <strong>dodatkowe atrakcje<\/strong> &#8211; stadnina koni, ogromny park idealny na integracj\u0119, dost\u0119p do morza, a tak\u017ce bardziej kameralne formy relaksu, jak degustacja win, sauna czy jacuzzi na dachu. <\/p>\n\n\n\n<p><strong>Zamek Rzucewo<\/strong> jedno z 10 najbardziej Instagramowych miejsc na eventy w Polsce. Doskona\u0142a propozycja dla firm. <\/p>\n\n\n\n<figure class=\"wp-block-image size-full\"><a href=\"https:\/\/www.mojekonferencje.pl\/blog\/wp-content\/uploads\/2025\/01\/327849880-960x580-1.webp\"><img loading=\"lazy\" decoding=\"async\" width=\"960\" height=\"580\" src=\"https:\/\/www.mojekonferencje.pl\/blog\/wp-content\/uploads\/2025\/01\/327849880-960x580-1.webp\" alt=\"\" class=\"wp-image-9256 lazyload\" data-srcset=\"https:\/\/www.mojekonferencje.pl\/blog\/wp-content\/uploads\/2025\/01\/327849880-960x580-1.webp 960w, https:\/\/www.mojekonferencje.pl\/blog\/wp-content\/uploads\/2025\/01\/327849880-960x580-1-300x181.webp 300w, https:\/\/www.mojekonferencje.pl\/blog\/wp-content\/uploads\/2025\/01\/327849880-960x580-1-768x464.webp 768w\" sizes=\"auto\" \/><\/a><\/figure>\n\n\n\n<h2 class=\"wp-block-heading has-text-align-center has-vivid-purple-color has-text-color has-link-color wp-elements-1b754247b778aec4ff66ddbc1b41fd91\"><a href=\"https:\/\/www.mojekonferencje.pl\/gdansk\/stary-manez\"><span style=\"text-decoration: underline;\">Stary Mane\u017c<\/span><\/a><\/h2>\n\n\n\n<p>Kiedy\u015b uje\u017cd\u017calnia koni pruskich huzar\u00f3w, dzi\u015b nowoczesna przestrze\u0144 eventowa, w kt\u00f3rej dzieje si\u0119 naprawd\u0119 du\u017co. Mowa o <a href=\"https:\/\/www.mojekonferencje.pl\/gdansk\/stary-manez\" type=\"link\" id=\"https:\/\/www.mojekonferencje.pl\/gdansk\/stary-manez\">Starym Mane\u017cu<\/a>. Koncerty, konferencje, szkolenia czy bankiety \u2013 wszystko w jednym, dobrze zaprojektowanym miejscu.<\/p>\n\n\n\n<p>Najwi\u0119ksze wra\u017cenie robi g\u0142\u00f3wna sala, kt\u00f3ra pomie\u015bci <strong>nawet blisko 1500 os\u00f3b<\/strong>. \u015awietne nag\u0142o\u015bnienie i o\u015bwietlenie (takie jak na koncertach) sprawiaj\u0105, \u017ce ka\u017cde wydarzenie ma odpowiedni klimat i profesjonaln\u0105 opraw\u0119.<\/p>\n\n\n\n<p>Na mniejsze spotkania dost\u0119pny jest te\u017c <strong>wine bar<\/strong> \u2013 bardziej kameralna, lu\u017aniejsza przestrze\u0144. Na miejscu dzia\u0142a restauracja z ciekawym menu i w\u0142asnym piwem rzemie\u015blniczym, co fajnie uzupe\u0142nia ka\u017cdy event. Du\u017cym plusem jest te\u017c<strong>lokalizacja i zaplecze<\/strong> \u2013 w pobli\u017cu znajduje si\u0119 hotel, parking i zielone tereny na chwil\u0119 oddechu.<\/p>\n\n\n\n<p><strong>Stary Mane\u017c<\/strong> to idealna opcja dla firm, kt\u00f3re chc\u0105 zorganizowa\u0107 nowoczesne wydarzenie w miejscu z histori\u0105 i energi\u0105.<\/p>\n\n\n\n<figure class=\"wp-block-image size-large\"><a href=\"https:\/\/www.mojekonferencje.pl\/blog\/wp-content\/uploads\/2026\/03\/MG_2136aaa-1-1.jpg\"><img loading=\"lazy\" decoding=\"async\" width=\"1024\" height=\"683\" src=\"https:\/\/www.mojekonferencje.pl\/blog\/wp-content\/uploads\/2026\/03\/MG_2136aaa-1-1-1024x683.jpg\" alt=\"\" class=\"wp-image-9382 lazyload\" data-srcset=\"https:\/\/www.mojekonferencje.pl\/blog\/wp-content\/uploads\/2026\/03\/MG_2136aaa-1-1-1024x683.jpg 1024w, https:\/\/www.mojekonferencje.pl\/blog\/wp-content\/uploads\/2026\/03\/MG_2136aaa-1-1-300x200.jpg 300w, https:\/\/www.mojekonferencje.pl\/blog\/wp-content\/uploads\/2026\/03\/MG_2136aaa-1-1-768x512.jpg 768w, https:\/\/www.mojekonferencje.pl\/blog\/wp-content\/uploads\/2026\/03\/MG_2136aaa-1-1.jpg 1404w\" sizes=\"auto\" \/><\/a><\/figure>\n\n\n\n<h2 class=\"wp-block-heading has-text-align-center\"><a href=\"https:\/\/www.mojekonferencje.pl\/miedzyzdroje\/hotel-glar\" type=\"link\" id=\"https:\/\/www.mojekonferencje.pl\/miedzyzdroje\/hotel-glar\"><mark style=\"background-color:rgba(0, 0, 0, 0)\" class=\"has-inline-color has-vivid-purple-color\"><span style=\"text-decoration: underline;\">Hotel GLAR Conference &amp; SPA<\/span><\/mark><\/a><\/h2>\n\n\n\n<p>Kolejnym obiektem jest <a href=\"https:\/\/www.mojekonferencje.pl\/miedzyzdroje\/hotel-glar\" type=\"link\" id=\"https:\/\/www.mojekonferencje.pl\/miedzyzdroje\/hotel-glar\">Hotel Glar Conference &amp; SPA<\/a>. To to nowoczesny obiekt po\u0142o\u017cony w wyj\u0105tkowym miejscu \u2013 nad Jeziorem Wise\u0142ka, w otoczeniu Woli\u0144skiego Parku Narodowego, niedaleko Mi\u0119dzyzdroj\u00f3w. To idealna opcja dla firm, kt\u00f3re chc\u0105 po\u0142\u0105czy\u0107 konferencj\u0119 z odpoczynkiem.<\/p>\n\n\n\n<p>Hotel oferuje <strong>3 sale konferencyjne dla maksymalnie 200 os\u00f3b<\/strong>, kt\u00f3re s\u0105 dobrze wyposa\u017cone i elastyczne pod wzgl\u0119dem ustawienia. Sprawdz\u0105 si\u0119 zar\u00f3wno przy wi\u0119kszych wydarzeniach, jak i mniejszych spotkaniach biznesowych.<\/p>\n\n\n\n<p>Po cz\u0119\u015bci oficjalnej go\u015bcie mog\u0105 <strong>skorzysta\u0107 ze SPA z basenem, saunami i jacuzzi <\/strong>albo po prostu odpocz\u0105\u0107 z widokiem na jezioro. Du\u017cym plusem jest te\u017c<strong> restauracja<\/strong> &#8211; nowoczesna, dwupoziomowa, z bardzo \u0142adnym widokiem i dopracowanym menu.<\/p>\n\n\n\n<p>Na miejscu dost\u0119pne s\u0105 komfortowe pokoje i apartamenty, wi\u0119c bez problemu mo\u017cna zorganizowa\u0107 kilkudniowy wyjazd firmowy. <strong>Hotel Glar<\/strong> to \u015bwietne miejsce na spokojny, dobrze zorganizowany event \u2013 z dala od miasta, ale w naprawd\u0119 dobrym standardzie.<\/p>\n\n\n\n<figure class=\"wp-block-image size-full\"><a href=\"https:\/\/www.mojekonferencje.pl\/blog\/wp-content\/uploads\/2025\/01\/otwarcieglar-14-2a-960x580-1.webp\"><img loading=\"lazy\" decoding=\"async\" width=\"960\" height=\"580\" src=\"https:\/\/www.mojekonferencje.pl\/blog\/wp-content\/uploads\/2025\/01\/otwarcieglar-14-2a-960x580-1.webp\" alt=\"\" class=\"wp-image-9259 lazyload\" data-srcset=\"https:\/\/www.mojekonferencje.pl\/blog\/wp-content\/uploads\/2025\/01\/otwarcieglar-14-2a-960x580-1.webp 960w, https:\/\/www.mojekonferencje.pl\/blog\/wp-content\/uploads\/2025\/01\/otwarcieglar-14-2a-960x580-1-300x181.webp 300w, https:\/\/www.mojekonferencje.pl\/blog\/wp-content\/uploads\/2025\/01\/otwarcieglar-14-2a-960x580-1-768x464.webp 768w\" sizes=\"auto\" \/><\/a><\/figure>\n\n\n\n<h2 class=\"wp-block-heading has-text-align-center has-vivid-purple-color has-text-color has-link-color wp-elements-94f323f6986d13d9830c75c9496325a6\"><a href=\"https:\/\/www.mojekonferencje.pl\/leba\/zamek-leba\" type=\"link\" id=\"https:\/\/www.mojekonferencje.pl\/leba\/zamek-leba\"><span style=\"text-decoration: underline;\">Zamek \u0141eba<\/span><\/a><\/h2>\n\n\n\n<p>W\u015br\u00f3d instagramowych obiekt\u00f3w znalaz\u0142 si\u0119 tak\u017ce <a href=\"https:\/\/www.mojekonferencje.pl\/leba\/zamek-leba\" type=\"link\" id=\"https:\/\/www.mojekonferencje.pl\/leba\/zamek-leba\">Zamek \u0141eba<\/a>. Po\u0142o\u017cony tu\u017c przy pla\u017cy obiekt \u015bwietnie sprawdza si\u0119 zar\u00f3wno na konferencje, jak i wyjazdy integracyjne czy spotkania firmowe.<\/p>\n\n\n\n<p>Do dyspozycji s\u0105 <strong>4 sale <\/strong>\u2013 od ma\u0142ych, kameralnych przestrzeni, po wi\u0119ksze, kt\u00f3re pomieszcz\u0105 <strong>do 100 os\u00f3b<\/strong>. Dzi\u0119ki temu mo\u017cna tu zorganizowa\u0107 zar\u00f3wno szkolenie, jak i wi\u0119kszy event czy bankiet.<\/p>\n\n\n\n<p>Na miejscu jest te\u017c<strong> baza noclegowa (ok. 100 miejsc)<\/strong>, elegancka restauracja z widokiem na morze oraz strefa SPA, gdzie mo\u017cna si\u0119 zrelaksowa\u0107 po spotkaniach.<\/p>\n\n\n\n<p>Du\u017cym atutem s\u0105 <strong>dodatkowe atrakcje<\/strong> \u2013 prywatna pla\u017ca, ogniska, kolacje BBQ, muzyka na \u017cywo czy integracje na \u015bwie\u017cym powietrzu. <strong>Zamek \u0141eba<\/strong> to idealna opcja dla firm, kt\u00f3re chc\u0105 po\u0142\u0105czy\u0107 biznes z wypoczynkiem nad morzem i zrobi\u0107 wydarzenie z klimatem.<\/p>\n\n\n\n<figure class=\"wp-block-image size-full\"><a href=\"https:\/\/www.mojekonferencje.pl\/blog\/wp-content\/uploads\/2025\/01\/9jx9rexkj6m0qku65j5u1x0u5ogs2z-metaemftzwtfbgviyv9tb29kcghvdg9fznvsbhjlc19aazm1cghvdg9fmdq4lmpwzw-960x580-1.webp\"><img loading=\"lazy\" decoding=\"async\" width=\"960\" height=\"580\" src=\"https:\/\/www.mojekonferencje.pl\/blog\/wp-content\/uploads\/2025\/01\/9jx9rexkj6m0qku65j5u1x0u5ogs2z-metaemftzwtfbgviyv9tb29kcghvdg9fznvsbhjlc19aazm1cghvdg9fmdq4lmpwzw-960x580-1.webp\" alt=\"\" class=\"wp-image-9258 lazyload\" data-srcset=\"https:\/\/www.mojekonferencje.pl\/blog\/wp-content\/uploads\/2025\/01\/9jx9rexkj6m0qku65j5u1x0u5ogs2z-metaemftzwtfbgviyv9tb29kcghvdg9fznvsbhjlc19aazm1cghvdg9fmdq4lmpwzw-960x580-1.webp 960w, https:\/\/www.mojekonferencje.pl\/blog\/wp-content\/uploads\/2025\/01\/9jx9rexkj6m0qku65j5u1x0u5ogs2z-metaemftzwtfbgviyv9tb29kcghvdg9fznvsbhjlc19aazm1cghvdg9fmdq4lmpwzw-960x580-1-300x181.webp 300w, https:\/\/www.mojekonferencje.pl\/blog\/wp-content\/uploads\/2025\/01\/9jx9rexkj6m0qku65j5u1x0u5ogs2z-metaemftzwtfbgviyv9tb29kcghvdg9fznvsbhjlc19aazm1cghvdg9fmdq4lmpwzw-960x580-1-768x464.webp 768w\" sizes=\"auto\" \/><\/a><\/figure>\n\n\n\n<h2 class=\"wp-block-heading has-text-align-center has-vivid-purple-color has-text-color has-link-color wp-elements-9492b59d0b73cb9c8503581ea9402de7\"><a href=\"https:\/\/www.mojekonferencje.pl\/brodnica\/gorka-more-than-events\"><span style=\"text-decoration: underline;\">G\u00f3rka more than events<\/span><\/a><\/h2>\n\n\n\n<p><a href=\"https:\/\/www.mojekonferencje.pl\/brodnica\/gorka-more-than-events\" type=\"link\" id=\"https:\/\/www.mojekonferencje.pl\/brodnica\/gorka-more-than-events\">G\u00f3rka more than events<strong> <\/strong><\/a>to idealny wyb\u00f3r! Po\u0142o\u017cony w malowniczej wiosce G\u00f3rka, zaledwie 45 minut od Poznania, obiekt oferuje <strong>6500 m\u00b2 ogrodzonego terenu<\/strong>.<\/p>\n\n\n\n<p><strong>Elegancka sala o powierzchni 300 m\u00b2 pomie\u015bci do 180 go\u015bci<\/strong>, a jej minimalistyczny wystr\u00f3j pozwala na dowoln\u0105 aran\u017cacj\u0119 \u2013 od uroczystych bankiet\u00f3w po kreatywne konferencje.<\/p>\n\n\n\n<p>Wydarzenia mo\u017cna zorganizowa\u0107 r\u00f3wnie\u017c w ogrodzie, gdzie sad i klimatyczne lampki tworz\u0105 wyj\u0105tkow\u0105 atmosfer\u0119. Do dyspozycji go\u015bci s\u0105 tak\u017ce apartamenty, uroczy domek z widokiem na ogr\u00f3d, a wkr\u00f3tce \u2013 glamping z bali\u0105 w\u015br\u00f3d drzew. <\/p>\n\n\n\n<p>Profesjonalny catering od Tasty dope\u0142nia ofert\u0119, gwarantuj\u0105c niezapomniane kulinarne do\u015bwiadczenia. <strong>G\u00f3rka<\/strong> to przestrze\u0144, kt\u00f3ra inspiruje i zachwyca!<\/p>\n\n\n\n<figure class=\"wp-block-image size-large\"><a href=\"https:\/\/www.mojekonferencje.pl\/blog\/wp-content\/uploads\/2025\/01\/6-11.jpg\"><img loading=\"lazy\" decoding=\"async\" width=\"1024\" height=\"683\" src=\"https:\/\/www.mojekonferencje.pl\/blog\/wp-content\/uploads\/2025\/01\/6-11-1024x683.jpg\" alt=\"\" class=\"wp-image-6185 lazyload\" data-srcset=\"https:\/\/www.mojekonferencje.pl\/blog\/wp-content\/uploads\/2025\/01\/6-11-1024x683.jpg 1024w, https:\/\/www.mojekonferencje.pl\/blog\/wp-content\/uploads\/2025\/01\/6-11-300x200.jpg 300w, https:\/\/www.mojekonferencje.pl\/blog\/wp-content\/uploads\/2025\/01\/6-11-768x512.jpg 768w, https:\/\/www.mojekonferencje.pl\/blog\/wp-content\/uploads\/2025\/01\/6-11-1536x1025.jpg 1536w, https:\/\/www.mojekonferencje.pl\/blog\/wp-content\/uploads\/2025\/01\/6-11.jpg 2048w\" sizes=\"auto\" \/><\/a><\/figure>\n\n\n\n<h2 class=\"wp-block-heading has-text-align-center has-vivid-purple-color has-text-color has-link-color wp-elements-1be613ea0985f16d56dc951944a95c7a\"><a href=\"https:\/\/www.mojekonferencje.pl\/frombork\/narusa-lesna-przystan\"><span style=\"text-decoration: underline;\">Narusa Le\u015bna Przysta\u0144<\/span><\/a><\/h2>\n\n\n\n<p><strong>Instagramowe miejsca na eventy w Polsce<\/strong> reprezentuje r\u00f3wnie\u017c ten obiekt &#8211; <a href=\"https:\/\/www.mojekonferencje.pl\/frombork\/narusa-lesna-przystan\" type=\"link\" id=\"https:\/\/www.mojekonferencje.pl\/frombork\/narusa-lesna-przystan\">Narusa Le\u015bna Przysta\u0144<\/a>! Jest to urokliwy kompleks wypoczynkowo-eventowy we Fromborku. Po\u0142o\u017cenie w sercu uzdrowiska, blisko Zalewu Wi\u015blanego, zapewnia spokojn\u0105 atmosfer\u0119, doskona\u0142\u0105 do organizacji konferencji, bankiet\u00f3w czy spotka\u0144 rodzinnych.<\/p>\n\n\n\n<p>Obiekt oferuje<strong> trzy nowoczesne sale konferencyjn<\/strong>e \u2013 najwi\u0119ksza z nich pomie\u015bci <strong>do 90 os\u00f3b<\/strong> \u2013 wyposa\u017cone w rzutnik, ekran i flipchart. Restauracja na miejscu, inspirowana lokalnymi i \u015br\u00f3dziemnomorskimi smakami, pozwala na organizacj\u0119 uroczystych kolacji dla <strong>nawet 96 go\u015bci<\/strong>.<\/p>\n\n\n\n<p>Na uczestnik\u00f3w czekaj\u0105 <strong>komfortowe noclegi w aparthotelu lub ca\u0142orocznych domkach w stylu skandynawskim<\/strong>, otoczonych malowniczym lasem. Relaks zapewnia naturalne Odnowa SPA oraz bogata oferta aktywno\u015bci \u2013 od sp\u0142yw\u00f3w kajakowych po rowery elektryczne i zaj\u0119cia integracyjne. <strong>Narusa<\/strong> to gwarancja niezapomnianych prze\u017cy\u0107!<\/p>\n\n\n\n<figure class=\"wp-block-image size-large\"><a href=\"https:\/\/www.mojekonferencje.pl\/blog\/wp-content\/uploads\/2025\/01\/7-11.jpg\"><img loading=\"lazy\" decoding=\"async\" width=\"1024\" height=\"682\" src=\"https:\/\/www.mojekonferencje.pl\/blog\/wp-content\/uploads\/2025\/01\/7-11-1024x682.jpg\" alt=\"\" class=\"wp-image-6186 lazyload\" data-srcset=\"https:\/\/www.mojekonferencje.pl\/blog\/wp-content\/uploads\/2025\/01\/7-11-1024x682.jpg 1024w, https:\/\/www.mojekonferencje.pl\/blog\/wp-content\/uploads\/2025\/01\/7-11-300x200.jpg 300w, https:\/\/www.mojekonferencje.pl\/blog\/wp-content\/uploads\/2025\/01\/7-11-768x512.jpg 768w, https:\/\/www.mojekonferencje.pl\/blog\/wp-content\/uploads\/2025\/01\/7-11.jpg 1280w\" sizes=\"auto\" \/><\/a><\/figure>\n\n\n\n<h2 class=\"wp-block-heading has-text-align-center has-vivid-purple-color has-text-color has-link-color wp-elements-5d7539b3352c1368e1106b88425a2313\"><a href=\"https:\/\/www.mojekonferencje.pl\/swieradow-zdroj\/elements-hotel-spa-swieradow-zdroj\"><span style=\"text-decoration: underline;\">Elements Hotel &amp; Spa \u015awierad\u00f3w Zdr\u00f3j<\/span><\/a><\/h2>\n\n\n\n<p>To wyj\u0105tkowy hotel w sercu G\u00f3r Izerskich, idealnie \u0142\u0105cz\u0105cy nowoczesno\u015b\u0107 z g\u00f3rsk\u0105 tradycj\u0105. Po\u0142o\u017cony w pobli\u017cu o\u015brodka narciarskiego \u015awierad\u00f3w-Zdr\u00f3j, zachwyca architektur\u0105 inspirowan\u0105 regionem, oferuj\u0105c panoramiczne widoki z ka\u017cdego pokoju.<\/p>\n\n\n\n<p><a href=\"https:\/\/www.mojekonferencje.pl\/swieradow-zdroj\/elements-hotel-spa-swieradow-zdroj\" type=\"link\" id=\"https:\/\/www.mojekonferencje.pl\/swieradow-zdroj\/elements-hotel-spa-swieradow-zdroj\">Elements Hotel &amp; Spa \u015awierad\u00f3w Zdr\u00f3j <\/a>to doskona\u0142e miejsce na organizacj\u0119 presti\u017cowych event\u00f3w biznesowych i niezapomnianych spotka\u0144. Do dyspozycji organizator\u00f3w oddano<strong> 6 w pe\u0142ni wyposa\u017conych sal konferencyjnych<\/strong>, w tym przestronn\u0105 <strong>sal\u0119 o powierzchni 255 m\u00b2 dla 250 os\u00f3b<\/strong>.<\/p>\n\n\n\n<p>Na go\u015bci czekaj\u0105 komfortowe pokoje i apartamenty, wy\u015bmienita restauracja serwuj\u0105ca dania inspirowane natur\u0105 oraz klimatyczny Lobby Bar Forum, idealny na wieczorne rozmowy przy muzyce na \u017cywo. <strong>Strefa Wellness &amp; SPA <\/strong>oferuje pe\u0142en relaks dzi\u0119ki basenom, saunom i profesjonalnym zabiegom piel\u0119gnacyjnym. <\/p>\n\n\n\n<p><strong>Element Hotel &amp; Spa<\/strong> to miejsce, gdzie luksus spotyka si\u0119 z natur\u0105, tworz\u0105c idealne warunki do pracy i wypoczynku.<\/p>\n\n\n\n<figure class=\"wp-block-image size-large\"><a href=\"https:\/\/www.mojekonferencje.pl\/blog\/wp-content\/uploads\/2025\/01\/8-10-scaled.jpg\"><img loading=\"lazy\" decoding=\"async\" width=\"1024\" height=\"641\" src=\"https:\/\/www.mojekonferencje.pl\/blog\/wp-content\/uploads\/2025\/01\/8-10-1024x641.jpg\" alt=\"\" class=\"wp-image-6187 lazyload\" data-srcset=\"https:\/\/www.mojekonferencje.pl\/blog\/wp-content\/uploads\/2025\/01\/8-10-1024x641.jpg 1024w, https:\/\/www.mojekonferencje.pl\/blog\/wp-content\/uploads\/2025\/01\/8-10-300x188.jpg 300w, https:\/\/www.mojekonferencje.pl\/blog\/wp-content\/uploads\/2025\/01\/8-10-768x481.jpg 768w, https:\/\/www.mojekonferencje.pl\/blog\/wp-content\/uploads\/2025\/01\/8-10-1536x961.jpg 1536w, https:\/\/www.mojekonferencje.pl\/blog\/wp-content\/uploads\/2025\/01\/8-10-2048x1282.jpg 2048w\" sizes=\"auto\" \/><\/a><\/figure>\n\n\n\n<h2 class=\"wp-block-heading has-text-align-center has-vivid-purple-color has-text-color has-link-color wp-elements-909adf39c7de19c8a0eb31caa17c42b9\"><a href=\"https:\/\/www.mojekonferencje.pl\/lwowek-slaski-\/palac-brunow\"><span style=\"text-decoration: underline;\">Pa\u0142ac Brun\u00f3w<\/span><\/a><\/h2>\n\n\n\n<p>Zanurzony w malowniczym krajobrazie wsi Brun\u00f3w, zabytkowy <a href=\"https:\/\/www.mojekonferencje.pl\/lwowek-slaski-\/palac-brunow\" type=\"link\" id=\"https:\/\/www.mojekonferencje.pl\/lwowek-slaski-\/palac-brunow\">Pa\u0142ac Brun\u00f3w<\/a> z 1750 roku to miejsce, gdzie historia spotyka si\u0119 z nowoczesno\u015bci\u0105. Ten wyj\u0105tkowy kompleks, sk\u0142adaj\u0105cy si\u0119 z pa\u0142acu, oficyny i powozowni, zachwyca swoj\u0105 atmosfer\u0105 i wszechstronno\u015bci\u0105, oferuj\u0105c idealne warunki do organizacji konferencji, szkole\u0144 czy warsztat\u00f3w.<\/p>\n\n\n\n<p>Pi\u0119\u0107 przestronnych sal konferencyjnych, mieszcz\u0105cych od 20 do 450 os\u00f3b, wyposa\u017conych w nowoczesny sprz\u0119t audiowizualny, zapewnia komfort i funkcjonalno\u015b\u0107.<\/p>\n\n\n\n<p>Go\u015bcie mog\u0105 liczy\u0107 na przerwy kawowe, eleganckie obiady oraz mo\u017cliwo\u015b\u0107 organizacji wydarze\u0144 plenerowych w otoczeniu zieleni. Stylowe pokoje w powozowni oraz restauracja Lala, serwuj\u0105ca regionalne dania w nowoczesnym wydaniu, dope\u0142niaj\u0105 ca\u0142o\u015bci oferty. <\/p>\n\n\n\n<p>Relaks w strefie SPA &amp; Wellness czy chwile w sali bilardowej to dodatkowe atrakcje, kt\u00f3re uczyni\u0105 ka\u017cdy event niezapomnianym. <strong>Pa\u0142ac Brun\u00f3w <\/strong>to idealna harmonia klasyki, natury i komfortu.<\/p>\n\n\n\n<figure class=\"wp-block-image size-large\"><a href=\"https:\/\/www.mojekonferencje.pl\/blog\/wp-content\/uploads\/2025\/01\/9-9.jpg\"><img loading=\"lazy\" decoding=\"async\" width=\"1024\" height=\"683\" src=\"https:\/\/www.mojekonferencje.pl\/blog\/wp-content\/uploads\/2025\/01\/9-9-1024x683.jpg\" alt=\"\" class=\"wp-image-6188 lazyload\" data-srcset=\"https:\/\/www.mojekonferencje.pl\/blog\/wp-content\/uploads\/2025\/01\/9-9-1024x683.jpg 1024w, https:\/\/www.mojekonferencje.pl\/blog\/wp-content\/uploads\/2025\/01\/9-9-300x200.jpg 300w, https:\/\/www.mojekonferencje.pl\/blog\/wp-content\/uploads\/2025\/01\/9-9-768x512.jpg 768w, https:\/\/www.mojekonferencje.pl\/blog\/wp-content\/uploads\/2025\/01\/9-9.jpg 1200w\" sizes=\"auto\" \/><\/a><\/figure>\n\n\n\n<h2 class=\"wp-block-heading has-text-align-center has-vivid-purple-color has-text-color has-link-color wp-elements-8f3ffd170c2a6855454297d461efb5ad\"><a href=\"https:\/\/www.mojekonferencje.pl\/zabrze\/kopalnia-guido-w-zabrzu\" type=\"link\" id=\"https:\/\/www.mojekonferencje.pl\/zabrze\/kopalnia-guido-w-zabrzu\"><span style=\"text-decoration: underline;\">Kopalnia Guido<\/span><\/a><\/h2>\n\n\n\n<p>Ostatni\u0105 propozycj\u0105 jest<a href=\"https:\/\/www.mojekonferencje.pl\/zabrze\/kopalnia-guido-w-zabrzu\" type=\"link\" id=\"https:\/\/www.mojekonferencje.pl\/zabrze\/kopalnia-guido-w-zabrzu\"> Kopalnia Guido<\/a> to jedno z najbardziej oryginalnych miejsc na event w Polsce \u2013 i spokojnie mo\u017cna powiedzie\u0107, \u017ce te\u017c w Europie.<strong> Konferencja 320 metr\u00f3w pod ziemi\u0105<\/strong> robi wra\u017cenie i gwarantuje efekt \u201ewow\u201d jeszcze przed rozpocz\u0119ciem spotkania.<\/p>\n\n\n\n<p>Do dyspozycji s\u0105 podziemne przestrzenie eventowe, kt\u00f3re pomieszcz\u0105 od 80 do 180 os\u00f3b, a tak\u017ce sale na powierzchni i du\u017ce tereny plenerowe. Ca\u0142o\u015b\u0107 utrzymana jest w industrialnym klimacie, kt\u00f3ry \u015bwietnie sprawdza si\u0119 przy niestandardowych wydarzeniach.<\/p>\n\n\n\n<p>To miejsce daje du\u017co wi\u0119cej ni\u017c standardowa konferencja \u2013 mo\u017cna tu zorganizowa\u0107 integracj\u0119 w formie \u201eg\u00f3rniczej szychty\u201d, podziemny turniej golfa czy klimatyczn\u0105 biesiad\u0119 \u015bl\u0105sk\u0105.<\/p>\n\n\n\n<p><strong>Kopalnia Guido<\/strong> to idealny wyb\u00f3r dla firm, kt\u00f3re chc\u0105 zrobi\u0107 co\u015b naprawd\u0119 innego i zapadaj\u0105cego w pami\u0119\u0107.<\/p>\n\n\n\n<figure class=\"wp-block-image size-full\"><a href=\"https:\/\/www.mojekonferencje.pl\/blog\/wp-content\/uploads\/2025\/01\/fotobszar-roboczy-49-960x580-1.webp\"><img loading=\"lazy\" decoding=\"async\" width=\"960\" height=\"580\" src=\"https:\/\/www.mojekonferencje.pl\/blog\/wp-content\/uploads\/2025\/01\/fotobszar-roboczy-49-960x580-1.webp\" alt=\"\" class=\"wp-image-9264 lazyload\" data-srcset=\"https:\/\/www.mojekonferencje.pl\/blog\/wp-content\/uploads\/2025\/01\/fotobszar-roboczy-49-960x580-1.webp 960w, https:\/\/www.mojekonferencje.pl\/blog\/wp-content\/uploads\/2025\/01\/fotobszar-roboczy-49-960x580-1-300x181.webp 300w, https:\/\/www.mojekonferencje.pl\/blog\/wp-content\/uploads\/2025\/01\/fotobszar-roboczy-49-960x580-1-768x464.webp 768w\" sizes=\"auto\" \/><\/a><\/figure>\n\n\n\n<p>Wyb\u00f3r miejsca na event ma dzi\u015b ogromne znaczenie \u2013 to ju\u017c nie tylko kwestia logistyki, ale tak\u017ce wra\u017ce\u0144 i emocji, jakie zostan\u0105 z uczestnikami na d\u0142ugo po zako\u0144czeniu wydarzenia. Najbardziej Instagramowe miejsca na eventy w Polsce pokazuj\u0105, \u017ce konferencja czy szkolenie mo\u017ce by\u0107 czym\u015b wi\u0119cej ni\u017c formalnym spotkaniem \u2013 mo\u017ce sta\u0107 si\u0119 inspiruj\u0105cym do\u015bwiadczeniem w wyj\u0105tkowej scenerii.<\/p>\n\n\n\n<p>Niezale\u017cnie od tego, czy b\u0119dzie to zamek nad morzem, industrialna przestrze\u0144 pod ziemi\u0105 czy nowoczesny hotel otoczony natur\u0105, odpowiednio dobrana lokalizacja potrafi podnie\u015b\u0107 rang\u0119 wydarzenia i sprawi\u0107, \u017ce go\u015bcie naprawd\u0119 je zapami\u0119taj\u0105. Mamy tak\u017ce wiele innych propozycji na naszym blogu. Znajdziecie tutaj r\u00f3wnie\u017c <a href=\"https:\/\/www.mojekonferencje.pl\/blog\/wyjatkowe-miejsca-na-firmowe-spotkania-nasze-typy-z-wroclawia\/\" type=\"link\" id=\"https:\/\/www.mojekonferencje.pl\/blog\/wyjatkowe-miejsca-na-firmowe-spotkania-nasze-typy-z-wroclawia\/\">wyj\u0105tkowe miejsca na spotkanie firmowe we Wroc\u0142awiu<\/a> czy <a href=\"https:\/\/www.mojekonferencje.pl\/blog\/wyjatkowe-miejsca-na-firmowe-spotkania-nasze-typy-z-krakowa\/\" type=\"link\" id=\"https:\/\/www.mojekonferencje.pl\/blog\/wyjatkowe-miejsca-na-firmowe-spotkania-nasze-typy-z-krakowa\/\">spotkanie biznesowe w Krakowie<\/a>.<\/p>\n\n\n\n<p>Je\u015bli szukasz wyj\u0105tkowych miejsc na konferencj\u0119 czy szkolenie, znajdziesz je na naszym portalu. Koniecznie sprawd\u017acie najlepsze <a href=\"https:\/\/www.mojekonferencje.pl\/?gad_source=1&amp;gad_campaignid=22935149474&amp;gbraid=0AAAAAD0HkIelGLFkwIHCxY4l0zOSnazsA&amp;gclid=CjwKCAjwhLPOBhBiEiwA8_wJHMoyFwGP9dfZoJU5UkUiBZl_qOKdjdojbEjuypMnEOQIufIr6Z3EfhoC9UgQAvD_BwE\" type=\"link\" id=\"https:\/\/www.mojekonferencje.pl\/?gad_source=1&amp;gad_campaignid=22935149474&amp;gbraid=0AAAAAD0HkIelGLFkwIHCxY4l0zOSnazsA&amp;gclid=CjwKCAjwhLPOBhBiEiwA8_wJHMoyFwGP9dfZoJU5UkUiBZl_qOKdjdojbEjuypMnEOQIufIr6Z3EfhoC9UgQAvD_BwE\">obiekty konferencyjne w Polsce<\/a>!<\/p>\n\n\n\n<p><\/p>\n","protected":false},"excerpt":{"rendered":"<p>Zorganizuj niezapomniany event w najbardziej Instagramowych miejscach w Polsce! Odkryj TOP 10 lokacji, kt\u00f3re zachwyc\u0105 Twoich go\u015bci.<\/p>\n","protected":false},"author":9,"featured_media":6179,"comment_status":"closed","ping_status":"closed","sticky":false,"template":"","format":"standard","meta":{"_acf_changed":false,"footnotes":""},"categories":[8,175],"tags":[367,353,354],"class_list":["post-6178","post","type-post","status-publish","format-standard","has-post-thumbnail","hentry","category-porady","category-wybieranie-miejsca-konferencyjnego","tag-hotele","tag-organizacja-imprez","tag-organizacja-wydarzen"],"acf":[],"yoast_head":"<!-- This site is optimized with the Yoast SEO plugin v27.1.1 - https:\/\/yoast.com\/product\/yoast-seo-wordpress\/ -->\n<title>10 najbardziej Instagramowych miejsc na eventy w Polsce \u2013 zorganizuj konferencj\u0119, kt\u00f3ra zachwyci! - blog | MojeKonferencje.pl<\/title>\n<meta name=\"description\" content=\"10 najbardziej Instagramowych miejsc na eventy w Polsce \u2013 zorganizuj konferencj\u0119, kt\u00f3ra zachwyci! - blog | MojeKonferencje.pl\" \/>\n<meta name=\"robots\" content=\"index, follow, max-snippet:-1, max-image-preview:large, max-video-preview:-1\" \/>\n<link rel=\"canonical\" href=\"https:\/\/www.mojekonferencje.pl\/blog\/10-najbardziej-instagramowych-miejsc-na-eventy-w-polsce-zorganizuj-konferencje-ktora-zachwyci\/\" \/>\n<meta property=\"og:locale\" content=\"pl_PL\" \/>\n<meta property=\"og:type\" content=\"article\" \/>\n<meta property=\"og:title\" content=\"10 najbardziej Instagramowych miejsc na eventy w Polsce \u2013 zorganizuj konferencj\u0119, kt\u00f3ra zachwyci! - blog | MojeKonferencje.pl\" \/>\n<meta property=\"og:description\" content=\"10 najbardziej Instagramowych miejsc na eventy w Polsce \u2013 zorganizuj konferencj\u0119, kt\u00f3ra zachwyci! - blog | MojeKonferencje.pl\" \/>\n<meta property=\"og:url\" content=\"https:\/\/www.mojekonferencje.pl\/blog\/10-najbardziej-instagramowych-miejsc-na-eventy-w-polsce-zorganizuj-konferencje-ktora-zachwyci\/\" \/>\n<meta property=\"og:site_name\" content=\"MojeKonferencje.pl\" \/>\n<meta property=\"article:published_time\" content=\"2026-03-31T07:00:00+00:00\" \/>\n<meta property=\"article:modified_time\" content=\"2026-04-03T07:15:52+00:00\" \/>\n<meta property=\"og:image\" content=\"https:\/\/www.mojekonferencje.pl\/blog\/wp-content\/uploads\/2025\/01\/Fotoram.io-2025-01-26T180120.380.jpg\" \/>\n\t<meta property=\"og:image:width\" content=\"1200\" \/>\n\t<meta property=\"og:image:height\" content=\"720\" \/>\n\t<meta property=\"og:image:type\" content=\"image\/jpeg\" \/>\n<meta name=\"author\" content=\"Olga Stawicka-Iwanowska\" \/>\n<meta name=\"twitter:card\" content=\"summary_large_image\" \/>\n<meta name=\"twitter:label1\" content=\"Napisane przez\" \/>\n\t<meta name=\"twitter:data1\" content=\"Olga Stawicka-Iwanowska\" \/>\n\t<meta name=\"twitter:label2\" content=\"Szacowany czas czytania\" \/>\n\t<meta name=\"twitter:data2\" content=\"12 minut\" \/>\n<script type=\"application\/ld+json\" class=\"yoast-schema-graph\">{\"@context\":\"https:\/\/schema.org\",\"@graph\":[{\"@type\":\"Article\",\"@id\":\"https:\/\/www.mojekonferencje.pl\/blog\/10-najbardziej-instagramowych-miejsc-na-eventy-w-polsce-zorganizuj-konferencje-ktora-zachwyci\/#article\",\"isPartOf\":{\"@id\":\"https:\/\/www.mojekonferencje.pl\/blog\/10-najbardziej-instagramowych-miejsc-na-eventy-w-polsce-zorganizuj-konferencje-ktora-zachwyci\/\"},\"author\":{\"name\":\"Olga Stawicka-Iwanowska\",\"@id\":\"https:\/\/www.mojekonferencje.pl\/blog\/#\/schema\/person\/d6751ca3c60de9ec17ee21b744bbb2d4\"},\"headline\":\"10 najbardziej Instagramowych miejsc na eventy w Polsce \u2013 zorganizuj konferencj\u0119, kt\u00f3ra zachwyci!\",\"datePublished\":\"2026-03-31T07:00:00+00:00\",\"dateModified\":\"2026-04-03T07:15:52+00:00\",\"mainEntityOfPage\":{\"@id\":\"https:\/\/www.mojekonferencje.pl\/blog\/10-najbardziej-instagramowych-miejsc-na-eventy-w-polsce-zorganizuj-konferencje-ktora-zachwyci\/\"},\"wordCount\":1884,\"image\":{\"@id\":\"https:\/\/www.mojekonferencje.pl\/blog\/10-najbardziej-instagramowych-miejsc-na-eventy-w-polsce-zorganizuj-konferencje-ktora-zachwyci\/#primaryimage\"},\"thumbnailUrl\":\"https:\/\/www.mojekonferencje.pl\/blog\/wp-content\/uploads\/2025\/01\/Fotoram.io-2025-01-26T180120.380.jpg\",\"keywords\":[\"hotele\",\"organizacja imprez\",\"organizacja wydarze\u0144\"],\"articleSection\":[\"Porady\",\"Wybieranie miejsca konferencyjnego\"],\"inLanguage\":\"pl-PL\"},{\"@type\":\"WebPage\",\"@id\":\"https:\/\/www.mojekonferencje.pl\/blog\/10-najbardziej-instagramowych-miejsc-na-eventy-w-polsce-zorganizuj-konferencje-ktora-zachwyci\/\",\"url\":\"https:\/\/www.mojekonferencje.pl\/blog\/10-najbardziej-instagramowych-miejsc-na-eventy-w-polsce-zorganizuj-konferencje-ktora-zachwyci\/\",\"name\":\"10 najbardziej Instagramowych miejsc na eventy w Polsce \u2013 zorganizuj konferencj\u0119, kt\u00f3ra zachwyci! - blog | MojeKonferencje.pl\",\"isPartOf\":{\"@id\":\"https:\/\/www.mojekonferencje.pl\/blog\/#website\"},\"primaryImageOfPage\":{\"@id\":\"https:\/\/www.mojekonferencje.pl\/blog\/10-najbardziej-instagramowych-miejsc-na-eventy-w-polsce-zorganizuj-konferencje-ktora-zachwyci\/#primaryimage\"},\"image\":{\"@id\":\"https:\/\/www.mojekonferencje.pl\/blog\/10-najbardziej-instagramowych-miejsc-na-eventy-w-polsce-zorganizuj-konferencje-ktora-zachwyci\/#primaryimage\"},\"thumbnailUrl\":\"https:\/\/www.mojekonferencje.pl\/blog\/wp-content\/uploads\/2025\/01\/Fotoram.io-2025-01-26T180120.380.jpg\",\"datePublished\":\"2026-03-31T07:00:00+00:00\",\"dateModified\":\"2026-04-03T07:15:52+00:00\",\"author\":{\"@id\":\"https:\/\/www.mojekonferencje.pl\/blog\/#\/schema\/person\/d6751ca3c60de9ec17ee21b744bbb2d4\"},\"description\":\"10 najbardziej Instagramowych miejsc na eventy w Polsce \u2013 zorganizuj konferencj\u0119, kt\u00f3ra zachwyci! - blog | MojeKonferencje.pl\",\"breadcrumb\":{\"@id\":\"https:\/\/www.mojekonferencje.pl\/blog\/10-najbardziej-instagramowych-miejsc-na-eventy-w-polsce-zorganizuj-konferencje-ktora-zachwyci\/#breadcrumb\"},\"inLanguage\":\"pl-PL\",\"potentialAction\":[{\"@type\":\"ReadAction\",\"target\":[\"https:\/\/www.mojekonferencje.pl\/blog\/10-najbardziej-instagramowych-miejsc-na-eventy-w-polsce-zorganizuj-konferencje-ktora-zachwyci\/\"]}]},{\"@type\":\"ImageObject\",\"inLanguage\":\"pl-PL\",\"@id\":\"https:\/\/www.mojekonferencje.pl\/blog\/10-najbardziej-instagramowych-miejsc-na-eventy-w-polsce-zorganizuj-konferencje-ktora-zachwyci\/#primaryimage\",\"url\":\"https:\/\/www.mojekonferencje.pl\/blog\/wp-content\/uploads\/2025\/01\/Fotoram.io-2025-01-26T180120.380.jpg\",\"contentUrl\":\"https:\/\/www.mojekonferencje.pl\/blog\/wp-content\/uploads\/2025\/01\/Fotoram.io-2025-01-26T180120.380.jpg\",\"width\":1200,\"height\":720,\"caption\":\"Instagramowe miejsca na eventy w Polsce\"},{\"@type\":\"BreadcrumbList\",\"@id\":\"https:\/\/www.mojekonferencje.pl\/blog\/10-najbardziej-instagramowych-miejsc-na-eventy-w-polsce-zorganizuj-konferencje-ktora-zachwyci\/#breadcrumb\",\"itemListElement\":[{\"@type\":\"ListItem\",\"position\":1,\"name\":\"Strona g\u0142\u00f3wna\",\"item\":\"https:\/\/www.mojekonferencje.pl\/blog\/\"},{\"@type\":\"ListItem\",\"position\":2,\"name\":\"10 najbardziej Instagramowych miejsc na eventy w Polsce \u2013 zorganizuj konferencj\u0119, kt\u00f3ra zachwyci!\"}]},{\"@type\":\"WebSite\",\"@id\":\"https:\/\/www.mojekonferencje.pl\/blog\/#website\",\"url\":\"https:\/\/www.mojekonferencje.pl\/blog\/\",\"name\":\"MojeKonferencje.pl\",\"description\":\"Blog bran\u017cy szkoleniowo-konferencyjnej. W\u0142\u0105cz si\u0119 do dyskusji o obiektach konferencyjnych i nowo\u015bciach z bran\u017cy! Poznaj porady odno\u015bnie organizacji konferencji, szkole\u0144 i event\u00f3w firmowych! Zach\u0119camy do wyra\u017cania opinii oraz komentarzy.\",\"potentialAction\":[{\"@type\":\"SearchAction\",\"target\":{\"@type\":\"EntryPoint\",\"urlTemplate\":\"https:\/\/www.mojekonferencje.pl\/blog\/?s={search_term_string}\"},\"query-input\":{\"@type\":\"PropertyValueSpecification\",\"valueRequired\":true,\"valueName\":\"search_term_string\"}}],\"inLanguage\":\"pl-PL\"},{\"@type\":\"Person\",\"@id\":\"https:\/\/www.mojekonferencje.pl\/blog\/#\/schema\/person\/d6751ca3c60de9ec17ee21b744bbb2d4\",\"name\":\"Olga Stawicka-Iwanowska\",\"description\":\"Head of Marketing z ponad sze\u015bcioletnim do\u015bwiadczeniem w bran\u017cy MICE. Na co dzie\u0144 zajmuje si\u0119 content marketingiem i promocj\u0105 obiekt\u00f3w eventowych, tak aby organizatorzy kongres\u00f3w, targ\u00f3w i konferencji wiedzieli, \u017ce w\u0142a\u015bnie tam warto zrealizowa\u0107 swoje wydarzenie. Prowadzi media spo\u0142eczno\u015bciowe, tworzy strategie komunikacji, pisze artyku\u0142y i dba o sp\u00f3jny wizerunek marki w ka\u017cdym kanale. W swojej pracy \u0142\u0105czy analityczne my\u015blenie z kreatywno\u015bci\u0105 i dobrym copy. Wsp\u00f3\u0142pracuje zar\u00f3wno z organizatorami najwi\u0119kszych wydarze\u0144 w Polsce, jak i z regionalnymi partnerami z bran\u017cy. Po godzinach mi\u0142o\u015bniczka podr\u00f3\u017cy po Europie, dobrej kuchni i klimatycznych miejsc, w kt\u00f3rych mo\u017cna z\u0142apa\u0107 oddech.\",\"sameAs\":[\"http:\/\/MojeKonferencje.pl\",\"https:\/\/www.linkedin.com\/in\/olgastawicka\/\"],\"url\":\"https:\/\/www.mojekonferencje.pl\/blog\/author\/osawicka\/\"}]}<\/script>\n<!-- \/ Yoast SEO plugin. -->","yoast_head_json":{"title":"10 najbardziej Instagramowych miejsc na eventy w Polsce \u2013 zorganizuj konferencj\u0119, kt\u00f3ra zachwyci! - blog | MojeKonferencje.pl","description":"10 najbardziej Instagramowych miejsc na eventy w Polsce \u2013 zorganizuj konferencj\u0119, kt\u00f3ra zachwyci! - blog | MojeKonferencje.pl","robots":{"index":"index","follow":"follow","max-snippet":"max-snippet:-1","max-image-preview":"max-image-preview:large","max-video-preview":"max-video-preview:-1"},"canonical":"https:\/\/www.mojekonferencje.pl\/blog\/10-najbardziej-instagramowych-miejsc-na-eventy-w-polsce-zorganizuj-konferencje-ktora-zachwyci\/","og_locale":"pl_PL","og_type":"article","og_title":"10 najbardziej Instagramowych miejsc na eventy w Polsce \u2013 zorganizuj konferencj\u0119, kt\u00f3ra zachwyci! - blog | MojeKonferencje.pl","og_description":"10 najbardziej Instagramowych miejsc na eventy w Polsce \u2013 zorganizuj konferencj\u0119, kt\u00f3ra zachwyci! - blog | MojeKonferencje.pl","og_url":"https:\/\/www.mojekonferencje.pl\/blog\/10-najbardziej-instagramowych-miejsc-na-eventy-w-polsce-zorganizuj-konferencje-ktora-zachwyci\/","og_site_name":"MojeKonferencje.pl","article_published_time":"2026-03-31T07:00:00+00:00","article_modified_time":"2026-04-03T07:15:52+00:00","og_image":[{"width":1200,"height":720,"url":"https:\/\/www.mojekonferencje.pl\/blog\/wp-content\/uploads\/2025\/01\/Fotoram.io-2025-01-26T180120.380.jpg","type":"image\/jpeg"}],"author":"Olga Stawicka-Iwanowska","twitter_card":"summary_large_image","twitter_misc":{"Napisane przez":"Olga Stawicka-Iwanowska","Szacowany czas czytania":"12 minut"},"schema":{"@context":"https:\/\/schema.org","@graph":[{"@type":"Article","@id":"https:\/\/www.mojekonferencje.pl\/blog\/10-najbardziej-instagramowych-miejsc-na-eventy-w-polsce-zorganizuj-konferencje-ktora-zachwyci\/#article","isPartOf":{"@id":"https:\/\/www.mojekonferencje.pl\/blog\/10-najbardziej-instagramowych-miejsc-na-eventy-w-polsce-zorganizuj-konferencje-ktora-zachwyci\/"},"author":{"name":"Olga Stawicka-Iwanowska","@id":"https:\/\/www.mojekonferencje.pl\/blog\/#\/schema\/person\/d6751ca3c60de9ec17ee21b744bbb2d4"},"headline":"10 najbardziej Instagramowych miejsc na eventy w Polsce \u2013 zorganizuj konferencj\u0119, kt\u00f3ra zachwyci!","datePublished":"2026-03-31T07:00:00+00:00","dateModified":"2026-04-03T07:15:52+00:00","mainEntityOfPage":{"@id":"https:\/\/www.mojekonferencje.pl\/blog\/10-najbardziej-instagramowych-miejsc-na-eventy-w-polsce-zorganizuj-konferencje-ktora-zachwyci\/"},"wordCount":1884,"image":{"@id":"https:\/\/www.mojekonferencje.pl\/blog\/10-najbardziej-instagramowych-miejsc-na-eventy-w-polsce-zorganizuj-konferencje-ktora-zachwyci\/#primaryimage"},"thumbnailUrl":"https:\/\/www.mojekonferencje.pl\/blog\/wp-content\/uploads\/2025\/01\/Fotoram.io-2025-01-26T180120.380.jpg","keywords":["hotele","organizacja imprez","organizacja wydarze\u0144"],"articleSection":["Porady","Wybieranie miejsca konferencyjnego"],"inLanguage":"pl-PL"},{"@type":"WebPage","@id":"https:\/\/www.mojekonferencje.pl\/blog\/10-najbardziej-instagramowych-miejsc-na-eventy-w-polsce-zorganizuj-konferencje-ktora-zachwyci\/","url":"https:\/\/www.mojekonferencje.pl\/blog\/10-najbardziej-instagramowych-miejsc-na-eventy-w-polsce-zorganizuj-konferencje-ktora-zachwyci\/","name":"10 najbardziej Instagramowych miejsc na eventy w Polsce \u2013 zorganizuj konferencj\u0119, kt\u00f3ra zachwyci! - blog | MojeKonferencje.pl","isPartOf":{"@id":"https:\/\/www.mojekonferencje.pl\/blog\/#website"},"primaryImageOfPage":{"@id":"https:\/\/www.mojekonferencje.pl\/blog\/10-najbardziej-instagramowych-miejsc-na-eventy-w-polsce-zorganizuj-konferencje-ktora-zachwyci\/#primaryimage"},"image":{"@id":"https:\/\/www.mojekonferencje.pl\/blog\/10-najbardziej-instagramowych-miejsc-na-eventy-w-polsce-zorganizuj-konferencje-ktora-zachwyci\/#primaryimage"},"thumbnailUrl":"https:\/\/www.mojekonferencje.pl\/blog\/wp-content\/uploads\/2025\/01\/Fotoram.io-2025-01-26T180120.380.jpg","datePublished":"2026-03-31T07:00:00+00:00","dateModified":"2026-04-03T07:15:52+00:00","author":{"@id":"https:\/\/www.mojekonferencje.pl\/blog\/#\/schema\/person\/d6751ca3c60de9ec17ee21b744bbb2d4"},"description":"10 najbardziej Instagramowych miejsc na eventy w Polsce \u2013 zorganizuj konferencj\u0119, kt\u00f3ra zachwyci! - blog | MojeKonferencje.pl","breadcrumb":{"@id":"https:\/\/www.mojekonferencje.pl\/blog\/10-najbardziej-instagramowych-miejsc-na-eventy-w-polsce-zorganizuj-konferencje-ktora-zachwyci\/#breadcrumb"},"inLanguage":"pl-PL","potentialAction":[{"@type":"ReadAction","target":["https:\/\/www.mojekonferencje.pl\/blog\/10-najbardziej-instagramowych-miejsc-na-eventy-w-polsce-zorganizuj-konferencje-ktora-zachwyci\/"]}]},{"@type":"ImageObject","inLanguage":"pl-PL","@id":"https:\/\/www.mojekonferencje.pl\/blog\/10-najbardziej-instagramowych-miejsc-na-eventy-w-polsce-zorganizuj-konferencje-ktora-zachwyci\/#primaryimage","url":"https:\/\/www.mojekonferencje.pl\/blog\/wp-content\/uploads\/2025\/01\/Fotoram.io-2025-01-26T180120.380.jpg","contentUrl":"https:\/\/www.mojekonferencje.pl\/blog\/wp-content\/uploads\/2025\/01\/Fotoram.io-2025-01-26T180120.380.jpg","width":1200,"height":720,"caption":"Instagramowe miejsca na eventy w Polsce"},{"@type":"BreadcrumbList","@id":"https:\/\/www.mojekonferencje.pl\/blog\/10-najbardziej-instagramowych-miejsc-na-eventy-w-polsce-zorganizuj-konferencje-ktora-zachwyci\/#breadcrumb","itemListElement":[{"@type":"ListItem","position":1,"name":"Strona g\u0142\u00f3wna","item":"https:\/\/www.mojekonferencje.pl\/blog\/"},{"@type":"ListItem","position":2,"name":"10 najbardziej Instagramowych miejsc na eventy w Polsce \u2013 zorganizuj konferencj\u0119, kt\u00f3ra zachwyci!"}]},{"@type":"WebSite","@id":"https:\/\/www.mojekonferencje.pl\/blog\/#website","url":"https:\/\/www.mojekonferencje.pl\/blog\/","name":"MojeKonferencje.pl","description":"Blog bran\u017cy szkoleniowo-konferencyjnej. W\u0142\u0105cz si\u0119 do dyskusji o obiektach konferencyjnych i nowo\u015bciach z bran\u017cy! Poznaj porady odno\u015bnie organizacji konferencji, szkole\u0144 i event\u00f3w firmowych! Zach\u0119camy do wyra\u017cania opinii oraz komentarzy.","potentialAction":[{"@type":"SearchAction","target":{"@type":"EntryPoint","urlTemplate":"https:\/\/www.mojekonferencje.pl\/blog\/?s={search_term_string}"},"query-input":{"@type":"PropertyValueSpecification","valueRequired":true,"valueName":"search_term_string"}}],"inLanguage":"pl-PL"},{"@type":"Person","@id":"https:\/\/www.mojekonferencje.pl\/blog\/#\/schema\/person\/d6751ca3c60de9ec17ee21b744bbb2d4","name":"Olga Stawicka-Iwanowska","description":"Head of Marketing z ponad sze\u015bcioletnim do\u015bwiadczeniem w bran\u017cy MICE. Na co dzie\u0144 zajmuje si\u0119 content marketingiem i promocj\u0105 obiekt\u00f3w eventowych, tak aby organizatorzy kongres\u00f3w, targ\u00f3w i konferencji wiedzieli, \u017ce w\u0142a\u015bnie tam warto zrealizowa\u0107 swoje wydarzenie. Prowadzi media spo\u0142eczno\u015bciowe, tworzy strategie komunikacji, pisze artyku\u0142y i dba o sp\u00f3jny wizerunek marki w ka\u017cdym kanale. W swojej pracy \u0142\u0105czy analityczne my\u015blenie z kreatywno\u015bci\u0105 i dobrym copy. Wsp\u00f3\u0142pracuje zar\u00f3wno z organizatorami najwi\u0119kszych wydarze\u0144 w Polsce, jak i z regionalnymi partnerami z bran\u017cy. Po godzinach mi\u0142o\u015bniczka podr\u00f3\u017cy po Europie, dobrej kuchni i klimatycznych miejsc, w kt\u00f3rych mo\u017cna z\u0142apa\u0107 oddech.","sameAs":["http:\/\/MojeKonferencje.pl","https:\/\/www.linkedin.com\/in\/olgastawicka\/"],"url":"https:\/\/www.mojekonferencje.pl\/blog\/author\/osawicka\/"}]}},"_links":{"self":[{"href":"https:\/\/www.mojekonferencje.pl\/blog\/wp-json\/wp\/v2\/posts\/6178","targetHints":{"allow":["GET"]}}],"collection":[{"href":"https:\/\/www.mojekonferencje.pl\/blog\/wp-json\/wp\/v2\/posts"}],"about":[{"href":"https:\/\/www.mojekonferencje.pl\/blog\/wp-json\/wp\/v2\/types\/post"}],"author":[{"embeddable":true,"href":"https:\/\/www.mojekonferencje.pl\/blog\/wp-json\/wp\/v2\/users\/9"}],"replies":[{"embeddable":true,"href":"https:\/\/www.mojekonferencje.pl\/blog\/wp-json\/wp\/v2\/comments?post=6178"}],"version-history":[{"count":13,"href":"https:\/\/www.mojekonferencje.pl\/blog\/wp-json\/wp\/v2\/posts\/6178\/revisions"}],"predecessor-version":[{"id":9383,"href":"https:\/\/www.mojekonferencje.pl\/blog\/wp-json\/wp\/v2\/posts\/6178\/revisions\/9383"}],"wp:featuredmedia":[{"embeddable":true,"href":"https:\/\/www.mojekonferencje.pl\/blog\/wp-json\/wp\/v2\/media\/6179"}],"wp:attachment":[{"href":"https:\/\/www.mojekonferencje.pl\/blog\/wp-json\/wp\/v2\/media?parent=6178"}],"wp:term":[{"taxonomy":"category","embeddable":true,"href":"https:\/\/www.mojekonferencje.pl\/blog\/wp-json\/wp\/v2\/categories?post=6178"},{"taxonomy":"post_tag","embeddable":true,"href":"https:\/\/www.mojekonferencje.pl\/blog\/wp-json\/wp\/v2\/tags?post=6178"}],"curies":[{"name":"wp","href":"https:\/\/api.w.org\/{rel}","templated":true}]}}