{"id":6443,"date":"2025-04-09T19:09:12","date_gmt":"2025-04-09T17:09:12","guid":{"rendered":"https:\/\/www.mojekonferencje.pl\/blog\/?p=6443"},"modified":"2025-04-09T19:09:13","modified_gmt":"2025-04-09T17:09:13","slug":"za-kulisami-event-hall-przestrzen-ktora-inspiruje","status":"publish","type":"post","link":"https:\/\/www.mojekonferencje.pl\/blog\/za-kulisami-event-hall-przestrzen-ktora-inspiruje\/","title":{"rendered":"Za kulisami Event Hall \u2013 przestrze\u0144, kt\u00f3ra inspiruje"},"content":{"rendered":"\n<p><strong><a href=\"https:\/\/www.mojekonferencje.pl\/warszawa\/event-hall-fabryka-norblina\">Event Hall w Fabryce Norblina<\/a> to jedna z najciekawszych przestrzeni eventowych na mapie Warszawy. Jej industrialny charakter, elastyczno\u015b\u0107 i centralna lokalizacja przyci\u0105gaj\u0105 organizator\u00f3w r\u00f3\u017cnorodnych wydarze\u0144. O kulisach pracy w tym miejscu opowiada Joanna Janecka, Dyrektorka Sprzeda\u017cy Event\u00f3w.<\/strong><\/p>\n\n\n\n<hr class=\"wp-block-separator has-alpha-channel-opacity\"\/>\n\n\n\n<h2 class=\"wp-block-heading\"><strong>MK: <\/strong>Powiedz nam co\u015b wi\u0119cej na temat przestrzeni, w kt\u00f3rej si\u0119 dzisiaj znajdujemy.<\/h2>\n\n\n\n<p><br><strong>JJ: <\/strong>Jeste\u015bmy na pograniczu \u015ar\u00f3dmie\u015bcia i warszawskiej Woli, w kompleksie zabytkowej Fabryki Norblina, a dok\u0142adnie na drugim pi\u0119trze w bezpo\u015brednim s\u0105siedztwie kina Kinogram. Tutaj w\u0142a\u015bnie na potrzeby dzia\u0142a\u0144 eventowych zosta\u0142a przygotowana przestrze\u0144 <strong>Event Hall<\/strong>, czyli 670 metr\u00f3w kwadratowych dowolnej aran\u017cacji. Mo\u017cemy tu organizowa\u0107 kongresy, spotkania firmowe, jubileusze, konferencje \u2013 w\u0142a\u015bciwie wszystko. Jest to prosta, elastyczna, plastyczna przestrze\u0144, kt\u00f3r\u0105 mo\u017cemy dostosowa\u0107 do dowolnego eventu.<\/p>\n\n\n\n<figure class=\"wp-block-image size-full\"><a href=\"https:\/\/www.mojekonferencje.pl\/blog\/wp-content\/uploads\/2025\/04\/ART-1.-Co-sprawia-ze-Event-Hall-wyroznia-sie-na-tle-innych-przestrzeni-eventowych_.webp\"><img loading=\"lazy\" decoding=\"async\" width=\"960\" height=\"580\" src=\"https:\/\/www.mojekonferencje.pl\/blog\/wp-content\/uploads\/2025\/04\/ART-1.-Co-sprawia-ze-Event-Hall-wyroznia-sie-na-tle-innych-przestrzeni-eventowych_.webp\" alt=\"\" class=\"wp-image-6445 lazyload\" data-srcset=\"https:\/\/www.mojekonferencje.pl\/blog\/wp-content\/uploads\/2025\/04\/ART-1.-Co-sprawia-ze-Event-Hall-wyroznia-sie-na-tle-innych-przestrzeni-eventowych_.webp 960w, https:\/\/www.mojekonferencje.pl\/blog\/wp-content\/uploads\/2025\/04\/ART-1.-Co-sprawia-ze-Event-Hall-wyroznia-sie-na-tle-innych-przestrzeni-eventowych_-300x181.webp 300w, https:\/\/www.mojekonferencje.pl\/blog\/wp-content\/uploads\/2025\/04\/ART-1.-Co-sprawia-ze-Event-Hall-wyroznia-sie-na-tle-innych-przestrzeni-eventowych_-768x464.webp 768w\" sizes=\"auto\" \/><\/a><\/figure>\n\n\n\n<h2 class=\"wp-block-heading\"><br><strong>MK: <\/strong>Co sprawia, \u017ce Event Hall wyr\u00f3\u017cnia si\u0119 na tle innych przestrzeni eventowych?<\/h2>\n\n\n\n<p><br><strong>JJ: <\/strong>Przede wszystkim sama obecno\u015b\u0107 w kompleksie Fabryki Norblina. To du\u017cy atut dla naszych go\u015bci eventowych, poniewa\u017c bliskie s\u0105siedztwo licznych restauracji, food hallu i galerii pozwala na tworzenie wydarze\u0144 anga\u017cuj\u0105cych r\u00f3\u017cne przestrzenie. Go\u015bcie nie musz\u0105 sp\u0119dza\u0107 ca\u0142ego dnia w jednym zamkni\u0119tym miejscu, mog\u0105 swobodnie przemieszcza\u0107 si\u0119 mi\u0119dzy strefami. Dodatkowym atutem jest \u015bwietna lokalizacja i dojazd.<br>Nasza przestrze\u0144 zosta\u0142a przygotowana z my\u015bl\u0105 o eventowcach. Ju\u017c na etapie projektowania zadbali\u015bmy o odpowiednie punkty podwiesze\u0144, zaplecze techniczne i pr\u0105dowe. Na miejscu mo\u017cemy zapewni\u0107 dowolny catering oraz wsparcie w zakresie wyposa\u017cenia technicznego AV. Jeste\u015bmy gotowi na organizacj\u0119 r\u00f3\u017cnego rodzaju wydarze\u0144.<\/p>\n\n\n\n<h2 class=\"wp-block-heading\"><br>MK: Go\u015bcie mog\u0105 r\u00f3wnie\u017c skorzysta\u0107 z sal kinowych. Jak si\u0119 sprawdzaj\u0105 w organizacji wydarze\u0144?<\/h2>\n\n\n\n<p><br><strong>JJ: <\/strong>Na tym samym pi\u0119trze co Event Hall znajduj\u0105 si\u0119 cztery sale kinowe. Najwi\u0119ksza z nich ma 91 miejsc siedz\u0105cych, s\u0105 to wi\u0119c do\u015b\u0107 kameralne przestrzenie. Idealnie sprawdzaj\u0105 si\u0119 podczas konferencji, gdy potrzebujemy g\u0142\u00f3wnej sali plenarnej oraz kilku mniejszych przestrzeni na warsztaty czy prac\u0119 w podgrupach. Sale kinowe to nieoczywisty wyb\u00f3r, ale doskonale si\u0119 sprawdzaj\u0105 dzi\u0119ki komfortowym fotelom, ogromnym ekranom i idealnemu wyciszeniu, co pozwala na pe\u0142ne skupienie uwagi.<\/p>\n\n\n\n<h2 class=\"wp-block-heading\"><br>MK: Jakie najciekawsze eventy by\u0142y organizowane w Waszej przestrzeni?<\/h2>\n\n\n\n<p><br><strong>JJ: <\/strong>Przestrze\u0144 dzia\u0142a nieca\u0142y rok, ale mieli\u015bmy ju\u017c okazj\u0119 realizowa\u0107 wiele r\u00f3\u017cnych wydarze\u0144. Organizowali\u015bmy eventy tematyczne, takie jak Wielki Gatsby, fluo party, czy imprezy w stylu lat 70. Jednym z najbardziej wymagaj\u0105cych wydarze\u0144 by\u0142a premiera nowego sezonu serialu Arcane. To wydarzenie anga\u017cowa\u0142o nie tylko nasz\u0105 przestrze\u0144, ale te\u017c s\u0105siednie obiekty, trwa\u0142o przez ca\u0142y weekend i by\u0142o otwarte dla go\u015bci z zewn\u0105trz. By\u0142o to du\u017ce wyzwanie organizacyjne, ale r\u00f3wnie\u017c ogromna satysfakcja.<\/p>\n\n\n\n<figure class=\"wp-block-image size-full\"><a href=\"https:\/\/www.mojekonferencje.pl\/blog\/wp-content\/uploads\/2025\/04\/ART-1.-A-jakie-nietypowe-wymagania-spotykacie-ze-strony-organizatorow_.webp\"><img loading=\"lazy\" decoding=\"async\" width=\"960\" height=\"580\" src=\"https:\/\/www.mojekonferencje.pl\/blog\/wp-content\/uploads\/2025\/04\/ART-1.-A-jakie-nietypowe-wymagania-spotykacie-ze-strony-organizatorow_.webp\" alt=\"\" class=\"wp-image-6446 lazyload\" data-srcset=\"https:\/\/www.mojekonferencje.pl\/blog\/wp-content\/uploads\/2025\/04\/ART-1.-A-jakie-nietypowe-wymagania-spotykacie-ze-strony-organizatorow_.webp 960w, https:\/\/www.mojekonferencje.pl\/blog\/wp-content\/uploads\/2025\/04\/ART-1.-A-jakie-nietypowe-wymagania-spotykacie-ze-strony-organizatorow_-300x181.webp 300w, https:\/\/www.mojekonferencje.pl\/blog\/wp-content\/uploads\/2025\/04\/ART-1.-A-jakie-nietypowe-wymagania-spotykacie-ze-strony-organizatorow_-768x464.webp 768w\" sizes=\"auto\" \/><\/a><\/figure>\n\n\n\n<h2 class=\"wp-block-heading\"><br>MK: A jakie nietypowe wymagania spotykacie ze strony organizator\u00f3w?<\/h2>\n\n\n\n<p><br><strong>JJ: <\/strong>Mieli\u015bmy wann\u0119 pe\u0142n\u0105 szampana na jednym z urodzin \u2013 to do\u015b\u0107 nietypowa atrakcja, kt\u00f3ra zrobi\u0142a furor\u0119 w social mediach. Organizowali\u015bmy te\u017c wydarzenia IT, kt\u00f3re wymaga\u0142y skomplikowanej infrastruktury technologicznej. Jako przestrze\u0144 zabytkowa mamy pewne ograniczenia, np. w zakresie instalacji scenografii, co czasem wymaga dodatkowych pozwole\u0144.<\/p>\n\n\n\n<h2 class=\"wp-block-heading\"><br>MK: Jak wygl\u0105da proces planowania wydarzenia?<\/h2>\n\n\n\n<p><br><strong>JJ:<\/strong> W idealnym \u015bwiecie wydarzenia trafiaj\u0105 do nas z kilkumiesi\u0119cznym wyprzedzeniem. Wtedy mamy czas na przygotowanie i nie ma problemu z dost\u0119pno\u015bci\u0105. Zdarzaj\u0105 si\u0119 jednak zapytania last minute. W przypadku sal kinowych to nie problem, bo mamy ich kilka. Z Event Hall bywa trudniej, bo potrzebujemy wi\u0119cej czasu, by przygotowa\u0107 ca\u0142o\u015b\u0107, zsynchronizowa\u0107 podwykonawc\u00f3w.<\/p>\n\n\n\n<h2 class=\"wp-block-heading\"><br>MK: A z jakim wyprzedzeniem zazwyczaj rezerwowana jest przestrze\u0144?<\/h2>\n\n\n\n<p><br>JJ: Je\u015bli m\u00f3wimy o Event Hallu, to przy wi\u0119kszych wydarzeniach absolutne minimum to 2\u20133 tygodnie. W przypadku sal kinowych wszystko zale\u017cy od konkretnego zapytania. Tam mo\u017cemy dzia\u0142a\u0107 nawet z tygodniowym wyprzedzeniem.<\/p>\n\n\n\n<h2 class=\"wp-block-heading\"><br>MK: Jakie pytania powinny pa\u015b\u0107 w pierwszym zapytaniu? Jak dostosowujecie sal\u0119 do potrzeb klienta?<\/h2>\n\n\n\n<p><br><strong>JJ: <\/strong>Nie pracujemy na jednym sta\u0142ym cenniku. Ka\u017cda oferta powstaje na potrzeby konkretnego eventu. Kluczowe informacje to data, godziny, zapotrzebowanie cateringowe i barowe, potrzeby techniczne, informacje o dostawcach. Im wi\u0119cej informacji od razu, tym lepiej przygotowana oferta. W naszym dziale sprzeda\u017cy pracuje 6 os\u00f3b, z czego 2 zajmuj\u0105 si\u0119 ofertowaniem, a kolejne 2 klientami, kt\u00f3rzy podpisali umowy. Po tym etapie obs\u0142ug\u0119 przejmuj\u0105 event menad\u017cerki, kt\u00f3re dbaj\u0105 o wszystkie szczeg\u00f3\u0142y.<\/p>\n\n\n\n<figure class=\"wp-block-image size-full\"><a href=\"https:\/\/www.mojekonferencje.pl\/blog\/wp-content\/uploads\/2025\/04\/Art.1-Jakie-udogodnienia-techniczne-oferujecie-klientom_.webp\"><img loading=\"lazy\" decoding=\"async\" width=\"960\" height=\"580\" src=\"https:\/\/www.mojekonferencje.pl\/blog\/wp-content\/uploads\/2025\/04\/Art.1-Jakie-udogodnienia-techniczne-oferujecie-klientom_.webp\" alt=\"\" class=\"wp-image-6447 lazyload\" data-srcset=\"https:\/\/www.mojekonferencje.pl\/blog\/wp-content\/uploads\/2025\/04\/Art.1-Jakie-udogodnienia-techniczne-oferujecie-klientom_.webp 960w, https:\/\/www.mojekonferencje.pl\/blog\/wp-content\/uploads\/2025\/04\/Art.1-Jakie-udogodnienia-techniczne-oferujecie-klientom_-300x181.webp 300w, https:\/\/www.mojekonferencje.pl\/blog\/wp-content\/uploads\/2025\/04\/Art.1-Jakie-udogodnienia-techniczne-oferujecie-klientom_-768x464.webp 768w\" sizes=\"auto\" \/><\/a><\/figure>\n\n\n\n<h2 class=\"wp-block-heading\"><br>MK: Jakie udogodnienia techniczne oferujecie klientom?<\/h2>\n\n\n\n<p><br><strong>JJ: <\/strong>Ju\u017c na etapie projektowania chcieli\u015bmy maksymalnie u\u0142atwi\u0107 prac\u0119 eventowcom. Zabezpieczyli\u015bmy przestrze\u0144 pod k\u0105tem zasilania, dost\u0119pu technicznego i zaplecza serwisowego. Posiadamy scen\u0119, ekran diodowy w centralnej cz\u0119\u015bci, dwa boczne ekrany, o\u015bwietlenie, nag\u0142o\u015bnienie, mikrofony. W przypadku standardowej konferencji jeste\u015bmy w stanie obs\u0142u\u017cy\u0107 wydarzenie na w\u0142asnym sprz\u0119cie.<\/p>\n\n\n\n<h2 class=\"wp-block-heading has-text-align-center\"><br>MK: Czy organizujecie eventy hybrydowe z transmisjami online?<\/h2>\n\n\n\n<p><br><strong>JJ: <\/strong>Tak, dosy\u0107 cz\u0119sto. Szczeg\u00f3lnie przy konferencjach. Wsp\u00f3\u0142pracujemy z firmami zewn\u0119trznymi, kt\u00f3re zajmuj\u0105 si\u0119 streamingiem, ale r\u00f3wnie\u017c my mo\u017cemy zaproponowa\u0107 takie us\u0142ugi. Nasze zaplecze sprzyja prowadzeniu transmisji na \u017cywo.<\/p>\n\n\n\n<hr class=\"wp-block-separator has-alpha-channel-opacity\"\/>\n\n\n\n<h2 class=\"wp-block-heading has-text-align-center\"><a href=\"https:\/\/www.mojekonferencje.pl\/warszawa\/event-hall-fabryka-norblina\">Event Hall<\/a> to nie tylko przestrze\u0144 \u2013 to do\u015bwiadczenie.<\/h2>\n\n\n\n<p>Zesp\u00f3\u0142, kt\u00f3ry za ni\u0105 stoi, nieustannie udowadnia, \u017ce nowoczesne podej\u015bcie, otwarto\u015b\u0107 na potrzeby klienta i elastyczno\u015b\u0107 w dzia\u0142aniu s\u0105 kluczem do sukcesu na konkurencyjnym rynku eventowym. Dzi\u0119ki dogodnej lokalizacji, wszechstronnemu zapleczu technicznemu i przemy\u015blanej organizacji pracy, Event Hall staje si\u0119 miejscem, w kt\u00f3rym nie tylko realizuje si\u0119 wydarzenia \u2013 tu tworzy si\u0119 wspomnienia.<\/p>\n\n\n\n<p><br>To jednak dopiero pocz\u0105tek naszej rozmowy z Joann\u0105 Janeck\u0105. Ju\u017c wkr\u00f3tce opublikujemy drug\u0105 cz\u0119\u015b\u0107 wywiadu, w kt\u00f3rej porozmawiamy o zmieniaj\u0105cych si\u0119 trendach w bran\u017cy eventowej, relacjach z klientami, technologii, personalizacji wydarze\u0144 i najcz\u0119stszych wyzwaniach, z jakimi mierz\u0105 si\u0119 organizatorzy.<\/p>\n","protected":false},"excerpt":{"rendered":"<p>Jak wygl\u0105da praca w jednej z najciekawszych przestrzeni eventowych w Warszawie? Joanna Janecka z Event Hall Fabryka Norblina opowiada o kulisach organizacji wydarze\u0144, mo\u017cliwo\u015bciach technicznych i wyj\u0105tkowej elastyczno\u015bci tego miejsca.<\/p>\n","protected":false},"author":20,"featured_media":6444,"comment_status":"closed","ping_status":"closed","sticky":false,"template":"","format":"standard","meta":{"_acf_changed":false,"footnotes":""},"categories":[258],"tags":[353,354],"class_list":["post-6443","post","type-post","status-publish","format-standard","has-post-thumbnail","hentry","category-wywiad","tag-organizacja-imprez","tag-organizacja-wydarzen"],"acf":[],"yoast_head":"<!-- This site is optimized with the Yoast SEO plugin v27.1.1 - https:\/\/yoast.com\/product\/yoast-seo-wordpress\/ -->\n<title>Za kulisami Event Hall \u2013 przestrze\u0144, kt\u00f3ra inspiruje - blog | MojeKonferencje.pl<\/title>\n<meta name=\"description\" content=\"Za kulisami Event Hall \u2013 przestrze\u0144, kt\u00f3ra inspiruje - blog | MojeKonferencje.pl\" \/>\n<meta name=\"robots\" content=\"index, follow, max-snippet:-1, max-image-preview:large, max-video-preview:-1\" \/>\n<link rel=\"canonical\" href=\"https:\/\/www.mojekonferencje.pl\/blog\/za-kulisami-event-hall-przestrzen-ktora-inspiruje\/\" \/>\n<meta property=\"og:locale\" content=\"pl_PL\" \/>\n<meta property=\"og:type\" content=\"article\" \/>\n<meta property=\"og:title\" content=\"Za kulisami Event Hall \u2013 przestrze\u0144, kt\u00f3ra inspiruje - blog | MojeKonferencje.pl\" \/>\n<meta property=\"og:description\" content=\"Za kulisami Event Hall \u2013 przestrze\u0144, kt\u00f3ra inspiruje - blog | MojeKonferencje.pl\" \/>\n<meta property=\"og:url\" content=\"https:\/\/www.mojekonferencje.pl\/blog\/za-kulisami-event-hall-przestrzen-ktora-inspiruje\/\" \/>\n<meta property=\"og:site_name\" content=\"MojeKonferencje.pl\" \/>\n<meta property=\"article:published_time\" content=\"2025-04-09T17:09:12+00:00\" \/>\n<meta property=\"article:modified_time\" content=\"2025-04-09T17:09:13+00:00\" \/>\n<meta property=\"og:image\" content=\"https:\/\/www.mojekonferencje.pl\/blog\/wp-content\/uploads\/2025\/04\/ART.-1-OKLADKA.jpg\" \/>\n\t<meta property=\"og:image:width\" content=\"1179\" \/>\n\t<meta property=\"og:image:height\" content=\"786\" \/>\n\t<meta property=\"og:image:type\" content=\"image\/jpeg\" \/>\n<meta name=\"author\" content=\"Martyna D\u0105browska\" \/>\n<meta name=\"twitter:card\" content=\"summary_large_image\" \/>\n<meta name=\"twitter:label1\" content=\"Napisane przez\" \/>\n\t<meta name=\"twitter:data1\" content=\"Martyna D\u0105browska\" \/>\n\t<meta name=\"twitter:label2\" content=\"Szacowany czas czytania\" \/>\n\t<meta name=\"twitter:data2\" content=\"6 minut\" \/>\n<script type=\"application\/ld+json\" class=\"yoast-schema-graph\">{\"@context\":\"https:\/\/schema.org\",\"@graph\":[{\"@type\":\"Article\",\"@id\":\"https:\/\/www.mojekonferencje.pl\/blog\/za-kulisami-event-hall-przestrzen-ktora-inspiruje\/#article\",\"isPartOf\":{\"@id\":\"https:\/\/www.mojekonferencje.pl\/blog\/za-kulisami-event-hall-przestrzen-ktora-inspiruje\/\"},\"author\":{\"name\":\"Martyna D\u0105browska\",\"@id\":\"https:\/\/www.mojekonferencje.pl\/blog\/#\/schema\/person\/13c4049adfe16d858160c94d5f78acbc\"},\"headline\":\"Za kulisami Event Hall \u2013 przestrze\u0144, kt\u00f3ra inspiruje\",\"datePublished\":\"2025-04-09T17:09:12+00:00\",\"dateModified\":\"2025-04-09T17:09:13+00:00\",\"mainEntityOfPage\":{\"@id\":\"https:\/\/www.mojekonferencje.pl\/blog\/za-kulisami-event-hall-przestrzen-ktora-inspiruje\/\"},\"wordCount\":946,\"image\":{\"@id\":\"https:\/\/www.mojekonferencje.pl\/blog\/za-kulisami-event-hall-przestrzen-ktora-inspiruje\/#primaryimage\"},\"thumbnailUrl\":\"https:\/\/www.mojekonferencje.pl\/blog\/wp-content\/uploads\/2025\/04\/ART.-1-OKLADKA.jpg\",\"keywords\":[\"organizacja imprez\",\"organizacja wydarze\u0144\"],\"articleSection\":[\"Wywiad\"],\"inLanguage\":\"pl-PL\"},{\"@type\":\"WebPage\",\"@id\":\"https:\/\/www.mojekonferencje.pl\/blog\/za-kulisami-event-hall-przestrzen-ktora-inspiruje\/\",\"url\":\"https:\/\/www.mojekonferencje.pl\/blog\/za-kulisami-event-hall-przestrzen-ktora-inspiruje\/\",\"name\":\"Za kulisami Event Hall \u2013 przestrze\u0144, kt\u00f3ra inspiruje - blog | MojeKonferencje.pl\",\"isPartOf\":{\"@id\":\"https:\/\/www.mojekonferencje.pl\/blog\/#website\"},\"primaryImageOfPage\":{\"@id\":\"https:\/\/www.mojekonferencje.pl\/blog\/za-kulisami-event-hall-przestrzen-ktora-inspiruje\/#primaryimage\"},\"image\":{\"@id\":\"https:\/\/www.mojekonferencje.pl\/blog\/za-kulisami-event-hall-przestrzen-ktora-inspiruje\/#primaryimage\"},\"thumbnailUrl\":\"https:\/\/www.mojekonferencje.pl\/blog\/wp-content\/uploads\/2025\/04\/ART.-1-OKLADKA.jpg\",\"datePublished\":\"2025-04-09T17:09:12+00:00\",\"dateModified\":\"2025-04-09T17:09:13+00:00\",\"author\":{\"@id\":\"https:\/\/www.mojekonferencje.pl\/blog\/#\/schema\/person\/13c4049adfe16d858160c94d5f78acbc\"},\"description\":\"Za kulisami Event Hall \u2013 przestrze\u0144, kt\u00f3ra inspiruje - blog | MojeKonferencje.pl\",\"breadcrumb\":{\"@id\":\"https:\/\/www.mojekonferencje.pl\/blog\/za-kulisami-event-hall-przestrzen-ktora-inspiruje\/#breadcrumb\"},\"inLanguage\":\"pl-PL\",\"potentialAction\":[{\"@type\":\"ReadAction\",\"target\":[\"https:\/\/www.mojekonferencje.pl\/blog\/za-kulisami-event-hall-przestrzen-ktora-inspiruje\/\"]}]},{\"@type\":\"ImageObject\",\"inLanguage\":\"pl-PL\",\"@id\":\"https:\/\/www.mojekonferencje.pl\/blog\/za-kulisami-event-hall-przestrzen-ktora-inspiruje\/#primaryimage\",\"url\":\"https:\/\/www.mojekonferencje.pl\/blog\/wp-content\/uploads\/2025\/04\/ART.-1-OKLADKA.jpg\",\"contentUrl\":\"https:\/\/www.mojekonferencje.pl\/blog\/wp-content\/uploads\/2025\/04\/ART.-1-OKLADKA.jpg\",\"width\":1179,\"height\":786,\"caption\":\"Event Hall\"},{\"@type\":\"BreadcrumbList\",\"@id\":\"https:\/\/www.mojekonferencje.pl\/blog\/za-kulisami-event-hall-przestrzen-ktora-inspiruje\/#breadcrumb\",\"itemListElement\":[{\"@type\":\"ListItem\",\"position\":1,\"name\":\"Strona g\u0142\u00f3wna\",\"item\":\"https:\/\/www.mojekonferencje.pl\/blog\/\"},{\"@type\":\"ListItem\",\"position\":2,\"name\":\"Za kulisami Event Hall \u2013 przestrze\u0144, kt\u00f3ra inspiruje\"}]},{\"@type\":\"WebSite\",\"@id\":\"https:\/\/www.mojekonferencje.pl\/blog\/#website\",\"url\":\"https:\/\/www.mojekonferencje.pl\/blog\/\",\"name\":\"MojeKonferencje.pl\",\"description\":\"Blog bran\u017cy szkoleniowo-konferencyjnej. W\u0142\u0105cz si\u0119 do dyskusji o obiektach konferencyjnych i nowo\u015bciach z bran\u017cy! Poznaj porady odno\u015bnie organizacji konferencji, szkole\u0144 i event\u00f3w firmowych! Zach\u0119camy do wyra\u017cania opinii oraz komentarzy.\",\"potentialAction\":[{\"@type\":\"SearchAction\",\"target\":{\"@type\":\"EntryPoint\",\"urlTemplate\":\"https:\/\/www.mojekonferencje.pl\/blog\/?s={search_term_string}\"},\"query-input\":{\"@type\":\"PropertyValueSpecification\",\"valueRequired\":true,\"valueName\":\"search_term_string\"}}],\"inLanguage\":\"pl-PL\"},{\"@type\":\"Person\",\"@id\":\"https:\/\/www.mojekonferencje.pl\/blog\/#\/schema\/person\/13c4049adfe16d858160c94d5f78acbc\",\"name\":\"Martyna D\u0105browska\",\"url\":\"https:\/\/www.mojekonferencje.pl\/blog\/author\/martynadabrowska\/\"}]}<\/script>\n<!-- \/ Yoast SEO plugin. -->","yoast_head_json":{"title":"Za kulisami Event Hall \u2013 przestrze\u0144, kt\u00f3ra inspiruje - blog | MojeKonferencje.pl","description":"Za kulisami Event Hall \u2013 przestrze\u0144, kt\u00f3ra inspiruje - blog | MojeKonferencje.pl","robots":{"index":"index","follow":"follow","max-snippet":"max-snippet:-1","max-image-preview":"max-image-preview:large","max-video-preview":"max-video-preview:-1"},"canonical":"https:\/\/www.mojekonferencje.pl\/blog\/za-kulisami-event-hall-przestrzen-ktora-inspiruje\/","og_locale":"pl_PL","og_type":"article","og_title":"Za kulisami Event Hall \u2013 przestrze\u0144, kt\u00f3ra inspiruje - blog | MojeKonferencje.pl","og_description":"Za kulisami Event Hall \u2013 przestrze\u0144, kt\u00f3ra inspiruje - blog | MojeKonferencje.pl","og_url":"https:\/\/www.mojekonferencje.pl\/blog\/za-kulisami-event-hall-przestrzen-ktora-inspiruje\/","og_site_name":"MojeKonferencje.pl","article_published_time":"2025-04-09T17:09:12+00:00","article_modified_time":"2025-04-09T17:09:13+00:00","og_image":[{"width":1179,"height":786,"url":"https:\/\/www.mojekonferencje.pl\/blog\/wp-content\/uploads\/2025\/04\/ART.-1-OKLADKA.jpg","type":"image\/jpeg"}],"author":"Martyna D\u0105browska","twitter_card":"summary_large_image","twitter_misc":{"Napisane przez":"Martyna D\u0105browska","Szacowany czas czytania":"6 minut"},"schema":{"@context":"https:\/\/schema.org","@graph":[{"@type":"Article","@id":"https:\/\/www.mojekonferencje.pl\/blog\/za-kulisami-event-hall-przestrzen-ktora-inspiruje\/#article","isPartOf":{"@id":"https:\/\/www.mojekonferencje.pl\/blog\/za-kulisami-event-hall-przestrzen-ktora-inspiruje\/"},"author":{"name":"Martyna D\u0105browska","@id":"https:\/\/www.mojekonferencje.pl\/blog\/#\/schema\/person\/13c4049adfe16d858160c94d5f78acbc"},"headline":"Za kulisami Event Hall \u2013 przestrze\u0144, kt\u00f3ra inspiruje","datePublished":"2025-04-09T17:09:12+00:00","dateModified":"2025-04-09T17:09:13+00:00","mainEntityOfPage":{"@id":"https:\/\/www.mojekonferencje.pl\/blog\/za-kulisami-event-hall-przestrzen-ktora-inspiruje\/"},"wordCount":946,"image":{"@id":"https:\/\/www.mojekonferencje.pl\/blog\/za-kulisami-event-hall-przestrzen-ktora-inspiruje\/#primaryimage"},"thumbnailUrl":"https:\/\/www.mojekonferencje.pl\/blog\/wp-content\/uploads\/2025\/04\/ART.-1-OKLADKA.jpg","keywords":["organizacja imprez","organizacja wydarze\u0144"],"articleSection":["Wywiad"],"inLanguage":"pl-PL"},{"@type":"WebPage","@id":"https:\/\/www.mojekonferencje.pl\/blog\/za-kulisami-event-hall-przestrzen-ktora-inspiruje\/","url":"https:\/\/www.mojekonferencje.pl\/blog\/za-kulisami-event-hall-przestrzen-ktora-inspiruje\/","name":"Za kulisami Event Hall \u2013 przestrze\u0144, kt\u00f3ra inspiruje - blog | MojeKonferencje.pl","isPartOf":{"@id":"https:\/\/www.mojekonferencje.pl\/blog\/#website"},"primaryImageOfPage":{"@id":"https:\/\/www.mojekonferencje.pl\/blog\/za-kulisami-event-hall-przestrzen-ktora-inspiruje\/#primaryimage"},"image":{"@id":"https:\/\/www.mojekonferencje.pl\/blog\/za-kulisami-event-hall-przestrzen-ktora-inspiruje\/#primaryimage"},"thumbnailUrl":"https:\/\/www.mojekonferencje.pl\/blog\/wp-content\/uploads\/2025\/04\/ART.-1-OKLADKA.jpg","datePublished":"2025-04-09T17:09:12+00:00","dateModified":"2025-04-09T17:09:13+00:00","author":{"@id":"https:\/\/www.mojekonferencje.pl\/blog\/#\/schema\/person\/13c4049adfe16d858160c94d5f78acbc"},"description":"Za kulisami Event Hall \u2013 przestrze\u0144, kt\u00f3ra inspiruje - blog | MojeKonferencje.pl","breadcrumb":{"@id":"https:\/\/www.mojekonferencje.pl\/blog\/za-kulisami-event-hall-przestrzen-ktora-inspiruje\/#breadcrumb"},"inLanguage":"pl-PL","potentialAction":[{"@type":"ReadAction","target":["https:\/\/www.mojekonferencje.pl\/blog\/za-kulisami-event-hall-przestrzen-ktora-inspiruje\/"]}]},{"@type":"ImageObject","inLanguage":"pl-PL","@id":"https:\/\/www.mojekonferencje.pl\/blog\/za-kulisami-event-hall-przestrzen-ktora-inspiruje\/#primaryimage","url":"https:\/\/www.mojekonferencje.pl\/blog\/wp-content\/uploads\/2025\/04\/ART.-1-OKLADKA.jpg","contentUrl":"https:\/\/www.mojekonferencje.pl\/blog\/wp-content\/uploads\/2025\/04\/ART.-1-OKLADKA.jpg","width":1179,"height":786,"caption":"Event Hall"},{"@type":"BreadcrumbList","@id":"https:\/\/www.mojekonferencje.pl\/blog\/za-kulisami-event-hall-przestrzen-ktora-inspiruje\/#breadcrumb","itemListElement":[{"@type":"ListItem","position":1,"name":"Strona g\u0142\u00f3wna","item":"https:\/\/www.mojekonferencje.pl\/blog\/"},{"@type":"ListItem","position":2,"name":"Za kulisami Event Hall \u2013 przestrze\u0144, kt\u00f3ra inspiruje"}]},{"@type":"WebSite","@id":"https:\/\/www.mojekonferencje.pl\/blog\/#website","url":"https:\/\/www.mojekonferencje.pl\/blog\/","name":"MojeKonferencje.pl","description":"Blog bran\u017cy szkoleniowo-konferencyjnej. W\u0142\u0105cz si\u0119 do dyskusji o obiektach konferencyjnych i nowo\u015bciach z bran\u017cy! Poznaj porady odno\u015bnie organizacji konferencji, szkole\u0144 i event\u00f3w firmowych! Zach\u0119camy do wyra\u017cania opinii oraz komentarzy.","potentialAction":[{"@type":"SearchAction","target":{"@type":"EntryPoint","urlTemplate":"https:\/\/www.mojekonferencje.pl\/blog\/?s={search_term_string}"},"query-input":{"@type":"PropertyValueSpecification","valueRequired":true,"valueName":"search_term_string"}}],"inLanguage":"pl-PL"},{"@type":"Person","@id":"https:\/\/www.mojekonferencje.pl\/blog\/#\/schema\/person\/13c4049adfe16d858160c94d5f78acbc","name":"Martyna D\u0105browska","url":"https:\/\/www.mojekonferencje.pl\/blog\/author\/martynadabrowska\/"}]}},"_links":{"self":[{"href":"https:\/\/www.mojekonferencje.pl\/blog\/wp-json\/wp\/v2\/posts\/6443","targetHints":{"allow":["GET"]}}],"collection":[{"href":"https:\/\/www.mojekonferencje.pl\/blog\/wp-json\/wp\/v2\/posts"}],"about":[{"href":"https:\/\/www.mojekonferencje.pl\/blog\/wp-json\/wp\/v2\/types\/post"}],"author":[{"embeddable":true,"href":"https:\/\/www.mojekonferencje.pl\/blog\/wp-json\/wp\/v2\/users\/20"}],"replies":[{"embeddable":true,"href":"https:\/\/www.mojekonferencje.pl\/blog\/wp-json\/wp\/v2\/comments?post=6443"}],"version-history":[{"count":1,"href":"https:\/\/www.mojekonferencje.pl\/blog\/wp-json\/wp\/v2\/posts\/6443\/revisions"}],"predecessor-version":[{"id":6448,"href":"https:\/\/www.mojekonferencje.pl\/blog\/wp-json\/wp\/v2\/posts\/6443\/revisions\/6448"}],"wp:featuredmedia":[{"embeddable":true,"href":"https:\/\/www.mojekonferencje.pl\/blog\/wp-json\/wp\/v2\/media\/6444"}],"wp:attachment":[{"href":"https:\/\/www.mojekonferencje.pl\/blog\/wp-json\/wp\/v2\/media?parent=6443"}],"wp:term":[{"taxonomy":"category","embeddable":true,"href":"https:\/\/www.mojekonferencje.pl\/blog\/wp-json\/wp\/v2\/categories?post=6443"},{"taxonomy":"post_tag","embeddable":true,"href":"https:\/\/www.mojekonferencje.pl\/blog\/wp-json\/wp\/v2\/tags?post=6443"}],"curies":[{"name":"wp","href":"https:\/\/api.w.org\/{rel}","templated":true}]}}