{"id":6472,"date":"2025-04-11T10:31:56","date_gmt":"2025-04-11T08:31:56","guid":{"rendered":"https:\/\/www.mojekonferencje.pl\/blog\/?p=6472"},"modified":"2025-04-22T23:14:08","modified_gmt":"2025-04-22T21:14:08","slug":"10-miejsc-na-wyjazd-integracyjny-po-ktorym-zespol-bedzie-chcial-pracowac-razem-wojewodztwo-mazowieckie","status":"publish","type":"post","link":"https:\/\/www.mojekonferencje.pl\/blog\/10-miejsc-na-wyjazd-integracyjny-po-ktorym-zespol-bedzie-chcial-pracowac-razem-wojewodztwo-mazowieckie\/","title":{"rendered":"10 miejsc na wyjazd integracyjny, po kt\u00f3rym zesp\u00f3\u0142 b\u0119dzie chcia\u0142 pracowa\u0107 razem \u2013 wojew\u00f3dztwo mazowieckie\u00a0"},"content":{"rendered":"\n<p>Zgrany zesp\u00f3\u0142 to klucz do sukcesu ka\u017cdej firmy. Jak jednak sprawi\u0107, by wsp\u00f3\u0142praca by\u0142a jeszcze bardziej efektywna? Nic nie \u0142\u0105czy zespo\u0142u lepiej ni\u017c <strong>wsp\u00f3lny wyjazd integracyjny<\/strong>, kt\u00f3ry opr\u00f3cz formalnych spotka\u0144, umo\u017cliwia sp\u0119dzenie czasu w lu\u017aniejszej atmosferze. Dzi\u0119ki temu pracownicy mog\u0105 nawi\u0105za\u0107 silniejsze wi\u0119zi, co przek\u0142ada si\u0119 na lepsz\u0105 komunikacj\u0119 i wsp\u00f3\u0142prac\u0119 w codziennej pracy.<br><\/p>\n\n\n\n<p>W <strong>wojew\u00f3dztwie mazowieckim<\/strong> znajduje si\u0119 wiele hoteli, kt\u00f3re \u0142\u0105cz\u0105 profesjonalne zaplecze do organizacji spotka\u0144 biznesowych z szerok\u0105 ofert\u0105 atrakcji wspieraj\u0105cych integracj\u0119 zespo\u0142u. Opr\u00f3cz <strong>nowoczesnych sal konferencyjnych<\/strong>, obiekty te oferuj\u0105 strefy rekreacyjne, ogniska, gry terenowe oraz aktywno\u015bci outdoorowe, kt\u00f3re skutecznie wzmacniaj\u0105 relacje w zespole. Wsp\u00f3lne chwile, \u015bmiech i wsp\u00f3\u0142zawodnictwo buduj\u0105 zaufanie i poczucie przynale\u017cno\u015bci, co jest bezcenne dla ka\u017cdego zespo\u0142u.<\/p>\n\n\n\n<p>Poznaj nasze najlepsze<a href=\"https:\/\/www.mojekonferencje.pl\/konferencje-mazowieckie\"> hotele na integracj\u0119 i teambuilding w wojew\u00f3dztwie mazowieckim<\/a>:<\/p>\n\n\n\n<figure class=\"wp-block-table\"><table class=\"has-fixed-layout\"><tbody><tr><td><a href=\"https:\/\/www.mojekonferencje.pl\/sierpc\/hotel-skansen-conference-spa\">Hotel Skansen Conference &amp; Spa<\/a><\/td><td><a href=\"https:\/\/www.mojekonferencje.pl\/zelechow\/palac-zelechow-spa--wellness\">Pa\u0142ac \u017belech\u00f3w SPA &amp; Wellness<\/a><\/td><\/tr><tr><td><a href=\"https:\/\/www.mojekonferencje.pl\/serock\/hotel-narvil-conference--spa\">Hotel NARVIL Conference &amp; Spa<\/a><\/td><td><a href=\"https:\/\/www.mojekonferencje.pl\/nowa-wies\/santa-natura-resort-spa\">Santa Natura Resort &amp; SPA<\/a><\/td><\/tr><tr><td><a href=\"https:\/\/www.mojekonferencje.pl\/chlewiska\/manor-house-spa-palac-odrowazow\">Manor House SPA Pa\u0142ac Odrow\u0105\u017c\u00f3w Chlewiska<\/a><\/td><td><a href=\"https:\/\/www.mojekonferencje.pl\/warszawa\/palac-rozalin\">Pa\u0142ac Rozalin<\/a><\/td><\/tr><tr><td><a href=\"https:\/\/www.mojekonferencje.pl\/warszawa\/rancho-pod-bocianem\">Rancho Pod Bocianem<\/a><\/td><td><a href=\"https:\/\/www.mojekonferencje.pl\/warszawa\/palac-alexandrinum\">Hotel Pa\u0142ac Alexandrinum<\/a><\/td><\/tr><tr><td><a href=\"https:\/\/www.mojekonferencje.pl\/nasielsk\/nosselia\">Hotel Nosselia<\/a><\/td><td><a href=\"https:\/\/www.mojekonferencje.pl\/serock\/windsor-palace-hotel--conference-center\">Hotel Windsor w Jachrance nad Zegrzem<\/a><\/td><\/tr><\/tbody><\/table><\/figure>\n\n\n\n<h2 class=\"wp-block-heading has-text-align-center\"><a href=\"https:\/\/www.mojekonferencje.pl\/sierpc\/hotel-skansen-conference-spa\"><mark style=\"background-color:rgba(0, 0, 0, 0)\" class=\"has-inline-color has-vivid-purple-color\"><span style=\"text-decoration: underline;\">Hotel Skansen Conference &amp; Spa<\/span><\/mark><\/a><\/h2>\n\n\n\n<p>Pierwsz\u0105 propozycj\u0105 na wsp\u00f3ln\u0105 integracj\u0119 pracownicz\u0105&nbsp; jest <strong>&nbsp;Hotel Skansen Conference &amp; Spa<\/strong>. To wyj\u0105tkowy obiekt konferencyjno-wypoczynkowy po\u0142o\u017cony na terenie malowniczego Muzeum Wsi Mazowieckiej w Sierpcu. Hotel Skansen Conference &amp; Spa oferuje dwie przestronne, klimatyzowane sale konferencyjne oraz sal\u0119 widowiskow\u0105 na 300 os\u00f3b. Otoczony 54 hektarami las\u00f3w, pozwala go\u015bciom odpocz\u0105\u0107 na \u0142onie natury. Kompleks sk\u0142ada si\u0119 z trzech budynk\u00f3w: Ogie\u0144, Woda i Sacrum. W Hotelu Skansen Conference &amp; Spa go\u015bcie mog\u0105 zorganizowa\u0107 wsp\u00f3lne gry, na przyk\u0142ad kr\u0119gle, czy zorganizowa\u0107 ognisko. To miejsce, kt\u00f3re \u0142\u0105czy profesjonalizm z niezapomnianymi chwilami integracyjnymi.<\/p>\n\n\n\n<figure class=\"wp-block-gallery has-nested-images columns-default is-cropped wp-block-gallery-1 is-layout-flex wp-block-gallery-is-layout-flex\">\n<figure class=\"wp-block-image size-large\"><a href=\"https:\/\/www.mojekonferencje.pl\/blog\/wp-content\/uploads\/2025\/04\/sierpc-2-0090-retusz-960x580-2.webp\"><img loading=\"lazy\" decoding=\"async\" width=\"960\" height=\"580\" data-id=\"6475\" src=\"https:\/\/www.mojekonferencje.pl\/blog\/wp-content\/uploads\/2025\/04\/sierpc-2-0090-retusz-960x580-2.webp\" alt=\"\" class=\"wp-image-6475 lazyload\" data-srcset=\"https:\/\/www.mojekonferencje.pl\/blog\/wp-content\/uploads\/2025\/04\/sierpc-2-0090-retusz-960x580-2.webp 960w, https:\/\/www.mojekonferencje.pl\/blog\/wp-content\/uploads\/2025\/04\/sierpc-2-0090-retusz-960x580-2-300x181.webp 300w, https:\/\/www.mojekonferencje.pl\/blog\/wp-content\/uploads\/2025\/04\/sierpc-2-0090-retusz-960x580-2-768x464.webp 768w\" sizes=\"auto\" \/><\/a><\/figure>\n<\/figure>\n\n\n\n<p><\/p>\n\n\n\n<h2 class=\"wp-block-heading has-text-align-center\"><a href=\"https:\/\/www.mojekonferencje.pl\/zelechow\/palac-zelechow-spa--wellness\"><mark style=\"background-color:rgba(0, 0, 0, 0)\" class=\"has-inline-color has-vivid-purple-color\"><span style=\"text-decoration: underline;\">Pa\u0142ac \u017belech\u00f3w SPA &amp; Wellness<\/span><\/mark><\/a><\/h2>\n\n\n\n<p>Kolejny obiekt to<strong> Pa\u0142ac \u017belech\u00f3w SPA &amp; Wellness.<\/strong> Po\u0142o\u017cony jest 87 km od Warszawy. Po\u0142\u0105czenie XVIII-wiecznej architektury z nowoczesnym zapleczem konferencyjnym sprawia, \u017ce jest to doskona\u0142e miejsce na wyjazdy integracyjne i konferencje. Hotel oferuje <strong>19 klimatyzowanych sal konferencyjnych<\/strong> o powierzchni od 24 m\u00b2 do 1000 m\u00b2, wyposa\u017conych w nowoczesne i niezawodne zaplecze technologiczne. Obiekt oferuje te\u017c <strong>119 eleganckich pokoi<\/strong>, kt\u00f3re \u0142\u0105cznie mog\u0105 pomie\u015bci\u0107 do <strong>260 go\u015bci<\/strong>. W Pa\u0142acu znajdziemy eleganck\u0105 restauracj\u0119 i klimatyczny pa\u0142acowy browar, kt\u00f3ry umo\u017cliwia wsp\u00f3lne spr\u00f3bowanie lokalnego piwa. Dodatkowo, strefa SPA z basenem, saunami i wyj\u0105tkowymi zabiegami to idealne miejsce na relaks po intensywnym dniu pe\u0142nym spotka\u0144 biznesowych. To tam go\u015bcie mog\u0105 wsp\u00f3lnie odpocz\u0105\u0107 i zregenerowa\u0107 si\u0142y.<\/p>\n\n\n\n<figure class=\"wp-block-image size-full\"><a href=\"https:\/\/www.mojekonferencje.pl\/blog\/wp-content\/uploads\/2025\/04\/dsc-0663-960x580-1.webp\"><img loading=\"lazy\" decoding=\"async\" width=\"960\" height=\"580\" src=\"https:\/\/www.mojekonferencje.pl\/blog\/wp-content\/uploads\/2025\/04\/dsc-0663-960x580-1.webp\" alt=\"\" class=\"wp-image-6476 lazyload\" data-srcset=\"https:\/\/www.mojekonferencje.pl\/blog\/wp-content\/uploads\/2025\/04\/dsc-0663-960x580-1.webp 960w, https:\/\/www.mojekonferencje.pl\/blog\/wp-content\/uploads\/2025\/04\/dsc-0663-960x580-1-300x181.webp 300w, https:\/\/www.mojekonferencje.pl\/blog\/wp-content\/uploads\/2025\/04\/dsc-0663-960x580-1-768x464.webp 768w\" sizes=\"auto\" \/><\/a><\/figure>\n\n\n\n<h2 class=\"wp-block-heading has-text-align-center\"><a href=\"https:\/\/www.mojekonferencje.pl\/serock\/hotel-narvil-conference--spa\"><mark style=\"background-color:rgba(0, 0, 0, 0)\" class=\"has-inline-color has-vivid-purple-color\"><span style=\"text-decoration: underline;\">Hotel NARVIL Conference &amp; Spa<\/span><\/mark><\/a><\/h2>\n\n\n\n<p>Nie spos\u00f3b nie wspomnie\u0107 o<strong> Hotelu NARVIL Conference &amp; Spa. <\/strong>To obiekt po\u0142o\u017cony nad rzek\u0105 Narew, w samym sercu Mazowsza. Hotel NARVIL Conference &amp; Spa zapewnia<strong> 33 nowoczesne sale konferencyjne<\/strong> z zaawansowanym zapleczem technologicznym, umo\u017cliwiaj\u0105cym organizacj\u0119 zar\u00f3wno du\u017cych event\u00f3w, jak i kameralnych spotka\u0144. Dysponuje zapleczem noclegowym, z komfortowymi, nowoczesnymi pokojami. Oferuje szerok\u0105 gam\u0119 us\u0142ug \u2013 od nowoczesnych sal konferencyjnych po atrakcje takie jak klub nocny, kr\u0119gielnia, basen, korty tenisowe i si\u0142ownia na \u015bwie\u017cym powietrzu. Dzi\u0119ki du\u017cej przestrzeni rekreacyjnej, w tym przystani nad Narwi\u0105, go\u015bcie mog\u0105 sp\u0119dzi\u0107 czas na \u015bwie\u017cym powietrzu, co sprzyja budowaniu zespo\u0142owych wi\u0119zi i integracji. Nie ma nic lepszego, ni\u017c wsp\u00f3lne aktywno\u015bci na \u015bwie\u017cym powietrzu.<\/p>\n\n\n\n<figure class=\"wp-block-image size-full\"><a href=\"https:\/\/www.mojekonferencje.pl\/blog\/wp-content\/uploads\/2025\/04\/zdjecie-obiektu-hotelnarvillobby-960x580-1.webp\"><img loading=\"lazy\" decoding=\"async\" width=\"960\" height=\"580\" src=\"https:\/\/www.mojekonferencje.pl\/blog\/wp-content\/uploads\/2025\/04\/zdjecie-obiektu-hotelnarvillobby-960x580-1.webp\" alt=\"\" class=\"wp-image-6477 lazyload\" data-srcset=\"https:\/\/www.mojekonferencje.pl\/blog\/wp-content\/uploads\/2025\/04\/zdjecie-obiektu-hotelnarvillobby-960x580-1.webp 960w, https:\/\/www.mojekonferencje.pl\/blog\/wp-content\/uploads\/2025\/04\/zdjecie-obiektu-hotelnarvillobby-960x580-1-300x181.webp 300w, https:\/\/www.mojekonferencje.pl\/blog\/wp-content\/uploads\/2025\/04\/zdjecie-obiektu-hotelnarvillobby-960x580-1-768x464.webp 768w\" sizes=\"auto\" \/><\/a><\/figure>\n\n\n\n<h2 class=\"wp-block-heading has-text-align-center\"><a href=\"https:\/\/www.mojekonferencje.pl\/nowa-wies\/santa-natura-resort-spa\"><mark style=\"background-color:rgba(0, 0, 0, 0)\" class=\"has-inline-color has-vivid-purple-color\"><span style=\"text-decoration: underline;\">Santa Natura Resort &amp; SPA<\/span><\/mark><\/a><\/h2>\n\n\n\n<p>Nast\u0119pny obiekt to<strong> Santa Natura Resort &amp; SPA<\/strong>, po\u0142o\u017cony w malowniczej okolicy, 60 km od Warszawy. Santa Natura Resort&amp;SPA to elegancki obiekt z<strong> pi\u0119cioma nowoczesnymi salami eventowymi<\/strong>, idealnymi na konferencje, spotkania biznesowe i bankiety. To stylowy obiekt z <strong>58 pokojami i apartamentami<\/strong> w kolorach ziemi, \u0142\u0105cz\u0105cymi nowoczesny design z subtelnymi akcentami folkloru, co nadaje wn\u0119trzom niepowtarzalny charakter. W hotelu znajduj\u0105 si\u0119 eleganckie pokoje oraz luksusowe SPA oferuj\u0105ce zabiegi relaksacyjne i regeneracyjne. To doskona\u0142e miejsce na integracj\u0119 po intensywnych spotkaniach biznesowych, kt\u00f3re sprzyja budowaniu d\u0142ugotrwa\u0142ych relacji w zespole.<\/p>\n\n\n\n<figure class=\"wp-block-image size-full\"><a href=\"https:\/\/www.mojekonferencje.pl\/blog\/wp-content\/uploads\/2025\/04\/dsc-0663-960x580-1.png\"><img loading=\"lazy\" decoding=\"async\" width=\"960\" height=\"580\" src=\"https:\/\/www.mojekonferencje.pl\/blog\/wp-content\/uploads\/2025\/04\/dsc-0663-960x580-1.png\" alt=\"\" class=\"wp-image-6478 lazyload\" data-srcset=\"https:\/\/www.mojekonferencje.pl\/blog\/wp-content\/uploads\/2025\/04\/dsc-0663-960x580-1.png 960w, https:\/\/www.mojekonferencje.pl\/blog\/wp-content\/uploads\/2025\/04\/dsc-0663-960x580-1-300x181.png 300w, https:\/\/www.mojekonferencje.pl\/blog\/wp-content\/uploads\/2025\/04\/dsc-0663-960x580-1-768x464.png 768w\" sizes=\"auto\" \/><\/a><\/figure>\n\n\n\n<h2 class=\"wp-block-heading has-text-align-center\"><a href=\"https:\/\/www.mojekonferencje.pl\/chlewiska\/manor-house-spa-palac-odrowazow\"><mark style=\"background-color:rgba(0, 0, 0, 0)\" class=\"has-inline-color has-vivid-purple-color\"><span style=\"text-decoration: underline;\">Manor House SPA Pa\u0142ac Odrow\u0105\u017c\u00f3w Chlewiska<\/span><\/mark><\/a><\/h2>\n\n\n\n<p>W Chlewiskach znajduje si\u0119 <strong>Manor House SPA Pa\u0142ac Odrow\u0105\u017c\u00f3w<\/strong>. Miejsce to stworzone zosta\u0142o z my\u015bl\u0105 o wyjazdach integracyjnych. Hotel oferuje <strong>eleganckie sale konferencyjne<\/strong> w dworskim stylu, idealne zar\u00f3wno na kameralne spotkania, jak i wi\u0119ksze eventy do<strong> 150 os\u00f3b<\/strong> .Go\u015bcie mog\u0105 korzysta\u0107 z szerokiej oferty rekreacyjnej, w tym basen\u00f3w, saun, sesji w Chacie Solnej, a tak\u017ce \u0107wicze\u0144 na \u015bwie\u017cym powietrzu. W strefie SPA czekaj\u0105 zabiegi, kt\u00f3re sprzyjaj\u0105 regeneracji. To idealne miejsce, by na\u0142adowa\u0107 baterie i poprawi\u0107 wsp\u00f3\u0142prac\u0119 w zespole.<\/p>\n\n\n\n<figure class=\"wp-block-gallery has-nested-images columns-default is-cropped wp-block-gallery-2 is-layout-flex wp-block-gallery-is-layout-flex\">\n<figure class=\"wp-block-image size-large\"><a href=\"https:\/\/www.mojekonferencje.pl\/blog\/wp-content\/uploads\/2025\/04\/opis-1-960x580-1.png\"><img loading=\"lazy\" decoding=\"async\" width=\"960\" height=\"580\" data-id=\"6479\" src=\"https:\/\/www.mojekonferencje.pl\/blog\/wp-content\/uploads\/2025\/04\/opis-1-960x580-1.png\" alt=\"\" class=\"wp-image-6479 lazyload\" data-srcset=\"https:\/\/www.mojekonferencje.pl\/blog\/wp-content\/uploads\/2025\/04\/opis-1-960x580-1.png 960w, https:\/\/www.mojekonferencje.pl\/blog\/wp-content\/uploads\/2025\/04\/opis-1-960x580-1-300x181.png 300w, https:\/\/www.mojekonferencje.pl\/blog\/wp-content\/uploads\/2025\/04\/opis-1-960x580-1-768x464.png 768w\" sizes=\"auto\" \/><\/a><\/figure>\n<\/figure>\n\n\n\n<h2 class=\"wp-block-heading has-text-align-center\"><a href=\"https:\/\/www.mojekonferencje.pl\/warszawa\/palac-rozalin\"><mark style=\"background-color:rgba(0, 0, 0, 0)\" class=\"has-inline-color has-vivid-purple-color\"><span style=\"text-decoration: underline;\">Pa\u0142ac Rozalin<\/span><\/mark><\/a><\/h2>\n\n\n\n<p>Kolejnym obiektem jest <strong>Pa\u0142ac Rozalin<\/strong>, po\u0142o\u017cony na 24-hektarowym parku. Kompleks oferuje <strong>trzy przestrzenie konferencje<\/strong>: pa\u0142acow\u0105 Sal\u0119 G\u0142\u00f3wn\u0105 do 50 os\u00f3b, nowoczesny Namiot o pow. 700 m\u00b2 ze scen\u0105 oraz industrialn\u0105 Sal\u0119 w Oficynie (100 m\u00b2) z zapleczem kuchennym \u2013 idealne na konferencje, bankiety i warsztaty. W sk\u0142ad kompleksu pa\u0142acowego wchodzi butikowy hotel, kt\u00f3ry oferuje oko\u0142o<strong> 40 miejsc noclegowych<\/strong>. Pa\u0142ac zapewnia szeroki wachlarz us\u0142ug, kt\u00f3re doskonale sprzyjaj\u0105 integracji pracownik\u00f3w \u2013 od biesiad w 100-letniej izbie g\u00f3ralskiej po wieczorki tematyczne z muzyk\u0105 na \u017cywo. Du\u017ca przestrze\u0144 w parku pozwala na organizacj\u0119 piknik\u00f3w firmowych oraz event\u00f3w team buildingowych, kt\u00f3re umocni\u0105 relacje w zespole.<\/p>\n\n\n\n<figure class=\"wp-block-gallery has-nested-images columns-default is-cropped wp-block-gallery-3 is-layout-flex wp-block-gallery-is-layout-flex\">\n<figure class=\"wp-block-image size-large\"><a href=\"https:\/\/www.mojekonferencje.pl\/blog\/wp-content\/uploads\/2025\/04\/piknikrozalin2018-4101-1500x_.webp\"><img loading=\"lazy\" decoding=\"async\" width=\"1024\" height=\"683\" data-id=\"6480\" src=\"https:\/\/www.mojekonferencje.pl\/blog\/wp-content\/uploads\/2025\/04\/piknikrozalin2018-4101-1500x_-1024x683.webp\" alt=\"\" class=\"wp-image-6480 lazyload\" data-srcset=\"https:\/\/www.mojekonferencje.pl\/blog\/wp-content\/uploads\/2025\/04\/piknikrozalin2018-4101-1500x_-1024x683.webp 1024w, https:\/\/www.mojekonferencje.pl\/blog\/wp-content\/uploads\/2025\/04\/piknikrozalin2018-4101-1500x_-300x200.webp 300w, https:\/\/www.mojekonferencje.pl\/blog\/wp-content\/uploads\/2025\/04\/piknikrozalin2018-4101-1500x_-768x512.webp 768w, https:\/\/www.mojekonferencje.pl\/blog\/wp-content\/uploads\/2025\/04\/piknikrozalin2018-4101-1500x_.webp 1500w\" sizes=\"auto\" \/><\/a><\/figure>\n<\/figure>\n\n\n\n<h2 class=\"wp-block-heading has-text-align-center\"><a href=\"https:\/\/www.mojekonferencje.pl\/warszawa\/rancho-pod-bocianem\"><mark style=\"background-color:rgba(0, 0, 0, 0)\" class=\"has-inline-color has-vivid-purple-color\"><span style=\"text-decoration: underline;\">Rancho Pod Bocianem<\/span><\/mark><\/a><\/h2>\n\n\n\n<p>Nast\u0119pna propozycja <strong>Rancho Pod Bocianem<\/strong> to miejsce idealne na aktywny wypoczynek. Rancho pod Bocianem oferuje<strong> 8 sal konferencyjnych, w tym najwi\u0119ksz\u0105 na 300 os\u00f3b<\/strong>, idealnych na r\u00f3\u017cnej wielko\u015bci wydarzenia. Obiekt dysponuje 70 tematycznymi pokojami, zapewniaj\u0105cymi \u0142\u0105cznie <strong>180 miejsc noclegowych<\/strong> w komfortowych warunkach. Na 20-hektarowej przestrzeni znajduje si\u0119 park linowy, \u015bcianka wspinaczkowa, tor off-roadowy i strzelnica. Go\u015bcie mog\u0105 r\u00f3wnie\u017c skorzysta\u0107 z boisk sportowych, w\u0119dkowa\u0107 nad stawem lub uczestniczy\u0107 w biesiadach przy ognisku. Takie aktywno\u015bci idealnie sprzyjaj\u0105 integracji i wsp\u00f3\u0142pracy.<\/p>\n\n\n\n<figure class=\"wp-block-image size-full\"><a href=\"https:\/\/www.mojekonferencje.pl\/blog\/wp-content\/uploads\/2025\/04\/dm-wiatki-przy-modrzewiu-2-960x580-1.png\"><img loading=\"lazy\" decoding=\"async\" width=\"960\" height=\"580\" src=\"https:\/\/www.mojekonferencje.pl\/blog\/wp-content\/uploads\/2025\/04\/dm-wiatki-przy-modrzewiu-2-960x580-1.png\" alt=\"\" class=\"wp-image-6481 lazyload\" data-srcset=\"https:\/\/www.mojekonferencje.pl\/blog\/wp-content\/uploads\/2025\/04\/dm-wiatki-przy-modrzewiu-2-960x580-1.png 960w, https:\/\/www.mojekonferencje.pl\/blog\/wp-content\/uploads\/2025\/04\/dm-wiatki-przy-modrzewiu-2-960x580-1-300x181.png 300w, https:\/\/www.mojekonferencje.pl\/blog\/wp-content\/uploads\/2025\/04\/dm-wiatki-przy-modrzewiu-2-960x580-1-768x464.png 768w\" sizes=\"auto\" \/><\/a><\/figure>\n\n\n\n<h2 class=\"wp-block-heading has-text-align-center\"><a href=\"https:\/\/www.mojekonferencje.pl\/warszawa\/palac-alexandrinum\"><mark style=\"background-color:rgba(0, 0, 0, 0)\" class=\"has-inline-color has-vivid-purple-color\"><span style=\"text-decoration: underline;\">Hotel Pa\u0142ac Alexandrinum<\/span><\/mark><\/a><\/h2>\n\n\n\n<p>W <strong>Hotelu Pa\u0142ac Alexandrinum<\/strong> go\u015bcie biznesowi r\u00f3wnie\u017c mog\u0105 odpocz\u0105\u0107. Hotel oferuje r\u00f3\u017cnorodne sale eventowe, w tym sale konferencyjne oraz sal\u0119 VIP, kt\u00f3re mog\u0105 pomie\u015bci\u0107 <strong>do 180 os\u00f3b<\/strong>. Hotel Pa\u0142ac Alexandrinum dysponuje <strong>83 pokojami oraz 8 wolnostoj\u0105cymi domkami<\/strong>, rozmieszczonymi w pa\u0142acu, rezydencji oraz oddzielnych domkach. Obiekt zapewnia nie tylko relaks w luksusowym Spa &amp; Wellness, ale r\u00f3wnie\u017c szereg atrakcji, takich jak basen, sauny, \u0142a\u017anie parowe i jacuzzi. To doskona\u0142e miejsce na odpoczynek po intensywnych dniach konferencyjnych. Dla os\u00f3b szukaj\u0105cych nocnej zabawy, hotel oferuje klub nocny, kt\u00f3ry zapewni \u015bwietn\u0105 zabaw\u0119 i integracj\u0119 w lu\u017anej atmosferze. Tam pracownicy mog\u0105 si\u0119 zrelaksowa\u0107 i sp\u0119dzi\u0107 mi\u0142o czas w mniej formalnym klimacie.<\/p>\n\n\n\n<figure class=\"wp-block-gallery has-nested-images columns-default is-cropped wp-block-gallery-4 is-layout-flex wp-block-gallery-is-layout-flex\">\n<figure class=\"wp-block-image size-large\"><a href=\"https:\/\/www.mojekonferencje.pl\/blog\/wp-content\/uploads\/2025\/04\/1-960x580-1.webp\"><img loading=\"lazy\" decoding=\"async\" width=\"960\" height=\"580\" data-id=\"6482\" src=\"https:\/\/www.mojekonferencje.pl\/blog\/wp-content\/uploads\/2025\/04\/1-960x580-1.webp\" alt=\"\" class=\"wp-image-6482 lazyload\" data-srcset=\"https:\/\/www.mojekonferencje.pl\/blog\/wp-content\/uploads\/2025\/04\/1-960x580-1.webp 960w, https:\/\/www.mojekonferencje.pl\/blog\/wp-content\/uploads\/2025\/04\/1-960x580-1-300x181.webp 300w, https:\/\/www.mojekonferencje.pl\/blog\/wp-content\/uploads\/2025\/04\/1-960x580-1-768x464.webp 768w\" sizes=\"auto\" \/><\/a><\/figure>\n<\/figure>\n\n\n\n<h2 class=\"wp-block-heading has-text-align-center\"><a href=\"https:\/\/www.mojekonferencje.pl\/nasielsk\/nosselia\"><mark style=\"background-color:rgba(0, 0, 0, 0)\" class=\"has-inline-color has-vivid-purple-color\"><span style=\"text-decoration: underline;\">Hotel Nosselia<\/span><\/mark><\/a><\/h2>\n\n\n\n<p>Nast\u0119pny obiekt to <strong>Hotel Nosselia<\/strong>, po\u0142o\u017cony 40 minut od Warszawy. Jest to idealne miejsce na wyjazdy integracyjne. Nosselia dysponuje <strong>pi\u0119cioma salami konferencyjnymi<\/strong> o zr\u00f3\u017cnicowanej powierzchni. Dwie z nich (123 m\u00b2 i 66 m\u00b2) znajduj\u0105 si\u0119 w budynku Hotelu Nosselia, dwie (65 m\u00b2 i 30 m\u00b2) w Starej Szkole, a jedna w odrestaurowanej gospodzie Rybacz\u00f3wka. Obiekt oferuje <strong>140 miejsc noclegowych<\/strong> w pokojach jedno-, dwu-, trzy- i czteroosobowych z mo\u017cliwo\u015bci\u0105 dostawki. Pokoje znajduj\u0105 si\u0119 w pi\u0119ciu obiektach: Hotelu Nosselia, Domu Je\u017adzieckim, Ku\u017ani, Starej Szkole oraz gospodzie Rybacz\u00f3wka.<\/p>\n\n\n\n<p>Opr\u00f3cz szerokiej oferty aktywno\u015bci na \u015bwie\u017cym powietrzu \u2013 w\u0119dkowania, mini golfa, czy zjazd\u00f3w tyrolk\u0105 \u2013 oferuje tak\u017ce unikalne atrakcje, takie jak elektryczne deskorolki terenowe czy disc golf. To miejsce dla zespo\u0142\u00f3w, kt\u00f3re lubi\u0105 aktywno\u015b\u0107 fizyczn\u0105, jak i tych, kt\u00f3re szukaj\u0105 nowych wyzwa\u0144 i nie boj\u0105 si\u0119 pr\u00f3bowa\u0107 nowych rzeczy.<\/p>\n\n\n\n<figure class=\"wp-block-image size-full\"><a href=\"https:\/\/www.mojekonferencje.pl\/blog\/wp-content\/uploads\/2025\/04\/teren-2-960x580-1.webp\"><img loading=\"lazy\" decoding=\"async\" width=\"960\" height=\"580\" src=\"https:\/\/www.mojekonferencje.pl\/blog\/wp-content\/uploads\/2025\/04\/teren-2-960x580-1.webp\" alt=\"\" class=\"wp-image-6483 lazyload\" data-srcset=\"https:\/\/www.mojekonferencje.pl\/blog\/wp-content\/uploads\/2025\/04\/teren-2-960x580-1.webp 960w, https:\/\/www.mojekonferencje.pl\/blog\/wp-content\/uploads\/2025\/04\/teren-2-960x580-1-300x181.webp 300w, https:\/\/www.mojekonferencje.pl\/blog\/wp-content\/uploads\/2025\/04\/teren-2-960x580-1-768x464.webp 768w\" sizes=\"auto\" \/><\/a><\/figure>\n\n\n\n<h2 class=\"wp-block-heading has-text-align-center\"><mark style=\"background-color:rgba(0, 0, 0, 0)\" class=\"has-inline-color has-vivid-purple-color\"><span style=\"text-decoration: underline;\">Hotel Windsor w Jachrance nad Zegrzem<\/span><\/mark><\/h2>\n\n\n\n<p>Kolejn\u0105 propozycj\u0105 jest <strong>Hotel Windsor<\/strong>. Hotel posiada w swojej ofercie a\u017c<strong> 37 nowoczesnych sal konferencyjno-bankietowych<\/strong>. Baza noclegowa obejmuje<strong> 178 pokoi<\/strong>, kt\u00f3re mog\u0105 \u0142\u0105cznie pomie\u015bci\u0107 a\u017c <strong>421 go\u015bci<\/strong>. Hotel Windsor to obiekt, kt\u00f3ry oferuje szerok\u0105 gam\u0119 atrakcji na \u015bwie\u017cym powietrzu, w tym park linowy, kr\u0119gielni\u0119, dyskotek\u0119, ogniska oraz barbecue. Po\u0142o\u017cony blisko p\u00f3l golfowych i lotniska z aeroklubem, zapewnia niezapomniane wsp\u00f3lne chwile z dala od codziennych obowi\u0105zk\u00f3w.<\/p>\n\n\n\n<figure class=\"wp-block-gallery has-nested-images columns-default is-cropped wp-block-gallery-5 is-layout-flex wp-block-gallery-is-layout-flex\">\n<figure class=\"wp-block-image size-large\"><a href=\"https:\/\/www.mojekonferencje.pl\/blog\/wp-content\/uploads\/2025\/04\/hotel-z-gory-wysiegnik-8569-960x580-1.webp\"><img loading=\"lazy\" decoding=\"async\" width=\"960\" height=\"580\" data-id=\"6484\" src=\"https:\/\/www.mojekonferencje.pl\/blog\/wp-content\/uploads\/2025\/04\/hotel-z-gory-wysiegnik-8569-960x580-1.webp\" alt=\"\" class=\"wp-image-6484 lazyload\" data-srcset=\"https:\/\/www.mojekonferencje.pl\/blog\/wp-content\/uploads\/2025\/04\/hotel-z-gory-wysiegnik-8569-960x580-1.webp 960w, https:\/\/www.mojekonferencje.pl\/blog\/wp-content\/uploads\/2025\/04\/hotel-z-gory-wysiegnik-8569-960x580-1-300x181.webp 300w, https:\/\/www.mojekonferencje.pl\/blog\/wp-content\/uploads\/2025\/04\/hotel-z-gory-wysiegnik-8569-960x580-1-768x464.webp 768w\" sizes=\"auto\" \/><\/a><\/figure>\n<\/figure>\n\n\n\n<p>Nie ma jednego przepisu na udany wyjazd firmowy, ale s\u0105 miejsca, kt\u00f3re sprzyjaj\u0105 budowaniu relacji, kreatywno\u015bci i\u2026 po prostu fajnym wspomnieniom. Niezale\u017cnie od tego, czy Tw\u00f3j zesp\u00f3\u0142 to zapaleni sportowcy, marzyciele czy zadaniowcy \u2013 ka\u017cdy team znajdzie odpowiednie miejsce, kt\u00f3re pozwoli im z\u0142apa\u0107 wsp\u00f3lny rytm. A po dobrym wyje\u017adzie zesp\u00f3\u0142 b\u0119dzie chcia\u0142 wr\u00f3ci\u0107 nie tylko do pracy, ale r\u00f3wnie\u017c do siebie. Warto inwestowa\u0107 w integracj\u0119, bo efekty, jakie niesie ze sob\u0105 zgrany zesp\u00f3\u0142, s\u0105 bezcenne! Warto wybra\u0107 jeden z wy\u017cej zaprezentowanych obiekt\u00f3w. <\/p>\n\n\n\n<p>A je\u015bli zastanawiasz si\u0119, <a href=\"https:\/\/www.mojekonferencje.pl\/blog\/czy-warto-organizowac-integracje-dla-pracownikow\/\">dlaczego warto zorganizowa\u0107 integracj\u0119 dla pracownik\u00f3w<\/a>, to koniecznie poznaj nasze zdanie! Mo\u017ce przydadz\u0105 Ci si\u0119 gotowe argumenty, by przekona\u0107 szefa, \u017ce wyjazd integracyjny powinien mie\u0107 sta\u0142e miejsce w Waszym firmowym kalendarzu! \ud83d\ude42<\/p>\n","protected":false},"excerpt":{"rendered":"<p>Chcesz wzmocni\u0107 wsp\u00f3\u0142prac\u0119 w zespole? Postaw na wyjazd integracyjny! Sprawd\u017a hotele na Mazowszu, kt\u00f3re \u0142\u0105cz\u0105 biznes z odpoczynkiem.<\/p>\n","protected":false},"author":21,"featured_media":6490,"comment_status":"closed","ping_status":"closed","sticky":false,"template":"","format":"standard","meta":{"_acf_changed":false,"footnotes":""},"categories":[11,212],"tags":[271,371,353,373,26],"class_list":["post-6472","post","type-post","status-publish","format-standard","has-post-thumbnail","hentry","category-konferencyjny-relaks","category-travel","tag-hotele-konferencyjne","tag-integracja-pracownikow","tag-organizacja-imprez","tag-wojewodztwo-mazowieckie","tag-wypady-integracyjne"],"acf":[],"yoast_head":"<!-- This site is optimized with the Yoast SEO plugin v27.1.1 - https:\/\/yoast.com\/product\/yoast-seo-wordpress\/ -->\n<title>10 miejsc na wyjazd integracyjny, po kt\u00f3rym zesp\u00f3\u0142 b\u0119dzie chcia\u0142 pracowa\u0107 razem \u2013 wojew\u00f3dztwo mazowieckie\u00a0 - blog | MojeKonferencje.pl<\/title>\n<meta name=\"description\" content=\"10 miejsc na wyjazd integracyjny, po kt\u00f3rym zesp\u00f3\u0142 b\u0119dzie chcia\u0142 pracowa\u0107 razem \u2013 wojew\u00f3dztwo mazowieckie\u00a0 - blog | MojeKonferencje.pl\" \/>\n<meta name=\"robots\" content=\"index, follow, max-snippet:-1, max-image-preview:large, max-video-preview:-1\" \/>\n<link rel=\"canonical\" href=\"https:\/\/www.mojekonferencje.pl\/blog\/10-miejsc-na-wyjazd-integracyjny-po-ktorym-zespol-bedzie-chcial-pracowac-razem-wojewodztwo-mazowieckie\/\" \/>\n<meta property=\"og:locale\" content=\"pl_PL\" \/>\n<meta property=\"og:type\" content=\"article\" \/>\n<meta property=\"og:title\" content=\"10 miejsc na wyjazd integracyjny, po kt\u00f3rym zesp\u00f3\u0142 b\u0119dzie chcia\u0142 pracowa\u0107 razem \u2013 wojew\u00f3dztwo mazowieckie\u00a0 - blog | MojeKonferencje.pl\" \/>\n<meta property=\"og:description\" content=\"10 miejsc na wyjazd integracyjny, po kt\u00f3rym zesp\u00f3\u0142 b\u0119dzie chcia\u0142 pracowa\u0107 razem \u2013 wojew\u00f3dztwo mazowieckie\u00a0 - blog | MojeKonferencje.pl\" \/>\n<meta property=\"og:url\" content=\"https:\/\/www.mojekonferencje.pl\/blog\/10-miejsc-na-wyjazd-integracyjny-po-ktorym-zespol-bedzie-chcial-pracowac-razem-wojewodztwo-mazowieckie\/\" \/>\n<meta property=\"og:site_name\" content=\"MojeKonferencje.pl\" \/>\n<meta property=\"article:published_time\" content=\"2025-04-11T08:31:56+00:00\" \/>\n<meta property=\"article:modified_time\" content=\"2025-04-22T21:14:08+00:00\" \/>\n<meta property=\"og:image\" content=\"https:\/\/www.mojekonferencje.pl\/blog\/wp-content\/uploads\/2025\/04\/gotowy-obrazek.jpg\" \/>\n\t<meta property=\"og:image:width\" content=\"1200\" \/>\n\t<meta property=\"og:image:height\" content=\"720\" \/>\n\t<meta property=\"og:image:type\" content=\"image\/jpeg\" \/>\n<meta name=\"author\" content=\"Julia Gadomska\" \/>\n<meta name=\"twitter:card\" content=\"summary_large_image\" \/>\n<meta name=\"twitter:label1\" content=\"Napisane przez\" \/>\n\t<meta name=\"twitter:data1\" content=\"Julia Gadomska\" \/>\n\t<meta name=\"twitter:label2\" content=\"Szacowany czas czytania\" \/>\n\t<meta name=\"twitter:data2\" content=\"10 minut\" \/>\n<script type=\"application\/ld+json\" class=\"yoast-schema-graph\">{\"@context\":\"https:\/\/schema.org\",\"@graph\":[{\"@type\":\"Article\",\"@id\":\"https:\/\/www.mojekonferencje.pl\/blog\/10-miejsc-na-wyjazd-integracyjny-po-ktorym-zespol-bedzie-chcial-pracowac-razem-wojewodztwo-mazowieckie\/#article\",\"isPartOf\":{\"@id\":\"https:\/\/www.mojekonferencje.pl\/blog\/10-miejsc-na-wyjazd-integracyjny-po-ktorym-zespol-bedzie-chcial-pracowac-razem-wojewodztwo-mazowieckie\/\"},\"author\":{\"name\":\"Julia Gadomska\",\"@id\":\"https:\/\/www.mojekonferencje.pl\/blog\/#\/schema\/person\/7d6985dc3741882ea12e03b1c3997043\"},\"headline\":\"10 miejsc na wyjazd integracyjny, po kt\u00f3rym zesp\u00f3\u0142 b\u0119dzie chcia\u0142 pracowa\u0107 razem \u2013 wojew\u00f3dztwo mazowieckie\u00a0\",\"datePublished\":\"2025-04-11T08:31:56+00:00\",\"dateModified\":\"2025-04-22T21:14:08+00:00\",\"mainEntityOfPage\":{\"@id\":\"https:\/\/www.mojekonferencje.pl\/blog\/10-miejsc-na-wyjazd-integracyjny-po-ktorym-zespol-bedzie-chcial-pracowac-razem-wojewodztwo-mazowieckie\/\"},\"wordCount\":1484,\"image\":{\"@id\":\"https:\/\/www.mojekonferencje.pl\/blog\/10-miejsc-na-wyjazd-integracyjny-po-ktorym-zespol-bedzie-chcial-pracowac-razem-wojewodztwo-mazowieckie\/#primaryimage\"},\"thumbnailUrl\":\"https:\/\/www.mojekonferencje.pl\/blog\/wp-content\/uploads\/2025\/04\/gotowy-obrazek.jpg\",\"keywords\":[\"hotele konferencyjne\",\"integracja pracownik\u00f3w\",\"organizacja imprez\",\"wojew\u00f3dztwo mazowieckie\",\"wypady integracyjne\"],\"articleSection\":[\"Konferencyjny relaks\",\"Travel\"],\"inLanguage\":\"pl-PL\"},{\"@type\":\"WebPage\",\"@id\":\"https:\/\/www.mojekonferencje.pl\/blog\/10-miejsc-na-wyjazd-integracyjny-po-ktorym-zespol-bedzie-chcial-pracowac-razem-wojewodztwo-mazowieckie\/\",\"url\":\"https:\/\/www.mojekonferencje.pl\/blog\/10-miejsc-na-wyjazd-integracyjny-po-ktorym-zespol-bedzie-chcial-pracowac-razem-wojewodztwo-mazowieckie\/\",\"name\":\"10 miejsc na wyjazd integracyjny, po kt\u00f3rym zesp\u00f3\u0142 b\u0119dzie chcia\u0142 pracowa\u0107 razem \u2013 wojew\u00f3dztwo mazowieckie\u00a0 - blog | MojeKonferencje.pl\",\"isPartOf\":{\"@id\":\"https:\/\/www.mojekonferencje.pl\/blog\/#website\"},\"primaryImageOfPage\":{\"@id\":\"https:\/\/www.mojekonferencje.pl\/blog\/10-miejsc-na-wyjazd-integracyjny-po-ktorym-zespol-bedzie-chcial-pracowac-razem-wojewodztwo-mazowieckie\/#primaryimage\"},\"image\":{\"@id\":\"https:\/\/www.mojekonferencje.pl\/blog\/10-miejsc-na-wyjazd-integracyjny-po-ktorym-zespol-bedzie-chcial-pracowac-razem-wojewodztwo-mazowieckie\/#primaryimage\"},\"thumbnailUrl\":\"https:\/\/www.mojekonferencje.pl\/blog\/wp-content\/uploads\/2025\/04\/gotowy-obrazek.jpg\",\"datePublished\":\"2025-04-11T08:31:56+00:00\",\"dateModified\":\"2025-04-22T21:14:08+00:00\",\"author\":{\"@id\":\"https:\/\/www.mojekonferencje.pl\/blog\/#\/schema\/person\/7d6985dc3741882ea12e03b1c3997043\"},\"description\":\"10 miejsc na wyjazd integracyjny, po kt\u00f3rym zesp\u00f3\u0142 b\u0119dzie chcia\u0142 pracowa\u0107 razem \u2013 wojew\u00f3dztwo mazowieckie\u00a0 - blog | MojeKonferencje.pl\",\"breadcrumb\":{\"@id\":\"https:\/\/www.mojekonferencje.pl\/blog\/10-miejsc-na-wyjazd-integracyjny-po-ktorym-zespol-bedzie-chcial-pracowac-razem-wojewodztwo-mazowieckie\/#breadcrumb\"},\"inLanguage\":\"pl-PL\",\"potentialAction\":[{\"@type\":\"ReadAction\",\"target\":[\"https:\/\/www.mojekonferencje.pl\/blog\/10-miejsc-na-wyjazd-integracyjny-po-ktorym-zespol-bedzie-chcial-pracowac-razem-wojewodztwo-mazowieckie\/\"]}]},{\"@type\":\"ImageObject\",\"inLanguage\":\"pl-PL\",\"@id\":\"https:\/\/www.mojekonferencje.pl\/blog\/10-miejsc-na-wyjazd-integracyjny-po-ktorym-zespol-bedzie-chcial-pracowac-razem-wojewodztwo-mazowieckie\/#primaryimage\",\"url\":\"https:\/\/www.mojekonferencje.pl\/blog\/wp-content\/uploads\/2025\/04\/gotowy-obrazek.jpg\",\"contentUrl\":\"https:\/\/www.mojekonferencje.pl\/blog\/wp-content\/uploads\/2025\/04\/gotowy-obrazek.jpg\",\"width\":1200,\"height\":720},{\"@type\":\"BreadcrumbList\",\"@id\":\"https:\/\/www.mojekonferencje.pl\/blog\/10-miejsc-na-wyjazd-integracyjny-po-ktorym-zespol-bedzie-chcial-pracowac-razem-wojewodztwo-mazowieckie\/#breadcrumb\",\"itemListElement\":[{\"@type\":\"ListItem\",\"position\":1,\"name\":\"Strona g\u0142\u00f3wna\",\"item\":\"https:\/\/www.mojekonferencje.pl\/blog\/\"},{\"@type\":\"ListItem\",\"position\":2,\"name\":\"10 miejsc na wyjazd integracyjny, po kt\u00f3rym zesp\u00f3\u0142 b\u0119dzie chcia\u0142 pracowa\u0107 razem \u2013 wojew\u00f3dztwo mazowieckie\u00a0\"}]},{\"@type\":\"WebSite\",\"@id\":\"https:\/\/www.mojekonferencje.pl\/blog\/#website\",\"url\":\"https:\/\/www.mojekonferencje.pl\/blog\/\",\"name\":\"MojeKonferencje.pl\",\"description\":\"Blog bran\u017cy szkoleniowo-konferencyjnej. W\u0142\u0105cz si\u0119 do dyskusji o obiektach konferencyjnych i nowo\u015bciach z bran\u017cy! Poznaj porady odno\u015bnie organizacji konferencji, szkole\u0144 i event\u00f3w firmowych! Zach\u0119camy do wyra\u017cania opinii oraz komentarzy.\",\"potentialAction\":[{\"@type\":\"SearchAction\",\"target\":{\"@type\":\"EntryPoint\",\"urlTemplate\":\"https:\/\/www.mojekonferencje.pl\/blog\/?s={search_term_string}\"},\"query-input\":{\"@type\":\"PropertyValueSpecification\",\"valueRequired\":true,\"valueName\":\"search_term_string\"}}],\"inLanguage\":\"pl-PL\"},{\"@type\":\"Person\",\"@id\":\"https:\/\/www.mojekonferencje.pl\/blog\/#\/schema\/person\/7d6985dc3741882ea12e03b1c3997043\",\"name\":\"Julia Gadomska\",\"url\":\"https:\/\/www.mojekonferencje.pl\/blog\/author\/julia-gadomska\/\"}]}<\/script>\n<!-- \/ Yoast SEO plugin. -->","yoast_head_json":{"title":"10 miejsc na wyjazd integracyjny, po kt\u00f3rym zesp\u00f3\u0142 b\u0119dzie chcia\u0142 pracowa\u0107 razem \u2013 wojew\u00f3dztwo mazowieckie\u00a0 - blog | MojeKonferencje.pl","description":"10 miejsc na wyjazd integracyjny, po kt\u00f3rym zesp\u00f3\u0142 b\u0119dzie chcia\u0142 pracowa\u0107 razem \u2013 wojew\u00f3dztwo mazowieckie\u00a0 - blog | MojeKonferencje.pl","robots":{"index":"index","follow":"follow","max-snippet":"max-snippet:-1","max-image-preview":"max-image-preview:large","max-video-preview":"max-video-preview:-1"},"canonical":"https:\/\/www.mojekonferencje.pl\/blog\/10-miejsc-na-wyjazd-integracyjny-po-ktorym-zespol-bedzie-chcial-pracowac-razem-wojewodztwo-mazowieckie\/","og_locale":"pl_PL","og_type":"article","og_title":"10 miejsc na wyjazd integracyjny, po kt\u00f3rym zesp\u00f3\u0142 b\u0119dzie chcia\u0142 pracowa\u0107 razem \u2013 wojew\u00f3dztwo mazowieckie\u00a0 - blog | MojeKonferencje.pl","og_description":"10 miejsc na wyjazd integracyjny, po kt\u00f3rym zesp\u00f3\u0142 b\u0119dzie chcia\u0142 pracowa\u0107 razem \u2013 wojew\u00f3dztwo mazowieckie\u00a0 - blog | MojeKonferencje.pl","og_url":"https:\/\/www.mojekonferencje.pl\/blog\/10-miejsc-na-wyjazd-integracyjny-po-ktorym-zespol-bedzie-chcial-pracowac-razem-wojewodztwo-mazowieckie\/","og_site_name":"MojeKonferencje.pl","article_published_time":"2025-04-11T08:31:56+00:00","article_modified_time":"2025-04-22T21:14:08+00:00","og_image":[{"width":1200,"height":720,"url":"https:\/\/www.mojekonferencje.pl\/blog\/wp-content\/uploads\/2025\/04\/gotowy-obrazek.jpg","type":"image\/jpeg"}],"author":"Julia Gadomska","twitter_card":"summary_large_image","twitter_misc":{"Napisane przez":"Julia Gadomska","Szacowany czas czytania":"10 minut"},"schema":{"@context":"https:\/\/schema.org","@graph":[{"@type":"Article","@id":"https:\/\/www.mojekonferencje.pl\/blog\/10-miejsc-na-wyjazd-integracyjny-po-ktorym-zespol-bedzie-chcial-pracowac-razem-wojewodztwo-mazowieckie\/#article","isPartOf":{"@id":"https:\/\/www.mojekonferencje.pl\/blog\/10-miejsc-na-wyjazd-integracyjny-po-ktorym-zespol-bedzie-chcial-pracowac-razem-wojewodztwo-mazowieckie\/"},"author":{"name":"Julia Gadomska","@id":"https:\/\/www.mojekonferencje.pl\/blog\/#\/schema\/person\/7d6985dc3741882ea12e03b1c3997043"},"headline":"10 miejsc na wyjazd integracyjny, po kt\u00f3rym zesp\u00f3\u0142 b\u0119dzie chcia\u0142 pracowa\u0107 razem \u2013 wojew\u00f3dztwo mazowieckie\u00a0","datePublished":"2025-04-11T08:31:56+00:00","dateModified":"2025-04-22T21:14:08+00:00","mainEntityOfPage":{"@id":"https:\/\/www.mojekonferencje.pl\/blog\/10-miejsc-na-wyjazd-integracyjny-po-ktorym-zespol-bedzie-chcial-pracowac-razem-wojewodztwo-mazowieckie\/"},"wordCount":1484,"image":{"@id":"https:\/\/www.mojekonferencje.pl\/blog\/10-miejsc-na-wyjazd-integracyjny-po-ktorym-zespol-bedzie-chcial-pracowac-razem-wojewodztwo-mazowieckie\/#primaryimage"},"thumbnailUrl":"https:\/\/www.mojekonferencje.pl\/blog\/wp-content\/uploads\/2025\/04\/gotowy-obrazek.jpg","keywords":["hotele konferencyjne","integracja pracownik\u00f3w","organizacja imprez","wojew\u00f3dztwo mazowieckie","wypady integracyjne"],"articleSection":["Konferencyjny relaks","Travel"],"inLanguage":"pl-PL"},{"@type":"WebPage","@id":"https:\/\/www.mojekonferencje.pl\/blog\/10-miejsc-na-wyjazd-integracyjny-po-ktorym-zespol-bedzie-chcial-pracowac-razem-wojewodztwo-mazowieckie\/","url":"https:\/\/www.mojekonferencje.pl\/blog\/10-miejsc-na-wyjazd-integracyjny-po-ktorym-zespol-bedzie-chcial-pracowac-razem-wojewodztwo-mazowieckie\/","name":"10 miejsc na wyjazd integracyjny, po kt\u00f3rym zesp\u00f3\u0142 b\u0119dzie chcia\u0142 pracowa\u0107 razem \u2013 wojew\u00f3dztwo mazowieckie\u00a0 - blog | MojeKonferencje.pl","isPartOf":{"@id":"https:\/\/www.mojekonferencje.pl\/blog\/#website"},"primaryImageOfPage":{"@id":"https:\/\/www.mojekonferencje.pl\/blog\/10-miejsc-na-wyjazd-integracyjny-po-ktorym-zespol-bedzie-chcial-pracowac-razem-wojewodztwo-mazowieckie\/#primaryimage"},"image":{"@id":"https:\/\/www.mojekonferencje.pl\/blog\/10-miejsc-na-wyjazd-integracyjny-po-ktorym-zespol-bedzie-chcial-pracowac-razem-wojewodztwo-mazowieckie\/#primaryimage"},"thumbnailUrl":"https:\/\/www.mojekonferencje.pl\/blog\/wp-content\/uploads\/2025\/04\/gotowy-obrazek.jpg","datePublished":"2025-04-11T08:31:56+00:00","dateModified":"2025-04-22T21:14:08+00:00","author":{"@id":"https:\/\/www.mojekonferencje.pl\/blog\/#\/schema\/person\/7d6985dc3741882ea12e03b1c3997043"},"description":"10 miejsc na wyjazd integracyjny, po kt\u00f3rym zesp\u00f3\u0142 b\u0119dzie chcia\u0142 pracowa\u0107 razem \u2013 wojew\u00f3dztwo mazowieckie\u00a0 - blog | MojeKonferencje.pl","breadcrumb":{"@id":"https:\/\/www.mojekonferencje.pl\/blog\/10-miejsc-na-wyjazd-integracyjny-po-ktorym-zespol-bedzie-chcial-pracowac-razem-wojewodztwo-mazowieckie\/#breadcrumb"},"inLanguage":"pl-PL","potentialAction":[{"@type":"ReadAction","target":["https:\/\/www.mojekonferencje.pl\/blog\/10-miejsc-na-wyjazd-integracyjny-po-ktorym-zespol-bedzie-chcial-pracowac-razem-wojewodztwo-mazowieckie\/"]}]},{"@type":"ImageObject","inLanguage":"pl-PL","@id":"https:\/\/www.mojekonferencje.pl\/blog\/10-miejsc-na-wyjazd-integracyjny-po-ktorym-zespol-bedzie-chcial-pracowac-razem-wojewodztwo-mazowieckie\/#primaryimage","url":"https:\/\/www.mojekonferencje.pl\/blog\/wp-content\/uploads\/2025\/04\/gotowy-obrazek.jpg","contentUrl":"https:\/\/www.mojekonferencje.pl\/blog\/wp-content\/uploads\/2025\/04\/gotowy-obrazek.jpg","width":1200,"height":720},{"@type":"BreadcrumbList","@id":"https:\/\/www.mojekonferencje.pl\/blog\/10-miejsc-na-wyjazd-integracyjny-po-ktorym-zespol-bedzie-chcial-pracowac-razem-wojewodztwo-mazowieckie\/#breadcrumb","itemListElement":[{"@type":"ListItem","position":1,"name":"Strona g\u0142\u00f3wna","item":"https:\/\/www.mojekonferencje.pl\/blog\/"},{"@type":"ListItem","position":2,"name":"10 miejsc na wyjazd integracyjny, po kt\u00f3rym zesp\u00f3\u0142 b\u0119dzie chcia\u0142 pracowa\u0107 razem \u2013 wojew\u00f3dztwo mazowieckie\u00a0"}]},{"@type":"WebSite","@id":"https:\/\/www.mojekonferencje.pl\/blog\/#website","url":"https:\/\/www.mojekonferencje.pl\/blog\/","name":"MojeKonferencje.pl","description":"Blog bran\u017cy szkoleniowo-konferencyjnej. W\u0142\u0105cz si\u0119 do dyskusji o obiektach konferencyjnych i nowo\u015bciach z bran\u017cy! Poznaj porady odno\u015bnie organizacji konferencji, szkole\u0144 i event\u00f3w firmowych! Zach\u0119camy do wyra\u017cania opinii oraz komentarzy.","potentialAction":[{"@type":"SearchAction","target":{"@type":"EntryPoint","urlTemplate":"https:\/\/www.mojekonferencje.pl\/blog\/?s={search_term_string}"},"query-input":{"@type":"PropertyValueSpecification","valueRequired":true,"valueName":"search_term_string"}}],"inLanguage":"pl-PL"},{"@type":"Person","@id":"https:\/\/www.mojekonferencje.pl\/blog\/#\/schema\/person\/7d6985dc3741882ea12e03b1c3997043","name":"Julia Gadomska","url":"https:\/\/www.mojekonferencje.pl\/blog\/author\/julia-gadomska\/"}]}},"_links":{"self":[{"href":"https:\/\/www.mojekonferencje.pl\/blog\/wp-json\/wp\/v2\/posts\/6472","targetHints":{"allow":["GET"]}}],"collection":[{"href":"https:\/\/www.mojekonferencje.pl\/blog\/wp-json\/wp\/v2\/posts"}],"about":[{"href":"https:\/\/www.mojekonferencje.pl\/blog\/wp-json\/wp\/v2\/types\/post"}],"author":[{"embeddable":true,"href":"https:\/\/www.mojekonferencje.pl\/blog\/wp-json\/wp\/v2\/users\/21"}],"replies":[{"embeddable":true,"href":"https:\/\/www.mojekonferencje.pl\/blog\/wp-json\/wp\/v2\/comments?post=6472"}],"version-history":[{"count":16,"href":"https:\/\/www.mojekonferencje.pl\/blog\/wp-json\/wp\/v2\/posts\/6472\/revisions"}],"predecessor-version":[{"id":6638,"href":"https:\/\/www.mojekonferencje.pl\/blog\/wp-json\/wp\/v2\/posts\/6472\/revisions\/6638"}],"wp:featuredmedia":[{"embeddable":true,"href":"https:\/\/www.mojekonferencje.pl\/blog\/wp-json\/wp\/v2\/media\/6490"}],"wp:attachment":[{"href":"https:\/\/www.mojekonferencje.pl\/blog\/wp-json\/wp\/v2\/media?parent=6472"}],"wp:term":[{"taxonomy":"category","embeddable":true,"href":"https:\/\/www.mojekonferencje.pl\/blog\/wp-json\/wp\/v2\/categories?post=6472"},{"taxonomy":"post_tag","embeddable":true,"href":"https:\/\/www.mojekonferencje.pl\/blog\/wp-json\/wp\/v2\/tags?post=6472"}],"curies":[{"name":"wp","href":"https:\/\/api.w.org\/{rel}","templated":true}]}}