{"id":6620,"date":"2025-04-23T12:03:00","date_gmt":"2025-04-23T10:03:00","guid":{"rendered":"https:\/\/www.mojekonferencje.pl\/blog\/?p=6620"},"modified":"2025-04-28T10:55:40","modified_gmt":"2025-04-28T08:55:40","slug":"zabytkowe-obiekty-na-spotkania-biznesowe-w-krakowie-i-okolicach","status":"publish","type":"post","link":"https:\/\/www.mojekonferencje.pl\/blog\/zabytkowe-obiekty-na-spotkania-biznesowe-w-krakowie-i-okolicach\/","title":{"rendered":"Zabytkowe obiekty na spotkania biznesowe w Krakowie i okolicach"},"content":{"rendered":"\n<p>Krak\u00f3w i jego okolice to nie tylko per\u0142a polskiej historii i kultury, ale tak\u017ce doskona\u0142e miejsce do organizacji presti\u017cowych wydarze\u0144 biznesowych. Spotkania w otoczeniu zabytkowych mur\u00f3w zyskuj\u0105 wyj\u0105tkow\u0105 opraw\u0119, kt\u00f3ra sprzyja budowaniu relacji, kreatywno\u015bci i koncentracji. W regionie znale\u017a\u0107 mo\u017cna wiele niezwyk\u0142ych obiekt\u00f3w, kt\u00f3re \u0142\u0105cz\u0105 histori\u0119 z nowoczesn\u0105 infrastruktur\u0105 konferencyjn\u0105.<\/p>\n\n\n\n<p>Odkryj <a href=\"https:\/\/www.mojekonferencje.pl\/sale-konferencyjne-krakow\">najpi\u0119kniejsze zabytkowe obiekty Krakowa i okolic<\/a> \u2013 miejsca, kt\u00f3re zachwycaj\u0105 histori\u0105, architektur\u0105 i niepowtarzalnym klimatem. Przedstawiamy list\u0119 wyj\u0105tkowych zabytk\u00f3w, kt\u00f3re warto odwiedzi\u0107 podczas pobytu w Ma\u0142opolsce:<\/p>\n\n\n\n<figure class=\"wp-block-table\"><table class=\"has-fixed-layout\"><tbody><tr><td><a href=\"https:\/\/www.mojekonferencje.pl\/krakow\/krakowskie-centrum-konferencyjne-dwor-w-tomaszowicach\">Dw\u00f3r w Tomaszowicach<\/a><\/td><td><a href=\"https:\/\/www.mojekonferencje.pl\/krakow\/stara-zajezdnia-krakow-by-desilva\">Stara Zajezdnia Krak\u00f3w by DeSilva<\/a><\/td><\/tr><tr><td><a href=\"https:\/\/www.mojekonferencje.pl\/krakow\/autograph-collection-stradom-house\">Stradom House, Autograph Collection<\/a><\/td><td><a href=\"https:\/\/www.mojekonferencje.pl\/krakow\/rubinstein-hotel\">Rubinstein Hotel<\/a><\/td><\/tr><tr><td><a href=\"https:\/\/www.mojekonferencje.pl\/wieliczka\/kopalnia-soli-wieliczka\">Kopalnia Soli &#8222;Wieliczka&#8221;<\/a><\/td><td><a href=\"https:\/\/www.mojekonferencje.pl\/bochnia\/kopalnia-soli-bochnia\">Kopalnia Soli Bochnia<\/a><\/td><\/tr><tr><td><a href=\"https:\/\/www.mojekonferencje.pl\/krakow\/muzeum-sztuki-i-techniki-japonskiej-manggha\">Muzeum Sztuki i Techniki Japo\u0144skiej Manggha<\/a><\/td><td><\/td><\/tr><\/tbody><\/table><\/figure>\n\n\n\n<h2 class=\"wp-block-heading has-text-align-center\"><a href=\"https:\/\/www.mojekonferencje.pl\/krakow\/krakowskie-centrum-konferencyjne-dwor-w-tomaszowicach\"><mark style=\"background-color:rgba(0, 0, 0, 0)\" class=\"has-inline-color has-vivid-purple-color\"><span style=\"text-decoration: underline;\">Dw\u00f3r w Tomaszowicach<\/span><\/mark><\/a><\/h2>\n\n\n\n<p>Zaledwie 12 km od centrum Krakowa znajduje si\u0119 malowniczy <strong>Dw\u00f3r w Tomaszowicach,<\/strong> po\u0142o\u017cony w XIX-wiecznym zespole dworsko-parkowym. To idealna przestrze\u0144 na konferencje, szkolenia czy eventy firmowe w zabytkowej, a zarazem eleganckiej scenerii. Obiekt dysponuje <strong>8 jasnymi i przestronnymi salami konferencyjnymi<\/strong> o \u0142\u0105cznej powierzchni 1600 mkw, kt\u00f3re doskonale sprawdz\u0105 si\u0119 zar\u00f3wno podczas du\u017cych konferencji, jak i kameralnych szkole\u0144.<\/p>\n\n\n\n<p>Do dyspozycji go\u015bci przygotowano <strong>40 komfortowych pokoi <\/strong>jedno-, dwu- i trzyosobowych oraz studio. Ka\u017cde wn\u0119trze urz\u0105dzono w eleganckim stylu z nawi\u0105zaniem do historycznego charakteru budynku, oferuj\u0105c prywatn\u0105 \u0142azienk\u0119, wygodne meble i niezb\u0119dne udogodnienia.<\/p>\n\n\n\n<p>Na terenie obiektu dzia\u0142a r\u00f3wnie\u017c <strong>Restauracja Nowy Spichlerz<\/strong> \u2013 klimatyczne miejsce serwuj\u0105ce dania kuchni polskiej i europejskiej. W sezonie letnim go\u015bcie mog\u0105 korzysta\u0107 z tarasu. Restauracja jest natomiast  idealnym miejscem do organizacji firmowych obiad\u00f3w, spotka\u0144 integracyjnych czy imprez okoliczno\u015bciowych.<\/p>\n\n\n\n<figure class=\"wp-block-image size-full\"><a href=\"https:\/\/www.mojekonferencje.pl\/blog\/wp-content\/uploads\/2025\/04\/zrzut-ekranu-2025-02-18-o-12-20-09-960x580-1.webp\"><img loading=\"lazy\" decoding=\"async\" width=\"960\" height=\"580\" src=\"https:\/\/www.mojekonferencje.pl\/blog\/wp-content\/uploads\/2025\/04\/zrzut-ekranu-2025-02-18-o-12-20-09-960x580-1.webp\" alt=\"\" class=\"wp-image-6621 lazyload\" data-srcset=\"https:\/\/www.mojekonferencje.pl\/blog\/wp-content\/uploads\/2025\/04\/zrzut-ekranu-2025-02-18-o-12-20-09-960x580-1.webp 960w, https:\/\/www.mojekonferencje.pl\/blog\/wp-content\/uploads\/2025\/04\/zrzut-ekranu-2025-02-18-o-12-20-09-960x580-1-300x181.webp 300w, https:\/\/www.mojekonferencje.pl\/blog\/wp-content\/uploads\/2025\/04\/zrzut-ekranu-2025-02-18-o-12-20-09-960x580-1-768x464.webp 768w\" sizes=\"auto\" \/><\/a><\/figure>\n\n\n\n<h2 class=\"wp-block-heading has-text-align-center\"><a href=\"https:\/\/www.mojekonferencje.pl\/krakow\/stara-zajezdnia-krakow-by-desilva\"><mark style=\"background-color:rgba(0, 0, 0, 0)\" class=\"has-inline-color has-vivid-purple-color\"><span style=\"text-decoration: underline;\">Stara Zajezdnia Krak\u00f3w by DeSilva<\/span><\/mark><\/a><\/h2>\n\n\n\n<p>Po\u0142o\u017cona w dzielnicy Kazimierz <strong>Stara Zajezdnia Krak\u00f3w by DeSilva<\/strong> to wyj\u0105tkowy obiekt konferencyjno-eventowy, kt\u00f3ry powsta\u0142 w odrestaurowanym budynku dawnej zajezdni tramwajowej.<\/p>\n\n\n\n<p>G\u0142\u00f3wn\u0105 przestrzeni\u0105 jest imponuj\u0105ca <strong>Hala Piwna,<\/strong> mog\u0105ca pomie\u015bci\u0107 do<strong> 1200 os\u00f3b<\/strong>. Jej elastyczny uk\u0142ad i profesjonalne wyposa\u017cenie (m.in. ekran ADEO FramePro, projektor laserowy NEC, monitor LCD) umo\u017cliwiaj\u0105 organizacj\u0119 r\u00f3\u017cnorodnych wydarze\u0144 \u2013 od galowych kolacji po dynamiczne standing party.<\/p>\n\n\n\n<p>Obiekt oferuje tak\u017ce kameralne wn\u0119trza Restauracji Tramwajowej z trzema odr\u0119bnymi salami \u2013<strong> Du\u017cy Tramwaj (do 120 os\u00f3b), Ma\u0142y Tramwaj (do 55 os\u00f3b) i Sala Barowa (do 50 os\u00f3b)<\/strong> \u2013 kt\u00f3re sprawdzaj\u0105 si\u0119 przy mniejszych eventach. Uzupe\u0142nieniem oferty jest przestronny dziedziniec, idealny na imprezy plenerowe nawet do 1000 uczestnik\u00f3w.<\/p>\n\n\n\n<p>Dope\u0142nieniem ka\u017cdego wydarzenia s\u0105 us\u0142ugi gastronomiczne na najwy\u017cszym poziomie. Us\u0142ugi gastronomiczne z sezonowym menu i cateringiem na wysokim poziomie gwarantuj\u0105 wyj\u0105tkowe smaki i pe\u0142en komfort organizacyjny.<\/p>\n\n\n\n<figure class=\"wp-block-image size-full\"><a href=\"https:\/\/www.mojekonferencje.pl\/blog\/wp-content\/uploads\/2025\/04\/05-stara-zajezdnia-krakow-fotografia-reklamowa-dziedzic-960x580-1.webp\"><img loading=\"lazy\" decoding=\"async\" width=\"960\" height=\"580\" src=\"https:\/\/www.mojekonferencje.pl\/blog\/wp-content\/uploads\/2025\/04\/05-stara-zajezdnia-krakow-fotografia-reklamowa-dziedzic-960x580-1.webp\" alt=\"\" class=\"wp-image-6622 lazyload\" data-srcset=\"https:\/\/www.mojekonferencje.pl\/blog\/wp-content\/uploads\/2025\/04\/05-stara-zajezdnia-krakow-fotografia-reklamowa-dziedzic-960x580-1.webp 960w, https:\/\/www.mojekonferencje.pl\/blog\/wp-content\/uploads\/2025\/04\/05-stara-zajezdnia-krakow-fotografia-reklamowa-dziedzic-960x580-1-300x181.webp 300w, https:\/\/www.mojekonferencje.pl\/blog\/wp-content\/uploads\/2025\/04\/05-stara-zajezdnia-krakow-fotografia-reklamowa-dziedzic-960x580-1-768x464.webp 768w\" sizes=\"auto\" \/><\/a><\/figure>\n\n\n\n<h2 class=\"wp-block-heading has-text-align-center\"><a href=\"https:\/\/www.mojekonferencje.pl\/krakow\/autograph-collection-stradom-house\"><mark style=\"background-color:rgba(0, 0, 0, 0)\" class=\"has-inline-color has-vivid-purple-color\"><span style=\"text-decoration: underline;\">Stradom House, Autograph Collection<\/span><\/mark><\/a><\/h2>\n\n\n\n<p>Kolejny na li\u015bcie jest Stradom House, nale\u017c\u0105cy do presti\u017cowej kolekcji Autograph Collection by Marriott, to propozycja dla tych, kt\u00f3rzy ceni\u0105 luksus i presti\u017c w po\u0142\u0105czeniu z historycznym dziedzictwem. Obiekt mie\u015bci si\u0119 w zabytkowym budynku z XVI wieku, zlokalizowanym pomi\u0119dzy Starym Miastem a Kazimierzem.<\/p>\n\n\n\n<p>Do dyspozycji oddano <strong>125 eleganckich pokoi<\/strong>, w kt\u00f3rych klasyczne wzornictwo wsp\u00f3\u0142gra z nowoczesnymi udogodnieniami. Stylowe wn\u0119trza zapewniaj\u0105 wygod\u0119 i estetyczne doznania.<\/p>\n\n\n\n<p>Hotel dysponuje <strong>czterema nowoczesnymi salami konferencyjnymi o \u0142\u0105cznej powierzchni 320 mkw.<\/strong>, w tym najwi\u0119ksz\u0105 na 120 os\u00f3b. Przestrzenie s\u0105 wyposa\u017cone w sprz\u0119t multimedialny i szybki internet \u2013 idealne na konferencje, szkolenia i spotkania biznesowe.<\/p>\n\n\n\n<p>Go\u015bcie mog\u0105 skorzysta\u0107 z dw\u00f3ch restauracji:<strong> Gaia<\/strong> z kuchni\u0105 \u015br\u00f3dziemnomorsk\u0105 oraz <strong>Stradomska 12<\/strong>, serwuj\u0105c\u0105 polskie dania w nowoczesnej wersji. Klimat dope\u0142nia <strong>Hedwig\u2019s<\/strong> \u2013 bar w dawnej kaplicy, oferuj\u0105cy oryginalne koktajle..<\/p>\n\n\n\n<p>Stradom House to po\u0142\u0105czenie luksusu, stylu i doskona\u0142ej lokalizacji w sercu Krakowa.<\/p>\n\n\n\n<figure class=\"wp-block-image size-full\"><a href=\"https:\/\/www.mojekonferencje.pl\/blog\/wp-content\/uploads\/2025\/04\/470365208-960x580-1.webp\"><img loading=\"lazy\" decoding=\"async\" width=\"960\" height=\"580\" src=\"https:\/\/www.mojekonferencje.pl\/blog\/wp-content\/uploads\/2025\/04\/470365208-960x580-1.webp\" alt=\"\" class=\"wp-image-6623 lazyload\" data-srcset=\"https:\/\/www.mojekonferencje.pl\/blog\/wp-content\/uploads\/2025\/04\/470365208-960x580-1.webp 960w, https:\/\/www.mojekonferencje.pl\/blog\/wp-content\/uploads\/2025\/04\/470365208-960x580-1-300x181.webp 300w, https:\/\/www.mojekonferencje.pl\/blog\/wp-content\/uploads\/2025\/04\/470365208-960x580-1-768x464.webp 768w\" sizes=\"auto\" \/><\/a><\/figure>\n\n\n\n<h2 class=\"wp-block-heading has-text-align-center\"><a href=\"https:\/\/www.mojekonferencje.pl\/krakow\/rubinstein-hotel\"><mark style=\"background-color:rgba(0, 0, 0, 0)\" class=\"has-inline-color has-vivid-purple-color\"><span style=\"text-decoration: underline;\">Rubinstein Hotel<\/span><\/mark><\/a><\/h2>\n\n\n\n<p>Usytuowany w sercu krakowskiego Kazimierza <strong>Hotel Rubinstein<\/strong>, to idealne miejsce na spotkania biznesowe oraz relaksuj\u0105cy wypoczynek. Jego wyj\u0105tkowa lokalizacja, w pobli\u017cu Wawelu i Starej Synagogi, \u0142\u0105czy historyczn\u0105 architektur\u0119 z nowoczesnymi udogodnieniami.<\/p>\n\n\n\n<p>Obiekt oferuje <strong>cztery klimatyzowane sale konferencyjne<\/strong>, wyposa\u017cone w ekran, flipchart i nag\u0142o\u015bnienie. Przestrzenie o powierzchni od 16 m\u00b2 do 70 m\u00b2 mog\u0105 pomie\u015bci\u0107 od 14 do 70 os\u00f3b, zapewniaj\u0105c komfort podczas spotka\u0144, szkole\u0144 czy event\u00f3w.<\/p>\n\n\n\n<p>Hotel dysponuje <strong>22 eleganckimi pokojami<\/strong>, w tym pokojami jednoosobowymi, standardowymi, superior oraz apartamentami Suite i Deluxe Suite. Wn\u0119trza \u0142\u0105cz\u0105 zabytkowy styl z nowoczesnym wyposa\u017ceniem, zapewniaj\u0105c komfort i wygod\u0119.<\/p>\n\n\n\n<p><strong>Restauracja &#8222;Szeroka 12&#8221; <\/strong>serwuje autorskie dania, a Sky Bar na dachu hotelu oferuje niezapomniany widok na Wawel i Kazimierz. Go\u015bcie mog\u0105 r\u00f3wnie\u017c skorzysta\u0107 z sauny fi\u0144skiej dost\u0119pnej na wy\u0142\u0105czno\u015b\u0107.<\/p>\n\n\n\n<p>Hotel Rubinstein**** to doskona\u0142y wyb\u00f3r dla os\u00f3b szukaj\u0105cych eleganckiego miejsca na spotkania biznesowe oraz relaks w samym sercu Krakowa.<\/p>\n\n\n\n<figure class=\"wp-block-image size-full\"><a href=\"https:\/\/www.mojekonferencje.pl\/blog\/wp-content\/uploads\/2025\/04\/Rubinstein_Hotel_restauracja_3.jpg\"><img loading=\"lazy\" decoding=\"async\" width=\"800\" height=\"450\" src=\"https:\/\/www.mojekonferencje.pl\/blog\/wp-content\/uploads\/2025\/04\/Rubinstein_Hotel_restauracja_3.jpg\" alt=\"\" class=\"wp-image-6624 lazyload\" data-srcset=\"https:\/\/www.mojekonferencje.pl\/blog\/wp-content\/uploads\/2025\/04\/Rubinstein_Hotel_restauracja_3.jpg 800w, https:\/\/www.mojekonferencje.pl\/blog\/wp-content\/uploads\/2025\/04\/Rubinstein_Hotel_restauracja_3-300x169.jpg 300w, https:\/\/www.mojekonferencje.pl\/blog\/wp-content\/uploads\/2025\/04\/Rubinstein_Hotel_restauracja_3-768x432.jpg 768w, https:\/\/www.mojekonferencje.pl\/blog\/wp-content\/uploads\/2025\/04\/Rubinstein_Hotel_restauracja_3-640x360.jpg 640w, https:\/\/www.mojekonferencje.pl\/blog\/wp-content\/uploads\/2025\/04\/Rubinstein_Hotel_restauracja_3-320x180.jpg 320w, https:\/\/www.mojekonferencje.pl\/blog\/wp-content\/uploads\/2025\/04\/Rubinstein_Hotel_restauracja_3-480x270.jpg 480w\" sizes=\"auto\" \/><\/a><\/figure>\n\n\n\n<h2 class=\"wp-block-heading has-text-align-center\"><a href=\"https:\/\/www.mojekonferencje.pl\/wieliczka\/kopalnia-soli-wieliczka\"><mark style=\"background-color:rgba(0, 0, 0, 0)\" class=\"has-inline-color has-vivid-purple-color\"><span style=\"text-decoration: underline;\">Kopalnia Soli Wieliczka<\/span><\/mark><\/a><\/h2>\n\n\n\n<p>Jedna z najwi\u0119kszych atrakcji turystycznych Ma\u0142opolski,<strong> Kopalnia Soli Wieliczka<\/strong>, to r\u00f3wnie\u017c nietuzinkowe miejsce na organizacj\u0119 wydarze\u0144 biznesowych. Zabytkowe komory solne, podziemne korytarze i wyj\u0105tkowa atmosfera sprawiaj\u0105, \u017ce ka\u017cde spotkanie zyskuje niezapomniany charakter<\/p>\n\n\n\n<p>Obiekt oferuje szerok\u0105 gam\u0119 sal konferencyjnych, przystosowanych do organizacji spotka\u0144, szkole\u0144, konferencji czy bankiet\u00f3w. <strong>Komora Warszawa, o powierzchni 680 m\u00b2,<\/strong> to przestronna sala mog\u0105ca pomie\u015bci\u0107 do<strong> 700 os\u00f3b <\/strong>w uk\u0142adzie teatralnym.<strong> Komora Jana Haluszki I (240 m\u00b2)<\/strong> oraz <strong>Komora Drozdowice IV (225 m\u00b2)<\/strong> s\u0105 doskona\u0142ymi miejscami na wi\u0119ksze spotkania, oferuj\u0105c przestronno\u015b\u0107 i wygod\u0119. Dla mniejszych wydarze\u0144 idealna b\u0119dzie <strong>Komora Jana Haluszki II (58 m\u00b2)<\/strong> oraz <strong>Komora Gwark\u00f3w (113 m\u00b2)<\/strong>.<\/p>\n\n\n\n<p>Dodatkowo, dla tych, kt\u00f3rzy chc\u0105 po\u0142\u0105czy\u0107 spotkania biznesowe z relaksem, na terenie obiektu znajduje si\u0119 Hotel Grand Sal****, oferuj\u0105cy <strong>39 komfortowych pokoi oraz luksusowy apartament<\/strong>. Go\u015bcie mog\u0105 korzysta\u0107 z restauracji serwuj\u0105cej dania kuchni polskiej i europejskiej. Dost\u0119pne s\u0105 tak\u017ce atrakcje dodatkowe, jak zwiedzanie Trasy Turystycznej czy wyprawa na Tras\u0119 G\u00f3rnicz\u0105.<\/p>\n\n\n\n<p><strong>Kopalnia Soli Wieliczka<\/strong> to miejsce, kt\u00f3re wyr\u00f3\u017cnia si\u0119 nie tylko niepowtarzalnym klimatem, ale r\u00f3wnie\u017c profesjonaln\u0105 obs\u0142ug\u0105 i nowoczesnym wyposa\u017ceniem. Sprawia, \u017ce jest idealnym wyborem na organizacj\u0119 wydarze\u0144 o r\u00f3\u017cnej skali i charakterze.<\/p>\n\n\n\n<figure class=\"wp-block-image size-full\"><a href=\"https:\/\/www.mojekonferencje.pl\/blog\/wp-content\/uploads\/2025\/04\/kopalnia-soli-wieliczka-komora-jana-haluszki-960x580-1.webp\"><img loading=\"lazy\" decoding=\"async\" width=\"960\" height=\"580\" src=\"https:\/\/www.mojekonferencje.pl\/blog\/wp-content\/uploads\/2025\/04\/kopalnia-soli-wieliczka-komora-jana-haluszki-960x580-1.webp\" alt=\"\" class=\"wp-image-6625 lazyload\" data-srcset=\"https:\/\/www.mojekonferencje.pl\/blog\/wp-content\/uploads\/2025\/04\/kopalnia-soli-wieliczka-komora-jana-haluszki-960x580-1.webp 960w, https:\/\/www.mojekonferencje.pl\/blog\/wp-content\/uploads\/2025\/04\/kopalnia-soli-wieliczka-komora-jana-haluszki-960x580-1-300x181.webp 300w, https:\/\/www.mojekonferencje.pl\/blog\/wp-content\/uploads\/2025\/04\/kopalnia-soli-wieliczka-komora-jana-haluszki-960x580-1-768x464.webp 768w\" sizes=\"auto\" \/><\/a><\/figure>\n\n\n\n<h2 class=\"wp-block-heading has-text-align-center\"><a href=\"https:\/\/www.mojekonferencje.pl\/bochnia\/kopalnia-soli-bochnia\"><mark style=\"background-color:rgba(0, 0, 0, 0)\" class=\"has-inline-color has-vivid-purple-color\"><span style=\"text-decoration: underline;\">Kopalnia Soli Bochnia<\/span><\/mark><\/a><\/h2>\n\n\n\n<p>Je\u015bli zale\u017cy Ci na organizacji wydarzenia w wyj\u0105tkowym miejscu, kt\u00f3re wyr\u00f3\u017cnia si\u0119 niepowtarzalnym klimatem, <strong>Kopalnia Soli Bochnia<\/strong> to doskona\u0142y wyb\u00f3r. Obiekt oferuje przestronne sale konferencyjne, zlokalizowane w podziemnych komorach, kt\u00f3re \u0142\u0105cz\u0105 historyczny charakter z nowoczesnym wyposa\u017ceniem. <strong>Komora Wa\u017cyn, o powierzchni 2500 m\u00b2, pomie\u015bci do 400 os\u00f3b<\/strong>, a inne sale, takie jak <strong>Komora Manna czy Kaplica \u015bw. Kingi<\/strong>, s\u0105 idealne do kameralnych spotka\u0144 i szkole\u0144.<\/p>\n\n\n\n<p>Sale konferencyjne s\u0105 w pe\u0142ni wyposa\u017cone w sprz\u0119t multimedialny, w tym projektory, ekrany, flipcharty oraz dost\u0119p do szybkiego Internetu, co zapewnia wygodne warunki do prowadzenia prezentacji i warsztat\u00f3w. Dodatkowo, Kopalnia oferuje pe\u0142ne zaplecze gastronomiczne, z <strong>restauracj\u0105 Wa\u017cynek,<\/strong> gdzie serwowane s\u0105 dania kuchni polskiej i \u015bwiatowej.<\/p>\n\n\n\n<p>Obiekt to tak\u017ce idealne miejsce na integracj\u0119 i aktywny wypoczynek. W\u015br\u00f3d dodatkowych atrakcji znajduj\u0105 si\u0119 zwiedzanie tras turystycznych, przeja\u017cd\u017cka podziemn\u0105 kolejk\u0105, przeprawa \u0142odziami oraz gry integracyjne, kt\u00f3re umo\u017cliwiaj\u0105 budowanie wi\u0119zi w zespole.<\/p>\n\n\n\n<figure class=\"wp-block-image size-full\"><a href=\"https:\/\/www.mojekonferencje.pl\/blog\/wp-content\/uploads\/2025\/04\/komora-waz-yn-ii-2-960x580-1.webp\"><img loading=\"lazy\" decoding=\"async\" width=\"960\" height=\"580\" src=\"https:\/\/www.mojekonferencje.pl\/blog\/wp-content\/uploads\/2025\/04\/komora-waz-yn-ii-2-960x580-1.webp\" alt=\"\" class=\"wp-image-6626 lazyload\" data-srcset=\"https:\/\/www.mojekonferencje.pl\/blog\/wp-content\/uploads\/2025\/04\/komora-waz-yn-ii-2-960x580-1.webp 960w, https:\/\/www.mojekonferencje.pl\/blog\/wp-content\/uploads\/2025\/04\/komora-waz-yn-ii-2-960x580-1-300x181.webp 300w, https:\/\/www.mojekonferencje.pl\/blog\/wp-content\/uploads\/2025\/04\/komora-waz-yn-ii-2-960x580-1-768x464.webp 768w\" sizes=\"auto\" \/><\/a><\/figure>\n\n\n\n<h2 class=\"wp-block-heading has-text-align-center\"><a href=\"https:\/\/www.mojekonferencje.pl\/krakow\/muzeum-sztuki-i-techniki-japonskiej-manggha\"><mark style=\"background-color:rgba(0, 0, 0, 0)\" class=\"has-inline-color has-vivid-purple-color\"><span style=\"text-decoration: underline;\">Muzeum Sztuki i Techniki Japo\u0144skiej Manggha<\/span><\/mark><\/a><\/h2>\n\n\n\n<p>Kolejny obiektem wartym uwagi jest <strong>Muzeum Sztuki i Techniki Japo\u0144skiej Manggha<\/strong>, po\u0142o\u017cone w centrum Krakowa, naprzeciwko Zamku Kr\u00f3lewskiego na Wawelu. To nowoczesna przestrze\u0144 \u0142\u0105cz\u0105ca funkcje muzealne z bogat\u0105 ofert\u0105 kulturaln\u0105. Za\u0142o\u017cone w 1994 roku z inicjatywy Andrzeja Wajdy, muzeum, oferuje unikalne do\u015bwiadczenie dla wszystkich mi\u0142o\u015bnik\u00f3w kultury Japonii.<\/p>\n\n\n\n<p>Budynek wyr\u00f3\u017cnia si\u0119 nowoczesnym designem. Muzeum dysponuje profesjonalnym zapleczem konferencyjnym, w tym <strong>Sal\u0105 Wielofunkcyjn\u0105, kt\u00f3ra pomie\u015bci do 320 os\u00f3b<\/strong>, oraz przestronnym Lobby z dost\u0119pem do ogrodu. Sala wyposa\u017cona jest w sprz\u0119t multimedialny, nag\u0142o\u015bnienie i regulowane o\u015bwietlenie, idealna do organizacji szkole\u0144 i konferencji. Hol G\u0142\u00f3wny z widokiem na Wawel <strong>mo\u017ce pomie\u015bci\u0107 120 os\u00f3b na bankiecie siedz\u0105cym<\/strong>, a na tarasie i w ogrodzie organizowane s\u0105 wydarzenia na \u015bwie\u017cym powietrzu.<\/p>\n\n\n\n<p>Go\u015bcie mog\u0105 skorzysta\u0107 z <strong>punktu gastronomicznego w Caf\u00e9 Manggha<\/strong>, a tak\u017ce zorganizowa\u0107 lunch czy koktajl w stylu japo\u0144skim. Muzeum oferuje tak\u017ce projekcje filmowe, warsztaty i wystawy, promuj\u0105ce kultur\u0119 Japonii. Dzi\u0119ki wszechstronnej ofercie, Muzeum Manggha to doskona\u0142e miejsce na wydarzenia kulturalne, edukacyjne i biznesowe.<\/p>\n\n\n\n<figure class=\"wp-block-gallery has-nested-images columns-default is-cropped wp-block-gallery-1 is-layout-flex wp-block-gallery-is-layout-flex\">\n<figure class=\"wp-block-image size-full\"><a href=\"https:\/\/www.mojekonferencje.pl\/blog\/wp-content\/uploads\/2025\/04\/kkraj-20180724-0141-ak-7466-hdr-1-960x580-1.webp\"><img loading=\"lazy\" decoding=\"async\" width=\"960\" height=\"580\" data-id=\"6739\" src=\"https:\/\/www.mojekonferencje.pl\/blog\/wp-content\/uploads\/2025\/04\/kkraj-20180724-0141-ak-7466-hdr-1-960x580-1.webp\" alt=\"\" class=\"wp-image-6739 lazyload\" data-srcset=\"https:\/\/www.mojekonferencje.pl\/blog\/wp-content\/uploads\/2025\/04\/kkraj-20180724-0141-ak-7466-hdr-1-960x580-1.webp 960w, https:\/\/www.mojekonferencje.pl\/blog\/wp-content\/uploads\/2025\/04\/kkraj-20180724-0141-ak-7466-hdr-1-960x580-1-300x181.webp 300w, https:\/\/www.mojekonferencje.pl\/blog\/wp-content\/uploads\/2025\/04\/kkraj-20180724-0141-ak-7466-hdr-1-960x580-1-768x464.webp 768w\" sizes=\"auto\" \/><\/a><\/figure>\n<\/figure>\n\n\n\n<p><\/p>\n\n\n\n<p>Wyb\u00f3r <a href=\"https:\/\/www.mojekonferencje.pl\/sale-konferencyjne-krakow\">zabytkowego obiektu na wydarzenie firmowe w Krakowie<\/a>, to nie tylko gwarancja wyj\u0105tkowej oprawy, ale r\u00f3wnie\u017c spos\u00f3b na podkre\u015blenie presti\u017cu i warto\u015bci marki. Niezale\u017cnie od tego, czy organizowane jest du\u017ce wydarzenie bran\u017cowe, presti\u017cowy bankiet czy kameralne spotkanie zarz\u0105du, ka\u017cde z opisanych miejsc z pewno\u015bci\u0105 sprosta oczekiwaniom najbardziej wymagaj\u0105cych organizator\u00f3w.<\/p>\n\n\n\n<p>Zajrzyj r\u00f3wnie\u017c do naszych artyku\u0142\u00f3w o polecanych miejscach konferencyjnych w Krakowie \u2013 tam znajdziesz sprawdzone lokalizacje na ka\u017cde wydarzenie.<\/p>\n\n\n\n<p><\/p>\n","protected":false},"excerpt":{"rendered":"<p>Marzysz o konferencji w wyj\u0105tkowej atmosferze? Poznaj zabytkowe obiekty Krakowa i okolic i poczuj ducha minionych lat.<\/p>\n","protected":false},"author":21,"featured_media":6645,"comment_status":"closed","ping_status":"closed","sticky":false,"template":"","format":"standard","meta":{"_acf_changed":false,"footnotes":""},"categories":[12,175],"tags":[29,354,19,20,375],"class_list":["post-6620","post","type-post","status-publish","format-standard","has-post-thumbnail","hentry","category-nietypowe-konferencje","category-wybieranie-miejsca-konferencyjnego","tag-krakow","tag-organizacja-wydarzen","tag-sale-szkoleniowe","tag-spotkania-biznesowe","tag-zabytkowe-obiekty"],"acf":[],"yoast_head":"<!-- This site is optimized with the Yoast SEO plugin v27.1.1 - https:\/\/yoast.com\/product\/yoast-seo-wordpress\/ -->\n<title>Zabytkowe obiekty na spotkania biznesowe w Krakowie i okolicach - blog | MojeKonferencje.pl<\/title>\n<meta name=\"description\" content=\"Zabytkowe obiekty na spotkania biznesowe w Krakowie i okolicach - blog | MojeKonferencje.pl\" \/>\n<meta name=\"robots\" content=\"index, follow, max-snippet:-1, max-image-preview:large, max-video-preview:-1\" \/>\n<link rel=\"canonical\" href=\"https:\/\/www.mojekonferencje.pl\/blog\/zabytkowe-obiekty-na-spotkania-biznesowe-w-krakowie-i-okolicach\/\" \/>\n<meta property=\"og:locale\" content=\"pl_PL\" \/>\n<meta property=\"og:type\" content=\"article\" \/>\n<meta property=\"og:title\" content=\"Zabytkowe obiekty na spotkania biznesowe w Krakowie i okolicach - blog | MojeKonferencje.pl\" \/>\n<meta property=\"og:description\" content=\"Zabytkowe obiekty na spotkania biznesowe w Krakowie i okolicach - blog | MojeKonferencje.pl\" \/>\n<meta property=\"og:url\" content=\"https:\/\/www.mojekonferencje.pl\/blog\/zabytkowe-obiekty-na-spotkania-biznesowe-w-krakowie-i-okolicach\/\" \/>\n<meta property=\"og:site_name\" content=\"MojeKonferencje.pl\" \/>\n<meta property=\"article:published_time\" content=\"2025-04-23T10:03:00+00:00\" \/>\n<meta property=\"article:modified_time\" content=\"2025-04-28T08:55:40+00:00\" \/>\n<meta property=\"og:image\" content=\"https:\/\/www.mojekonferencje.pl\/blog\/wp-content\/uploads\/2025\/04\/Fotoram.io-8.jpg\" \/>\n\t<meta property=\"og:image:width\" content=\"1200\" \/>\n\t<meta property=\"og:image:height\" content=\"708\" \/>\n\t<meta property=\"og:image:type\" content=\"image\/jpeg\" \/>\n<meta name=\"author\" content=\"Julia Gadomska\" \/>\n<meta name=\"twitter:card\" content=\"summary_large_image\" \/>\n<meta name=\"twitter:label1\" content=\"Napisane przez\" \/>\n\t<meta name=\"twitter:data1\" content=\"Julia Gadomska\" \/>\n\t<meta name=\"twitter:label2\" content=\"Szacowany czas czytania\" \/>\n\t<meta name=\"twitter:data2\" content=\"9 minut\" \/>\n<script type=\"application\/ld+json\" class=\"yoast-schema-graph\">{\"@context\":\"https:\/\/schema.org\",\"@graph\":[{\"@type\":\"Article\",\"@id\":\"https:\/\/www.mojekonferencje.pl\/blog\/zabytkowe-obiekty-na-spotkania-biznesowe-w-krakowie-i-okolicach\/#article\",\"isPartOf\":{\"@id\":\"https:\/\/www.mojekonferencje.pl\/blog\/zabytkowe-obiekty-na-spotkania-biznesowe-w-krakowie-i-okolicach\/\"},\"author\":{\"name\":\"Julia Gadomska\",\"@id\":\"https:\/\/www.mojekonferencje.pl\/blog\/#\/schema\/person\/7d6985dc3741882ea12e03b1c3997043\"},\"headline\":\"Zabytkowe obiekty na spotkania biznesowe w Krakowie i okolicach\",\"datePublished\":\"2025-04-23T10:03:00+00:00\",\"dateModified\":\"2025-04-28T08:55:40+00:00\",\"mainEntityOfPage\":{\"@id\":\"https:\/\/www.mojekonferencje.pl\/blog\/zabytkowe-obiekty-na-spotkania-biznesowe-w-krakowie-i-okolicach\/\"},\"wordCount\":1423,\"image\":{\"@id\":\"https:\/\/www.mojekonferencje.pl\/blog\/zabytkowe-obiekty-na-spotkania-biznesowe-w-krakowie-i-okolicach\/#primaryimage\"},\"thumbnailUrl\":\"https:\/\/www.mojekonferencje.pl\/blog\/wp-content\/uploads\/2025\/04\/Fotoram.io-8.jpg\",\"keywords\":[\"Krak\u00f3w\",\"organizacja wydarze\u0144\",\"sale szkoleniowe\",\"spotkania biznesowe\",\"Zabytkowe obiekty\"],\"articleSection\":[\"(Nie)typowe konferencje\",\"Wybieranie miejsca konferencyjnego\"],\"inLanguage\":\"pl-PL\"},{\"@type\":\"WebPage\",\"@id\":\"https:\/\/www.mojekonferencje.pl\/blog\/zabytkowe-obiekty-na-spotkania-biznesowe-w-krakowie-i-okolicach\/\",\"url\":\"https:\/\/www.mojekonferencje.pl\/blog\/zabytkowe-obiekty-na-spotkania-biznesowe-w-krakowie-i-okolicach\/\",\"name\":\"Zabytkowe obiekty na spotkania biznesowe w Krakowie i okolicach - blog | MojeKonferencje.pl\",\"isPartOf\":{\"@id\":\"https:\/\/www.mojekonferencje.pl\/blog\/#website\"},\"primaryImageOfPage\":{\"@id\":\"https:\/\/www.mojekonferencje.pl\/blog\/zabytkowe-obiekty-na-spotkania-biznesowe-w-krakowie-i-okolicach\/#primaryimage\"},\"image\":{\"@id\":\"https:\/\/www.mojekonferencje.pl\/blog\/zabytkowe-obiekty-na-spotkania-biznesowe-w-krakowie-i-okolicach\/#primaryimage\"},\"thumbnailUrl\":\"https:\/\/www.mojekonferencje.pl\/blog\/wp-content\/uploads\/2025\/04\/Fotoram.io-8.jpg\",\"datePublished\":\"2025-04-23T10:03:00+00:00\",\"dateModified\":\"2025-04-28T08:55:40+00:00\",\"author\":{\"@id\":\"https:\/\/www.mojekonferencje.pl\/blog\/#\/schema\/person\/7d6985dc3741882ea12e03b1c3997043\"},\"description\":\"Zabytkowe obiekty na spotkania biznesowe w Krakowie i okolicach - blog | MojeKonferencje.pl\",\"breadcrumb\":{\"@id\":\"https:\/\/www.mojekonferencje.pl\/blog\/zabytkowe-obiekty-na-spotkania-biznesowe-w-krakowie-i-okolicach\/#breadcrumb\"},\"inLanguage\":\"pl-PL\",\"potentialAction\":[{\"@type\":\"ReadAction\",\"target\":[\"https:\/\/www.mojekonferencje.pl\/blog\/zabytkowe-obiekty-na-spotkania-biznesowe-w-krakowie-i-okolicach\/\"]}]},{\"@type\":\"ImageObject\",\"inLanguage\":\"pl-PL\",\"@id\":\"https:\/\/www.mojekonferencje.pl\/blog\/zabytkowe-obiekty-na-spotkania-biznesowe-w-krakowie-i-okolicach\/#primaryimage\",\"url\":\"https:\/\/www.mojekonferencje.pl\/blog\/wp-content\/uploads\/2025\/04\/Fotoram.io-8.jpg\",\"contentUrl\":\"https:\/\/www.mojekonferencje.pl\/blog\/wp-content\/uploads\/2025\/04\/Fotoram.io-8.jpg\",\"width\":1200,\"height\":708,\"caption\":\"Zabytkowe obiekty na spotkania biznesowe w Krakowie i okolicach\"},{\"@type\":\"BreadcrumbList\",\"@id\":\"https:\/\/www.mojekonferencje.pl\/blog\/zabytkowe-obiekty-na-spotkania-biznesowe-w-krakowie-i-okolicach\/#breadcrumb\",\"itemListElement\":[{\"@type\":\"ListItem\",\"position\":1,\"name\":\"Strona g\u0142\u00f3wna\",\"item\":\"https:\/\/www.mojekonferencje.pl\/blog\/\"},{\"@type\":\"ListItem\",\"position\":2,\"name\":\"Zabytkowe obiekty na spotkania biznesowe w Krakowie i okolicach\"}]},{\"@type\":\"WebSite\",\"@id\":\"https:\/\/www.mojekonferencje.pl\/blog\/#website\",\"url\":\"https:\/\/www.mojekonferencje.pl\/blog\/\",\"name\":\"MojeKonferencje.pl\",\"description\":\"Blog bran\u017cy szkoleniowo-konferencyjnej. W\u0142\u0105cz si\u0119 do dyskusji o obiektach konferencyjnych i nowo\u015bciach z bran\u017cy! Poznaj porady odno\u015bnie organizacji konferencji, szkole\u0144 i event\u00f3w firmowych! Zach\u0119camy do wyra\u017cania opinii oraz komentarzy.\",\"potentialAction\":[{\"@type\":\"SearchAction\",\"target\":{\"@type\":\"EntryPoint\",\"urlTemplate\":\"https:\/\/www.mojekonferencje.pl\/blog\/?s={search_term_string}\"},\"query-input\":{\"@type\":\"PropertyValueSpecification\",\"valueRequired\":true,\"valueName\":\"search_term_string\"}}],\"inLanguage\":\"pl-PL\"},{\"@type\":\"Person\",\"@id\":\"https:\/\/www.mojekonferencje.pl\/blog\/#\/schema\/person\/7d6985dc3741882ea12e03b1c3997043\",\"name\":\"Julia Gadomska\",\"url\":\"https:\/\/www.mojekonferencje.pl\/blog\/author\/julia-gadomska\/\"}]}<\/script>\n<!-- \/ Yoast SEO plugin. -->","yoast_head_json":{"title":"Zabytkowe obiekty na spotkania biznesowe w Krakowie i okolicach - blog | MojeKonferencje.pl","description":"Zabytkowe obiekty na spotkania biznesowe w Krakowie i okolicach - blog | MojeKonferencje.pl","robots":{"index":"index","follow":"follow","max-snippet":"max-snippet:-1","max-image-preview":"max-image-preview:large","max-video-preview":"max-video-preview:-1"},"canonical":"https:\/\/www.mojekonferencje.pl\/blog\/zabytkowe-obiekty-na-spotkania-biznesowe-w-krakowie-i-okolicach\/","og_locale":"pl_PL","og_type":"article","og_title":"Zabytkowe obiekty na spotkania biznesowe w Krakowie i okolicach - blog | MojeKonferencje.pl","og_description":"Zabytkowe obiekty na spotkania biznesowe w Krakowie i okolicach - blog | MojeKonferencje.pl","og_url":"https:\/\/www.mojekonferencje.pl\/blog\/zabytkowe-obiekty-na-spotkania-biznesowe-w-krakowie-i-okolicach\/","og_site_name":"MojeKonferencje.pl","article_published_time":"2025-04-23T10:03:00+00:00","article_modified_time":"2025-04-28T08:55:40+00:00","og_image":[{"width":1200,"height":708,"url":"https:\/\/www.mojekonferencje.pl\/blog\/wp-content\/uploads\/2025\/04\/Fotoram.io-8.jpg","type":"image\/jpeg"}],"author":"Julia Gadomska","twitter_card":"summary_large_image","twitter_misc":{"Napisane przez":"Julia Gadomska","Szacowany czas czytania":"9 minut"},"schema":{"@context":"https:\/\/schema.org","@graph":[{"@type":"Article","@id":"https:\/\/www.mojekonferencje.pl\/blog\/zabytkowe-obiekty-na-spotkania-biznesowe-w-krakowie-i-okolicach\/#article","isPartOf":{"@id":"https:\/\/www.mojekonferencje.pl\/blog\/zabytkowe-obiekty-na-spotkania-biznesowe-w-krakowie-i-okolicach\/"},"author":{"name":"Julia Gadomska","@id":"https:\/\/www.mojekonferencje.pl\/blog\/#\/schema\/person\/7d6985dc3741882ea12e03b1c3997043"},"headline":"Zabytkowe obiekty na spotkania biznesowe w Krakowie i okolicach","datePublished":"2025-04-23T10:03:00+00:00","dateModified":"2025-04-28T08:55:40+00:00","mainEntityOfPage":{"@id":"https:\/\/www.mojekonferencje.pl\/blog\/zabytkowe-obiekty-na-spotkania-biznesowe-w-krakowie-i-okolicach\/"},"wordCount":1423,"image":{"@id":"https:\/\/www.mojekonferencje.pl\/blog\/zabytkowe-obiekty-na-spotkania-biznesowe-w-krakowie-i-okolicach\/#primaryimage"},"thumbnailUrl":"https:\/\/www.mojekonferencje.pl\/blog\/wp-content\/uploads\/2025\/04\/Fotoram.io-8.jpg","keywords":["Krak\u00f3w","organizacja wydarze\u0144","sale szkoleniowe","spotkania biznesowe","Zabytkowe obiekty"],"articleSection":["(Nie)typowe konferencje","Wybieranie miejsca konferencyjnego"],"inLanguage":"pl-PL"},{"@type":"WebPage","@id":"https:\/\/www.mojekonferencje.pl\/blog\/zabytkowe-obiekty-na-spotkania-biznesowe-w-krakowie-i-okolicach\/","url":"https:\/\/www.mojekonferencje.pl\/blog\/zabytkowe-obiekty-na-spotkania-biznesowe-w-krakowie-i-okolicach\/","name":"Zabytkowe obiekty na spotkania biznesowe w Krakowie i okolicach - blog | MojeKonferencje.pl","isPartOf":{"@id":"https:\/\/www.mojekonferencje.pl\/blog\/#website"},"primaryImageOfPage":{"@id":"https:\/\/www.mojekonferencje.pl\/blog\/zabytkowe-obiekty-na-spotkania-biznesowe-w-krakowie-i-okolicach\/#primaryimage"},"image":{"@id":"https:\/\/www.mojekonferencje.pl\/blog\/zabytkowe-obiekty-na-spotkania-biznesowe-w-krakowie-i-okolicach\/#primaryimage"},"thumbnailUrl":"https:\/\/www.mojekonferencje.pl\/blog\/wp-content\/uploads\/2025\/04\/Fotoram.io-8.jpg","datePublished":"2025-04-23T10:03:00+00:00","dateModified":"2025-04-28T08:55:40+00:00","author":{"@id":"https:\/\/www.mojekonferencje.pl\/blog\/#\/schema\/person\/7d6985dc3741882ea12e03b1c3997043"},"description":"Zabytkowe obiekty na spotkania biznesowe w Krakowie i okolicach - blog | MojeKonferencje.pl","breadcrumb":{"@id":"https:\/\/www.mojekonferencje.pl\/blog\/zabytkowe-obiekty-na-spotkania-biznesowe-w-krakowie-i-okolicach\/#breadcrumb"},"inLanguage":"pl-PL","potentialAction":[{"@type":"ReadAction","target":["https:\/\/www.mojekonferencje.pl\/blog\/zabytkowe-obiekty-na-spotkania-biznesowe-w-krakowie-i-okolicach\/"]}]},{"@type":"ImageObject","inLanguage":"pl-PL","@id":"https:\/\/www.mojekonferencje.pl\/blog\/zabytkowe-obiekty-na-spotkania-biznesowe-w-krakowie-i-okolicach\/#primaryimage","url":"https:\/\/www.mojekonferencje.pl\/blog\/wp-content\/uploads\/2025\/04\/Fotoram.io-8.jpg","contentUrl":"https:\/\/www.mojekonferencje.pl\/blog\/wp-content\/uploads\/2025\/04\/Fotoram.io-8.jpg","width":1200,"height":708,"caption":"Zabytkowe obiekty na spotkania biznesowe w Krakowie i okolicach"},{"@type":"BreadcrumbList","@id":"https:\/\/www.mojekonferencje.pl\/blog\/zabytkowe-obiekty-na-spotkania-biznesowe-w-krakowie-i-okolicach\/#breadcrumb","itemListElement":[{"@type":"ListItem","position":1,"name":"Strona g\u0142\u00f3wna","item":"https:\/\/www.mojekonferencje.pl\/blog\/"},{"@type":"ListItem","position":2,"name":"Zabytkowe obiekty na spotkania biznesowe w Krakowie i okolicach"}]},{"@type":"WebSite","@id":"https:\/\/www.mojekonferencje.pl\/blog\/#website","url":"https:\/\/www.mojekonferencje.pl\/blog\/","name":"MojeKonferencje.pl","description":"Blog bran\u017cy szkoleniowo-konferencyjnej. W\u0142\u0105cz si\u0119 do dyskusji o obiektach konferencyjnych i nowo\u015bciach z bran\u017cy! Poznaj porady odno\u015bnie organizacji konferencji, szkole\u0144 i event\u00f3w firmowych! Zach\u0119camy do wyra\u017cania opinii oraz komentarzy.","potentialAction":[{"@type":"SearchAction","target":{"@type":"EntryPoint","urlTemplate":"https:\/\/www.mojekonferencje.pl\/blog\/?s={search_term_string}"},"query-input":{"@type":"PropertyValueSpecification","valueRequired":true,"valueName":"search_term_string"}}],"inLanguage":"pl-PL"},{"@type":"Person","@id":"https:\/\/www.mojekonferencje.pl\/blog\/#\/schema\/person\/7d6985dc3741882ea12e03b1c3997043","name":"Julia Gadomska","url":"https:\/\/www.mojekonferencje.pl\/blog\/author\/julia-gadomska\/"}]}},"_links":{"self":[{"href":"https:\/\/www.mojekonferencje.pl\/blog\/wp-json\/wp\/v2\/posts\/6620","targetHints":{"allow":["GET"]}}],"collection":[{"href":"https:\/\/www.mojekonferencje.pl\/blog\/wp-json\/wp\/v2\/posts"}],"about":[{"href":"https:\/\/www.mojekonferencje.pl\/blog\/wp-json\/wp\/v2\/types\/post"}],"author":[{"embeddable":true,"href":"https:\/\/www.mojekonferencje.pl\/blog\/wp-json\/wp\/v2\/users\/21"}],"replies":[{"embeddable":true,"href":"https:\/\/www.mojekonferencje.pl\/blog\/wp-json\/wp\/v2\/comments?post=6620"}],"version-history":[{"count":6,"href":"https:\/\/www.mojekonferencje.pl\/blog\/wp-json\/wp\/v2\/posts\/6620\/revisions"}],"predecessor-version":[{"id":6741,"href":"https:\/\/www.mojekonferencje.pl\/blog\/wp-json\/wp\/v2\/posts\/6620\/revisions\/6741"}],"wp:featuredmedia":[{"embeddable":true,"href":"https:\/\/www.mojekonferencje.pl\/blog\/wp-json\/wp\/v2\/media\/6645"}],"wp:attachment":[{"href":"https:\/\/www.mojekonferencje.pl\/blog\/wp-json\/wp\/v2\/media?parent=6620"}],"wp:term":[{"taxonomy":"category","embeddable":true,"href":"https:\/\/www.mojekonferencje.pl\/blog\/wp-json\/wp\/v2\/categories?post=6620"},{"taxonomy":"post_tag","embeddable":true,"href":"https:\/\/www.mojekonferencje.pl\/blog\/wp-json\/wp\/v2\/tags?post=6620"}],"curies":[{"name":"wp","href":"https:\/\/api.w.org\/{rel}","templated":true}]}}