{"id":6931,"date":"2025-05-09T09:00:00","date_gmt":"2025-05-09T07:00:00","guid":{"rendered":"https:\/\/www.mojekonferencje.pl\/blog\/?p=6931"},"modified":"2025-05-08T11:40:41","modified_gmt":"2025-05-08T09:40:41","slug":"event-firmowy-w-palacu-najlepsze-lokalizacje-w-wojewodztwie-dolnoslaskim","status":"publish","type":"post","link":"https:\/\/www.mojekonferencje.pl\/blog\/event-firmowy-w-palacu-najlepsze-lokalizacje-w-wojewodztwie-dolnoslaskim\/","title":{"rendered":"Event firmowy w pa\u0142acu? Najlepsze lokalizacje w wojew\u00f3dztwie dolno\u015bl\u0105skim"},"content":{"rendered":"\n<p><strong>Event firmowy w pa\u0142acu to nie tylko elegancka to szansa na zorganizowanie wydarzenia w przestrzeni pe\u0142nej historii, stylu i niepowtarzalnego klimatu. Dolny \u015al\u0105sk, znany z imponuj\u0105cej liczby odrestaurowanych rezydencji, pa\u0142ac\u00f3w i zamk\u00f3w, oferuje idealne warunki do organizacji spotka\u0144 biznesowych, konferencji, gal czy imprez integracyjnych. <\/strong><\/p>\n\n\n\n<p>Poznaj wybrane lokalizacje dolno\u015bl\u0105skie z profesjonalnym zapleczem eventowym. To miejsca, kt\u00f3re urzekaj\u0105 swoim niepowtarzalnym klimatem.<\/p>\n\n\n\n<figure class=\"wp-block-table\"><table class=\"has-fixed-layout\"><tbody><tr><td><a href=\"https:\/\/www.mojekonferencje.pl\/miedzylesie\/zamek-miedzylesie\">Zamek Mi\u0119dzylesie<\/a><\/td><td><a href=\"https:\/\/www.mojekonferencje.pl\/brzezno\/palac-brzezno\">Pa\u0142ac Brze\u017ano Golf &amp; SPA<\/a><\/td><\/tr><tr><td><a href=\"https:\/\/www.mojekonferencje.pl\/wroclaw\/palac-krobielowice\">Pa\u0142ac Krobielowice<\/a><\/td><td><a href=\"https:\/\/www.mojekonferencje.pl\/jelenia-gora\/palac-wojanow\">Pa\u0142ac Wojan\u00f3w<\/a><\/td><\/tr><tr><td><a href=\"https:\/\/www.mojekonferencje.pl\/zgorzelec\/restauracja-z-hotelem-villatoro\">PA\u0141AC VILLATORO<\/a><\/td><td><a href=\"https:\/\/www.mojekonferencje.pl\/sulislaw\/sulislaw\">Pa\u0142ac Sulis\u0142aw <\/a><\/td><\/tr><\/tbody><\/table><\/figure>\n\n\n\n<h2 class=\"wp-block-heading has-text-align-center\"><a href=\"https:\/\/www.mojekonferencje.pl\/miedzylesie\/zamek-miedzylesie\"><mark style=\"background-color:rgba(0, 0, 0, 0)\" class=\"has-inline-color has-vivid-purple-color\"><span style=\"text-decoration: underline;\">Zamek Mi\u0119dzylesie<\/span><\/mark><\/a><\/h2>\n\n\n\n<p>W samym sercu Dolnego \u015al\u0105ska, u \u017ar\u00f3de\u0142 Nysy K\u0142odzkiej, znajduje si\u0119 niezwyk\u0142e miejsce, gdzie historia splata si\u0119 z nowoczesnym komfortem i wyj\u0105tkow\u0105 atmosfer\u0105. Zamek Mi\u0119dzylesie to zabytkowy kompleks pa\u0142acowo-zamkowy z XIII wieku, po\u0142o\u017cony malowniczo u \u017ar\u00f3de\u0142 Nysy K\u0142odzkiej. w Zamku Mi\u0119dzylesie znajduj\u0105 si\u0119 pokoje w zabytkowej cz\u0119\u015bci zamku oraz nowoczesne pokoje typu studio \u2013<strong> \u0142\u0105cznie dla 69 os\u00f3b<\/strong>.<\/p>\n\n\n\n<p>Zamek oferuje <strong>trzy sale konferencyjne<\/strong>: kameraln\u0105 (40 mkw.), \u015bredni\u0105 (60 mkw.) oraz reprezentacyjn\u0105 Sal\u0119 Szept\u00f3w (160 mkw.), idealn\u0105 na wi\u0119ksze wydarzenia. <strong>Restauracja Ksi\u0105\u017c\u0119cy Sad<\/strong> serwuje dania kuchni polskiej inspirowane staropolskimi recepturami w klimatycznych, barokowych wn\u0119trzach.<\/p>\n\n\n\n<p>Na go\u015bci czekaj\u0105 tak\u017ce malownicze trasy spacerowe i rowerowe i  stoki narciarskie oraz mo\u017cliwo\u015b\u0107 zwiedzania zamkowych komnat.<\/p>\n\n\n\n<p><strong>Zamek Mi\u0119dzylesie<\/strong> to idealne miejsce na wypoczynek, konferencj\u0119 czy wyj\u0105tkowe wydarzenie w historycznym otoczeniu.<\/p>\n\n\n\n<figure class=\"wp-block-gallery has-nested-images columns-default is-cropped wp-block-gallery-1 is-layout-flex wp-block-gallery-is-layout-flex\">\n<figure class=\"wp-block-image size-full\"><a href=\"https:\/\/www.mojekonferencje.pl\/blog\/wp-content\/uploads\/2025\/05\/dji-0407-kopia-1024x768-960x580-1.webp\"><img loading=\"lazy\" decoding=\"async\" width=\"960\" height=\"580\" data-id=\"6932\" src=\"https:\/\/www.mojekonferencje.pl\/blog\/wp-content\/uploads\/2025\/05\/dji-0407-kopia-1024x768-960x580-1.webp\" alt=\"\" class=\"wp-image-6932 lazyload\" data-srcset=\"https:\/\/www.mojekonferencje.pl\/blog\/wp-content\/uploads\/2025\/05\/dji-0407-kopia-1024x768-960x580-1.webp 960w, https:\/\/www.mojekonferencje.pl\/blog\/wp-content\/uploads\/2025\/05\/dji-0407-kopia-1024x768-960x580-1-300x181.webp 300w, https:\/\/www.mojekonferencje.pl\/blog\/wp-content\/uploads\/2025\/05\/dji-0407-kopia-1024x768-960x580-1-768x464.webp 768w\" sizes=\"auto\" \/><\/a><\/figure>\n<\/figure>\n\n\n\n<h2 class=\"wp-block-heading has-text-align-center\"><a href=\"https:\/\/www.mojekonferencje.pl\/brzezno\/palac-brzezno\"><mark style=\"background-color:rgba(0, 0, 0, 0)\" class=\"has-inline-color has-vivid-purple-color\">Pa\u0142ac Brze\u017ano Golf &amp; SPA<\/mark><\/a><\/h2>\n\n\n\n<p>Ukryty w\u015br\u00f3d malowniczych krajobraz\u00f3w Dolnego \u015al\u0105ska, elegancki kompleks pa\u0142acowy w Brze\u017anie to wyj\u0105tkowe miejsce zar\u00f3wno na relaks jak i aktywny wypoczynek. W zabytkowym pa\u0142acu z XIX wieku oraz przyleg\u0142ych obiektach znajduje si\u0119 <strong>41 indywidualnie urz\u0105dzonych pokoi i apartament\u00f3w<\/strong>. Oferuj\u0105 \u0142\u0105cznie <strong>126 miejsc noclegowych<\/strong>.<\/p>\n\n\n\n<p>Go\u015bcie mog\u0105 korzysta\u0107 z przestronnych wn\u0119trz, wy\u015bmienitej kuchni, <strong>strefy SPA &amp; Wellness<\/strong> z t\u0119\u017cni\u0105 solankow\u0105, \u0142a\u017aniami piwnymi i prysznicem wra\u017ce\u0144. W Pa\u0142acu Brze\u017ano Golf &amp; SPA jest tak\u017ce szereg udogodnie\u0144 sportowych: dwa korty tenisowe, boiska i mini golf oraz malownicze trasy pieszo-rowerowe. Na terenie obiektu mie\u015bci si\u0119 profesjonalne 18-do\u0142kowe pole golfowe Gradi Golf Club (PAR 71) oraz 6-do\u0142kowe pole treningowe.<\/p>\n\n\n\n<p>Dla firm przygotowano <strong>komfortowe zaplecze konferencyjne z salami mieszcz\u0105cymi do 70 os\u00f3b<\/strong> oraz przestrzeni\u0105 do pracy w grupach. Altana i namiot w parku, a tak\u017ce rozleg\u0142e tereny zielone pozwalaj\u0105 na organizacj\u0119 wydarze\u0144 plenerowych<strong> nawet dla 2000 os\u00f3b<\/strong>.<\/p>\n\n\n\n<p>To idealna przestrze\u0144 dla os\u00f3b ceni\u0105cych spok\u00f3j, elegancj\u0119 i aktywno\u015b\u0107 w wyj\u0105tkowej oprawie historycznego pa\u0142acu.<\/p>\n\n\n\n<figure class=\"wp-block-gallery has-nested-images columns-default is-cropped wp-block-gallery-2 is-layout-flex wp-block-gallery-is-layout-flex\">\n<figure class=\"wp-block-image size-full\"><a href=\"https:\/\/www.mojekonferencje.pl\/blog\/wp-content\/uploads\/2025\/05\/dsc-9457-2-960x580-1.webp\"><img loading=\"lazy\" decoding=\"async\" width=\"960\" height=\"580\" data-id=\"6933\" src=\"https:\/\/www.mojekonferencje.pl\/blog\/wp-content\/uploads\/2025\/05\/dsc-9457-2-960x580-1.webp\" alt=\"\" class=\"wp-image-6933 lazyload\" data-srcset=\"https:\/\/www.mojekonferencje.pl\/blog\/wp-content\/uploads\/2025\/05\/dsc-9457-2-960x580-1.webp 960w, https:\/\/www.mojekonferencje.pl\/blog\/wp-content\/uploads\/2025\/05\/dsc-9457-2-960x580-1-300x181.webp 300w, https:\/\/www.mojekonferencje.pl\/blog\/wp-content\/uploads\/2025\/05\/dsc-9457-2-960x580-1-768x464.webp 768w\" sizes=\"auto\" \/><\/a><\/figure>\n<\/figure>\n\n\n\n<h2 class=\"wp-block-heading has-text-align-center\"><a href=\"https:\/\/www.mojekonferencje.pl\/wroclaw\/palac-krobielowice\"><mark style=\"background-color:rgba(0, 0, 0, 0)\" class=\"has-inline-color has-vivid-purple-color\">Pa\u0142ac Krobielowice<\/mark><\/a><\/h2>\n\n\n\n<p>Zaledwie 20 km od Wroc\u0142awia i 4 km od autostrady A4 znajduje si\u0119 wyj\u0105tkowy <strong>Pa\u0142ac Krobielowice<\/strong>. Ten renesansowo-barokowy obiekt po\u0142o\u017cony jest w sercu Parku Krajobrazowego Doliny Bystrzycy, co gwarantuje spokojne otoczenie i pi\u0119kne widoki. Pa\u0142ac oferuje <strong>noclegi w stylowych pokojach <\/strong>w zabytkowym budynku oraz w nowoczesnych apartamentach w XIX-wiecznej oficynie. Go\u015bcie maj\u0105 do dyspozycji restauracj\u0119 z kuchni\u0105 polsk\u0105 i mi\u0119dzynarodow\u0105, bezp\u0142atny parking, saun\u0119 fi\u0144sk\u0105 oraz klimatyczn\u0105 palarni\u0119 kawy Vaile Coffee.<\/p>\n\n\n\n<p>Obiekt dysponuje<strong> pi\u0119cioma salami konferencyjnymi<\/strong> z dost\u0119pem do \u015bwiat\u0142a dziennego i Wi-Fi. Czyni go to idealnym miejscem na szkolenia, spotkania biznesowe i eventy firmowe.<\/p>\n\n\n\n<p>Dodatkowo mo\u017cna skorzysta\u0107 z oferty warsztat\u00f3w kawowych, winiarskich i kulinarnych, a tak\u017ce zaj\u0119\u0107 tanecznych, gier zespo\u0142owych oraz zabaw z DJ-em. Na \u017cyczenie organizowane s\u0105 tak\u017ce grille plenerowe.<\/p>\n\n\n\n<figure class=\"wp-block-gallery has-nested-images columns-default is-cropped wp-block-gallery-3 is-layout-flex wp-block-gallery-is-layout-flex\">\n<figure class=\"wp-block-image size-full\"><a href=\"https:\/\/www.mojekonferencje.pl\/blog\/wp-content\/uploads\/2025\/05\/palac-jesienia-960x580-1.webp\"><img loading=\"lazy\" decoding=\"async\" width=\"960\" height=\"580\" data-id=\"6934\" src=\"https:\/\/www.mojekonferencje.pl\/blog\/wp-content\/uploads\/2025\/05\/palac-jesienia-960x580-1.webp\" alt=\"\" class=\"wp-image-6934 lazyload\" data-srcset=\"https:\/\/www.mojekonferencje.pl\/blog\/wp-content\/uploads\/2025\/05\/palac-jesienia-960x580-1.webp 960w, https:\/\/www.mojekonferencje.pl\/blog\/wp-content\/uploads\/2025\/05\/palac-jesienia-960x580-1-300x181.webp 300w, https:\/\/www.mojekonferencje.pl\/blog\/wp-content\/uploads\/2025\/05\/palac-jesienia-960x580-1-768x464.webp 768w\" sizes=\"auto\" \/><\/a><\/figure>\n<\/figure>\n\n\n\n<h2 class=\"wp-block-heading has-text-align-center\"><a href=\"https:\/\/www.mojekonferencje.pl\/jelenia-gora\/palac-wojanow\"><mark style=\"background-color:rgba(0, 0, 0, 0)\" class=\"has-inline-color has-vivid-purple-color\">Pa\u0142ac Wojan\u00f3w<\/mark><\/a><\/h2>\n\n\n\n<p>Nast\u0119pn\u0105 propozcyj\u0105 na event jest <strong>Pa\u0142ac Wojan\u00f3w<\/strong>. To elegancki kompleks konferencyjno-hotelowy po\u0142o\u017cony w Jeleniej G\u00f3rze, na terenie 16-hektarowego parku. Obiekt mie\u015bci si\u0119 w pi\u0119ciu zabytkowych budynkach i oferuje 9<strong>1 stylowych pokoi, w tym 19 luksusowych apartament\u00f3w<\/strong>. \u0141\u0105cznie mo\u017ce przyj\u0105\u0107 <strong>do 196 go\u015bci<\/strong>.<\/p>\n\n\n\n<p>Do dyspozycji organizator\u00f3w wydarze\u0144 jest<strong> 6 sal konferencyjnych <\/strong>z nowoczesnym zapleczem multimedialnym, w tym przestronna Sala Wojanowska (230 mkw.) oraz bankietowa Sala Kasztanowa z Oran\u017ceri\u0105. Sale sprawdzaj\u0105 si\u0119 zar\u00f3wno podczas du\u017cych konferencji, jak i kameralnych szkole\u0144.<\/p>\n\n\n\n<p>Na terenie kompleksu dzia\u0142aj\u0105 dwie restauracje serwuj\u0105ce dania kuchni europejskiej \u2013 <strong>Ogrodowa z widokiem na park i Kasztanowa w dawnej stajni<\/strong>. Obiekt oferuje tak\u017ce <strong>stref\u0119 SPA &amp; Wellness<\/strong> z basenem, saunami, jacuzzi i gabinetami zabiegowymi. Go\u015bcie mog\u0105 korzysta\u0107 z kort\u00f3w tenisowych, boiska, wypo\u017cyczalni rower\u00f3w oraz tras spacerowych i biegowych.<\/p>\n\n\n\n<figure class=\"wp-block-gallery has-nested-images columns-default is-cropped wp-block-gallery-4 is-layout-flex wp-block-gallery-is-layout-flex\">\n<figure class=\"wp-block-image size-full\"><a href=\"https:\/\/www.mojekonferencje.pl\/blog\/wp-content\/uploads\/2025\/05\/ign-0473-960x580-1.webp\"><img loading=\"lazy\" decoding=\"async\" width=\"960\" height=\"580\" data-id=\"6935\" src=\"https:\/\/www.mojekonferencje.pl\/blog\/wp-content\/uploads\/2025\/05\/ign-0473-960x580-1.webp\" alt=\"\" class=\"wp-image-6935 lazyload\" data-srcset=\"https:\/\/www.mojekonferencje.pl\/blog\/wp-content\/uploads\/2025\/05\/ign-0473-960x580-1.webp 960w, https:\/\/www.mojekonferencje.pl\/blog\/wp-content\/uploads\/2025\/05\/ign-0473-960x580-1-300x181.webp 300w, https:\/\/www.mojekonferencje.pl\/blog\/wp-content\/uploads\/2025\/05\/ign-0473-960x580-1-768x464.webp 768w\" sizes=\"auto\" \/><\/a><\/figure>\n<\/figure>\n\n\n\n<h2 class=\"wp-block-heading has-text-align-center\"><a href=\"https:\/\/www.mojekonferencje.pl\/zgorzelec\/restauracja-z-hotelem-villatoro\"><mark style=\"background-color:rgba(0, 0, 0, 0)\" class=\"has-inline-color has-vivid-purple-color\">PA\u0141AC VILLATORO<\/mark><\/a><\/h2>\n\n\n\n<p>W samym sercu Zgorzelca znajduje si\u0119 wyj\u0105tkowe miejsce na najwy\u017cszym poziomie \u2013<strong> Pa\u0142ac Villatoro<\/strong>. Jest to stylowy obiekt, kt\u00f3ry oferuje<strong> 8 zr\u00f3\u017cnicowanych sal <\/strong>idealnych na konferencje, szkolenia i przyj\u0119cia w tym Sal\u0119 Bankietow\u0105 <strong>dla 200 os\u00f3b<\/strong>. Wszystkie przestrzenie s\u0105 klimatyzowane i wyposa\u017cone w nowoczesny sprz\u0119t AV.<\/p>\n\n\n\n<p>Obiekt<strong> dysponuje luksusowymi pokojami<\/strong> \u2013 wszystkie z prywatnymi \u0142azienkami, klimatyzacj\u0105, Wi-Fi i miejscem do pracy.<\/p>\n\n\n\n<p><strong>Restauracja Villatoro<\/strong> serwuje wykwintne dania z sezonowanych mi\u0119s, owoc\u00f3w morza i selekcjonowanych produkt\u00f3w. Menu jest uzupe\u0142nione o bogat\u0105 kart\u0119 win i aromatyczn\u0105 kaw\u0119 z kawiarni.<\/p>\n\n\n\n<p>To idealne miejsce na pobyt, wydarzenie lub kulinarn\u0105 podr\u00f3\u017c w wyj\u0105tkowym stylu.<\/p>\n\n\n\n<figure class=\"wp-block-gallery has-nested-images columns-default is-cropped wp-block-gallery-5 is-layout-flex wp-block-gallery-is-layout-flex\">\n<figure class=\"wp-block-image size-full\"><a href=\"https:\/\/www.mojekonferencje.pl\/blog\/wp-content\/uploads\/2025\/05\/img-1975m-960x580-1.webp\"><img loading=\"lazy\" decoding=\"async\" width=\"960\" height=\"580\" data-id=\"6936\" src=\"https:\/\/www.mojekonferencje.pl\/blog\/wp-content\/uploads\/2025\/05\/img-1975m-960x580-1.webp\" alt=\"\" class=\"wp-image-6936 lazyload\" data-srcset=\"https:\/\/www.mojekonferencje.pl\/blog\/wp-content\/uploads\/2025\/05\/img-1975m-960x580-1.webp 960w, https:\/\/www.mojekonferencje.pl\/blog\/wp-content\/uploads\/2025\/05\/img-1975m-960x580-1-300x181.webp 300w, https:\/\/www.mojekonferencje.pl\/blog\/wp-content\/uploads\/2025\/05\/img-1975m-960x580-1-768x464.webp 768w\" sizes=\"auto\" \/><\/a><\/figure>\n<\/figure>\n\n\n\n<h2 class=\"wp-block-heading has-text-align-center\"><a href=\"https:\/\/www.mojekonferencje.pl\/sulislaw\/sulislaw\"><mark style=\"background-color:rgba(0, 0, 0, 0)\" class=\"has-inline-color has-vivid-purple-color\">Pa\u0142ac Sulis\u0142aw<\/mark><\/a><\/h2>\n\n\n\n<p>Kolejnym na li\u015bcie pa\u0142acem na eventy firmowe jest <strong>Resort Sulis\u0142aw<\/strong>. Pa\u0142ac oferuje<strong> 7 przestronnych i zr\u00f3\u017cnicowanych sal o powierzchni od 30 do 440 m\u00b2<\/strong>. Szczeg\u00f3lne miejsce w\u015br\u00f3d nich zajmuje <strong>Sala Kongresowa<\/strong>. Na bardziej kameralne okazje doskonale sprawdz\u0105 si\u0119 stylowe wn\u0119trza<strong> Sali Balowej, My\u015bliwskiej czy Kolumnowe<\/strong>j.<\/p>\n\n\n\n<p>Uczestnikom spotka\u0144 zapewniony jest komfortowy pobyt. Resort dysponuje 100 pokojami w standardzie 3* i 5*, oferuj\u0105c \u0142\u0105cznie <strong>oko\u0142o 220 miejsc noclegowych<\/strong>. Go\u015bcie mog\u0105 r\u00f3wnie\u017c liczy\u0107 na wykwintn\u0105 kuchni\u0119. <strong>Restauracja Graf<\/strong> serwuje dania kuchni polskiej i mi\u0119dzynarodowej, wykorzystuj\u0105c lokalne produkty, takie jak miody z w\u0142asnej pasieki czy przetwory z pa\u0142acowego sadu.<\/p>\n\n\n\n<p>Dodatkowo na terenie resortu znajduj\u0105 si\u0119: <\/p>\n\n\n\n<ul class=\"wp-block-list\">\n<li>basen z przeciwpr\u0105dem i jacuzzi,<\/li>\n\n\n\n<li> kompleks SPA z \u0142a\u017aniami i masa\u017cami ajurwedyjskimi,<\/li>\n\n\n\n<li> pe\u0142nowymiarowa hala sportowa<\/li>\n\n\n\n<li> profesjonalna sala do jogi.<\/li>\n<\/ul>\n\n\n\n<p>Na \u015bwie\u017cym powietrzu czekaj\u0105: marina z pla\u017c\u0105 i miejscem na ognisko, stawy rybne, pole do golfa oraz zabytkowy park. <\/p>\n\n\n\n<figure class=\"wp-block-gallery has-nested-images columns-default is-cropped wp-block-gallery-6 is-layout-flex wp-block-gallery-is-layout-flex\">\n<figure class=\"wp-block-image size-full\"><a href=\"https:\/\/www.mojekonferencje.pl\/blog\/wp-content\/uploads\/2025\/05\/resort-sulislaw-1-960x580-1.webp\"><img loading=\"lazy\" decoding=\"async\" width=\"960\" height=\"580\" data-id=\"6937\" src=\"https:\/\/www.mojekonferencje.pl\/blog\/wp-content\/uploads\/2025\/05\/resort-sulislaw-1-960x580-1.webp\" alt=\"\" class=\"wp-image-6937 lazyload\" data-srcset=\"https:\/\/www.mojekonferencje.pl\/blog\/wp-content\/uploads\/2025\/05\/resort-sulislaw-1-960x580-1.webp 960w, https:\/\/www.mojekonferencje.pl\/blog\/wp-content\/uploads\/2025\/05\/resort-sulislaw-1-960x580-1-300x181.webp 300w, https:\/\/www.mojekonferencje.pl\/blog\/wp-content\/uploads\/2025\/05\/resort-sulislaw-1-960x580-1-768x464.webp 768w\" sizes=\"auto\" \/><\/a><\/figure>\n<\/figure>\n\n\n\n<p><\/p>\n\n\n\n<p>Pa\u0142ace Dolnego \u015al\u0105ska to miejsca, kt\u00f3re oferuj\u0105 wyj\u0105tkowe warunki do organizacji wydarze\u0144 biznesowych. Niezale\u017cnie od tego, czy celem jest to event firmowy czy integracyjna impreza plenerowa \u2013 ka\u017cdy znajdzie idealne miejsce dla swojej firmy.  Pa\u0142ace Dolnego \u015al\u0105ska to miejsca, kt\u00f3re oferuj\u0105 wyj\u0105tkowe warunki do organizacji wydarze\u0144 biznesowych. <\/p>\n\n\n\n<p>Je\u015bli szukasz inspiracji na organizacj\u0119 wydarze\u0144 w luksusowym otoczeniu, koniecznie zajrzyj do naszego artyku\u0142u przedstawiaj\u0105cego<a href=\"https:\/\/www.mojekonferencje.pl\/blog\/luksusowe-hotele-dolnoslaskie\/\"> luksusowe hotele na Dolnym \u015al\u0105sku<\/a> :).<\/p>\n","protected":false},"excerpt":{"rendered":"<p>Event firmowy w pa\u0142acu to elegancja, historia i niepowtarzalny klimat. Dolny \u015al\u0105sk oferuje doskona\u0142e miejsca na eventy firmowe. Poznaj wyj\u0105tkowe lokalizacje z profesjonalnym zapleczem.<\/p>\n","protected":false},"author":21,"featured_media":6941,"comment_status":"closed","ping_status":"closed","sticky":false,"template":"","format":"standard","meta":{"_acf_changed":false,"footnotes":""},"categories":[12,8,175],"tags":[387,385,354,386,20],"class_list":["post-6931","post","type-post","status-publish","format-standard","has-post-thumbnail","hentry","category-nietypowe-konferencje","category-porady","category-wybieranie-miejsca-konferencyjnego","tag-dolny-slask","tag-eventy-firmowy","tag-organizacja-wydarzen","tag-palace-na-dolnym-slasku","tag-spotkania-biznesowe"],"acf":[],"yoast_head":"<!-- This site is optimized with the Yoast SEO plugin v27.1.1 - https:\/\/yoast.com\/product\/yoast-seo-wordpress\/ -->\n<title>Event firmowy w pa\u0142acu? Najlepsze lokalizacje w wojew\u00f3dztwie dolno\u015bl\u0105skim - blog | MojeKonferencje.pl<\/title>\n<meta name=\"description\" content=\"Event firmowy w pa\u0142acu? Najlepsze lokalizacje w wojew\u00f3dztwie dolno\u015bl\u0105skim - blog | MojeKonferencje.pl\" \/>\n<meta name=\"robots\" content=\"index, follow, max-snippet:-1, max-image-preview:large, max-video-preview:-1\" \/>\n<link rel=\"canonical\" href=\"https:\/\/www.mojekonferencje.pl\/blog\/event-firmowy-w-palacu-najlepsze-lokalizacje-w-wojewodztwie-dolnoslaskim\/\" \/>\n<meta property=\"og:locale\" content=\"pl_PL\" \/>\n<meta property=\"og:type\" content=\"article\" \/>\n<meta property=\"og:title\" content=\"Event firmowy w pa\u0142acu? Najlepsze lokalizacje w wojew\u00f3dztwie dolno\u015bl\u0105skim - blog | MojeKonferencje.pl\" \/>\n<meta property=\"og:description\" content=\"Event firmowy w pa\u0142acu? Najlepsze lokalizacje w wojew\u00f3dztwie dolno\u015bl\u0105skim - blog | MojeKonferencje.pl\" \/>\n<meta property=\"og:url\" content=\"https:\/\/www.mojekonferencje.pl\/blog\/event-firmowy-w-palacu-najlepsze-lokalizacje-w-wojewodztwie-dolnoslaskim\/\" \/>\n<meta property=\"og:site_name\" content=\"MojeKonferencje.pl\" \/>\n<meta property=\"article:published_time\" content=\"2025-05-09T07:00:00+00:00\" \/>\n<meta property=\"og:image\" content=\"https:\/\/www.mojekonferencje.pl\/blog\/wp-content\/uploads\/2025\/05\/Fotoram.io-25.jpg\" \/>\n\t<meta property=\"og:image:width\" content=\"1200\" \/>\n\t<meta property=\"og:image:height\" content=\"708\" \/>\n\t<meta property=\"og:image:type\" content=\"image\/jpeg\" \/>\n<meta name=\"author\" content=\"Julia Gadomska\" \/>\n<meta name=\"twitter:card\" content=\"summary_large_image\" \/>\n<meta name=\"twitter:label1\" content=\"Napisane przez\" \/>\n\t<meta name=\"twitter:data1\" content=\"Julia Gadomska\" \/>\n\t<meta name=\"twitter:label2\" content=\"Szacowany czas czytania\" \/>\n\t<meta name=\"twitter:data2\" content=\"7 minut\" \/>\n<script type=\"application\/ld+json\" class=\"yoast-schema-graph\">{\"@context\":\"https:\/\/schema.org\",\"@graph\":[{\"@type\":\"Article\",\"@id\":\"https:\/\/www.mojekonferencje.pl\/blog\/event-firmowy-w-palacu-najlepsze-lokalizacje-w-wojewodztwie-dolnoslaskim\/#article\",\"isPartOf\":{\"@id\":\"https:\/\/www.mojekonferencje.pl\/blog\/event-firmowy-w-palacu-najlepsze-lokalizacje-w-wojewodztwie-dolnoslaskim\/\"},\"author\":{\"name\":\"Julia Gadomska\",\"@id\":\"https:\/\/www.mojekonferencje.pl\/blog\/#\/schema\/person\/7d6985dc3741882ea12e03b1c3997043\"},\"headline\":\"Event firmowy w pa\u0142acu? Najlepsze lokalizacje w wojew\u00f3dztwie dolno\u015bl\u0105skim\",\"datePublished\":\"2025-05-09T07:00:00+00:00\",\"mainEntityOfPage\":{\"@id\":\"https:\/\/www.mojekonferencje.pl\/blog\/event-firmowy-w-palacu-najlepsze-lokalizacje-w-wojewodztwie-dolnoslaskim\/\"},\"wordCount\":1080,\"image\":{\"@id\":\"https:\/\/www.mojekonferencje.pl\/blog\/event-firmowy-w-palacu-najlepsze-lokalizacje-w-wojewodztwie-dolnoslaskim\/#primaryimage\"},\"thumbnailUrl\":\"https:\/\/www.mojekonferencje.pl\/blog\/wp-content\/uploads\/2025\/05\/Fotoram.io-25.jpg\",\"keywords\":[\"Dolny \u015al\u0105sk\",\"eventy firmowy\",\"organizacja wydarze\u0144\",\"pa\u0142ace na Dolnym \u015al\u0105sku\",\"spotkania biznesowe\"],\"articleSection\":[\"(Nie)typowe konferencje\",\"Porady\",\"Wybieranie miejsca konferencyjnego\"],\"inLanguage\":\"pl-PL\"},{\"@type\":\"WebPage\",\"@id\":\"https:\/\/www.mojekonferencje.pl\/blog\/event-firmowy-w-palacu-najlepsze-lokalizacje-w-wojewodztwie-dolnoslaskim\/\",\"url\":\"https:\/\/www.mojekonferencje.pl\/blog\/event-firmowy-w-palacu-najlepsze-lokalizacje-w-wojewodztwie-dolnoslaskim\/\",\"name\":\"Event firmowy w pa\u0142acu? Najlepsze lokalizacje w wojew\u00f3dztwie dolno\u015bl\u0105skim - blog | MojeKonferencje.pl\",\"isPartOf\":{\"@id\":\"https:\/\/www.mojekonferencje.pl\/blog\/#website\"},\"primaryImageOfPage\":{\"@id\":\"https:\/\/www.mojekonferencje.pl\/blog\/event-firmowy-w-palacu-najlepsze-lokalizacje-w-wojewodztwie-dolnoslaskim\/#primaryimage\"},\"image\":{\"@id\":\"https:\/\/www.mojekonferencje.pl\/blog\/event-firmowy-w-palacu-najlepsze-lokalizacje-w-wojewodztwie-dolnoslaskim\/#primaryimage\"},\"thumbnailUrl\":\"https:\/\/www.mojekonferencje.pl\/blog\/wp-content\/uploads\/2025\/05\/Fotoram.io-25.jpg\",\"datePublished\":\"2025-05-09T07:00:00+00:00\",\"author\":{\"@id\":\"https:\/\/www.mojekonferencje.pl\/blog\/#\/schema\/person\/7d6985dc3741882ea12e03b1c3997043\"},\"description\":\"Event firmowy w pa\u0142acu? Najlepsze lokalizacje w wojew\u00f3dztwie dolno\u015bl\u0105skim - blog | MojeKonferencje.pl\",\"breadcrumb\":{\"@id\":\"https:\/\/www.mojekonferencje.pl\/blog\/event-firmowy-w-palacu-najlepsze-lokalizacje-w-wojewodztwie-dolnoslaskim\/#breadcrumb\"},\"inLanguage\":\"pl-PL\",\"potentialAction\":[{\"@type\":\"ReadAction\",\"target\":[\"https:\/\/www.mojekonferencje.pl\/blog\/event-firmowy-w-palacu-najlepsze-lokalizacje-w-wojewodztwie-dolnoslaskim\/\"]}]},{\"@type\":\"ImageObject\",\"inLanguage\":\"pl-PL\",\"@id\":\"https:\/\/www.mojekonferencje.pl\/blog\/event-firmowy-w-palacu-najlepsze-lokalizacje-w-wojewodztwie-dolnoslaskim\/#primaryimage\",\"url\":\"https:\/\/www.mojekonferencje.pl\/blog\/wp-content\/uploads\/2025\/05\/Fotoram.io-25.jpg\",\"contentUrl\":\"https:\/\/www.mojekonferencje.pl\/blog\/wp-content\/uploads\/2025\/05\/Fotoram.io-25.jpg\",\"width\":1200,\"height\":708,\"caption\":\"Event firmowy w pa\u0142acu - dolno\u015bl\u0105ske\"},{\"@type\":\"BreadcrumbList\",\"@id\":\"https:\/\/www.mojekonferencje.pl\/blog\/event-firmowy-w-palacu-najlepsze-lokalizacje-w-wojewodztwie-dolnoslaskim\/#breadcrumb\",\"itemListElement\":[{\"@type\":\"ListItem\",\"position\":1,\"name\":\"Strona g\u0142\u00f3wna\",\"item\":\"https:\/\/www.mojekonferencje.pl\/blog\/\"},{\"@type\":\"ListItem\",\"position\":2,\"name\":\"Event firmowy w pa\u0142acu? Najlepsze lokalizacje w wojew\u00f3dztwie dolno\u015bl\u0105skim\"}]},{\"@type\":\"WebSite\",\"@id\":\"https:\/\/www.mojekonferencje.pl\/blog\/#website\",\"url\":\"https:\/\/www.mojekonferencje.pl\/blog\/\",\"name\":\"MojeKonferencje.pl\",\"description\":\"Blog bran\u017cy szkoleniowo-konferencyjnej. W\u0142\u0105cz si\u0119 do dyskusji o obiektach konferencyjnych i nowo\u015bciach z bran\u017cy! Poznaj porady odno\u015bnie organizacji konferencji, szkole\u0144 i event\u00f3w firmowych! Zach\u0119camy do wyra\u017cania opinii oraz komentarzy.\",\"potentialAction\":[{\"@type\":\"SearchAction\",\"target\":{\"@type\":\"EntryPoint\",\"urlTemplate\":\"https:\/\/www.mojekonferencje.pl\/blog\/?s={search_term_string}\"},\"query-input\":{\"@type\":\"PropertyValueSpecification\",\"valueRequired\":true,\"valueName\":\"search_term_string\"}}],\"inLanguage\":\"pl-PL\"},{\"@type\":\"Person\",\"@id\":\"https:\/\/www.mojekonferencje.pl\/blog\/#\/schema\/person\/7d6985dc3741882ea12e03b1c3997043\",\"name\":\"Julia Gadomska\",\"url\":\"https:\/\/www.mojekonferencje.pl\/blog\/author\/julia-gadomska\/\"}]}<\/script>\n<!-- \/ Yoast SEO plugin. -->","yoast_head_json":{"title":"Event firmowy w pa\u0142acu? Najlepsze lokalizacje w wojew\u00f3dztwie dolno\u015bl\u0105skim - blog | MojeKonferencje.pl","description":"Event firmowy w pa\u0142acu? Najlepsze lokalizacje w wojew\u00f3dztwie dolno\u015bl\u0105skim - blog | MojeKonferencje.pl","robots":{"index":"index","follow":"follow","max-snippet":"max-snippet:-1","max-image-preview":"max-image-preview:large","max-video-preview":"max-video-preview:-1"},"canonical":"https:\/\/www.mojekonferencje.pl\/blog\/event-firmowy-w-palacu-najlepsze-lokalizacje-w-wojewodztwie-dolnoslaskim\/","og_locale":"pl_PL","og_type":"article","og_title":"Event firmowy w pa\u0142acu? Najlepsze lokalizacje w wojew\u00f3dztwie dolno\u015bl\u0105skim - blog | MojeKonferencje.pl","og_description":"Event firmowy w pa\u0142acu? Najlepsze lokalizacje w wojew\u00f3dztwie dolno\u015bl\u0105skim - blog | MojeKonferencje.pl","og_url":"https:\/\/www.mojekonferencje.pl\/blog\/event-firmowy-w-palacu-najlepsze-lokalizacje-w-wojewodztwie-dolnoslaskim\/","og_site_name":"MojeKonferencje.pl","article_published_time":"2025-05-09T07:00:00+00:00","og_image":[{"width":1200,"height":708,"url":"https:\/\/www.mojekonferencje.pl\/blog\/wp-content\/uploads\/2025\/05\/Fotoram.io-25.jpg","type":"image\/jpeg"}],"author":"Julia Gadomska","twitter_card":"summary_large_image","twitter_misc":{"Napisane przez":"Julia Gadomska","Szacowany czas czytania":"7 minut"},"schema":{"@context":"https:\/\/schema.org","@graph":[{"@type":"Article","@id":"https:\/\/www.mojekonferencje.pl\/blog\/event-firmowy-w-palacu-najlepsze-lokalizacje-w-wojewodztwie-dolnoslaskim\/#article","isPartOf":{"@id":"https:\/\/www.mojekonferencje.pl\/blog\/event-firmowy-w-palacu-najlepsze-lokalizacje-w-wojewodztwie-dolnoslaskim\/"},"author":{"name":"Julia Gadomska","@id":"https:\/\/www.mojekonferencje.pl\/blog\/#\/schema\/person\/7d6985dc3741882ea12e03b1c3997043"},"headline":"Event firmowy w pa\u0142acu? Najlepsze lokalizacje w wojew\u00f3dztwie dolno\u015bl\u0105skim","datePublished":"2025-05-09T07:00:00+00:00","mainEntityOfPage":{"@id":"https:\/\/www.mojekonferencje.pl\/blog\/event-firmowy-w-palacu-najlepsze-lokalizacje-w-wojewodztwie-dolnoslaskim\/"},"wordCount":1080,"image":{"@id":"https:\/\/www.mojekonferencje.pl\/blog\/event-firmowy-w-palacu-najlepsze-lokalizacje-w-wojewodztwie-dolnoslaskim\/#primaryimage"},"thumbnailUrl":"https:\/\/www.mojekonferencje.pl\/blog\/wp-content\/uploads\/2025\/05\/Fotoram.io-25.jpg","keywords":["Dolny \u015al\u0105sk","eventy firmowy","organizacja wydarze\u0144","pa\u0142ace na Dolnym \u015al\u0105sku","spotkania biznesowe"],"articleSection":["(Nie)typowe konferencje","Porady","Wybieranie miejsca konferencyjnego"],"inLanguage":"pl-PL"},{"@type":"WebPage","@id":"https:\/\/www.mojekonferencje.pl\/blog\/event-firmowy-w-palacu-najlepsze-lokalizacje-w-wojewodztwie-dolnoslaskim\/","url":"https:\/\/www.mojekonferencje.pl\/blog\/event-firmowy-w-palacu-najlepsze-lokalizacje-w-wojewodztwie-dolnoslaskim\/","name":"Event firmowy w pa\u0142acu? Najlepsze lokalizacje w wojew\u00f3dztwie dolno\u015bl\u0105skim - blog | MojeKonferencje.pl","isPartOf":{"@id":"https:\/\/www.mojekonferencje.pl\/blog\/#website"},"primaryImageOfPage":{"@id":"https:\/\/www.mojekonferencje.pl\/blog\/event-firmowy-w-palacu-najlepsze-lokalizacje-w-wojewodztwie-dolnoslaskim\/#primaryimage"},"image":{"@id":"https:\/\/www.mojekonferencje.pl\/blog\/event-firmowy-w-palacu-najlepsze-lokalizacje-w-wojewodztwie-dolnoslaskim\/#primaryimage"},"thumbnailUrl":"https:\/\/www.mojekonferencje.pl\/blog\/wp-content\/uploads\/2025\/05\/Fotoram.io-25.jpg","datePublished":"2025-05-09T07:00:00+00:00","author":{"@id":"https:\/\/www.mojekonferencje.pl\/blog\/#\/schema\/person\/7d6985dc3741882ea12e03b1c3997043"},"description":"Event firmowy w pa\u0142acu? Najlepsze lokalizacje w wojew\u00f3dztwie dolno\u015bl\u0105skim - blog | MojeKonferencje.pl","breadcrumb":{"@id":"https:\/\/www.mojekonferencje.pl\/blog\/event-firmowy-w-palacu-najlepsze-lokalizacje-w-wojewodztwie-dolnoslaskim\/#breadcrumb"},"inLanguage":"pl-PL","potentialAction":[{"@type":"ReadAction","target":["https:\/\/www.mojekonferencje.pl\/blog\/event-firmowy-w-palacu-najlepsze-lokalizacje-w-wojewodztwie-dolnoslaskim\/"]}]},{"@type":"ImageObject","inLanguage":"pl-PL","@id":"https:\/\/www.mojekonferencje.pl\/blog\/event-firmowy-w-palacu-najlepsze-lokalizacje-w-wojewodztwie-dolnoslaskim\/#primaryimage","url":"https:\/\/www.mojekonferencje.pl\/blog\/wp-content\/uploads\/2025\/05\/Fotoram.io-25.jpg","contentUrl":"https:\/\/www.mojekonferencje.pl\/blog\/wp-content\/uploads\/2025\/05\/Fotoram.io-25.jpg","width":1200,"height":708,"caption":"Event firmowy w pa\u0142acu - dolno\u015bl\u0105ske"},{"@type":"BreadcrumbList","@id":"https:\/\/www.mojekonferencje.pl\/blog\/event-firmowy-w-palacu-najlepsze-lokalizacje-w-wojewodztwie-dolnoslaskim\/#breadcrumb","itemListElement":[{"@type":"ListItem","position":1,"name":"Strona g\u0142\u00f3wna","item":"https:\/\/www.mojekonferencje.pl\/blog\/"},{"@type":"ListItem","position":2,"name":"Event firmowy w pa\u0142acu? Najlepsze lokalizacje w wojew\u00f3dztwie dolno\u015bl\u0105skim"}]},{"@type":"WebSite","@id":"https:\/\/www.mojekonferencje.pl\/blog\/#website","url":"https:\/\/www.mojekonferencje.pl\/blog\/","name":"MojeKonferencje.pl","description":"Blog bran\u017cy szkoleniowo-konferencyjnej. W\u0142\u0105cz si\u0119 do dyskusji o obiektach konferencyjnych i nowo\u015bciach z bran\u017cy! Poznaj porady odno\u015bnie organizacji konferencji, szkole\u0144 i event\u00f3w firmowych! Zach\u0119camy do wyra\u017cania opinii oraz komentarzy.","potentialAction":[{"@type":"SearchAction","target":{"@type":"EntryPoint","urlTemplate":"https:\/\/www.mojekonferencje.pl\/blog\/?s={search_term_string}"},"query-input":{"@type":"PropertyValueSpecification","valueRequired":true,"valueName":"search_term_string"}}],"inLanguage":"pl-PL"},{"@type":"Person","@id":"https:\/\/www.mojekonferencje.pl\/blog\/#\/schema\/person\/7d6985dc3741882ea12e03b1c3997043","name":"Julia Gadomska","url":"https:\/\/www.mojekonferencje.pl\/blog\/author\/julia-gadomska\/"}]}},"_links":{"self":[{"href":"https:\/\/www.mojekonferencje.pl\/blog\/wp-json\/wp\/v2\/posts\/6931","targetHints":{"allow":["GET"]}}],"collection":[{"href":"https:\/\/www.mojekonferencje.pl\/blog\/wp-json\/wp\/v2\/posts"}],"about":[{"href":"https:\/\/www.mojekonferencje.pl\/blog\/wp-json\/wp\/v2\/types\/post"}],"author":[{"embeddable":true,"href":"https:\/\/www.mojekonferencje.pl\/blog\/wp-json\/wp\/v2\/users\/21"}],"replies":[{"embeddable":true,"href":"https:\/\/www.mojekonferencje.pl\/blog\/wp-json\/wp\/v2\/comments?post=6931"}],"version-history":[{"count":4,"href":"https:\/\/www.mojekonferencje.pl\/blog\/wp-json\/wp\/v2\/posts\/6931\/revisions"}],"predecessor-version":[{"id":6942,"href":"https:\/\/www.mojekonferencje.pl\/blog\/wp-json\/wp\/v2\/posts\/6931\/revisions\/6942"}],"wp:featuredmedia":[{"embeddable":true,"href":"https:\/\/www.mojekonferencje.pl\/blog\/wp-json\/wp\/v2\/media\/6941"}],"wp:attachment":[{"href":"https:\/\/www.mojekonferencje.pl\/blog\/wp-json\/wp\/v2\/media?parent=6931"}],"wp:term":[{"taxonomy":"category","embeddable":true,"href":"https:\/\/www.mojekonferencje.pl\/blog\/wp-json\/wp\/v2\/categories?post=6931"},{"taxonomy":"post_tag","embeddable":true,"href":"https:\/\/www.mojekonferencje.pl\/blog\/wp-json\/wp\/v2\/tags?post=6931"}],"curies":[{"name":"wp","href":"https:\/\/api.w.org\/{rel}","templated":true}]}}