{"id":7357,"date":"2025-06-06T09:00:00","date_gmt":"2025-06-06T07:00:00","guid":{"rendered":"https:\/\/www.mojekonferencje.pl\/blog\/?p=7357"},"modified":"2025-07-24T10:21:03","modified_gmt":"2025-07-24T08:21:03","slug":"hotele-z-atrakcjami-quady-paintball-ognisko-miejsca-na-solidna-integracje-woj-malopolskie","status":"publish","type":"post","link":"https:\/\/www.mojekonferencje.pl\/blog\/hotele-z-atrakcjami-quady-paintball-ognisko-miejsca-na-solidna-integracje-woj-malopolskie\/","title":{"rendered":"Hotele z atrakcjami: quady, paintball, ognisko \u2013 miejsca na solidn\u0105 integracj\u0119 &#8211; woj. ma\u0142opolskie"},"content":{"rendered":"\n<p><strong>Ma\u0142opolska<\/strong> to region, kt\u00f3ry od lat cieszy si\u0119 nies\u0142abn\u0105cym zainteresowaniem organizator\u00f3w wyjazd\u00f3w integracyjnych. Malownicze krajobrazy, blisko\u015b\u0107 g\u00f3r oraz szeroka oferta hoteli z atrakcjami sprawiaj\u0105, \u017ce to idealne <strong>miejsce na firmow\u0105 integracj\u0119<\/strong> z prawdziwego zdarzenia. W\u015br\u00f3d najcz\u0119\u015bciej wybieranych aktywno\u015bci znajduj\u0105 si\u0119 jazda na quadach, emocjonuj\u0105ce rozgrywki paintballowe oraz wieczorne ogniska z muzyk\u0105 i regionalnym pocz\u0119stunkiem.<\/p>\n\n\n\n<p>Sprawd\u017a, kt\u00f3re <a href=\"https:\/\/www.mojekonferencje.pl\/konferencje-malopolskie\">hotele w Ma\u0142opolsce<\/a> oferuj\u0105 najlepsze warunki do organizacji integracji z solidn\u0105 dawk\u0105 adrenaliny i relaksu na \u015bwie\u017cym powietrzu. W\u015br\u00f3d naszych propozycji znajduj\u0105 si\u0119:<\/p>\n\n\n\n<figure class=\"wp-block-table\"><table class=\"has-fixed-layout\"><tbody><tr><td><a href=\"https:\/\/www.mojekonferencje.pl\/muszyna\/hotel-activa\">Hotel Activa<\/a><\/td><td><a href=\"https:\/\/www.mojekonferencje.pl\/szczawnica\/hotel-szczawnica-park-resort-spa\">Hotel Szczawnica Park Resort &amp; Spa<\/a><\/td><\/tr><tr><td><a href=\"https:\/\/www.mojekonferencje.pl\/wadowice\/mlyn-jacka-hotel--spa-\">M\u0142yn Jacka Hotel &amp; SPA<\/a><\/td><td><a href=\"https:\/\/www.mojekonferencje.pl\/szaflary\/borowy-dwor-biznes-spa-fun\">Borowy Dw\u00f3r &#8211; Biznes, Spa &amp; Fun<\/a><\/td><\/tr><tr><td><a href=\"https:\/\/www.mojekonferencje.pl\/raclawice\/doslonce-resort\">Dos\u0142o\u0144ce Resort Wellness &amp; Farm<\/a><\/td><td><a href=\"https:\/\/www.mojekonferencje.pl\/lanckorona\/hotel-modrzewiowka\">Hotel Modrzewi\u00f3wka<\/a><\/td><\/tr><tr><td><a href=\"https:\/\/www.mojekonferencje.pl\/grodek-nad-dunajcem\/noi-resort\">noi Resort<\/a><\/td><td><a href=\"https:\/\/www.mojekonferencje.pl\/rzezawa\/centrum-aktywnego-wypoczynku-borek\">Centrum Aktywnego Wypoczynku Borek<\/a><\/td><\/tr><\/tbody><\/table><\/figure>\n\n\n\n<h2 class=\"wp-block-heading has-text-align-center\"><a href=\"https:\/\/www.mojekonferencje.pl\/muszyna\/hotel-activa\"><mark style=\"background-color:rgba(0, 0, 0, 0)\" class=\"has-inline-color has-vivid-purple-color\"><span style=\"text-decoration: underline;\">Hotel Activa<\/span><\/mark><\/a><\/h2>\n\n\n\n<p>Po\u0142o\u017cony na szlaku 7 Dolin, pomi\u0119dzy Jaworzyn\u0105 Krynick\u0105 a Wierchoml\u0105 <strong>Hotel Activa<\/strong>, to idealne miejsce na integracj\u0119 w Ma\u0142opolsce. Obiekt oferuje<strong> szeroki wachlarz atrakcji<\/strong>, takich jak quady, paintball, strzelnica \u0142ucznicza, sp\u0142ywy pontonowe, skutery \u015bnie\u017cne czy body zorb. Wieczorne spotkania firmowe mo\u017cna zorganizowa\u0107 przy ognisku w wiacie grillowej, z g\u00f3ralsk\u0105 muzyk\u0105 i regionalnym menu.<\/p>\n\n\n\n<p>Do dyspozycji go\u015bci jest <strong>pi\u0119\u0107 nowoczesnych sal konferencyjnych, restauracja na 200 os\u00f3b<\/strong>, kawiarnia z tarasem, ACTIV CLUB z kr\u0119gielni\u0105 oraz strefa Spa &amp; Wellness z saunami, gabinetami masa\u017cu i pokojem relaksacyjnym. Hotel dysponuje <strong>97 komfortowymi pokojami<\/strong>, w tym apartamentami z jacuzzi i widokiem na g\u00f3ry. Dzi\u0119ki indywidualnemu podej\u015bciu do klienta i rozbudowanej ofercie rekreacyjnej, Hotel Activa gwarantuje udan\u0105 integracj\u0119 w sercu Ma\u0142opolski.<\/p>\n\n\n\n<figure class=\"wp-block-gallery has-nested-images columns-default is-cropped wp-block-gallery-1 is-layout-flex wp-block-gallery-is-layout-flex\">\n<figure class=\"wp-block-image size-large\"><a href=\"https:\/\/www.mojekonferencje.pl\/blog\/wp-content\/uploads\/2025\/06\/strzelica-lucznicza-wakacje-2024-01-1500x_.webp\"><img loading=\"lazy\" decoding=\"async\" width=\"1024\" height=\"652\" data-id=\"7362\" src=\"https:\/\/www.mojekonferencje.pl\/blog\/wp-content\/uploads\/2025\/06\/strzelica-lucznicza-wakacje-2024-01-1500x_-1024x652.webp\" alt=\"\" class=\"wp-image-7362 lazyload\" data-srcset=\"https:\/\/www.mojekonferencje.pl\/blog\/wp-content\/uploads\/2025\/06\/strzelica-lucznicza-wakacje-2024-01-1500x_-1024x652.webp 1024w, https:\/\/www.mojekonferencje.pl\/blog\/wp-content\/uploads\/2025\/06\/strzelica-lucznicza-wakacje-2024-01-1500x_-300x191.webp 300w, https:\/\/www.mojekonferencje.pl\/blog\/wp-content\/uploads\/2025\/06\/strzelica-lucznicza-wakacje-2024-01-1500x_-768x489.webp 768w, https:\/\/www.mojekonferencje.pl\/blog\/wp-content\/uploads\/2025\/06\/strzelica-lucznicza-wakacje-2024-01-1500x_.webp 1500w\" sizes=\"auto\" \/><\/a><\/figure>\n<\/figure>\n\n\n\n<h2 class=\"wp-block-heading has-text-align-center\"><a href=\"https:\/\/www.mojekonferencje.pl\/szczawnica\/hotel-szczawnica-park-resort-spa\"><mark style=\"background-color:rgba(0, 0, 0, 0)\" class=\"has-inline-color has-vivid-purple-color\"><span style=\"text-decoration: underline;\">Hotel Szczawnica Park Resort &amp; Spa<\/span><\/mark><\/a><\/h2>\n\n\n\n<p>To 5-gwiazdkowy kompleks w sercu Pienin, idealny na integracj\u0119 w Ma\u0142opolsce w stylu slow life. <strong>Hotel Szczawnica Park Resort &amp; Spa oferuje 110 komfortowych pokoi i apartament\u00f3w<\/strong> z widokiem na Dolin\u0119 Grajcarka. Do dyspozycji go\u015bci pozostaj\u0105 <strong>rozbudowane sale konferencyjne (dla nawet 400 os\u00f3b), restauracja Kwiat Paproci <\/strong>z kuchni\u0105 regionaln\u0105. W hotelu znajduje si\u0119 tak\u017ce strefa Spa &amp; Wellness Mikroklimat z basenem OSPA, saunami i jacuzzi.<\/p>\n\n\n\n<p>Na wieczorne spotkania firmowe hotel proponuje<strong> biesiady w Palenisku Grill Bar oraz klub muzyczny Bia\u0142a Woda<\/strong>. Okolica sprzyja aktywno\u015bciom outdoorowym \u2013 kort tenisowy, wycieczki z trenerem, sezonowe atrakcje i uzdrowiskowy klimat gwarantuj\u0105 udan\u0105 integracj\u0119 w eleganckim wydaniu.<\/p>\n\n\n\n<figure class=\"wp-block-gallery has-nested-images columns-default is-cropped wp-block-gallery-2 is-layout-flex wp-block-gallery-is-layout-flex\">\n<figure class=\"wp-block-image size-large\"><a href=\"https:\/\/www.mojekonferencje.pl\/blog\/wp-content\/uploads\/2025\/06\/dsc-0016-1500x_-1.webp\"><img loading=\"lazy\" decoding=\"async\" width=\"1024\" height=\"683\" data-id=\"7364\" src=\"https:\/\/www.mojekonferencje.pl\/blog\/wp-content\/uploads\/2025\/06\/dsc-0016-1500x_-1-1024x683.webp\" alt=\"\" class=\"wp-image-7364 lazyload\" data-srcset=\"https:\/\/www.mojekonferencje.pl\/blog\/wp-content\/uploads\/2025\/06\/dsc-0016-1500x_-1-1024x683.webp 1024w, https:\/\/www.mojekonferencje.pl\/blog\/wp-content\/uploads\/2025\/06\/dsc-0016-1500x_-1-300x200.webp 300w, https:\/\/www.mojekonferencje.pl\/blog\/wp-content\/uploads\/2025\/06\/dsc-0016-1500x_-1-768x512.webp 768w, https:\/\/www.mojekonferencje.pl\/blog\/wp-content\/uploads\/2025\/06\/dsc-0016-1500x_-1.webp 1500w\" sizes=\"auto\" \/><\/a><\/figure>\n<\/figure>\n\n\n\n<h2 class=\"wp-block-heading has-text-align-center\"><a href=\"https:\/\/www.mojekonferencje.pl\/wadowice\/mlyn-jacka-hotel--spa-\"><mark style=\"background-color:rgba(0, 0, 0, 0)\" class=\"has-inline-color has-vivid-purple-color\"><span style=\"text-decoration: underline;\">M\u0142yn Jacka Hotel &amp; SPA<\/span><\/mark><\/a><\/h2>\n\n\n\n<p>Ten elegancki, czterogwiazdkowy hotel mie\u015bci si\u0119 w zabytkowym m\u0142ynie z XIX wieku, \u0142\u0105cz\u0105cym histori\u0119 z nowoczesnym komfortem. Do dyspozycji go\u015bci jest <strong>5 w pe\u0142ni wyposa\u017conych sal konferencyjnych o \u0142\u0105cznej powierzchni 450 mkw<\/strong>. Najwi\u0119ksza <strong>sala na 240 os\u00f3b<\/strong> jest idealna na konferencje i eventy biznesowe.<\/p>\n\n\n\n<p>Hotel oferuje komfortowe pokoje i apartamenty \u2013 od jednoosobowych po luksusowe apartamenty z jacuzzi i si\u0142owni\u0105, wyposa\u017cone w szybki internet i TV. Restauracja Spichlerz Smak\u00f3w serwuje dania z lokalnych produkt\u00f3w, a Lobby Bar zaprasza na relaks przy kawie i koktajlach.<\/p>\n\n\n\n<p><strong>Strefa Wellness &amp; SPA<\/strong> obejmuje basen z hydromasa\u017cem, jacuzzi, sauny, aromaterapi\u0119 i zabiegi kosmetyczne. Do dyspozycji go\u015bci jest tak\u017ce<strong> kr\u0119gielnia i bilard<\/strong>, \u015bwietne na integracj\u0119 po pracy. Hotel wsp\u00f3\u0142pracuje z agencj\u0105 eventow\u0105 Projekt Efektywny, oferuj\u0105c programy team building. <strong>Hotel M\u0142yn Jacka<\/strong> to idealne miejsce na wypoczynek i organizacj\u0119 konferencji w malowniczej Ma\u0142opolsce.<\/p>\n\n\n\n<figure class=\"wp-block-gallery has-nested-images columns-default is-cropped wp-block-gallery-3 is-layout-flex wp-block-gallery-is-layout-flex\">\n<figure class=\"wp-block-image size-large\"><a href=\"https:\/\/www.mojekonferencje.pl\/blog\/wp-content\/uploads\/2025\/06\/strefawellness3-1500x_.webp\"><img loading=\"lazy\" decoding=\"async\" width=\"1024\" height=\"683\" data-id=\"7365\" src=\"https:\/\/www.mojekonferencje.pl\/blog\/wp-content\/uploads\/2025\/06\/strefawellness3-1500x_-1024x683.webp\" alt=\"\" class=\"wp-image-7365 lazyload\" data-srcset=\"https:\/\/www.mojekonferencje.pl\/blog\/wp-content\/uploads\/2025\/06\/strefawellness3-1500x_-1024x683.webp 1024w, https:\/\/www.mojekonferencje.pl\/blog\/wp-content\/uploads\/2025\/06\/strefawellness3-1500x_-300x200.webp 300w, https:\/\/www.mojekonferencje.pl\/blog\/wp-content\/uploads\/2025\/06\/strefawellness3-1500x_-768x512.webp 768w, https:\/\/www.mojekonferencje.pl\/blog\/wp-content\/uploads\/2025\/06\/strefawellness3-1500x_.webp 1500w\" sizes=\"auto\" \/><\/a><\/figure>\n<\/figure>\n\n\n\n<h2 class=\"wp-block-heading has-text-align-center\"><a href=\"https:\/\/www.mojekonferencje.pl\/szaflary\/borowy-dwor-biznes-spa-fun\"><mark style=\"background-color:rgba(0, 0, 0, 0)\" class=\"has-inline-color has-vivid-purple-color\">Borowy Dw\u00f3r &#8211; Biznes, Spa &amp; Fun<\/mark><\/a><\/h2>\n\n\n\n<p>Jest to nowoczesny kompleks konferencyjno-noclegowy w Ba\u0144skiej Ni\u017cnej, blisko Zakopanego.<strong> Borowy Dw\u00f3r Biznes, Spa &amp; Fun<\/strong> oferuje <strong>70 stylowych pokoi<\/strong> z \u0142azienkami, telewizorami, lod\u00f3wkami i szybkim internetem, tak\u017ce dla os\u00f3b niepe\u0142nosprawnych. Do dyspozycji jest <strong>sala konferencyjna (130 m\u00b2) z nowoczesnym sprz\u0119tem<\/strong> oraz mniejsze sale bankietowe w g\u00f3ralskim stylu, idealne na szkolenia, konferencje i imprezy integracyjne.<\/p>\n\n\n\n<p>Kuchnia podhala\u0144ska serwuje lokalne, tradycyjne potrawy, a \u015bniadania podawane s\u0105 w eleganckiej sali. <strong>Strefa SPA<\/strong> oferuje sauny, jacuzzi, \u0142a\u017ani\u0119 parow\u0105 i stref\u0119 relaksu, a <strong>trzytorowa kr\u0119gielnia<\/strong> z barem zapewnia rozrywk\u0119. Okolica zach\u0119ca do <strong>aktywno\u015bci na \u015bwie\u017cym powietrzu<\/strong> \u2014 rowerowych i pieszych tras oraz wyci\u0105g\u00f3w narciarskich. Go\u015bcie maj\u0105 dost\u0119p do pobliskich term z wod\u0105 geotermaln\u0105 z rabatami.<\/p>\n\n\n\n<p>Borowy Dw\u00f3r to <strong>idealne miejsce na biznesowe spotkania i relaks w g\u00f3rskim klimacie<\/strong>, z licznymi atrakcjami integracyjnymi i wsparciem organizacyjnym.<\/p>\n\n\n\n<figure class=\"wp-block-image size-large\"><a href=\"https:\/\/www.mojekonferencje.pl\/blog\/wp-content\/uploads\/2025\/06\/1452424939-3j3b9372-1500x_.webp\"><img loading=\"lazy\" decoding=\"async\" width=\"1024\" height=\"682\" src=\"https:\/\/www.mojekonferencje.pl\/blog\/wp-content\/uploads\/2025\/06\/1452424939-3j3b9372-1500x_-1024x682.webp\" alt=\"\" class=\"wp-image-7366 lazyload\" data-srcset=\"https:\/\/www.mojekonferencje.pl\/blog\/wp-content\/uploads\/2025\/06\/1452424939-3j3b9372-1500x_-1024x682.webp 1024w, https:\/\/www.mojekonferencje.pl\/blog\/wp-content\/uploads\/2025\/06\/1452424939-3j3b9372-1500x_-300x200.webp 300w, https:\/\/www.mojekonferencje.pl\/blog\/wp-content\/uploads\/2025\/06\/1452424939-3j3b9372-1500x_-768x511.webp 768w, https:\/\/www.mojekonferencje.pl\/blog\/wp-content\/uploads\/2025\/06\/1452424939-3j3b9372-1500x_.webp 1500w\" sizes=\"auto\" \/><\/a><\/figure>\n\n\n\n<h2 class=\"wp-block-heading has-text-align-center\"><a href=\"https:\/\/www.mojekonferencje.pl\/raclawice\/doslonce-resort\"><mark style=\"background-color:rgba(0, 0, 0, 0)\" class=\"has-inline-color has-vivid-purple-color\"><span style=\"text-decoration: underline;\">Dos\u0142o\u0144ce Resort Wellness &amp; Farm<\/span><\/mark><\/a><\/h2>\n\n\n\n<p>W malowniczym otoczeniu Wy\u017cyny Miechowskiej  znajduje si\u0119 nowoczesny o\u015brodek \u0142\u0105cz\u0105cy komfortowe zakwaterowanie z centrum konferencyjnym oraz bogat\u0105 ofert\u0105 rekreacyjn\u0105 i wellness. Mowa oczywi\u015bcie o <strong>Dos\u0142o\u0144ce Resort Wellness &amp; Farm<\/strong>.<\/p>\n\n\n\n<p>Na terenie o powierzchni 6 ha znajduje si\u0119 nowoczesne centrum konferencyjne <strong>o powierzchni ponad 550 m\u00b2<\/strong> z <strong>trzema klimatyzowanymi salami<\/strong> \u2013 Wenus, Jowisz i Mars \u2013 kt\u00f3re mo\u017cna \u0142\u0105czy\u0107. Hotel zapewnia tak\u017ce pe\u0142ne zaplecze techniczne: projektory, ekrany, nag\u0142o\u015bnienie, mikrofony i szybki internet.<\/p>\n\n\n\n<p>Do dyspozycji go\u015bci jest<strong> 67 komfortowych pokoi, w tym apartamenty z wyj\u015bciem na taras<\/strong>. Restauracja serwuje dania kuchni polskiej i mi\u0119dzynarodowej, przygotowywane ze \u015bwie\u017cych sk\u0142adnik\u00f3w. Resort oferuje<strong> liczne atrakcje rekreacyjne<\/strong>: basen (10&#215;15 m), boiska do pi\u0142ki no\u017cnej, koszyk\u00f3wki, siatk\u00f3wki, tenisa ziemnego i golfa. Go\u015bcie mog\u0105 zrelaksowa\u0107 si\u0119 w <strong>strefie SPA &amp; Wellness<\/strong> z masa\u017cami i zabiegami od\u017cywczymi. Dla integracji dost\u0119pna jest<strong> Chata Grillowa i mo\u017cliwo\u015b\u0107 organizacji event\u00f3w na \u015bwie\u017cym powietrzu<\/strong>, np. przy ognisku lub biesiadzie. Dos\u0142o\u0144ce Resort to idealne miejsce na konferencje, szkolenia i relaks blisko Krakowa.<\/p>\n\n\n\n<figure class=\"wp-block-gallery has-nested-images columns-default is-cropped wp-block-gallery-4 is-layout-flex wp-block-gallery-is-layout-flex\">\n<figure class=\"wp-block-image size-large\"><a href=\"https:\/\/www.mojekonferencje.pl\/blog\/wp-content\/uploads\/2025\/06\/dsc-4576-1500x_.webp\"><img loading=\"lazy\" decoding=\"async\" width=\"1024\" height=\"681\" data-id=\"7367\" src=\"https:\/\/www.mojekonferencje.pl\/blog\/wp-content\/uploads\/2025\/06\/dsc-4576-1500x_-1024x681.webp\" alt=\"\" class=\"wp-image-7367 lazyload\" data-srcset=\"https:\/\/www.mojekonferencje.pl\/blog\/wp-content\/uploads\/2025\/06\/dsc-4576-1500x_-1024x681.webp 1024w, https:\/\/www.mojekonferencje.pl\/blog\/wp-content\/uploads\/2025\/06\/dsc-4576-1500x_-300x200.webp 300w, https:\/\/www.mojekonferencje.pl\/blog\/wp-content\/uploads\/2025\/06\/dsc-4576-1500x_-768x511.webp 768w, https:\/\/www.mojekonferencje.pl\/blog\/wp-content\/uploads\/2025\/06\/dsc-4576-1500x_.webp 1500w\" sizes=\"auto\" \/><\/a><\/figure>\n<\/figure>\n\n\n\n<h2 class=\"wp-block-heading has-text-align-center\"><a href=\"https:\/\/www.mojekonferencje.pl\/lanckorona\/hotel-modrzewiowka\"><mark style=\"background-color:rgba(0, 0, 0, 0)\" class=\"has-inline-color has-vivid-purple-color\"><span style=\"text-decoration: underline;\">Hotel Modrzewi\u00f3wka<\/span><\/mark><\/a><\/h2>\n\n\n\n<p>Po\u0142o\u017cony w malowniczej Lanckoronie, zaledwie 25 km od Krakowa, trzygwiazdkowy<strong> Hotel Modrzewi\u00f3wka<\/strong> \u0142\u0105czy urok historycznej willi z nowoczesnym zapleczem biznesowym i rekreacyjnym. Do dyspozycji s\u0105 <strong>dwie sale na 20\u201380 os\u00f3b<\/strong>, wyposa\u017cone w sprz\u0119t multimedialny, oraz 31 komfortowych pokoi z \u0142azienkami i Wi-Fi. Po pracy go\u015bcie mog\u0105 relaksowa\u0107 si\u0119 <strong>w centrum rekreacyjnym<\/strong> z saunami, basenem, sal\u0105 fitness i pokojem gier. <strong>Restauracja Atelier<\/strong> serwuje dania kuchni polskiej i szeroki wyb\u00f3r win.<\/p>\n\n\n\n<p><strong>Dodatkowe atrakcje<\/strong>, takie jak paintball, degustacje win, biesiady grillowe czy wycieczki z przewodnikiem po okolicy, pozwalaj\u0105 na aktywny wypoczynek i integracj\u0119. <strong>Hotel Modrzewi\u00f3wka<\/strong> to idealne miejsce na po\u0142\u0105czenie pracy z relaksem w wyj\u0105tkowym otoczeniu.<\/p>\n\n\n\n<figure class=\"wp-block-gallery has-nested-images columns-default is-cropped wp-block-gallery-5 is-layout-flex wp-block-gallery-is-layout-flex\">\n<figure class=\"wp-block-image size-large\"><a href=\"https:\/\/www.mojekonferencje.pl\/blog\/wp-content\/uploads\/2025\/06\/bar-2-1500x_.webp\"><img loading=\"lazy\" decoding=\"async\" width=\"1024\" height=\"705\" data-id=\"7370\" src=\"https:\/\/www.mojekonferencje.pl\/blog\/wp-content\/uploads\/2025\/06\/bar-2-1500x_-1024x705.webp\" alt=\"\" class=\"wp-image-7370 lazyload\" data-srcset=\"https:\/\/www.mojekonferencje.pl\/blog\/wp-content\/uploads\/2025\/06\/bar-2-1500x_-1024x705.webp 1024w, https:\/\/www.mojekonferencje.pl\/blog\/wp-content\/uploads\/2025\/06\/bar-2-1500x_-300x207.webp 300w, https:\/\/www.mojekonferencje.pl\/blog\/wp-content\/uploads\/2025\/06\/bar-2-1500x_-768x529.webp 768w, https:\/\/www.mojekonferencje.pl\/blog\/wp-content\/uploads\/2025\/06\/bar-2-1500x_.webp 1500w\" sizes=\"auto\" \/><\/a><\/figure>\n<\/figure>\n\n\n\n<h2 class=\"wp-block-heading has-text-align-center\"><a href=\"https:\/\/www.mojekonferencje.pl\/grodek-nad-dunajcem\/noi-resort\"><mark style=\"background-color:rgba(0, 0, 0, 0)\" class=\"has-inline-color has-vivid-purple-color\"><span style=\"text-decoration: underline;\">noi Resort<\/span><\/mark><\/a><\/h2>\n\n\n\n<p>Nowoczesny kompleks wypoczynkowy usytuowany nad brzegiem Jeziora Ro\u017cnowskiego w sercu Beskidu S\u0105deckiego \u0142\u0105czy komfort i relaks z blisko\u015bci\u0105 natury. <strong>Noi Resort<\/strong> oferuje komfortowe pokoje, apartamenty oraz niezale\u017cne domki z klimatyzacj\u0105 i widokiem na jezioro lub lasy. W obiekcie znajduje si\u0119 te\u017c <strong>przestronne zaplecze konferencyjne<\/strong> z salami wyposa\u017conymi w nowoczesne technologie i przeszklone \u015bciany z panoramicznym widokiem. <\/p>\n\n\n\n<p>Go\u015bcie mog\u0105 korzysta\u0107 z <strong>bogatej oferty rekreacyjnej,<\/strong> w tym nowoczesnego SPA z saunami i jacuzzi, aktywno\u015bci wodnych na jeziorze np. sp\u0142yw\u00f3w kajakami czy \u0142\u00f3dk\u0105. Nie brakuje r\u00f3wnie\u017c licznych tras spacerowych i rowerowych. <strong>Restauracja<\/strong> w obiekcie serwuje dania oparte na lokalnych produktach. Ca\u0142o\u015b\u0107 tworzy idealne miejsce na wypoczynek, konferencje i integracj\u0119 w wyj\u0105tkowej scenerii Beskid\u00f3w.<\/p>\n\n\n\n<figure class=\"wp-block-gallery has-nested-images columns-default is-cropped wp-block-gallery-6 is-layout-flex wp-block-gallery-is-layout-flex\">\n<figure class=\"wp-block-image size-large\"><a href=\"https:\/\/www.mojekonferencje.pl\/blog\/wp-content\/uploads\/2025\/06\/17085292792734-kopiadsc05565kopia-1500x_.webp\"><img loading=\"lazy\" decoding=\"async\" width=\"1024\" height=\"683\" data-id=\"7371\" src=\"https:\/\/www.mojekonferencje.pl\/blog\/wp-content\/uploads\/2025\/06\/17085292792734-kopiadsc05565kopia-1500x_-1024x683.webp\" alt=\"\" class=\"wp-image-7371 lazyload\" data-srcset=\"https:\/\/www.mojekonferencje.pl\/blog\/wp-content\/uploads\/2025\/06\/17085292792734-kopiadsc05565kopia-1500x_-1024x683.webp 1024w, https:\/\/www.mojekonferencje.pl\/blog\/wp-content\/uploads\/2025\/06\/17085292792734-kopiadsc05565kopia-1500x_-300x200.webp 300w, https:\/\/www.mojekonferencje.pl\/blog\/wp-content\/uploads\/2025\/06\/17085292792734-kopiadsc05565kopia-1500x_-768x512.webp 768w, https:\/\/www.mojekonferencje.pl\/blog\/wp-content\/uploads\/2025\/06\/17085292792734-kopiadsc05565kopia-1500x_.webp 1500w\" sizes=\"auto\" \/><\/a><\/figure>\n<\/figure>\n\n\n\n<h2 class=\"wp-block-heading has-text-align-center\"><a href=\"https:\/\/www.mojekonferencje.pl\/rzezawa\/centrum-aktywnego-wypoczynku-borek\"><mark style=\"background-color:rgba(0, 0, 0, 0)\" class=\"has-inline-color has-vivid-purple-color\"><span style=\"text-decoration: underline;\">Centrum Aktywnego Wypoczynku Borek<\/span><\/mark><\/a><\/h2>\n\n\n\n<p>To 17-hektarowy kompleks po\u0142o\u017cony niedaleko Bochni, 50 km od Krakowa, oferuj\u0105cy spok\u00f3j, przestrze\u0144 i aktywny wypoczynek na \u015bwie\u017cym powietrzu. Obiekt dysponuje<strong> dwiema restauracjami, baz\u0105 noclegow\u0105 z 50 komfortowymi pokojami i domkami wok\u00f3\u0142 jeziora<\/strong>. Centrum mo\u017ce pochwali\u0107 si\u0119 te\u017c<strong> bogat\u0105 ofert\u0105 atrakcji<\/strong>, m.in. tyrolk\u0105, gokartami, \u0142ucznictwem, boiskami sportowymi, k\u0105pieliskiem i lodowiskiem.<\/p>\n\n\n\n<p>Dla biznesu przygotowano <strong>dwie nowoczesne sale konferencyjne <\/strong>z profesjonalnym wyposa\u017ceniem i elastyczn\u0105 przestrzeni\u0105.  Namiot Flex przystosowany jest na imprezy plenerowe <strong>dla nawet 800 os\u00f3b<\/strong>. Centrum specjalizuje si\u0119 w organizacji konferencji, szkole\u0144, event\u00f3w firmowych, jubileuszy i piknik\u00f3w dla grup do 3000 os\u00f3b.<\/p>\n\n\n\n<p><strong>Borek <\/strong>to idealne miejsce na integracj\u0119, aktywno\u015b\u0107 i profesjonalne wydarzenia w malowniczym otoczeniu.<\/p>\n\n\n\n<figure class=\"wp-block-gallery has-nested-images columns-default is-cropped wp-block-gallery-7 is-layout-flex wp-block-gallery-is-layout-flex\">\n<figure class=\"wp-block-image size-large\"><a href=\"https:\/\/www.mojekonferencje.pl\/blog\/wp-content\/uploads\/2025\/06\/zdjecie-166-l5dq1qzz-1000x700-1500x_.webp\"><img loading=\"lazy\" decoding=\"async\" width=\"1024\" height=\"717\" data-id=\"7372\" src=\"https:\/\/www.mojekonferencje.pl\/blog\/wp-content\/uploads\/2025\/06\/zdjecie-166-l5dq1qzz-1000x700-1500x_-1024x717.webp\" alt=\"\" class=\"wp-image-7372 lazyload\" data-srcset=\"https:\/\/www.mojekonferencje.pl\/blog\/wp-content\/uploads\/2025\/06\/zdjecie-166-l5dq1qzz-1000x700-1500x_-1024x717.webp 1024w, https:\/\/www.mojekonferencje.pl\/blog\/wp-content\/uploads\/2025\/06\/zdjecie-166-l5dq1qzz-1000x700-1500x_-300x210.webp 300w, https:\/\/www.mojekonferencje.pl\/blog\/wp-content\/uploads\/2025\/06\/zdjecie-166-l5dq1qzz-1000x700-1500x_-768x538.webp 768w, https:\/\/www.mojekonferencje.pl\/blog\/wp-content\/uploads\/2025\/06\/zdjecie-166-l5dq1qzz-1000x700-1500x_.webp 1500w\" sizes=\"auto\" \/><\/a><\/figure>\n<\/figure>\n\n\n\n<p><strong>Ma\u0142opolskie hotele<\/strong> z atrakcjami pokazuj\u0105, \u017ce integracja nie musi ogranicza\u0107 si\u0119 do zamkni\u0119tych sal konferencyjnych. Wyjazd z teamem w g\u00f3ry, wsp\u00f3lna zabawa w terenie, dawka adrenaliny i wieczorne rozmowy przy ogniu sprzyjaj\u0105 budowaniu silniejszych relacji w zespole. Wybieraj\u0105c hotel z ofert\u0105 quad\u00f3w, paintballa i ogniska, inwestujesz nie tylko w atrakcje, ale przede wszystkim w ludzi.<\/p>\n\n\n\n<p>Je\u015bli szukasz <strong>miejsca na wyjazd integracyjny w Ma\u0142opolsce<\/strong> \u2013 postaw na aktywny wypoczynek i sprawdzone lokalizacje. Zajrzyj tak\u017ce do naszego innego artyku\u0142u, w kt\u00f3rym wskazali\u015bmy jeszcze szersz\u0105 baz\u0119 rekomendowanych miejsc na firmowy wypoczynek w tym rejonie Polski. To zdecydowanie tekst dla Ciebie, je\u015bli zastanawiasz si\u0119, <a href=\"https:\/\/www.mojekonferencje.pl\/blog\/imprezy-integracyjne-malopolskie-najlepsze-lokalizacje\/\">gdzie zorganizowa\u0107 imprez\u0119 integracyjn\u0105 w Ma\u0142opolsce<\/a>!<\/p>\n\n\n\n<p><\/p>\n","protected":false},"excerpt":{"rendered":"<p>Ma\u0142opolska to doskona\u0142e miejsce na firmow\u0105 integracj\u0119 \u2013 g\u00f3rskie widoki, atrakcje i aktywny wypoczynek. Sprawd\u017a obiekty, kt\u00f3re \u0142\u0105cz\u0105 relaks z adrenalin\u0105.<\/p>\n","protected":false},"author":21,"featured_media":7375,"comment_status":"closed","ping_status":"closed","sticky":false,"template":"","format":"standard","meta":{"_acf_changed":false,"footnotes":""},"categories":[11,8,212,175],"tags":[398,380,353,354,26],"class_list":["post-7357","post","type-post","status-publish","format-standard","has-post-thumbnail","hentry","category-konferencyjny-relaks","category-porady","category-travel","category-wybieranie-miejsca-konferencyjnego","tag-integracja-pracownicza","tag-malopolskie","tag-organizacja-imprez","tag-organizacja-wydarzen","tag-wypady-integracyjne"],"acf":[],"yoast_head":"<!-- This site is optimized with the Yoast SEO plugin v27.1.1 - https:\/\/yoast.com\/product\/yoast-seo-wordpress\/ -->\n<title>Hotele z atrakcjami: quady, paintball, ognisko \u2013 miejsca na solidn\u0105 integracj\u0119 - woj. ma\u0142opolskie - blog | MojeKonferencje.pl<\/title>\n<meta name=\"description\" content=\"Hotele z atrakcjami: quady, paintball, ognisko \u2013 miejsca na solidn\u0105 integracj\u0119 - woj. ma\u0142opolskie - blog | MojeKonferencje.pl\" \/>\n<meta name=\"robots\" content=\"index, follow, max-snippet:-1, max-image-preview:large, max-video-preview:-1\" \/>\n<link rel=\"canonical\" href=\"https:\/\/www.mojekonferencje.pl\/blog\/hotele-z-atrakcjami-quady-paintball-ognisko-miejsca-na-solidna-integracje-woj-malopolskie\/\" \/>\n<meta property=\"og:locale\" content=\"pl_PL\" \/>\n<meta property=\"og:type\" content=\"article\" \/>\n<meta property=\"og:title\" content=\"Hotele z atrakcjami: quady, paintball, ognisko \u2013 miejsca na solidn\u0105 integracj\u0119 - woj. ma\u0142opolskie - blog | MojeKonferencje.pl\" \/>\n<meta property=\"og:description\" content=\"Hotele z atrakcjami: quady, paintball, ognisko \u2013 miejsca na solidn\u0105 integracj\u0119 - woj. ma\u0142opolskie - blog | MojeKonferencje.pl\" \/>\n<meta property=\"og:url\" content=\"https:\/\/www.mojekonferencje.pl\/blog\/hotele-z-atrakcjami-quady-paintball-ognisko-miejsca-na-solidna-integracje-woj-malopolskie\/\" \/>\n<meta property=\"og:site_name\" content=\"MojeKonferencje.pl\" \/>\n<meta property=\"article:published_time\" content=\"2025-06-06T07:00:00+00:00\" \/>\n<meta property=\"article:modified_time\" content=\"2025-07-24T08:21:03+00:00\" \/>\n<meta property=\"og:image\" content=\"https:\/\/www.mojekonferencje.pl\/blog\/wp-content\/uploads\/2025\/06\/Fotoram.io-35.jpg\" \/>\n\t<meta property=\"og:image:width\" content=\"1200\" \/>\n\t<meta property=\"og:image:height\" content=\"708\" \/>\n\t<meta property=\"og:image:type\" content=\"image\/jpeg\" \/>\n<meta name=\"author\" content=\"Julia Gadomska\" \/>\n<meta name=\"twitter:card\" content=\"summary_large_image\" \/>\n<meta name=\"twitter:label1\" content=\"Napisane przez\" \/>\n\t<meta name=\"twitter:data1\" content=\"Julia Gadomska\" \/>\n\t<meta name=\"twitter:label2\" content=\"Szacowany czas czytania\" \/>\n\t<meta name=\"twitter:data2\" content=\"9 minut\" \/>\n<script type=\"application\/ld+json\" class=\"yoast-schema-graph\">{\"@context\":\"https:\/\/schema.org\",\"@graph\":[{\"@type\":\"Article\",\"@id\":\"https:\/\/www.mojekonferencje.pl\/blog\/hotele-z-atrakcjami-quady-paintball-ognisko-miejsca-na-solidna-integracje-woj-malopolskie\/#article\",\"isPartOf\":{\"@id\":\"https:\/\/www.mojekonferencje.pl\/blog\/hotele-z-atrakcjami-quady-paintball-ognisko-miejsca-na-solidna-integracje-woj-malopolskie\/\"},\"author\":{\"name\":\"Julia Gadomska\",\"@id\":\"https:\/\/www.mojekonferencje.pl\/blog\/#\/schema\/person\/7d6985dc3741882ea12e03b1c3997043\"},\"headline\":\"Hotele z atrakcjami: quady, paintball, ognisko \u2013 miejsca na solidn\u0105 integracj\u0119 &#8211; woj. ma\u0142opolskie\",\"datePublished\":\"2025-06-06T07:00:00+00:00\",\"dateModified\":\"2025-07-24T08:21:03+00:00\",\"mainEntityOfPage\":{\"@id\":\"https:\/\/www.mojekonferencje.pl\/blog\/hotele-z-atrakcjami-quady-paintball-ognisko-miejsca-na-solidna-integracje-woj-malopolskie\/\"},\"wordCount\":1372,\"image\":{\"@id\":\"https:\/\/www.mojekonferencje.pl\/blog\/hotele-z-atrakcjami-quady-paintball-ognisko-miejsca-na-solidna-integracje-woj-malopolskie\/#primaryimage\"},\"thumbnailUrl\":\"https:\/\/www.mojekonferencje.pl\/blog\/wp-content\/uploads\/2025\/06\/Fotoram.io-35.jpg\",\"keywords\":[\"integracja pracownicza\",\"ma\u0142opolskie\",\"organizacja imprez\",\"organizacja wydarze\u0144\",\"wypady integracyjne\"],\"articleSection\":[\"Konferencyjny relaks\",\"Porady\",\"Travel\",\"Wybieranie miejsca konferencyjnego\"],\"inLanguage\":\"pl-PL\"},{\"@type\":\"WebPage\",\"@id\":\"https:\/\/www.mojekonferencje.pl\/blog\/hotele-z-atrakcjami-quady-paintball-ognisko-miejsca-na-solidna-integracje-woj-malopolskie\/\",\"url\":\"https:\/\/www.mojekonferencje.pl\/blog\/hotele-z-atrakcjami-quady-paintball-ognisko-miejsca-na-solidna-integracje-woj-malopolskie\/\",\"name\":\"Hotele z atrakcjami: quady, paintball, ognisko \u2013 miejsca na solidn\u0105 integracj\u0119 - woj. ma\u0142opolskie - blog | MojeKonferencje.pl\",\"isPartOf\":{\"@id\":\"https:\/\/www.mojekonferencje.pl\/blog\/#website\"},\"primaryImageOfPage\":{\"@id\":\"https:\/\/www.mojekonferencje.pl\/blog\/hotele-z-atrakcjami-quady-paintball-ognisko-miejsca-na-solidna-integracje-woj-malopolskie\/#primaryimage\"},\"image\":{\"@id\":\"https:\/\/www.mojekonferencje.pl\/blog\/hotele-z-atrakcjami-quady-paintball-ognisko-miejsca-na-solidna-integracje-woj-malopolskie\/#primaryimage\"},\"thumbnailUrl\":\"https:\/\/www.mojekonferencje.pl\/blog\/wp-content\/uploads\/2025\/06\/Fotoram.io-35.jpg\",\"datePublished\":\"2025-06-06T07:00:00+00:00\",\"dateModified\":\"2025-07-24T08:21:03+00:00\",\"author\":{\"@id\":\"https:\/\/www.mojekonferencje.pl\/blog\/#\/schema\/person\/7d6985dc3741882ea12e03b1c3997043\"},\"description\":\"Hotele z atrakcjami: quady, paintball, ognisko \u2013 miejsca na solidn\u0105 integracj\u0119 - woj. ma\u0142opolskie - blog | MojeKonferencje.pl\",\"breadcrumb\":{\"@id\":\"https:\/\/www.mojekonferencje.pl\/blog\/hotele-z-atrakcjami-quady-paintball-ognisko-miejsca-na-solidna-integracje-woj-malopolskie\/#breadcrumb\"},\"inLanguage\":\"pl-PL\",\"potentialAction\":[{\"@type\":\"ReadAction\",\"target\":[\"https:\/\/www.mojekonferencje.pl\/blog\/hotele-z-atrakcjami-quady-paintball-ognisko-miejsca-na-solidna-integracje-woj-malopolskie\/\"]}]},{\"@type\":\"ImageObject\",\"inLanguage\":\"pl-PL\",\"@id\":\"https:\/\/www.mojekonferencje.pl\/blog\/hotele-z-atrakcjami-quady-paintball-ognisko-miejsca-na-solidna-integracje-woj-malopolskie\/#primaryimage\",\"url\":\"https:\/\/www.mojekonferencje.pl\/blog\/wp-content\/uploads\/2025\/06\/Fotoram.io-35.jpg\",\"contentUrl\":\"https:\/\/www.mojekonferencje.pl\/blog\/wp-content\/uploads\/2025\/06\/Fotoram.io-35.jpg\",\"width\":1200,\"height\":708,\"caption\":\"Hotele z atrakcjami: quady, paintball, ognisko \u2013 miejsca na solidn\u0105 integracj\u0119 - woj. ma\u0142opolskie\"},{\"@type\":\"BreadcrumbList\",\"@id\":\"https:\/\/www.mojekonferencje.pl\/blog\/hotele-z-atrakcjami-quady-paintball-ognisko-miejsca-na-solidna-integracje-woj-malopolskie\/#breadcrumb\",\"itemListElement\":[{\"@type\":\"ListItem\",\"position\":1,\"name\":\"Strona g\u0142\u00f3wna\",\"item\":\"https:\/\/www.mojekonferencje.pl\/blog\/\"},{\"@type\":\"ListItem\",\"position\":2,\"name\":\"Hotele z atrakcjami: quady, paintball, ognisko \u2013 miejsca na solidn\u0105 integracj\u0119 &#8211; woj. ma\u0142opolskie\"}]},{\"@type\":\"WebSite\",\"@id\":\"https:\/\/www.mojekonferencje.pl\/blog\/#website\",\"url\":\"https:\/\/www.mojekonferencje.pl\/blog\/\",\"name\":\"MojeKonferencje.pl\",\"description\":\"Blog bran\u017cy szkoleniowo-konferencyjnej. W\u0142\u0105cz si\u0119 do dyskusji o obiektach konferencyjnych i nowo\u015bciach z bran\u017cy! Poznaj porady odno\u015bnie organizacji konferencji, szkole\u0144 i event\u00f3w firmowych! Zach\u0119camy do wyra\u017cania opinii oraz komentarzy.\",\"potentialAction\":[{\"@type\":\"SearchAction\",\"target\":{\"@type\":\"EntryPoint\",\"urlTemplate\":\"https:\/\/www.mojekonferencje.pl\/blog\/?s={search_term_string}\"},\"query-input\":{\"@type\":\"PropertyValueSpecification\",\"valueRequired\":true,\"valueName\":\"search_term_string\"}}],\"inLanguage\":\"pl-PL\"},{\"@type\":\"Person\",\"@id\":\"https:\/\/www.mojekonferencje.pl\/blog\/#\/schema\/person\/7d6985dc3741882ea12e03b1c3997043\",\"name\":\"Julia Gadomska\",\"url\":\"https:\/\/www.mojekonferencje.pl\/blog\/author\/julia-gadomska\/\"}]}<\/script>\n<!-- \/ Yoast SEO plugin. -->","yoast_head_json":{"title":"Hotele z atrakcjami: quady, paintball, ognisko \u2013 miejsca na solidn\u0105 integracj\u0119 - woj. ma\u0142opolskie - blog | MojeKonferencje.pl","description":"Hotele z atrakcjami: quady, paintball, ognisko \u2013 miejsca na solidn\u0105 integracj\u0119 - woj. ma\u0142opolskie - blog | MojeKonferencje.pl","robots":{"index":"index","follow":"follow","max-snippet":"max-snippet:-1","max-image-preview":"max-image-preview:large","max-video-preview":"max-video-preview:-1"},"canonical":"https:\/\/www.mojekonferencje.pl\/blog\/hotele-z-atrakcjami-quady-paintball-ognisko-miejsca-na-solidna-integracje-woj-malopolskie\/","og_locale":"pl_PL","og_type":"article","og_title":"Hotele z atrakcjami: quady, paintball, ognisko \u2013 miejsca na solidn\u0105 integracj\u0119 - woj. ma\u0142opolskie - blog | MojeKonferencje.pl","og_description":"Hotele z atrakcjami: quady, paintball, ognisko \u2013 miejsca na solidn\u0105 integracj\u0119 - woj. ma\u0142opolskie - blog | MojeKonferencje.pl","og_url":"https:\/\/www.mojekonferencje.pl\/blog\/hotele-z-atrakcjami-quady-paintball-ognisko-miejsca-na-solidna-integracje-woj-malopolskie\/","og_site_name":"MojeKonferencje.pl","article_published_time":"2025-06-06T07:00:00+00:00","article_modified_time":"2025-07-24T08:21:03+00:00","og_image":[{"width":1200,"height":708,"url":"https:\/\/www.mojekonferencje.pl\/blog\/wp-content\/uploads\/2025\/06\/Fotoram.io-35.jpg","type":"image\/jpeg"}],"author":"Julia Gadomska","twitter_card":"summary_large_image","twitter_misc":{"Napisane przez":"Julia Gadomska","Szacowany czas czytania":"9 minut"},"schema":{"@context":"https:\/\/schema.org","@graph":[{"@type":"Article","@id":"https:\/\/www.mojekonferencje.pl\/blog\/hotele-z-atrakcjami-quady-paintball-ognisko-miejsca-na-solidna-integracje-woj-malopolskie\/#article","isPartOf":{"@id":"https:\/\/www.mojekonferencje.pl\/blog\/hotele-z-atrakcjami-quady-paintball-ognisko-miejsca-na-solidna-integracje-woj-malopolskie\/"},"author":{"name":"Julia Gadomska","@id":"https:\/\/www.mojekonferencje.pl\/blog\/#\/schema\/person\/7d6985dc3741882ea12e03b1c3997043"},"headline":"Hotele z atrakcjami: quady, paintball, ognisko \u2013 miejsca na solidn\u0105 integracj\u0119 &#8211; woj. ma\u0142opolskie","datePublished":"2025-06-06T07:00:00+00:00","dateModified":"2025-07-24T08:21:03+00:00","mainEntityOfPage":{"@id":"https:\/\/www.mojekonferencje.pl\/blog\/hotele-z-atrakcjami-quady-paintball-ognisko-miejsca-na-solidna-integracje-woj-malopolskie\/"},"wordCount":1372,"image":{"@id":"https:\/\/www.mojekonferencje.pl\/blog\/hotele-z-atrakcjami-quady-paintball-ognisko-miejsca-na-solidna-integracje-woj-malopolskie\/#primaryimage"},"thumbnailUrl":"https:\/\/www.mojekonferencje.pl\/blog\/wp-content\/uploads\/2025\/06\/Fotoram.io-35.jpg","keywords":["integracja pracownicza","ma\u0142opolskie","organizacja imprez","organizacja wydarze\u0144","wypady integracyjne"],"articleSection":["Konferencyjny relaks","Porady","Travel","Wybieranie miejsca konferencyjnego"],"inLanguage":"pl-PL"},{"@type":"WebPage","@id":"https:\/\/www.mojekonferencje.pl\/blog\/hotele-z-atrakcjami-quady-paintball-ognisko-miejsca-na-solidna-integracje-woj-malopolskie\/","url":"https:\/\/www.mojekonferencje.pl\/blog\/hotele-z-atrakcjami-quady-paintball-ognisko-miejsca-na-solidna-integracje-woj-malopolskie\/","name":"Hotele z atrakcjami: quady, paintball, ognisko \u2013 miejsca na solidn\u0105 integracj\u0119 - woj. ma\u0142opolskie - blog | MojeKonferencje.pl","isPartOf":{"@id":"https:\/\/www.mojekonferencje.pl\/blog\/#website"},"primaryImageOfPage":{"@id":"https:\/\/www.mojekonferencje.pl\/blog\/hotele-z-atrakcjami-quady-paintball-ognisko-miejsca-na-solidna-integracje-woj-malopolskie\/#primaryimage"},"image":{"@id":"https:\/\/www.mojekonferencje.pl\/blog\/hotele-z-atrakcjami-quady-paintball-ognisko-miejsca-na-solidna-integracje-woj-malopolskie\/#primaryimage"},"thumbnailUrl":"https:\/\/www.mojekonferencje.pl\/blog\/wp-content\/uploads\/2025\/06\/Fotoram.io-35.jpg","datePublished":"2025-06-06T07:00:00+00:00","dateModified":"2025-07-24T08:21:03+00:00","author":{"@id":"https:\/\/www.mojekonferencje.pl\/blog\/#\/schema\/person\/7d6985dc3741882ea12e03b1c3997043"},"description":"Hotele z atrakcjami: quady, paintball, ognisko \u2013 miejsca na solidn\u0105 integracj\u0119 - woj. ma\u0142opolskie - blog | MojeKonferencje.pl","breadcrumb":{"@id":"https:\/\/www.mojekonferencje.pl\/blog\/hotele-z-atrakcjami-quady-paintball-ognisko-miejsca-na-solidna-integracje-woj-malopolskie\/#breadcrumb"},"inLanguage":"pl-PL","potentialAction":[{"@type":"ReadAction","target":["https:\/\/www.mojekonferencje.pl\/blog\/hotele-z-atrakcjami-quady-paintball-ognisko-miejsca-na-solidna-integracje-woj-malopolskie\/"]}]},{"@type":"ImageObject","inLanguage":"pl-PL","@id":"https:\/\/www.mojekonferencje.pl\/blog\/hotele-z-atrakcjami-quady-paintball-ognisko-miejsca-na-solidna-integracje-woj-malopolskie\/#primaryimage","url":"https:\/\/www.mojekonferencje.pl\/blog\/wp-content\/uploads\/2025\/06\/Fotoram.io-35.jpg","contentUrl":"https:\/\/www.mojekonferencje.pl\/blog\/wp-content\/uploads\/2025\/06\/Fotoram.io-35.jpg","width":1200,"height":708,"caption":"Hotele z atrakcjami: quady, paintball, ognisko \u2013 miejsca na solidn\u0105 integracj\u0119 - woj. ma\u0142opolskie"},{"@type":"BreadcrumbList","@id":"https:\/\/www.mojekonferencje.pl\/blog\/hotele-z-atrakcjami-quady-paintball-ognisko-miejsca-na-solidna-integracje-woj-malopolskie\/#breadcrumb","itemListElement":[{"@type":"ListItem","position":1,"name":"Strona g\u0142\u00f3wna","item":"https:\/\/www.mojekonferencje.pl\/blog\/"},{"@type":"ListItem","position":2,"name":"Hotele z atrakcjami: quady, paintball, ognisko \u2013 miejsca na solidn\u0105 integracj\u0119 &#8211; woj. ma\u0142opolskie"}]},{"@type":"WebSite","@id":"https:\/\/www.mojekonferencje.pl\/blog\/#website","url":"https:\/\/www.mojekonferencje.pl\/blog\/","name":"MojeKonferencje.pl","description":"Blog bran\u017cy szkoleniowo-konferencyjnej. W\u0142\u0105cz si\u0119 do dyskusji o obiektach konferencyjnych i nowo\u015bciach z bran\u017cy! Poznaj porady odno\u015bnie organizacji konferencji, szkole\u0144 i event\u00f3w firmowych! Zach\u0119camy do wyra\u017cania opinii oraz komentarzy.","potentialAction":[{"@type":"SearchAction","target":{"@type":"EntryPoint","urlTemplate":"https:\/\/www.mojekonferencje.pl\/blog\/?s={search_term_string}"},"query-input":{"@type":"PropertyValueSpecification","valueRequired":true,"valueName":"search_term_string"}}],"inLanguage":"pl-PL"},{"@type":"Person","@id":"https:\/\/www.mojekonferencje.pl\/blog\/#\/schema\/person\/7d6985dc3741882ea12e03b1c3997043","name":"Julia Gadomska","url":"https:\/\/www.mojekonferencje.pl\/blog\/author\/julia-gadomska\/"}]}},"_links":{"self":[{"href":"https:\/\/www.mojekonferencje.pl\/blog\/wp-json\/wp\/v2\/posts\/7357","targetHints":{"allow":["GET"]}}],"collection":[{"href":"https:\/\/www.mojekonferencje.pl\/blog\/wp-json\/wp\/v2\/posts"}],"about":[{"href":"https:\/\/www.mojekonferencje.pl\/blog\/wp-json\/wp\/v2\/types\/post"}],"author":[{"embeddable":true,"href":"https:\/\/www.mojekonferencje.pl\/blog\/wp-json\/wp\/v2\/users\/21"}],"replies":[{"embeddable":true,"href":"https:\/\/www.mojekonferencje.pl\/blog\/wp-json\/wp\/v2\/comments?post=7357"}],"version-history":[{"count":10,"href":"https:\/\/www.mojekonferencje.pl\/blog\/wp-json\/wp\/v2\/posts\/7357\/revisions"}],"predecessor-version":[{"id":8181,"href":"https:\/\/www.mojekonferencje.pl\/blog\/wp-json\/wp\/v2\/posts\/7357\/revisions\/8181"}],"wp:featuredmedia":[{"embeddable":true,"href":"https:\/\/www.mojekonferencje.pl\/blog\/wp-json\/wp\/v2\/media\/7375"}],"wp:attachment":[{"href":"https:\/\/www.mojekonferencje.pl\/blog\/wp-json\/wp\/v2\/media?parent=7357"}],"wp:term":[{"taxonomy":"category","embeddable":true,"href":"https:\/\/www.mojekonferencje.pl\/blog\/wp-json\/wp\/v2\/categories?post=7357"},{"taxonomy":"post_tag","embeddable":true,"href":"https:\/\/www.mojekonferencje.pl\/blog\/wp-json\/wp\/v2\/tags?post=7357"}],"curies":[{"name":"wp","href":"https:\/\/api.w.org\/{rel}","templated":true}]}}