{"id":7600,"date":"2025-07-16T09:00:00","date_gmt":"2025-07-16T07:00:00","guid":{"rendered":"https:\/\/www.mojekonferencje.pl\/blog\/?p=7600"},"modified":"2025-07-23T15:18:52","modified_gmt":"2025-07-23T13:18:52","slug":"obiekty-z-programem-integracyjnym-team-building-na-najwyzszym-poziomie-woj-malopolskie","status":"publish","type":"post","link":"https:\/\/www.mojekonferencje.pl\/blog\/obiekty-z-programem-integracyjnym-team-building-na-najwyzszym-poziomie-woj-malopolskie\/","title":{"rendered":"Obiekty z programem integracyjnym \u2013 team-building na najwy\u017cszym poziomie &#8211; woj. ma\u0142opolskie"},"content":{"rendered":"\n<p>Ma\u0142opolska to region, kt\u00f3ry zachwyca nie tylko pi\u0119knymi krajobrazami, ale r\u00f3wnie\u017c r\u00f3\u017cnorodno\u015bci\u0105 ofert dla firm poszukuj\u0105cych sprawdzonych miejsc na wyjazdy integracyjne.<a href=\"https:\/\/www.mojekonferencje.pl\/konferencje-malopolskie\"> Obiekty na konferencje w wojew\u00f3dztwie ma\u0142opolskim<\/a> to zar\u00f3wno nowoczesne hotele w centrum Krakowa, jak i malowniczo po\u0142o\u017cone resorty g\u00f3rskie.<\/p>\n\n\n\n<p> Poznaj kilka naszych propozycji doskona\u0142ych obiekt\u00f3w z programem integracyjnym!<\/p>\n\n\n\n<figure class=\"wp-block-table\"><table class=\"has-fixed-layout\"><tbody><tr><td><a href=\"https:\/\/www.mojekonferencje.pl\/wadowice\/mlyn-jacka-hotel--spa-\">M\u0142yn Jacka Hotel &amp; SPA<\/a><\/td><td><a href=\"https:\/\/www.mojekonferencje.pl\/szczawnica\/hotel-szczawnica-park-resort-spa\">Hotel Szczawnica Park Resort &amp; Spa<\/a><\/td><\/tr><tr><td><a href=\"https:\/\/www.mojekonferencje.pl\/bialka-tatrzanska\/thermal--ski-hotel-bania\">Hotel Bania Thermal &amp; Ski<\/a><\/td><td><a href=\"https:\/\/www.mojekonferencje.pl\/szaflary\/borowy-dwor-biznes-spa-fun\">Borowy Dw\u00f3r &#8211; Biznes, Spa &amp; Fun<\/a><\/td><\/tr><tr><td><a href=\"https:\/\/www.mojekonferencje.pl\/raclawice\/doslonce-resort\">Dos\u0142o\u0144ce Resort Wellness &amp; Farm<\/a><\/td><td><a href=\"https:\/\/www.mojekonferencje.pl\/lanckorona\/hotel-modrzewiowka\">Hotel Modrzewi\u00f3wka<\/a><\/td><\/tr><tr><td><a href=\"https:\/\/www.mojekonferencje.pl\/wieliczka\/turowka-hotel--spa-\">Tur\u00f3wka Hotel &amp; Spa<\/a><\/td><td><a href=\"https:\/\/www.mojekonferencje.pl\/muszyna\/hotel-activa\">Hotel Activa<\/a><\/td><\/tr><\/tbody><\/table><\/figure>\n\n\n\n<h2 class=\"wp-block-heading has-text-align-center\"><a href=\"https:\/\/www.mojekonferencje.pl\/wadowice\/mlyn-jacka-hotel--spa-\"><mark style=\"background-color:rgba(0, 0, 0, 0)\" class=\"has-inline-color has-vivid-purple-color\"><span style=\"text-decoration: underline;\">M\u0142yn Jacka Hotel &amp; SPA<\/span><\/mark><\/a><\/h2>\n\n\n\n<p>W otoczeniu zieleni i ciszy, z dala od miejskiego zgie\u0142ku, <strong>Hotel M\u0142yn Jacka<\/strong> oferuje firmom przestrze\u0144 do budowania zespo\u0142u w atmosferze komfortu, historii i nowoczesnych udogodnie\u0144. Czterogwiazdkowy obiekt mie\u015bci si\u0119 w <strong>zabytkowym m\u0142ynie z XIX wieku<\/strong>. Na Go\u015bci czekaj\u0105 komfortowe pokoje i apartamenty, elegancka Restauracja Spichlerz Smak\u00f3w. Dost\u0119pna jest tak\u017ce rozbudowana <strong>strefa Wellness &amp; SPA<\/strong> z basenem, jacuzzi i kompleksem saun.<\/p>\n\n\n\n<p>Do dyspozycji firm oddano<strong> 5 nowoczesnych sal konferencyjnych o \u0142\u0105cznej powierzchni 450 mkw<\/strong>., kt\u00f3re pomieszcz\u0105<strong> do 240 os\u00f3b<\/strong>. Spotkania mo\u017cna urozmaici\u0107 integracj\u0105 w plenerze \u2013 w klimatycznej Wiacie Grillowej lub podczas profesjonalnie przygotowanych gier zespo\u0142owych we wsp\u00f3\u0142pracy z agencj\u0105 Projekt Efektywny (ponad 50 scenariuszy team-buildingowych).<\/p>\n\n\n\n<p>Wieczorny relaks zapewnia <strong>kr\u0119gielnia i bilard<\/strong>, a lokalna kuchnia oparta na \u015bwie\u017cych sk\u0142adnikach dope\u0142nia ca\u0142o\u015bci. <strong>Hotel M\u0142yn Jacka<\/strong> to idealne miejsce, gdzie biznes \u0142\u0105czy si\u0119 z wypoczynkiem, a integracja nabiera zupe\u0142nie nowego wymiaru.<\/p>\n\n\n\n<figure class=\"wp-block-image size-full\"><a href=\"https:\/\/www.mojekonferencje.pl\/blog\/wp-content\/uploads\/2025\/07\/hotel-z-zewntrz-hotel-myn-jacka-wadowice0003-960x580-1.webp\"><img loading=\"lazy\" decoding=\"async\" width=\"960\" height=\"580\" src=\"https:\/\/www.mojekonferencje.pl\/blog\/wp-content\/uploads\/2025\/07\/hotel-z-zewntrz-hotel-myn-jacka-wadowice0003-960x580-1.webp\" alt=\"\" class=\"wp-image-7601 lazyload\" data-srcset=\"https:\/\/www.mojekonferencje.pl\/blog\/wp-content\/uploads\/2025\/07\/hotel-z-zewntrz-hotel-myn-jacka-wadowice0003-960x580-1.webp 960w, https:\/\/www.mojekonferencje.pl\/blog\/wp-content\/uploads\/2025\/07\/hotel-z-zewntrz-hotel-myn-jacka-wadowice0003-960x580-1-300x181.webp 300w, https:\/\/www.mojekonferencje.pl\/blog\/wp-content\/uploads\/2025\/07\/hotel-z-zewntrz-hotel-myn-jacka-wadowice0003-960x580-1-768x464.webp 768w\" sizes=\"auto\" \/><\/a><\/figure>\n\n\n\n<h2 class=\"wp-block-heading has-text-align-center\"><a href=\"https:\/\/www.mojekonferencje.pl\/szczawnica\/hotel-szczawnica-park-resort-spa\"><mark style=\"background-color:rgba(0, 0, 0, 0)\" class=\"has-inline-color has-vivid-purple-color\"><span style=\"text-decoration: underline;\">Hotel Szczawnica Park Resort &amp; Spa<\/span><\/mark><\/a><\/h2>\n\n\n\n<p class=\"has-text-align-left\">To<strong> 5-gwiazdkowy obiekt po\u0142o\u017cony w centrum Szczawnicy, tu\u017c przy Parku Dolnym i kolejce na Palenic\u0119<\/strong>. Oferuje <strong>110 nowoczesnych pokoi i apartament\u00f3w<\/strong> z widokiem na g\u00f3ry. Znajduj\u0105 przestronne zaplecze konferencyjne, umo\u017cliwiaj\u0105ce organizacj\u0119 wydarze\u0144 dla nawet 400 os\u00f3b. Sale s\u0105 klimatyzowane, wyposa\u017cone w sprz\u0119t multimedialny i dost\u0119p do \u015bwiat\u0142a dziennego.<\/p>\n\n\n\n<p class=\"has-text-align-left\">W obiekcie dzia\u0142a <strong>restauracja Kwiat Paproci<\/strong> serwuj\u0105ca dania regionalne zgodnie z ide\u0105 slow food, a tak\u017ce kawiarnie i bary idealne na spotkania integracyjne. Do dyspozycji go\u015bci jest <strong>rozbudowana strefa Spa &amp; Wellness Mikroklimat<\/strong> i klub muzyczny Bia\u0142a Woda \u2013 doskona\u0142e miejsca na wieczorne eventy.<\/p>\n\n\n\n<figure class=\"wp-block-image size-full\"><a href=\"https:\/\/www.mojekonferencje.pl\/blog\/wp-content\/uploads\/2025\/07\/szczawnica-park-hotel-031-960x580-1.webp\"><img loading=\"lazy\" decoding=\"async\" width=\"960\" height=\"580\" src=\"https:\/\/www.mojekonferencje.pl\/blog\/wp-content\/uploads\/2025\/07\/szczawnica-park-hotel-031-960x580-1.webp\" alt=\"\" class=\"wp-image-7604 lazyload\" data-srcset=\"https:\/\/www.mojekonferencje.pl\/blog\/wp-content\/uploads\/2025\/07\/szczawnica-park-hotel-031-960x580-1.webp 960w, https:\/\/www.mojekonferencje.pl\/blog\/wp-content\/uploads\/2025\/07\/szczawnica-park-hotel-031-960x580-1-300x181.webp 300w, https:\/\/www.mojekonferencje.pl\/blog\/wp-content\/uploads\/2025\/07\/szczawnica-park-hotel-031-960x580-1-768x464.webp 768w\" sizes=\"auto\" \/><\/a><\/figure>\n\n\n\n<h2 class=\"wp-block-heading has-text-align-center\"><a href=\"https:\/\/www.mojekonferencje.pl\/bialka-tatrzanska\/thermal--ski-hotel-bania\"><mark style=\"background-color:rgba(0, 0, 0, 0)\" class=\"has-inline-color has-vivid-purple-color\"><span style=\"text-decoration: underline;\">Hotel Bania Thermal &amp; Ski<\/span><\/mark><\/a><\/h2>\n\n\n\n<p>To czterogwiazdkowy obiekt po\u0142o\u017cony w Bia\u0142ce Tatrza\u0144skiej, tu\u017c obok najwi\u0119kszego o\u015brodka narciarskiego w Polsce. Z okien i taras\u00f3w rozpo\u015bciera si\u0119 malowniczy widok na Tatry i Pieniny. Na go\u015bci czeka rozbudowana strefa termalna, strefa SPA, szko\u0142a narciarska oraz liczne restauracje i kawiarnie.<\/p>\n\n\n\n<p>Hotel oferuje <strong>nowoczesne zaplecze konferencyjne o powierzchni 3500 m\u00b2<\/strong>, w tym 13 sal, foyer, recepcj\u0119 kongresow\u0105 i przestrze\u0144 wystawienniczo-bankietow\u0105 dla 1000 os\u00f3b. Najwi\u0119ksza sala \u2013 <strong>Trzy Korony<\/strong> \u2013 mie\u015bci do 430 uczestnik\u00f3w. Obiekt zapewnia pe\u0142ne wyposa\u017cenie multimedialne i dost\u0119p do szybkiego Wi-Fi.<\/p>\n\n\n\n<p>Do dyspozycji go\u015bci s\u0105 <strong>komfortowe pokoje i apartamenty z widokiem na g\u00f3ry<\/strong>, utrzymane w stylu g\u00f3ralskim. Na terenie hotelu dzia\u0142a kilka restauracji, w tym Restauracja G\u00f3ralska, Karczma Bania, kawiarnia na Szczycie i Lobby Bar. Dodatkowe atrakcje to Bania Music Club, kompleks basen\u00f3w termalnych, saunarium, gabinety fizjoterapii i liczne udogodnienia dla rodzin z dzie\u0107mi. Hotel oferuje kompleksow\u0105 obs\u0142ug\u0119 wydarze\u0144 \u2013 od cateringu po opraw\u0119 muzyczn\u0105 i organizacj\u0119 atrakcji integracyjnych.<\/p>\n\n\n\n<figure class=\"wp-block-image size-full\"><a href=\"https:\/\/www.mojekonferencje.pl\/blog\/wp-content\/uploads\/2025\/07\/hotel-bania-2020-fot-szymon-polanski-2088-960x580-1.webp\"><img loading=\"lazy\" decoding=\"async\" width=\"960\" height=\"580\" src=\"https:\/\/www.mojekonferencje.pl\/blog\/wp-content\/uploads\/2025\/07\/hotel-bania-2020-fot-szymon-polanski-2088-960x580-1.webp\" alt=\"\" class=\"wp-image-7605 lazyload\" data-srcset=\"https:\/\/www.mojekonferencje.pl\/blog\/wp-content\/uploads\/2025\/07\/hotel-bania-2020-fot-szymon-polanski-2088-960x580-1.webp 960w, https:\/\/www.mojekonferencje.pl\/blog\/wp-content\/uploads\/2025\/07\/hotel-bania-2020-fot-szymon-polanski-2088-960x580-1-300x181.webp 300w, https:\/\/www.mojekonferencje.pl\/blog\/wp-content\/uploads\/2025\/07\/hotel-bania-2020-fot-szymon-polanski-2088-960x580-1-768x464.webp 768w\" sizes=\"auto\" \/><\/a><\/figure>\n\n\n\n<h2 class=\"wp-block-heading has-text-align-center\"><a href=\"https:\/\/www.mojekonferencje.pl\/szaflary\/borowy-dwor-biznes-spa-fun\"><mark style=\"background-color:rgba(0, 0, 0, 0)\" class=\"has-inline-color has-vivid-purple-color\"><span style=\"text-decoration: underline;\">Borowy Dw\u00f3r &#8211; Biznes, Spa &amp; Fun<\/span><\/mark><\/a><\/h2>\n\n\n\n<p>Jest to nowoczesny kompleks <strong>konferencyjno-noclegowy<\/strong> po\u0142o\u017cony w Ba\u0144skiej Ni\u017cnej, z dogodnym dojazdem do Zakopanego i Bia\u0142ego Dunajca. Obiekt oferuje<strong> 70 komfortowych pokoi o eleganckim wystroju<\/strong>, w tym pokoje typu studio oraz udogodnienia dla os\u00f3b z niepe\u0142nosprawno\u015bciami.<\/p>\n\n\n\n<p>Centrum konferencyjne sk\u0142ada si\u0119 z <strong>pi\u0119ciu sal<\/strong>, w tym przestronnej <strong>sali o powierzchni 130 mkw<\/strong>., wyposa\u017conej w nowoczesny sprz\u0119t audiowizualny. To idealna przestrze\u0144 do organizacji szkole\u0144, konferencji, wigilii firmowych i integracji. Uzupe\u0142nieniem zaplecza eventowego s\u0105 g\u00f3ralskie sale bankietowe oraz restauracja serwuj\u0105ca dania kuchni podhala\u0144skiej.<\/p>\n\n\n\n<p>Na go\u015bci czeka r\u00f3wnie\u017c strefa SPA z saunami, jacuzzi i stref\u0105 relaksu, a tak\u017ce<strong> 3-torowa kr\u0119gielnia z drink barem<\/strong>. W pobli\u017cu znajduj\u0105 si\u0119 szlaki turystyczne, stoki narciarskie i termy Gor\u0105cy Potok oraz Termy Szaflary.<\/p>\n\n\n\n<p>Borowy Dw\u00f3r to miejsce, kt\u00f3re \u0142\u0105czy funkcjonalno\u015b\u0107 centrum biznesowego z atmosfer\u0105 g\u00f3rskiego wypoczynku.<\/p>\n\n\n\n<figure class=\"wp-block-image size-full\"><a href=\"https:\/\/www.mojekonferencje.pl\/blog\/wp-content\/uploads\/2025\/07\/borowy-dwor-szaflary-79-960x580-1.webp\"><img loading=\"lazy\" decoding=\"async\" width=\"960\" height=\"580\" src=\"https:\/\/www.mojekonferencje.pl\/blog\/wp-content\/uploads\/2025\/07\/borowy-dwor-szaflary-79-960x580-1.webp\" alt=\"\" class=\"wp-image-7606 lazyload\" data-srcset=\"https:\/\/www.mojekonferencje.pl\/blog\/wp-content\/uploads\/2025\/07\/borowy-dwor-szaflary-79-960x580-1.webp 960w, https:\/\/www.mojekonferencje.pl\/blog\/wp-content\/uploads\/2025\/07\/borowy-dwor-szaflary-79-960x580-1-300x181.webp 300w, https:\/\/www.mojekonferencje.pl\/blog\/wp-content\/uploads\/2025\/07\/borowy-dwor-szaflary-79-960x580-1-768x464.webp 768w\" sizes=\"auto\" \/><\/a><\/figure>\n\n\n\n<h2 class=\"wp-block-heading has-text-align-center\"><a href=\"https:\/\/www.mojekonferencje.pl\/raclawice\/doslonce-resort\"><mark style=\"background-color:rgba(0, 0, 0, 0)\" class=\"has-inline-color has-vivid-purple-color\"><span style=\"text-decoration: underline;\">Dos\u0142o\u0144ce Resort Wellness &amp; Farm<\/span><\/mark><\/a><\/h2>\n\n\n\n<p>To czterogwiazdkowy o\u015brodek w<strong> woj. ma\u0142opolskim<\/strong>, zlokalizowany nieopodal Krakowa, w otoczeniu malowniczej panoramy Wy\u017cyny Miechowskiej. Obiekt oferuje idealne warunki do organizacji konferencji, szkole\u0144 i imprez integracyjnych. Do dyspozycji go\u015bci pozostaje nowoczesne centrum konferencyjne<strong> o powierzchni ponad 550 mkw.<\/strong>, <strong>trzy klimatyzowane sale (Wenus, Jowisz, Mars)<\/strong>, kt\u00f3re mo\u017cna ze sob\u0105 \u0142\u0105czy\u0107, a tak\u017ce bogate zaplecze techniczne i przestronne foyer.<\/p>\n\n\n\n<p>Na terenie resortu znajduje si\u0119 <strong>67 komfortowych poko<\/strong>i, restauracja serwuj\u0105ca dania kuchni polskiej i mi\u0119dzynarodowej, basen, rozbudowana strefa SPA &amp; Wellness. A tak\u017ce zaplecze sportowe, m.in. boiska, kort tenisowy i pole do mini golfa.<\/p>\n\n\n\n<p>Obiekt rozci\u0105ga si\u0119 na<strong> 6 hektarach<\/strong>, co sprzyja organizacji event\u00f3w plenerowych, imprez przy ognisku czy biesiad w Chacie Grillowej. Urokliwa okolica sprzyja spacerom i aktywnemu wypoczynkowi, a profesjonalna obs\u0142uga dba o ka\u017cdy szczeg\u00f3\u0142 wydarzenia \u2013 od logistyki po atmosfer\u0119.<\/p>\n\n\n\n<figure class=\"wp-block-gallery has-nested-images columns-default is-cropped wp-block-gallery-1 is-layout-flex wp-block-gallery-is-layout-flex\">\n<figure class=\"wp-block-image size-full\"><a href=\"https:\/\/www.mojekonferencje.pl\/blog\/wp-content\/uploads\/2025\/07\/zrzut-ekranu-2023-08-24-171232-960x580-1.webp\"><img loading=\"lazy\" decoding=\"async\" width=\"960\" height=\"580\" data-id=\"7607\" src=\"https:\/\/www.mojekonferencje.pl\/blog\/wp-content\/uploads\/2025\/07\/zrzut-ekranu-2023-08-24-171232-960x580-1.webp\" alt=\"\" class=\"wp-image-7607 lazyload\" data-srcset=\"https:\/\/www.mojekonferencje.pl\/blog\/wp-content\/uploads\/2025\/07\/zrzut-ekranu-2023-08-24-171232-960x580-1.webp 960w, https:\/\/www.mojekonferencje.pl\/blog\/wp-content\/uploads\/2025\/07\/zrzut-ekranu-2023-08-24-171232-960x580-1-300x181.webp 300w, https:\/\/www.mojekonferencje.pl\/blog\/wp-content\/uploads\/2025\/07\/zrzut-ekranu-2023-08-24-171232-960x580-1-768x464.webp 768w\" sizes=\"auto\" \/><\/a><\/figure>\n<\/figure>\n\n\n\n<h2 class=\"wp-block-heading has-text-align-center\"><a href=\"https:\/\/www.mojekonferencje.pl\/lanckorona\/hotel-modrzewiowka\"><mark style=\"background-color:rgba(0, 0, 0, 0)\" class=\"has-inline-color has-vivid-purple-color\"><span style=\"text-decoration: underline;\">Hotel Modrzewi\u00f3wka<\/span><\/mark><\/a><\/h2>\n\n\n\n<p>To trzygwiazdkowy obiekt po\u0142o\u017cony w malowniczej Lanckoronie, zaledwie 25 km od Krakowa. To idealne miejsce na organizacj\u0119 konferencji, szkole\u0144 i wyjazd\u00f3w integracyjnych w otoczeniu przyrody. Obiekt oferuje <strong>dwie sale konferencyjne dla<\/strong> <strong>20 i 80 os\u00f3b<\/strong>, wyposa\u017cone w rzutnik, flipchart, mikrofony, TV oraz profesjonalne nag\u0142o\u015bnienie. Jasne wn\u0119trza i naturalne \u015bwiat\u0142o sprzyjaj\u0105 kreatywnej pracy.<\/p>\n\n\n\n<p>Do dyspozycji go\u015bci jest <strong>31 komfortowych pokoi typu Standard i Superior<\/strong>, zapewniaj\u0105cych \u0142\u0105cznie 74 miejsca noclegowe. Wszystkie pokoje posiadaj\u0105 \u0142azienk\u0119, TV, telefon, Wi-Fi, a wiele z nich tak\u017ce taras z widokiem.<\/p>\n\n\n\n<p><strong>Hotelowa Restauracja ATELIER<\/strong> serwuje dania kuchni polskiej, a wieczorami warto odwiedzi\u0107 bar z szerok\u0105 kart\u0105 win i drink\u00f3w. Na terenie obiektu znajduje si\u0119 tak\u017ce centrum rekreacyjne: sauna, sala fitness, odkryty basen, bilard i pi\u0142karzyki. Dost\u0119pna jest r\u00f3wnie\u017c oferta masa\u017cy i zabieg\u00f3w piel\u0119gnacyjnych.<\/p>\n\n\n\n<p>Hotel organizuje <strong>atrakcje integracyjne<\/strong>, m.in. zwiedzanie z przewodnikiem, paintball, biesiady grillowe i degustacje win. Modrzewi\u00f3wka to miejsce, gdzie biznes spotyka si\u0119 z relaksem w wyj\u0105tkowej atmosferze.<\/p>\n\n\n\n<figure class=\"wp-block-image size-full\"><a href=\"https:\/\/www.mojekonferencje.pl\/blog\/wp-content\/uploads\/2025\/07\/2m-20130825-02000-960x580-1.webp\"><img loading=\"lazy\" decoding=\"async\" width=\"960\" height=\"580\" src=\"https:\/\/www.mojekonferencje.pl\/blog\/wp-content\/uploads\/2025\/07\/2m-20130825-02000-960x580-1.webp\" alt=\"\" class=\"wp-image-7608 lazyload\" data-srcset=\"https:\/\/www.mojekonferencje.pl\/blog\/wp-content\/uploads\/2025\/07\/2m-20130825-02000-960x580-1.webp 960w, https:\/\/www.mojekonferencje.pl\/blog\/wp-content\/uploads\/2025\/07\/2m-20130825-02000-960x580-1-300x181.webp 300w, https:\/\/www.mojekonferencje.pl\/blog\/wp-content\/uploads\/2025\/07\/2m-20130825-02000-960x580-1-768x464.webp 768w\" sizes=\"auto\" \/><\/a><\/figure>\n\n\n\n<h2 class=\"wp-block-heading has-text-align-center\"><a href=\"https:\/\/www.mojekonferencje.pl\/wieliczka\/turowka-hotel--spa-\"><mark style=\"background-color:rgba(0, 0, 0, 0)\" class=\"has-inline-color has-vivid-purple-color\"><span style=\"text-decoration: underline;\">Tur\u00f3wka Hotel &amp; Spa<\/span><\/mark><\/a><\/h2>\n\n\n\n<p>Po\u0142o\u017cony w malowniczej Wieliczce, w s\u0105siedztwie s\u0142ynnej Kopalni Soli, ten czterogwiazdkowy<strong> hotel oferuje doskona\u0142e warunki<\/strong> zar\u00f3wno do relaksu, jak i organizacji spotka\u0144 biznesowych.<\/p>\n\n\n\n<p>Hotel oferuje <strong>52 stylowe pokoje<\/strong>, apartament oraz <strong>4 klimatyzowane sale konferencyjne o r\u00f3\u017cnej wielko\u015bci<\/strong>, mieszcz\u0105ce od kameralnych spotka\u0144 po wydarzenia <strong>nawet do 130 os\u00f3b.<\/strong> Wszystkie sale wyposa\u017cone s\u0105 w nowoczesny sprz\u0119t multimedialny, rzutniki, nag\u0142o\u015bnienie i mikrofony.<\/p>\n\n\n\n<p>Wn\u0119trza pokoi zachwycaj\u0105 komfortem: klimatyzacja, Smart TV, minibar oraz zestawy do parzenia kawy i herbaty. Cz\u0119\u015b\u0107 pokoi posiada balkony z widokiem na ogr\u00f3d.<\/p>\n\n\n\n<p><strong>Restauracja Convivia<\/strong> serwuje wykwintne dania kuchni mi\u0119dzynarodowej i polskiej, a w sezonie letnim dzia\u0142a ogr\u00f3d z Tur\u00f3wka Garden Grill. Do dyspozycji go\u015bci jest tak\u017ce basen, sauna sucha i mokra, grota solna, jacuzzi oraz trzy gabinety SPA.<\/p>\n\n\n\n<p>Hotel zapewnia tak\u017ce <strong>atrakcyjne formy sp\u0119dzania czasu i integracji<\/strong>, w tym zwiedzanie Kopalni Soli, wieczory tematyczne, degustacje alkoholi, gry miejskie i zabawy teambuildingowe.<\/p>\n\n\n\n<figure class=\"wp-block-gallery has-nested-images columns-default is-cropped wp-block-gallery-2 is-layout-flex wp-block-gallery-is-layout-flex\">\n<figure class=\"wp-block-image size-full\"><a href=\"https:\/\/www.mojekonferencje.pl\/blog\/wp-content\/uploads\/2025\/07\/zrzut-ekranu-2023-01-05-135007-960x580-1.webp\"><img loading=\"lazy\" decoding=\"async\" width=\"960\" height=\"580\" data-id=\"7609\" src=\"https:\/\/www.mojekonferencje.pl\/blog\/wp-content\/uploads\/2025\/07\/zrzut-ekranu-2023-01-05-135007-960x580-1.webp\" alt=\"\" class=\"wp-image-7609 lazyload\" data-srcset=\"https:\/\/www.mojekonferencje.pl\/blog\/wp-content\/uploads\/2025\/07\/zrzut-ekranu-2023-01-05-135007-960x580-1.webp 960w, https:\/\/www.mojekonferencje.pl\/blog\/wp-content\/uploads\/2025\/07\/zrzut-ekranu-2023-01-05-135007-960x580-1-300x181.webp 300w, https:\/\/www.mojekonferencje.pl\/blog\/wp-content\/uploads\/2025\/07\/zrzut-ekranu-2023-01-05-135007-960x580-1-768x464.webp 768w\" sizes=\"auto\" \/><\/a><\/figure>\n<\/figure>\n\n\n\n<h2 class=\"wp-block-heading has-text-align-center\"><a href=\"https:\/\/www.mojekonferencje.pl\/muszyna\/hotel-activa\"><mark style=\"background-color:rgba(0, 0, 0, 0)\" class=\"has-inline-color has-vivid-purple-color\"><span style=\"text-decoration: underline;\">Hotel Activa<\/span><\/mark><\/a><\/h2>\n\n\n\n<p>Ukryty w sercu Popradzkiego Parku Krajobrazowego, na malowniczym szlaku 7 Dolin, pomi\u0119dzy Jaworzyn\u0105 Krynick\u0105 a Wierchoml\u0105,<strong> Hotel Activa <\/strong>to doskona\u0142e miejsce na wypoczynek i organizacj\u0119 wydarze\u0144 biznesowych. Po\u0142o\u017cony w dolinie rzeki Poprad, oferuje znakomite warunki zar\u00f3wno dla klient\u00f3w indywidualnych, jak i grup zorganizowanych. <\/p>\n\n\n\n<p>Na terenie obiektu znajduje si\u0119 <strong>przestronna restauracja<\/strong>, kawiarnia z panoramicznym tarasem, ACTIV CLUB z drink barem i kr\u0119gielni\u0105, strefa SPA &amp; Wellness oraz grillowa wiata idealna na imprezy plenerowe. <\/p>\n\n\n\n<p>Hotel dysponuje<strong> pi\u0119cioma nowoczesnymi salami konferencyjnymi<\/strong>, komfortowymi pokojami z widokiem na g\u00f3ry oraz rozbudowanym zapleczem rekreacyjnym, w tym m.in. strzelnic\u0105, paintballem, quadami czy \u015blizgostrad\u0105. To idealna baza do integracji, szkole\u0144, aktywnego wypoczynku i relaksu w g\u00f3rskiej scenerii.<\/p>\n\n\n\n<figure class=\"wp-block-image size-full\"><a href=\"https:\/\/www.mojekonferencje.pl\/blog\/wp-content\/uploads\/2025\/07\/hotel-activa-9-960x580-1.webp\"><img loading=\"lazy\" decoding=\"async\" width=\"960\" height=\"580\" src=\"https:\/\/www.mojekonferencje.pl\/blog\/wp-content\/uploads\/2025\/07\/hotel-activa-9-960x580-1.webp\" alt=\"\" class=\"wp-image-7610 lazyload\" data-srcset=\"https:\/\/www.mojekonferencje.pl\/blog\/wp-content\/uploads\/2025\/07\/hotel-activa-9-960x580-1.webp 960w, https:\/\/www.mojekonferencje.pl\/blog\/wp-content\/uploads\/2025\/07\/hotel-activa-9-960x580-1-300x181.webp 300w, https:\/\/www.mojekonferencje.pl\/blog\/wp-content\/uploads\/2025\/07\/hotel-activa-9-960x580-1-768x464.webp 768w\" sizes=\"auto\" \/><\/a><\/figure>\n\n\n\n<p><\/p>\n\n\n\n<p>Dzi\u0119ki doskona\u0142emu po\u0142\u0105czeniu atrakcji przyrodniczych, bazy noclegowej i profesjonalnych us\u0142ug eventowych, Ma\u0142opolska staje si\u0119 liderem w organizacji wyjazd\u00f3w integracyjnych w Polsce. Obiekty z programem team-buildingowym gwarantuj\u0105 nie tylko \u015bwietn\u0105 zabaw\u0119, ale tak\u017ce realne korzy\u015bci dla zespo\u0142u i firmy. To inwestycja, kt\u00f3ra procentuje d\u0142ugofalowo.<\/p>\n\n\n\n<p>Wybieraj\u0105c woj. ma\u0142opolskie, firmy stawiaj\u0105 na jako\u015b\u0107, r\u00f3\u017cnorodno\u015b\u0107 i niezapomniane do\u015bwiadczenia \u2013 team-building na najwy\u017cszym poziomie.<\/p>\n","protected":false},"excerpt":{"rendered":"<p>Ma\u0142opolska to idealne miejsce na firmow\u0105 integracj\u0119. Sprawd\u017a nasze propozycje sprawdzonych obiekt\u00f3w na udany wyjazd!<\/p>\n","protected":false},"author":21,"featured_media":7612,"comment_status":"closed","ping_status":"closed","sticky":false,"template":"","format":"standard","meta":{"_acf_changed":false,"footnotes":""},"categories":[175],"tags":[367,380,354,409],"class_list":["post-7600","post","type-post","status-publish","format-standard","has-post-thumbnail","hentry","category-wybieranie-miejsca-konferencyjnego","tag-hotele","tag-malopolskie","tag-organizacja-wydarzen","tag-team-building"],"acf":[],"yoast_head":"<!-- This site is optimized with the Yoast SEO plugin v27.1.1 - https:\/\/yoast.com\/product\/yoast-seo-wordpress\/ -->\n<title>Obiekty z programem integracyjnym \u2013 team-building na najwy\u017cszym poziomie - woj. ma\u0142opolskie - blog | MojeKonferencje.pl<\/title>\n<meta name=\"description\" content=\"Obiekty z programem integracyjnym \u2013 team-building na najwy\u017cszym poziomie - woj. ma\u0142opolskie - blog | MojeKonferencje.pl\" \/>\n<meta name=\"robots\" content=\"index, follow, max-snippet:-1, max-image-preview:large, max-video-preview:-1\" \/>\n<link rel=\"canonical\" href=\"https:\/\/www.mojekonferencje.pl\/blog\/obiekty-z-programem-integracyjnym-team-building-na-najwyzszym-poziomie-woj-malopolskie\/\" \/>\n<meta property=\"og:locale\" content=\"pl_PL\" \/>\n<meta property=\"og:type\" content=\"article\" \/>\n<meta property=\"og:title\" content=\"Obiekty z programem integracyjnym \u2013 team-building na najwy\u017cszym poziomie - woj. ma\u0142opolskie - blog | MojeKonferencje.pl\" \/>\n<meta property=\"og:description\" content=\"Obiekty z programem integracyjnym \u2013 team-building na najwy\u017cszym poziomie - woj. ma\u0142opolskie - blog | MojeKonferencje.pl\" \/>\n<meta property=\"og:url\" content=\"https:\/\/www.mojekonferencje.pl\/blog\/obiekty-z-programem-integracyjnym-team-building-na-najwyzszym-poziomie-woj-malopolskie\/\" \/>\n<meta property=\"og:site_name\" content=\"MojeKonferencje.pl\" \/>\n<meta property=\"article:published_time\" content=\"2025-07-16T07:00:00+00:00\" \/>\n<meta property=\"article:modified_time\" content=\"2025-07-23T13:18:52+00:00\" \/>\n<meta property=\"og:image\" content=\"https:\/\/www.mojekonferencje.pl\/blog\/wp-content\/uploads\/2025\/07\/Fotoram.io-50.jpg\" \/>\n\t<meta property=\"og:image:width\" content=\"1200\" \/>\n\t<meta property=\"og:image:height\" content=\"672\" \/>\n\t<meta property=\"og:image:type\" content=\"image\/jpeg\" \/>\n<meta name=\"author\" content=\"Julia Gadomska\" \/>\n<meta name=\"twitter:card\" content=\"summary_large_image\" \/>\n<meta name=\"twitter:label1\" content=\"Napisane przez\" \/>\n\t<meta name=\"twitter:data1\" content=\"Julia Gadomska\" \/>\n\t<meta name=\"twitter:label2\" content=\"Szacowany czas czytania\" \/>\n\t<meta name=\"twitter:data2\" content=\"10 minut\" \/>\n<script type=\"application\/ld+json\" class=\"yoast-schema-graph\">{\"@context\":\"https:\/\/schema.org\",\"@graph\":[{\"@type\":\"Article\",\"@id\":\"https:\/\/www.mojekonferencje.pl\/blog\/obiekty-z-programem-integracyjnym-team-building-na-najwyzszym-poziomie-woj-malopolskie\/#article\",\"isPartOf\":{\"@id\":\"https:\/\/www.mojekonferencje.pl\/blog\/obiekty-z-programem-integracyjnym-team-building-na-najwyzszym-poziomie-woj-malopolskie\/\"},\"author\":{\"name\":\"Julia Gadomska\",\"@id\":\"https:\/\/www.mojekonferencje.pl\/blog\/#\/schema\/person\/7d6985dc3741882ea12e03b1c3997043\"},\"headline\":\"Obiekty z programem integracyjnym \u2013 team-building na najwy\u017cszym poziomie &#8211; woj. ma\u0142opolskie\",\"datePublished\":\"2025-07-16T07:00:00+00:00\",\"dateModified\":\"2025-07-23T13:18:52+00:00\",\"mainEntityOfPage\":{\"@id\":\"https:\/\/www.mojekonferencje.pl\/blog\/obiekty-z-programem-integracyjnym-team-building-na-najwyzszym-poziomie-woj-malopolskie\/\"},\"wordCount\":1407,\"image\":{\"@id\":\"https:\/\/www.mojekonferencje.pl\/blog\/obiekty-z-programem-integracyjnym-team-building-na-najwyzszym-poziomie-woj-malopolskie\/#primaryimage\"},\"thumbnailUrl\":\"https:\/\/www.mojekonferencje.pl\/blog\/wp-content\/uploads\/2025\/07\/Fotoram.io-50.jpg\",\"keywords\":[\"hotele\",\"ma\u0142opolskie\",\"organizacja wydarze\u0144\",\"team-building\"],\"articleSection\":[\"Wybieranie miejsca konferencyjnego\"],\"inLanguage\":\"pl-PL\"},{\"@type\":\"WebPage\",\"@id\":\"https:\/\/www.mojekonferencje.pl\/blog\/obiekty-z-programem-integracyjnym-team-building-na-najwyzszym-poziomie-woj-malopolskie\/\",\"url\":\"https:\/\/www.mojekonferencje.pl\/blog\/obiekty-z-programem-integracyjnym-team-building-na-najwyzszym-poziomie-woj-malopolskie\/\",\"name\":\"Obiekty z programem integracyjnym \u2013 team-building na najwy\u017cszym poziomie - woj. ma\u0142opolskie - blog | MojeKonferencje.pl\",\"isPartOf\":{\"@id\":\"https:\/\/www.mojekonferencje.pl\/blog\/#website\"},\"primaryImageOfPage\":{\"@id\":\"https:\/\/www.mojekonferencje.pl\/blog\/obiekty-z-programem-integracyjnym-team-building-na-najwyzszym-poziomie-woj-malopolskie\/#primaryimage\"},\"image\":{\"@id\":\"https:\/\/www.mojekonferencje.pl\/blog\/obiekty-z-programem-integracyjnym-team-building-na-najwyzszym-poziomie-woj-malopolskie\/#primaryimage\"},\"thumbnailUrl\":\"https:\/\/www.mojekonferencje.pl\/blog\/wp-content\/uploads\/2025\/07\/Fotoram.io-50.jpg\",\"datePublished\":\"2025-07-16T07:00:00+00:00\",\"dateModified\":\"2025-07-23T13:18:52+00:00\",\"author\":{\"@id\":\"https:\/\/www.mojekonferencje.pl\/blog\/#\/schema\/person\/7d6985dc3741882ea12e03b1c3997043\"},\"description\":\"Obiekty z programem integracyjnym \u2013 team-building na najwy\u017cszym poziomie - woj. ma\u0142opolskie - blog | MojeKonferencje.pl\",\"breadcrumb\":{\"@id\":\"https:\/\/www.mojekonferencje.pl\/blog\/obiekty-z-programem-integracyjnym-team-building-na-najwyzszym-poziomie-woj-malopolskie\/#breadcrumb\"},\"inLanguage\":\"pl-PL\",\"potentialAction\":[{\"@type\":\"ReadAction\",\"target\":[\"https:\/\/www.mojekonferencje.pl\/blog\/obiekty-z-programem-integracyjnym-team-building-na-najwyzszym-poziomie-woj-malopolskie\/\"]}]},{\"@type\":\"ImageObject\",\"inLanguage\":\"pl-PL\",\"@id\":\"https:\/\/www.mojekonferencje.pl\/blog\/obiekty-z-programem-integracyjnym-team-building-na-najwyzszym-poziomie-woj-malopolskie\/#primaryimage\",\"url\":\"https:\/\/www.mojekonferencje.pl\/blog\/wp-content\/uploads\/2025\/07\/Fotoram.io-50.jpg\",\"contentUrl\":\"https:\/\/www.mojekonferencje.pl\/blog\/wp-content\/uploads\/2025\/07\/Fotoram.io-50.jpg\",\"width\":1200,\"height\":672,\"caption\":\"Obiekty z programem integracyjnym\"},{\"@type\":\"BreadcrumbList\",\"@id\":\"https:\/\/www.mojekonferencje.pl\/blog\/obiekty-z-programem-integracyjnym-team-building-na-najwyzszym-poziomie-woj-malopolskie\/#breadcrumb\",\"itemListElement\":[{\"@type\":\"ListItem\",\"position\":1,\"name\":\"Strona g\u0142\u00f3wna\",\"item\":\"https:\/\/www.mojekonferencje.pl\/blog\/\"},{\"@type\":\"ListItem\",\"position\":2,\"name\":\"Obiekty z programem integracyjnym \u2013 team-building na najwy\u017cszym poziomie &#8211; woj. ma\u0142opolskie\"}]},{\"@type\":\"WebSite\",\"@id\":\"https:\/\/www.mojekonferencje.pl\/blog\/#website\",\"url\":\"https:\/\/www.mojekonferencje.pl\/blog\/\",\"name\":\"MojeKonferencje.pl\",\"description\":\"Blog bran\u017cy szkoleniowo-konferencyjnej. W\u0142\u0105cz si\u0119 do dyskusji o obiektach konferencyjnych i nowo\u015bciach z bran\u017cy! Poznaj porady odno\u015bnie organizacji konferencji, szkole\u0144 i event\u00f3w firmowych! Zach\u0119camy do wyra\u017cania opinii oraz komentarzy.\",\"potentialAction\":[{\"@type\":\"SearchAction\",\"target\":{\"@type\":\"EntryPoint\",\"urlTemplate\":\"https:\/\/www.mojekonferencje.pl\/blog\/?s={search_term_string}\"},\"query-input\":{\"@type\":\"PropertyValueSpecification\",\"valueRequired\":true,\"valueName\":\"search_term_string\"}}],\"inLanguage\":\"pl-PL\"},{\"@type\":\"Person\",\"@id\":\"https:\/\/www.mojekonferencje.pl\/blog\/#\/schema\/person\/7d6985dc3741882ea12e03b1c3997043\",\"name\":\"Julia Gadomska\",\"url\":\"https:\/\/www.mojekonferencje.pl\/blog\/author\/julia-gadomska\/\"}]}<\/script>\n<!-- \/ Yoast SEO plugin. -->","yoast_head_json":{"title":"Obiekty z programem integracyjnym \u2013 team-building na najwy\u017cszym poziomie - woj. ma\u0142opolskie - blog | MojeKonferencje.pl","description":"Obiekty z programem integracyjnym \u2013 team-building na najwy\u017cszym poziomie - woj. ma\u0142opolskie - blog | MojeKonferencje.pl","robots":{"index":"index","follow":"follow","max-snippet":"max-snippet:-1","max-image-preview":"max-image-preview:large","max-video-preview":"max-video-preview:-1"},"canonical":"https:\/\/www.mojekonferencje.pl\/blog\/obiekty-z-programem-integracyjnym-team-building-na-najwyzszym-poziomie-woj-malopolskie\/","og_locale":"pl_PL","og_type":"article","og_title":"Obiekty z programem integracyjnym \u2013 team-building na najwy\u017cszym poziomie - woj. ma\u0142opolskie - blog | MojeKonferencje.pl","og_description":"Obiekty z programem integracyjnym \u2013 team-building na najwy\u017cszym poziomie - woj. ma\u0142opolskie - blog | MojeKonferencje.pl","og_url":"https:\/\/www.mojekonferencje.pl\/blog\/obiekty-z-programem-integracyjnym-team-building-na-najwyzszym-poziomie-woj-malopolskie\/","og_site_name":"MojeKonferencje.pl","article_published_time":"2025-07-16T07:00:00+00:00","article_modified_time":"2025-07-23T13:18:52+00:00","og_image":[{"width":1200,"height":672,"url":"https:\/\/www.mojekonferencje.pl\/blog\/wp-content\/uploads\/2025\/07\/Fotoram.io-50.jpg","type":"image\/jpeg"}],"author":"Julia Gadomska","twitter_card":"summary_large_image","twitter_misc":{"Napisane przez":"Julia Gadomska","Szacowany czas czytania":"10 minut"},"schema":{"@context":"https:\/\/schema.org","@graph":[{"@type":"Article","@id":"https:\/\/www.mojekonferencje.pl\/blog\/obiekty-z-programem-integracyjnym-team-building-na-najwyzszym-poziomie-woj-malopolskie\/#article","isPartOf":{"@id":"https:\/\/www.mojekonferencje.pl\/blog\/obiekty-z-programem-integracyjnym-team-building-na-najwyzszym-poziomie-woj-malopolskie\/"},"author":{"name":"Julia Gadomska","@id":"https:\/\/www.mojekonferencje.pl\/blog\/#\/schema\/person\/7d6985dc3741882ea12e03b1c3997043"},"headline":"Obiekty z programem integracyjnym \u2013 team-building na najwy\u017cszym poziomie &#8211; woj. ma\u0142opolskie","datePublished":"2025-07-16T07:00:00+00:00","dateModified":"2025-07-23T13:18:52+00:00","mainEntityOfPage":{"@id":"https:\/\/www.mojekonferencje.pl\/blog\/obiekty-z-programem-integracyjnym-team-building-na-najwyzszym-poziomie-woj-malopolskie\/"},"wordCount":1407,"image":{"@id":"https:\/\/www.mojekonferencje.pl\/blog\/obiekty-z-programem-integracyjnym-team-building-na-najwyzszym-poziomie-woj-malopolskie\/#primaryimage"},"thumbnailUrl":"https:\/\/www.mojekonferencje.pl\/blog\/wp-content\/uploads\/2025\/07\/Fotoram.io-50.jpg","keywords":["hotele","ma\u0142opolskie","organizacja wydarze\u0144","team-building"],"articleSection":["Wybieranie miejsca konferencyjnego"],"inLanguage":"pl-PL"},{"@type":"WebPage","@id":"https:\/\/www.mojekonferencje.pl\/blog\/obiekty-z-programem-integracyjnym-team-building-na-najwyzszym-poziomie-woj-malopolskie\/","url":"https:\/\/www.mojekonferencje.pl\/blog\/obiekty-z-programem-integracyjnym-team-building-na-najwyzszym-poziomie-woj-malopolskie\/","name":"Obiekty z programem integracyjnym \u2013 team-building na najwy\u017cszym poziomie - woj. ma\u0142opolskie - blog | MojeKonferencje.pl","isPartOf":{"@id":"https:\/\/www.mojekonferencje.pl\/blog\/#website"},"primaryImageOfPage":{"@id":"https:\/\/www.mojekonferencje.pl\/blog\/obiekty-z-programem-integracyjnym-team-building-na-najwyzszym-poziomie-woj-malopolskie\/#primaryimage"},"image":{"@id":"https:\/\/www.mojekonferencje.pl\/blog\/obiekty-z-programem-integracyjnym-team-building-na-najwyzszym-poziomie-woj-malopolskie\/#primaryimage"},"thumbnailUrl":"https:\/\/www.mojekonferencje.pl\/blog\/wp-content\/uploads\/2025\/07\/Fotoram.io-50.jpg","datePublished":"2025-07-16T07:00:00+00:00","dateModified":"2025-07-23T13:18:52+00:00","author":{"@id":"https:\/\/www.mojekonferencje.pl\/blog\/#\/schema\/person\/7d6985dc3741882ea12e03b1c3997043"},"description":"Obiekty z programem integracyjnym \u2013 team-building na najwy\u017cszym poziomie - woj. ma\u0142opolskie - blog | MojeKonferencje.pl","breadcrumb":{"@id":"https:\/\/www.mojekonferencje.pl\/blog\/obiekty-z-programem-integracyjnym-team-building-na-najwyzszym-poziomie-woj-malopolskie\/#breadcrumb"},"inLanguage":"pl-PL","potentialAction":[{"@type":"ReadAction","target":["https:\/\/www.mojekonferencje.pl\/blog\/obiekty-z-programem-integracyjnym-team-building-na-najwyzszym-poziomie-woj-malopolskie\/"]}]},{"@type":"ImageObject","inLanguage":"pl-PL","@id":"https:\/\/www.mojekonferencje.pl\/blog\/obiekty-z-programem-integracyjnym-team-building-na-najwyzszym-poziomie-woj-malopolskie\/#primaryimage","url":"https:\/\/www.mojekonferencje.pl\/blog\/wp-content\/uploads\/2025\/07\/Fotoram.io-50.jpg","contentUrl":"https:\/\/www.mojekonferencje.pl\/blog\/wp-content\/uploads\/2025\/07\/Fotoram.io-50.jpg","width":1200,"height":672,"caption":"Obiekty z programem integracyjnym"},{"@type":"BreadcrumbList","@id":"https:\/\/www.mojekonferencje.pl\/blog\/obiekty-z-programem-integracyjnym-team-building-na-najwyzszym-poziomie-woj-malopolskie\/#breadcrumb","itemListElement":[{"@type":"ListItem","position":1,"name":"Strona g\u0142\u00f3wna","item":"https:\/\/www.mojekonferencje.pl\/blog\/"},{"@type":"ListItem","position":2,"name":"Obiekty z programem integracyjnym \u2013 team-building na najwy\u017cszym poziomie &#8211; woj. ma\u0142opolskie"}]},{"@type":"WebSite","@id":"https:\/\/www.mojekonferencje.pl\/blog\/#website","url":"https:\/\/www.mojekonferencje.pl\/blog\/","name":"MojeKonferencje.pl","description":"Blog bran\u017cy szkoleniowo-konferencyjnej. W\u0142\u0105cz si\u0119 do dyskusji o obiektach konferencyjnych i nowo\u015bciach z bran\u017cy! Poznaj porady odno\u015bnie organizacji konferencji, szkole\u0144 i event\u00f3w firmowych! Zach\u0119camy do wyra\u017cania opinii oraz komentarzy.","potentialAction":[{"@type":"SearchAction","target":{"@type":"EntryPoint","urlTemplate":"https:\/\/www.mojekonferencje.pl\/blog\/?s={search_term_string}"},"query-input":{"@type":"PropertyValueSpecification","valueRequired":true,"valueName":"search_term_string"}}],"inLanguage":"pl-PL"},{"@type":"Person","@id":"https:\/\/www.mojekonferencje.pl\/blog\/#\/schema\/person\/7d6985dc3741882ea12e03b1c3997043","name":"Julia Gadomska","url":"https:\/\/www.mojekonferencje.pl\/blog\/author\/julia-gadomska\/"}]}},"_links":{"self":[{"href":"https:\/\/www.mojekonferencje.pl\/blog\/wp-json\/wp\/v2\/posts\/7600","targetHints":{"allow":["GET"]}}],"collection":[{"href":"https:\/\/www.mojekonferencje.pl\/blog\/wp-json\/wp\/v2\/posts"}],"about":[{"href":"https:\/\/www.mojekonferencje.pl\/blog\/wp-json\/wp\/v2\/types\/post"}],"author":[{"embeddable":true,"href":"https:\/\/www.mojekonferencje.pl\/blog\/wp-json\/wp\/v2\/users\/21"}],"replies":[{"embeddable":true,"href":"https:\/\/www.mojekonferencje.pl\/blog\/wp-json\/wp\/v2\/comments?post=7600"}],"version-history":[{"count":6,"href":"https:\/\/www.mojekonferencje.pl\/blog\/wp-json\/wp\/v2\/posts\/7600\/revisions"}],"predecessor-version":[{"id":7665,"href":"https:\/\/www.mojekonferencje.pl\/blog\/wp-json\/wp\/v2\/posts\/7600\/revisions\/7665"}],"wp:featuredmedia":[{"embeddable":true,"href":"https:\/\/www.mojekonferencje.pl\/blog\/wp-json\/wp\/v2\/media\/7612"}],"wp:attachment":[{"href":"https:\/\/www.mojekonferencje.pl\/blog\/wp-json\/wp\/v2\/media?parent=7600"}],"wp:term":[{"taxonomy":"category","embeddable":true,"href":"https:\/\/www.mojekonferencje.pl\/blog\/wp-json\/wp\/v2\/categories?post=7600"},{"taxonomy":"post_tag","embeddable":true,"href":"https:\/\/www.mojekonferencje.pl\/blog\/wp-json\/wp\/v2\/tags?post=7600"}],"curies":[{"name":"wp","href":"https:\/\/api.w.org\/{rel}","templated":true}]}}