{"id":7617,"date":"2025-07-21T09:00:00","date_gmt":"2025-07-21T07:00:00","guid":{"rendered":"https:\/\/www.mojekonferencje.pl\/blog\/?p=7617"},"modified":"2026-04-20T09:45:41","modified_gmt":"2026-04-20T07:45:41","slug":"obiekty-z-programem-integracyjnym-team-building-na-najwyzszym-poziomie-woj-pomorskie","status":"publish","type":"post","link":"https:\/\/www.mojekonferencje.pl\/blog\/obiekty-z-programem-integracyjnym-team-building-na-najwyzszym-poziomie-woj-pomorskie\/","title":{"rendered":"Obiekty z programem integracyjnym \u2013 team-building na najwy\u017cszym poziomie &#8211; woj. pomorskie"},"content":{"rendered":"\n<p>Po wypoczynku w g\u00f3rach coraz cz\u0119\u015bciej przychodzi czas na zmian\u0119 kierunku i spojrzenie w stron\u0119 morza. Wojew\u00f3dztwo pomorskie to region, kt\u00f3ry \u0142\u0105czy w sobie wyj\u0105tkowe walory przyrodnicze, nadmorski klimat oraz nowoczesn\u0105 infrastruktur\u0119 hotelowo-konferencyjn\u0105. Szum fal, \u015bwie\u017ce powietrze i szeroka oferta obiekt\u00f3w sprawiaj\u0105, \u017ce Pomorze staje si\u0119 jednym z najch\u0119tniej wybieranych miejsc na organizacj\u0119 event\u00f3w firmowych, konferencji oraz wyjazd\u00f3w integracyjnych.<\/p>\n\n\n\n<p>To w\u0142a\u015bnie tutaj znajduj\u0105 si\u0119 <a href=\"https:\/\/www.mojekonferencje.pl\/imprezy-firmowe-woj-pomorskie\" type=\"link\" id=\"https:\/\/www.mojekonferencje.pl\/imprezy-firmowe-woj-pomorskie\">hotele na konferencje i afterparty na Pomorzu<\/a>, kt\u00f3re pozwalaj\u0105 po\u0142\u0105czy\u0107 cz\u0119\u015b\u0107 biznesow\u0105 z relaksem i wieczorn\u0105 integracj\u0105 w wyj\u0105tkowym nadmorskim otoczeniu. Poni\u017cej prezentujemy wybrane obiekty w wojew\u00f3dztwie pomorskim, kt\u00f3re warto wzi\u0105\u0107 pod uwag\u0119 przy planowaniu firmowego eventu nad morzem.<\/p>\n\n\n\n<figure class=\"wp-block-table\"><table class=\"has-fixed-layout\"><tbody><tr><td><a href=\"https:\/\/www.mojekonferencje.pl\/gniew\/zamek-gniew\">Hotel ZAMEK GNIEW<\/a><\/td><td><a href=\"https:\/\/www.mojekonferencje.pl\/slupsk\/dolina-charlotty\">Dolina Charlotty Resort &amp; SPA<\/a><\/td><\/tr><tr><td><a href=\"https:\/\/www.mojekonferencje.pl\/katy-rybackie\/hotel-tristan\">Tristan Hotel &amp; SPA<\/a><\/td><td><a href=\"https:\/\/www.mojekonferencje.pl\/bakowo\/4-pory-roku\">4 Pory Roku Resort Sauna &amp; Spa<\/a><\/td><\/tr><tr><td><a href=\"https:\/\/www.mojekonferencje.pl\/reda\/river-style-hotel-spa\">River Style Hotel &amp; SPA<\/a><\/td><td><a href=\"https:\/\/www.mojekonferencje.pl\/sopot\/sheraton-sopot-hotel\">Sheraton Sopot Hotel<\/a><\/td><\/tr><tr><td><a href=\"https:\/\/www.mojekonferencje.pl\/gdansk\/stara-wedzarnia\">Kurort Stara W\u0119dzarnia<\/a><\/td><td><a href=\"https:\/\/www.mojekonferencje.pl\/chmielno\/u-chlopa\">&#8222;U Ch\u0142opa&#8221; Kompleks Wypoczynkowo &#8211; Konferencyjny<\/a><\/td><\/tr><tr><td><a href=\"https:\/\/www.mojekonferencje.pl\/sopot\/hotel-sopot\">Hotel Sopot<\/a><\/td><td><a href=\"https:\/\/www.mojekonferencje.pl\/swornegacie\/chaber-apartamenty\">Chaber Apartamenty<\/a><\/td><\/tr><\/tbody><\/table><\/figure>\n\n\n\n<h2 class=\"wp-block-heading has-text-align-center\"><a href=\"https:\/\/www.mojekonferencje.pl\/gniew\/zamek-gniew\"><mark style=\"background-color:rgba(0, 0, 0, 0)\" class=\"has-inline-color has-vivid-purple-color\"><span style=\"text-decoration: underline;\">Hotel ZAMEK GNIEW<\/span><\/mark><\/a><\/h2>\n\n\n\n<p>W sercu Kociewia, na nadwi\u015bla\u0144skim wzg\u00f3rzu, mie\u015bci si\u0119 <strong><a href=\"https:\/\/www.mojekonferencje.pl\/gniew\/zamek-gniew\" type=\"link\" id=\"https:\/\/www.mojekonferencje.pl\/gniew\/zamek-gniew\">Hotel Zamek Gniew<\/a><\/strong> &#8211; wyj\u0105tkowy kompleks hotelowo-konferencyjny w murach \u015bredniowiecznej twierdzy.<\/p>\n\n\n\n<p>Obiekt oferuje <strong>9 profesjonalnych sal konferencyjnych<\/strong>. W tym znajduje si\u0119 nowoczesna <strong>Sala Kr\u00f3lewska<\/strong> <strong>o powierzchni 450 m\u00b2 <\/strong>(do 400 os\u00f3b) oraz <strong>stylowy Refektarz<\/strong>. Wszystkie sale wyposa\u017cone s\u0105 w ekrany, projektory i szybki Internet. Po intensywnym dniu go\u015bcie mog\u0105 zrelaksowa\u0107 si\u0119 w strefie wellness. Mog\u0105 r\u00f3wnie\u017c korzysta\u0107 z oferty restauracji serwuj\u0105cej dania kuchni regionalnej i mi\u0119dzynarodowej.<\/p>\n\n\n\n<p>Na terenie kompleksu znajduj\u0105 si\u0119 <strong>trzy komfortowe obiekty noclegowe<\/strong>: Hotel Rycerski, Komnaty Zamkowe oraz Pa\u0142ac Marysie\u0144ki.<\/p>\n\n\n\n<p>Zamek oferuje <strong>unikalne atrakcje integracyjne<\/strong>, m.in. turnieje rycerskie, inscenizacje historyczne, warsztaty dawnych rzemios\u0142 czy multimedialne spektakle \u201e\u015awiat\u0142o i D\u017awi\u0119k\u201d. Dogodna lokalizacja oraz kompleksowa obs\u0142uga sprawiaj\u0105, \u017ce <strong>Hotel Zamek Gniew<\/strong> to idealne miejsce na niezapomniane wydarzenia firmowe.<\/p>\n\n\n\n<figure class=\"wp-block-image size-full\"><a href=\"https:\/\/www.mojekonferencje.pl\/blog\/wp-content\/uploads\/2025\/07\/1-960x580-1.webp\"><img loading=\"lazy\" decoding=\"async\" width=\"960\" height=\"580\" src=\"https:\/\/www.mojekonferencje.pl\/blog\/wp-content\/uploads\/2025\/07\/1-960x580-1.webp\" alt=\"\" class=\"wp-image-7619 lazyload\" data-srcset=\"https:\/\/www.mojekonferencje.pl\/blog\/wp-content\/uploads\/2025\/07\/1-960x580-1.webp 960w, https:\/\/www.mojekonferencje.pl\/blog\/wp-content\/uploads\/2025\/07\/1-960x580-1-300x181.webp 300w, https:\/\/www.mojekonferencje.pl\/blog\/wp-content\/uploads\/2025\/07\/1-960x580-1-768x464.webp 768w\" sizes=\"auto\" \/><\/a><\/figure>\n\n\n\n<h2 class=\"wp-block-heading has-text-align-center\"><a href=\"https:\/\/www.mojekonferencje.pl\/slupsk\/dolina-charlotty\"><mark style=\"background-color:rgba(0, 0, 0, 0)\" class=\"has-inline-color has-vivid-purple-color\"><span style=\"text-decoration: underline;\">Dolina Charlotty Resort &amp; SPA<\/span><\/mark><\/a><\/h2>\n\n\n\n<p>Zlokalizowana mi\u0119dzy S\u0142upskiem a nadmorsk\u0105 Ustk\u0105, <strong><a href=\"https:\/\/www.mojekonferencje.pl\/slupsk\/dolina-charlotty\" type=\"link\" id=\"https:\/\/www.mojekonferencje.pl\/slupsk\/dolina-charlotty\">Dolina Charlotty<\/a><\/strong> to wyj\u0105tkowe miejsce \u0142\u0105cz\u0105ce komfortowy wypoczynek z profesjonaln\u0105 ofert\u0105 biznesow\u0105. Na go\u015bci czekaj\u0105 stylowe pokoje w g\u0142\u00f3wnym budynku hotelowym, przytulna Rybacz\u00f3wka nad jeziorem oraz oryginalne domki na drzewach.<\/p>\n\n\n\n<p>Obiekt dysponuje <strong>trzema salami o \u0142\u0105cznej pojemno\u015bci do 410 os\u00f3b<\/strong>. Go\u015bcie mog\u0105 cieszy\u0107 si\u0119 <strong>120-hektarowym terenem <\/strong>idealnym na eventy plenerowe, pikniki, biegi terenowe czy jazdy off-road.<\/p>\n\n\n\n<p>Relaks zapewnia <strong>strefa SPA Bali Hai<\/strong>, oferuj\u0105ca zabiegi w duchu balijskich rytua\u0142\u00f3w, basen, sauny i jacuzzi. Na miejscu dzia\u0142aj\u0105 dwie restauracje, a tak\u017ce <strong>Rock Pub<\/strong> z koncertowym klimatem, kr\u0119gielni\u0105 i bilardem.<\/p>\n\n\n\n<p><strong>Dolina Charlotty<\/strong> to r\u00f3wnie\u017c bogaty wachlarz atrakcji &#8211; Zoo, safari wodne, fokarium, \u0142owisko, sp\u0142ywy kajakowe, jazda konna, place zabaw i amfiteatr mog\u0105cy <strong>pomie\u015bci\u0107 nawet 10 000 widz\u00f3w<\/strong>. To doskona\u0142y wyb\u00f3r zar\u00f3wno na rodzinny urlop, jak i firmowe wydarzenia.<\/p>\n\n\n\n<figure class=\"wp-block-image size-full\"><a href=\"https:\/\/www.mojekonferencje.pl\/blog\/wp-content\/uploads\/2025\/07\/dolina-wrzesiena-960x580-1.webp\"><img loading=\"lazy\" decoding=\"async\" width=\"960\" height=\"580\" src=\"https:\/\/www.mojekonferencje.pl\/blog\/wp-content\/uploads\/2025\/07\/dolina-wrzesiena-960x580-1.webp\" alt=\"\" class=\"wp-image-7620 lazyload\" data-srcset=\"https:\/\/www.mojekonferencje.pl\/blog\/wp-content\/uploads\/2025\/07\/dolina-wrzesiena-960x580-1.webp 960w, https:\/\/www.mojekonferencje.pl\/blog\/wp-content\/uploads\/2025\/07\/dolina-wrzesiena-960x580-1-300x181.webp 300w, https:\/\/www.mojekonferencje.pl\/blog\/wp-content\/uploads\/2025\/07\/dolina-wrzesiena-960x580-1-768x464.webp 768w\" sizes=\"auto\" \/><\/a><\/figure>\n\n\n\n<h2 class=\"wp-block-heading has-text-align-center\"><a href=\"https:\/\/www.mojekonferencje.pl\/katy-rybackie\/hotel-tristan\"><mark style=\"background-color:rgba(0, 0, 0, 0)\" class=\"has-inline-color has-vivid-purple-color\"><span style=\"text-decoration: underline;\">Tristan Hotel &amp; SPA<\/span><\/mark><\/a><\/h2>\n\n\n\n<p>Zlokalizowany w spokojnych K\u0105tach Rybackich, <a href=\"https:\/\/www.mojekonferencje.pl\/katy-rybackie\/hotel-tristan\" type=\"link\" id=\"https:\/\/www.mojekonferencje.pl\/katy-rybackie\/hotel-tristan\"><strong>Tristan Hotel &amp; SPA<\/strong><\/a>. To elegancki obiekt nad morzem, \u0142\u0105cz\u0105cy nowoczesny komfort z nadmorskim klimatem i wyj\u0105tkow\u0105 architektur\u0105. Do dyspozycji go\u015bci jest <strong>57 luksusowych pokoi<\/strong>, w tym apartamenty i studia, wszystkie klimatyzowane, z balkonem, \u0142azienk\u0105 i miejscem do pracy. Na go\u015bci czeka tak\u017ce <strong>Restauracja Kobaltowa <\/strong>serwuj\u0105ca dania kuchni regionalnej, w\u0142oskiej i wegetaria\u0144skiej.<\/p>\n\n\n\n<p>Hotel oferuje r\u00f3wnie\u017c <strong>trzy w pe\u0142ni wyposa\u017cone sale konferencyjne <\/strong>oraz <strong>kameraln\u0105 Sal\u0119 Seashell<\/strong>, a dzi\u0119ki mobilnym \u015bcianom przestrze\u0144 mo\u017cna dowolnie aran\u017cowa\u0107. Restauracja i taras doskonale sprawdzaj\u0105 si\u0119 przy bankietach i przerwach kawowych.<\/p>\n\n\n\n<p>Do wypoczynku s\u0142u\u017cy <strong>Strefa Morska <\/strong>z basenem wewn\u0119trznym i zewn\u0119trznym, jacuzzi, saunami i grot\u0105 soln\u0105. Ponado dost\u0119pna jest tak\u017ce Strefa Isolda SPA z masa\u017cami i zabiegami relaksacyjnymi. Aktywni go\u015bcie mog\u0105 korzysta\u0107 z centrum fitness, kort\u00f3w tenisowych, kr\u0119gielni, bilarda, rower\u00f3w i tras spacerowych w Parku Krajobrazowym. Dodatkowo obiekt zapewnia <strong>tematyczne atrakcje dla grup biznesowych<\/strong>, takie jak ognisko, jog\u0119 na tarasie czy sportowe aktywno\u015bci, a zmotoryzowani maj\u0105 do dyspozycji parking.<\/p>\n\n\n\n<div class=\"wp-block-cover\"><img loading=\"lazy\" decoding=\"async\" width=\"1024\" height=\"683\" class=\"wp-block-cover__image-background wp-image-7621 lazyload\" alt=\"\" src=\"https:\/\/www.mojekonferencje.pl\/blog\/wp-content\/uploads\/2025\/07\/tenis-lq-1-1500x_-1024x683.webp\" data-object-fit=\"cover\" data-srcset=\"https:\/\/www.mojekonferencje.pl\/blog\/wp-content\/uploads\/2025\/07\/tenis-lq-1-1500x_-1024x683.webp 1024w, https:\/\/www.mojekonferencje.pl\/blog\/wp-content\/uploads\/2025\/07\/tenis-lq-1-1500x_-300x200.webp 300w, https:\/\/www.mojekonferencje.pl\/blog\/wp-content\/uploads\/2025\/07\/tenis-lq-1-1500x_-768x512.webp 768w, https:\/\/www.mojekonferencje.pl\/blog\/wp-content\/uploads\/2025\/07\/tenis-lq-1-1500x_.webp 1500w\" sizes=\"auto\" \/><span aria-hidden=\"true\" class=\"wp-block-cover__background has-background-dim\"><\/span><div class=\"wp-block-cover__inner-container is-layout-flow wp-block-cover-is-layout-flow\">\n<p class=\"has-text-align-center has-large-font-size\"><\/p>\n<\/div><\/div>\n\n\n\n<h2 class=\"wp-block-heading has-text-align-center\"><a href=\"https:\/\/www.mojekonferencje.pl\/bakowo\/4-pory-roku\"><mark style=\"background-color:rgba(0, 0, 0, 0)\" class=\"has-inline-color has-vivid-purple-color\"><span style=\"text-decoration: underline;\">4 Pory Roku Resort Sauna &amp; Spa<\/span><\/mark><\/a><\/h2>\n\n\n\n<p>Po\u0142o\u017cony nad Jeziorem Straszy\u0144skim, <a href=\"https:\/\/www.mojekonferencje.pl\/bakowo\/4-pory-roku\" type=\"link\" id=\"https:\/\/www.mojekonferencje.pl\/bakowo\/4-pory-roku\"><strong>4 Pory Roku Resort Sauna &amp; Spa<\/strong><\/a> to idealne miejsce na relaks. Do dyspozycji go\u015bci jest <strong>40 gustownie urz\u0105dzonych pokoi<\/strong> jedno-, dwu- i cztero-osobowych, wszystkie z \u0142azienk\u0105, TV, Internetem, biurkiem oraz zestawem do parzenia kawy i herbaty. Hotel serwuje po\u017cywne \u015bniadania w formie bufetu. W <strong>Restauracji Chata nad Raduni\u0105<\/strong> mo\u017cna delektowa\u0107 si\u0119 daniami inspirowanymi polsk\u0105 kuchni\u0105 oraz specja\u0142ami z grilla. <strong>Dwukondygnacyjna sala restauracyjna <\/strong>sprawdza si\u0119 przy spotkaniach rodzinnych i firmowych.<\/p>\n\n\n\n<p>Hotel dysponuje r\u00f3wnie\u017c dwiema eleganckimi salami konferencyjnymi &#8211; <strong>Sala Widokowa mie\u015bci do 160 os\u00f3b<\/strong>, a <strong>Sala VIP pozwala na kameralne wydarzenia dla 20 uczestnik\u00f3w<\/strong>. Sale wyposa\u017cone s\u0105 w rzutnik, ekran, flipchart, nag\u0142o\u015bnienie, klimatyzacj\u0119 oraz szybki Internet, co gwarantuje komfortow\u0105 prac\u0119.<\/p>\n\n\n\n<p><strong>Relaks zapewnia strefa SPA z bogat\u0105 ofert\u0105 zabieg\u00f3w oraz Saunarium<\/strong>, w tym <strong>sauna eventowa dla 150 os\u00f3b<\/strong>. Go\u015bcie mog\u0105 r\u00f3wnie\u017c korzysta\u0107 z oran\u017cerii, chaty biesiadnej z miejscem na ognisko i grilla, plac\u00f3w zabaw dla dzieci oraz teren\u00f3w zielonych idealnych na spacery. <strong>4 Pory Roku Resort Sauna &amp; Spa<\/strong> \u0142\u0105czy wygod\u0119, elegancj\u0119 i blisko\u015b\u0107 natury, oferuj\u0105c idealne warunki do pracy, rekreacji i regeneracji.<\/p>\n\n\n\n<figure class=\"wp-block-image size-large\"><a href=\"https:\/\/www.mojekonferencje.pl\/blog\/wp-content\/uploads\/2025\/07\/dsc-4165-1500x_.webp\"><img loading=\"lazy\" decoding=\"async\" width=\"1024\" height=\"819\" src=\"https:\/\/www.mojekonferencje.pl\/blog\/wp-content\/uploads\/2025\/07\/dsc-4165-1500x_-1024x819.webp\" alt=\"\" class=\"wp-image-7622 lazyload\" data-srcset=\"https:\/\/www.mojekonferencje.pl\/blog\/wp-content\/uploads\/2025\/07\/dsc-4165-1500x_-1024x819.webp 1024w, https:\/\/www.mojekonferencje.pl\/blog\/wp-content\/uploads\/2025\/07\/dsc-4165-1500x_-300x240.webp 300w, https:\/\/www.mojekonferencje.pl\/blog\/wp-content\/uploads\/2025\/07\/dsc-4165-1500x_-768x614.webp 768w, https:\/\/www.mojekonferencje.pl\/blog\/wp-content\/uploads\/2025\/07\/dsc-4165-1500x_.webp 1500w\" sizes=\"auto\" \/><\/a><\/figure>\n\n\n\n<h2 class=\"wp-block-heading has-text-align-center\"><a href=\"https:\/\/www.mojekonferencje.pl\/reda\/river-style-hotel-spa\"><mark style=\"background-color:rgba(0, 0, 0, 0)\" class=\"has-inline-color has-vivid-purple-color\"><span style=\"text-decoration: underline;\">River Style Hotel &amp; SPA<\/span><\/mark><\/a><\/h2>\n\n\n\n<p>W\u015br\u00f3d obiekt\u00f3w z programem integracyjnym w woj. pomorskim znalaz\u0142 si\u0119 tak\u017ce <a href=\"https:\/\/www.mojekonferencje.pl\/reda\/river-style-hotel-spa\" type=\"link\" id=\"https:\/\/www.mojekonferencje.pl\/reda\/river-style-hotel-spa\">River Style Hotel &amp; SPA <\/a>w Redzie. Hotel oferuje <strong>86 przytulnych pokoi<\/strong>, w tym przystosowane dla os\u00f3b niepe\u0142nosprawnych, ka\u017cdy z \u0142azienk\u0105, TV, Wi-Fi i klimatyzacj\u0105.<\/p>\n\n\n\n<p>Go\u015bcie mog\u0105 korzysta\u0107 z <strong>restauracji serwuj\u0105cej dania kuchni polskiej i europejskiej<\/strong> przygotowywane z naturalnych sk\u0142adnik\u00f3w przez do\u015bwiadczonego Szefa Kuchni Artura Szyma\u0144skiego, a tak\u017ce z kawiarni Cafe Bar z aromatycznymi kawami i \u015bwie\u017cymi sokami.<\/p>\n\n\n\n<p>Hotel dysponuje <strong>du\u017cym centrum konferencyjnym z czterema salami<\/strong>, kt\u00f3re mieszcz\u0105 <strong>do 400 os\u00f3b<\/strong> i s\u0105 wyposa\u017cone w sprz\u0119t audiowizualny oraz bezprzewodowy internet. Sale mo\u017cna dowolnie aran\u017cowa\u0107, co sprawia, \u017ce hotel sprawdzi si\u0119 zar\u00f3wno na kameralne spotkania, jak i du\u017ce konferencje czy bankiety.<\/p>\n\n\n\n<p>Do dyspozycji go\u015bci jest tak\u017ce<strong> strefa relaksu i sportu<\/strong> \u2013 basen, jacuzzi, sauny, si\u0142ownia, kort do squasha, klub bowlingowy i bilard. Dodatkowo hotel oferuje bogat\u0105 ofert\u0119 zabieg\u00f3w w SPA. <strong>River Style Hotel &amp; SPA<\/strong> to idealne miejsce na wypoczynek, aktywne sp\u0119dzanie czasu oraz organizacj\u0119 wydarze\u0144 biznesowych w komfortowej atmosferze.<\/p>\n\n\n\n<figure class=\"wp-block-image size-full\"><a href=\"https:\/\/www.mojekonferencje.pl\/blog\/wp-content\/uploads\/2025\/07\/ff-1-960x580-1.webp\"><img loading=\"lazy\" decoding=\"async\" width=\"960\" height=\"580\" src=\"https:\/\/www.mojekonferencje.pl\/blog\/wp-content\/uploads\/2025\/07\/ff-1-960x580-1.webp\" alt=\"\" class=\"wp-image-7623 lazyload\" data-srcset=\"https:\/\/www.mojekonferencje.pl\/blog\/wp-content\/uploads\/2025\/07\/ff-1-960x580-1.webp 960w, https:\/\/www.mojekonferencje.pl\/blog\/wp-content\/uploads\/2025\/07\/ff-1-960x580-1-300x181.webp 300w, https:\/\/www.mojekonferencje.pl\/blog\/wp-content\/uploads\/2025\/07\/ff-1-960x580-1-768x464.webp 768w\" sizes=\"auto\" \/><\/a><\/figure>\n\n\n\n<h2 class=\"wp-block-heading has-text-align-center\"><a href=\"https:\/\/www.mojekonferencje.pl\/sopot\/sheraton-sopot-hotel\"><mark style=\"background-color:rgba(0, 0, 0, 0)\" class=\"has-inline-color has-vivid-purple-color\"><span style=\"text-decoration: underline;\">Sheraton Sopot Hotel<\/span><\/mark><\/a><\/h2>\n\n\n\n<p>Hotel po\u0142o\u017cony jest przy pla\u017cy, blisko sopockiego molo i deptaku Monte Cassino. <strong><a href=\"https:\/\/www.mojekonferencje.pl\/sopot\/sheraton-sopot-hotel\" type=\"link\" id=\"https:\/\/www.mojekonferencje.pl\/sopot\/sheraton-sopot-hotel\">Sheraton Sopot Hotel<\/a> <\/strong>oferuje <strong>189 komfortowych pokoi i apartament\u00f3w<\/strong> z widokiem na morze i park. Hotel dysponuje jednym z najwi\u0119kszych w regionie centr\u00f3w konferencyjnych &#8211; <strong>ponad 3000 m\u00b2 z 14 nowoczesnymi salami<\/strong>.<\/p>\n\n\n\n<p>Do dyspozycji go\u015bci s\u0105 tak\u017ce basen, si\u0142ownia oraz <strong>luksusowe Sheraton Spa<\/strong> z bogat\u0105 ofert\u0105 zabieg\u00f3w i saun. Latem dost\u0119pna jest prywatna <strong>pla\u017ca Sheraton Beach Bar &amp; Bistro<\/strong>. W hotelu znajduj\u0105 si\u0119 trzy restauracje &#8211; <strong>Polskie Smaki<\/strong> z kuchni\u0105 kaszubsk\u0105, <strong>Wave<\/strong> serwuj\u0105ca kuchni\u0119 \u015br\u00f3dziemnomorsk\u0105 oraz <strong>Bar 512 <\/strong>z szerok\u0105 ofert\u0105 koktajli. Unikalnym miejscem jest <strong>The Cigar Shop Whisky Lounge <\/strong>z bogat\u0105 selekcj\u0105 whisky i cygar.<\/p>\n\n\n\n<p>Sheraton Sopot zapewnia nadmorski klimat z luksusem i profesjonaln\u0105 obs\u0142ug\u0105, tworz\u0105c doskona\u0142e miejsce zar\u00f3wno na wypoczynek, jak i biznes.<\/p>\n\n\n\n<figure class=\"wp-block-image size-large\"><a href=\"https:\/\/www.mojekonferencje.pl\/blog\/wp-content\/uploads\/2025\/07\/visit360-pl-2018-08-sopot-dji-0070.jpg\"><img loading=\"lazy\" decoding=\"async\" width=\"1024\" height=\"767\" src=\"https:\/\/www.mojekonferencje.pl\/blog\/wp-content\/uploads\/2025\/07\/visit360-pl-2018-08-sopot-dji-0070-1024x767.jpg\" alt=\"\" class=\"wp-image-7624 lazyload\" data-srcset=\"https:\/\/www.mojekonferencje.pl\/blog\/wp-content\/uploads\/2025\/07\/visit360-pl-2018-08-sopot-dji-0070-1024x767.jpg 1024w, https:\/\/www.mojekonferencje.pl\/blog\/wp-content\/uploads\/2025\/07\/visit360-pl-2018-08-sopot-dji-0070-300x225.jpg 300w, https:\/\/www.mojekonferencje.pl\/blog\/wp-content\/uploads\/2025\/07\/visit360-pl-2018-08-sopot-dji-0070-768x576.jpg 768w, https:\/\/www.mojekonferencje.pl\/blog\/wp-content\/uploads\/2025\/07\/visit360-pl-2018-08-sopot-dji-0070-1536x1151.jpg 1536w, https:\/\/www.mojekonferencje.pl\/blog\/wp-content\/uploads\/2025\/07\/visit360-pl-2018-08-sopot-dji-0070.jpg 1800w\" sizes=\"auto\" \/><\/a><\/figure>\n\n\n\n<h2 class=\"wp-block-heading has-text-align-center\"><a href=\"https:\/\/www.mojekonferencje.pl\/gdansk\/stara-wedzarnia\"><mark style=\"background-color:rgba(0, 0, 0, 0)\" class=\"has-inline-color has-vivid-purple-color\"><span style=\"text-decoration: underline;\">Kurort Stara W\u0119dzarnia<\/span><\/mark><\/a><\/h2>\n\n\n\n<p>Po\u0142o\u017cony na Wyspie Sobieszewskiej w Gda\u0144sku, <strong><a href=\"https:\/\/www.mojekonferencje.pl\/gdansk\/stara-wedzarnia\" type=\"link\" id=\"https:\/\/www.mojekonferencje.pl\/gdansk\/stara-wedzarnia\">Kurort Stara W\u0119dzarnia<\/a> <\/strong>to kameralny obiekt z wyj\u0105tkow\u0105 histori\u0105 \u2013 mie\u015bci si\u0119 w dawnym budynku w\u0119dzarni ryb z lat 30. XX wieku. Dzi\u015b to miejsce zapewnia industrialny klimat z nowoczesn\u0105 funkcj\u0105 hotelowo-konferencyjn\u0105. Ceglane kominy i nadwodna lokalizacja nadaj\u0105 mu niepowtarzalny charakter.<\/p>\n\n\n\n<p>Obiekt oferuje <strong>komfortowe pokoje i apartamenty<\/strong> urz\u0105dzone w prostym, skandynawskim stylu. Ca\u0142o\u015b\u0107 jest przytulna i funkcjonalna, a jednocze\u015bnie mocno osadzona w klimacie natury i spokoju. To dobre miejsce zar\u00f3wno na wypoczynek, jak i wyjazdy firmowe w mniejszym gronie.<\/p>\n\n\n\n<p>Na potrzeby spotka\u0144 biznesowych dost\u0119pna jest<strong> kameralna sala szkoleniowa<\/strong> oraz <strong>wi\u0119ksza sala bankietowa<\/strong>, kt\u00f3re mo\u017cna po\u0142\u0105czy\u0107, tworz\u0105c przestrze\u0144 nawet dla <strong>ok. 100 os\u00f3b<\/strong>. Pomieszczenia s\u0105 jasne, wyposa\u017cone w podstawowy sprz\u0119t multimedialny i maj\u0105 widok na rzek\u0119, co daje przyjemne warunki do pracy i spotka\u0144.<\/p>\n\n\n\n<p>Po cz\u0119\u015bci oficjalnej obiekt daje du\u017co mo\u017cliwo\u015bci integracji. Na miejscu dzia\u0142a <strong>restauracja w klimatycznym wn\u0119trzu dawnej w\u0119dzarni<\/strong>, a blisko\u015b\u0107 rzeki, lasu i pla\u017cy sprzyja aktywno\u015bciom na \u015bwie\u017cym powietrzu \u2013 od spacer\u00f3w po rejsy i zaj\u0119cia integracyjne.<\/p>\n\n\n\n<p><strong>Kurort Stara W\u0119dzarnia<\/strong> dobrze wpisuje si\u0119 w kategori\u0119 hoteli na konferencje i afterparty, szczeg\u00f3lnie dla tych, kt\u00f3rzy szukaj\u0105 spokojniejszego, bardziej kameralnego miejsca.<\/p>\n\n\n\n<figure class=\"wp-block-image size-full\"><a href=\"https:\/\/www.mojekonferencje.pl\/blog\/wp-content\/uploads\/2025\/07\/pg-210614-195-960x580-1.webp\"><img loading=\"lazy\" decoding=\"async\" width=\"960\" height=\"580\" src=\"https:\/\/www.mojekonferencje.pl\/blog\/wp-content\/uploads\/2025\/07\/pg-210614-195-960x580-1.webp\" alt=\"\" class=\"wp-image-7625 lazyload\" data-srcset=\"https:\/\/www.mojekonferencje.pl\/blog\/wp-content\/uploads\/2025\/07\/pg-210614-195-960x580-1.webp 960w, https:\/\/www.mojekonferencje.pl\/blog\/wp-content\/uploads\/2025\/07\/pg-210614-195-960x580-1-300x181.webp 300w, https:\/\/www.mojekonferencje.pl\/blog\/wp-content\/uploads\/2025\/07\/pg-210614-195-960x580-1-768x464.webp 768w\" sizes=\"auto\" \/><\/a><\/figure>\n\n\n\n<h2 class=\"wp-block-heading\"><a href=\"https:\/\/www.mojekonferencje.pl\/chmielno\/u-chlopa\"><mark style=\"background-color:rgba(0, 0, 0, 0)\" class=\"has-inline-color has-vivid-purple-color\"><span style=\"text-decoration: underline;\">&#8222;U Ch\u0142opa&#8221; Kompleks Wypoczynkowo &#8211; Konferencyjny<\/span><\/mark><\/a><\/h2>\n\n\n\n<p>Kompleks<strong> <a href=\"https:\/\/www.mojekonferencje.pl\/chmielno\/u-chlopa\" type=\"link\" id=\"https:\/\/www.mojekonferencje.pl\/chmielno\/u-chlopa\">U Ch\u0142opa<\/a><\/strong> to urokliwy pensjonat w sercu Szwajcarii Kaszubskiej, z prywatnym dost\u0119pem do jeziora K\u0142odno. Obiekt oferuje <strong>a\u017c 170 miejsc noclegowych<\/strong> z nowoczesnym wyposa\u017ceniem.<\/p>\n\n\n\n<p>Go\u015bcie mog\u0105 korzysta\u0107 z <strong>Kaszubskiej Strefy SPA<\/strong> z grot\u0105 soln\u0105, saunami, jacuzzi, wann\u0105 termaln\u0105 oraz profesjonalnymi gabinetami zabiegowymi, kt\u00f3re zapewniaj\u0105 pe\u0142en relaks i odnow\u0119 biologiczn\u0105. Dodatkowo dla aktywnych przygotowano <strong>si\u0142ownie wewn\u0119trzn\u0105 i zewn\u0119trzn\u0105<\/strong>, mo\u017cliwo\u015b\u0107 wypo\u017cyczenia kajak\u00f3w i rower\u00f3w wodnych oraz st\u00f3\u0142 do bilarda.<\/p>\n\n\n\n<p>Kompleks U Ch\u0142opa to tak\u017ce doskona\u0142e miejsce na wydarzenia biznesowe i okoliczno\u015bciowe \u2013 <strong>trzy nowoczesne sale eventowe <\/strong>z klimatyzacj\u0105, projektorami, ekranami, mikrofonami i szybkim Wi-Fi pozwalaj\u0105 organizowa\u0107 konferencje, szkolenia, warsztaty czy bankiety. <strong>Profesjonalny catering<\/strong> serwuje dania regionalne, w tym ryby w kaszubskiej zalewie i inne lokalne specja\u0142y.<\/p>\n\n\n\n<p>Prywatny dost\u0119p do jeziora, niestrze\u017cona pla\u017ca z pomostem, pi\u0119kne krajobrazy i spokojna atmosfera sprawiaj\u0105, \u017ce U Ch\u0142opa to idealne miejsce na relaks, integracj\u0119 i aktywny wypoczynek w sercu Kaszub.<\/p>\n\n\n\n<figure class=\"wp-block-image size-full\"><a href=\"https:\/\/www.mojekonferencje.pl\/blog\/wp-content\/uploads\/2025\/07\/16727622672247-srzutzgory6-960x580-1.webp\"><img loading=\"lazy\" decoding=\"async\" width=\"960\" height=\"580\" src=\"https:\/\/www.mojekonferencje.pl\/blog\/wp-content\/uploads\/2025\/07\/16727622672247-srzutzgory6-960x580-1.webp\" alt=\"\" class=\"wp-image-7626 lazyload\" data-srcset=\"https:\/\/www.mojekonferencje.pl\/blog\/wp-content\/uploads\/2025\/07\/16727622672247-srzutzgory6-960x580-1.webp 960w, https:\/\/www.mojekonferencje.pl\/blog\/wp-content\/uploads\/2025\/07\/16727622672247-srzutzgory6-960x580-1-300x181.webp 300w, https:\/\/www.mojekonferencje.pl\/blog\/wp-content\/uploads\/2025\/07\/16727622672247-srzutzgory6-960x580-1-768x464.webp 768w\" sizes=\"auto\" \/><\/a><\/figure>\n\n\n\n<h2 class=\"wp-block-heading has-text-align-center\"><a href=\"https:\/\/www.mojekonferencje.pl\/sopot\/hotel-sopot\"><mark style=\"background-color:rgba(0, 0, 0, 0)\" class=\"has-inline-color has-vivid-purple-color\"><span style=\"text-decoration: underline;\">Hotel Sopot<\/span><\/mark><\/a><\/h2>\n\n\n\n<p>To designerski obiekt po\u0142o\u017cony tu\u017c przy Parku P\u00f3\u0142nocnym, zaledwie 15 minut spacerem od sopockiego Molo i kilka krok\u00f3w od piaszczystej pla\u017cy. Idealne miejsce na wypoczynek i biznes w sercu nadmorskiego kurortu. <a href=\"https:\/\/www.mojekonferencje.pl\/sopot\/hotel-sopot\" type=\"link\" id=\"https:\/\/www.mojekonferencje.pl\/sopot\/hotel-sopot\"><strong>Hotel Sopot<\/strong><\/a> oferuje <strong>124 eleganckie pokoje i apartamenty<\/strong> z widokiem na morze lub park. Mo\u017cliwo\u015b\u0107 aran\u017cacji pokoi na 1-, 2- lub 3-osobowe daje <strong>zakwaterowanie dla maks. 280 os\u00f3b<\/strong>.<\/p>\n\n\n\n<p>Nowoczesne Centrum Konferencyjne <strong>o powierzchni 210 mkw<\/strong>. sk\u0142ada si\u0119 z <strong>4 sal z systemem modu\u0142owym oraz 7 apartament\u00f3w w ustawieniu boardroom<\/strong>. Przestrze\u0144 pozwala na<strong> organizacj\u0119 spotka\u0144 do 200 os\u00f3b<\/strong>. Do dyspozycji go\u015bci \u2013 pe\u0142ne wyposa\u017cenie AV i dost\u0119p do \u015bwiat\u0142a dziennego.<\/p>\n\n\n\n<p>Ponadto <strong>restauracja Waterside Food&amp;Wine<\/strong> serwuje dania inspirowane kuchni\u0105 p\u00f3\u0142nocnej Polski i ide\u0105 Slow Food, a Lobby Bar to miejsce spotka\u0144 przy kawie, winie czy deserze.<\/p>\n\n\n\n<p>Go\u015bcie mog\u0105 skorzysta\u0107 ze <strong>strefy SPA &amp; Wellness<\/strong>. Hotel oferuje te\u017c bogaty wyb\u00f3r atrakcji integracyjnych, m.in. rejsy, sporty wodne i eventy outdoorowe. <strong>Hotel Sopot <\/strong>to idealne po\u0142\u0105czenie nadmorskiego relaksu i profesjonalnej przestrzeni biznesowej.<\/p>\n\n\n\n<figure class=\"wp-block-image size-full\"><a href=\"https:\/\/www.mojekonferencje.pl\/blog\/wp-content\/uploads\/2025\/07\/hotel-sopot-960x580-1.webp\"><img loading=\"lazy\" decoding=\"async\" width=\"960\" height=\"580\" src=\"https:\/\/www.mojekonferencje.pl\/blog\/wp-content\/uploads\/2025\/07\/hotel-sopot-960x580-1.webp\" alt=\"\" class=\"wp-image-7641 lazyload\" data-srcset=\"https:\/\/www.mojekonferencje.pl\/blog\/wp-content\/uploads\/2025\/07\/hotel-sopot-960x580-1.webp 960w, https:\/\/www.mojekonferencje.pl\/blog\/wp-content\/uploads\/2025\/07\/hotel-sopot-960x580-1-300x181.webp 300w, https:\/\/www.mojekonferencje.pl\/blog\/wp-content\/uploads\/2025\/07\/hotel-sopot-960x580-1-768x464.webp 768w\" sizes=\"auto\" \/><\/a><\/figure>\n\n\n\n<h2 class=\"wp-block-heading has-text-align-center\"><a href=\"https:\/\/www.mojekonferencje.pl\/swornegacie\/chaber-apartamenty\"><mark style=\"background-color:rgba(0, 0, 0, 0)\" class=\"has-inline-color has-vivid-purple-color\"><span style=\"text-decoration: underline;\">Chaber Apartamenty<\/span><\/mark><\/a><\/h2>\n\n\n\n<p class=\"has-text-align-left\">Po\u0142o\u017cone w sercu Bor\u00f3w Tucholskich, <a href=\"https:\/\/www.mojekonferencje.pl\/swornegacie\/chaber-apartamenty\" type=\"link\" id=\"https:\/\/www.mojekonferencje.pl\/swornegacie\/chaber-apartamenty\"><strong>Chaber Apartamenty<\/strong><\/a> w Swornegaciach to miejsce stworzone do organizacji szkole\u0144, warsztat\u00f3w i wyjazd\u00f3w integracyjnych w otoczeniu natury. Obiekt dysponuje <strong>dwiema nowoczesnymi salami konferencyjnymi oraz 12 stylowymi apartamentami<\/strong>, kt\u00f3re wraz z siostrzanym Modrak.<\/p>\n\n\n\n<p class=\"has-text-align-left\">Apartamenty zapewniaj\u0105 <strong>zakwaterowanie dla 63 os\u00f3b<\/strong>. Wn\u0119trza \u0142\u0105cz\u0105 nowoczesno\u015b\u0107 z kaszubsk\u0105 tradycj\u0105, oferuj\u0105c m.in. aneksy kuchenne, klimatyzacj\u0119, internet i biurka do pracy.<\/p>\n\n\n\n<p class=\"has-text-align-left\"><strong>Restauracja<\/strong> serwuje dania kuchni kaszubskiej, staropolskiej i europejskiej, a kameralna przestrze\u0144 pozwala organizowa\u0107 <strong>przyj\u0119cia do 40 os\u00f3b<\/strong>. Na go\u015bci czeka tak\u017ce bogaty program integracyjny &#8211; sp\u0142ywy kajakowe, rajdy rowerowe, rejsy statkiem oraz wieczorne ogniska i grille nad rzek\u0105.<\/p>\n\n\n\n<p class=\"has-text-align-left\">To idealne miejsce, kt\u00f3re \u0142\u0105czy profesjonalne warunki biznesowe z atmosfer\u0105 sprzyjaj\u0105c\u0105 integracji i relaksowi.<\/p>\n\n\n\n<figure class=\"wp-block-image size-full\"><a href=\"https:\/\/www.mojekonferencje.pl\/blog\/wp-content\/uploads\/2025\/07\/chaber27-960x580-1.webp\"><img loading=\"lazy\" decoding=\"async\" width=\"960\" height=\"580\" src=\"https:\/\/www.mojekonferencje.pl\/blog\/wp-content\/uploads\/2025\/07\/chaber27-960x580-1.webp\" alt=\"\" class=\"wp-image-7858 lazyload\" data-srcset=\"https:\/\/www.mojekonferencje.pl\/blog\/wp-content\/uploads\/2025\/07\/chaber27-960x580-1.webp 960w, https:\/\/www.mojekonferencje.pl\/blog\/wp-content\/uploads\/2025\/07\/chaber27-960x580-1-300x181.webp 300w, https:\/\/www.mojekonferencje.pl\/blog\/wp-content\/uploads\/2025\/07\/chaber27-960x580-1-768x464.webp 768w\" sizes=\"auto\" \/><\/a><\/figure>\n\n\n\n<p>Wojew\u00f3dztwo pomorskie to doskona\u0142y wyb\u00f3r na organizacj\u0119 wydarze\u0144 integracyjnych. Obiekty jak <a href=\"https:\/\/www.mojekonferencje.pl\/gniew\/zamek-gniew\" type=\"link\" id=\"https:\/\/www.mojekonferencje.pl\/gniew\/zamek-gniew\">Hotel ZAMEK GNIEW<\/a>, <a href=\"https:\/\/www.mojekonferencje.pl\/slupsk\/dolina-charlotty\" type=\"link\" id=\"https:\/\/www.mojekonferencje.pl\/slupsk\/dolina-charlotty\">Dolina Charlotty Resort &amp; SPA<\/a> czy <a href=\"https:\/\/www.mojekonferencje.pl\/sopot\/hotel-sopot\" type=\"link\" id=\"https:\/\/www.mojekonferencje.pl\/sopot\/hotel-sopot\">Hotel Sopot<\/a> sprawdz\u0105 si\u0119 na organizacj\u0119 spotka\u0144 z szerokim wyborem atrakcji dla go\u015bci. Niezale\u017cnie od tego, czy szukasz nadmorskiego luksusu, czy kontaktu z natur\u0105 &#8211; Pomorze oferuje co\u015b wyj\u0105tkowego dla ka\u017cdego zespo\u0142u. Na naszym blogu mo\u017cecie te\u017c znale\u017a\u0107 <a href=\"https:\/\/www.mojekonferencje.pl\/blog\/obiekty-z-programem-integracyjnym-team-building-na-najwyzszym-poziomie-woj-mazowieckie\/\" type=\"link\" id=\"https:\/\/www.mojekonferencje.pl\/blog\/obiekty-z-programem-integracyjnym-team-building-na-najwyzszym-poziomie-woj-mazowieckie\/\">obiekty z programem integracyjnych w woj. mazowieckim<\/a> oraz <a href=\"https:\/\/www.mojekonferencje.pl\/blog\/obiekty-z-programem-integracyjnym-team-building-na-najwyzszym-poziomie-woj-lodzkie\/\" type=\"link\" id=\"https:\/\/www.mojekonferencje.pl\/blog\/obiekty-z-programem-integracyjnym-team-building-na-najwyzszym-poziomie-woj-lodzkie\/\">obiekty w wojew\u00f3dztwie \u0142\u00f3dzkim<\/a>, a tak\u017ce wiele innych.<\/p>\n\n\n\n<p><strong>Na naszym portalu propozycji jest mn\u00f3stwo &#8211; ka\u017cdy znajdzie idealny obiekt dla siebie.<\/strong> <strong>Zajrzyj na <a href=\"https:\/\/www.google.com\/search?q=mojekonferencje&amp;oq=moj&amp;gs_lcrp=EgZjaHJvbWUqDggBEEUYJxg7GIAEGIoFMgYIABBFGDsyDggBEEUYJxg7GIAEGIoFMgYIAhAjGCcyBggDEEUYOTINCAQQABiDARixAxiABDIHCAUQABiABDIKCAYQABixAxiABDIKCAcQABixAxiABDIHCAgQABiPAjIHCAkQABiPAtIBCTEzNDJqMGoxNagCCLACAfEFDSpyU5HoVDTxBQ0qclOR6FQ0&amp;sourceid=chrome&amp;ie=UTF-8\" type=\"link\" id=\"https:\/\/www.google.com\/search?q=mojekonferencje&amp;oq=moj&amp;gs_lcrp=EgZjaHJvbWUqDggBEEUYJxg7GIAEGIoFMgYIABBFGDsyDggBEEUYJxg7GIAEGIoFMgYIAhAjGCcyBggDEEUYOTINCAQQABiDARixAxiABDIHCAUQABiABDIKCAYQABixAxiABDIKCAcQABixAxiABDIHCAgQABiPAjIHCAkQABiPAtIBCTEzNDJqMGoxNagCCLACAfEFDSpyU5HoVDTxBQ0qclOR6FQ0&amp;sourceid=chrome&amp;ie=UTF-8\">mojekonferencje.pl<\/a> i przekonaj si\u0119 sam. <\/strong><\/p>\n\n\n\n<p><\/p>\n\n\n\n<p><\/p>\n","protected":false},"excerpt":{"rendered":"<p>Czas na p\u00f3\u0142noc! Wojew\u00f3dztwo pomorskie to morze, \u015bwie\u017ce powietrze i \u015bwietne miejsca na firmow\u0105 integracj\u0119.<\/p>\n","protected":false},"author":21,"featured_media":7631,"comment_status":"closed","ping_status":"closed","sticky":false,"template":"","format":"standard","meta":{"_acf_changed":false,"footnotes":""},"categories":[8,175],"tags":[354,406,409,26],"class_list":["post-7617","post","type-post","status-publish","format-standard","has-post-thumbnail","hentry","category-porady","category-wybieranie-miejsca-konferencyjnego","tag-organizacja-wydarzen","tag-pomorze","tag-team-building","tag-wypady-integracyjne"],"acf":[],"yoast_head":"<!-- This site is optimized with the Yoast SEO plugin v27.1.1 - https:\/\/yoast.com\/product\/yoast-seo-wordpress\/ -->\n<title>Obiekty z programem integracyjnym \u2013 team-building na najwy\u017cszym poziomie - woj. pomorskie - blog | MojeKonferencje.pl<\/title>\n<meta name=\"description\" content=\"Obiekty z programem integracyjnym \u2013 team-building na najwy\u017cszym poziomie - woj. pomorskie - blog | MojeKonferencje.pl\" \/>\n<meta name=\"robots\" content=\"index, follow, max-snippet:-1, max-image-preview:large, max-video-preview:-1\" \/>\n<link rel=\"canonical\" href=\"https:\/\/www.mojekonferencje.pl\/blog\/obiekty-z-programem-integracyjnym-team-building-na-najwyzszym-poziomie-woj-pomorskie\/\" \/>\n<meta property=\"og:locale\" content=\"pl_PL\" \/>\n<meta property=\"og:type\" content=\"article\" \/>\n<meta property=\"og:title\" content=\"Obiekty z programem integracyjnym \u2013 team-building na najwy\u017cszym poziomie - woj. pomorskie - blog | MojeKonferencje.pl\" \/>\n<meta property=\"og:description\" content=\"Obiekty z programem integracyjnym \u2013 team-building na najwy\u017cszym poziomie - woj. pomorskie - blog | MojeKonferencje.pl\" \/>\n<meta property=\"og:url\" content=\"https:\/\/www.mojekonferencje.pl\/blog\/obiekty-z-programem-integracyjnym-team-building-na-najwyzszym-poziomie-woj-pomorskie\/\" \/>\n<meta property=\"og:site_name\" content=\"MojeKonferencje.pl\" \/>\n<meta property=\"article:published_time\" content=\"2025-07-21T07:00:00+00:00\" \/>\n<meta property=\"article:modified_time\" content=\"2026-04-20T07:45:41+00:00\" \/>\n<meta property=\"og:image\" content=\"https:\/\/www.mojekonferencje.pl\/blog\/wp-content\/uploads\/2025\/07\/Fotoram.io-51.jpg\" \/>\n\t<meta property=\"og:image:width\" content=\"1200\" \/>\n\t<meta property=\"og:image:height\" content=\"708\" \/>\n\t<meta property=\"og:image:type\" content=\"image\/jpeg\" \/>\n<meta name=\"author\" content=\"Julia Gadomska\" \/>\n<meta name=\"twitter:card\" content=\"summary_large_image\" \/>\n<meta name=\"twitter:label1\" content=\"Napisane przez\" \/>\n\t<meta name=\"twitter:data1\" content=\"Julia Gadomska\" \/>\n\t<meta name=\"twitter:label2\" content=\"Szacowany czas czytania\" \/>\n\t<meta name=\"twitter:data2\" content=\"13 minut\" \/>\n<script type=\"application\/ld+json\" class=\"yoast-schema-graph\">{\"@context\":\"https:\/\/schema.org\",\"@graph\":[{\"@type\":\"Article\",\"@id\":\"https:\/\/www.mojekonferencje.pl\/blog\/obiekty-z-programem-integracyjnym-team-building-na-najwyzszym-poziomie-woj-pomorskie\/#article\",\"isPartOf\":{\"@id\":\"https:\/\/www.mojekonferencje.pl\/blog\/obiekty-z-programem-integracyjnym-team-building-na-najwyzszym-poziomie-woj-pomorskie\/\"},\"author\":{\"name\":\"Julia Gadomska\",\"@id\":\"https:\/\/www.mojekonferencje.pl\/blog\/#\/schema\/person\/7d6985dc3741882ea12e03b1c3997043\"},\"headline\":\"Obiekty z programem integracyjnym \u2013 team-building na najwy\u017cszym poziomie &#8211; woj. pomorskie\",\"datePublished\":\"2025-07-21T07:00:00+00:00\",\"dateModified\":\"2026-04-20T07:45:41+00:00\",\"mainEntityOfPage\":{\"@id\":\"https:\/\/www.mojekonferencje.pl\/blog\/obiekty-z-programem-integracyjnym-team-building-na-najwyzszym-poziomie-woj-pomorskie\/\"},\"wordCount\":2002,\"image\":{\"@id\":\"https:\/\/www.mojekonferencje.pl\/blog\/obiekty-z-programem-integracyjnym-team-building-na-najwyzszym-poziomie-woj-pomorskie\/#primaryimage\"},\"thumbnailUrl\":\"https:\/\/www.mojekonferencje.pl\/blog\/wp-content\/uploads\/2025\/07\/Fotoram.io-51.jpg\",\"keywords\":[\"organizacja wydarze\u0144\",\"Pomorze\",\"team-building\",\"wypady integracyjne\"],\"articleSection\":[\"Porady\",\"Wybieranie miejsca konferencyjnego\"],\"inLanguage\":\"pl-PL\"},{\"@type\":\"WebPage\",\"@id\":\"https:\/\/www.mojekonferencje.pl\/blog\/obiekty-z-programem-integracyjnym-team-building-na-najwyzszym-poziomie-woj-pomorskie\/\",\"url\":\"https:\/\/www.mojekonferencje.pl\/blog\/obiekty-z-programem-integracyjnym-team-building-na-najwyzszym-poziomie-woj-pomorskie\/\",\"name\":\"Obiekty z programem integracyjnym \u2013 team-building na najwy\u017cszym poziomie - woj. pomorskie - blog | MojeKonferencje.pl\",\"isPartOf\":{\"@id\":\"https:\/\/www.mojekonferencje.pl\/blog\/#website\"},\"primaryImageOfPage\":{\"@id\":\"https:\/\/www.mojekonferencje.pl\/blog\/obiekty-z-programem-integracyjnym-team-building-na-najwyzszym-poziomie-woj-pomorskie\/#primaryimage\"},\"image\":{\"@id\":\"https:\/\/www.mojekonferencje.pl\/blog\/obiekty-z-programem-integracyjnym-team-building-na-najwyzszym-poziomie-woj-pomorskie\/#primaryimage\"},\"thumbnailUrl\":\"https:\/\/www.mojekonferencje.pl\/blog\/wp-content\/uploads\/2025\/07\/Fotoram.io-51.jpg\",\"datePublished\":\"2025-07-21T07:00:00+00:00\",\"dateModified\":\"2026-04-20T07:45:41+00:00\",\"author\":{\"@id\":\"https:\/\/www.mojekonferencje.pl\/blog\/#\/schema\/person\/7d6985dc3741882ea12e03b1c3997043\"},\"description\":\"Obiekty z programem integracyjnym \u2013 team-building na najwy\u017cszym poziomie - woj. pomorskie - blog | MojeKonferencje.pl\",\"breadcrumb\":{\"@id\":\"https:\/\/www.mojekonferencje.pl\/blog\/obiekty-z-programem-integracyjnym-team-building-na-najwyzszym-poziomie-woj-pomorskie\/#breadcrumb\"},\"inLanguage\":\"pl-PL\",\"potentialAction\":[{\"@type\":\"ReadAction\",\"target\":[\"https:\/\/www.mojekonferencje.pl\/blog\/obiekty-z-programem-integracyjnym-team-building-na-najwyzszym-poziomie-woj-pomorskie\/\"]}]},{\"@type\":\"ImageObject\",\"inLanguage\":\"pl-PL\",\"@id\":\"https:\/\/www.mojekonferencje.pl\/blog\/obiekty-z-programem-integracyjnym-team-building-na-najwyzszym-poziomie-woj-pomorskie\/#primaryimage\",\"url\":\"https:\/\/www.mojekonferencje.pl\/blog\/wp-content\/uploads\/2025\/07\/Fotoram.io-51.jpg\",\"contentUrl\":\"https:\/\/www.mojekonferencje.pl\/blog\/wp-content\/uploads\/2025\/07\/Fotoram.io-51.jpg\",\"width\":1200,\"height\":708,\"caption\":\"Obiekty z programem integracyjnym - woj. pomorskie\"},{\"@type\":\"BreadcrumbList\",\"@id\":\"https:\/\/www.mojekonferencje.pl\/blog\/obiekty-z-programem-integracyjnym-team-building-na-najwyzszym-poziomie-woj-pomorskie\/#breadcrumb\",\"itemListElement\":[{\"@type\":\"ListItem\",\"position\":1,\"name\":\"Strona g\u0142\u00f3wna\",\"item\":\"https:\/\/www.mojekonferencje.pl\/blog\/\"},{\"@type\":\"ListItem\",\"position\":2,\"name\":\"Obiekty z programem integracyjnym \u2013 team-building na najwy\u017cszym poziomie &#8211; woj. pomorskie\"}]},{\"@type\":\"WebSite\",\"@id\":\"https:\/\/www.mojekonferencje.pl\/blog\/#website\",\"url\":\"https:\/\/www.mojekonferencje.pl\/blog\/\",\"name\":\"MojeKonferencje.pl\",\"description\":\"Blog bran\u017cy szkoleniowo-konferencyjnej. W\u0142\u0105cz si\u0119 do dyskusji o obiektach konferencyjnych i nowo\u015bciach z bran\u017cy! Poznaj porady odno\u015bnie organizacji konferencji, szkole\u0144 i event\u00f3w firmowych! Zach\u0119camy do wyra\u017cania opinii oraz komentarzy.\",\"potentialAction\":[{\"@type\":\"SearchAction\",\"target\":{\"@type\":\"EntryPoint\",\"urlTemplate\":\"https:\/\/www.mojekonferencje.pl\/blog\/?s={search_term_string}\"},\"query-input\":{\"@type\":\"PropertyValueSpecification\",\"valueRequired\":true,\"valueName\":\"search_term_string\"}}],\"inLanguage\":\"pl-PL\"},{\"@type\":\"Person\",\"@id\":\"https:\/\/www.mojekonferencje.pl\/blog\/#\/schema\/person\/7d6985dc3741882ea12e03b1c3997043\",\"name\":\"Julia Gadomska\",\"url\":\"https:\/\/www.mojekonferencje.pl\/blog\/author\/julia-gadomska\/\"}]}<\/script>\n<!-- \/ Yoast SEO plugin. -->","yoast_head_json":{"title":"Obiekty z programem integracyjnym \u2013 team-building na najwy\u017cszym poziomie - woj. pomorskie - blog | MojeKonferencje.pl","description":"Obiekty z programem integracyjnym \u2013 team-building na najwy\u017cszym poziomie - woj. pomorskie - blog | MojeKonferencje.pl","robots":{"index":"index","follow":"follow","max-snippet":"max-snippet:-1","max-image-preview":"max-image-preview:large","max-video-preview":"max-video-preview:-1"},"canonical":"https:\/\/www.mojekonferencje.pl\/blog\/obiekty-z-programem-integracyjnym-team-building-na-najwyzszym-poziomie-woj-pomorskie\/","og_locale":"pl_PL","og_type":"article","og_title":"Obiekty z programem integracyjnym \u2013 team-building na najwy\u017cszym poziomie - woj. pomorskie - blog | MojeKonferencje.pl","og_description":"Obiekty z programem integracyjnym \u2013 team-building na najwy\u017cszym poziomie - woj. pomorskie - blog | MojeKonferencje.pl","og_url":"https:\/\/www.mojekonferencje.pl\/blog\/obiekty-z-programem-integracyjnym-team-building-na-najwyzszym-poziomie-woj-pomorskie\/","og_site_name":"MojeKonferencje.pl","article_published_time":"2025-07-21T07:00:00+00:00","article_modified_time":"2026-04-20T07:45:41+00:00","og_image":[{"width":1200,"height":708,"url":"https:\/\/www.mojekonferencje.pl\/blog\/wp-content\/uploads\/2025\/07\/Fotoram.io-51.jpg","type":"image\/jpeg"}],"author":"Julia Gadomska","twitter_card":"summary_large_image","twitter_misc":{"Napisane przez":"Julia Gadomska","Szacowany czas czytania":"13 minut"},"schema":{"@context":"https:\/\/schema.org","@graph":[{"@type":"Article","@id":"https:\/\/www.mojekonferencje.pl\/blog\/obiekty-z-programem-integracyjnym-team-building-na-najwyzszym-poziomie-woj-pomorskie\/#article","isPartOf":{"@id":"https:\/\/www.mojekonferencje.pl\/blog\/obiekty-z-programem-integracyjnym-team-building-na-najwyzszym-poziomie-woj-pomorskie\/"},"author":{"name":"Julia Gadomska","@id":"https:\/\/www.mojekonferencje.pl\/blog\/#\/schema\/person\/7d6985dc3741882ea12e03b1c3997043"},"headline":"Obiekty z programem integracyjnym \u2013 team-building na najwy\u017cszym poziomie &#8211; woj. pomorskie","datePublished":"2025-07-21T07:00:00+00:00","dateModified":"2026-04-20T07:45:41+00:00","mainEntityOfPage":{"@id":"https:\/\/www.mojekonferencje.pl\/blog\/obiekty-z-programem-integracyjnym-team-building-na-najwyzszym-poziomie-woj-pomorskie\/"},"wordCount":2002,"image":{"@id":"https:\/\/www.mojekonferencje.pl\/blog\/obiekty-z-programem-integracyjnym-team-building-na-najwyzszym-poziomie-woj-pomorskie\/#primaryimage"},"thumbnailUrl":"https:\/\/www.mojekonferencje.pl\/blog\/wp-content\/uploads\/2025\/07\/Fotoram.io-51.jpg","keywords":["organizacja wydarze\u0144","Pomorze","team-building","wypady integracyjne"],"articleSection":["Porady","Wybieranie miejsca konferencyjnego"],"inLanguage":"pl-PL"},{"@type":"WebPage","@id":"https:\/\/www.mojekonferencje.pl\/blog\/obiekty-z-programem-integracyjnym-team-building-na-najwyzszym-poziomie-woj-pomorskie\/","url":"https:\/\/www.mojekonferencje.pl\/blog\/obiekty-z-programem-integracyjnym-team-building-na-najwyzszym-poziomie-woj-pomorskie\/","name":"Obiekty z programem integracyjnym \u2013 team-building na najwy\u017cszym poziomie - woj. pomorskie - blog | MojeKonferencje.pl","isPartOf":{"@id":"https:\/\/www.mojekonferencje.pl\/blog\/#website"},"primaryImageOfPage":{"@id":"https:\/\/www.mojekonferencje.pl\/blog\/obiekty-z-programem-integracyjnym-team-building-na-najwyzszym-poziomie-woj-pomorskie\/#primaryimage"},"image":{"@id":"https:\/\/www.mojekonferencje.pl\/blog\/obiekty-z-programem-integracyjnym-team-building-na-najwyzszym-poziomie-woj-pomorskie\/#primaryimage"},"thumbnailUrl":"https:\/\/www.mojekonferencje.pl\/blog\/wp-content\/uploads\/2025\/07\/Fotoram.io-51.jpg","datePublished":"2025-07-21T07:00:00+00:00","dateModified":"2026-04-20T07:45:41+00:00","author":{"@id":"https:\/\/www.mojekonferencje.pl\/blog\/#\/schema\/person\/7d6985dc3741882ea12e03b1c3997043"},"description":"Obiekty z programem integracyjnym \u2013 team-building na najwy\u017cszym poziomie - woj. pomorskie - blog | MojeKonferencje.pl","breadcrumb":{"@id":"https:\/\/www.mojekonferencje.pl\/blog\/obiekty-z-programem-integracyjnym-team-building-na-najwyzszym-poziomie-woj-pomorskie\/#breadcrumb"},"inLanguage":"pl-PL","potentialAction":[{"@type":"ReadAction","target":["https:\/\/www.mojekonferencje.pl\/blog\/obiekty-z-programem-integracyjnym-team-building-na-najwyzszym-poziomie-woj-pomorskie\/"]}]},{"@type":"ImageObject","inLanguage":"pl-PL","@id":"https:\/\/www.mojekonferencje.pl\/blog\/obiekty-z-programem-integracyjnym-team-building-na-najwyzszym-poziomie-woj-pomorskie\/#primaryimage","url":"https:\/\/www.mojekonferencje.pl\/blog\/wp-content\/uploads\/2025\/07\/Fotoram.io-51.jpg","contentUrl":"https:\/\/www.mojekonferencje.pl\/blog\/wp-content\/uploads\/2025\/07\/Fotoram.io-51.jpg","width":1200,"height":708,"caption":"Obiekty z programem integracyjnym - woj. pomorskie"},{"@type":"BreadcrumbList","@id":"https:\/\/www.mojekonferencje.pl\/blog\/obiekty-z-programem-integracyjnym-team-building-na-najwyzszym-poziomie-woj-pomorskie\/#breadcrumb","itemListElement":[{"@type":"ListItem","position":1,"name":"Strona g\u0142\u00f3wna","item":"https:\/\/www.mojekonferencje.pl\/blog\/"},{"@type":"ListItem","position":2,"name":"Obiekty z programem integracyjnym \u2013 team-building na najwy\u017cszym poziomie &#8211; woj. pomorskie"}]},{"@type":"WebSite","@id":"https:\/\/www.mojekonferencje.pl\/blog\/#website","url":"https:\/\/www.mojekonferencje.pl\/blog\/","name":"MojeKonferencje.pl","description":"Blog bran\u017cy szkoleniowo-konferencyjnej. W\u0142\u0105cz si\u0119 do dyskusji o obiektach konferencyjnych i nowo\u015bciach z bran\u017cy! Poznaj porady odno\u015bnie organizacji konferencji, szkole\u0144 i event\u00f3w firmowych! Zach\u0119camy do wyra\u017cania opinii oraz komentarzy.","potentialAction":[{"@type":"SearchAction","target":{"@type":"EntryPoint","urlTemplate":"https:\/\/www.mojekonferencje.pl\/blog\/?s={search_term_string}"},"query-input":{"@type":"PropertyValueSpecification","valueRequired":true,"valueName":"search_term_string"}}],"inLanguage":"pl-PL"},{"@type":"Person","@id":"https:\/\/www.mojekonferencje.pl\/blog\/#\/schema\/person\/7d6985dc3741882ea12e03b1c3997043","name":"Julia Gadomska","url":"https:\/\/www.mojekonferencje.pl\/blog\/author\/julia-gadomska\/"}]}},"_links":{"self":[{"href":"https:\/\/www.mojekonferencje.pl\/blog\/wp-json\/wp\/v2\/posts\/7617","targetHints":{"allow":["GET"]}}],"collection":[{"href":"https:\/\/www.mojekonferencje.pl\/blog\/wp-json\/wp\/v2\/posts"}],"about":[{"href":"https:\/\/www.mojekonferencje.pl\/blog\/wp-json\/wp\/v2\/types\/post"}],"author":[{"embeddable":true,"href":"https:\/\/www.mojekonferencje.pl\/blog\/wp-json\/wp\/v2\/users\/21"}],"replies":[{"embeddable":true,"href":"https:\/\/www.mojekonferencje.pl\/blog\/wp-json\/wp\/v2\/comments?post=7617"}],"version-history":[{"count":17,"href":"https:\/\/www.mojekonferencje.pl\/blog\/wp-json\/wp\/v2\/posts\/7617\/revisions"}],"predecessor-version":[{"id":9485,"href":"https:\/\/www.mojekonferencje.pl\/blog\/wp-json\/wp\/v2\/posts\/7617\/revisions\/9485"}],"wp:featuredmedia":[{"embeddable":true,"href":"https:\/\/www.mojekonferencje.pl\/blog\/wp-json\/wp\/v2\/media\/7631"}],"wp:attachment":[{"href":"https:\/\/www.mojekonferencje.pl\/blog\/wp-json\/wp\/v2\/media?parent=7617"}],"wp:term":[{"taxonomy":"category","embeddable":true,"href":"https:\/\/www.mojekonferencje.pl\/blog\/wp-json\/wp\/v2\/categories?post=7617"},{"taxonomy":"post_tag","embeddable":true,"href":"https:\/\/www.mojekonferencje.pl\/blog\/wp-json\/wp\/v2\/tags?post=7617"}],"curies":[{"name":"wp","href":"https:\/\/api.w.org\/{rel}","templated":true}]}}