{"id":7643,"date":"2025-07-24T15:06:00","date_gmt":"2025-07-24T13:06:00","guid":{"rendered":"https:\/\/www.mojekonferencje.pl\/blog\/?p=7643"},"modified":"2025-08-06T10:12:18","modified_gmt":"2025-08-06T08:12:18","slug":"obiekty-z-programem-integracyjnym-team-building-na-najwyzszym-poziomie-woj-mazowieckie","status":"publish","type":"post","link":"https:\/\/www.mojekonferencje.pl\/blog\/obiekty-z-programem-integracyjnym-team-building-na-najwyzszym-poziomie-woj-mazowieckie\/","title":{"rendered":"Obiekty z programem integracyjnym \u2013 team-building na najwy\u017cszym poziomie &#8211; woj. mazowieckie"},"content":{"rendered":"\n<p>Przyszed\u0142 czas na wojew\u00f3dztwo mazowieckie. Jest to nie tylko centrum administracyjne Polski i siedziba najwi\u0119kszych firm. To r\u00f3wnie\u017c<a href=\"https:\/\/www.mojekonferencje.pl\/konferencje-mazowieckie\"> <\/a>region oferuj\u0105cy doskona\u0142e warunki do organizacji wyjazd\u00f3w integracyjnych i team-buildingu<a href=\"https:\/\/www.mojekonferencje.pl\/konferencje-mazowieckie\"> <\/a>na najwy\u017cszym poziomie.<\/p>\n\n\n\n<p>Nowoczesne hotele, o\u015brodki konferencyjne i kompleksy wypoczynkowe zapewniaj\u0105 idealne warunki do budowania relacji zespo\u0142owych, rozwijania wsp\u00f3\u0142pracy w firmach ka\u017cdej wielko\u015bci. Przedstawiamy obiekty godne uwagi, idealne na <a href=\"https:\/\/www.mojekonferencje.pl\/konferencje-mazowieckie\">integracje na Mazowszu<\/a>.<\/p>\n\n\n\n<figure class=\"wp-block-table\"><table class=\"has-fixed-layout\"><tbody><tr><td><a href=\"https:\/\/www.mojekonferencje.pl\/warszawa\/rancho-pod-bocianem\">Rancho Pod Bocianem<\/a><\/td><td><a href=\"https:\/\/www.mojekonferencje.pl\/nasielsk\/nosselia\">Hotel Nosselia, 40 minut od Warszawy<\/a><\/td><\/tr><tr><td><a href=\"https:\/\/www.mojekonferencje.pl\/trojanow\/talaria-resort-spa\">Talaria Resort &amp; SPA<\/a><\/td><td><a href=\"https:\/\/www.mojekonferencje.pl\/lochow\/palac-lochow\">Pa\u0142ac i Folwark \u0141och\u00f3w Arche Hotel<\/a><\/td><\/tr><tr><td><a href=\"https:\/\/www.mojekonferencje.pl\/warszawa\/perla-lesna\">Per\u0142a Le\u015bna<\/a><\/td><td><a href=\"https:\/\/www.mojekonferencje.pl\/serock\/geovita-jadwisin\">Geovita Jadwisin<\/a><\/td><\/tr><tr><td><a href=\"https:\/\/www.mojekonferencje.pl\/minsk-mazowiecki\/gospodarstwo-agroturystyczne-dolina-bobrow\">Gospodarstwo Agroturystyczne Dolina Bobr\u00f3w<\/a><\/td><td><a href=\"https:\/\/www.mojekonferencje.pl\/sierpc\/ranczo-boguszewiec\">Ranczo Boguszewiec<\/a><\/td><\/tr><tr><td><a href=\"https:\/\/www.mojekonferencje.pl\/badow-gorny\/folwark-badowo\">Folwark Badowo<\/a><\/td><td><a href=\"https:\/\/www.mojekonferencje.pl\/pultusk\/hotel-zamek-pultusk--dom-polonii\">Hotel Zamek Pu\u0142tusk Dom Polonii<\/a><\/td><\/tr><\/tbody><\/table><\/figure>\n\n\n\n<h2 class=\"wp-block-heading has-text-align-center\"><a href=\"https:\/\/www.mojekonferencje.pl\/warszawa\/rancho-pod-bocianem\"><mark style=\"background-color:rgba(0, 0, 0, 0)\" class=\"has-inline-color has-vivid-purple-color\"><span style=\"text-decoration: underline;\">Rancho Pod Bocianem<\/span><\/mark><\/a><\/h2>\n\n\n\n<p>Po\u0142o\u017cone zaledwie <strong>25 km od Warszawy Rancho pod Bocianem<\/strong> to doskona\u0142y wyb\u00f3r na wyjazdy integracyjne i eventy firmowe. Obiekt mie\u015bci si\u0119 na 20-hektarowym terenie w otulinie Chojnowskiego Parku Krajobrazowego i oferuje a\u017c <strong>180 miejsc noclegowych<\/strong> <strong>w 70 tematycznych pokojach i apartamentach<\/strong>.<\/p>\n\n\n\n<p>Do dyspozycji firm przygotowano <strong>8 nowoczesnych sal konferencyjnych (najwi\u0119ksza dla 300 os\u00f3b)<\/strong> oraz rozbudowane zaplecze integracyjne: park linowy, tor off-roadowy, quady, \u015bciank\u0119 wspinaczkow\u0105, boiska, mini golfa, staw w\u0119dkarski i strzelnice. Na terenie obiektu znajduj\u0105 si\u0119 r\u00f3wnie\u017c <strong>zadaszone chaty grillowe<\/strong> dla nawet <strong>1000 uczestnik\u00f3w<\/strong>, idealne na pikniki i wieczorne biesiady.<\/p>\n\n\n\n<p><strong>Rancho pod Bocianem<\/strong> \u0142\u0105czy komfort, natur\u0119 i profesjonalne wsparcie organizacyjne, tworz\u0105c przestrze\u0144 idealn\u0105 do team-buildingu i firmowych wydarze\u0144 ka\u017cdego formatu.<\/p>\n\n\n\n<figure class=\"wp-block-image size-full\"><a href=\"https:\/\/www.mojekonferencje.pl\/blog\/wp-content\/uploads\/2025\/07\/podbocianem1-960x580-1.webp\"><img loading=\"lazy\" decoding=\"async\" width=\"960\" height=\"580\" src=\"https:\/\/www.mojekonferencje.pl\/blog\/wp-content\/uploads\/2025\/07\/podbocianem1-960x580-1.webp\" alt=\"\" class=\"wp-image-7644 lazyload\" data-srcset=\"https:\/\/www.mojekonferencje.pl\/blog\/wp-content\/uploads\/2025\/07\/podbocianem1-960x580-1.webp 960w, https:\/\/www.mojekonferencje.pl\/blog\/wp-content\/uploads\/2025\/07\/podbocianem1-960x580-1-300x181.webp 300w, https:\/\/www.mojekonferencje.pl\/blog\/wp-content\/uploads\/2025\/07\/podbocianem1-960x580-1-768x464.webp 768w\" sizes=\"auto\" \/><\/a><\/figure>\n\n\n\n<h2 class=\"wp-block-heading has-text-align-center\"><a href=\"https:\/\/www.mojekonferencje.pl\/nasielsk\/nosselia\"><mark style=\"background-color:rgba(0, 0, 0, 0)\" class=\"has-inline-color has-vivid-purple-color\"><span style=\"text-decoration: underline;\">Hotel Nosselia, 40 minut od Warszawy<\/span><\/mark><\/a><\/h2>\n\n\n\n<p>Zaledwie <strong>50 km od Warszawy<\/strong>, w otoczeniu las\u00f3w i Nasielsko-Karniewskiego Obszaru Chronionego Krajobrazu, znajduje si\u0119 miejsce idealne na szkolenia i integracje. Na 18 hektarach terenu dost\u0119pne s\u0105 boiska, jeziorko, tor off-road, mini zoo, zabytkowy wiatrak z tyrolk\u0105 oraz liczne atrakcje outdoorowe, takie jak disc golf czy elektryczne deskorolki terenowe.<\/p>\n\n\n\n<p>Do dyspozycji go\u015bci jest <strong>pi\u0119\u0107 zr\u00f3\u017cnicowanych sal konferencyjnych oraz 140 miejsc noclegowych<\/strong> w klimatycznych pokojach rozmieszczonych w pi\u0119ciu budynkach. Obiekt oferuje elastyczne pakiety konferencyjne z pe\u0142n\u0105 obs\u0142ug\u0105 gastronomiczn\u0105 i bezp\u0142atnym Wi-Fi.<\/p>\n\n\n\n<p>To miejsce idealne na integracj\u0119 Mazowszu, kt\u00f3re \u0142\u0105czy komfort pracy z aktywnym wypoczynkiem w spokojnym, zielonym otoczeniu.<\/p>\n\n\n\n<figure class=\"wp-block-image size-full\"><a href=\"https:\/\/www.mojekonferencje.pl\/blog\/wp-content\/uploads\/2025\/07\/img-9394-fot-tomasz-zawadzki-04-05-2014-62-kopia-960x580-1.webp\"><img loading=\"lazy\" decoding=\"async\" width=\"960\" height=\"580\" src=\"https:\/\/www.mojekonferencje.pl\/blog\/wp-content\/uploads\/2025\/07\/img-9394-fot-tomasz-zawadzki-04-05-2014-62-kopia-960x580-1.webp\" alt=\"\" class=\"wp-image-7645 lazyload\" data-srcset=\"https:\/\/www.mojekonferencje.pl\/blog\/wp-content\/uploads\/2025\/07\/img-9394-fot-tomasz-zawadzki-04-05-2014-62-kopia-960x580-1.webp 960w, https:\/\/www.mojekonferencje.pl\/blog\/wp-content\/uploads\/2025\/07\/img-9394-fot-tomasz-zawadzki-04-05-2014-62-kopia-960x580-1-300x181.webp 300w, https:\/\/www.mojekonferencje.pl\/blog\/wp-content\/uploads\/2025\/07\/img-9394-fot-tomasz-zawadzki-04-05-2014-62-kopia-960x580-1-768x464.webp 768w\" sizes=\"auto\" \/><\/a><\/figure>\n\n\n\n<h2 class=\"wp-block-heading has-text-align-center\"><a href=\"https:\/\/www.mojekonferencje.pl\/trojanow\/talaria-resort-spa\"><mark style=\"background-color:rgba(0, 0, 0, 0)\" class=\"has-inline-color has-vivid-purple-color\"><span style=\"text-decoration: underline;\">Talaria Resort &amp; SPA<\/span><\/mark><\/a><\/h2>\n\n\n\n<p>W sercu 25-hektarowego parku w Trojanowie, <strong>Talaria Resort &amp; SPA<\/strong> oferuje wyj\u0105tkowe warunki do organizacji konferencji i wypoczynku. To stylowy, odrestaurowany XIX-wieczny pa\u0142ac z<strong> 53 komfortowymi pokojami<\/strong> rozmieszczonymi w trzech obiektach: pa\u0142acu, Pawilonie \u017bywio\u0142\u00f3w i Pawilonie Parkowym.<br><\/p>\n\n\n\n<p>Do dyspozycji firm dost\u0119pne s\u0105<strong> cztery zr\u00f3\u017cnicowane sale<\/strong> \u2013 w tym <strong>przestronna Oran\u017ceria dla 200 os\u00f3b<\/strong>. Po spotkaniach go\u015bcie mog\u0105 zrelaksowa\u0107 si\u0119 w strefie Wellness &amp; SPA z basenem, jacuzzi, saunami i 13 gabinetami zabiegowymi.<br><\/p>\n\n\n\n<p>Na miejscu dzia\u0142aj\u0105<strong> trzy restauracje <\/strong>serwuj\u0105ce dania oparte na lokalnych produktach oraz bar i oran\u017ceria. Dodatkowe atrakcje to m.in. \u015bcie\u017cki spacerowe, stawy, mini zoo, biblioteka i zewn\u0119trzna bania. Sprawdz\u0105 si\u0119 one doskonale na integracje na Mazowszu.  <strong>Talaria<\/strong> to elegancka przestrze\u0144 \u0142\u0105cz\u0105ca biznes z wypoczynkiem w pa\u0142acowym stylu.<\/p>\n\n\n\n<figure class=\"wp-block-image size-full\"><a href=\"https:\/\/www.mojekonferencje.pl\/blog\/wp-content\/uploads\/2025\/07\/talaria-960x580-1.webp\"><img loading=\"lazy\" decoding=\"async\" width=\"960\" height=\"580\" src=\"https:\/\/www.mojekonferencje.pl\/blog\/wp-content\/uploads\/2025\/07\/talaria-960x580-1.webp\" alt=\"\" class=\"wp-image-7646 lazyload\" data-srcset=\"https:\/\/www.mojekonferencje.pl\/blog\/wp-content\/uploads\/2025\/07\/talaria-960x580-1.webp 960w, https:\/\/www.mojekonferencje.pl\/blog\/wp-content\/uploads\/2025\/07\/talaria-960x580-1-300x181.webp 300w, https:\/\/www.mojekonferencje.pl\/blog\/wp-content\/uploads\/2025\/07\/talaria-960x580-1-768x464.webp 768w\" sizes=\"auto\" \/><\/a><\/figure>\n\n\n\n<h2 class=\"wp-block-heading has-text-align-center\"><a href=\"https:\/\/www.mojekonferencje.pl\/lochow\/palac-lochow\"><mark style=\"background-color:rgba(0, 0, 0, 0)\" class=\"has-inline-color has-vivid-purple-color\"><span style=\"text-decoration: underline;\">Pa\u0142ac i Folwark \u0141och\u00f3w Arche Hotel<\/span><\/mark><\/a><\/h2>\n\n\n\n<p>Zaledwie godzin\u0119 od Warszawy, znajduje si\u0119 kompleks<strong> Pa\u0142ac i Folwark \u0141och\u00f3w<\/strong>. To idealna przestrze\u0144 zar\u00f3wno dla kameralnych spotka\u0144, jak i du\u017cych wydarze\u0144 firmowych czy integracyjnych.<\/p>\n\n\n\n<p>Obiekt oferuje \u0142\u0105cznie <strong>450 pokoi i apartament\u00f3w w Pa\u0142acu, Folwarku oraz domkach \u2013 z miejscami dla 960 os\u00f3b (plus kolejne 156 od lipca 2025)<\/strong>. Do dyspozycji jest <strong>20 sal konferencyjnych<\/strong>, w tym Sala Kaflarza i Ceglarzy umo\u017cliwiaj\u0105ce organizacj\u0119 wydarze\u0144 nawet <strong>dla 1000 go\u015bci<\/strong>.<\/p>\n\n\n\n<p>Ca\u0142o\u015b\u0107 uzupe\u0142nia<strong> profesjonalne zaplecze gastronomiczne z dwiema restauracjami i drink barem<\/strong>, przestrzenie do grillowania, strefa Wellness &amp; SPA, kr\u0119gielnia. Dost\u0119pne s\u0105 tak\u017ce atrakcje plenerowe \u2013 sp\u0142ywy kajakowe, pikniki i zabawy team-buildingowe. To kompleks stworzony z my\u015bl\u0105 o firmach szukaj\u0105cych komfortu i odpoczynku. Doskona\u0142a opcja na organizacj\u0119 integracji pracowniczej na Mazowszu. <\/p>\n\n\n\n<figure class=\"wp-block-image size-full\"><a href=\"https:\/\/www.mojekonferencje.pl\/blog\/wp-content\/uploads\/2025\/07\/img-0001-960x580-1.webp\"><img loading=\"lazy\" decoding=\"async\" width=\"960\" height=\"580\" src=\"https:\/\/www.mojekonferencje.pl\/blog\/wp-content\/uploads\/2025\/07\/img-0001-960x580-1.webp\" alt=\"\" class=\"wp-image-7647 lazyload\" data-srcset=\"https:\/\/www.mojekonferencje.pl\/blog\/wp-content\/uploads\/2025\/07\/img-0001-960x580-1.webp 960w, https:\/\/www.mojekonferencje.pl\/blog\/wp-content\/uploads\/2025\/07\/img-0001-960x580-1-300x181.webp 300w, https:\/\/www.mojekonferencje.pl\/blog\/wp-content\/uploads\/2025\/07\/img-0001-960x580-1-768x464.webp 768w\" sizes=\"auto\" \/><\/a><\/figure>\n\n\n\n<h2 class=\"wp-block-heading has-text-align-center\"><a href=\"https:\/\/www.mojekonferencje.pl\/warszawa\/perla-lesna\"><mark style=\"background-color:rgba(0, 0, 0, 0)\" class=\"has-inline-color has-vivid-purple-color\"><span style=\"text-decoration: underline;\">Per\u0142a Le\u015bna<\/span><\/mark><\/a><\/h2>\n\n\n\n<p>Po\u0142o\u017cona zaledwie 25 km od centrum Warszawy <strong>Per\u0142a Le\u015bna<\/strong> to trzygwiazdkowy hotel w Nadarzynie. Otoczony 15-hektarowym terenem zielonym obiekt stwarza idealne warunki zar\u00f3wno do relaksu, jak i aktywnego sp\u0119dzania czasu na \u015bwie\u017cym powietrzu. Do dyspozycji go\u015bci jest<strong> 29 przytulnych pokoi<\/strong>. Na miejscu dzia\u0142a restauracja z kuchni\u0105 polsk\u0105 i elementami fusion, drink bar. Dla go\u015bci konferencyjnych obiekt zapewnia wielofunkcyjn\u0105 <strong>sal\u0119 konferencyjn\u0105 dla maksymalnie 60 os\u00f3b<\/strong>.<\/p>\n\n\n\n<p>Obiekt specjalizuje si\u0119 w <strong>obs\u0142udze wydarze\u0144 biznesowych<\/strong>, oferuj\u0105c pakiety konferencyjne z pe\u0142nym wy\u017cywieniem i noclegiem. Na terenie hotelu znajduje si\u0119 tak\u017ce<strong> przestrze\u0144 rekreacyjna z bilardem, ping-pongiem i pi\u0142karzykami oraz altana grillowa<\/strong>.<\/p>\n\n\n\n<p>Per\u0142a Le\u015bna to miejsce, gdzie natura, komfort i profesjonalna obs\u0142uga tworz\u0105 doskona\u0142e warunki do pracy i wypoczynku.<\/p>\n\n\n\n<figure class=\"wp-block-image size-full\"><a href=\"https:\/\/www.mojekonferencje.pl\/blog\/wp-content\/uploads\/2025\/07\/img-1724-960x580-1.webp\"><img loading=\"lazy\" decoding=\"async\" width=\"960\" height=\"580\" src=\"https:\/\/www.mojekonferencje.pl\/blog\/wp-content\/uploads\/2025\/07\/img-1724-960x580-1.webp\" alt=\"\" class=\"wp-image-7649 lazyload\" data-srcset=\"https:\/\/www.mojekonferencje.pl\/blog\/wp-content\/uploads\/2025\/07\/img-1724-960x580-1.webp 960w, https:\/\/www.mojekonferencje.pl\/blog\/wp-content\/uploads\/2025\/07\/img-1724-960x580-1-300x181.webp 300w, https:\/\/www.mojekonferencje.pl\/blog\/wp-content\/uploads\/2025\/07\/img-1724-960x580-1-768x464.webp 768w\" sizes=\"auto\" \/><\/a><\/figure>\n\n\n\n<h2 class=\"wp-block-heading has-text-align-center\"><a href=\"https:\/\/www.mojekonferencje.pl\/serock\/geovita-jadwisin\"><mark style=\"background-color:rgba(0, 0, 0, 0)\" class=\"has-inline-color has-vivid-purple-color\"><span style=\"text-decoration: underline;\">Geovita Jadwisin<\/span><\/mark><\/a><\/h2>\n\n\n\n<p>To doskonale po\u0142o\u017cony obiekt nad sam\u0105 lini\u0105 brzegow\u0105 Jeziora Zegrzy\u0144skiego, zaledwie 35 km od Warszawy. Otoczony przyrod\u0105 i dost\u0119pny przez ca\u0142y rok, stanowi \u015bwietne miejsce zar\u00f3wno na wypoczynek, jak i organizacj\u0119 wydarze\u0144 biznesowych. Na go\u015bci czeka ponad<strong> 100 miejsc noclegowych<\/strong> a tak\u017ce restauracja, bar oraz Karczma Zalipia\u0144ska i chata grillowa, idealne na biesiady i spotkania integracyjne.<br><\/p>\n\n\n\n<p>Obiekt dysponuje <strong>pi\u0119cioma w pe\u0142ni wyposa\u017conymi salami konferencyjnymi<\/strong>. Geovita Jadwisin zapewnia go\u015bciom r\u00f3wnie\u017c szerokie zaplecze rekreacyjne: bilard, miejsce na ognisko i atrakcje plenerowe, takie jak gry terenowe czy rejsy po jeziorze.<\/p>\n\n\n\n<p>Go\u015bcie mog\u0105 te\u017c korzysta\u0107 z pla\u017cy, wypo\u017cyczalni sprz\u0119tu wodnego oraz strefy gastronomicznej w okolicy. Geovita Jadwisin to idealne po\u0142\u0105czenie komfortu, natury i profesjonalnej obs\u0142ugi.<\/p>\n\n\n\n<figure class=\"wp-block-image size-full\"><a href=\"https:\/\/www.mojekonferencje.pl\/blog\/wp-content\/uploads\/2025\/07\/dji-0889-jpg-male-960x580-1.webp\"><img loading=\"lazy\" decoding=\"async\" width=\"960\" height=\"580\" src=\"https:\/\/www.mojekonferencje.pl\/blog\/wp-content\/uploads\/2025\/07\/dji-0889-jpg-male-960x580-1.webp\" alt=\"\" class=\"wp-image-7650 lazyload\" data-srcset=\"https:\/\/www.mojekonferencje.pl\/blog\/wp-content\/uploads\/2025\/07\/dji-0889-jpg-male-960x580-1.webp 960w, https:\/\/www.mojekonferencje.pl\/blog\/wp-content\/uploads\/2025\/07\/dji-0889-jpg-male-960x580-1-300x181.webp 300w, https:\/\/www.mojekonferencje.pl\/blog\/wp-content\/uploads\/2025\/07\/dji-0889-jpg-male-960x580-1-768x464.webp 768w\" sizes=\"auto\" \/><\/a><\/figure>\n\n\n\n<h2 class=\"wp-block-heading has-text-align-center\"><a href=\"https:\/\/www.mojekonferencje.pl\/minsk-mazowiecki\/gospodarstwo-agroturystyczne-dolina-bobrow\"><mark style=\"background-color:rgba(0, 0, 0, 0)\" class=\"has-inline-color has-vivid-purple-color\"><span style=\"text-decoration: underline;\">Gospodarstwo Agroturystyczne Dolina Bobr\u00f3w<\/span><\/mark><\/a><\/h2>\n\n\n\n<p>Gospodarstwo Agroturystyczne Dolina Bobr\u00f3w, <strong>po\u0142o\u017cone 45 km od Warszawy<\/strong> to idealne miejsce na odpoczynek blisko natury. Otoczone lasami i \u0142\u0105kami, oferuje spok\u00f3j i komfortowe noclegi w drewnianych i murowanych domkach (46 miejsc).<\/p>\n\n\n\n<p>Obiekt dysponuje<strong> r\u00f3\u017cnorodnymi salami i altanami z paleniskiem i grillem, mieszcz\u0105cymi od 25 do 80 os\u00f3b<\/strong>. Go\u015bcie mog\u0105 korzysta\u0107 z licznych atrakcji, takich jak warsztaty, sp\u0142ywy kajakowe, wycieczki rowerowe, zaj\u0119cia jogi oraz place zabaw dla dzieci.<\/p>\n\n\n\n<p>Na terenie <strong>10 ha znajduje si\u0119 mini skansen, sala telewizyjna, bilard, boiska sportowe, \u015bcianki wspinaczkowe, stanowiska do \u0142ucznictwa<\/strong> oraz wypo\u017cyczalnia rower\u00f3w. Dolina Bobr\u00f3w to harmonijne po\u0142\u0105czenie natury, komfortu i aktywnego wypoczynku.<\/p>\n\n\n\n<figure class=\"wp-block-gallery has-nested-images columns-default is-cropped wp-block-gallery-1 is-layout-flex wp-block-gallery-is-layout-flex\">\n<figure class=\"wp-block-image size-large\"><a href=\"https:\/\/www.mojekonferencje.pl\/blog\/wp-content\/uploads\/2025\/07\/ulozone-0001-scaled-960x580-1.webp\"><img loading=\"lazy\" decoding=\"async\" width=\"960\" height=\"580\" data-id=\"7651\" src=\"https:\/\/www.mojekonferencje.pl\/blog\/wp-content\/uploads\/2025\/07\/ulozone-0001-scaled-960x580-1.webp\" alt=\"\" class=\"wp-image-7651 lazyload\" data-srcset=\"https:\/\/www.mojekonferencje.pl\/blog\/wp-content\/uploads\/2025\/07\/ulozone-0001-scaled-960x580-1.webp 960w, https:\/\/www.mojekonferencje.pl\/blog\/wp-content\/uploads\/2025\/07\/ulozone-0001-scaled-960x580-1-300x181.webp 300w, https:\/\/www.mojekonferencje.pl\/blog\/wp-content\/uploads\/2025\/07\/ulozone-0001-scaled-960x580-1-768x464.webp 768w\" sizes=\"auto\" \/><\/a><\/figure>\n<\/figure>\n\n\n\n<h2 class=\"wp-block-heading has-text-align-center\"><a href=\"https:\/\/www.mojekonferencje.pl\/sierpc\/ranczo-boguszewiec\"><mark style=\"background-color:rgba(0, 0, 0, 0)\" class=\"has-inline-color has-vivid-purple-color\"><span style=\"text-decoration: underline;\">Ranczo Boguszewiec<\/span><\/mark><\/a><\/h2>\n\n\n\n<p>W otoczeniu malowniczego Parku Krajobrazowego NATURA 2000, przy trasie Sierpc\u2013\u017buromin, powsta\u0142o wyj\u0105tkowe miejsce do wypoczynku i organizacji wydarze\u0144. Po\u0142o\u017cone na 5,5 ha ranczo, z w\u0142asnym lasem i przestrzeni\u0105 rekreacyjn\u0105, oferuje cisz\u0119, blisko\u015b\u0107 natury i komfortowe warunki przez ca\u0142y rok. Do dyspozycji go\u015bci pozostaje <strong>pensjonat z recepcj\u0105, trzy pi\u0119trowe i jedena\u015bcie parterowych domk\u00f3w drewnianych<\/strong>, mog\u0105cych pomie\u015bci\u0107 kilkadziesi\u0105t os\u00f3b.<br><\/p>\n\n\n\n<p>Obiekt oferuje <strong>trzy sale biesiadne (dla 100, 55 i 40 os\u00f3b)<\/strong>, wyposa\u017cone w nag\u0142o\u015bnienie, klimatyzacj\u0119 i o\u015bwietlenie, idealne na imprezy integracyjne i szkolenia. Restauracja z kominkiem i 45\u201360 miejscami mo\u017ce r\u00f3wnie\u017c pe\u0142ni\u0107 funkcj\u0119 sali konferencyjnej.<\/p>\n\n\n\n<p>Na terenie obiektu znajduj\u0105 si\u0119 <strong>altany, miejsca na ogniska, sze\u015b\u0107 ruskich bani, dwie sauny, \u0142owisko, park linowy, tyrolka i paintball<\/strong>. Czyni to miejsce idealnym na wypoczynek, event firmowy lub rodzinne spotkanie.<\/p>\n\n\n\n<figure class=\"wp-block-image size-full\"><a href=\"https:\/\/www.mojekonferencje.pl\/blog\/wp-content\/uploads\/2025\/07\/87-sierpc-ranczo-boguszewiec-960x580-2.webp\"><img loading=\"lazy\" decoding=\"async\" width=\"960\" height=\"580\" src=\"https:\/\/www.mojekonferencje.pl\/blog\/wp-content\/uploads\/2025\/07\/87-sierpc-ranczo-boguszewiec-960x580-2.webp\" alt=\"\" class=\"wp-image-7653 lazyload\" data-srcset=\"https:\/\/www.mojekonferencje.pl\/blog\/wp-content\/uploads\/2025\/07\/87-sierpc-ranczo-boguszewiec-960x580-2.webp 960w, https:\/\/www.mojekonferencje.pl\/blog\/wp-content\/uploads\/2025\/07\/87-sierpc-ranczo-boguszewiec-960x580-2-300x181.webp 300w, https:\/\/www.mojekonferencje.pl\/blog\/wp-content\/uploads\/2025\/07\/87-sierpc-ranczo-boguszewiec-960x580-2-768x464.webp 768w\" sizes=\"auto\" \/><\/a><\/figure>\n\n\n\n<h2 class=\"wp-block-heading has-text-align-center\"><a href=\"https:\/\/www.mojekonferencje.pl\/badow-gorny\/folwark-badowo\"><mark style=\"background-color:rgba(0, 0, 0, 0)\" class=\"has-inline-color has-vivid-purple-color\"><span style=\"text-decoration: underline;\">Folwark Badowo<\/span><\/mark><\/a><\/h2>\n\n\n\n<p>Po\u0142o\u017cony w\u015br\u00f3d staw\u00f3w, \u0142\u0105k i las\u00f3w, <strong>Folwark Badowo to 20-hektarowa oaza ciszy i natury<\/strong>. Kameralna atmosfera, ekologiczny staw k\u0105pielowy, prywatny potok i \u017cyczliwi gospodarze sprawiaj\u0105, \u017ce pobyt tutaj to czysty relaks.<\/p>\n\n\n\n<p>Obiekt oferuje <strong>dwie przestronne, 100-metrowe sale konferencyjne z pe\u0142nym wyposa\u017ceniem <\/strong>AV, szybkim Internetem i kompleksow\u0105 obs\u0142ug\u0105 wydarze\u0144. Komfortowe pokoje, domowa kuchnia oparta na ekologicznych sk\u0142adnikach oraz w\u0142asne przetwory tworz\u0105 wyj\u0105tkowy klimat.<\/p>\n\n\n\n<p>Go\u015bcie mog\u0105 <strong>korzysta\u0107 z atrakcji na \u015bwie\u017cym powietrzu<\/strong>, wzi\u0105\u0107 udzia\u0142 w warsztatach lub zasi\u0105\u015b\u0107 w prywatnym teatrze folwarku. To idealne miejsce na kreatywn\u0105 prac\u0119, integracj\u0119 i odpoczynek z dala od zgie\u0142ku miasta.<\/p>\n\n\n\n<figure class=\"wp-block-image size-full\"><a href=\"https:\/\/www.mojekonferencje.pl\/blog\/wp-content\/uploads\/2025\/07\/44753636-2143130692372287-335612730239090688-n-960x580-1.webp\"><img loading=\"lazy\" decoding=\"async\" width=\"960\" height=\"580\" src=\"https:\/\/www.mojekonferencje.pl\/blog\/wp-content\/uploads\/2025\/07\/44753636-2143130692372287-335612730239090688-n-960x580-1.webp\" alt=\"\" class=\"wp-image-7655 lazyload\" data-srcset=\"https:\/\/www.mojekonferencje.pl\/blog\/wp-content\/uploads\/2025\/07\/44753636-2143130692372287-335612730239090688-n-960x580-1.webp 960w, https:\/\/www.mojekonferencje.pl\/blog\/wp-content\/uploads\/2025\/07\/44753636-2143130692372287-335612730239090688-n-960x580-1-300x181.webp 300w, https:\/\/www.mojekonferencje.pl\/blog\/wp-content\/uploads\/2025\/07\/44753636-2143130692372287-335612730239090688-n-960x580-1-768x464.webp 768w\" sizes=\"auto\" \/><\/a><\/figure>\n\n\n\n<h2 class=\"wp-block-heading has-text-align-center\"><a href=\"https:\/\/www.mojekonferencje.pl\/pultusk\/hotel-zamek-pultusk--dom-polonii\"><mark style=\"background-color:rgba(0, 0, 0, 0)\" class=\"has-inline-color has-vivid-purple-color\"><span style=\"text-decoration: underline;\">Hotel Zamek Pu\u0142tusk Dom Polonii<\/span><\/mark><\/a><\/h2>\n\n\n\n<p>Po\u0142o\u017cony na wzg\u00f3rzu nad Narwi\u0105, <strong>XV-wieczny Zamek w Pu\u0142tusku<\/strong> \u0142\u0105czy historyczny klimat z nowoczesnym zapleczem konferencyjnym. Otoczony malowniczym parkiem, oferuje sze\u015b\u0107 profesjonalnie wyposa\u017conych sal, idealnych na konferencje, szkolenia i spotkania biznesowe.<\/p>\n\n\n\n<p>Go\u015bcie mog\u0105 liczy\u0107 na<strong> komfortowy nocleg \u2013 do dyspozycji jest a\u017c 260 miejsc w stylowych pokojach <\/strong>w samym Zamku, w pobliskim Hotelu Stanica oraz w cz\u0119\u015bci turystycznej. Uzupe\u0142nieniem pobytu jest <strong>restauracja serwuj\u0105ca dania kuchni szlacheckiej, my\u015bliwskiej i ziemia\u0144skiej<\/strong>. Na go\u015bci czekaj\u0105<strong> wyj\u0105tkowe atrakcje<\/strong> \u2013 m.in. romantyczne rejsy gondolami, korty tenisowe czy wypo\u017cyczalnia sprz\u0119tu rekreacyjnego.<\/p>\n\n\n\n<p>To doskona\u0142e miejsce na po\u0142\u0105czenie pracy z wypoczynkiem w niezwyk\u0142ej scenerii.<\/p>\n\n\n\n<figure class=\"wp-block-image size-full\"><a href=\"https:\/\/www.mojekonferencje.pl\/blog\/wp-content\/uploads\/2025\/07\/zdjecia-z-lotu-ptaka-101-960x580-1.webp\"><img loading=\"lazy\" decoding=\"async\" width=\"960\" height=\"580\" src=\"https:\/\/www.mojekonferencje.pl\/blog\/wp-content\/uploads\/2025\/07\/zdjecia-z-lotu-ptaka-101-960x580-1.webp\" alt=\"\" class=\"wp-image-7648 lazyload\" data-srcset=\"https:\/\/www.mojekonferencje.pl\/blog\/wp-content\/uploads\/2025\/07\/zdjecia-z-lotu-ptaka-101-960x580-1.webp 960w, https:\/\/www.mojekonferencje.pl\/blog\/wp-content\/uploads\/2025\/07\/zdjecia-z-lotu-ptaka-101-960x580-1-300x181.webp 300w, https:\/\/www.mojekonferencje.pl\/blog\/wp-content\/uploads\/2025\/07\/zdjecia-z-lotu-ptaka-101-960x580-1-768x464.webp 768w\" sizes=\"auto\" \/><\/a><\/figure>\n\n\n\n<p><\/p>\n\n\n\n<p><\/p>\n\n\n\n<p>Obiekty z programem integracyjnym w woj. mazowieckim \u0142\u0105cz\u0105 funkcjonalno\u015b\u0107 z atrakcyjno\u015bci\u0105 lokalizacji. Dzi\u0119ki temu ka\u017cdy wyjazd firmowy mo\u017ce by\u0107 nie tylko okazj\u0105 do zabawy i odpoczynku, ale r\u00f3wnie\u017c realnym narz\u0119dziem budowania silnych zespo\u0142\u00f3w i pozytywnej atmosfery pracy.<\/p>\n\n\n\n<p>A je\u015bli jeste\u015bcie ciekawi, w jakich miejscach warto zorganizowa\u0107 integracj\u0119 sprawd\u017acie nasze artyku\u0142y o <a href=\"https:\/\/www.mojekonferencje.pl\/blog\/obiekty-z-programem-integracyjnym-team-building-na-najwyzszym-poziomie-woj-malopolskie\/\">obiektach na integracj\u0119 w ma\u0142opolskim<\/a> oraz <a href=\"https:\/\/www.mojekonferencje.pl\/blog\/obiekty-z-programem-integracyjnym-team-building-na-najwyzszym-poziomie-woj-pomorskie\/\">miejscach na odpoczynek w woj. pomorskim<\/a>. <br><\/p>\n","protected":false},"excerpt":{"rendered":"<p>Przyszed\u0142 czas na wojew\u00f3dztwo mazowieckie. Jest to nie tylko centrum administracyjne Polski i siedziba najwi\u0119kszych firm. To r\u00f3wnie\u017c region oferuj\u0105cy doskona\u0142e warunki do organizacji wyjazd\u00f3w integracyjnych i team-buildingu na najwy\u017cszym poziomie. Nowoczesne hotele, o\u015brodki konferencyjne i kompleksy wypoczynkowe zapewniaj\u0105 idealne warunki do budowania relacji zespo\u0142owych, rozwijania wsp\u00f3\u0142pracy w firmach ka\u017cdej wielko\u015bci. Przedstawiamy obiekty godne uwagi, idealne na integracje na Mazowszu. Rancho Pod Bocianem Hotel Nosselia, 40 minut od Warszawy Talaria Resort &amp; SPA Pa\u0142ac i Folwark \u0141och\u00f3w Arche Hotel Per\u0142a Le\u015bna Geovita Jadwisin Gospodarstwo Agroturystyczne Dolina Bobr\u00f3w Ranczo Boguszewiec Folwark Badowo Hotel Zamek Pu\u0142tusk Dom Polonii Rancho Pod Bocianem Po\u0142o\u017cone&#8230;<\/p>\n","protected":false},"author":21,"featured_media":7657,"comment_status":"closed","ping_status":"closed","sticky":false,"template":"","format":"standard","meta":{"_acf_changed":false,"footnotes":""},"categories":[11,8,175],"tags":[367,354,26],"class_list":["post-7643","post","type-post","status-publish","format-standard","has-post-thumbnail","hentry","category-konferencyjny-relaks","category-porady","category-wybieranie-miejsca-konferencyjnego","tag-hotele","tag-organizacja-wydarzen","tag-wypady-integracyjne"],"acf":[],"yoast_head":"<!-- This site is optimized with the Yoast SEO plugin v27.1.1 - https:\/\/yoast.com\/product\/yoast-seo-wordpress\/ -->\n<title>Obiekty z programem integracyjnym \u2013 team-building na najwy\u017cszym poziomie - woj. mazowieckie - blog | MojeKonferencje.pl<\/title>\n<meta name=\"description\" content=\"Obiekty z programem integracyjnym \u2013 team-building na najwy\u017cszym poziomie - woj. mazowieckie - blog | MojeKonferencje.pl\" \/>\n<meta name=\"robots\" content=\"index, follow, max-snippet:-1, max-image-preview:large, max-video-preview:-1\" \/>\n<link rel=\"canonical\" href=\"https:\/\/www.mojekonferencje.pl\/blog\/obiekty-z-programem-integracyjnym-team-building-na-najwyzszym-poziomie-woj-mazowieckie\/\" \/>\n<meta property=\"og:locale\" content=\"pl_PL\" \/>\n<meta property=\"og:type\" content=\"article\" \/>\n<meta property=\"og:title\" content=\"Obiekty z programem integracyjnym \u2013 team-building na najwy\u017cszym poziomie - woj. mazowieckie - blog | MojeKonferencje.pl\" \/>\n<meta property=\"og:description\" content=\"Obiekty z programem integracyjnym \u2013 team-building na najwy\u017cszym poziomie - woj. mazowieckie - blog | MojeKonferencje.pl\" \/>\n<meta property=\"og:url\" content=\"https:\/\/www.mojekonferencje.pl\/blog\/obiekty-z-programem-integracyjnym-team-building-na-najwyzszym-poziomie-woj-mazowieckie\/\" \/>\n<meta property=\"og:site_name\" content=\"MojeKonferencje.pl\" \/>\n<meta property=\"article:published_time\" content=\"2025-07-24T13:06:00+00:00\" \/>\n<meta property=\"article:modified_time\" content=\"2025-08-06T08:12:18+00:00\" \/>\n<meta property=\"og:image\" content=\"https:\/\/www.mojekonferencje.pl\/blog\/wp-content\/uploads\/2025\/07\/Fotoram.io-52.jpg\" \/>\n\t<meta property=\"og:image:width\" content=\"1200\" \/>\n\t<meta property=\"og:image:height\" content=\"708\" \/>\n\t<meta property=\"og:image:type\" content=\"image\/jpeg\" \/>\n<meta name=\"author\" content=\"Julia Gadomska\" \/>\n<meta name=\"twitter:card\" content=\"summary_large_image\" \/>\n<meta name=\"twitter:label1\" content=\"Napisane przez\" \/>\n\t<meta name=\"twitter:data1\" content=\"Julia Gadomska\" \/>\n\t<meta name=\"twitter:label2\" content=\"Szacowany czas czytania\" \/>\n\t<meta name=\"twitter:data2\" content=\"10 minut\" \/>\n<script type=\"application\/ld+json\" class=\"yoast-schema-graph\">{\"@context\":\"https:\/\/schema.org\",\"@graph\":[{\"@type\":\"Article\",\"@id\":\"https:\/\/www.mojekonferencje.pl\/blog\/obiekty-z-programem-integracyjnym-team-building-na-najwyzszym-poziomie-woj-mazowieckie\/#article\",\"isPartOf\":{\"@id\":\"https:\/\/www.mojekonferencje.pl\/blog\/obiekty-z-programem-integracyjnym-team-building-na-najwyzszym-poziomie-woj-mazowieckie\/\"},\"author\":{\"name\":\"Julia Gadomska\",\"@id\":\"https:\/\/www.mojekonferencje.pl\/blog\/#\/schema\/person\/7d6985dc3741882ea12e03b1c3997043\"},\"headline\":\"Obiekty z programem integracyjnym \u2013 team-building na najwy\u017cszym poziomie &#8211; woj. mazowieckie\",\"datePublished\":\"2025-07-24T13:06:00+00:00\",\"dateModified\":\"2025-08-06T08:12:18+00:00\",\"mainEntityOfPage\":{\"@id\":\"https:\/\/www.mojekonferencje.pl\/blog\/obiekty-z-programem-integracyjnym-team-building-na-najwyzszym-poziomie-woj-mazowieckie\/\"},\"wordCount\":1450,\"image\":{\"@id\":\"https:\/\/www.mojekonferencje.pl\/blog\/obiekty-z-programem-integracyjnym-team-building-na-najwyzszym-poziomie-woj-mazowieckie\/#primaryimage\"},\"thumbnailUrl\":\"https:\/\/www.mojekonferencje.pl\/blog\/wp-content\/uploads\/2025\/07\/Fotoram.io-52.jpg\",\"keywords\":[\"hotele\",\"organizacja wydarze\u0144\",\"wypady integracyjne\"],\"articleSection\":[\"Konferencyjny relaks\",\"Porady\",\"Wybieranie miejsca konferencyjnego\"],\"inLanguage\":\"pl-PL\"},{\"@type\":\"WebPage\",\"@id\":\"https:\/\/www.mojekonferencje.pl\/blog\/obiekty-z-programem-integracyjnym-team-building-na-najwyzszym-poziomie-woj-mazowieckie\/\",\"url\":\"https:\/\/www.mojekonferencje.pl\/blog\/obiekty-z-programem-integracyjnym-team-building-na-najwyzszym-poziomie-woj-mazowieckie\/\",\"name\":\"Obiekty z programem integracyjnym \u2013 team-building na najwy\u017cszym poziomie - woj. mazowieckie - blog | MojeKonferencje.pl\",\"isPartOf\":{\"@id\":\"https:\/\/www.mojekonferencje.pl\/blog\/#website\"},\"primaryImageOfPage\":{\"@id\":\"https:\/\/www.mojekonferencje.pl\/blog\/obiekty-z-programem-integracyjnym-team-building-na-najwyzszym-poziomie-woj-mazowieckie\/#primaryimage\"},\"image\":{\"@id\":\"https:\/\/www.mojekonferencje.pl\/blog\/obiekty-z-programem-integracyjnym-team-building-na-najwyzszym-poziomie-woj-mazowieckie\/#primaryimage\"},\"thumbnailUrl\":\"https:\/\/www.mojekonferencje.pl\/blog\/wp-content\/uploads\/2025\/07\/Fotoram.io-52.jpg\",\"datePublished\":\"2025-07-24T13:06:00+00:00\",\"dateModified\":\"2025-08-06T08:12:18+00:00\",\"author\":{\"@id\":\"https:\/\/www.mojekonferencje.pl\/blog\/#\/schema\/person\/7d6985dc3741882ea12e03b1c3997043\"},\"description\":\"Obiekty z programem integracyjnym \u2013 team-building na najwy\u017cszym poziomie - woj. mazowieckie - blog | MojeKonferencje.pl\",\"breadcrumb\":{\"@id\":\"https:\/\/www.mojekonferencje.pl\/blog\/obiekty-z-programem-integracyjnym-team-building-na-najwyzszym-poziomie-woj-mazowieckie\/#breadcrumb\"},\"inLanguage\":\"pl-PL\",\"potentialAction\":[{\"@type\":\"ReadAction\",\"target\":[\"https:\/\/www.mojekonferencje.pl\/blog\/obiekty-z-programem-integracyjnym-team-building-na-najwyzszym-poziomie-woj-mazowieckie\/\"]}]},{\"@type\":\"ImageObject\",\"inLanguage\":\"pl-PL\",\"@id\":\"https:\/\/www.mojekonferencje.pl\/blog\/obiekty-z-programem-integracyjnym-team-building-na-najwyzszym-poziomie-woj-mazowieckie\/#primaryimage\",\"url\":\"https:\/\/www.mojekonferencje.pl\/blog\/wp-content\/uploads\/2025\/07\/Fotoram.io-52.jpg\",\"contentUrl\":\"https:\/\/www.mojekonferencje.pl\/blog\/wp-content\/uploads\/2025\/07\/Fotoram.io-52.jpg\",\"width\":1200,\"height\":708,\"caption\":\"Obiekty z programem integracyjnym - woj. mazowieckie\"},{\"@type\":\"BreadcrumbList\",\"@id\":\"https:\/\/www.mojekonferencje.pl\/blog\/obiekty-z-programem-integracyjnym-team-building-na-najwyzszym-poziomie-woj-mazowieckie\/#breadcrumb\",\"itemListElement\":[{\"@type\":\"ListItem\",\"position\":1,\"name\":\"Strona g\u0142\u00f3wna\",\"item\":\"https:\/\/www.mojekonferencje.pl\/blog\/\"},{\"@type\":\"ListItem\",\"position\":2,\"name\":\"Obiekty z programem integracyjnym \u2013 team-building na najwy\u017cszym poziomie &#8211; woj. mazowieckie\"}]},{\"@type\":\"WebSite\",\"@id\":\"https:\/\/www.mojekonferencje.pl\/blog\/#website\",\"url\":\"https:\/\/www.mojekonferencje.pl\/blog\/\",\"name\":\"MojeKonferencje.pl\",\"description\":\"Blog bran\u017cy szkoleniowo-konferencyjnej. W\u0142\u0105cz si\u0119 do dyskusji o obiektach konferencyjnych i nowo\u015bciach z bran\u017cy! Poznaj porady odno\u015bnie organizacji konferencji, szkole\u0144 i event\u00f3w firmowych! Zach\u0119camy do wyra\u017cania opinii oraz komentarzy.\",\"potentialAction\":[{\"@type\":\"SearchAction\",\"target\":{\"@type\":\"EntryPoint\",\"urlTemplate\":\"https:\/\/www.mojekonferencje.pl\/blog\/?s={search_term_string}\"},\"query-input\":{\"@type\":\"PropertyValueSpecification\",\"valueRequired\":true,\"valueName\":\"search_term_string\"}}],\"inLanguage\":\"pl-PL\"},{\"@type\":\"Person\",\"@id\":\"https:\/\/www.mojekonferencje.pl\/blog\/#\/schema\/person\/7d6985dc3741882ea12e03b1c3997043\",\"name\":\"Julia Gadomska\",\"url\":\"https:\/\/www.mojekonferencje.pl\/blog\/author\/julia-gadomska\/\"}]}<\/script>\n<!-- \/ Yoast SEO plugin. -->","yoast_head_json":{"title":"Obiekty z programem integracyjnym \u2013 team-building na najwy\u017cszym poziomie - woj. mazowieckie - blog | MojeKonferencje.pl","description":"Obiekty z programem integracyjnym \u2013 team-building na najwy\u017cszym poziomie - woj. mazowieckie - blog | MojeKonferencje.pl","robots":{"index":"index","follow":"follow","max-snippet":"max-snippet:-1","max-image-preview":"max-image-preview:large","max-video-preview":"max-video-preview:-1"},"canonical":"https:\/\/www.mojekonferencje.pl\/blog\/obiekty-z-programem-integracyjnym-team-building-na-najwyzszym-poziomie-woj-mazowieckie\/","og_locale":"pl_PL","og_type":"article","og_title":"Obiekty z programem integracyjnym \u2013 team-building na najwy\u017cszym poziomie - woj. mazowieckie - blog | MojeKonferencje.pl","og_description":"Obiekty z programem integracyjnym \u2013 team-building na najwy\u017cszym poziomie - woj. mazowieckie - blog | MojeKonferencje.pl","og_url":"https:\/\/www.mojekonferencje.pl\/blog\/obiekty-z-programem-integracyjnym-team-building-na-najwyzszym-poziomie-woj-mazowieckie\/","og_site_name":"MojeKonferencje.pl","article_published_time":"2025-07-24T13:06:00+00:00","article_modified_time":"2025-08-06T08:12:18+00:00","og_image":[{"width":1200,"height":708,"url":"https:\/\/www.mojekonferencje.pl\/blog\/wp-content\/uploads\/2025\/07\/Fotoram.io-52.jpg","type":"image\/jpeg"}],"author":"Julia Gadomska","twitter_card":"summary_large_image","twitter_misc":{"Napisane przez":"Julia Gadomska","Szacowany czas czytania":"10 minut"},"schema":{"@context":"https:\/\/schema.org","@graph":[{"@type":"Article","@id":"https:\/\/www.mojekonferencje.pl\/blog\/obiekty-z-programem-integracyjnym-team-building-na-najwyzszym-poziomie-woj-mazowieckie\/#article","isPartOf":{"@id":"https:\/\/www.mojekonferencje.pl\/blog\/obiekty-z-programem-integracyjnym-team-building-na-najwyzszym-poziomie-woj-mazowieckie\/"},"author":{"name":"Julia Gadomska","@id":"https:\/\/www.mojekonferencje.pl\/blog\/#\/schema\/person\/7d6985dc3741882ea12e03b1c3997043"},"headline":"Obiekty z programem integracyjnym \u2013 team-building na najwy\u017cszym poziomie &#8211; woj. mazowieckie","datePublished":"2025-07-24T13:06:00+00:00","dateModified":"2025-08-06T08:12:18+00:00","mainEntityOfPage":{"@id":"https:\/\/www.mojekonferencje.pl\/blog\/obiekty-z-programem-integracyjnym-team-building-na-najwyzszym-poziomie-woj-mazowieckie\/"},"wordCount":1450,"image":{"@id":"https:\/\/www.mojekonferencje.pl\/blog\/obiekty-z-programem-integracyjnym-team-building-na-najwyzszym-poziomie-woj-mazowieckie\/#primaryimage"},"thumbnailUrl":"https:\/\/www.mojekonferencje.pl\/blog\/wp-content\/uploads\/2025\/07\/Fotoram.io-52.jpg","keywords":["hotele","organizacja wydarze\u0144","wypady integracyjne"],"articleSection":["Konferencyjny relaks","Porady","Wybieranie miejsca konferencyjnego"],"inLanguage":"pl-PL"},{"@type":"WebPage","@id":"https:\/\/www.mojekonferencje.pl\/blog\/obiekty-z-programem-integracyjnym-team-building-na-najwyzszym-poziomie-woj-mazowieckie\/","url":"https:\/\/www.mojekonferencje.pl\/blog\/obiekty-z-programem-integracyjnym-team-building-na-najwyzszym-poziomie-woj-mazowieckie\/","name":"Obiekty z programem integracyjnym \u2013 team-building na najwy\u017cszym poziomie - woj. mazowieckie - blog | MojeKonferencje.pl","isPartOf":{"@id":"https:\/\/www.mojekonferencje.pl\/blog\/#website"},"primaryImageOfPage":{"@id":"https:\/\/www.mojekonferencje.pl\/blog\/obiekty-z-programem-integracyjnym-team-building-na-najwyzszym-poziomie-woj-mazowieckie\/#primaryimage"},"image":{"@id":"https:\/\/www.mojekonferencje.pl\/blog\/obiekty-z-programem-integracyjnym-team-building-na-najwyzszym-poziomie-woj-mazowieckie\/#primaryimage"},"thumbnailUrl":"https:\/\/www.mojekonferencje.pl\/blog\/wp-content\/uploads\/2025\/07\/Fotoram.io-52.jpg","datePublished":"2025-07-24T13:06:00+00:00","dateModified":"2025-08-06T08:12:18+00:00","author":{"@id":"https:\/\/www.mojekonferencje.pl\/blog\/#\/schema\/person\/7d6985dc3741882ea12e03b1c3997043"},"description":"Obiekty z programem integracyjnym \u2013 team-building na najwy\u017cszym poziomie - woj. mazowieckie - blog | MojeKonferencje.pl","breadcrumb":{"@id":"https:\/\/www.mojekonferencje.pl\/blog\/obiekty-z-programem-integracyjnym-team-building-na-najwyzszym-poziomie-woj-mazowieckie\/#breadcrumb"},"inLanguage":"pl-PL","potentialAction":[{"@type":"ReadAction","target":["https:\/\/www.mojekonferencje.pl\/blog\/obiekty-z-programem-integracyjnym-team-building-na-najwyzszym-poziomie-woj-mazowieckie\/"]}]},{"@type":"ImageObject","inLanguage":"pl-PL","@id":"https:\/\/www.mojekonferencje.pl\/blog\/obiekty-z-programem-integracyjnym-team-building-na-najwyzszym-poziomie-woj-mazowieckie\/#primaryimage","url":"https:\/\/www.mojekonferencje.pl\/blog\/wp-content\/uploads\/2025\/07\/Fotoram.io-52.jpg","contentUrl":"https:\/\/www.mojekonferencje.pl\/blog\/wp-content\/uploads\/2025\/07\/Fotoram.io-52.jpg","width":1200,"height":708,"caption":"Obiekty z programem integracyjnym - woj. mazowieckie"},{"@type":"BreadcrumbList","@id":"https:\/\/www.mojekonferencje.pl\/blog\/obiekty-z-programem-integracyjnym-team-building-na-najwyzszym-poziomie-woj-mazowieckie\/#breadcrumb","itemListElement":[{"@type":"ListItem","position":1,"name":"Strona g\u0142\u00f3wna","item":"https:\/\/www.mojekonferencje.pl\/blog\/"},{"@type":"ListItem","position":2,"name":"Obiekty z programem integracyjnym \u2013 team-building na najwy\u017cszym poziomie &#8211; woj. mazowieckie"}]},{"@type":"WebSite","@id":"https:\/\/www.mojekonferencje.pl\/blog\/#website","url":"https:\/\/www.mojekonferencje.pl\/blog\/","name":"MojeKonferencje.pl","description":"Blog bran\u017cy szkoleniowo-konferencyjnej. W\u0142\u0105cz si\u0119 do dyskusji o obiektach konferencyjnych i nowo\u015bciach z bran\u017cy! Poznaj porady odno\u015bnie organizacji konferencji, szkole\u0144 i event\u00f3w firmowych! Zach\u0119camy do wyra\u017cania opinii oraz komentarzy.","potentialAction":[{"@type":"SearchAction","target":{"@type":"EntryPoint","urlTemplate":"https:\/\/www.mojekonferencje.pl\/blog\/?s={search_term_string}"},"query-input":{"@type":"PropertyValueSpecification","valueRequired":true,"valueName":"search_term_string"}}],"inLanguage":"pl-PL"},{"@type":"Person","@id":"https:\/\/www.mojekonferencje.pl\/blog\/#\/schema\/person\/7d6985dc3741882ea12e03b1c3997043","name":"Julia Gadomska","url":"https:\/\/www.mojekonferencje.pl\/blog\/author\/julia-gadomska\/"}]}},"_links":{"self":[{"href":"https:\/\/www.mojekonferencje.pl\/blog\/wp-json\/wp\/v2\/posts\/7643","targetHints":{"allow":["GET"]}}],"collection":[{"href":"https:\/\/www.mojekonferencje.pl\/blog\/wp-json\/wp\/v2\/posts"}],"about":[{"href":"https:\/\/www.mojekonferencje.pl\/blog\/wp-json\/wp\/v2\/types\/post"}],"author":[{"embeddable":true,"href":"https:\/\/www.mojekonferencje.pl\/blog\/wp-json\/wp\/v2\/users\/21"}],"replies":[{"embeddable":true,"href":"https:\/\/www.mojekonferencje.pl\/blog\/wp-json\/wp\/v2\/comments?post=7643"}],"version-history":[{"count":7,"href":"https:\/\/www.mojekonferencje.pl\/blog\/wp-json\/wp\/v2\/posts\/7643\/revisions"}],"predecessor-version":[{"id":7724,"href":"https:\/\/www.mojekonferencje.pl\/blog\/wp-json\/wp\/v2\/posts\/7643\/revisions\/7724"}],"wp:featuredmedia":[{"embeddable":true,"href":"https:\/\/www.mojekonferencje.pl\/blog\/wp-json\/wp\/v2\/media\/7657"}],"wp:attachment":[{"href":"https:\/\/www.mojekonferencje.pl\/blog\/wp-json\/wp\/v2\/media?parent=7643"}],"wp:term":[{"taxonomy":"category","embeddable":true,"href":"https:\/\/www.mojekonferencje.pl\/blog\/wp-json\/wp\/v2\/categories?post=7643"},{"taxonomy":"post_tag","embeddable":true,"href":"https:\/\/www.mojekonferencje.pl\/blog\/wp-json\/wp\/v2\/tags?post=7643"}],"curies":[{"name":"wp","href":"https:\/\/api.w.org\/{rel}","templated":true}]}}