{"id":7888,"date":"2025-09-05T09:00:00","date_gmt":"2025-09-05T07:00:00","guid":{"rendered":"https:\/\/www.mojekonferencje.pl\/blog\/?p=7888"},"modified":"2025-09-11T09:09:43","modified_gmt":"2025-09-11T07:09:43","slug":"gdzie-zorganizowac-konferencje-nad-jeziorem-najpiekniejsze-obiekty-na-mazurach","status":"publish","type":"post","link":"https:\/\/www.mojekonferencje.pl\/blog\/gdzie-zorganizowac-konferencje-nad-jeziorem-najpiekniejsze-obiekty-na-mazurach\/","title":{"rendered":"Gdzie zorganizowa\u0107 konferencj\u0119 nad jeziorem? Najpi\u0119kniejsze obiekty na Mazurach"},"content":{"rendered":"\n<p>Konferencja nad jeziorem brzmi jak po\u0142\u0105czenie pracy z przyjemno\u015bci\u0105 \u2013 i w\u0142a\u015bnie to mo\u017cna znale\u017a\u0107 na Mazurach. Kraina Tysi\u0105ca Jezior to nie tylko raj dla \u017ceglarzy i turyst\u00f3w, ale tak\u017ce \u015bwietne miejsce na spotkania biznesowe, szkolenia i eventy firmowe. Po dniu sp\u0119dzonym w sali konferencyjnej uczestnicy mog\u0105 wyj\u015b\u0107 na \u015bwie\u017ce powietrze, pop\u0142yn\u0105\u0107 w rejs, zrelaksowa\u0107 si\u0119 w spa albo po prostu usi\u0105\u015b\u0107 nad wod\u0105 i z\u0142apa\u0107 oddech.<\/p>\n\n\n\n<p>Przedstawiamy <strong><a href=\"https:\/\/www.mojekonferencje.pl\/konferencje-warminsko-mazurskie\">10 najlepszych obiekt\u00f3w na Mazurach<\/a><\/strong>.<\/p>\n\n\n\n<figure class=\"wp-block-table\"><table class=\"has-fixed-layout\"><tbody><tr><td><a href=\"https:\/\/www.mojekonferencje.pl\/olsztyn\/hotel-marina-club\">Hotel Marina Club<\/a><\/td><td><a href=\"https:\/\/www.mojekonferencje.pl\/wiartel\/zlota-lania-wiartel-resort-spa\">Z\u0142ota \u0141ania Wiartel Resort &amp; SPA<\/a><\/td><\/tr><tr><td><a href=\"https:\/\/www.mojekonferencje.pl\/ruciane-nida\/klub-mila-kamien\">Klub Mila Kamie\u0144<\/a><\/td><td><a href=\"https:\/\/www.mojekonferencje.pl\/ostroda\/natural-hotel-eco-conference\">Natural Hotel Eco&amp;Conference &#8211; W rezerwacie &#8211; Przy pla\u017cy na wyspie &#8211; Z basenem i spa na III kondygnacji &#8211; Pokoje wellness z saunami<\/a><\/td><\/tr><tr><td><a href=\"https:\/\/www.mojekonferencje.pl\/ostroda\/hotel-willa-port-conference-resort--spa\">Willa Port<\/a><\/td><td><a href=\"https:\/\/www.mojekonferencje.pl\/mragowo\/hotel-mragowo-resort-spa\">Hotel Mr\u0105gowo Resort &amp; Spa<\/a><\/td><\/tr><tr><td><a href=\"https:\/\/www.mojekonferencje.pl\/pluski\/hotel-warmia-park\">Hotel WARMIA PARK<\/a><\/td><td><a href=\"https:\/\/www.mojekonferencje.pl\/mikolajki\/hotel-robert39s-port-zegluga-pasazerska-mikolajki\">Hotel Robert&#8217;s Port Lake Resort &amp; SPA<\/a><\/td><\/tr><tr><td><a href=\"https:\/\/www.mojekonferencje.pl\/dadaj\/hotel-star-dadaj\">Hotel Star Dadaj Resort &amp; Spa na Mazurach<\/a><\/td><td><a href=\"https:\/\/www.mojekonferencje.pl\/wegorzewo\/hotel-ognisty-ptak\">Hotel Ognisty Ptak<\/a><\/td><\/tr><\/tbody><\/table><\/figure>\n\n\n\n<h2 class=\"wp-block-heading has-text-align-center\"><a href=\"https:\/\/www.mojekonferencje.pl\/olsztyn\/hotel-marina-club\"><mark style=\"background-color:rgba(0, 0, 0, 0)\" class=\"has-inline-color has-vivid-purple-color\"><span style=\"text-decoration: underline;\">Hotel Marina Club<\/span><\/mark><\/a><\/h2>\n\n\n\n<p>Po\u0142o\u017cony nad jeziorem, hotel oferuje wyj\u0105tkowe warunki zar\u00f3wno do wypoczynku, jak i organizacji spotka\u0144 biznesowych. Ka\u017cdy pok\u00f3j i apartament zapewnia widok na jezioro, a eleganckie wn\u0119trza harmonijnie \u0142\u0105cz\u0105 komfort z naturalnym otoczeniem.<\/p>\n\n\n\n<p>Do dyspozycji go\u015bci biznesowych przygotowano <strong>6 nowoczesnych sal konferencyjnych<\/strong>. W sk\u0142ad sal wchodzi imponuj\u0105ca <strong>Sala Omega<\/strong> z mo\u017cliwo\u015bci\u0105 po\u0142\u0105czenia przestrzeni w du\u017ce centrum kongresowe. Profesjonalne zaplecze techniczne i szybki Internet gwarantuj\u0105 sprawn\u0105 organizacj\u0119 wydarze\u0144.<\/p>\n\n\n\n<p>Hotel zachwyca tak\u017ce <strong>bogat\u0105 ofert\u0105 kulinarn\u0105 i stref\u0105 Marina SPA<\/strong> z basenami, saunami i orientalnymi masa\u017cami. To idealne miejsce, kt\u00f3re \u0142\u0105czy luksus, natur\u0119 i profesjonaln\u0105 obs\u0142ug\u0119.<\/p>\n\n\n\n<figure class=\"wp-block-image size-full\"><a href=\"https:\/\/www.mojekonferencje.pl\/blog\/wp-content\/uploads\/2025\/09\/31a-kopia-960x580-1.webp\"><img loading=\"lazy\" decoding=\"async\" width=\"960\" height=\"580\" src=\"https:\/\/www.mojekonferencje.pl\/blog\/wp-content\/uploads\/2025\/09\/31a-kopia-960x580-1.webp\" alt=\"\" class=\"wp-image-7889 lazyload\" data-srcset=\"https:\/\/www.mojekonferencje.pl\/blog\/wp-content\/uploads\/2025\/09\/31a-kopia-960x580-1.webp 960w, https:\/\/www.mojekonferencje.pl\/blog\/wp-content\/uploads\/2025\/09\/31a-kopia-960x580-1-300x181.webp 300w, https:\/\/www.mojekonferencje.pl\/blog\/wp-content\/uploads\/2025\/09\/31a-kopia-960x580-1-768x464.webp 768w\" sizes=\"auto\" \/><\/a><\/figure>\n\n\n\n<h2 class=\"wp-block-heading has-text-align-center\"><a href=\"https:\/\/www.mojekonferencje.pl\/wiartel\/zlota-lania-wiartel-resort-spa\"><mark style=\"background-color:rgba(0, 0, 0, 0)\" class=\"has-inline-color has-vivid-purple-color\"><span style=\"text-decoration: underline;\">Z\u0142ota \u0141ania Wiartel Resort &amp; SPA<\/span><\/mark><\/a><\/h2>\n\n\n\n<p>Usytuowany nad jeziorem Wiartel, w otoczeniu las\u00f3w Puszczy Pilskiej,<strong> Z\u0142ota \u0141ania Wiartel Resort &amp; SPA<\/strong> to miejsce, kt\u00f3re \u0142\u0105czy luksus, spok\u00f3j i blisko\u015b\u0107 natury. Obiekt dysponuje <strong>120 miejscami noclegowymi <\/strong>\u2013 eleganckimi pokojami w budynku g\u0142\u00f3wnym oraz apartamentami w drewnianych domkach nad samym jeziorem.<\/p>\n\n\n\n<p>Resort \u015bwietnie sprawdza si\u0119 zar\u00f3wno jako przestrze\u0144 do wypoczynku, jak i organizacji wydarze\u0144. Do dyspozycji go\u015bci biznesowych przygotowano<strong> 4 nowoczesne sale konferencyjne<\/strong> idealne na spotkania, szkolenia czy integracje.<\/p>\n\n\n\n<p>Na terenie obiektu mieszcz\u0105 si\u0119 <strong>dwie restauracje \u2013 Przylasek i Gaja <\/strong>\u2013 serwuj\u0105ce dania kuchni regionalnej i polskiej w nowoczesnym wydaniu. Dope\u0142nieniem oferty jest <strong>jedno z najlepiej wyposa\u017conych SPA w kraju<\/strong>. To wyj\u0105tkowe miejsce, kt\u00f3re pozwala odpocz\u0105\u0107 od zgie\u0142ku miasta i cieszy\u0107 si\u0119 mazurskim klimatem w luksusowym wydaniu.<\/p>\n\n\n\n<figure class=\"wp-block-image size-full\"><a href=\"https:\/\/www.mojekonferencje.pl\/blog\/wp-content\/uploads\/2025\/09\/ze-ota-e-ania-wiartel-resort-spa-15-1-z-1-960x580-1.webp\"><img loading=\"lazy\" decoding=\"async\" width=\"960\" height=\"580\" src=\"https:\/\/www.mojekonferencje.pl\/blog\/wp-content\/uploads\/2025\/09\/ze-ota-e-ania-wiartel-resort-spa-15-1-z-1-960x580-1.webp\" alt=\"\" class=\"wp-image-7891 lazyload\" data-srcset=\"https:\/\/www.mojekonferencje.pl\/blog\/wp-content\/uploads\/2025\/09\/ze-ota-e-ania-wiartel-resort-spa-15-1-z-1-960x580-1.webp 960w, https:\/\/www.mojekonferencje.pl\/blog\/wp-content\/uploads\/2025\/09\/ze-ota-e-ania-wiartel-resort-spa-15-1-z-1-960x580-1-300x181.webp 300w, https:\/\/www.mojekonferencje.pl\/blog\/wp-content\/uploads\/2025\/09\/ze-ota-e-ania-wiartel-resort-spa-15-1-z-1-960x580-1-768x464.webp 768w\" sizes=\"auto\" \/><\/a><\/figure>\n\n\n\n<h2 class=\"wp-block-heading has-text-align-center\"><a href=\"https:\/\/www.mojekonferencje.pl\/ruciane-nida\/klub-mila-kamien\"><mark style=\"background-color:rgba(0, 0, 0, 0)\" class=\"has-inline-color has-vivid-purple-color\"><span style=\"text-decoration: underline;\">Klub Mila Kamie\u0144<\/span><\/mark><\/a><\/h2>\n\n\n\n<p>Po\u0142o\u017cony nad jeziorem Be\u0142dany, w otoczeniu mazurskich las\u00f3w, <strong>Klub Mila Kamie\u0144<\/strong> to sezonowy o\u015brodek konferencyjno-szkoleniowy z wyj\u0105tkowym klimatem. Obiekt oferuje ponad<strong> 900 miejsc noclegowych<\/strong> w komfortowych domkach i pokojach, sale szkoleniowe, namiot bankietowy oraz przestrzenie idealne do spotka\u0144 plenerowych.<\/p>\n\n\n\n<p><strong>Dwie restauracje <\/strong>z tarasem, prywatna pla\u017ca i liczne atrakcje sportowe sprawiaj\u0105, \u017ce jest to doskona\u0142e miejsce zar\u00f3wno na konferencje, jak i integracje na Mazurach.<\/p>\n\n\n\n<figure class=\"wp-block-image size-full\"><a href=\"https:\/\/www.mojekonferencje.pl\/blog\/wp-content\/uploads\/2025\/09\/visit360-pl-klub-mila-kamien-2018-06-20-dji-0074-960x580-1.webp\"><img loading=\"lazy\" decoding=\"async\" width=\"960\" height=\"580\" src=\"https:\/\/www.mojekonferencje.pl\/blog\/wp-content\/uploads\/2025\/09\/visit360-pl-klub-mila-kamien-2018-06-20-dji-0074-960x580-1.webp\" alt=\"\" class=\"wp-image-7890 lazyload\" data-srcset=\"https:\/\/www.mojekonferencje.pl\/blog\/wp-content\/uploads\/2025\/09\/visit360-pl-klub-mila-kamien-2018-06-20-dji-0074-960x580-1.webp 960w, https:\/\/www.mojekonferencje.pl\/blog\/wp-content\/uploads\/2025\/09\/visit360-pl-klub-mila-kamien-2018-06-20-dji-0074-960x580-1-300x181.webp 300w, https:\/\/www.mojekonferencje.pl\/blog\/wp-content\/uploads\/2025\/09\/visit360-pl-klub-mila-kamien-2018-06-20-dji-0074-960x580-1-768x464.webp 768w\" sizes=\"auto\" \/><\/a><\/figure>\n\n\n\n<h2 class=\"wp-block-heading has-text-align-center\"><a href=\"https:\/\/www.mojekonferencje.pl\/ostroda\/natural-hotel-eco-conference\"><mark style=\"background-color:rgba(0, 0, 0, 0)\" class=\"has-inline-color has-vivid-purple-color\"><span style=\"text-decoration: underline;\">Natural Hotel Eco&amp;Conference &#8211; W rezerwacie &#8211; Przy pla\u017cy na wyspie &#8211; Z basenem i spa na III kondygnacji &#8211; Pokoje wellness z saunami<\/span><\/mark><\/a><\/h2>\n\n\n\n<p>To nowoczesny obiekt po\u0142o\u017cony nad Jeziorem Szel\u0105g Wielki, w rezerwacie \u201eSosny Taborskie\u201d. Hotel oferuje<strong> 200 komfortowych, klimatyzowanych pokoi<\/strong>.<\/p>\n\n\n\n<p>Do dyspozycji go\u015bci jest <strong>sze\u015b\u0107 klimatyzowanych sal konferencyjnych<\/strong> z profesjonalnym sprz\u0119tem audiowizualnym i Wi-Fi.<\/p>\n\n\n\n<p>Na III kondygnacji znajduje si\u0119 <strong>strefa SPA z basenem, saunami i gabinetami relaksacyjnymi<\/strong> z panoramicznym widokiem na jezioro. Go\u015bcie mog\u0105 korzysta\u0107 z <strong>prywatnej pla\u017cy, tarasu, miejsca na ognisk<\/strong> oraz <strong> bogatej oferty atrakcji<\/strong> &#8211; od \u017ceglarstwa i kajak\u00f3w, po paintball, wycieczki rowerowe i jazd\u0119 konn\u0105. Restauracja Pijalnia Zi\u00f3\u0142 serwuje dania z lokalnych, ekologicznych produkt\u00f3w, w tym ryby z mazurskich jezior i g\u0119sin\u0119. Natural Hotel Eco&amp;Conference to miejsce \u0142\u0105cz\u0105ce profesjonalne konferencje i szkolenia z relaksem w otoczeniu natury.<\/p>\n\n\n\n<figure class=\"wp-block-image size-full\"><a href=\"https:\/\/www.mojekonferencje.pl\/blog\/wp-content\/uploads\/2025\/09\/projekt-bez-nazwy-960x580-1.webp\"><img loading=\"lazy\" decoding=\"async\" width=\"960\" height=\"580\" src=\"https:\/\/www.mojekonferencje.pl\/blog\/wp-content\/uploads\/2025\/09\/projekt-bez-nazwy-960x580-1.webp\" alt=\"\" class=\"wp-image-7892 lazyload\" data-srcset=\"https:\/\/www.mojekonferencje.pl\/blog\/wp-content\/uploads\/2025\/09\/projekt-bez-nazwy-960x580-1.webp 960w, https:\/\/www.mojekonferencje.pl\/blog\/wp-content\/uploads\/2025\/09\/projekt-bez-nazwy-960x580-1-300x181.webp 300w, https:\/\/www.mojekonferencje.pl\/blog\/wp-content\/uploads\/2025\/09\/projekt-bez-nazwy-960x580-1-768x464.webp 768w\" sizes=\"auto\" \/><\/a><\/figure>\n\n\n\n<h2 class=\"wp-block-heading has-text-align-center\"><a href=\"https:\/\/www.mojekonferencje.pl\/ostroda\/hotel-willa-port-conference-resort--spa\"><mark style=\"background-color:rgba(0, 0, 0, 0)\" class=\"has-inline-color has-vivid-purple-color\"><span style=\"text-decoration: underline;\">Willa Port<\/span><\/mark><\/a><\/h2>\n\n\n\n<p>Hotel Willa Port w Ostr\u00f3dzie po\u0142o\u017cony jest nad brzegiem malowniczego <strong>Jeziora Drw\u0119ckiego<\/strong>, w otoczeniu zielonych \u015bcie\u017cek spacerowych i rowerowych. Obiekt oferuje <strong>86 komfortowych pokoi<\/strong>, klimatyczne restauracje, luksusow\u0105 stref\u0119 SPA&amp;Wellness. Go\u015bcie mog\u0105 korzysta\u0107 z<strong> nowoczesnych sal konferencyjnych<\/strong>.<\/p>\n\n\n\n<p>Do dyspozycji go\u015bci biznesowych s\u0105 sale konferencyjne i szkoleniowe, w tym najwi\u0119ksza <strong>Sala A+B o powierzchni 233 mkw., mieszcz\u0105ca do 190 os\u00f3b<\/strong>. Wszystkie sale s\u0105 klimatyzowane i wyposa\u017cone w nowoczesny sprz\u0119t audiowizualny.<\/p>\n\n\n\n<p>Hotel oferuje tak\u017ce<strong> bogat\u0105 ofert\u0119 gastronomiczn\u0105<\/strong> \u2013 <strong>restauracje Aqua Marina i Trattoria La Riva<\/strong>, winiarni\u0119 Cantina La Riva oraz namiot w plenerze z widokiem na jezioro. Strefa SPA&amp;Wellness obejmuje <strong>basen solankowy z przeciwpr\u0105dami, sauny, jacuzzi i 6 gabinet\u00f3w zabiegowych<\/strong>. Go\u015bcie mog\u0105 korzysta\u0107 z szerokiego wachlarza aktywno\u015bci, w tym masa\u017cy, jogi, fitnessu czy aqua aerobiku.<\/p>\n\n\n\n<figure class=\"wp-block-image size-full\"><a href=\"https:\/\/www.mojekonferencje.pl\/blog\/wp-content\/uploads\/2025\/09\/579153484-960x580-1.webp\"><img loading=\"lazy\" decoding=\"async\" width=\"960\" height=\"580\" src=\"https:\/\/www.mojekonferencje.pl\/blog\/wp-content\/uploads\/2025\/09\/579153484-960x580-1.webp\" alt=\"\" class=\"wp-image-7893 lazyload\" data-srcset=\"https:\/\/www.mojekonferencje.pl\/blog\/wp-content\/uploads\/2025\/09\/579153484-960x580-1.webp 960w, https:\/\/www.mojekonferencje.pl\/blog\/wp-content\/uploads\/2025\/09\/579153484-960x580-1-300x181.webp 300w, https:\/\/www.mojekonferencje.pl\/blog\/wp-content\/uploads\/2025\/09\/579153484-960x580-1-768x464.webp 768w\" sizes=\"auto\" \/><\/a><\/figure>\n\n\n\n<h2 class=\"wp-block-heading has-text-align-center\"><a href=\"https:\/\/www.mojekonferencje.pl\/mragowo\/hotel-mragowo-resort-spa\"><mark style=\"background-color:rgba(0, 0, 0, 0)\" class=\"has-inline-color has-vivid-purple-color\"><span style=\"text-decoration: underline;\">Hotel Mr\u0105gowo Resort &amp; Spa<\/span><\/mark><\/a><\/h2>\n\n\n\n<p>Czterogwiazdkowy <strong>Hotel Mr\u0105gowo Resort &amp; SPA<\/strong> po\u0142o\u017cony jest nad brzegiem Jeziora Czos w sercu Mazur. Obiekt oferuje <strong>207 komfortowych pokoi i bungalow\u00f3w<\/strong>, stref\u0119 Spa &amp; Wellness z basenem, jacuzzi, saunami i bogatym wyborem zabieg\u00f3w. Dost\u0119pne s\u0105 tak\u017ce <strong>liczne atrakcje sportowe<\/strong> \u2013 od kort\u00f3w tenisowych, boisk i si\u0142owni, po mini golf, kr\u0119gielni\u0119 i pla\u017c\u0119 z pomostem.<\/p>\n\n\n\n<p>Hotel posiada <strong>900 m\u00b2 powierzchni konferencyjnej, sze\u015b\u0107 klimatyzowanych sal konferencyjnych i cztery sale szkoleniowe<\/strong> dla nawet 500 uczestnik\u00f3w.<\/p>\n\n\n\n<p>Go\u015bcie mog\u0105 korzysta\u0107 z<strong> restauracji Krutynia i Be\u0142dany<\/strong>, tarasu z widokiem na jezioro oraz lobby baru i bar\u00f3w przy pla\u017cy, idealnych na bankiety i imprezy plenerowe. <strong>Mr\u0105gowo Resort &amp; SPA<\/strong> to doskona\u0142e miejsce \u0142\u0105cz\u0105ce profesjonalne zaplecze konferencyjne z wypoczynkiem i aktywnym relaksem w mazurskiej scenerii.<\/p>\n\n\n\n<figure class=\"wp-block-image size-full\"><a href=\"https:\/\/www.mojekonferencje.pl\/blog\/wp-content\/uploads\/2025\/09\/hotel-glowne-960x580-1.webp\"><img loading=\"lazy\" decoding=\"async\" width=\"960\" height=\"580\" src=\"https:\/\/www.mojekonferencje.pl\/blog\/wp-content\/uploads\/2025\/09\/hotel-glowne-960x580-1.webp\" alt=\"\" class=\"wp-image-7894 lazyload\" data-srcset=\"https:\/\/www.mojekonferencje.pl\/blog\/wp-content\/uploads\/2025\/09\/hotel-glowne-960x580-1.webp 960w, https:\/\/www.mojekonferencje.pl\/blog\/wp-content\/uploads\/2025\/09\/hotel-glowne-960x580-1-300x181.webp 300w, https:\/\/www.mojekonferencje.pl\/blog\/wp-content\/uploads\/2025\/09\/hotel-glowne-960x580-1-768x464.webp 768w\" sizes=\"auto\" \/><\/a><\/figure>\n\n\n\n<h2 class=\"wp-block-heading has-text-align-center\"><a href=\"https:\/\/www.mojekonferencje.pl\/pluski\/hotel-warmia-park\"><mark style=\"background-color:rgba(0, 0, 0, 0)\" class=\"has-inline-color has-vivid-purple-color\"><span style=\"text-decoration: underline;\"> WARMIA PARK<\/span><\/mark><\/a><\/h2>\n\n\n\n<p>Hotel po\u0142o\u017cony jest mi\u0119dzy jeziorami Pluszne i \u0141a\u0144skie, w sercu Puszczy Napiwodzko-Ramuckiej. Warmia Park oferuje <strong>53 komfortowe pokoje i apartamenty<\/strong>, zapewniaj\u0105ce luksus i przytulny wypoczynek.<\/p>\n\n\n\n<p><br><strong>Restauracja serwuje dania kuchni regionalnej Warmii i Mazur,<\/strong> w tym ryby, dziczyzn\u0119 oraz opcje wegetaria\u0144skie i wega\u0144skie. Hotel posiada r\u00f3wnie\u017c trzy poziomy aquaparku z basenami, zje\u017cd\u017calniami, rw\u0105c\u0105 rzek\u0105, jacuzzi i saunami. Dost\u0119pna jest tak\u017ce strefa Medical SPA z zabiegami relaksacyjnymi.<\/p>\n\n\n\n<p><br>Na \u015bwie\u017cym powietrzu Go\u015bcie mog\u0105 korzysta\u0107 z boisk, sp\u0142yw\u00f3w kajakowych, regat, smoczych \u0142odzi, wypo\u017cyczalni sprz\u0119tu wodnego, quad\u00f3w, paintballu czy tras rowerowych. Hotel WARMIA PARK to doskona\u0142e miejsce na konferencje, szkolenia, eventy integracyjne oraz aktywny wypoczynek w mazurskiej scenerii.<\/p>\n\n\n\n<figure class=\"wp-block-image size-full\"><a href=\"https:\/\/www.mojekonferencje.pl\/blog\/wp-content\/uploads\/2025\/09\/dji-0025be-960x580-1.webp\"><img loading=\"lazy\" decoding=\"async\" width=\"960\" height=\"580\" src=\"https:\/\/www.mojekonferencje.pl\/blog\/wp-content\/uploads\/2025\/09\/dji-0025be-960x580-1.webp\" alt=\"\" class=\"wp-image-7895 lazyload\" data-srcset=\"https:\/\/www.mojekonferencje.pl\/blog\/wp-content\/uploads\/2025\/09\/dji-0025be-960x580-1.webp 960w, https:\/\/www.mojekonferencje.pl\/blog\/wp-content\/uploads\/2025\/09\/dji-0025be-960x580-1-300x181.webp 300w, https:\/\/www.mojekonferencje.pl\/blog\/wp-content\/uploads\/2025\/09\/dji-0025be-960x580-1-768x464.webp 768w\" sizes=\"auto\" \/><\/a><\/figure>\n\n\n\n<h2 class=\"wp-block-heading has-text-align-center\"><a href=\"https:\/\/www.mojekonferencje.pl\/mikolajki\/hotel-robert39s-port-zegluga-pasazerska-mikolajki\"><mark style=\"background-color:rgba(0, 0, 0, 0)\" class=\"has-inline-color has-vivid-purple-color\"><span style=\"text-decoration: underline;\">Hotel Robert&#8217;s Port Lake Resort &amp; SPA<\/span><\/mark><\/a><\/h2>\n\n\n\n<p>Jest to <strong>czterogwiazdkowy obiekt nad jeziorem Ta\u0142ty w Starych Sadach k. Miko\u0142ajek<\/strong>, po\u0142o\u017cony na Szlaku Wielkich Jezior Mazurskich z w\u0142asnym portem i flot\u0105 statk\u00f3w pasa\u017cerskich. <strong>Oferuje 159 klimatyzowanych pokoi i apartament\u00f3w<\/strong>, cz\u0119\u015b\u0107 przystosowan\u0105 dla os\u00f3b niepe\u0142nosprawnych, oraz restauracj\u0119 \u017beglarsk\u0105 serwuj\u0105c\u0105 lokalne specja\u0142y.<\/p>\n\n\n\n<p>Do dyspozycji Go\u015bci s\u0105 <strong>4 nowoczesne sale konferencyjne o \u0142\u0105cznej powierzchni 600 mkw.<\/strong> W hotelu mo\u017cna liczy\u0107 na <strong>atrakcje takie jak kryty basen, jacuzzi, sauny oraz SPA<\/strong>. Na miejscu dzia\u0142a klub nocny z kr\u0119gielni\u0105 i bilardem. Na terenie hotelu znajduje si\u0119 <strong>5 ha zielonego terenu z pla\u017c\u0105<\/strong>.<\/p>\n\n\n\n<p><strong>Robert\u2019s Port<\/strong> to idealne miejsce na konferencje, szkolenia, eventy firmowe oraz wypoczynek w mazurskiej scenerii.<\/p>\n\n\n\n<figure class=\"wp-block-image size-full\"><a href=\"https:\/\/www.mojekonferencje.pl\/blog\/wp-content\/uploads\/2025\/09\/484793817-1040478201461897-474742147047040022-n-960x580-1.webp\"><img loading=\"lazy\" decoding=\"async\" width=\"960\" height=\"580\" src=\"https:\/\/www.mojekonferencje.pl\/blog\/wp-content\/uploads\/2025\/09\/484793817-1040478201461897-474742147047040022-n-960x580-1.webp\" alt=\"\" class=\"wp-image-7896 lazyload\" data-srcset=\"https:\/\/www.mojekonferencje.pl\/blog\/wp-content\/uploads\/2025\/09\/484793817-1040478201461897-474742147047040022-n-960x580-1.webp 960w, https:\/\/www.mojekonferencje.pl\/blog\/wp-content\/uploads\/2025\/09\/484793817-1040478201461897-474742147047040022-n-960x580-1-300x181.webp 300w, https:\/\/www.mojekonferencje.pl\/blog\/wp-content\/uploads\/2025\/09\/484793817-1040478201461897-474742147047040022-n-960x580-1-768x464.webp 768w\" sizes=\"auto\" \/><\/a><\/figure>\n\n\n\n<h2 class=\"wp-block-heading has-text-align-center\"><a href=\"https:\/\/www.mojekonferencje.pl\/dadaj\/hotel-star-dadaj\"><mark style=\"background-color:rgba(0, 0, 0, 0)\" class=\"has-inline-color has-vivid-purple-color\"><span style=\"text-decoration: underline;\">Hotel Star Dadaj Resort &amp; Spa na Mazurach<\/span><\/mark><\/a><\/h2>\n\n\n\n<p><strong>Hotel Star-Dadaj Resort &amp; SPA<\/strong> po\u0142o\u017cony jest nad jeziorem Dadaj, 30 km od Olsztyna, w sercu Warmii i Mazur. Obiekt oferuje <strong>250 miejsc noclegowych w pokojach<\/strong>, domkach letniskowych i bungalowach. Na go\u015bci biznesowych czeka <strong>pi\u0119\u0107 w pe\u0142ni wyposa\u017conych sal konferencyjnych dla 60\u2013200 os\u00f3b<\/strong>.<\/p>\n\n\n\n<p>Go\u015bcie mog\u0105 korzysta\u0107 z 25-metrowego basenu, saun, jacuzzi, hali sportowej, kort\u00f3w tenisowych, boisk, wypo\u017cyczalni sprz\u0119tu wodnego. Nas miejscu jest tak\u017ce klub nocny z bilardem. <strong>Restauracje<\/strong> serwuj\u0105 dania kuchni warmi\u0144skiej i menu fusion, a Centrum SPA oferuje zabiegi piel\u0119gnacyjne i relaksacyjne.<\/p>\n\n\n\n<p><strong>Hotel Star-Dadaj<\/strong> to idealne miejsce na konferencje, integracje firmowe i wypoczynek w malowniczej okolicy.<\/p>\n\n\n\n<figure class=\"wp-block-image size-full\"><a href=\"https:\/\/www.mojekonferencje.pl\/blog\/wp-content\/uploads\/2025\/09\/01-clouds-kopia-resize-960x580-1.webp\"><img loading=\"lazy\" decoding=\"async\" width=\"960\" height=\"580\" src=\"https:\/\/www.mojekonferencje.pl\/blog\/wp-content\/uploads\/2025\/09\/01-clouds-kopia-resize-960x580-1.webp\" alt=\"\" class=\"wp-image-7897 lazyload\" data-srcset=\"https:\/\/www.mojekonferencje.pl\/blog\/wp-content\/uploads\/2025\/09\/01-clouds-kopia-resize-960x580-1.webp 960w, https:\/\/www.mojekonferencje.pl\/blog\/wp-content\/uploads\/2025\/09\/01-clouds-kopia-resize-960x580-1-300x181.webp 300w, https:\/\/www.mojekonferencje.pl\/blog\/wp-content\/uploads\/2025\/09\/01-clouds-kopia-resize-960x580-1-768x464.webp 768w\" sizes=\"auto\" \/><\/a><\/figure>\n\n\n\n<h2 class=\"wp-block-heading has-text-align-center\"><a href=\"https:\/\/www.mojekonferencje.pl\/wegorzewo\/hotel-ognisty-ptak\"><mark style=\"background-color:rgba(0, 0, 0, 0)\" class=\"has-inline-color has-vivid-purple-color\"><span style=\"text-decoration: underline;\">Hotel Ognisty Ptak<\/span><\/mark><\/a><\/h2>\n\n\n\n<p>To <strong>3-gwiazdkowy obiekt nad jeziorem \u015awiecajty w Ogonkach<\/strong>, niedaleko Gi\u017cycka.Hotel Ognisty Ptak oferuje komfortowe pokoje, restauracj\u0119 z kuchni\u0105 regionaln\u0105 i europejsk\u0105, stref\u0119 SPA z zabiegami relaksacyjnymi, basen, si\u0142owni\u0119 oraz atrakcje na \u015bwie\u017cym powietrzu, m.in. kajaki, rowery i jazd\u0119 konn\u0105.<\/p>\n\n\n\n<p>Hotel dysponuje<strong> 6 nowoczesnymi salami konferencyjnymi, w tym Sal\u0105 \u017beglarsk\u0105 (220 m\u00b2) dla 160 os\u00f3b<\/strong>. Mo\u017cliwe s\u0105 przerwy kawowe, lunch i kolacje biznesowe.<\/p>\n\n\n\n<p>Dodatkowo <strong>go\u015bcie mog\u0105 korzysta\u0107 z Tawerny Karaka<\/strong>, sali zabaw dla dzieci i placu zabaw w ogrodzie. Ognisty Ptak \u0142\u0105czy komfortowy wypoczynek, aktywno\u015bci sportowe i wodne z organizacj\u0105 konferencji i event\u00f3w biznesowych w mazurskiej scenerii.<\/p>\n\n\n\n<figure class=\"wp-block-image size-full\"><a href=\"https:\/\/www.mojekonferencje.pl\/blog\/wp-content\/uploads\/2025\/09\/1zdjecie-z-lotu-ptaka-960x580-1.webp\"><img loading=\"lazy\" decoding=\"async\" width=\"960\" height=\"580\" src=\"https:\/\/www.mojekonferencje.pl\/blog\/wp-content\/uploads\/2025\/09\/1zdjecie-z-lotu-ptaka-960x580-1.webp\" alt=\"\" class=\"wp-image-7898 lazyload\" data-srcset=\"https:\/\/www.mojekonferencje.pl\/blog\/wp-content\/uploads\/2025\/09\/1zdjecie-z-lotu-ptaka-960x580-1.webp 960w, https:\/\/www.mojekonferencje.pl\/blog\/wp-content\/uploads\/2025\/09\/1zdjecie-z-lotu-ptaka-960x580-1-300x181.webp 300w, https:\/\/www.mojekonferencje.pl\/blog\/wp-content\/uploads\/2025\/09\/1zdjecie-z-lotu-ptaka-960x580-1-768x464.webp 768w\" sizes=\"auto\" \/><\/a><\/figure>\n\n\n\n<p>Mazury to \u015bwietne miejsce na konferencj\u0119 \u2013 pe\u0142no tu hoteli i resort\u00f3w, kt\u00f3re \u0142\u0105cz\u0105 nowoczesne zaplecze z wygod\u0105 i pi\u0119knymi widokami. Idealna opcja, \u017ceby po\u0142\u0105czy\u0107 prac\u0119 z odpoczynkiem.<\/p>\n","protected":false},"excerpt":{"rendered":"<p>Konferencja nad jeziorem to po\u0142\u0105czenie pracy i relaksu. Mazury oferuj\u0105 idealne warunki do spotka\u0144 biznesowych, a po obradach \u2013 rejs, spa czy odpoczynek nad wod\u0105.<\/p>\n","protected":false},"author":21,"featured_media":7902,"comment_status":"closed","ping_status":"closed","sticky":false,"template":"","format":"standard","meta":{"_acf_changed":false,"footnotes":""},"categories":[175],"tags":[423,354,13,20,424],"class_list":["post-7888","post","type-post","status-publish","format-standard","has-post-thumbnail","hentry","category-wybieranie-miejsca-konferencyjnego","tag-obiekty-na-mazurach","tag-organizacja-wydarzen","tag-sale-konferencjne","tag-spotkania-biznesowe","tag-woj-warminsko-mazurskie"],"acf":[],"yoast_head":"<!-- This site is optimized with the Yoast SEO plugin v27.1.1 - https:\/\/yoast.com\/product\/yoast-seo-wordpress\/ -->\n<title>Gdzie zorganizowa\u0107 konferencj\u0119 nad jeziorem? Najpi\u0119kniejsze obiekty na Mazurach - blog | MojeKonferencje.pl<\/title>\n<meta name=\"description\" content=\"Gdzie zorganizowa\u0107 konferencj\u0119 nad jeziorem? Najpi\u0119kniejsze obiekty na Mazurach - blog | MojeKonferencje.pl\" \/>\n<meta name=\"robots\" content=\"index, follow, max-snippet:-1, max-image-preview:large, max-video-preview:-1\" \/>\n<link rel=\"canonical\" href=\"https:\/\/www.mojekonferencje.pl\/blog\/gdzie-zorganizowac-konferencje-nad-jeziorem-najpiekniejsze-obiekty-na-mazurach\/\" \/>\n<meta property=\"og:locale\" content=\"pl_PL\" \/>\n<meta property=\"og:type\" content=\"article\" \/>\n<meta property=\"og:title\" content=\"Gdzie zorganizowa\u0107 konferencj\u0119 nad jeziorem? Najpi\u0119kniejsze obiekty na Mazurach - blog | MojeKonferencje.pl\" \/>\n<meta property=\"og:description\" content=\"Gdzie zorganizowa\u0107 konferencj\u0119 nad jeziorem? Najpi\u0119kniejsze obiekty na Mazurach - blog | MojeKonferencje.pl\" \/>\n<meta property=\"og:url\" content=\"https:\/\/www.mojekonferencje.pl\/blog\/gdzie-zorganizowac-konferencje-nad-jeziorem-najpiekniejsze-obiekty-na-mazurach\/\" \/>\n<meta property=\"og:site_name\" content=\"MojeKonferencje.pl\" \/>\n<meta property=\"article:published_time\" content=\"2025-09-05T07:00:00+00:00\" \/>\n<meta property=\"article:modified_time\" content=\"2025-09-11T07:09:43+00:00\" \/>\n<meta property=\"og:image\" content=\"https:\/\/www.mojekonferencje.pl\/blog\/wp-content\/uploads\/2025\/09\/Fotoram.io-84.jpg\" \/>\n\t<meta property=\"og:image:width\" content=\"1200\" \/>\n\t<meta property=\"og:image:height\" content=\"708\" \/>\n\t<meta property=\"og:image:type\" content=\"image\/jpeg\" \/>\n<meta name=\"author\" content=\"Julia Gadomska\" \/>\n<meta name=\"twitter:card\" content=\"summary_large_image\" \/>\n<meta name=\"twitter:label1\" content=\"Napisane przez\" \/>\n\t<meta name=\"twitter:data1\" content=\"Julia Gadomska\" \/>\n\t<meta name=\"twitter:label2\" content=\"Szacowany czas czytania\" \/>\n\t<meta name=\"twitter:data2\" content=\"10 minut\" \/>\n<script type=\"application\/ld+json\" class=\"yoast-schema-graph\">{\"@context\":\"https:\/\/schema.org\",\"@graph\":[{\"@type\":\"Article\",\"@id\":\"https:\/\/www.mojekonferencje.pl\/blog\/gdzie-zorganizowac-konferencje-nad-jeziorem-najpiekniejsze-obiekty-na-mazurach\/#article\",\"isPartOf\":{\"@id\":\"https:\/\/www.mojekonferencje.pl\/blog\/gdzie-zorganizowac-konferencje-nad-jeziorem-najpiekniejsze-obiekty-na-mazurach\/\"},\"author\":{\"name\":\"Julia Gadomska\",\"@id\":\"https:\/\/www.mojekonferencje.pl\/blog\/#\/schema\/person\/7d6985dc3741882ea12e03b1c3997043\"},\"headline\":\"Gdzie zorganizowa\u0107 konferencj\u0119 nad jeziorem? Najpi\u0119kniejsze obiekty na Mazurach\",\"datePublished\":\"2025-09-05T07:00:00+00:00\",\"dateModified\":\"2025-09-11T07:09:43+00:00\",\"mainEntityOfPage\":{\"@id\":\"https:\/\/www.mojekonferencje.pl\/blog\/gdzie-zorganizowac-konferencje-nad-jeziorem-najpiekniejsze-obiekty-na-mazurach\/\"},\"wordCount\":1412,\"image\":{\"@id\":\"https:\/\/www.mojekonferencje.pl\/blog\/gdzie-zorganizowac-konferencje-nad-jeziorem-najpiekniejsze-obiekty-na-mazurach\/#primaryimage\"},\"thumbnailUrl\":\"https:\/\/www.mojekonferencje.pl\/blog\/wp-content\/uploads\/2025\/09\/Fotoram.io-84.jpg\",\"keywords\":[\"obiekty na Mazurach\",\"organizacja wydarze\u0144\",\"sale konferencjne\",\"spotkania biznesowe\",\"woj. warmi\u0144sko-mazurskie\"],\"articleSection\":[\"Wybieranie miejsca konferencyjnego\"],\"inLanguage\":\"pl-PL\"},{\"@type\":\"WebPage\",\"@id\":\"https:\/\/www.mojekonferencje.pl\/blog\/gdzie-zorganizowac-konferencje-nad-jeziorem-najpiekniejsze-obiekty-na-mazurach\/\",\"url\":\"https:\/\/www.mojekonferencje.pl\/blog\/gdzie-zorganizowac-konferencje-nad-jeziorem-najpiekniejsze-obiekty-na-mazurach\/\",\"name\":\"Gdzie zorganizowa\u0107 konferencj\u0119 nad jeziorem? Najpi\u0119kniejsze obiekty na Mazurach - blog | MojeKonferencje.pl\",\"isPartOf\":{\"@id\":\"https:\/\/www.mojekonferencje.pl\/blog\/#website\"},\"primaryImageOfPage\":{\"@id\":\"https:\/\/www.mojekonferencje.pl\/blog\/gdzie-zorganizowac-konferencje-nad-jeziorem-najpiekniejsze-obiekty-na-mazurach\/#primaryimage\"},\"image\":{\"@id\":\"https:\/\/www.mojekonferencje.pl\/blog\/gdzie-zorganizowac-konferencje-nad-jeziorem-najpiekniejsze-obiekty-na-mazurach\/#primaryimage\"},\"thumbnailUrl\":\"https:\/\/www.mojekonferencje.pl\/blog\/wp-content\/uploads\/2025\/09\/Fotoram.io-84.jpg\",\"datePublished\":\"2025-09-05T07:00:00+00:00\",\"dateModified\":\"2025-09-11T07:09:43+00:00\",\"author\":{\"@id\":\"https:\/\/www.mojekonferencje.pl\/blog\/#\/schema\/person\/7d6985dc3741882ea12e03b1c3997043\"},\"description\":\"Gdzie zorganizowa\u0107 konferencj\u0119 nad jeziorem? Najpi\u0119kniejsze obiekty na Mazurach - blog | MojeKonferencje.pl\",\"breadcrumb\":{\"@id\":\"https:\/\/www.mojekonferencje.pl\/blog\/gdzie-zorganizowac-konferencje-nad-jeziorem-najpiekniejsze-obiekty-na-mazurach\/#breadcrumb\"},\"inLanguage\":\"pl-PL\",\"potentialAction\":[{\"@type\":\"ReadAction\",\"target\":[\"https:\/\/www.mojekonferencje.pl\/blog\/gdzie-zorganizowac-konferencje-nad-jeziorem-najpiekniejsze-obiekty-na-mazurach\/\"]}]},{\"@type\":\"ImageObject\",\"inLanguage\":\"pl-PL\",\"@id\":\"https:\/\/www.mojekonferencje.pl\/blog\/gdzie-zorganizowac-konferencje-nad-jeziorem-najpiekniejsze-obiekty-na-mazurach\/#primaryimage\",\"url\":\"https:\/\/www.mojekonferencje.pl\/blog\/wp-content\/uploads\/2025\/09\/Fotoram.io-84.jpg\",\"contentUrl\":\"https:\/\/www.mojekonferencje.pl\/blog\/wp-content\/uploads\/2025\/09\/Fotoram.io-84.jpg\",\"width\":1200,\"height\":708,\"caption\":\"Najpi\u0119kniejsze obiekty na Mazurach\"},{\"@type\":\"BreadcrumbList\",\"@id\":\"https:\/\/www.mojekonferencje.pl\/blog\/gdzie-zorganizowac-konferencje-nad-jeziorem-najpiekniejsze-obiekty-na-mazurach\/#breadcrumb\",\"itemListElement\":[{\"@type\":\"ListItem\",\"position\":1,\"name\":\"Strona g\u0142\u00f3wna\",\"item\":\"https:\/\/www.mojekonferencje.pl\/blog\/\"},{\"@type\":\"ListItem\",\"position\":2,\"name\":\"Gdzie zorganizowa\u0107 konferencj\u0119 nad jeziorem? Najpi\u0119kniejsze obiekty na Mazurach\"}]},{\"@type\":\"WebSite\",\"@id\":\"https:\/\/www.mojekonferencje.pl\/blog\/#website\",\"url\":\"https:\/\/www.mojekonferencje.pl\/blog\/\",\"name\":\"MojeKonferencje.pl\",\"description\":\"Blog bran\u017cy szkoleniowo-konferencyjnej. W\u0142\u0105cz si\u0119 do dyskusji o obiektach konferencyjnych i nowo\u015bciach z bran\u017cy! Poznaj porady odno\u015bnie organizacji konferencji, szkole\u0144 i event\u00f3w firmowych! Zach\u0119camy do wyra\u017cania opinii oraz komentarzy.\",\"potentialAction\":[{\"@type\":\"SearchAction\",\"target\":{\"@type\":\"EntryPoint\",\"urlTemplate\":\"https:\/\/www.mojekonferencje.pl\/blog\/?s={search_term_string}\"},\"query-input\":{\"@type\":\"PropertyValueSpecification\",\"valueRequired\":true,\"valueName\":\"search_term_string\"}}],\"inLanguage\":\"pl-PL\"},{\"@type\":\"Person\",\"@id\":\"https:\/\/www.mojekonferencje.pl\/blog\/#\/schema\/person\/7d6985dc3741882ea12e03b1c3997043\",\"name\":\"Julia Gadomska\",\"url\":\"https:\/\/www.mojekonferencje.pl\/blog\/author\/julia-gadomska\/\"}]}<\/script>\n<!-- \/ Yoast SEO plugin. -->","yoast_head_json":{"title":"Gdzie zorganizowa\u0107 konferencj\u0119 nad jeziorem? Najpi\u0119kniejsze obiekty na Mazurach - blog | MojeKonferencje.pl","description":"Gdzie zorganizowa\u0107 konferencj\u0119 nad jeziorem? Najpi\u0119kniejsze obiekty na Mazurach - blog | MojeKonferencje.pl","robots":{"index":"index","follow":"follow","max-snippet":"max-snippet:-1","max-image-preview":"max-image-preview:large","max-video-preview":"max-video-preview:-1"},"canonical":"https:\/\/www.mojekonferencje.pl\/blog\/gdzie-zorganizowac-konferencje-nad-jeziorem-najpiekniejsze-obiekty-na-mazurach\/","og_locale":"pl_PL","og_type":"article","og_title":"Gdzie zorganizowa\u0107 konferencj\u0119 nad jeziorem? Najpi\u0119kniejsze obiekty na Mazurach - blog | MojeKonferencje.pl","og_description":"Gdzie zorganizowa\u0107 konferencj\u0119 nad jeziorem? Najpi\u0119kniejsze obiekty na Mazurach - blog | MojeKonferencje.pl","og_url":"https:\/\/www.mojekonferencje.pl\/blog\/gdzie-zorganizowac-konferencje-nad-jeziorem-najpiekniejsze-obiekty-na-mazurach\/","og_site_name":"MojeKonferencje.pl","article_published_time":"2025-09-05T07:00:00+00:00","article_modified_time":"2025-09-11T07:09:43+00:00","og_image":[{"width":1200,"height":708,"url":"https:\/\/www.mojekonferencje.pl\/blog\/wp-content\/uploads\/2025\/09\/Fotoram.io-84.jpg","type":"image\/jpeg"}],"author":"Julia Gadomska","twitter_card":"summary_large_image","twitter_misc":{"Napisane przez":"Julia Gadomska","Szacowany czas czytania":"10 minut"},"schema":{"@context":"https:\/\/schema.org","@graph":[{"@type":"Article","@id":"https:\/\/www.mojekonferencje.pl\/blog\/gdzie-zorganizowac-konferencje-nad-jeziorem-najpiekniejsze-obiekty-na-mazurach\/#article","isPartOf":{"@id":"https:\/\/www.mojekonferencje.pl\/blog\/gdzie-zorganizowac-konferencje-nad-jeziorem-najpiekniejsze-obiekty-na-mazurach\/"},"author":{"name":"Julia Gadomska","@id":"https:\/\/www.mojekonferencje.pl\/blog\/#\/schema\/person\/7d6985dc3741882ea12e03b1c3997043"},"headline":"Gdzie zorganizowa\u0107 konferencj\u0119 nad jeziorem? Najpi\u0119kniejsze obiekty na Mazurach","datePublished":"2025-09-05T07:00:00+00:00","dateModified":"2025-09-11T07:09:43+00:00","mainEntityOfPage":{"@id":"https:\/\/www.mojekonferencje.pl\/blog\/gdzie-zorganizowac-konferencje-nad-jeziorem-najpiekniejsze-obiekty-na-mazurach\/"},"wordCount":1412,"image":{"@id":"https:\/\/www.mojekonferencje.pl\/blog\/gdzie-zorganizowac-konferencje-nad-jeziorem-najpiekniejsze-obiekty-na-mazurach\/#primaryimage"},"thumbnailUrl":"https:\/\/www.mojekonferencje.pl\/blog\/wp-content\/uploads\/2025\/09\/Fotoram.io-84.jpg","keywords":["obiekty na Mazurach","organizacja wydarze\u0144","sale konferencjne","spotkania biznesowe","woj. warmi\u0144sko-mazurskie"],"articleSection":["Wybieranie miejsca konferencyjnego"],"inLanguage":"pl-PL"},{"@type":"WebPage","@id":"https:\/\/www.mojekonferencje.pl\/blog\/gdzie-zorganizowac-konferencje-nad-jeziorem-najpiekniejsze-obiekty-na-mazurach\/","url":"https:\/\/www.mojekonferencje.pl\/blog\/gdzie-zorganizowac-konferencje-nad-jeziorem-najpiekniejsze-obiekty-na-mazurach\/","name":"Gdzie zorganizowa\u0107 konferencj\u0119 nad jeziorem? Najpi\u0119kniejsze obiekty na Mazurach - blog | MojeKonferencje.pl","isPartOf":{"@id":"https:\/\/www.mojekonferencje.pl\/blog\/#website"},"primaryImageOfPage":{"@id":"https:\/\/www.mojekonferencje.pl\/blog\/gdzie-zorganizowac-konferencje-nad-jeziorem-najpiekniejsze-obiekty-na-mazurach\/#primaryimage"},"image":{"@id":"https:\/\/www.mojekonferencje.pl\/blog\/gdzie-zorganizowac-konferencje-nad-jeziorem-najpiekniejsze-obiekty-na-mazurach\/#primaryimage"},"thumbnailUrl":"https:\/\/www.mojekonferencje.pl\/blog\/wp-content\/uploads\/2025\/09\/Fotoram.io-84.jpg","datePublished":"2025-09-05T07:00:00+00:00","dateModified":"2025-09-11T07:09:43+00:00","author":{"@id":"https:\/\/www.mojekonferencje.pl\/blog\/#\/schema\/person\/7d6985dc3741882ea12e03b1c3997043"},"description":"Gdzie zorganizowa\u0107 konferencj\u0119 nad jeziorem? Najpi\u0119kniejsze obiekty na Mazurach - blog | MojeKonferencje.pl","breadcrumb":{"@id":"https:\/\/www.mojekonferencje.pl\/blog\/gdzie-zorganizowac-konferencje-nad-jeziorem-najpiekniejsze-obiekty-na-mazurach\/#breadcrumb"},"inLanguage":"pl-PL","potentialAction":[{"@type":"ReadAction","target":["https:\/\/www.mojekonferencje.pl\/blog\/gdzie-zorganizowac-konferencje-nad-jeziorem-najpiekniejsze-obiekty-na-mazurach\/"]}]},{"@type":"ImageObject","inLanguage":"pl-PL","@id":"https:\/\/www.mojekonferencje.pl\/blog\/gdzie-zorganizowac-konferencje-nad-jeziorem-najpiekniejsze-obiekty-na-mazurach\/#primaryimage","url":"https:\/\/www.mojekonferencje.pl\/blog\/wp-content\/uploads\/2025\/09\/Fotoram.io-84.jpg","contentUrl":"https:\/\/www.mojekonferencje.pl\/blog\/wp-content\/uploads\/2025\/09\/Fotoram.io-84.jpg","width":1200,"height":708,"caption":"Najpi\u0119kniejsze obiekty na Mazurach"},{"@type":"BreadcrumbList","@id":"https:\/\/www.mojekonferencje.pl\/blog\/gdzie-zorganizowac-konferencje-nad-jeziorem-najpiekniejsze-obiekty-na-mazurach\/#breadcrumb","itemListElement":[{"@type":"ListItem","position":1,"name":"Strona g\u0142\u00f3wna","item":"https:\/\/www.mojekonferencje.pl\/blog\/"},{"@type":"ListItem","position":2,"name":"Gdzie zorganizowa\u0107 konferencj\u0119 nad jeziorem? Najpi\u0119kniejsze obiekty na Mazurach"}]},{"@type":"WebSite","@id":"https:\/\/www.mojekonferencje.pl\/blog\/#website","url":"https:\/\/www.mojekonferencje.pl\/blog\/","name":"MojeKonferencje.pl","description":"Blog bran\u017cy szkoleniowo-konferencyjnej. W\u0142\u0105cz si\u0119 do dyskusji o obiektach konferencyjnych i nowo\u015bciach z bran\u017cy! Poznaj porady odno\u015bnie organizacji konferencji, szkole\u0144 i event\u00f3w firmowych! Zach\u0119camy do wyra\u017cania opinii oraz komentarzy.","potentialAction":[{"@type":"SearchAction","target":{"@type":"EntryPoint","urlTemplate":"https:\/\/www.mojekonferencje.pl\/blog\/?s={search_term_string}"},"query-input":{"@type":"PropertyValueSpecification","valueRequired":true,"valueName":"search_term_string"}}],"inLanguage":"pl-PL"},{"@type":"Person","@id":"https:\/\/www.mojekonferencje.pl\/blog\/#\/schema\/person\/7d6985dc3741882ea12e03b1c3997043","name":"Julia Gadomska","url":"https:\/\/www.mojekonferencje.pl\/blog\/author\/julia-gadomska\/"}]}},"_links":{"self":[{"href":"https:\/\/www.mojekonferencje.pl\/blog\/wp-json\/wp\/v2\/posts\/7888","targetHints":{"allow":["GET"]}}],"collection":[{"href":"https:\/\/www.mojekonferencje.pl\/blog\/wp-json\/wp\/v2\/posts"}],"about":[{"href":"https:\/\/www.mojekonferencje.pl\/blog\/wp-json\/wp\/v2\/types\/post"}],"author":[{"embeddable":true,"href":"https:\/\/www.mojekonferencje.pl\/blog\/wp-json\/wp\/v2\/users\/21"}],"replies":[{"embeddable":true,"href":"https:\/\/www.mojekonferencje.pl\/blog\/wp-json\/wp\/v2\/comments?post=7888"}],"version-history":[{"count":5,"href":"https:\/\/www.mojekonferencje.pl\/blog\/wp-json\/wp\/v2\/posts\/7888\/revisions"}],"predecessor-version":[{"id":7921,"href":"https:\/\/www.mojekonferencje.pl\/blog\/wp-json\/wp\/v2\/posts\/7888\/revisions\/7921"}],"wp:featuredmedia":[{"embeddable":true,"href":"https:\/\/www.mojekonferencje.pl\/blog\/wp-json\/wp\/v2\/media\/7902"}],"wp:attachment":[{"href":"https:\/\/www.mojekonferencje.pl\/blog\/wp-json\/wp\/v2\/media?parent=7888"}],"wp:term":[{"taxonomy":"category","embeddable":true,"href":"https:\/\/www.mojekonferencje.pl\/blog\/wp-json\/wp\/v2\/categories?post=7888"},{"taxonomy":"post_tag","embeddable":true,"href":"https:\/\/www.mojekonferencje.pl\/blog\/wp-json\/wp\/v2\/tags?post=7888"}],"curies":[{"name":"wp","href":"https:\/\/api.w.org\/{rel}","templated":true}]}}