{"id":7907,"date":"2025-09-10T09:00:00","date_gmt":"2025-09-10T07:00:00","guid":{"rendered":"https:\/\/www.mojekonferencje.pl\/blog\/?p=7907"},"modified":"2025-09-08T12:44:31","modified_gmt":"2025-09-08T10:44:31","slug":"sale-z-widokiem-na-plaze-wyjatkowe-miejsca-na-eventy-firmowe-na-pomorzu","status":"publish","type":"post","link":"https:\/\/www.mojekonferencje.pl\/blog\/sale-z-widokiem-na-plaze-wyjatkowe-miejsca-na-eventy-firmowe-na-pomorzu\/","title":{"rendered":"Sale z widokiem na pla\u017c\u0119 \u2013 wyj\u0105tkowe miejsca na eventy firmowe na Pomorzu"},"content":{"rendered":"\n<p>Organizacja spotkania biznesowego nad morzem to gwarancja niezapomnianych wra\u017ce\u0144 i wyj\u0105tkowej atmosfery. Nic tak nie podnosi presti\u017cu wydarzenia jak eleganckie sale z widokiem na pla\u017c\u0119 i Morze Ba\u0142tyckie.  Pomorze od lat przyci\u0105ga firmy poszukuj\u0105ce inspiruj\u0105cych przestrzeni na szkolenia, konferencje czy eventy integracyjne. Szum fal, blisko\u015b\u0107 pla\u017cy i panoramiczne widoki sprawiaj\u0105, \u017ce ka\u017cde spotkanie nabiera tu zupe\u0142nie nowego wymiaru. <\/p>\n\n\n\n<p>Sprawd\u017a <a href=\"https:\/\/www.mojekonferencje.pl\/konferencje-pomorskie\">sale z widokiem na pla\u017ce <\/a>na Pomorzu, kt\u00f3re polecamy na wyjazd firmowy. <\/p>\n\n\n\n<figure class=\"wp-block-table\"><table class=\"has-fixed-layout\"><tbody><tr><td><a href=\"https:\/\/www.mojekonferencje.pl\/wladyslawowo\/hotel-gwiazda-morza-wladyslawowo\">Gwiazda Morza Resort SPA&amp;SPORT<\/a><\/td><td><a href=\"https:\/\/www.mojekonferencje.pl\/chalupy\/hotel-meridian-\">Hotel Meridian<\/a><\/td><\/tr><tr><td><a href=\"https:\/\/www.mojekonferencje.pl\/sopot\/sheraton-sopot-hotel\">Sheraton Sopot Hotel<\/a><\/td><td><a href=\"https:\/\/www.mojekonferencje.pl\/jastrzebia-gora\/hotel-restauracja-faleza\">Hotel Restauracja Faleza<\/a><\/td><\/tr><tr><td><a href=\"https:\/\/www.mojekonferencje.pl\/gdynia\/hotel-mercure-gdynia-centrum\">Hotel Mercure Gdynia Centrum<\/a><\/td><td><a href=\"https:\/\/www.mojekonferencje.pl\/gdansk\/stara-wedzarnia\">Kurort Stara W\u0119dzarnia<\/a><\/td><\/tr><tr><td><a href=\"https:\/\/www.mojekonferencje.pl\/sopot\/hotel-sopot\">Hotel Sopot<\/a><\/td><td><a href=\"https:\/\/www.mojekonferencje.pl\/sopot\/hotel-zhong-hua-sopot\">Hotel Zhong Hua Sopot<\/a><\/td><\/tr><\/tbody><\/table><\/figure>\n\n\n\n<h2 class=\"wp-block-heading has-text-align-center\"><a href=\"https:\/\/www.mojekonferencje.pl\/wladyslawowo\/hotel-gwiazda-morza-wladyslawowo\"><mark style=\"background-color:rgba(0, 0, 0, 0)\" class=\"has-inline-color has-vivid-purple-color\"><span style=\"text-decoration: underline;\">Gwiazda Morza Resort SPA&amp;SPORT<\/span><\/mark><\/a><\/h2>\n\n\n\n<p class=\"has-text-align-left\">Po\u0142o\u017cony tu\u017c przy samej pla\u017cy <strong>Gwiazda Morza Resort SPA&amp;SPORT<\/strong> to presti\u017cowy obiekt idealny na konferencje i eventy firmowe nad Ba\u0142tykiem. Resort oferuje <strong>500 m\u00b2 nowoczesnej przestrzeni konferencyjno-bankietowej<\/strong>, obejmuj\u0105cej <strong>sze\u015b\u0107 sal z widokiem na morze<\/strong>, mog\u0105cych pomie\u015bci\u0107 do 200 uczestnik\u00f3w.<\/p>\n\n\n\n<p class=\"has-text-align-left\">Go\u015bcie maj\u0105 do dyspozycji <strong>komfortowe pokoje i apartamenty<\/strong> inspirowane motywami SEA i FOREST, cztery baseny (w tym wyj\u0105tkowy basen infinity na dachu), Instytut SPA, saunarium, si\u0142owni\u0119 oraz \u015bciank\u0119 wspinaczkow\u0105. Dla dzieci przygotowano sal\u0119 zabaw \u201ePodwodny \u015awiat\u201d.<\/p>\n\n\n\n<p class=\"has-text-align-left\">Resort wyr\u00f3\u017cnia si\u0119 tak\u017ce <strong>bogat\u0105 ofert\u0105 gastronomiczn\u0105<\/strong> \u2013 od restauracji bufetowej N54, przez restauracj\u0119 H12 z daniami rybnymi, po sezonowe Sky Bar i Forest Bar. Gwiazda Morza Resort SPA&amp;SPORT to jedno z najlepszych miejsc na Pomorzu do organizacji event\u00f3w firmowych na Pomorzu.<\/p>\n\n\n\n<figure class=\"wp-block-gallery has-nested-images columns-default is-cropped wp-block-gallery-1 is-layout-flex wp-block-gallery-is-layout-flex\">\n<figure class=\"wp-block-image size-full\"><a href=\"https:\/\/www.mojekonferencje.pl\/blog\/wp-content\/uploads\/2025\/09\/exterior-960x580-1.webp\"><img loading=\"lazy\" decoding=\"async\" width=\"960\" height=\"580\" data-id=\"7908\" src=\"https:\/\/www.mojekonferencje.pl\/blog\/wp-content\/uploads\/2025\/09\/exterior-960x580-1.webp\" alt=\"\" class=\"wp-image-7908 lazyload\" data-srcset=\"https:\/\/www.mojekonferencje.pl\/blog\/wp-content\/uploads\/2025\/09\/exterior-960x580-1.webp 960w, https:\/\/www.mojekonferencje.pl\/blog\/wp-content\/uploads\/2025\/09\/exterior-960x580-1-300x181.webp 300w, https:\/\/www.mojekonferencje.pl\/blog\/wp-content\/uploads\/2025\/09\/exterior-960x580-1-768x464.webp 768w\" sizes=\"auto\" \/><\/a><\/figure>\n<\/figure>\n\n\n\n<h2 class=\"wp-block-heading has-text-align-center\"><a href=\"https:\/\/www.mojekonferencje.pl\/chalupy\/hotel-meridian-\"><mark style=\"background-color:rgba(0, 0, 0, 0)\" class=\"has-inline-color has-vivid-purple-color\"><span style=\"text-decoration: underline;\">Hotel Meridian<\/span><\/mark><\/a><\/h2>\n\n\n\n<p>Jest to elegancki obiekt po\u0142o\u017cony bezpo\u015brednio nad brzegiem Zatoki Puckiej, w malowniczych Cha\u0142upach. Dzi\u0119ki  wyj\u0105tkowej lokalizacji nad morzem<strong> Hotel Meridian <\/strong>stanowi doskona\u0142e miejsce zar\u00f3wno na wypoczynek, jak i organizacj\u0119 event\u00f3w firmowych. Obiekt oferuje <strong>komfortowe pokoje i apartamenty<\/strong> z pe\u0142nym wyposa\u017ceniem oraz nowoczesn\u0105 stref\u0119 Wellness &amp; SPA z basenem, jacuzzi, saunami i gabinetami zabiegowymi.<\/p>\n\n\n\n<p>Do dyspozycji biznesu przygotowano klimatyzowan\u0105 sal\u0119 konferencyjn\u0105 Mikroklimat. Sala dzi\u0119ki du\u017cym przeszkleniom zapewnia dost\u0119p do \u015bwiat\u0142a dziennego i mo\u017ce pomie\u015bci\u0107 do 60 uczestnik\u00f3w. Profesjonalne wyposa\u017cenie oraz pe\u0142ne zaplecze gastronomiczne restauracji Mikroklimat gwarantuj\u0105 udan\u0105 organizacj\u0119 szkole\u0144, spotka\u0144 czy kameralnych konferencji.<\/p>\n\n\n\n<p>Hotel Meridian to miejsce, gdzie komfortowe warunki noclegowe, smaki lokalnej kuchni i widok na Zatok\u0119 Puck\u0105 tworz\u0105 wyj\u0105tkow\u0105 opraw\u0119 dla biznesowych i integracyjnych wydarze\u0144 na Pomorzu.<\/p>\n\n\n\n<figure class=\"wp-block-image size-full\"><a href=\"https:\/\/www.mojekonferencje.pl\/blog\/wp-content\/uploads\/2025\/09\/16898357101218-hotelmeidianhotel87-960x580-1.webp\"><img loading=\"lazy\" decoding=\"async\" width=\"960\" height=\"580\" src=\"https:\/\/www.mojekonferencje.pl\/blog\/wp-content\/uploads\/2025\/09\/16898357101218-hotelmeidianhotel87-960x580-1.webp\" alt=\"\" class=\"wp-image-7910 lazyload\" data-srcset=\"https:\/\/www.mojekonferencje.pl\/blog\/wp-content\/uploads\/2025\/09\/16898357101218-hotelmeidianhotel87-960x580-1.webp 960w, https:\/\/www.mojekonferencje.pl\/blog\/wp-content\/uploads\/2025\/09\/16898357101218-hotelmeidianhotel87-960x580-1-300x181.webp 300w, https:\/\/www.mojekonferencje.pl\/blog\/wp-content\/uploads\/2025\/09\/16898357101218-hotelmeidianhotel87-960x580-1-768x464.webp 768w\" sizes=\"auto\" \/><\/a><\/figure>\n\n\n\n<h2 class=\"wp-block-heading has-text-align-center\"><a href=\"https:\/\/www.mojekonferencje.pl\/sopot\/sheraton-sopot-hotel\"><mark style=\"background-color:rgba(0, 0, 0, 0)\" class=\"has-inline-color has-vivid-purple-color\"><span style=\"text-decoration: underline;\">Sheraton Sopot Hotel<\/span><\/mark><\/a><\/h2>\n\n\n\n<p>Pi\u0119ciogwiazdkowy <strong>Sheraton Sopot Hotel <\/strong>to luksusowy obiekt po\u0142o\u017cony tu\u017c przy pla\u017cy i sopockim molo. Obiket oferuje go\u015bciom <strong>189 eleganckich pokoi<\/strong> oraz apartament\u00f3w z widokiem na Ba\u0142tyk. Hotel dysponuje <strong>ponad 3000 m\u00b2 powierzchni konferencyjnej<\/strong>, obejmuj\u0105cej <strong>14 wielofunkcyjnych sal<\/strong>. W ska\u0142ad sal wchodzi unikalna sala balowa Baltic Panorama z panoram\u0105 morza, idealn\u0105 na konferencje, szkolenia i bankiety.<\/p>\n\n\n\n<p>Go\u015bcie maj\u0105 do dyspozycji <strong>restauracje Polskie Smaki i Wave, klimatyczny Bar 512, Cigar Shop Whisky Lounge oraz Sheraton Spa <\/strong>z basenem, saunami i gabinetami zabiegowymi. W sezonie letnim mo\u017cliwy jest tak\u017ce dost\u0119p do prywatnej pla\u017cy z barem Sheraton Beach Bar &amp; Bistro. Po\u0142\u0105czenie wyj\u0105tkowej lokalizacji przy pla\u017cy i profesjonalnego centrum konferencyjnego sprawia, \u017ce hotel jest idealnym miejscem na eventy firmowe z widokiem na pla\u017c\u0119.<\/p>\n\n\n\n<figure class=\"wp-block-image size-full\"><a href=\"https:\/\/www.mojekonferencje.pl\/blog\/wp-content\/uploads\/2025\/09\/visit360-pl-2018-08-sopot-dji-0070-960x580-1.webp\"><img loading=\"lazy\" decoding=\"async\" width=\"960\" height=\"580\" src=\"https:\/\/www.mojekonferencje.pl\/blog\/wp-content\/uploads\/2025\/09\/visit360-pl-2018-08-sopot-dji-0070-960x580-1.webp\" alt=\"\" class=\"wp-image-7909 lazyload\" data-srcset=\"https:\/\/www.mojekonferencje.pl\/blog\/wp-content\/uploads\/2025\/09\/visit360-pl-2018-08-sopot-dji-0070-960x580-1.webp 960w, https:\/\/www.mojekonferencje.pl\/blog\/wp-content\/uploads\/2025\/09\/visit360-pl-2018-08-sopot-dji-0070-960x580-1-300x181.webp 300w, https:\/\/www.mojekonferencje.pl\/blog\/wp-content\/uploads\/2025\/09\/visit360-pl-2018-08-sopot-dji-0070-960x580-1-768x464.webp 768w\" sizes=\"auto\" \/><\/a><\/figure>\n\n\n\n<h2 class=\"wp-block-heading has-text-align-center\"><a href=\"https:\/\/www.mojekonferencje.pl\/jastrzebia-gora\/hotel-restauracja-faleza\"><mark style=\"background-color:rgba(0, 0, 0, 0)\" class=\"has-inline-color has-vivid-purple-color\"><span style=\"text-decoration: underline;\">Hotel Restauracja Faleza<\/span><\/mark><\/a><\/h2>\n\n\n\n<p class=\"has-text-align-left\">Wyj\u0105tkowy<strong> Hotel Restauracja Faleza<\/strong> oferuje pokoje z panoramicznym widokiem na morze oraz w pe\u0142ni wyposa\u017cone, klimatyzowane sale konferencyjne (projektor, ekran, flipchart, internet). Go\u015bcie mog\u0105 wybiera\u0107 mi\u0119dzy luksusowymi apartamentami czteroosobowymi a pokojami dwuosobowymi z \u0142azienkami, wyposa\u017conymi w lunety widokowe, telewizory i telefony.<\/p>\n\n\n\n<p class=\"has-text-align-left\">Dzi\u0119ki lunetom mo\u017cna obserwowa\u0107 bezkres morza, statki rybackie oraz zachody i wschody s\u0142o\u0144ca nad spokojn\u0105 tafl\u0105 w\u00f3d. Dla pe\u0142nego relaksu hotel oferuje tak\u017ce <strong>luksusowe pokoje <\/strong>w bungalowach, po\u0142o\u017conych oko\u0142o 20 m od g\u0142\u00f3wnego budynku.<\/p>\n\n\n\n<p class=\"has-text-align-left\">Na miejscu dzia\u0142a <strong>restauracja Konik Morski<\/strong>, serwuj\u0105ca wy\u015bmienite dania w eleganckiej atmosferze. Hotel Falezja to doskona\u0142e miejsce na event firmowy na Pomorzu.<\/p>\n\n\n\n<figure class=\"wp-block-image size-full\"><a href=\"https:\/\/www.mojekonferencje.pl\/blog\/wp-content\/uploads\/2025\/09\/dsc-4830-edit-960x580-1.webp\"><img loading=\"lazy\" decoding=\"async\" width=\"960\" height=\"580\" src=\"https:\/\/www.mojekonferencje.pl\/blog\/wp-content\/uploads\/2025\/09\/dsc-4830-edit-960x580-1.webp\" alt=\"\" class=\"wp-image-7911 lazyload\" data-srcset=\"https:\/\/www.mojekonferencje.pl\/blog\/wp-content\/uploads\/2025\/09\/dsc-4830-edit-960x580-1.webp 960w, https:\/\/www.mojekonferencje.pl\/blog\/wp-content\/uploads\/2025\/09\/dsc-4830-edit-960x580-1-300x181.webp 300w, https:\/\/www.mojekonferencje.pl\/blog\/wp-content\/uploads\/2025\/09\/dsc-4830-edit-960x580-1-768x464.webp 768w\" sizes=\"auto\" \/><\/a><\/figure>\n\n\n\n<h2 class=\"wp-block-heading has-text-align-center\"><a href=\"https:\/\/www.mojekonferencje.pl\/gdynia\/hotel-mercure-gdynia-centrum\"><mark style=\"background-color:rgba(0, 0, 0, 0)\" class=\"has-inline-color has-vivid-purple-color\"><span style=\"text-decoration: underline;\">Hotel Mercure Gdynia Centrum<\/span><\/mark><\/a><\/h2>\n\n\n\n<p>Nadmorski<strong> Hotel Mercure Gdynia Centrum<\/strong> po\u0142o\u017cony w samym sercu Gdyni oferuje komfortowy pobyt dla go\u015bci biznesowych i turyst\u00f3w. Hotel <strong>dysponuje 294 klimatyzowanymi pokojami<\/strong>,  w tym dwoma przystosowanymi dla os\u00f3b niepe\u0142nosprawnych.<\/p>\n\n\n\n<p>Obiekt posiada <strong>10 w pe\u0142ni wyposa\u017conych sal konferencyjnych<\/strong> oraz przestronn\u0105<strong> sal\u0119 bankietow\u0105 (366 m\u00b2) <\/strong>z mo\u017cliwo\u015bci\u0105 po\u0142\u0105czenia z sal\u0105 taneczn\u0105. Ca\u0142kowita powierzchnia konferencyjna wynosi 1300 m\u00b2. Dodatkowo dost\u0119pne s\u0105 dwa foyer do przerw kawowych lub wystaw, dedykowany opiekun spotkania i Wi-Fi na terenie hotelu.<\/p>\n\n\n\n<p><strong>Restauracja Winestone <\/strong>serwuje dania w formie les planches oraz starannie wyselekcjonowane wina, przygotowane z lokalnych, zdrowych produkt\u00f3w. Hotelowe centrum rekreacyjne obejmuje kryty basen, saun\u0119, solarium oraz atrakcje dla dzieci, w tym k\u0105cik zabaw, sal\u0119 z PS4, bilard i pi\u0142karzyki.<\/p>\n\n\n\n<figure class=\"wp-block-image size-full\"><a href=\"https:\/\/www.mojekonferencje.pl\/blog\/wp-content\/uploads\/2025\/09\/249174246-960x580-1.webp\"><img loading=\"lazy\" decoding=\"async\" width=\"960\" height=\"580\" src=\"https:\/\/www.mojekonferencje.pl\/blog\/wp-content\/uploads\/2025\/09\/249174246-960x580-1.webp\" alt=\"\" class=\"wp-image-7912 lazyload\" data-srcset=\"https:\/\/www.mojekonferencje.pl\/blog\/wp-content\/uploads\/2025\/09\/249174246-960x580-1.webp 960w, https:\/\/www.mojekonferencje.pl\/blog\/wp-content\/uploads\/2025\/09\/249174246-960x580-1-300x181.webp 300w, https:\/\/www.mojekonferencje.pl\/blog\/wp-content\/uploads\/2025\/09\/249174246-960x580-1-768x464.webp 768w\" sizes=\"auto\" \/><\/a><\/figure>\n\n\n\n<h2 class=\"wp-block-heading has-text-align-center\"><a href=\"https:\/\/www.mojekonferencje.pl\/gdansk\/stara-wedzarnia\"><mark style=\"background-color:rgba(0, 0, 0, 0)\" class=\"has-inline-color has-vivid-purple-color\"><span style=\"text-decoration: underline;\">Kurort Stara W\u0119dzarnia<\/span><\/mark><\/a><\/h2>\n\n\n\n<p>To kameralny <strong>obiekt noclegowo-konferencyjny<\/strong> mieszcz\u0105cy si\u0119 w zabytkowej w\u0119dzarni ryb z lat 30. XX wieku. Historyczne wn\u0119trza zosta\u0142y zaadaptowane na restauracj\u0119 i komfortow\u0105 sal\u0119 szkoleniow\u0105, a nowoczesne pokoje urz\u0105dzone s\u0105 w stylu skandynawskim.<\/p>\n\n\n\n<p>Dojazd do centrum miasta zajmuje zaledwie 20 minut samochodem. Kurort Stara W\u0119dzarnia oferuje<strong> sale z widokiem na pla\u017c\u0119 <\/strong>\u2013 klimatyzowan\u0105 sal\u0119 szkoleniow\u0105 (50 m\u00b2) i sal\u0119 bankietow\u0105 (100 m\u00b2), kt\u00f3re mo\u017cna po\u0142\u0105czy\u0107, tworz\u0105c idealn\u0105 przestrze\u0144 dla miejsc na eventy firmowe na Pomorzu<strong> do 100 os\u00f3b<\/strong>.<\/p>\n\n\n\n<p>Kurort dysponuje pokojami 2- i 3-osobowymi oraz apartamentami rodzinnymi, wyposa\u017conymi w Wi-Fi, TV, prysznic i bezp\u0142atny parking. <strong>Restauracja<\/strong> pe\u0142ni funkcj\u0119 sali bankietowej, a profesjonalna kuchnia przygotowuje menu dostosowane do potrzeb go\u015bci. Dzi\u0119ki po\u0142o\u017ceniu nad rzek\u0105 i blisko\u015bci pla\u017cy obiekt umo\u017cliwia organizacj\u0119 licznych aktywno\u015bci na \u015bwie\u017cym powietrzu.<\/p>\n\n\n\n<figure class=\"wp-block-image size-full\"><a href=\"https:\/\/www.mojekonferencje.pl\/blog\/wp-content\/uploads\/2025\/09\/pg-210614-195-960x580-1.webp\"><img loading=\"lazy\" decoding=\"async\" width=\"960\" height=\"580\" src=\"https:\/\/www.mojekonferencje.pl\/blog\/wp-content\/uploads\/2025\/09\/pg-210614-195-960x580-1.webp\" alt=\"\" class=\"wp-image-7913 lazyload\" data-srcset=\"https:\/\/www.mojekonferencje.pl\/blog\/wp-content\/uploads\/2025\/09\/pg-210614-195-960x580-1.webp 960w, https:\/\/www.mojekonferencje.pl\/blog\/wp-content\/uploads\/2025\/09\/pg-210614-195-960x580-1-300x181.webp 300w, https:\/\/www.mojekonferencje.pl\/blog\/wp-content\/uploads\/2025\/09\/pg-210614-195-960x580-1-768x464.webp 768w\" sizes=\"auto\" \/><\/a><\/figure>\n\n\n\n<h2 class=\"wp-block-heading has-text-align-center\"><a href=\"https:\/\/www.mojekonferencje.pl\/sopot\/hotel-sopot\"><mark style=\"background-color:rgba(0, 0, 0, 0)\" class=\"has-inline-color has-vivid-purple-color\"><span style=\"text-decoration: underline;\">Hotel Sopot<\/span><\/mark><\/a><\/h2>\n\n\n\n<p class=\"has-text-align-left\">Hotel po\u0142o\u017cony jest zaledwie 200 metr\u00f3w od pla\u017cy, dzi\u0119ki czemu go\u015bcie mog\u0105 \u0142atwo po\u0142\u0105czy\u0107 prac\u0119 z wypoczynkiem. Nowoczesne sale konferencyjne z widokiem na morze w <strong>Hotelu Sopot<\/strong> sprawdzaj\u0105 si\u0119 zar\u00f3wno do kameralnych spotka\u0144, jak i wi\u0119kszych wydarze\u0144 firmowych.<\/p>\n\n\n\n<p class=\"has-text-align-left\">Do dyspozycji go\u015bci jest <strong>124 komfortowe pokoje z widokiem na park lub morze<\/strong>. Dla os\u00f3b szukaj\u0105cych wi\u0119kszej przestrzeni przygotowano<strong> 13 apartament\u00f3<\/strong>w typu Studio, Junior Suite i Apartamenty z salonem, aneksem kuchennym i tarasem. Wn\u0119trza s\u0105 jasne, przestronne i urz\u0105dzone nowocze\u015bnie, co pozwala dobrze odpocz\u0105\u0107 po pracy.<\/p>\n\n\n\n<p class=\"has-text-align-left\"><strong>Restauracja Waterside Food &amp; Wine<\/strong> oferuje autorsk\u0105 kuchni\u0119, a taras i ogr\u00f3d pozwalaj\u0105 zorganizowa\u0107 kameralny grill czy ognisko. Hotel posiada te\u017c <strong>stref\u0119 Wellness &amp; SPA<\/strong> z saunami, gabinetami masa\u017cu, komor\u0105 hiperbaryczn\u0105 i si\u0142owni\u0105. Latem dost\u0119pna jest <strong>strefa Pool &amp; Chill <\/strong>z basenem i le\u017cakami. To idealne miejsce na konferencje, szkolenia i event firmowy na Pomorzu, gdzie praca \u0142\u0105czy si\u0119 z relaksem nad Ba\u0142tykiem.<\/p>\n\n\n\n<figure class=\"wp-block-image size-full\"><a href=\"https:\/\/www.mojekonferencje.pl\/blog\/wp-content\/uploads\/2025\/09\/hotel-sopot-960x580-1.webp\"><img loading=\"lazy\" decoding=\"async\" width=\"960\" height=\"580\" src=\"https:\/\/www.mojekonferencje.pl\/blog\/wp-content\/uploads\/2025\/09\/hotel-sopot-960x580-1.webp\" alt=\"\" class=\"wp-image-7914 lazyload\" data-srcset=\"https:\/\/www.mojekonferencje.pl\/blog\/wp-content\/uploads\/2025\/09\/hotel-sopot-960x580-1.webp 960w, https:\/\/www.mojekonferencje.pl\/blog\/wp-content\/uploads\/2025\/09\/hotel-sopot-960x580-1-300x181.webp 300w, https:\/\/www.mojekonferencje.pl\/blog\/wp-content\/uploads\/2025\/09\/hotel-sopot-960x580-1-768x464.webp 768w\" sizes=\"auto\" \/><\/a><\/figure>\n\n\n\n<h2 class=\"wp-block-heading has-text-align-center\"><a href=\"https:\/\/www.mojekonferencje.pl\/sopot\/hotel-zhong-hua-sopot\"><mark style=\"background-color:rgba(0, 0, 0, 0)\" class=\"has-inline-color has-vivid-purple-color\"><span style=\"text-decoration: underline;\">Hotel Zhong Hua Sopot<\/span><\/mark><\/a><\/h2>\n\n\n\n<p>To <strong>3-gwiazdkowy obiekt po\u0142o\u017cony bezpo\u015brednio na pla\u017cy w samym sercu Sopotu,<\/strong> tu\u017c przy s\u0142ynnym molo. Z pokoi i restauracji roztacza si\u0119 pi\u0119kny widok na morze, a drewniana konstrukcja budynku nadaje miejscu wyj\u0105tkowy klimat.<\/p>\n\n\n\n<p>Hotel oferuje <strong>nowoczesne sale konferencyjne z widokiem na morze, w tym Sal\u0119 Lotos dla 60 os\u00f3b i mniejsz\u0105 Sal\u0119 Orchidea<\/strong>. Do dyspozycji go\u015bci s\u0105 tak\u017ce komfortowe pokoje i apartamenty deluxe, cz\u0119\u015b\u0107 z bezpo\u015brednim wyj\u015bciem na prywatn\u0105 pla\u017c\u0119 oraz drewniany taras z le\u017cakami.<\/p>\n\n\n\n<p><strong>Restauracja White Marlin<\/strong> serwuje autorskie dania, a taras i prywatna pla\u017ca umo\u017cliwiaj\u0105 organizacj\u0119 spotka\u0144 w plenerze. W sezonie letnim dost\u0119pne s\u0105 le\u017caki, boisko do siatk\u00f3wki pla\u017cowej oraz plac zabaw dla dzieci. <strong>Hotel Zhong Hua<\/strong> to doskona\u0142e miejsce do wypoczynku oraz organizacji event\u00f3w firmowych nad morzem, \u0142\u0105cz\u0105ce komfort, pi\u0119kne widoki i nadmorski klimat.<\/p>\n\n\n\n<figure class=\"wp-block-image size-full\"><a href=\"https:\/\/www.mojekonferencje.pl\/blog\/wp-content\/uploads\/2025\/09\/20230823-103349-960x580-1.webp\"><img loading=\"lazy\" decoding=\"async\" width=\"960\" height=\"580\" src=\"https:\/\/www.mojekonferencje.pl\/blog\/wp-content\/uploads\/2025\/09\/20230823-103349-960x580-1.webp\" alt=\"\" class=\"wp-image-7915 lazyload\" data-srcset=\"https:\/\/www.mojekonferencje.pl\/blog\/wp-content\/uploads\/2025\/09\/20230823-103349-960x580-1.webp 960w, https:\/\/www.mojekonferencje.pl\/blog\/wp-content\/uploads\/2025\/09\/20230823-103349-960x580-1-300x181.webp 300w, https:\/\/www.mojekonferencje.pl\/blog\/wp-content\/uploads\/2025\/09\/20230823-103349-960x580-1-768x464.webp 768w\" sizes=\"auto\" \/><\/a><\/figure>\n\n\n\n<p><\/p>\n\n\n\n<p>Decyduj\u0105c si\u0119 na organizacj\u0119 eventu nad morzem, mo\u017cna stworzy\u0107 wydarzenie, kt\u00f3re na d\u0142ugo pozostanie w pami\u0119ci uczestnik\u00f3w. To w\u0142a\u015bnie Pomorze stanowi doskona\u0142\u0105 destynacj\u0119 dla firm pragn\u0105cych zorganizowa\u0107 wyj\u0105tkowe spotkania biznesowe. Mo\u017cecie zajrze\u0107 r\u00f3wnie\u017c do innych naszych artyku\u0142\u00f3w o Pomorzu, m.in. <a href=\"https:\/\/www.mojekonferencje.pl\/blog\/obiekty-z-programem-integracyjnym-team-building-na-najwyzszym-poziomie-woj-pomorskie\/\">o obiektach z programem integracyjnym w woj. pomorskim<\/a>. \ud83d\ude42<\/p>\n","protected":false},"excerpt":{"rendered":"<p>Spotkanie biznesowe nad morzem to wyj\u0105tkowa atmosfera, widok na pla\u017c\u0119 i szum fal, kt\u00f3re sprawiaj\u0105, \u017ce ka\u017cde wydarzenie staje si\u0119 niezapomniane.<\/p>\n","protected":false},"author":21,"featured_media":7919,"comment_status":"closed","ping_status":"closed","sticky":false,"template":"","format":"standard","meta":{"_acf_changed":false,"footnotes":""},"categories":[175],"tags":[379,367,354,406,13,20,426],"class_list":["post-7907","post","type-post","status-publish","format-standard","has-post-thumbnail","hentry","category-wybieranie-miejsca-konferencyjnego","tag-eventy-firmowe","tag-hotele","tag-organizacja-wydarzen","tag-pomorze","tag-sale-konferencjne","tag-spotkania-biznesowe","tag-woj-pomorskie"],"acf":[],"yoast_head":"<!-- This site is optimized with the Yoast SEO plugin v27.1.1 - https:\/\/yoast.com\/product\/yoast-seo-wordpress\/ -->\n<title>Sale z widokiem na pla\u017c\u0119 \u2013 wyj\u0105tkowe miejsca na eventy firmowe na Pomorzu - blog | MojeKonferencje.pl<\/title>\n<meta name=\"description\" content=\"Sale z widokiem na pla\u017c\u0119 \u2013 wyj\u0105tkowe miejsca na eventy firmowe na Pomorzu - blog | MojeKonferencje.pl\" \/>\n<meta name=\"robots\" content=\"index, follow, max-snippet:-1, max-image-preview:large, max-video-preview:-1\" \/>\n<link rel=\"canonical\" href=\"https:\/\/www.mojekonferencje.pl\/blog\/sale-z-widokiem-na-plaze-wyjatkowe-miejsca-na-eventy-firmowe-na-pomorzu\/\" \/>\n<meta property=\"og:locale\" content=\"pl_PL\" \/>\n<meta property=\"og:type\" content=\"article\" \/>\n<meta property=\"og:title\" content=\"Sale z widokiem na pla\u017c\u0119 \u2013 wyj\u0105tkowe miejsca na eventy firmowe na Pomorzu - blog | MojeKonferencje.pl\" \/>\n<meta property=\"og:description\" content=\"Sale z widokiem na pla\u017c\u0119 \u2013 wyj\u0105tkowe miejsca na eventy firmowe na Pomorzu - blog | MojeKonferencje.pl\" \/>\n<meta property=\"og:url\" content=\"https:\/\/www.mojekonferencje.pl\/blog\/sale-z-widokiem-na-plaze-wyjatkowe-miejsca-na-eventy-firmowe-na-pomorzu\/\" \/>\n<meta property=\"og:site_name\" content=\"MojeKonferencje.pl\" \/>\n<meta property=\"article:published_time\" content=\"2025-09-10T07:00:00+00:00\" \/>\n<meta property=\"og:image\" content=\"https:\/\/www.mojekonferencje.pl\/blog\/wp-content\/uploads\/2025\/09\/Fotoram.io-89.jpg\" \/>\n\t<meta property=\"og:image:width\" content=\"1200\" \/>\n\t<meta property=\"og:image:height\" content=\"708\" \/>\n\t<meta property=\"og:image:type\" content=\"image\/jpeg\" \/>\n<meta name=\"author\" content=\"Julia Gadomska\" \/>\n<meta name=\"twitter:card\" content=\"summary_large_image\" \/>\n<meta name=\"twitter:label1\" content=\"Napisane przez\" \/>\n\t<meta name=\"twitter:data1\" content=\"Julia Gadomska\" \/>\n\t<meta name=\"twitter:label2\" content=\"Szacowany czas czytania\" \/>\n\t<meta name=\"twitter:data2\" content=\"9 minut\" \/>\n<script type=\"application\/ld+json\" class=\"yoast-schema-graph\">{\"@context\":\"https:\/\/schema.org\",\"@graph\":[{\"@type\":\"Article\",\"@id\":\"https:\/\/www.mojekonferencje.pl\/blog\/sale-z-widokiem-na-plaze-wyjatkowe-miejsca-na-eventy-firmowe-na-pomorzu\/#article\",\"isPartOf\":{\"@id\":\"https:\/\/www.mojekonferencje.pl\/blog\/sale-z-widokiem-na-plaze-wyjatkowe-miejsca-na-eventy-firmowe-na-pomorzu\/\"},\"author\":{\"name\":\"Julia Gadomska\",\"@id\":\"https:\/\/www.mojekonferencje.pl\/blog\/#\/schema\/person\/7d6985dc3741882ea12e03b1c3997043\"},\"headline\":\"Sale z widokiem na pla\u017c\u0119 \u2013 wyj\u0105tkowe miejsca na eventy firmowe na Pomorzu\",\"datePublished\":\"2025-09-10T07:00:00+00:00\",\"mainEntityOfPage\":{\"@id\":\"https:\/\/www.mojekonferencje.pl\/blog\/sale-z-widokiem-na-plaze-wyjatkowe-miejsca-na-eventy-firmowe-na-pomorzu\/\"},\"wordCount\":1316,\"image\":{\"@id\":\"https:\/\/www.mojekonferencje.pl\/blog\/sale-z-widokiem-na-plaze-wyjatkowe-miejsca-na-eventy-firmowe-na-pomorzu\/#primaryimage\"},\"thumbnailUrl\":\"https:\/\/www.mojekonferencje.pl\/blog\/wp-content\/uploads\/2025\/09\/Fotoram.io-89.jpg\",\"keywords\":[\"eventy firmowe\",\"hotele\",\"organizacja wydarze\u0144\",\"Pomorze\",\"sale konferencjne\",\"spotkania biznesowe\",\"woj. pomorskie\"],\"articleSection\":[\"Wybieranie miejsca konferencyjnego\"],\"inLanguage\":\"pl-PL\"},{\"@type\":\"WebPage\",\"@id\":\"https:\/\/www.mojekonferencje.pl\/blog\/sale-z-widokiem-na-plaze-wyjatkowe-miejsca-na-eventy-firmowe-na-pomorzu\/\",\"url\":\"https:\/\/www.mojekonferencje.pl\/blog\/sale-z-widokiem-na-plaze-wyjatkowe-miejsca-na-eventy-firmowe-na-pomorzu\/\",\"name\":\"Sale z widokiem na pla\u017c\u0119 \u2013 wyj\u0105tkowe miejsca na eventy firmowe na Pomorzu - blog | MojeKonferencje.pl\",\"isPartOf\":{\"@id\":\"https:\/\/www.mojekonferencje.pl\/blog\/#website\"},\"primaryImageOfPage\":{\"@id\":\"https:\/\/www.mojekonferencje.pl\/blog\/sale-z-widokiem-na-plaze-wyjatkowe-miejsca-na-eventy-firmowe-na-pomorzu\/#primaryimage\"},\"image\":{\"@id\":\"https:\/\/www.mojekonferencje.pl\/blog\/sale-z-widokiem-na-plaze-wyjatkowe-miejsca-na-eventy-firmowe-na-pomorzu\/#primaryimage\"},\"thumbnailUrl\":\"https:\/\/www.mojekonferencje.pl\/blog\/wp-content\/uploads\/2025\/09\/Fotoram.io-89.jpg\",\"datePublished\":\"2025-09-10T07:00:00+00:00\",\"author\":{\"@id\":\"https:\/\/www.mojekonferencje.pl\/blog\/#\/schema\/person\/7d6985dc3741882ea12e03b1c3997043\"},\"description\":\"Sale z widokiem na pla\u017c\u0119 \u2013 wyj\u0105tkowe miejsca na eventy firmowe na Pomorzu - blog | MojeKonferencje.pl\",\"breadcrumb\":{\"@id\":\"https:\/\/www.mojekonferencje.pl\/blog\/sale-z-widokiem-na-plaze-wyjatkowe-miejsca-na-eventy-firmowe-na-pomorzu\/#breadcrumb\"},\"inLanguage\":\"pl-PL\",\"potentialAction\":[{\"@type\":\"ReadAction\",\"target\":[\"https:\/\/www.mojekonferencje.pl\/blog\/sale-z-widokiem-na-plaze-wyjatkowe-miejsca-na-eventy-firmowe-na-pomorzu\/\"]}]},{\"@type\":\"ImageObject\",\"inLanguage\":\"pl-PL\",\"@id\":\"https:\/\/www.mojekonferencje.pl\/blog\/sale-z-widokiem-na-plaze-wyjatkowe-miejsca-na-eventy-firmowe-na-pomorzu\/#primaryimage\",\"url\":\"https:\/\/www.mojekonferencje.pl\/blog\/wp-content\/uploads\/2025\/09\/Fotoram.io-89.jpg\",\"contentUrl\":\"https:\/\/www.mojekonferencje.pl\/blog\/wp-content\/uploads\/2025\/09\/Fotoram.io-89.jpg\",\"width\":1200,\"height\":708,\"caption\":\"Sale z widokiem na pla\u017c\u0119 - woj. pomorskie\"},{\"@type\":\"BreadcrumbList\",\"@id\":\"https:\/\/www.mojekonferencje.pl\/blog\/sale-z-widokiem-na-plaze-wyjatkowe-miejsca-na-eventy-firmowe-na-pomorzu\/#breadcrumb\",\"itemListElement\":[{\"@type\":\"ListItem\",\"position\":1,\"name\":\"Strona g\u0142\u00f3wna\",\"item\":\"https:\/\/www.mojekonferencje.pl\/blog\/\"},{\"@type\":\"ListItem\",\"position\":2,\"name\":\"Sale z widokiem na pla\u017c\u0119 \u2013 wyj\u0105tkowe miejsca na eventy firmowe na Pomorzu\"}]},{\"@type\":\"WebSite\",\"@id\":\"https:\/\/www.mojekonferencje.pl\/blog\/#website\",\"url\":\"https:\/\/www.mojekonferencje.pl\/blog\/\",\"name\":\"MojeKonferencje.pl\",\"description\":\"Blog bran\u017cy szkoleniowo-konferencyjnej. W\u0142\u0105cz si\u0119 do dyskusji o obiektach konferencyjnych i nowo\u015bciach z bran\u017cy! Poznaj porady odno\u015bnie organizacji konferencji, szkole\u0144 i event\u00f3w firmowych! Zach\u0119camy do wyra\u017cania opinii oraz komentarzy.\",\"potentialAction\":[{\"@type\":\"SearchAction\",\"target\":{\"@type\":\"EntryPoint\",\"urlTemplate\":\"https:\/\/www.mojekonferencje.pl\/blog\/?s={search_term_string}\"},\"query-input\":{\"@type\":\"PropertyValueSpecification\",\"valueRequired\":true,\"valueName\":\"search_term_string\"}}],\"inLanguage\":\"pl-PL\"},{\"@type\":\"Person\",\"@id\":\"https:\/\/www.mojekonferencje.pl\/blog\/#\/schema\/person\/7d6985dc3741882ea12e03b1c3997043\",\"name\":\"Julia Gadomska\",\"url\":\"https:\/\/www.mojekonferencje.pl\/blog\/author\/julia-gadomska\/\"}]}<\/script>\n<!-- \/ Yoast SEO plugin. -->","yoast_head_json":{"title":"Sale z widokiem na pla\u017c\u0119 \u2013 wyj\u0105tkowe miejsca na eventy firmowe na Pomorzu - blog | MojeKonferencje.pl","description":"Sale z widokiem na pla\u017c\u0119 \u2013 wyj\u0105tkowe miejsca na eventy firmowe na Pomorzu - blog | MojeKonferencje.pl","robots":{"index":"index","follow":"follow","max-snippet":"max-snippet:-1","max-image-preview":"max-image-preview:large","max-video-preview":"max-video-preview:-1"},"canonical":"https:\/\/www.mojekonferencje.pl\/blog\/sale-z-widokiem-na-plaze-wyjatkowe-miejsca-na-eventy-firmowe-na-pomorzu\/","og_locale":"pl_PL","og_type":"article","og_title":"Sale z widokiem na pla\u017c\u0119 \u2013 wyj\u0105tkowe miejsca na eventy firmowe na Pomorzu - blog | MojeKonferencje.pl","og_description":"Sale z widokiem na pla\u017c\u0119 \u2013 wyj\u0105tkowe miejsca na eventy firmowe na Pomorzu - blog | MojeKonferencje.pl","og_url":"https:\/\/www.mojekonferencje.pl\/blog\/sale-z-widokiem-na-plaze-wyjatkowe-miejsca-na-eventy-firmowe-na-pomorzu\/","og_site_name":"MojeKonferencje.pl","article_published_time":"2025-09-10T07:00:00+00:00","og_image":[{"width":1200,"height":708,"url":"https:\/\/www.mojekonferencje.pl\/blog\/wp-content\/uploads\/2025\/09\/Fotoram.io-89.jpg","type":"image\/jpeg"}],"author":"Julia Gadomska","twitter_card":"summary_large_image","twitter_misc":{"Napisane przez":"Julia Gadomska","Szacowany czas czytania":"9 minut"},"schema":{"@context":"https:\/\/schema.org","@graph":[{"@type":"Article","@id":"https:\/\/www.mojekonferencje.pl\/blog\/sale-z-widokiem-na-plaze-wyjatkowe-miejsca-na-eventy-firmowe-na-pomorzu\/#article","isPartOf":{"@id":"https:\/\/www.mojekonferencje.pl\/blog\/sale-z-widokiem-na-plaze-wyjatkowe-miejsca-na-eventy-firmowe-na-pomorzu\/"},"author":{"name":"Julia Gadomska","@id":"https:\/\/www.mojekonferencje.pl\/blog\/#\/schema\/person\/7d6985dc3741882ea12e03b1c3997043"},"headline":"Sale z widokiem na pla\u017c\u0119 \u2013 wyj\u0105tkowe miejsca na eventy firmowe na Pomorzu","datePublished":"2025-09-10T07:00:00+00:00","mainEntityOfPage":{"@id":"https:\/\/www.mojekonferencje.pl\/blog\/sale-z-widokiem-na-plaze-wyjatkowe-miejsca-na-eventy-firmowe-na-pomorzu\/"},"wordCount":1316,"image":{"@id":"https:\/\/www.mojekonferencje.pl\/blog\/sale-z-widokiem-na-plaze-wyjatkowe-miejsca-na-eventy-firmowe-na-pomorzu\/#primaryimage"},"thumbnailUrl":"https:\/\/www.mojekonferencje.pl\/blog\/wp-content\/uploads\/2025\/09\/Fotoram.io-89.jpg","keywords":["eventy firmowe","hotele","organizacja wydarze\u0144","Pomorze","sale konferencjne","spotkania biznesowe","woj. pomorskie"],"articleSection":["Wybieranie miejsca konferencyjnego"],"inLanguage":"pl-PL"},{"@type":"WebPage","@id":"https:\/\/www.mojekonferencje.pl\/blog\/sale-z-widokiem-na-plaze-wyjatkowe-miejsca-na-eventy-firmowe-na-pomorzu\/","url":"https:\/\/www.mojekonferencje.pl\/blog\/sale-z-widokiem-na-plaze-wyjatkowe-miejsca-na-eventy-firmowe-na-pomorzu\/","name":"Sale z widokiem na pla\u017c\u0119 \u2013 wyj\u0105tkowe miejsca na eventy firmowe na Pomorzu - blog | MojeKonferencje.pl","isPartOf":{"@id":"https:\/\/www.mojekonferencje.pl\/blog\/#website"},"primaryImageOfPage":{"@id":"https:\/\/www.mojekonferencje.pl\/blog\/sale-z-widokiem-na-plaze-wyjatkowe-miejsca-na-eventy-firmowe-na-pomorzu\/#primaryimage"},"image":{"@id":"https:\/\/www.mojekonferencje.pl\/blog\/sale-z-widokiem-na-plaze-wyjatkowe-miejsca-na-eventy-firmowe-na-pomorzu\/#primaryimage"},"thumbnailUrl":"https:\/\/www.mojekonferencje.pl\/blog\/wp-content\/uploads\/2025\/09\/Fotoram.io-89.jpg","datePublished":"2025-09-10T07:00:00+00:00","author":{"@id":"https:\/\/www.mojekonferencje.pl\/blog\/#\/schema\/person\/7d6985dc3741882ea12e03b1c3997043"},"description":"Sale z widokiem na pla\u017c\u0119 \u2013 wyj\u0105tkowe miejsca na eventy firmowe na Pomorzu - blog | MojeKonferencje.pl","breadcrumb":{"@id":"https:\/\/www.mojekonferencje.pl\/blog\/sale-z-widokiem-na-plaze-wyjatkowe-miejsca-na-eventy-firmowe-na-pomorzu\/#breadcrumb"},"inLanguage":"pl-PL","potentialAction":[{"@type":"ReadAction","target":["https:\/\/www.mojekonferencje.pl\/blog\/sale-z-widokiem-na-plaze-wyjatkowe-miejsca-na-eventy-firmowe-na-pomorzu\/"]}]},{"@type":"ImageObject","inLanguage":"pl-PL","@id":"https:\/\/www.mojekonferencje.pl\/blog\/sale-z-widokiem-na-plaze-wyjatkowe-miejsca-na-eventy-firmowe-na-pomorzu\/#primaryimage","url":"https:\/\/www.mojekonferencje.pl\/blog\/wp-content\/uploads\/2025\/09\/Fotoram.io-89.jpg","contentUrl":"https:\/\/www.mojekonferencje.pl\/blog\/wp-content\/uploads\/2025\/09\/Fotoram.io-89.jpg","width":1200,"height":708,"caption":"Sale z widokiem na pla\u017c\u0119 - woj. pomorskie"},{"@type":"BreadcrumbList","@id":"https:\/\/www.mojekonferencje.pl\/blog\/sale-z-widokiem-na-plaze-wyjatkowe-miejsca-na-eventy-firmowe-na-pomorzu\/#breadcrumb","itemListElement":[{"@type":"ListItem","position":1,"name":"Strona g\u0142\u00f3wna","item":"https:\/\/www.mojekonferencje.pl\/blog\/"},{"@type":"ListItem","position":2,"name":"Sale z widokiem na pla\u017c\u0119 \u2013 wyj\u0105tkowe miejsca na eventy firmowe na Pomorzu"}]},{"@type":"WebSite","@id":"https:\/\/www.mojekonferencje.pl\/blog\/#website","url":"https:\/\/www.mojekonferencje.pl\/blog\/","name":"MojeKonferencje.pl","description":"Blog bran\u017cy szkoleniowo-konferencyjnej. W\u0142\u0105cz si\u0119 do dyskusji o obiektach konferencyjnych i nowo\u015bciach z bran\u017cy! Poznaj porady odno\u015bnie organizacji konferencji, szkole\u0144 i event\u00f3w firmowych! Zach\u0119camy do wyra\u017cania opinii oraz komentarzy.","potentialAction":[{"@type":"SearchAction","target":{"@type":"EntryPoint","urlTemplate":"https:\/\/www.mojekonferencje.pl\/blog\/?s={search_term_string}"},"query-input":{"@type":"PropertyValueSpecification","valueRequired":true,"valueName":"search_term_string"}}],"inLanguage":"pl-PL"},{"@type":"Person","@id":"https:\/\/www.mojekonferencje.pl\/blog\/#\/schema\/person\/7d6985dc3741882ea12e03b1c3997043","name":"Julia Gadomska","url":"https:\/\/www.mojekonferencje.pl\/blog\/author\/julia-gadomska\/"}]}},"_links":{"self":[{"href":"https:\/\/www.mojekonferencje.pl\/blog\/wp-json\/wp\/v2\/posts\/7907","targetHints":{"allow":["GET"]}}],"collection":[{"href":"https:\/\/www.mojekonferencje.pl\/blog\/wp-json\/wp\/v2\/posts"}],"about":[{"href":"https:\/\/www.mojekonferencje.pl\/blog\/wp-json\/wp\/v2\/types\/post"}],"author":[{"embeddable":true,"href":"https:\/\/www.mojekonferencje.pl\/blog\/wp-json\/wp\/v2\/users\/21"}],"replies":[{"embeddable":true,"href":"https:\/\/www.mojekonferencje.pl\/blog\/wp-json\/wp\/v2\/comments?post=7907"}],"version-history":[{"count":4,"href":"https:\/\/www.mojekonferencje.pl\/blog\/wp-json\/wp\/v2\/posts\/7907\/revisions"}],"predecessor-version":[{"id":7920,"href":"https:\/\/www.mojekonferencje.pl\/blog\/wp-json\/wp\/v2\/posts\/7907\/revisions\/7920"}],"wp:featuredmedia":[{"embeddable":true,"href":"https:\/\/www.mojekonferencje.pl\/blog\/wp-json\/wp\/v2\/media\/7919"}],"wp:attachment":[{"href":"https:\/\/www.mojekonferencje.pl\/blog\/wp-json\/wp\/v2\/media?parent=7907"}],"wp:term":[{"taxonomy":"category","embeddable":true,"href":"https:\/\/www.mojekonferencje.pl\/blog\/wp-json\/wp\/v2\/categories?post=7907"},{"taxonomy":"post_tag","embeddable":true,"href":"https:\/\/www.mojekonferencje.pl\/blog\/wp-json\/wp\/v2\/tags?post=7907"}],"curies":[{"name":"wp","href":"https:\/\/api.w.org\/{rel}","templated":true}]}}