{"id":8184,"date":"2025-10-17T09:00:00","date_gmt":"2025-10-17T07:00:00","guid":{"rendered":"https:\/\/www.mojekonferencje.pl\/blog\/?p=8184"},"modified":"2025-10-19T18:19:21","modified_gmt":"2025-10-19T16:19:21","slug":"hotele-w-opolszczyznie-z-wyjatkowa-lokalizacja-w-zabytkowych-palacach-i-na-obrzezach-miasta","status":"publish","type":"post","link":"https:\/\/www.mojekonferencje.pl\/blog\/hotele-w-opolszczyznie-z-wyjatkowa-lokalizacja-w-zabytkowych-palacach-i-na-obrzezach-miasta\/","title":{"rendered":"Hotele w Opolszczy\u017anie z wyj\u0105tkow\u0105 lokalizacj\u0105\u2013 w zabytkowych pa\u0142acach i na obrze\u017cach miasta"},"content":{"rendered":"\n<p>Opolszczyzna to region pe\u0142en zabytk\u00f3w, malowniczych krajobraz\u00f3w i urokliwych miejsc, kt\u00f3re przyci\u0105gaj\u0105 turyst\u00f3w poszukuj\u0105cych wyj\u0105tkowych do\u015bwiadcze\u0144. <a href=\"https:\/\/www.mojekonferencje.pl\/konferencje-opolskie?page=1\">Hotele w Opolszczy\u017anie<\/a> ciesz\u0105 si\u0119 rosn\u0105cym zainteresowaniem, szczeg\u00f3lnie te usytuowane w zabytkowych pa\u0142acach, oferuj\u0105ce luksus w historycznych wn\u0119trzach, oraz na obrze\u017cach miast, zapewniaj\u0105ce cisz\u0119, prywatno\u015b\u0107 i kontakt z natur\u0105.<strong> <\/strong><\/p>\n\n\n\n<p><strong>W naszym rankingu poznacie doskona\u0142e miejsca w opolszczy\u017anie na organizacj\u0119 konferencji i szkole\u0144 biznesowych. <\/strong><\/p>\n\n\n\n<figure class=\"wp-block-table\"><table class=\"has-fixed-layout\"><tbody><tr><td><a href=\"https:\/\/www.mojekonferencje.pl\/sulislaw\/palac-sulislaw\">Pa\u0142ac Sulis\u0142aw<\/a><\/td><td><a href=\"https:\/\/www.mojekonferencje.pl\/grodziec\/hotel-resort-bajka-1\">Hotel &amp; Resort Bajka<\/a><\/td><\/tr><tr><td><a href=\"https:\/\/www.mojekonferencje.pl\/krapkowice\/zamek-moszna\">Zamek Moszna<\/a><\/td><td><a href=\"https:\/\/www.mojekonferencje.pl\/krapkowice\/zamkowy-mlyn\">Hotel Zamkowy M\u0142yn &#8211; Krapkowice<\/a><\/td><\/tr><tr><td><a href=\"https:\/\/www.mojekonferencje.pl\/kluczbork\/sommer-residence-spa-wellness\">Sommer Residence SPA &amp; Wellness<\/a><\/td><td><\/td><\/tr><\/tbody><\/table><\/figure>\n\n\n\n<h2 class=\"wp-block-heading has-text-align-center\"><a href=\"https:\/\/www.mojekonferencje.pl\/sulislaw\/palac-sulislaw\"><mark style=\"background-color:rgba(0, 0, 0, 0)\" class=\"has-inline-color has-vivid-purple-color\"><span style=\"text-decoration: underline;\">Pa\u0142ac Sulis\u0142aw<\/span><\/mark><\/a><\/h2>\n\n\n\n<p>Jest to <strong>elegancki obiekt w Opolszczy\u017anie<\/strong>, kt\u00f3ry \u0142\u0105czy nowoczesne zaplecze konferencyjne z bogat\u0105 ofert\u0105 atrakcji. Oferuje <strong>7 sal szkoleniowych<\/strong>, w tym Sal\u0119 Kongresow\u0105 z profesjonalnym nag\u0142o\u015bnieniem i scen\u0105, Sal\u0119 Kolumnow\u0105 z ceglanymi sklepieniami oraz Sal\u0119 Balow\u0105 5* w Pa\u0142acu. Ponadto do dyspozycji go\u015bci s\u0105 sala do jogi, pe\u0142nowymiarowa hala sportowa oraz si\u0142ownia.<\/p>\n\n\n\n<p>Resort dysponuje <strong>100 pokojami, w tym 13 unikatowymi w Pa\u0142acu 5*<\/strong>, zapewniaj\u0105c \u0142\u0105cznie oko\u0142o 220 miejsc noclegowych. Restauracja Graf serwuje kuchni\u0119 polsk\u0105 i mi\u0119dzynarodow\u0105 w pa\u0142acowych wn\u0119trzach. Natomiast Jazz Pub i Muzeum Pa\u0142ac Sulis\u0142aw wzbogacaj\u0105 ofert\u0119 kulturaln\u0105.<\/p>\n\n\n\n<p>Na terenie obiektu znajduje si\u0119 r\u00f3wnie\u017c Marina z prywatn\u0105 pla\u017c\u0105, stawy rybne, strzelnica golfowa oraz tereny le\u015bne, kt\u00f3re sprzyjaj\u0105 aktywno\u015bci i integracji. Go\u015bcie mog\u0105 korzysta\u0107 z basenu z funkcj\u0105 jacuzzi, \u0142a\u017ani rzymskiej i suchej, strefy SPA oraz zaj\u0119\u0107 jogi. Dzi\u0119ki temu<strong> Resort Sulis\u0142aw<\/strong> tworzy kompleksow\u0105 przestrze\u0144 zar\u00f3wno do pracy, jak i wypoczynku oraz aktywnego sp\u0119dzania czasu..<\/p>\n\n\n\n<figure class=\"wp-block-image size-full\"><a href=\"https:\/\/www.mojekonferencje.pl\/blog\/wp-content\/uploads\/2025\/10\/resort-sulislaw-4-960x580-960x580-1.webp\"><img loading=\"lazy\" decoding=\"async\" width=\"960\" height=\"580\" src=\"https:\/\/www.mojekonferencje.pl\/blog\/wp-content\/uploads\/2025\/10\/resort-sulislaw-4-960x580-960x580-1.webp\" alt=\"\" class=\"wp-image-8185 lazyload\" data-srcset=\"https:\/\/www.mojekonferencje.pl\/blog\/wp-content\/uploads\/2025\/10\/resort-sulislaw-4-960x580-960x580-1.webp 960w, https:\/\/www.mojekonferencje.pl\/blog\/wp-content\/uploads\/2025\/10\/resort-sulislaw-4-960x580-960x580-1-300x181.webp 300w, https:\/\/www.mojekonferencje.pl\/blog\/wp-content\/uploads\/2025\/10\/resort-sulislaw-4-960x580-960x580-1-768x464.webp 768w\" sizes=\"auto\" \/><\/a><\/figure>\n\n\n\n<h2 class=\"wp-block-heading has-text-align-center\"><a href=\"https:\/\/www.mojekonferencje.pl\/grodziec\/hotel-resort-bajka-1\"><mark style=\"background-color:rgba(0, 0, 0, 0)\" class=\"has-inline-color has-vivid-purple-color\"><span style=\"text-decoration: underline;\">Hotel &amp; Resort Bajka<\/span><\/mark><\/a><\/h2>\n\n\n\n<p>Po\u0142o\u017cony zaledwie 30 km od Opola <strong>Hotel &amp; Resort Bajka<\/strong> to rodzinny obiekt, kt\u00f3ry mie\u015bci si\u0119 na 28 hektarach otoczonych lasami i stawami, utrzymany w g\u00f3ralsko-alpejskim stylu. Oferuje 37 komfortowych pokoi dla 80 os\u00f3b oraz ekskluzywn\u0105 Vill\u0119 Bajka dla 9 os\u00f3b, wyposa\u017con\u0105 w saun\u0119 i nowoczesne udogodnienia.<\/p>\n\n\n\n<p>Do dyspozycji go\u015bci s\u0105 <strong>dwie sale konferencyjne dla 140 os\u00f3b<\/strong>, namiot bankietowy dla 300 os\u00f3b oraz mo\u017cliwo\u015b\u0107 organizacji imprez plenerowych dla nawet 800 uczestnik\u00f3w, wszystkie w pe\u0142ni wyposa\u017cone w projektory, ekrany i nag\u0142o\u015bnienie. Dodatkowo obiekt zapewnia basen, tereny rekreacyjne z pla\u017c\u0105, stawami i lasami oraz bogat\u0105 ofert\u0119 atrakcji sportowych i integracyjnych. Restauracja Bajka serwuje polskie i regionalne dania przygotowane ze \u015bwie\u017cych, lokalnych sk\u0142adnik\u00f3w. Dzi\u0119ki temu<strong> Hotel &amp; Resort Bajka j<\/strong>est idealnym miejscem na konferencje, szkolenia, imprezy integracyjne i okoliczno\u015bciowe w Opolszczy\u017anie.<\/p>\n\n\n\n<figure class=\"wp-block-image size-full\"><a href=\"https:\/\/www.mojekonferencje.pl\/blog\/wp-content\/uploads\/2025\/10\/1-39-960x580-1.webp\"><img loading=\"lazy\" decoding=\"async\" width=\"960\" height=\"580\" src=\"https:\/\/www.mojekonferencje.pl\/blog\/wp-content\/uploads\/2025\/10\/1-39-960x580-1.webp\" alt=\"\" class=\"wp-image-8186 lazyload\" data-srcset=\"https:\/\/www.mojekonferencje.pl\/blog\/wp-content\/uploads\/2025\/10\/1-39-960x580-1.webp 960w, https:\/\/www.mojekonferencje.pl\/blog\/wp-content\/uploads\/2025\/10\/1-39-960x580-1-300x181.webp 300w, https:\/\/www.mojekonferencje.pl\/blog\/wp-content\/uploads\/2025\/10\/1-39-960x580-1-768x464.webp 768w\" sizes=\"auto\" \/><\/a><\/figure>\n\n\n\n<h2 class=\"wp-block-heading has-text-align-center\"><a href=\"https:\/\/www.mojekonferencje.pl\/krapkowice\/zamek-moszna\"><mark style=\"background-color:rgba(0, 0, 0, 0)\" class=\"has-inline-color has-vivid-purple-color\"><span style=\"text-decoration: underline;\">Zamek Moszna<\/span><\/mark><\/a><\/h2>\n\n\n\n<p>W rankingu znalaz\u0142 si\u0119 tak\u017ce <strong>Zamek Moszna<\/strong>, kt\u00f3ry zachwyca bajkow\u0105 architektur\u0105, 99 wie\u017cami i 365 pomieszczeniami. Jednocze\u015bnie zamek dysponuje nowoczesnym zapleczem hotelowym i konferencyjnym.<\/p>\n\n\n\n<p>Do dyspozycji go\u015bci jest <strong>49 komfortowych pokoi dla 121 os\u00f3b<\/strong>, w tym apartamenty oraz pokoje Premium, Delux i Standard. Ponadto obiekt <strong>oferuje 5 sal konferencyjnych<\/strong>, od kameralnych po du\u017ce, mog\u0105ce pomie\u015bci\u0107 do<strong> 130 os\u00f3b<\/strong>. Sale wyposa\u017cone s\u0105 w projektory, ekrany i nag\u0142o\u015bnienie, co sprawia, \u017ce idealnie nadaj\u0105 si\u0119 na szkolenia, konferencje i bankiety. Na terenie zamku znajduje si\u0119 pi\u0119kny park ze stawem i alejkami oraz przestrze\u0144 do gier i zabaw integracyjnych. Dodatkowo <strong>Restauracja Zamkowa<\/strong> serwuje tradycyjne \u015bl\u0105skie i europejskie dania. Natomiast Kawiarnia Zamkowa kusi kaw\u0105 i deserami w eleganckim wn\u0119trzu lub na tarasie.<\/p>\n\n\n\n<p><strong>Zamek Moszna<\/strong> oferuje r\u00f3wnie\u017c zwiedzanie komnat, atrakcje plenerowe oraz wydarzenia kulturalne, dzi\u0119ki czemu ka\u017cdy pobyt tutaj jest wyj\u0105tkowy. Niezale\u017cnie od tego, czy przyje\u017cd\u017casz wypocz\u0105\u0107, czy zorganizowa\u0107 firmowe spotkanie w Opolszczy\u017anie.<\/p>\n\n\n\n<figure class=\"wp-block-gallery has-nested-images columns-default is-cropped wp-block-gallery-1 is-layout-flex wp-block-gallery-is-layout-flex\">\n<figure class=\"wp-block-image size-full\"><a href=\"https:\/\/www.mojekonferencje.pl\/blog\/wp-content\/uploads\/2025\/10\/dj2-960x580-1.webp\"><img loading=\"lazy\" decoding=\"async\" width=\"960\" height=\"580\" data-id=\"8187\" src=\"https:\/\/www.mojekonferencje.pl\/blog\/wp-content\/uploads\/2025\/10\/dj2-960x580-1.webp\" alt=\"\" class=\"wp-image-8187 lazyload\" data-srcset=\"https:\/\/www.mojekonferencje.pl\/blog\/wp-content\/uploads\/2025\/10\/dj2-960x580-1.webp 960w, https:\/\/www.mojekonferencje.pl\/blog\/wp-content\/uploads\/2025\/10\/dj2-960x580-1-300x181.webp 300w, https:\/\/www.mojekonferencje.pl\/blog\/wp-content\/uploads\/2025\/10\/dj2-960x580-1-768x464.webp 768w\" sizes=\"auto\" \/><\/a><\/figure>\n<\/figure>\n\n\n\n<h2 class=\"wp-block-heading has-text-align-center\"><a href=\"https:\/\/www.mojekonferencje.pl\/krapkowice\/zamkowy-mlyn\"><mark style=\"background-color:rgba(0, 0, 0, 0)\" class=\"has-inline-color has-vivid-purple-color\"><span style=\"text-decoration: underline;\">Hotel Zamkowy M\u0142yn &#8211; Krapkowice<\/span><\/mark><\/a><\/h2>\n\n\n\n<p>Po\u0142o\u017cony w urokliwej miejscowo\u015bci Krapkowice w wojew\u00f3dztwie opolskim, w zabytkowych murach m\u0142yna nad rzek\u0105 Osob\u0142og\u0105, Hotel Zamkowy M\u0142yn &#8211; Krapkowice tworzy idealne warunki do organizacji konferencji, szkole\u0144 oraz imprez firmowych.<\/p>\n\n\n\n<p>Do dyspozycji go\u015bci s\u0105<strong> trzy sale konferencyjne <\/strong>\u2013 stylowa sala g\u0142\u00f3wna dla 150 os\u00f3b, dwupoziomowa sala biesiadna oraz sala bilardowa. Wszystkie wyposa\u017cone w projektory, ekrany i nag\u0142o\u015bnienie, a dodatkowo umo\u017cliwiaj\u0105 serwowanie ciep\u0142ych i zimnych napoj\u00f3w oraz da\u0144.<\/p>\n\n\n\n<p>Hotel oferuje 50 pokoi jedno- i dwuosobowych z szybkim WiFi oraz restauracj\u0119 serwuj\u0105c\u0105 bogate menu i \u015bniadanie w formie bufetu. Dodatkowo <strong>obiekt zapewnia liczne atrakcje integracyjne<\/strong>, takie jak paintball, quady, warsztaty kulinarne, gry miejskie, imprezy nad wod\u0105, ogniska, grille oraz nauk\u0119 jazdy konnej. Dzi\u0119ki temu <strong>Hotel Zamkowy M\u0142yn <\/strong>stanowi doskona\u0142e miejsce zar\u00f3wno na pobyty biznesowe, jak i rekreacyjne w Opolszczy\u017anie.<\/p>\n\n\n\n<figure class=\"wp-block-image size-full\"><a href=\"https:\/\/www.mojekonferencje.pl\/blog\/wp-content\/uploads\/2025\/10\/zamkowy-mlyn-12-2-960x580-1.webp\"><img loading=\"lazy\" decoding=\"async\" width=\"960\" height=\"580\" src=\"https:\/\/www.mojekonferencje.pl\/blog\/wp-content\/uploads\/2025\/10\/zamkowy-mlyn-12-2-960x580-1.webp\" alt=\"\" class=\"wp-image-8188 lazyload\" data-srcset=\"https:\/\/www.mojekonferencje.pl\/blog\/wp-content\/uploads\/2025\/10\/zamkowy-mlyn-12-2-960x580-1.webp 960w, https:\/\/www.mojekonferencje.pl\/blog\/wp-content\/uploads\/2025\/10\/zamkowy-mlyn-12-2-960x580-1-300x181.webp 300w, https:\/\/www.mojekonferencje.pl\/blog\/wp-content\/uploads\/2025\/10\/zamkowy-mlyn-12-2-960x580-1-768x464.webp 768w\" sizes=\"auto\" \/><\/a><\/figure>\n\n\n\n<h2 class=\"wp-block-heading has-text-align-center\"><a href=\"https:\/\/www.mojekonferencje.pl\/kluczbork\/sommer-residence-spa-wellness\"><mark style=\"background-color:rgba(0, 0, 0, 0)\" class=\"has-inline-color has-vivid-purple-color\"><span style=\"text-decoration: underline;\">Sommer Residence SPA &amp; Wellness<\/span><\/mark><\/a><\/h2>\n\n\n\n<p>Po\u0142o\u017cony w spokojnej wsi Kuni\u00f3w na <strong>Opolszczy\u017anie Sommer Residence Spa &amp; Wellness<\/strong> to czterogwiazdkowy hotel oferuj\u0105cy elegancj\u0119 i nowoczesny komfort. Obiekt otoczony jest ogrodem z basenem, a wn\u0119trza w jasnych, przytulnych kolorach zapewniaj\u0105 relaks i wygod\u0119.<\/p>\n\n\n\n<p>Do dyspozycji s\u0105 <strong>2 sale konferencyjne dla 50\u2013200 os\u00f3b<\/strong> oraz<strong> Sala Kominkowa<\/strong> na kameralne spotkania. Wszystkie sale s\u0105 wyposa\u017cone w sprz\u0119t multimedialny i nag\u0142o\u015bnienie. Hotel oferuje<strong> 80 miejsc noclegowych w pokojach<\/strong> standard, premium i domkach. Restauracja serwuje nowoczesn\u0105 kuchni\u0119 polsk\u0105 z lokalnych produkt\u00f3w.<\/p>\n\n\n\n<p>Go\u015bcie mog\u0105 korzysta\u0107 z <strong>luksusowego SPA, 7 saun, jacuzzi <\/strong>i basenu zewn\u0119trznego, bogatej oferty masa\u017cy i zabieg\u00f3w wellness. <strong>Sommer Residence Spa &amp; Wellness <\/strong>to idealne miejsce na konferencje, szkolenia, integracj\u0119 i wypoczynek w Opolszczy\u017anie.<\/p>\n\n\n\n<figure class=\"wp-block-image size-full\"><a href=\"https:\/\/www.mojekonferencje.pl\/blog\/wp-content\/uploads\/2025\/10\/482a6585-960x580-1.webp\"><img loading=\"lazy\" decoding=\"async\" width=\"960\" height=\"580\" src=\"https:\/\/www.mojekonferencje.pl\/blog\/wp-content\/uploads\/2025\/10\/482a6585-960x580-1.webp\" alt=\"\" class=\"wp-image-8189 lazyload\" data-srcset=\"https:\/\/www.mojekonferencje.pl\/blog\/wp-content\/uploads\/2025\/10\/482a6585-960x580-1.webp 960w, https:\/\/www.mojekonferencje.pl\/blog\/wp-content\/uploads\/2025\/10\/482a6585-960x580-1-300x181.webp 300w, https:\/\/www.mojekonferencje.pl\/blog\/wp-content\/uploads\/2025\/10\/482a6585-960x580-1-768x464.webp 768w\" sizes=\"auto\" \/><\/a><\/figure>\n\n\n\n<p>Opolszczyzna oferuje <strong>hotele w zabytkowych pa\u0142acach oraz na obrze\u017cach miast<\/strong>. Komfort, elegancja i profesjonalna obs\u0142uga sprawiaj\u0105, \u017ce s\u0105 idealnym miejscem na relaks, aktywno\u015b\u0107 i niezapomniane wydarzenia firmowe, w tym spotkania i konferencje. Je\u015bli jeste\u015bcie zainteresowani Opolszczyzn\u0105, zajrzyjcie do poprzedniego artyku\u0142u o <a href=\"https:\/\/www.mojekonferencje.pl\/blog\/3-gwiazdkowe-hotele-w-wojewodztwie-opolskim-wygoda-w-sercu-regionu\/\">3-gwiazdkowych hotelach w woj. opolskim<\/a>.<\/p>\n\n\n\n<p><\/p>\n","protected":false},"excerpt":{"rendered":"<p>Opolszczyzna to region pe\u0142en historii, zieleni i niezwyk\u0142ych hoteli, idealnych na spotkania biznesowe. Odkryj najlepsze miejsca na konferencje<\/p>\n","protected":false},"author":21,"featured_media":8192,"comment_status":"closed","ping_status":"closed","sticky":false,"template":"","format":"standard","meta":{"_acf_changed":false,"footnotes":""},"categories":[8,175],"tags":[485,486,483,484],"class_list":["post-8184","post","type-post","status-publish","format-standard","has-post-thumbnail","hentry","category-porady","category-wybieranie-miejsca-konferencyjnego","tag-hotele-na-obrzezach-miast","tag-hotele-w-opolszczyznie","tag-hotele-w-zabytkowych-palacach","tag-noclegi-w-opolszczyznie"],"acf":[],"yoast_head":"<!-- This site is optimized with the Yoast SEO plugin v27.1.1 - https:\/\/yoast.com\/product\/yoast-seo-wordpress\/ -->\n<title>Hotele w Opolszczy\u017anie z wyj\u0105tkow\u0105 lokalizacj\u0105\u2013 w zabytkowych pa\u0142acach i na obrze\u017cach miasta - blog | MojeKonferencje.pl<\/title>\n<meta name=\"description\" content=\"Hotele w Opolszczy\u017anie z wyj\u0105tkow\u0105 lokalizacj\u0105\u2013 w zabytkowych pa\u0142acach i na obrze\u017cach miasta - blog | MojeKonferencje.pl\" \/>\n<meta name=\"robots\" content=\"index, follow, max-snippet:-1, max-image-preview:large, max-video-preview:-1\" \/>\n<link rel=\"canonical\" href=\"https:\/\/www.mojekonferencje.pl\/blog\/hotele-w-opolszczyznie-z-wyjatkowa-lokalizacja-w-zabytkowych-palacach-i-na-obrzezach-miasta\/\" \/>\n<meta property=\"og:locale\" content=\"pl_PL\" \/>\n<meta property=\"og:type\" content=\"article\" \/>\n<meta property=\"og:title\" content=\"Hotele w Opolszczy\u017anie z wyj\u0105tkow\u0105 lokalizacj\u0105\u2013 w zabytkowych pa\u0142acach i na obrze\u017cach miasta - blog | MojeKonferencje.pl\" \/>\n<meta property=\"og:description\" content=\"Hotele w Opolszczy\u017anie z wyj\u0105tkow\u0105 lokalizacj\u0105\u2013 w zabytkowych pa\u0142acach i na obrze\u017cach miasta - blog | MojeKonferencje.pl\" \/>\n<meta property=\"og:url\" content=\"https:\/\/www.mojekonferencje.pl\/blog\/hotele-w-opolszczyznie-z-wyjatkowa-lokalizacja-w-zabytkowych-palacach-i-na-obrzezach-miasta\/\" \/>\n<meta property=\"og:site_name\" content=\"MojeKonferencje.pl\" \/>\n<meta property=\"article:published_time\" content=\"2025-10-17T07:00:00+00:00\" \/>\n<meta property=\"article:modified_time\" content=\"2025-10-19T16:19:21+00:00\" \/>\n<meta property=\"og:image\" content=\"https:\/\/www.mojekonferencje.pl\/blog\/wp-content\/uploads\/2025\/10\/Fotoram.io-2025-10-16T103857.264.jpg\" \/>\n\t<meta property=\"og:image:width\" content=\"1200\" \/>\n\t<meta property=\"og:image:height\" content=\"708\" \/>\n\t<meta property=\"og:image:type\" content=\"image\/jpeg\" \/>\n<meta name=\"author\" content=\"Julia Gadomska\" \/>\n<meta name=\"twitter:card\" content=\"summary_large_image\" \/>\n<meta name=\"twitter:label1\" content=\"Napisane przez\" \/>\n\t<meta name=\"twitter:data1\" content=\"Julia Gadomska\" \/>\n\t<meta name=\"twitter:label2\" content=\"Szacowany czas czytania\" \/>\n\t<meta name=\"twitter:data2\" content=\"6 minut\" \/>\n<script type=\"application\/ld+json\" class=\"yoast-schema-graph\">{\"@context\":\"https:\/\/schema.org\",\"@graph\":[{\"@type\":\"Article\",\"@id\":\"https:\/\/www.mojekonferencje.pl\/blog\/hotele-w-opolszczyznie-z-wyjatkowa-lokalizacja-w-zabytkowych-palacach-i-na-obrzezach-miasta\/#article\",\"isPartOf\":{\"@id\":\"https:\/\/www.mojekonferencje.pl\/blog\/hotele-w-opolszczyznie-z-wyjatkowa-lokalizacja-w-zabytkowych-palacach-i-na-obrzezach-miasta\/\"},\"author\":{\"name\":\"Julia Gadomska\",\"@id\":\"https:\/\/www.mojekonferencje.pl\/blog\/#\/schema\/person\/7d6985dc3741882ea12e03b1c3997043\"},\"headline\":\"Hotele w Opolszczy\u017anie z wyj\u0105tkow\u0105 lokalizacj\u0105\u2013 w zabytkowych pa\u0142acach i na obrze\u017cach miasta\",\"datePublished\":\"2025-10-17T07:00:00+00:00\",\"dateModified\":\"2025-10-19T16:19:21+00:00\",\"mainEntityOfPage\":{\"@id\":\"https:\/\/www.mojekonferencje.pl\/blog\/hotele-w-opolszczyznie-z-wyjatkowa-lokalizacja-w-zabytkowych-palacach-i-na-obrzezach-miasta\/\"},\"wordCount\":934,\"image\":{\"@id\":\"https:\/\/www.mojekonferencje.pl\/blog\/hotele-w-opolszczyznie-z-wyjatkowa-lokalizacja-w-zabytkowych-palacach-i-na-obrzezach-miasta\/#primaryimage\"},\"thumbnailUrl\":\"https:\/\/www.mojekonferencje.pl\/blog\/wp-content\/uploads\/2025\/10\/Fotoram.io-2025-10-16T103857.264.jpg\",\"keywords\":[\"hotele na obrze\u017cach miast\",\"hotele w Opolszczy\u017anie\",\"hotele w zabytkowych pa\u0142acach\",\"noclegi w Opolszczy\u017anie\"],\"articleSection\":[\"Porady\",\"Wybieranie miejsca konferencyjnego\"],\"inLanguage\":\"pl-PL\"},{\"@type\":\"WebPage\",\"@id\":\"https:\/\/www.mojekonferencje.pl\/blog\/hotele-w-opolszczyznie-z-wyjatkowa-lokalizacja-w-zabytkowych-palacach-i-na-obrzezach-miasta\/\",\"url\":\"https:\/\/www.mojekonferencje.pl\/blog\/hotele-w-opolszczyznie-z-wyjatkowa-lokalizacja-w-zabytkowych-palacach-i-na-obrzezach-miasta\/\",\"name\":\"Hotele w Opolszczy\u017anie z wyj\u0105tkow\u0105 lokalizacj\u0105\u2013 w zabytkowych pa\u0142acach i na obrze\u017cach miasta - blog | MojeKonferencje.pl\",\"isPartOf\":{\"@id\":\"https:\/\/www.mojekonferencje.pl\/blog\/#website\"},\"primaryImageOfPage\":{\"@id\":\"https:\/\/www.mojekonferencje.pl\/blog\/hotele-w-opolszczyznie-z-wyjatkowa-lokalizacja-w-zabytkowych-palacach-i-na-obrzezach-miasta\/#primaryimage\"},\"image\":{\"@id\":\"https:\/\/www.mojekonferencje.pl\/blog\/hotele-w-opolszczyznie-z-wyjatkowa-lokalizacja-w-zabytkowych-palacach-i-na-obrzezach-miasta\/#primaryimage\"},\"thumbnailUrl\":\"https:\/\/www.mojekonferencje.pl\/blog\/wp-content\/uploads\/2025\/10\/Fotoram.io-2025-10-16T103857.264.jpg\",\"datePublished\":\"2025-10-17T07:00:00+00:00\",\"dateModified\":\"2025-10-19T16:19:21+00:00\",\"author\":{\"@id\":\"https:\/\/www.mojekonferencje.pl\/blog\/#\/schema\/person\/7d6985dc3741882ea12e03b1c3997043\"},\"description\":\"Hotele w Opolszczy\u017anie z wyj\u0105tkow\u0105 lokalizacj\u0105\u2013 w zabytkowych pa\u0142acach i na obrze\u017cach miasta - blog | MojeKonferencje.pl\",\"breadcrumb\":{\"@id\":\"https:\/\/www.mojekonferencje.pl\/blog\/hotele-w-opolszczyznie-z-wyjatkowa-lokalizacja-w-zabytkowych-palacach-i-na-obrzezach-miasta\/#breadcrumb\"},\"inLanguage\":\"pl-PL\",\"potentialAction\":[{\"@type\":\"ReadAction\",\"target\":[\"https:\/\/www.mojekonferencje.pl\/blog\/hotele-w-opolszczyznie-z-wyjatkowa-lokalizacja-w-zabytkowych-palacach-i-na-obrzezach-miasta\/\"]}]},{\"@type\":\"ImageObject\",\"inLanguage\":\"pl-PL\",\"@id\":\"https:\/\/www.mojekonferencje.pl\/blog\/hotele-w-opolszczyznie-z-wyjatkowa-lokalizacja-w-zabytkowych-palacach-i-na-obrzezach-miasta\/#primaryimage\",\"url\":\"https:\/\/www.mojekonferencje.pl\/blog\/wp-content\/uploads\/2025\/10\/Fotoram.io-2025-10-16T103857.264.jpg\",\"contentUrl\":\"https:\/\/www.mojekonferencje.pl\/blog\/wp-content\/uploads\/2025\/10\/Fotoram.io-2025-10-16T103857.264.jpg\",\"width\":1200,\"height\":708,\"caption\":\"Hotele w opolszczy\u017anie\"},{\"@type\":\"BreadcrumbList\",\"@id\":\"https:\/\/www.mojekonferencje.pl\/blog\/hotele-w-opolszczyznie-z-wyjatkowa-lokalizacja-w-zabytkowych-palacach-i-na-obrzezach-miasta\/#breadcrumb\",\"itemListElement\":[{\"@type\":\"ListItem\",\"position\":1,\"name\":\"Strona g\u0142\u00f3wna\",\"item\":\"https:\/\/www.mojekonferencje.pl\/blog\/\"},{\"@type\":\"ListItem\",\"position\":2,\"name\":\"Hotele w Opolszczy\u017anie z wyj\u0105tkow\u0105 lokalizacj\u0105\u2013 w zabytkowych pa\u0142acach i na obrze\u017cach miasta\"}]},{\"@type\":\"WebSite\",\"@id\":\"https:\/\/www.mojekonferencje.pl\/blog\/#website\",\"url\":\"https:\/\/www.mojekonferencje.pl\/blog\/\",\"name\":\"MojeKonferencje.pl\",\"description\":\"Blog bran\u017cy szkoleniowo-konferencyjnej. W\u0142\u0105cz si\u0119 do dyskusji o obiektach konferencyjnych i nowo\u015bciach z bran\u017cy! Poznaj porady odno\u015bnie organizacji konferencji, szkole\u0144 i event\u00f3w firmowych! Zach\u0119camy do wyra\u017cania opinii oraz komentarzy.\",\"potentialAction\":[{\"@type\":\"SearchAction\",\"target\":{\"@type\":\"EntryPoint\",\"urlTemplate\":\"https:\/\/www.mojekonferencje.pl\/blog\/?s={search_term_string}\"},\"query-input\":{\"@type\":\"PropertyValueSpecification\",\"valueRequired\":true,\"valueName\":\"search_term_string\"}}],\"inLanguage\":\"pl-PL\"},{\"@type\":\"Person\",\"@id\":\"https:\/\/www.mojekonferencje.pl\/blog\/#\/schema\/person\/7d6985dc3741882ea12e03b1c3997043\",\"name\":\"Julia Gadomska\",\"url\":\"https:\/\/www.mojekonferencje.pl\/blog\/author\/julia-gadomska\/\"}]}<\/script>\n<!-- \/ Yoast SEO plugin. -->","yoast_head_json":{"title":"Hotele w Opolszczy\u017anie z wyj\u0105tkow\u0105 lokalizacj\u0105\u2013 w zabytkowych pa\u0142acach i na obrze\u017cach miasta - blog | MojeKonferencje.pl","description":"Hotele w Opolszczy\u017anie z wyj\u0105tkow\u0105 lokalizacj\u0105\u2013 w zabytkowych pa\u0142acach i na obrze\u017cach miasta - blog | MojeKonferencje.pl","robots":{"index":"index","follow":"follow","max-snippet":"max-snippet:-1","max-image-preview":"max-image-preview:large","max-video-preview":"max-video-preview:-1"},"canonical":"https:\/\/www.mojekonferencje.pl\/blog\/hotele-w-opolszczyznie-z-wyjatkowa-lokalizacja-w-zabytkowych-palacach-i-na-obrzezach-miasta\/","og_locale":"pl_PL","og_type":"article","og_title":"Hotele w Opolszczy\u017anie z wyj\u0105tkow\u0105 lokalizacj\u0105\u2013 w zabytkowych pa\u0142acach i na obrze\u017cach miasta - blog | MojeKonferencje.pl","og_description":"Hotele w Opolszczy\u017anie z wyj\u0105tkow\u0105 lokalizacj\u0105\u2013 w zabytkowych pa\u0142acach i na obrze\u017cach miasta - blog | MojeKonferencje.pl","og_url":"https:\/\/www.mojekonferencje.pl\/blog\/hotele-w-opolszczyznie-z-wyjatkowa-lokalizacja-w-zabytkowych-palacach-i-na-obrzezach-miasta\/","og_site_name":"MojeKonferencje.pl","article_published_time":"2025-10-17T07:00:00+00:00","article_modified_time":"2025-10-19T16:19:21+00:00","og_image":[{"width":1200,"height":708,"url":"https:\/\/www.mojekonferencje.pl\/blog\/wp-content\/uploads\/2025\/10\/Fotoram.io-2025-10-16T103857.264.jpg","type":"image\/jpeg"}],"author":"Julia Gadomska","twitter_card":"summary_large_image","twitter_misc":{"Napisane przez":"Julia Gadomska","Szacowany czas czytania":"6 minut"},"schema":{"@context":"https:\/\/schema.org","@graph":[{"@type":"Article","@id":"https:\/\/www.mojekonferencje.pl\/blog\/hotele-w-opolszczyznie-z-wyjatkowa-lokalizacja-w-zabytkowych-palacach-i-na-obrzezach-miasta\/#article","isPartOf":{"@id":"https:\/\/www.mojekonferencje.pl\/blog\/hotele-w-opolszczyznie-z-wyjatkowa-lokalizacja-w-zabytkowych-palacach-i-na-obrzezach-miasta\/"},"author":{"name":"Julia Gadomska","@id":"https:\/\/www.mojekonferencje.pl\/blog\/#\/schema\/person\/7d6985dc3741882ea12e03b1c3997043"},"headline":"Hotele w Opolszczy\u017anie z wyj\u0105tkow\u0105 lokalizacj\u0105\u2013 w zabytkowych pa\u0142acach i na obrze\u017cach miasta","datePublished":"2025-10-17T07:00:00+00:00","dateModified":"2025-10-19T16:19:21+00:00","mainEntityOfPage":{"@id":"https:\/\/www.mojekonferencje.pl\/blog\/hotele-w-opolszczyznie-z-wyjatkowa-lokalizacja-w-zabytkowych-palacach-i-na-obrzezach-miasta\/"},"wordCount":934,"image":{"@id":"https:\/\/www.mojekonferencje.pl\/blog\/hotele-w-opolszczyznie-z-wyjatkowa-lokalizacja-w-zabytkowych-palacach-i-na-obrzezach-miasta\/#primaryimage"},"thumbnailUrl":"https:\/\/www.mojekonferencje.pl\/blog\/wp-content\/uploads\/2025\/10\/Fotoram.io-2025-10-16T103857.264.jpg","keywords":["hotele na obrze\u017cach miast","hotele w Opolszczy\u017anie","hotele w zabytkowych pa\u0142acach","noclegi w Opolszczy\u017anie"],"articleSection":["Porady","Wybieranie miejsca konferencyjnego"],"inLanguage":"pl-PL"},{"@type":"WebPage","@id":"https:\/\/www.mojekonferencje.pl\/blog\/hotele-w-opolszczyznie-z-wyjatkowa-lokalizacja-w-zabytkowych-palacach-i-na-obrzezach-miasta\/","url":"https:\/\/www.mojekonferencje.pl\/blog\/hotele-w-opolszczyznie-z-wyjatkowa-lokalizacja-w-zabytkowych-palacach-i-na-obrzezach-miasta\/","name":"Hotele w Opolszczy\u017anie z wyj\u0105tkow\u0105 lokalizacj\u0105\u2013 w zabytkowych pa\u0142acach i na obrze\u017cach miasta - blog | MojeKonferencje.pl","isPartOf":{"@id":"https:\/\/www.mojekonferencje.pl\/blog\/#website"},"primaryImageOfPage":{"@id":"https:\/\/www.mojekonferencje.pl\/blog\/hotele-w-opolszczyznie-z-wyjatkowa-lokalizacja-w-zabytkowych-palacach-i-na-obrzezach-miasta\/#primaryimage"},"image":{"@id":"https:\/\/www.mojekonferencje.pl\/blog\/hotele-w-opolszczyznie-z-wyjatkowa-lokalizacja-w-zabytkowych-palacach-i-na-obrzezach-miasta\/#primaryimage"},"thumbnailUrl":"https:\/\/www.mojekonferencje.pl\/blog\/wp-content\/uploads\/2025\/10\/Fotoram.io-2025-10-16T103857.264.jpg","datePublished":"2025-10-17T07:00:00+00:00","dateModified":"2025-10-19T16:19:21+00:00","author":{"@id":"https:\/\/www.mojekonferencje.pl\/blog\/#\/schema\/person\/7d6985dc3741882ea12e03b1c3997043"},"description":"Hotele w Opolszczy\u017anie z wyj\u0105tkow\u0105 lokalizacj\u0105\u2013 w zabytkowych pa\u0142acach i na obrze\u017cach miasta - blog | MojeKonferencje.pl","breadcrumb":{"@id":"https:\/\/www.mojekonferencje.pl\/blog\/hotele-w-opolszczyznie-z-wyjatkowa-lokalizacja-w-zabytkowych-palacach-i-na-obrzezach-miasta\/#breadcrumb"},"inLanguage":"pl-PL","potentialAction":[{"@type":"ReadAction","target":["https:\/\/www.mojekonferencje.pl\/blog\/hotele-w-opolszczyznie-z-wyjatkowa-lokalizacja-w-zabytkowych-palacach-i-na-obrzezach-miasta\/"]}]},{"@type":"ImageObject","inLanguage":"pl-PL","@id":"https:\/\/www.mojekonferencje.pl\/blog\/hotele-w-opolszczyznie-z-wyjatkowa-lokalizacja-w-zabytkowych-palacach-i-na-obrzezach-miasta\/#primaryimage","url":"https:\/\/www.mojekonferencje.pl\/blog\/wp-content\/uploads\/2025\/10\/Fotoram.io-2025-10-16T103857.264.jpg","contentUrl":"https:\/\/www.mojekonferencje.pl\/blog\/wp-content\/uploads\/2025\/10\/Fotoram.io-2025-10-16T103857.264.jpg","width":1200,"height":708,"caption":"Hotele w opolszczy\u017anie"},{"@type":"BreadcrumbList","@id":"https:\/\/www.mojekonferencje.pl\/blog\/hotele-w-opolszczyznie-z-wyjatkowa-lokalizacja-w-zabytkowych-palacach-i-na-obrzezach-miasta\/#breadcrumb","itemListElement":[{"@type":"ListItem","position":1,"name":"Strona g\u0142\u00f3wna","item":"https:\/\/www.mojekonferencje.pl\/blog\/"},{"@type":"ListItem","position":2,"name":"Hotele w Opolszczy\u017anie z wyj\u0105tkow\u0105 lokalizacj\u0105\u2013 w zabytkowych pa\u0142acach i na obrze\u017cach miasta"}]},{"@type":"WebSite","@id":"https:\/\/www.mojekonferencje.pl\/blog\/#website","url":"https:\/\/www.mojekonferencje.pl\/blog\/","name":"MojeKonferencje.pl","description":"Blog bran\u017cy szkoleniowo-konferencyjnej. W\u0142\u0105cz si\u0119 do dyskusji o obiektach konferencyjnych i nowo\u015bciach z bran\u017cy! Poznaj porady odno\u015bnie organizacji konferencji, szkole\u0144 i event\u00f3w firmowych! Zach\u0119camy do wyra\u017cania opinii oraz komentarzy.","potentialAction":[{"@type":"SearchAction","target":{"@type":"EntryPoint","urlTemplate":"https:\/\/www.mojekonferencje.pl\/blog\/?s={search_term_string}"},"query-input":{"@type":"PropertyValueSpecification","valueRequired":true,"valueName":"search_term_string"}}],"inLanguage":"pl-PL"},{"@type":"Person","@id":"https:\/\/www.mojekonferencje.pl\/blog\/#\/schema\/person\/7d6985dc3741882ea12e03b1c3997043","name":"Julia Gadomska","url":"https:\/\/www.mojekonferencje.pl\/blog\/author\/julia-gadomska\/"}]}},"_links":{"self":[{"href":"https:\/\/www.mojekonferencje.pl\/blog\/wp-json\/wp\/v2\/posts\/8184","targetHints":{"allow":["GET"]}}],"collection":[{"href":"https:\/\/www.mojekonferencje.pl\/blog\/wp-json\/wp\/v2\/posts"}],"about":[{"href":"https:\/\/www.mojekonferencje.pl\/blog\/wp-json\/wp\/v2\/types\/post"}],"author":[{"embeddable":true,"href":"https:\/\/www.mojekonferencje.pl\/blog\/wp-json\/wp\/v2\/users\/21"}],"replies":[{"embeddable":true,"href":"https:\/\/www.mojekonferencje.pl\/blog\/wp-json\/wp\/v2\/comments?post=8184"}],"version-history":[{"count":8,"href":"https:\/\/www.mojekonferencje.pl\/blog\/wp-json\/wp\/v2\/posts\/8184\/revisions"}],"predecessor-version":[{"id":8208,"href":"https:\/\/www.mojekonferencje.pl\/blog\/wp-json\/wp\/v2\/posts\/8184\/revisions\/8208"}],"wp:featuredmedia":[{"embeddable":true,"href":"https:\/\/www.mojekonferencje.pl\/blog\/wp-json\/wp\/v2\/media\/8192"}],"wp:attachment":[{"href":"https:\/\/www.mojekonferencje.pl\/blog\/wp-json\/wp\/v2\/media?parent=8184"}],"wp:term":[{"taxonomy":"category","embeddable":true,"href":"https:\/\/www.mojekonferencje.pl\/blog\/wp-json\/wp\/v2\/categories?post=8184"},{"taxonomy":"post_tag","embeddable":true,"href":"https:\/\/www.mojekonferencje.pl\/blog\/wp-json\/wp\/v2\/tags?post=8184"}],"curies":[{"name":"wp","href":"https:\/\/api.w.org\/{rel}","templated":true}]}}