{"id":8209,"date":"2025-10-20T09:00:00","date_gmt":"2025-10-20T07:00:00","guid":{"rendered":"https:\/\/www.mojekonferencje.pl\/blog\/?p=8209"},"modified":"2025-10-23T13:25:00","modified_gmt":"2025-10-23T11:25:00","slug":"najwieksze-obiekty-konferencyjne-w-polsce-gdzie-zorganizowac-wydarzenie-na-tysiac-osob-i-wiecej","status":"publish","type":"post","link":"https:\/\/www.mojekonferencje.pl\/blog\/najwieksze-obiekty-konferencyjne-w-polsce-gdzie-zorganizowac-wydarzenie-na-tysiac-osob-i-wiecej\/","title":{"rendered":"Najwi\u0119ksze obiekty konferencyjne w Polsce \u2013 gdzie zorganizowa\u0107 wydarzenie na tysi\u0105c os\u00f3b i wi\u0119cej?"},"content":{"rendered":"\n<p>Organizacja du\u017cych konferencji, kongres\u00f3w czy event\u00f3w firmowych to wyzwanie wymagaj\u0105ce nie tylko dopracowanego planu, ale przede wszystkim odpowiedniego miejsca. W Polsce nie brakuje nowoczesnych obiekt\u00f3w konferencyjnych, kt\u00f3re z powodzeniem goszcz\u0105 wydarzenia na tysi\u0105c os\u00f3b i wi\u0119cej, oferuj\u0105c przestronne sale, profesjonalne zaplecze techniczne oraz pe\u0142ne wsparcie organizacyjne. <strong>W tym artykule prezentujemy <a href=\"https:\/\/www.mojekonferencje.pl\/szukaj?name=&amp;participants=1000&amp;beds=&amp;number_of_classrooms=\">najwi\u0119ksze obiekty konferencyjne w Polsce<\/a>, idealne dla organizator\u00f3w poszukuj\u0105cych przestrzeni na presti\u017cowe wydarzenia o imponuj\u0105cej skali.<\/strong><\/p>\n\n\n\n<figure class=\"wp-block-table\"><table class=\"has-fixed-layout\"><tbody><tr><td><a href=\"https:\/\/www.mojekonferencje.pl\/warszawa\/centrum-konferencyjne-legii-warszawa\">Centrum Konferencyjne Stadion Legia Warszawa<\/a><\/td><td><a href=\"https:\/\/www.mojekonferencje.pl\/wroclaw\/kopalnia-wroclaw\">Kopalnia Wroc\u0142aw<\/a><\/td><\/tr><tr><td><a href=\"https:\/\/www.mojekonferencje.pl\/lodz\/centrum-kliniczno-dydaktyczne-uniwersytetu-medycznego-w-lodzi\">Centrum Dydaktyczne Uniwersytetu Medycznego w \u0141odzi<\/a><\/td><td><a href=\"https:\/\/www.mojekonferencje.pl\/wroclaw\/terminal-event-center\">Terminal Event Center<\/a><\/td><\/tr><tr><td><a href=\"https:\/\/www.mojekonferencje.pl\/warszawa\/b-b-julinek-park\">B&amp;B Julinek Park<\/a><\/td><td><a href=\"https:\/\/www.mojekonferencje.pl\/alwernia\/alvernia-studios-\">ALVERNIA PLANET<\/a><\/td><\/tr><tr><td><a href=\"https:\/\/www.mojekonferencje.pl\/poznan\/poznan-congress-center\">Pozna\u0144 Congress Center<\/a><\/td><td><a href=\"https:\/\/www.mojekonferencje.pl\/lublin\/targi-lublin-sa\">Targi Lublin SA<\/a><\/td><\/tr><tr><td><a href=\"https:\/\/www.mojekonferencje.pl\/krakow\/tauron-arena-krakow\">TAURON Arena Krak\u00f3w<\/a><\/td><td><a href=\"https:\/\/www.mojekonferencje.pl\/warszawa\/pge-narodowy\">PGE Narodowy<\/a><\/td><\/tr><\/tbody><\/table><\/figure>\n\n\n\n<h2 class=\"wp-block-heading has-text-align-center\"><a href=\"https:\/\/www.mojekonferencje.pl\/wroclaw\/kopalnia-wroclaw\"><mark style=\"background-color:rgba(0, 0, 0, 0)\" class=\"has-inline-color has-vivid-purple-color\"><span style=\"text-decoration: underline;\">Kopalnia Wroc\u0142aw<\/span><\/mark><\/a><\/h2>\n\n\n\n<p>Zaledwie kilka kilometr\u00f3w od Wroc\u0142awia, w Paniowicach, znajduje si\u0119 wyj\u0105tkowe miejsce do letniego wypoczynku i organizacji wydarze\u0144 \u2013 <strong>Kopalnia Wroc\u0142aw<\/strong>. To przestrze\u0144, w kt\u00f3rej relaks \u0142\u0105czy si\u0119 z aktywno\u015bci\u0105, a natura spotyka si\u0119 z nowoczesn\u0105 infrastruktur\u0105. Na terenie obiektu s\u0105 trzy pla\u017ce, boiska do siatk\u00f3wki i pi\u0142ki no\u017cnej, strefa street workout, park wodny i rowerki wodne. Dzieci mog\u0105 korzysta\u0107 z placu zabaw i trampoliny, a doro\u015bli z Beach Clubu z muzyk\u0105 i le\u017cakami.<\/p>\n\n\n\n<p><strong>Kopalnia Wroc\u0142aw to tak\u017ce idealne miejsce na eventy<\/strong> \u2013 od imprez firmowych i koncert\u00f3w, po wesela i pikniki rodzinne. Ogromny teren, zbiornik wodny o I klasie czysto\u015bci i w\u0142asna wyspa pozwalaj\u0105 organizowa\u0107 wydarzenia <strong>nawet dla 15 000 os\u00f3b<\/strong>. Zaplecze techniczne i du\u017cy parking gwarantuj\u0105 komfort i pe\u0142n\u0105 swobod\u0119 przy realizacji ka\u017cdego wydarzenia w otoczeniu natury.<\/p>\n\n\n\n<figure class=\"wp-block-image size-full\"><a href=\"https:\/\/www.mojekonferencje.pl\/blog\/wp-content\/uploads\/2025\/10\/zrzut-ekranu-2025-04-29-o-08-31-07-960x580-1.webp\"><img loading=\"lazy\" decoding=\"async\" width=\"960\" height=\"580\" src=\"https:\/\/www.mojekonferencje.pl\/blog\/wp-content\/uploads\/2025\/10\/zrzut-ekranu-2025-04-29-o-08-31-07-960x580-1.webp\" alt=\"\" class=\"wp-image-8210 lazyload\" data-srcset=\"https:\/\/www.mojekonferencje.pl\/blog\/wp-content\/uploads\/2025\/10\/zrzut-ekranu-2025-04-29-o-08-31-07-960x580-1.webp 960w, https:\/\/www.mojekonferencje.pl\/blog\/wp-content\/uploads\/2025\/10\/zrzut-ekranu-2025-04-29-o-08-31-07-960x580-1-300x181.webp 300w, https:\/\/www.mojekonferencje.pl\/blog\/wp-content\/uploads\/2025\/10\/zrzut-ekranu-2025-04-29-o-08-31-07-960x580-1-768x464.webp 768w\" sizes=\"auto\" \/><\/a><\/figure>\n\n\n\n<h2 class=\"wp-block-heading\"><a href=\"https:\/\/www.mojekonferencje.pl\/warszawa\/centrum-konferencyjne-legii-warszawa\"><mark style=\"background-color:rgba(0, 0, 0, 0)\" class=\"has-inline-color has-vivid-purple-color\"><span style=\"text-decoration: underline;\">Centrum Konferencyjne Stadion Legia Warszawa<\/span><\/mark><\/a><\/h2>\n\n\n\n<p>Zlokalizowane na terenie Stadionu Miejskiego Legii Warszawa <strong>Centrum Konferencyjne Legii Warszawa <\/strong>to nowoczesna przestrze\u0144 \u0142\u0105cz\u0105ca profesjonalizm z inspiruj\u0105c\u0105 atmosfer\u0105.<strong> Obiekt oferuje w pe\u0142ni wyposa\u017cone sale konferencyjne i bankietowe <\/strong>z panoramicznym widokiem na stadion i miasto, idealne dla spotka\u0144 biznesowych, konferencji czy szkole\u0144.<\/p>\n\n\n\n<p>Do dyspozycji s\u0105 m.in. <strong>Sala Silver i Gold, kt\u00f3re mog\u0105 \u0142\u0105cznie pomie\u015bci\u0107 ponad 1000 os\u00f3b, Biznes Klub na 1500 uczestnik\u00f3w, Skybox z widokiem na boisko oraz ekskluzywne lo\u017ce VIP<\/strong>. Wszystkie sale wyposa\u017cone s\u0105 w nowoczesny sprz\u0119t audiowizualny, szybkie \u0142\u0105cze internetowe i pe\u0142ne zaplecze multimedialne. Centrum zapewnia te\u017c <strong>du\u017cy parking, kompleksow\u0105 obs\u0142ug\u0119 i catering Belvedere Catering by Design<\/strong>, gwarantuj\u0105c komfort organizacji wydarze\u0144 na najwy\u017cszym poziomie. Ten obiekt z pewno\u015bci\u0105 mo\u017cna uzna\u0107 za jeden z najwi\u0119szkych obiekt\u00f3w konferencyjnych w Polsce.<\/p>\n\n\n\n<figure class=\"wp-block-image size-full\"><a href=\"https:\/\/www.mojekonferencje.pl\/blog\/wp-content\/uploads\/2025\/10\/skybox3-960x580-1.webp\"><img loading=\"lazy\" decoding=\"async\" width=\"960\" height=\"580\" src=\"https:\/\/www.mojekonferencje.pl\/blog\/wp-content\/uploads\/2025\/10\/skybox3-960x580-1.webp\" alt=\"\" class=\"wp-image-8211 lazyload\" data-srcset=\"https:\/\/www.mojekonferencje.pl\/blog\/wp-content\/uploads\/2025\/10\/skybox3-960x580-1.webp 960w, https:\/\/www.mojekonferencje.pl\/blog\/wp-content\/uploads\/2025\/10\/skybox3-960x580-1-300x181.webp 300w, https:\/\/www.mojekonferencje.pl\/blog\/wp-content\/uploads\/2025\/10\/skybox3-960x580-1-768x464.webp 768w\" sizes=\"auto\" \/><\/a><\/figure>\n\n\n\n<h2 class=\"wp-block-heading has-text-align-center\"><a href=\"https:\/\/www.mojekonferencje.pl\/lodz\/centrum-kliniczno-dydaktyczne-uniwersytetu-medycznego-w-lodzi\"><mark style=\"background-color:rgba(0, 0, 0, 0)\" class=\"has-inline-color has-vivid-purple-color\"><span style=\"text-decoration: underline;\">Centrum Dydaktyczne Uniwersytetu Medycznego w \u0141odzi<\/span><\/mark><\/a><\/h2>\n\n\n\n<p>W \u0141odzi, na terenie Uniwersytetu Medycznego, znajduje si\u0119 nowoczesny obiekt konferencyjny &#8211; <strong>Centrum Dydaktyczne<\/strong>. Obiekt dysponuje przestronnymi aulami i mniejszymi salami szkoleniowymi, dzi\u0119ki czemu \u015bwietnie nadaje si\u0119 do organizacji konferencji, sympozj\u00f3w czy warsztat\u00f3w. <strong>Najwi\u0119ksza aula mo\u017ce pomie\u015bci\u0107 nawet 1000 os\u00f3b<\/strong>, a nowoczesne zaplecze techniczne oraz parking na <strong>1500 miejsc <\/strong>zapewniaj\u0105 wygod\u0119 uczestnikom. <\/p>\n\n\n\n<p>Dodatkowo na terenie obiektu znajduje si\u0119 hostel z <strong>40 miejscami noclegowymi<\/strong>, co sprawia, \u017ce to komfortowe miejsce zar\u00f3wno na spotkania, jak i kr\u00f3tkie pobyty.<\/p>\n\n\n\n<figure class=\"wp-block-image size-full\"><a href=\"https:\/\/www.mojekonferencje.pl\/blog\/wp-content\/uploads\/2025\/10\/aula-1000-3-1000x700-960x580-1.webp\"><img loading=\"lazy\" decoding=\"async\" width=\"960\" height=\"580\" src=\"https:\/\/www.mojekonferencje.pl\/blog\/wp-content\/uploads\/2025\/10\/aula-1000-3-1000x700-960x580-1.webp\" alt=\"\" class=\"wp-image-8212 lazyload\" data-srcset=\"https:\/\/www.mojekonferencje.pl\/blog\/wp-content\/uploads\/2025\/10\/aula-1000-3-1000x700-960x580-1.webp 960w, https:\/\/www.mojekonferencje.pl\/blog\/wp-content\/uploads\/2025\/10\/aula-1000-3-1000x700-960x580-1-300x181.webp 300w, https:\/\/www.mojekonferencje.pl\/blog\/wp-content\/uploads\/2025\/10\/aula-1000-3-1000x700-960x580-1-768x464.webp 768w\" sizes=\"auto\" \/><\/a><\/figure>\n\n\n\n<h2 class=\"wp-block-heading has-text-align-center\"><a href=\"https:\/\/www.mojekonferencje.pl\/wroclaw\/terminal-event-center\"><mark style=\"background-color:rgba(0, 0, 0, 0)\" class=\"has-inline-color has-vivid-purple-color\"><span style=\"text-decoration: underline;\">Terminal Event Center<\/span><\/mark><\/a><\/h2>\n\n\n\n<p>Zaledwie 2 km od Portu Lotniczego <strong>Wroc\u0142aw Terminal Event Cente<\/strong>r to<strong> nowoczesny kompleks konferencyjno-eventowy<\/strong>, kt\u00f3ry \u0142\u0105czy funkcjonalno\u015b\u0107 z komfortem. Obiekt oferuje nowoczesne sale wyposa\u017cone w klimatyzacj\u0119, szybki internet, nag\u0142o\u015bnienie, o\u015bwietlenie oraz sprz\u0119t do prezentacji, sprawdzaj\u0105c si\u0119 zar\u00f3wno przy du\u017cych eventach, jak i kameralnych szkoleniach.<\/p>\n\n\n\n<p>Najwi\u0119ksza<strong> Hala Orion o powierzchni 2900 m\u00b2 <\/strong>pomie\u015bci do 2700 os\u00f3b stoj\u0105cych lub 1500 w uk\u0142adzie teatralnym. Dwie mniejsze sale \u2013 <strong>Galileo i Pioneer<\/strong> \u2013 oraz<strong> <\/strong>trzy sale Hotelu Terminal <strong>\u2013<\/strong> <strong>Apollo, Odyssey i Voyager <\/strong>\u2013 zapewniaj\u0105 przestrze\u0144 dostosowan\u0105 do ka\u017cdego wydarzenia.<\/p>\n\n\n\n<p>Go\u015bcie mog\u0105 tak\u017ce skorzysta\u0107 z <strong>51 nowoczesnych pokoi Hotelu Terminal<\/strong>.  <strong>Restauracja Rakietowa<\/strong> oferuje wy\u015bmienite dania kuchni polskiej i europejskiej oraz profesjonalny catering eventowy. <strong>Terminal Event Center<\/strong> to kompleks, kt\u00f3ry gwarantuje komfort, wygod\u0119 i pe\u0142ne wsparcie przy organizacji wydarze\u0144.<\/p>\n\n\n\n<figure class=\"wp-block-image size-large\"><a href=\"https:\/\/www.mojekonferencje.pl\/blog\/wp-content\/uploads\/2025\/10\/416019264-122114546984144509-5215930361151516406-n-1500x_.webp\"><img loading=\"lazy\" decoding=\"async\" width=\"1024\" height=\"683\" src=\"https:\/\/www.mojekonferencje.pl\/blog\/wp-content\/uploads\/2025\/10\/416019264-122114546984144509-5215930361151516406-n-1500x_-1024x683.webp\" alt=\"\" class=\"wp-image-8213 lazyload\" data-srcset=\"https:\/\/www.mojekonferencje.pl\/blog\/wp-content\/uploads\/2025\/10\/416019264-122114546984144509-5215930361151516406-n-1500x_-1024x683.webp 1024w, https:\/\/www.mojekonferencje.pl\/blog\/wp-content\/uploads\/2025\/10\/416019264-122114546984144509-5215930361151516406-n-1500x_-300x200.webp 300w, https:\/\/www.mojekonferencje.pl\/blog\/wp-content\/uploads\/2025\/10\/416019264-122114546984144509-5215930361151516406-n-1500x_-768x512.webp 768w, https:\/\/www.mojekonferencje.pl\/blog\/wp-content\/uploads\/2025\/10\/416019264-122114546984144509-5215930361151516406-n-1500x_.webp 1500w\" sizes=\"auto\" \/><\/a><\/figure>\n\n\n\n<h2 class=\"wp-block-heading has-text-align-center\"><a href=\"https:\/\/www.mojekonferencje.pl\/warszawa\/b-b-julinek-park\"><mark style=\"background-color:rgba(0, 0, 0, 0)\" class=\"has-inline-color has-vivid-purple-color\"><span style=\"text-decoration: underline;\">B&amp;B Julinek Park<\/span><\/mark><\/a><\/h2>\n\n\n\n<p>Po\u0142o\u017cony w sercu Puszczy Kampinoskiej pod Warszaw\u0105, <strong>B&amp;B Julinek Park <\/strong>to kameralny obiekt noclegowy w kompleksie Park Julinek. Jest to idealne miejsce na konferencje, szkolenia, eventy firmowe i spotkania okoliczno\u015bciowe. Historyczne budynki dawnej bazy cyrkowej zosta\u0142y zrewitalizowane, tworz\u0105c unikatow\u0105 przestrze\u0144 eventow\u0105, w tym <strong>Du\u017c\u0105 Aren\u0119 (1400 m\u00b2), Ma\u0142\u0105 Aren\u0119 (300 m\u00b2 + 111 m\u00b2) <\/strong>oraz <strong>nowoczesn\u0105 stref\u0119 eventow\u0105 dla 4000 os\u00f3b<\/strong> z namiotami, tarasami i pe\u0142nym zapleczem technicznym.<\/p>\n\n\n\n<p>Obiekt oferuje <strong>61 komfortowych pokoi dla 178 os\u00f3b<\/strong>, bezp\u0142atny parking i Wi-Fi. Natomiast kompleksowa obs\u0142uga cateringowa oraz menu konferencyjne i piknikowe zapewniaj\u0105 wygod\u0119 organizacji wydarze\u0144. Dodatkowo na terenie <strong>Julinek Park<\/strong> znajduje si\u0119 park rekreacyjny z parkiem linowym, parkiem wodnym, weso\u0142ym miasteczkiem, minigolfem i \u015bciank\u0105 wspinaczkow\u0105. <\/p>\n\n\n\n<figure class=\"wp-block-image size-full\"><a href=\"https:\/\/www.mojekonferencje.pl\/blog\/wp-content\/uploads\/2025\/10\/img-6hfgge-800-600-960x580-2.webp\"><img loading=\"lazy\" decoding=\"async\" width=\"960\" height=\"580\" src=\"https:\/\/www.mojekonferencje.pl\/blog\/wp-content\/uploads\/2025\/10\/img-6hfgge-800-600-960x580-2.webp\" alt=\"\" class=\"wp-image-8215 lazyload\" data-srcset=\"https:\/\/www.mojekonferencje.pl\/blog\/wp-content\/uploads\/2025\/10\/img-6hfgge-800-600-960x580-2.webp 960w, https:\/\/www.mojekonferencje.pl\/blog\/wp-content\/uploads\/2025\/10\/img-6hfgge-800-600-960x580-2-300x181.webp 300w, https:\/\/www.mojekonferencje.pl\/blog\/wp-content\/uploads\/2025\/10\/img-6hfgge-800-600-960x580-2-768x464.webp 768w\" sizes=\"auto\" \/><\/a><\/figure>\n\n\n\n<h2 class=\"wp-block-heading has-text-align-center\"><a href=\"https:\/\/www.mojekonferencje.pl\/alwernia\/alvernia-studios-\"><mark style=\"background-color:rgba(0, 0, 0, 0)\" class=\"has-inline-color has-vivid-purple-color\"><span style=\"text-decoration: underline;\">ALVERNIA PLANET<\/span><\/mark><\/a><\/h2>\n\n\n\n<p>Zaledwie 30 km od Krakowa i 10 km od lotniska Balice<strong> Alvernia Planet<\/strong>. Jest to <strong>najwi\u0119ksze studio filmowe w Polsce i jedno z najnowocze\u015bniejszych w Europie,<\/strong> idealne na eventy korporacyjne, pokazy mody, koncerty, konferencje i szkolenia. Futurystyczna architektura i nowoczesne wyposa\u017cenie sprawiaj\u0105, \u017ce miejsce przyci\u0105ga uwag\u0119 i gwarantuje niezapomniane wra\u017cenia.<\/p>\n\n\n\n<p>Obiekt oferuje <strong>dwie klimatyzowane kopu\u0142y (2000 m\u00b2 i 1700 m\u00b2)<\/strong> z profesjonalnym o\u015bwietleniem, nag\u0142o\u015bnieniem, garderobami i stanowiskami do charakteryzacji. Dost\u0119pna jest r\u00f3wnie\u017c sala kinowa z ekranem 4K i nag\u0142o\u015bnieniem Dolby Premier. Jednorazowo mo\u017cna tu <strong>zorganizowa\u0107 wydarzenie dla do 3000 os\u00f3b stoj\u0105cych lub 1700 siedz\u0105cych<\/strong>, a przestrze\u0144 mo\u017cna rozbudowa\u0107 zgodnie z potrzebami.<\/p>\n\n\n\n<p>Dodatkowo obiekt <strong>dysponuje zapleczem cateringowym i technicznym, parkingiem na 200 samochod\u00f3w<\/strong>, l\u0105dowiskiem dla helikopter\u00f3w. Istnieje r\u00f3wnie\u017c mo\u017cliwo\u015b\u0107 organizacji wycieczek studyjnych i warsztat\u00f3w filmowych.<\/p>\n\n\n\n<figure class=\"wp-block-image size-full\"><a href=\"https:\/\/www.mojekonferencje.pl\/blog\/wp-content\/uploads\/2025\/10\/alvernia-studios-z-gory-960x580-1.webp\"><img loading=\"lazy\" decoding=\"async\" width=\"960\" height=\"580\" src=\"https:\/\/www.mojekonferencje.pl\/blog\/wp-content\/uploads\/2025\/10\/alvernia-studios-z-gory-960x580-1.webp\" alt=\"\" class=\"wp-image-8216 lazyload\" data-srcset=\"https:\/\/www.mojekonferencje.pl\/blog\/wp-content\/uploads\/2025\/10\/alvernia-studios-z-gory-960x580-1.webp 960w, https:\/\/www.mojekonferencje.pl\/blog\/wp-content\/uploads\/2025\/10\/alvernia-studios-z-gory-960x580-1-300x181.webp 300w, https:\/\/www.mojekonferencje.pl\/blog\/wp-content\/uploads\/2025\/10\/alvernia-studios-z-gory-960x580-1-768x464.webp 768w\" sizes=\"auto\" \/><\/a><\/figure>\n\n\n\n<h2 class=\"wp-block-heading has-text-align-center\"><a href=\"https:\/\/www.mojekonferencje.pl\/poznan\/poznan-congress-center\"><mark style=\"background-color:rgba(0, 0, 0, 0)\" class=\"has-inline-color has-vivid-purple-color\"><span style=\"text-decoration: underline;\">Pozna\u0144 Congress Center<\/span><\/mark><\/a><\/h2>\n\n\n\n<p>Po\u0142o\u017cone na terenie Mi\u0119dzynarodowych Targ\u00f3w Pozna\u0144skich <strong>Pozna\u0144 Congress Center<\/strong> to nowoczesne centrum kongresowe z ponad<strong> 4 000 miejscami konferencyjnymi, 38 salami o regulowanej wielko\u015bci<\/strong> <strong>i przestronnym foyer (2 250 m\u00b2)<\/strong>. Po\u0142\u0105czenie z pawilonami wystawienniczymi pozwala organizowa\u0107 wydarzenia <strong>dla nawet 20 000 os\u00f3b<\/strong>.<\/p>\n\n\n\n<p>Wizyt\u00f3wk\u0105 obiektu jest <strong>Sala Ziemi dla prawie 2 000 os\u00f3b<\/strong>, przystosowana do konferencji, kongres\u00f3w, koncert\u00f3w i wydarze\u0144 sportowych. Centrum oferuje nowoczesne wyposa\u017cenie audiowizualne, szybki internet, klimatyzacj\u0119 oraz obs\u0142ug\u0119 techniczn\u0105.<\/p>\n\n\n\n<p>Profesjonalna obs\u0142uga<strong> GARDENcity <\/strong>zapewnia kompleksow\u0105 organizacj\u0119 wydarze\u0144, w tym catering, aran\u017cacj\u0119 sal, transport go\u015bci i rezerwacj\u0119 nocleg\u00f3w. Dodatkowym atutem s\u0105 ogr\u00f3d do odpoczynku oraz <strong>parking na 1 850 miejsc<\/strong>.<\/p>\n\n\n\n<figure class=\"wp-block-image size-full\"><a href=\"https:\/\/www.mojekonferencje.pl\/blog\/wp-content\/uploads\/2025\/10\/pcc-fb-cover-01-960x580-1.webp\"><img loading=\"lazy\" decoding=\"async\" width=\"960\" height=\"580\" src=\"https:\/\/www.mojekonferencje.pl\/blog\/wp-content\/uploads\/2025\/10\/pcc-fb-cover-01-960x580-1.webp\" alt=\"\" class=\"wp-image-8217 lazyload\" data-srcset=\"https:\/\/www.mojekonferencje.pl\/blog\/wp-content\/uploads\/2025\/10\/pcc-fb-cover-01-960x580-1.webp 960w, https:\/\/www.mojekonferencje.pl\/blog\/wp-content\/uploads\/2025\/10\/pcc-fb-cover-01-960x580-1-300x181.webp 300w, https:\/\/www.mojekonferencje.pl\/blog\/wp-content\/uploads\/2025\/10\/pcc-fb-cover-01-960x580-1-768x464.webp 768w\" sizes=\"auto\" \/><\/a><\/figure>\n\n\n\n<h2 class=\"wp-block-heading has-text-align-center\"><a href=\"https:\/\/www.mojekonferencje.pl\/lublin\/targi-lublin-sa\"><mark style=\"background-color:rgba(0, 0, 0, 0)\" class=\"has-inline-color has-vivid-purple-color\"><span style=\"text-decoration: underline;\">Targi Lublin SA<\/span><\/mark><\/a><\/h2>\n\n\n\n<p>Po\u0142o\u017cona w pobli\u017cu centrum miasta <strong>Infrastruktura Targ\u00f3w Lublin<\/strong> to nowoczesne i wszechstronne miejsce, idealne do organizacji wydarze\u0144 r\u00f3\u017cnej skali. Obiekt oferuje obszerny parking, profesjonalny zesp\u00f3\u0142. Indywidualne podej\u015bcie do ka\u017cdego wydarzenia sprawia, \u017ce cieszy si\u0119 zaufaniem wielu firm z ca\u0142ego wojew\u00f3dztwa.<\/p>\n\n\n\n<p>Targi Lublin dysponuj\u0105 <strong>dwiema salami konferencyjnymi (B1 i B2) dla 150 os\u00f3b ka\u017cda<\/strong>, <strong>antresol\u0105 o powierzchni 700 m\u00b2 na eventy do 600 os\u00f3b<\/strong>. Obiek zapewnia r\u00f3wnie\u017c<strong> hale A i C \u2013 odpowiednio na 1 500 i 5 000 uczestnik\u00f3w<\/strong>. Uniwersalna przestrze\u0144 umo\u017cliwia organizacj\u0119 koncert\u00f3w, pokaz\u00f3w teatralnych, wydarze\u0144 sportowych, w tym zawod\u00f3w je\u017adzieckich czy mistrzostw akrobatyki powietrznej.<\/p>\n\n\n\n<p>Ponadto obiekt oferuje pe\u0142ne zaplecze multimedialne, catering, aran\u017cacj\u0119 przestrzeni i wynajem sprz\u0119tu. Dzi\u0119ki temu istnieje mo\u017cliwo\u015b\u0107 dopasowania wydarzenia do indywidualnych potrzeb. Wszystko, to sprawia, \u017ce Targi Lublin SA to jedno z najlepszych a zarazem najwi\u0119kszych centr\u00f3w konferencyjnych w Polsce.<\/p>\n\n\n\n<figure class=\"wp-block-image size-full\"><a href=\"https:\/\/www.mojekonferencje.pl\/blog\/wp-content\/uploads\/2025\/10\/7234822-960x580-1.webp\"><img loading=\"lazy\" decoding=\"async\" width=\"960\" height=\"580\" src=\"https:\/\/www.mojekonferencje.pl\/blog\/wp-content\/uploads\/2025\/10\/7234822-960x580-1.webp\" alt=\"\" class=\"wp-image-8218 lazyload\" data-srcset=\"https:\/\/www.mojekonferencje.pl\/blog\/wp-content\/uploads\/2025\/10\/7234822-960x580-1.webp 960w, https:\/\/www.mojekonferencje.pl\/blog\/wp-content\/uploads\/2025\/10\/7234822-960x580-1-300x181.webp 300w, https:\/\/www.mojekonferencje.pl\/blog\/wp-content\/uploads\/2025\/10\/7234822-960x580-1-768x464.webp 768w\" sizes=\"auto\" \/><\/a><\/figure>\n\n\n\n<h2 class=\"wp-block-heading has-text-align-center\"><a href=\"https:\/\/www.mojekonferencje.pl\/krakow\/tauron-arena-krakow\"><mark style=\"background-color:rgba(0, 0, 0, 0)\" class=\"has-inline-color has-vivid-purple-color\"><span style=\"text-decoration: underline;\">TAURON Arena Krak\u00f3w<\/span><\/mark><\/a><\/h2>\n\n\n\n<p class=\"has-text-align-left\">To najwi\u0119ksza arena w Polsce, oferuj\u0105ca przestrze\u0144 do wydarze\u0144 kulturalnych, sportowych i biznesowych. G\u0142\u00f3wna<strong> Hala mie\u015bci ponad 20 000 os\u00f3b, a Ma\u0142a Hala 1 300 os\u00f3b<\/strong>, co pozwala na organizacj\u0119 zar\u00f3wno du\u017cych koncert\u00f3w, jak i kameralnych spotka\u0144.<\/p>\n\n\n\n<p class=\"has-text-align-left\">Dla biznesu dost\u0119pne s\u0105 <strong>dwie sale konferencyjne oraz ekskluzywne Lo\u017ce VIP<\/strong>, a wszystkie przestrzenie wyposa\u017cone s\u0105 w nowoczesny sprz\u0119t multimedialny. Arena oferuje r\u00f3wnie\u017c szerok\u0105 ofert\u0119 gastronomiczn\u0105 i komfortowe punkty relaksu.<\/p>\n\n\n\n<p class=\"has-text-align-left\">Dodatkowo obiekt dysponuje<strong> imponuj\u0105cym systemem multimedialnym<\/strong>, w tym najwi\u0119kszym ekranem LED w Europie. Otoczony jest terenami zielonymi i promenadami, co czyni go idealnym miejscem na wydarzenia r\u00f3\u017cnego typu.<\/p>\n\n\n\n<figure class=\"wp-block-image size-full\"><a href=\"https:\/\/www.mojekonferencje.pl\/blog\/wp-content\/uploads\/2025\/10\/444503226-891198233037546-8768955011156000292-n-960x580-1.webp\"><img loading=\"lazy\" decoding=\"async\" width=\"960\" height=\"580\" src=\"https:\/\/www.mojekonferencje.pl\/blog\/wp-content\/uploads\/2025\/10\/444503226-891198233037546-8768955011156000292-n-960x580-1.webp\" alt=\"\" class=\"wp-image-8219 lazyload\" data-srcset=\"https:\/\/www.mojekonferencje.pl\/blog\/wp-content\/uploads\/2025\/10\/444503226-891198233037546-8768955011156000292-n-960x580-1.webp 960w, https:\/\/www.mojekonferencje.pl\/blog\/wp-content\/uploads\/2025\/10\/444503226-891198233037546-8768955011156000292-n-960x580-1-300x181.webp 300w, https:\/\/www.mojekonferencje.pl\/blog\/wp-content\/uploads\/2025\/10\/444503226-891198233037546-8768955011156000292-n-960x580-1-768x464.webp 768w\" sizes=\"auto\" \/><\/a><\/figure>\n\n\n\n<h2 class=\"wp-block-heading has-text-align-center\"><a href=\"https:\/\/www.mojekonferencje.pl\/warszawa\/pge-narodowy\"><mark style=\"background-color:rgba(0, 0, 0, 0)\" class=\"has-inline-color has-vivid-purple-color\"><span style=\"text-decoration: underline;\">PGE Narodowy<\/span><\/mark><\/a><\/h2>\n\n\n\n<p>Jest to <strong>jedna z najnowocze\u015bniejszych aren wielofunkcyjnych w Europie<\/strong> i najwi\u0119kszy stadion w Polsce, posiadaj\u0105cy najwy\u017csz\u0105 klas\u0119 rozgrywkow\u0105 \u201eUEFA Elite Stadiums\u201d. Obiekt \u0142\u0105czy funkcje sportowe, rozrywkowe i biznesowe, przyci\u0105gaj\u0105c silne marki i oferuj\u0105c liczne mo\u017cliwo\u015bci dla organizator\u00f3w wydarze\u0144.<\/p>\n\n\n\n<p>Powierzchnia biznesowa<strong> <\/strong>PGE Narodowego wynosi 50 000 m\u00b2 i obejmuje 84 pomieszczenia. <strong>Centrum Konferencyjne mo\u017ce pomie\u015bci\u0107 2 000 go\u015bci<\/strong>. <strong>Biznes Klub z Galeri\u0105 oferuje 3 200 m\u00b2 <\/strong>powierzchni dla 1 000 os\u00f3b w ustawieniu teatralnym. Dla kameralnych spotka\u0144 dost\u0119pne s\u0105 <strong>62 lo\u017ce VIP<\/strong>, kt\u00f3re mo\u017cna wynaj\u0105\u0107 zar\u00f3wno d\u0142ugoterminowo, jak i okoliczno\u015bciowo.<\/p>\n\n\n\n<p><strong>Obiekt wspiera organizacj\u0119 wydarze\u0144 hybrydowych<\/strong>, zapewnia szybki Internet, catering, obs\u0142ug\u0119 techniczn\u0105, parking podziemny oraz mo\u017cliwo\u015b\u0107 zwiedzania stadionu po zako\u0144czeniu konferencji. <strong>PGE Narodowy<\/strong> to miejsce, kt\u00f3re \u0142\u0105czy profesjonalizm, nowoczesn\u0105 infrastruktur\u0119 i wyj\u0105tkow\u0105 atmosfer\u0119 dla biznesu.<\/p>\n\n\n\n<figure class=\"wp-block-image size-full\"><a href=\"https:\/\/www.mojekonferencje.pl\/blog\/wp-content\/uploads\/2025\/10\/pge-narodowy-konferencje-warszawa-960x580-1.webp\"><img loading=\"lazy\" decoding=\"async\" width=\"960\" height=\"580\" src=\"https:\/\/www.mojekonferencje.pl\/blog\/wp-content\/uploads\/2025\/10\/pge-narodowy-konferencje-warszawa-960x580-1.webp\" alt=\"\" class=\"wp-image-8220 lazyload\" data-srcset=\"https:\/\/www.mojekonferencje.pl\/blog\/wp-content\/uploads\/2025\/10\/pge-narodowy-konferencje-warszawa-960x580-1.webp 960w, https:\/\/www.mojekonferencje.pl\/blog\/wp-content\/uploads\/2025\/10\/pge-narodowy-konferencje-warszawa-960x580-1-300x181.webp 300w, https:\/\/www.mojekonferencje.pl\/blog\/wp-content\/uploads\/2025\/10\/pge-narodowy-konferencje-warszawa-960x580-1-768x464.webp 768w\" sizes=\"auto\" \/><\/a><\/figure>\n\n\n\n<p><\/p>\n\n\n\n<p>Wyb\u00f3r obiektu na wydarzenie dla tysi\u0105ca os\u00f3b i wi\u0119cej wymaga uwzgl\u0119dnienia powierzchni, wyposa\u017cenia, lokalizacji oraz zaplecza technicznego i gastronomicznego. <strong>Najwi\u0119ksze centra kongresowe i areny w Polsce <\/strong>oferuj\u0105 nowoczesne technologie, elastyczne przestrzenie i profesjonaln\u0105 obs\u0142ug\u0119, co pozwala zorganizowa\u0107 konferencje, szkolenia czy eventy kulturalne na najwy\u017cszym poziomie.<\/p>\n","protected":false},"excerpt":{"rendered":"<p>Planujesz du\u017c\u0105 konferencj\u0119 lub event firmowy? W Polsce nie brakuje nowoczesnych obiekt\u00f3w z przestronnymi salami i profesjonalnym zapleczem, idealnych na presti\u017cowe wydarzenia na tysi\u0105ce os\u00f3b.<\/p>\n","protected":false},"author":21,"featured_media":8224,"comment_status":"closed","ping_status":"closed","sticky":false,"template":"","format":"standard","meta":{"_acf_changed":false,"footnotes":""},"categories":[8,175],"tags":[492,491,271,493],"class_list":["post-8209","post","type-post","status-publish","format-standard","has-post-thumbnail","hentry","category-porady","category-wybieranie-miejsca-konferencyjnego","tag-centra-kongresowe-polska","tag-duze-obiekty-eventowe","tag-hotele-konferencyjne","tag-konferencje-na-1000-osob"],"acf":[],"yoast_head":"<!-- This site is optimized with the Yoast SEO plugin v27.1.1 - https:\/\/yoast.com\/product\/yoast-seo-wordpress\/ -->\n<title>Najwi\u0119ksze obiekty konferencyjne w Polsce \u2013 gdzie zorganizowa\u0107 wydarzenie na tysi\u0105c os\u00f3b i wi\u0119cej? - blog | MojeKonferencje.pl<\/title>\n<meta name=\"description\" content=\"Najwi\u0119ksze obiekty konferencyjne w Polsce \u2013 gdzie zorganizowa\u0107 wydarzenie na tysi\u0105c os\u00f3b i wi\u0119cej? - blog | MojeKonferencje.pl\" \/>\n<meta name=\"robots\" content=\"index, follow, max-snippet:-1, max-image-preview:large, max-video-preview:-1\" \/>\n<link rel=\"canonical\" href=\"https:\/\/www.mojekonferencje.pl\/blog\/najwieksze-obiekty-konferencyjne-w-polsce-gdzie-zorganizowac-wydarzenie-na-tysiac-osob-i-wiecej\/\" \/>\n<meta property=\"og:locale\" content=\"pl_PL\" \/>\n<meta property=\"og:type\" content=\"article\" \/>\n<meta property=\"og:title\" content=\"Najwi\u0119ksze obiekty konferencyjne w Polsce \u2013 gdzie zorganizowa\u0107 wydarzenie na tysi\u0105c os\u00f3b i wi\u0119cej? - blog | MojeKonferencje.pl\" \/>\n<meta property=\"og:description\" content=\"Najwi\u0119ksze obiekty konferencyjne w Polsce \u2013 gdzie zorganizowa\u0107 wydarzenie na tysi\u0105c os\u00f3b i wi\u0119cej? - blog | MojeKonferencje.pl\" \/>\n<meta property=\"og:url\" content=\"https:\/\/www.mojekonferencje.pl\/blog\/najwieksze-obiekty-konferencyjne-w-polsce-gdzie-zorganizowac-wydarzenie-na-tysiac-osob-i-wiecej\/\" \/>\n<meta property=\"og:site_name\" content=\"MojeKonferencje.pl\" \/>\n<meta property=\"article:published_time\" content=\"2025-10-20T07:00:00+00:00\" \/>\n<meta property=\"article:modified_time\" content=\"2025-10-23T11:25:00+00:00\" \/>\n<meta property=\"og:image\" content=\"https:\/\/www.mojekonferencje.pl\/blog\/wp-content\/uploads\/2025\/10\/Fotoram.io-2025-10-19T202641.138.jpg\" \/>\n\t<meta property=\"og:image:width\" content=\"1200\" \/>\n\t<meta property=\"og:image:height\" content=\"708\" \/>\n\t<meta property=\"og:image:type\" content=\"image\/jpeg\" \/>\n<meta name=\"author\" content=\"Julia Gadomska\" \/>\n<meta name=\"twitter:card\" content=\"summary_large_image\" \/>\n<meta name=\"twitter:label1\" content=\"Napisane przez\" \/>\n\t<meta name=\"twitter:data1\" content=\"Julia Gadomska\" \/>\n\t<meta name=\"twitter:label2\" content=\"Szacowany czas czytania\" \/>\n\t<meta name=\"twitter:data2\" content=\"11 minut\" \/>\n<script type=\"application\/ld+json\" class=\"yoast-schema-graph\">{\"@context\":\"https:\/\/schema.org\",\"@graph\":[{\"@type\":\"Article\",\"@id\":\"https:\/\/www.mojekonferencje.pl\/blog\/najwieksze-obiekty-konferencyjne-w-polsce-gdzie-zorganizowac-wydarzenie-na-tysiac-osob-i-wiecej\/#article\",\"isPartOf\":{\"@id\":\"https:\/\/www.mojekonferencje.pl\/blog\/najwieksze-obiekty-konferencyjne-w-polsce-gdzie-zorganizowac-wydarzenie-na-tysiac-osob-i-wiecej\/\"},\"author\":{\"name\":\"Julia Gadomska\",\"@id\":\"https:\/\/www.mojekonferencje.pl\/blog\/#\/schema\/person\/7d6985dc3741882ea12e03b1c3997043\"},\"headline\":\"Najwi\u0119ksze obiekty konferencyjne w Polsce \u2013 gdzie zorganizowa\u0107 wydarzenie na tysi\u0105c os\u00f3b i wi\u0119cej?\",\"datePublished\":\"2025-10-20T07:00:00+00:00\",\"dateModified\":\"2025-10-23T11:25:00+00:00\",\"mainEntityOfPage\":{\"@id\":\"https:\/\/www.mojekonferencje.pl\/blog\/najwieksze-obiekty-konferencyjne-w-polsce-gdzie-zorganizowac-wydarzenie-na-tysiac-osob-i-wiecej\/\"},\"wordCount\":1496,\"image\":{\"@id\":\"https:\/\/www.mojekonferencje.pl\/blog\/najwieksze-obiekty-konferencyjne-w-polsce-gdzie-zorganizowac-wydarzenie-na-tysiac-osob-i-wiecej\/#primaryimage\"},\"thumbnailUrl\":\"https:\/\/www.mojekonferencje.pl\/blog\/wp-content\/uploads\/2025\/10\/Fotoram.io-2025-10-19T202641.138.jpg\",\"keywords\":[\"centra kongresowe Polska\",\"du\u017ce obiekty eventowe\",\"hotele konferencyjne\",\"konferencje na 1000 os\u00f3b\"],\"articleSection\":[\"Porady\",\"Wybieranie miejsca konferencyjnego\"],\"inLanguage\":\"pl-PL\"},{\"@type\":\"WebPage\",\"@id\":\"https:\/\/www.mojekonferencje.pl\/blog\/najwieksze-obiekty-konferencyjne-w-polsce-gdzie-zorganizowac-wydarzenie-na-tysiac-osob-i-wiecej\/\",\"url\":\"https:\/\/www.mojekonferencje.pl\/blog\/najwieksze-obiekty-konferencyjne-w-polsce-gdzie-zorganizowac-wydarzenie-na-tysiac-osob-i-wiecej\/\",\"name\":\"Najwi\u0119ksze obiekty konferencyjne w Polsce \u2013 gdzie zorganizowa\u0107 wydarzenie na tysi\u0105c os\u00f3b i wi\u0119cej? - blog | MojeKonferencje.pl\",\"isPartOf\":{\"@id\":\"https:\/\/www.mojekonferencje.pl\/blog\/#website\"},\"primaryImageOfPage\":{\"@id\":\"https:\/\/www.mojekonferencje.pl\/blog\/najwieksze-obiekty-konferencyjne-w-polsce-gdzie-zorganizowac-wydarzenie-na-tysiac-osob-i-wiecej\/#primaryimage\"},\"image\":{\"@id\":\"https:\/\/www.mojekonferencje.pl\/blog\/najwieksze-obiekty-konferencyjne-w-polsce-gdzie-zorganizowac-wydarzenie-na-tysiac-osob-i-wiecej\/#primaryimage\"},\"thumbnailUrl\":\"https:\/\/www.mojekonferencje.pl\/blog\/wp-content\/uploads\/2025\/10\/Fotoram.io-2025-10-19T202641.138.jpg\",\"datePublished\":\"2025-10-20T07:00:00+00:00\",\"dateModified\":\"2025-10-23T11:25:00+00:00\",\"author\":{\"@id\":\"https:\/\/www.mojekonferencje.pl\/blog\/#\/schema\/person\/7d6985dc3741882ea12e03b1c3997043\"},\"description\":\"Najwi\u0119ksze obiekty konferencyjne w Polsce \u2013 gdzie zorganizowa\u0107 wydarzenie na tysi\u0105c os\u00f3b i wi\u0119cej? - blog | MojeKonferencje.pl\",\"breadcrumb\":{\"@id\":\"https:\/\/www.mojekonferencje.pl\/blog\/najwieksze-obiekty-konferencyjne-w-polsce-gdzie-zorganizowac-wydarzenie-na-tysiac-osob-i-wiecej\/#breadcrumb\"},\"inLanguage\":\"pl-PL\",\"potentialAction\":[{\"@type\":\"ReadAction\",\"target\":[\"https:\/\/www.mojekonferencje.pl\/blog\/najwieksze-obiekty-konferencyjne-w-polsce-gdzie-zorganizowac-wydarzenie-na-tysiac-osob-i-wiecej\/\"]}]},{\"@type\":\"ImageObject\",\"inLanguage\":\"pl-PL\",\"@id\":\"https:\/\/www.mojekonferencje.pl\/blog\/najwieksze-obiekty-konferencyjne-w-polsce-gdzie-zorganizowac-wydarzenie-na-tysiac-osob-i-wiecej\/#primaryimage\",\"url\":\"https:\/\/www.mojekonferencje.pl\/blog\/wp-content\/uploads\/2025\/10\/Fotoram.io-2025-10-19T202641.138.jpg\",\"contentUrl\":\"https:\/\/www.mojekonferencje.pl\/blog\/wp-content\/uploads\/2025\/10\/Fotoram.io-2025-10-19T202641.138.jpg\",\"width\":1200,\"height\":708,\"caption\":\"najwi\u0119ksze obiekty konferencyjne w Polsce\"},{\"@type\":\"BreadcrumbList\",\"@id\":\"https:\/\/www.mojekonferencje.pl\/blog\/najwieksze-obiekty-konferencyjne-w-polsce-gdzie-zorganizowac-wydarzenie-na-tysiac-osob-i-wiecej\/#breadcrumb\",\"itemListElement\":[{\"@type\":\"ListItem\",\"position\":1,\"name\":\"Strona g\u0142\u00f3wna\",\"item\":\"https:\/\/www.mojekonferencje.pl\/blog\/\"},{\"@type\":\"ListItem\",\"position\":2,\"name\":\"Najwi\u0119ksze obiekty konferencyjne w Polsce \u2013 gdzie zorganizowa\u0107 wydarzenie na tysi\u0105c os\u00f3b i wi\u0119cej?\"}]},{\"@type\":\"WebSite\",\"@id\":\"https:\/\/www.mojekonferencje.pl\/blog\/#website\",\"url\":\"https:\/\/www.mojekonferencje.pl\/blog\/\",\"name\":\"MojeKonferencje.pl\",\"description\":\"Blog bran\u017cy szkoleniowo-konferencyjnej. W\u0142\u0105cz si\u0119 do dyskusji o obiektach konferencyjnych i nowo\u015bciach z bran\u017cy! Poznaj porady odno\u015bnie organizacji konferencji, szkole\u0144 i event\u00f3w firmowych! Zach\u0119camy do wyra\u017cania opinii oraz komentarzy.\",\"potentialAction\":[{\"@type\":\"SearchAction\",\"target\":{\"@type\":\"EntryPoint\",\"urlTemplate\":\"https:\/\/www.mojekonferencje.pl\/blog\/?s={search_term_string}\"},\"query-input\":{\"@type\":\"PropertyValueSpecification\",\"valueRequired\":true,\"valueName\":\"search_term_string\"}}],\"inLanguage\":\"pl-PL\"},{\"@type\":\"Person\",\"@id\":\"https:\/\/www.mojekonferencje.pl\/blog\/#\/schema\/person\/7d6985dc3741882ea12e03b1c3997043\",\"name\":\"Julia Gadomska\",\"url\":\"https:\/\/www.mojekonferencje.pl\/blog\/author\/julia-gadomska\/\"}]}<\/script>\n<!-- \/ Yoast SEO plugin. -->","yoast_head_json":{"title":"Najwi\u0119ksze obiekty konferencyjne w Polsce \u2013 gdzie zorganizowa\u0107 wydarzenie na tysi\u0105c os\u00f3b i wi\u0119cej? - blog | MojeKonferencje.pl","description":"Najwi\u0119ksze obiekty konferencyjne w Polsce \u2013 gdzie zorganizowa\u0107 wydarzenie na tysi\u0105c os\u00f3b i wi\u0119cej? - blog | MojeKonferencje.pl","robots":{"index":"index","follow":"follow","max-snippet":"max-snippet:-1","max-image-preview":"max-image-preview:large","max-video-preview":"max-video-preview:-1"},"canonical":"https:\/\/www.mojekonferencje.pl\/blog\/najwieksze-obiekty-konferencyjne-w-polsce-gdzie-zorganizowac-wydarzenie-na-tysiac-osob-i-wiecej\/","og_locale":"pl_PL","og_type":"article","og_title":"Najwi\u0119ksze obiekty konferencyjne w Polsce \u2013 gdzie zorganizowa\u0107 wydarzenie na tysi\u0105c os\u00f3b i wi\u0119cej? - blog | MojeKonferencje.pl","og_description":"Najwi\u0119ksze obiekty konferencyjne w Polsce \u2013 gdzie zorganizowa\u0107 wydarzenie na tysi\u0105c os\u00f3b i wi\u0119cej? - blog | MojeKonferencje.pl","og_url":"https:\/\/www.mojekonferencje.pl\/blog\/najwieksze-obiekty-konferencyjne-w-polsce-gdzie-zorganizowac-wydarzenie-na-tysiac-osob-i-wiecej\/","og_site_name":"MojeKonferencje.pl","article_published_time":"2025-10-20T07:00:00+00:00","article_modified_time":"2025-10-23T11:25:00+00:00","og_image":[{"width":1200,"height":708,"url":"https:\/\/www.mojekonferencje.pl\/blog\/wp-content\/uploads\/2025\/10\/Fotoram.io-2025-10-19T202641.138.jpg","type":"image\/jpeg"}],"author":"Julia Gadomska","twitter_card":"summary_large_image","twitter_misc":{"Napisane przez":"Julia Gadomska","Szacowany czas czytania":"11 minut"},"schema":{"@context":"https:\/\/schema.org","@graph":[{"@type":"Article","@id":"https:\/\/www.mojekonferencje.pl\/blog\/najwieksze-obiekty-konferencyjne-w-polsce-gdzie-zorganizowac-wydarzenie-na-tysiac-osob-i-wiecej\/#article","isPartOf":{"@id":"https:\/\/www.mojekonferencje.pl\/blog\/najwieksze-obiekty-konferencyjne-w-polsce-gdzie-zorganizowac-wydarzenie-na-tysiac-osob-i-wiecej\/"},"author":{"name":"Julia Gadomska","@id":"https:\/\/www.mojekonferencje.pl\/blog\/#\/schema\/person\/7d6985dc3741882ea12e03b1c3997043"},"headline":"Najwi\u0119ksze obiekty konferencyjne w Polsce \u2013 gdzie zorganizowa\u0107 wydarzenie na tysi\u0105c os\u00f3b i wi\u0119cej?","datePublished":"2025-10-20T07:00:00+00:00","dateModified":"2025-10-23T11:25:00+00:00","mainEntityOfPage":{"@id":"https:\/\/www.mojekonferencje.pl\/blog\/najwieksze-obiekty-konferencyjne-w-polsce-gdzie-zorganizowac-wydarzenie-na-tysiac-osob-i-wiecej\/"},"wordCount":1496,"image":{"@id":"https:\/\/www.mojekonferencje.pl\/blog\/najwieksze-obiekty-konferencyjne-w-polsce-gdzie-zorganizowac-wydarzenie-na-tysiac-osob-i-wiecej\/#primaryimage"},"thumbnailUrl":"https:\/\/www.mojekonferencje.pl\/blog\/wp-content\/uploads\/2025\/10\/Fotoram.io-2025-10-19T202641.138.jpg","keywords":["centra kongresowe Polska","du\u017ce obiekty eventowe","hotele konferencyjne","konferencje na 1000 os\u00f3b"],"articleSection":["Porady","Wybieranie miejsca konferencyjnego"],"inLanguage":"pl-PL"},{"@type":"WebPage","@id":"https:\/\/www.mojekonferencje.pl\/blog\/najwieksze-obiekty-konferencyjne-w-polsce-gdzie-zorganizowac-wydarzenie-na-tysiac-osob-i-wiecej\/","url":"https:\/\/www.mojekonferencje.pl\/blog\/najwieksze-obiekty-konferencyjne-w-polsce-gdzie-zorganizowac-wydarzenie-na-tysiac-osob-i-wiecej\/","name":"Najwi\u0119ksze obiekty konferencyjne w Polsce \u2013 gdzie zorganizowa\u0107 wydarzenie na tysi\u0105c os\u00f3b i wi\u0119cej? - blog | MojeKonferencje.pl","isPartOf":{"@id":"https:\/\/www.mojekonferencje.pl\/blog\/#website"},"primaryImageOfPage":{"@id":"https:\/\/www.mojekonferencje.pl\/blog\/najwieksze-obiekty-konferencyjne-w-polsce-gdzie-zorganizowac-wydarzenie-na-tysiac-osob-i-wiecej\/#primaryimage"},"image":{"@id":"https:\/\/www.mojekonferencje.pl\/blog\/najwieksze-obiekty-konferencyjne-w-polsce-gdzie-zorganizowac-wydarzenie-na-tysiac-osob-i-wiecej\/#primaryimage"},"thumbnailUrl":"https:\/\/www.mojekonferencje.pl\/blog\/wp-content\/uploads\/2025\/10\/Fotoram.io-2025-10-19T202641.138.jpg","datePublished":"2025-10-20T07:00:00+00:00","dateModified":"2025-10-23T11:25:00+00:00","author":{"@id":"https:\/\/www.mojekonferencje.pl\/blog\/#\/schema\/person\/7d6985dc3741882ea12e03b1c3997043"},"description":"Najwi\u0119ksze obiekty konferencyjne w Polsce \u2013 gdzie zorganizowa\u0107 wydarzenie na tysi\u0105c os\u00f3b i wi\u0119cej? - blog | MojeKonferencje.pl","breadcrumb":{"@id":"https:\/\/www.mojekonferencje.pl\/blog\/najwieksze-obiekty-konferencyjne-w-polsce-gdzie-zorganizowac-wydarzenie-na-tysiac-osob-i-wiecej\/#breadcrumb"},"inLanguage":"pl-PL","potentialAction":[{"@type":"ReadAction","target":["https:\/\/www.mojekonferencje.pl\/blog\/najwieksze-obiekty-konferencyjne-w-polsce-gdzie-zorganizowac-wydarzenie-na-tysiac-osob-i-wiecej\/"]}]},{"@type":"ImageObject","inLanguage":"pl-PL","@id":"https:\/\/www.mojekonferencje.pl\/blog\/najwieksze-obiekty-konferencyjne-w-polsce-gdzie-zorganizowac-wydarzenie-na-tysiac-osob-i-wiecej\/#primaryimage","url":"https:\/\/www.mojekonferencje.pl\/blog\/wp-content\/uploads\/2025\/10\/Fotoram.io-2025-10-19T202641.138.jpg","contentUrl":"https:\/\/www.mojekonferencje.pl\/blog\/wp-content\/uploads\/2025\/10\/Fotoram.io-2025-10-19T202641.138.jpg","width":1200,"height":708,"caption":"najwi\u0119ksze obiekty konferencyjne w Polsce"},{"@type":"BreadcrumbList","@id":"https:\/\/www.mojekonferencje.pl\/blog\/najwieksze-obiekty-konferencyjne-w-polsce-gdzie-zorganizowac-wydarzenie-na-tysiac-osob-i-wiecej\/#breadcrumb","itemListElement":[{"@type":"ListItem","position":1,"name":"Strona g\u0142\u00f3wna","item":"https:\/\/www.mojekonferencje.pl\/blog\/"},{"@type":"ListItem","position":2,"name":"Najwi\u0119ksze obiekty konferencyjne w Polsce \u2013 gdzie zorganizowa\u0107 wydarzenie na tysi\u0105c os\u00f3b i wi\u0119cej?"}]},{"@type":"WebSite","@id":"https:\/\/www.mojekonferencje.pl\/blog\/#website","url":"https:\/\/www.mojekonferencje.pl\/blog\/","name":"MojeKonferencje.pl","description":"Blog bran\u017cy szkoleniowo-konferencyjnej. W\u0142\u0105cz si\u0119 do dyskusji o obiektach konferencyjnych i nowo\u015bciach z bran\u017cy! Poznaj porady odno\u015bnie organizacji konferencji, szkole\u0144 i event\u00f3w firmowych! Zach\u0119camy do wyra\u017cania opinii oraz komentarzy.","potentialAction":[{"@type":"SearchAction","target":{"@type":"EntryPoint","urlTemplate":"https:\/\/www.mojekonferencje.pl\/blog\/?s={search_term_string}"},"query-input":{"@type":"PropertyValueSpecification","valueRequired":true,"valueName":"search_term_string"}}],"inLanguage":"pl-PL"},{"@type":"Person","@id":"https:\/\/www.mojekonferencje.pl\/blog\/#\/schema\/person\/7d6985dc3741882ea12e03b1c3997043","name":"Julia Gadomska","url":"https:\/\/www.mojekonferencje.pl\/blog\/author\/julia-gadomska\/"}]}},"_links":{"self":[{"href":"https:\/\/www.mojekonferencje.pl\/blog\/wp-json\/wp\/v2\/posts\/8209","targetHints":{"allow":["GET"]}}],"collection":[{"href":"https:\/\/www.mojekonferencje.pl\/blog\/wp-json\/wp\/v2\/posts"}],"about":[{"href":"https:\/\/www.mojekonferencje.pl\/blog\/wp-json\/wp\/v2\/types\/post"}],"author":[{"embeddable":true,"href":"https:\/\/www.mojekonferencje.pl\/blog\/wp-json\/wp\/v2\/users\/21"}],"replies":[{"embeddable":true,"href":"https:\/\/www.mojekonferencje.pl\/blog\/wp-json\/wp\/v2\/comments?post=8209"}],"version-history":[{"count":4,"href":"https:\/\/www.mojekonferencje.pl\/blog\/wp-json\/wp\/v2\/posts\/8209\/revisions"}],"predecessor-version":[{"id":8225,"href":"https:\/\/www.mojekonferencje.pl\/blog\/wp-json\/wp\/v2\/posts\/8209\/revisions\/8225"}],"wp:featuredmedia":[{"embeddable":true,"href":"https:\/\/www.mojekonferencje.pl\/blog\/wp-json\/wp\/v2\/media\/8224"}],"wp:attachment":[{"href":"https:\/\/www.mojekonferencje.pl\/blog\/wp-json\/wp\/v2\/media?parent=8209"}],"wp:term":[{"taxonomy":"category","embeddable":true,"href":"https:\/\/www.mojekonferencje.pl\/blog\/wp-json\/wp\/v2\/categories?post=8209"},{"taxonomy":"post_tag","embeddable":true,"href":"https:\/\/www.mojekonferencje.pl\/blog\/wp-json\/wp\/v2\/tags?post=8209"}],"curies":[{"name":"wp","href":"https:\/\/api.w.org\/{rel}","templated":true}]}}