{"id":8227,"date":"2025-10-23T09:00:00","date_gmt":"2025-10-23T07:00:00","guid":{"rendered":"https:\/\/www.mojekonferencje.pl\/blog\/?p=8227"},"modified":"2026-04-20T21:43:51","modified_gmt":"2026-04-20T19:43:51","slug":"obiekty-konferencyjne-z-najlepszym-cateringiem-gdzie-zorganizowac-event-ze-smakiem-woj-wielkopolskie","status":"publish","type":"post","link":"https:\/\/www.mojekonferencje.pl\/blog\/obiekty-konferencyjne-z-najlepszym-cateringiem-gdzie-zorganizowac-event-ze-smakiem-woj-wielkopolskie\/","title":{"rendered":"Obiekty konferencyjne z najlepszym cateringiem &#8211; gdzie zorganizowa\u0107 event ze smakiem? &#8211; woj. wielkopolskie"},"content":{"rendered":"\n<p>Organizacja udanego wydarzenia biznesowego to nie tylko kwestia profesjonalnej sali konferencyjnej i nowoczesnego zaplecza technicznego, ale tak\u017ce odpowiedniej oprawy kulinarnej. Smaczne i estetycznie podane posi\u0142ki potrafi\u0105 podnie\u015b\u0107 rang\u0119 ka\u017cdego spotkania, tworz\u0105c przyjemn\u0105 atmosfer\u0119. Wielkopolska oferuje szeroki wyb\u00f3r <strong>obiekt\u00f3w konferencyjnych z najlepszym cateringiem<\/strong> lub restauracj\u0105. W\u015br\u00f3d nich znajduj\u0105 si\u0119 zar\u00f3wno eleganckie sale szkoleniowe, jak i urokliwe o\u015brodki po\u0142o\u017cone w\u015br\u00f3d jezior i las\u00f3w. Gdzie warto zorganizowa\u0107 <a href=\"https:\/\/www.mojekonferencje.pl\/szukaj?name=wielkopolskie&amp;venue_type%5B%5D=66&amp;participants=&amp;beds=&amp;number_of_classrooms=\">event ze smakiem w wojew\u00f3dztwie wielkopolskim<\/a>? <\/p>\n\n\n\n<p><strong>Oto zestawienie miejsc, kt\u00f3re zachwycaj\u0105 nie tylko profesjonaln\u0105 obs\u0142ug\u0105, ale tak\u017ce wyj\u0105tkow\u0105 kuchni\u0105.<\/strong><\/p>\n\n\n\n<figure class=\"wp-block-table\"><table class=\"has-fixed-layout\"><tbody><tr><td><a href=\"https:\/\/www.mojekonferencje.pl\/poznan\/champions-bowling-poznan\">Champions Bowling Pozna\u0144<\/a><\/td><td><a href=\"https:\/\/www.mojekonferencje.pl\/brodnica\/gorka-more-than-events\">G\u00f3rka more than events<\/a><\/td><\/tr><tr><td><a href=\"https:\/\/www.mojekonferencje.pl\/poznan\/constans-grupa-centrum-konferencyjne-polska-13\">Centrum Konferencyjne Polska 13<\/a><\/td><td><a href=\"https:\/\/www.mojekonferencje.pl\/slawica\/weranda-home\">Weranda Home<\/a><\/td><\/tr><tr><td><a href=\"https:\/\/www.mojekonferencje.pl\/poznan\/poznan-congress-center\">Pozna\u0144 Congress Center<\/a><\/td><td><a href=\"https:\/\/www.mojekonferencje.pl\/poznan\/concordia-design\">Concordia Design Pozna\u0144<\/a><\/td><\/tr><tr><td><a href=\"https:\/\/www.mojekonferencje.pl\/kwilcz\/olandia\">OLANDIA<\/a><\/td><td><a href=\"https:\/\/www.mojekonferencje.pl\/poznan\/maltanskie-centrum-szkoleniowo-konferencyjne\">Malta\u0144skie Centrum Szkoleniowo Konferencyjne<\/a><\/td><\/tr><tr><td><a href=\"https:\/\/www.mojekonferencje.pl\/biskupice\/centrum-eventowe-barcinek\" type=\"link\" id=\"https:\/\/www.mojekonferencje.pl\/biskupice\/centrum-eventowe-barcinek\">Centrum Eventowe Barcinek<\/a><\/td><td><a href=\"https:\/\/www.mojekonferencje.pl\/stare-miasto\/skansen-bicz-family-spa\" type=\"link\" id=\"https:\/\/www.mojekonferencje.pl\/stare-miasto\/skansen-bicz-family-spa\">Skansen Bicz Family &amp; SPA<\/a><\/td><\/tr><\/tbody><\/table><\/figure>\n\n\n\n<h2 class=\"wp-block-heading has-text-align-center\"><a href=\"https:\/\/www.mojekonferencje.pl\/poznan\/champions-bowling-poznan\"><mark style=\"background-color:rgba(0, 0, 0, 0)\" class=\"has-inline-color has-vivid-purple-color\"><span style=\"text-decoration: underline;\">Champions Bowling Pozna\u0144<\/span><\/mark><\/a><\/h2>\n\n\n\n<p>Jest to nowoczesna kr\u0119gielnia i przestrze\u0144 eventowa idealna na konferencje, szkolenia oraz spotkania integracyjne. <strong><a href=\"https:\/\/www.mojekonferencje.pl\/poznan\/champions-bowling-poznan\" type=\"link\" id=\"https:\/\/www.mojekonferencje.pl\/poznan\/champions-bowling-poznan\">Champions Bowling Pozna\u0144<\/a><\/strong> oferuje <strong>18 profesjonalnych tor\u00f3w do gry w kr\u0119gle, klimatyzowan\u0105 sal\u0119 konferencyjn\u0105 z du\u017cym ekranem oraz mo\u017cliwo\u015b\u0107 organizacji imprez firmowych do 300 os\u00f3b<\/strong>. Uczestnicy mog\u0105 korzysta\u0107 te\u017c z <strong>pe\u0142nej oferty gastronomicznej<\/strong>. Od przerw kawowych po dania kuchni ameryka\u0144skiej serwowane w <strong>restauracji The Buffalo House<\/strong> &#8211; ka\u017cdy znajdzie co\u015b dla siebie.<\/p>\n\n\n\n<p>Latem oferta rozszerza si\u0119 o <strong>Niku Beach<\/strong> \u2013 stylow\u0105, sezonow\u0105 przestrze\u0144 nad Jeziorem Malta\u0144skim. Przestrze\u0144 podzielona jest na trzy strefy: restauracyjna, bar \u201ena wodzie\u201d i ekskluzywny rooftop VIP, <strong>idealny na plenerowe eventy do 100 os\u00f3b<\/strong>. <strong>Champions Bowling Pozna\u0144<\/strong> to miejsce, kt\u00f3re \u0142\u0105czy rozrywk\u0119 i wy\u015bmienit\u0105 kuchni\u0119, tworz\u0105c idealne warunki do organizacji wydarze\u0144 biznesowych ze smakiem.<\/p>\n\n\n\n<figure class=\"wp-block-image size-full\"><a href=\"https:\/\/www.mojekonferencje.pl\/blog\/wp-content\/uploads\/2025\/10\/zdj-w-tle-960x580-1.webp\"><img loading=\"lazy\" decoding=\"async\" width=\"960\" height=\"580\" src=\"https:\/\/www.mojekonferencje.pl\/blog\/wp-content\/uploads\/2025\/10\/zdj-w-tle-960x580-1.webp\" alt=\"\" class=\"wp-image-8229 lazyload\" data-srcset=\"https:\/\/www.mojekonferencje.pl\/blog\/wp-content\/uploads\/2025\/10\/zdj-w-tle-960x580-1.webp 960w, https:\/\/www.mojekonferencje.pl\/blog\/wp-content\/uploads\/2025\/10\/zdj-w-tle-960x580-1-300x181.webp 300w, https:\/\/www.mojekonferencje.pl\/blog\/wp-content\/uploads\/2025\/10\/zdj-w-tle-960x580-1-768x464.webp 768w\" sizes=\"auto\" \/><\/a><\/figure>\n\n\n\n<h2 class=\"wp-block-heading has-text-align-center\"><a href=\"https:\/\/www.mojekonferencje.pl\/poznan\/constans-grupa-centrum-konferencyjne-polska-13\"><mark style=\"background-color:rgba(0, 0, 0, 0)\" class=\"has-inline-color has-vivid-purple-color\"><span style=\"text-decoration: underline;\">Centrum Konferencyjne Polska 13<\/span><\/mark><\/a><\/h2>\n\n\n\n<p><strong>Centrum Konferencyjne w Poznaniu<\/strong> oferuje nowoczesne sale konferencyjne i powierzchnie biurowe. Obiekt po remoncie w 2023 roku jest <strong>w pe\u0142ni klimatyzowany<\/strong>, przystosowany dla os\u00f3b niepe\u0142nosprawnych i posiada bezp\u0142atny <strong>parking na 50 miejsc<\/strong>.<\/p>\n\n\n\n<p>Do dyspozycji go\u015bci s\u0105 <strong>dwie profesjonalnie wyposa\u017cone sale konferencyjne<\/strong> z projektorem, flipchartem, ekranem interaktywnym 98\u201d oraz multimedialn\u0105 m\u00f3wnic\u0105. Na miejscu dzia\u0142a tak\u017ce <strong>restauracja serwuj\u0105ca kuchni\u0119 polsk\u0105 <\/strong>oraz oferuj\u0105ca <strong>catering <\/strong>w formie przerw kawowych i lunchy. <strong><a href=\"https:\/\/www.mojekonferencje.pl\/poznan\/constans-grupa-centrum-konferencyjne-polska-13\" type=\"link\" id=\"https:\/\/www.mojekonferencje.pl\/poznan\/constans-grupa-centrum-konferencyjne-polska-13\">Centrum Konferencyjne Polska 13<\/a><\/strong> to idealne miejsce na szkolenia, konferencje i spotkania biznesowe w komfortowych warunkach.<\/p>\n\n\n\n<figure class=\"wp-block-image size-full\"><a href=\"https:\/\/www.mojekonferencje.pl\/blog\/wp-content\/uploads\/2025\/10\/dsc-1264-960x580-1.webp\"><img loading=\"lazy\" decoding=\"async\" width=\"960\" height=\"580\" src=\"https:\/\/www.mojekonferencje.pl\/blog\/wp-content\/uploads\/2025\/10\/dsc-1264-960x580-1.webp\" alt=\"\" class=\"wp-image-8230 lazyload\" data-srcset=\"https:\/\/www.mojekonferencje.pl\/blog\/wp-content\/uploads\/2025\/10\/dsc-1264-960x580-1.webp 960w, https:\/\/www.mojekonferencje.pl\/blog\/wp-content\/uploads\/2025\/10\/dsc-1264-960x580-1-300x181.webp 300w, https:\/\/www.mojekonferencje.pl\/blog\/wp-content\/uploads\/2025\/10\/dsc-1264-960x580-1-768x464.webp 768w\" sizes=\"auto\" \/><\/a><\/figure>\n\n\n\n<h2 class=\"wp-block-heading has-text-align-center\"><a href=\"https:\/\/www.mojekonferencje.pl\/brodnica\/gorka-more-than-events\"><mark style=\"background-color:rgba(0, 0, 0, 0)\" class=\"has-inline-color has-vivid-purple-color\"><span style=\"text-decoration: underline;\">G\u00f3rka more than events<\/span><\/mark><\/a><\/h2>\n\n\n\n<p>W malowniczej wiosce G\u00f3rka, zaledwie 45 minut od centrum Poznania, znajduje si\u0119 <strong>wyj\u0105tkowy obiekt eventowy<\/strong> \u0142\u0105cz\u0105cy nowoczesn\u0105 infrastruktur\u0119 z pi\u0119knem przyrody. <strong><a href=\"https:\/\/www.mojekonferencje.pl\/brodnica\/gorka-more-than-events\" type=\"link\" id=\"https:\/\/www.mojekonferencje.pl\/brodnica\/gorka-more-than-events\">G\u00f3rka &#8211; more than events<\/a> oferuje 6500 m\u00b2 ogrodzonego terenu oraz 300 m\u00b2 klimatycznej sali<\/strong>, idealnej do organizacji konferencji, bankiet\u00f3w, wesel czy event\u00f3w firmowych <strong>dla nawet 180 go\u015bci<\/strong>.<\/p>\n\n\n\n<p>Obiekt wyr\u00f3\u017cnia si\u0119 naturalnym, minimalistycznym wystrojem wn\u0119trza, elastycznymi mo\u017cliwo\u015bciami aran\u017cacji oraz profesjonalnym zapleczem. Dysponuje tak\u017ce <strong>w\u0142asn\u0105 baz\u0105 noclegow\u0105<\/strong> z apartamentami i urokliwym, wolnostoj\u0105cym domkiem. Go\u015bcie mog\u0105 korzysta\u0107 z wydarze\u0144 plenerowych w ogrodzie i sadzie, a wkr\u00f3tce tak\u017ce z glampingu z gor\u0105c\u0105 bali\u0105. <\/p>\n\n\n\n<p><strong>Profesjonalny catering zapewnia firma Tasty<\/strong>, dbaj\u0105c o najwy\u017cszy standard obs\u0142ugi kulinarnej, co sprawia, \u017ce ka\u017cde wydarzenie w G\u00f3rce staje si\u0119 wyj\u0105tkowe i niezapomniane.<\/p>\n\n\n\n<figure class=\"wp-block-image size-full\"><a href=\"https:\/\/www.mojekonferencje.pl\/blog\/wp-content\/uploads\/2025\/10\/wna2bdx-960x580-1.webp\"><img loading=\"lazy\" decoding=\"async\" width=\"960\" height=\"580\" src=\"https:\/\/www.mojekonferencje.pl\/blog\/wp-content\/uploads\/2025\/10\/wna2bdx-960x580-1.webp\" alt=\"\" class=\"wp-image-8231 lazyload\" data-srcset=\"https:\/\/www.mojekonferencje.pl\/blog\/wp-content\/uploads\/2025\/10\/wna2bdx-960x580-1.webp 960w, https:\/\/www.mojekonferencje.pl\/blog\/wp-content\/uploads\/2025\/10\/wna2bdx-960x580-1-300x181.webp 300w, https:\/\/www.mojekonferencje.pl\/blog\/wp-content\/uploads\/2025\/10\/wna2bdx-960x580-1-768x464.webp 768w\" sizes=\"auto\" \/><\/a><\/figure>\n\n\n\n<h2 class=\"wp-block-heading has-text-align-center\"><a href=\"https:\/\/www.mojekonferencje.pl\/slawica\/weranda-home\"><mark style=\"background-color:rgba(0, 0, 0, 0)\" class=\"has-inline-color has-vivid-purple-color\"><span style=\"text-decoration: underline;\">Weranda Home<\/span><\/mark><\/a><\/h2>\n\n\n\n<p>Po\u0142o\u017cona w sercu Park Krajobrazowy Puszczy Zielonki rezydencja to spokojne, klimatyczne miejsce stworzone z my\u015bl\u0105 o pracy i wypoczynku blisko natury. Cicha okolica, lasy i jeziora sprzyjaj\u0105 koncentracji, ale te\u017c pozwalaj\u0105 z\u0142apa\u0107 oddech z dala od miasta.<\/p>\n\n\n\n<p>Na go\u015bci czeka<strong> nowoczesna przestrze\u0144 eventowa o powierzchni ok. 2200 mkw.<\/strong>, obejmuj\u0105ca sal\u0119 restauracyjn\u0105, stref\u0119 chillout oraz sal\u0119 bankietow\u0105 z wyj\u015bciem na taras i ogr\u00f3d. Uk\u0142ad sal pozwala na elastyczn\u0105 aran\u017cacj\u0119 &#8211; od du\u017cych konferencji po bardziej kameralne spotkania.<\/p>\n\n\n\n<p><a href=\"https:\/\/www.mojekonferencje.pl\/slawica\/weranda-home\" type=\"link\" id=\"https:\/\/www.mojekonferencje.pl\/slawica\/weranda-home\"><strong>Weranda Home<\/strong><\/a> oferuje tak\u017ce <strong>rozbudowan\u0105 baz\u0119 noclegow\u0105 dla ok. 68 os\u00f3b<\/strong> w pokojach, apartamentach oraz wolnostoj\u0105cych domkach. Dost\u0119pna jest r\u00f3wnie\u017c mniejsza <strong>willa dla ok. 12 os\u00f3b<\/strong>, idealna na bardziej prywatne spotkania lub warsztaty.<\/p>\n\n\n\n<p>Du\u017cym atutem jest <strong>kuchnia<\/strong> &#8211; sezonowa, oparta na lokalnych produktach, z inspiracjami z r\u00f3\u017cnych stron \u015bwiata. Ka\u017cde wydarzenie dopasowywane jest indywidualnie, zar\u00f3wno pod wzgl\u0119dem menu, jak i oprawy.<\/p>\n\n\n\n<figure class=\"wp-block-image size-full\"><a href=\"https:\/\/www.mojekonferencje.pl\/blog\/wp-content\/uploads\/2025\/10\/marika-sekowska-fotografie-1-2-1-960x580-1.webp\"><img loading=\"lazy\" decoding=\"async\" width=\"960\" height=\"580\" src=\"https:\/\/www.mojekonferencje.pl\/blog\/wp-content\/uploads\/2025\/10\/marika-sekowska-fotografie-1-2-1-960x580-1.webp\" alt=\"\" class=\"wp-image-8232 lazyload\" data-srcset=\"https:\/\/www.mojekonferencje.pl\/blog\/wp-content\/uploads\/2025\/10\/marika-sekowska-fotografie-1-2-1-960x580-1.webp 960w, https:\/\/www.mojekonferencje.pl\/blog\/wp-content\/uploads\/2025\/10\/marika-sekowska-fotografie-1-2-1-960x580-1-300x181.webp 300w, https:\/\/www.mojekonferencje.pl\/blog\/wp-content\/uploads\/2025\/10\/marika-sekowska-fotografie-1-2-1-960x580-1-768x464.webp 768w\" sizes=\"auto\" \/><\/a><\/figure>\n\n\n\n<h2 class=\"wp-block-heading has-text-align-center\"><a href=\"https:\/\/www.mojekonferencje.pl\/poznan\/poznan-congress-center\"><mark style=\"background-color:rgba(0, 0, 0, 0)\" class=\"has-inline-color has-vivid-purple-color\"><span style=\"text-decoration: underline;\">Pozna\u0144 Congress Center<\/span><\/mark><\/a><\/h2>\n\n\n\n<p>W sercu Mi\u0119dzynarodowych Targ\u00f3w Pozna\u0144skich znajduje si\u0119 <a href=\"https:\/\/www.mojekonferencje.pl\/poznan\/poznan-congress-center\" type=\"link\" id=\"https:\/\/www.mojekonferencje.pl\/poznan\/poznan-congress-center\"><strong>Pozna\u0144 Congress Center<\/strong> <\/a>\u2013 nowoczesne centrum kongresowe, kt\u00f3re oferuje <strong>sale konferencyjne, szkoleniowe oraz powierzchnie wystawiennicze<\/strong>. W\u015br\u00f3d dost\u0119pnych sal znajduje si\u0119 sala plenarna Sala Ziemi dla <strong>prawie 2 000 os\u00f3b<\/strong>. Dzi\u0119ki bezpo\u015bredniemu po\u0142\u0105czeniu z pawilonami targowymi mo\u017cliwe jest organizowanie wydarze\u0144 dla nawet <strong>20 000 uczestnik\u00f3w<\/strong>.<\/p>\n\n\n\n<p>Obiekt zapewnia nowoczesne wyposa\u017cenie audiowizualne, szybki internet, klimatyzacj\u0119 oraz pe\u0142ne wsparcie techniczne. Dodatkowo go\u015bcie maj\u0105 dost\u0119p do ogrodu i <strong>1850 miejsc parkingowych<\/strong>. Ponadto wsp\u00f3\u0142praca z <strong>firm\u0105 GARDEN city gwarantuje profesjonalny catering<\/strong>, aran\u017cacj\u0119 przestrzeni oraz kompleksow\u0105 obs\u0142ug\u0119 event\u00f3w. <\/p>\n\n\n\n<p>Wszystko to sprawia, \u017ce <strong>Pozna\u0144 Congress Center<\/strong> jest jednym z najwa\u017cniejszych miejsc na biznesowej i kulturalnej mapie miasta.<\/p>\n\n\n\n<figure class=\"wp-block-image size-full\"><a href=\"https:\/\/www.mojekonferencje.pl\/blog\/wp-content\/uploads\/2025\/10\/pcc-fb-cover-01-960x580-2.webp\"><img loading=\"lazy\" decoding=\"async\" width=\"960\" height=\"580\" src=\"https:\/\/www.mojekonferencje.pl\/blog\/wp-content\/uploads\/2025\/10\/pcc-fb-cover-01-960x580-2.webp\" alt=\"\" class=\"wp-image-8233 lazyload\" data-srcset=\"https:\/\/www.mojekonferencje.pl\/blog\/wp-content\/uploads\/2025\/10\/pcc-fb-cover-01-960x580-2.webp 960w, https:\/\/www.mojekonferencje.pl\/blog\/wp-content\/uploads\/2025\/10\/pcc-fb-cover-01-960x580-2-300x181.webp 300w, https:\/\/www.mojekonferencje.pl\/blog\/wp-content\/uploads\/2025\/10\/pcc-fb-cover-01-960x580-2-768x464.webp 768w\" sizes=\"auto\" \/><\/a><\/figure>\n\n\n\n<h2 class=\"wp-block-heading has-text-align-center\"><a href=\"https:\/\/www.mojekonferencje.pl\/poznan\/concordia-design\"><mark style=\"background-color:rgba(0, 0, 0, 0)\" class=\"has-inline-color has-vivid-purple-color\"><span style=\"text-decoration: underline;\">Concordia Design Pozna\u0144<\/span><\/mark><\/a><\/h2>\n\n\n\n<p>W centrum Poznania, przy Rondzie Kaponiera, znajduje si\u0119 <strong><a href=\"https:\/\/www.mojekonferencje.pl\/poznan\/concordia-design\" type=\"link\" id=\"https:\/\/www.mojekonferencje.pl\/poznan\/concordia-design\">Concordia Design<\/a><\/strong> \u2013 kreatywne centrum eventowe mieszcz\u0105ce si\u0119 w odrestaurowanej XIX-wiecznej Starej Drukarni. Obiekt oferuje <strong>1000 m\u00b2 elastycznej przestrzeni<\/strong>. W sk\u0142ad wchodz\u0105 sale <strong>LUNA, EXPO i MEMO<\/strong>, kt\u00f3re mo\u017cna \u0142\u0105czy\u0107 lub dzieli\u0107 w zale\u017cno\u015bci od potrzeb wydarzenia. Istnieje r\u00f3wnie\u017c mo\u017cliwo\u015b\u0107 wprowadzenia auta do wn\u0119trza.<\/p>\n\n\n\n<p>W <strong>restauracji Concordia Taste<\/strong> szef kuchni Adam Adamczak serwuje <strong>oryginalne potrawy kuchni polskiej<\/strong> z lokalnych produkt\u00f3w, kt\u00f3re mo\u017cna dopasowa\u0107 do celu eventu. Dzi\u0119ki indywidualnym scenariuszom, profesjonalnej obs\u0142udze i kreatywnym wn\u0119trzom, <strong>Concordia Design<\/strong> gwarantuje niepowtarzalne i anga\u017cuj\u0105ce wydarzenia biznesowe oraz prywatne.<\/p>\n\n\n\n<figure class=\"wp-block-image size-full\"><a href=\"https:\/\/www.mojekonferencje.pl\/blog\/wp-content\/uploads\/2025\/10\/nowa-www-concordia-design-01-960x580-1.webp\"><img loading=\"lazy\" decoding=\"async\" width=\"960\" height=\"580\" src=\"https:\/\/www.mojekonferencje.pl\/blog\/wp-content\/uploads\/2025\/10\/nowa-www-concordia-design-01-960x580-1.webp\" alt=\"\" class=\"wp-image-8234 lazyload\" data-srcset=\"https:\/\/www.mojekonferencje.pl\/blog\/wp-content\/uploads\/2025\/10\/nowa-www-concordia-design-01-960x580-1.webp 960w, https:\/\/www.mojekonferencje.pl\/blog\/wp-content\/uploads\/2025\/10\/nowa-www-concordia-design-01-960x580-1-300x181.webp 300w, https:\/\/www.mojekonferencje.pl\/blog\/wp-content\/uploads\/2025\/10\/nowa-www-concordia-design-01-960x580-1-768x464.webp 768w\" sizes=\"auto\" \/><\/a><\/figure>\n\n\n\n<h2 class=\"wp-block-heading has-text-align-center\"><a href=\"https:\/\/www.mojekonferencje.pl\/kwilcz\/olandia\"><mark style=\"background-color:rgba(0, 0, 0, 0)\" class=\"has-inline-color has-vivid-purple-color\"><span style=\"text-decoration: underline;\">OLANDIA<\/span><\/mark><\/a><\/h2>\n\n\n\n<p>W malowniczej miejscowo\u015bci Prusim, nad jeziorem Kuchennym w Sierakowskim Parku Krajobrazowym, znajduje si\u0119 <a href=\"https:\/\/www.mojekonferencje.pl\/kwilcz\/olandia\" type=\"link\" id=\"https:\/\/www.mojekonferencje.pl\/kwilcz\/olandia\"><strong>OLANDIA<\/strong><\/a> \u2013 XVIII-wieczny, zrewitalizowany folwark. Obiekt oferuje<strong>174 komfortowe miejsca noclegowe w 60 pokojach<\/strong>. Go\u015bcie mog\u0105 delektowa\u0107 si\u0119 potrawami w <strong>Restauracji Olenderskie Smaki<\/strong>, kt\u00f3ra serwuje tradycyjne potrawy. Dodatkowo restauracja posiada w\u0119dzarni\u0119 i piec chlebowy, co sprawia, \u017ce ka\u017cdy pobyt staje si\u0119 wyj\u0105tkowym do\u015bwiadczeniem.<\/p>\n\n\n\n<p>Do dyspozycji go\u015bci jest<strong>8 sal konferencyjnych<\/strong>. W sk\u0142ad wchodzi <strong>Sala Nova dla 320 os\u00f3b<\/strong> i <strong>Stodo\u0142a Fryzyjska<\/strong> z przeszklon\u0105 kopu\u0142\u0105. Dzi\u0119ki elastycznym przestrzeniom mo\u017cliwa jest organizacja zar\u00f3wno kameralnych spotka\u0144, jak i du\u017cych imprez firmowych czy wyjazd\u00f3w integracyjnych. <\/p>\n\n\n\n<p>OLANDIA oferuje r\u00f3wnie\u017c <strong>2-hektarowy park z jeziorem<\/strong>, boisko, kort tenisowy, \u0142\u00f3dki, rowery, plac zabaw oraz Zdrowotni\u0119 SPA. Dodatkow\u0105 atrakcj\u0105 jest <strong>160-letni wiatrak typu HOLENDER<\/strong>, kt\u00f3ry podkre\u015bla unikatowy charakter obiektu.<\/p>\n\n\n\n<figure class=\"wp-block-image size-full\"><a href=\"https:\/\/www.mojekonferencje.pl\/blog\/wp-content\/uploads\/2025\/10\/dji-0187-960x580-1.webp\"><img loading=\"lazy\" decoding=\"async\" width=\"960\" height=\"580\" src=\"https:\/\/www.mojekonferencje.pl\/blog\/wp-content\/uploads\/2025\/10\/dji-0187-960x580-1.webp\" alt=\"\" class=\"wp-image-8235 lazyload\" data-srcset=\"https:\/\/www.mojekonferencje.pl\/blog\/wp-content\/uploads\/2025\/10\/dji-0187-960x580-1.webp 960w, https:\/\/www.mojekonferencje.pl\/blog\/wp-content\/uploads\/2025\/10\/dji-0187-960x580-1-300x181.webp 300w, https:\/\/www.mojekonferencje.pl\/blog\/wp-content\/uploads\/2025\/10\/dji-0187-960x580-1-768x464.webp 768w\" sizes=\"auto\" \/><\/a><\/figure>\n\n\n\n<h2 class=\"wp-block-heading has-text-align-center\"><a href=\"https:\/\/www.mojekonferencje.pl\/poznan\/maltanskie-centrum-szkoleniowo-konferencyjne\"><mark style=\"background-color:rgba(0, 0, 0, 0)\" class=\"has-inline-color has-vivid-purple-color\"><span style=\"text-decoration: underline;\">Malta\u0144skie Centrum Szkoleniowo Konferencyjne<\/span><\/mark><\/a><\/h2>\n\n\n\n<p>W malowniczej okolicy Jeziora Malta\u0144skiego w Poznaniu znajduje si\u0119<a href=\"https:\/\/www.mojekonferencje.pl\/poznan\/maltanskie-centrum-szkoleniowo-konferencyjne\" type=\"link\" id=\"https:\/\/www.mojekonferencje.pl\/poznan\/maltanskie-centrum-szkoleniowo-konferencyjne\"> <strong>Malta\u0144skie Centrum Szkoleniowo-Konferencyjne<\/strong><\/a>. Jest to idealne miejsce na konferencje, szkolenia, targi i spotkania biznesowe. Obiekt oferuje <strong>8 nowocze\u015bnie wyposa\u017conych sal<\/strong>, w tym najwi\u0119ksz\u0105 \u2013 <strong>Sal\u0119 F o powierzchni 240 m\u00b2 dla 250 os\u00f3b<\/strong>, z mo\u017cliwo\u015bci\u0105 podzia\u0142u na mniejsze przestrzenie.<\/p>\n\n\n\n<p>Do dyspozycji uczestnik\u00f3w s\u0105 <strong>Hotel-Camping Malta z 70 domkami dla 138 os\u00f3b<\/strong> oraz <strong>Hotel Malta z 22 pokojami i apartamentem<\/strong>. Obiekt zapewnia tak\u017ce kompleksow\u0105 obs\u0142ug\u0119 cateringow\u0105 w<strong> restauracjach 3 Kolory i Rycerskie<\/strong>j, serwuj\u0105c potrawy dopasowane do potrzeb go\u015bci. Dzi\u0119ki po\u0142\u0105czeniu profesjonalnej infrastruktury i blisko\u015bci natury, centrum pozwala \u0142\u0105czy\u0107 prac\u0119 z wypoczynkiem, tworz\u0105c wyj\u0105tkow\u0105 atmosfer\u0119 wydarze\u0144 biznesowych.<\/p>\n\n\n\n<figure class=\"wp-block-image size-full\"><a href=\"https:\/\/www.mojekonferencje.pl\/blog\/wp-content\/uploads\/2025\/10\/a-ciereszko-mcsk-960x580-1.webp\"><img loading=\"lazy\" decoding=\"async\" width=\"960\" height=\"580\" src=\"https:\/\/www.mojekonferencje.pl\/blog\/wp-content\/uploads\/2025\/10\/a-ciereszko-mcsk-960x580-1.webp\" alt=\"\" class=\"wp-image-8236 lazyload\" data-srcset=\"https:\/\/www.mojekonferencje.pl\/blog\/wp-content\/uploads\/2025\/10\/a-ciereszko-mcsk-960x580-1.webp 960w, https:\/\/www.mojekonferencje.pl\/blog\/wp-content\/uploads\/2025\/10\/a-ciereszko-mcsk-960x580-1-300x181.webp 300w, https:\/\/www.mojekonferencje.pl\/blog\/wp-content\/uploads\/2025\/10\/a-ciereszko-mcsk-960x580-1-768x464.webp 768w\" sizes=\"auto\" \/><\/a><\/figure>\n\n\n\n<h2 class=\"wp-block-heading has-text-align-center\"><a href=\"https:\/\/www.mojekonferencje.pl\/biskupice\/centrum-eventowe-barcinek\" type=\"link\" id=\"https:\/\/www.mojekonferencje.pl\/biskupice\/centrum-eventowe-barcinek\"><mark style=\"background-color:rgba(0, 0, 0, 0)\" class=\"has-inline-color has-vivid-purple-color\"><span style=\"text-decoration: underline;\">Centrum Eventowe Barcinek<\/span><\/mark><\/a><\/h2>\n\n\n\n<p>Po\u0142o\u017cone w zielonej cz\u0119\u015bci Wielkopolski, z dogodnym dojazdem m.in. z Poznania i okolicznych miejscowo\u015bci, <a href=\"https:\/\/www.mojekonferencje.pl\/biskupice\/centrum-eventowe-barcinek\" type=\"link\" id=\"https:\/\/www.mojekonferencje.pl\/biskupice\/centrum-eventowe-barcinek\"><strong>Centrum Eventowe Barcinek<\/strong> <\/a>to nowoczesna przestrze\u0144 stworzona z my\u015bl\u0105 o wydarzeniach firmowych i prywatnych. Obiekt wyr\u00f3\u017cnia si\u0119 pe\u0142n\u0105 wy\u0142\u0105czno\u015bci\u0105 &#8211; w tym samym czasie odbywa si\u0119 tu tylko jedno wydarzenie, co gwarantuje komfort, prywatno\u015b\u0107 i swobod\u0119 organizacji.<\/p>\n\n\n\n<p><br>Na miejscu dost\u0119pna jest <strong>przestronna sala bankietowa (ok. 200 mkw.)<\/strong>, antresola idealna na stref\u0119 VIP oraz kameralna salka konferencyjna na szkolenia i spotkania biznesowe. Uzupe\u0142nieniem infrastruktury jest <strong>pawilon letni oraz rozleg\u0142y teren zielony (ponad 1,8 ha)<\/strong>, kt\u00f3ry pozwala organizowa\u0107 zar\u00f3wno garden party, jak i du\u017ce eventy plenerowe nawet do 1500 os\u00f3b.<\/p>\n\n\n\n<p><br>Obiekt oferuje r\u00f3wnie\u017c zaplecze noclegowe w postaci <strong>komfortowych pokoi<\/strong> oraz kompleksow\u0105 obs\u0142ug\u0119 cateringow\u0105 dopasowan\u0105 do charakteru wydarzenia. Do dyspozycji go\u015bci pozostaje <strong>parking na ok. 140 samochod\u00f3w,<\/strong> co znacz\u0105co u\u0142atwia logistyk\u0119.<\/p>\n\n\n\n<p><br>Du\u017cym atutem jest <strong>otoczenie las\u00f3w i jeziora<\/strong>, kt\u00f3re sprzyja organizacji integracji i aktywno\u015bci outdoorowych. To miejsce, kt\u00f3re daje pe\u0142n\u0105 elastyczno\u015b\u0107 i realne wsparcie w realizacji wydarze\u0144 &#8211; od kameralnych spotka\u0144 po du\u017ce eventy firmowe.<\/p>\n\n\n\n<figure class=\"wp-block-image size-full\"><a href=\"https:\/\/www.mojekonferencje.pl\/blog\/wp-content\/uploads\/2025\/10\/dji-0006-960x580-1.webp\"><img loading=\"lazy\" decoding=\"async\" width=\"960\" height=\"580\" src=\"https:\/\/www.mojekonferencje.pl\/blog\/wp-content\/uploads\/2025\/10\/dji-0006-960x580-1.webp\" alt=\"\" class=\"wp-image-9503 lazyload\" data-srcset=\"https:\/\/www.mojekonferencje.pl\/blog\/wp-content\/uploads\/2025\/10\/dji-0006-960x580-1.webp 960w, https:\/\/www.mojekonferencje.pl\/blog\/wp-content\/uploads\/2025\/10\/dji-0006-960x580-1-300x181.webp 300w, https:\/\/www.mojekonferencje.pl\/blog\/wp-content\/uploads\/2025\/10\/dji-0006-960x580-1-768x464.webp 768w\" sizes=\"auto\" \/><\/a><\/figure>\n\n\n\n<h2 class=\"wp-block-heading has-text-align-center\"><a href=\"https:\/\/www.mojekonferencje.pl\/stare-miasto\/skansen-bicz-family-spa\" type=\"link\" id=\"https:\/\/www.mojekonferencje.pl\/stare-miasto\/skansen-bicz-family-spa\"><mark style=\"background-color:rgba(0, 0, 0, 0)\" class=\"has-inline-color has-vivid-purple-color\"><span style=\"text-decoration: underline;\">Skansen Bicz Family &amp; SPA<\/span><\/mark><\/a><\/h2>\n\n\n\n<p>Po\u0142o\u017cony w spokojnej okolicy niedaleko Konina, w centralnej cz\u0119\u015bci kraju, obiekt wyr\u00f3\u017cnia si\u0119 wyj\u0105tkowym klimatem inspirowanym tradycj\u0105 i natur\u0105. Dogodny dojazd, m.in. dzi\u0119ki blisko\u015bci autostrady A2, sprawia, \u017ce miejsce jest ch\u0119tnie wybierane zar\u00f3wno na wypoczynek, jak i wydarzenia biznesowe.<\/p>\n\n\n\n<p>Na go\u015bci czeka <strong>rozbudowana baza konferencyjna z dwiema salami<\/strong> \u2013 wi\u0119ksza pomie\u015bci do 400 os\u00f3b, a mniejsza do 50 uczestnik\u00f3w. Obie s\u0105 klimatyzowane, wyposa\u017cone w sprz\u0119t multimedialny i dost\u0119p do \u015bwiat\u0142a dziennego. Dodatkowo dost\u0119pna jest klimatyczna <strong>stodo\u0142a na eventy do 100 os\u00f3<\/strong>b oraz <strong>wiata w stylu boho<\/strong>, idealna na lu\u017aniejsze spotkania i integracje.<\/p>\n\n\n\n<p><a href=\"https:\/\/www.mojekonferencje.pl\/stare-miasto\/skansen-bicz-family-spa\" type=\"link\" id=\"https:\/\/www.mojekonferencje.pl\/stare-miasto\/skansen-bicz-family-spa\"><strong>Skansen Bicz Family &amp; SPA<\/strong><\/a> oferuje tak\u017ce <strong>komfortowe noclegi dla oko\u0142o 86 os\u00f3b<\/strong> w pokojach, domkach i apartamentach. Na miejscu dzia\u0142a restauracja serwuj\u0105ca dania \u0142\u0105cz\u0105ce tradycyjn\u0105 kuchni\u0119 polsk\u0105 z nowoczesnymi akcentami, bazuj\u0105c na \u015bwie\u017cych, cz\u0119sto lokalnych produktach.<\/p>\n\n\n\n<p>Du\u017cym atutem jest <strong>rozleg\u0142y teren z parkiem etnograficznym<\/strong>, kt\u00f3ry tworzy niepowtarzalne t\u0142o dla wydarze\u0144 i wypoczynku. Go\u015bcie mog\u0105 korzysta\u0107 z licznych atrakcji, takich jak paintball, quady czy aktywno\u015bci outdoorowe, co czyni to miejsce idealnym zar\u00f3wno na wyjazdy firmowe, jak i pobyty rodzinne.<\/p>\n\n\n\n<figure class=\"wp-block-image size-full\"><a href=\"https:\/\/www.mojekonferencje.pl\/blog\/wp-content\/uploads\/2025\/10\/diament-960x580-1.webp\"><img loading=\"lazy\" decoding=\"async\" width=\"960\" height=\"580\" src=\"https:\/\/www.mojekonferencje.pl\/blog\/wp-content\/uploads\/2025\/10\/diament-960x580-1.webp\" alt=\"\" class=\"wp-image-9505 lazyload\" data-srcset=\"https:\/\/www.mojekonferencje.pl\/blog\/wp-content\/uploads\/2025\/10\/diament-960x580-1.webp 960w, https:\/\/www.mojekonferencje.pl\/blog\/wp-content\/uploads\/2025\/10\/diament-960x580-1-300x181.webp 300w, https:\/\/www.mojekonferencje.pl\/blog\/wp-content\/uploads\/2025\/10\/diament-960x580-1-768x464.webp 768w\" sizes=\"auto\" \/><\/a><\/figure>\n\n\n\n<p>Przy organizacji wydarzenia warto skorzysta\u0107 ze wsparcia event concierge, kt\u00f3ry pomaga dopi\u0105\u0107 wszystkie szczeg\u00f3\u0142y i odci\u0105\u017ca organizatora. <strong>Organizacja wydarzenia biznesowego w Wielkopolsce<\/strong> mo\u017ce by\u0107 prawdziw\u0105 przyjemno\u015bci\u0105 &#8211; wszystko zale\u017cy od wyboru miejsca z dobr\u0105 kuchni\u0105. Obiekty opisane w artykule oferuj\u0105 wygodne sale konferencyjne oraz smaczny catering lub restauracje, dzi\u0119ki czemu spotkania staj\u0105 si\u0119 bardziej komfortowe dla uczestnik\u00f3w. <\/p>\n\n\n\n<p>Niezale\u017cnie od tego, czy planujesz ma\u0142e szkolenie, czy wi\u0119ksz\u0105 konferencj\u0119, w Wielkopolsce bez trudu mo\u017cna znale\u017a\u0107 miejsca, w kt\u00f3rych wydarzenie b\u0119dzie udane i po prostu dobrze zorganizowane \u2013 tak\u017ce od kulinarnej strony.<\/p>\n","protected":false},"excerpt":{"rendered":"<p>Wielkopolska to doskona\u0142e miejsce na event ze smakiem. Sprawd\u017a obiekty konferencyjne oferuj\u0105ce najwy\u017cszy poziom kulinari\u00f3w i obs\u0142ugi.<\/p>\n","protected":false},"author":21,"featured_media":8277,"comment_status":"closed","ping_status":"closed","sticky":false,"template":"","format":"standard","meta":{"_acf_changed":false,"footnotes":""},"categories":[175],"tags":[501,506,504,502,503,500],"class_list":["post-8227","post","type-post","status-publish","format-standard","has-post-thumbnail","hentry","category-wybieranie-miejsca-konferencyjnego","tag-catering-konferencyjny-wielkopolska","tag-eventy-biznesowe-wielkopolska","tag-konferencje-poznan","tag-najlepszy-catering-konferencyjny","tag-obiekty-szkoleniowe-wielkopolska","tag-sale-konferencyjne-wielkopolska"],"acf":[],"yoast_head":"<!-- This site is optimized with the Yoast SEO plugin v27.1.1 - https:\/\/yoast.com\/product\/yoast-seo-wordpress\/ -->\n<title>Obiekty konferencyjne z najlepszym cateringiem - gdzie zorganizowa\u0107 event ze smakiem? - woj. wielkopolskie - blog | MojeKonferencje.pl<\/title>\n<meta name=\"description\" content=\"Obiekty konferencyjne z najlepszym cateringiem - gdzie zorganizowa\u0107 event ze smakiem? - woj. wielkopolskie - blog | MojeKonferencje.pl\" \/>\n<meta name=\"robots\" content=\"index, follow, max-snippet:-1, max-image-preview:large, max-video-preview:-1\" \/>\n<link rel=\"canonical\" href=\"https:\/\/www.mojekonferencje.pl\/blog\/obiekty-konferencyjne-z-najlepszym-cateringiem-gdzie-zorganizowac-event-ze-smakiem-woj-wielkopolskie\/\" \/>\n<meta property=\"og:locale\" content=\"pl_PL\" \/>\n<meta property=\"og:type\" content=\"article\" \/>\n<meta property=\"og:title\" content=\"Obiekty konferencyjne z najlepszym cateringiem - gdzie zorganizowa\u0107 event ze smakiem? - woj. wielkopolskie - blog | MojeKonferencje.pl\" \/>\n<meta property=\"og:description\" content=\"Obiekty konferencyjne z najlepszym cateringiem - gdzie zorganizowa\u0107 event ze smakiem? - woj. wielkopolskie - blog | MojeKonferencje.pl\" \/>\n<meta property=\"og:url\" content=\"https:\/\/www.mojekonferencje.pl\/blog\/obiekty-konferencyjne-z-najlepszym-cateringiem-gdzie-zorganizowac-event-ze-smakiem-woj-wielkopolskie\/\" \/>\n<meta property=\"og:site_name\" content=\"MojeKonferencje.pl\" \/>\n<meta property=\"article:published_time\" content=\"2025-10-23T07:00:00+00:00\" \/>\n<meta property=\"article:modified_time\" content=\"2026-04-20T19:43:51+00:00\" \/>\n<meta property=\"og:image\" content=\"https:\/\/www.mojekonferencje.pl\/blog\/wp-content\/uploads\/2025\/10\/Fotoram.io-2025-10-23T132241.993.jpg\" \/>\n\t<meta property=\"og:image:width\" content=\"1200\" \/>\n\t<meta property=\"og:image:height\" content=\"708\" \/>\n\t<meta property=\"og:image:type\" content=\"image\/jpeg\" \/>\n<meta name=\"author\" content=\"Julia Gadomska\" \/>\n<meta name=\"twitter:card\" content=\"summary_large_image\" \/>\n<meta name=\"twitter:label1\" content=\"Napisane przez\" \/>\n\t<meta name=\"twitter:data1\" content=\"Julia Gadomska\" \/>\n\t<meta name=\"twitter:label2\" content=\"Szacowany czas czytania\" \/>\n\t<meta name=\"twitter:data2\" content=\"11 minut\" \/>\n<script type=\"application\/ld+json\" class=\"yoast-schema-graph\">{\"@context\":\"https:\/\/schema.org\",\"@graph\":[{\"@type\":\"Article\",\"@id\":\"https:\/\/www.mojekonferencje.pl\/blog\/obiekty-konferencyjne-z-najlepszym-cateringiem-gdzie-zorganizowac-event-ze-smakiem-woj-wielkopolskie\/#article\",\"isPartOf\":{\"@id\":\"https:\/\/www.mojekonferencje.pl\/blog\/obiekty-konferencyjne-z-najlepszym-cateringiem-gdzie-zorganizowac-event-ze-smakiem-woj-wielkopolskie\/\"},\"author\":{\"name\":\"Julia Gadomska\",\"@id\":\"https:\/\/www.mojekonferencje.pl\/blog\/#\/schema\/person\/7d6985dc3741882ea12e03b1c3997043\"},\"headline\":\"Obiekty konferencyjne z najlepszym cateringiem &#8211; gdzie zorganizowa\u0107 event ze smakiem? &#8211; woj. wielkopolskie\",\"datePublished\":\"2025-10-23T07:00:00+00:00\",\"dateModified\":\"2026-04-20T19:43:51+00:00\",\"mainEntityOfPage\":{\"@id\":\"https:\/\/www.mojekonferencje.pl\/blog\/obiekty-konferencyjne-z-najlepszym-cateringiem-gdzie-zorganizowac-event-ze-smakiem-woj-wielkopolskie\/\"},\"wordCount\":1678,\"image\":{\"@id\":\"https:\/\/www.mojekonferencje.pl\/blog\/obiekty-konferencyjne-z-najlepszym-cateringiem-gdzie-zorganizowac-event-ze-smakiem-woj-wielkopolskie\/#primaryimage\"},\"thumbnailUrl\":\"https:\/\/www.mojekonferencje.pl\/blog\/wp-content\/uploads\/2025\/10\/Fotoram.io-2025-10-23T132241.993.jpg\",\"keywords\":[\"catering konferencyjny Wielkopolska\",\"eventy biznesowe Wielkopolska\",\"konferencje Pozna\u0144\",\"najlepszy catering konferencyjny\",\"obiekty szkoleniowe Wielkopolska\",\"sale konferencyjne Wielkopolska\"],\"articleSection\":[\"Wybieranie miejsca konferencyjnego\"],\"inLanguage\":\"pl-PL\"},{\"@type\":\"WebPage\",\"@id\":\"https:\/\/www.mojekonferencje.pl\/blog\/obiekty-konferencyjne-z-najlepszym-cateringiem-gdzie-zorganizowac-event-ze-smakiem-woj-wielkopolskie\/\",\"url\":\"https:\/\/www.mojekonferencje.pl\/blog\/obiekty-konferencyjne-z-najlepszym-cateringiem-gdzie-zorganizowac-event-ze-smakiem-woj-wielkopolskie\/\",\"name\":\"Obiekty konferencyjne z najlepszym cateringiem - gdzie zorganizowa\u0107 event ze smakiem? - woj. wielkopolskie - blog | MojeKonferencje.pl\",\"isPartOf\":{\"@id\":\"https:\/\/www.mojekonferencje.pl\/blog\/#website\"},\"primaryImageOfPage\":{\"@id\":\"https:\/\/www.mojekonferencje.pl\/blog\/obiekty-konferencyjne-z-najlepszym-cateringiem-gdzie-zorganizowac-event-ze-smakiem-woj-wielkopolskie\/#primaryimage\"},\"image\":{\"@id\":\"https:\/\/www.mojekonferencje.pl\/blog\/obiekty-konferencyjne-z-najlepszym-cateringiem-gdzie-zorganizowac-event-ze-smakiem-woj-wielkopolskie\/#primaryimage\"},\"thumbnailUrl\":\"https:\/\/www.mojekonferencje.pl\/blog\/wp-content\/uploads\/2025\/10\/Fotoram.io-2025-10-23T132241.993.jpg\",\"datePublished\":\"2025-10-23T07:00:00+00:00\",\"dateModified\":\"2026-04-20T19:43:51+00:00\",\"author\":{\"@id\":\"https:\/\/www.mojekonferencje.pl\/blog\/#\/schema\/person\/7d6985dc3741882ea12e03b1c3997043\"},\"description\":\"Obiekty konferencyjne z najlepszym cateringiem - gdzie zorganizowa\u0107 event ze smakiem? - woj. wielkopolskie - blog | MojeKonferencje.pl\",\"breadcrumb\":{\"@id\":\"https:\/\/www.mojekonferencje.pl\/blog\/obiekty-konferencyjne-z-najlepszym-cateringiem-gdzie-zorganizowac-event-ze-smakiem-woj-wielkopolskie\/#breadcrumb\"},\"inLanguage\":\"pl-PL\",\"potentialAction\":[{\"@type\":\"ReadAction\",\"target\":[\"https:\/\/www.mojekonferencje.pl\/blog\/obiekty-konferencyjne-z-najlepszym-cateringiem-gdzie-zorganizowac-event-ze-smakiem-woj-wielkopolskie\/\"]}]},{\"@type\":\"ImageObject\",\"inLanguage\":\"pl-PL\",\"@id\":\"https:\/\/www.mojekonferencje.pl\/blog\/obiekty-konferencyjne-z-najlepszym-cateringiem-gdzie-zorganizowac-event-ze-smakiem-woj-wielkopolskie\/#primaryimage\",\"url\":\"https:\/\/www.mojekonferencje.pl\/blog\/wp-content\/uploads\/2025\/10\/Fotoram.io-2025-10-23T132241.993.jpg\",\"contentUrl\":\"https:\/\/www.mojekonferencje.pl\/blog\/wp-content\/uploads\/2025\/10\/Fotoram.io-2025-10-23T132241.993.jpg\",\"width\":1200,\"height\":708,\"caption\":\"Obiekty konferencyjne z najlepszym cateringiem\"},{\"@type\":\"BreadcrumbList\",\"@id\":\"https:\/\/www.mojekonferencje.pl\/blog\/obiekty-konferencyjne-z-najlepszym-cateringiem-gdzie-zorganizowac-event-ze-smakiem-woj-wielkopolskie\/#breadcrumb\",\"itemListElement\":[{\"@type\":\"ListItem\",\"position\":1,\"name\":\"Strona g\u0142\u00f3wna\",\"item\":\"https:\/\/www.mojekonferencje.pl\/blog\/\"},{\"@type\":\"ListItem\",\"position\":2,\"name\":\"Obiekty konferencyjne z najlepszym cateringiem &#8211; gdzie zorganizowa\u0107 event ze smakiem? &#8211; woj. wielkopolskie\"}]},{\"@type\":\"WebSite\",\"@id\":\"https:\/\/www.mojekonferencje.pl\/blog\/#website\",\"url\":\"https:\/\/www.mojekonferencje.pl\/blog\/\",\"name\":\"MojeKonferencje.pl\",\"description\":\"Blog bran\u017cy szkoleniowo-konferencyjnej. W\u0142\u0105cz si\u0119 do dyskusji o obiektach konferencyjnych i nowo\u015bciach z bran\u017cy! Poznaj porady odno\u015bnie organizacji konferencji, szkole\u0144 i event\u00f3w firmowych! Zach\u0119camy do wyra\u017cania opinii oraz komentarzy.\",\"potentialAction\":[{\"@type\":\"SearchAction\",\"target\":{\"@type\":\"EntryPoint\",\"urlTemplate\":\"https:\/\/www.mojekonferencje.pl\/blog\/?s={search_term_string}\"},\"query-input\":{\"@type\":\"PropertyValueSpecification\",\"valueRequired\":true,\"valueName\":\"search_term_string\"}}],\"inLanguage\":\"pl-PL\"},{\"@type\":\"Person\",\"@id\":\"https:\/\/www.mojekonferencje.pl\/blog\/#\/schema\/person\/7d6985dc3741882ea12e03b1c3997043\",\"name\":\"Julia Gadomska\",\"url\":\"https:\/\/www.mojekonferencje.pl\/blog\/author\/julia-gadomska\/\"}]}<\/script>\n<!-- \/ Yoast SEO plugin. -->","yoast_head_json":{"title":"Obiekty konferencyjne z najlepszym cateringiem - gdzie zorganizowa\u0107 event ze smakiem? - woj. wielkopolskie - blog | MojeKonferencje.pl","description":"Obiekty konferencyjne z najlepszym cateringiem - gdzie zorganizowa\u0107 event ze smakiem? - woj. wielkopolskie - blog | MojeKonferencje.pl","robots":{"index":"index","follow":"follow","max-snippet":"max-snippet:-1","max-image-preview":"max-image-preview:large","max-video-preview":"max-video-preview:-1"},"canonical":"https:\/\/www.mojekonferencje.pl\/blog\/obiekty-konferencyjne-z-najlepszym-cateringiem-gdzie-zorganizowac-event-ze-smakiem-woj-wielkopolskie\/","og_locale":"pl_PL","og_type":"article","og_title":"Obiekty konferencyjne z najlepszym cateringiem - gdzie zorganizowa\u0107 event ze smakiem? - woj. wielkopolskie - blog | MojeKonferencje.pl","og_description":"Obiekty konferencyjne z najlepszym cateringiem - gdzie zorganizowa\u0107 event ze smakiem? - woj. wielkopolskie - blog | MojeKonferencje.pl","og_url":"https:\/\/www.mojekonferencje.pl\/blog\/obiekty-konferencyjne-z-najlepszym-cateringiem-gdzie-zorganizowac-event-ze-smakiem-woj-wielkopolskie\/","og_site_name":"MojeKonferencje.pl","article_published_time":"2025-10-23T07:00:00+00:00","article_modified_time":"2026-04-20T19:43:51+00:00","og_image":[{"width":1200,"height":708,"url":"https:\/\/www.mojekonferencje.pl\/blog\/wp-content\/uploads\/2025\/10\/Fotoram.io-2025-10-23T132241.993.jpg","type":"image\/jpeg"}],"author":"Julia Gadomska","twitter_card":"summary_large_image","twitter_misc":{"Napisane przez":"Julia Gadomska","Szacowany czas czytania":"11 minut"},"schema":{"@context":"https:\/\/schema.org","@graph":[{"@type":"Article","@id":"https:\/\/www.mojekonferencje.pl\/blog\/obiekty-konferencyjne-z-najlepszym-cateringiem-gdzie-zorganizowac-event-ze-smakiem-woj-wielkopolskie\/#article","isPartOf":{"@id":"https:\/\/www.mojekonferencje.pl\/blog\/obiekty-konferencyjne-z-najlepszym-cateringiem-gdzie-zorganizowac-event-ze-smakiem-woj-wielkopolskie\/"},"author":{"name":"Julia Gadomska","@id":"https:\/\/www.mojekonferencje.pl\/blog\/#\/schema\/person\/7d6985dc3741882ea12e03b1c3997043"},"headline":"Obiekty konferencyjne z najlepszym cateringiem &#8211; gdzie zorganizowa\u0107 event ze smakiem? &#8211; woj. wielkopolskie","datePublished":"2025-10-23T07:00:00+00:00","dateModified":"2026-04-20T19:43:51+00:00","mainEntityOfPage":{"@id":"https:\/\/www.mojekonferencje.pl\/blog\/obiekty-konferencyjne-z-najlepszym-cateringiem-gdzie-zorganizowac-event-ze-smakiem-woj-wielkopolskie\/"},"wordCount":1678,"image":{"@id":"https:\/\/www.mojekonferencje.pl\/blog\/obiekty-konferencyjne-z-najlepszym-cateringiem-gdzie-zorganizowac-event-ze-smakiem-woj-wielkopolskie\/#primaryimage"},"thumbnailUrl":"https:\/\/www.mojekonferencje.pl\/blog\/wp-content\/uploads\/2025\/10\/Fotoram.io-2025-10-23T132241.993.jpg","keywords":["catering konferencyjny Wielkopolska","eventy biznesowe Wielkopolska","konferencje Pozna\u0144","najlepszy catering konferencyjny","obiekty szkoleniowe Wielkopolska","sale konferencyjne Wielkopolska"],"articleSection":["Wybieranie miejsca konferencyjnego"],"inLanguage":"pl-PL"},{"@type":"WebPage","@id":"https:\/\/www.mojekonferencje.pl\/blog\/obiekty-konferencyjne-z-najlepszym-cateringiem-gdzie-zorganizowac-event-ze-smakiem-woj-wielkopolskie\/","url":"https:\/\/www.mojekonferencje.pl\/blog\/obiekty-konferencyjne-z-najlepszym-cateringiem-gdzie-zorganizowac-event-ze-smakiem-woj-wielkopolskie\/","name":"Obiekty konferencyjne z najlepszym cateringiem - gdzie zorganizowa\u0107 event ze smakiem? - woj. wielkopolskie - blog | MojeKonferencje.pl","isPartOf":{"@id":"https:\/\/www.mojekonferencje.pl\/blog\/#website"},"primaryImageOfPage":{"@id":"https:\/\/www.mojekonferencje.pl\/blog\/obiekty-konferencyjne-z-najlepszym-cateringiem-gdzie-zorganizowac-event-ze-smakiem-woj-wielkopolskie\/#primaryimage"},"image":{"@id":"https:\/\/www.mojekonferencje.pl\/blog\/obiekty-konferencyjne-z-najlepszym-cateringiem-gdzie-zorganizowac-event-ze-smakiem-woj-wielkopolskie\/#primaryimage"},"thumbnailUrl":"https:\/\/www.mojekonferencje.pl\/blog\/wp-content\/uploads\/2025\/10\/Fotoram.io-2025-10-23T132241.993.jpg","datePublished":"2025-10-23T07:00:00+00:00","dateModified":"2026-04-20T19:43:51+00:00","author":{"@id":"https:\/\/www.mojekonferencje.pl\/blog\/#\/schema\/person\/7d6985dc3741882ea12e03b1c3997043"},"description":"Obiekty konferencyjne z najlepszym cateringiem - gdzie zorganizowa\u0107 event ze smakiem? - woj. wielkopolskie - blog | MojeKonferencje.pl","breadcrumb":{"@id":"https:\/\/www.mojekonferencje.pl\/blog\/obiekty-konferencyjne-z-najlepszym-cateringiem-gdzie-zorganizowac-event-ze-smakiem-woj-wielkopolskie\/#breadcrumb"},"inLanguage":"pl-PL","potentialAction":[{"@type":"ReadAction","target":["https:\/\/www.mojekonferencje.pl\/blog\/obiekty-konferencyjne-z-najlepszym-cateringiem-gdzie-zorganizowac-event-ze-smakiem-woj-wielkopolskie\/"]}]},{"@type":"ImageObject","inLanguage":"pl-PL","@id":"https:\/\/www.mojekonferencje.pl\/blog\/obiekty-konferencyjne-z-najlepszym-cateringiem-gdzie-zorganizowac-event-ze-smakiem-woj-wielkopolskie\/#primaryimage","url":"https:\/\/www.mojekonferencje.pl\/blog\/wp-content\/uploads\/2025\/10\/Fotoram.io-2025-10-23T132241.993.jpg","contentUrl":"https:\/\/www.mojekonferencje.pl\/blog\/wp-content\/uploads\/2025\/10\/Fotoram.io-2025-10-23T132241.993.jpg","width":1200,"height":708,"caption":"Obiekty konferencyjne z najlepszym cateringiem"},{"@type":"BreadcrumbList","@id":"https:\/\/www.mojekonferencje.pl\/blog\/obiekty-konferencyjne-z-najlepszym-cateringiem-gdzie-zorganizowac-event-ze-smakiem-woj-wielkopolskie\/#breadcrumb","itemListElement":[{"@type":"ListItem","position":1,"name":"Strona g\u0142\u00f3wna","item":"https:\/\/www.mojekonferencje.pl\/blog\/"},{"@type":"ListItem","position":2,"name":"Obiekty konferencyjne z najlepszym cateringiem &#8211; gdzie zorganizowa\u0107 event ze smakiem? &#8211; woj. wielkopolskie"}]},{"@type":"WebSite","@id":"https:\/\/www.mojekonferencje.pl\/blog\/#website","url":"https:\/\/www.mojekonferencje.pl\/blog\/","name":"MojeKonferencje.pl","description":"Blog bran\u017cy szkoleniowo-konferencyjnej. W\u0142\u0105cz si\u0119 do dyskusji o obiektach konferencyjnych i nowo\u015bciach z bran\u017cy! Poznaj porady odno\u015bnie organizacji konferencji, szkole\u0144 i event\u00f3w firmowych! Zach\u0119camy do wyra\u017cania opinii oraz komentarzy.","potentialAction":[{"@type":"SearchAction","target":{"@type":"EntryPoint","urlTemplate":"https:\/\/www.mojekonferencje.pl\/blog\/?s={search_term_string}"},"query-input":{"@type":"PropertyValueSpecification","valueRequired":true,"valueName":"search_term_string"}}],"inLanguage":"pl-PL"},{"@type":"Person","@id":"https:\/\/www.mojekonferencje.pl\/blog\/#\/schema\/person\/7d6985dc3741882ea12e03b1c3997043","name":"Julia Gadomska","url":"https:\/\/www.mojekonferencje.pl\/blog\/author\/julia-gadomska\/"}]}},"_links":{"self":[{"href":"https:\/\/www.mojekonferencje.pl\/blog\/wp-json\/wp\/v2\/posts\/8227","targetHints":{"allow":["GET"]}}],"collection":[{"href":"https:\/\/www.mojekonferencje.pl\/blog\/wp-json\/wp\/v2\/posts"}],"about":[{"href":"https:\/\/www.mojekonferencje.pl\/blog\/wp-json\/wp\/v2\/types\/post"}],"author":[{"embeddable":true,"href":"https:\/\/www.mojekonferencje.pl\/blog\/wp-json\/wp\/v2\/users\/21"}],"replies":[{"embeddable":true,"href":"https:\/\/www.mojekonferencje.pl\/blog\/wp-json\/wp\/v2\/comments?post=8227"}],"version-history":[{"count":8,"href":"https:\/\/www.mojekonferencje.pl\/blog\/wp-json\/wp\/v2\/posts\/8227\/revisions"}],"predecessor-version":[{"id":9511,"href":"https:\/\/www.mojekonferencje.pl\/blog\/wp-json\/wp\/v2\/posts\/8227\/revisions\/9511"}],"wp:featuredmedia":[{"embeddable":true,"href":"https:\/\/www.mojekonferencje.pl\/blog\/wp-json\/wp\/v2\/media\/8277"}],"wp:attachment":[{"href":"https:\/\/www.mojekonferencje.pl\/blog\/wp-json\/wp\/v2\/media?parent=8227"}],"wp:term":[{"taxonomy":"category","embeddable":true,"href":"https:\/\/www.mojekonferencje.pl\/blog\/wp-json\/wp\/v2\/categories?post=8227"},{"taxonomy":"post_tag","embeddable":true,"href":"https:\/\/www.mojekonferencje.pl\/blog\/wp-json\/wp\/v2\/tags?post=8227"}],"curies":[{"name":"wp","href":"https:\/\/api.w.org\/{rel}","templated":true}]}}