{"id":8244,"date":"2025-10-23T13:16:29","date_gmt":"2025-10-23T11:16:29","guid":{"rendered":"https:\/\/www.mojekonferencje.pl\/blog\/?p=8244"},"modified":"2025-10-23T13:17:01","modified_gmt":"2025-10-23T11:17:01","slug":"wydarzenia-dla-hotelarzy-2025-na-ktorych-warto-byc","status":"publish","type":"post","link":"https:\/\/www.mojekonferencje.pl\/blog\/wydarzenia-dla-hotelarzy-2025-na-ktorych-warto-byc\/","title":{"rendered":"Wydarzenia dla hotelarzy 2025, na kt\u00f3rych warto by\u0107!"},"content":{"rendered":"\n<p>Rok 2025 zapowiada si\u0119 wyj\u0105tkowo intensywnie dla bran\u017cy hotelarskiej. Przed w\u0142a\u015bcicielami, mened\u017cerami i inwestorami otwieraj\u0105 si\u0119 liczne mo\u017cliwo\u015bci rozwoju i poznania najnowszych trend\u00f3w w hotelarstwie, marketingu i turystyce biznesowej. Konferencje i targi bran\u017cowe to nie tylko \u017ar\u00f3d\u0142o wiedzy, ale te\u017c doskona\u0142a okazja do nawi\u0105zania warto\u015bciowych relacji. <\/p>\n\n\n\n<p><strong>Oto najwa\u017cniejsze wydarzenia, kt\u00f3rych nie mo\u017ce zabrakn\u0105\u0107 w kalendarzu ka\u017cdego hotelarza.<\/strong><\/p>\n\n\n\n<h2 class=\"wp-block-heading has-text-align-center\">Hotel Investors Meeting 2025, Warszawa<\/h2>\n\n\n\n<p>Kiedy? <strong>6 wrze\u015bnia 2025 r.<\/strong><\/p>\n\n\n\n<p>Miejsce: <strong>Hotel Verte, Warsaw, Autograph Collection<\/strong>, <strong>Warszawa<\/strong><\/p>\n\n\n\n<p><strong>Hotel Investors Meeting <\/strong>to jedno z najwa\u017cniejszych wydarze\u0144 inwestycyjnych w bran\u017cy hotelowej w Polsce.  W tym roku spotkanie odby\u0142o si\u0119 w <strong>presti\u017cowym hotelu Verte Warsaw, Autograph Collection<\/strong>. <\/p>\n\n\n\n<p>Konferencja skierowana by\u0142a do inwestor\u00f3w, w\u0142a\u015bcicieli i mened\u017cer\u00f3w hoteli, a jej celem by\u0142o om\u00f3wienie aktualnych trend\u00f3w, wyzwa\u0144 i prognoz dotycz\u0105cych rynku hotelowego. Takie spotkanie stanowi\u0142o doskona\u0142\u0105 okazj\u0119 do zbudowania sieci kontakt\u00f3w biznesowych.<\/p>\n\n\n\n<p>Wi\u0119cej informacji tutaj: <a href=\"https:\/\/www.salebiznesowe.pl\/kalendarium\/hotel-investors-meeting-2025\">https:\/\/www.salebiznesowe.pl\/kalendarium\/hotel-investors-meeting-2025<\/a><\/p>\n\n\n\n<figure class=\"wp-block-image size-full\"><a href=\"https:\/\/www.mojekonferencje.pl\/blog\/wp-content\/uploads\/2025\/10\/38754be1-0e92-412f-bc5f-b3be143ec194-708x473-1.webp\"><img loading=\"lazy\" decoding=\"async\" width=\"708\" height=\"473\" src=\"https:\/\/www.mojekonferencje.pl\/blog\/wp-content\/uploads\/2025\/10\/38754be1-0e92-412f-bc5f-b3be143ec194-708x473-1.webp\" alt=\"\" class=\"wp-image-8246 lazyload\" data-srcset=\"https:\/\/www.mojekonferencje.pl\/blog\/wp-content\/uploads\/2025\/10\/38754be1-0e92-412f-bc5f-b3be143ec194-708x473-1.webp 708w, https:\/\/www.mojekonferencje.pl\/blog\/wp-content\/uploads\/2025\/10\/38754be1-0e92-412f-bc5f-b3be143ec194-708x473-1-300x200.webp 300w\" sizes=\"auto\" \/><\/a><\/figure>\n\n\n\n<h2 class=\"wp-block-heading has-text-align-center\">Kongres Hotel Management VI<\/h2>\n\n\n\n<p>Kiedy? <strong>14\u201315 wrze\u015bnia 2025 r.<\/strong><\/p>\n\n\n\n<p>Gdzie?<strong> Hotel Sandra SPA w Pogorzelicy<\/strong><\/p>\n\n\n\n<p>Kongres Hotel Management to dwudniowe wydarzenie na kt\u00f3rych uczestnicy odbywaj\u0105 merytoryczne prelekcje po\u0142\u0105czone z integracj\u0105 \u015brodowiska hotelarskiego. W tym roku wydarzenie odby\u0142o si\u0119 w malowniczym o\u015brodku <strong>Sandra SPA w Pogorzelicy<\/strong>. <\/p>\n\n\n\n<p>Uczestnicy mogli wzi\u0105\u0107 udzia\u0142 w licznych panelach dyskusyjnych, warsztatach i sesjach networkingowych, a tak\u017ce porozmawia\u0107 z ekspertami na temat zarz\u0105dzania, obs\u0142ugi go\u015bci oraz nowoczesnych narz\u0119dzi wspieraj\u0105cych bran\u017c\u0119.<\/p>\n\n\n\n<p>Po wi\u0119cej informacji zapraszamy tu: <a href=\"https:\/\/www.mojekonferencje.pl\/aktualnosci\/vi-kongres-hotel-management-2025-mojekonferencjepl-oficjalnym-partnerem\">https:\/\/www.mojekonferencje.pl\/aktualnosci\/vi-kongres-hotel-management-2025-mojekonferencjepl-oficjalnym-partnerem<\/a><\/p>\n\n\n\n<figure class=\"wp-block-image size-full\"><a href=\"https:\/\/www.mojekonferencje.pl\/blog\/wp-content\/uploads\/2025\/10\/kongres-hm-promo-1-708x473-1.webp\"><img loading=\"lazy\" decoding=\"async\" width=\"708\" height=\"473\" src=\"https:\/\/www.mojekonferencje.pl\/blog\/wp-content\/uploads\/2025\/10\/kongres-hm-promo-1-708x473-1.webp\" alt=\"\" class=\"wp-image-8247 lazyload\" data-srcset=\"https:\/\/www.mojekonferencje.pl\/blog\/wp-content\/uploads\/2025\/10\/kongres-hm-promo-1-708x473-1.webp 708w, https:\/\/www.mojekonferencje.pl\/blog\/wp-content\/uploads\/2025\/10\/kongres-hm-promo-1-708x473-1-300x200.webp 300w\" sizes=\"auto\" \/><\/a><\/figure>\n\n\n\n<h2 class=\"wp-block-heading has-text-align-center\"><\/h2>\n\n\n\n<h2 class=\"wp-block-heading\">Te wydarzenia ju\u017c za nami, a co jeszcze przed nami&#8230;<\/h2>\n\n\n\n<h2 class=\"wp-block-heading has-text-align-center\">XI Hotel Marketing Conference<\/h2>\n\n\n\n<p>Kiedy? <strong>27-29 pa\u017adziernika 2025 r.<\/strong><\/p>\n\n\n\n<p>Gdzie? <strong>Radisson Blu Hotel Sopot<\/strong><\/p>\n\n\n\n<p>Konferencja odb\u0119dzie si\u0119 nad morzem w eleganckiej scenerii w hotelu <strong>Radisson Blu Hotel\u202fSopot<\/strong>. Wydarzenie kierowane jest do profesjonalist\u00f3w hotelarstwa i marketingu hotelowego \u2013 jego tematyk\u0105 b\u0119d\u0105 strategie sprzeda\u017cy bezpo\u015bredniej (direct booking), nowoczesne rozwi\u0105zania marketingowe oraz budowanie marki hotelu w warunkach rosn\u0105cej konkurencji.<br>hotel-marketing.pl<\/p>\n\n\n\n<p>W programie znajdzie si\u0119 m.in. <strong>gala \u201eDirect Booking Awards\u202f2025\u201d<\/strong>, podczas kt\u00f3rej wyr\u00f3\u017cnione zostan\u0105 obiekty wykazuj\u0105ce si\u0119 innowacyjnym podej\u015bciem do rezerwacji bezpo\u015brednich. <\/p>\n\n\n\n<p>Zach\u0119camy do udzia\u0142u w wydarzeniu. Nasza ekipa Mojekonferencje.pl, r\u00f3wnie\u017c zawita na tym spotkaniu. \ud83d\ude42<\/p>\n\n\n\n<p>Wi\u0119cej informacji: <a href=\"https:\/\/www.mojekonferencje.pl\/aktualnosci\/ai-revenue-management-i-wiecej-sprawdz-co-czeka-cie-na-hotel-marketing-conference-2025\">https:\/\/www.salebiznesowe.pl\/aktualnosci\/hotel-marketing-conference-2025-zbliza-sie-wielkimi-krokami<\/a><\/p>\n\n\n\n<figure class=\"wp-block-image size-large\"><a href=\"https:\/\/www.mojekonferencje.pl\/blog\/wp-content\/uploads\/2025\/10\/250523-hmc2025-social-post-campaign-1080x1080-01.jpg\"><img loading=\"lazy\" decoding=\"async\" width=\"1024\" height=\"1024\" src=\"https:\/\/www.mojekonferencje.pl\/blog\/wp-content\/uploads\/2025\/10\/250523-hmc2025-social-post-campaign-1080x1080-01-1024x1024.jpg\" alt=\"\" class=\"wp-image-8249 lazyload\" data-srcset=\"https:\/\/www.mojekonferencje.pl\/blog\/wp-content\/uploads\/2025\/10\/250523-hmc2025-social-post-campaign-1080x1080-01-1024x1024.jpg 1024w, https:\/\/www.mojekonferencje.pl\/blog\/wp-content\/uploads\/2025\/10\/250523-hmc2025-social-post-campaign-1080x1080-01-300x300.jpg 300w, https:\/\/www.mojekonferencje.pl\/blog\/wp-content\/uploads\/2025\/10\/250523-hmc2025-social-post-campaign-1080x1080-01-150x150.jpg 150w, https:\/\/www.mojekonferencje.pl\/blog\/wp-content\/uploads\/2025\/10\/250523-hmc2025-social-post-campaign-1080x1080-01-768x768.jpg 768w, https:\/\/www.mojekonferencje.pl\/blog\/wp-content\/uploads\/2025\/10\/250523-hmc2025-social-post-campaign-1080x1080-01-80x80.jpg 80w, https:\/\/www.mojekonferencje.pl\/blog\/wp-content\/uploads\/2025\/10\/250523-hmc2025-social-post-campaign-1080x1080-01-160x160.jpg 160w, https:\/\/www.mojekonferencje.pl\/blog\/wp-content\/uploads\/2025\/10\/250523-hmc2025-social-post-campaign-1080x1080-01-240x240.jpg 240w, https:\/\/www.mojekonferencje.pl\/blog\/wp-content\/uploads\/2025\/10\/250523-hmc2025-social-post-campaign-1080x1080-01-320x320.jpg 320w, https:\/\/www.mojekonferencje.pl\/blog\/wp-content\/uploads\/2025\/10\/250523-hmc2025-social-post-campaign-1080x1080-01-480x480.jpg 480w, https:\/\/www.mojekonferencje.pl\/blog\/wp-content\/uploads\/2025\/10\/250523-hmc2025-social-post-campaign-1080x1080-01-640x640.jpg 640w, https:\/\/www.mojekonferencje.pl\/blog\/wp-content\/uploads\/2025\/10\/250523-hmc2025-social-post-campaign-1080x1080-01-720x720.jpg 720w, https:\/\/www.mojekonferencje.pl\/blog\/wp-content\/uploads\/2025\/10\/250523-hmc2025-social-post-campaign-1080x1080-01.jpg 1080w\" sizes=\"auto\" \/><\/a><\/figure>\n\n\n\n<h2 class=\"wp-block-heading has-text-align-center\">VI Kongres Hotelarzy Mercure Szczyrk Resort 2025<\/h2>\n\n\n\n<p>Kiedy? <strong>4-5 listopada 2025 r.<\/strong><\/p>\n\n\n\n<p>Gdzie? <strong>Hotel Mercure Szczyrk Resort w Szczyrku<\/strong><\/p>\n\n\n\n<p><strong>VI Kongres Hotelarzy<\/strong> to dwudniowe wydarzenie skierowane do w\u0142a\u015bcicieli, mened\u017cer\u00f3w i ekspert\u00f3w z bran\u017cy hotelarskiej. Odb\u0119dzie si\u0119 <strong>4\u20135 listopada 2025 roku w Hotelu Mercure Szczyrk Resort<\/strong>.<\/p>\n\n\n\n<p>Podczas kongresu uczestnicy b\u0119d\u0105 mogli wzi\u0105\u0107 udzia\u0142 w sesjach merytorycznych, warsztatach i panelach dyskusyjnych prowadzonych przez specjalist\u00f3w z sektora hotelowego. Wydarzenie stwarza doskona\u0142\u0105 okazj\u0119 do wymiany do\u015bwiadcze\u0144, nawi\u0105zywania kontakt\u00f3w biznesowych oraz poznania najnowszych trend\u00f3w i rozwi\u0105za\u0144 w zarz\u0105dzaniu obiektami hotelowymi.<\/p>\n\n\n\n<p>Je\u015bli chcecie dowiedzie\u0107 si\u0119 szczeg\u00f3\u0142\u00f3w zajrzyjcie tutaj &#8211; <a href=\"https:\/\/www.ehotelarze.pl\/\">https:\/\/www.ehotelarze.pl\/<\/a><\/p>\n\n\n\n<h2 class=\"wp-block-heading has-text-align-center\">MICE EXPO 2025<\/h2>\n\n\n\n<p>Kiedy? <strong>6 listopada 2025 r.<\/strong><\/p>\n\n\n\n<p>Gdzie? <strong>PreZero Arena w Gliwicach<\/strong><\/p>\n\n\n\n<p>MICE EXPO to presti\u017cowe targi bran\u017cy spotka\u0144, konferencji i wydarze\u0144, kt\u00f3re odb\u0119d\u0105 si\u0119 w<strong> PreZero Arenie w Gliwicach<\/strong>. To wydarzenie skierowane do przedstawicieli hoteli, centr\u00f3w konferencyjnych, agencji eventowych i firm turystycznych.<\/p>\n\n\n\n<p>Uczestnicy b\u0119d\u0105 mogli zapozna\u0107 si\u0119 z ofertami wystawc\u00f3w, pozna\u0107 nowoczesne technologie wspieraj\u0105ce organizacj\u0119 wydarze\u0144 oraz nawi\u0105za\u0107 wsp\u00f3\u0142prac\u0119 z partnerami z bran\u017cy MICE.<\/p>\n\n\n\n<p>Obecno\u015b\u0107 na wydarzeniu <strong>obowi\u0105zkowa dla ka\u017cdego hotelarza<\/strong>!<\/p>\n\n\n\n<p>Wi\u0119cej informacji tutaj: <a href=\"https:\/\/www.mojekonferencje.pl\/aktualnosci\/mice-expo-2025-nowy-punkt-obowiazkowy-na-mapie-branzy-eventowej\">https:\/\/www.mojekonferencje.pl\/aktualnosci\/mice-expo-2025-nowy-punkt-obowiazkowy-na-mapie-branzy-eventowej<\/a><\/p>\n\n\n\n<figure class=\"wp-block-image size-full\"><a href=\"https:\/\/www.mojekonferencje.pl\/blog\/wp-content\/uploads\/2025\/10\/projekt-bez-nazwy-708x473-1.webp\"><img loading=\"lazy\" decoding=\"async\" width=\"708\" height=\"473\" src=\"https:\/\/www.mojekonferencje.pl\/blog\/wp-content\/uploads\/2025\/10\/projekt-bez-nazwy-708x473-1.webp\" alt=\"\" class=\"wp-image-8255 lazyload\" data-srcset=\"https:\/\/www.mojekonferencje.pl\/blog\/wp-content\/uploads\/2025\/10\/projekt-bez-nazwy-708x473-1.webp 708w, https:\/\/www.mojekonferencje.pl\/blog\/wp-content\/uploads\/2025\/10\/projekt-bez-nazwy-708x473-1-300x200.webp 300w\" sizes=\"auto\" \/><\/a><\/figure>\n\n\n\n<h2 class=\"wp-block-heading has-text-align-center\">XVII Hotel Meeting<\/h2>\n\n\n\n<p>Kiedy? <strong>13 listopada 2025 r.<\/strong><\/p>\n\n\n\n<p>Gdzie? <strong>Airport Hotel Ok\u0119cie w Warszawie<\/strong><\/p>\n\n\n\n<p><strong>Hotel Meeting<\/strong> to jedno z najd\u0142u\u017cej organizowanych wydarze\u0144 bran\u017cowych w Polsce, kt\u00f3re w tym roku odb\u0119dzie si\u0119 ju\u017c po raz siedemnasty w Airport Hotel Ok\u0119cie w Warszawie. Tematem przewodnim konferencji b\u0119dzie <strong>\u201eReputacja i wizerunek w hotelarstwie\u201d<\/strong>. <\/p>\n\n\n\n<p>Eksperci podziel\u0105 si\u0119 wiedz\u0105 na temat budowania marki hotelu, zarz\u0105dzania opini\u0105 go\u015bci oraz skutecznych dzia\u0142a\u0144 marketingowych w erze cyfrowej. Du\u017ca dawka wiedzy na wydarzeniu gwarantowana. <\/p>\n\n\n\n<p><strong>Nie mo\u017ce was tam zabrakn\u0105\u0107!<\/strong><\/p>\n\n\n\n<p>Chcesz dowiedzie\u0107 si\u0119 wi\u0119cej:<a href=\" https:\/\/www.mojekonferencje.pl\/aktualnosci\/xvii-hotel-meeting-reputacja-i-wizerunek-w-hotelarstwie-13-listopada-2025-airport-hotel-okecie\"> <\/a><a href=\"https:\/\/www.mojekonferencje.pl\/aktualnosci\/xvii-hotel-meeting-reputacja-i-wizerunek-w-hotelarstwie-13-listopada-2025-airport-hotel-okecie\">https:\/\/www.mojekonferencje.pl\/aktualnosci\/xvii-hotel-meeting-reputacja-i-wizerunek-w-hotelarstwie-13-listopada-2025-airport-hotel-okecie<\/a><\/p>\n\n\n\n<figure class=\"wp-block-image size-full\"><a href=\"https:\/\/www.mojekonferencje.pl\/blog\/wp-content\/uploads\/2025\/10\/1795-x-1205-708x473-1.webp\"><img loading=\"lazy\" decoding=\"async\" width=\"708\" height=\"473\" src=\"https:\/\/www.mojekonferencje.pl\/blog\/wp-content\/uploads\/2025\/10\/1795-x-1205-708x473-1.webp\" alt=\"\" class=\"wp-image-8253 lazyload\" data-srcset=\"https:\/\/www.mojekonferencje.pl\/blog\/wp-content\/uploads\/2025\/10\/1795-x-1205-708x473-1.webp 708w, https:\/\/www.mojekonferencje.pl\/blog\/wp-content\/uploads\/2025\/10\/1795-x-1205-708x473-1-300x200.webp 300w\" sizes=\"auto\" \/><\/a><\/figure>\n\n\n\n<h2 class=\"wp-block-heading has-text-align-center\">Mi\u0119dzynarodowe Targi Turystyczne ITTF Warsaw 2025<\/h2>\n\n\n\n<p>Kiedy? <strong>20\u201322 listopada 2025 r.<\/strong><\/p>\n\n\n\n<p>Gdzie? <strong>Pa\u0142ac Kultury i Nauki w Warszawie<\/strong><\/p>\n\n\n\n<p>Mi\u0119dzynarodowe Targi Turystyczne ITTF Warsaw 2025 odb\u0119d\u0105 si\u0119 <strong>20\u201322 listopada 2025 r<\/strong>. Pa\u0142ac Kultury i Nauki w Warszawie po raz kolejny stanie si\u0119 centrum turystyki podczas<strong> ITTF Warsaw 2025<\/strong>. W wydarzeniu wezm\u0105 udzia\u0142 liderzy bran\u017cy, innowatorzy i pasjonaci podr\u00f3\u017cy z kilkudziesi\u0119ciu kraj\u00f3w oraz Polski.<\/p>\n\n\n\n<p>Targi obejmuj\u0105<strong> trzy dni tematyczne<\/strong>: Dzie\u0144 Klienta Korporacyjnego (MICE i podr\u00f3\u017ce s\u0142u\u017cbowe), Dzie\u0144 Touroperatora (B2B, warsztaty) oraz Dzie\u0144 Podr\u00f3\u017cnika (spotkania, prezentacje i inspiracje dla publiczno\u015bci). Program obejmuje turystyk\u0119 wyjazdow\u0105 i przyjazdow\u0105, incentive travel, MICE, turystyk\u0119 luksusow\u0105 i ekologiczn\u0105 oraz nowoczesne technologie w bran\u017cy.<\/p>\n\n\n\n<p><strong>ITTF Warsaw 2025<\/strong> to wyj\u0105tkowa okazja do nawi\u0105zania kontakt\u00f3w biznesowych, poznania trend\u00f3w i zaprezentowania oferty w mi\u0119dzynarodowym gronie profesjonalist\u00f3w. Warto si\u0119 tam wybra\u0107!<\/p>\n\n\n\n<p>Wi\u0119cej informacji tutaj &#8211; <a href=\"https:\/\/www.mojekonferencje.pl\/aktualnosci\/miedzynarodowe-targi-turystyczne-ittf-warsaw-2025-trzecia-edycja-w-sercu-warszawy\">https:\/\/www.mojekonferencje.pl\/aktualnosci\/miedzynarodowe-targi-turystyczne-ittf-warsaw-2025-trzecia-edycja-w-sercu-warszawy<\/a><\/p>\n\n\n\n<figure class=\"wp-block-gallery has-nested-images columns-default is-cropped wp-block-gallery-1 is-layout-flex wp-block-gallery-is-layout-flex\">\n<figure class=\"wp-block-image size-full\"><a href=\"https:\/\/www.mojekonferencje.pl\/blog\/wp-content\/uploads\/2025\/10\/1e80fbeb-78a8-47a8-be86-a5e656b9970e-708x473-1.webp\"><img loading=\"lazy\" decoding=\"async\" width=\"708\" height=\"473\" data-id=\"8268\" src=\"https:\/\/www.mojekonferencje.pl\/blog\/wp-content\/uploads\/2025\/10\/1e80fbeb-78a8-47a8-be86-a5e656b9970e-708x473-1.webp\" alt=\"\" class=\"wp-image-8268 lazyload\" data-srcset=\"https:\/\/www.mojekonferencje.pl\/blog\/wp-content\/uploads\/2025\/10\/1e80fbeb-78a8-47a8-be86-a5e656b9970e-708x473-1.webp 708w, https:\/\/www.mojekonferencje.pl\/blog\/wp-content\/uploads\/2025\/10\/1e80fbeb-78a8-47a8-be86-a5e656b9970e-708x473-1-300x200.webp 300w\" sizes=\"auto\" \/><\/a><\/figure>\n<\/figure>\n\n\n\n<h2 class=\"wp-block-heading has-text-align-center\">Forum Horeca Idea Transforming 2025<\/h2>\n\n\n\n<p>Kiedy? <strong>25\u201326 listopada 2025 r.<\/strong><\/p>\n\n\n\n<p>Gdzie?<strong> Warszawa<\/strong><\/p>\n\n\n\n<p><strong>Si\u00f3dma edycja Forum Horeca Idea<\/strong> to kluczowe wydarzenie dla bran\u017cy MICE i HoReCa w Polsce. Dwudniowe spotkanie w Warszawie zrzesza profesjonalist\u00f3w z hoteli, centr\u00f3w konferencyjnych, agencji eventowych i firm cateringowych. Tegoroczna edycja, odb\u0119dzie si\u0119 w dniach 25-26 listopada. Przebiega pod has\u0142em<strong> \u201eTransforming\u201d<\/strong>, skupiaj\u0105c si\u0119 na innowacjach, strategiach sprzeda\u017cy i rozwoju bran\u017cy. <\/p>\n\n\n\n<p>Program obejmuje warsztaty, sesje eksperckie, networking moderowany przez Grzegorza Turniaka, autorsk\u0105 gr\u0119 SwitchCzelend\u017c oraz gal\u0119 z nagrodami dla najlepszych specjalist\u00f3w MICE. Forum wyr\u00f3\u017cnia si\u0119 otwart\u0105 i swobodn\u0105 atmosfer\u0105 \u201ebez szpilek i bez krawat\u00f3w\u201d, kt\u00f3ra wymianie do\u015bwiadcze\u0144 i budowaniu warto\u015bciowych relacji. Doskona\u0142e wydarzenie dla go\u015bci bran\u017cy hotelarskiej!<\/p>\n\n\n\n<p>Po wi\u0119cej informacji zapraszamy tutaj &#8211; <a href=\"https:\/\/www.mojekonferencje.pl\/aktualnosci\/mojekonferencjepl-patronem-medialnym-forum-horeca-idea-tansforming-2025\">https:\/\/www.mojekonferencje.pl\/aktualnosci\/mojekonferencjepl-patronem-medialnym-forum-horeca-idea-tansforming-2025<\/a><\/p>\n\n\n\n<figure class=\"wp-block-gallery has-nested-images columns-default is-cropped wp-block-gallery-2 is-layout-flex wp-block-gallery-is-layout-flex\">\n<figure class=\"wp-block-image size-full\"><a href=\"https:\/\/www.mojekonferencje.pl\/blog\/wp-content\/uploads\/2025\/10\/grafika-post-1-708x473-1.webp\"><img loading=\"lazy\" decoding=\"async\" width=\"708\" height=\"473\" data-id=\"8265\" src=\"https:\/\/www.mojekonferencje.pl\/blog\/wp-content\/uploads\/2025\/10\/grafika-post-1-708x473-1.webp\" alt=\"\" class=\"wp-image-8265 lazyload\" data-srcset=\"https:\/\/www.mojekonferencje.pl\/blog\/wp-content\/uploads\/2025\/10\/grafika-post-1-708x473-1.webp 708w, https:\/\/www.mojekonferencje.pl\/blog\/wp-content\/uploads\/2025\/10\/grafika-post-1-708x473-1-300x200.webp 300w\" sizes=\"auto\" \/><\/a><\/figure>\n<\/figure>\n\n\n\n<h2 class=\"wp-block-heading has-text-align-center\">XIX Forum Rynku Hotelarskiego<br>Profit Hotel 2025<\/h2>\n\n\n\n<p>Kiedy?<strong> 8 grudnia 2025 r<\/strong>.<\/p>\n\n\n\n<p>Gdzie? <strong>Arche Hotel Krakowska<\/strong>, <strong>Warszawa<\/strong><\/p>\n\n\n\n<p><strong>Forum PROFIT HOTEL<\/strong> to jedno z najwa\u017cniejszych spotka\u0144 bran\u017cy hotelarskiej w Polsce. Wydarzenie gromadzi w\u0142a\u015bcicieli, mened\u017cer\u00f3w oraz dostawc\u00f3w us\u0142ug dla sektora HoReCa. <\/p>\n\n\n\n<p>Program obejmuje dyskusje panelowe, spotkania B2B oraz gal\u0119 Profit Hotel Awards. Tegoroczna edycja skupia si\u0119 na sytuacji rynku hotelarskiego, cyfryzacji, nowym wymiarze go\u015bcinno\u015bci i rozwoju kadr w hotelarstwie. <\/p>\n\n\n\n<p>To doskona\u0142a okazja do wymiany do\u015bwiadcze\u0144, poznania trend\u00f3w i nawi\u0105zania kontakt\u00f3w biznesowych.<\/p>\n\n\n\n<p>Wi\u0119cej informacji tutaj &#8211; <a href=\"https:\/\/www.profithotelforum.com\/\">https:\/\/www.profithotelforum.com\/<\/a><\/p>\n\n\n\n<p><\/p>\n\n\n\n<p>W 2025 roku bran\u017ca hotelarska zyska wiele okazji do inspiracji i rozwoju. Ka\u017cde z tych wydarze\u0144 to nie tylko dawka praktycznej wiedzy, ale te\u017c szansa na poznanie ludzi, kt\u00f3rzy tworz\u0105 przysz\u0142o\u015b\u0107 hotelarstwa w Polsce. <strong>Udzia\u0142 w tych konferencjach i targach to krok w stron\u0119 sukcesu w dynamicznie zmieniaj\u0105cym si\u0119 \u015bwiecie go\u015bcinno\u015bci.<\/strong><\/p>\n\n\n\n<p>A ty bierzesz udzia\u0142 w podobnych wydarzeniach? <\/p>\n","protected":false},"excerpt":{"rendered":"<p>Rok 2025 zapowiada si\u0119 pe\u0142en inspiracji i nowych trend\u00f3w w hotelarstwie. Sprawd\u017a najwa\u017cniejsze wydarzenia, kt\u00f3rych nie mo\u017ce zabrakn\u0105\u0107 w kalendarzu ka\u017cdego hotelarza.<\/p>\n","protected":false},"author":21,"featured_media":8259,"comment_status":"closed","ping_status":"closed","sticky":false,"template":"","format":"standard","meta":{"_acf_changed":false,"footnotes":""},"categories":[175],"tags":[],"class_list":["post-8244","post","type-post","status-publish","format-standard","has-post-thumbnail","hentry","category-wybieranie-miejsca-konferencyjnego"],"acf":[],"yoast_head":"<!-- This site is optimized with the Yoast SEO plugin v27.1.1 - https:\/\/yoast.com\/product\/yoast-seo-wordpress\/ -->\n<title>Wydarzenia dla hotelarzy 2025, na kt\u00f3rych warto by\u0107! - blog | MojeKonferencje.pl<\/title>\n<meta name=\"description\" content=\"Wydarzenia dla hotelarzy 2025, na kt\u00f3rych warto by\u0107! - blog | MojeKonferencje.pl\" \/>\n<meta name=\"robots\" content=\"index, follow, max-snippet:-1, max-image-preview:large, max-video-preview:-1\" \/>\n<link rel=\"canonical\" href=\"https:\/\/www.mojekonferencje.pl\/blog\/wydarzenia-dla-hotelarzy-2025-na-ktorych-warto-byc\/\" \/>\n<meta property=\"og:locale\" content=\"pl_PL\" \/>\n<meta property=\"og:type\" content=\"article\" \/>\n<meta property=\"og:title\" content=\"Wydarzenia dla hotelarzy 2025, na kt\u00f3rych warto by\u0107! - blog | MojeKonferencje.pl\" \/>\n<meta property=\"og:description\" content=\"Wydarzenia dla hotelarzy 2025, na kt\u00f3rych warto by\u0107! - blog | MojeKonferencje.pl\" \/>\n<meta property=\"og:url\" content=\"https:\/\/www.mojekonferencje.pl\/blog\/wydarzenia-dla-hotelarzy-2025-na-ktorych-warto-byc\/\" \/>\n<meta property=\"og:site_name\" content=\"MojeKonferencje.pl\" \/>\n<meta property=\"article:published_time\" content=\"2025-10-23T11:16:29+00:00\" \/>\n<meta property=\"article:modified_time\" content=\"2025-10-23T11:17:01+00:00\" \/>\n<meta property=\"og:image\" content=\"https:\/\/www.mojekonferencje.pl\/blog\/wp-content\/uploads\/2025\/10\/osoby-biorace-udzial-w-wydarzeni-scaled.jpg\" \/>\n\t<meta property=\"og:image:width\" content=\"2560\" \/>\n\t<meta property=\"og:image:height\" content=\"1707\" \/>\n\t<meta property=\"og:image:type\" content=\"image\/jpeg\" \/>\n<meta name=\"author\" content=\"Julia Gadomska\" \/>\n<meta name=\"twitter:card\" content=\"summary_large_image\" \/>\n<meta name=\"twitter:label1\" content=\"Napisane przez\" \/>\n\t<meta name=\"twitter:data1\" content=\"Julia Gadomska\" \/>\n\t<meta name=\"twitter:label2\" content=\"Szacowany czas czytania\" \/>\n\t<meta name=\"twitter:data2\" content=\"8 minut\" \/>\n<script type=\"application\/ld+json\" class=\"yoast-schema-graph\">{\"@context\":\"https:\/\/schema.org\",\"@graph\":[{\"@type\":\"Article\",\"@id\":\"https:\/\/www.mojekonferencje.pl\/blog\/wydarzenia-dla-hotelarzy-2025-na-ktorych-warto-byc\/#article\",\"isPartOf\":{\"@id\":\"https:\/\/www.mojekonferencje.pl\/blog\/wydarzenia-dla-hotelarzy-2025-na-ktorych-warto-byc\/\"},\"author\":{\"name\":\"Julia Gadomska\",\"@id\":\"https:\/\/www.mojekonferencje.pl\/blog\/#\/schema\/person\/7d6985dc3741882ea12e03b1c3997043\"},\"headline\":\"Wydarzenia dla hotelarzy 2025, na kt\u00f3rych warto by\u0107!\",\"datePublished\":\"2025-10-23T11:16:29+00:00\",\"dateModified\":\"2025-10-23T11:17:01+00:00\",\"mainEntityOfPage\":{\"@id\":\"https:\/\/www.mojekonferencje.pl\/blog\/wydarzenia-dla-hotelarzy-2025-na-ktorych-warto-byc\/\"},\"wordCount\":1168,\"image\":{\"@id\":\"https:\/\/www.mojekonferencje.pl\/blog\/wydarzenia-dla-hotelarzy-2025-na-ktorych-warto-byc\/#primaryimage\"},\"thumbnailUrl\":\"https:\/\/www.mojekonferencje.pl\/blog\/wp-content\/uploads\/2025\/10\/osoby-biorace-udzial-w-wydarzeni-scaled.jpg\",\"articleSection\":[\"Wybieranie miejsca konferencyjnego\"],\"inLanguage\":\"pl-PL\"},{\"@type\":\"WebPage\",\"@id\":\"https:\/\/www.mojekonferencje.pl\/blog\/wydarzenia-dla-hotelarzy-2025-na-ktorych-warto-byc\/\",\"url\":\"https:\/\/www.mojekonferencje.pl\/blog\/wydarzenia-dla-hotelarzy-2025-na-ktorych-warto-byc\/\",\"name\":\"Wydarzenia dla hotelarzy 2025, na kt\u00f3rych warto by\u0107! - blog | MojeKonferencje.pl\",\"isPartOf\":{\"@id\":\"https:\/\/www.mojekonferencje.pl\/blog\/#website\"},\"primaryImageOfPage\":{\"@id\":\"https:\/\/www.mojekonferencje.pl\/blog\/wydarzenia-dla-hotelarzy-2025-na-ktorych-warto-byc\/#primaryimage\"},\"image\":{\"@id\":\"https:\/\/www.mojekonferencje.pl\/blog\/wydarzenia-dla-hotelarzy-2025-na-ktorych-warto-byc\/#primaryimage\"},\"thumbnailUrl\":\"https:\/\/www.mojekonferencje.pl\/blog\/wp-content\/uploads\/2025\/10\/osoby-biorace-udzial-w-wydarzeni-scaled.jpg\",\"datePublished\":\"2025-10-23T11:16:29+00:00\",\"dateModified\":\"2025-10-23T11:17:01+00:00\",\"author\":{\"@id\":\"https:\/\/www.mojekonferencje.pl\/blog\/#\/schema\/person\/7d6985dc3741882ea12e03b1c3997043\"},\"description\":\"Wydarzenia dla hotelarzy 2025, na kt\u00f3rych warto by\u0107! - blog | MojeKonferencje.pl\",\"breadcrumb\":{\"@id\":\"https:\/\/www.mojekonferencje.pl\/blog\/wydarzenia-dla-hotelarzy-2025-na-ktorych-warto-byc\/#breadcrumb\"},\"inLanguage\":\"pl-PL\",\"potentialAction\":[{\"@type\":\"ReadAction\",\"target\":[\"https:\/\/www.mojekonferencje.pl\/blog\/wydarzenia-dla-hotelarzy-2025-na-ktorych-warto-byc\/\"]}]},{\"@type\":\"ImageObject\",\"inLanguage\":\"pl-PL\",\"@id\":\"https:\/\/www.mojekonferencje.pl\/blog\/wydarzenia-dla-hotelarzy-2025-na-ktorych-warto-byc\/#primaryimage\",\"url\":\"https:\/\/www.mojekonferencje.pl\/blog\/wp-content\/uploads\/2025\/10\/osoby-biorace-udzial-w-wydarzeni-scaled.jpg\",\"contentUrl\":\"https:\/\/www.mojekonferencje.pl\/blog\/wp-content\/uploads\/2025\/10\/osoby-biorace-udzial-w-wydarzeni-scaled.jpg\",\"width\":2560,\"height\":1707,\"caption\":\"TOP 6 wydarze\u0144 dla hotelarzy, na kt\u00f3rych warto by\u0107!\"},{\"@type\":\"BreadcrumbList\",\"@id\":\"https:\/\/www.mojekonferencje.pl\/blog\/wydarzenia-dla-hotelarzy-2025-na-ktorych-warto-byc\/#breadcrumb\",\"itemListElement\":[{\"@type\":\"ListItem\",\"position\":1,\"name\":\"Strona g\u0142\u00f3wna\",\"item\":\"https:\/\/www.mojekonferencje.pl\/blog\/\"},{\"@type\":\"ListItem\",\"position\":2,\"name\":\"Wydarzenia dla hotelarzy 2025, na kt\u00f3rych warto by\u0107!\"}]},{\"@type\":\"WebSite\",\"@id\":\"https:\/\/www.mojekonferencje.pl\/blog\/#website\",\"url\":\"https:\/\/www.mojekonferencje.pl\/blog\/\",\"name\":\"MojeKonferencje.pl\",\"description\":\"Blog bran\u017cy szkoleniowo-konferencyjnej. W\u0142\u0105cz si\u0119 do dyskusji o obiektach konferencyjnych i nowo\u015bciach z bran\u017cy! Poznaj porady odno\u015bnie organizacji konferencji, szkole\u0144 i event\u00f3w firmowych! Zach\u0119camy do wyra\u017cania opinii oraz komentarzy.\",\"potentialAction\":[{\"@type\":\"SearchAction\",\"target\":{\"@type\":\"EntryPoint\",\"urlTemplate\":\"https:\/\/www.mojekonferencje.pl\/blog\/?s={search_term_string}\"},\"query-input\":{\"@type\":\"PropertyValueSpecification\",\"valueRequired\":true,\"valueName\":\"search_term_string\"}}],\"inLanguage\":\"pl-PL\"},{\"@type\":\"Person\",\"@id\":\"https:\/\/www.mojekonferencje.pl\/blog\/#\/schema\/person\/7d6985dc3741882ea12e03b1c3997043\",\"name\":\"Julia Gadomska\",\"url\":\"https:\/\/www.mojekonferencje.pl\/blog\/author\/julia-gadomska\/\"}]}<\/script>\n<!-- \/ Yoast SEO plugin. -->","yoast_head_json":{"title":"Wydarzenia dla hotelarzy 2025, na kt\u00f3rych warto by\u0107! - blog | MojeKonferencje.pl","description":"Wydarzenia dla hotelarzy 2025, na kt\u00f3rych warto by\u0107! - blog | MojeKonferencje.pl","robots":{"index":"index","follow":"follow","max-snippet":"max-snippet:-1","max-image-preview":"max-image-preview:large","max-video-preview":"max-video-preview:-1"},"canonical":"https:\/\/www.mojekonferencje.pl\/blog\/wydarzenia-dla-hotelarzy-2025-na-ktorych-warto-byc\/","og_locale":"pl_PL","og_type":"article","og_title":"Wydarzenia dla hotelarzy 2025, na kt\u00f3rych warto by\u0107! - blog | MojeKonferencje.pl","og_description":"Wydarzenia dla hotelarzy 2025, na kt\u00f3rych warto by\u0107! - blog | MojeKonferencje.pl","og_url":"https:\/\/www.mojekonferencje.pl\/blog\/wydarzenia-dla-hotelarzy-2025-na-ktorych-warto-byc\/","og_site_name":"MojeKonferencje.pl","article_published_time":"2025-10-23T11:16:29+00:00","article_modified_time":"2025-10-23T11:17:01+00:00","og_image":[{"width":2560,"height":1707,"url":"https:\/\/www.mojekonferencje.pl\/blog\/wp-content\/uploads\/2025\/10\/osoby-biorace-udzial-w-wydarzeni-scaled.jpg","type":"image\/jpeg"}],"author":"Julia Gadomska","twitter_card":"summary_large_image","twitter_misc":{"Napisane przez":"Julia Gadomska","Szacowany czas czytania":"8 minut"},"schema":{"@context":"https:\/\/schema.org","@graph":[{"@type":"Article","@id":"https:\/\/www.mojekonferencje.pl\/blog\/wydarzenia-dla-hotelarzy-2025-na-ktorych-warto-byc\/#article","isPartOf":{"@id":"https:\/\/www.mojekonferencje.pl\/blog\/wydarzenia-dla-hotelarzy-2025-na-ktorych-warto-byc\/"},"author":{"name":"Julia Gadomska","@id":"https:\/\/www.mojekonferencje.pl\/blog\/#\/schema\/person\/7d6985dc3741882ea12e03b1c3997043"},"headline":"Wydarzenia dla hotelarzy 2025, na kt\u00f3rych warto by\u0107!","datePublished":"2025-10-23T11:16:29+00:00","dateModified":"2025-10-23T11:17:01+00:00","mainEntityOfPage":{"@id":"https:\/\/www.mojekonferencje.pl\/blog\/wydarzenia-dla-hotelarzy-2025-na-ktorych-warto-byc\/"},"wordCount":1168,"image":{"@id":"https:\/\/www.mojekonferencje.pl\/blog\/wydarzenia-dla-hotelarzy-2025-na-ktorych-warto-byc\/#primaryimage"},"thumbnailUrl":"https:\/\/www.mojekonferencje.pl\/blog\/wp-content\/uploads\/2025\/10\/osoby-biorace-udzial-w-wydarzeni-scaled.jpg","articleSection":["Wybieranie miejsca konferencyjnego"],"inLanguage":"pl-PL"},{"@type":"WebPage","@id":"https:\/\/www.mojekonferencje.pl\/blog\/wydarzenia-dla-hotelarzy-2025-na-ktorych-warto-byc\/","url":"https:\/\/www.mojekonferencje.pl\/blog\/wydarzenia-dla-hotelarzy-2025-na-ktorych-warto-byc\/","name":"Wydarzenia dla hotelarzy 2025, na kt\u00f3rych warto by\u0107! - blog | MojeKonferencje.pl","isPartOf":{"@id":"https:\/\/www.mojekonferencje.pl\/blog\/#website"},"primaryImageOfPage":{"@id":"https:\/\/www.mojekonferencje.pl\/blog\/wydarzenia-dla-hotelarzy-2025-na-ktorych-warto-byc\/#primaryimage"},"image":{"@id":"https:\/\/www.mojekonferencje.pl\/blog\/wydarzenia-dla-hotelarzy-2025-na-ktorych-warto-byc\/#primaryimage"},"thumbnailUrl":"https:\/\/www.mojekonferencje.pl\/blog\/wp-content\/uploads\/2025\/10\/osoby-biorace-udzial-w-wydarzeni-scaled.jpg","datePublished":"2025-10-23T11:16:29+00:00","dateModified":"2025-10-23T11:17:01+00:00","author":{"@id":"https:\/\/www.mojekonferencje.pl\/blog\/#\/schema\/person\/7d6985dc3741882ea12e03b1c3997043"},"description":"Wydarzenia dla hotelarzy 2025, na kt\u00f3rych warto by\u0107! - blog | MojeKonferencje.pl","breadcrumb":{"@id":"https:\/\/www.mojekonferencje.pl\/blog\/wydarzenia-dla-hotelarzy-2025-na-ktorych-warto-byc\/#breadcrumb"},"inLanguage":"pl-PL","potentialAction":[{"@type":"ReadAction","target":["https:\/\/www.mojekonferencje.pl\/blog\/wydarzenia-dla-hotelarzy-2025-na-ktorych-warto-byc\/"]}]},{"@type":"ImageObject","inLanguage":"pl-PL","@id":"https:\/\/www.mojekonferencje.pl\/blog\/wydarzenia-dla-hotelarzy-2025-na-ktorych-warto-byc\/#primaryimage","url":"https:\/\/www.mojekonferencje.pl\/blog\/wp-content\/uploads\/2025\/10\/osoby-biorace-udzial-w-wydarzeni-scaled.jpg","contentUrl":"https:\/\/www.mojekonferencje.pl\/blog\/wp-content\/uploads\/2025\/10\/osoby-biorace-udzial-w-wydarzeni-scaled.jpg","width":2560,"height":1707,"caption":"TOP 6 wydarze\u0144 dla hotelarzy, na kt\u00f3rych warto by\u0107!"},{"@type":"BreadcrumbList","@id":"https:\/\/www.mojekonferencje.pl\/blog\/wydarzenia-dla-hotelarzy-2025-na-ktorych-warto-byc\/#breadcrumb","itemListElement":[{"@type":"ListItem","position":1,"name":"Strona g\u0142\u00f3wna","item":"https:\/\/www.mojekonferencje.pl\/blog\/"},{"@type":"ListItem","position":2,"name":"Wydarzenia dla hotelarzy 2025, na kt\u00f3rych warto by\u0107!"}]},{"@type":"WebSite","@id":"https:\/\/www.mojekonferencje.pl\/blog\/#website","url":"https:\/\/www.mojekonferencje.pl\/blog\/","name":"MojeKonferencje.pl","description":"Blog bran\u017cy szkoleniowo-konferencyjnej. W\u0142\u0105cz si\u0119 do dyskusji o obiektach konferencyjnych i nowo\u015bciach z bran\u017cy! Poznaj porady odno\u015bnie organizacji konferencji, szkole\u0144 i event\u00f3w firmowych! Zach\u0119camy do wyra\u017cania opinii oraz komentarzy.","potentialAction":[{"@type":"SearchAction","target":{"@type":"EntryPoint","urlTemplate":"https:\/\/www.mojekonferencje.pl\/blog\/?s={search_term_string}"},"query-input":{"@type":"PropertyValueSpecification","valueRequired":true,"valueName":"search_term_string"}}],"inLanguage":"pl-PL"},{"@type":"Person","@id":"https:\/\/www.mojekonferencje.pl\/blog\/#\/schema\/person\/7d6985dc3741882ea12e03b1c3997043","name":"Julia Gadomska","url":"https:\/\/www.mojekonferencje.pl\/blog\/author\/julia-gadomska\/"}]}},"_links":{"self":[{"href":"https:\/\/www.mojekonferencje.pl\/blog\/wp-json\/wp\/v2\/posts\/8244","targetHints":{"allow":["GET"]}}],"collection":[{"href":"https:\/\/www.mojekonferencje.pl\/blog\/wp-json\/wp\/v2\/posts"}],"about":[{"href":"https:\/\/www.mojekonferencje.pl\/blog\/wp-json\/wp\/v2\/types\/post"}],"author":[{"embeddable":true,"href":"https:\/\/www.mojekonferencje.pl\/blog\/wp-json\/wp\/v2\/users\/21"}],"replies":[{"embeddable":true,"href":"https:\/\/www.mojekonferencje.pl\/blog\/wp-json\/wp\/v2\/comments?post=8244"}],"version-history":[{"count":16,"href":"https:\/\/www.mojekonferencje.pl\/blog\/wp-json\/wp\/v2\/posts\/8244\/revisions"}],"predecessor-version":[{"id":8276,"href":"https:\/\/www.mojekonferencje.pl\/blog\/wp-json\/wp\/v2\/posts\/8244\/revisions\/8276"}],"wp:featuredmedia":[{"embeddable":true,"href":"https:\/\/www.mojekonferencje.pl\/blog\/wp-json\/wp\/v2\/media\/8259"}],"wp:attachment":[{"href":"https:\/\/www.mojekonferencje.pl\/blog\/wp-json\/wp\/v2\/media?parent=8244"}],"wp:term":[{"taxonomy":"category","embeddable":true,"href":"https:\/\/www.mojekonferencje.pl\/blog\/wp-json\/wp\/v2\/categories?post=8244"},{"taxonomy":"post_tag","embeddable":true,"href":"https:\/\/www.mojekonferencje.pl\/blog\/wp-json\/wp\/v2\/tags?post=8244"}],"curies":[{"name":"wp","href":"https:\/\/api.w.org\/{rel}","templated":true}]}}