{"id":8278,"date":"2025-10-28T09:00:00","date_gmt":"2025-10-28T07:00:00","guid":{"rendered":"https:\/\/www.mojekonferencje.pl\/blog\/?p=8278"},"modified":"2025-10-30T10:15:16","modified_gmt":"2025-10-30T08:15:16","slug":"top-miejsca-na-szkolenia-firmowe-w-malopolsce-przeglad-najlepszych-obiektow-konferencyjnych","status":"publish","type":"post","link":"https:\/\/www.mojekonferencje.pl\/blog\/top-miejsca-na-szkolenia-firmowe-w-malopolsce-przeglad-najlepszych-obiektow-konferencyjnych\/","title":{"rendered":"Top miejsca na szkolenia firmowe w Ma\u0142opolsce \u2013 przegl\u0105d najlepszych obiekt\u00f3w konferencyjnych"},"content":{"rendered":"\n<p>Ma\u0142opolska oferuje doskona\u0142e miejsca dla firm, kt\u00f3re szukaj\u0105 idealnego miejsca na szkolenia, warsztaty i spotkania biznesowe. Region ten oferuje szeroki wyb\u00f3r nowoczesnych obiekt\u00f3w konferencyjnych, dostosowanych do potrzeb zar\u00f3wno ma\u0142ych zespo\u0142\u00f3w, jak i du\u017cych grup szkoleniowych. Znajduj\u0105 si\u0119 tu profesjonalnie wyposa\u017cone centra konferencyjne jak i  nowoczesne sale szkoleniowe oraz przestrzenie do integracji. <strong>W tym zestawieniu prezentujemy<a href=\"https:\/\/www.mojekonferencje.pl\/szukaj?name=ma%C5%82opolskie&amp;venue_type%5B%5D=66&amp;participants=&amp;beds=&amp;number_of_classrooms=\"> top miejsca na szkolenie firmowe w Ma\u0142opolsce<\/a>, kt\u00f3re wyr\u00f3\u017cniaj\u0105 si\u0119 funkcjonalno\u015bci\u0105 i wysokim standardem obs\u0142ugi. <\/strong><\/p>\n\n\n\n<p><strong>Wszystko po to, by ka\u017cde szkolenie firmowe przebiega\u0142o w mi\u0142ej atmosferze i komfortowych warunkach. \ud83d\ude42<\/strong><\/p>\n\n\n\n<figure class=\"wp-block-table\"><table class=\"has-fixed-layout\"><tbody><tr><td><a href=\"https:\/\/www.mojekonferencje.pl\/krakow\/krakow-hub\">Krak\u00f3w Hub<\/a><\/td><td><a href=\"https:\/\/www.mojekonferencje.pl\/krakow\/sky7-cracow\">Sky7 Cracow<\/a><\/td><\/tr><tr><td><a href=\"https:\/\/www.mojekonferencje.pl\/nowy-targ\/casa-business-center\">Casa Business Center<\/a><\/td><td><a href=\"https:\/\/www.mojekonferencje.pl\/krakow\/astor-intralogistics-center\">ASTOR Intralogistics Center<\/a><\/td><\/tr><tr><td><a href=\"https:\/\/www.mojekonferencje.pl\/krakow\/uniwersytet-im-andrzeja-frycza-modrzewskiego\">Kampus Uniwersytetu Andrzeja Frycza Modrzewskiego w Krakowie<\/a><\/td><td><a href=\"https:\/\/www.mojekonferencje.pl\/zakopane\/hyrny-zakopane\">Hyrny Zakopane<\/a><\/td><\/tr><tr><td><a href=\"https:\/\/www.mojekonferencje.pl\/krakow\/hotel-domus-mater\">Hotel Domus Mater<\/a><\/td><td><a href=\"https:\/\/www.mojekonferencje.pl\/krakow\/sala-konferencyjna-fronton\">Sala Konferencyjna Fronton Office Center<\/a><\/td><\/tr><tr><td><a href=\"https:\/\/www.mojekonferencje.pl\/rzezawa\/centrum-aktywnego-wypoczynku-borek\">Centrum Aktywnego Wypoczynku Borek<\/a><\/td><td><a href=\"https:\/\/www.mojekonferencje.pl\/zakopane\/nosalowy-dwor-resort--spa\">Nosalowy Dw\u00f3r Resort &amp; SPA<\/a><\/td><\/tr><\/tbody><\/table><\/figure>\n\n\n\n<h2 class=\"wp-block-heading has-text-align-center\"><a href=\"https:\/\/www.mojekonferencje.pl\/krakow\/krakow-hub\"><mark style=\"background-color:rgba(0, 0, 0, 0)\" class=\"has-inline-color has-vivid-purple-color\"><span style=\"text-decoration: underline;\">Krak\u00f3w Hub<\/span><\/mark><\/a><\/h2>\n\n\n\n<p>Jest to wyj\u0105tkowe miejsce spotka\u0144 kt\u00f3re znajduje si\u0119, w odrestaurowanym budynku dawnego Dworca G\u0142\u00f3wnego. Mowa oczywi\u015bcie o <strong>Krak\u00f3w Hub<\/strong>.<\/p>\n\n\n\n<p>Do dyspozycji organizator\u00f3w s\u0105 <strong>elastyczne sale,<\/strong> kt\u00f3re mo\u017cna dostosowa\u0107 do r\u00f3\u017cnych potrzeb. <strong>Elegancka Sala Kolumnowa<\/strong> sprzyja rozmowom i integracji, a reprezentacyjna<strong> Sala G\u00f3rna <\/strong>nadaje spotkaniom presti\u017cow\u0105 opraw\u0119. Obiekt pomie\u015bci <strong>do 170 uczestnik\u00f3w<\/strong>. Zapewnia tak\u017ce profesjonaln\u0105 obs\u0142ug\u0119 oraz nowoczesne zaplecze techniczne.<strong> Krak\u00f3w Hub<\/strong> to zatem jedno z top miejsc na szkolenie firmowe w Ma\u0142opolsce, dla go\u015bci biznesowych.<\/p>\n\n\n\n<figure class=\"wp-block-image size-full\"><a href=\"https:\/\/www.mojekonferencje.pl\/blog\/wp-content\/uploads\/2025\/10\/tgotfryd120250404-0157-960x580-1.webp\"><img loading=\"lazy\" decoding=\"async\" width=\"960\" height=\"580\" src=\"https:\/\/www.mojekonferencje.pl\/blog\/wp-content\/uploads\/2025\/10\/tgotfryd120250404-0157-960x580-1.webp\" alt=\"\" class=\"wp-image-8281 lazyload\" data-srcset=\"https:\/\/www.mojekonferencje.pl\/blog\/wp-content\/uploads\/2025\/10\/tgotfryd120250404-0157-960x580-1.webp 960w, https:\/\/www.mojekonferencje.pl\/blog\/wp-content\/uploads\/2025\/10\/tgotfryd120250404-0157-960x580-1-300x181.webp 300w, https:\/\/www.mojekonferencje.pl\/blog\/wp-content\/uploads\/2025\/10\/tgotfryd120250404-0157-960x580-1-768x464.webp 768w\" sizes=\"auto\" \/><\/a><\/figure>\n\n\n\n<h2 class=\"wp-block-heading has-text-align-center\"><a href=\"https:\/\/www.mojekonferencje.pl\/krakow\/sky7-cracow\"><mark style=\"background-color:rgba(0, 0, 0, 0)\" class=\"has-inline-color has-vivid-purple-color\"><span style=\"text-decoration: underline;\">Sky7 Cracow<\/span><\/mark><\/a><\/h2>\n\n\n\n<p>Ta nowoczesna przestrze\u0144 eventowa mie\u015bci si\u0119 na <strong>ostatnim pi\u0119trze budynku \u201eJubilat\u201d <\/strong>w centrum Krakowa. Dzi\u0119ki panoramicznym przeszkleniom oferuje wyj\u0105tkowe widoki na Wawel, Wis\u0142\u0119 i Stare Miasto, tworz\u0105c presti\u017cowe t\u0142o dla konferencji, bankiet\u00f3w i spotka\u0144 firmowych. <strong>Main Space pomie\u015bci do 160 os\u00f3b<\/strong> i posiada bezpo\u015brednie wyj\u015bcie na 300-metrowy taras. Natomiast <strong>kameralna Sala Lounge &amp; Cocktail<\/strong> z prywatnym tarasem <strong>o powierzchni 120 mkw<\/strong>. sprawdza si\u0119 przy mniejszych wydarzeniach. <\/p>\n\n\n\n<p>Obiekt \u0142\u0105czy nowoczesny styl, profesjonaln\u0105 obs\u0142ug\u0119 i inspiruj\u0105c\u0105 atmosfer\u0119, idealn\u0105 do organizacji wydarze\u0144 na najwy\u017cszym poziomie.<\/p>\n\n\n\n<figure class=\"wp-block-image size-full\"><a href=\"https:\/\/www.mojekonferencje.pl\/blog\/wp-content\/uploads\/2025\/10\/d3945447-a698-4419-8f83-cf58f3b30a53-ze-zmianami-960x580-1.webp\"><img loading=\"lazy\" decoding=\"async\" width=\"960\" height=\"580\" src=\"https:\/\/www.mojekonferencje.pl\/blog\/wp-content\/uploads\/2025\/10\/d3945447-a698-4419-8f83-cf58f3b30a53-ze-zmianami-960x580-1.webp\" alt=\"\" class=\"wp-image-8282 lazyload\" data-srcset=\"https:\/\/www.mojekonferencje.pl\/blog\/wp-content\/uploads\/2025\/10\/d3945447-a698-4419-8f83-cf58f3b30a53-ze-zmianami-960x580-1.webp 960w, https:\/\/www.mojekonferencje.pl\/blog\/wp-content\/uploads\/2025\/10\/d3945447-a698-4419-8f83-cf58f3b30a53-ze-zmianami-960x580-1-300x181.webp 300w, https:\/\/www.mojekonferencje.pl\/blog\/wp-content\/uploads\/2025\/10\/d3945447-a698-4419-8f83-cf58f3b30a53-ze-zmianami-960x580-1-768x464.webp 768w\" sizes=\"auto\" \/><\/a><\/figure>\n\n\n\n<h2 class=\"wp-block-heading has-text-align-center\"><a href=\"https:\/\/www.mojekonferencje.pl\/nowy-targ\/casa-business-center\"><mark style=\"background-color:rgba(0, 0, 0, 0)\" class=\"has-inline-color has-vivid-purple-color\"><span style=\"text-decoration: underline;\">Casa Business Center<\/span><\/mark><\/a><\/h2>\n\n\n\n<p>Jest to nowoczesna przestrze\u0144 idealna do organizacji spotka\u0144 biznesowych, szkole\u0144 i prezentacji. <strong>Casa Business Center<\/strong> w Nowym Targu oferuje <strong>eleganckie, klimatyzowane sale konferencyjne o \u0142\u0105cznej powierzchni 131 mkw<\/strong> na czwartej kondygnacji. Dost\u0119pna jest te\u017c nowoczesna sala na jedenastej kondygnacji, <strong>mieszcz\u0105ca do 100 os\u00f3b<\/strong>. Sale s\u0105 wyposa\u017cone w rzutniki multimedialne, ekrany projektowe i szybkie \u0142\u0105cze internetowe. Dzi\u0119ki mobilnym \u015bcianom ich uk\u0142ad mo\u017cna \u0142atwo dostosowa\u0107 do potrzeb wydarzenia.<strong> <\/strong><\/p>\n\n\n\n<p><strong>Casa Business Center<\/strong> zapewnia r\u00f3wnie\u017c przerwy kawowe z kaw\u0105, herbat\u0105, wod\u0105 i przek\u0105skami, tworz\u0105c komfortowe i profesjonalne warunki dla wszystkich uczestnik\u00f3w.<\/p>\n\n\n\n<figure class=\"wp-block-image size-full\"><a href=\"https:\/\/www.mojekonferencje.pl\/blog\/wp-content\/uploads\/2025\/10\/mg-9679-hdr-960x580-1.webp\"><img loading=\"lazy\" decoding=\"async\" width=\"960\" height=\"580\" src=\"https:\/\/www.mojekonferencje.pl\/blog\/wp-content\/uploads\/2025\/10\/mg-9679-hdr-960x580-1.webp\" alt=\"\" class=\"wp-image-8283 lazyload\" data-srcset=\"https:\/\/www.mojekonferencje.pl\/blog\/wp-content\/uploads\/2025\/10\/mg-9679-hdr-960x580-1.webp 960w, https:\/\/www.mojekonferencje.pl\/blog\/wp-content\/uploads\/2025\/10\/mg-9679-hdr-960x580-1-300x181.webp 300w, https:\/\/www.mojekonferencje.pl\/blog\/wp-content\/uploads\/2025\/10\/mg-9679-hdr-960x580-1-768x464.webp 768w\" sizes=\"auto\" \/><\/a><\/figure>\n\n\n\n<h2 class=\"wp-block-heading has-text-align-center\"><a href=\"https:\/\/www.mojekonferencje.pl\/krakow\/astor-intralogistics-center\"><mark style=\"background-color:rgba(0, 0, 0, 0)\" class=\"has-inline-color has-vivid-purple-color\"><span style=\"text-decoration: underline;\">ASTOR Intralogistics Center<\/span><\/mark><\/a><\/h2>\n\n\n\n<p>To nowoczesny obiekt po\u0142o\u017cony na obrze\u017cach Krakowa, tu\u017c przy drodze ekspresowej S7, w kompleksie ASTOR Industry Park.  Kompleks sk\u0142ada si\u0119 z <strong>dw\u00f3ch budynk\u00f3w z osobnymi parkingami dla go\u015bci<\/strong>, a pylon informacyjny przy wje\u017adzie u\u0142atwia lokalizacj\u0119 poszczeg\u00f3lnych cz\u0119\u015bci obiektu. Do dyspozycji organizator\u00f3w jest <strong>przestronna sala szkoleniowo-konferencyjna o powierzchni 74 mkw<\/strong>., wyposa\u017cona w projektor, flipchart, biurko z fotelem dla prowadz\u0105cego oraz miejsca parkingowe. Sale s\u0105 idealne do organizacji szkole\u0144, warsztat\u00f3w, konferencji i spotka\u0144 biznesowych.<\/p>\n\n\n\n<p>Dodatkowo, za dop\u0142at\u0105, obiekt oferuje<strong> mo\u017cliwo\u015b\u0107 organizacji przerw kawowych<\/strong>. Funkcjonalno\u015b\u0107, nowoczesne wyposa\u017cenie i dogodna lokalizacja sprawiaj\u0105, \u017ce <strong>ASTOR Intralogistics Center<\/strong> to doskona\u0142e miejsce do prowadzenia profesjonalnych wydarze\u0144 biznesowych i wymiany wiedzy.<\/p>\n\n\n\n<figure class=\"wp-block-image size-full\"><a href=\"https:\/\/www.mojekonferencje.pl\/blog\/wp-content\/uploads\/2025\/10\/image-13-960x580-2.webp\"><img loading=\"lazy\" decoding=\"async\" width=\"960\" height=\"580\" src=\"https:\/\/www.mojekonferencje.pl\/blog\/wp-content\/uploads\/2025\/10\/image-13-960x580-2.webp\" alt=\"\" class=\"wp-image-8284 lazyload\" data-srcset=\"https:\/\/www.mojekonferencje.pl\/blog\/wp-content\/uploads\/2025\/10\/image-13-960x580-2.webp 960w, https:\/\/www.mojekonferencje.pl\/blog\/wp-content\/uploads\/2025\/10\/image-13-960x580-2-300x181.webp 300w, https:\/\/www.mojekonferencje.pl\/blog\/wp-content\/uploads\/2025\/10\/image-13-960x580-2-768x464.webp 768w\" sizes=\"auto\" \/><\/a><\/figure>\n\n\n\n<h2 class=\"wp-block-heading has-text-align-center\"><a href=\"https:\/\/www.mojekonferencje.pl\/krakow\/uniwersytet-im-andrzeja-frycza-modrzewskiego\"><mark style=\"background-color:rgba(0, 0, 0, 0)\" class=\"has-inline-color has-vivid-purple-color\"><span style=\"text-decoration: underline;\">Kampus Uniwersytetu Andrzeja Frycza Modrzewskiego w Krakowie<\/span><\/mark><\/a><\/h2>\n\n\n\n<p>Uniwersytet w centrum Krakowa to nowoczesny obiekt konferencyjno-edukacyjny, idealny do organizacji konferencji, szkole\u0144, wyk\u0142ad\u00f3w i wydarze\u0144 biznesowych. Kampus sk\u0142ada si\u0119 z <strong>czterech budynk\u00f3w o \u0142\u0105cznej powierzchni 29 tys. mkw<\/strong>. Na terenie obiektu znajduj\u0105 si\u0119 <strong>parking, punkt gastronomiczny i strefy wypoczynku<\/strong>.<\/p>\n\n\n\n<p>Do dyspozycji organizator\u00f3w jest <strong>10 nowoczesnych, klimatyzowanych sal konferencyjnych<\/strong> z pe\u0142nym wyposa\u017ceniem multimedialnym, nag\u0142o\u015bnieniem i szybkim Internetem. Sale s\u0105 dost\u0119pne dla<strong> os\u00f3b z niepe\u0142nosprawno\u015bciami<\/strong> i elastycznie dostosowywane do potrzeb mniejszych i wi\u0119kszych wydarze\u0144, zar\u00f3wno stacjonarnych, jak i hybrydowych. Profesjonalne wsparcie techniczne i organizacyjne gwarantuje sprawny przebieg ka\u017cdego spotkania.<\/p>\n\n\n\n<figure class=\"wp-block-image size-full\"><a href=\"https:\/\/www.mojekonferencje.pl\/blog\/wp-content\/uploads\/2025\/10\/ka-4budynki-z-gory-960x580-1.webp\"><img loading=\"lazy\" decoding=\"async\" width=\"960\" height=\"580\" src=\"https:\/\/www.mojekonferencje.pl\/blog\/wp-content\/uploads\/2025\/10\/ka-4budynki-z-gory-960x580-1.webp\" alt=\"\" class=\"wp-image-8285 lazyload\" data-srcset=\"https:\/\/www.mojekonferencje.pl\/blog\/wp-content\/uploads\/2025\/10\/ka-4budynki-z-gory-960x580-1.webp 960w, https:\/\/www.mojekonferencje.pl\/blog\/wp-content\/uploads\/2025\/10\/ka-4budynki-z-gory-960x580-1-300x181.webp 300w, https:\/\/www.mojekonferencje.pl\/blog\/wp-content\/uploads\/2025\/10\/ka-4budynki-z-gory-960x580-1-768x464.webp 768w\" sizes=\"auto\" \/><\/a><\/figure>\n\n\n\n<h2 class=\"wp-block-heading has-text-align-center\"><a href=\"https:\/\/www.mojekonferencje.pl\/zakopane\/hyrny-zakopane\"><mark style=\"background-color:rgba(0, 0, 0, 0)\" class=\"has-inline-color has-vivid-purple-color\"><span style=\"text-decoration: underline;\">Hyrny Zakopane<\/span><\/mark><\/a><\/h2>\n\n\n\n<p><strong>O\u015brodek Konferencyjno-Wypoczynkowy Hyrny w Zakopanem<\/strong> to miejsce, kt\u00f3re \u0142\u0105czy g\u00f3rski klimat z nowoczesn\u0105 przestrzeni\u0105 do pracy i spotka\u0144. Oferuje <strong>283 komfortowe pokoje <\/strong>jedno- i dwuosobowe oraz studia z balkonami, z kt\u00f3rych roztacza si\u0119 zapieraj\u0105cy dech w piersiach widok na Tatry. Obiekt <strong>dysponuje 8 nowoczesnymi salami konferencyjnymi<\/strong> wyposa\u017conymi w projektory, nag\u0142o\u015bnienie i szybki internet, idealnymi na szkolenia, konferencje czy spotkania firmowe.<\/p>\n\n\n\n<p>Doskona\u0142a lokalizacja pozwala na \u0142atwy dost\u0119p do najwa\u017cniejszych atrakcji Zakopanego \u2013 Krup\u00f3wek, Muzeum Tatrza\u0144skiego, Wielkiej Krokwi oraz szlak\u00f3w w Ku\u017anicach, w tym na Giewont i Kasprowy Wierch. Po intensywnym dniu go\u015bcie mog\u0105 skorzysta\u0107 z<strong> bogatej oferty gastronomicznej serwuj\u0105cej tradycyjne dania kuchni polskiej z regionalnymi akcentami<\/strong>. Dost\u0119pny jest r\u00f3wnie\u017c <strong>kompleks wellness <\/strong>\u2013 basenu, sauny, jacuzzi i profesjonalnych masa\u017cy. Hyrny to miejsce, w kt\u00f3rym mo\u017cna po\u0142\u0105czy\u0107 prac\u0119 z relaksem, ciesz\u0105c si\u0119 komfortem i pi\u0119knem g\u00f3rskiej przyrody.<\/p>\n\n\n\n<figure class=\"wp-block-image size-full\"><a href=\"https:\/\/www.mojekonferencje.pl\/blog\/wp-content\/uploads\/2025\/10\/310366882-960x580-1.webp\"><img loading=\"lazy\" decoding=\"async\" width=\"960\" height=\"580\" src=\"https:\/\/www.mojekonferencje.pl\/blog\/wp-content\/uploads\/2025\/10\/310366882-960x580-1.webp\" alt=\"\" class=\"wp-image-8286 lazyload\" data-srcset=\"https:\/\/www.mojekonferencje.pl\/blog\/wp-content\/uploads\/2025\/10\/310366882-960x580-1.webp 960w, https:\/\/www.mojekonferencje.pl\/blog\/wp-content\/uploads\/2025\/10\/310366882-960x580-1-300x181.webp 300w, https:\/\/www.mojekonferencje.pl\/blog\/wp-content\/uploads\/2025\/10\/310366882-960x580-1-768x464.webp 768w\" sizes=\"auto\" \/><\/a><\/figure>\n\n\n\n<h2 class=\"wp-block-heading has-text-align-center\"><a href=\"https:\/\/www.mojekonferencje.pl\/krakow\/hotel-domus-mater\"><mark style=\"background-color:rgba(0, 0, 0, 0)\" class=\"has-inline-color has-vivid-purple-color\"><span style=\"text-decoration: underline;\">Hotel Domus Mater<\/span><\/mark><\/a><\/h2>\n\n\n\n<p>Hotel Domus Mater w Krakowie to spokojne i klimatyczne miejsce, po\u0142o\u017cone przy przyklasztornym kompleksie. Go\u015bcie maj\u0105 do dyspozycji <strong>przytulne pokoje<\/strong> Twin, Superior oraz apartamenty rodzinne z \u0142azienk\u0105, klimatyzacj\u0105 i Wi-Fi. Dodatkowo mo\u017cna tu odpocz\u0105\u0107 w ogrodzie, bibliotece lub skosztowa\u0107 da\u0144 w <strong>Restauracji Klasztornej<\/strong>, mieszcz\u0105cej <strong>do 85 os\u00f3b<\/strong>.<\/p>\n\n\n\n<p>Hotel \u015bwietnie sprawdza si\u0119 tak\u017ce jako<strong> miejsce spotka\u0144 biznesowych<\/strong>. Obiekt oferuje <strong>cztery sale konferencyjne<\/strong>, w tym du\u017c\u0105 <strong>na 100 os\u00f3b<\/strong>, <strong>mniejsz\u0105 na 40<\/strong> oraz <strong>dwa kameralne gabinety<\/strong>. Wszystkie sale s\u0105 wyposa\u017cone w nag\u0142o\u015bnienie, rzutniki, ekrany, klimatyzacj\u0119 i szybki internet. <strong>Domus Mater<\/strong> to idealne miejsce na konferencje, szkolenia i imprezy firmowe w spokojnej, przyjaznej atmosferze.<\/p>\n\n\n\n<figure class=\"wp-block-image size-full\"><a href=\"https:\/\/www.mojekonferencje.pl\/blog\/wp-content\/uploads\/2025\/10\/domus-mater-37-960x580-1.webp\"><img loading=\"lazy\" decoding=\"async\" width=\"960\" height=\"580\" src=\"https:\/\/www.mojekonferencje.pl\/blog\/wp-content\/uploads\/2025\/10\/domus-mater-37-960x580-1.webp\" alt=\"\" class=\"wp-image-8287 lazyload\" data-srcset=\"https:\/\/www.mojekonferencje.pl\/blog\/wp-content\/uploads\/2025\/10\/domus-mater-37-960x580-1.webp 960w, https:\/\/www.mojekonferencje.pl\/blog\/wp-content\/uploads\/2025\/10\/domus-mater-37-960x580-1-300x181.webp 300w, https:\/\/www.mojekonferencje.pl\/blog\/wp-content\/uploads\/2025\/10\/domus-mater-37-960x580-1-768x464.webp 768w\" sizes=\"auto\" \/><\/a><\/figure>\n\n\n\n<h2 class=\"wp-block-heading has-text-align-center\"><a href=\"https:\/\/www.mojekonferencje.pl\/krakow\/sala-konferencyjna-fronton\"><mark style=\"background-color:rgba(0, 0, 0, 0)\" class=\"has-inline-color has-vivid-purple-color\"><span style=\"text-decoration: underline;\">Sala Konferencyjna Fronton Office Center<\/span><\/mark><\/a><\/h2>\n\n\n\n<p>Nowoczesny budynek klasy A przy ul. Kamiennej 21 w Krakowie, w pobli\u017cu Dworca G\u0142\u00f3wnego i Rynku, oferuje <strong>przestronn\u0105 sal\u0119 konferencyjn\u0105 dla 200 os\u00f3b<\/strong>, kt\u00f3r\u0105 w razie potrzeby mo\u017cna podzieli\u0107 na dwie mniejsze cz\u0119\u015bci. Sala jest w pe\u0142ni wyposa\u017cona w sprz\u0119t audiowizualny, nag\u0142o\u015bnienie i o\u015bwietlenie. Zapewnia to komfortowe warunki podczas szkole\u0144, warsztat\u00f3w i spotka\u0144 biznesowych. <\/p>\n\n\n\n<p>Go\u015bcie maj\u0105 do dyspozycji<strong> szatni\u0119, lunch bar oraz zielone patio na przerwy<\/strong>, a kierowcy mog\u0105 korzysta\u0107 z podziemnego gara\u017cu lub miejsc parkingowych przy ulicy. Dzi\u0119ki dogodnej lokalizacji i nowoczesnym udogodnieniom obiekt sprawdza si\u0119 zar\u00f3wno przy kameralnych, jak i du\u017cych wydarzeniach biznesowych.<\/p>\n\n\n\n<figure class=\"wp-block-image size-full\"><a href=\"https:\/\/www.mojekonferencje.pl\/blog\/wp-content\/uploads\/2025\/10\/15dt5273-960x580-1.webp\"><img loading=\"lazy\" decoding=\"async\" width=\"960\" height=\"580\" src=\"https:\/\/www.mojekonferencje.pl\/blog\/wp-content\/uploads\/2025\/10\/15dt5273-960x580-1.webp\" alt=\"\" class=\"wp-image-8288 lazyload\" data-srcset=\"https:\/\/www.mojekonferencje.pl\/blog\/wp-content\/uploads\/2025\/10\/15dt5273-960x580-1.webp 960w, https:\/\/www.mojekonferencje.pl\/blog\/wp-content\/uploads\/2025\/10\/15dt5273-960x580-1-300x181.webp 300w, https:\/\/www.mojekonferencje.pl\/blog\/wp-content\/uploads\/2025\/10\/15dt5273-960x580-1-768x464.webp 768w\" sizes=\"auto\" \/><\/a><\/figure>\n\n\n\n<h2 class=\"wp-block-heading has-text-align-center\"><a href=\"https:\/\/www.mojekonferencje.pl\/rzezawa\/centrum-aktywnego-wypoczynku-borek\"><mark style=\"background-color:rgba(0, 0, 0, 0)\" class=\"has-inline-color has-vivid-purple-color\"><span style=\"text-decoration: underline;\">Centrum Aktywnego Wypoczynku Borek<\/span><\/mark><\/a><\/h2>\n\n\n\n<p>To miejsce, gdzie mo\u017cna odpocz\u0105\u0107 w\u015br\u00f3d natury i jednocze\u015bnie korzysta\u0107 z nowoczesnych udogodnie\u0144. Na terenie <strong>Centrum Aktywnego Wypoczynku Bore<\/strong>k znajduj\u0105 si\u0119 <strong>komfortowe pokoje, dwie restauracje, sale konferencyjne oraz Namiot Flex<\/strong>, idealny do plenerowych wydarze\u0144 dla <strong>nawet 800 os\u00f3b<\/strong>.<\/p>\n\n\n\n<p>Borek \u015bwietnie sprawdza si\u0119 na <strong>szkolenia, konferencje, imprezy firmowe czy pikniki integracyjne<\/strong> dla du\u017cych grup. Go\u015bcie mog\u0105 korzysta\u0107 z<strong> atrakcji na \u015bwie\u017cym powietrzu<\/strong>, takich jak tyrolka, gokarty, \u0142ucznictwo, boiska sportowe, k\u0105pielisko czy lodowisko, a wszystko to w spokojnym, malowniczym otoczeniu, kt\u00f3re sprzyja relaksowi i integracji.<\/p>\n\n\n\n<figure class=\"wp-block-image size-full\"><a href=\"https:\/\/www.mojekonferencje.pl\/blog\/wp-content\/uploads\/2025\/10\/zdjecie-168-l5dq1tb9-960x580-1.webp\"><img loading=\"lazy\" decoding=\"async\" width=\"960\" height=\"580\" src=\"https:\/\/www.mojekonferencje.pl\/blog\/wp-content\/uploads\/2025\/10\/zdjecie-168-l5dq1tb9-960x580-1.webp\" alt=\"\" class=\"wp-image-8289 lazyload\" data-srcset=\"https:\/\/www.mojekonferencje.pl\/blog\/wp-content\/uploads\/2025\/10\/zdjecie-168-l5dq1tb9-960x580-1.webp 960w, https:\/\/www.mojekonferencje.pl\/blog\/wp-content\/uploads\/2025\/10\/zdjecie-168-l5dq1tb9-960x580-1-300x181.webp 300w, https:\/\/www.mojekonferencje.pl\/blog\/wp-content\/uploads\/2025\/10\/zdjecie-168-l5dq1tb9-960x580-1-768x464.webp 768w\" sizes=\"auto\" \/><\/a><\/figure>\n\n\n\n<h2 class=\"wp-block-heading has-text-align-center\"><a href=\"https:\/\/www.mojekonferencje.pl\/zakopane\/nosalowy-dwor-resort--spa\"><mark style=\"background-color:rgba(0, 0, 0, 0)\" class=\"has-inline-color has-vivid-purple-color\"><span style=\"text-decoration: underline;\">Nosalowy Dw\u00f3r Resort &amp; SPA<\/span><\/mark><\/a><\/h2>\n\n\n\n<p>Luksusowy resort u podn\u00f3\u017ca g\u00f3ry Nosal oferuje komfortowe zakwaterowanie w blisko<strong> 400 pokojach<\/strong>. Na terenie <strong>Nosalowy Dw\u00f3r Resort &amp; SPA<\/strong> znajduje si\u0119 <strong>nowoczesne centrum konferencyjno-kongresowe z 23 salami i ponad 2000 m\u00b2 powierzchni<\/strong>. Dla mniejszych grup dost\u0119pny jest <strong>VIP Business Lounge \u201eGiewont\u201d<\/strong> z boardroomami i tarasem z widokiem na Tatry. Nowe <strong>sale Nosal I i II <\/strong>oferuj\u0105 nowoczesne wyposa\u017cenie multimedialne i dost\u0119p do \u015bwiat\u0142a dziennego.<\/p>\n\n\n\n<p>Go\u015bcie mog\u0105 korzysta\u0107 z dw\u00f3ch restauracji, lobby baru, kawiarni Giewont, wiat grillowych, plac\u00f3w zabaw dla dzieci. Go\u015bcie mog\u0105 skorzysta\u0107 z <strong>luksusowego SPA &amp; Wellness <\/strong>z basenem, saunami, jacuzzi i autorskim NABE SPA. Resort oferuje wysok\u0105 jako\u015b\u0107 obs\u0142ugi, profesjonaln\u0105 infrastruktur\u0119 konferencyjn\u0105 i atrakcje rekreacyjne, tworz\u0105c idealne miejsce na wypoczynek, wydarzenia biznesowe i integracj\u0119.<\/p>\n\n\n\n<figure class=\"wp-block-image size-full\"><a href=\"https:\/\/www.mojekonferencje.pl\/blog\/wp-content\/uploads\/2025\/10\/nosalowy-wiosna-62-960x580-2.webp\"><img loading=\"lazy\" decoding=\"async\" width=\"960\" height=\"580\" src=\"https:\/\/www.mojekonferencje.pl\/blog\/wp-content\/uploads\/2025\/10\/nosalowy-wiosna-62-960x580-2.webp\" alt=\"\" class=\"wp-image-8290 lazyload\" data-srcset=\"https:\/\/www.mojekonferencje.pl\/blog\/wp-content\/uploads\/2025\/10\/nosalowy-wiosna-62-960x580-2.webp 960w, https:\/\/www.mojekonferencje.pl\/blog\/wp-content\/uploads\/2025\/10\/nosalowy-wiosna-62-960x580-2-300x181.webp 300w, https:\/\/www.mojekonferencje.pl\/blog\/wp-content\/uploads\/2025\/10\/nosalowy-wiosna-62-960x580-2-768x464.webp 768w\" sizes=\"auto\" \/><\/a><\/figure>\n\n\n\n<p>Ma\u0142opolska oferuje szeroki wyb\u00f3r obiekt\u00f3w konferencyjnych \u2013 od luksusowych resort\u00f3w pod Tatrami, przez <strong>klimatyczne hotele w Krakowie<\/strong>, po <strong>nowoczesne centra eventowe<\/strong>. Profesjonalna obs\u0142uga, nowoczesne wyposa\u017cenie i atrakcyjna lokalizacja sprawiaj\u0105, \u017ce ka\u017cde szkolenie czy wydarzenie biznesowe mo\u017ce by\u0107 komfortowe i udane.<\/p>\n\n\n\n<p><\/p>\n","protected":false},"excerpt":{"rendered":"<p>Szukasz miejsca na szkolenie lub spotkanie biznesowe w Ma\u0142opolsce? Nowoczesne sale, centra konferencyjne i przestrzenie do integracji czekaj\u0105 na Tw\u00f3j zesp\u00f3\u0142!<\/p>\n","protected":false},"author":21,"featured_media":8293,"comment_status":"closed","ping_status":"closed","sticky":false,"template":"","format":"standard","meta":{"_acf_changed":false,"footnotes":""},"categories":[175],"tags":[490,515,516,517],"class_list":["post-8278","post","type-post","status-publish","format-standard","has-post-thumbnail","hentry","category-wybieranie-miejsca-konferencyjnego","tag-eventy-biznesowe","tag-konferencje-malopolska","tag-sale-szkoleniowe-malopolska","tag-szkolenia-firmowe-w-malopolsce"],"acf":[],"yoast_head":"<!-- This site is optimized with the Yoast SEO plugin v27.1.1 - https:\/\/yoast.com\/product\/yoast-seo-wordpress\/ -->\n<title>Top miejsca na szkolenia firmowe w Ma\u0142opolsce \u2013 przegl\u0105d najlepszych obiekt\u00f3w konferencyjnych - blog | MojeKonferencje.pl<\/title>\n<meta name=\"description\" content=\"Top miejsca na szkolenia firmowe w Ma\u0142opolsce \u2013 przegl\u0105d najlepszych obiekt\u00f3w konferencyjnych - blog | MojeKonferencje.pl\" \/>\n<meta name=\"robots\" content=\"index, follow, max-snippet:-1, max-image-preview:large, max-video-preview:-1\" \/>\n<link rel=\"canonical\" href=\"https:\/\/www.mojekonferencje.pl\/blog\/top-miejsca-na-szkolenia-firmowe-w-malopolsce-przeglad-najlepszych-obiektow-konferencyjnych\/\" \/>\n<meta property=\"og:locale\" content=\"pl_PL\" \/>\n<meta property=\"og:type\" content=\"article\" \/>\n<meta property=\"og:title\" content=\"Top miejsca na szkolenia firmowe w Ma\u0142opolsce \u2013 przegl\u0105d najlepszych obiekt\u00f3w konferencyjnych - blog | MojeKonferencje.pl\" \/>\n<meta property=\"og:description\" content=\"Top miejsca na szkolenia firmowe w Ma\u0142opolsce \u2013 przegl\u0105d najlepszych obiekt\u00f3w konferencyjnych - blog | MojeKonferencje.pl\" \/>\n<meta property=\"og:url\" content=\"https:\/\/www.mojekonferencje.pl\/blog\/top-miejsca-na-szkolenia-firmowe-w-malopolsce-przeglad-najlepszych-obiektow-konferencyjnych\/\" \/>\n<meta property=\"og:site_name\" content=\"MojeKonferencje.pl\" \/>\n<meta property=\"article:published_time\" content=\"2025-10-28T07:00:00+00:00\" \/>\n<meta property=\"article:modified_time\" content=\"2025-10-30T08:15:16+00:00\" \/>\n<meta property=\"og:image\" content=\"https:\/\/www.mojekonferencje.pl\/blog\/wp-content\/uploads\/2025\/10\/Fotoram.io-2025-10-24T100045.987.jpg\" \/>\n\t<meta property=\"og:image:width\" content=\"1200\" \/>\n\t<meta property=\"og:image:height\" content=\"708\" \/>\n\t<meta property=\"og:image:type\" content=\"image\/jpeg\" \/>\n<meta name=\"author\" content=\"Julia Gadomska\" \/>\n<meta name=\"twitter:card\" content=\"summary_large_image\" \/>\n<meta name=\"twitter:label1\" content=\"Napisane przez\" \/>\n\t<meta name=\"twitter:data1\" content=\"Julia Gadomska\" \/>\n\t<meta name=\"twitter:label2\" content=\"Szacowany czas czytania\" \/>\n\t<meta name=\"twitter:data2\" content=\"10 minut\" \/>\n<script type=\"application\/ld+json\" class=\"yoast-schema-graph\">{\"@context\":\"https:\/\/schema.org\",\"@graph\":[{\"@type\":\"Article\",\"@id\":\"https:\/\/www.mojekonferencje.pl\/blog\/top-miejsca-na-szkolenia-firmowe-w-malopolsce-przeglad-najlepszych-obiektow-konferencyjnych\/#article\",\"isPartOf\":{\"@id\":\"https:\/\/www.mojekonferencje.pl\/blog\/top-miejsca-na-szkolenia-firmowe-w-malopolsce-przeglad-najlepszych-obiektow-konferencyjnych\/\"},\"author\":{\"name\":\"Julia Gadomska\",\"@id\":\"https:\/\/www.mojekonferencje.pl\/blog\/#\/schema\/person\/7d6985dc3741882ea12e03b1c3997043\"},\"headline\":\"Top miejsca na szkolenia firmowe w Ma\u0142opolsce \u2013 przegl\u0105d najlepszych obiekt\u00f3w konferencyjnych\",\"datePublished\":\"2025-10-28T07:00:00+00:00\",\"dateModified\":\"2025-10-30T08:15:16+00:00\",\"mainEntityOfPage\":{\"@id\":\"https:\/\/www.mojekonferencje.pl\/blog\/top-miejsca-na-szkolenia-firmowe-w-malopolsce-przeglad-najlepszych-obiektow-konferencyjnych\/\"},\"wordCount\":1340,\"image\":{\"@id\":\"https:\/\/www.mojekonferencje.pl\/blog\/top-miejsca-na-szkolenia-firmowe-w-malopolsce-przeglad-najlepszych-obiektow-konferencyjnych\/#primaryimage\"},\"thumbnailUrl\":\"https:\/\/www.mojekonferencje.pl\/blog\/wp-content\/uploads\/2025\/10\/Fotoram.io-2025-10-24T100045.987.jpg\",\"keywords\":[\"eventy biznesowe\",\"Konferencje Ma\u0142opolska\",\"sale szkoleniowe Ma\u0142opolska\",\"szkolenia firmowe w Ma\u0142opolsce\"],\"articleSection\":[\"Wybieranie miejsca konferencyjnego\"],\"inLanguage\":\"pl-PL\"},{\"@type\":\"WebPage\",\"@id\":\"https:\/\/www.mojekonferencje.pl\/blog\/top-miejsca-na-szkolenia-firmowe-w-malopolsce-przeglad-najlepszych-obiektow-konferencyjnych\/\",\"url\":\"https:\/\/www.mojekonferencje.pl\/blog\/top-miejsca-na-szkolenia-firmowe-w-malopolsce-przeglad-najlepszych-obiektow-konferencyjnych\/\",\"name\":\"Top miejsca na szkolenia firmowe w Ma\u0142opolsce \u2013 przegl\u0105d najlepszych obiekt\u00f3w konferencyjnych - blog | MojeKonferencje.pl\",\"isPartOf\":{\"@id\":\"https:\/\/www.mojekonferencje.pl\/blog\/#website\"},\"primaryImageOfPage\":{\"@id\":\"https:\/\/www.mojekonferencje.pl\/blog\/top-miejsca-na-szkolenia-firmowe-w-malopolsce-przeglad-najlepszych-obiektow-konferencyjnych\/#primaryimage\"},\"image\":{\"@id\":\"https:\/\/www.mojekonferencje.pl\/blog\/top-miejsca-na-szkolenia-firmowe-w-malopolsce-przeglad-najlepszych-obiektow-konferencyjnych\/#primaryimage\"},\"thumbnailUrl\":\"https:\/\/www.mojekonferencje.pl\/blog\/wp-content\/uploads\/2025\/10\/Fotoram.io-2025-10-24T100045.987.jpg\",\"datePublished\":\"2025-10-28T07:00:00+00:00\",\"dateModified\":\"2025-10-30T08:15:16+00:00\",\"author\":{\"@id\":\"https:\/\/www.mojekonferencje.pl\/blog\/#\/schema\/person\/7d6985dc3741882ea12e03b1c3997043\"},\"description\":\"Top miejsca na szkolenia firmowe w Ma\u0142opolsce \u2013 przegl\u0105d najlepszych obiekt\u00f3w konferencyjnych - blog | MojeKonferencje.pl\",\"breadcrumb\":{\"@id\":\"https:\/\/www.mojekonferencje.pl\/blog\/top-miejsca-na-szkolenia-firmowe-w-malopolsce-przeglad-najlepszych-obiektow-konferencyjnych\/#breadcrumb\"},\"inLanguage\":\"pl-PL\",\"potentialAction\":[{\"@type\":\"ReadAction\",\"target\":[\"https:\/\/www.mojekonferencje.pl\/blog\/top-miejsca-na-szkolenia-firmowe-w-malopolsce-przeglad-najlepszych-obiektow-konferencyjnych\/\"]}]},{\"@type\":\"ImageObject\",\"inLanguage\":\"pl-PL\",\"@id\":\"https:\/\/www.mojekonferencje.pl\/blog\/top-miejsca-na-szkolenia-firmowe-w-malopolsce-przeglad-najlepszych-obiektow-konferencyjnych\/#primaryimage\",\"url\":\"https:\/\/www.mojekonferencje.pl\/blog\/wp-content\/uploads\/2025\/10\/Fotoram.io-2025-10-24T100045.987.jpg\",\"contentUrl\":\"https:\/\/www.mojekonferencje.pl\/blog\/wp-content\/uploads\/2025\/10\/Fotoram.io-2025-10-24T100045.987.jpg\",\"width\":1200,\"height\":708,\"caption\":\"Top miejsca na szkolenia firmowe w Ma\u0142opolsce\"},{\"@type\":\"BreadcrumbList\",\"@id\":\"https:\/\/www.mojekonferencje.pl\/blog\/top-miejsca-na-szkolenia-firmowe-w-malopolsce-przeglad-najlepszych-obiektow-konferencyjnych\/#breadcrumb\",\"itemListElement\":[{\"@type\":\"ListItem\",\"position\":1,\"name\":\"Strona g\u0142\u00f3wna\",\"item\":\"https:\/\/www.mojekonferencje.pl\/blog\/\"},{\"@type\":\"ListItem\",\"position\":2,\"name\":\"Top miejsca na szkolenia firmowe w Ma\u0142opolsce \u2013 przegl\u0105d najlepszych obiekt\u00f3w konferencyjnych\"}]},{\"@type\":\"WebSite\",\"@id\":\"https:\/\/www.mojekonferencje.pl\/blog\/#website\",\"url\":\"https:\/\/www.mojekonferencje.pl\/blog\/\",\"name\":\"MojeKonferencje.pl\",\"description\":\"Blog bran\u017cy szkoleniowo-konferencyjnej. W\u0142\u0105cz si\u0119 do dyskusji o obiektach konferencyjnych i nowo\u015bciach z bran\u017cy! Poznaj porady odno\u015bnie organizacji konferencji, szkole\u0144 i event\u00f3w firmowych! Zach\u0119camy do wyra\u017cania opinii oraz komentarzy.\",\"potentialAction\":[{\"@type\":\"SearchAction\",\"target\":{\"@type\":\"EntryPoint\",\"urlTemplate\":\"https:\/\/www.mojekonferencje.pl\/blog\/?s={search_term_string}\"},\"query-input\":{\"@type\":\"PropertyValueSpecification\",\"valueRequired\":true,\"valueName\":\"search_term_string\"}}],\"inLanguage\":\"pl-PL\"},{\"@type\":\"Person\",\"@id\":\"https:\/\/www.mojekonferencje.pl\/blog\/#\/schema\/person\/7d6985dc3741882ea12e03b1c3997043\",\"name\":\"Julia Gadomska\",\"url\":\"https:\/\/www.mojekonferencje.pl\/blog\/author\/julia-gadomska\/\"}]}<\/script>\n<!-- \/ Yoast SEO plugin. -->","yoast_head_json":{"title":"Top miejsca na szkolenia firmowe w Ma\u0142opolsce \u2013 przegl\u0105d najlepszych obiekt\u00f3w konferencyjnych - blog | MojeKonferencje.pl","description":"Top miejsca na szkolenia firmowe w Ma\u0142opolsce \u2013 przegl\u0105d najlepszych obiekt\u00f3w konferencyjnych - blog | MojeKonferencje.pl","robots":{"index":"index","follow":"follow","max-snippet":"max-snippet:-1","max-image-preview":"max-image-preview:large","max-video-preview":"max-video-preview:-1"},"canonical":"https:\/\/www.mojekonferencje.pl\/blog\/top-miejsca-na-szkolenia-firmowe-w-malopolsce-przeglad-najlepszych-obiektow-konferencyjnych\/","og_locale":"pl_PL","og_type":"article","og_title":"Top miejsca na szkolenia firmowe w Ma\u0142opolsce \u2013 przegl\u0105d najlepszych obiekt\u00f3w konferencyjnych - blog | MojeKonferencje.pl","og_description":"Top miejsca na szkolenia firmowe w Ma\u0142opolsce \u2013 przegl\u0105d najlepszych obiekt\u00f3w konferencyjnych - blog | MojeKonferencje.pl","og_url":"https:\/\/www.mojekonferencje.pl\/blog\/top-miejsca-na-szkolenia-firmowe-w-malopolsce-przeglad-najlepszych-obiektow-konferencyjnych\/","og_site_name":"MojeKonferencje.pl","article_published_time":"2025-10-28T07:00:00+00:00","article_modified_time":"2025-10-30T08:15:16+00:00","og_image":[{"width":1200,"height":708,"url":"https:\/\/www.mojekonferencje.pl\/blog\/wp-content\/uploads\/2025\/10\/Fotoram.io-2025-10-24T100045.987.jpg","type":"image\/jpeg"}],"author":"Julia Gadomska","twitter_card":"summary_large_image","twitter_misc":{"Napisane przez":"Julia Gadomska","Szacowany czas czytania":"10 minut"},"schema":{"@context":"https:\/\/schema.org","@graph":[{"@type":"Article","@id":"https:\/\/www.mojekonferencje.pl\/blog\/top-miejsca-na-szkolenia-firmowe-w-malopolsce-przeglad-najlepszych-obiektow-konferencyjnych\/#article","isPartOf":{"@id":"https:\/\/www.mojekonferencje.pl\/blog\/top-miejsca-na-szkolenia-firmowe-w-malopolsce-przeglad-najlepszych-obiektow-konferencyjnych\/"},"author":{"name":"Julia Gadomska","@id":"https:\/\/www.mojekonferencje.pl\/blog\/#\/schema\/person\/7d6985dc3741882ea12e03b1c3997043"},"headline":"Top miejsca na szkolenia firmowe w Ma\u0142opolsce \u2013 przegl\u0105d najlepszych obiekt\u00f3w konferencyjnych","datePublished":"2025-10-28T07:00:00+00:00","dateModified":"2025-10-30T08:15:16+00:00","mainEntityOfPage":{"@id":"https:\/\/www.mojekonferencje.pl\/blog\/top-miejsca-na-szkolenia-firmowe-w-malopolsce-przeglad-najlepszych-obiektow-konferencyjnych\/"},"wordCount":1340,"image":{"@id":"https:\/\/www.mojekonferencje.pl\/blog\/top-miejsca-na-szkolenia-firmowe-w-malopolsce-przeglad-najlepszych-obiektow-konferencyjnych\/#primaryimage"},"thumbnailUrl":"https:\/\/www.mojekonferencje.pl\/blog\/wp-content\/uploads\/2025\/10\/Fotoram.io-2025-10-24T100045.987.jpg","keywords":["eventy biznesowe","Konferencje Ma\u0142opolska","sale szkoleniowe Ma\u0142opolska","szkolenia firmowe w Ma\u0142opolsce"],"articleSection":["Wybieranie miejsca konferencyjnego"],"inLanguage":"pl-PL"},{"@type":"WebPage","@id":"https:\/\/www.mojekonferencje.pl\/blog\/top-miejsca-na-szkolenia-firmowe-w-malopolsce-przeglad-najlepszych-obiektow-konferencyjnych\/","url":"https:\/\/www.mojekonferencje.pl\/blog\/top-miejsca-na-szkolenia-firmowe-w-malopolsce-przeglad-najlepszych-obiektow-konferencyjnych\/","name":"Top miejsca na szkolenia firmowe w Ma\u0142opolsce \u2013 przegl\u0105d najlepszych obiekt\u00f3w konferencyjnych - blog | MojeKonferencje.pl","isPartOf":{"@id":"https:\/\/www.mojekonferencje.pl\/blog\/#website"},"primaryImageOfPage":{"@id":"https:\/\/www.mojekonferencje.pl\/blog\/top-miejsca-na-szkolenia-firmowe-w-malopolsce-przeglad-najlepszych-obiektow-konferencyjnych\/#primaryimage"},"image":{"@id":"https:\/\/www.mojekonferencje.pl\/blog\/top-miejsca-na-szkolenia-firmowe-w-malopolsce-przeglad-najlepszych-obiektow-konferencyjnych\/#primaryimage"},"thumbnailUrl":"https:\/\/www.mojekonferencje.pl\/blog\/wp-content\/uploads\/2025\/10\/Fotoram.io-2025-10-24T100045.987.jpg","datePublished":"2025-10-28T07:00:00+00:00","dateModified":"2025-10-30T08:15:16+00:00","author":{"@id":"https:\/\/www.mojekonferencje.pl\/blog\/#\/schema\/person\/7d6985dc3741882ea12e03b1c3997043"},"description":"Top miejsca na szkolenia firmowe w Ma\u0142opolsce \u2013 przegl\u0105d najlepszych obiekt\u00f3w konferencyjnych - blog | MojeKonferencje.pl","breadcrumb":{"@id":"https:\/\/www.mojekonferencje.pl\/blog\/top-miejsca-na-szkolenia-firmowe-w-malopolsce-przeglad-najlepszych-obiektow-konferencyjnych\/#breadcrumb"},"inLanguage":"pl-PL","potentialAction":[{"@type":"ReadAction","target":["https:\/\/www.mojekonferencje.pl\/blog\/top-miejsca-na-szkolenia-firmowe-w-malopolsce-przeglad-najlepszych-obiektow-konferencyjnych\/"]}]},{"@type":"ImageObject","inLanguage":"pl-PL","@id":"https:\/\/www.mojekonferencje.pl\/blog\/top-miejsca-na-szkolenia-firmowe-w-malopolsce-przeglad-najlepszych-obiektow-konferencyjnych\/#primaryimage","url":"https:\/\/www.mojekonferencje.pl\/blog\/wp-content\/uploads\/2025\/10\/Fotoram.io-2025-10-24T100045.987.jpg","contentUrl":"https:\/\/www.mojekonferencje.pl\/blog\/wp-content\/uploads\/2025\/10\/Fotoram.io-2025-10-24T100045.987.jpg","width":1200,"height":708,"caption":"Top miejsca na szkolenia firmowe w Ma\u0142opolsce"},{"@type":"BreadcrumbList","@id":"https:\/\/www.mojekonferencje.pl\/blog\/top-miejsca-na-szkolenia-firmowe-w-malopolsce-przeglad-najlepszych-obiektow-konferencyjnych\/#breadcrumb","itemListElement":[{"@type":"ListItem","position":1,"name":"Strona g\u0142\u00f3wna","item":"https:\/\/www.mojekonferencje.pl\/blog\/"},{"@type":"ListItem","position":2,"name":"Top miejsca na szkolenia firmowe w Ma\u0142opolsce \u2013 przegl\u0105d najlepszych obiekt\u00f3w konferencyjnych"}]},{"@type":"WebSite","@id":"https:\/\/www.mojekonferencje.pl\/blog\/#website","url":"https:\/\/www.mojekonferencje.pl\/blog\/","name":"MojeKonferencje.pl","description":"Blog bran\u017cy szkoleniowo-konferencyjnej. W\u0142\u0105cz si\u0119 do dyskusji o obiektach konferencyjnych i nowo\u015bciach z bran\u017cy! Poznaj porady odno\u015bnie organizacji konferencji, szkole\u0144 i event\u00f3w firmowych! Zach\u0119camy do wyra\u017cania opinii oraz komentarzy.","potentialAction":[{"@type":"SearchAction","target":{"@type":"EntryPoint","urlTemplate":"https:\/\/www.mojekonferencje.pl\/blog\/?s={search_term_string}"},"query-input":{"@type":"PropertyValueSpecification","valueRequired":true,"valueName":"search_term_string"}}],"inLanguage":"pl-PL"},{"@type":"Person","@id":"https:\/\/www.mojekonferencje.pl\/blog\/#\/schema\/person\/7d6985dc3741882ea12e03b1c3997043","name":"Julia Gadomska","url":"https:\/\/www.mojekonferencje.pl\/blog\/author\/julia-gadomska\/"}]}},"_links":{"self":[{"href":"https:\/\/www.mojekonferencje.pl\/blog\/wp-json\/wp\/v2\/posts\/8278","targetHints":{"allow":["GET"]}}],"collection":[{"href":"https:\/\/www.mojekonferencje.pl\/blog\/wp-json\/wp\/v2\/posts"}],"about":[{"href":"https:\/\/www.mojekonferencje.pl\/blog\/wp-json\/wp\/v2\/types\/post"}],"author":[{"embeddable":true,"href":"https:\/\/www.mojekonferencje.pl\/blog\/wp-json\/wp\/v2\/users\/21"}],"replies":[{"embeddable":true,"href":"https:\/\/www.mojekonferencje.pl\/blog\/wp-json\/wp\/v2\/comments?post=8278"}],"version-history":[{"count":6,"href":"https:\/\/www.mojekonferencje.pl\/blog\/wp-json\/wp\/v2\/posts\/8278\/revisions"}],"predecessor-version":[{"id":8297,"href":"https:\/\/www.mojekonferencje.pl\/blog\/wp-json\/wp\/v2\/posts\/8278\/revisions\/8297"}],"wp:featuredmedia":[{"embeddable":true,"href":"https:\/\/www.mojekonferencje.pl\/blog\/wp-json\/wp\/v2\/media\/8293"}],"wp:attachment":[{"href":"https:\/\/www.mojekonferencje.pl\/blog\/wp-json\/wp\/v2\/media?parent=8278"}],"wp:term":[{"taxonomy":"category","embeddable":true,"href":"https:\/\/www.mojekonferencje.pl\/blog\/wp-json\/wp\/v2\/categories?post=8278"},{"taxonomy":"post_tag","embeddable":true,"href":"https:\/\/www.mojekonferencje.pl\/blog\/wp-json\/wp\/v2\/tags?post=8278"}],"curies":[{"name":"wp","href":"https:\/\/api.w.org\/{rel}","templated":true}]}}