{"id":8421,"date":"2025-11-24T17:24:02","date_gmt":"2025-11-24T15:24:02","guid":{"rendered":"https:\/\/www.mojekonferencje.pl\/blog\/?p=8421"},"modified":"2026-02-09T10:54:25","modified_gmt":"2026-02-09T08:54:25","slug":"ten-hotel-organizuje-470-eventow-rocznie-jak-oni-to-robia-kulisy-mlynu-jacka","status":"publish","type":"post","link":"https:\/\/www.mojekonferencje.pl\/blog\/ten-hotel-organizuje-470-eventow-rocznie-jak-oni-to-robia-kulisy-mlynu-jacka\/","title":{"rendered":"Ten hotel organizuje 470 event\u00f3w rocznie. Jak oni to robi\u0105? Kulisy M\u0142ynu Jacka!"},"content":{"rendered":"\n<p><strong>Hotel M\u0142yn Jacka to wyj\u0105tkowe miejsce na eventy, le\u017c\u0105ce w spokojnych Jaroszowicach, nieopodal Wadowic. Obiekt ten zaprasza Go\u015bci do odpoczynku w wyj\u0105tkowej atmosferze \u2013 pe\u0142nej zieleni, ciszy i niepowtarzalnego klimatu XIX-wiecznego m\u0142yna. Zabytkowe m\u0142y\u0144skie maszyny, wkomponowane w elegancki wystr\u00f3j, nadaj\u0105 temu miejscu charakteru, kt\u00f3rego nie spos\u00f3b podrobi\u0107.<\/strong><\/p>\n\n\n\n<p>Na odwiedzaj\u0105cych czekaj\u0105 komfortowe pokoje i apartamenty urz\u0105dzone z dba\u0142o\u015bci\u0105 o detale, rozleg\u0142e tereny wok\u00f3\u0142 obiektu oraz relaksuj\u0105ca strefa Wellness. Restauracja Spichlerz Smak\u00f3w serwuje dania oparte na lokalnych produktach, przeplataj\u0105c tradycyjn\u0105 kuchni\u0119 z nowoczesnymi akcentami.<\/p>\n\n\n\n<p><a href=\"https:\/\/www.mojekonferencje.pl\/wadowice\/mlyn-jacka-hotel--spa-\">M\u0142yn Jacka<\/a> to r\u00f3wnie\u017c doskona\u0142e miejsce dla biznesu. Nowoczesne i \u015bwietnie wyposa\u017cone sale konferencyjne, mo\u017cliwo\u015b\u0107 organizacji spotka\u0144 w plenerze oraz oferta atrakcji po godzinach sprawiaj\u0105, \u017ce obiekt wyr\u00f3\u017cnia si\u0119 na mapie wydarze\u0144 w Ma\u0142opolsce. To przestrze\u0144, w kt\u00f3rej mo\u017cna pracowa\u0107, odpoczywa\u0107 i prze\u017cywa\u0107 naprawd\u0119 wyj\u0105tkowe chwile. <\/p>\n\n\n\n<p><strong>O to, jak zmienia si\u0119 rynek konferencji, czego dzi\u015b szukaj\u0105 firmy i jak M\u0142yn Jacka odpowiada na te potrzeby, zapytali\u015bmy <a href=\"https:\/\/www.linkedin.com\/in\/kamil-tomaszek-137259a2\/\">Kamila Tomaszka, Dyrektora Generalnego Hotelu<\/a>.<\/strong><\/p>\n\n\n\n<figure class=\"wp-block-gallery has-nested-images columns-default is-cropped wp-block-gallery-1 is-layout-flex wp-block-gallery-is-layout-flex\">\n<figure class=\"wp-block-image size-large\"><a href=\"https:\/\/www.mojekonferencje.pl\/blog\/wp-content\/uploads\/2025\/11\/2.jpg\"><img loading=\"lazy\" decoding=\"async\" width=\"1920\" height=\"1279\" data-id=\"8423\" src=\"https:\/\/www.mojekonferencje.pl\/blog\/wp-content\/uploads\/2025\/11\/2-1024x682.jpg\" alt=\"\" class=\"wp-image-8423 lazyload\" data-srcset=\"https:\/\/www.mojekonferencje.pl\/blog\/wp-content\/uploads\/2025\/11\/2-1024x682.jpg 1024w, https:\/\/www.mojekonferencje.pl\/blog\/wp-content\/uploads\/2025\/11\/2-300x200.jpg 300w, https:\/\/www.mojekonferencje.pl\/blog\/wp-content\/uploads\/2025\/11\/2-768x512.jpg 768w, https:\/\/www.mojekonferencje.pl\/blog\/wp-content\/uploads\/2025\/11\/2-1536x1023.jpg 1536w, https:\/\/www.mojekonferencje.pl\/blog\/wp-content\/uploads\/2025\/11\/2.jpg 1920w\" sizes=\"auto\" \/><\/a><\/figure>\n<\/figure>\n\n\n\n<h2 class=\"wp-block-heading\">Redakcja portalu MojeKonferencje.pl: Hotel M\u0142yn Jacka to obiekt z histori\u0105 si\u0119gaj\u0105c\u0105 XIX wieku. Jak udaje si\u0119 Wam \u0142\u0105czy\u0107 zabytkowy charakter budynku z nowoczesn\u0105 ofert\u0105 konferencyjn\u0105 i rekreacyjn\u0105?<\/h2>\n\n\n\n<p><strong>Kamil Tomaszek:<\/strong> Udaje si\u0119 i to chyba jest najwa\u017cniejsze, ale wi\u0105\u017ce si\u0119 to ze spor\u0105 ilo\u015bci\u0105 wyzwa\u0144 w tym zakresie. Trzeba by\u0107 \u015bwiadomym, \u017ce historia i jej elementy to du\u017ca zaleta miejsca takiego jak hotel, ale te\u017c pewien obowi\u0105zek wobec klient\u00f3w, kt\u00f3rzy oczekuj\u0105 by ca\u0142o\u015b\u0107 by\u0142a sp\u00f3jna. M\u00f3wi\u0119 tutaj o poziomie us\u0142ug, wystroju wn\u0119trz, architekturze, to wszystko musi si\u0119 razem zgadza\u0107. Obecnie pracujemy nad projektem \u201eHistoria miejsca\u201d. Mamy zamiar opowiedzie\u0107 szerzej o naszym obiekcie i wszystkich wydarzeniach, jakie mia\u0142y w nim miejsce w przesz\u0142o\u015bci. Ja osobi\u015bcie bardzo ceni\u0119 sobie miejsca z histori\u0105, uwa\u017cam, \u017ce jest to dodatkowa warto\u015b\u0107 dla os\u00f3b odwiedzaj\u0105cych. Cho\u0107by dlatego, \u017ce wspomnienia i fakty z przesz\u0142o\u015bci pobudzaj\u0105 nasz\u0105 wyobra\u017ani\u0119 i wyzwalaj\u0105 dodatkowe emocje.<\/p>\n\n\n\n<h2 class=\"wp-block-heading\">MK: W jaki spos\u00f3b architektura i design obiektu wp\u0142ywaj\u0105 na do\u015bwiadczenie uczestnik\u00f3w konferencji czy event\u00f3w firmowych?<\/h2>\n\n\n\n<p><strong>KT: <\/strong>Industrialna architektura budynku oraz stylizacja wn\u0119trz ma <strong>kluczowe znaczenie w procesie wyboru miejsca na konferencj\u0119<\/strong>. Wyobra\u017amy sobie, \u017ce jeste\u015bmy osob\u0105, kt\u00f3ra szuka ciekawego i nieszablonowego miejsca na organizacj\u0119 konferencji dla swojej firmy. Na tym etapie na pewno wygrywamy, bo w rejonie jest tylko jeden taki hotel, kt\u00f3ry zarazem tak pragmatycznie \u0142\u0105czy w sobie przesz\u0142o\u015b\u0107 z tera\u017aniejszo\u015bci\u0105. <strong>Klient biznesowy bardzo cz\u0119sto podkre\u015bla walory estetyczne naszego miejsca.<\/strong> Trzeba mie\u0107 na uwadze, \u017ce to rodzaj dodatkowego benefitu, kt\u00f3ry wliczony jest ju\u017c w cen\u0119 rynkow\u0105 i staje si\u0119 du\u017cym atutem w procesie wyboru odpowiedniego miejsca na event firmowy.<\/p>\n\n\n\n<h2 class=\"wp-block-heading\">MK: Jakie nowe trendy w organizacji konferencji i event\u00f3w biznesowych obserwujecie w Polsce? Jak M\u0142yn Jacka wykorzystuje te trendy w praktyce?<\/h2>\n\n\n\n<p><strong>KT:<\/strong> Biznes zawsze ceni\u0142 sobie mo\u017cliwo\u015b\u0107 spotkania poza codziennym \u015brodowiskiem pracy i tutaj nic si\u0119 nie zmienia. Tzn. firmy nadal rozumiej\u0105, \u017ce taka forma zorganizowanego czasu dla ich pracownik\u00f3w to same korzy\u015bci. W roku 2025 zauwa\u017camy natomiast <strong>trend oszcz\u0119dno\u015bciowy<\/strong>, tzn. okres bud\u017cet\u00f3w popandemicznych dobieg\u0142 ju\u017c ko\u0144ca. Rynek znowu ustabilizowa\u0142 si\u0119 i trzeba si\u0119 mocno stara\u0107, by przekona\u0107 klienta do swojej oferty. Tutaj nale\u017cy zaznaczy\u0107, \u017ce <strong>w naszym hotelu ka\u017cdego roku swoje wydarzenia organizuje przesz\u0142o 400 grup<\/strong>. To do\u015b\u0107 spora pr\u00f3ba, na podstawie kt\u00f3rej \u201eczujemy\u201d rynek B2B i jeste\u015bmy w stanie na niego szybko reagowa\u0107. Nasza bie\u017c\u0105ca praca to ci\u0105g\u0142a analiza dynamiki sprzeda\u017cy, rynku, cen, konkurencji i podejmowanie adekwatnych decyzji.<\/p>\n\n\n\n<figure class=\"wp-block-gallery has-nested-images columns-default is-cropped wp-block-gallery-2 is-layout-flex wp-block-gallery-is-layout-flex\">\n<figure class=\"wp-block-image size-large\"><a href=\"https:\/\/www.mojekonferencje.pl\/blog\/wp-content\/uploads\/2025\/11\/3.jpg\"><img loading=\"lazy\" decoding=\"async\" width=\"1024\" height=\"768\" data-id=\"8424\" src=\"https:\/\/www.mojekonferencje.pl\/blog\/wp-content\/uploads\/2025\/11\/3-1024x768.jpg\" alt=\"\" class=\"wp-image-8424 lazyload\" data-srcset=\"https:\/\/www.mojekonferencje.pl\/blog\/wp-content\/uploads\/2025\/11\/3-1024x768.jpg 1024w, https:\/\/www.mojekonferencje.pl\/blog\/wp-content\/uploads\/2025\/11\/3-300x225.jpg 300w, https:\/\/www.mojekonferencje.pl\/blog\/wp-content\/uploads\/2025\/11\/3-768x576.jpg 768w, https:\/\/www.mojekonferencje.pl\/blog\/wp-content\/uploads\/2025\/11\/3-1536x1152.jpg 1536w, https:\/\/www.mojekonferencje.pl\/blog\/wp-content\/uploads\/2025\/11\/3.jpg 1600w\" sizes=\"auto\" \/><\/a><\/figure>\n<\/figure>\n\n\n\n<h2 class=\"wp-block-heading\">MK: Czy zauwa\u017cyli\u015bcie rosn\u0105ce zainteresowanie eventami hybrydowymi lub spotkaniami w mniej formalnej, plenerowej formie?<\/h2>\n\n\n\n<p><strong>KT: <\/strong>Na pewno liczba nowoczesnych format\u00f3w wzros\u0142a w okresie popandemicznym. Tzn. firmy coraz cz\u0119\u015bciej wykorzystuj\u0105 nowe technologie do organizacji spotka\u0144 hybrydowych. Natomiast <strong>nie widzimy na ten moment, by by\u0142 to na tyle wyra\u017any trend, by obszar online by\u0142 w stanie wyprze\u0107 znacz\u0105co klasyczn\u0105 form\u0119 spotka\u0144<\/strong>. S\u0105 to bardziej wydarzenia, podczas kt\u00f3rych u\u017cywa si\u0119 np. po\u0142\u0105czenia online z innymi pracownikami tej samej organizacji. Trzeba pami\u0119ta\u0107, \u017ce organizacja event\u00f3w to nic innego, jak us\u0142uga spo\u0142eczna, u podstaw kt\u00f3rej le\u017cy potrzeba fizycznego spotkania si\u0119 ludzi w okre\u015blonym miejscu. Zbudowania poczucia wsp\u00f3lnoty, nawi\u0105zania bli\u017cszych relacji. A to nadal osi\u0105ga si\u0119 najlepiej w spos\u00f3b stricte klasyczny.<\/p>\n\n\n\n<h2 class=\"wp-block-heading has-text-align-left\">MK: Jak dbacie o to, aby eventy organizowane w Waszym obiekcie by\u0142y nie tylko efektywne, ale i zapadaj\u0105ce w pami\u0119\u0107 uczestnik\u00f3w?<\/h2>\n\n\n\n<p><strong>KT: <\/strong>Je\u015bli m\u00f3wimy o zapadaniu w pami\u0119\u0107, to najbardziej zale\u017cy nam na tym, by klient biznesowy po zako\u0144czonej us\u0142udze mia\u0142 poczucie, \u017ce <strong>wyda\u0142 u nas swoje pieni\u0105dze w odpowiedni spos\u00f3b<\/strong>. \u017be faktura za kt\u00f3r\u0105 zap\u0142aci\u0142 odzwierciedla\u0142a spe\u0142nienie jego oczekiwa\u0144 i co za tym idzie, wr\u00f3ci\u0142by po raz kolejny. Takie podej\u015bcie do klienta przek\u0142ada si\u0119 na ca\u0142y proces jego obs\u0142ugi. Od pierwszego telefonu, a\u017c po u\u015bmiech kelnera i smak kremu podanego w bufecie. To razem musi tworzy\u0107 sp\u00f3jny obraz profesjonalnego podej\u015bcia i zarazem budowa\u0107 zaufanie do naszej marki. <strong>Biznes, kt\u00f3ry nas wybiera musi si\u0119 u nas czu\u0107 komfortowo i bezpiecznie<\/strong>. Musz\u0105 wiedzie\u0107, \u017ce mo\u017cna na nas liczy\u0107 i \u017ce jeste\u015bmy elastyczni, \u017ce nam si\u0119 chce i \u017ce ich b\u0119dziemy wspierali.<\/p>\n\n\n\n<figure class=\"wp-block-gallery has-nested-images columns-default is-cropped wp-block-gallery-3 is-layout-flex wp-block-gallery-is-layout-flex\">\n<figure class=\"wp-block-image size-large\"><a href=\"https:\/\/www.mojekonferencje.pl\/blog\/wp-content\/uploads\/2025\/11\/5.png\"><img loading=\"lazy\" decoding=\"async\" width=\"881\" height=\"704\" data-id=\"8425\" src=\"https:\/\/www.mojekonferencje.pl\/blog\/wp-content\/uploads\/2025\/11\/5.png\" alt=\"\" class=\"wp-image-8425 lazyload\" data-srcset=\"https:\/\/www.mojekonferencje.pl\/blog\/wp-content\/uploads\/2025\/11\/5.png 881w, https:\/\/www.mojekonferencje.pl\/blog\/wp-content\/uploads\/2025\/11\/5-300x240.png 300w, https:\/\/www.mojekonferencje.pl\/blog\/wp-content\/uploads\/2025\/11\/5-768x614.png 768w\" sizes=\"auto\" \/><\/a><\/figure>\n<\/figure>\n\n\n\n<h2 class=\"wp-block-heading\">MK: Hotel M\u0142yn Jacka oferuje bogaty wachlarz atrakcji wellness i rekreacyjnych. Jak wa\u017cne jest dla Was, aby uczestnicy spotka\u0144 biznesowych mogli po\u0142\u0105czy\u0107 prac\u0119 z relaksem i regeneracj\u0105?<\/h2>\n\n\n\n<p><strong>KT:<\/strong> To bardziej pytanie do naszych klient\u00f3w biznesowych, poniewa\u017c to oni przede wszystkim tworz\u0105 agendy pobytowe. Z naszej strony na pewno jest pe\u0142na gotowo\u015b\u0107, by biznes, kt\u00f3ry do nas trafia, mia\u0142 pe\u0142ne zaplecze do zrelaksowania si\u0119 po intensywnym dniu. Wszyscy z bran\u017cy wiemy, \u017ce <strong>wyjazdy firmowe potrafi\u0105 by\u0107 bardzo intensywne<\/strong>. Trzeba w kr\u00f3tkim czasie zmie\u015bci\u0107 sporo element\u00f3w programu, a to przek\u0142ada si\u0119 na ich wysok\u0105 dynamik\u0119 i wydatek energetyczny uczestnik\u00f3w. Bogate zaplecze Wellness pomaga roz\u0142adowa\u0107 emocje, wp\u0142ywa pozytywnie na relacje biznesowe, a to tworzy dodatkow\u0105 warstw\u0119 do\u015bwiadczenia. Chcia\u0142bym r\u00f3wnie\u017c zwr\u00f3ci\u0107 uwag\u0119, \u017ce nasz hotel posiada wysokiej jako\u015bci komor\u0119 normobaryczn\u0105, kt\u00f3ra wspiera min. procesy regeneracji organizmu. Biznes, kt\u00f3ry nas odwiedza cz\u0119sto korzysta te\u017c z dobrodziejstw wspomnianego rozwi\u0105zania.<\/p>\n\n\n\n<h2 class=\"wp-block-heading\">MK: Jakie dzia\u0142ania podejmujecie, aby integracja zespo\u0142\u00f3w podczas pobytu w M\u0142ynie Jacka by\u0142a efektywna i inspiruj\u0105ca? Czy mo\u017cecie podzieli\u0107 si\u0119 przyk\u0142adem szczeg\u00f3lnie udanego team buildingu?<\/h2>\n\n\n\n<p><strong>KT: <\/strong>Opr\u00f3cz hotelu posiadamy tak\u017ce solidn\u0105 mark\u0119 eventow\u0105, czyli <strong>Projekt Efektywny Events&amp;Travel Sp. z o.o<\/strong>. Mamy dzi\u0119ki niej <strong>przesz\u0142o 15 lat do\u015bwiadczenia eventowego<\/strong>. \u0141\u0105czymy potencja\u0142y obu podmiot\u00f3w, by m\u00f3c oferowa\u0107 naszym klientom ciekawe i niezapomniane wyjazdy. Dzi\u0119ki takiemu po\u0142\u0105czeniu mamy, mo\u017cna powiedzie\u0107, <strong>niesko\u0144czone mo\u017cliwo\u015bci w zakresie team buildingu<\/strong>. Wi\u0119cej o opcjach jakie oferujemy mo\u017cna przeczyta\u0107 w <a href=\"https:\/\/www.projektefektywny.pl\/katalog_eventow.pdf\">katalogu event\u00f3w<\/a>. A co do udanych realizacji, to jest ich w ka\u017cdym miesi\u0105cu po kilkana\u015bcie\/kilkadziesi\u0105t. W roku 2025 du\u017cym zainteresowaniem cieszy\u0142y si\u0119 takie bestsellery jak: Zagadka morderstwa w hotel pt.: \u201eKto zabi\u0142 pokoj\u00f3wk\u0119?\u201d, czy te\u017c dynamiczna gra terenowa \u201eLe\u015bne trofea\u201d.<\/p>\n\n\n\n<h2 class=\"wp-block-heading\">MK: W jaki spos\u00f3b \u0142\u0105czenie funkcji hotelu biznesowego i wypoczynkowego pozwala wyr\u00f3\u017cni\u0107 M\u0142yn Jacka na tle innych obiekt\u00f3w konferencyjnych w Ma\u0142opolsce?<\/h2>\n\n\n\n<p><strong>KT:<\/strong> Mo\u017ce w\u0142a\u015bnie w taki, \u017ce wiemy dok\u0142adnie jakiego klienta chcieliby\u015bmy mie\u0107 u siebie i pracujemy w taki spos\u00f3b, by pozyskiwa\u0107 konkretne grupy odbiorc\u00f3w naszych us\u0142ug. Chc\u0119 przez to powiedzie\u0107, \u017ce<strong> nie jeste\u015bmy hotelem, kt\u00f3ry robi wszystko i nic<\/strong>. Jeste\u015bmy miejscem, kt\u00f3re profesjonalnie obs\u0142uguje biznes, a zarazem ma \u015bwiadomo\u015b\u0107, \u017ce klient indywidualny jest dla nas r\u00f3wnie\u017c bardzo wa\u017cny. Mamy jednak \u015bwiadomo\u015b\u0107, \u017ce nie jeste\u015bmy hotelem nad jeziorem, czy te\u017c w g\u00f3rach, nie mamy ciep\u0142ych \u017ar\u00f3de\u0142 i rodziny z dzie\u0107mi nie s\u0105 naszym strategicznym wyborem. Mamy w ostatnim czasie coraz wi\u0119cej ofert dla os\u00f3b doros\u0142ych, np. Sylwester, czy te\u017c pobyty dla Senior\u00f3w.<\/p>\n\n\n\n<figure class=\"wp-block-gallery has-nested-images columns-default is-cropped wp-block-gallery-4 is-layout-flex wp-block-gallery-is-layout-flex\">\n<figure class=\"wp-block-image size-large\"><a href=\"https:\/\/www.mojekonferencje.pl\/blog\/wp-content\/uploads\/2025\/11\/9.jpg\"><img loading=\"lazy\" decoding=\"async\" width=\"1024\" height=\"683\" data-id=\"8426\" src=\"https:\/\/www.mojekonferencje.pl\/blog\/wp-content\/uploads\/2025\/11\/9-1024x683.jpg\" alt=\"\" class=\"wp-image-8426 lazyload\" data-srcset=\"https:\/\/www.mojekonferencje.pl\/blog\/wp-content\/uploads\/2025\/11\/9-1024x683.jpg 1024w, https:\/\/www.mojekonferencje.pl\/blog\/wp-content\/uploads\/2025\/11\/9-300x200.jpg 300w, https:\/\/www.mojekonferencje.pl\/blog\/wp-content\/uploads\/2025\/11\/9-768x512.jpg 768w, https:\/\/www.mojekonferencje.pl\/blog\/wp-content\/uploads\/2025\/11\/9-1536x1025.jpg 1536w, https:\/\/www.mojekonferencje.pl\/blog\/wp-content\/uploads\/2025\/11\/9-2048x1366.jpg 2048w\" sizes=\"auto\" \/><\/a><\/figure>\n<\/figure>\n\n\n\n<figure class=\"wp-block-gallery has-nested-images columns-default is-cropped wp-block-gallery-5 is-layout-flex wp-block-gallery-is-layout-flex\">\n<figure class=\"wp-block-image size-large\"><a href=\"https:\/\/www.mojekonferencje.pl\/blog\/wp-content\/uploads\/2025\/11\/7.jpg\"><img loading=\"lazy\" decoding=\"async\" width=\"1024\" height=\"682\" data-id=\"8427\" src=\"https:\/\/www.mojekonferencje.pl\/blog\/wp-content\/uploads\/2025\/11\/7-1024x682.jpg\" alt=\"\" class=\"wp-image-8427 lazyload\" data-srcset=\"https:\/\/www.mojekonferencje.pl\/blog\/wp-content\/uploads\/2025\/11\/7-1024x682.jpg 1024w, https:\/\/www.mojekonferencje.pl\/blog\/wp-content\/uploads\/2025\/11\/7-300x200.jpg 300w, https:\/\/www.mojekonferencje.pl\/blog\/wp-content\/uploads\/2025\/11\/7-768x512.jpg 768w, https:\/\/www.mojekonferencje.pl\/blog\/wp-content\/uploads\/2025\/11\/7.jpg 1138w\" sizes=\"auto\" \/><\/a><\/figure>\n<\/figure>\n\n\n\n<h2 class=\"wp-block-heading\">MK: Czy mo\u017cecie podzieli\u0107 si\u0119 swoimi przemy\u015bleniami na temat przysz\u0142o\u015bci bran\u017cy konferencyjnej \u2013 co zmieni\u0142o si\u0119 po pandemii, a jakie trendy b\u0119d\u0105 dominowa\u0107 w kolejnych latach?<\/h2>\n\n\n\n<p><strong>KT:<\/strong> W obecnym momencie rynek ustabilizowa\u0142 si\u0119 po okresie pandemii. Natomiast warto zaznaczy\u0107, \u017ce pomimo dynamicznego wzrostu gospodarczego, jaki ma miejsce w naszym kraju, biznes ma coraz wi\u0119ksze koszty funkcjonowania. To sprawia, \u017ce <strong>firmy podchodz\u0105 ostro\u017cniej do wydawania pieni\u0119dzy<\/strong>. \u017byjemy r\u00f3wnie\u017c w okresie wojennym, chodzi tutaj przede wszystkim o konflikty zbrojne, ale r\u00f3wnie\u017c konflikt gospodarczy zachodu ze wschodem. Ka\u017cdy miesi\u0105c to du\u017co zmiennych dla polskiego biznesu i my dobrze rozumiemy t\u0105 sytuacj\u0119. <strong>Jeste\u015bmy realistami, wykonujemy swoj\u0105 prac\u0119 najlepiej jak potrafimy i widzimy \u017ce jeste\u015bmy dzi\u0119ki temu doceniani.<\/strong> My\u015bl\u0119, \u017ce rynek spotka\u0144 nadal b\u0119dzie si\u0119 rozwija\u0142 pomimo wszelkich fluktuacji. Firmy potrzebuj\u0105 wydarze\u0144 zewn\u0119trznych, by wzmacnia\u0107 swoje zespo\u0142y i nadawa\u0107 sens swojemu istnieniu.<\/p>\n\n\n\n<figure class=\"wp-block-gallery has-nested-images columns-default is-cropped wp-block-gallery-6 is-layout-flex wp-block-gallery-is-layout-flex\">\n<figure class=\"wp-block-image size-large\"><a href=\"https:\/\/www.mojekonferencje.pl\/blog\/wp-content\/uploads\/2025\/11\/8.png\"><img loading=\"lazy\" decoding=\"async\" width=\"881\" height=\"704\" data-id=\"8428\" src=\"https:\/\/www.mojekonferencje.pl\/blog\/wp-content\/uploads\/2025\/11\/8.png\" alt=\"\" class=\"wp-image-8428 lazyload\" data-srcset=\"https:\/\/www.mojekonferencje.pl\/blog\/wp-content\/uploads\/2025\/11\/8.png 881w, https:\/\/www.mojekonferencje.pl\/blog\/wp-content\/uploads\/2025\/11\/8-300x240.png 300w, https:\/\/www.mojekonferencje.pl\/blog\/wp-content\/uploads\/2025\/11\/8-768x614.png 768w\" sizes=\"auto\" \/><\/a><\/figure>\n<\/figure>\n\n\n\n<p><\/p>\n","protected":false},"excerpt":{"rendered":"<p>Jak M\u0142yn Jacka przyci\u0105ga firmy i tworzy zapadaj\u0105ce w pami\u0119\u0107 wydarzenia biznesowe? Sprawd\u017a wywiad z Kamilem Tomaszkiem!<\/p>\n","protected":false},"author":9,"featured_media":8422,"comment_status":"closed","ping_status":"closed","sticky":false,"template":"","format":"standard","meta":{"_acf_changed":false,"footnotes":""},"categories":[175,258],"tags":[367,354],"class_list":["post-8421","post","type-post","status-publish","format-standard","has-post-thumbnail","hentry","category-wybieranie-miejsca-konferencyjnego","category-wywiad","tag-hotele","tag-organizacja-wydarzen"],"acf":[],"yoast_head":"<!-- This site is optimized with the Yoast SEO plugin v27.1.1 - https:\/\/yoast.com\/product\/yoast-seo-wordpress\/ -->\n<title>Ten hotel organizuje 470 event\u00f3w rocznie. Jak oni to robi\u0105? Kulisy M\u0142ynu Jacka! - blog | MojeKonferencje.pl<\/title>\n<meta name=\"description\" content=\"Ten hotel organizuje 470 event\u00f3w rocznie. Jak oni to robi\u0105? Kulisy M\u0142ynu Jacka! - blog | MojeKonferencje.pl\" \/>\n<meta name=\"robots\" content=\"index, follow, max-snippet:-1, max-image-preview:large, max-video-preview:-1\" \/>\n<link rel=\"canonical\" href=\"https:\/\/www.mojekonferencje.pl\/blog\/ten-hotel-organizuje-470-eventow-rocznie-jak-oni-to-robia-kulisy-mlynu-jacka\/\" \/>\n<meta property=\"og:locale\" content=\"pl_PL\" \/>\n<meta property=\"og:type\" content=\"article\" \/>\n<meta property=\"og:title\" content=\"Ten hotel organizuje 470 event\u00f3w rocznie. Jak oni to robi\u0105? Kulisy M\u0142ynu Jacka! - blog | MojeKonferencje.pl\" \/>\n<meta property=\"og:description\" content=\"Ten hotel organizuje 470 event\u00f3w rocznie. Jak oni to robi\u0105? Kulisy M\u0142ynu Jacka! - blog | MojeKonferencje.pl\" \/>\n<meta property=\"og:url\" content=\"https:\/\/www.mojekonferencje.pl\/blog\/ten-hotel-organizuje-470-eventow-rocznie-jak-oni-to-robia-kulisy-mlynu-jacka\/\" \/>\n<meta property=\"og:site_name\" content=\"MojeKonferencje.pl\" \/>\n<meta property=\"article:published_time\" content=\"2025-11-24T15:24:02+00:00\" \/>\n<meta property=\"article:modified_time\" content=\"2026-02-09T08:54:25+00:00\" \/>\n<meta property=\"og:image\" content=\"https:\/\/www.mojekonferencje.pl\/blog\/wp-content\/uploads\/2025\/11\/1.jpg\" \/>\n\t<meta property=\"og:image:width\" content=\"1920\" \/>\n\t<meta property=\"og:image:height\" content=\"1077\" \/>\n\t<meta property=\"og:image:type\" content=\"image\/jpeg\" \/>\n<meta name=\"author\" content=\"Olga Stawicka-Iwanowska\" \/>\n<meta name=\"twitter:card\" content=\"summary_large_image\" \/>\n<meta name=\"twitter:label1\" content=\"Napisane przez\" \/>\n\t<meta name=\"twitter:data1\" content=\"Olga Stawicka-Iwanowska\" \/>\n\t<meta name=\"twitter:label2\" content=\"Szacowany czas czytania\" \/>\n\t<meta name=\"twitter:data2\" content=\"10 minut\" \/>\n<script type=\"application\/ld+json\" class=\"yoast-schema-graph\">{\"@context\":\"https:\/\/schema.org\",\"@graph\":[{\"@type\":\"Article\",\"@id\":\"https:\/\/www.mojekonferencje.pl\/blog\/ten-hotel-organizuje-470-eventow-rocznie-jak-oni-to-robia-kulisy-mlynu-jacka\/#article\",\"isPartOf\":{\"@id\":\"https:\/\/www.mojekonferencje.pl\/blog\/ten-hotel-organizuje-470-eventow-rocznie-jak-oni-to-robia-kulisy-mlynu-jacka\/\"},\"author\":{\"name\":\"Olga Stawicka-Iwanowska\",\"@id\":\"https:\/\/www.mojekonferencje.pl\/blog\/#\/schema\/person\/d6751ca3c60de9ec17ee21b744bbb2d4\"},\"headline\":\"Ten hotel organizuje 470 event\u00f3w rocznie. Jak oni to robi\u0105? Kulisy M\u0142ynu Jacka!\",\"datePublished\":\"2025-11-24T15:24:02+00:00\",\"dateModified\":\"2026-02-09T08:54:25+00:00\",\"mainEntityOfPage\":{\"@id\":\"https:\/\/www.mojekonferencje.pl\/blog\/ten-hotel-organizuje-470-eventow-rocznie-jak-oni-to-robia-kulisy-mlynu-jacka\/\"},\"wordCount\":1585,\"image\":{\"@id\":\"https:\/\/www.mojekonferencje.pl\/blog\/ten-hotel-organizuje-470-eventow-rocznie-jak-oni-to-robia-kulisy-mlynu-jacka\/#primaryimage\"},\"thumbnailUrl\":\"https:\/\/www.mojekonferencje.pl\/blog\/wp-content\/uploads\/2025\/11\/1.jpg\",\"keywords\":[\"hotele\",\"organizacja wydarze\u0144\"],\"articleSection\":[\"Wybieranie miejsca konferencyjnego\",\"Wywiad\"],\"inLanguage\":\"pl-PL\"},{\"@type\":\"WebPage\",\"@id\":\"https:\/\/www.mojekonferencje.pl\/blog\/ten-hotel-organizuje-470-eventow-rocznie-jak-oni-to-robia-kulisy-mlynu-jacka\/\",\"url\":\"https:\/\/www.mojekonferencje.pl\/blog\/ten-hotel-organizuje-470-eventow-rocznie-jak-oni-to-robia-kulisy-mlynu-jacka\/\",\"name\":\"Ten hotel organizuje 470 event\u00f3w rocznie. Jak oni to robi\u0105? Kulisy M\u0142ynu Jacka! - blog | MojeKonferencje.pl\",\"isPartOf\":{\"@id\":\"https:\/\/www.mojekonferencje.pl\/blog\/#website\"},\"primaryImageOfPage\":{\"@id\":\"https:\/\/www.mojekonferencje.pl\/blog\/ten-hotel-organizuje-470-eventow-rocznie-jak-oni-to-robia-kulisy-mlynu-jacka\/#primaryimage\"},\"image\":{\"@id\":\"https:\/\/www.mojekonferencje.pl\/blog\/ten-hotel-organizuje-470-eventow-rocznie-jak-oni-to-robia-kulisy-mlynu-jacka\/#primaryimage\"},\"thumbnailUrl\":\"https:\/\/www.mojekonferencje.pl\/blog\/wp-content\/uploads\/2025\/11\/1.jpg\",\"datePublished\":\"2025-11-24T15:24:02+00:00\",\"dateModified\":\"2026-02-09T08:54:25+00:00\",\"author\":{\"@id\":\"https:\/\/www.mojekonferencje.pl\/blog\/#\/schema\/person\/d6751ca3c60de9ec17ee21b744bbb2d4\"},\"description\":\"Ten hotel organizuje 470 event\u00f3w rocznie. Jak oni to robi\u0105? Kulisy M\u0142ynu Jacka! - blog | MojeKonferencje.pl\",\"breadcrumb\":{\"@id\":\"https:\/\/www.mojekonferencje.pl\/blog\/ten-hotel-organizuje-470-eventow-rocznie-jak-oni-to-robia-kulisy-mlynu-jacka\/#breadcrumb\"},\"inLanguage\":\"pl-PL\",\"potentialAction\":[{\"@type\":\"ReadAction\",\"target\":[\"https:\/\/www.mojekonferencje.pl\/blog\/ten-hotel-organizuje-470-eventow-rocznie-jak-oni-to-robia-kulisy-mlynu-jacka\/\"]}]},{\"@type\":\"ImageObject\",\"inLanguage\":\"pl-PL\",\"@id\":\"https:\/\/www.mojekonferencje.pl\/blog\/ten-hotel-organizuje-470-eventow-rocznie-jak-oni-to-robia-kulisy-mlynu-jacka\/#primaryimage\",\"url\":\"https:\/\/www.mojekonferencje.pl\/blog\/wp-content\/uploads\/2025\/11\/1.jpg\",\"contentUrl\":\"https:\/\/www.mojekonferencje.pl\/blog\/wp-content\/uploads\/2025\/11\/1.jpg\",\"width\":1920,\"height\":1077,\"caption\":\"M\u0142yn Jacka\"},{\"@type\":\"BreadcrumbList\",\"@id\":\"https:\/\/www.mojekonferencje.pl\/blog\/ten-hotel-organizuje-470-eventow-rocznie-jak-oni-to-robia-kulisy-mlynu-jacka\/#breadcrumb\",\"itemListElement\":[{\"@type\":\"ListItem\",\"position\":1,\"name\":\"Strona g\u0142\u00f3wna\",\"item\":\"https:\/\/www.mojekonferencje.pl\/blog\/\"},{\"@type\":\"ListItem\",\"position\":2,\"name\":\"Ten hotel organizuje 470 event\u00f3w rocznie. Jak oni to robi\u0105? Kulisy M\u0142ynu Jacka!\"}]},{\"@type\":\"WebSite\",\"@id\":\"https:\/\/www.mojekonferencje.pl\/blog\/#website\",\"url\":\"https:\/\/www.mojekonferencje.pl\/blog\/\",\"name\":\"MojeKonferencje.pl\",\"description\":\"Blog bran\u017cy szkoleniowo-konferencyjnej. W\u0142\u0105cz si\u0119 do dyskusji o obiektach konferencyjnych i nowo\u015bciach z bran\u017cy! Poznaj porady odno\u015bnie organizacji konferencji, szkole\u0144 i event\u00f3w firmowych! Zach\u0119camy do wyra\u017cania opinii oraz komentarzy.\",\"potentialAction\":[{\"@type\":\"SearchAction\",\"target\":{\"@type\":\"EntryPoint\",\"urlTemplate\":\"https:\/\/www.mojekonferencje.pl\/blog\/?s={search_term_string}\"},\"query-input\":{\"@type\":\"PropertyValueSpecification\",\"valueRequired\":true,\"valueName\":\"search_term_string\"}}],\"inLanguage\":\"pl-PL\"},{\"@type\":\"Person\",\"@id\":\"https:\/\/www.mojekonferencje.pl\/blog\/#\/schema\/person\/d6751ca3c60de9ec17ee21b744bbb2d4\",\"name\":\"Olga Stawicka-Iwanowska\",\"description\":\"Head of Marketing z ponad sze\u015bcioletnim do\u015bwiadczeniem w bran\u017cy MICE. Na co dzie\u0144 zajmuje si\u0119 content marketingiem i promocj\u0105 obiekt\u00f3w eventowych, tak aby organizatorzy kongres\u00f3w, targ\u00f3w i konferencji wiedzieli, \u017ce w\u0142a\u015bnie tam warto zrealizowa\u0107 swoje wydarzenie. Prowadzi media spo\u0142eczno\u015bciowe, tworzy strategie komunikacji, pisze artyku\u0142y i dba o sp\u00f3jny wizerunek marki w ka\u017cdym kanale. W swojej pracy \u0142\u0105czy analityczne my\u015blenie z kreatywno\u015bci\u0105 i dobrym copy. Wsp\u00f3\u0142pracuje zar\u00f3wno z organizatorami najwi\u0119kszych wydarze\u0144 w Polsce, jak i z regionalnymi partnerami z bran\u017cy. Po godzinach mi\u0142o\u015bniczka podr\u00f3\u017cy po Europie, dobrej kuchni i klimatycznych miejsc, w kt\u00f3rych mo\u017cna z\u0142apa\u0107 oddech.\",\"sameAs\":[\"http:\/\/MojeKonferencje.pl\",\"https:\/\/www.linkedin.com\/in\/olgastawicka\/\"],\"url\":\"https:\/\/www.mojekonferencje.pl\/blog\/author\/osawicka\/\"}]}<\/script>\n<!-- \/ Yoast SEO plugin. -->","yoast_head_json":{"title":"Ten hotel organizuje 470 event\u00f3w rocznie. Jak oni to robi\u0105? Kulisy M\u0142ynu Jacka! - blog | MojeKonferencje.pl","description":"Ten hotel organizuje 470 event\u00f3w rocznie. Jak oni to robi\u0105? Kulisy M\u0142ynu Jacka! - blog | MojeKonferencje.pl","robots":{"index":"index","follow":"follow","max-snippet":"max-snippet:-1","max-image-preview":"max-image-preview:large","max-video-preview":"max-video-preview:-1"},"canonical":"https:\/\/www.mojekonferencje.pl\/blog\/ten-hotel-organizuje-470-eventow-rocznie-jak-oni-to-robia-kulisy-mlynu-jacka\/","og_locale":"pl_PL","og_type":"article","og_title":"Ten hotel organizuje 470 event\u00f3w rocznie. Jak oni to robi\u0105? Kulisy M\u0142ynu Jacka! - blog | MojeKonferencje.pl","og_description":"Ten hotel organizuje 470 event\u00f3w rocznie. Jak oni to robi\u0105? Kulisy M\u0142ynu Jacka! - blog | MojeKonferencje.pl","og_url":"https:\/\/www.mojekonferencje.pl\/blog\/ten-hotel-organizuje-470-eventow-rocznie-jak-oni-to-robia-kulisy-mlynu-jacka\/","og_site_name":"MojeKonferencje.pl","article_published_time":"2025-11-24T15:24:02+00:00","article_modified_time":"2026-02-09T08:54:25+00:00","og_image":[{"width":1920,"height":1077,"url":"https:\/\/www.mojekonferencje.pl\/blog\/wp-content\/uploads\/2025\/11\/1.jpg","type":"image\/jpeg"}],"author":"Olga Stawicka-Iwanowska","twitter_card":"summary_large_image","twitter_misc":{"Napisane przez":"Olga Stawicka-Iwanowska","Szacowany czas czytania":"10 minut"},"schema":{"@context":"https:\/\/schema.org","@graph":[{"@type":"Article","@id":"https:\/\/www.mojekonferencje.pl\/blog\/ten-hotel-organizuje-470-eventow-rocznie-jak-oni-to-robia-kulisy-mlynu-jacka\/#article","isPartOf":{"@id":"https:\/\/www.mojekonferencje.pl\/blog\/ten-hotel-organizuje-470-eventow-rocznie-jak-oni-to-robia-kulisy-mlynu-jacka\/"},"author":{"name":"Olga Stawicka-Iwanowska","@id":"https:\/\/www.mojekonferencje.pl\/blog\/#\/schema\/person\/d6751ca3c60de9ec17ee21b744bbb2d4"},"headline":"Ten hotel organizuje 470 event\u00f3w rocznie. Jak oni to robi\u0105? Kulisy M\u0142ynu Jacka!","datePublished":"2025-11-24T15:24:02+00:00","dateModified":"2026-02-09T08:54:25+00:00","mainEntityOfPage":{"@id":"https:\/\/www.mojekonferencje.pl\/blog\/ten-hotel-organizuje-470-eventow-rocznie-jak-oni-to-robia-kulisy-mlynu-jacka\/"},"wordCount":1585,"image":{"@id":"https:\/\/www.mojekonferencje.pl\/blog\/ten-hotel-organizuje-470-eventow-rocznie-jak-oni-to-robia-kulisy-mlynu-jacka\/#primaryimage"},"thumbnailUrl":"https:\/\/www.mojekonferencje.pl\/blog\/wp-content\/uploads\/2025\/11\/1.jpg","keywords":["hotele","organizacja wydarze\u0144"],"articleSection":["Wybieranie miejsca konferencyjnego","Wywiad"],"inLanguage":"pl-PL"},{"@type":"WebPage","@id":"https:\/\/www.mojekonferencje.pl\/blog\/ten-hotel-organizuje-470-eventow-rocznie-jak-oni-to-robia-kulisy-mlynu-jacka\/","url":"https:\/\/www.mojekonferencje.pl\/blog\/ten-hotel-organizuje-470-eventow-rocznie-jak-oni-to-robia-kulisy-mlynu-jacka\/","name":"Ten hotel organizuje 470 event\u00f3w rocznie. Jak oni to robi\u0105? Kulisy M\u0142ynu Jacka! - blog | MojeKonferencje.pl","isPartOf":{"@id":"https:\/\/www.mojekonferencje.pl\/blog\/#website"},"primaryImageOfPage":{"@id":"https:\/\/www.mojekonferencje.pl\/blog\/ten-hotel-organizuje-470-eventow-rocznie-jak-oni-to-robia-kulisy-mlynu-jacka\/#primaryimage"},"image":{"@id":"https:\/\/www.mojekonferencje.pl\/blog\/ten-hotel-organizuje-470-eventow-rocznie-jak-oni-to-robia-kulisy-mlynu-jacka\/#primaryimage"},"thumbnailUrl":"https:\/\/www.mojekonferencje.pl\/blog\/wp-content\/uploads\/2025\/11\/1.jpg","datePublished":"2025-11-24T15:24:02+00:00","dateModified":"2026-02-09T08:54:25+00:00","author":{"@id":"https:\/\/www.mojekonferencje.pl\/blog\/#\/schema\/person\/d6751ca3c60de9ec17ee21b744bbb2d4"},"description":"Ten hotel organizuje 470 event\u00f3w rocznie. Jak oni to robi\u0105? Kulisy M\u0142ynu Jacka! - blog | MojeKonferencje.pl","breadcrumb":{"@id":"https:\/\/www.mojekonferencje.pl\/blog\/ten-hotel-organizuje-470-eventow-rocznie-jak-oni-to-robia-kulisy-mlynu-jacka\/#breadcrumb"},"inLanguage":"pl-PL","potentialAction":[{"@type":"ReadAction","target":["https:\/\/www.mojekonferencje.pl\/blog\/ten-hotel-organizuje-470-eventow-rocznie-jak-oni-to-robia-kulisy-mlynu-jacka\/"]}]},{"@type":"ImageObject","inLanguage":"pl-PL","@id":"https:\/\/www.mojekonferencje.pl\/blog\/ten-hotel-organizuje-470-eventow-rocznie-jak-oni-to-robia-kulisy-mlynu-jacka\/#primaryimage","url":"https:\/\/www.mojekonferencje.pl\/blog\/wp-content\/uploads\/2025\/11\/1.jpg","contentUrl":"https:\/\/www.mojekonferencje.pl\/blog\/wp-content\/uploads\/2025\/11\/1.jpg","width":1920,"height":1077,"caption":"M\u0142yn Jacka"},{"@type":"BreadcrumbList","@id":"https:\/\/www.mojekonferencje.pl\/blog\/ten-hotel-organizuje-470-eventow-rocznie-jak-oni-to-robia-kulisy-mlynu-jacka\/#breadcrumb","itemListElement":[{"@type":"ListItem","position":1,"name":"Strona g\u0142\u00f3wna","item":"https:\/\/www.mojekonferencje.pl\/blog\/"},{"@type":"ListItem","position":2,"name":"Ten hotel organizuje 470 event\u00f3w rocznie. Jak oni to robi\u0105? Kulisy M\u0142ynu Jacka!"}]},{"@type":"WebSite","@id":"https:\/\/www.mojekonferencje.pl\/blog\/#website","url":"https:\/\/www.mojekonferencje.pl\/blog\/","name":"MojeKonferencje.pl","description":"Blog bran\u017cy szkoleniowo-konferencyjnej. W\u0142\u0105cz si\u0119 do dyskusji o obiektach konferencyjnych i nowo\u015bciach z bran\u017cy! Poznaj porady odno\u015bnie organizacji konferencji, szkole\u0144 i event\u00f3w firmowych! Zach\u0119camy do wyra\u017cania opinii oraz komentarzy.","potentialAction":[{"@type":"SearchAction","target":{"@type":"EntryPoint","urlTemplate":"https:\/\/www.mojekonferencje.pl\/blog\/?s={search_term_string}"},"query-input":{"@type":"PropertyValueSpecification","valueRequired":true,"valueName":"search_term_string"}}],"inLanguage":"pl-PL"},{"@type":"Person","@id":"https:\/\/www.mojekonferencje.pl\/blog\/#\/schema\/person\/d6751ca3c60de9ec17ee21b744bbb2d4","name":"Olga Stawicka-Iwanowska","description":"Head of Marketing z ponad sze\u015bcioletnim do\u015bwiadczeniem w bran\u017cy MICE. Na co dzie\u0144 zajmuje si\u0119 content marketingiem i promocj\u0105 obiekt\u00f3w eventowych, tak aby organizatorzy kongres\u00f3w, targ\u00f3w i konferencji wiedzieli, \u017ce w\u0142a\u015bnie tam warto zrealizowa\u0107 swoje wydarzenie. Prowadzi media spo\u0142eczno\u015bciowe, tworzy strategie komunikacji, pisze artyku\u0142y i dba o sp\u00f3jny wizerunek marki w ka\u017cdym kanale. W swojej pracy \u0142\u0105czy analityczne my\u015blenie z kreatywno\u015bci\u0105 i dobrym copy. Wsp\u00f3\u0142pracuje zar\u00f3wno z organizatorami najwi\u0119kszych wydarze\u0144 w Polsce, jak i z regionalnymi partnerami z bran\u017cy. Po godzinach mi\u0142o\u015bniczka podr\u00f3\u017cy po Europie, dobrej kuchni i klimatycznych miejsc, w kt\u00f3rych mo\u017cna z\u0142apa\u0107 oddech.","sameAs":["http:\/\/MojeKonferencje.pl","https:\/\/www.linkedin.com\/in\/olgastawicka\/"],"url":"https:\/\/www.mojekonferencje.pl\/blog\/author\/osawicka\/"}]}},"_links":{"self":[{"href":"https:\/\/www.mojekonferencje.pl\/blog\/wp-json\/wp\/v2\/posts\/8421","targetHints":{"allow":["GET"]}}],"collection":[{"href":"https:\/\/www.mojekonferencje.pl\/blog\/wp-json\/wp\/v2\/posts"}],"about":[{"href":"https:\/\/www.mojekonferencje.pl\/blog\/wp-json\/wp\/v2\/types\/post"}],"author":[{"embeddable":true,"href":"https:\/\/www.mojekonferencje.pl\/blog\/wp-json\/wp\/v2\/users\/9"}],"replies":[{"embeddable":true,"href":"https:\/\/www.mojekonferencje.pl\/blog\/wp-json\/wp\/v2\/comments?post=8421"}],"version-history":[{"count":5,"href":"https:\/\/www.mojekonferencje.pl\/blog\/wp-json\/wp\/v2\/posts\/8421\/revisions"}],"predecessor-version":[{"id":9043,"href":"https:\/\/www.mojekonferencje.pl\/blog\/wp-json\/wp\/v2\/posts\/8421\/revisions\/9043"}],"wp:featuredmedia":[{"embeddable":true,"href":"https:\/\/www.mojekonferencje.pl\/blog\/wp-json\/wp\/v2\/media\/8422"}],"wp:attachment":[{"href":"https:\/\/www.mojekonferencje.pl\/blog\/wp-json\/wp\/v2\/media?parent=8421"}],"wp:term":[{"taxonomy":"category","embeddable":true,"href":"https:\/\/www.mojekonferencje.pl\/blog\/wp-json\/wp\/v2\/categories?post=8421"},{"taxonomy":"post_tag","embeddable":true,"href":"https:\/\/www.mojekonferencje.pl\/blog\/wp-json\/wp\/v2\/tags?post=8421"}],"curies":[{"name":"wp","href":"https:\/\/api.w.org\/{rel}","templated":true}]}}