{"id":8431,"date":"2025-11-26T09:00:00","date_gmt":"2025-11-26T07:00:00","guid":{"rendered":"https:\/\/www.mojekonferencje.pl\/blog\/?p=8431"},"modified":"2026-02-03T13:35:29","modified_gmt":"2026-02-03T11:35:29","slug":"najlepsze-restauracje-w-warszawie-na-eventy-integracyjne-i-firmowe","status":"publish","type":"post","link":"https:\/\/www.mojekonferencje.pl\/blog\/najlepsze-restauracje-w-warszawie-na-eventy-integracyjne-i-firmowe\/","title":{"rendered":"Najlepsze restauracje w Warszawie na eventy integracyjne i firmowe"},"content":{"rendered":"\n<p>W Warszawie opr\u00f3cz wyj\u0105tkowych hoteli i obiekt\u00f3w konferencyjnych, nie brakuje tak\u017ce doskona\u0142ych restauracji. W warszawskich restauracjach kr\u00f3luje elegancja i doskona\u0142a kuchnia. Obiekty, kt\u00f3re przedstawimy w tym artykule, s\u0105 doskona\u0142e na organizacj\u0119 <a href=\"https:\/\/www.mojekonferencje.pl\/imprezy-firmowe-warszawa\">event\u00f3w integracyjnych i firmowych w Warszawie<\/a>. Z pewno\u015bci\u0105, firmy, kt\u00f3re wybior\u0105 jest na takie wydarzenia nie po\u017ca\u0142uj\u0105 tej decyzji, Sprawd\u017amy, co dla was przygotowali\u015bmy!<\/p>\n\n\n\n<figure class=\"wp-block-table\"><table class=\"has-fixed-layout\"><tbody><tr><td><a href=\"https:\/\/www.mojekonferencje.pl\/warszawa\/baila-show-dining\">Baila Show&amp;Dining<\/a><\/td><td><a href=\"https:\/\/www.mojekonferencje.pl\/warszawa\/browar-warszawski\">Browar Warszawski<\/a><\/td><\/tr><tr><td><a href=\"https:\/\/www.mojekonferencje.pl\/warszawa\/restauracja-voda\">Restauracja VODA<\/a><\/td><td><a href=\"https:\/\/www.mojekonferencje.pl\/warszawa\/olympic-sky\">Olympic Sky<\/a><\/td><\/tr><tr><td><a href=\"https:\/\/www.mojekonferencje.pl\/warszawa\/willa-ogrodnikow\">Willa Ogrodnik\u00f3w<\/a><\/td><td><a href=\"https:\/\/www.mojekonferencje.pl\/warszawa\/l-osteria-piaseczno-san-park\">L&#8217;Osteria Piaseczno San Park<\/a><\/td><\/tr><tr><td><a href=\"https:\/\/www.mojekonferencje.pl\/warszawa\/restauracja-dock19-by-mateusz-gessler\">Restauracja DOCK19 by Mateusz Gessler<\/a><\/td><td><a href=\"https:\/\/www.mojekonferencje.pl\/warszawa\/zachodni-brzeg-kohana\">Zachodni Brzeg &amp; Kohana<\/a><\/td><\/tr><tr><td><a href=\"https:\/\/www.mojekonferencje.pl\/warszawa\/restauracja-paradiso\">Restauracja Paradiso<\/a><\/td><td><a href=\"https:\/\/www.mojekonferencje.pl\/warszawa\/l-osteria\">L&#8217;Osteria Warszawa Koneser<\/a><\/td><\/tr><\/tbody><\/table><\/figure>\n\n\n\n<h2 class=\"wp-block-heading has-text-align-center\"><a href=\"https:\/\/www.mojekonferencje.pl\/warszawa\/baila-show-dining\"><mark style=\"background-color:rgba(0, 0, 0, 0)\" class=\"has-inline-color has-vivid-purple-color\"><span style=\"text-decoration: underline;\">Baila Show&amp;Dining<\/span><\/mark><\/a><\/h2>\n\n\n\n<p>Propozycj\u0105 wart\u0105 uwagi jest restauracja <strong>Baila Show&amp;Dining<\/strong>. Restauracja mie\u015bci si\u0119 praktycznie w samym centrum Warszawy. W lokalu opr\u00f3cz eleganckiego wystroju wa\u017cn\u0105 rol\u0119 odgrywa muzyka. W restauracji rozbrzmiewaj\u0105 latynoskie rytmy, kt\u00f3re zach\u0119caj\u0105 do wsp\u00f3lnej zabawy. Kr\u00f3luje tutaj <strong>kuchnia inspirowana klimatem Ameryki Po\u0142udniowej<\/strong>. Dania s\u0105 przygotowywane z staranno\u015bci\u0105, zachwycaj\u0105 wygl\u0105dem i smakiem. Dla go\u015bci biznesowych dost\u0119pne jest natomiast <strong>600 mkw. powierzchni eventowej<\/strong>.<\/p>\n\n\n\n<p>Lokal mo\u017ce pomie\u015bci\u0107 a\u017c <strong>200 miejsc siedz\u0105cych i 400 stoj\u0105cych<\/strong>. Dzi\u0119ki temu mo\u017cliwa jest organizacja du\u017cych spotka\u0144 biznesowych jak i kameralnych konferencji. Dodatkowo obiekt oferuje <strong>oddzieln\u0105 lo\u017ce dla 30 os\u00f3b<\/strong>, kt\u00f3re preferuj\u0105 prywatn\u0105 przestrze\u0144. Lo\u017ce wyposa\u017cone s\u0105 w miejsca siedz\u0105ce i maj\u0105 dobr\u0105 widoczno\u015b\u0107 na scen\u0119. <strong>Balia Show Dining <\/strong>ma tak\u017ce <strong>osobn\u0105 sal\u0119 z barem<\/strong>, kt\u00f3ra pomie\u015bci do 30 os\u00f3b. Wszystko to sprawia, \u017ce restauracja idealne sprawdzi si\u0119 na pracownicze eventy integracyjne w Warszawie.<\/p>\n\n\n\n<figure class=\"wp-block-image size-large\"><a href=\"https:\/\/www.mojekonferencje.pl\/blog\/wp-content\/uploads\/2025\/11\/zdjecia-baila-warszawa-baila-warsaw-wnetrza-restauracja-warszawa-restauracja-centrum-warszawy-browary-warszawskie-grzybowska-lunch-w-warszawie-impreza-firmowa-warszawa-eventy-dla-firm.jpg\"><img loading=\"lazy\" decoding=\"async\" width=\"1024\" height=\"683\" src=\"https:\/\/www.mojekonferencje.pl\/blog\/wp-content\/uploads\/2025\/11\/zdjecia-baila-warszawa-baila-warsaw-wnetrza-restauracja-warszawa-restauracja-centrum-warszawy-browary-warszawskie-grzybowska-lunch-w-warszawie-impreza-firmowa-warszawa-eventy-dla-firm-1024x683.jpg\" alt=\"\" class=\"wp-image-8441 lazyload\" data-srcset=\"https:\/\/www.mojekonferencje.pl\/blog\/wp-content\/uploads\/2025\/11\/zdjecia-baila-warszawa-baila-warsaw-wnetrza-restauracja-warszawa-restauracja-centrum-warszawy-browary-warszawskie-grzybowska-lunch-w-warszawie-impreza-firmowa-warszawa-eventy-dla-firm-1024x683.jpg 1024w, https:\/\/www.mojekonferencje.pl\/blog\/wp-content\/uploads\/2025\/11\/zdjecia-baila-warszawa-baila-warsaw-wnetrza-restauracja-warszawa-restauracja-centrum-warszawy-browary-warszawskie-grzybowska-lunch-w-warszawie-impreza-firmowa-warszawa-eventy-dla-firm-300x200.jpg 300w, https:\/\/www.mojekonferencje.pl\/blog\/wp-content\/uploads\/2025\/11\/zdjecia-baila-warszawa-baila-warsaw-wnetrza-restauracja-warszawa-restauracja-centrum-warszawy-browary-warszawskie-grzybowska-lunch-w-warszawie-impreza-firmowa-warszawa-eventy-dla-firm-768x512.jpg 768w, https:\/\/www.mojekonferencje.pl\/blog\/wp-content\/uploads\/2025\/11\/zdjecia-baila-warszawa-baila-warsaw-wnetrza-restauracja-warszawa-restauracja-centrum-warszawy-browary-warszawskie-grzybowska-lunch-w-warszawie-impreza-firmowa-warszawa-eventy-dla-firm-1536x1024.jpg 1536w, https:\/\/www.mojekonferencje.pl\/blog\/wp-content\/uploads\/2025\/11\/zdjecia-baila-warszawa-baila-warsaw-wnetrza-restauracja-warszawa-restauracja-centrum-warszawy-browary-warszawskie-grzybowska-lunch-w-warszawie-impreza-firmowa-warszawa-eventy-dla-firm.jpg 1920w\" sizes=\"auto\" \/><\/a><\/figure>\n\n\n\n<h2 class=\"wp-block-heading has-text-align-center\"><a href=\"https:\/\/www.mojekonferencje.pl\/warszawa\/browar-warszawski\"><mark style=\"background-color:rgba(0, 0, 0, 0)\" class=\"has-inline-color has-vivid-purple-color\"><span style=\"text-decoration: underline;\">Browar Warszawski<\/span><\/mark><\/a><\/h2>\n\n\n\n<p>Kolejnym obiektem jest <strong>Browar Warszawski<\/strong>. Centralnym miejscem obiektu jest <strong>Stara Warzelnia<\/strong> \u2013 loftowa przestrze\u0144 z ceglanymi \u015bcianami, wysokim sufitem i efektownym barem, doskona\u0142a na gale, bankiety i konferencje. W zale\u017cno\u015bci od ustawienia sto\u0142\u00f3w <strong>pomie\u015bci od 120 do 190 os\u00f3b<\/strong>, a w <strong>uk\u0142adzie teatralnym do 120 <\/strong>go\u015bci.<br>Druga cz\u0119\u015b\u0107 obiektu to <strong>wielopoziomowa przestrze\u0144 restauracyjna<\/strong>. Poziom 0 z industrialnym barem \u015bwietnie sprawdza si\u0119 na koktajle i spotkania networkingowe. Natomiast trzy wy\u017csze kondygnacje zapewniaj\u0105 elastyczno\u015b\u0107 w organizacji kolacji i kameralnych event\u00f3w. <strong>Sala Cosmos mie\u015bci do 25 os\u00f3b, Sala Sk\u00f3rzana do 40 os\u00f3b, a przestrze\u0144 na 1. pi\u0119trze<\/strong> oferuje strefy dla 25 i 60 go\u015bci.<\/p>\n\n\n\n<p><strong>Browar Warszawski<\/strong> oferuje tak\u017ce piwne atrakcje idealne na integracje, w tym warsztaty warzenia piwa i degustacje prowadzone przez do\u015bwiadczonych piwowar\u00f3w. <strong>Profesjonalny zesp\u00f3\u0142 Event Manager\u00f3w <\/strong>zapewnia kompleksow\u0105 organizacj\u0119 wydarze\u0144, wsp\u00f3\u0142pracuj\u0105c ze sprawdzonymi podwykonawcami w zakresie muzyki, dekoracji, fotografii i scenografii. To idealne miejsce dla firm poszukuj\u0105cych klimatycznej, industrialnej przestrzeni w centrum miasta,<\/p>\n\n\n\n<figure class=\"wp-block-image size-full\"><a href=\"https:\/\/www.mojekonferencje.pl\/blog\/wp-content\/uploads\/2025\/11\/dsc06075-hdr-960x580-1.webp\"><img loading=\"lazy\" decoding=\"async\" width=\"960\" height=\"580\" src=\"https:\/\/www.mojekonferencje.pl\/blog\/wp-content\/uploads\/2025\/11\/dsc06075-hdr-960x580-1.webp\" alt=\"\" class=\"wp-image-8432 lazyload\" data-srcset=\"https:\/\/www.mojekonferencje.pl\/blog\/wp-content\/uploads\/2025\/11\/dsc06075-hdr-960x580-1.webp 960w, https:\/\/www.mojekonferencje.pl\/blog\/wp-content\/uploads\/2025\/11\/dsc06075-hdr-960x580-1-300x181.webp 300w, https:\/\/www.mojekonferencje.pl\/blog\/wp-content\/uploads\/2025\/11\/dsc06075-hdr-960x580-1-768x464.webp 768w\" sizes=\"auto\" \/><\/a><\/figure>\n\n\n\n<h2 class=\"wp-block-heading has-text-align-center\"><a href=\"https:\/\/www.mojekonferencje.pl\/warszawa\/restauracja-voda\"><mark style=\"background-color:rgba(0, 0, 0, 0)\" class=\"has-inline-color has-vivid-purple-color\"><span style=\"text-decoration: underline;\">Restauracja VODA<\/span><\/mark><\/a><\/h2>\n\n\n\n<p>Nast\u0119pna propozycja to <strong>Restauracja VODA<\/strong>. Jest to nowoczesne i eleganckie miejsce nad Wis\u0142\u0105, kt\u00f3re idealnie sprawdza si\u0119 na firmowe eventy, spotkania integracyjne i uroczyste kolacje. Restauracja zlokalizowana jest w budynku The Tides.<strong> Oferuje 450 mkw. przestronnego wn\u0119trza oraz 500 mkw. ogrodu<\/strong> z pi\u0119knym widokiem na rzek\u0119 i Stadion Narodowy, dzi\u0119ki czemu ka\u017cde wydarzenie zyskuje wyj\u0105tkow\u0105 opraw\u0119.<\/p>\n\n\n\n<p>Co wi\u0119cej, <strong>miejsce to pe\u0142ni rol\u0119 centrum kultury<\/strong> &#8211; odbywaj\u0105 si\u0119 tu wystawy, koncerty i kreatywne warsztaty, dzi\u0119ki czemu eventy zyskuj\u0105 dodatkowy, inspiruj\u0105cy charakter.<br><strong>Kuchnia VODA<\/strong> opiera si\u0119 na sezonowych sk\u0142adnikach i prostych, ale przemy\u015blanych po\u0142\u0105czeniach smakowych. Szefowie kuchni stawiaj\u0105 na kreatywno\u015b\u0107, a profesjonalny serwis dba o komfort go\u015bci, co sprawia, \u017ce ka\u017cde wydarzenie jest dopracowane w ka\u017cdym detalu.<\/p>\n\n\n\n<figure class=\"wp-block-image size-full\"><a href=\"https:\/\/www.mojekonferencje.pl\/blog\/wp-content\/uploads\/2025\/11\/468295964-17871320955238349-895449167877637581-n-960x580-1.webp\"><img loading=\"lazy\" decoding=\"async\" width=\"960\" height=\"580\" src=\"https:\/\/www.mojekonferencje.pl\/blog\/wp-content\/uploads\/2025\/11\/468295964-17871320955238349-895449167877637581-n-960x580-1.webp\" alt=\"\" class=\"wp-image-8433 lazyload\" data-srcset=\"https:\/\/www.mojekonferencje.pl\/blog\/wp-content\/uploads\/2025\/11\/468295964-17871320955238349-895449167877637581-n-960x580-1.webp 960w, https:\/\/www.mojekonferencje.pl\/blog\/wp-content\/uploads\/2025\/11\/468295964-17871320955238349-895449167877637581-n-960x580-1-300x181.webp 300w, https:\/\/www.mojekonferencje.pl\/blog\/wp-content\/uploads\/2025\/11\/468295964-17871320955238349-895449167877637581-n-960x580-1-768x464.webp 768w\" sizes=\"auto\" \/><\/a><\/figure>\n\n\n\n<h2 class=\"wp-block-heading has-text-align-center\"><a href=\"https:\/\/www.mojekonferencje.pl\/warszawa\/olympic-sky\"><mark style=\"background-color:rgba(0, 0, 0, 0)\" class=\"has-inline-color has-vivid-purple-color\"><span style=\"text-decoration: underline;\">Olympic Sky<\/span><\/mark><\/a><\/h2>\n\n\n\n<p>Kolejn\u0105 opcj\u0105 jest <strong>Olympic Sky<\/strong>. Jest to elegancka restauracja i nowoczesna przestrze\u0144 eventowa na najwy\u017cszym pi\u0119trze Centrum Olimpijskiego. Serwuje <strong>nowoczesn\u0105 polsk\u0105 kuchni\u0119 z europejskimi akcentami,<\/strong> opart\u0105 na \u015bwie\u017cych, starannie wybranych produktach. Wn\u0119trza s\u0105 jasne, przyjazne i pe\u0142ne naturalnych materia\u0142\u00f3w. Widok na Wis\u0142\u0119 i ziele\u0144 K\u0119py Potockiej dodaje miejscu wyj\u0105tkowego klimatu.<\/p>\n\n\n\n<p>Obiekt oferuje du\u017ce mo\u017cliwo\u015bci organizacji wydarze\u0144. G\u0142\u00f3wna sala konferencyjna <strong>ma 390 mkw i mie\u015bci do 400 os\u00f3b<\/strong>. <strong>Restauracja przyjmuje 88 go\u015bci zasiadanych lub 150 w ustawieniu koktajlowym<\/strong>. Dost\u0119pne s\u0105 tak\u017ce dwie sale VIP, sala kinowa, galeria, foyer oraz ogr\u00f3d o powierzchni 6000 mkw. Wszystkie przestrzenie s\u0105 w pe\u0142ni wyposa\u017cone technicznie.<br><strong>Olympic Sky<\/strong> organizuje konferencje, eventy firmowe, bankiety oraz uroczysto\u015bci rodzinne. To idealne miejsce na wydarzenia, kt\u00f3re \u0142\u0105cz\u0105 dobr\u0105 kuchni\u0119, pi\u0119kne wn\u0119trza i profesjonaln\u0105 obs\u0142ug\u0119.<\/p>\n\n\n\n<figure class=\"wp-block-image size-full\"><a href=\"https:\/\/www.mojekonferencje.pl\/blog\/wp-content\/uploads\/2025\/11\/post-pion-8-5x11-4358-960x580-1.webp\"><img loading=\"lazy\" decoding=\"async\" width=\"960\" height=\"580\" src=\"https:\/\/www.mojekonferencje.pl\/blog\/wp-content\/uploads\/2025\/11\/post-pion-8-5x11-4358-960x580-1.webp\" alt=\"\" class=\"wp-image-8434 lazyload\" data-srcset=\"https:\/\/www.mojekonferencje.pl\/blog\/wp-content\/uploads\/2025\/11\/post-pion-8-5x11-4358-960x580-1.webp 960w, https:\/\/www.mojekonferencje.pl\/blog\/wp-content\/uploads\/2025\/11\/post-pion-8-5x11-4358-960x580-1-300x181.webp 300w, https:\/\/www.mojekonferencje.pl\/blog\/wp-content\/uploads\/2025\/11\/post-pion-8-5x11-4358-960x580-1-768x464.webp 768w\" sizes=\"auto\" \/><\/a><\/figure>\n\n\n\n<h2 class=\"wp-block-heading has-text-align-center\"><a href=\"https:\/\/www.mojekonferencje.pl\/warszawa\/willa-ogrodnikow\"><mark style=\"background-color:rgba(0, 0, 0, 0)\" class=\"has-inline-color has-vivid-purple-color\"><span style=\"text-decoration: underline;\">Willa Ogrodnik\u00f3w<\/span><\/mark><\/a><\/h2>\n\n\n\n<p>Warto tak\u017ce wspomnie\u0107 o restauracji <strong>Willa Ogrodnik\u00f3w<\/strong>. Jest to restauracja na warszawskiej Woli, mieszcz\u0105ca si\u0119 w zabytkowej, ponad 100-letniej willi, \u0142\u0105cz\u0105cej historyczny klimat z nowoczesn\u0105 elegancj\u0105. Oferuje <strong>przestronn\u0105 sal\u0119 dla 50 os\u00f3b, sal\u0119 VIP dla 8 os\u00f3b<\/strong> oraz letnie werandy na mniejsze przyj\u0119cia. Mo\u017cliwy jest wynajem ca\u0142ego pi\u0119tra lub ca\u0142ej restauracji, a sale wyposa\u017cone s\u0105 w projektor i udogodnienia dla os\u00f3b z niepe\u0142nosprawno\u015bciami.<\/p>\n\n\n\n<p><strong>Kuchnia Willi Ogrodnik\u00f3w<\/strong> to autorskie interpretacje smak\u00f3w po\u0142udnia Europy, Ba\u0142kan\u00f3w i Bliskiego Wschodu, w tym owoce morza, tatar wo\u0142owy i czekoladowy fondant. Dope\u0142nieniem s\u0105 starannie dobrane wina, rzemie\u015blnicze piwa i \u015bwie\u017co palona kawa.<\/p>\n\n\n\n<p><strong>Restauracja oferuje tak\u017ce atrakcje na eventy<\/strong> &#8211; muzyk\u0119 na \u017cywo, DJ-a, warsztaty, iluzjonist\u00f3w czy personalizowane gad\u017cety, dzi\u0119ki czemu ka\u017cde wydarzenie jest wyj\u0105tkowe. To idealne miejsce na rodzinne przyj\u0119cia i spotkania firmowe w klimatycznej, historycznej przestrzeni.<\/p>\n\n\n\n<figure class=\"wp-block-image size-full\"><a href=\"https:\/\/www.mojekonferencje.pl\/blog\/wp-content\/uploads\/2025\/11\/20d923c0-5ac1-4895-94e3-f6ebe29990de-960x580-1.webp\"><img loading=\"lazy\" decoding=\"async\" width=\"960\" height=\"580\" src=\"https:\/\/www.mojekonferencje.pl\/blog\/wp-content\/uploads\/2025\/11\/20d923c0-5ac1-4895-94e3-f6ebe29990de-960x580-1.webp\" alt=\"\" class=\"wp-image-8435 lazyload\" data-srcset=\"https:\/\/www.mojekonferencje.pl\/blog\/wp-content\/uploads\/2025\/11\/20d923c0-5ac1-4895-94e3-f6ebe29990de-960x580-1.webp 960w, https:\/\/www.mojekonferencje.pl\/blog\/wp-content\/uploads\/2025\/11\/20d923c0-5ac1-4895-94e3-f6ebe29990de-960x580-1-300x181.webp 300w, https:\/\/www.mojekonferencje.pl\/blog\/wp-content\/uploads\/2025\/11\/20d923c0-5ac1-4895-94e3-f6ebe29990de-960x580-1-768x464.webp 768w\" sizes=\"auto\" \/><\/a><\/figure>\n\n\n\n<h2 class=\"wp-block-heading has-text-align-center\"><a href=\"https:\/\/www.mojekonferencje.pl\/warszawa\/l-osteria-piaseczno-san-park\"><mark style=\"background-color:rgba(0, 0, 0, 0)\" class=\"has-inline-color has-vivid-purple-color\"><span style=\"text-decoration: underline;\">L&#8217;Osteria Piaseczno San Park<\/span><\/mark><\/a><\/h2>\n\n\n\n<p>Kolejn\u0105 opcj\u0105 jest<strong> L\u2019Osteria Piaseczno San Park<\/strong>. Jest to restauracja w Piasecznie, niedaleko Warszawy, s\u0142yn\u0105ca z w\u0142oskiej kuchni i wysokiej jako\u015bci da\u0144. Specjalno\u015bci\u0105 lokalu jest chrupi\u0105ca pizza na cienkim cie\u015bcie oraz \u015bwie\u017ce makarony d\u2019amore. Menu uzupe\u0142niaj\u0105 antipasti, sa\u0142atki, desery i sezonowe propozycje, przygotowywane na bie\u017c\u0105co w otwartej kuchni.<br>Wn\u0119trza \u0142\u0105cz\u0105 nowoczesny styl z <strong>w\u0142osk\u0105 przytulno\u015bci\u0105<\/strong>, tworz\u0105c idealne miejsce na rodzinne obiady, spotkania z przyjaci\u00f3\u0142mi czy romantyczne kolacje. Restauracja oferuje przestrze\u0144 eventow\u0105 odpowiedni\u0105 do organizacji wesel, chrzcin, urodzin, imprez firmowych, kolacji \u015bwi\u0105tecznych, a tak\u017ce mniejszych konferencji, prezentacji i warsztat\u00f3w.<br>Dzi\u0119ki elastycznemu uk\u0142adowi wn\u0119trza i profesjonalnej obs\u0142udze, ka\u017cde wydarzenie w <strong>L\u2019Osteria Piaseczno San Park <\/strong>odbywa si\u0119 w przyjaznej i wyj\u0105tkowej atmosferze. Go\u015bcie mog\u0105 cieszy\u0107 si\u0119 prawdziwym w\u0142oskim smakiem w komfortowym otoczeniu.<\/p>\n\n\n\n<figure class=\"wp-block-image size-full\"><a href=\"https:\/\/www.mojekonferencje.pl\/blog\/wp-content\/uploads\/2025\/11\/465960475-17904989772060129-7232561458729533140-n-960x580-1.webp\"><img loading=\"lazy\" decoding=\"async\" width=\"960\" height=\"580\" src=\"https:\/\/www.mojekonferencje.pl\/blog\/wp-content\/uploads\/2025\/11\/465960475-17904989772060129-7232561458729533140-n-960x580-1.webp\" alt=\"\" class=\"wp-image-8436 lazyload\" data-srcset=\"https:\/\/www.mojekonferencje.pl\/blog\/wp-content\/uploads\/2025\/11\/465960475-17904989772060129-7232561458729533140-n-960x580-1.webp 960w, https:\/\/www.mojekonferencje.pl\/blog\/wp-content\/uploads\/2025\/11\/465960475-17904989772060129-7232561458729533140-n-960x580-1-300x181.webp 300w, https:\/\/www.mojekonferencje.pl\/blog\/wp-content\/uploads\/2025\/11\/465960475-17904989772060129-7232561458729533140-n-960x580-1-768x464.webp 768w\" sizes=\"auto\" \/><\/a><\/figure>\n\n\n\n<h2 class=\"wp-block-heading has-text-align-center\"><a href=\"https:\/\/www.mojekonferencje.pl\/warszawa\/restauracja-dock19-by-mateusz-gessler\"><mark style=\"background-color:rgba(0, 0, 0, 0)\" class=\"has-inline-color has-vivid-purple-color\"><span style=\"text-decoration: underline;\">Restauracja DOCK19 by Mateusz Gessler<\/span><\/mark><\/a><\/h2>\n\n\n\n<figure class=\"wp-block-image size-full\"><a href=\"https:\/\/www.mojekonferencje.pl\/blog\/wp-content\/uploads\/2025\/11\/img-6621-960x580-1.webp\"><img loading=\"lazy\" decoding=\"async\" width=\"960\" height=\"580\" src=\"https:\/\/www.mojekonferencje.pl\/blog\/wp-content\/uploads\/2025\/11\/img-6621-960x580-1.webp\" alt=\"\" class=\"wp-image-8437 lazyload\" data-srcset=\"https:\/\/www.mojekonferencje.pl\/blog\/wp-content\/uploads\/2025\/11\/img-6621-960x580-1.webp 960w, https:\/\/www.mojekonferencje.pl\/blog\/wp-content\/uploads\/2025\/11\/img-6621-960x580-1-300x181.webp 300w, https:\/\/www.mojekonferencje.pl\/blog\/wp-content\/uploads\/2025\/11\/img-6621-960x580-1-768x464.webp 768w\" sizes=\"auto\" \/><\/a><\/figure>\n\n\n\n<h2 class=\"wp-block-heading has-text-align-center\"><a href=\"https:\/\/www.mojekonferencje.pl\/warszawa\/zachodni-brzeg-kohana\"><mark style=\"background-color:rgba(0, 0, 0, 0)\" class=\"has-inline-color has-vivid-purple-color\"><span style=\"text-decoration: underline;\">Zachodni Brzeg &amp; Kohana<\/span><\/mark><\/a><\/h2>\n\n\n\n<p>Nad brzegiem Wis\u0142y, w presti\u017cowym budynku <strong>The Tides<\/strong>, znajduj\u0105 si\u0119 dwie wyj\u0105tkowe restauracje \u2013 <strong>Zachodni Brzeg i K\u014dHANA Rum &amp; Kitchen<\/strong>. Obie zapewniaj\u0105 nowoczesny design z klimatycznym charakterem wn\u0119trz oraz oferuj\u0105 niepowtarzalny widok na rzek\u0119, tworz\u0105c idealne miejsce na kameralne spotkania, przyj\u0119cia firmowe czy wi\u0119ksze eventy.<\/p>\n\n\n\n<p><strong>Restauracja Zachodni Brzeg<\/strong> specjalizuje si\u0119 w kuchni izraelsko-palesty\u0144skiej, oferuj\u0105c autentyczne smaki Bliskiego Wschodu przygotowane ze \u015bwie\u017cych, wysokiej jako\u015bci sk\u0142adnik\u00f3w. <strong>K\u014dHANA Rum &amp; Kitchen<\/strong> to stylowy koncept \u0142\u0105cz\u0105cy egzotyczne smaki Meksyku, Hawaj\u00f3w i Karaib\u00f3w z szerokim wyborem rum\u00f3w, kt\u00f3re zachwyc\u0105 koneser\u00f3w.<\/p>\n\n\n\n<p><strong>Przestrzenie obu lokali mo\u017cna \u0142\u0105czy\u0107<\/strong>, tworz\u0105c <strong>wi\u0119ksz\u0105 sal\u0119 eventow\u0105<\/strong>, co pozwala organizowa\u0107 bankiety, szkolenia, imprezy okoliczno\u015bciowe, koncerty czy wieczory tematyczne. S\u0105 to doskona\u0142e restauracje w Warszawie na bankiety i restauracje. <\/p>\n\n\n\n<figure class=\"wp-block-image size-full\"><a href=\"https:\/\/www.mojekonferencje.pl\/blog\/wp-content\/uploads\/2025\/11\/463490010-18306225187164102-3257556628601970283-n-960x580-1.webp\"><img loading=\"lazy\" decoding=\"async\" width=\"960\" height=\"580\" src=\"https:\/\/www.mojekonferencje.pl\/blog\/wp-content\/uploads\/2025\/11\/463490010-18306225187164102-3257556628601970283-n-960x580-1.webp\" alt=\"\" class=\"wp-image-8438 lazyload\" data-srcset=\"https:\/\/www.mojekonferencje.pl\/blog\/wp-content\/uploads\/2025\/11\/463490010-18306225187164102-3257556628601970283-n-960x580-1.webp 960w, https:\/\/www.mojekonferencje.pl\/blog\/wp-content\/uploads\/2025\/11\/463490010-18306225187164102-3257556628601970283-n-960x580-1-300x181.webp 300w, https:\/\/www.mojekonferencje.pl\/blog\/wp-content\/uploads\/2025\/11\/463490010-18306225187164102-3257556628601970283-n-960x580-1-768x464.webp 768w\" sizes=\"auto\" \/><\/a><\/figure>\n\n\n\n<h2 class=\"wp-block-heading has-text-align-center\"><a href=\"https:\/\/www.mojekonferencje.pl\/warszawa\/restauracja-paradiso\"><mark style=\"background-color:rgba(0, 0, 0, 0)\" class=\"has-inline-color has-vivid-purple-color\"><span style=\"text-decoration: underline;\">Restauracja Paradiso<\/span><\/mark><\/a><\/h2>\n\n\n\n<p>W samym centrum Warszawy, w odrestaurowanej Fabryce Norblina, znajduje si\u0119<strong> Restauracja Paradiso<\/strong>. Miejsce to idealnie sprawdza si\u0119 zar\u00f3wno na spotkania biznesowe, jak i imprezy firmowe czy uroczysto\u015bci rodzinne, <strong>mieszcz\u0105c do 130 go\u015bci<\/strong>.<br><strong>Kuchnia Paradiso<\/strong> to kuchnia azjatycka fusion, w kt\u00f3rej tradycje r\u00f3\u017cnych region\u00f3w \u015bwiata zapewniaj\u0105 zaskakuj\u0105ce po\u0142\u0105czenia smak\u00f3w. Autorskie koktajle stanowi\u0105 doskona\u0142e uzupe\u0142nienie kulinarnej oferty. Dodatkowo, dla wi\u0119kszych grup dost\u0119pne jest <strong>specjalne menu<\/strong>, dopasowane do r\u00f3\u017cnorodnych preferencji i potrzeb dietetycznych.<br>Dzi\u0119ki po\u0142\u0105czeniu pysznego jedzenia, przyjemnej atmosfery i wyj\u0105tkowych wn\u0119trz, <strong>Restauracja Paradiso<\/strong> tworzy idealne warunki do organizacji ka\u017cdego wydarzenia.<\/p>\n\n\n\n<figure class=\"wp-block-image size-full\"><a href=\"https:\/\/www.mojekonferencje.pl\/blog\/wp-content\/uploads\/2025\/11\/453843500-17970617561765800-6336890055308873959-n-960x580-1.webp\"><img loading=\"lazy\" decoding=\"async\" width=\"960\" height=\"580\" src=\"https:\/\/www.mojekonferencje.pl\/blog\/wp-content\/uploads\/2025\/11\/453843500-17970617561765800-6336890055308873959-n-960x580-1.webp\" alt=\"\" class=\"wp-image-8439 lazyload\" data-srcset=\"https:\/\/www.mojekonferencje.pl\/blog\/wp-content\/uploads\/2025\/11\/453843500-17970617561765800-6336890055308873959-n-960x580-1.webp 960w, https:\/\/www.mojekonferencje.pl\/blog\/wp-content\/uploads\/2025\/11\/453843500-17970617561765800-6336890055308873959-n-960x580-1-300x181.webp 300w, https:\/\/www.mojekonferencje.pl\/blog\/wp-content\/uploads\/2025\/11\/453843500-17970617561765800-6336890055308873959-n-960x580-1-768x464.webp 768w\" sizes=\"auto\" \/><\/a><\/figure>\n\n\n\n<h2 class=\"wp-block-heading has-text-align-center\"><a href=\"https:\/\/www.mojekonferencje.pl\/warszawa\/l-osteria\"><mark style=\"background-color:rgba(0, 0, 0, 0)\" class=\"has-inline-color has-vivid-purple-color\"><span style=\"text-decoration: underline;\">L&#8217;Osteria Warszawa Koneser<\/span><\/mark><\/a><\/h2>\n\n\n\n<p>W Warszawie, w nowoczesnym i przestronnym wn\u0119trzu, mie\u015bci si\u0119 <strong>restauracja L\u2019Osteria<\/strong>, znana z najlepszej pizzy i \u015bwie\u017cych makaron\u00f3w d\u2019amore. Wysokie sufity, du\u017ce okna i stylowe lampy tworz\u0105 jasn\u0105 atmosfer\u0119, idealn\u0105 zar\u00f3wno na codzienne posi\u0142ki, jak i wyj\u0105tkowe okazje.<\/p>\n\n\n\n<p><strong>Restauracja<\/strong> doskonale sprawdza si\u0119 przy organizacji r\u00f3\u017cnych wydarze\u0144 \u2013 od uroczysto\u015bci rodzinnych, urodzin i imprez firmowych, po mniejsze konferencje i prezentacje. Wn\u0119trze mo\u017cna elastycznie aran\u017cowa\u0107, <strong>mieszcz\u0105c do 180 os\u00f3b przy sto\u0142ach lub 250 os\u00f3b w ustawieniu stoj\u0105cym<\/strong>. Do dyspozycji go\u015bci jest tak\u017ce <strong>profesjonalny sprz\u0119t<\/strong>, a tak\u017ce miejsce dla DJ-a lub muzyki na \u017cywo.<\/p>\n\n\n\n<p><strong>Menu L\u2019Osteria oferuje w\u0142oskie klasyki<\/strong> &#8211; chrupi\u0105c\u0105 pizz\u0119, \u015bwie\u017cy makaron al dente, antipasti, sa\u0142atki, desery i sezonowe specja\u0142y. Makaron pochodzi z w\u0142asnej fabryki w Norymberdze. Wszystkie dania przygotowywane s\u0105 na bie\u017c\u0105co w otwartej kuchni, co pozwala go\u015bciom obserwowa\u0107 pasj\u0119 i kunszt kucharzy. To miejsce, w kt\u00f3rym w\u0142oska kuchnia \u0142\u0105czy si\u0119 z przyjazn\u0105, nowoczesn\u0105 atmosfer\u0105, tworz\u0105c idealne warunki do ka\u017cdego wydarzenia.<\/p>\n\n\n\n<figure class=\"wp-block-image size-full\"><a href=\"https:\/\/www.mojekonferencje.pl\/blog\/wp-content\/uploads\/2025\/11\/5-i7a6442-1-960x580-1.webp\"><img loading=\"lazy\" decoding=\"async\" width=\"960\" height=\"580\" src=\"https:\/\/www.mojekonferencje.pl\/blog\/wp-content\/uploads\/2025\/11\/5-i7a6442-1-960x580-1.webp\" alt=\"\" class=\"wp-image-8440 lazyload\" data-srcset=\"https:\/\/www.mojekonferencje.pl\/blog\/wp-content\/uploads\/2025\/11\/5-i7a6442-1-960x580-1.webp 960w, https:\/\/www.mojekonferencje.pl\/blog\/wp-content\/uploads\/2025\/11\/5-i7a6442-1-960x580-1-300x181.webp 300w, https:\/\/www.mojekonferencje.pl\/blog\/wp-content\/uploads\/2025\/11\/5-i7a6442-1-960x580-1-768x464.webp 768w\" sizes=\"auto\" \/><\/a><\/figure>\n\n\n\n<p>Podsumowuj\u0105c, w Warszawie nie brakuje restauracji idealnych na firmowe imprezy i spotkania integracyjne. Te miejsca zapewniaj\u0105 smaczne jedzenie, przytulne wn\u0119trza i profesjonaln\u0105 obs\u0142ug\u0119. Dzi\u0119ki temu ka\u017cde wydarzenie przebiega sprawnie. Uczestnicy dobrze si\u0119 bawi\u0105 i zapami\u0119tuj\u0105 je na d\u0142ugo. Wybieraj\u0105c odpowiedni\u0105 restauracj\u0119, organizatorzy mog\u0105 by\u0107 pewni, \u017ce ich event b\u0119dzie udany i pe\u0142en pozytywnych wspomnie\u0144.<\/p>\n\n\n\n<p>Je\u015bli natomiast bardziej interesuje was Warszawa dla biznesu, zobaczcie nasz ostatni<a href=\"https:\/\/www.mojekonferencje.pl\/blog\/warszawa-dla-biznesu-przeglad-hoteli-z-zapleczem-konferencyjnym-w-centrum-miasta\/\"> przegl\u0105d hoteli z zapleczem konferencyjnym w centrum stolicy<\/a>.<\/p>\n\n\n\n<p><\/p>\n\n\n\n<p><\/p>\n","protected":false},"excerpt":{"rendered":"<p>Warszawa to nie tylko hotele i centra konferencyjne, lecz tak\u017ce restauracje z wy\u015bmienit\u0105 kuchni\u0105, idealne na firmowe eventy. To wyb\u00f3r, kt\u00f3rego nie spos\u00f3b \u017ca\u0142owa\u0107.<\/p>\n","protected":false},"author":21,"featured_media":8445,"comment_status":"closed","ping_status":"closed","sticky":false,"template":"","format":"standard","meta":{"_acf_changed":false,"footnotes":""},"categories":[8,175],"tags":[548,550,549,545],"class_list":["post-8431","post","type-post","status-publish","format-standard","has-post-thumbnail","hentry","category-porady","category-wybieranie-miejsca-konferencyjnego","tag-eventy-integracyjne-warszawa","tag-integracja-firmowa-w-warszawie","tag-kuchnia-warszawska","tag-restauracje-warszawa"],"acf":[],"yoast_head":"<!-- This site is optimized with the Yoast SEO plugin v27.1.1 - https:\/\/yoast.com\/product\/yoast-seo-wordpress\/ -->\n<title>Najlepsze restauracje w Warszawie na eventy integracyjne i firmowe - blog | MojeKonferencje.pl<\/title>\n<meta name=\"description\" content=\"Najlepsze restauracje w Warszawie na eventy integracyjne i firmowe - blog | MojeKonferencje.pl\" \/>\n<meta name=\"robots\" content=\"index, follow, max-snippet:-1, max-image-preview:large, max-video-preview:-1\" \/>\n<link rel=\"canonical\" href=\"https:\/\/www.mojekonferencje.pl\/blog\/najlepsze-restauracje-w-warszawie-na-eventy-integracyjne-i-firmowe\/\" \/>\n<meta property=\"og:locale\" content=\"pl_PL\" \/>\n<meta property=\"og:type\" content=\"article\" \/>\n<meta property=\"og:title\" content=\"Najlepsze restauracje w Warszawie na eventy integracyjne i firmowe - blog | MojeKonferencje.pl\" \/>\n<meta property=\"og:description\" content=\"Najlepsze restauracje w Warszawie na eventy integracyjne i firmowe - blog | MojeKonferencje.pl\" \/>\n<meta property=\"og:url\" content=\"https:\/\/www.mojekonferencje.pl\/blog\/najlepsze-restauracje-w-warszawie-na-eventy-integracyjne-i-firmowe\/\" \/>\n<meta property=\"og:site_name\" content=\"MojeKonferencje.pl\" \/>\n<meta property=\"article:published_time\" content=\"2025-11-26T07:00:00+00:00\" \/>\n<meta property=\"article:modified_time\" content=\"2026-02-03T11:35:29+00:00\" \/>\n<meta property=\"og:image\" content=\"https:\/\/www.mojekonferencje.pl\/blog\/wp-content\/uploads\/2025\/11\/Fotoram.io-2025-11-25T142253.857.jpg\" \/>\n\t<meta property=\"og:image:width\" content=\"1200\" \/>\n\t<meta property=\"og:image:height\" content=\"708\" \/>\n\t<meta property=\"og:image:type\" content=\"image\/jpeg\" \/>\n<meta name=\"author\" content=\"Julia Gadomska\" \/>\n<meta name=\"twitter:card\" content=\"summary_large_image\" \/>\n<meta name=\"twitter:label1\" content=\"Napisane przez\" \/>\n\t<meta name=\"twitter:data1\" content=\"Julia Gadomska\" \/>\n\t<meta name=\"twitter:label2\" content=\"Szacowany czas czytania\" \/>\n\t<meta name=\"twitter:data2\" content=\"11 minut\" \/>\n<script type=\"application\/ld+json\" class=\"yoast-schema-graph\">{\"@context\":\"https:\/\/schema.org\",\"@graph\":[{\"@type\":\"Article\",\"@id\":\"https:\/\/www.mojekonferencje.pl\/blog\/najlepsze-restauracje-w-warszawie-na-eventy-integracyjne-i-firmowe\/#article\",\"isPartOf\":{\"@id\":\"https:\/\/www.mojekonferencje.pl\/blog\/najlepsze-restauracje-w-warszawie-na-eventy-integracyjne-i-firmowe\/\"},\"author\":{\"name\":\"Julia Gadomska\",\"@id\":\"https:\/\/www.mojekonferencje.pl\/blog\/#\/schema\/person\/7d6985dc3741882ea12e03b1c3997043\"},\"headline\":\"Najlepsze restauracje w Warszawie na eventy integracyjne i firmowe\",\"datePublished\":\"2025-11-26T07:00:00+00:00\",\"dateModified\":\"2026-02-03T11:35:29+00:00\",\"mainEntityOfPage\":{\"@id\":\"https:\/\/www.mojekonferencje.pl\/blog\/najlepsze-restauracje-w-warszawie-na-eventy-integracyjne-i-firmowe\/\"},\"wordCount\":1568,\"image\":{\"@id\":\"https:\/\/www.mojekonferencje.pl\/blog\/najlepsze-restauracje-w-warszawie-na-eventy-integracyjne-i-firmowe\/#primaryimage\"},\"thumbnailUrl\":\"https:\/\/www.mojekonferencje.pl\/blog\/wp-content\/uploads\/2025\/11\/Fotoram.io-2025-11-25T142253.857.jpg\",\"keywords\":[\"eventy integracyjne Warszawa\",\"Integracja firmowa w Warszawie\",\"kuchnia warszawska\",\"Restauracje Warszawa\"],\"articleSection\":[\"Porady\",\"Wybieranie miejsca konferencyjnego\"],\"inLanguage\":\"pl-PL\"},{\"@type\":\"WebPage\",\"@id\":\"https:\/\/www.mojekonferencje.pl\/blog\/najlepsze-restauracje-w-warszawie-na-eventy-integracyjne-i-firmowe\/\",\"url\":\"https:\/\/www.mojekonferencje.pl\/blog\/najlepsze-restauracje-w-warszawie-na-eventy-integracyjne-i-firmowe\/\",\"name\":\"Najlepsze restauracje w Warszawie na eventy integracyjne i firmowe - blog | MojeKonferencje.pl\",\"isPartOf\":{\"@id\":\"https:\/\/www.mojekonferencje.pl\/blog\/#website\"},\"primaryImageOfPage\":{\"@id\":\"https:\/\/www.mojekonferencje.pl\/blog\/najlepsze-restauracje-w-warszawie-na-eventy-integracyjne-i-firmowe\/#primaryimage\"},\"image\":{\"@id\":\"https:\/\/www.mojekonferencje.pl\/blog\/najlepsze-restauracje-w-warszawie-na-eventy-integracyjne-i-firmowe\/#primaryimage\"},\"thumbnailUrl\":\"https:\/\/www.mojekonferencje.pl\/blog\/wp-content\/uploads\/2025\/11\/Fotoram.io-2025-11-25T142253.857.jpg\",\"datePublished\":\"2025-11-26T07:00:00+00:00\",\"dateModified\":\"2026-02-03T11:35:29+00:00\",\"author\":{\"@id\":\"https:\/\/www.mojekonferencje.pl\/blog\/#\/schema\/person\/7d6985dc3741882ea12e03b1c3997043\"},\"description\":\"Najlepsze restauracje w Warszawie na eventy integracyjne i firmowe - blog | MojeKonferencje.pl\",\"breadcrumb\":{\"@id\":\"https:\/\/www.mojekonferencje.pl\/blog\/najlepsze-restauracje-w-warszawie-na-eventy-integracyjne-i-firmowe\/#breadcrumb\"},\"inLanguage\":\"pl-PL\",\"potentialAction\":[{\"@type\":\"ReadAction\",\"target\":[\"https:\/\/www.mojekonferencje.pl\/blog\/najlepsze-restauracje-w-warszawie-na-eventy-integracyjne-i-firmowe\/\"]}]},{\"@type\":\"ImageObject\",\"inLanguage\":\"pl-PL\",\"@id\":\"https:\/\/www.mojekonferencje.pl\/blog\/najlepsze-restauracje-w-warszawie-na-eventy-integracyjne-i-firmowe\/#primaryimage\",\"url\":\"https:\/\/www.mojekonferencje.pl\/blog\/wp-content\/uploads\/2025\/11\/Fotoram.io-2025-11-25T142253.857.jpg\",\"contentUrl\":\"https:\/\/www.mojekonferencje.pl\/blog\/wp-content\/uploads\/2025\/11\/Fotoram.io-2025-11-25T142253.857.jpg\",\"width\":1200,\"height\":708,\"caption\":\"Najlepsze restauracje w Warszawie na eventy\"},{\"@type\":\"BreadcrumbList\",\"@id\":\"https:\/\/www.mojekonferencje.pl\/blog\/najlepsze-restauracje-w-warszawie-na-eventy-integracyjne-i-firmowe\/#breadcrumb\",\"itemListElement\":[{\"@type\":\"ListItem\",\"position\":1,\"name\":\"Strona g\u0142\u00f3wna\",\"item\":\"https:\/\/www.mojekonferencje.pl\/blog\/\"},{\"@type\":\"ListItem\",\"position\":2,\"name\":\"Najlepsze restauracje w Warszawie na eventy integracyjne i firmowe\"}]},{\"@type\":\"WebSite\",\"@id\":\"https:\/\/www.mojekonferencje.pl\/blog\/#website\",\"url\":\"https:\/\/www.mojekonferencje.pl\/blog\/\",\"name\":\"MojeKonferencje.pl\",\"description\":\"Blog bran\u017cy szkoleniowo-konferencyjnej. W\u0142\u0105cz si\u0119 do dyskusji o obiektach konferencyjnych i nowo\u015bciach z bran\u017cy! Poznaj porady odno\u015bnie organizacji konferencji, szkole\u0144 i event\u00f3w firmowych! Zach\u0119camy do wyra\u017cania opinii oraz komentarzy.\",\"potentialAction\":[{\"@type\":\"SearchAction\",\"target\":{\"@type\":\"EntryPoint\",\"urlTemplate\":\"https:\/\/www.mojekonferencje.pl\/blog\/?s={search_term_string}\"},\"query-input\":{\"@type\":\"PropertyValueSpecification\",\"valueRequired\":true,\"valueName\":\"search_term_string\"}}],\"inLanguage\":\"pl-PL\"},{\"@type\":\"Person\",\"@id\":\"https:\/\/www.mojekonferencje.pl\/blog\/#\/schema\/person\/7d6985dc3741882ea12e03b1c3997043\",\"name\":\"Julia Gadomska\",\"url\":\"https:\/\/www.mojekonferencje.pl\/blog\/author\/julia-gadomska\/\"}]}<\/script>\n<!-- \/ Yoast SEO plugin. -->","yoast_head_json":{"title":"Najlepsze restauracje w Warszawie na eventy integracyjne i firmowe - blog | MojeKonferencje.pl","description":"Najlepsze restauracje w Warszawie na eventy integracyjne i firmowe - blog | MojeKonferencje.pl","robots":{"index":"index","follow":"follow","max-snippet":"max-snippet:-1","max-image-preview":"max-image-preview:large","max-video-preview":"max-video-preview:-1"},"canonical":"https:\/\/www.mojekonferencje.pl\/blog\/najlepsze-restauracje-w-warszawie-na-eventy-integracyjne-i-firmowe\/","og_locale":"pl_PL","og_type":"article","og_title":"Najlepsze restauracje w Warszawie na eventy integracyjne i firmowe - blog | MojeKonferencje.pl","og_description":"Najlepsze restauracje w Warszawie na eventy integracyjne i firmowe - blog | MojeKonferencje.pl","og_url":"https:\/\/www.mojekonferencje.pl\/blog\/najlepsze-restauracje-w-warszawie-na-eventy-integracyjne-i-firmowe\/","og_site_name":"MojeKonferencje.pl","article_published_time":"2025-11-26T07:00:00+00:00","article_modified_time":"2026-02-03T11:35:29+00:00","og_image":[{"width":1200,"height":708,"url":"https:\/\/www.mojekonferencje.pl\/blog\/wp-content\/uploads\/2025\/11\/Fotoram.io-2025-11-25T142253.857.jpg","type":"image\/jpeg"}],"author":"Julia Gadomska","twitter_card":"summary_large_image","twitter_misc":{"Napisane przez":"Julia Gadomska","Szacowany czas czytania":"11 minut"},"schema":{"@context":"https:\/\/schema.org","@graph":[{"@type":"Article","@id":"https:\/\/www.mojekonferencje.pl\/blog\/najlepsze-restauracje-w-warszawie-na-eventy-integracyjne-i-firmowe\/#article","isPartOf":{"@id":"https:\/\/www.mojekonferencje.pl\/blog\/najlepsze-restauracje-w-warszawie-na-eventy-integracyjne-i-firmowe\/"},"author":{"name":"Julia Gadomska","@id":"https:\/\/www.mojekonferencje.pl\/blog\/#\/schema\/person\/7d6985dc3741882ea12e03b1c3997043"},"headline":"Najlepsze restauracje w Warszawie na eventy integracyjne i firmowe","datePublished":"2025-11-26T07:00:00+00:00","dateModified":"2026-02-03T11:35:29+00:00","mainEntityOfPage":{"@id":"https:\/\/www.mojekonferencje.pl\/blog\/najlepsze-restauracje-w-warszawie-na-eventy-integracyjne-i-firmowe\/"},"wordCount":1568,"image":{"@id":"https:\/\/www.mojekonferencje.pl\/blog\/najlepsze-restauracje-w-warszawie-na-eventy-integracyjne-i-firmowe\/#primaryimage"},"thumbnailUrl":"https:\/\/www.mojekonferencje.pl\/blog\/wp-content\/uploads\/2025\/11\/Fotoram.io-2025-11-25T142253.857.jpg","keywords":["eventy integracyjne Warszawa","Integracja firmowa w Warszawie","kuchnia warszawska","Restauracje Warszawa"],"articleSection":["Porady","Wybieranie miejsca konferencyjnego"],"inLanguage":"pl-PL"},{"@type":"WebPage","@id":"https:\/\/www.mojekonferencje.pl\/blog\/najlepsze-restauracje-w-warszawie-na-eventy-integracyjne-i-firmowe\/","url":"https:\/\/www.mojekonferencje.pl\/blog\/najlepsze-restauracje-w-warszawie-na-eventy-integracyjne-i-firmowe\/","name":"Najlepsze restauracje w Warszawie na eventy integracyjne i firmowe - blog | MojeKonferencje.pl","isPartOf":{"@id":"https:\/\/www.mojekonferencje.pl\/blog\/#website"},"primaryImageOfPage":{"@id":"https:\/\/www.mojekonferencje.pl\/blog\/najlepsze-restauracje-w-warszawie-na-eventy-integracyjne-i-firmowe\/#primaryimage"},"image":{"@id":"https:\/\/www.mojekonferencje.pl\/blog\/najlepsze-restauracje-w-warszawie-na-eventy-integracyjne-i-firmowe\/#primaryimage"},"thumbnailUrl":"https:\/\/www.mojekonferencje.pl\/blog\/wp-content\/uploads\/2025\/11\/Fotoram.io-2025-11-25T142253.857.jpg","datePublished":"2025-11-26T07:00:00+00:00","dateModified":"2026-02-03T11:35:29+00:00","author":{"@id":"https:\/\/www.mojekonferencje.pl\/blog\/#\/schema\/person\/7d6985dc3741882ea12e03b1c3997043"},"description":"Najlepsze restauracje w Warszawie na eventy integracyjne i firmowe - blog | MojeKonferencje.pl","breadcrumb":{"@id":"https:\/\/www.mojekonferencje.pl\/blog\/najlepsze-restauracje-w-warszawie-na-eventy-integracyjne-i-firmowe\/#breadcrumb"},"inLanguage":"pl-PL","potentialAction":[{"@type":"ReadAction","target":["https:\/\/www.mojekonferencje.pl\/blog\/najlepsze-restauracje-w-warszawie-na-eventy-integracyjne-i-firmowe\/"]}]},{"@type":"ImageObject","inLanguage":"pl-PL","@id":"https:\/\/www.mojekonferencje.pl\/blog\/najlepsze-restauracje-w-warszawie-na-eventy-integracyjne-i-firmowe\/#primaryimage","url":"https:\/\/www.mojekonferencje.pl\/blog\/wp-content\/uploads\/2025\/11\/Fotoram.io-2025-11-25T142253.857.jpg","contentUrl":"https:\/\/www.mojekonferencje.pl\/blog\/wp-content\/uploads\/2025\/11\/Fotoram.io-2025-11-25T142253.857.jpg","width":1200,"height":708,"caption":"Najlepsze restauracje w Warszawie na eventy"},{"@type":"BreadcrumbList","@id":"https:\/\/www.mojekonferencje.pl\/blog\/najlepsze-restauracje-w-warszawie-na-eventy-integracyjne-i-firmowe\/#breadcrumb","itemListElement":[{"@type":"ListItem","position":1,"name":"Strona g\u0142\u00f3wna","item":"https:\/\/www.mojekonferencje.pl\/blog\/"},{"@type":"ListItem","position":2,"name":"Najlepsze restauracje w Warszawie na eventy integracyjne i firmowe"}]},{"@type":"WebSite","@id":"https:\/\/www.mojekonferencje.pl\/blog\/#website","url":"https:\/\/www.mojekonferencje.pl\/blog\/","name":"MojeKonferencje.pl","description":"Blog bran\u017cy szkoleniowo-konferencyjnej. W\u0142\u0105cz si\u0119 do dyskusji o obiektach konferencyjnych i nowo\u015bciach z bran\u017cy! Poznaj porady odno\u015bnie organizacji konferencji, szkole\u0144 i event\u00f3w firmowych! Zach\u0119camy do wyra\u017cania opinii oraz komentarzy.","potentialAction":[{"@type":"SearchAction","target":{"@type":"EntryPoint","urlTemplate":"https:\/\/www.mojekonferencje.pl\/blog\/?s={search_term_string}"},"query-input":{"@type":"PropertyValueSpecification","valueRequired":true,"valueName":"search_term_string"}}],"inLanguage":"pl-PL"},{"@type":"Person","@id":"https:\/\/www.mojekonferencje.pl\/blog\/#\/schema\/person\/7d6985dc3741882ea12e03b1c3997043","name":"Julia Gadomska","url":"https:\/\/www.mojekonferencje.pl\/blog\/author\/julia-gadomska\/"}]}},"_links":{"self":[{"href":"https:\/\/www.mojekonferencje.pl\/blog\/wp-json\/wp\/v2\/posts\/8431","targetHints":{"allow":["GET"]}}],"collection":[{"href":"https:\/\/www.mojekonferencje.pl\/blog\/wp-json\/wp\/v2\/posts"}],"about":[{"href":"https:\/\/www.mojekonferencje.pl\/blog\/wp-json\/wp\/v2\/types\/post"}],"author":[{"embeddable":true,"href":"https:\/\/www.mojekonferencje.pl\/blog\/wp-json\/wp\/v2\/users\/21"}],"replies":[{"embeddable":true,"href":"https:\/\/www.mojekonferencje.pl\/blog\/wp-json\/wp\/v2\/comments?post=8431"}],"version-history":[{"count":7,"href":"https:\/\/www.mojekonferencje.pl\/blog\/wp-json\/wp\/v2\/posts\/8431\/revisions"}],"predecessor-version":[{"id":8954,"href":"https:\/\/www.mojekonferencje.pl\/blog\/wp-json\/wp\/v2\/posts\/8431\/revisions\/8954"}],"wp:featuredmedia":[{"embeddable":true,"href":"https:\/\/www.mojekonferencje.pl\/blog\/wp-json\/wp\/v2\/media\/8445"}],"wp:attachment":[{"href":"https:\/\/www.mojekonferencje.pl\/blog\/wp-json\/wp\/v2\/media?parent=8431"}],"wp:term":[{"taxonomy":"category","embeddable":true,"href":"https:\/\/www.mojekonferencje.pl\/blog\/wp-json\/wp\/v2\/categories?post=8431"},{"taxonomy":"post_tag","embeddable":true,"href":"https:\/\/www.mojekonferencje.pl\/blog\/wp-json\/wp\/v2\/tags?post=8431"}],"curies":[{"name":"wp","href":"https:\/\/api.w.org\/{rel}","templated":true}]}}