{"id":8491,"date":"2025-12-05T09:00:00","date_gmt":"2025-12-05T07:00:00","guid":{"rendered":"https:\/\/www.mojekonferencje.pl\/blog\/?p=8491"},"modified":"2026-02-03T11:47:42","modified_gmt":"2026-02-03T09:47:42","slug":"najlepsze-hotele-na-imprezy-okolicznosciowe-w-lodzi","status":"publish","type":"post","link":"https:\/\/www.mojekonferencje.pl\/blog\/najlepsze-hotele-na-imprezy-okolicznosciowe-w-lodzi\/","title":{"rendered":"Najlepsze hotele na imprezy okoliczno\u015bciowe w \u0141odzi"},"content":{"rendered":"\n<p>Najlepsze hotele na <a href=\"https:\/\/www.mojekonferencje.pl\/imprezy-firmowe-lodz\">imprezy okoliczno\u015bciowe w \u0141odzi<\/a> to miejsca, kt\u00f3re zapewniaj\u0105 wygod\u0119, \u0142adne wn\u0119trza i dobr\u0105 lokalizacj\u0119. To idealne przestrzenie na wesela, jubileusze czy firmowe przyj\u0119cia, gdzie profesjonalna obs\u0142uga i smaczny catering sprawiaj\u0105, \u017ce ka\u017cda impreza staje si\u0119 wyj\u0105tkowa.<\/p>\n\n\n\n<p><strong>Poznajcie najlepsze obiekty, na imprezy okoliczno\u015bciowe i eventy w \u0141odzi. To miejsca, kt\u00f3re cechuj\u0105 si\u0119 profesjonalizmem i doskona\u0142\u0105 organizacj\u0105!<\/strong><\/p>\n\n\n\n<figure class=\"wp-block-table\"><table class=\"has-fixed-layout\"><tbody><tr><td><a href=\"https:\/\/www.mojekonferencje.pl\/lodz\/kolumnapark--hotel--restauracja\">KolumnaPark<\/a><\/td><td><a href=\"https:\/\/www.mojekonferencje.pl\/lodz\/hotel-porto\">Hotel Porto<\/a><\/td><\/tr><tr><td><a href=\"https:\/\/www.mojekonferencje.pl\/lodz\/hotel-czarny-staw\">Czarny Staw Hotel<\/a><\/td><td><a href=\"https:\/\/www.mojekonferencje.pl\/tuszyn\/hotel-grzegorzewski\">Hotel Grzegorzewski<\/a><\/td><\/tr><tr><td><a href=\"https:\/\/www.mojekonferencje.pl\/lodz\/hotel-the-loom\">Hotel The Loom<\/a><\/td><td><a href=\"https:\/\/www.mojekonferencje.pl\/swolszewice-male\/hotel-kruk\">Hotel Kruk<\/a><\/td><\/tr><tr><td><a href=\"https:\/\/www.mojekonferencje.pl\/lodz\/novotel-lodz-centrum\">Novotel \u0141\u00f3d\u017a Centrum<\/a><\/td><td><a href=\"https:\/\/www.mojekonferencje.pl\/lodz\/vienna-house-by-wyndham-andel-s-lodz\">Vienna House by Wyndham Andel&#8217;s \u0141\u00f3d\u017a<\/a><\/td><\/tr><tr><td><a href=\"https:\/\/www.mojekonferencje.pl\/strykow\/centrum-konferencyjne-kasor\">Kasor Resort &amp; Spa<\/a><\/td><td><a href=\"https:\/\/www.mojekonferencje.pl\/lodz\/holiday-inn-lodz\">Holiday Inn \u0141\u00f3d\u017a<\/a><\/td><\/tr><\/tbody><\/table><\/figure>\n\n\n\n<h2 class=\"wp-block-heading has-text-align-center\"><a href=\"https:\/\/www.mojekonferencje.pl\/lodz\/kolumnapark--hotel--restauracja\"><mark style=\"background-color:rgba(0, 0, 0, 0)\" class=\"has-inline-color has-vivid-purple-color\"><span style=\"text-decoration: underline;\">KolumnaPark<\/span><\/mark><\/a><\/h2>\n\n\n\n<p>W Przygoni znajduje si\u0119 nowoczesny i przytulny <strong>KolumnaPark<\/strong>, tu\u017c przy wylocie obwodnicy \u0141odzi \u2013 S14. Hotel zapewnia komfort wypoczynku z doskona\u0142ymi warunkami do organizacji wydarze\u0144 biznesowych. Oferuje <strong>przestronne pokoje jedno- i dwuosobowe oraz luksusowe apartamenty <\/strong>z balkonem lub tarasem. Na miejscu dzia\u0142a r\u00f3wnie\u017c <strong>restauracja Bagatela <\/strong>serwuj\u0105ca lokalne dania, saun\u0119, sal\u0119 fitness. Dost\u0119pne s\u0105 tak\u017ce liczne atrakcje na \u015bwie\u017cym powietrzu, w tym stawy, fontanny i miejsce na ognisko.<\/p>\n\n\n\n<p>Hotel dysponuje <strong>10 nowoczesnymi salami konferencyjnymi<\/strong>, w tym dwoma VIP Roomami oraz <strong>imponuj\u0105c\u0105 sal\u0105 Sosnow\u0105 o powierzchni 300 mkw. dla 250 os\u00f3b<\/strong>. Sale posiadaj\u0105 klimatyzacj\u0119, projektor, ekran, flipchart i nag\u0142o\u015bnienie. Kolumna Park zapewnia elegancj\u0119 z przytulnym klimatem, tworz\u0105c idealne miejsce na relaks, konferencje i imprezy okoliczno\u015bciowe w \u0141odzi.<\/p>\n\n\n\n<figure class=\"wp-block-image size-full\"><a href=\"https:\/\/www.mojekonferencje.pl\/blog\/wp-content\/uploads\/2025\/12\/zrzut-ekranu-2023-11-22-182635-960x580-1.webp\"><img loading=\"lazy\" decoding=\"async\" width=\"960\" height=\"580\" src=\"https:\/\/www.mojekonferencje.pl\/blog\/wp-content\/uploads\/2025\/12\/zrzut-ekranu-2023-11-22-182635-960x580-1.webp\" alt=\"\" class=\"wp-image-8492 lazyload\" data-srcset=\"https:\/\/www.mojekonferencje.pl\/blog\/wp-content\/uploads\/2025\/12\/zrzut-ekranu-2023-11-22-182635-960x580-1.webp 960w, https:\/\/www.mojekonferencje.pl\/blog\/wp-content\/uploads\/2025\/12\/zrzut-ekranu-2023-11-22-182635-960x580-1-300x181.webp 300w, https:\/\/www.mojekonferencje.pl\/blog\/wp-content\/uploads\/2025\/12\/zrzut-ekranu-2023-11-22-182635-960x580-1-768x464.webp 768w\" sizes=\"auto\" \/><\/a><\/figure>\n\n\n\n<h2 class=\"wp-block-heading has-text-align-center\"><a href=\"https:\/\/www.mojekonferencje.pl\/lodz\/hotel-porto\"><mark style=\"background-color:rgba(0, 0, 0, 0)\" class=\"has-inline-color has-vivid-purple-color\"><span style=\"text-decoration: underline;\">Hotel Porto<\/span><\/mark><\/a><\/h2>\n\n\n\n<p>Elegancki hotel w Radomsku, tu\u017c przy zje\u017adzie z autostrady A1, to idealne miejsce na konferencje, szkolenia, spotkania biznesowe i eventy firmowe. <strong>Hotel Porto <\/strong>dysponuje <strong>nowoczesnymi salami konferencyjnymi,<\/strong> kt\u00f3re mo\u017cna dopasowa\u0107 do potrzeb &#8211; od kameralnych spotka\u0144 po <strong>du\u017c\u0105 sal\u0119 mieszcz\u0105c\u0105 600 os\u00f3b<\/strong>. Sale wyposa\u017cone s\u0105 w projektory, ekran, nag\u0142o\u015bnienie i szybkie Wi-Fi.<\/p>\n\n\n\n<p>Do dyspozycji go\u015bci s\u0105 <strong>komfortowe pokoje i apartamenty<\/strong>, strefa fitness, sauna. Na miejscu dzia\u0142aj\u0105 te\u017c <strong>dwie restauracje \u2013 elegancka Portofine<\/strong> na bankiety i uroczyste kolacje oraz<strong>Porto Grill &amp; Fun<\/strong> z grillem, bilardem, kr\u0119gielni\u0105 i stref\u0105 gier. Hotel oferuje tak\u017ce <strong>mn\u00f3stwo atrakcji integracyjnych<\/strong> &#8211; wieczory tematyczne, warsztaty kulinarne, gry terenowe, sp\u0142ywy kajakowe, paintball czy off-road. Wszystko w profesjonalnej oprawie i z pe\u0142nym wsparciem obs\u0142ugi.<\/p>\n\n\n\n<p>To miejsce, gdzie biznes \u0142\u0105czy si\u0119 z wygod\u0105 i rozrywk\u0105, zapewniaj\u0105c udane spotkania i niezapomniane wydarzenia.<\/p>\n\n\n\n<figure class=\"wp-block-image size-full\"><a href=\"https:\/\/www.mojekonferencje.pl\/blog\/wp-content\/uploads\/2025\/12\/327217091-1569331780156510-6947207367757456753-n-960x580-1.webp\"><img loading=\"lazy\" decoding=\"async\" width=\"960\" height=\"580\" src=\"https:\/\/www.mojekonferencje.pl\/blog\/wp-content\/uploads\/2025\/12\/327217091-1569331780156510-6947207367757456753-n-960x580-1.webp\" alt=\"\" class=\"wp-image-8493 lazyload\" data-srcset=\"https:\/\/www.mojekonferencje.pl\/blog\/wp-content\/uploads\/2025\/12\/327217091-1569331780156510-6947207367757456753-n-960x580-1.webp 960w, https:\/\/www.mojekonferencje.pl\/blog\/wp-content\/uploads\/2025\/12\/327217091-1569331780156510-6947207367757456753-n-960x580-1-300x181.webp 300w, https:\/\/www.mojekonferencje.pl\/blog\/wp-content\/uploads\/2025\/12\/327217091-1569331780156510-6947207367757456753-n-960x580-1-768x464.webp 768w\" sizes=\"auto\" \/><\/a><\/figure>\n\n\n\n<h2 class=\"wp-block-heading has-text-align-center\"><a href=\"https:\/\/www.mojekonferencje.pl\/lodz\/hotel-czarny-staw\"><mark style=\"background-color:rgba(0, 0, 0, 0)\" class=\"has-inline-color has-vivid-purple-color\"><span style=\"text-decoration: underline;\">Czarny Staw Hotel<\/span><\/mark><\/a><\/h2>\n\n\n\n<p>To trzygwiazdkowy obiekt w kompleksie konferencyjnym, obejmuj\u0105cym tak\u017ce restauracj\u0119 i altan\u0119 grillow\u0105 \u201eKurnik\u201d. Czarny Staw Hotel <strong>idealnie sprawdza si\u0119 zar\u00f3wno na konferencje i szkolenia<\/strong>, jak i imprezy plenerowe <strong>do 1000 os\u00f3b <\/strong>oraz eventy integracyjne.<\/p>\n\n\n\n<p>Obiekt oferuje <strong>88 komfortowych pokoi w r\u00f3\u017cnych standardach<\/strong>, w tym apartamenty Deluxe, \u0142\u0105cznie <strong>240 miejsc noclegowych<\/strong>. Cz\u0119\u015b\u0107 pokoi jest klimatyzowana. Do dyspozycji go\u015bci s\u0105 nowoczesne, klimatyzowane sale konferencyjne o <strong>\u0142\u0105cznej powierzchni 1600 m\u00b2<\/strong>, w tym <strong>Sala Platynowa dla 420 os\u00f3b i sale Kaszmirowe<\/strong> na mniejsze spotkania.<\/p>\n\n\n\n<p><strong>Restauracja<\/strong> serwuje tradycyjne i sezonowe dania kuchni polskiej. Dodatkowe udogodnienia obejmuj\u0105 drink bar, room service 24h, boiska sportowe, plac zabaw, pole do paintballa. Istnieje tak\u017ce mo\u017cliwo\u015b\u0107 organizacji imprez i integracji na \u015bwie\u017cym powietrzu.<strong> Hotel Czarny Staw<\/strong> to po\u0142\u0105czenie komfortu, nowoczesnego zaplecza konferencyjnego i atrakcji dla go\u015bci, idealne na prac\u0119 i wypoczynek w \u0141odzi.<\/p>\n\n\n\n<figure class=\"wp-block-image size-full\"><a href=\"https:\/\/www.mojekonferencje.pl\/blog\/wp-content\/uploads\/2025\/12\/hotel-3-960x580-1.webp\"><img loading=\"lazy\" decoding=\"async\" width=\"960\" height=\"580\" src=\"https:\/\/www.mojekonferencje.pl\/blog\/wp-content\/uploads\/2025\/12\/hotel-3-960x580-1.webp\" alt=\"\" class=\"wp-image-8494 lazyload\" data-srcset=\"https:\/\/www.mojekonferencje.pl\/blog\/wp-content\/uploads\/2025\/12\/hotel-3-960x580-1.webp 960w, https:\/\/www.mojekonferencje.pl\/blog\/wp-content\/uploads\/2025\/12\/hotel-3-960x580-1-300x181.webp 300w, https:\/\/www.mojekonferencje.pl\/blog\/wp-content\/uploads\/2025\/12\/hotel-3-960x580-1-768x464.webp 768w\" sizes=\"auto\" \/><\/a><\/figure>\n\n\n\n<h2 class=\"wp-block-heading has-text-align-center\"><a href=\"https:\/\/www.mojekonferencje.pl\/tuszyn\/hotel-grzegorzewski\"><mark style=\"background-color:rgba(0, 0, 0, 0)\" class=\"has-inline-color has-vivid-purple-color\"><span style=\"text-decoration: underline;\">Hotel Grzegorzewski<\/span><\/mark><\/a><\/h2>\n\n\n\n<p>Obiekt po\u0142o\u017cony w\u015br\u00f3d las\u00f3w i rezerwat\u00f3w, 25 minut od \u0141odzi i Piotrkowa Trybunalskiego, zapewnia kontakt z natur\u0105 z komfortowym wypoczynkiem. Na terenie obiektu dzia\u0142a<strong> Restauracja Synestezja Smaku<\/strong>, kt\u00f3ra serwuje doskona\u0142\u0105 kuchni\u0119.<\/p>\n\n\n\n<p><strong>Hotel Grzegorzewski <\/strong>oferuje r\u00f3wnie\u017c <strong>33 nowoczesne pokoje dla 95 os\u00f3b oraz sze\u015b\u0107 sal konferencyjnych<\/strong>, w tym <strong>najwi\u0119ksz\u0105 dla 220 uczestnik\u00f3w<\/strong>. Profesjonalna obs\u0142uga dba o sprawny przebieg ka\u017cdego wydarzenia.<\/p>\n\n\n\n<p><strong>Go\u015bcie mog\u0105 korzysta\u0107 ze strefy SPA<\/strong>, sauny, kortu tenisowego, boiska do siatk\u00f3wki, kr\u0119gielni, bilardu, pi\u0142karzyk\u00f3w, placu zabaw dla dzieci oraz stref chillout w ogrodzie. Dost\u0119pny jest <strong>prywatny parking i ca\u0142odobowy bar<\/strong>. Wszystko to sprawia, \u017ce hotel doskonale sprawdza si\u0119 zar\u00f3wno do wypoczynku, jak i organizacji konferencji czy spotka\u0144 biznesowych.<\/p>\n\n\n\n<figure class=\"wp-block-image size-full\"><a href=\"https:\/\/www.mojekonferencje.pl\/blog\/wp-content\/uploads\/2025\/12\/17266714160443-0194-960x580-1.webp\"><img loading=\"lazy\" decoding=\"async\" width=\"960\" height=\"580\" src=\"https:\/\/www.mojekonferencje.pl\/blog\/wp-content\/uploads\/2025\/12\/17266714160443-0194-960x580-1.webp\" alt=\"\" class=\"wp-image-8495 lazyload\" data-srcset=\"https:\/\/www.mojekonferencje.pl\/blog\/wp-content\/uploads\/2025\/12\/17266714160443-0194-960x580-1.webp 960w, https:\/\/www.mojekonferencje.pl\/blog\/wp-content\/uploads\/2025\/12\/17266714160443-0194-960x580-1-300x181.webp 300w, https:\/\/www.mojekonferencje.pl\/blog\/wp-content\/uploads\/2025\/12\/17266714160443-0194-960x580-1-768x464.webp 768w\" sizes=\"auto\" \/><\/a><\/figure>\n\n\n\n<h2 class=\"wp-block-heading has-text-align-center\"><a href=\"https:\/\/www.mojekonferencje.pl\/lodz\/hotel-the-loom\"><mark style=\"background-color:rgba(0, 0, 0, 0)\" class=\"has-inline-color has-vivid-purple-color\"><span style=\"text-decoration: underline;\">Hotel The Loom<\/span><\/mark><\/a><\/h2>\n\n\n\n<p>Nowoczesny<strong> Hotel The Loom<\/strong> w centrum \u0141odzi zapewnia unikalny klimat inspirowany \u0142\u00f3dzkim przemys\u0142em w\u0142\u00f3kienniczym z wygod\u0105 i nowoczesnymi udogodnieniami. To \u015bwietne miejsce zar\u00f3wno dla os\u00f3b podr\u00f3\u017cuj\u0105cych s\u0142u\u017cbowo, jak i organizator\u00f3w konferencji, szkole\u0144 czy kameralnych spotka\u0144 biznesowych.<\/p>\n\n\n\n<p>Do dyspozycji go\u015bci s\u0105 <strong>4 sale konferencyjne i 4 gabinety biznesowe,<\/strong> kt\u00f3re mo\u017cna elastycznie dopasowa\u0107 do potrzeb. Obs\u0142uga hotelu dba o sprawny przebieg ka\u017cdego wydarzenia.<\/p>\n\n\n\n<p>Hotel oferuje <strong>76 designerskich pokoi i apartament\u00f3w,<\/strong> w tym pokoje typu double, twin, triple, DeLux oraz apartamenty Premium, w kt\u00f3rych fabrykancki klimat \u0141odzi \u0142\u0105czy si\u0119 z komfortem i przytulno\u015bci\u0105. Go\u015bcie mog\u0105 korzysta\u0107 z <strong>Restauracji W\u0105tek, Lobby Bar Ig\u0142a oraz przestrzeni Cotton Club <\/strong>z barem i parkietem tanecznym. Dodatkowo dost\u0119pne s\u0105 gabinet masa\u017cu, sauna i sala fitness. Wszystko to sprawia, \u017ce hotel \u015bwietnie sprawdza si\u0119 zar\u00f3wno do pracy, jak i relaksu.<\/p>\n\n\n\n<figure class=\"wp-block-image size-full\"><a href=\"https:\/\/www.mojekonferencje.pl\/blog\/wp-content\/uploads\/2025\/12\/16597029315998-sniadanie1-960x580-1.webp\"><img loading=\"lazy\" decoding=\"async\" width=\"960\" height=\"580\" src=\"https:\/\/www.mojekonferencje.pl\/blog\/wp-content\/uploads\/2025\/12\/16597029315998-sniadanie1-960x580-1.webp\" alt=\"\" class=\"wp-image-8496 lazyload\" data-srcset=\"https:\/\/www.mojekonferencje.pl\/blog\/wp-content\/uploads\/2025\/12\/16597029315998-sniadanie1-960x580-1.webp 960w, https:\/\/www.mojekonferencje.pl\/blog\/wp-content\/uploads\/2025\/12\/16597029315998-sniadanie1-960x580-1-300x181.webp 300w, https:\/\/www.mojekonferencje.pl\/blog\/wp-content\/uploads\/2025\/12\/16597029315998-sniadanie1-960x580-1-768x464.webp 768w\" sizes=\"auto\" \/><\/a><\/figure>\n\n\n\n<h2 class=\"wp-block-heading has-text-align-center\"><a href=\"https:\/\/www.mojekonferencje.pl\/swolszewice-male\/hotel-kruk\"><mark style=\"background-color:rgba(0, 0, 0, 0)\" class=\"has-inline-color has-vivid-purple-color\"><span style=\"text-decoration: underline;\">Hotel Kruk<\/span><\/mark><\/a><\/h2>\n\n\n\n<p>Hotel po\u0142o\u017cony jest nad brzegiem Jeziora Sulejowskiego, w sercu Sulejowskiego Parku Krajobrazowego. Obiekt wyr\u00f3\u017cnia si\u0119 indywidualnym podej\u015bciem do go\u015bci, profesjonaln\u0105 obs\u0142ug\u0105 oraz unikaln\u0105 galeri\u0105 sztuki w\u0142a\u015bcicielki.<\/p>\n\n\n\n<p>Do dyspozycji jest <strong>60 miejsc noclegowych w 26 pokojach jedno-, dwu- i trzyosobowych<\/strong> oraz typu studio, wi\u0119kszo\u015b\u0107 z widokiem na jezioro. Wszystkie pokoje maj\u0105 \u0142azienk\u0119, TV, radio i Wi-Fi, a w cenie serwowane jest \u015bniadanie. <strong>Hotel Kruk<\/strong> oferuje tak\u017ce <strong>6 sal konferencyjnych o \u0142\u0105cznej powierzchni 440 m\u00b2<\/strong>, przystosowanych do organizacji konferencji, szkole\u0144 i spotka\u0144 biznesowych. Sale wyposa\u017cone s\u0105 w klimatyzacj\u0119, nag\u0142o\u015bnienie, ekrany i sprz\u0119t multimedialny.<\/p>\n\n\n\n<p>Go\u015bcie mog\u0105 korzysta\u0107 z <strong>restauracji<\/strong> serwuj\u0105cej kuchni\u0119 polsk\u0105, regionaln\u0105 i w\u0142osk\u0105, Drink Baru, Sali Bankietowej na 600 os\u00f3b. Na miejscu go\u015bcie mog\u0105 skorzysta\u0107 r\u00f3wnie\u017c z <strong>zadaszonego Grillowiska w ogrodzie dla 120 os\u00f3b<\/strong>. Dla aktywnych dost\u0119pne s\u0105 <strong>sp\u0142ywy kajakowe, wycieczki rowerowe i piesze, paintball, quady i park linowy<\/strong>. Hotel KRUK to komfort, profesjonalne zaplecze konferencyjne i bogata oferta atrakcji, kt\u00f3re sprawiaj\u0105, \u017ce ka\u017cdy pobyt jest wyj\u0105tkowy.<\/p>\n\n\n\n<figure class=\"wp-block-image size-full\"><a href=\"https:\/\/www.mojekonferencje.pl\/blog\/wp-content\/uploads\/2025\/12\/baner14-960x580-1.webp\"><img loading=\"lazy\" decoding=\"async\" width=\"960\" height=\"580\" src=\"https:\/\/www.mojekonferencje.pl\/blog\/wp-content\/uploads\/2025\/12\/baner14-960x580-1.webp\" alt=\"\" class=\"wp-image-8497 lazyload\" data-srcset=\"https:\/\/www.mojekonferencje.pl\/blog\/wp-content\/uploads\/2025\/12\/baner14-960x580-1.webp 960w, https:\/\/www.mojekonferencje.pl\/blog\/wp-content\/uploads\/2025\/12\/baner14-960x580-1-300x181.webp 300w, https:\/\/www.mojekonferencje.pl\/blog\/wp-content\/uploads\/2025\/12\/baner14-960x580-1-768x464.webp 768w\" sizes=\"auto\" \/><\/a><\/figure>\n\n\n\n<h2 class=\"wp-block-heading has-text-align-center\"><a href=\"https:\/\/www.mojekonferencje.pl\/lodz\/novotel-lodz-centrum\"><mark style=\"background-color:rgba(0, 0, 0, 0)\" class=\"has-inline-color has-vivid-purple-color\"><span style=\"text-decoration: underline;\">Novotel \u0141\u00f3d\u017a Centrum<\/span><\/mark><\/a><\/h2>\n\n\n\n<p>Nowoczesny hotel w centrum \u0141odzi, blisko ulicy Piotrkowskiej, z doskona\u0142ym dojazdem do lotniska, dworca i strefy biznesowej. <strong>Novotel \u0141\u00f3d\u017a Centrum <\/strong>oferuje <strong>161 przestronnych poko<\/strong>i, w tym apartamenty i pokoje dla os\u00f3b niepe\u0142nosprawnych, wyposa\u017conych w klimatyzacj\u0119, Wi-Fi, telewizj\u0119 satelitarn\u0105, minibar i sejf.<\/p>\n\n\n\n<p>Do dyspozycji go\u015bci s\u0105<strong> 8 sal konferencyjnych dla 180 os\u00f3b<\/strong>, NOVO Square Lounge Bar, centrum fitness, pok\u00f3j zabaw dla dzieci, wypo\u017cyczalnia rower\u00f3w oraz <strong>podziemny gara\u017c na 260 samochod\u00f3w<\/strong>. Obiekt zapewnia <strong>profesjonaln\u0105 obs\u0142ug\u0119 i nowoczesne udogodnienia<\/strong>, \u0142\u0105cz\u0105c komfort pobytu turystycznego z potrzebami biznesowymi.<\/p>\n\n\n\n<figure class=\"wp-block-image size-full\"><a href=\"https:\/\/www.mojekonferencje.pl\/blog\/wp-content\/uploads\/2025\/12\/1020-7873-960x580-1.webp\"><img loading=\"lazy\" decoding=\"async\" width=\"960\" height=\"580\" src=\"https:\/\/www.mojekonferencje.pl\/blog\/wp-content\/uploads\/2025\/12\/1020-7873-960x580-1.webp\" alt=\"\" class=\"wp-image-8498 lazyload\" data-srcset=\"https:\/\/www.mojekonferencje.pl\/blog\/wp-content\/uploads\/2025\/12\/1020-7873-960x580-1.webp 960w, https:\/\/www.mojekonferencje.pl\/blog\/wp-content\/uploads\/2025\/12\/1020-7873-960x580-1-300x181.webp 300w, https:\/\/www.mojekonferencje.pl\/blog\/wp-content\/uploads\/2025\/12\/1020-7873-960x580-1-768x464.webp 768w\" sizes=\"auto\" \/><\/a><\/figure>\n\n\n\n<h2 class=\"wp-block-heading has-text-align-center\"><a href=\"https:\/\/www.mojekonferencje.pl\/lodz\/vienna-house-by-wyndham-andel-s-lodz\"><mark style=\"background-color:rgba(0, 0, 0, 0)\" class=\"has-inline-color has-vivid-purple-color\"><span style=\"text-decoration: underline;\">Vienna House by Wyndham Andel&#8217;s \u0141\u00f3d\u017a<\/span><\/mark><\/a><\/h2>\n\n\n\n<p><strong>Czterogwiazdkowy Vienna House by Wyndham Andel&#8217;s<\/strong> <strong>w \u0141odzi<\/strong>, mie\u015bci si\u0119 w zabytkowej XIX-wiecznej prz\u0119dzalni Izraela Pozna\u0144skiego na terenie kompleksu Manufaktura. Obiekt oferuje<strong> 278 nowoczesnych pokoi i apartament\u00f3w<\/strong> w odwa\u017cnym, designerskim stylu autorstwa Jestico + Whiles, z du\u017c\u0105 ilo\u015bci\u0105 \u015bwiat\u0142a i przestrzeni.<\/p>\n\n\n\n<p>Dla organizator\u00f3w wydarze\u0144 dost\u0119pne jest <strong>16 sal konferencyjnych<\/strong>. Na du\u017ce eventy go\u015bcie mog\u0105 wybra\u0107 <strong>sal\u0119 balow\u0105 o powierzchni 1000 m\u00b2<\/strong>. W sk\u0142ad pomieszcze\u0144 konferencyjnych wchodzi tak\u017ce <strong>skyFLY bar<\/strong>. <strong>Centrum konferencyjne <\/strong>wyposa\u017cone jest w nowoczesne technologie audio-wizualne i klimatyzacj\u0119.<\/p>\n\n\n\n<p><strong>Hotelowa restauracja Delight<\/strong> serwuje nowoczesn\u0105 kuchni\u0119 polsk\u0105 z nut\u0105 fusion,. Go\u015bcie mog\u0105 te\u017c korzysta\u0107 tak\u017ce  z centrum <strong>Spa &amp; Fitness skySPAce <\/strong>z basenem z widokiem na miasto, saunami, salami treningowymi i studio masa\u017cu. <strong>Vienna House by Wyndham Andel&#8217;s \u0141\u00f3d\u017a<\/strong> to po\u0142\u0105czenie historycznej architektury, nowoczesnego designu i luksusowego komfortu. Idealny na imprezy okoliczno\u015bciowe w \u0141odzi. <\/p>\n\n\n\n<figure class=\"wp-block-image size-full\"><a href=\"https:\/\/www.mojekonferencje.pl\/blog\/wp-content\/uploads\/2025\/12\/miniaturka-1-960x580-1.webp\"><img loading=\"lazy\" decoding=\"async\" width=\"960\" height=\"580\" src=\"https:\/\/www.mojekonferencje.pl\/blog\/wp-content\/uploads\/2025\/12\/miniaturka-1-960x580-1.webp\" alt=\"\" class=\"wp-image-8499 lazyload\" data-srcset=\"https:\/\/www.mojekonferencje.pl\/blog\/wp-content\/uploads\/2025\/12\/miniaturka-1-960x580-1.webp 960w, https:\/\/www.mojekonferencje.pl\/blog\/wp-content\/uploads\/2025\/12\/miniaturka-1-960x580-1-300x181.webp 300w, https:\/\/www.mojekonferencje.pl\/blog\/wp-content\/uploads\/2025\/12\/miniaturka-1-960x580-1-768x464.webp 768w\" sizes=\"auto\" \/><\/a><\/figure>\n\n\n\n<h2 class=\"wp-block-heading has-text-align-center\"><a href=\"https:\/\/www.mojekonferencje.pl\/strykow\/centrum-konferencyjne-kasor\"><mark style=\"background-color:rgba(0, 0, 0, 0)\" class=\"has-inline-color has-vivid-purple-color\"><span style=\"text-decoration: underline;\">Kasor Resort &amp; Spa<\/span><\/mark><\/a><\/h2>\n\n\n\n<p>Nowoczesny obiekt konferencyjno-wypoczynkowy po\u0142o\u017cony w centrum Polski, tu\u017c przy zje\u017adzie z autostrad A1 i A2, zapewnia wygodny dojazd i du\u017cy, bezp\u0142atny parking. To \u015bwietne miejsce na szkolenia, konferencje i wyjazdy firmowe.<\/p>\n\n\n\n<p>Do dyspozycji organizator\u00f3w jest <strong>8 jasnych, klimatyzowanych sal konferencyjno-bankietowych<\/strong>. <strong>Najwi\u0119ksz\u0105 sal\u0119 dla 120 os\u00f3b mo\u017cna podzieli\u0107 na dwie mniejsze<\/strong>. Cz\u0119\u015b\u0107 sal posiada wyj\u015bcie bezpo\u015brednio na teren zielony, idealny na przerwy kawowe. Profesjonalna obs\u0142uga wspiera planowanie i realizacj\u0119 ka\u017cdego wydarzenia.<\/p>\n\n\n\n<p>Go\u015bcie mog\u0105 korzysta\u0107 z <strong>zakwaterowania w pokojach 2-, 3- i 4-osobowych w standardzie 3*<\/strong>. Na miejscu s\u0105 tak\u017ce mejsca w komfortowych apartamentach po\u0142o\u017conych tu\u017c nad brzegiem malowniczego zalewu. Na terenie obiektu dzia\u0142a tak\u017ce <strong>Restauracja R\u00f3\u017ca Wiatr\u00f3w <\/strong>z sezonowym, autorskim menu. Dodatkowo dost\u0119pna jest <strong>nowoczesna strefa SPA<\/strong> z basenem, jacuzzi, saun\u0105 i wodospadem \u201ekobra\u201d. Resort wsp\u00f3\u0142pracuje r\u00f3wnie\u017c z<strong>firmami eventowymi<\/strong>, kt\u00f3re organizuj\u0105 gry terenowe, warsztaty i wieczory integracyjne &#8211; idealne uzupe\u0142nienie firmowych spotka\u0144.<\/p>\n\n\n\n<figure class=\"wp-block-image size-full\"><a href=\"https:\/\/www.mojekonferencje.pl\/blog\/wp-content\/uploads\/2025\/12\/564132707-960x580-1.webp\"><img loading=\"lazy\" decoding=\"async\" width=\"960\" height=\"580\" src=\"https:\/\/www.mojekonferencje.pl\/blog\/wp-content\/uploads\/2025\/12\/564132707-960x580-1.webp\" alt=\"\" class=\"wp-image-8500 lazyload\" data-srcset=\"https:\/\/www.mojekonferencje.pl\/blog\/wp-content\/uploads\/2025\/12\/564132707-960x580-1.webp 960w, https:\/\/www.mojekonferencje.pl\/blog\/wp-content\/uploads\/2025\/12\/564132707-960x580-1-300x181.webp 300w, https:\/\/www.mojekonferencje.pl\/blog\/wp-content\/uploads\/2025\/12\/564132707-960x580-1-768x464.webp 768w\" sizes=\"auto\" \/><\/a><\/figure>\n\n\n\n<h2 class=\"wp-block-heading has-text-align-center\"><a href=\"https:\/\/www.mojekonferencje.pl\/lodz\/holiday-inn-lodz\"><mark style=\"background-color:rgba(0, 0, 0, 0)\" class=\"has-inline-color has-vivid-purple-color\"><span style=\"text-decoration: underline;\">Holiday Inn \u0141\u00f3d\u017a<\/span><\/mark><\/a><\/h2>\n\n\n\n<p>Po\u0142o\u017cony w centrum \u0141odzi, tu\u017c przy ulicy Piotrkowskiej, czterogwiazdkowy hotel oferuje wygodny dost\u0119p do atrakcji miasta, 2 km od dworca \u0141\u00f3d\u017a Kaliska i 7 km od lotniska. <strong>Holiday Inn \u0141\u00f3d\u017a <\/strong>dysponuje<strong> 8 klimatyzowanymi salami konferencyjnymi o \u0142\u0105cznej powierzchni 490 mkw<\/strong>., idealnymi dla spotka\u0144 od kilku do 150 os\u00f3b.<\/p>\n\n\n\n<p>Go\u015bcie maj\u0105 do wyboru <strong>127 komfortowych pokoi<\/strong>. Wszystkie z klimatyzacj\u0105, Wi-Fi i zestawem do kawy i herbaty. Na miejscu dost\u0119pna jest tak\u017ce ca\u0142odobowa si\u0142ownia i sauna.<\/p>\n\n\n\n<p>Natomiast <strong>restauracja \u0141\u00f3dzka<\/strong> serwuje kuchni\u0119 polsk\u0105 i mi\u0119dzynarodow\u0105, a latem zaprasza na taras. Przestrze\u0144 sprawdza si\u0119 r\u00f3wnie\u017c na bankiety do 150 os\u00f3b. Ca\u0142o\u015b\u0107 uzupe\u0142nia <strong>DiM Bar<\/strong> oraz <strong>monitorowany parking na 80 miejsc.<\/strong><\/p>\n\n\n\n<figure class=\"wp-block-image size-full\"><a href=\"https:\/\/www.mojekonferencje.pl\/blog\/wp-content\/uploads\/2025\/12\/mg-4087-960x580-1.webp\"><img loading=\"lazy\" decoding=\"async\" width=\"960\" height=\"580\" src=\"https:\/\/www.mojekonferencje.pl\/blog\/wp-content\/uploads\/2025\/12\/mg-4087-960x580-1.webp\" alt=\"\" class=\"wp-image-8501 lazyload\" data-srcset=\"https:\/\/www.mojekonferencje.pl\/blog\/wp-content\/uploads\/2025\/12\/mg-4087-960x580-1.webp 960w, https:\/\/www.mojekonferencje.pl\/blog\/wp-content\/uploads\/2025\/12\/mg-4087-960x580-1-300x181.webp 300w, https:\/\/www.mojekonferencje.pl\/blog\/wp-content\/uploads\/2025\/12\/mg-4087-960x580-1-768x464.webp 768w\" sizes=\"auto\" \/><\/a><\/figure>\n\n\n\n<p>Wyb\u00f3r odpowiedniego miejsca to klucz do udanej uroczysto\u015bci. \u0141\u00f3dzkie hotele oferuj\u0105 wszystko, czego potrzeba, by ka\u017cde wydarzenie zyska\u0142o wyj\u0105tkow\u0105 opraw\u0119. Od eleganckich sal, przez dopracowan\u0105 kuchni\u0119, po profesjonaln\u0105 obs\u0142ug\u0119. Niezale\u017cnie od tego, czy planowane jest kameralne przyj\u0119cie, du\u017cy bankiet, czy firmowa gala, w \u0141odzi bez trudu mo\u017cna znale\u017a\u0107 obiekt, kt\u00f3ry sprosta oczekiwaniom i zadba o komfort go\u015bci. \ud83d\ude42<\/p>\n","protected":false},"excerpt":{"rendered":"<p>Hotele na imprezy okoliczno\u015bciowe w \u0141odzi oferuj\u0105 wygod\u0119, stylowe wn\u0119trza i \u015bwietn\u0105 lokalizacj\u0119. To idealne miejsca na wesela, jubileusze i firmowe eventy.<\/p>\n","protected":false},"author":21,"featured_media":8505,"comment_status":"closed","ping_status":"closed","sticky":false,"template":"","format":"standard","meta":{"_acf_changed":false,"footnotes":""},"categories":[8,175],"tags":[561,559,564,563,562],"class_list":["post-8491","post","type-post","status-publish","format-standard","has-post-thumbnail","hentry","category-porady","category-wybieranie-miejsca-konferencyjnego","tag-eventy-lodz","tag-hotele-lodz","tag-organizacja-imprezy-okolicznosciowej-lodz","tag-sale-eventowe-lodz","tag-wesela-lodz"],"acf":[],"yoast_head":"<!-- This site is optimized with the Yoast SEO plugin v27.1.1 - https:\/\/yoast.com\/product\/yoast-seo-wordpress\/ -->\n<title>Najlepsze hotele na imprezy okoliczno\u015bciowe w \u0141odzi - blog | MojeKonferencje.pl<\/title>\n<meta name=\"description\" content=\"Najlepsze hotele na imprezy okoliczno\u015bciowe w \u0141odzi - blog | MojeKonferencje.pl\" \/>\n<meta name=\"robots\" content=\"index, follow, max-snippet:-1, max-image-preview:large, max-video-preview:-1\" \/>\n<link rel=\"canonical\" href=\"https:\/\/www.mojekonferencje.pl\/blog\/najlepsze-hotele-na-imprezy-okolicznosciowe-w-lodzi\/\" \/>\n<meta property=\"og:locale\" content=\"pl_PL\" \/>\n<meta property=\"og:type\" content=\"article\" \/>\n<meta property=\"og:title\" content=\"Najlepsze hotele na imprezy okoliczno\u015bciowe w \u0141odzi - blog | MojeKonferencje.pl\" \/>\n<meta property=\"og:description\" content=\"Najlepsze hotele na imprezy okoliczno\u015bciowe w \u0141odzi - blog | MojeKonferencje.pl\" \/>\n<meta property=\"og:url\" content=\"https:\/\/www.mojekonferencje.pl\/blog\/najlepsze-hotele-na-imprezy-okolicznosciowe-w-lodzi\/\" \/>\n<meta property=\"og:site_name\" content=\"MojeKonferencje.pl\" \/>\n<meta property=\"article:published_time\" content=\"2025-12-05T07:00:00+00:00\" \/>\n<meta property=\"article:modified_time\" content=\"2026-02-03T09:47:42+00:00\" \/>\n<meta property=\"og:image\" content=\"https:\/\/www.mojekonferencje.pl\/blog\/wp-content\/uploads\/2025\/12\/Fotoram.io-2025-12-04T133122.763.jpg\" \/>\n\t<meta property=\"og:image:width\" content=\"1200\" \/>\n\t<meta property=\"og:image:height\" content=\"708\" \/>\n\t<meta property=\"og:image:type\" content=\"image\/jpeg\" \/>\n<meta name=\"author\" content=\"Julia Gadomska\" \/>\n<meta name=\"twitter:card\" content=\"summary_large_image\" \/>\n<meta name=\"twitter:label1\" content=\"Napisane przez\" \/>\n\t<meta name=\"twitter:data1\" content=\"Julia Gadomska\" \/>\n\t<meta name=\"twitter:label2\" content=\"Szacowany czas czytania\" \/>\n\t<meta name=\"twitter:data2\" content=\"11 minut\" \/>\n<script type=\"application\/ld+json\" class=\"yoast-schema-graph\">{\"@context\":\"https:\/\/schema.org\",\"@graph\":[{\"@type\":\"Article\",\"@id\":\"https:\/\/www.mojekonferencje.pl\/blog\/najlepsze-hotele-na-imprezy-okolicznosciowe-w-lodzi\/#article\",\"isPartOf\":{\"@id\":\"https:\/\/www.mojekonferencje.pl\/blog\/najlepsze-hotele-na-imprezy-okolicznosciowe-w-lodzi\/\"},\"author\":{\"name\":\"Julia Gadomska\",\"@id\":\"https:\/\/www.mojekonferencje.pl\/blog\/#\/schema\/person\/7d6985dc3741882ea12e03b1c3997043\"},\"headline\":\"Najlepsze hotele na imprezy okoliczno\u015bciowe w \u0141odzi\",\"datePublished\":\"2025-12-05T07:00:00+00:00\",\"dateModified\":\"2026-02-03T09:47:42+00:00\",\"mainEntityOfPage\":{\"@id\":\"https:\/\/www.mojekonferencje.pl\/blog\/najlepsze-hotele-na-imprezy-okolicznosciowe-w-lodzi\/\"},\"wordCount\":1580,\"image\":{\"@id\":\"https:\/\/www.mojekonferencje.pl\/blog\/najlepsze-hotele-na-imprezy-okolicznosciowe-w-lodzi\/#primaryimage\"},\"thumbnailUrl\":\"https:\/\/www.mojekonferencje.pl\/blog\/wp-content\/uploads\/2025\/12\/Fotoram.io-2025-12-04T133122.763.jpg\",\"keywords\":[\"eventy \u0141\u00f3d\u017a\",\"Hotele \u0141\u00f3d\u017a\",\"organizacja imprezy okoliczno\u015bciowej \u0141\u00f3d\u017a\",\"sale eventowe \u0141\u00f3d\u017a\",\"wesela \u0141\u00f3d\u017a\"],\"articleSection\":[\"Porady\",\"Wybieranie miejsca konferencyjnego\"],\"inLanguage\":\"pl-PL\"},{\"@type\":\"WebPage\",\"@id\":\"https:\/\/www.mojekonferencje.pl\/blog\/najlepsze-hotele-na-imprezy-okolicznosciowe-w-lodzi\/\",\"url\":\"https:\/\/www.mojekonferencje.pl\/blog\/najlepsze-hotele-na-imprezy-okolicznosciowe-w-lodzi\/\",\"name\":\"Najlepsze hotele na imprezy okoliczno\u015bciowe w \u0141odzi - blog | MojeKonferencje.pl\",\"isPartOf\":{\"@id\":\"https:\/\/www.mojekonferencje.pl\/blog\/#website\"},\"primaryImageOfPage\":{\"@id\":\"https:\/\/www.mojekonferencje.pl\/blog\/najlepsze-hotele-na-imprezy-okolicznosciowe-w-lodzi\/#primaryimage\"},\"image\":{\"@id\":\"https:\/\/www.mojekonferencje.pl\/blog\/najlepsze-hotele-na-imprezy-okolicznosciowe-w-lodzi\/#primaryimage\"},\"thumbnailUrl\":\"https:\/\/www.mojekonferencje.pl\/blog\/wp-content\/uploads\/2025\/12\/Fotoram.io-2025-12-04T133122.763.jpg\",\"datePublished\":\"2025-12-05T07:00:00+00:00\",\"dateModified\":\"2026-02-03T09:47:42+00:00\",\"author\":{\"@id\":\"https:\/\/www.mojekonferencje.pl\/blog\/#\/schema\/person\/7d6985dc3741882ea12e03b1c3997043\"},\"description\":\"Najlepsze hotele na imprezy okoliczno\u015bciowe w \u0141odzi - blog | MojeKonferencje.pl\",\"breadcrumb\":{\"@id\":\"https:\/\/www.mojekonferencje.pl\/blog\/najlepsze-hotele-na-imprezy-okolicznosciowe-w-lodzi\/#breadcrumb\"},\"inLanguage\":\"pl-PL\",\"potentialAction\":[{\"@type\":\"ReadAction\",\"target\":[\"https:\/\/www.mojekonferencje.pl\/blog\/najlepsze-hotele-na-imprezy-okolicznosciowe-w-lodzi\/\"]}]},{\"@type\":\"ImageObject\",\"inLanguage\":\"pl-PL\",\"@id\":\"https:\/\/www.mojekonferencje.pl\/blog\/najlepsze-hotele-na-imprezy-okolicznosciowe-w-lodzi\/#primaryimage\",\"url\":\"https:\/\/www.mojekonferencje.pl\/blog\/wp-content\/uploads\/2025\/12\/Fotoram.io-2025-12-04T133122.763.jpg\",\"contentUrl\":\"https:\/\/www.mojekonferencje.pl\/blog\/wp-content\/uploads\/2025\/12\/Fotoram.io-2025-12-04T133122.763.jpg\",\"width\":1200,\"height\":708,\"caption\":\"Najlepsze hotele na imprezy okoliczno\u015bciowe w \u0141odzi\"},{\"@type\":\"BreadcrumbList\",\"@id\":\"https:\/\/www.mojekonferencje.pl\/blog\/najlepsze-hotele-na-imprezy-okolicznosciowe-w-lodzi\/#breadcrumb\",\"itemListElement\":[{\"@type\":\"ListItem\",\"position\":1,\"name\":\"Strona g\u0142\u00f3wna\",\"item\":\"https:\/\/www.mojekonferencje.pl\/blog\/\"},{\"@type\":\"ListItem\",\"position\":2,\"name\":\"Najlepsze hotele na imprezy okoliczno\u015bciowe w \u0141odzi\"}]},{\"@type\":\"WebSite\",\"@id\":\"https:\/\/www.mojekonferencje.pl\/blog\/#website\",\"url\":\"https:\/\/www.mojekonferencje.pl\/blog\/\",\"name\":\"MojeKonferencje.pl\",\"description\":\"Blog bran\u017cy szkoleniowo-konferencyjnej. W\u0142\u0105cz si\u0119 do dyskusji o obiektach konferencyjnych i nowo\u015bciach z bran\u017cy! Poznaj porady odno\u015bnie organizacji konferencji, szkole\u0144 i event\u00f3w firmowych! Zach\u0119camy do wyra\u017cania opinii oraz komentarzy.\",\"potentialAction\":[{\"@type\":\"SearchAction\",\"target\":{\"@type\":\"EntryPoint\",\"urlTemplate\":\"https:\/\/www.mojekonferencje.pl\/blog\/?s={search_term_string}\"},\"query-input\":{\"@type\":\"PropertyValueSpecification\",\"valueRequired\":true,\"valueName\":\"search_term_string\"}}],\"inLanguage\":\"pl-PL\"},{\"@type\":\"Person\",\"@id\":\"https:\/\/www.mojekonferencje.pl\/blog\/#\/schema\/person\/7d6985dc3741882ea12e03b1c3997043\",\"name\":\"Julia Gadomska\",\"url\":\"https:\/\/www.mojekonferencje.pl\/blog\/author\/julia-gadomska\/\"}]}<\/script>\n<!-- \/ Yoast SEO plugin. -->","yoast_head_json":{"title":"Najlepsze hotele na imprezy okoliczno\u015bciowe w \u0141odzi - blog | MojeKonferencje.pl","description":"Najlepsze hotele na imprezy okoliczno\u015bciowe w \u0141odzi - blog | MojeKonferencje.pl","robots":{"index":"index","follow":"follow","max-snippet":"max-snippet:-1","max-image-preview":"max-image-preview:large","max-video-preview":"max-video-preview:-1"},"canonical":"https:\/\/www.mojekonferencje.pl\/blog\/najlepsze-hotele-na-imprezy-okolicznosciowe-w-lodzi\/","og_locale":"pl_PL","og_type":"article","og_title":"Najlepsze hotele na imprezy okoliczno\u015bciowe w \u0141odzi - blog | MojeKonferencje.pl","og_description":"Najlepsze hotele na imprezy okoliczno\u015bciowe w \u0141odzi - blog | MojeKonferencje.pl","og_url":"https:\/\/www.mojekonferencje.pl\/blog\/najlepsze-hotele-na-imprezy-okolicznosciowe-w-lodzi\/","og_site_name":"MojeKonferencje.pl","article_published_time":"2025-12-05T07:00:00+00:00","article_modified_time":"2026-02-03T09:47:42+00:00","og_image":[{"width":1200,"height":708,"url":"https:\/\/www.mojekonferencje.pl\/blog\/wp-content\/uploads\/2025\/12\/Fotoram.io-2025-12-04T133122.763.jpg","type":"image\/jpeg"}],"author":"Julia Gadomska","twitter_card":"summary_large_image","twitter_misc":{"Napisane przez":"Julia Gadomska","Szacowany czas czytania":"11 minut"},"schema":{"@context":"https:\/\/schema.org","@graph":[{"@type":"Article","@id":"https:\/\/www.mojekonferencje.pl\/blog\/najlepsze-hotele-na-imprezy-okolicznosciowe-w-lodzi\/#article","isPartOf":{"@id":"https:\/\/www.mojekonferencje.pl\/blog\/najlepsze-hotele-na-imprezy-okolicznosciowe-w-lodzi\/"},"author":{"name":"Julia Gadomska","@id":"https:\/\/www.mojekonferencje.pl\/blog\/#\/schema\/person\/7d6985dc3741882ea12e03b1c3997043"},"headline":"Najlepsze hotele na imprezy okoliczno\u015bciowe w \u0141odzi","datePublished":"2025-12-05T07:00:00+00:00","dateModified":"2026-02-03T09:47:42+00:00","mainEntityOfPage":{"@id":"https:\/\/www.mojekonferencje.pl\/blog\/najlepsze-hotele-na-imprezy-okolicznosciowe-w-lodzi\/"},"wordCount":1580,"image":{"@id":"https:\/\/www.mojekonferencje.pl\/blog\/najlepsze-hotele-na-imprezy-okolicznosciowe-w-lodzi\/#primaryimage"},"thumbnailUrl":"https:\/\/www.mojekonferencje.pl\/blog\/wp-content\/uploads\/2025\/12\/Fotoram.io-2025-12-04T133122.763.jpg","keywords":["eventy \u0141\u00f3d\u017a","Hotele \u0141\u00f3d\u017a","organizacja imprezy okoliczno\u015bciowej \u0141\u00f3d\u017a","sale eventowe \u0141\u00f3d\u017a","wesela \u0141\u00f3d\u017a"],"articleSection":["Porady","Wybieranie miejsca konferencyjnego"],"inLanguage":"pl-PL"},{"@type":"WebPage","@id":"https:\/\/www.mojekonferencje.pl\/blog\/najlepsze-hotele-na-imprezy-okolicznosciowe-w-lodzi\/","url":"https:\/\/www.mojekonferencje.pl\/blog\/najlepsze-hotele-na-imprezy-okolicznosciowe-w-lodzi\/","name":"Najlepsze hotele na imprezy okoliczno\u015bciowe w \u0141odzi - blog | MojeKonferencje.pl","isPartOf":{"@id":"https:\/\/www.mojekonferencje.pl\/blog\/#website"},"primaryImageOfPage":{"@id":"https:\/\/www.mojekonferencje.pl\/blog\/najlepsze-hotele-na-imprezy-okolicznosciowe-w-lodzi\/#primaryimage"},"image":{"@id":"https:\/\/www.mojekonferencje.pl\/blog\/najlepsze-hotele-na-imprezy-okolicznosciowe-w-lodzi\/#primaryimage"},"thumbnailUrl":"https:\/\/www.mojekonferencje.pl\/blog\/wp-content\/uploads\/2025\/12\/Fotoram.io-2025-12-04T133122.763.jpg","datePublished":"2025-12-05T07:00:00+00:00","dateModified":"2026-02-03T09:47:42+00:00","author":{"@id":"https:\/\/www.mojekonferencje.pl\/blog\/#\/schema\/person\/7d6985dc3741882ea12e03b1c3997043"},"description":"Najlepsze hotele na imprezy okoliczno\u015bciowe w \u0141odzi - blog | MojeKonferencje.pl","breadcrumb":{"@id":"https:\/\/www.mojekonferencje.pl\/blog\/najlepsze-hotele-na-imprezy-okolicznosciowe-w-lodzi\/#breadcrumb"},"inLanguage":"pl-PL","potentialAction":[{"@type":"ReadAction","target":["https:\/\/www.mojekonferencje.pl\/blog\/najlepsze-hotele-na-imprezy-okolicznosciowe-w-lodzi\/"]}]},{"@type":"ImageObject","inLanguage":"pl-PL","@id":"https:\/\/www.mojekonferencje.pl\/blog\/najlepsze-hotele-na-imprezy-okolicznosciowe-w-lodzi\/#primaryimage","url":"https:\/\/www.mojekonferencje.pl\/blog\/wp-content\/uploads\/2025\/12\/Fotoram.io-2025-12-04T133122.763.jpg","contentUrl":"https:\/\/www.mojekonferencje.pl\/blog\/wp-content\/uploads\/2025\/12\/Fotoram.io-2025-12-04T133122.763.jpg","width":1200,"height":708,"caption":"Najlepsze hotele na imprezy okoliczno\u015bciowe w \u0141odzi"},{"@type":"BreadcrumbList","@id":"https:\/\/www.mojekonferencje.pl\/blog\/najlepsze-hotele-na-imprezy-okolicznosciowe-w-lodzi\/#breadcrumb","itemListElement":[{"@type":"ListItem","position":1,"name":"Strona g\u0142\u00f3wna","item":"https:\/\/www.mojekonferencje.pl\/blog\/"},{"@type":"ListItem","position":2,"name":"Najlepsze hotele na imprezy okoliczno\u015bciowe w \u0141odzi"}]},{"@type":"WebSite","@id":"https:\/\/www.mojekonferencje.pl\/blog\/#website","url":"https:\/\/www.mojekonferencje.pl\/blog\/","name":"MojeKonferencje.pl","description":"Blog bran\u017cy szkoleniowo-konferencyjnej. W\u0142\u0105cz si\u0119 do dyskusji o obiektach konferencyjnych i nowo\u015bciach z bran\u017cy! Poznaj porady odno\u015bnie organizacji konferencji, szkole\u0144 i event\u00f3w firmowych! Zach\u0119camy do wyra\u017cania opinii oraz komentarzy.","potentialAction":[{"@type":"SearchAction","target":{"@type":"EntryPoint","urlTemplate":"https:\/\/www.mojekonferencje.pl\/blog\/?s={search_term_string}"},"query-input":{"@type":"PropertyValueSpecification","valueRequired":true,"valueName":"search_term_string"}}],"inLanguage":"pl-PL"},{"@type":"Person","@id":"https:\/\/www.mojekonferencje.pl\/blog\/#\/schema\/person\/7d6985dc3741882ea12e03b1c3997043","name":"Julia Gadomska","url":"https:\/\/www.mojekonferencje.pl\/blog\/author\/julia-gadomska\/"}]}},"_links":{"self":[{"href":"https:\/\/www.mojekonferencje.pl\/blog\/wp-json\/wp\/v2\/posts\/8491","targetHints":{"allow":["GET"]}}],"collection":[{"href":"https:\/\/www.mojekonferencje.pl\/blog\/wp-json\/wp\/v2\/posts"}],"about":[{"href":"https:\/\/www.mojekonferencje.pl\/blog\/wp-json\/wp\/v2\/types\/post"}],"author":[{"embeddable":true,"href":"https:\/\/www.mojekonferencje.pl\/blog\/wp-json\/wp\/v2\/users\/21"}],"replies":[{"embeddable":true,"href":"https:\/\/www.mojekonferencje.pl\/blog\/wp-json\/wp\/v2\/comments?post=8491"}],"version-history":[{"count":5,"href":"https:\/\/www.mojekonferencje.pl\/blog\/wp-json\/wp\/v2\/posts\/8491\/revisions"}],"predecessor-version":[{"id":9059,"href":"https:\/\/www.mojekonferencje.pl\/blog\/wp-json\/wp\/v2\/posts\/8491\/revisions\/9059"}],"wp:featuredmedia":[{"embeddable":true,"href":"https:\/\/www.mojekonferencje.pl\/blog\/wp-json\/wp\/v2\/media\/8505"}],"wp:attachment":[{"href":"https:\/\/www.mojekonferencje.pl\/blog\/wp-json\/wp\/v2\/media?parent=8491"}],"wp:term":[{"taxonomy":"category","embeddable":true,"href":"https:\/\/www.mojekonferencje.pl\/blog\/wp-json\/wp\/v2\/categories?post=8491"},{"taxonomy":"post_tag","embeddable":true,"href":"https:\/\/www.mojekonferencje.pl\/blog\/wp-json\/wp\/v2\/tags?post=8491"}],"curies":[{"name":"wp","href":"https:\/\/api.w.org\/{rel}","templated":true}]}}