{"id":8506,"date":"2025-12-09T09:00:00","date_gmt":"2025-12-09T07:00:00","guid":{"rendered":"https:\/\/www.mojekonferencje.pl\/blog\/?p=8506"},"modified":"2026-02-03T11:48:55","modified_gmt":"2026-02-03T09:48:55","slug":"top-obiekty-na-imprezy-okolicznosciowe-w-gdansku-z-widokiem-na-morze","status":"publish","type":"post","link":"https:\/\/www.mojekonferencje.pl\/blog\/top-obiekty-na-imprezy-okolicznosciowe-w-gdansku-z-widokiem-na-morze\/","title":{"rendered":"Top obiekty na imprezy okoliczno\u015bciowe w Gda\u0144sku z widokiem na morze"},"content":{"rendered":"\n<p>W Gda\u0144sku nie brakuje miejsc, kt\u00f3re potrafi\u0105 zamieni\u0107 ka\u017cd\u0105 uroczysto\u015b\u0107 w wyj\u0105tkowe wydarzenie. Obiekty blisko morza wydaj\u0105 si\u0119 bardzo atrakcyjn\u0105 opcj\u0105 na organizacj\u0119 imprez okoliczno\u015bciowych. Malownicza panorama Ba\u0142tyku, eleganckie wn\u0119trza oraz profesjonalna oprawa sprawiaj\u0105, \u017ce organizacja chrzcin, jubileuszu, urodzin czy rodzinnego przyj\u0119cia nad morzem staje si\u0119 prawdziw\u0105 przyjemno\u015bci\u0105. <\/p>\n\n\n\n<p><strong>W niniejszym zestawieniu przedstawiono obiekty, kt\u00f3re oferuj\u0105 wysok\u0105 jako\u015b\u0107 oraz przytuln\u0105 atmosfer\u0119. Dzi\u0119ki temu idealne sprawdz\u0105 si\u0119 na imprezy okoliczno\u015bciowe w Gda\u0144sku z widokiem na morze. Poznajcie nasze propozycje: <\/strong><\/p>\n\n\n\n<figure class=\"wp-block-table\"><table class=\"has-fixed-layout\"><tbody><tr><td><a href=\"https:\/\/www.mojekonferencje.pl\/gdansk\/hotel-platan\">Hotel Platan<\/a><\/td><td><a href=\"https:\/\/www.mojekonferencje.pl\/gdansk\/montownia-gdansk\">Montownia Lofts &amp; Experience Gda\u0144sk<\/a><\/td><\/tr><tr><td><a href=\"https:\/\/www.mojekonferencje.pl\/gdansk\/hotel-admiral\">Hotel Admira\u0142<\/a><\/td><td><a href=\"https:\/\/www.mojekonferencje.pl\/gdansk\/novotel-gdansk-marina\">Novotel Gda\u0144sk Marina<\/a><\/td><\/tr><tr><td><a href=\"https:\/\/www.mojekonferencje.pl\/gdansk\/hotel-grano-w-gdansku\">Hotel Grano w Gda\u0144sku<\/a><\/td><td><a href=\"https:\/\/www.mojekonferencje.pl\/gdansk\/hotel-hilton-gdansk\">Hotel Hilton Gda\u0144sk<\/a><\/td><\/tr><tr><td><a href=\"https:\/\/www.mojekonferencje.pl\/gdansk\/q-hotel-grand-cru-gdansk\">Q Hotel Grand Cru Gda\u0144sk<\/a><\/td><td><a href=\"https:\/\/www.mojekonferencje.pl\/gdansk\/hotel-grano-sol-marina\">Grano Hotel Solmarina<\/a><\/td><\/tr><tr><td><a href=\"https:\/\/www.mojekonferencje.pl\/gdansk\/dwor-uphagena-arche-gdansk\">ARCHE Dw\u00f3r Uphagena Gda\u0144sk<\/a><\/td><td><a href=\"https:\/\/www.mojekonferencje.pl\/gdansk\/stary-manez\">Stary Mane\u017c<\/a><\/td><\/tr><\/tbody><\/table><\/figure>\n\n\n\n<h2 class=\"wp-block-heading has-text-align-center\"><a href=\"https:\/\/www.mojekonferencje.pl\/gdansk\/hotel-platan\"><mark style=\"background-color:rgba(0, 0, 0, 0)\" class=\"has-inline-color has-vivid-purple-color\"><span style=\"text-decoration: underline;\">Hotel Platan<\/span><\/mark><\/a><\/h2>\n\n\n\n<p>To wygodne i dobrze skomunikowane miejsce na <strong>imprezy okoliczno\u015bciowe w Gda\u0144sku<\/strong>, poniewa\u017c znajduje si\u0119 mi\u0119dzy centrum a obwodnicami, co u\u0142atwia dojazd zar\u00f3wno go\u015bciom lokalnym, jak i przyjezdnym. Obiekt oferuje <strong>28 komfortowych pokoi z pe\u0142nym wyposa\u017ceniem<\/strong>. Dzi\u0119ki czemu sprawdza si\u0119 zar\u00f3wno przy kr\u00f3tkich pobytach, jak i d\u0142u\u017cszych wizytach po\u0142\u0105czonych z wydarzeniem.<\/p>\n\n\n\n<p><strong>Hotel Platan<\/strong> dysponuje <strong>trzema salami,<\/strong> kt\u00f3re pozwalaj\u0105 dopasowa\u0107 przestrze\u0144 do charakteru uroczysto\u015bci. <strong>Sala Platanowa to elegancki VIP Room<\/strong> idealny na kameralne spotkania do 40 os\u00f3b. Z kolei <strong>Sala Ogrodowa<\/strong>, z du\u017cymi oknami i widokiem na ziele\u0144, <strong>mie\u015bci do 60 go\u015bci <\/strong>i tworzy jasn\u0105, przyjemn\u0105 atmosfer\u0119. Natomiast najwi\u0119ksza <strong>Sala Sadowa, przeznaczona nawet dla 250 os\u00f3b<\/strong>, zapewnia funkcj\u0119 konferencyjn\u0105 i bankietow\u0105.<\/p>\n\n\n\n<p>Dodatkowym atutem jest <strong>Restauracja Zacisze<\/strong>, kt\u00f3ra serwuje autorsk\u0105 kuchni\u0119 oraz zapewnia catering na przyj\u0119cia. Na miejscu dzia\u0142a tak\u017ce <strong>strefa relaksu z saun\u0105 fi\u0144sk\u0105 i infrared<\/strong>. Dzi\u0119ki temu hotel tworzy sp\u00f3jn\u0105 i komfortow\u0105 przestrze\u0144 do organizacji r\u00f3\u017cnorodnych wydarze\u0144.<\/p>\n\n\n\n<figure class=\"wp-block-image size-full\"><a href=\"https:\/\/www.mojekonferencje.pl\/blog\/wp-content\/uploads\/2025\/12\/m-f-0007-960x580-1.webp\"><img loading=\"lazy\" decoding=\"async\" width=\"960\" height=\"580\" src=\"https:\/\/www.mojekonferencje.pl\/blog\/wp-content\/uploads\/2025\/12\/m-f-0007-960x580-1.webp\" alt=\"\" class=\"wp-image-8507 lazyload\" data-srcset=\"https:\/\/www.mojekonferencje.pl\/blog\/wp-content\/uploads\/2025\/12\/m-f-0007-960x580-1.webp 960w, https:\/\/www.mojekonferencje.pl\/blog\/wp-content\/uploads\/2025\/12\/m-f-0007-960x580-1-300x181.webp 300w, https:\/\/www.mojekonferencje.pl\/blog\/wp-content\/uploads\/2025\/12\/m-f-0007-960x580-1-768x464.webp 768w\" sizes=\"auto\" \/><\/a><\/figure>\n\n\n\n<h2 class=\"wp-block-heading has-text-align-center\"><a href=\"https:\/\/www.mojekonferencje.pl\/gdansk\/montownia-gdansk\"><mark style=\"background-color:rgba(0, 0, 0, 0)\" class=\"has-inline-color has-vivid-purple-color\"><span style=\"text-decoration: underline;\">Montownia Lofts &amp; Experience Gda\u0144sk<\/span><\/mark><\/a><\/h2>\n\n\n\n<p>W zrewitalizowanym, zabytkowym budynku z lat 30. XX wieku powsta\u0142a nowoczesna, wielofunkcyjna przestrze\u0144 <strong>idealna na imprezy okoliczno\u015bciowe w Gda\u0144sku<\/strong>. Dzi\u0119ki centralnej lokalizacji oraz loftowemu charakterowi przyci\u0105ga zar\u00f3wno turyst\u00f3w, jak i mieszka\u0144c\u00f3w. <strong>Montownia Lofts &amp; Experience Gda\u0144sk<\/strong> oferuje <strong>114 przestronnych loft\u00f3w z antresolami, aneksami kuchennymi i cz\u0119\u015bci\u0105 dzienn\u0105<\/strong>, a tak\u017ce najwi\u0119kszy w mie\u015bcie Food Hall, centrum konferencyjne, stref\u0119 relaksu i sal\u0119 zabaw dla dzieci.<\/p>\n\n\n\n<p>Dzi\u0119ki industrialnemu designowi, wysokim sufitom i du\u017cym oknom wn\u0119trza s\u0105 pe\u0142ne \u015bwiat\u0142a i tworz\u0105 wyj\u0105tkowe t\u0142o dla spotka\u0144 oraz wydarze\u0144. Co wi\u0119cej, <strong>przestronne lofty mog\u0105 pomie\u015bci\u0107 do 6 os\u00f3b<\/strong>, co czyni je idealn\u0105 opcj\u0105 dla grup biznesowych i uczestnik\u00f3w konferencji.<\/p>\n\n\n\n<p>Centrum konferencyjne obejmuje<strong> blisko 400 mkw. przestrzeni, trzy multimedialne sale, niezale\u017cne \u0142\u0105cza internetowe oraz kameralny Business Room<\/strong>. Dodatkowo, klimatyczne foyer sprzyja przerwom kawowym i networkingowi. Ca\u0142o\u015b\u0107 uzupe\u0142nia<strong> t\u0119tni\u0105cy \u017cyciem Food Hall<\/strong>, kt\u00f3ry oferuje kuchnie z ca\u0142ego \u015bwiata i stanowi \u015bwietne uzupe\u0142nienie ka\u017cdego wydarzenia.<\/p>\n\n\n\n<figure class=\"wp-block-image size-full\"><a href=\"https:\/\/www.mojekonferencje.pl\/blog\/wp-content\/uploads\/2025\/12\/img-20230621104820-960x580-1.webp\"><img loading=\"lazy\" decoding=\"async\" width=\"960\" height=\"580\" src=\"https:\/\/www.mojekonferencje.pl\/blog\/wp-content\/uploads\/2025\/12\/img-20230621104820-960x580-1.webp\" alt=\"\" class=\"wp-image-8508 lazyload\" data-srcset=\"https:\/\/www.mojekonferencje.pl\/blog\/wp-content\/uploads\/2025\/12\/img-20230621104820-960x580-1.webp 960w, https:\/\/www.mojekonferencje.pl\/blog\/wp-content\/uploads\/2025\/12\/img-20230621104820-960x580-1-300x181.webp 300w, https:\/\/www.mojekonferencje.pl\/blog\/wp-content\/uploads\/2025\/12\/img-20230621104820-960x580-1-768x464.webp 768w\" sizes=\"auto\" \/><\/a><\/figure>\n\n\n\n<h2 class=\"wp-block-heading has-text-align-center\"><a href=\"https:\/\/www.mojekonferencje.pl\/gdansk\/hotel-admiral\"><mark style=\"background-color:rgba(0, 0, 0, 0)\" class=\"has-inline-color has-vivid-purple-color\"><span style=\"text-decoration: underline;\">Hotel Admira\u0142<\/span><\/mark><\/a><\/h2>\n\n\n\n<p>W samym sercu Starego Miasta znajduje si\u0119 <strong>Hotel Admira\u0142, <\/strong>przestrze\u0144 idealna na imprezy okoliczno\u015bciowe w Gda\u0144sku. Dzi\u0119ki \u015bwietnej lokalizacji i profesjonalnej obs\u0142udze obiekt sprawdza si\u0119 podczas konferencji, szkole\u0144, wesel i spotka\u0144 prywatnych.<\/p>\n\n\n\n<p>Do dyspozycji go\u015bci <strong>przygotowano sal\u0119 konferencyjn\u0105 o powierzchni 62 mkw.,<\/strong> wyposa\u017con\u0105 w rzutnik, ekran, flipchart, mikrofony i szybki internet. Sala mie\u015bci <em>do 50 os\u00f3b<\/em> i pozwala na pe\u0142ne zaciemnienie. Obiekt oferuje tak\u017ce<strong> catering i przerwy kawowe<\/strong>, co u\u0142atwia kompleksow\u0105 organizacj\u0119 wydarze\u0144.<\/p>\n\n\n\n<p>Na miejscu znajduje si\u0119 <strong>44 komfortowych pokoi <\/strong>z klimatyzacj\u0105, minibarem, sejfem i szybkim internetem. Pokoje urz\u0105dzono w eleganckim stylu, tworz\u0105c przytuln\u0105 przestrze\u0144 do odpoczynku. Go\u015bcie mog\u0105 r\u00f3wnie\u017c korzysta\u0107 tak\u017ce z<strong> restauracji<\/strong> serwuj\u0105cej dania lokalne i europejskie oraz \u015bniada\u0144 w formie bufetu. Ca\u0142o\u015b\u0107 uzupe\u0142nia <strong>kameralne SPA<\/strong> z saun\u0105, \u0142a\u017ani\u0105 parow\u0105 i zabiegami relaksacyjnymi. Blisko\u015b\u0107 najwa\u017cniejszych atrakcji miasta sprawia, \u017ce obiekt stanowi doskona\u0142\u0105 baz\u0119 wypadow\u0105 do zwiedzania Gda\u0144ska.<\/p>\n\n\n\n<figure class=\"wp-block-image size-full\"><a href=\"https:\/\/www.mojekonferencje.pl\/blog\/wp-content\/uploads\/2025\/12\/34-960x580-1.webp\"><img loading=\"lazy\" decoding=\"async\" width=\"960\" height=\"580\" src=\"https:\/\/www.mojekonferencje.pl\/blog\/wp-content\/uploads\/2025\/12\/34-960x580-1.webp\" alt=\"\" class=\"wp-image-8509 lazyload\" data-srcset=\"https:\/\/www.mojekonferencje.pl\/blog\/wp-content\/uploads\/2025\/12\/34-960x580-1.webp 960w, https:\/\/www.mojekonferencje.pl\/blog\/wp-content\/uploads\/2025\/12\/34-960x580-1-300x181.webp 300w, https:\/\/www.mojekonferencje.pl\/blog\/wp-content\/uploads\/2025\/12\/34-960x580-1-768x464.webp 768w\" sizes=\"auto\" \/><\/a><\/figure>\n\n\n\n<h2 class=\"wp-block-heading has-text-align-center\"><a href=\"https:\/\/www.mojekonferencje.pl\/gdansk\/novotel-gdansk-marina\"><mark style=\"background-color:rgba(0, 0, 0, 0)\" class=\"has-inline-color has-vivid-purple-color\"><span style=\"text-decoration: underline;\">Novotel Gda\u0144sk Marina<\/span><\/mark><\/a><\/h2>\n\n\n\n<p>W malowniczej nadmorskiej lokalizacji znajduje si\u0119 <strong>Novotel Gda\u0144sk Marina<\/strong>. Hotel oferuje komfortowe warunki zar\u00f3wno dla turyst\u00f3w, jak i organizacji imprez okoliczno\u015bciowych w Gda\u0144sku. Dzi\u0119ki po\u0142o\u017ceniu przy Zatoce Gda\u0144skiej zapewnia widok na morze i szybki dost\u0119p do atrakcji miasta.<\/p>\n\n\n\n<p>Do dyspozycji go\u015bci s\u0105 <strong>elegancka restauracja, pi\u0119\u0107 nowoczesnych sal konferencyjnych,<\/strong> kryty basen z saunami, centrum fitness oraz kort tenisowy i boisko do siatk\u00f3wki pla\u017cowej. <strong>Najwi\u0119ksza sala, o powierzchni 330 mkw., pomie\u015bci do 270 os\u00f3b<\/strong>, co sprawia, \u017ce hotel idealnie nadaje si\u0119 na konferencje, szkolenia i bankiety.<\/p>\n\n\n\n<p>Obiekt oferuje<strong> tak\u017ce 194 pokoje z bocznym widokiem na morze<\/strong>, wyposa\u017cone w TV, Wi-Fi, lod\u00f3wk\u0119 i zestaw do kawy i herbaty. <strong>Restauracja Fish &amp; Gin<\/strong> serwuje \u015bwie\u017ce nadmorskie smaki i autorskie koktajle. Przestrze\u0144 na \u015bwie\u017cym powietrzu sprzyja integracji i relaksowi.<\/p>\n\n\n\n<figure class=\"wp-block-image size-full\"><a href=\"https:\/\/www.mojekonferencje.pl\/blog\/wp-content\/uploads\/2025\/12\/3375-ho-00-p-2048x1536-960x580-1.webp\"><img loading=\"lazy\" decoding=\"async\" width=\"960\" height=\"580\" src=\"https:\/\/www.mojekonferencje.pl\/blog\/wp-content\/uploads\/2025\/12\/3375-ho-00-p-2048x1536-960x580-1.webp\" alt=\"\" class=\"wp-image-8510 lazyload\" data-srcset=\"https:\/\/www.mojekonferencje.pl\/blog\/wp-content\/uploads\/2025\/12\/3375-ho-00-p-2048x1536-960x580-1.webp 960w, https:\/\/www.mojekonferencje.pl\/blog\/wp-content\/uploads\/2025\/12\/3375-ho-00-p-2048x1536-960x580-1-300x181.webp 300w, https:\/\/www.mojekonferencje.pl\/blog\/wp-content\/uploads\/2025\/12\/3375-ho-00-p-2048x1536-960x580-1-768x464.webp 768w\" sizes=\"auto\" \/><\/a><\/figure>\n\n\n\n<h2 class=\"wp-block-heading has-text-align-center\"><a href=\"https:\/\/www.mojekonferencje.pl\/gdansk\/hotel-grano-w-gdansku\"><mark style=\"background-color:rgba(0, 0, 0, 0)\" class=\"has-inline-color has-vivid-purple-color\"><span style=\"text-decoration: underline;\">Hotel Grano w Gda\u0144sku<\/span><\/mark><\/a><\/h2>\n\n\n\n<p>W samym sercu Wyspy Spichrz\u00f3w powsta\u0142 nowoczesny obiekt<strong> <\/strong>&#8211; <strong>Hotel Grano w Gda\u0144sku<\/strong>. Dzi\u0119ki blisko\u015bci zabytk\u00f3w i atrakcji Tr\u00f3jmiasta hotel zapewnia wygod\u0119 zwiedzania z komfortem wypoczynku. Go\u015bcie planuj\u0105cy tu spotkanie biznesowe maj\u0105 do dyspozycji <strong>pi\u0119\u0107 klimatyzowanych sal konferencyjnych<\/strong>, w tym <strong>najwi\u0119ksz\u0105 mieszcz\u0105c\u0105 do 115 os\u00f3b<\/strong>. Dodatkowo dost\u0119pna jest kameralna sala szkoleniowa dla <strong>ok. 20 uczestnik\u00f3w<\/strong>. Sale wyposa\u017cone s\u0105 w rzutniki, ekrany, mikrofony i dost\u0119p do Internetu.<\/p>\n\n\n\n<p>Hotel oferuje <strong>designerskie pokoje jedno-, dwu-, trzy- i czteroosobowe<\/strong> oraz apartamenty sze\u015bcioosobowe. Pokoje wyposa\u017cone s\u0105 w eleganckie \u0142azienki, sejf, minibar, TV i zestaw do parzenia kawy i herbaty. Przestrzenie zapewniaj\u0105 <strong>cz\u0119\u015b\u0107 wypoczynkow\u0105 i miejsce do pracy<\/strong>.<\/p>\n\n\n\n<p><strong>Restauracja M\u0142yn<\/strong> serwuje<strong> tradycyjne dania kuchni polskiej<\/strong> w nowoczesnym wydaniu, a w ciep\u0142e dni go\u015bcie mog\u0105 korzysta\u0107 z ogr\u00f3dka letniego z widokiem na Gda\u0144sk. Dodatkowo <strong>obiekt posiada stref\u0119 SPA &amp; Wellness<\/strong> z basenem, jacuzzi, saunami i zabiegami relaksacyjnymi, co tworzy idealne warunki do wypoczynku i regeneracji po dniu pe\u0142nym atrakcji.<\/p>\n\n\n\n<figure class=\"wp-block-image size-full\"><a href=\"https:\/\/www.mojekonferencje.pl\/blog\/wp-content\/uploads\/2025\/12\/img-0111-960x580-1.webp\"><img loading=\"lazy\" decoding=\"async\" width=\"960\" height=\"580\" src=\"https:\/\/www.mojekonferencje.pl\/blog\/wp-content\/uploads\/2025\/12\/img-0111-960x580-1.webp\" alt=\"\" class=\"wp-image-8511 lazyload\" data-srcset=\"https:\/\/www.mojekonferencje.pl\/blog\/wp-content\/uploads\/2025\/12\/img-0111-960x580-1.webp 960w, https:\/\/www.mojekonferencje.pl\/blog\/wp-content\/uploads\/2025\/12\/img-0111-960x580-1-300x181.webp 300w, https:\/\/www.mojekonferencje.pl\/blog\/wp-content\/uploads\/2025\/12\/img-0111-960x580-1-768x464.webp 768w\" sizes=\"auto\" \/><\/a><\/figure>\n\n\n\n<h2 class=\"wp-block-heading has-text-align-center\"><a href=\"https:\/\/www.mojekonferencje.pl\/gdansk\/hotel-hilton-gdansk\"><mark style=\"background-color:rgba(0, 0, 0, 0)\" class=\"has-inline-color has-vivid-purple-color\"><span style=\"text-decoration: underline;\">Hotel Hilton Gda\u0144sk<\/span><\/mark><\/a><\/h2>\n\n\n\n<p>Po\u0142o\u017cony nad Mot\u0142aw\u0105 obiekt oferuje <strong>wyj\u0105tkowe warunki do organizacji imprez okoliczno\u015bciowych w Gda\u0144sku<\/strong>. Hotel z widokiem na zabytkowy \u017buraw i szybkim dost\u0119pem do centrum oraz lotniska to \u015bwietna propozycja dla go\u015bci biznesowych. Hotel zapewnia presti\u017c, komfort i funkcjonalno\u015b\u0107, oferuj\u0105c <strong>150 nowoczesnych pokoi i apartament\u00f3w<\/strong> z klimatyzacj\u0105, TV, sejfem oraz zestawem do kawy i herbaty.<\/p>\n\n\n\n<p>Do dyspozycji go\u015bci jest <strong>600 mkw. sal konferencyjnych i bankietowych<\/strong>, centrum biznesowe oraz mo\u017cliwo\u015b\u0107 organizacji atrakcji dodatkowych. <strong>Restauracja Mercato i taras Urban Beach<\/strong> serwuj\u0105 wykwintne dania i autorskie koktajle, a strefa wellness z basenem, gabinetami kosmetycznymi i fitness zapewnia relaks po dniu pe\u0142nym wydarze\u0144.<\/p>\n\n\n\n<figure class=\"wp-block-image size-full\"><a href=\"https:\/\/www.mojekonferencje.pl\/blog\/wp-content\/uploads\/2025\/12\/homeherobg-960x580-1.webp\"><img loading=\"lazy\" decoding=\"async\" width=\"960\" height=\"580\" src=\"https:\/\/www.mojekonferencje.pl\/blog\/wp-content\/uploads\/2025\/12\/homeherobg-960x580-1.webp\" alt=\"\" class=\"wp-image-8512 lazyload\" data-srcset=\"https:\/\/www.mojekonferencje.pl\/blog\/wp-content\/uploads\/2025\/12\/homeherobg-960x580-1.webp 960w, https:\/\/www.mojekonferencje.pl\/blog\/wp-content\/uploads\/2025\/12\/homeherobg-960x580-1-300x181.webp 300w, https:\/\/www.mojekonferencje.pl\/blog\/wp-content\/uploads\/2025\/12\/homeherobg-960x580-1-768x464.webp 768w\" sizes=\"auto\" \/><\/a><\/figure>\n\n\n\n<h2 class=\"wp-block-heading has-text-align-center\"><a href=\"https:\/\/www.mojekonferencje.pl\/gdansk\/q-hotel-grand-cru-gdansk\"><mark style=\"background-color:rgba(0, 0, 0, 0)\" class=\"has-inline-color has-vivid-purple-color\"><span style=\"text-decoration: underline;\">Q Hotel Grand Cru Gda\u0144sk<\/span><\/mark><\/a><\/h2>\n\n\n\n<p>Po\u0142o\u017cony nad Mot\u0142aw\u0105 butikowy <strong>Q Hotel Grand Cru Gda\u0144sk<\/strong> to kolejna ciekawa propozycja na li\u015bcie. Hotel dysponuje <strong>50 klimatyzowanymi pokojami, dwiema salami konferencyjno-szkoleniowymi,<\/strong> sal\u0105 fitness, saun\u0105. Na miejscu dzia\u0142 tak\u017ce elegancka<strong> Restauracja Grand Cru <\/strong>z winiarni\u0105.<\/p>\n\n\n\n<p><strong>Sale konferencyjne mieszcz\u0105 do 40 os\u00f3b<\/strong> ka\u017cda, a w po\u0142\u0105czeniu <strong>ponad 80 uczestnik\u00f3w<\/strong>, s\u0105 wyposa\u017cone w ekran, rzutnik, flipchart, laptop, nag\u0142o\u015bnienie i Wi-Fi. Restauracja i piwniczka hotelowa zapewniaj\u0105 mo\u017cliwo\u015b\u0107 organizacji przyj\u0119\u0107 weselnych i innych uroczysto\u015bci <strong>nawet dla 100 os\u00f3b<\/strong>. W restauracji serwowane s\u0105 autorskie dania i bogaty wyb\u00f3r win.<\/p>\n\n\n\n<p>Dodatkowo go\u015bcie mog\u0105 korzysta\u0107 z<strong> sauny i pokoju fitness<\/strong>, co pozwala po\u0142\u0105czy\u0107 prac\u0119 i relaks w kameralnej, eleganckiej atmosferze w sercu Gda\u0144ska.<\/p>\n\n\n\n<figure class=\"wp-block-image size-full\"><a href=\"https:\/\/www.mojekonferencje.pl\/blog\/wp-content\/uploads\/2025\/12\/2019-10-10-qhgcgd-2fotobooking-poobrbce-960x580-1.webp\"><img loading=\"lazy\" decoding=\"async\" width=\"960\" height=\"580\" src=\"https:\/\/www.mojekonferencje.pl\/blog\/wp-content\/uploads\/2025\/12\/2019-10-10-qhgcgd-2fotobooking-poobrbce-960x580-1.webp\" alt=\"\" class=\"wp-image-8513 lazyload\" data-srcset=\"https:\/\/www.mojekonferencje.pl\/blog\/wp-content\/uploads\/2025\/12\/2019-10-10-qhgcgd-2fotobooking-poobrbce-960x580-1.webp 960w, https:\/\/www.mojekonferencje.pl\/blog\/wp-content\/uploads\/2025\/12\/2019-10-10-qhgcgd-2fotobooking-poobrbce-960x580-1-300x181.webp 300w, https:\/\/www.mojekonferencje.pl\/blog\/wp-content\/uploads\/2025\/12\/2019-10-10-qhgcgd-2fotobooking-poobrbce-960x580-1-768x464.webp 768w\" sizes=\"auto\" \/><\/a><\/figure>\n\n\n\n<h2 class=\"wp-block-heading has-text-align-center\"><a href=\"https:\/\/www.mojekonferencje.pl\/gdansk\/hotel-grano-sol-marina\"><mark style=\"background-color:rgba(0, 0, 0, 0)\" class=\"has-inline-color has-vivid-purple-color\"><span style=\"text-decoration: underline;\">Grano Hotel Solmarina<\/span><\/mark><\/a><\/h2>\n\n\n\n<p>Po\u0142o\u017cony nad Zatok\u0105 Gda\u0144sk\u0105 hotel zapewnia nowoczesny design z nadmorskim klimatem. Dzi\u0119ki czemu tworzy super warunki na imprezy okoliczno\u015bciowe w Gda\u0144sku. <strong>Grano Hotel Solmarina<\/strong> oferuje <strong>jasne, klimatyzowane pokoje, eleganck\u0105 restauracj\u0119<\/strong>, <strong>Oran\u017ceri\u0119 oraz Sunset Bar<\/strong> z widokiem na marin\u0119.<\/p>\n\n\n\n<p>Dla klient\u00f3w biznesowych przygotowano<strong>dwie sale konferencyjne dla 58\u201390 os\u00f3b<\/strong>, kt\u00f3re mo\u017cna po\u0142\u0105czy\u0107 w <strong>przestrze\u0144 dla 140 uczestnik\u00f3w<\/strong>. Sale s\u0105 wyposa\u017cone w klimatyzacj\u0119, nag\u0142o\u015bnienie, szybki internet i projektor, a na wi\u0119ksze wydarzenia dost\u0119pny jest <strong>namiot eventowy dla 500 os\u00f3b<\/strong>.<\/p>\n\n\n\n<p>Dodatkowo <strong>strefa SPA&amp;Wellness <\/strong>obejmuje basen, jacuzzi, sauny, si\u0142owni\u0119 oraz gabinety zabiegowe. Restauracja serwuje wykwintne dania i koktajle w nadmorskiej scenerii, dzi\u0119ki czemu go\u015bcie mog\u0105 po\u0142\u0105czy\u0107 prac\u0119 z relaksem w jednym miejscu.<\/p>\n\n\n\n<figure class=\"wp-block-image size-full\"><a href=\"https:\/\/www.mojekonferencje.pl\/blog\/wp-content\/uploads\/2025\/12\/1705997262656-202109024131-960x580-1.webp\"><img loading=\"lazy\" decoding=\"async\" width=\"960\" height=\"580\" src=\"https:\/\/www.mojekonferencje.pl\/blog\/wp-content\/uploads\/2025\/12\/1705997262656-202109024131-960x580-1.webp\" alt=\"\" class=\"wp-image-8514 lazyload\" data-srcset=\"https:\/\/www.mojekonferencje.pl\/blog\/wp-content\/uploads\/2025\/12\/1705997262656-202109024131-960x580-1.webp 960w, https:\/\/www.mojekonferencje.pl\/blog\/wp-content\/uploads\/2025\/12\/1705997262656-202109024131-960x580-1-300x181.webp 300w, https:\/\/www.mojekonferencje.pl\/blog\/wp-content\/uploads\/2025\/12\/1705997262656-202109024131-960x580-1-768x464.webp 768w\" sizes=\"auto\" \/><\/a><\/figure>\n\n\n\n<h2 class=\"wp-block-heading has-text-align-center\"><a href=\"https:\/\/www.mojekonferencje.pl\/gdansk\/dwor-uphagena-arche-gdansk\"><mark style=\"background-color:rgba(0, 0, 0, 0)\" class=\"has-inline-color has-vivid-purple-color\"><span style=\"text-decoration: underline;\">ARCHE Dw\u00f3r Uphagena Gda\u0144sk<\/span><\/mark><\/a><\/h2>\n\n\n\n<p class=\"has-text-align-left\">Jest to wyj\u0105tkowe miejsce na imprezy okoliczno\u015bciowe w Gda\u0144sku. Po\u0142o\u017cony w Dolnym Mie\u015bcie <strong>Arche Dw\u00f3r Uphagena<\/strong> Gda\u0144sk<strong> oferuje 143 pokoje<\/strong>, apartamenty oraz klimatyczne Studio, idealne zar\u00f3wno dla go\u015bci indywidualnych, jak i uczestnik\u00f3w wydarze\u0144.<\/p>\n\n\n\n<p class=\"has-text-align-left\">Obiekt dysponuje <strong>dziewi\u0119cioma salami konferencyjnym<\/strong>i, w tym najwi\u0119ksz\u0105 <strong>Sal\u0105 Bastion Mi\u015b dla 120 os\u00f3b<\/strong>, wyposa\u017conymi w klimatyzacj\u0119, projektory, ekrany, mikrofony i dost\u0119p do Internetu.<strong> Restauracja Stara Kuchnia<\/strong> serwuje tradycyjne dania w nowoczesnej ods\u0142onie. Natomiast <strong>Kawiarnia &amp; Bar Maglownia<\/strong> oferuje kaw\u0119 i s\u0142odko\u015bci. Dodatkowo go\u015bcie mog\u0105 korzysta\u0107 ze <strong>strefy Wellness&amp;SPA<\/strong> z saunami, le\u017cakami i si\u0142owni\u0105. Dw\u00f3r Uphagena zapewnia elegancj\u0119, histori\u0119 i funkcjonalno\u015b\u0107,<strong> tworz\u0105c idealne warunki do organizacji r\u00f3\u017cnorodnych wydarze\u0144<\/strong>.<br><\/p>\n\n\n\n<figure class=\"wp-block-image size-full\"><a href=\"https:\/\/www.mojekonferencje.pl\/blog\/wp-content\/uploads\/2025\/12\/du-z-zewn-panorama-z-napisem-mp-power-2022-960x580-1.webp\"><img loading=\"lazy\" decoding=\"async\" width=\"960\" height=\"580\" src=\"https:\/\/www.mojekonferencje.pl\/blog\/wp-content\/uploads\/2025\/12\/du-z-zewn-panorama-z-napisem-mp-power-2022-960x580-1.webp\" alt=\"\" class=\"wp-image-8515 lazyload\" data-srcset=\"https:\/\/www.mojekonferencje.pl\/blog\/wp-content\/uploads\/2025\/12\/du-z-zewn-panorama-z-napisem-mp-power-2022-960x580-1.webp 960w, https:\/\/www.mojekonferencje.pl\/blog\/wp-content\/uploads\/2025\/12\/du-z-zewn-panorama-z-napisem-mp-power-2022-960x580-1-300x181.webp 300w, https:\/\/www.mojekonferencje.pl\/blog\/wp-content\/uploads\/2025\/12\/du-z-zewn-panorama-z-napisem-mp-power-2022-960x580-1-768x464.webp 768w\" sizes=\"auto\" \/><\/a><\/figure>\n\n\n\n<h2 class=\"wp-block-heading has-text-align-center\"><a href=\"https:\/\/www.mojekonferencje.pl\/gdansk\/stary-manez\"><mark style=\"background-color:rgba(0, 0, 0, 0)\" class=\"has-inline-color has-vivid-purple-color\"><span style=\"text-decoration: underline;\">Stary Mane\u017c<\/span><\/mark><\/a><\/h2>\n\n\n\n<p>Budynek Starego Mane\u017cu \u0142\u0105czy przestrze\u0144 z nowoczesnym designem. Dawna uje\u017cd\u017calnia huzar\u00f3w pruskich zosta\u0142a odrestaurowana, oferuj\u0105c przestronne, klimatyzowane wn\u0119trza z wysokimi sufitami, naturalnym \u015bwiat\u0142em i designerskim wystrojem. Przestrzenie te idealnie sprawdzaj\u0105 si\u0119 podczas konferencji, szkole\u0144, bankiet\u00f3w i koncert\u00f3w.<\/p>\n\n\n\n<p>Najwi\u0119ksza <strong>sala konferencyjno-widowiskowa mie\u015bci 1490 os\u00f3b<\/strong>. Wyposa\u017cona jest w profesjonalny system nag\u0142o\u015bnienia, o\u015bwietlenia i wielokolorowe reflektory. Natomiast dla bardziej kameralnych spotka\u0144 dost\u0119pny jest <strong>nowoczesny wine bar,<\/strong> kt\u00f3ry zapewnia komfortow\u0105 atmosfer\u0119 do dyskusji i integracji.<\/p>\n\n\n\n<p>Dope\u0142nieniem oferty jest <strong>Smart Hotel po\u0142o\u017cony zaledwie 300 m od obiektu, dysponuj\u0105cy 100 nowoczesnymi pokojami dla 198 go\u015bci,<\/strong> parkingiem i bezp\u0142atnym Wi-Fi. R<strong>estauracja Starego Mane\u017cu<\/strong> serwuje autorskie potrawy, tapas, meze i pincho. W restauracji go\u015bcie mog\u0105 tak\u017ce spr\u00f3bowa\u0107 lokalnego piwa rzemie\u015blniczego oraz francuskiego wina. Bezpo\u015brednie s\u0105siedztwo parku pozwala na relaks na \u015bwie\u017cym powietrzu po intensywnych spotkaniach.<\/p>\n\n\n\n<figure class=\"wp-block-image size-full\"><a href=\"https:\/\/www.mojekonferencje.pl\/blog\/wp-content\/uploads\/2025\/12\/obiekt-stary-manez-front-960x580-1.webp\"><img loading=\"lazy\" decoding=\"async\" width=\"960\" height=\"580\" src=\"https:\/\/www.mojekonferencje.pl\/blog\/wp-content\/uploads\/2025\/12\/obiekt-stary-manez-front-960x580-1.webp\" alt=\"\" class=\"wp-image-8516 lazyload\" data-srcset=\"https:\/\/www.mojekonferencje.pl\/blog\/wp-content\/uploads\/2025\/12\/obiekt-stary-manez-front-960x580-1.webp 960w, https:\/\/www.mojekonferencje.pl\/blog\/wp-content\/uploads\/2025\/12\/obiekt-stary-manez-front-960x580-1-300x181.webp 300w, https:\/\/www.mojekonferencje.pl\/blog\/wp-content\/uploads\/2025\/12\/obiekt-stary-manez-front-960x580-1-768x464.webp 768w\" sizes=\"auto\" \/><\/a><\/figure>\n\n\n\n<p>Organizacja<strong> imprezy okoliczno\u015bciowej nad morzem w Gda\u0144sku<\/strong> to gwarancja niezapomnianych wra\u017ce\u0144 i wyj\u0105tkowej atmosfery. Wybieraj\u0105c obiekty z widokiem na Ba\u0142tyk, mo\u017cna po\u0142\u0105czy\u0107 elegancj\u0119, komfort i pi\u0119kno nadmorskich krajobraz\u00f3w, co sprawia, \u017ce ka\u017cda uroczysto\u015b\u0107 staje si\u0119 wyj\u0105tkowa.<strong> Gda\u0144skie miejsca z widokiem na morze <\/strong>oferuj\u0105 przestrze\u0144, profesjonaln\u0105 obs\u0142ug\u0119 i niezapomniane widoki, kt\u00f3re zachwyc\u0105 go\u015bci biznesowych. Z pewno\u015bci\u0105 b\u0119d\u0105 oni mile wspomina\u0107 pobyt na spotkaniu okoliczno\u015bciowym nad morzemw Gda\u0144sku. \ud83d\ude42<\/p>\n\n\n\n<p>Zerknijcie koniecznie na obiekty na <a href=\"https:\/\/www.mojekonferencje.pl\/blog\/najlepsze-hotele-na-imprezy-okolicznosciowe-we-wroclawiu\/\">imprezy okoliczno\u015bciowe we Wroc\u0142awiu<\/a> czy Krakowie, kt\u00f3re ju\u017c wcze\u015bniej dla was przygotowali\u015bmy! \ud83d\ude42<\/p>\n\n\n\n<p><\/p>\n","protected":false},"excerpt":{"rendered":"<p>W Gda\u0144sku wiele miejsc nad morzem zapewnia pi\u0119kny widok na Ba\u0142tyk, eleganckie wn\u0119trza i profesjonaln\u0105 obs\u0142ug\u0119, dzi\u0119ki czemu ka\u017cda uroczysto\u015b\u0107, staje si\u0119 wyj\u0105tkowa.<\/p>\n","protected":false},"author":21,"featured_media":8522,"comment_status":"closed","ping_status":"closed","sticky":false,"template":"","format":"standard","meta":{"_acf_changed":false,"footnotes":""},"categories":[8,175],"tags":[570,567,566,569,568],"class_list":["post-8506","post","type-post","status-publish","format-standard","has-post-thumbnail","hentry","category-porady","category-wybieranie-miejsca-konferencyjnego","tag-eleganckie-obiekty-nad-baltykiem","tag-imprezy-okolicznosciowe-gdansk","tag-miejsca-na-przyjecia-nad-morzem","tag-organizacja-imprez-gdansk","tag-sale-z-widokiem-na-morze"],"acf":[],"yoast_head":"<!-- This site is optimized with the Yoast SEO plugin v27.1.1 - https:\/\/yoast.com\/product\/yoast-seo-wordpress\/ -->\n<title>Top obiekty na imprezy okoliczno\u015bciowe w Gda\u0144sku z widokiem na morze - blog | MojeKonferencje.pl<\/title>\n<meta name=\"description\" content=\"Top obiekty na imprezy okoliczno\u015bciowe w Gda\u0144sku z widokiem na morze - blog | MojeKonferencje.pl\" \/>\n<meta name=\"robots\" content=\"index, follow, max-snippet:-1, max-image-preview:large, max-video-preview:-1\" \/>\n<link rel=\"canonical\" href=\"https:\/\/www.mojekonferencje.pl\/blog\/top-obiekty-na-imprezy-okolicznosciowe-w-gdansku-z-widokiem-na-morze\/\" \/>\n<meta property=\"og:locale\" content=\"pl_PL\" \/>\n<meta property=\"og:type\" content=\"article\" \/>\n<meta property=\"og:title\" content=\"Top obiekty na imprezy okoliczno\u015bciowe w Gda\u0144sku z widokiem na morze - blog | MojeKonferencje.pl\" \/>\n<meta property=\"og:description\" content=\"Top obiekty na imprezy okoliczno\u015bciowe w Gda\u0144sku z widokiem na morze - blog | MojeKonferencje.pl\" \/>\n<meta property=\"og:url\" content=\"https:\/\/www.mojekonferencje.pl\/blog\/top-obiekty-na-imprezy-okolicznosciowe-w-gdansku-z-widokiem-na-morze\/\" \/>\n<meta property=\"og:site_name\" content=\"MojeKonferencje.pl\" \/>\n<meta property=\"article:published_time\" content=\"2025-12-09T07:00:00+00:00\" \/>\n<meta property=\"article:modified_time\" content=\"2026-02-03T09:48:55+00:00\" \/>\n<meta property=\"og:image\" content=\"https:\/\/www.mojekonferencje.pl\/blog\/wp-content\/uploads\/2025\/12\/Fotoram.io-2025-12-08T111342.055.jpg\" \/>\n\t<meta property=\"og:image:width\" content=\"1200\" \/>\n\t<meta property=\"og:image:height\" content=\"708\" \/>\n\t<meta property=\"og:image:type\" content=\"image\/jpeg\" \/>\n<meta name=\"author\" content=\"Julia Gadomska\" \/>\n<meta name=\"twitter:card\" content=\"summary_large_image\" \/>\n<meta name=\"twitter:label1\" content=\"Napisane przez\" \/>\n\t<meta name=\"twitter:data1\" content=\"Julia Gadomska\" \/>\n\t<meta name=\"twitter:label2\" content=\"Szacowany czas czytania\" \/>\n\t<meta name=\"twitter:data2\" content=\"12 minut\" \/>\n<script type=\"application\/ld+json\" class=\"yoast-schema-graph\">{\"@context\":\"https:\/\/schema.org\",\"@graph\":[{\"@type\":\"Article\",\"@id\":\"https:\/\/www.mojekonferencje.pl\/blog\/top-obiekty-na-imprezy-okolicznosciowe-w-gdansku-z-widokiem-na-morze\/#article\",\"isPartOf\":{\"@id\":\"https:\/\/www.mojekonferencje.pl\/blog\/top-obiekty-na-imprezy-okolicznosciowe-w-gdansku-z-widokiem-na-morze\/\"},\"author\":{\"name\":\"Julia Gadomska\",\"@id\":\"https:\/\/www.mojekonferencje.pl\/blog\/#\/schema\/person\/7d6985dc3741882ea12e03b1c3997043\"},\"headline\":\"Top obiekty na imprezy okoliczno\u015bciowe w Gda\u0144sku z widokiem na morze\",\"datePublished\":\"2025-12-09T07:00:00+00:00\",\"dateModified\":\"2026-02-03T09:48:55+00:00\",\"mainEntityOfPage\":{\"@id\":\"https:\/\/www.mojekonferencje.pl\/blog\/top-obiekty-na-imprezy-okolicznosciowe-w-gdansku-z-widokiem-na-morze\/\"},\"wordCount\":1756,\"image\":{\"@id\":\"https:\/\/www.mojekonferencje.pl\/blog\/top-obiekty-na-imprezy-okolicznosciowe-w-gdansku-z-widokiem-na-morze\/#primaryimage\"},\"thumbnailUrl\":\"https:\/\/www.mojekonferencje.pl\/blog\/wp-content\/uploads\/2025\/12\/Fotoram.io-2025-12-08T111342.055.jpg\",\"keywords\":[\"eleganckie obiekty nad Ba\u0142tykiem\",\"imprezy okoliczno\u015bciowe Gda\u0144sk\",\"miejsca na przyj\u0119cia nad morzem\",\"organizacja imprez Gda\u0144sk\",\"sale z widokiem na morze\"],\"articleSection\":[\"Porady\",\"Wybieranie miejsca konferencyjnego\"],\"inLanguage\":\"pl-PL\"},{\"@type\":\"WebPage\",\"@id\":\"https:\/\/www.mojekonferencje.pl\/blog\/top-obiekty-na-imprezy-okolicznosciowe-w-gdansku-z-widokiem-na-morze\/\",\"url\":\"https:\/\/www.mojekonferencje.pl\/blog\/top-obiekty-na-imprezy-okolicznosciowe-w-gdansku-z-widokiem-na-morze\/\",\"name\":\"Top obiekty na imprezy okoliczno\u015bciowe w Gda\u0144sku z widokiem na morze - blog | MojeKonferencje.pl\",\"isPartOf\":{\"@id\":\"https:\/\/www.mojekonferencje.pl\/blog\/#website\"},\"primaryImageOfPage\":{\"@id\":\"https:\/\/www.mojekonferencje.pl\/blog\/top-obiekty-na-imprezy-okolicznosciowe-w-gdansku-z-widokiem-na-morze\/#primaryimage\"},\"image\":{\"@id\":\"https:\/\/www.mojekonferencje.pl\/blog\/top-obiekty-na-imprezy-okolicznosciowe-w-gdansku-z-widokiem-na-morze\/#primaryimage\"},\"thumbnailUrl\":\"https:\/\/www.mojekonferencje.pl\/blog\/wp-content\/uploads\/2025\/12\/Fotoram.io-2025-12-08T111342.055.jpg\",\"datePublished\":\"2025-12-09T07:00:00+00:00\",\"dateModified\":\"2026-02-03T09:48:55+00:00\",\"author\":{\"@id\":\"https:\/\/www.mojekonferencje.pl\/blog\/#\/schema\/person\/7d6985dc3741882ea12e03b1c3997043\"},\"description\":\"Top obiekty na imprezy okoliczno\u015bciowe w Gda\u0144sku z widokiem na morze - blog | MojeKonferencje.pl\",\"breadcrumb\":{\"@id\":\"https:\/\/www.mojekonferencje.pl\/blog\/top-obiekty-na-imprezy-okolicznosciowe-w-gdansku-z-widokiem-na-morze\/#breadcrumb\"},\"inLanguage\":\"pl-PL\",\"potentialAction\":[{\"@type\":\"ReadAction\",\"target\":[\"https:\/\/www.mojekonferencje.pl\/blog\/top-obiekty-na-imprezy-okolicznosciowe-w-gdansku-z-widokiem-na-morze\/\"]}]},{\"@type\":\"ImageObject\",\"inLanguage\":\"pl-PL\",\"@id\":\"https:\/\/www.mojekonferencje.pl\/blog\/top-obiekty-na-imprezy-okolicznosciowe-w-gdansku-z-widokiem-na-morze\/#primaryimage\",\"url\":\"https:\/\/www.mojekonferencje.pl\/blog\/wp-content\/uploads\/2025\/12\/Fotoram.io-2025-12-08T111342.055.jpg\",\"contentUrl\":\"https:\/\/www.mojekonferencje.pl\/blog\/wp-content\/uploads\/2025\/12\/Fotoram.io-2025-12-08T111342.055.jpg\",\"width\":1200,\"height\":708},{\"@type\":\"BreadcrumbList\",\"@id\":\"https:\/\/www.mojekonferencje.pl\/blog\/top-obiekty-na-imprezy-okolicznosciowe-w-gdansku-z-widokiem-na-morze\/#breadcrumb\",\"itemListElement\":[{\"@type\":\"ListItem\",\"position\":1,\"name\":\"Strona g\u0142\u00f3wna\",\"item\":\"https:\/\/www.mojekonferencje.pl\/blog\/\"},{\"@type\":\"ListItem\",\"position\":2,\"name\":\"Top obiekty na imprezy okoliczno\u015bciowe w Gda\u0144sku z widokiem na morze\"}]},{\"@type\":\"WebSite\",\"@id\":\"https:\/\/www.mojekonferencje.pl\/blog\/#website\",\"url\":\"https:\/\/www.mojekonferencje.pl\/blog\/\",\"name\":\"MojeKonferencje.pl\",\"description\":\"Blog bran\u017cy szkoleniowo-konferencyjnej. W\u0142\u0105cz si\u0119 do dyskusji o obiektach konferencyjnych i nowo\u015bciach z bran\u017cy! Poznaj porady odno\u015bnie organizacji konferencji, szkole\u0144 i event\u00f3w firmowych! Zach\u0119camy do wyra\u017cania opinii oraz komentarzy.\",\"potentialAction\":[{\"@type\":\"SearchAction\",\"target\":{\"@type\":\"EntryPoint\",\"urlTemplate\":\"https:\/\/www.mojekonferencje.pl\/blog\/?s={search_term_string}\"},\"query-input\":{\"@type\":\"PropertyValueSpecification\",\"valueRequired\":true,\"valueName\":\"search_term_string\"}}],\"inLanguage\":\"pl-PL\"},{\"@type\":\"Person\",\"@id\":\"https:\/\/www.mojekonferencje.pl\/blog\/#\/schema\/person\/7d6985dc3741882ea12e03b1c3997043\",\"name\":\"Julia Gadomska\",\"url\":\"https:\/\/www.mojekonferencje.pl\/blog\/author\/julia-gadomska\/\"}]}<\/script>\n<!-- \/ Yoast SEO plugin. -->","yoast_head_json":{"title":"Top obiekty na imprezy okoliczno\u015bciowe w Gda\u0144sku z widokiem na morze - blog | MojeKonferencje.pl","description":"Top obiekty na imprezy okoliczno\u015bciowe w Gda\u0144sku z widokiem na morze - blog | MojeKonferencje.pl","robots":{"index":"index","follow":"follow","max-snippet":"max-snippet:-1","max-image-preview":"max-image-preview:large","max-video-preview":"max-video-preview:-1"},"canonical":"https:\/\/www.mojekonferencje.pl\/blog\/top-obiekty-na-imprezy-okolicznosciowe-w-gdansku-z-widokiem-na-morze\/","og_locale":"pl_PL","og_type":"article","og_title":"Top obiekty na imprezy okoliczno\u015bciowe w Gda\u0144sku z widokiem na morze - blog | MojeKonferencje.pl","og_description":"Top obiekty na imprezy okoliczno\u015bciowe w Gda\u0144sku z widokiem na morze - blog | MojeKonferencje.pl","og_url":"https:\/\/www.mojekonferencje.pl\/blog\/top-obiekty-na-imprezy-okolicznosciowe-w-gdansku-z-widokiem-na-morze\/","og_site_name":"MojeKonferencje.pl","article_published_time":"2025-12-09T07:00:00+00:00","article_modified_time":"2026-02-03T09:48:55+00:00","og_image":[{"width":1200,"height":708,"url":"https:\/\/www.mojekonferencje.pl\/blog\/wp-content\/uploads\/2025\/12\/Fotoram.io-2025-12-08T111342.055.jpg","type":"image\/jpeg"}],"author":"Julia Gadomska","twitter_card":"summary_large_image","twitter_misc":{"Napisane przez":"Julia Gadomska","Szacowany czas czytania":"12 minut"},"schema":{"@context":"https:\/\/schema.org","@graph":[{"@type":"Article","@id":"https:\/\/www.mojekonferencje.pl\/blog\/top-obiekty-na-imprezy-okolicznosciowe-w-gdansku-z-widokiem-na-morze\/#article","isPartOf":{"@id":"https:\/\/www.mojekonferencje.pl\/blog\/top-obiekty-na-imprezy-okolicznosciowe-w-gdansku-z-widokiem-na-morze\/"},"author":{"name":"Julia Gadomska","@id":"https:\/\/www.mojekonferencje.pl\/blog\/#\/schema\/person\/7d6985dc3741882ea12e03b1c3997043"},"headline":"Top obiekty na imprezy okoliczno\u015bciowe w Gda\u0144sku z widokiem na morze","datePublished":"2025-12-09T07:00:00+00:00","dateModified":"2026-02-03T09:48:55+00:00","mainEntityOfPage":{"@id":"https:\/\/www.mojekonferencje.pl\/blog\/top-obiekty-na-imprezy-okolicznosciowe-w-gdansku-z-widokiem-na-morze\/"},"wordCount":1756,"image":{"@id":"https:\/\/www.mojekonferencje.pl\/blog\/top-obiekty-na-imprezy-okolicznosciowe-w-gdansku-z-widokiem-na-morze\/#primaryimage"},"thumbnailUrl":"https:\/\/www.mojekonferencje.pl\/blog\/wp-content\/uploads\/2025\/12\/Fotoram.io-2025-12-08T111342.055.jpg","keywords":["eleganckie obiekty nad Ba\u0142tykiem","imprezy okoliczno\u015bciowe Gda\u0144sk","miejsca na przyj\u0119cia nad morzem","organizacja imprez Gda\u0144sk","sale z widokiem na morze"],"articleSection":["Porady","Wybieranie miejsca konferencyjnego"],"inLanguage":"pl-PL"},{"@type":"WebPage","@id":"https:\/\/www.mojekonferencje.pl\/blog\/top-obiekty-na-imprezy-okolicznosciowe-w-gdansku-z-widokiem-na-morze\/","url":"https:\/\/www.mojekonferencje.pl\/blog\/top-obiekty-na-imprezy-okolicznosciowe-w-gdansku-z-widokiem-na-morze\/","name":"Top obiekty na imprezy okoliczno\u015bciowe w Gda\u0144sku z widokiem na morze - blog | MojeKonferencje.pl","isPartOf":{"@id":"https:\/\/www.mojekonferencje.pl\/blog\/#website"},"primaryImageOfPage":{"@id":"https:\/\/www.mojekonferencje.pl\/blog\/top-obiekty-na-imprezy-okolicznosciowe-w-gdansku-z-widokiem-na-morze\/#primaryimage"},"image":{"@id":"https:\/\/www.mojekonferencje.pl\/blog\/top-obiekty-na-imprezy-okolicznosciowe-w-gdansku-z-widokiem-na-morze\/#primaryimage"},"thumbnailUrl":"https:\/\/www.mojekonferencje.pl\/blog\/wp-content\/uploads\/2025\/12\/Fotoram.io-2025-12-08T111342.055.jpg","datePublished":"2025-12-09T07:00:00+00:00","dateModified":"2026-02-03T09:48:55+00:00","author":{"@id":"https:\/\/www.mojekonferencje.pl\/blog\/#\/schema\/person\/7d6985dc3741882ea12e03b1c3997043"},"description":"Top obiekty na imprezy okoliczno\u015bciowe w Gda\u0144sku z widokiem na morze - blog | MojeKonferencje.pl","breadcrumb":{"@id":"https:\/\/www.mojekonferencje.pl\/blog\/top-obiekty-na-imprezy-okolicznosciowe-w-gdansku-z-widokiem-na-morze\/#breadcrumb"},"inLanguage":"pl-PL","potentialAction":[{"@type":"ReadAction","target":["https:\/\/www.mojekonferencje.pl\/blog\/top-obiekty-na-imprezy-okolicznosciowe-w-gdansku-z-widokiem-na-morze\/"]}]},{"@type":"ImageObject","inLanguage":"pl-PL","@id":"https:\/\/www.mojekonferencje.pl\/blog\/top-obiekty-na-imprezy-okolicznosciowe-w-gdansku-z-widokiem-na-morze\/#primaryimage","url":"https:\/\/www.mojekonferencje.pl\/blog\/wp-content\/uploads\/2025\/12\/Fotoram.io-2025-12-08T111342.055.jpg","contentUrl":"https:\/\/www.mojekonferencje.pl\/blog\/wp-content\/uploads\/2025\/12\/Fotoram.io-2025-12-08T111342.055.jpg","width":1200,"height":708},{"@type":"BreadcrumbList","@id":"https:\/\/www.mojekonferencje.pl\/blog\/top-obiekty-na-imprezy-okolicznosciowe-w-gdansku-z-widokiem-na-morze\/#breadcrumb","itemListElement":[{"@type":"ListItem","position":1,"name":"Strona g\u0142\u00f3wna","item":"https:\/\/www.mojekonferencje.pl\/blog\/"},{"@type":"ListItem","position":2,"name":"Top obiekty na imprezy okoliczno\u015bciowe w Gda\u0144sku z widokiem na morze"}]},{"@type":"WebSite","@id":"https:\/\/www.mojekonferencje.pl\/blog\/#website","url":"https:\/\/www.mojekonferencje.pl\/blog\/","name":"MojeKonferencje.pl","description":"Blog bran\u017cy szkoleniowo-konferencyjnej. W\u0142\u0105cz si\u0119 do dyskusji o obiektach konferencyjnych i nowo\u015bciach z bran\u017cy! Poznaj porady odno\u015bnie organizacji konferencji, szkole\u0144 i event\u00f3w firmowych! Zach\u0119camy do wyra\u017cania opinii oraz komentarzy.","potentialAction":[{"@type":"SearchAction","target":{"@type":"EntryPoint","urlTemplate":"https:\/\/www.mojekonferencje.pl\/blog\/?s={search_term_string}"},"query-input":{"@type":"PropertyValueSpecification","valueRequired":true,"valueName":"search_term_string"}}],"inLanguage":"pl-PL"},{"@type":"Person","@id":"https:\/\/www.mojekonferencje.pl\/blog\/#\/schema\/person\/7d6985dc3741882ea12e03b1c3997043","name":"Julia Gadomska","url":"https:\/\/www.mojekonferencje.pl\/blog\/author\/julia-gadomska\/"}]}},"_links":{"self":[{"href":"https:\/\/www.mojekonferencje.pl\/blog\/wp-json\/wp\/v2\/posts\/8506","targetHints":{"allow":["GET"]}}],"collection":[{"href":"https:\/\/www.mojekonferencje.pl\/blog\/wp-json\/wp\/v2\/posts"}],"about":[{"href":"https:\/\/www.mojekonferencje.pl\/blog\/wp-json\/wp\/v2\/types\/post"}],"author":[{"embeddable":true,"href":"https:\/\/www.mojekonferencje.pl\/blog\/wp-json\/wp\/v2\/users\/21"}],"replies":[{"embeddable":true,"href":"https:\/\/www.mojekonferencje.pl\/blog\/wp-json\/wp\/v2\/comments?post=8506"}],"version-history":[{"count":6,"href":"https:\/\/www.mojekonferencje.pl\/blog\/wp-json\/wp\/v2\/posts\/8506\/revisions"}],"predecessor-version":[{"id":8963,"href":"https:\/\/www.mojekonferencje.pl\/blog\/wp-json\/wp\/v2\/posts\/8506\/revisions\/8963"}],"wp:featuredmedia":[{"embeddable":true,"href":"https:\/\/www.mojekonferencje.pl\/blog\/wp-json\/wp\/v2\/media\/8522"}],"wp:attachment":[{"href":"https:\/\/www.mojekonferencje.pl\/blog\/wp-json\/wp\/v2\/media?parent=8506"}],"wp:term":[{"taxonomy":"category","embeddable":true,"href":"https:\/\/www.mojekonferencje.pl\/blog\/wp-json\/wp\/v2\/categories?post=8506"},{"taxonomy":"post_tag","embeddable":true,"href":"https:\/\/www.mojekonferencje.pl\/blog\/wp-json\/wp\/v2\/tags?post=8506"}],"curies":[{"name":"wp","href":"https:\/\/api.w.org\/{rel}","templated":true}]}}