{"id":8529,"date":"2025-12-15T09:00:00","date_gmt":"2025-12-15T07:00:00","guid":{"rendered":"https:\/\/www.mojekonferencje.pl\/blog\/?p=8529"},"modified":"2026-02-03T11:51:15","modified_gmt":"2026-02-03T09:51:15","slug":"hotele-nad-baltykiem-na-imprezy-firmowe-i-konferencje","status":"publish","type":"post","link":"https:\/\/www.mojekonferencje.pl\/blog\/hotele-nad-baltykiem-na-imprezy-firmowe-i-konferencje\/","title":{"rendered":"Hotele nad Ba\u0142tykiem na imprezy firmowe i konferencje"},"content":{"rendered":"\n<p><strong>Nadmorskie hotele <\/strong>to miejsca, kt\u00f3re \u015bwietnie sprawdzaj\u0105 si\u0119 podczas firmowych wyjazd\u00f3w, konferencji i r\u00f3\u017cnego rodzaju spotka\u0144 biznesowych. Blisko\u015b\u0107 morza, szerokie pla\u017ce i spokojna atmosfera pomagaj\u0105 uczestnikom oderwa\u0107 si\u0119 od codziennych obowi\u0105zk\u00f3w i skupi\u0107 na tym, co najwa\u017cniejsze &#8211; rozmowach, integracji i pracy nad wsp\u00f3lnymi projektami. <strong>Obiekty po\u0142o\u017cone nad Ba\u0142tykiem <\/strong>oferuj\u0105 nowoczesne sale, wygodne pokoje i dobr\u0105 baz\u0119 gastronomiczn\u0105. Dzi\u0119ki czemu mo\u017cna tu zorganizowa\u0107 zar\u00f3wno kameralne szkolenie, jak i wi\u0119kszy event dla ca\u0142ego zespo\u0142u.<\/p>\n\n\n\n<p><strong>Poznajcie najlepsze <a href=\"https:\/\/www.mojekonferencje.pl\/obiekty-konferencyjne-nad-morzem\">hotele nad Ba\u0142tykiem <\/a>na konferencje i szkolenia biznesowe. W\u015br\u00f3d nich warto wyr\u00f3\u017cni\u0107 obiekty takie jak: <br><\/strong><\/p>\n\n\n\n<figure class=\"wp-block-table\"><table class=\"has-fixed-layout\"><tbody><tr><td><a href=\"https:\/\/www.mojekonferencje.pl\/wladyslawowo\/hotel-gwiazda-morza-wladyslawowo\\\">Gwiazda Morza Resort SPA&amp;SPORT<\/a><\/td><td><a href=\"https:\/\/www.mojekonferencje.pl\/dzwirzyno\/havet-hotel-resort--spa\">HAVET HOTEL Resort &amp; SPA<\/a><\/td><\/tr><tr><td><a href=\"https:\/\/www.mojekonferencje.pl\/darlowo\/hotel-lidia--spa--wellness\">Hotel Lidia SPA &amp; Wellness<\/a><\/td><td><a href=\"https:\/\/www.mojekonferencje.pl\/kolobrzeg\/seaside-park-kolobrzeg\">Seaside Park Ko\u0142obrzeg<\/a><\/td><\/tr><tr><td><a href=\"https:\/\/www.mojekonferencje.pl\/kolobrzeg\/osrodek-wypoczynkowy-wiga\">O\u015brodek Wypoczynkowy Wiga<\/a><\/td><td><a href=\"https:\/\/www.mojekonferencje.pl\/gdynia\/hotel-mercure-gdynia-centrum\">Hotel Mercure Gdynia Centrum<\/a><\/td><\/tr><tr><td><a href=\"https:\/\/www.mojekonferencje.pl\/jaroslawiec\/resort-krol-plaza-spa-wellness\">Resort Kr\u00f3l Plaza SPA &amp; Wellness<\/a><\/td><td><a href=\"https:\/\/www.mojekonferencje.pl\/krynica-morska\/hotel-morski-widok\">Hotel Morski Widok<\/a><\/td><\/tr><tr><td><a href=\"https:\/\/www.mojekonferencje.pl\/sopot\/sheraton-sopot-hotel\">Sheraton Sopot Hotel<\/a><\/td><td><a href=\"https:\/\/www.mojekonferencje.pl\/jastrzebia-gora\/hotel-astor\">Hotel Astor<\/a><\/td><\/tr><\/tbody><\/table><\/figure>\n\n\n\n<h2 class=\"wp-block-heading has-text-align-center\"><a href=\"https:\/\/www.mojekonferencje.pl\/wladyslawowo\/hotel-gwiazda-morza-wladyslawowo\\\"><mark style=\"background-color:rgba(0, 0, 0, 0)\" class=\"has-inline-color has-vivid-purple-color\"><span style=\"text-decoration: underline;\">Gwiazda Morza Resort SPA&amp;SPORT<\/span><\/mark><\/a><\/h2>\n\n\n\n<p>Na pocz\u0105tku warto wspomnie\u0107 o obiekcie jakim jest Gwiazda Morza Resort SPA&amp;SPORT. To nowoczesny hotel konferencyjny nad Ba\u0142tykiem, po\u0142o\u017cony tu\u017c przy pla\u017cy we W\u0142adys\u0142awowie, idealny na konferencje, szkolenia i eventy firmowe. Obiekt oferuje <strong>ponad 500 mkw. przestrzeni konferencyjnej<\/strong>, obejmuj\u0105cej <strong>6 profesjonalnych sal<\/strong>. Przestrzenie umo\u017cliwiaj\u0105 <strong>organizacj\u0119 spotka\u0144 do 200 uczestnik\u00f3w<\/strong>.<\/p>\n\n\n\n<p>Hotel zapewnia komfortow\u0105 <strong>baz\u0119 noclegow\u0105 dla oko\u0142o 400 os\u00f3b<\/strong>. Ponadto go\u015bcie maj\u0105 do wyboru <strong>bogat\u0105 ofert\u0119 gastronomiczn\u0105 z restauracjami i barami<\/strong>, doskona\u0142ymi na lunche biznesowe i integracje. Do dyspozycji go\u015bci pozostaje r\u00f3wnie\u017c rozbudowana <strong>strefa SPA &amp; Wellness, baseny<\/strong> &#8211; w tym sezonowy basen na dachu z widokiem na morze &#8211; oraz zaplecze sportowe. Przy hotelu dost\u0119pne jest a\u017c <strong>150 miejsc parkingowych<\/strong> co sprawia, \u017ce <strong>Gwiazda Morza Resort SPA&amp;SPORT<\/strong> to funkcjonalne i atrakcyjne miejsce na firmowe wydarzenia nad morzem.<\/p>\n\n\n\n<figure class=\"wp-block-image size-full\"><a href=\"https:\/\/www.mojekonferencje.pl\/blog\/wp-content\/uploads\/2025\/12\/exterior-960x580-1.webp\"><img loading=\"lazy\" decoding=\"async\" width=\"960\" height=\"580\" src=\"https:\/\/www.mojekonferencje.pl\/blog\/wp-content\/uploads\/2025\/12\/exterior-960x580-1.webp\" alt=\"\" class=\"wp-image-8532 lazyload\" data-srcset=\"https:\/\/www.mojekonferencje.pl\/blog\/wp-content\/uploads\/2025\/12\/exterior-960x580-1.webp 960w, https:\/\/www.mojekonferencje.pl\/blog\/wp-content\/uploads\/2025\/12\/exterior-960x580-1-300x181.webp 300w, https:\/\/www.mojekonferencje.pl\/blog\/wp-content\/uploads\/2025\/12\/exterior-960x580-1-768x464.webp 768w\" sizes=\"auto\" \/><\/a><\/figure>\n\n\n\n<h2 class=\"wp-block-heading has-text-align-center\"><a href=\"https:\/\/www.mojekonferencje.pl\/dzwirzyno\/havet-hotel-resort--spa\"><mark style=\"background-color:rgba(0, 0, 0, 0)\" class=\"has-inline-color has-vivid-purple-color\"><span style=\"text-decoration: underline;\">HAVET HOTEL Resort &amp; SPA<\/span><\/mark><\/a><\/h2>\n\n\n\n<p><strong>Havet<\/strong> to 5-gwiazdkowy hotel po\u0142o\u017cony tu\u017c nad morzem w kameralnym D\u017awirzynie, otoczony wydmami i nadmorskim lasem sosnowym. Spokojna lokalizacja oraz blisko\u015b\u0107 szerokiej, piaszczystej pla\u017cy tworz\u0105 <strong>idealne warunki do organizacji konferencji, szkole\u0144 i spotka\u0144 biznesowych<\/strong> z dala od miejskiego zgie\u0142ku.<\/p>\n\n\n\n<p>Obiekt oferuje <strong>ponad 250 mkw. nowoczesnej przestrzeni konferencyjnej<\/strong> z klimatyzowanymi, elastycznymi salami wyposa\u017conymi w sprz\u0119t multimedialny, nag\u0142o\u015bnienie oraz szybki Internet. Hotel dysponuje tak\u017ce <strong>133 komfortowymi pokojami i apartamentami<\/strong>, rozbudowan\u0105 ofert\u0105 gastronomiczn\u0105. Ponadto go\u015bcie mog\u0105 skorzysta\u0107 te\u017c ze <strong>strefy SPA<\/strong> z basenem i saunami. Profesjonalna obs\u0142uga i luksusowy charakter obiektu sprawiaj\u0105, \u017ce <strong>hotel Havet<\/strong> to doskona\u0142y wyb\u00f3r na presti\u017cowe wydarzenia firmowe nad Ba\u0142tykiem.<\/p>\n\n\n\n<figure class=\"wp-block-image size-full\"><a href=\"https:\/\/www.mojekonferencje.pl\/blog\/wp-content\/uploads\/2025\/12\/dji-0333-hdr-edit-960x580-1.webp\"><img loading=\"lazy\" decoding=\"async\" width=\"960\" height=\"580\" src=\"https:\/\/www.mojekonferencje.pl\/blog\/wp-content\/uploads\/2025\/12\/dji-0333-hdr-edit-960x580-1.webp\" alt=\"\" class=\"wp-image-8533 lazyload\" data-srcset=\"https:\/\/www.mojekonferencje.pl\/blog\/wp-content\/uploads\/2025\/12\/dji-0333-hdr-edit-960x580-1.webp 960w, https:\/\/www.mojekonferencje.pl\/blog\/wp-content\/uploads\/2025\/12\/dji-0333-hdr-edit-960x580-1-300x181.webp 300w, https:\/\/www.mojekonferencje.pl\/blog\/wp-content\/uploads\/2025\/12\/dji-0333-hdr-edit-960x580-1-768x464.webp 768w\" sizes=\"auto\" \/><\/a><\/figure>\n\n\n\n<h2 class=\"wp-block-heading has-text-align-center\"><a href=\"https:\/\/www.mojekonferencje.pl\/darlowo\/hotel-lidia--spa--wellness\"><mark style=\"background-color:rgba(0, 0, 0, 0)\" class=\"has-inline-color has-vivid-purple-color\"><span style=\"text-decoration: underline;\">Hotel Lidia SPA &amp; Wellness<\/span><\/mark><\/a><\/h2>\n\n\n\n<p>Po\u0142o\u017cony w nadmorskiej, klimatycznej miejscowo\u015bci Dar\u0142owo obiekt zapewnia komfortowe warunki do organizacji konferencji, szkole\u0144 oraz spotka\u0144 biznesowych nad Ba\u0142tykiem. Opr\u00f3cz dogodnej lokalizacji blisko szerokiej, piaszczystej pla\u017cy, do dyspozycji go\u015bci jest <strong>119 pokoi<\/strong>. Hotel dla go\u015bci biznesowych przygotowa\u0142 nowoczesne <strong>zaplecze konferencyjne<\/strong> z przestronn\u0105 sal\u0105 mog\u0105c\u0105 <strong>pomie\u015bci\u0107 do 300 os\u00f3b<\/strong>. Dodatkowo dost\u0119pne s\u0105 <strong>mniejsze sale VIP<\/strong>, kt\u00f3re doskonale sprawdzaj\u0105 si\u0119 podczas kameralnych spotka\u0144. Przestrzenie konferencyjne s\u0105 klimatyzowane, doskonale do\u015bwietlone. Wszystkie sale s\u0105 wyposa\u017cone w profesjonalny sprz\u0119t multimedialny i system nag\u0142o\u015bnienia.<\/p>\n\n\n\n<p>Co istotne, po zako\u0144czonych spotkaniach uczestnicy mog\u0105 skorzysta\u0107 z bogatej oferty rekreacyjnej. Na miejscu dost\u0119pny jest <strong>kompleks wodny <\/strong>z basenem, jacuzzi i saunami. Dodatkowo dost\u0119pne jest <strong>Bursztynowe Spa <\/strong>oferuj\u0105ce zabiegi piel\u0119gnacyjne i relaksacyjne. Ponadto<strong>restauracja serwuj\u0105ca dania kuchni polskiej i mi\u0119dzynarodowej <\/strong>umo\u017cliwia organizacj\u0119 lunch\u00f3w biznesowych, bankiet\u00f3w oraz spotka\u0144 integracyjnych. Dzi\u0119ki po\u0142\u0105czeniu funkcjonalnego zaplecza biznesowego, strefy wellness oraz nadmorskiego po\u0142o\u017cenia,<strong>Hotel Lidia SPA &amp; Wellness<\/strong> stanowi atrakcyjny wyb\u00f3r na firmowe wydarzenia nad morzem.<\/p>\n\n\n\n<figure class=\"wp-block-image size-full\"><a href=\"https:\/\/www.mojekonferencje.pl\/blog\/wp-content\/uploads\/2025\/12\/dji-0950-960x580-1.webp\"><img loading=\"lazy\" decoding=\"async\" width=\"960\" height=\"580\" src=\"https:\/\/www.mojekonferencje.pl\/blog\/wp-content\/uploads\/2025\/12\/dji-0950-960x580-1.webp\" alt=\"\" class=\"wp-image-8534 lazyload\" data-srcset=\"https:\/\/www.mojekonferencje.pl\/blog\/wp-content\/uploads\/2025\/12\/dji-0950-960x580-1.webp 960w, https:\/\/www.mojekonferencje.pl\/blog\/wp-content\/uploads\/2025\/12\/dji-0950-960x580-1-300x181.webp 300w, https:\/\/www.mojekonferencje.pl\/blog\/wp-content\/uploads\/2025\/12\/dji-0950-960x580-1-768x464.webp 768w\" sizes=\"auto\" \/><\/a><\/figure>\n\n\n\n<h2 class=\"wp-block-heading has-text-align-center\"><a href=\"https:\/\/www.mojekonferencje.pl\/kolobrzeg\/seaside-park-kolobrzeg\"><mark style=\"background-color:rgba(0, 0, 0, 0)\" class=\"has-inline-color has-vivid-purple-color\"><span style=\"text-decoration: underline;\">Seaside Park Ko\u0142obrzeg<\/span><\/mark><\/a><\/h2>\n\n\n\n<p>Po\u0142o\u017cony zaledwie 20 metr\u00f3w od morza obiekt w Ko\u0142obrzegu zapewnia nowoczesne i funkcjonalne warunki do organizacji konferencji, event\u00f3w firmowych. Dla go\u015bci przygotowano <strong>sal\u0119 konferencyjn\u0105 STORM<\/strong> o powierzchni <strong>250 mkw<\/strong>., mog\u0105ca pomie\u015bci\u0107 <strong>do 200 os\u00f3b<\/strong>. Dost\u0119pne jest tak\u017ce <strong>przestronne Atrium<\/strong>, kt\u00f3re umo\u017cliwia realizacj\u0119 konferencji i bankiet\u00f3w nawet do 300 uczestnik\u00f3w. Co istotne, elastyczna aran\u017cacja przestrzeni w po\u0142\u0105czeniu z nowoczesnym zapleczem audiowizualnym pozwala swobodnie dopasowa\u0107 miejsce do charakteru wydarzenia.<\/p>\n\n\n\n<p>Ponadto obiekt oferuje rozbudowan\u0105 baz\u0119 noclegow\u0105 obejmuj\u0105c\u0105 <strong>210 komfortowych pokoi i apartament\u00f3w<\/strong>, a tak\u017ce zr\u00f3\u017cnicowan\u0105 ofert\u0119 gastronomiczn\u0105. Dodatkowo na go\u015bci czeka <strong>strefa Wellness &amp; Spa<\/strong> z basenami, saunami i ceremoniami saunowymi. Natomiast mi\u0142o\u015bnicy aktywnego wypoczynku mog\u0105 skorzysta\u0107 z centrum fitness oraz \u015bcianki wspinaczkowej. Dzi\u0119ki temu <strong>Seaside Park Hotel <\/strong>w naturalny spos\u00f3b \u0142\u0105czy zaplecze biznesowe z integracj\u0105 i aktywnym relaksem nad morzem.<\/p>\n\n\n\n<figure class=\"wp-block-image size-full\"><a href=\"https:\/\/www.mojekonferencje.pl\/blog\/wp-content\/uploads\/2025\/12\/dji-0639-3-960x580-1.webp\"><img loading=\"lazy\" decoding=\"async\" width=\"960\" height=\"580\" src=\"https:\/\/www.mojekonferencje.pl\/blog\/wp-content\/uploads\/2025\/12\/dji-0639-3-960x580-1.webp\" alt=\"\" class=\"wp-image-8535 lazyload\" data-srcset=\"https:\/\/www.mojekonferencje.pl\/blog\/wp-content\/uploads\/2025\/12\/dji-0639-3-960x580-1.webp 960w, https:\/\/www.mojekonferencje.pl\/blog\/wp-content\/uploads\/2025\/12\/dji-0639-3-960x580-1-300x181.webp 300w, https:\/\/www.mojekonferencje.pl\/blog\/wp-content\/uploads\/2025\/12\/dji-0639-3-960x580-1-768x464.webp 768w\" sizes=\"auto\" \/><\/a><\/figure>\n\n\n\n<h2 class=\"wp-block-heading has-text-align-center\"><a href=\"https:\/\/www.mojekonferencje.pl\/kolobrzeg\/osrodek-wypoczynkowy-wiga\"><mark style=\"background-color:rgba(0, 0, 0, 0)\" class=\"has-inline-color has-vivid-purple-color\"><span style=\"text-decoration: underline;\">O\u015brodek Wypoczynkowy Wiga<\/span><\/mark><\/a><\/h2>\n\n\n\n<p><strong>O\u015brodek Wypoczynkowy Wiga<\/strong> w Ko\u0142obrzegu to idealne miejsce dla firm, kt\u00f3re szukaj\u0105 hoteli nad Ba\u0142tykiem na imprezy firmowe i szkolenia. Po\u0142o\u017cony zaledwie 4 minuty spacerem od szerokiej pla\u017cy, zapewnia doskona\u0142e warunki do wypoczynku i aktywno\u015bci na \u015bwie\u017cym powietrzu.<\/p>\n\n\n\n<p>Do dyspozycji go\u015bci s\u0105 <strong>dwie sale konferencyjne &#8211; Ma\u0142a dla 25 os\u00f3b i Du\u017ca dla 180 uczestnik\u00f3w<\/strong> &#8211; kt\u00f3re s\u0105 w pe\u0142ni wyposa\u017cone w sprz\u0119t multimedialny, nag\u0142o\u015bnienie oraz szybki Internet. Pozwala to na sprawn\u0105 organizacj\u0119 spotka\u0144 biznesowych.<\/p>\n\n\n\n<p>Dodatkowo obiekt oferuje <strong>ponad 100 komfortowych miejsc noclegowych<\/strong> w pokojach i apartamentach. Go\u015bcie mog\u0105 skosztowa\u0107 pysznych da\u0144 w<strong> restauracji Nawigacja<\/strong>, idealnej na lunche biznesowe, kolacje firmowe czy imprezy integracyjne. <strong>O\u015brodek Wypoczynkowy Wiga <\/strong>stanowi doskona\u0142y wyb\u00f3r w\u015br\u00f3d hoteli nad Ba\u0142tykiem na imprezy firmowe i wyjazdy integracyjne.<\/p>\n\n\n\n<figure class=\"wp-block-image size-full\"><a href=\"https:\/\/www.mojekonferencje.pl\/blog\/wp-content\/uploads\/2025\/12\/cd7a8563-1-1024x683-960x580-1.webp\"><img loading=\"lazy\" decoding=\"async\" width=\"960\" height=\"580\" src=\"https:\/\/www.mojekonferencje.pl\/blog\/wp-content\/uploads\/2025\/12\/cd7a8563-1-1024x683-960x580-1.webp\" alt=\"\" class=\"wp-image-8536 lazyload\" data-srcset=\"https:\/\/www.mojekonferencje.pl\/blog\/wp-content\/uploads\/2025\/12\/cd7a8563-1-1024x683-960x580-1.webp 960w, https:\/\/www.mojekonferencje.pl\/blog\/wp-content\/uploads\/2025\/12\/cd7a8563-1-1024x683-960x580-1-300x181.webp 300w, https:\/\/www.mojekonferencje.pl\/blog\/wp-content\/uploads\/2025\/12\/cd7a8563-1-1024x683-960x580-1-768x464.webp 768w\" sizes=\"auto\" \/><\/a><\/figure>\n\n\n\n<h2 class=\"wp-block-heading has-text-align-center\"><a href=\"https:\/\/www.mojekonferencje.pl\/gdynia\/hotel-mercure-gdynia-centrum\"><mark style=\"background-color:rgba(0, 0, 0, 0)\" class=\"has-inline-color has-vivid-purple-color\"><span style=\"text-decoration: underline;\">Hotel Mercure Gdynia Centrum<\/span><\/mark><\/a><\/h2>\n\n\n\n<p>W Gdyni mie\u015bci si\u0119 <strong>Hotel Mercure Gdynia Centrum<\/strong>. Obiekt zapewnia wygod\u0119 dla go\u015bci biznesowych w nadmorskim klimacie, dzi\u0119ki czemu jest doskona\u0142ym wyborem w\u015br\u00f3d hoteli nad Ba\u0142tykiem. Po\u0142o\u017cony jest zaledwie 100 m od pla\u017cy i Bulwaru Nadmorskiego, vis a vis Teatru Muzycznego i Gdy\u0144skiego Centrum Filmowego, zapewnia dogodn\u0105 lokalizacj\u0119 do pracy i relaksu.<\/p>\n\n\n\n<p>Do dyspozycji organizator\u00f3w pozostaje <strong>10 sal konferencyjnych oraz przestronna sala bankietowa o powierzchni 366 m\u00b2<\/strong>, kt\u00f3r\u0105 mo\u017cna po\u0142\u0105czy\u0107 z sal\u0105 taneczn\u0105. Ca\u0142o\u015b\u0107 uzupe\u0142niaj\u0105<strong> dwa foyer, sprz\u0119t multimedialny i szybki Internet<\/strong>. Profesjonalna obs\u0142uga dba o sprawn\u0105 organizacj\u0119 ka\u017cdego wydarzenia.<\/p>\n\n\n\n<p>Hotel oferuje <strong>294 komfortowe pokoje i apartamenty<\/strong>,<strong>restauracj\u0119 Winestone <\/strong>serwuj\u0105c\u0105 kreatywne dania i wina. Dodatkowo dost\u0119pne jest centrum rekreacyjne z basenem, saun\u0105 i solarium. Dzi\u0119ki temu <strong>Mercure Gdynia Centrum<\/strong> zapewnia nowoczesne zaplecze konferencyjne z mo\u017cliwo\u015bci\u0105 relaksu i integracji w nadmorskiej scenerii.<\/p>\n\n\n\n<figure class=\"wp-block-image size-full\"><a href=\"https:\/\/www.mojekonferencje.pl\/blog\/wp-content\/uploads\/2025\/12\/tygrysiarnia-960x580-1.webp\"><img loading=\"lazy\" decoding=\"async\" width=\"960\" height=\"580\" src=\"https:\/\/www.mojekonferencje.pl\/blog\/wp-content\/uploads\/2025\/12\/tygrysiarnia-960x580-1.webp\" alt=\"\" class=\"wp-image-8537 lazyload\" data-srcset=\"https:\/\/www.mojekonferencje.pl\/blog\/wp-content\/uploads\/2025\/12\/tygrysiarnia-960x580-1.webp 960w, https:\/\/www.mojekonferencje.pl\/blog\/wp-content\/uploads\/2025\/12\/tygrysiarnia-960x580-1-300x181.webp 300w, https:\/\/www.mojekonferencje.pl\/blog\/wp-content\/uploads\/2025\/12\/tygrysiarnia-960x580-1-768x464.webp 768w\" sizes=\"auto\" \/><\/a><\/figure>\n\n\n\n<h2 class=\"wp-block-heading has-text-align-center\"><a href=\"https:\/\/www.mojekonferencje.pl\/jaroslawiec\/resort-krol-plaza-spa-wellness\"><mark style=\"background-color:rgba(0, 0, 0, 0)\" class=\"has-inline-color has-vivid-purple-color\"><span style=\"text-decoration: underline;\">Resort Kr\u00f3l Plaza SPA &amp; Wellness<\/span><\/mark><\/a><\/h2>\n\n\n\n<p>Resort w Jaros\u0142awcu to idealne miejsce na imprezy firmowe. Nale\u017cy ono do czo\u0142\u00f3wki hoteli nad Ba\u0142tykiem na imprezy firmowe i konferencje. Oferuje <strong>ponad 500 m\u00b2 nowoczesnych sal konferencyjnych<\/strong>, kt\u00f3re mo\u017cna dowolnie aran\u017cowa\u0107, a profesjonalna obs\u0142uga wspiera organizacj\u0119 zar\u00f3wno kameralnych spotka\u0144, jak i du\u017cych event\u00f3w.<\/p>\n\n\n\n<p>Go\u015bcie hotelu<strong> Resort Kr\u00f3l Plaza SPA &amp; Wellness<\/strong> maj\u0105 do dyspozycji <strong>komfortowe pokoje Junior Suite i apartamenty Superior<\/strong>. Na miejscu dost\u0119pna jest <strong>strefa Wellness &amp; Spa z basenem, jacuzzi i saunami oraz si\u0142ownia Fit &amp; Gym<\/strong>. Restauracja serwuje dania kuchni polskiej i \u015bwiatowej. Natomiast w\u0142asny browar i kameralne koncerty tworz\u0105 wyj\u0105tkow\u0105 atmosfer\u0119 \u0142\u0105cz\u0105c\u0105 prac\u0119 z relaksem nad morzem.<\/p>\n\n\n\n<figure class=\"wp-block-image size-full\"><a href=\"https:\/\/www.mojekonferencje.pl\/blog\/wp-content\/uploads\/2025\/12\/p7040326-hdr-960x580-1.webp\"><img loading=\"lazy\" decoding=\"async\" width=\"960\" height=\"580\" src=\"https:\/\/www.mojekonferencje.pl\/blog\/wp-content\/uploads\/2025\/12\/p7040326-hdr-960x580-1.webp\" alt=\"\" class=\"wp-image-8538 lazyload\" data-srcset=\"https:\/\/www.mojekonferencje.pl\/blog\/wp-content\/uploads\/2025\/12\/p7040326-hdr-960x580-1.webp 960w, https:\/\/www.mojekonferencje.pl\/blog\/wp-content\/uploads\/2025\/12\/p7040326-hdr-960x580-1-300x181.webp 300w, https:\/\/www.mojekonferencje.pl\/blog\/wp-content\/uploads\/2025\/12\/p7040326-hdr-960x580-1-768x464.webp 768w\" sizes=\"auto\" \/><\/a><\/figure>\n\n\n\n<h2 class=\"wp-block-heading has-text-align-center\"><a href=\"https:\/\/www.mojekonferencje.pl\/krynica-morska\/hotel-morski-widok\"><mark style=\"background-color:rgba(0, 0, 0, 0)\" class=\"has-inline-color has-vivid-purple-color\"><span style=\"text-decoration: underline;\">Hotel Morski Widok<\/span><\/mark><\/a><\/h2>\n\n\n\n<p>Po\u0142o\u017cony w malowniczej Krynicy Morskiej hotel nad Ba\u0142tykiem oferuje komfortowy wypoczynek oraz profesjonalne zaplecze biznesowe. Czyni go to idealnym miejscem na imprezy firmowe i konferencje. Go\u015bcie mog\u0105 podziwia\u0107 przepi\u0119kne widoki na morze oraz korzysta\u0107 z eleganckich, komfortowych pokoi.<\/p>\n\n\n\n<p>Obiekt posiada<strong> kameraln\u0105 sal\u0119 konferencyjn\u0105 dla grup do 70 os\u00f3b<\/strong>, w pe\u0142ni wyposa\u017con\u0105 w nowoczesny sprz\u0119t multimedialny. Umo\u017cliwia to sprawne przeprowadzanie szkole\u0144, spotka\u0144 biznesowych i prezentacji. Dodatkowo go\u015bcie mog\u0105 relaksowa\u0107 si\u0119 w <strong>restauracji serwuj\u0105cej dania lokalnej kuchni<\/strong>, korzysta\u0107 z Tajskich gabinet\u00f3w SPA, jacuzzi na \u015bwie\u017cym powietrzu oraz nowoczesnej si\u0142owni. Obiekt  zapewnia zar\u00f3wno efektywne spotkania biznesowe, jak i przyjemny, relaksuj\u0105cy pobyt nad Ba\u0142tykiem.<\/p>\n\n\n\n<figure class=\"wp-block-image size-full\"><a href=\"https:\/\/www.mojekonferencje.pl\/blog\/wp-content\/uploads\/2025\/12\/17189574032259-img023691ezgif-comwebptojpgconverter-960x580-1.webp\"><img loading=\"lazy\" decoding=\"async\" width=\"960\" height=\"580\" src=\"https:\/\/www.mojekonferencje.pl\/blog\/wp-content\/uploads\/2025\/12\/17189574032259-img023691ezgif-comwebptojpgconverter-960x580-1.webp\" alt=\"\" class=\"wp-image-8539 lazyload\" data-srcset=\"https:\/\/www.mojekonferencje.pl\/blog\/wp-content\/uploads\/2025\/12\/17189574032259-img023691ezgif-comwebptojpgconverter-960x580-1.webp 960w, https:\/\/www.mojekonferencje.pl\/blog\/wp-content\/uploads\/2025\/12\/17189574032259-img023691ezgif-comwebptojpgconverter-960x580-1-300x181.webp 300w, https:\/\/www.mojekonferencje.pl\/blog\/wp-content\/uploads\/2025\/12\/17189574032259-img023691ezgif-comwebptojpgconverter-960x580-1-768x464.webp 768w\" sizes=\"auto\" \/><\/a><\/figure>\n\n\n\n<h2 class=\"wp-block-heading has-text-align-center\"><a href=\"https:\/\/www.mojekonferencje.pl\/sopot\/sheraton-sopot-hotel\"><mark style=\"background-color:rgba(0, 0, 0, 0)\" class=\"has-inline-color has-vivid-purple-color\"><span style=\"text-decoration: underline;\">Sheraton Sopot Hotel<\/span><\/mark><\/a><\/h2>\n\n\n\n<p>Hotel po\u0142o\u017cony jest w centrum Sopotu, tu\u017c przy pla\u017cy i molo, dzi\u0119ki czemu go\u015bcie maj\u0105 \u0142atwy dost\u0119p do nadmorskich atrakcji. Oferuje <strong>189 komfortowych pokoi i apartament\u00f3w<\/strong> z widokiem na morze, kt\u00f3re zapewniaj\u0105 wygod\u0119 zar\u00f3wno podczas wypoczynku, jak i pracy. <\/p>\n\n\n\n<p>Centrum Konferencyjne obejmuje <strong>ponad 3000 m\u00b2 z 14 salami oraz sal\u0105 balow\u0105 Baltic Panorama,<\/strong> dlatego sprawdza si\u0119 idealnie na konferencje, szkolenia i eventy dla nawet 1000 os\u00f3b. Go\u015bcie mog\u0105 korzysta\u0107 r\u00f3wnie\u017c z taras\u00f3w, stref coworkingowych oraz pe\u0142nego zaplecza audiowizualnego. Ponadto hotel oferuje <strong>Restauracj\u0119 Polskie Smaki, Restauracj\u0119 Wave i Bar 512, a tak\u017ce Sea Soul Spa<\/strong> z basenem, saunami i gabinetami zabiegowymi, zapewniaj\u0105c mo\u017cliwo\u015b\u0107 relaksu po pracy. Latem dost\u0119pna jest tak\u017ce prywatna pla\u017ca Sheraton Sopot Beach Bar, co dodatkowo podnosi atrakcyjno\u015b\u0107 pobytu.<\/p>\n\n\n\n<p><strong>Sheraton Sopot<\/strong> zapewnia komfort, elegancj\u0119 i funkcjonalno\u015b\u0107, dlatego jest idealnym miejscem zar\u00f3wno na biznesowe wydarzenia, jak i wypoczynek nad Ba\u0142tykiem.<\/p>\n\n\n\n<figure class=\"wp-block-image size-full\"><a href=\"https:\/\/www.mojekonferencje.pl\/blog\/wp-content\/uploads\/2025\/12\/visit360-pl-2018-08-sopot-dji-0070-960x580-1.webp\"><img loading=\"lazy\" decoding=\"async\" width=\"960\" height=\"580\" src=\"https:\/\/www.mojekonferencje.pl\/blog\/wp-content\/uploads\/2025\/12\/visit360-pl-2018-08-sopot-dji-0070-960x580-1.webp\" alt=\"\" class=\"wp-image-8540 lazyload\" data-srcset=\"https:\/\/www.mojekonferencje.pl\/blog\/wp-content\/uploads\/2025\/12\/visit360-pl-2018-08-sopot-dji-0070-960x580-1.webp 960w, https:\/\/www.mojekonferencje.pl\/blog\/wp-content\/uploads\/2025\/12\/visit360-pl-2018-08-sopot-dji-0070-960x580-1-300x181.webp 300w, https:\/\/www.mojekonferencje.pl\/blog\/wp-content\/uploads\/2025\/12\/visit360-pl-2018-08-sopot-dji-0070-960x580-1-768x464.webp 768w\" sizes=\"auto\" \/><\/a><\/figure>\n\n\n\n<h2 class=\"wp-block-heading has-text-align-center\"><a href=\"https:\/\/www.mojekonferencje.pl\/jastrzebia-gora\/hotel-astor\"><mark style=\"background-color:rgba(0, 0, 0, 0)\" class=\"has-inline-color has-vivid-purple-color\"><span style=\"text-decoration: underline;\">Hotel Astor<\/span><\/mark><\/a><\/h2>\n\n\n\n<p>Hotel Astor w Jastrz\u0119biej G\u00f3rze to <strong>komfortowy obiekt nad morzem<\/strong>, kt\u00f3ry sprawdza si\u0119 zar\u00f3wno dla turyst\u00f3w, jak i na imprezy firmowe. Obiekt oferuje <strong>109 pokoi i apartament\u00f3w<\/strong>, wyposa\u017cone w \u0142azienki, TV i Wi-Fi, co gwarantuje wygod\u0119 i komfort pobytu.<\/p>\n\n\n\n<p>Dodatkowo, hotel dysponuje <strong>pi\u0119cioma salami konferencyjnymi o powierzchni 175\u2013800 <\/strong>m\u00b2, kt\u00f3re w po\u0142\u0105czeniu z s\u0105siednim hotelem Primavera<strong> pozwalaj\u0105 organizowa\u0107 wydarzenia dla nawet 1000 os\u00f3b<\/strong>. Sale mo\u017cna dzieli\u0107 na mniejsze przestrzenie, co sprawia, \u017ce idealnie nadaj\u0105 si\u0119 na szkolenia, warsztaty i kameralne spotkania biznesowe.<\/p>\n\n\n\n<p>Ponadto, <strong>go\u015bcie maj\u0105 do dyspozycji basen z jacuzzi, sauny, si\u0142owni\u0119, korty tenisowe, kr\u0119gielni\u0119, stref\u0119 SPA <\/strong>oraz stref\u0119 zabaw dla dzieci Fun&amp;Jungle. Pozwala to na aktywny wypoczynek po dniu pe\u0142nym pracy. <strong>Restauracja Astoria <\/strong>serwuje dania a\u2019la carte, bufety \u015bniadaniowe i obiadokolacje, dbaj\u0105c o r\u00f3\u017cnorodno\u015b\u0107 smak\u00f3w i satysfakcj\u0119 go\u015bci. <strong>Hotel Astor<\/strong> idealnie sprawdza si\u0119 jako miejsce na konferencje, szkolenia i imprezy firmowe.<\/p>\n\n\n\n<figure class=\"wp-block-image size-full\"><a href=\"https:\/\/www.mojekonferencje.pl\/blog\/wp-content\/uploads\/2025\/12\/hotel-astor-widok-z-lotu-ptaka-960x580-1.webp\"><img loading=\"lazy\" decoding=\"async\" width=\"960\" height=\"580\" src=\"https:\/\/www.mojekonferencje.pl\/blog\/wp-content\/uploads\/2025\/12\/hotel-astor-widok-z-lotu-ptaka-960x580-1.webp\" alt=\"\" class=\"wp-image-8541 lazyload\" data-srcset=\"https:\/\/www.mojekonferencje.pl\/blog\/wp-content\/uploads\/2025\/12\/hotel-astor-widok-z-lotu-ptaka-960x580-1.webp 960w, https:\/\/www.mojekonferencje.pl\/blog\/wp-content\/uploads\/2025\/12\/hotel-astor-widok-z-lotu-ptaka-960x580-1-300x181.webp 300w, https:\/\/www.mojekonferencje.pl\/blog\/wp-content\/uploads\/2025\/12\/hotel-astor-widok-z-lotu-ptaka-960x580-1-768x464.webp 768w\" sizes=\"auto\" \/><\/a><\/figure>\n\n\n\n<p><strong>Hotele nad Ba\u0142tykiem<\/strong> to idealne miejsca na imprezy firmowe i konferencje. Nowoczesne sale konferencyjne, komfortowe pokoje i smaczna kuchnia sprawiaj\u0105, \u017ce organizacja wydarzenia staje si\u0119 \u0142atwa i przyjemna. Dodatkowo nadmorski klimat sprzyja integracji zespo\u0142u, relaksowi i kreatywnym pomys\u0142om. Wyjazd s\u0142u\u017cbowy nad morze to nie tylko praca, ale te\u017c niezapomniane chwile i wyj\u0105tkowa atmosfera. <\/p>\n\n\n\n<p>Je\u017celi chcecie j\u0105 poczu\u0107, to wybierzcie si\u0119 do jednego z hoteli ze swoj\u0105 grup\u0105 pracownik\u00f3w. \ud83d\ude42 <\/p>\n\n\n\n<p><\/p>\n","protected":false},"excerpt":{"rendered":"<p>Nadmorskie hotele to idealne miejsca na firmowe wyjazdy i konferencje, oferuj\u0105ce komfortowe pokoje, nowoczesne sale i blisko\u015b\u0107 morza. Poznajcie najlepsze propozycje. <\/p>\n","protected":false},"author":21,"featured_media":8545,"comment_status":"closed","ping_status":"closed","sticky":false,"template":"","format":"standard","meta":{"_acf_changed":false,"footnotes":""},"categories":[8,175],"tags":[574,571,572,573],"class_list":["post-8529","post","type-post","status-publish","format-standard","has-post-thumbnail","hentry","category-porady","category-wybieranie-miejsca-konferencyjnego","tag-hotele-blisko-morza","tag-hotele-nad-baltykiem","tag-hotele-nad-morzem-na-imprezy-firmowe","tag-organizacja-imprez-nad-morzem"],"acf":[],"yoast_head":"<!-- This site is optimized with the Yoast SEO plugin v27.1.1 - https:\/\/yoast.com\/product\/yoast-seo-wordpress\/ -->\n<title>Hotele nad Ba\u0142tykiem na imprezy firmowe i konferencje - blog | MojeKonferencje.pl<\/title>\n<meta name=\"description\" content=\"Hotele nad Ba\u0142tykiem na imprezy firmowe i konferencje - blog | MojeKonferencje.pl\" \/>\n<meta name=\"robots\" content=\"index, follow, max-snippet:-1, max-image-preview:large, max-video-preview:-1\" \/>\n<link rel=\"canonical\" href=\"https:\/\/www.mojekonferencje.pl\/blog\/hotele-nad-baltykiem-na-imprezy-firmowe-i-konferencje\/\" \/>\n<meta property=\"og:locale\" content=\"pl_PL\" \/>\n<meta property=\"og:type\" content=\"article\" \/>\n<meta property=\"og:title\" content=\"Hotele nad Ba\u0142tykiem na imprezy firmowe i konferencje - blog | MojeKonferencje.pl\" \/>\n<meta property=\"og:description\" content=\"Hotele nad Ba\u0142tykiem na imprezy firmowe i konferencje - blog | MojeKonferencje.pl\" \/>\n<meta property=\"og:url\" content=\"https:\/\/www.mojekonferencje.pl\/blog\/hotele-nad-baltykiem-na-imprezy-firmowe-i-konferencje\/\" \/>\n<meta property=\"og:site_name\" content=\"MojeKonferencje.pl\" \/>\n<meta property=\"article:published_time\" content=\"2025-12-15T07:00:00+00:00\" \/>\n<meta property=\"article:modified_time\" content=\"2026-02-03T09:51:15+00:00\" \/>\n<meta property=\"og:image\" content=\"https:\/\/www.mojekonferencje.pl\/blog\/wp-content\/uploads\/2025\/12\/Fotoram.io-2025-12-14T235536.339.jpg\" \/>\n\t<meta property=\"og:image:width\" content=\"1200\" \/>\n\t<meta property=\"og:image:height\" content=\"708\" \/>\n\t<meta property=\"og:image:type\" content=\"image\/jpeg\" \/>\n<meta name=\"author\" content=\"Julia Gadomska\" \/>\n<meta name=\"twitter:card\" content=\"summary_large_image\" \/>\n<meta name=\"twitter:label1\" content=\"Napisane przez\" \/>\n\t<meta name=\"twitter:data1\" content=\"Julia Gadomska\" \/>\n\t<meta name=\"twitter:label2\" content=\"Szacowany czas czytania\" \/>\n\t<meta name=\"twitter:data2\" content=\"11 minut\" \/>\n<script type=\"application\/ld+json\" class=\"yoast-schema-graph\">{\"@context\":\"https:\/\/schema.org\",\"@graph\":[{\"@type\":\"Article\",\"@id\":\"https:\/\/www.mojekonferencje.pl\/blog\/hotele-nad-baltykiem-na-imprezy-firmowe-i-konferencje\/#article\",\"isPartOf\":{\"@id\":\"https:\/\/www.mojekonferencje.pl\/blog\/hotele-nad-baltykiem-na-imprezy-firmowe-i-konferencje\/\"},\"author\":{\"name\":\"Julia Gadomska\",\"@id\":\"https:\/\/www.mojekonferencje.pl\/blog\/#\/schema\/person\/7d6985dc3741882ea12e03b1c3997043\"},\"headline\":\"Hotele nad Ba\u0142tykiem na imprezy firmowe i konferencje\",\"datePublished\":\"2025-12-15T07:00:00+00:00\",\"dateModified\":\"2026-02-03T09:51:15+00:00\",\"mainEntityOfPage\":{\"@id\":\"https:\/\/www.mojekonferencje.pl\/blog\/hotele-nad-baltykiem-na-imprezy-firmowe-i-konferencje\/\"},\"wordCount\":1722,\"image\":{\"@id\":\"https:\/\/www.mojekonferencje.pl\/blog\/hotele-nad-baltykiem-na-imprezy-firmowe-i-konferencje\/#primaryimage\"},\"thumbnailUrl\":\"https:\/\/www.mojekonferencje.pl\/blog\/wp-content\/uploads\/2025\/12\/Fotoram.io-2025-12-14T235536.339.jpg\",\"keywords\":[\"hotele blisko morza\",\"hotele nad Ba\u0142tykiem\",\"hotele nad morzem na imprezy firmowe\",\"organizacja imprez nad morzem\"],\"articleSection\":[\"Porady\",\"Wybieranie miejsca konferencyjnego\"],\"inLanguage\":\"pl-PL\"},{\"@type\":\"WebPage\",\"@id\":\"https:\/\/www.mojekonferencje.pl\/blog\/hotele-nad-baltykiem-na-imprezy-firmowe-i-konferencje\/\",\"url\":\"https:\/\/www.mojekonferencje.pl\/blog\/hotele-nad-baltykiem-na-imprezy-firmowe-i-konferencje\/\",\"name\":\"Hotele nad Ba\u0142tykiem na imprezy firmowe i konferencje - blog | MojeKonferencje.pl\",\"isPartOf\":{\"@id\":\"https:\/\/www.mojekonferencje.pl\/blog\/#website\"},\"primaryImageOfPage\":{\"@id\":\"https:\/\/www.mojekonferencje.pl\/blog\/hotele-nad-baltykiem-na-imprezy-firmowe-i-konferencje\/#primaryimage\"},\"image\":{\"@id\":\"https:\/\/www.mojekonferencje.pl\/blog\/hotele-nad-baltykiem-na-imprezy-firmowe-i-konferencje\/#primaryimage\"},\"thumbnailUrl\":\"https:\/\/www.mojekonferencje.pl\/blog\/wp-content\/uploads\/2025\/12\/Fotoram.io-2025-12-14T235536.339.jpg\",\"datePublished\":\"2025-12-15T07:00:00+00:00\",\"dateModified\":\"2026-02-03T09:51:15+00:00\",\"author\":{\"@id\":\"https:\/\/www.mojekonferencje.pl\/blog\/#\/schema\/person\/7d6985dc3741882ea12e03b1c3997043\"},\"description\":\"Hotele nad Ba\u0142tykiem na imprezy firmowe i konferencje - blog | MojeKonferencje.pl\",\"breadcrumb\":{\"@id\":\"https:\/\/www.mojekonferencje.pl\/blog\/hotele-nad-baltykiem-na-imprezy-firmowe-i-konferencje\/#breadcrumb\"},\"inLanguage\":\"pl-PL\",\"potentialAction\":[{\"@type\":\"ReadAction\",\"target\":[\"https:\/\/www.mojekonferencje.pl\/blog\/hotele-nad-baltykiem-na-imprezy-firmowe-i-konferencje\/\"]}]},{\"@type\":\"ImageObject\",\"inLanguage\":\"pl-PL\",\"@id\":\"https:\/\/www.mojekonferencje.pl\/blog\/hotele-nad-baltykiem-na-imprezy-firmowe-i-konferencje\/#primaryimage\",\"url\":\"https:\/\/www.mojekonferencje.pl\/blog\/wp-content\/uploads\/2025\/12\/Fotoram.io-2025-12-14T235536.339.jpg\",\"contentUrl\":\"https:\/\/www.mojekonferencje.pl\/blog\/wp-content\/uploads\/2025\/12\/Fotoram.io-2025-12-14T235536.339.jpg\",\"width\":1200,\"height\":708,\"caption\":\"Hotele nad Ba\u0142tykiem na imprezy firmowe i konferencje\"},{\"@type\":\"BreadcrumbList\",\"@id\":\"https:\/\/www.mojekonferencje.pl\/blog\/hotele-nad-baltykiem-na-imprezy-firmowe-i-konferencje\/#breadcrumb\",\"itemListElement\":[{\"@type\":\"ListItem\",\"position\":1,\"name\":\"Strona g\u0142\u00f3wna\",\"item\":\"https:\/\/www.mojekonferencje.pl\/blog\/\"},{\"@type\":\"ListItem\",\"position\":2,\"name\":\"Hotele nad Ba\u0142tykiem na imprezy firmowe i konferencje\"}]},{\"@type\":\"WebSite\",\"@id\":\"https:\/\/www.mojekonferencje.pl\/blog\/#website\",\"url\":\"https:\/\/www.mojekonferencje.pl\/blog\/\",\"name\":\"MojeKonferencje.pl\",\"description\":\"Blog bran\u017cy szkoleniowo-konferencyjnej. W\u0142\u0105cz si\u0119 do dyskusji o obiektach konferencyjnych i nowo\u015bciach z bran\u017cy! Poznaj porady odno\u015bnie organizacji konferencji, szkole\u0144 i event\u00f3w firmowych! Zach\u0119camy do wyra\u017cania opinii oraz komentarzy.\",\"potentialAction\":[{\"@type\":\"SearchAction\",\"target\":{\"@type\":\"EntryPoint\",\"urlTemplate\":\"https:\/\/www.mojekonferencje.pl\/blog\/?s={search_term_string}\"},\"query-input\":{\"@type\":\"PropertyValueSpecification\",\"valueRequired\":true,\"valueName\":\"search_term_string\"}}],\"inLanguage\":\"pl-PL\"},{\"@type\":\"Person\",\"@id\":\"https:\/\/www.mojekonferencje.pl\/blog\/#\/schema\/person\/7d6985dc3741882ea12e03b1c3997043\",\"name\":\"Julia Gadomska\",\"url\":\"https:\/\/www.mojekonferencje.pl\/blog\/author\/julia-gadomska\/\"}]}<\/script>\n<!-- \/ Yoast SEO plugin. -->","yoast_head_json":{"title":"Hotele nad Ba\u0142tykiem na imprezy firmowe i konferencje - blog | MojeKonferencje.pl","description":"Hotele nad Ba\u0142tykiem na imprezy firmowe i konferencje - blog | MojeKonferencje.pl","robots":{"index":"index","follow":"follow","max-snippet":"max-snippet:-1","max-image-preview":"max-image-preview:large","max-video-preview":"max-video-preview:-1"},"canonical":"https:\/\/www.mojekonferencje.pl\/blog\/hotele-nad-baltykiem-na-imprezy-firmowe-i-konferencje\/","og_locale":"pl_PL","og_type":"article","og_title":"Hotele nad Ba\u0142tykiem na imprezy firmowe i konferencje - blog | MojeKonferencje.pl","og_description":"Hotele nad Ba\u0142tykiem na imprezy firmowe i konferencje - blog | MojeKonferencje.pl","og_url":"https:\/\/www.mojekonferencje.pl\/blog\/hotele-nad-baltykiem-na-imprezy-firmowe-i-konferencje\/","og_site_name":"MojeKonferencje.pl","article_published_time":"2025-12-15T07:00:00+00:00","article_modified_time":"2026-02-03T09:51:15+00:00","og_image":[{"width":1200,"height":708,"url":"https:\/\/www.mojekonferencje.pl\/blog\/wp-content\/uploads\/2025\/12\/Fotoram.io-2025-12-14T235536.339.jpg","type":"image\/jpeg"}],"author":"Julia Gadomska","twitter_card":"summary_large_image","twitter_misc":{"Napisane przez":"Julia Gadomska","Szacowany czas czytania":"11 minut"},"schema":{"@context":"https:\/\/schema.org","@graph":[{"@type":"Article","@id":"https:\/\/www.mojekonferencje.pl\/blog\/hotele-nad-baltykiem-na-imprezy-firmowe-i-konferencje\/#article","isPartOf":{"@id":"https:\/\/www.mojekonferencje.pl\/blog\/hotele-nad-baltykiem-na-imprezy-firmowe-i-konferencje\/"},"author":{"name":"Julia Gadomska","@id":"https:\/\/www.mojekonferencje.pl\/blog\/#\/schema\/person\/7d6985dc3741882ea12e03b1c3997043"},"headline":"Hotele nad Ba\u0142tykiem na imprezy firmowe i konferencje","datePublished":"2025-12-15T07:00:00+00:00","dateModified":"2026-02-03T09:51:15+00:00","mainEntityOfPage":{"@id":"https:\/\/www.mojekonferencje.pl\/blog\/hotele-nad-baltykiem-na-imprezy-firmowe-i-konferencje\/"},"wordCount":1722,"image":{"@id":"https:\/\/www.mojekonferencje.pl\/blog\/hotele-nad-baltykiem-na-imprezy-firmowe-i-konferencje\/#primaryimage"},"thumbnailUrl":"https:\/\/www.mojekonferencje.pl\/blog\/wp-content\/uploads\/2025\/12\/Fotoram.io-2025-12-14T235536.339.jpg","keywords":["hotele blisko morza","hotele nad Ba\u0142tykiem","hotele nad morzem na imprezy firmowe","organizacja imprez nad morzem"],"articleSection":["Porady","Wybieranie miejsca konferencyjnego"],"inLanguage":"pl-PL"},{"@type":"WebPage","@id":"https:\/\/www.mojekonferencje.pl\/blog\/hotele-nad-baltykiem-na-imprezy-firmowe-i-konferencje\/","url":"https:\/\/www.mojekonferencje.pl\/blog\/hotele-nad-baltykiem-na-imprezy-firmowe-i-konferencje\/","name":"Hotele nad Ba\u0142tykiem na imprezy firmowe i konferencje - blog | MojeKonferencje.pl","isPartOf":{"@id":"https:\/\/www.mojekonferencje.pl\/blog\/#website"},"primaryImageOfPage":{"@id":"https:\/\/www.mojekonferencje.pl\/blog\/hotele-nad-baltykiem-na-imprezy-firmowe-i-konferencje\/#primaryimage"},"image":{"@id":"https:\/\/www.mojekonferencje.pl\/blog\/hotele-nad-baltykiem-na-imprezy-firmowe-i-konferencje\/#primaryimage"},"thumbnailUrl":"https:\/\/www.mojekonferencje.pl\/blog\/wp-content\/uploads\/2025\/12\/Fotoram.io-2025-12-14T235536.339.jpg","datePublished":"2025-12-15T07:00:00+00:00","dateModified":"2026-02-03T09:51:15+00:00","author":{"@id":"https:\/\/www.mojekonferencje.pl\/blog\/#\/schema\/person\/7d6985dc3741882ea12e03b1c3997043"},"description":"Hotele nad Ba\u0142tykiem na imprezy firmowe i konferencje - blog | MojeKonferencje.pl","breadcrumb":{"@id":"https:\/\/www.mojekonferencje.pl\/blog\/hotele-nad-baltykiem-na-imprezy-firmowe-i-konferencje\/#breadcrumb"},"inLanguage":"pl-PL","potentialAction":[{"@type":"ReadAction","target":["https:\/\/www.mojekonferencje.pl\/blog\/hotele-nad-baltykiem-na-imprezy-firmowe-i-konferencje\/"]}]},{"@type":"ImageObject","inLanguage":"pl-PL","@id":"https:\/\/www.mojekonferencje.pl\/blog\/hotele-nad-baltykiem-na-imprezy-firmowe-i-konferencje\/#primaryimage","url":"https:\/\/www.mojekonferencje.pl\/blog\/wp-content\/uploads\/2025\/12\/Fotoram.io-2025-12-14T235536.339.jpg","contentUrl":"https:\/\/www.mojekonferencje.pl\/blog\/wp-content\/uploads\/2025\/12\/Fotoram.io-2025-12-14T235536.339.jpg","width":1200,"height":708,"caption":"Hotele nad Ba\u0142tykiem na imprezy firmowe i konferencje"},{"@type":"BreadcrumbList","@id":"https:\/\/www.mojekonferencje.pl\/blog\/hotele-nad-baltykiem-na-imprezy-firmowe-i-konferencje\/#breadcrumb","itemListElement":[{"@type":"ListItem","position":1,"name":"Strona g\u0142\u00f3wna","item":"https:\/\/www.mojekonferencje.pl\/blog\/"},{"@type":"ListItem","position":2,"name":"Hotele nad Ba\u0142tykiem na imprezy firmowe i konferencje"}]},{"@type":"WebSite","@id":"https:\/\/www.mojekonferencje.pl\/blog\/#website","url":"https:\/\/www.mojekonferencje.pl\/blog\/","name":"MojeKonferencje.pl","description":"Blog bran\u017cy szkoleniowo-konferencyjnej. W\u0142\u0105cz si\u0119 do dyskusji o obiektach konferencyjnych i nowo\u015bciach z bran\u017cy! Poznaj porady odno\u015bnie organizacji konferencji, szkole\u0144 i event\u00f3w firmowych! Zach\u0119camy do wyra\u017cania opinii oraz komentarzy.","potentialAction":[{"@type":"SearchAction","target":{"@type":"EntryPoint","urlTemplate":"https:\/\/www.mojekonferencje.pl\/blog\/?s={search_term_string}"},"query-input":{"@type":"PropertyValueSpecification","valueRequired":true,"valueName":"search_term_string"}}],"inLanguage":"pl-PL"},{"@type":"Person","@id":"https:\/\/www.mojekonferencje.pl\/blog\/#\/schema\/person\/7d6985dc3741882ea12e03b1c3997043","name":"Julia Gadomska","url":"https:\/\/www.mojekonferencje.pl\/blog\/author\/julia-gadomska\/"}]}},"_links":{"self":[{"href":"https:\/\/www.mojekonferencje.pl\/blog\/wp-json\/wp\/v2\/posts\/8529","targetHints":{"allow":["GET"]}}],"collection":[{"href":"https:\/\/www.mojekonferencje.pl\/blog\/wp-json\/wp\/v2\/posts"}],"about":[{"href":"https:\/\/www.mojekonferencje.pl\/blog\/wp-json\/wp\/v2\/types\/post"}],"author":[{"embeddable":true,"href":"https:\/\/www.mojekonferencje.pl\/blog\/wp-json\/wp\/v2\/users\/21"}],"replies":[{"embeddable":true,"href":"https:\/\/www.mojekonferencje.pl\/blog\/wp-json\/wp\/v2\/comments?post=8529"}],"version-history":[{"count":8,"href":"https:\/\/www.mojekonferencje.pl\/blog\/wp-json\/wp\/v2\/posts\/8529\/revisions"}],"predecessor-version":[{"id":8964,"href":"https:\/\/www.mojekonferencje.pl\/blog\/wp-json\/wp\/v2\/posts\/8529\/revisions\/8964"}],"wp:featuredmedia":[{"embeddable":true,"href":"https:\/\/www.mojekonferencje.pl\/blog\/wp-json\/wp\/v2\/media\/8545"}],"wp:attachment":[{"href":"https:\/\/www.mojekonferencje.pl\/blog\/wp-json\/wp\/v2\/media?parent=8529"}],"wp:term":[{"taxonomy":"category","embeddable":true,"href":"https:\/\/www.mojekonferencje.pl\/blog\/wp-json\/wp\/v2\/categories?post=8529"},{"taxonomy":"post_tag","embeddable":true,"href":"https:\/\/www.mojekonferencje.pl\/blog\/wp-json\/wp\/v2\/tags?post=8529"}],"curies":[{"name":"wp","href":"https:\/\/api.w.org\/{rel}","templated":true}]}}