{"id":8839,"date":"2026-01-26T09:00:00","date_gmt":"2026-01-26T07:00:00","guid":{"rendered":"https:\/\/www.mojekonferencje.pl\/blog\/?p=8839"},"modified":"2026-02-03T13:35:07","modified_gmt":"2026-02-03T11:35:07","slug":"miejsca-na-urodziny-firmowe-w-gdansku","status":"publish","type":"post","link":"https:\/\/www.mojekonferencje.pl\/blog\/miejsca-na-urodziny-firmowe-w-gdansku\/","title":{"rendered":"Miejsca na urodziny firmowe w Gda\u0144sku\u00a0"},"content":{"rendered":"\n<p>W dzisiejszym artykule przedstawiamy kolejne inspiruj\u0105ce obiekty na organizacj\u0119 <a href=\"https:\/\/www.mojekonferencje.pl\/sale-konferencyjne-gdansk\"><strong>urodzin firmowych w Gda\u0144sku<\/strong><\/a>. Tym razem skupiamy si\u0119 na stolicy wojew\u00f3dztwa pomorskiego, kt\u00f3ra jest doskona\u0142\u0105 lokalizacj\u0105 na firmowe \u015bwi\u0119towanie nad morzem. Urodziny firmowe nad morzem to po\u0142\u0105czenie wyj\u0105tkowej atmosfery, \u015bwietnej infrastruktury i atrakcyjnych lokalizacji.<\/p>\n\n\n\n<p><strong>Zobaczcie propozycje obiekt\u00f3w na urodziny firmowe w Gda\u0144sku, kt\u00f3re dla Was przygotowali\u015bmy!<\/strong><\/p>\n\n\n\n<figure class=\"wp-block-table\"><table class=\"has-fixed-layout\"><tbody><tr><td><a href=\"https:\/\/www.mojekonferencje.pl\/gdansk\/dwor-uphagena-arche-gdansk\">ARCHE Dw\u00f3r Uphagena Gda\u0144sk<\/a><\/td><td><a href=\"https:\/\/www.mojekonferencje.pl\/gdansk\/hotel-hilton-gdansk\">Hotel Hilton Gda\u0144sk<\/a><\/td><\/tr><tr><td><a href=\"https:\/\/www.mojekonferencje.pl\/gdansk\/novotel-gdansk-marina\">Novotel Gda\u0144sk Marina<\/a><\/td><td><a href=\"https:\/\/www.mojekonferencje.pl\/gdansk\/hotel-mercure-gdansk-stare-miasto\">Hotel Mercure Gda\u0144sk Stare Miasto<\/a><\/td><\/tr><tr><td><a href=\"https:\/\/www.mojekonferencje.pl\/gdansk\/radisson-hotel-suites-gdansk\">Radisson Hotel &amp; Apartments<\/a><\/td><td><a href=\"https:\/\/www.mojekonferencje.pl\/gdansk\/stary-manez\">Stary Mane\u017c<\/a><\/td><\/tr><tr><td><a href=\"https:\/\/www.mojekonferencje.pl\/gdansk\/montownia-gdansk\">Montownia Lofts &amp; Experience Gda\u0144sk<\/a><\/td><td><a href=\"https:\/\/www.mojekonferencje.pl\/gdansk\/hotel-almond\">Hotel Almond Business &amp; SPA (wkr\u00f3tce Grano Hotel  Gda\u0144sk Riverside)<\/a><\/td><\/tr><\/tbody><\/table><\/figure>\n\n\n\n<h2 class=\"wp-block-heading has-text-align-center\"><a href=\"https:\/\/www.mojekonferencje.pl\/gdansk\/dwor-uphagena-arche-gdansk\"><mark style=\"background-color:rgba(0, 0, 0, 0)\" class=\"has-inline-color has-vivid-purple-color\"><span style=\"text-decoration: underline;\">ARCHE Dw\u00f3r Uphagena Gda\u0144sk<\/span><\/mark><\/a><\/h2>\n\n\n\n<p>Pierwsz\u0105 propozycj\u0105 jest <strong>ARCHE Dw\u00f3r Uphagena Gda\u0144sk<\/strong>. To elegancki, czterogwiazdkowy obiekt na gda\u0144skim Dolnym Mie\u015bcie, idealny na urodziny firmowe w Gda\u0144sku, eventy firmowe oraz spotkania biznesowe. Zabytkowa architektura po\u0142\u0105czona z nowoczesnym designem tworzy wyj\u0105tkow\u0105 atmosfer\u0119 do organizacji urodzin firmowych w Gda\u0144sku i innych wydarze\u0144 integracyjnych.<\/p>\n\n\n\n<p>Obiekt oferuje <strong>nowoczesne sale konferencyjne, komfortowe noclegi<\/strong>,<strong>restauracj\u0119 Stara Kuchnia<\/strong>. Dla go\u015bci jest tak\u017ce dost\u0119pna <strong>strefa Wellness &amp; SPA<\/strong>. Dzi\u0119ki dogodnej lokalizacji i profesjonalnej obs\u0142udze organizacja urodzin firmowych w Gda\u0144sku w <strong>Dworze Uphagena<\/strong> to gwarancja udanego wydarzenia.<\/p>\n\n\n\n<figure class=\"wp-block-image size-large\"><a href=\"https:\/\/www.mojekonferencje.pl\/blog\/wp-content\/uploads\/2026\/01\/gdansk-24-1500x_.webp\"><img loading=\"lazy\" decoding=\"async\" width=\"1024\" height=\"683\" src=\"https:\/\/www.mojekonferencje.pl\/blog\/wp-content\/uploads\/2026\/01\/gdansk-24-1500x_-1024x683.webp\" alt=\"\" class=\"wp-image-8842 lazyload\" data-srcset=\"https:\/\/www.mojekonferencje.pl\/blog\/wp-content\/uploads\/2026\/01\/gdansk-24-1500x_-1024x683.webp 1024w, https:\/\/www.mojekonferencje.pl\/blog\/wp-content\/uploads\/2026\/01\/gdansk-24-1500x_-300x200.webp 300w, https:\/\/www.mojekonferencje.pl\/blog\/wp-content\/uploads\/2026\/01\/gdansk-24-1500x_-768x513.webp 768w, https:\/\/www.mojekonferencje.pl\/blog\/wp-content\/uploads\/2026\/01\/gdansk-24-1500x_.webp 1500w\" sizes=\"auto\" \/><\/a><\/figure>\n\n\n\n<h2 class=\"wp-block-heading has-text-align-center\"><a href=\"https:\/\/www.mojekonferencje.pl\/gdansk\/hotel-hilton-gdansk\"><mark style=\"background-color:rgba(0, 0, 0, 0)\" class=\"has-inline-color has-vivid-purple-color\"><span style=\"text-decoration: underline;\">Hotel Hilton Gda\u0144sk<\/span><\/mark><\/a><\/h2>\n\n\n\n<p>Kolejn\u0105 propozycj\u0105 jest <strong>Hilton Hotel Gda\u0144sk<\/strong>. To luksusowy, pi\u0119ciogwiazdkowy obiekt po\u0142o\u017cony nad Mot\u0142aw\u0105,. Hotel posiada widok na zabytkowy \u017buraw, kt\u00f3ry sprawia, \u017ce jest idealnym miejscem na urodziny firmowe w Gda\u0144sku. Dzi\u0119ki centralnej lokalizacji w sercu Starego Miasta go\u015bcie hotelu mog\u0105 si\u0119 bez problemu dosta\u0107 do g\u0142\u00f3wnych atrakcji.<\/p>\n\n\n\n<p>Obiekt oferuje tak\u017ce <strong>nowoczesne zaplecze konferencyjno-bankietowe o powierzchni oko\u0142o 600 m\u00b2<\/strong>, eleganckie pokoje, taras Urban Beach. Dodatkowo na miejscu dzia\u0142a <strong>renomowana Restauracja Mercato<\/strong>, co sprawia, \u017ce ka\u017cde wydarzenie staje si\u0119 wyj\u0105tkowe. W efekcie, <strong>urodziny firmowe w Gda\u0144sku w Hilton Hotelu w Gda\u0144sku<\/strong> to gwarancja udanej, eleganckiej i profesjonalnie zorganizowanej imprezy.<\/p>\n\n\n\n<figure class=\"wp-block-image size-full\"><a href=\"https:\/\/www.mojekonferencje.pl\/blog\/wp-content\/uploads\/2026\/01\/hilton-11-960x580-1.webp\"><img loading=\"lazy\" decoding=\"async\" width=\"960\" height=\"580\" src=\"https:\/\/www.mojekonferencje.pl\/blog\/wp-content\/uploads\/2026\/01\/hilton-11-960x580-1.webp\" alt=\"\" class=\"wp-image-8841 lazyload\" data-srcset=\"https:\/\/www.mojekonferencje.pl\/blog\/wp-content\/uploads\/2026\/01\/hilton-11-960x580-1.webp 960w, https:\/\/www.mojekonferencje.pl\/blog\/wp-content\/uploads\/2026\/01\/hilton-11-960x580-1-300x181.webp 300w, https:\/\/www.mojekonferencje.pl\/blog\/wp-content\/uploads\/2026\/01\/hilton-11-960x580-1-768x464.webp 768w\" sizes=\"auto\" \/><\/a><\/figure>\n\n\n\n<h2 class=\"wp-block-heading has-text-align-center\"><a href=\"https:\/\/www.mojekonferencje.pl\/gdansk\/novotel-gdansk-marina\"><mark style=\"background-color:rgba(0, 0, 0, 0)\" class=\"has-inline-color has-vivid-purple-color\"><span style=\"text-decoration: underline;\">Novotel Gda\u0144sk Marina<\/span><\/mark><\/a><\/h2>\n\n\n\n<p>Nast\u0119pn\u0105 propozycj\u0105 jest <strong>Novotel Gda\u0144sk Marina. <\/strong>To komfortowy hotel nad Zatok\u0105 Gda\u0144sk\u0105, idealny na urodziny firmowe w Gda\u0144sku, spotkania biznesowe i eventy. Hotel oferuje <strong>194 nowoczesne pokoje z widokiem na morze. <\/strong>Dla go\u015bci biznesowych przygotowano <strong>pi\u0119\u0107 sal konferencyjnych, w tym najwi\u0119ksz\u0105 na 330 m\u00b2, mieszcz\u0105c\u0105 do 270 os\u00f3b<\/strong>.<\/p>\n\n\n\n<p>Go\u015bcie mog\u0105 korzysta\u0107 z <strong>bogatego zaplecza rekreacyjnego<\/strong> &#8211; krytego basenu, saun, centrum fitness, kortu tenisowego i boiska do siatk\u00f3wki pla\u017cowej. <strong>Restauracja Fish &amp; Gin <\/strong>oraz <strong>hotelowy bar<\/strong> serwuj\u0105 lokalne smaki i autorskie koktajle, tworz\u0105c idealn\u0105 opraw\u0119 kulinarn\u0105 dla ka\u017cdej imprezy. <strong>Novotel Gda\u0144sk Marina <\/strong>to \u015bwietny wyb\u00f3r na eleganckie i profesjonalnie zorganizowane urodziny firmowe w Gda\u0144sku.<\/p>\n\n\n\n<figure class=\"wp-block-image size-large\"><a href=\"https:\/\/www.mojekonferencje.pl\/blog\/wp-content\/uploads\/2026\/01\/3375-rs-02-p-2048x1536-1500x_.webp\"><img loading=\"lazy\" decoding=\"async\" width=\"1024\" height=\"768\" src=\"https:\/\/www.mojekonferencje.pl\/blog\/wp-content\/uploads\/2026\/01\/3375-rs-02-p-2048x1536-1500x_-1024x768.webp\" alt=\"\" class=\"wp-image-8843 lazyload\" data-srcset=\"https:\/\/www.mojekonferencje.pl\/blog\/wp-content\/uploads\/2026\/01\/3375-rs-02-p-2048x1536-1500x_-1024x768.webp 1024w, https:\/\/www.mojekonferencje.pl\/blog\/wp-content\/uploads\/2026\/01\/3375-rs-02-p-2048x1536-1500x_-300x225.webp 300w, https:\/\/www.mojekonferencje.pl\/blog\/wp-content\/uploads\/2026\/01\/3375-rs-02-p-2048x1536-1500x_-768x576.webp 768w, https:\/\/www.mojekonferencje.pl\/blog\/wp-content\/uploads\/2026\/01\/3375-rs-02-p-2048x1536-1500x_.webp 1500w\" sizes=\"auto\" \/><\/a><\/figure>\n\n\n\n<h2 class=\"wp-block-heading has-text-align-center\"><a href=\"https:\/\/www.mojekonferencje.pl\/gdansk\/hotel-mercure-gdansk-stare-miasto\"><mark style=\"background-color:rgba(0, 0, 0, 0)\" class=\"has-inline-color has-vivid-purple-color\"><span style=\"text-decoration: underline;\">Hotel Mercure Gda\u0144sk Stare Miasto<\/span><\/mark><\/a><\/h2>\n\n\n\n<p>Warto tak\u017ce wspomnie\u0107 o <strong>Mercure Gda\u0144sk<\/strong> <strong>Stare Miasto<\/strong>. Jest to komfortowy hotel w spokojnej cz\u0119\u015bci Starego Miasta, idealny na urodziny firmowe w Gda\u0144sku, konferencje i eventy. Obiekt oferuje <strong>271 nowoczesnych pokoi<\/strong>, w tym apartamenty i pokoje Family Suite, wszystkie z klimatyzacj\u0105, Wi-Fi i minibarem.<\/p>\n\n\n\n<p>Do dyspozycji Go\u015bci jest <strong>10 klimatyzowanych sal konferencyjnych dla 10\u2013400 os\u00f3b<\/strong>, wyposa\u017conych w nowoczesny sprz\u0119t audio-wideo oraz przestronne foyer. Ponadto hotel posiada <strong>restauracje Winestone i Kupieck\u0105<\/strong> oraz s\u0142oneczny taras do imprez grillowych. Dodatkowo dost\u0119pne s\u0105 <strong>fitness centrum, parking i us\u0142ugi transportowe<\/strong>, co czyni Mercure idealnym miejscem na eleganckie i profesjonalnie zorganizowane urodziny firmowe w Gda\u0144sku.<\/p>\n\n\n\n<figure class=\"wp-block-image size-large\"><a href=\"https:\/\/www.mojekonferencje.pl\/blog\/wp-content\/uploads\/2026\/01\/vr-9512-3-4-hdr-1500x_.webp\"><img loading=\"lazy\" decoding=\"async\" width=\"1024\" height=\"683\" src=\"https:\/\/www.mojekonferencje.pl\/blog\/wp-content\/uploads\/2026\/01\/vr-9512-3-4-hdr-1500x_-1024x683.webp\" alt=\"\" class=\"wp-image-8844 lazyload\" data-srcset=\"https:\/\/www.mojekonferencje.pl\/blog\/wp-content\/uploads\/2026\/01\/vr-9512-3-4-hdr-1500x_-1024x683.webp 1024w, https:\/\/www.mojekonferencje.pl\/blog\/wp-content\/uploads\/2026\/01\/vr-9512-3-4-hdr-1500x_-300x200.webp 300w, https:\/\/www.mojekonferencje.pl\/blog\/wp-content\/uploads\/2026\/01\/vr-9512-3-4-hdr-1500x_-768x512.webp 768w, https:\/\/www.mojekonferencje.pl\/blog\/wp-content\/uploads\/2026\/01\/vr-9512-3-4-hdr-1500x_.webp 1500w\" sizes=\"auto\" \/><\/a><\/figure>\n\n\n\n<h2 class=\"wp-block-heading has-text-align-center\"><a href=\"https:\/\/www.mojekonferencje.pl\/gdansk\/radisson-hotel-suites-gdansk\"><mark style=\"background-color:rgba(0, 0, 0, 0)\" class=\"has-inline-color has-vivid-purple-color\"><span style=\"text-decoration: underline;\">Radisson Hotel &amp; Apartments<\/span><\/mark><\/a><\/h2>\n\n\n\n<p>Kolejny na li\u015bcie jest <strong>Radisson Hotel &amp; Apartments<\/strong>. To nowoczesny <strong>hotel na Wyspie Spichrz\u00f3w<\/strong>, nad Mot\u0142aw\u0105, idealny na urodziny firmowe w Gda\u0144sku, konferencje i wypoczynek. Obiekt oferuje <strong>371 pokoi i apartament\u00f3w<\/strong> z klimatyzacj\u0105, Wi-Fi, minibarem oraz widokiem na Stare Miasto lub rzek\u0119.<\/p>\n\n\n\n<p>Hotel dysponuje r\u00f3wnie\u017c <strong>przestrzeni\u0105 eventow\u0105<\/strong>, kt\u00f3ra ma powierzchni\u0119 blisko <strong>1000 m\u00b2<\/strong>. W sk\u0142ad tej przestrzeni wchodz\u0105 sale konferencyjne<strong> dla 10\u2013700 os\u00f3b<\/strong>, wyposa\u017cone w nowoczesny sprz\u0119t audiowizualny i mo\u017cliwo\u015b\u0107 kompleksowej obs\u0142ugi eventowej z cateringiem. Go\u015bcie mog\u0105 korzysta\u0107 z <strong>restauracji Deo<\/strong>, <strong>lobby baru <\/strong>oraz<strong> strefy Prana Spa Premium<\/strong>, co czyni <strong>Radisson Hotel &amp; Apartments <\/strong>\u015bwietnym wyborem na eleganckie i profesjonalnie zorganizowane urodziny firmowe w Gda\u0144sku.<\/p>\n\n\n\n<figure class=\"wp-block-image size-large\"><a href=\"https:\/\/www.mojekonferencje.pl\/blog\/wp-content\/uploads\/2026\/01\/restauracja-dol-10-1500x_.webp\"><img loading=\"lazy\" decoding=\"async\" width=\"1024\" height=\"682\" src=\"https:\/\/www.mojekonferencje.pl\/blog\/wp-content\/uploads\/2026\/01\/restauracja-dol-10-1500x_-1024x682.webp\" alt=\"\" class=\"wp-image-8845 lazyload\" data-srcset=\"https:\/\/www.mojekonferencje.pl\/blog\/wp-content\/uploads\/2026\/01\/restauracja-dol-10-1500x_-1024x682.webp 1024w, https:\/\/www.mojekonferencje.pl\/blog\/wp-content\/uploads\/2026\/01\/restauracja-dol-10-1500x_-300x200.webp 300w, https:\/\/www.mojekonferencje.pl\/blog\/wp-content\/uploads\/2026\/01\/restauracja-dol-10-1500x_-768x511.webp 768w, https:\/\/www.mojekonferencje.pl\/blog\/wp-content\/uploads\/2026\/01\/restauracja-dol-10-1500x_.webp 1500w\" sizes=\"auto\" \/><\/a><\/figure>\n\n\n\n<h2 class=\"wp-block-heading has-text-align-center\"><a href=\"https:\/\/www.mojekonferencje.pl\/gdansk\/stary-manez\"><mark style=\"background-color:rgba(0, 0, 0, 0)\" class=\"has-inline-color has-vivid-purple-color\"><span style=\"text-decoration: underline;\">Stary Mane\u017c<\/span><\/mark><\/a><\/h2>\n\n\n\n<p>Budynek <a href=\"https:\/\/www.mojekonferencje.pl\/gdansk\/stary-manez\"><strong>Starego Mane\u017cu<\/strong><\/a> to nowoczesny, wielofunkcyjny obiekt w Gda\u0144sku, idealny na urodziny firmowe w Gda\u0144sku, konferencje i wydarzenia kulturalne. Obiekt dysponuje <strong>du\u017c\u0105 sal\u0105 konferencyjno-widowiskow\u0105 mieszcz\u0105c\u0105 1490 os\u00f3b<\/strong>, wyposa\u017con\u0105 w profesjonalny system nag\u0142o\u015bnienia i o\u015bwietlenia, a tak\u017ce mo\u017cliwo\u015b\u0107 zaciemniania okien, co pozwala na organizacj\u0119 efektownych event\u00f3w zar\u00f3wno w dzie\u0144, jak i w nocy.<\/p>\n\n\n\n<p>Dla mniejszych spotka\u0144 dost\u0119pny jest <strong>nowoczesny wine bar<\/strong>, a uczestnicy mog\u0105 korzysta\u0107 z restauracji serwuj\u0105cej kreatywne dania, autorskie tapas, lokalne piwo rzemie\u015blnicze i wina z w\u0142asnej winnicy. Obiekt s\u0105siaduje z parkiem, a pobliski <strong>Smart Hotel zapewnia 100 nowoczesnych pokoi z Wi-Fi i parkingiem<\/strong>. Wszystko to sprawia, \u017ce Stary Mane\u017c jest doskona\u0142ym miejscem na eleganckie i profesjonalnie zorganizowane urodziny firmowe w Gda\u0144sku.<\/p>\n\n\n\n<figure class=\"wp-block-image size-large\"><a href=\"https:\/\/www.mojekonferencje.pl\/blog\/wp-content\/uploads\/2026\/01\/mg-9581cwww-zoom-1500x_.webp\"><img loading=\"lazy\" decoding=\"async\" width=\"1024\" height=\"683\" src=\"https:\/\/www.mojekonferencje.pl\/blog\/wp-content\/uploads\/2026\/01\/mg-9581cwww-zoom-1500x_-1024x683.webp\" alt=\"\" class=\"wp-image-8846 lazyload\" data-srcset=\"https:\/\/www.mojekonferencje.pl\/blog\/wp-content\/uploads\/2026\/01\/mg-9581cwww-zoom-1500x_-1024x683.webp 1024w, https:\/\/www.mojekonferencje.pl\/blog\/wp-content\/uploads\/2026\/01\/mg-9581cwww-zoom-1500x_-300x200.webp 300w, https:\/\/www.mojekonferencje.pl\/blog\/wp-content\/uploads\/2026\/01\/mg-9581cwww-zoom-1500x_-768x513.webp 768w, https:\/\/www.mojekonferencje.pl\/blog\/wp-content\/uploads\/2026\/01\/mg-9581cwww-zoom-1500x_.webp 1500w\" sizes=\"auto\" \/><\/a><\/figure>\n\n\n\n<h2 class=\"wp-block-heading has-text-align-center\"><a href=\"https:\/\/www.mojekonferencje.pl\/gdansk\/montownia-gdansk\"><mark style=\"background-color:rgba(0, 0, 0, 0)\" class=\"has-inline-color has-vivid-purple-color\"><span style=\"text-decoration: underline;\">Montownia Lofts &amp; Experience Gda\u0144sk<\/span><\/mark><\/a><\/h2>\n\n\n\n<p>W\u015br\u00f3d polecanych obiekt\u00f3w na organizacj\u0119 wydarze\u0144 znalaz\u0142a si\u0119 tak\u017ce <a href=\"https:\/\/www.mojekonferencje.pl\/gdansk\/montownia-gdansk\">Montownia Lofts &amp; Experience Gda\u0144sk<\/a>. To miejsce powsta\u0142o w odrestaurowanym, zabytkowym budynku z lat 30. XX wieku. Industrialny klimat, du\u017ce przestrzenie i \u015bwietna lokalizacja sprawiaj\u0105, \u017ce idealnie nadaje si\u0119 na <strong>urodziny firmowe w Gda\u0144sku<\/strong>, spotkania biznesowe czy konferencje.<\/p>\n\n\n\n<p>Do dyspozycji go\u015bci jest<strong>114 komfortowych loft\u00f3w z aneksami kuchennymi i antresolami<\/strong> oraz <strong>nowoczesne centrum konferencyjne o powierzchni blisko 400 m\u00b2<\/strong>. Ogromnym atutem obiektu jest najwi\u0119kszy w Gda\u0144sku <strong>Food Hall<\/strong>, kt\u00f3ry oferuje kuchnie z ca\u0142ego \u015bwiata i lu\u017an\u0105, miejsk\u0105 atmosfer\u0119 &#8211; idealn\u0105 na integracj\u0119 po cz\u0119\u015bci oficjalnej. To \u015bwietny wyb\u00f3r dla firm, kt\u00f3re szukaj\u0105 nowoczesnej, nieszablonowej przestrzeni na urodziny firmowe w Gda\u0144sku.&nbsp;<\/p>\n\n\n\n<figure class=\"wp-block-image size-full\"><a href=\"https:\/\/www.mojekonferencje.pl\/blog\/wp-content\/uploads\/2026\/01\/sesja2-07-960x580-1.webp\"><img loading=\"lazy\" decoding=\"async\" width=\"960\" height=\"580\" src=\"https:\/\/www.mojekonferencje.pl\/blog\/wp-content\/uploads\/2026\/01\/sesja2-07-960x580-1.webp\" alt=\"\" class=\"wp-image-8847 lazyload\" data-srcset=\"https:\/\/www.mojekonferencje.pl\/blog\/wp-content\/uploads\/2026\/01\/sesja2-07-960x580-1.webp 960w, https:\/\/www.mojekonferencje.pl\/blog\/wp-content\/uploads\/2026\/01\/sesja2-07-960x580-1-300x181.webp 300w, https:\/\/www.mojekonferencje.pl\/blog\/wp-content\/uploads\/2026\/01\/sesja2-07-960x580-1-768x464.webp 768w\" sizes=\"auto\" \/><\/a><\/figure>\n\n\n\n<h2 class=\"wp-block-heading has-text-align-center\"><a href=\"https:\/\/www.mojekonferencje.pl\/gdansk\/hotel-almond\"><mark style=\"background-color:rgba(0, 0, 0, 0)\" class=\"has-inline-color has-vivid-purple-color\"><span style=\"text-decoration: underline;\">Hotel Almond Business &amp; SPA (wkr\u00f3tce Grano Hotel Gda\u0144sk Riverside)<\/span><\/mark><\/a><\/h2>\n\n\n\n<p>W Gda\u0144sku na go\u015bci czeka tak\u017ce <strong>Hotel Almond Business &amp; SPA<\/strong>, kt\u00f3ry nied\u0142ugo przekszta\u0142ci si\u0119 w <strong>Grano Hotel Gda\u0144sk Riverside<\/strong>. To miejsce nad Mot\u0142aw\u0105 stworzone z my\u015bl\u0105 o osobach, kt\u00f3re chc\u0105 po\u0142\u0105czy\u0107 prac\u0119 z odpoczynkiem. Obiekt doskonale sprawdza si\u0119 podczas spotka\u0144 biznesowych, event\u00f3w oraz urodzin firmowych w Gda\u0144sku.<\/p>\n\n\n\n<p>Do dyspozycji go\u015bci s\u0105 <strong>komfortowe pokoje, restauracja z widokiem na rzek\u0119<\/strong> oraz <strong>rozbudowana strefa SPA<\/strong> z basenem, saunami i jacuzzi. Hotel dysponuje <strong>7 nowoczesnymi salami konferencyjnymi<\/strong>, kt\u00f3re mo\u017cna \u0142\u0105czy\u0107, co pozwala na organizacj\u0119 zar\u00f3wno kameralnych spotka\u0144, jak i wi\u0119kszych wydarze\u0144 firmowych czy jubileuszy.<\/p>\n\n\n\n<p><strong>Restauracja Magiel <\/strong>serwuje dania oparte na \u015bwie\u017cych, sezonowych produktach i lokalnych inspiracjach. Ca\u0142o\u015b\u0107 tworzy sp\u00f3jn\u0105 przestrze\u0144, w kt\u00f3rej biznes, relaks i dobre jedzenie naturalnie si\u0119 uzupe\u0142niaj\u0105. Obiekt stanowi atrakcyjn\u0105 propozycj\u0119 dla firm planuj\u0105cych <strong>urodziny firmowe w Gda\u0144sku<\/strong> w eleganckim, ale niewymuszonym stylu.<\/p>\n\n\n\n<figure class=\"wp-block-image size-large\"><a href=\"https:\/\/www.mojekonferencje.pl\/blog\/wp-content\/uploads\/2026\/01\/restauracja-magiel-1500x_.webp\"><img loading=\"lazy\" decoding=\"async\" width=\"1024\" height=\"683\" src=\"https:\/\/www.mojekonferencje.pl\/blog\/wp-content\/uploads\/2026\/01\/restauracja-magiel-1500x_-1024x683.webp\" alt=\"\" class=\"wp-image-8848 lazyload\" data-srcset=\"https:\/\/www.mojekonferencje.pl\/blog\/wp-content\/uploads\/2026\/01\/restauracja-magiel-1500x_-1024x683.webp 1024w, https:\/\/www.mojekonferencje.pl\/blog\/wp-content\/uploads\/2026\/01\/restauracja-magiel-1500x_-300x200.webp 300w, https:\/\/www.mojekonferencje.pl\/blog\/wp-content\/uploads\/2026\/01\/restauracja-magiel-1500x_-768x512.webp 768w, https:\/\/www.mojekonferencje.pl\/blog\/wp-content\/uploads\/2026\/01\/restauracja-magiel-1500x_.webp 1500w\" sizes=\"auto\" \/><\/a><\/figure>\n\n\n\n<p>Gda\u0144sk to miasto, w kt\u00f3rym bez trudu mo\u017cna znale\u017a\u0107 idealne miejsce na urodziny firmowe &#8211; zar\u00f3wno w nowoczesnych przestrzeniach, jak i obiektach z wyj\u0105tkowym klimatem. Szeroka oferta lokali, hoteli i obiekt\u00f3w eventowych pozwala dopasowa\u0107 wydarzenie do charakteru firmy, liczby go\u015bci i oczekiwanego stylu spotkania. Ka\u017cdy zesp\u00f3\u0142 pracownik\u00f3w mo\u017ce zorganizowa\u0107 urodziny firmowe w swoim stylu. W Gda\u0144sku nie brakuje doskona\u0142ych propozycji.<\/p>\n\n\n\n<p>Je\u015bli natomiast poszukujecie miejsc na organizacj\u0119 urodzin firmowych w innych miastach, dost\u0119pne s\u0105 r\u00f3wnie\u017c sprawdzone i polecane obiekty w <a href=\"https:\/\/www.mojekonferencje.pl\/blog\/miejsca-na-urodziny-firmowe-w-warszawie\/\">Warszawie<\/a>, <a href=\"https:\/\/www.mojekonferencje.pl\/blog\/miejsca-na-urodziny-firmowe-w-krakowie\/\">Krakowie<\/a>, <a href=\"https:\/\/www.mojekonferencje.pl\/blog\/miejsca-na-urodziny-firmowe-we-wroclawiu-i-okolicach\/\">Wroc\u0142awiu <\/a>oraz <a href=\"https:\/\/www.mojekonferencje.pl\/blog\/miejsca-na-urodziny-firmowe-w-lodzi\/\">\u0141odzi<\/a>. Wszystko po to, aby ka\u017cda kadra pracownicza znalaz\u0142a sw\u00f3j wymarzony obiekt!<\/p>\n\n\n\n<p><\/p>\n","protected":false},"excerpt":{"rendered":"<p>W Gda\u0144sku nie brakuje doskona\u0142ych miejsc na urodziny firmowe. Ka\u017cde z nich zapewnia dobr\u0105 atmosfer\u0119, smaczn\u0105 kuchni\u0119 i obs\u0142ug\u0119 na najwy\u017cszym poziomie.<\/p>\n","protected":false},"author":21,"featured_media":8856,"comment_status":"closed","ping_status":"closed","sticky":false,"template":"","format":"standard","meta":{"_acf_changed":false,"footnotes":""},"categories":[8,175],"tags":[617,615,616,614],"class_list":["post-8839","post","type-post","status-publish","format-standard","has-post-thumbnail","hentry","category-porady","category-wybieranie-miejsca-konferencyjnego","tag-hotele-gdansk","tag-lokale-na-urodziny-firmowe-gdansk","tag-organizacja-imprez-firmowych-gdansk","tag-urodziny-firmowe-gdansk"],"acf":[],"yoast_head":"<!-- This site is optimized with the Yoast SEO plugin v27.1.1 - https:\/\/yoast.com\/product\/yoast-seo-wordpress\/ -->\n<title>Miejsca na urodziny firmowe w Gda\u0144sku\u00a0 - blog | MojeKonferencje.pl<\/title>\n<meta name=\"description\" content=\"Miejsca na urodziny firmowe w Gda\u0144sku\u00a0 - blog | MojeKonferencje.pl\" \/>\n<meta name=\"robots\" content=\"index, follow, max-snippet:-1, max-image-preview:large, max-video-preview:-1\" \/>\n<link rel=\"canonical\" href=\"https:\/\/www.mojekonferencje.pl\/blog\/miejsca-na-urodziny-firmowe-w-gdansku\/\" \/>\n<meta property=\"og:locale\" content=\"pl_PL\" \/>\n<meta property=\"og:type\" content=\"article\" \/>\n<meta property=\"og:title\" content=\"Miejsca na urodziny firmowe w Gda\u0144sku\u00a0 - blog | MojeKonferencje.pl\" \/>\n<meta property=\"og:description\" content=\"Miejsca na urodziny firmowe w Gda\u0144sku\u00a0 - blog | MojeKonferencje.pl\" \/>\n<meta property=\"og:url\" content=\"https:\/\/www.mojekonferencje.pl\/blog\/miejsca-na-urodziny-firmowe-w-gdansku\/\" \/>\n<meta property=\"og:site_name\" content=\"MojeKonferencje.pl\" \/>\n<meta property=\"article:published_time\" content=\"2026-01-26T07:00:00+00:00\" \/>\n<meta property=\"article:modified_time\" content=\"2026-02-03T11:35:07+00:00\" \/>\n<meta property=\"og:image\" content=\"https:\/\/www.mojekonferencje.pl\/blog\/wp-content\/uploads\/2026\/01\/Fotoram.io-2026-01-22T090043.750.jpg\" \/>\n\t<meta property=\"og:image:width\" content=\"1200\" \/>\n\t<meta property=\"og:image:height\" content=\"708\" \/>\n\t<meta property=\"og:image:type\" content=\"image\/jpeg\" \/>\n<meta name=\"author\" content=\"Julia Gadomska\" \/>\n<meta name=\"twitter:card\" content=\"summary_large_image\" \/>\n<meta name=\"twitter:label1\" content=\"Napisane przez\" \/>\n\t<meta name=\"twitter:data1\" content=\"Julia Gadomska\" \/>\n\t<meta name=\"twitter:label2\" content=\"Szacowany czas czytania\" \/>\n\t<meta name=\"twitter:data2\" content=\"9 minut\" \/>\n<script type=\"application\/ld+json\" class=\"yoast-schema-graph\">{\"@context\":\"https:\/\/schema.org\",\"@graph\":[{\"@type\":\"Article\",\"@id\":\"https:\/\/www.mojekonferencje.pl\/blog\/miejsca-na-urodziny-firmowe-w-gdansku\/#article\",\"isPartOf\":{\"@id\":\"https:\/\/www.mojekonferencje.pl\/blog\/miejsca-na-urodziny-firmowe-w-gdansku\/\"},\"author\":{\"name\":\"Julia Gadomska\",\"@id\":\"https:\/\/www.mojekonferencje.pl\/blog\/#\/schema\/person\/7d6985dc3741882ea12e03b1c3997043\"},\"headline\":\"Miejsca na urodziny firmowe w Gda\u0144sku\u00a0\",\"datePublished\":\"2026-01-26T07:00:00+00:00\",\"dateModified\":\"2026-02-03T11:35:07+00:00\",\"mainEntityOfPage\":{\"@id\":\"https:\/\/www.mojekonferencje.pl\/blog\/miejsca-na-urodziny-firmowe-w-gdansku\/\"},\"wordCount\":1240,\"image\":{\"@id\":\"https:\/\/www.mojekonferencje.pl\/blog\/miejsca-na-urodziny-firmowe-w-gdansku\/#primaryimage\"},\"thumbnailUrl\":\"https:\/\/www.mojekonferencje.pl\/blog\/wp-content\/uploads\/2026\/01\/Fotoram.io-2026-01-22T090043.750.jpg\",\"keywords\":[\"hotele Gda\u0144sk\",\"lokale na urodziny firmowe Gda\u0144sk\",\"organizacja imprez firmowych Gda\u0144sk\",\"urodziny firmowe Gda\u0144sk\"],\"articleSection\":[\"Porady\",\"Wybieranie miejsca konferencyjnego\"],\"inLanguage\":\"pl-PL\"},{\"@type\":\"WebPage\",\"@id\":\"https:\/\/www.mojekonferencje.pl\/blog\/miejsca-na-urodziny-firmowe-w-gdansku\/\",\"url\":\"https:\/\/www.mojekonferencje.pl\/blog\/miejsca-na-urodziny-firmowe-w-gdansku\/\",\"name\":\"Miejsca na urodziny firmowe w Gda\u0144sku\u00a0 - blog | MojeKonferencje.pl\",\"isPartOf\":{\"@id\":\"https:\/\/www.mojekonferencje.pl\/blog\/#website\"},\"primaryImageOfPage\":{\"@id\":\"https:\/\/www.mojekonferencje.pl\/blog\/miejsca-na-urodziny-firmowe-w-gdansku\/#primaryimage\"},\"image\":{\"@id\":\"https:\/\/www.mojekonferencje.pl\/blog\/miejsca-na-urodziny-firmowe-w-gdansku\/#primaryimage\"},\"thumbnailUrl\":\"https:\/\/www.mojekonferencje.pl\/blog\/wp-content\/uploads\/2026\/01\/Fotoram.io-2026-01-22T090043.750.jpg\",\"datePublished\":\"2026-01-26T07:00:00+00:00\",\"dateModified\":\"2026-02-03T11:35:07+00:00\",\"author\":{\"@id\":\"https:\/\/www.mojekonferencje.pl\/blog\/#\/schema\/person\/7d6985dc3741882ea12e03b1c3997043\"},\"description\":\"Miejsca na urodziny firmowe w Gda\u0144sku\u00a0 - blog | MojeKonferencje.pl\",\"breadcrumb\":{\"@id\":\"https:\/\/www.mojekonferencje.pl\/blog\/miejsca-na-urodziny-firmowe-w-gdansku\/#breadcrumb\"},\"inLanguage\":\"pl-PL\",\"potentialAction\":[{\"@type\":\"ReadAction\",\"target\":[\"https:\/\/www.mojekonferencje.pl\/blog\/miejsca-na-urodziny-firmowe-w-gdansku\/\"]}]},{\"@type\":\"ImageObject\",\"inLanguage\":\"pl-PL\",\"@id\":\"https:\/\/www.mojekonferencje.pl\/blog\/miejsca-na-urodziny-firmowe-w-gdansku\/#primaryimage\",\"url\":\"https:\/\/www.mojekonferencje.pl\/blog\/wp-content\/uploads\/2026\/01\/Fotoram.io-2026-01-22T090043.750.jpg\",\"contentUrl\":\"https:\/\/www.mojekonferencje.pl\/blog\/wp-content\/uploads\/2026\/01\/Fotoram.io-2026-01-22T090043.750.jpg\",\"width\":1200,\"height\":708},{\"@type\":\"BreadcrumbList\",\"@id\":\"https:\/\/www.mojekonferencje.pl\/blog\/miejsca-na-urodziny-firmowe-w-gdansku\/#breadcrumb\",\"itemListElement\":[{\"@type\":\"ListItem\",\"position\":1,\"name\":\"Strona g\u0142\u00f3wna\",\"item\":\"https:\/\/www.mojekonferencje.pl\/blog\/\"},{\"@type\":\"ListItem\",\"position\":2,\"name\":\"Miejsca na urodziny firmowe w Gda\u0144sku\u00a0\"}]},{\"@type\":\"WebSite\",\"@id\":\"https:\/\/www.mojekonferencje.pl\/blog\/#website\",\"url\":\"https:\/\/www.mojekonferencje.pl\/blog\/\",\"name\":\"MojeKonferencje.pl\",\"description\":\"Blog bran\u017cy szkoleniowo-konferencyjnej. W\u0142\u0105cz si\u0119 do dyskusji o obiektach konferencyjnych i nowo\u015bciach z bran\u017cy! Poznaj porady odno\u015bnie organizacji konferencji, szkole\u0144 i event\u00f3w firmowych! Zach\u0119camy do wyra\u017cania opinii oraz komentarzy.\",\"potentialAction\":[{\"@type\":\"SearchAction\",\"target\":{\"@type\":\"EntryPoint\",\"urlTemplate\":\"https:\/\/www.mojekonferencje.pl\/blog\/?s={search_term_string}\"},\"query-input\":{\"@type\":\"PropertyValueSpecification\",\"valueRequired\":true,\"valueName\":\"search_term_string\"}}],\"inLanguage\":\"pl-PL\"},{\"@type\":\"Person\",\"@id\":\"https:\/\/www.mojekonferencje.pl\/blog\/#\/schema\/person\/7d6985dc3741882ea12e03b1c3997043\",\"name\":\"Julia Gadomska\",\"url\":\"https:\/\/www.mojekonferencje.pl\/blog\/author\/julia-gadomska\/\"}]}<\/script>\n<!-- \/ Yoast SEO plugin. -->","yoast_head_json":{"title":"Miejsca na urodziny firmowe w Gda\u0144sku\u00a0 - blog | MojeKonferencje.pl","description":"Miejsca na urodziny firmowe w Gda\u0144sku\u00a0 - blog | MojeKonferencje.pl","robots":{"index":"index","follow":"follow","max-snippet":"max-snippet:-1","max-image-preview":"max-image-preview:large","max-video-preview":"max-video-preview:-1"},"canonical":"https:\/\/www.mojekonferencje.pl\/blog\/miejsca-na-urodziny-firmowe-w-gdansku\/","og_locale":"pl_PL","og_type":"article","og_title":"Miejsca na urodziny firmowe w Gda\u0144sku\u00a0 - blog | MojeKonferencje.pl","og_description":"Miejsca na urodziny firmowe w Gda\u0144sku\u00a0 - blog | MojeKonferencje.pl","og_url":"https:\/\/www.mojekonferencje.pl\/blog\/miejsca-na-urodziny-firmowe-w-gdansku\/","og_site_name":"MojeKonferencje.pl","article_published_time":"2026-01-26T07:00:00+00:00","article_modified_time":"2026-02-03T11:35:07+00:00","og_image":[{"width":1200,"height":708,"url":"https:\/\/www.mojekonferencje.pl\/blog\/wp-content\/uploads\/2026\/01\/Fotoram.io-2026-01-22T090043.750.jpg","type":"image\/jpeg"}],"author":"Julia Gadomska","twitter_card":"summary_large_image","twitter_misc":{"Napisane przez":"Julia Gadomska","Szacowany czas czytania":"9 minut"},"schema":{"@context":"https:\/\/schema.org","@graph":[{"@type":"Article","@id":"https:\/\/www.mojekonferencje.pl\/blog\/miejsca-na-urodziny-firmowe-w-gdansku\/#article","isPartOf":{"@id":"https:\/\/www.mojekonferencje.pl\/blog\/miejsca-na-urodziny-firmowe-w-gdansku\/"},"author":{"name":"Julia Gadomska","@id":"https:\/\/www.mojekonferencje.pl\/blog\/#\/schema\/person\/7d6985dc3741882ea12e03b1c3997043"},"headline":"Miejsca na urodziny firmowe w Gda\u0144sku\u00a0","datePublished":"2026-01-26T07:00:00+00:00","dateModified":"2026-02-03T11:35:07+00:00","mainEntityOfPage":{"@id":"https:\/\/www.mojekonferencje.pl\/blog\/miejsca-na-urodziny-firmowe-w-gdansku\/"},"wordCount":1240,"image":{"@id":"https:\/\/www.mojekonferencje.pl\/blog\/miejsca-na-urodziny-firmowe-w-gdansku\/#primaryimage"},"thumbnailUrl":"https:\/\/www.mojekonferencje.pl\/blog\/wp-content\/uploads\/2026\/01\/Fotoram.io-2026-01-22T090043.750.jpg","keywords":["hotele Gda\u0144sk","lokale na urodziny firmowe Gda\u0144sk","organizacja imprez firmowych Gda\u0144sk","urodziny firmowe Gda\u0144sk"],"articleSection":["Porady","Wybieranie miejsca konferencyjnego"],"inLanguage":"pl-PL"},{"@type":"WebPage","@id":"https:\/\/www.mojekonferencje.pl\/blog\/miejsca-na-urodziny-firmowe-w-gdansku\/","url":"https:\/\/www.mojekonferencje.pl\/blog\/miejsca-na-urodziny-firmowe-w-gdansku\/","name":"Miejsca na urodziny firmowe w Gda\u0144sku\u00a0 - blog | MojeKonferencje.pl","isPartOf":{"@id":"https:\/\/www.mojekonferencje.pl\/blog\/#website"},"primaryImageOfPage":{"@id":"https:\/\/www.mojekonferencje.pl\/blog\/miejsca-na-urodziny-firmowe-w-gdansku\/#primaryimage"},"image":{"@id":"https:\/\/www.mojekonferencje.pl\/blog\/miejsca-na-urodziny-firmowe-w-gdansku\/#primaryimage"},"thumbnailUrl":"https:\/\/www.mojekonferencje.pl\/blog\/wp-content\/uploads\/2026\/01\/Fotoram.io-2026-01-22T090043.750.jpg","datePublished":"2026-01-26T07:00:00+00:00","dateModified":"2026-02-03T11:35:07+00:00","author":{"@id":"https:\/\/www.mojekonferencje.pl\/blog\/#\/schema\/person\/7d6985dc3741882ea12e03b1c3997043"},"description":"Miejsca na urodziny firmowe w Gda\u0144sku\u00a0 - blog | MojeKonferencje.pl","breadcrumb":{"@id":"https:\/\/www.mojekonferencje.pl\/blog\/miejsca-na-urodziny-firmowe-w-gdansku\/#breadcrumb"},"inLanguage":"pl-PL","potentialAction":[{"@type":"ReadAction","target":["https:\/\/www.mojekonferencje.pl\/blog\/miejsca-na-urodziny-firmowe-w-gdansku\/"]}]},{"@type":"ImageObject","inLanguage":"pl-PL","@id":"https:\/\/www.mojekonferencje.pl\/blog\/miejsca-na-urodziny-firmowe-w-gdansku\/#primaryimage","url":"https:\/\/www.mojekonferencje.pl\/blog\/wp-content\/uploads\/2026\/01\/Fotoram.io-2026-01-22T090043.750.jpg","contentUrl":"https:\/\/www.mojekonferencje.pl\/blog\/wp-content\/uploads\/2026\/01\/Fotoram.io-2026-01-22T090043.750.jpg","width":1200,"height":708},{"@type":"BreadcrumbList","@id":"https:\/\/www.mojekonferencje.pl\/blog\/miejsca-na-urodziny-firmowe-w-gdansku\/#breadcrumb","itemListElement":[{"@type":"ListItem","position":1,"name":"Strona g\u0142\u00f3wna","item":"https:\/\/www.mojekonferencje.pl\/blog\/"},{"@type":"ListItem","position":2,"name":"Miejsca na urodziny firmowe w Gda\u0144sku\u00a0"}]},{"@type":"WebSite","@id":"https:\/\/www.mojekonferencje.pl\/blog\/#website","url":"https:\/\/www.mojekonferencje.pl\/blog\/","name":"MojeKonferencje.pl","description":"Blog bran\u017cy szkoleniowo-konferencyjnej. W\u0142\u0105cz si\u0119 do dyskusji o obiektach konferencyjnych i nowo\u015bciach z bran\u017cy! Poznaj porady odno\u015bnie organizacji konferencji, szkole\u0144 i event\u00f3w firmowych! Zach\u0119camy do wyra\u017cania opinii oraz komentarzy.","potentialAction":[{"@type":"SearchAction","target":{"@type":"EntryPoint","urlTemplate":"https:\/\/www.mojekonferencje.pl\/blog\/?s={search_term_string}"},"query-input":{"@type":"PropertyValueSpecification","valueRequired":true,"valueName":"search_term_string"}}],"inLanguage":"pl-PL"},{"@type":"Person","@id":"https:\/\/www.mojekonferencje.pl\/blog\/#\/schema\/person\/7d6985dc3741882ea12e03b1c3997043","name":"Julia Gadomska","url":"https:\/\/www.mojekonferencje.pl\/blog\/author\/julia-gadomska\/"}]}},"_links":{"self":[{"href":"https:\/\/www.mojekonferencje.pl\/blog\/wp-json\/wp\/v2\/posts\/8839","targetHints":{"allow":["GET"]}}],"collection":[{"href":"https:\/\/www.mojekonferencje.pl\/blog\/wp-json\/wp\/v2\/posts"}],"about":[{"href":"https:\/\/www.mojekonferencje.pl\/blog\/wp-json\/wp\/v2\/types\/post"}],"author":[{"embeddable":true,"href":"https:\/\/www.mojekonferencje.pl\/blog\/wp-json\/wp\/v2\/users\/21"}],"replies":[{"embeddable":true,"href":"https:\/\/www.mojekonferencje.pl\/blog\/wp-json\/wp\/v2\/comments?post=8839"}],"version-history":[{"count":13,"href":"https:\/\/www.mojekonferencje.pl\/blog\/wp-json\/wp\/v2\/posts\/8839\/revisions"}],"predecessor-version":[{"id":8985,"href":"https:\/\/www.mojekonferencje.pl\/blog\/wp-json\/wp\/v2\/posts\/8839\/revisions\/8985"}],"wp:featuredmedia":[{"embeddable":true,"href":"https:\/\/www.mojekonferencje.pl\/blog\/wp-json\/wp\/v2\/media\/8856"}],"wp:attachment":[{"href":"https:\/\/www.mojekonferencje.pl\/blog\/wp-json\/wp\/v2\/media?parent=8839"}],"wp:term":[{"taxonomy":"category","embeddable":true,"href":"https:\/\/www.mojekonferencje.pl\/blog\/wp-json\/wp\/v2\/categories?post=8839"},{"taxonomy":"post_tag","embeddable":true,"href":"https:\/\/www.mojekonferencje.pl\/blog\/wp-json\/wp\/v2\/tags?post=8839"}],"curies":[{"name":"wp","href":"https:\/\/api.w.org\/{rel}","templated":true}]}}