{"id":8864,"date":"2026-01-27T09:00:00","date_gmt":"2026-01-27T07:00:00","guid":{"rendered":"https:\/\/www.mojekonferencje.pl\/blog\/?p=8864"},"modified":"2026-02-03T13:33:09","modified_gmt":"2026-02-03T11:33:09","slug":"najciekawsze-obiekty-konferencyjne-i-eventowe-we-wroclawiu","status":"publish","type":"post","link":"https:\/\/www.mojekonferencje.pl\/blog\/najciekawsze-obiekty-konferencyjne-i-eventowe-we-wroclawiu\/","title":{"rendered":"Najciekawsze obiekty konferencyjne i eventowe we Wroc\u0142awiu"},"content":{"rendered":"\n<p>Wroc\u0142aw nale\u017cy do czo\u0142owych miast biznesowych w Polsce, oferuj\u0105c szeroki wyb\u00f3r nowoczesnych przestrzeni konferencyjnych i eventowych. Dogodna lokalizacja, rozwini\u0119ta infrastruktura oraz r\u00f3\u017cnorodno\u015b\u0107 obiekt\u00f3w sprzyjaj\u0105 organizacji konferencji, szkole\u0144 i wydarze\u0144 specjalnych na wysokim poziomie. Konferencja w kinie, bibliotece czy industrialnej hali  brzmi interesuj\u0105co. <\/p>\n\n\n\n<p><strong>Poni\u017cej prezentujemy dla was najciekawsze <a href=\"https:\/\/www.mojekonferencje.pl\/sale-konferencyjne-wroclaw\">obiekty konferencyjne i eventowe we Wroc\u0142awiu<\/a>. Obiekty te zapewniaj\u0105 profesjonalne zapleczem techniczne i atrakcyjn\u0105 opraw\u0119 ka\u017cdego wydarzenia. <\/strong><\/p>\n\n\n\n<p><strong>Zorganizujcie tam sw\u00f3j event, a z pewno\u015bci\u0105 nie po\u017ca\u0142ujecie!<\/strong><\/p>\n\n\n\n<figure class=\"wp-block-table\"><table class=\"has-fixed-layout\"><tbody><tr><td><a href=\"https:\/\/www.mojekonferencje.pl\/wroclaw\/kamienica-pod-aniolami\">Kamienica pod Anio\u0142ami<\/a><\/td><td><a href=\"https:\/\/www.mojekonferencje.pl\/wroclaw\/boutique-hotel-s-wroclaw\">Boutique Hotel&#8217;s Wroc\u0142aw<\/a><\/td><\/tr><tr><td><a href=\"https:\/\/www.mojekonferencje.pl\/wroclaw\/stara-biblioteka\">Stara Biblioteka<\/a><\/td><td><a href=\"https:\/\/www.mojekonferencje.pl\/wroclaw\/wenderedu-business-center\">WenderEDU Business Center<\/a><\/td><\/tr><tr><td><a href=\"https:\/\/www.mojekonferencje.pl\/wroclaw\/kino-nowe-horyzonty\">Kino Nowe Horyzonty<\/a><\/td><td><a href=\"https:\/\/www.mojekonferencje.pl\/wroclaw\/concordia-design-hub\">Concordia Design Wroc\u0142aw<\/a><\/td><\/tr><tr><td><a href=\"https:\/\/www.mojekonferencje.pl\/wroclaw\/magna-restaurant\">Wroc\u0142aw Golf Events<\/a><\/td><td><a href=\"https:\/\/www.mojekonferencje.pl\/wroclaw\/terminal-event-center\">Terminal Event Center<\/a><\/td><\/tr><\/tbody><\/table><\/figure>\n\n\n\n<h2 class=\"wp-block-heading has-text-align-center\"><a href=\"https:\/\/www.mojekonferencje.pl\/wroclaw\/kamienica-pod-aniolami\"><mark style=\"background-color:rgba(0, 0, 0, 0)\" class=\"has-inline-color has-vivid-purple-color\"><span style=\"text-decoration: underline;\">Kamienica pod Anio\u0142ami<\/span><\/mark><\/a><\/h2>\n\n\n\n<p>Pierwsz\u0105 propozycj\u0105 jest <strong>Kamienica pod Anio\u0142ami<\/strong>. Jest to klimatyczny obiekt we Woc\u0142awiu idealny na konferencje, szkolenia i spotkania biznesowe. Do dyspozycji go\u015bci jest <strong>sala konferencyjna dla 100 os\u00f3b,<\/strong> kt\u00f3r\u0105 mo\u017cna podzieli\u0107 d\u017awi\u0119koszczeln\u0105 \u015bcian\u0105 na dwie mniejsze. Dodatkowo dost\u0119pne s\u0105 <strong>mniejsze sale szkoleniowe<\/strong>, sprawdzaj\u0105ce si\u0119 przy kameralnych spotkaniach i warsztatach.<\/p>\n\n\n\n<p>Na miejscu dzia\u0142a <strong>restauracyjna Sala pod Anio\u0142em<\/strong>, oferuj\u0105ca posi\u0142ki przygotowywane ze \u015bwie\u017cych produkt\u00f3w oraz mo\u017cliwo\u015b\u0107 organizacji lunchy biznesowych i imprez firmowych. Obiekt zapewnia tak\u017ce <strong>komfortowe pokoje noclegowe, taras do odpoczynku w przerwach oraz bezp\u0142atne WiFi na terenie ca\u0142ej kamienicy<\/strong>. Ca\u0142o\u015b\u0107 uzupe\u0142nia profesjonalny i pomocny personel, dbaj\u0105cy o sprawny przebieg ka\u017cdego wydarzenia. To jedna z ciekawszych propozycji obiekt\u00f3w konferencyjnych we Wroc\u0142awiu.<\/p>\n\n\n\n<figure class=\"wp-block-image size-full\"><a href=\"https:\/\/www.mojekonferencje.pl\/blog\/wp-content\/uploads\/2026\/01\/f2a3238-960x580-1.webp\"><img loading=\"lazy\" decoding=\"async\" width=\"960\" height=\"580\" src=\"https:\/\/www.mojekonferencje.pl\/blog\/wp-content\/uploads\/2026\/01\/f2a3238-960x580-1.webp\" alt=\"\" class=\"wp-image-8866 lazyload\" data-srcset=\"https:\/\/www.mojekonferencje.pl\/blog\/wp-content\/uploads\/2026\/01\/f2a3238-960x580-1.webp 960w, https:\/\/www.mojekonferencje.pl\/blog\/wp-content\/uploads\/2026\/01\/f2a3238-960x580-1-300x181.webp 300w, https:\/\/www.mojekonferencje.pl\/blog\/wp-content\/uploads\/2026\/01\/f2a3238-960x580-1-768x464.webp 768w\" sizes=\"auto\" \/><\/a><\/figure>\n\n\n\n<h2 class=\"wp-block-heading has-text-align-center\"><a href=\"https:\/\/www.mojekonferencje.pl\/wroclaw\/boutique-hotel-s-wroclaw\"><mark style=\"background-color:rgba(0, 0, 0, 0)\" class=\"has-inline-color has-vivid-purple-color\"><span style=\"text-decoration: underline;\">Boutique Hotel&#8217;s Wroc\u0142aw<\/span><\/mark><\/a><\/h2>\n\n\n\n<p>Kolejny nowoczesny i kameralny obiekt-<strong>Boutique Hotel&#8217;s Wroc\u0142aw<\/strong> po\u0142o\u017cony 4 km od centrum Wroc\u0142awia to wygodna baza dla go\u015bci biznesowych i turyst\u00f3w. Dogodna lokalizacja oraz wysoki standard us\u0142ug sprawiaj\u0105, \u017ce hotel stanowi doskona\u0142e miejsce do organizacji konferencji, szkole\u0144 i spotka\u0144 firmowych.<\/p>\n\n\n\n<p>Do dyspozycji organizator\u00f3w jest <strong>7 klimatyzowanych sal konferencyjnych o \u0142\u0105cznej powierzchni 505 m2<\/strong>, przystosowanych do wydarze\u0144 <strong>od 12 do 120 os\u00f3b<\/strong>. Sale maj\u0105 dost\u0119p do \u015bwiat\u0142a dziennego i nowoczesne zaplecze multimedialne. Obiekt oferuje tak\u017ce <strong>101 komfortowych pokoi, monitorowany parking<\/strong> oraz codzienne \u015bniadania w formie bufetu, zapewniaj\u0105c wygodne warunki do pracy i wypoczynku.<\/p>\n\n\n\n<figure class=\"wp-block-image size-full\"><a href=\"https:\/\/www.mojekonferencje.pl\/blog\/wp-content\/uploads\/2026\/01\/750-1867-hdr-960x580-1.webp\"><img loading=\"lazy\" decoding=\"async\" width=\"960\" height=\"580\" src=\"https:\/\/www.mojekonferencje.pl\/blog\/wp-content\/uploads\/2026\/01\/750-1867-hdr-960x580-1.webp\" alt=\"\" class=\"wp-image-8867 lazyload\" data-srcset=\"https:\/\/www.mojekonferencje.pl\/blog\/wp-content\/uploads\/2026\/01\/750-1867-hdr-960x580-1.webp 960w, https:\/\/www.mojekonferencje.pl\/blog\/wp-content\/uploads\/2026\/01\/750-1867-hdr-960x580-1-300x181.webp 300w, https:\/\/www.mojekonferencje.pl\/blog\/wp-content\/uploads\/2026\/01\/750-1867-hdr-960x580-1-768x464.webp 768w\" sizes=\"auto\" \/><\/a><\/figure>\n\n\n\n<h2 class=\"wp-block-heading has-text-align-center\"><a href=\"https:\/\/www.mojekonferencje.pl\/wroclaw\/stara-biblioteka\"><mark style=\"background-color:rgba(0, 0, 0, 0)\" class=\"has-inline-color has-vivid-purple-color\"><span style=\"text-decoration: underline;\">Stara Biblioteka<\/span><\/mark><\/a><\/h2>\n\n\n\n<p>Nast\u0119pn\u0105 propozycj\u0105 w\u015br\u00f3d najciekawszych obiekt\u00f3w konferencyjnych i eventowych e Wroc\u0142awiu jest <strong>Stara Biblioteka<\/strong>. Jest to urokliwy dworek po\u0142o\u017cony w malowniczym krajobrazie Dolnego \u015al\u0105ska. Wybudowany w 1892 roku, dzi\u015b stanowi eleganckie miejsce do organizacji konferencji, szkole\u0144 i kameralnych wydarze\u0144.<\/p>\n\n\n\n<p>Dla go\u015bci biznesowych przygotowano <strong>dwie sale konferencyjne &#8211; g\u0142\u00f3wna o powierzchni 80 m\u00b2 mieszcz\u0105ca 70 os\u00f3b oraz mniejsza, 50 m\u00b2<\/strong>, idealna na kameralne spotkania. Obie sale s\u0105 wyposa\u017cone w nowoczesny sprz\u0119t multimedialny. Obiekt oferuje tak\u017ce <strong>15 stylowych pokoi<\/strong>, w tym standardowe, deluxe, rodzinne oraz przystosowane dla os\u00f3b z niepe\u0142nosprawno\u015bciami.<\/p>\n\n\n\n<p>W <strong>restauracji <\/strong>serwowane s\u0105 dania kuchni polskiej, regionalnej i \u015br\u00f3dziemnomorskiej. Ponadto go\u015bcie mog\u0105 skorzysta\u0107 z <strong>luksusowego centrum SPA KaVi Wellness<\/strong>, oferuj\u0105cego zabiegi od\u017cywcze, regeneracyjne i masa\u017ce, co czyni Stara Bibliotek\u0119 idealnym miejscem do pracy i relaksu w wyj\u0105tkowej atmosferze.<\/p>\n\n\n\n<figure class=\"wp-block-image size-full\"><a href=\"https:\/\/www.mojekonferencje.pl\/blog\/wp-content\/uploads\/2026\/01\/355797087-1200x-960x580-1.webp\"><img loading=\"lazy\" decoding=\"async\" width=\"960\" height=\"580\" src=\"https:\/\/www.mojekonferencje.pl\/blog\/wp-content\/uploads\/2026\/01\/355797087-1200x-960x580-1.webp\" alt=\"\" class=\"wp-image-8868 lazyload\" data-srcset=\"https:\/\/www.mojekonferencje.pl\/blog\/wp-content\/uploads\/2026\/01\/355797087-1200x-960x580-1.webp 960w, https:\/\/www.mojekonferencje.pl\/blog\/wp-content\/uploads\/2026\/01\/355797087-1200x-960x580-1-300x181.webp 300w, https:\/\/www.mojekonferencje.pl\/blog\/wp-content\/uploads\/2026\/01\/355797087-1200x-960x580-1-768x464.webp 768w\" sizes=\"auto\" \/><\/a><\/figure>\n\n\n\n<h2 class=\"wp-block-heading has-text-align-center\"><a href=\"https:\/\/www.mojekonferencje.pl\/wroclaw\/wenderedu-business-center\"><mark style=\"background-color:rgba(0, 0, 0, 0)\" class=\"has-inline-color has-vivid-purple-color\"><span style=\"text-decoration: underline;\">WenderEDU Business Center<\/span><\/mark><\/a><\/h2>\n\n\n\n<p>Warto tak\u017ce wspomnie\u0107 o <strong>WenderEDU Business Center<\/strong>. Jest to nowoczesne centrum konferencyjno-szkoleniowe po\u0142o\u017cone w Ostrowie Tumskim, zaledwie 10 minut od Rynku we Wroc\u0142awiu. O\u015brodek oferuje <strong>cztery sale konferencyjne dla 39\u2013104 os\u00f3b<\/strong>, wyposa\u017cone w sprz\u0119t multimedialny, nag\u0142o\u015bnienie, szybki Internet i akcesoria szkoleniowe. Dost\u0119pny jest tak\u017ce sprz\u0119t do szkole\u0144 online i webinar\u00f3w.<\/p>\n\n\n\n<p>Do dyspozycji go\u015bci s\u0105 <strong>komfortowe pokoje<\/strong> jedno-, dwu- i trzyosobowe oraz rodzinne, a \u015bniadania serwowane s\u0105 w jadalni lub do pokoju. W obiekcie dost\u0119pne s\u0105 <strong>kompleksowe us\u0142ugi cateringowe<\/strong>, organizacja firmowych kolacji i przyj\u0119\u0107, wsparcie poligraficzne oraz parking. <strong>WenderEDU<\/strong> to wygodne i profesjonalne miejsce do organizacji konferencji i spotka\u0144 biznesowych, kt\u00f3re nale\u017cy do najciekawszych obiekt\u00f3w konferencyjnych we Wroc\u0142awiu.<\/p>\n\n\n\n<figure class=\"wp-block-image size-full\"><a href=\"https:\/\/www.mojekonferencje.pl\/blog\/wp-content\/uploads\/2026\/01\/dsc-3745-bez-znaku-960x580-1.webp\"><img loading=\"lazy\" decoding=\"async\" width=\"960\" height=\"580\" src=\"https:\/\/www.mojekonferencje.pl\/blog\/wp-content\/uploads\/2026\/01\/dsc-3745-bez-znaku-960x580-1.webp\" alt=\"\" class=\"wp-image-8869 lazyload\" data-srcset=\"https:\/\/www.mojekonferencje.pl\/blog\/wp-content\/uploads\/2026\/01\/dsc-3745-bez-znaku-960x580-1.webp 960w, https:\/\/www.mojekonferencje.pl\/blog\/wp-content\/uploads\/2026\/01\/dsc-3745-bez-znaku-960x580-1-300x181.webp 300w, https:\/\/www.mojekonferencje.pl\/blog\/wp-content\/uploads\/2026\/01\/dsc-3745-bez-znaku-960x580-1-768x464.webp 768w\" sizes=\"auto\" \/><\/a><\/figure>\n\n\n\n<h2 class=\"wp-block-heading has-text-align-center\"><a href=\"https:\/\/www.mojekonferencje.pl\/wroclaw\/kino-nowe-horyzonty\"><mark style=\"background-color:rgba(0, 0, 0, 0)\" class=\"has-inline-color has-vivid-purple-color\"><span style=\"text-decoration: underline;\">Kino Nowe Horyzonty<\/span><\/mark><\/a><\/h2>\n\n\n\n<p>W naszym zestawieniu znalaz\u0142o si\u0119 tak\u017ce kino. Jest to wyj\u0105tkowe miejsce, gdy\u017c, <strong>kino Nowe Horyzonty<\/strong> to najwi\u0119kszy w Polsce multipleks po\u015bwi\u0119cony kinu artystycznemu. Specjalizuje si\u0119 w filmach niezale\u017cnych i autorskich. W obiekcie znajduje si\u0119 a\u017c <strong>9 klimatyzowanych sal z \u0142\u0105czn\u0105 liczb\u0105 2328 miejsc<\/strong> oraz nowoczesnym sprz\u0119tem audiowizualnym.<\/p>\n\n\n\n<p>Na parterze dzia\u0142a <strong>Nowe Bistro<\/strong> i <strong>kawiarnia <\/strong>serwuj\u0105ce przek\u0105ski, lunche i kaw\u0119,. Natomiast Filmowa Ksi\u0119garnia Tajne Komplety oferuje ksi\u0105\u017cki, p\u0142yty i plakaty filmowe dla mi\u0142o\u015bnik\u00f3w kultury. Przestrzenie kina, z widokiem na centrum Wroc\u0142awia, sprawdzaj\u0105 si\u0119 tak\u017ce jako miejsce pracy i spotka\u0144. <strong>Kino Nowe Horyzonty<\/strong> to jedna z najciekawszych propozycji obiekt\u00f3w konferencyjnych i eventowych we Wroc\u0142awiu. <\/p>\n\n\n\n<figure class=\"wp-block-image size-full\"><a href=\"https:\/\/www.mojekonferencje.pl\/blog\/wp-content\/uploads\/2026\/01\/374285343-607856301519124-3238121809685046400-n-960x580-1.webp\"><img loading=\"lazy\" decoding=\"async\" width=\"960\" height=\"580\" src=\"https:\/\/www.mojekonferencje.pl\/blog\/wp-content\/uploads\/2026\/01\/374285343-607856301519124-3238121809685046400-n-960x580-1.webp\" alt=\"\" class=\"wp-image-8870 lazyload\" data-srcset=\"https:\/\/www.mojekonferencje.pl\/blog\/wp-content\/uploads\/2026\/01\/374285343-607856301519124-3238121809685046400-n-960x580-1.webp 960w, https:\/\/www.mojekonferencje.pl\/blog\/wp-content\/uploads\/2026\/01\/374285343-607856301519124-3238121809685046400-n-960x580-1-300x181.webp 300w, https:\/\/www.mojekonferencje.pl\/blog\/wp-content\/uploads\/2026\/01\/374285343-607856301519124-3238121809685046400-n-960x580-1-768x464.webp 768w\" sizes=\"auto\" \/><\/a><\/figure>\n\n\n\n<h2 class=\"wp-block-heading has-text-align-center\"><a href=\"https:\/\/www.mojekonferencje.pl\/wroclaw\/concordia-design-hub\"><mark style=\"background-color:rgba(0, 0, 0, 0)\" class=\"has-inline-color has-vivid-purple-color\"><span style=\"text-decoration: underline;\">Concordia Design Wroc\u0142aw<\/span><\/mark><\/a><\/h2>\n\n\n\n<p>Nast\u0119pn\u0105 propozycj\u0105 jest <strong>Concordia Design Wroc\u0142aw<\/strong>. Jest to nowoczesne centrum konferencyjno-eventowe po\u0142o\u017cone w samym sercu miasta, na zielonej Wyspie S\u0142odowej. Oferuje <strong>9 klimatyzowanych sal <\/strong>wyposa\u017conych w sprz\u0119t multimedialny, w tym projektor 4K i ekran 24 m\u00b2, umo\u017cliwiaj\u0105ce organizacj\u0119 konferencji stacjonarnych, hybrydowych i online.<\/p>\n\n\n\n<p>Do dyspozycji go\u015bci jest tak\u017ce <strong>cz\u0119\u015bciowo kryty taras o powierzchni 550 m\u00b2 <\/strong>z najwi\u0119ksz\u0105 w Polsce zielon\u0105 \u015bcian\u0105, idealny na letnie przyj\u0119cia i bankiety. <strong>Restauracja Concordia Taste<\/strong> serwuje nowoczesn\u0105 kuchni\u0119 polsk\u0105 z lokalnych, sezonowych produkt\u00f3w oraz bogaty wyb\u00f3r win. Centrum zapewnia tak\u017ce pe\u0142n\u0105 obs\u0142ug\u0119 wydarze\u0144 i catering. Dzi\u0119ki centralnej lokalizacji i profesjonalnemu zapleczu, <strong>Concordia Design Wroc\u0142aw <\/strong>jest jednym z najciekawszych obiekt\u00f3w konferencyjnych w mie\u015bcie.<\/p>\n\n\n\n<figure class=\"wp-block-image size-full\"><a href=\"https:\/\/www.mojekonferencje.pl\/blog\/wp-content\/uploads\/2026\/01\/concordia-design-wroclaw-960x580-1.webp\"><img loading=\"lazy\" decoding=\"async\" width=\"960\" height=\"580\" src=\"https:\/\/www.mojekonferencje.pl\/blog\/wp-content\/uploads\/2026\/01\/concordia-design-wroclaw-960x580-1.webp\" alt=\"\" class=\"wp-image-8871 lazyload\" data-srcset=\"https:\/\/www.mojekonferencje.pl\/blog\/wp-content\/uploads\/2026\/01\/concordia-design-wroclaw-960x580-1.webp 960w, https:\/\/www.mojekonferencje.pl\/blog\/wp-content\/uploads\/2026\/01\/concordia-design-wroclaw-960x580-1-300x181.webp 300w, https:\/\/www.mojekonferencje.pl\/blog\/wp-content\/uploads\/2026\/01\/concordia-design-wroclaw-960x580-1-768x464.webp 768w\" sizes=\"auto\" \/><\/a><\/figure>\n\n\n\n<h2 class=\"wp-block-heading has-text-align-center\"><a href=\"https:\/\/www.mojekonferencje.pl\/wroclaw\/magna-restaurant\"><mark style=\"background-color:rgba(0, 0, 0, 0)\" class=\"has-inline-color has-vivid-purple-color\"><span style=\"text-decoration: underline;\">Wroc\u0142aw Golf Events<\/span><\/mark><\/a><\/h2>\n\n\n\n<p>Po\u0142o\u017cony zaledwie 8,5 km od centrum Wroc\u0142awia <strong>Wroc\u0142aw Golf Club<\/strong> to presti\u017cowa przestrze\u0144 idealna na konferencje, szkolenia i eventy firmowe. Otoczony zieleni\u0105 p\u00f3l golfowych, jezior i las\u00f3w, oferuje komfortowe i inspiruj\u0105ce warunki do pracy, networkingu i integracji.<\/p>\n\n\n\n<p>Obiekt dysponuje <strong>nowoczesn\u0105 sal\u0105 konferencyjn\u0105 Club House<\/strong> oraz <strong>Grill House<\/strong> \u2013 kameralnym domkiem z tarasem dla grup <strong>do 50 os\u00f3b<\/strong>. <strong>Wroc\u0142aw Golf Club<\/strong> zapewnia tak\u017ce pe\u0142ne zaplecze konferencyjne, profesjonaln\u0105 obs\u0142ug\u0119, szybkie Wi-Fi. Na miejscu dla go\u015bci dost\u0119pne s\u0105 atrakcje dodatkowe, m.in. akademi\u0119 golfa, symulatory, turnieje, przejazdy melexami i strefy chillout.<\/p>\n\n\n\n<p><strong>Restauracja serwuje autorskie menu<\/strong> z lokalnych, sezonowych sk\u0142adnik\u00f3w, oferuj\u0105c bankiety, lunche i degustacje, kt\u00f3re podkre\u015blaj\u0105 presti\u017c wydarzenia. To \u015bwietny obiekt konferencyjne i eventowy we Wroc\u0142awiu.<\/p>\n\n\n\n<figure class=\"wp-block-image size-full\"><a href=\"https:\/\/www.mojekonferencje.pl\/blog\/wp-content\/uploads\/2026\/01\/wge-club-house-2025-1-1-960x580-1.webp\"><img loading=\"lazy\" decoding=\"async\" width=\"960\" height=\"580\" src=\"https:\/\/www.mojekonferencje.pl\/blog\/wp-content\/uploads\/2026\/01\/wge-club-house-2025-1-1-960x580-1.webp\" alt=\"\" class=\"wp-image-8872 lazyload\" data-srcset=\"https:\/\/www.mojekonferencje.pl\/blog\/wp-content\/uploads\/2026\/01\/wge-club-house-2025-1-1-960x580-1.webp 960w, https:\/\/www.mojekonferencje.pl\/blog\/wp-content\/uploads\/2026\/01\/wge-club-house-2025-1-1-960x580-1-300x181.webp 300w, https:\/\/www.mojekonferencje.pl\/blog\/wp-content\/uploads\/2026\/01\/wge-club-house-2025-1-1-960x580-1-768x464.webp 768w\" sizes=\"auto\" \/><\/a><\/figure>\n\n\n\n<h2 class=\"wp-block-heading has-text-align-center\"><a href=\"https:\/\/www.mojekonferencje.pl\/wroclaw\/terminal-event-center\"><mark style=\"background-color:rgba(0, 0, 0, 0)\" class=\"has-inline-color has-vivid-purple-color\"><span style=\"text-decoration: underline;\">Terminal Event Center<\/span><\/mark><\/a><\/h2>\n\n\n\n<p>Kolejn\u0105 propozycj\u0105 jest <strong>Terminal Event Center<\/strong>, zaledwie 2 km od Portu Lotniczego Wroc\u0142aw. To nowoczesna przestrze\u0144 idealna na konferencje, szkolenia, bankiety i du\u017ce eventy. Obiekt oferuje klimatyzowane sale z nowoczesnym sprz\u0119tem multimedialnym, a najwi\u0119ksza <strong>Hala Orion pomie\u015bci do 2700 os\u00f3b<\/strong>.<\/p>\n\n\n\n<p>Wsp\u00f3\u0142pracuj\u0105cy z centrum <strong>Hotel Terminal dysponuje 51 nowoczesnymi pokojami dla 110 go\u015bci<\/strong>, wyposa\u017conymi m.in. w TV, biurko, minibar i zestaw do kawy i herbaty. Na miejscu dzia\u0142a te\u017c <strong>Restauracja Rakietowa<\/strong>, serwuj\u0105ca dania kuchni polskiej i europejskiej oraz oferuj\u0105ca catering eventowy. Doskona\u0142a lokalizacja, nowoczesne sale i pe\u0142na obs\u0142uga czyni\u0105 to miejsce idealnym na ka\u017cde wydarzenie biznesowe we Wroc\u0142awiu.<\/p>\n\n\n\n<figure class=\"wp-block-image size-full\"><a href=\"https:\/\/www.mojekonferencje.pl\/blog\/wp-content\/uploads\/2026\/01\/maciejchyra-com-20231017-19-26-35-scaled-1-960x580-1.webp\"><img loading=\"lazy\" decoding=\"async\" width=\"960\" height=\"580\" src=\"https:\/\/www.mojekonferencje.pl\/blog\/wp-content\/uploads\/2026\/01\/maciejchyra-com-20231017-19-26-35-scaled-1-960x580-1.webp\" alt=\"\" class=\"wp-image-8873 lazyload\" data-srcset=\"https:\/\/www.mojekonferencje.pl\/blog\/wp-content\/uploads\/2026\/01\/maciejchyra-com-20231017-19-26-35-scaled-1-960x580-1.webp 960w, https:\/\/www.mojekonferencje.pl\/blog\/wp-content\/uploads\/2026\/01\/maciejchyra-com-20231017-19-26-35-scaled-1-960x580-1-300x181.webp 300w, https:\/\/www.mojekonferencje.pl\/blog\/wp-content\/uploads\/2026\/01\/maciejchyra-com-20231017-19-26-35-scaled-1-960x580-1-768x464.webp 768w\" sizes=\"auto\" \/><\/a><\/figure>\n\n\n\n<p>Wroc\u0142aw oferuje r\u00f3\u017cnorodne i<strong> nowoczesne obiekty konferencyjno-eventowe<\/strong>, kt\u00f3re sprawdz\u0105 si\u0119 zar\u00f3wno przy du\u017cych konferencjach, jak i kameralnych spotkaniach biznesowych. Od historycznych kamienic po nowoczesne centra i nietypowe przestrzenie, ka\u017cde miejsce zapewnia profesjonalne zaplecze, komfort i wyj\u0105tkow\u0105 atmosfer\u0119.<\/p>\n","protected":false},"excerpt":{"rendered":"<p>Wroc\u0142aw to jedno z czo\u0142owych miast biznesowych w Polsce. Poznajcie najciekawsze obiekty we Wroc\u0142awiu, idealne do organizacji wydarze\u0144 na najwy\u017cszym poziomie.<\/p>\n","protected":false},"author":21,"featured_media":8878,"comment_status":"closed","ping_status":"closed","sticky":false,"template":"","format":"standard","meta":{"_acf_changed":false,"footnotes":""},"categories":[8,175],"tags":[619,620,621,622],"class_list":["post-8864","post","type-post","status-publish","format-standard","has-post-thumbnail","hentry","category-porady","category-wybieranie-miejsca-konferencyjnego","tag-najciekawsze-obiekty-konferencyjne-wroclawiu","tag-obiekty-eventowe-wroclaw","tag-obiekty-konferencyjne-wroclaw","tag-organizacja-wydarzen-wroclaw"],"acf":[],"yoast_head":"<!-- This site is optimized with the Yoast SEO plugin v27.1.1 - https:\/\/yoast.com\/product\/yoast-seo-wordpress\/ -->\n<title>Najciekawsze obiekty konferencyjne i eventowe we Wroc\u0142awiu - blog | MojeKonferencje.pl<\/title>\n<meta name=\"description\" content=\"Najciekawsze obiekty konferencyjne i eventowe we Wroc\u0142awiu - blog | MojeKonferencje.pl\" \/>\n<meta name=\"robots\" content=\"index, follow, max-snippet:-1, max-image-preview:large, max-video-preview:-1\" \/>\n<link rel=\"canonical\" href=\"https:\/\/www.mojekonferencje.pl\/blog\/najciekawsze-obiekty-konferencyjne-i-eventowe-we-wroclawiu\/\" \/>\n<meta property=\"og:locale\" content=\"pl_PL\" \/>\n<meta property=\"og:type\" content=\"article\" \/>\n<meta property=\"og:title\" content=\"Najciekawsze obiekty konferencyjne i eventowe we Wroc\u0142awiu - blog | MojeKonferencje.pl\" \/>\n<meta property=\"og:description\" content=\"Najciekawsze obiekty konferencyjne i eventowe we Wroc\u0142awiu - blog | MojeKonferencje.pl\" \/>\n<meta property=\"og:url\" content=\"https:\/\/www.mojekonferencje.pl\/blog\/najciekawsze-obiekty-konferencyjne-i-eventowe-we-wroclawiu\/\" \/>\n<meta property=\"og:site_name\" content=\"MojeKonferencje.pl\" \/>\n<meta property=\"article:published_time\" content=\"2026-01-27T07:00:00+00:00\" \/>\n<meta property=\"article:modified_time\" content=\"2026-02-03T11:33:09+00:00\" \/>\n<meta property=\"og:image\" content=\"https:\/\/www.mojekonferencje.pl\/blog\/wp-content\/uploads\/2026\/01\/Fotoram.io-2026-01-26T173201.266.jpg\" \/>\n\t<meta property=\"og:image:width\" content=\"1200\" \/>\n\t<meta property=\"og:image:height\" content=\"708\" \/>\n\t<meta property=\"og:image:type\" content=\"image\/jpeg\" \/>\n<meta name=\"author\" content=\"Julia Gadomska\" \/>\n<meta name=\"twitter:card\" content=\"summary_large_image\" \/>\n<meta name=\"twitter:label1\" content=\"Napisane przez\" \/>\n\t<meta name=\"twitter:data1\" content=\"Julia Gadomska\" \/>\n\t<meta name=\"twitter:label2\" content=\"Szacowany czas czytania\" \/>\n\t<meta name=\"twitter:data2\" content=\"8 minut\" \/>\n<script type=\"application\/ld+json\" class=\"yoast-schema-graph\">{\"@context\":\"https:\/\/schema.org\",\"@graph\":[{\"@type\":\"Article\",\"@id\":\"https:\/\/www.mojekonferencje.pl\/blog\/najciekawsze-obiekty-konferencyjne-i-eventowe-we-wroclawiu\/#article\",\"isPartOf\":{\"@id\":\"https:\/\/www.mojekonferencje.pl\/blog\/najciekawsze-obiekty-konferencyjne-i-eventowe-we-wroclawiu\/\"},\"author\":{\"name\":\"Julia Gadomska\",\"@id\":\"https:\/\/www.mojekonferencje.pl\/blog\/#\/schema\/person\/7d6985dc3741882ea12e03b1c3997043\"},\"headline\":\"Najciekawsze obiekty konferencyjne i eventowe we Wroc\u0142awiu\",\"datePublished\":\"2026-01-27T07:00:00+00:00\",\"dateModified\":\"2026-02-03T11:33:09+00:00\",\"mainEntityOfPage\":{\"@id\":\"https:\/\/www.mojekonferencje.pl\/blog\/najciekawsze-obiekty-konferencyjne-i-eventowe-we-wroclawiu\/\"},\"wordCount\":1191,\"image\":{\"@id\":\"https:\/\/www.mojekonferencje.pl\/blog\/najciekawsze-obiekty-konferencyjne-i-eventowe-we-wroclawiu\/#primaryimage\"},\"thumbnailUrl\":\"https:\/\/www.mojekonferencje.pl\/blog\/wp-content\/uploads\/2026\/01\/Fotoram.io-2026-01-26T173201.266.jpg\",\"keywords\":[\"najciekawsze obiekty konferencyjne Wroc\u0142awiu\",\"obiekty eventowe Wroc\u0142aw\",\"obiekty konferencyjne Wroc\u0142aw\",\"organizacja wydarze\u0144 Wroc\u0142aw\"],\"articleSection\":[\"Porady\",\"Wybieranie miejsca konferencyjnego\"],\"inLanguage\":\"pl-PL\"},{\"@type\":\"WebPage\",\"@id\":\"https:\/\/www.mojekonferencje.pl\/blog\/najciekawsze-obiekty-konferencyjne-i-eventowe-we-wroclawiu\/\",\"url\":\"https:\/\/www.mojekonferencje.pl\/blog\/najciekawsze-obiekty-konferencyjne-i-eventowe-we-wroclawiu\/\",\"name\":\"Najciekawsze obiekty konferencyjne i eventowe we Wroc\u0142awiu - blog | MojeKonferencje.pl\",\"isPartOf\":{\"@id\":\"https:\/\/www.mojekonferencje.pl\/blog\/#website\"},\"primaryImageOfPage\":{\"@id\":\"https:\/\/www.mojekonferencje.pl\/blog\/najciekawsze-obiekty-konferencyjne-i-eventowe-we-wroclawiu\/#primaryimage\"},\"image\":{\"@id\":\"https:\/\/www.mojekonferencje.pl\/blog\/najciekawsze-obiekty-konferencyjne-i-eventowe-we-wroclawiu\/#primaryimage\"},\"thumbnailUrl\":\"https:\/\/www.mojekonferencje.pl\/blog\/wp-content\/uploads\/2026\/01\/Fotoram.io-2026-01-26T173201.266.jpg\",\"datePublished\":\"2026-01-27T07:00:00+00:00\",\"dateModified\":\"2026-02-03T11:33:09+00:00\",\"author\":{\"@id\":\"https:\/\/www.mojekonferencje.pl\/blog\/#\/schema\/person\/7d6985dc3741882ea12e03b1c3997043\"},\"description\":\"Najciekawsze obiekty konferencyjne i eventowe we Wroc\u0142awiu - blog | MojeKonferencje.pl\",\"breadcrumb\":{\"@id\":\"https:\/\/www.mojekonferencje.pl\/blog\/najciekawsze-obiekty-konferencyjne-i-eventowe-we-wroclawiu\/#breadcrumb\"},\"inLanguage\":\"pl-PL\",\"potentialAction\":[{\"@type\":\"ReadAction\",\"target\":[\"https:\/\/www.mojekonferencje.pl\/blog\/najciekawsze-obiekty-konferencyjne-i-eventowe-we-wroclawiu\/\"]}]},{\"@type\":\"ImageObject\",\"inLanguage\":\"pl-PL\",\"@id\":\"https:\/\/www.mojekonferencje.pl\/blog\/najciekawsze-obiekty-konferencyjne-i-eventowe-we-wroclawiu\/#primaryimage\",\"url\":\"https:\/\/www.mojekonferencje.pl\/blog\/wp-content\/uploads\/2026\/01\/Fotoram.io-2026-01-26T173201.266.jpg\",\"contentUrl\":\"https:\/\/www.mojekonferencje.pl\/blog\/wp-content\/uploads\/2026\/01\/Fotoram.io-2026-01-26T173201.266.jpg\",\"width\":1200,\"height\":708,\"caption\":\"Najciekawsze obiekty konferencyjne i eventowe we Wroc\u0142awiu\"},{\"@type\":\"BreadcrumbList\",\"@id\":\"https:\/\/www.mojekonferencje.pl\/blog\/najciekawsze-obiekty-konferencyjne-i-eventowe-we-wroclawiu\/#breadcrumb\",\"itemListElement\":[{\"@type\":\"ListItem\",\"position\":1,\"name\":\"Strona g\u0142\u00f3wna\",\"item\":\"https:\/\/www.mojekonferencje.pl\/blog\/\"},{\"@type\":\"ListItem\",\"position\":2,\"name\":\"Najciekawsze obiekty konferencyjne i eventowe we Wroc\u0142awiu\"}]},{\"@type\":\"WebSite\",\"@id\":\"https:\/\/www.mojekonferencje.pl\/blog\/#website\",\"url\":\"https:\/\/www.mojekonferencje.pl\/blog\/\",\"name\":\"MojeKonferencje.pl\",\"description\":\"Blog bran\u017cy szkoleniowo-konferencyjnej. W\u0142\u0105cz si\u0119 do dyskusji o obiektach konferencyjnych i nowo\u015bciach z bran\u017cy! Poznaj porady odno\u015bnie organizacji konferencji, szkole\u0144 i event\u00f3w firmowych! Zach\u0119camy do wyra\u017cania opinii oraz komentarzy.\",\"potentialAction\":[{\"@type\":\"SearchAction\",\"target\":{\"@type\":\"EntryPoint\",\"urlTemplate\":\"https:\/\/www.mojekonferencje.pl\/blog\/?s={search_term_string}\"},\"query-input\":{\"@type\":\"PropertyValueSpecification\",\"valueRequired\":true,\"valueName\":\"search_term_string\"}}],\"inLanguage\":\"pl-PL\"},{\"@type\":\"Person\",\"@id\":\"https:\/\/www.mojekonferencje.pl\/blog\/#\/schema\/person\/7d6985dc3741882ea12e03b1c3997043\",\"name\":\"Julia Gadomska\",\"url\":\"https:\/\/www.mojekonferencje.pl\/blog\/author\/julia-gadomska\/\"}]}<\/script>\n<!-- \/ Yoast SEO plugin. -->","yoast_head_json":{"title":"Najciekawsze obiekty konferencyjne i eventowe we Wroc\u0142awiu - blog | MojeKonferencje.pl","description":"Najciekawsze obiekty konferencyjne i eventowe we Wroc\u0142awiu - blog | MojeKonferencje.pl","robots":{"index":"index","follow":"follow","max-snippet":"max-snippet:-1","max-image-preview":"max-image-preview:large","max-video-preview":"max-video-preview:-1"},"canonical":"https:\/\/www.mojekonferencje.pl\/blog\/najciekawsze-obiekty-konferencyjne-i-eventowe-we-wroclawiu\/","og_locale":"pl_PL","og_type":"article","og_title":"Najciekawsze obiekty konferencyjne i eventowe we Wroc\u0142awiu - blog | MojeKonferencje.pl","og_description":"Najciekawsze obiekty konferencyjne i eventowe we Wroc\u0142awiu - blog | MojeKonferencje.pl","og_url":"https:\/\/www.mojekonferencje.pl\/blog\/najciekawsze-obiekty-konferencyjne-i-eventowe-we-wroclawiu\/","og_site_name":"MojeKonferencje.pl","article_published_time":"2026-01-27T07:00:00+00:00","article_modified_time":"2026-02-03T11:33:09+00:00","og_image":[{"width":1200,"height":708,"url":"https:\/\/www.mojekonferencje.pl\/blog\/wp-content\/uploads\/2026\/01\/Fotoram.io-2026-01-26T173201.266.jpg","type":"image\/jpeg"}],"author":"Julia Gadomska","twitter_card":"summary_large_image","twitter_misc":{"Napisane przez":"Julia Gadomska","Szacowany czas czytania":"8 minut"},"schema":{"@context":"https:\/\/schema.org","@graph":[{"@type":"Article","@id":"https:\/\/www.mojekonferencje.pl\/blog\/najciekawsze-obiekty-konferencyjne-i-eventowe-we-wroclawiu\/#article","isPartOf":{"@id":"https:\/\/www.mojekonferencje.pl\/blog\/najciekawsze-obiekty-konferencyjne-i-eventowe-we-wroclawiu\/"},"author":{"name":"Julia Gadomska","@id":"https:\/\/www.mojekonferencje.pl\/blog\/#\/schema\/person\/7d6985dc3741882ea12e03b1c3997043"},"headline":"Najciekawsze obiekty konferencyjne i eventowe we Wroc\u0142awiu","datePublished":"2026-01-27T07:00:00+00:00","dateModified":"2026-02-03T11:33:09+00:00","mainEntityOfPage":{"@id":"https:\/\/www.mojekonferencje.pl\/blog\/najciekawsze-obiekty-konferencyjne-i-eventowe-we-wroclawiu\/"},"wordCount":1191,"image":{"@id":"https:\/\/www.mojekonferencje.pl\/blog\/najciekawsze-obiekty-konferencyjne-i-eventowe-we-wroclawiu\/#primaryimage"},"thumbnailUrl":"https:\/\/www.mojekonferencje.pl\/blog\/wp-content\/uploads\/2026\/01\/Fotoram.io-2026-01-26T173201.266.jpg","keywords":["najciekawsze obiekty konferencyjne Wroc\u0142awiu","obiekty eventowe Wroc\u0142aw","obiekty konferencyjne Wroc\u0142aw","organizacja wydarze\u0144 Wroc\u0142aw"],"articleSection":["Porady","Wybieranie miejsca konferencyjnego"],"inLanguage":"pl-PL"},{"@type":"WebPage","@id":"https:\/\/www.mojekonferencje.pl\/blog\/najciekawsze-obiekty-konferencyjne-i-eventowe-we-wroclawiu\/","url":"https:\/\/www.mojekonferencje.pl\/blog\/najciekawsze-obiekty-konferencyjne-i-eventowe-we-wroclawiu\/","name":"Najciekawsze obiekty konferencyjne i eventowe we Wroc\u0142awiu - blog | MojeKonferencje.pl","isPartOf":{"@id":"https:\/\/www.mojekonferencje.pl\/blog\/#website"},"primaryImageOfPage":{"@id":"https:\/\/www.mojekonferencje.pl\/blog\/najciekawsze-obiekty-konferencyjne-i-eventowe-we-wroclawiu\/#primaryimage"},"image":{"@id":"https:\/\/www.mojekonferencje.pl\/blog\/najciekawsze-obiekty-konferencyjne-i-eventowe-we-wroclawiu\/#primaryimage"},"thumbnailUrl":"https:\/\/www.mojekonferencje.pl\/blog\/wp-content\/uploads\/2026\/01\/Fotoram.io-2026-01-26T173201.266.jpg","datePublished":"2026-01-27T07:00:00+00:00","dateModified":"2026-02-03T11:33:09+00:00","author":{"@id":"https:\/\/www.mojekonferencje.pl\/blog\/#\/schema\/person\/7d6985dc3741882ea12e03b1c3997043"},"description":"Najciekawsze obiekty konferencyjne i eventowe we Wroc\u0142awiu - blog | MojeKonferencje.pl","breadcrumb":{"@id":"https:\/\/www.mojekonferencje.pl\/blog\/najciekawsze-obiekty-konferencyjne-i-eventowe-we-wroclawiu\/#breadcrumb"},"inLanguage":"pl-PL","potentialAction":[{"@type":"ReadAction","target":["https:\/\/www.mojekonferencje.pl\/blog\/najciekawsze-obiekty-konferencyjne-i-eventowe-we-wroclawiu\/"]}]},{"@type":"ImageObject","inLanguage":"pl-PL","@id":"https:\/\/www.mojekonferencje.pl\/blog\/najciekawsze-obiekty-konferencyjne-i-eventowe-we-wroclawiu\/#primaryimage","url":"https:\/\/www.mojekonferencje.pl\/blog\/wp-content\/uploads\/2026\/01\/Fotoram.io-2026-01-26T173201.266.jpg","contentUrl":"https:\/\/www.mojekonferencje.pl\/blog\/wp-content\/uploads\/2026\/01\/Fotoram.io-2026-01-26T173201.266.jpg","width":1200,"height":708,"caption":"Najciekawsze obiekty konferencyjne i eventowe we Wroc\u0142awiu"},{"@type":"BreadcrumbList","@id":"https:\/\/www.mojekonferencje.pl\/blog\/najciekawsze-obiekty-konferencyjne-i-eventowe-we-wroclawiu\/#breadcrumb","itemListElement":[{"@type":"ListItem","position":1,"name":"Strona g\u0142\u00f3wna","item":"https:\/\/www.mojekonferencje.pl\/blog\/"},{"@type":"ListItem","position":2,"name":"Najciekawsze obiekty konferencyjne i eventowe we Wroc\u0142awiu"}]},{"@type":"WebSite","@id":"https:\/\/www.mojekonferencje.pl\/blog\/#website","url":"https:\/\/www.mojekonferencje.pl\/blog\/","name":"MojeKonferencje.pl","description":"Blog bran\u017cy szkoleniowo-konferencyjnej. W\u0142\u0105cz si\u0119 do dyskusji o obiektach konferencyjnych i nowo\u015bciach z bran\u017cy! Poznaj porady odno\u015bnie organizacji konferencji, szkole\u0144 i event\u00f3w firmowych! Zach\u0119camy do wyra\u017cania opinii oraz komentarzy.","potentialAction":[{"@type":"SearchAction","target":{"@type":"EntryPoint","urlTemplate":"https:\/\/www.mojekonferencje.pl\/blog\/?s={search_term_string}"},"query-input":{"@type":"PropertyValueSpecification","valueRequired":true,"valueName":"search_term_string"}}],"inLanguage":"pl-PL"},{"@type":"Person","@id":"https:\/\/www.mojekonferencje.pl\/blog\/#\/schema\/person\/7d6985dc3741882ea12e03b1c3997043","name":"Julia Gadomska","url":"https:\/\/www.mojekonferencje.pl\/blog\/author\/julia-gadomska\/"}]}},"_links":{"self":[{"href":"https:\/\/www.mojekonferencje.pl\/blog\/wp-json\/wp\/v2\/posts\/8864","targetHints":{"allow":["GET"]}}],"collection":[{"href":"https:\/\/www.mojekonferencje.pl\/blog\/wp-json\/wp\/v2\/posts"}],"about":[{"href":"https:\/\/www.mojekonferencje.pl\/blog\/wp-json\/wp\/v2\/types\/post"}],"author":[{"embeddable":true,"href":"https:\/\/www.mojekonferencje.pl\/blog\/wp-json\/wp\/v2\/users\/21"}],"replies":[{"embeddable":true,"href":"https:\/\/www.mojekonferencje.pl\/blog\/wp-json\/wp\/v2\/comments?post=8864"}],"version-history":[{"count":10,"href":"https:\/\/www.mojekonferencje.pl\/blog\/wp-json\/wp\/v2\/posts\/8864\/revisions"}],"predecessor-version":[{"id":8990,"href":"https:\/\/www.mojekonferencje.pl\/blog\/wp-json\/wp\/v2\/posts\/8864\/revisions\/8990"}],"wp:featuredmedia":[{"embeddable":true,"href":"https:\/\/www.mojekonferencje.pl\/blog\/wp-json\/wp\/v2\/media\/8878"}],"wp:attachment":[{"href":"https:\/\/www.mojekonferencje.pl\/blog\/wp-json\/wp\/v2\/media?parent=8864"}],"wp:term":[{"taxonomy":"category","embeddable":true,"href":"https:\/\/www.mojekonferencje.pl\/blog\/wp-json\/wp\/v2\/categories?post=8864"},{"taxonomy":"post_tag","embeddable":true,"href":"https:\/\/www.mojekonferencje.pl\/blog\/wp-json\/wp\/v2\/tags?post=8864"}],"curies":[{"name":"wp","href":"https:\/\/api.w.org\/{rel}","templated":true}]}}