{"id":8882,"date":"2026-01-29T09:00:00","date_gmt":"2026-01-29T07:00:00","guid":{"rendered":"https:\/\/www.mojekonferencje.pl\/blog\/?p=8882"},"modified":"2026-02-06T18:24:00","modified_gmt":"2026-02-06T16:24:00","slug":"hotele-konferencyjne-w-gorach-tatry-karkonosze-beskidy","status":"publish","type":"post","link":"https:\/\/www.mojekonferencje.pl\/blog\/hotele-konferencyjne-w-gorach-tatry-karkonosze-beskidy\/","title":{"rendered":"Hotele konferencyjne w g\u00f3rach &#8211; Tatry, Karkonosze, Beskidy"},"content":{"rendered":"\n<p>Coraz wi\u0119cej firm wybiera <a href=\"https:\/\/www.mojekonferencje.pl\/obiekty-konferencyjne-w-gorach\">hotele konferencyjne w g\u00f3rach<\/a> jako miejsce spotka\u0144 biznesowych, szkole\u0144 i wyjazd\u00f3w integracyjnych. Tatry, Karkonosze i Beskidy przyci\u0105gaj\u0105 nie tylko pi\u0119knymi widokami, ale te\u017c \u015bwietnie przygotowan\u0105 baz\u0105 hotelow\u0105, kt\u00f3ra pozwala po\u0142\u0105czy\u0107 prac\u0119 z odpoczynkiem.<\/p>\n\n\n\n<p>Nowoczesne sale konferencyjne, komfortowe noclegi i g\u00f3rski klimat sprzyjaj\u0105 skupieniu, rozmowom i budowaniu relacji w zespole. Po zako\u0144czonych spotkaniach uczestnicy mog\u0105 wyj\u015b\u0107 na spacer, skorzysta\u0107 ze strefy wellness albo sp\u0119dzi\u0107 czas razem poza sal\u0105 konferencyjn\u0105. <strong>To w\u0142a\u015bnie dlatego g\u00f3rskie hotele konferencyjne s\u0105 dzi\u015b jednym z najch\u0119tniej wybieranych kierunk\u00f3w na firmowe wydarzenia przez ca\u0142y rok.<\/strong><\/p>\n\n\n\n<p>Przedstawiamy najlepsze propozycje obiekt\u00f3w w g\u00f3rach! Sprawd\u017acie, co dla Was przygotowali\u015bmy.<\/p>\n\n\n\n<figure class=\"wp-block-table\"><table class=\"has-fixed-layout\"><tbody><tr><td><a href=\"https:\/\/www.mojekonferencje.pl\/zakopane\/nosalowy-dwor-resort--spa\">Nosalowy Dw\u00f3r Resort &amp; SPA<\/a><\/td><td><a href=\"https:\/\/www.mojekonferencje.pl\/szczawnica\/hotel-szczawnica-park-resort-spa\">Hotel Szczawnica Park Resort &amp; Spa<\/a><\/td><\/tr><tr><td><a href=\"https:\/\/www.mojekonferencje.pl\/szczyrk\/osrodek-gronie-ski-bike\">Gronie Ski &amp; Bike<\/a><\/td><td><a href=\"https:\/\/www.mojekonferencje.pl\/szczyrk\/alpin\">Alpin<\/a><\/td><\/tr><tr><td><a href=\"https:\/\/www.mojekonferencje.pl\/szklarska-poreba\/blue-mountain-resort\">Blue Mountain Resort<\/a><\/td><td><a href=\"https:\/\/www.mojekonferencje.pl\/kowary-k-karpacza\/jelenia-struga-spa-resort\">Jelenia Struga MEDICAL SPA ko\u0142o Karpacza, Karkonosze<\/a><\/td><\/tr><tr><td><a href=\"https:\/\/www.mojekonferencje.pl\/szklarska-poreba\/platinum-mountain-resort\">PLATINUM MOUNTAIN Hotel &amp; SPA<\/a><\/td><td><a href=\"https:\/\/www.mojekonferencje.pl\/karpacz\/green-mountain-hotel\">Green Mountain Hotel<\/a><\/td><\/tr><tr><td><a href=\"https:\/\/www.mojekonferencje.pl\/zakopane\/hotel-bachleda-kasprowy-zakopane\">Hotel Bachleda Kasprowy<\/a><\/td><td><a href=\"https:\/\/www.mojekonferencje.pl\/szklarska-poreba\/tremonti-szklarska-poreba\">Tremonti Szklarska Por\u0119ba<\/a><\/td><\/tr><\/tbody><\/table><\/figure>\n\n\n\n<h2 class=\"wp-block-heading has-text-align-center\"><a href=\"https:\/\/www.mojekonferencje.pl\/zakopane\/nosalowy-dwor-resort--spa\"><mark style=\"background-color:rgba(0, 0, 0, 0)\" class=\"has-inline-color has-vivid-purple-color\"><span style=\"text-decoration: underline;\">Nosalowy Dw\u00f3r Resort &amp; SPA<\/span><\/mark><\/a><\/h2>\n\n\n\n<p>To najwi\u0119kszy resort na Podhalu i jedna z najbardziej znanych marek hotelowych w Zakopanem &#8211; <strong>Nosalowy Dw\u00f3r Resort &amp; Spa<\/strong>. Kompleks obiekt\u00f3w o standardzie 3 i 4 gwiazdek, po\u0142o\u017cony u st\u00f3p g\u00f3ry Nosal, zapewnia komfort wypoczynku z profesjonalnym zapleczem konferencyjnym.<\/p>\n\n\n\n<p>Resort oferuje blisko <strong>400 pokoi oraz ponad 2000 mkw. powierzchni konferencyjnej w 23 nowoczesnych salach<\/strong>. W sk\u0142ad przestrzeni eventowej wchodzi presti\u017cowe <strong>Centrum Kongresowe \u201eGerlach\u201d<\/strong>, przystosowane do organizacji du\u017cych konferencji, kongres\u00f3w i event\u00f3w.<\/p>\n\n\n\n<p>Uzupe\u0142nieniem oferty s\u0105 mniejsze <strong>sale biznesowe, VIP Business Lounge \u201eGiewont\u201d, przestrzenie plenerowe<\/strong> z wiatami grillowymi, bogata oferta gastronomiczna oraz <strong>rozbudowana strefa Wellness &amp; SPA<\/strong>. Nosalowy Dw\u00f3r Resort &amp; Spa to ca\u0142oroczne miejsce na konferencje i wydarzenia firmowe w sercu Tatr.<\/p>\n\n\n\n<figure class=\"wp-block-image size-full\"><a href=\"https:\/\/www.mojekonferencje.pl\/blog\/wp-content\/uploads\/2026\/01\/nosalowy-wiosna-62-960x580-1.webp\"><img loading=\"lazy\" decoding=\"async\" width=\"960\" height=\"580\" src=\"https:\/\/www.mojekonferencje.pl\/blog\/wp-content\/uploads\/2026\/01\/nosalowy-wiosna-62-960x580-1.webp\" alt=\"\" class=\"wp-image-8883 lazyload\" data-srcset=\"https:\/\/www.mojekonferencje.pl\/blog\/wp-content\/uploads\/2026\/01\/nosalowy-wiosna-62-960x580-1.webp 960w, https:\/\/www.mojekonferencje.pl\/blog\/wp-content\/uploads\/2026\/01\/nosalowy-wiosna-62-960x580-1-300x181.webp 300w, https:\/\/www.mojekonferencje.pl\/blog\/wp-content\/uploads\/2026\/01\/nosalowy-wiosna-62-960x580-1-768x464.webp 768w\" sizes=\"auto\" \/><\/a><\/figure>\n\n\n\n<h2 class=\"wp-block-heading has-text-align-center\"><a href=\"https:\/\/www.mojekonferencje.pl\/szczawnica\/hotel-szczawnica-park-resort-spa\"><mark style=\"background-color:rgba(0, 0, 0, 0)\" class=\"has-inline-color has-vivid-purple-color\"><span style=\"text-decoration: underline;\">Hotel Szczawnica Park Resort &amp; Spa<\/span><\/mark><\/a><\/h2>\n\n\n\n<p>5-gwiazdkowy <strong>hotel Szczawnica Park Resort &amp; Spa<\/strong> to kompleks po\u0142o\u017cony w sercu Pienin, kt\u00f3ry zapewnia luksusowy wypoczynek z profesjonaln\u0105 ofert\u0105 konferencyjn\u0105. Obiekt oferuje <strong>110 designerskich pokoi i apartament\u00f3w<\/strong>, wiele z balkonami, tarasami lub aneksami kuchennymi. Go\u015bcie maj\u0105 do dyspozycji <strong>nowoczesne centrum biznesowe<\/strong> z w pe\u0142ni wyposa\u017conymi salami konferencyjnymi, pozwalaj\u0105cymi na organizacj\u0119 spotka\u0144, szkole\u0144 i event\u00f3w firmowych nawet <strong>dla 400 os\u00f3b<\/strong>.<\/p>\n\n\n\n<p>Najwi\u0119ksze sale umo\u017cliwiaj\u0105 realizacj\u0119 zar\u00f3wno kameralnych warsztat\u00f3w, jak i du\u017cych konferencji czy bankiet\u00f3w. Dodatkowym atutem hotelu jest <strong>rozbudowana strefa Spa &amp; Wellness<\/strong> z basenem, saunami i bogat\u0105 ofert\u0105 zabieg\u00f3w.<\/p>\n\n\n\n<p>Ca\u0142o\u015b\u0107 dope\u0142nia <strong>restauracja Kwiat Paproci<\/strong> z kuchni\u0105 regionaln\u0105 w duchu slow food. W hotelu dzia\u0142aj\u0105 tak\u017ce kawiarnie, bary oraz przestrzenie integracyjne, w tym palenisko grillowe i klub muzyczny. Dogodna lokalizacja w centrum Szczawnicy, sprawia, \u017ce <strong>Hotel Szczawnica Park Resort &amp; Spa<\/strong> jest idealnym miejscem na konferencje, wyjazdy integracyjne i wydarzenia biznesowe.<\/p>\n\n\n\n<figure class=\"wp-block-image size-full\"><a href=\"https:\/\/www.mojekonferencje.pl\/blog\/wp-content\/uploads\/2026\/01\/szczawnica-park-hotel-031-960x580-1.webp\"><img loading=\"lazy\" decoding=\"async\" width=\"960\" height=\"580\" src=\"https:\/\/www.mojekonferencje.pl\/blog\/wp-content\/uploads\/2026\/01\/szczawnica-park-hotel-031-960x580-1.webp\" alt=\"\" class=\"wp-image-8884 lazyload\" data-srcset=\"https:\/\/www.mojekonferencje.pl\/blog\/wp-content\/uploads\/2026\/01\/szczawnica-park-hotel-031-960x580-1.webp 960w, https:\/\/www.mojekonferencje.pl\/blog\/wp-content\/uploads\/2026\/01\/szczawnica-park-hotel-031-960x580-1-300x181.webp 300w, https:\/\/www.mojekonferencje.pl\/blog\/wp-content\/uploads\/2026\/01\/szczawnica-park-hotel-031-960x580-1-768x464.webp 768w\" sizes=\"auto\" \/><\/a><\/figure>\n\n\n\n<h2 class=\"wp-block-heading has-text-align-center\"><a href=\"https:\/\/www.mojekonferencje.pl\/szczyrk\/osrodek-gronie-ski-bike\"><mark style=\"background-color:rgba(0, 0, 0, 0)\" class=\"has-inline-color has-vivid-purple-color\"><span style=\"text-decoration: underline;\">Gronie Ski &amp; Bike<\/span><\/mark><\/a><\/h2>\n\n\n\n<p>W\u015br\u00f3d hoteli konferencyjnych w g\u00f3rach nie mog\u0142o zabrakn\u0105\u0107 <strong>Gronie Ski &amp; Bike<\/strong>. Jest to klimatyczny obiekt konferencyjny w Szczyrku, po\u0142o\u017cony w otoczeniu las\u00f3w, szlak\u00f3w pieszych i tras rowerowych. Obiekt znajduje si\u0119 zaledwie 300 metr\u00f3w od kolei gondolowej <strong>Szczyrk Mountain Resort<\/strong>. Doskonale sprawdza si\u0119 jako miejsce na konferencje, szkolenia i wyjazdy integracyjne w g\u00f3rach.<\/p>\n\n\n\n<p><strong>Gronie Ski &amp; Bike <\/strong>oferuje <strong>146 miejsc noclegowych<\/strong> w pokojach, studiach i apartamentach. Ponadto go\u015bcie biznesowi maj\u0105 do dyspozycji trzy nowoczesne, w pe\u0142ni wyposa\u017cone sale konferencyjne, umo\u017cliwiaj\u0105ce organizacj\u0119 wydarze\u0144 <strong>do 70 os\u00f3b<\/strong>. Do dyspozycji go\u015bci s\u0105: <strong>restauracja Pod Gondol\u0105<\/strong>, <strong>klimatyczny bar Orczyk<\/strong>, strefa wypoczynku z saunami, strefa dziecka oraz udogodnienia dla <strong>mi\u0142o\u015bnik\u00f3w sport\u00f3w g\u00f3rskich<\/strong>.<\/p>\n\n\n\n<p><strong>Gronie Ski &amp; Bike<\/strong> to idealna propozycja na kameralne konferencje w Beskidach z aktywnym wypoczynkiem w tle.<\/p>\n\n\n\n<figure class=\"wp-block-image size-full\"><a href=\"https:\/\/www.mojekonferencje.pl\/blog\/wp-content\/uploads\/2026\/01\/gronie132-960x580-1.webp\"><img loading=\"lazy\" decoding=\"async\" width=\"960\" height=\"580\" src=\"https:\/\/www.mojekonferencje.pl\/blog\/wp-content\/uploads\/2026\/01\/gronie132-960x580-1.webp\" alt=\"\" class=\"wp-image-8885 lazyload\" data-srcset=\"https:\/\/www.mojekonferencje.pl\/blog\/wp-content\/uploads\/2026\/01\/gronie132-960x580-1.webp 960w, https:\/\/www.mojekonferencje.pl\/blog\/wp-content\/uploads\/2026\/01\/gronie132-960x580-1-300x181.webp 300w, https:\/\/www.mojekonferencje.pl\/blog\/wp-content\/uploads\/2026\/01\/gronie132-960x580-1-768x464.webp 768w\" sizes=\"auto\" \/><\/a><\/figure>\n\n\n\n<h2 class=\"wp-block-heading has-text-align-center\"><a href=\"https:\/\/www.mojekonferencje.pl\/szczyrk\/alpin\"><mark style=\"background-color:rgba(0, 0, 0, 0)\" class=\"has-inline-color has-vivid-purple-color\"><span style=\"text-decoration: underline;\">Alpin<\/span><\/mark><\/a><\/h2>\n\n\n\n<p>W Szczyrku znajduje si\u0119 <strong>Hotel Alpin <\/strong>to komfortowy obiekt, idealny zar\u00f3wno na wypoczynek, jak i organizacj\u0119 spotka\u0144 biznesowych w g\u00f3rach. Obiekt specjalizuje si\u0119 w <strong>kompleksowej organizacji konferencji, szkole\u0144, spotka\u0144 integracyjnych oraz przyj\u0119\u0107 okoliczno\u015bciowych<\/strong>. Oferuje profesjonalnie wyposa\u017cone sale z klimatyzacj\u0105, zapleczem multimedialnym i sta\u0142ym dost\u0119pem do Wi-Fi.<\/p>\n\n\n\n<p>Hotel Alpin dysponuje oko\u0142o <strong>100 miejscami noclegowymi w komfortowych pokojach i apartamentach<\/strong>. Jego zaplecze gastronomiczne, oparte na autorskiej kuchni, w\u0142asnej cukierni i cenionej kawie, stanowi jeden z wyr\u00f3\u017cnik\u00f3w obiektu. Do dyspozycji go\u015bci pozostaje tak\u017ce <strong>strefa relaksu <\/strong>sprzyjaj\u0105ca regeneracji po intensywnym dniu oraz <strong>parking naziemny i podziemny<\/strong>.<\/p>\n\n\n\n<p><strong>Hotel Alpin<\/strong> to sprawdzony wyb\u00f3r na konferencje i wyjazdy firmowe w sercu Szczyrku.<\/p>\n\n\n\n<figure class=\"wp-block-image size-full\"><a href=\"https:\/\/www.mojekonferencje.pl\/blog\/wp-content\/uploads\/2026\/01\/65302986-2233170980094484-837070636156190720-n-960x580-1.webp\"><img loading=\"lazy\" decoding=\"async\" width=\"960\" height=\"580\" src=\"https:\/\/www.mojekonferencje.pl\/blog\/wp-content\/uploads\/2026\/01\/65302986-2233170980094484-837070636156190720-n-960x580-1.webp\" alt=\"\" class=\"wp-image-8886 lazyload\" data-srcset=\"https:\/\/www.mojekonferencje.pl\/blog\/wp-content\/uploads\/2026\/01\/65302986-2233170980094484-837070636156190720-n-960x580-1.webp 960w, https:\/\/www.mojekonferencje.pl\/blog\/wp-content\/uploads\/2026\/01\/65302986-2233170980094484-837070636156190720-n-960x580-1-300x181.webp 300w, https:\/\/www.mojekonferencje.pl\/blog\/wp-content\/uploads\/2026\/01\/65302986-2233170980094484-837070636156190720-n-960x580-1-768x464.webp 768w\" sizes=\"auto\" \/><\/a><\/figure>\n\n\n\n<h2 class=\"wp-block-heading has-text-align-center\"><a href=\"https:\/\/www.mojekonferencje.pl\/szklarska-poreba\/blue-mountain-resort\"><mark style=\"background-color:rgba(0, 0, 0, 0)\" class=\"has-inline-color has-vivid-purple-color\"><span style=\"text-decoration: underline;\">Blue Mountain Resort<\/span><\/mark><\/a><\/h2>\n\n\n\n<p>Kolejnym obiektem jest <strong>Blue Mountain Resort w Szklarskiej Por\u0119bie<\/strong>. Jest to nowoczesny kompleks apartamentowy, idealny na konferencje i wydarzenia biznesowe w g\u00f3rach. Obiekt oferuje <strong>5 w pe\u0142ni wyposa\u017conych sal konferencyjnych o \u0142\u0105cznej powierzchni 450 mkw<\/strong>., umo\u017cliwiaj\u0105cych organizacj\u0119 spotka\u0144 nawet<strong> dla 500 os\u00f3b<\/strong>. Sale s\u0105 elastycznie zaaran\u017cowane. Dodatkowo go\u015bcie mog\u0105 liczy\u0107 na wsparcie dedykowanego opiekuna. <\/p>\n\n\n\n<p>Do dyspozycji go\u015bci jest r\u00f3wnie\u017c <strong>271 komfortowych apartament\u00f3w typu Suite i Deluxe<\/strong>. Na miejscu dzia\u0142a tak\u017ce restauracja z ofert\u0105 bufetow\u0105 i menu biznesowym oraz Lobby Bar. Atutem resortu jest<strong> rozbudowana strefa aquaparku i SPA<\/strong>, sprzyjaj\u0105ca relaksowi po spotkaniach, a tak\u017ce bogata oferta atrakcji integracyjnych w g\u00f3rskim otoczeniu. <\/p>\n\n\n\n<p><strong>Blue Mountain Resort<\/strong> to funkcjonalne i komfortowe miejsce na konferencje w Karkonoszach.<\/p>\n\n\n\n<figure class=\"wp-block-image size-full\"><a href=\"https:\/\/www.mojekonferencje.pl\/blog\/wp-content\/uploads\/2026\/01\/bluebig-matimedia-8-960x580-1.webp\"><img loading=\"lazy\" decoding=\"async\" width=\"960\" height=\"580\" src=\"https:\/\/www.mojekonferencje.pl\/blog\/wp-content\/uploads\/2026\/01\/bluebig-matimedia-8-960x580-1.webp\" alt=\"\" class=\"wp-image-8887 lazyload\" data-srcset=\"https:\/\/www.mojekonferencje.pl\/blog\/wp-content\/uploads\/2026\/01\/bluebig-matimedia-8-960x580-1.webp 960w, https:\/\/www.mojekonferencje.pl\/blog\/wp-content\/uploads\/2026\/01\/bluebig-matimedia-8-960x580-1-300x181.webp 300w, https:\/\/www.mojekonferencje.pl\/blog\/wp-content\/uploads\/2026\/01\/bluebig-matimedia-8-960x580-1-768x464.webp 768w\" sizes=\"auto\" \/><\/a><\/figure>\n\n\n\n<h2 class=\"wp-block-heading has-text-align-center\"><a href=\"https:\/\/www.mojekonferencje.pl\/kowary-k-karpacza\/jelenia-struga-spa-resort\"><mark style=\"background-color:rgba(0, 0, 0, 0)\" class=\"has-inline-color has-vivid-purple-color\"><span style=\"text-decoration: underline;\">Jelenia Struga MEDICAL SPA ko\u0142o Karpacza, Karkonosze<\/span><\/mark><\/a><\/h2>\n\n\n\n<p>Kameralny, butikowy hotel <strong>Jelenia Struga MEDICAL SPA<\/strong>, po\u0142o\u017cony na le\u015bnej polanie w sercu Karkonoszy, zapewnia cisz\u0119, prywatno\u015b\u0107 i bliski kontakt z natur\u0105. Otoczony lasami, g\u00f3rskim potokiem i krystalicznie czystym powietrzem, stanowi wyj\u0105tkowe miejsce na konferencje, szkolenia oraz wyjazdy integracyjne.<\/p>\n\n\n\n<p>Co wi\u0119cej, obiekt oferuje<strong> dwie sale konferencyjne oraz mo\u017cliwo\u015b\u0107 organizacji event\u00f3w plenerowych<\/strong>. Dost\u0119pny jest r\u00f3wnie\u017c wynajem hotelu na wy\u0142\u0105czno\u015b\u0107, co pozwala zachowa\u0107 pe\u0142n\u0105 swobod\u0119 i komfort spotka\u0144 biznesowych. Dodatkowo go\u015bcie maj\u0105 mo\u017cliwo\u015b\u0107 skorzysta\u0107 z blisko <strong>100 miejsc noclegowych<\/strong>. Na miejscu czekaj\u0105 tak\u017ce<strong> restauracje<\/strong> serwuj\u0105ce kuchni\u0119 opart\u0105 na lokalnych produktach. Dost\u0119pna jest tak\u017ce<strong> strefa SPA &amp; Wellness <\/strong>z basenem, saunami i zabiegami regeneracyjnymi.<\/p>\n\n\n\n<p>W efekcie <strong>Jelenia Struga MEDICAL SPA<\/strong> harmonijnie \u0142\u0105czy biznes, relaks i natur\u0119, tworz\u0105c idealne warunki do pracy i wypoczynku w g\u00f3rskim otoczeniu.<\/p>\n\n\n\n<figure class=\"wp-block-image size-full\"><a href=\"https:\/\/www.mojekonferencje.pl\/blog\/wp-content\/uploads\/2026\/01\/3-2-960x580-1.webp\"><img loading=\"lazy\" decoding=\"async\" width=\"960\" height=\"580\" src=\"https:\/\/www.mojekonferencje.pl\/blog\/wp-content\/uploads\/2026\/01\/3-2-960x580-1.webp\" alt=\"\" class=\"wp-image-8888 lazyload\" data-srcset=\"https:\/\/www.mojekonferencje.pl\/blog\/wp-content\/uploads\/2026\/01\/3-2-960x580-1.webp 960w, https:\/\/www.mojekonferencje.pl\/blog\/wp-content\/uploads\/2026\/01\/3-2-960x580-1-300x181.webp 300w, https:\/\/www.mojekonferencje.pl\/blog\/wp-content\/uploads\/2026\/01\/3-2-960x580-1-768x464.webp 768w\" sizes=\"auto\" \/><\/a><\/figure>\n\n\n\n<h2 class=\"wp-block-heading has-text-align-center\"><a href=\"https:\/\/www.mojekonferencje.pl\/szklarska-poreba\/platinum-mountain-resort\"><mark style=\"background-color:rgba(0, 0, 0, 0)\" class=\"has-inline-color has-vivid-purple-color\"><span style=\"text-decoration: underline;\">PLATINUM MOUNTAIN Hotel &amp; SPA<\/span><\/mark><\/a><\/h2>\n\n\n\n<p>Pi\u0119ciogwiazdkowy <strong>Platinum Mountain Hotel &amp; SPA<\/strong> to obiekt po\u0142o\u017cony w sercu Szklarskiej Por\u0119by, w otulinie Karkonoszy i G\u00f3r Izerskich. Dzi\u0119ki swojej lokalizacji doskonale \u0142\u0105czy g\u00f3rski klimat z profesjonaln\u0105 ofert\u0105 biznesow\u0105. Blisko\u015b\u0107 <strong>szlak\u00f3w turystycznych oraz Ski Areny <\/strong>sprawia, \u017ce hotel \u015bwietnie sprawdza si\u0119 zar\u00f3wno podczas konferencji, jak i wyjazd\u00f3w firmowych po\u0142\u0105czonych z aktywnym wypoczynkiem. Obiekt oferuje <strong>nowoczesne sale konferencyjne<\/strong>, w tym Sal\u0119 Ametyst o powierzchni <strong>ponad 390 mkw<\/strong>. Umo\u017cliwia dzi\u0119ki temu organizacj\u0119 wydarze\u0144 nawet <strong>do 250 os\u00f3b<\/strong>. Ponadto na go\u015bci czekaj\u0105 tak\u017ce mniejsze sale idealne na spotkania kameralne. <\/p>\n\n\n\n<p>Dodatkowo hotel dysponuje <strong>komfortowymi pi\u0119ciogwiazdkowymi pokojami oraz apartamentami<\/strong>, w tym wydzielon\u0105 stref\u0105 Platinum Adults przeznaczon\u0105 dla Go\u015bci 12+. Ca\u0142o\u015b\u0107 uzupe\u0142nia <strong>restauracja Piatti <\/strong>z kuchni\u0105 w\u0142osk\u0105, bogata oferta integracyjna. W Platinum go\u015bcie mog\u0105 tak\u017ce zrelaksowa\u0107 si\u0119 w rozbudowanej strefie <strong>Wellness &amp; SPA <\/strong>z basenami, saunami i gabinetami zabiegowymi.<\/p>\n\n\n\n<p>W efekcie<strong> Platinum Mountain Hotel &amp; SPA <\/strong>stanowi kompleksow\u0105 propozycj\u0119 na konferencje i eventy firmowe w g\u00f3rskim otoczeniu.<\/p>\n\n\n\n<figure class=\"wp-block-image size-full\"><a href=\"https:\/\/www.mojekonferencje.pl\/blog\/wp-content\/uploads\/2026\/01\/maciejchyra-com-dji-0952-960x580-1.webp\"><img loading=\"lazy\" decoding=\"async\" width=\"960\" height=\"580\" src=\"https:\/\/www.mojekonferencje.pl\/blog\/wp-content\/uploads\/2026\/01\/maciejchyra-com-dji-0952-960x580-1.webp\" alt=\"\" class=\"wp-image-8889 lazyload\" data-srcset=\"https:\/\/www.mojekonferencje.pl\/blog\/wp-content\/uploads\/2026\/01\/maciejchyra-com-dji-0952-960x580-1.webp 960w, https:\/\/www.mojekonferencje.pl\/blog\/wp-content\/uploads\/2026\/01\/maciejchyra-com-dji-0952-960x580-1-300x181.webp 300w, https:\/\/www.mojekonferencje.pl\/blog\/wp-content\/uploads\/2026\/01\/maciejchyra-com-dji-0952-960x580-1-768x464.webp 768w\" sizes=\"auto\" \/><\/a><\/figure>\n\n\n\n<h2 class=\"wp-block-heading has-text-align-center\"><a href=\"https:\/\/www.mojekonferencje.pl\/karpacz\/green-mountain-hotel\"><mark style=\"background-color:rgba(0, 0, 0, 0)\" class=\"has-inline-color has-vivid-purple-color\"><span style=\"text-decoration: underline;\">Green Mountain Hotel<\/span><\/mark><\/a><\/h2>\n\n\n\n<p>W\u015br\u00f3d hotel konferencyjnych w g\u00f3rach znalaz\u0142 si\u0119 r\u00f3wnie\u017c <strong>Green Mountain Hotel<\/strong>. Jest to elegancki obiekt wypoczynkowo-szkoleniowy po\u0142o\u017cony w Karpaczu, w bezpo\u015brednim s\u0105siedztwie Karkonoskiego Parku Narodowego. Blisko\u015b\u0107 \u015anie\u017cki oraz centrum Karpacza sprawia, \u017ce hotel doskonale sprawdza si\u0119 zar\u00f3wno jako baza turystyczna, jak i miejsce organizacji konferencji, szkole\u0144 oraz wyjazd\u00f3w integracyjnych. <\/p>\n\n\n\n<p>Obiekt oferuje blisko <strong>400 mkw. nowoczesnej powierzchni konferencyjnej<\/strong> z modu\u0142owym systemem \u015bcian, umo\u017cliwiaj\u0105cym elastyczne dopasowanie sal do charakteru wydarzenia, od kameralnych spotka\u0144 po eventy dla kilkuset os\u00f3b. Sale s\u0105 klimatyzowane, wyposa\u017cone w sprz\u0119t multimedialny, szybki Internet oraz dost\u0119p do \u015bwiat\u0142a dziennego. Cz\u0119\u015b\u0107 z nich posiada tarasy z widokiem na g\u00f3ry. <\/p>\n\n\n\n<p>Hotel dysponuje tak\u017ce <strong>komfortowymi pokojami w standardzie 5-gwiazdkowym<\/strong>, restauracjami serwuj\u0105cymi kuchni\u0119 regionaln\u0105 i w\u0142osk\u0105, Lobby Caf\u00e9 &amp; Bar oraz stref\u0105 Spa &amp; Wellness z basenem, saunami i floatingiem. Dodatkowym atutem jest <strong>ekskluzywny salon Dr Irena Eris Beauty Partner<\/strong>. W efekcie <strong>Green Mountain Hotel<\/strong> to jedna z najlepszych opcji hoteli konferencyjnych w g\u00f3rach dla go\u015bci indywidualnych i firmowych.<\/p>\n\n\n\n<figure class=\"wp-block-image size-full\"><a href=\"https:\/\/www.mojekonferencje.pl\/blog\/wp-content\/uploads\/2026\/01\/jesien-w-green-16-960x580-1.webp\"><img loading=\"lazy\" decoding=\"async\" width=\"960\" height=\"580\" src=\"https:\/\/www.mojekonferencje.pl\/blog\/wp-content\/uploads\/2026\/01\/jesien-w-green-16-960x580-1.webp\" alt=\"\" class=\"wp-image-8890 lazyload\" data-srcset=\"https:\/\/www.mojekonferencje.pl\/blog\/wp-content\/uploads\/2026\/01\/jesien-w-green-16-960x580-1.webp 960w, https:\/\/www.mojekonferencje.pl\/blog\/wp-content\/uploads\/2026\/01\/jesien-w-green-16-960x580-1-300x181.webp 300w, https:\/\/www.mojekonferencje.pl\/blog\/wp-content\/uploads\/2026\/01\/jesien-w-green-16-960x580-1-768x464.webp 768w\" sizes=\"auto\" \/><\/a><\/figure>\n\n\n\n<h2 class=\"wp-block-heading has-text-align-center\"><a href=\"https:\/\/www.mojekonferencje.pl\/zakopane\/hotel-bachleda-kasprowy-zakopane\"><mark style=\"background-color:rgba(0, 0, 0, 0)\" class=\"has-inline-color has-vivid-purple-color\"><span style=\"text-decoration: underline;\">Hotel Bachleda Kasprowy<\/span><\/mark><\/a><\/h2>\n\n\n\n<p>Luksusowy <strong>hotel Bachleda Kasprowy<\/strong> Zakopane to obiekt po\u0142o\u017cony zaledwie 1 km od centrum Zakopanego, na stoku Guba\u0142\u00f3wki, z widokiem na Tatry. Hotel dysponuje <strong>12 nowoczesnymi salami konferencyjnymi dla 10\u20131150 os\u00f3b<\/strong>, wyposa\u017conymi w klimatyzacj\u0119, szybki internet, projektory i nag\u0142o\u015bnienie. Pozwala to organizowa\u0107 zar\u00f3wno kameralne spotkania, jak i du\u017ce wydarzenia biznesowe.<\/p>\n\n\n\n<p>Do dyspozycji go\u015bci s\u0105 <strong>288 komfortowych pokoi i apartament\u00f3w z balkonami<\/strong>, Wi-Fi, TV i minibarem. Restauracje, w tym <strong>Grand Kasprowy i Lobby Bar Panorama<\/strong>, serwuj\u0105 kuchni\u0119 regionaln\u0105 i mi\u0119dzynarodow\u0105.<\/p>\n\n\n\n<p><strong>Dodatkowo centrum Spa &amp; Wellness <\/strong>oferuje basen, jacuzzi, sauny, t\u0119\u017cni\u0119 soln\u0105 i gabinety z masa\u017cami. Hotel zapewnia profesjonaln\u0105 obs\u0142ug\u0119 konferencji oraz <strong>parking na oko\u0142o 400 samochod\u00f3w<\/strong>. Wszystko to sprawia, \u017ce jest to jeden z hoteli konferencyjnych w g\u00f3rach, do kt\u00f3rego go\u015bcie z pewno\u015bci\u0105 b\u0119d\u0105 wraca\u0107 ponownie.<\/p>\n\n\n\n<figure class=\"wp-block-image size-full\"><a href=\"https:\/\/www.mojekonferencje.pl\/blog\/wp-content\/uploads\/2026\/01\/20130120-dsc02444-960x580-1.webp\"><img loading=\"lazy\" decoding=\"async\" width=\"960\" height=\"580\" src=\"https:\/\/www.mojekonferencje.pl\/blog\/wp-content\/uploads\/2026\/01\/20130120-dsc02444-960x580-1.webp\" alt=\"\" class=\"wp-image-8891 lazyload\" data-srcset=\"https:\/\/www.mojekonferencje.pl\/blog\/wp-content\/uploads\/2026\/01\/20130120-dsc02444-960x580-1.webp 960w, https:\/\/www.mojekonferencje.pl\/blog\/wp-content\/uploads\/2026\/01\/20130120-dsc02444-960x580-1-300x181.webp 300w, https:\/\/www.mojekonferencje.pl\/blog\/wp-content\/uploads\/2026\/01\/20130120-dsc02444-960x580-1-768x464.webp 768w\" sizes=\"auto\" \/><\/a><\/figure>\n\n\n\n<h2 class=\"wp-block-heading has-text-align-center\"><a href=\"https:\/\/www.mojekonferencje.pl\/szklarska-poreba\/tremonti-szklarska-poreba\"><mark style=\"background-color:rgba(0, 0, 0, 0)\" class=\"has-inline-color has-vivid-purple-color\"><span style=\"text-decoration: underline;\">Tremonti Szklarska Por\u0119ba<\/span><\/mark><\/a><\/h2>\n\n\n\n<p>Ostatni\u0105 propozycj\u0105 jest <strong>Tremonti Szklarska Por\u0119ba<\/strong>. Jest to luksusowy 5-gwiazdkowy hotel, kt\u00f3ry harmonijnie \u0142\u0105czy elegancj\u0119 z blisko\u015bci\u0105 natury w sercu Karkonoszy. Obiekt oferuje <strong>268 komfortowych pokoi<\/strong>, cz\u0119\u015bciowo z widokiem na Szrenic\u0119. Na miejscu dost\u0119pna jest tak\u017ce <strong>nowoczesna przestrze\u0144 konferencyjna o powierzchni 620 mkw<\/strong>., podzielon\u0105 na dwie elastyczne sale. Dodatkowo go\u015bcie maj\u0105 mo\u017cliwo\u015b\u0107 wynajmu restauracji i lobby na wy\u0142\u0105czno\u015b\u0107, co sprawia, \u017ce ka\u017cde wydarzenie mo\u017ce przebiega\u0107 w pe\u0142nym komforcie.<\/p>\n\n\n\n<p><strong>Hotelowa restauracja<\/strong> serwuje dania z lokalnych i sezonowych produkt\u00f3w. Natomiast lobby bar zapewnia idealne miejsce do relaksu. Ponadto <strong>strefa SPA &amp; Wellness<\/strong> obejmuje baseny wewn\u0119trzne i zewn\u0119trzne, jacuzzi, sauny oraz si\u0142owni\u0119. Dla aktywnych go\u015bci przygotowano natomiast wypo\u017cyczalni\u0119 rower\u00f3w i sprz\u0119tu narciarskiego.<\/p>\n\n\n\n<p>Dzi\u0119ki tym wszystkim udogodnieniom <strong>Tremonti Szklarska Por\u0119ba<\/strong> jest miejscem idealnym zar\u00f3wno na spokojny wypoczynek dla rodzin i par, jak i na profesjonalne konferencje.<\/p>\n\n\n\n<figure class=\"wp-block-image size-full\"><a href=\"https:\/\/www.mojekonferencje.pl\/blog\/wp-content\/uploads\/2026\/01\/hp-szklarska-poreba-wizualizacja-wieczorna-960x580-1.webp\"><img loading=\"lazy\" decoding=\"async\" width=\"960\" height=\"580\" src=\"https:\/\/www.mojekonferencje.pl\/blog\/wp-content\/uploads\/2026\/01\/hp-szklarska-poreba-wizualizacja-wieczorna-960x580-1.webp\" alt=\"\" class=\"wp-image-8892 lazyload\" data-srcset=\"https:\/\/www.mojekonferencje.pl\/blog\/wp-content\/uploads\/2026\/01\/hp-szklarska-poreba-wizualizacja-wieczorna-960x580-1.webp 960w, https:\/\/www.mojekonferencje.pl\/blog\/wp-content\/uploads\/2026\/01\/hp-szklarska-poreba-wizualizacja-wieczorna-960x580-1-300x181.webp 300w, https:\/\/www.mojekonferencje.pl\/blog\/wp-content\/uploads\/2026\/01\/hp-szklarska-poreba-wizualizacja-wieczorna-960x580-1-768x464.webp 768w\" sizes=\"auto\" \/><\/a><\/figure>\n\n\n\n<p>Podsumowuj\u0105c, <strong>hotele konferencyjne w g\u00f3rach<\/strong> &#8211; zar\u00f3wno w Tatrach, Karkonoszach, jak i Beskidach &#8211; zapewniaj\u0105 wszystko, czego potrzeba do szcz\u0119\u015bcia. Oferuj\u0105 nowoczesne sale konferencyjne, komfortowe pokoje, bogate zaplecze gastronomiczne oraz strefy relaksu i wellness. Przek\u0142ada si\u0119 to na efektywne prowadzenie szkole\u0144, spotka\u0144 czy event\u00f3w integracyjnych, a jednocze\u015bnie odpoczynek w otoczeniu g\u00f3rskiej przyrody. Wyb\u00f3r takiego miejsca gwarantuje uczestnikom po\u0142\u0105czenie pracy i relaksu, tworz\u0105c niezapomniane do\u015bwiadczenia, kt\u00f3re pozostaj\u0105 w pami\u0119ci na d\u0142ugo.<\/p>\n","protected":false},"excerpt":{"rendered":"<p>G\u00f3rskie hotele konferencyjne to idealne po\u0142\u0105czenie biznesu i odpoczynku. Sprawd\u017acie najlepsze obiekty w g\u00f3rach na firmowe spotkania i konferencje.<\/p>\n","protected":false},"author":21,"featured_media":8898,"comment_status":"closed","ping_status":"closed","sticky":false,"template":"","format":"standard","meta":{"_acf_changed":false,"footnotes":""},"categories":[8,212,175],"tags":[623,625,626,624,627],"class_list":["post-8882","post","type-post","status-publish","format-standard","has-post-thumbnail","hentry","category-porady","category-travel","category-wybieranie-miejsca-konferencyjnego","tag-hotele-konferencyjne-w-gorach","tag-hotele-w-beskidach","tag-hotele-w-karkonoszach","tag-hotele-w-okolicach-tatr","tag-organizacja-konferencji-w-gorach"],"acf":[],"yoast_head":"<!-- This site is optimized with the Yoast SEO plugin v27.1.1 - https:\/\/yoast.com\/product\/yoast-seo-wordpress\/ -->\n<title>Hotele konferencyjne w g\u00f3rach - Tatry, Karkonosze, Beskidy - blog | MojeKonferencje.pl<\/title>\n<meta name=\"description\" content=\"Hotele konferencyjne w g\u00f3rach - Tatry, Karkonosze, Beskidy - blog | MojeKonferencje.pl\" \/>\n<meta name=\"robots\" content=\"index, follow, max-snippet:-1, max-image-preview:large, max-video-preview:-1\" \/>\n<link rel=\"canonical\" href=\"https:\/\/www.mojekonferencje.pl\/blog\/hotele-konferencyjne-w-gorach-tatry-karkonosze-beskidy\/\" \/>\n<meta property=\"og:locale\" content=\"pl_PL\" \/>\n<meta property=\"og:type\" content=\"article\" \/>\n<meta property=\"og:title\" content=\"Hotele konferencyjne w g\u00f3rach - Tatry, Karkonosze, Beskidy - blog | MojeKonferencje.pl\" \/>\n<meta property=\"og:description\" content=\"Hotele konferencyjne w g\u00f3rach - Tatry, Karkonosze, Beskidy - blog | MojeKonferencje.pl\" \/>\n<meta property=\"og:url\" content=\"https:\/\/www.mojekonferencje.pl\/blog\/hotele-konferencyjne-w-gorach-tatry-karkonosze-beskidy\/\" \/>\n<meta property=\"og:site_name\" content=\"MojeKonferencje.pl\" \/>\n<meta property=\"article:published_time\" content=\"2026-01-29T07:00:00+00:00\" \/>\n<meta property=\"article:modified_time\" content=\"2026-02-06T16:24:00+00:00\" \/>\n<meta property=\"og:image\" content=\"https:\/\/www.mojekonferencje.pl\/blog\/wp-content\/uploads\/2026\/01\/Fotoram.io-2026-01-27T104104.082.jpg\" \/>\n\t<meta property=\"og:image:width\" content=\"1200\" \/>\n\t<meta property=\"og:image:height\" content=\"708\" \/>\n\t<meta property=\"og:image:type\" content=\"image\/jpeg\" \/>\n<meta name=\"author\" content=\"Julia Gadomska\" \/>\n<meta name=\"twitter:card\" content=\"summary_large_image\" \/>\n<meta name=\"twitter:label1\" content=\"Napisane przez\" \/>\n\t<meta name=\"twitter:data1\" content=\"Julia Gadomska\" \/>\n\t<meta name=\"twitter:label2\" content=\"Szacowany czas czytania\" \/>\n\t<meta name=\"twitter:data2\" content=\"12 minut\" \/>\n<script type=\"application\/ld+json\" class=\"yoast-schema-graph\">{\"@context\":\"https:\/\/schema.org\",\"@graph\":[{\"@type\":\"Article\",\"@id\":\"https:\/\/www.mojekonferencje.pl\/blog\/hotele-konferencyjne-w-gorach-tatry-karkonosze-beskidy\/#article\",\"isPartOf\":{\"@id\":\"https:\/\/www.mojekonferencje.pl\/blog\/hotele-konferencyjne-w-gorach-tatry-karkonosze-beskidy\/\"},\"author\":{\"name\":\"Julia Gadomska\",\"@id\":\"https:\/\/www.mojekonferencje.pl\/blog\/#\/schema\/person\/7d6985dc3741882ea12e03b1c3997043\"},\"headline\":\"Hotele konferencyjne w g\u00f3rach &#8211; Tatry, Karkonosze, Beskidy\",\"datePublished\":\"2026-01-29T07:00:00+00:00\",\"dateModified\":\"2026-02-06T16:24:00+00:00\",\"mainEntityOfPage\":{\"@id\":\"https:\/\/www.mojekonferencje.pl\/blog\/hotele-konferencyjne-w-gorach-tatry-karkonosze-beskidy\/\"},\"wordCount\":1759,\"image\":{\"@id\":\"https:\/\/www.mojekonferencje.pl\/blog\/hotele-konferencyjne-w-gorach-tatry-karkonosze-beskidy\/#primaryimage\"},\"thumbnailUrl\":\"https:\/\/www.mojekonferencje.pl\/blog\/wp-content\/uploads\/2026\/01\/Fotoram.io-2026-01-27T104104.082.jpg\",\"keywords\":[\"hotele konferencyjne w g\u00f3rach\",\"hotele w Beskidach\",\"hotele w Karkonoszach\",\"hotele w okolicach Tatr\",\"organizacja konferencji w g\u00f3rach\"],\"articleSection\":[\"Porady\",\"Travel\",\"Wybieranie miejsca konferencyjnego\"],\"inLanguage\":\"pl-PL\"},{\"@type\":\"WebPage\",\"@id\":\"https:\/\/www.mojekonferencje.pl\/blog\/hotele-konferencyjne-w-gorach-tatry-karkonosze-beskidy\/\",\"url\":\"https:\/\/www.mojekonferencje.pl\/blog\/hotele-konferencyjne-w-gorach-tatry-karkonosze-beskidy\/\",\"name\":\"Hotele konferencyjne w g\u00f3rach - Tatry, Karkonosze, Beskidy - blog | MojeKonferencje.pl\",\"isPartOf\":{\"@id\":\"https:\/\/www.mojekonferencje.pl\/blog\/#website\"},\"primaryImageOfPage\":{\"@id\":\"https:\/\/www.mojekonferencje.pl\/blog\/hotele-konferencyjne-w-gorach-tatry-karkonosze-beskidy\/#primaryimage\"},\"image\":{\"@id\":\"https:\/\/www.mojekonferencje.pl\/blog\/hotele-konferencyjne-w-gorach-tatry-karkonosze-beskidy\/#primaryimage\"},\"thumbnailUrl\":\"https:\/\/www.mojekonferencje.pl\/blog\/wp-content\/uploads\/2026\/01\/Fotoram.io-2026-01-27T104104.082.jpg\",\"datePublished\":\"2026-01-29T07:00:00+00:00\",\"dateModified\":\"2026-02-06T16:24:00+00:00\",\"author\":{\"@id\":\"https:\/\/www.mojekonferencje.pl\/blog\/#\/schema\/person\/7d6985dc3741882ea12e03b1c3997043\"},\"description\":\"Hotele konferencyjne w g\u00f3rach - Tatry, Karkonosze, Beskidy - blog | MojeKonferencje.pl\",\"breadcrumb\":{\"@id\":\"https:\/\/www.mojekonferencje.pl\/blog\/hotele-konferencyjne-w-gorach-tatry-karkonosze-beskidy\/#breadcrumb\"},\"inLanguage\":\"pl-PL\",\"potentialAction\":[{\"@type\":\"ReadAction\",\"target\":[\"https:\/\/www.mojekonferencje.pl\/blog\/hotele-konferencyjne-w-gorach-tatry-karkonosze-beskidy\/\"]}]},{\"@type\":\"ImageObject\",\"inLanguage\":\"pl-PL\",\"@id\":\"https:\/\/www.mojekonferencje.pl\/blog\/hotele-konferencyjne-w-gorach-tatry-karkonosze-beskidy\/#primaryimage\",\"url\":\"https:\/\/www.mojekonferencje.pl\/blog\/wp-content\/uploads\/2026\/01\/Fotoram.io-2026-01-27T104104.082.jpg\",\"contentUrl\":\"https:\/\/www.mojekonferencje.pl\/blog\/wp-content\/uploads\/2026\/01\/Fotoram.io-2026-01-27T104104.082.jpg\",\"width\":1200,\"height\":708,\"caption\":\"Hotele konferencyjne w g\u00f3rach \u2013 Tatry, Karkonosze, Beskidy\"},{\"@type\":\"BreadcrumbList\",\"@id\":\"https:\/\/www.mojekonferencje.pl\/blog\/hotele-konferencyjne-w-gorach-tatry-karkonosze-beskidy\/#breadcrumb\",\"itemListElement\":[{\"@type\":\"ListItem\",\"position\":1,\"name\":\"Strona g\u0142\u00f3wna\",\"item\":\"https:\/\/www.mojekonferencje.pl\/blog\/\"},{\"@type\":\"ListItem\",\"position\":2,\"name\":\"Hotele konferencyjne w g\u00f3rach &#8211; Tatry, Karkonosze, Beskidy\"}]},{\"@type\":\"WebSite\",\"@id\":\"https:\/\/www.mojekonferencje.pl\/blog\/#website\",\"url\":\"https:\/\/www.mojekonferencje.pl\/blog\/\",\"name\":\"MojeKonferencje.pl\",\"description\":\"Blog bran\u017cy szkoleniowo-konferencyjnej. W\u0142\u0105cz si\u0119 do dyskusji o obiektach konferencyjnych i nowo\u015bciach z bran\u017cy! Poznaj porady odno\u015bnie organizacji konferencji, szkole\u0144 i event\u00f3w firmowych! Zach\u0119camy do wyra\u017cania opinii oraz komentarzy.\",\"potentialAction\":[{\"@type\":\"SearchAction\",\"target\":{\"@type\":\"EntryPoint\",\"urlTemplate\":\"https:\/\/www.mojekonferencje.pl\/blog\/?s={search_term_string}\"},\"query-input\":{\"@type\":\"PropertyValueSpecification\",\"valueRequired\":true,\"valueName\":\"search_term_string\"}}],\"inLanguage\":\"pl-PL\"},{\"@type\":\"Person\",\"@id\":\"https:\/\/www.mojekonferencje.pl\/blog\/#\/schema\/person\/7d6985dc3741882ea12e03b1c3997043\",\"name\":\"Julia Gadomska\",\"url\":\"https:\/\/www.mojekonferencje.pl\/blog\/author\/julia-gadomska\/\"}]}<\/script>\n<!-- \/ Yoast SEO plugin. -->","yoast_head_json":{"title":"Hotele konferencyjne w g\u00f3rach - Tatry, Karkonosze, Beskidy - blog | MojeKonferencje.pl","description":"Hotele konferencyjne w g\u00f3rach - Tatry, Karkonosze, Beskidy - blog | MojeKonferencje.pl","robots":{"index":"index","follow":"follow","max-snippet":"max-snippet:-1","max-image-preview":"max-image-preview:large","max-video-preview":"max-video-preview:-1"},"canonical":"https:\/\/www.mojekonferencje.pl\/blog\/hotele-konferencyjne-w-gorach-tatry-karkonosze-beskidy\/","og_locale":"pl_PL","og_type":"article","og_title":"Hotele konferencyjne w g\u00f3rach - Tatry, Karkonosze, Beskidy - blog | MojeKonferencje.pl","og_description":"Hotele konferencyjne w g\u00f3rach - Tatry, Karkonosze, Beskidy - blog | MojeKonferencje.pl","og_url":"https:\/\/www.mojekonferencje.pl\/blog\/hotele-konferencyjne-w-gorach-tatry-karkonosze-beskidy\/","og_site_name":"MojeKonferencje.pl","article_published_time":"2026-01-29T07:00:00+00:00","article_modified_time":"2026-02-06T16:24:00+00:00","og_image":[{"width":1200,"height":708,"url":"https:\/\/www.mojekonferencje.pl\/blog\/wp-content\/uploads\/2026\/01\/Fotoram.io-2026-01-27T104104.082.jpg","type":"image\/jpeg"}],"author":"Julia Gadomska","twitter_card":"summary_large_image","twitter_misc":{"Napisane przez":"Julia Gadomska","Szacowany czas czytania":"12 minut"},"schema":{"@context":"https:\/\/schema.org","@graph":[{"@type":"Article","@id":"https:\/\/www.mojekonferencje.pl\/blog\/hotele-konferencyjne-w-gorach-tatry-karkonosze-beskidy\/#article","isPartOf":{"@id":"https:\/\/www.mojekonferencje.pl\/blog\/hotele-konferencyjne-w-gorach-tatry-karkonosze-beskidy\/"},"author":{"name":"Julia Gadomska","@id":"https:\/\/www.mojekonferencje.pl\/blog\/#\/schema\/person\/7d6985dc3741882ea12e03b1c3997043"},"headline":"Hotele konferencyjne w g\u00f3rach &#8211; Tatry, Karkonosze, Beskidy","datePublished":"2026-01-29T07:00:00+00:00","dateModified":"2026-02-06T16:24:00+00:00","mainEntityOfPage":{"@id":"https:\/\/www.mojekonferencje.pl\/blog\/hotele-konferencyjne-w-gorach-tatry-karkonosze-beskidy\/"},"wordCount":1759,"image":{"@id":"https:\/\/www.mojekonferencje.pl\/blog\/hotele-konferencyjne-w-gorach-tatry-karkonosze-beskidy\/#primaryimage"},"thumbnailUrl":"https:\/\/www.mojekonferencje.pl\/blog\/wp-content\/uploads\/2026\/01\/Fotoram.io-2026-01-27T104104.082.jpg","keywords":["hotele konferencyjne w g\u00f3rach","hotele w Beskidach","hotele w Karkonoszach","hotele w okolicach Tatr","organizacja konferencji w g\u00f3rach"],"articleSection":["Porady","Travel","Wybieranie miejsca konferencyjnego"],"inLanguage":"pl-PL"},{"@type":"WebPage","@id":"https:\/\/www.mojekonferencje.pl\/blog\/hotele-konferencyjne-w-gorach-tatry-karkonosze-beskidy\/","url":"https:\/\/www.mojekonferencje.pl\/blog\/hotele-konferencyjne-w-gorach-tatry-karkonosze-beskidy\/","name":"Hotele konferencyjne w g\u00f3rach - Tatry, Karkonosze, Beskidy - blog | MojeKonferencje.pl","isPartOf":{"@id":"https:\/\/www.mojekonferencje.pl\/blog\/#website"},"primaryImageOfPage":{"@id":"https:\/\/www.mojekonferencje.pl\/blog\/hotele-konferencyjne-w-gorach-tatry-karkonosze-beskidy\/#primaryimage"},"image":{"@id":"https:\/\/www.mojekonferencje.pl\/blog\/hotele-konferencyjne-w-gorach-tatry-karkonosze-beskidy\/#primaryimage"},"thumbnailUrl":"https:\/\/www.mojekonferencje.pl\/blog\/wp-content\/uploads\/2026\/01\/Fotoram.io-2026-01-27T104104.082.jpg","datePublished":"2026-01-29T07:00:00+00:00","dateModified":"2026-02-06T16:24:00+00:00","author":{"@id":"https:\/\/www.mojekonferencje.pl\/blog\/#\/schema\/person\/7d6985dc3741882ea12e03b1c3997043"},"description":"Hotele konferencyjne w g\u00f3rach - Tatry, Karkonosze, Beskidy - blog | MojeKonferencje.pl","breadcrumb":{"@id":"https:\/\/www.mojekonferencje.pl\/blog\/hotele-konferencyjne-w-gorach-tatry-karkonosze-beskidy\/#breadcrumb"},"inLanguage":"pl-PL","potentialAction":[{"@type":"ReadAction","target":["https:\/\/www.mojekonferencje.pl\/blog\/hotele-konferencyjne-w-gorach-tatry-karkonosze-beskidy\/"]}]},{"@type":"ImageObject","inLanguage":"pl-PL","@id":"https:\/\/www.mojekonferencje.pl\/blog\/hotele-konferencyjne-w-gorach-tatry-karkonosze-beskidy\/#primaryimage","url":"https:\/\/www.mojekonferencje.pl\/blog\/wp-content\/uploads\/2026\/01\/Fotoram.io-2026-01-27T104104.082.jpg","contentUrl":"https:\/\/www.mojekonferencje.pl\/blog\/wp-content\/uploads\/2026\/01\/Fotoram.io-2026-01-27T104104.082.jpg","width":1200,"height":708,"caption":"Hotele konferencyjne w g\u00f3rach \u2013 Tatry, Karkonosze, Beskidy"},{"@type":"BreadcrumbList","@id":"https:\/\/www.mojekonferencje.pl\/blog\/hotele-konferencyjne-w-gorach-tatry-karkonosze-beskidy\/#breadcrumb","itemListElement":[{"@type":"ListItem","position":1,"name":"Strona g\u0142\u00f3wna","item":"https:\/\/www.mojekonferencje.pl\/blog\/"},{"@type":"ListItem","position":2,"name":"Hotele konferencyjne w g\u00f3rach &#8211; Tatry, Karkonosze, Beskidy"}]},{"@type":"WebSite","@id":"https:\/\/www.mojekonferencje.pl\/blog\/#website","url":"https:\/\/www.mojekonferencje.pl\/blog\/","name":"MojeKonferencje.pl","description":"Blog bran\u017cy szkoleniowo-konferencyjnej. W\u0142\u0105cz si\u0119 do dyskusji o obiektach konferencyjnych i nowo\u015bciach z bran\u017cy! Poznaj porady odno\u015bnie organizacji konferencji, szkole\u0144 i event\u00f3w firmowych! Zach\u0119camy do wyra\u017cania opinii oraz komentarzy.","potentialAction":[{"@type":"SearchAction","target":{"@type":"EntryPoint","urlTemplate":"https:\/\/www.mojekonferencje.pl\/blog\/?s={search_term_string}"},"query-input":{"@type":"PropertyValueSpecification","valueRequired":true,"valueName":"search_term_string"}}],"inLanguage":"pl-PL"},{"@type":"Person","@id":"https:\/\/www.mojekonferencje.pl\/blog\/#\/schema\/person\/7d6985dc3741882ea12e03b1c3997043","name":"Julia Gadomska","url":"https:\/\/www.mojekonferencje.pl\/blog\/author\/julia-gadomska\/"}]}},"_links":{"self":[{"href":"https:\/\/www.mojekonferencje.pl\/blog\/wp-json\/wp\/v2\/posts\/8882","targetHints":{"allow":["GET"]}}],"collection":[{"href":"https:\/\/www.mojekonferencje.pl\/blog\/wp-json\/wp\/v2\/posts"}],"about":[{"href":"https:\/\/www.mojekonferencje.pl\/blog\/wp-json\/wp\/v2\/types\/post"}],"author":[{"embeddable":true,"href":"https:\/\/www.mojekonferencje.pl\/blog\/wp-json\/wp\/v2\/users\/21"}],"replies":[{"embeddable":true,"href":"https:\/\/www.mojekonferencje.pl\/blog\/wp-json\/wp\/v2\/comments?post=8882"}],"version-history":[{"count":17,"href":"https:\/\/www.mojekonferencje.pl\/blog\/wp-json\/wp\/v2\/posts\/8882\/revisions"}],"predecessor-version":[{"id":8989,"href":"https:\/\/www.mojekonferencje.pl\/blog\/wp-json\/wp\/v2\/posts\/8882\/revisions\/8989"}],"wp:featuredmedia":[{"embeddable":true,"href":"https:\/\/www.mojekonferencje.pl\/blog\/wp-json\/wp\/v2\/media\/8898"}],"wp:attachment":[{"href":"https:\/\/www.mojekonferencje.pl\/blog\/wp-json\/wp\/v2\/media?parent=8882"}],"wp:term":[{"taxonomy":"category","embeddable":true,"href":"https:\/\/www.mojekonferencje.pl\/blog\/wp-json\/wp\/v2\/categories?post=8882"},{"taxonomy":"post_tag","embeddable":true,"href":"https:\/\/www.mojekonferencje.pl\/blog\/wp-json\/wp\/v2\/tags?post=8882"}],"curies":[{"name":"wp","href":"https:\/\/api.w.org\/{rel}","templated":true}]}}