{"id":9664,"date":"2026-04-28T18:38:47","date_gmt":"2026-04-28T16:38:47","guid":{"rendered":"https:\/\/www.mojekonferencje.pl\/blog\/?p=9664"},"modified":"2026-04-28T18:38:47","modified_gmt":"2026-04-28T16:38:47","slug":"najlepsze-przestrzenie-bankietowe-w-woj-wielkopolskim","status":"publish","type":"post","link":"https:\/\/www.mojekonferencje.pl\/blog\/najlepsze-przestrzenie-bankietowe-w-woj-wielkopolskim\/","title":{"rendered":"Najlepsze przestrzenie bankietowe w woj. wielkopolskim"},"content":{"rendered":"\n<p>Wielkopolska to jeden z tych region\u00f3w, w kt\u00f3rych bez problemu mo\u017cna znale\u017a\u0107 idealne miejsce na eleganckie przyj\u0119cie. To w\u0142a\u015bnie tutaj mo\u017cna zorganizowa\u0107 zar\u00f3wno presti\u017cowy bankiet firmowy, jak i wyj\u0105tkow\u0105 uroczysto\u015b\u0107 w eleganckim otoczeniu. Pa\u0142ac, hotel nad jeziorem, a mo\u017ce stylowa restauracja? Wyb\u00f3r zale\u017cy od charakteru wydarzenia i klimatu, jaki ma towarzyszy\u0107 go\u015bciom. <\/p>\n\n\n\n<p>W Poznaniu i okolicach nie brakuje stylowych sal bankietowych, nowoczesnych obiekt\u00f3w eventowych i klimatycznych przestrzeni na przyj\u0119cia, kt\u00f3re doskonale sprawdzaj\u0105 si\u0119 zar\u00f3wno podczas kameralnych spotka\u0144, jak i du\u017cych uroczysto\u015bci.<\/p>\n\n\n\n<p><strong> Prezentujemy <a href=\"https:\/\/www.mojekonferencje.pl\/konferencje-wielkopolskie\" type=\"link\" id=\"https:\/\/www.mojekonferencje.pl\/konferencje-wielkopolskie\">najlepsze sale bankietowe w Wielkopolsce <\/a>&#8211; miejsca, kt\u00f3re wyr\u00f3\u017cniaj\u0105 si\u0119 komfortem, \u015bwietn\u0105 atmosfer\u0105 i wysokim standardem organizacji.<\/strong><\/p>\n\n\n\n<figure class=\"wp-block-table\"><table class=\"has-fixed-layout\"><tbody><tr><td><a href=\"https:\/\/www.mojekonferencje.pl\/kwilcz\/olandia\" type=\"link\" id=\"https:\/\/www.mojekonferencje.pl\/kwilcz\/olandia\">OLANDIA<\/a><\/td><td><a href=\"https:\/\/www.mojekonferencje.pl\/stare-miasto\/skansen-bicz-family-spa\" type=\"link\" id=\"https:\/\/www.mojekonferencje.pl\/stare-miasto\/skansen-bicz-family-spa\">Skansen Bicz Family &amp; SPA<\/a><\/td><\/tr><tr><td><a href=\"https:\/\/www.mojekonferencje.pl\/slawica\/weranda-home\" type=\"link\" id=\"https:\/\/www.mojekonferencje.pl\/slawica\/weranda-home\">Weranda Home<\/a><\/td><td><a href=\"https:\/\/www.mojekonferencje.pl\/opalenica\/hotel-remes-sport--spa\" type=\"link\" id=\"https:\/\/www.mojekonferencje.pl\/opalenica\/hotel-remes-sport--spa\">Hotel Remes Sport &amp; Spa<\/a><\/td><\/tr><tr><td><a href=\"https:\/\/www.mojekonferencje.pl\/debogora\/dwor-debogora\" type=\"link\" id=\"https:\/\/www.mojekonferencje.pl\/debogora\/dwor-debogora\">Dw\u00f3r D\u0119bog\u00f3ra<\/a><\/td><td><a href=\"https:\/\/www.mojekonferencje.pl\/slupca\/athotel35\" type=\"link\" id=\"https:\/\/www.mojekonferencje.pl\/slupca\/athotel35\">athotel35<\/a><\/td><\/tr><tr><td><a href=\"https:\/\/www.mojekonferencje.pl\/poznan\/dwor-rybieniec\" type=\"link\" id=\"https:\/\/www.mojekonferencje.pl\/poznan\/dwor-rybieniec\">Dw\u00f3r Rybieniec<\/a><\/td><td><a href=\"https:\/\/www.mojekonferencje.pl\/budzyn\/restauracja-platinum\" type=\"link\" id=\"https:\/\/www.mojekonferencje.pl\/budzyn\/restauracja-platinum\">Restauracja Platinum<\/a><\/td><\/tr><tr><td><a href=\"https:\/\/www.mojekonferencje.pl\/wrzesnia\/hotel-wegierki-\" type=\"link\" id=\"https:\/\/www.mojekonferencje.pl\/wrzesnia\/hotel-wegierki-\">Hotel W\u0119gierki<\/a><\/td><td><a href=\"https:\/\/www.mojekonferencje.pl\/steszew\/hotel-restauracja-delicjusz\" type=\"link\" id=\"https:\/\/www.mojekonferencje.pl\/steszew\/hotel-restauracja-delicjusz\">Hotel &#8211; Restauracja Delicjusz<\/a><\/td><\/tr><\/tbody><\/table><\/figure>\n\n\n\n<h2 class=\"wp-block-heading has-text-align-center\"><a href=\"https:\/\/www.mojekonferencje.pl\/kwilcz\/olandia\" type=\"link\" id=\"https:\/\/www.mojekonferencje.pl\/kwilcz\/olandia\"><mark style=\"background-color:rgba(0, 0, 0, 0)\" class=\"has-inline-color has-vivid-purple-color\"><span style=\"text-decoration: underline;\">OLANDIA<\/span><\/mark><\/a><\/h2>\n\n\n\n<p>Po\u0142o\u017cony nad Jeziorem Kuchennym XVIII-wieczny folwark zapewnia historyczny klimat z nowoczesnym zapleczem eventowym. Blisko\u015b\u0107 natury, eleganckie wn\u0119trza i spokojna okolica tworz\u0105 idealne warunki do organizacji konferencji, bankiet\u00f3w firmowych, gal i wyjazd\u00f3w integracyjnych.<\/p>\n\n\n\n<p><a href=\"https:\/\/www.mojekonferencje.pl\/kwilcz\/olandia\" type=\"link\" id=\"https:\/\/www.mojekonferencje.pl\/kwilcz\/olandia\">OLANDIA<\/a> oferuje<strong> 8 sal konferencyjnych i bankietowych<\/strong>, dzi\u0119ki czemu sprawdza si\u0119 zar\u00f3wno podczas kameralnych spotka\u0144, jak i du\u017cych wydarze\u0144. Na uwag\u0119 zas\u0142uguje <strong>przestronna Sala Nova<\/strong> oraz <strong>efektowna Stodo\u0142a Fryzyjska<\/strong> ze szklan\u0105 kopu\u0142\u0105 i widokiem na jezioro, idealna na eleganckie bankiety i eventy firmowe. Do dyspozycji go\u015bci s\u0105 r\u00f3wnie\u017c <strong>174 miejsca noclegowe<\/strong> w komfortowych pokojach zlokalizowanych w Dworze, Spichlerzu i Kamienniku.<\/p>\n\n\n\n<p>Atutem obiektu jest tak\u017ce doskona\u0142a kuchnia.<strong> Restauracja Olenderskie Smaki <\/strong>serwuje dania inspirowane regionaln\u0105 tradycj\u0105 i ide\u0105 slow food, bazuj\u0105c na naturalnych produktach, rybach z w\u0142asnego jeziora oraz chlebie wypiekanym na miejscu. Ca\u0142o\u015b\u0107 uzupe\u0142nia <strong>strefa relaksu, klimatyczna winiarnia i atrakcje<\/strong> sprzyjaj\u0105ce integracji, dzi\u0119ki kt\u00f3rym <strong>OLANDIA<\/strong> to miejsce zar\u00f3wno na biznes jak i odpoczynek.<\/p>\n\n\n\n<figure class=\"wp-block-image size-full\"><a href=\"https:\/\/www.mojekonferencje.pl\/blog\/wp-content\/uploads\/2026\/04\/dji-0187-960x580-1.webp\"><img loading=\"lazy\" decoding=\"async\" width=\"960\" height=\"580\" src=\"https:\/\/www.mojekonferencje.pl\/blog\/wp-content\/uploads\/2026\/04\/dji-0187-960x580-1.webp\" alt=\"\" class=\"wp-image-9667 lazyload\" data-srcset=\"https:\/\/www.mojekonferencje.pl\/blog\/wp-content\/uploads\/2026\/04\/dji-0187-960x580-1.webp 960w, https:\/\/www.mojekonferencje.pl\/blog\/wp-content\/uploads\/2026\/04\/dji-0187-960x580-1-300x181.webp 300w, https:\/\/www.mojekonferencje.pl\/blog\/wp-content\/uploads\/2026\/04\/dji-0187-960x580-1-768x464.webp 768w\" sizes=\"auto\" \/><\/a><\/figure>\n\n\n\n<h2 class=\"wp-block-heading has-text-align-center\"><a href=\"https:\/\/www.mojekonferencje.pl\/stare-miasto\/skansen-bicz-family-spa\" type=\"link\" id=\"https:\/\/www.mojekonferencje.pl\/stare-miasto\/skansen-bicz-family-spa\"><mark style=\"background-color:rgba(0, 0, 0, 0)\" class=\"has-inline-color has-vivid-purple-color\"><span style=\"text-decoration: underline;\">Skansen Bicz Family &amp; SPA<\/span><\/mark><\/a><\/h2>\n\n\n\n<p>Niedaleko Konina znajduje si\u0119 cudowne miejsce na organizacj\u0119 uroczysto\u015bci rodzinnej czy wesela. <a href=\"https:\/\/www.mojekonferencje.pl\/stare-miasto\/skansen-bicz-family-spa\" type=\"link\" id=\"https:\/\/www.mojekonferencje.pl\/stare-miasto\/skansen-bicz-family-spa\">Skansen Bicz Family &amp; SPA<\/a> to wyj\u0105tkowa przestrze\u0144 w sercu Wielkopolski, stworzona z my\u015bl\u0105 o konferencjach, bankietach firmowych, wyjazdach integracyjnych i eleganckich przyj\u0119ciach.<\/p>\n\n\n\n<p>Na organizator\u00f3w czekaj\u0105 tu <strong>stylowe sale konferencyjne<\/strong>, kt\u00f3re sprawdzaj\u0105 si\u0119 zar\u00f3wno podczas du\u017cych wydarze\u0144 biznesowych, jak i bardziej kameralnych spotka\u0144. <strong>Przestronna Sala Diamentowa<\/strong> pozwala zorganizowa\u0107 <strong>event nawet dla 400 os\u00f3b<\/strong>, natomiast <strong>Sala Bizon<\/strong> doskonale nadaje si\u0119 na mniejsze szkolenia i spotkania <strong>do 50 uczestnik\u00f3w<\/strong>. Uzupe\u0142nieniem oferty jest <strong>rustykalna Stodo\u0142a<\/strong>, idealna na imprezy integracyjne i wydarzenia w swobodnym stylu, a tak\u017ce <strong>klimatyczna Wiata Boho<\/strong> stworzona z my\u015bl\u0105 o mniej formalnych spotkaniach i firmowych grillach.<\/p>\n\n\n\n<p>Skansen Bicz Family &amp; SPA oferuje r\u00f3wnie\u017c <strong>komfortowe zaplecze noclegowe dla 86 go\u015bci<\/strong>. Przytulne pokoje, domki i apartamenty zapewniaj\u0105 wygodny wypoczynek w spokojnym otoczeniu natury, sprzyjaj\u0105c relaksowi po intensywnym dniu spotka\u0144. Ca\u0142o\u015b\u0107 dope\u0142nia<strong> restauracja <\/strong>serwuj\u0105ca kuchni\u0119 opart\u0105 na polskich smakach i nowoczesnym podej\u015bciu do gotowania, bazuj\u0105c\u0105 na \u015bwie\u017cych produktach i autorskich kompozycjach szefa kuchni.<\/p>\n\n\n\n<p>Wyj\u0105tkowy charakter obiektu podkre\u015bla jego po\u0142o\u017cenie na terenie parku etnograficznego, gdzie tradycja spotyka si\u0119 z natur\u0105. Drewniane cha\u0142upy, zabytkowe wiatraki, muzealne eksponaty i rozleg\u0142y teren zielony tworz\u0105 niepowtarzalne t\u0142o dla ka\u017cdego wydarzenia. <strong>Skansen Bicz Family &amp; SPA<\/strong> to miejsce, kt\u00f3re \u0142\u0105czy biznes, relaks i wyj\u0105tkow\u0105 atmosfer\u0119. Jest to jedna z najbardziej <strong>klimatycznych przestrzeni bankietowych w Wielkopolsce<\/strong>.<\/p>\n\n\n\n<figure class=\"wp-block-image size-full\"><a href=\"https:\/\/www.mojekonferencje.pl\/blog\/wp-content\/uploads\/2026\/04\/diamenfds-960x580-1.webp\"><img loading=\"lazy\" decoding=\"async\" width=\"960\" height=\"580\" src=\"https:\/\/www.mojekonferencje.pl\/blog\/wp-content\/uploads\/2026\/04\/diamenfds-960x580-1.webp\" alt=\"\" class=\"wp-image-9669 lazyload\" data-srcset=\"https:\/\/www.mojekonferencje.pl\/blog\/wp-content\/uploads\/2026\/04\/diamenfds-960x580-1.webp 960w, https:\/\/www.mojekonferencje.pl\/blog\/wp-content\/uploads\/2026\/04\/diamenfds-960x580-1-300x181.webp 300w, https:\/\/www.mojekonferencje.pl\/blog\/wp-content\/uploads\/2026\/04\/diamenfds-960x580-1-768x464.webp 768w\" sizes=\"auto\" \/><\/a><\/figure>\n\n\n\n<h2 class=\"wp-block-heading has-text-align-center\"><a href=\"https:\/\/www.mojekonferencje.pl\/slawica\/weranda-home\" type=\"link\" id=\"https:\/\/www.mojekonferencje.pl\/slawica\/weranda-home\"><mark style=\"background-color:rgba(0, 0, 0, 0)\" class=\"has-inline-color has-vivid-purple-color\"><span style=\"text-decoration: underline;\">Weranda Home<\/span><\/mark><\/a><\/h2>\n\n\n\n<p>W otoczeniu zieleni Parku Krajobrazowego Puszczy Zielonki znajduje si\u0119 miejsce stworzone z my\u015bl\u0105 o konferencjach, bankietach firmowych i spotkaniach integracyjnych w spokojnej, naturalnej scenerii. <a href=\"https:\/\/www.mojekonferencje.pl\/slawica\/weranda-home\" type=\"link\" id=\"https:\/\/www.mojekonferencje.pl\/slawica\/weranda-home\">Weranda Home<\/a> to miejsce ideale do pracy i wypoczynku z dala od miejskiego zgie\u0142ku.<\/p>\n\n\n\n<p><br>Obiekt oferuje <strong>2200 mkw. funkcjonalnej przestrzeni eventowej<\/strong>, w tym sal\u0119 bankietow\u0105 z wyj\u015bciem do ogrodu, sal\u0119 restauracyjn\u0105 oraz stref\u0119 chillout. Dzi\u0119ki mo\u017cliwo\u015bci podzia\u0142u przestrzeni <strong>Weranda Home<\/strong> sprawdza si\u0119 zar\u00f3wno podczas wi\u0119kszych wydarze\u0144, jak i kameralnych spotka\u0144 biznesowych. Ca\u0142o\u015b\u0107 uzupe\u0142nia<strong> nowoczesne zaplecze techniczne<\/strong> oraz<strong> komfortowa baza noclegowa dla 68 go\u015bci<\/strong>.<\/p>\n\n\n\n<p><br>Atutem obiektu jest tak\u017ce <strong>autorska kuchnia<\/strong> oparta na sezonowych produktach od lokalnych dostawc\u00f3w. Stylowe wn\u0119trza i dopracowana oprawa wydarze\u0144 i wyj\u0105tkowa lokalizacja sprawiaj\u0105, \u017ce <strong>Weranda Home<\/strong> to jedna z najbardziej klimatycznych przestrzeni bankietowych w Wielkopolsce.<\/p>\n\n\n\n<figure class=\"wp-block-image size-large\"><a href=\"https:\/\/www.mojekonferencje.pl\/blog\/wp-content\/uploads\/2026\/04\/dsc1427-hdr-1500x_.webp\"><img loading=\"lazy\" decoding=\"async\" width=\"1024\" height=\"683\" src=\"https:\/\/www.mojekonferencje.pl\/blog\/wp-content\/uploads\/2026\/04\/dsc1427-hdr-1500x_-1024x683.webp\" alt=\"\" class=\"wp-image-9670 lazyload\" data-srcset=\"https:\/\/www.mojekonferencje.pl\/blog\/wp-content\/uploads\/2026\/04\/dsc1427-hdr-1500x_-1024x683.webp 1024w, https:\/\/www.mojekonferencje.pl\/blog\/wp-content\/uploads\/2026\/04\/dsc1427-hdr-1500x_-300x200.webp 300w, https:\/\/www.mojekonferencje.pl\/blog\/wp-content\/uploads\/2026\/04\/dsc1427-hdr-1500x_-768x512.webp 768w, https:\/\/www.mojekonferencje.pl\/blog\/wp-content\/uploads\/2026\/04\/dsc1427-hdr-1500x_.webp 1500w\" sizes=\"auto\" \/><\/a><\/figure>\n\n\n\n<h2 class=\"wp-block-heading has-text-align-center\"><a href=\"https:\/\/www.mojekonferencje.pl\/opalenica\/hotel-remes-sport--spa\" type=\"link\" id=\"https:\/\/www.mojekonferencje.pl\/opalenica\/hotel-remes-sport--spa\"><mark style=\"background-color:rgba(0, 0, 0, 0)\" class=\"has-inline-color has-vivid-purple-color\"><span style=\"text-decoration: underline;\">Hotel Remes Sport &amp; Spa<\/span><\/mark><\/a><\/h2>\n\n\n\n<p>To miejsce stworzone zar\u00f3wno dla go\u015bci biznesowych, jak i os\u00f3b szukaj\u0105cych przestrzeni na relaks czy organizacj\u0119 wydarze\u0144 na najwy\u017cszym poziomie. Nowoczesna architektura, sztuka w przestrzeniach wsp\u00f3lnych i dopracowane wn\u0119trza nadaj\u0105 mu wyj\u0105tkowy, presti\u017cowy charakter.<\/p>\n\n\n\n<p><strong><a href=\"https:\/\/www.mojekonferencje.pl\/opalenica\/hotel-remes-sport--spa\" type=\"link\" id=\"https:\/\/www.mojekonferencje.pl\/opalenica\/hotel-remes-sport--spa\">Hotel Remes Sport &amp; Spa<\/a> <\/strong>oferuje <strong>252 miejsca noclegowe w 108 komfortowych pokojach<\/strong>, apartamentach oraz domkach, urz\u0105dzonych w nowoczesnym, przytulnym stylu. Ka\u017cdy z nich zapewnia wygod\u0119, dost\u0119p do szybkiego Internetu, klimatyzacj\u0119 i funkcjonalne wyposa\u017cenie, kt\u00f3re sprawdza si\u0119 zar\u00f3wno podczas pobyt\u00f3w biznesowych, jak i wypoczynkowych.<\/p>\n\n\n\n<p>Du\u017cym atutem jest rozbudowane centrum konferencyjne obejmuj\u0105ce <strong>7 nowoczesnych sal<\/strong>, kt\u00f3re mo\u017cna elastycznie \u0142\u0105czy\u0107 dzi\u0119ki systemowi przesuwanych \u015bcian. Pozwala to organizowa\u0107 wydarzenia nawet do 400 os\u00f3b. Sale s\u0105 w pe\u0142ni wyposa\u017cone w sprz\u0119t multimedialny, nag\u0142o\u015bnienie i klimatyzacj\u0119, co zapewnia komfort podczas szkole\u0144, konferencji i spotka\u0144 biznesowych.<\/p>\n\n\n\n<p>Na miejscu dost\u0119pna jest tak\u017ce<strong> bogata infrastruktura sportowa i rekreacyjna<\/strong>, w tym kompleks boisk, nowoczesne SPA z basenem, saunami i stref\u0105 relaksu oraz si\u0142owni\u0105. Go\u015bcie mog\u0105 r\u00f3wnie\u017c korzysta\u0107 z <strong>restauracji <\/strong>serwuj\u0105cych dania kuchni mi\u0119dzynarodowej oraz przestronnego klubu z atrakcjami rozrywkowymi.<\/p>\n\n\n\n<figure class=\"wp-block-image size-large\"><a href=\"https:\/\/www.mojekonferencje.pl\/blog\/wp-content\/uploads\/2026\/04\/sala-champions-league-1500x_.webp\"><img loading=\"lazy\" decoding=\"async\" width=\"1024\" height=\"356\" src=\"https:\/\/www.mojekonferencje.pl\/blog\/wp-content\/uploads\/2026\/04\/sala-champions-league-1500x_-1024x356.webp\" alt=\"\" class=\"wp-image-9682 lazyload\" data-srcset=\"https:\/\/www.mojekonferencje.pl\/blog\/wp-content\/uploads\/2026\/04\/sala-champions-league-1500x_-1024x356.webp 1024w, https:\/\/www.mojekonferencje.pl\/blog\/wp-content\/uploads\/2026\/04\/sala-champions-league-1500x_-300x104.webp 300w, https:\/\/www.mojekonferencje.pl\/blog\/wp-content\/uploads\/2026\/04\/sala-champions-league-1500x_-768x267.webp 768w, https:\/\/www.mojekonferencje.pl\/blog\/wp-content\/uploads\/2026\/04\/sala-champions-league-1500x_.webp 1500w\" sizes=\"auto\" \/><\/a><\/figure>\n\n\n\n<h2 class=\"wp-block-heading has-text-align-center\"><a href=\"https:\/\/www.mojekonferencje.pl\/debogora\/dwor-debogora\" type=\"link\" id=\"https:\/\/www.mojekonferencje.pl\/debogora\/dwor-debogora\"><mark style=\"background-color:rgba(0, 0, 0, 0)\" class=\"has-inline-color has-vivid-purple-color\"><span style=\"text-decoration: underline;\">Dw\u00f3r D\u0119bog\u00f3ra<\/span><\/mark><\/a><\/h2>\n\n\n\n<p>W \u015brodku Puszczy Drawskiej i Noteckiej, w miejscu otoczonym jeziorami, lasami i spokojem, kt\u00f3ry trudno dzi\u015b znale\u017a\u0107 gdzie indziej, znajduje si\u0119 klimatyczny <a href=\"https:\/\/www.mojekonferencje.pl\/debogora\/dwor-debogora\" type=\"link\" id=\"https:\/\/www.mojekonferencje.pl\/debogora\/dwor-debogora\">Dw\u00f3r D\u0119bog\u00f3ra<\/a>.<\/p>\n\n\n\n<p>Ju\u017c sam budynek robi wra\u017cenie &#8211; odrestaurowane wn\u0119trza zachowa\u0142y ducha dawnych czas\u00f3w, ale zyska\u0142y elegancki, przytulny charakter. Drewno, stare detale i rodzinne pami\u0105tki tworz\u0105 atmosfer\u0119, kt\u00f3rej nie da si\u0119 podrobi\u0107. Do dyspozycji go\u015bci s\u0105 <strong>trzy zupe\u0142nie r\u00f3\u017cne sale<\/strong>: elegancka sala bankietowa na wi\u0119ksze uroczysto\u015bci, nastrojowa oran\u017ceria z widokiem na imponuj\u0105c\u0105 500-letni\u0105 lip\u0119 oraz sala konferencyjna przygotowana pod spotkania biznesowe, wyposa\u017cona w nowoczesny sprz\u0119t. Ca\u0142o\u015b\u0107 dope\u0142nia zielony park, kt\u00f3ry a\u017c prosi si\u0119 o chwile odpoczynku na \u015bwie\u017cym powietrzu.<\/p>\n\n\n\n<p>Noclegi r\u00f3wnie\u017c maj\u0105 tu sw\u00f3j wyj\u0105tkowy klimat. Mo\u017cna wybra\u0107 <strong>pokoje w zabytkowym dworze<\/strong> albo zatrzyma\u0107 si\u0119 w <strong>nowoczesnych Domkach Krovacja<\/strong>, z kt\u00f3rych rozci\u0105ga si\u0119 widok na natur\u0119 i pas\u0105ce si\u0119 szkockie krowy Highland. To miejsce, w kt\u00f3rym naprawd\u0119 mo\u017cna zwolni\u0107 i odetchn\u0105\u0107.<\/p>\n\n\n\n<p>Ogromn\u0105 rol\u0119 odgrywa te\u017c <strong>kuchnia<\/strong> &#8211; prosta, sezonowa i oparta na lokalnych produktach. Domowe \u015bniadania, syc\u0105ce obiadokolacje i wypieki sprawiaj\u0105, \u017ce go\u015bcie szybko czuj\u0105 si\u0119 tu jak u siebie.<\/p>\n\n\n\n<p>A je\u015bli kto\u015b lubi aktywny wypoczynek, nie b\u0119dzie si\u0119 nudzi\u0142 \u2013 s\u0105 le\u015bne \u015bcie\u017cki, rowery, spacery, a nawet nietypowe \u201ekrowie safari\u201d. Do tego sauna i balia pod go\u0142ym niebem, kt\u00f3re pozwalaj\u0105 naprawd\u0119 si\u0119 zresetowa\u0107. To miejsce, kt\u00f3re nie udaje niczego \u2013 po prostu daje spok\u00f3j, przestrze\u0144 i dobr\u0105 energi\u0119.<\/p>\n\n\n\n<figure class=\"wp-block-image size-large\"><a href=\"https:\/\/www.mojekonferencje.pl\/blog\/wp-content\/uploads\/2026\/04\/tcpx-100-of-11-min-1500x_.webp\"><img loading=\"lazy\" decoding=\"async\" width=\"1024\" height=\"683\" src=\"https:\/\/www.mojekonferencje.pl\/blog\/wp-content\/uploads\/2026\/04\/tcpx-100-of-11-min-1500x_-1024x683.webp\" alt=\"\" class=\"wp-image-9673 lazyload\" data-srcset=\"https:\/\/www.mojekonferencje.pl\/blog\/wp-content\/uploads\/2026\/04\/tcpx-100-of-11-min-1500x_-1024x683.webp 1024w, https:\/\/www.mojekonferencje.pl\/blog\/wp-content\/uploads\/2026\/04\/tcpx-100-of-11-min-1500x_-300x200.webp 300w, https:\/\/www.mojekonferencje.pl\/blog\/wp-content\/uploads\/2026\/04\/tcpx-100-of-11-min-1500x_-768x512.webp 768w, https:\/\/www.mojekonferencje.pl\/blog\/wp-content\/uploads\/2026\/04\/tcpx-100-of-11-min-1500x_.webp 1500w\" sizes=\"auto\" \/><\/a><\/figure>\n\n\n\n<h2 class=\"wp-block-heading has-text-align-center\"><a href=\"https:\/\/www.mojekonferencje.pl\/slupca\/athotel35\" type=\"link\" id=\"https:\/\/www.mojekonferencje.pl\/slupca\/athotel35\"><mark style=\"background-color:rgba(0, 0, 0, 0)\" class=\"has-inline-color has-vivid-purple-color\"><span style=\"text-decoration: underline;\">athotel35<\/span><\/mark><\/a><\/h2>\n\n\n\n<p>Nad Jeziorem S\u0142upeckim, tu\u017c przy autostradzie A2, znajduje si\u0119 nowoczesny hotel konferencyjny, kt\u00f3ry \u0142\u0105czy biznes, design i natur\u0119 w jednym miejscu. To przestrze\u0144 stworzona dla firm, kt\u00f3re chc\u0105 organizowa\u0107 wydarzenia w komfortowych warunkach, ale z wyj\u0105tkow\u0105 opraw\u0105 i widokiem na wod\u0119<\/p>\n\n\n\n<p><br>G\u0142\u00f3wna sala eventowa pozwala na organizacj\u0119<strong> konferencji i bankiet\u00f3w dla 150\u2013230 os\u00f3b<\/strong> i dzi\u0119ki modu\u0142owej konstrukcji mo\u017cna j\u0105 \u0142atwo dopasowa\u0107 do r\u00f3\u017cnych format\u00f3w wydarze\u0144. Uzupe\u0142niaj\u0105 j\u0105 mniejsze sale warsztatowe, Klub Granat z du\u017c\u0105 scen\u0105 oraz przeszklone atrium idealne na ekspozycje i eventy specjalne.<\/p>\n\n\n\n<p>Ogromnym atutem <a href=\"https:\/\/www.mojekonferencje.pl\/slupca\/athotel35\" type=\"link\" id=\"https:\/\/www.mojekonferencje.pl\/slupca\/athotel35\">athotelu35<\/a> jest <strong>bezpo\u015brednie po\u0142o\u017cenie nad jeziorem<\/strong> i <strong>rozbudowana strefa outdoorowa<\/strong>. Mo\u017cna tutaj znale\u017a\u0107 platformy na wodzie, <\/p>\n\n\n\n<p>kajaki i sprz\u0119t motorowodny, po przestrzenie do integracji i ognisk. To miejsce sprzyja zar\u00f3wno pracy, jak i budowaniu relacji w zespole.<\/p>\n\n\n\n<p><br>Go\u015bcie maj\u0105 do dyspozycji <strong>komfortowe pokoje z widokiem na natur\u0119, restauracj\u0119 z sezonow\u0105 kuchni\u0105 <\/strong>opart\u0105 na lokalnych produktach oraz<strong> nowoczesn\u0105 stref\u0119 SPA<\/strong>. Ca\u0142o\u015b\u0107 tworzy sp\u00f3jne \u015brodowisko, w kt\u00f3rym konferencja staje si\u0119 pe\u0142nym do\u015bwiadczeniem \u2013 nie tylko spotkaniem biznesowym.<\/p>\n\n\n\n<figure class=\"wp-block-image size-full\"><a href=\"https:\/\/www.mojekonferencje.pl\/blog\/wp-content\/uploads\/2026\/04\/701957686-960x580-1.webp\"><img loading=\"lazy\" decoding=\"async\" width=\"960\" height=\"580\" src=\"https:\/\/www.mojekonferencje.pl\/blog\/wp-content\/uploads\/2026\/04\/701957686-960x580-1.webp\" alt=\"\" class=\"wp-image-9674 lazyload\" data-srcset=\"https:\/\/www.mojekonferencje.pl\/blog\/wp-content\/uploads\/2026\/04\/701957686-960x580-1.webp 960w, https:\/\/www.mojekonferencje.pl\/blog\/wp-content\/uploads\/2026\/04\/701957686-960x580-1-300x181.webp 300w, https:\/\/www.mojekonferencje.pl\/blog\/wp-content\/uploads\/2026\/04\/701957686-960x580-1-768x464.webp 768w\" sizes=\"auto\" \/><\/a><\/figure>\n\n\n\n<h2 class=\"wp-block-heading has-text-align-center\"><a href=\"https:\/\/www.mojekonferencje.pl\/poznan\/dwor-rybieniec\" type=\"link\" id=\"https:\/\/www.mojekonferencje.pl\/poznan\/dwor-rybieniec\"><mark style=\"background-color:rgba(0, 0, 0, 0)\" class=\"has-inline-color has-vivid-purple-color\"><span style=\"text-decoration: underline;\">Dw\u00f3r Rybieniec<\/span><\/mark><\/a><\/h2>\n\n\n\n<p>Elegancki <a href=\"https:\/\/www.mojekonferencje.pl\/poznan\/dwor-rybieniec\" type=\"link\" id=\"https:\/\/www.mojekonferencje.pl\/poznan\/dwor-rybieniec\">Dw\u00f3r Rybieniec<\/a> to obiekt eventowy po\u0142o\u017cony nad jeziorem, z dala od miejskiego zgie\u0142ku. Kameralna atmosfera, blisko\u015b\u0107 natury i stylowa architektura sprawiaj\u0105, \u017ce to miejsce doskonale sprawdza si\u0119 podczas eleganckich przyj\u0119\u0107, bankiet\u00f3w firmowych, rodzinnych uroczysto\u015bci i spotka\u0144 biznesowych.<\/p>\n\n\n\n<p>Odrestaurowane wn\u0119trza Dworu Rybieniec zachowa\u0142y historyczny charakter dawnej rezydencji, zyskuj\u0105c jednocze\u015bnie nowoczesny komfort i wysok\u0105 funkcjonalno\u015b\u0107. Sercem obiektu jest <strong>reprezentacyjna sala bankietowa z widokiem na jezioro<\/strong>, kt\u00f3ra pozwala zorganizowa\u0107 eleganckie przyj\u0119cie nawet <strong>dla 130 go\u015bci<\/strong>. Jasna, stylowa przestrze\u0144 i malownicze otoczenie nadaj\u0105 ka\u017cdemu wydarzeniu wyj\u0105tkow\u0105 opraw\u0119, a parkowe alejki i naturalna sceneria tworz\u0105 idealne t\u0142o dla plenerowych atrakcji i sesji zdj\u0119ciowych.<\/p>\n\n\n\n<p>Do dyspozycji go\u015bci pozostaje r\u00f3wnie\u017c<strong> komfortowa baza noclegowa obejmuj\u0105ca 40 miejsc<\/strong>. Dzi\u0119ki temu Dw\u00f3r Rybieniec doskonale sprawdza si\u0119 podczas wydarze\u0144 kilkudniowych. Stylowe pokoje urz\u0105dzone w dworkowym charakterze \u0142\u0105cz\u0105 elegancj\u0119 z wygod\u0105, zapewniaj\u0105c spokojny wypoczynek po uroczysto\u015bci.<\/p>\n\n\n\n<p>Ca\u0142o\u015b\u0107 dope\u0142nia<strong> dopracowana oferta kulinarna<\/strong> oparta na autorskim menu inspirowanym tradycj\u0105 kuchni dworskiej. Starannie przygotowane dania kuchni polskiej, regionalnej i europejskiej podkre\u015blaj\u0105 wyj\u0105tkowy charakter organizowanych wydarze\u0144, tworz\u0105c sp\u00f3jn\u0105 i eleganck\u0105 opraw\u0119 ka\u017cdego przyj\u0119cia.<\/p>\n\n\n\n<figure class=\"wp-block-image size-large\"><a href=\"https:\/\/www.mojekonferencje.pl\/blog\/wp-content\/uploads\/2026\/04\/489563424-1099731738836531-8540393735570139388-n-1500x_-1.webp\"><img loading=\"lazy\" decoding=\"async\" width=\"1024\" height=\"682\" src=\"https:\/\/www.mojekonferencje.pl\/blog\/wp-content\/uploads\/2026\/04\/489563424-1099731738836531-8540393735570139388-n-1500x_-1-1024x682.webp\" alt=\"\" class=\"wp-image-9687 lazyload\" data-srcset=\"https:\/\/www.mojekonferencje.pl\/blog\/wp-content\/uploads\/2026\/04\/489563424-1099731738836531-8540393735570139388-n-1500x_-1-1024x682.webp 1024w, https:\/\/www.mojekonferencje.pl\/blog\/wp-content\/uploads\/2026\/04\/489563424-1099731738836531-8540393735570139388-n-1500x_-1-300x200.webp 300w, https:\/\/www.mojekonferencje.pl\/blog\/wp-content\/uploads\/2026\/04\/489563424-1099731738836531-8540393735570139388-n-1500x_-1-768x511.webp 768w, https:\/\/www.mojekonferencje.pl\/blog\/wp-content\/uploads\/2026\/04\/489563424-1099731738836531-8540393735570139388-n-1500x_-1.webp 1500w\" sizes=\"auto\" \/><\/a><\/figure>\n\n\n\n<h2 class=\"wp-block-heading has-text-align-center\"><a href=\"https:\/\/www.mojekonferencje.pl\/budzyn\/restauracja-platinum\" type=\"link\" id=\"https:\/\/www.mojekonferencje.pl\/budzyn\/restauracja-platinum\"><mark style=\"background-color:rgba(0, 0, 0, 0)\" class=\"has-inline-color has-vivid-purple-color\"><span style=\"text-decoration: underline;\">Restauracja Platinum<\/span><\/mark><\/a><\/h2>\n\n\n\n<p>A mo\u017ce bankiet w restauracji? Oczywi\u015bcie, \u017ce mamy dla ciebie propozycj\u0119. <a href=\"https:\/\/www.mojekonferencje.pl\/budzyn\/restauracja-platinum\" type=\"link\" id=\"https:\/\/www.mojekonferencje.pl\/budzyn\/restauracja-platinum\">Restauracja Platinum<\/a> w Budzyniu to elegancka przestrze\u0144, kt\u00f3ra \u015bwietnie sprawdza si\u0119 podczas przyj\u0119\u0107 rodzinnych, bankiet\u00f3w firmowych, konferencji i wydarze\u0144 okoliczno\u015bciowych. W jednym miejscu po\u0142\u0105czono restauracj\u0119, przestronn\u0105 sal\u0119 eventow\u0105 oraz komfortowe pokoje go\u015bcinne. Dzi\u0119ki czemu obiekt zapewnia wygod\u0119 zar\u00f3wno organizatorom, jak i go\u015bciom.<\/p>\n\n\n\n<p>Nowoczesna, <strong>klimatyzowana sala bankietowo-konferencyjna<\/strong> pozwala zorganizowa\u0107 <strong>wydarzenie nawet dla 400 os\u00f3b<\/strong>. Profesjonalne nag\u0142o\u015bnienie, projektor, ekran i pe\u0142ne zaplecze konferencyjne sprawiaj\u0105, \u017ce obiekt dobrze sprawdza si\u0119 zar\u00f3wno podczas eleganckich przyj\u0119\u0107, jak i spotka\u0144 biznesowych.<\/p>\n\n\n\n<p>Atutem miejsca jest tak\u017ce <strong>dopracowana kuchnia<\/strong> inspirowana tradycyjnymi smakami oraz dogodna lokalizacja przy trasie DK11. Du\u017cy parking i mo\u017cliwo\u015b\u0107 noclegu na miejscu sprawiaj\u0105, \u017ce <strong>Restauracja Platinum w Budzyniu <\/strong>to wygodne i funkcjonalne miejsce na organizacj\u0119 r\u00f3\u017cnego rodzaju wydarze\u0144.<\/p>\n\n\n\n<figure class=\"wp-block-image size-large\"><a href=\"https:\/\/www.mojekonferencje.pl\/blog\/wp-content\/uploads\/2026\/04\/494681263-1227205009408439-1126193868365469922-n.jpg\"><img loading=\"lazy\" decoding=\"async\" width=\"1024\" height=\"682\" src=\"https:\/\/www.mojekonferencje.pl\/blog\/wp-content\/uploads\/2026\/04\/494681263-1227205009408439-1126193868365469922-n-1024x682.jpg\" alt=\"\" class=\"wp-image-9677 lazyload\" data-srcset=\"https:\/\/www.mojekonferencje.pl\/blog\/wp-content\/uploads\/2026\/04\/494681263-1227205009408439-1126193868365469922-n-1024x682.jpg 1024w, https:\/\/www.mojekonferencje.pl\/blog\/wp-content\/uploads\/2026\/04\/494681263-1227205009408439-1126193868365469922-n-300x200.jpg 300w, https:\/\/www.mojekonferencje.pl\/blog\/wp-content\/uploads\/2026\/04\/494681263-1227205009408439-1126193868365469922-n-768x511.jpg 768w, https:\/\/www.mojekonferencje.pl\/blog\/wp-content\/uploads\/2026\/04\/494681263-1227205009408439-1126193868365469922-n-1536x1022.jpg 1536w, https:\/\/www.mojekonferencje.pl\/blog\/wp-content\/uploads\/2026\/04\/494681263-1227205009408439-1126193868365469922-n.jpg 2048w\" sizes=\"auto\" \/><\/a><\/figure>\n\n\n\n<h2 class=\"wp-block-heading has-text-align-center\"><a href=\"https:\/\/www.mojekonferencje.pl\/wrzesnia\/hotel-wegierki-\" type=\"link\" id=\"https:\/\/www.mojekonferencje.pl\/wrzesnia\/hotel-wegierki-\"><mark style=\"background-color:rgba(0, 0, 0, 0)\" class=\"has-inline-color has-vivid-purple-color\"><span style=\"text-decoration: underline;\">Hotel W\u0119gierki<\/span><\/mark><\/a><\/h2>\n\n\n\n<p>W kierunku Poznania mamy kolejn\u0105 \u015bwietn\u0105 propozycj\u0119. <a href=\"https:\/\/www.mojekonferencje.pl\/wrzesnia\/hotel-wegierki-\" type=\"link\" id=\"https:\/\/www.mojekonferencje.pl\/wrzesnia\/hotel-wegierki-\">Hotel W\u0119gierki &amp; Restauracja Szaffran<\/a> to nowoczesny kompleks po\u0142o\u017cony zaledwie kilka minut od Wrze\u015bni i niespe\u0142na godzin\u0119 od Poznania. \u015awietnie sprawdza si\u0119 podczas organizacji konferencji, bankiet\u00f3w firmowych i spotka\u0144 biznesowych. Dogodna lokalizacja, eleganckie wn\u0119trza i rozbudowane zaplecze eventowe sprawiaj\u0105, \u017ce to wygodne miejsce zar\u00f3wno na jednodniowe wydarzenia, jak i d\u0142u\u017csze pobyty firmowe.<\/p>\n\n\n\n<p><br>Obiekt oferuje<strong> 4 nowoczesne sale konferencyjno-bankietowe<\/strong>, kt\u00f3re mo\u017cna dopasowa\u0107 do r\u00f3\u017cnych format\u00f3w wydarze\u0144. Najwi\u0119ksza<strong> sala o powierzchni 400 mkw. pomie\u015bci do 250 os\u00f3b<\/strong>. Jej elegancki wystr\u00f3j z kryszta\u0142owymi \u017cyrandolami i designerskimi detalami nadaje wydarzeniom wyj\u0105tkowy charakter. Sale s\u0105 klimatyzowane, dobrze do\u015bwietlone i wyposa\u017cone w projektor, ekran oraz dost\u0119p do Internetu.<\/p>\n\n\n\n<p>Do dyspozycji go\u015bci pozostaje r\u00f3wnie\u017c komfortowa baza noclegowa obejmuj\u0105ca<strong> 20 pokoi oraz 3 wolnostoj\u0105ce domki,<\/strong> kt\u00f3re \u0142\u0105cznie zapewniaj\u0105 <strong>ok. 50 miejsc noclegowych<\/strong>. Przytulne wn\u0119trza, wygodne wyposa\u017cenie i spokojne otoczenie sprzyjaj\u0105 wypoczynkowi po intensywnym dniu spotka\u0144.<br>Mocnym punktem obiektu jest tak\u017ce <strong>Restauracja Szaffran<\/strong>, \u0142\u0105czy nowoczesne wn\u0119trza z kuchni\u0105 opart\u0105 na smakach polskich i w\u0142oskich. To idealne miejsce na biznesowy lunch, kolacj\u0119 firmow\u0105 czy elegancki bankiet. <strong>Hotel W\u0119gierki &amp; Restauracja Szaffran<\/strong> to funkcjonalna i stylowa przestrze\u0144 na bankiet w woj. wielkopolskim.<\/p>\n\n\n\n<figure class=\"wp-block-image size-large\"><a href=\"https:\/\/www.mojekonferencje.pl\/blog\/wp-content\/uploads\/2026\/04\/andrzejki3-1500x_.webp\"><img loading=\"lazy\" decoding=\"async\" width=\"1024\" height=\"498\" src=\"https:\/\/www.mojekonferencje.pl\/blog\/wp-content\/uploads\/2026\/04\/andrzejki3-1500x_-1024x498.webp\" alt=\"\" class=\"wp-image-9686 lazyload\" data-srcset=\"https:\/\/www.mojekonferencje.pl\/blog\/wp-content\/uploads\/2026\/04\/andrzejki3-1500x_-1024x498.webp 1024w, https:\/\/www.mojekonferencje.pl\/blog\/wp-content\/uploads\/2026\/04\/andrzejki3-1500x_-300x146.webp 300w, https:\/\/www.mojekonferencje.pl\/blog\/wp-content\/uploads\/2026\/04\/andrzejki3-1500x_-768x373.webp 768w, https:\/\/www.mojekonferencje.pl\/blog\/wp-content\/uploads\/2026\/04\/andrzejki3-1500x_.webp 1500w\" sizes=\"auto\" \/><\/a><\/figure>\n\n\n\n<h2 class=\"wp-block-heading has-text-align-center\"><a href=\"https:\/\/www.mojekonferencje.pl\/steszew\/hotel-restauracja-delicjusz\" type=\"link\" id=\"https:\/\/www.mojekonferencje.pl\/steszew\/hotel-restauracja-delicjusz\"><mark style=\"background-color:rgba(0, 0, 0, 0)\" class=\"has-inline-color has-vivid-purple-color\"><span style=\"text-decoration: underline;\">Hotel &#8211; Restauracja Delicjusz<\/span><\/mark><\/a><\/h2>\n\n\n\n<p>To nowoczesne centrum konferencyjno-eventowe po\u0142o\u017cone zaledwie kilkana\u015bcie minut od Poznania, w s\u0105siedztwie Wielkopolskiego Parku Narodowego. Dogodna lokalizacja przy trasie i blisko\u015b\u0107 autostrady A2 sprawiaj\u0105, \u017ce obiekt \u015bwietnie sprawdza si\u0119 podczas konferencji, szkole\u0144 i firmowych spotka\u0144.<\/p>\n\n\n\n<p>Do dyspozycji go\u015bci oddano <strong>rozbudowan\u0105 przestrze\u0144 konferencyjn\u0105<\/strong>, kt\u00f3ra pozwala organizowa\u0107 zar\u00f3wno kameralne szkolenia, jak i du\u017ce wydarzenia bran\u017cowe. Najwi\u0119ksza <strong>sala ma blisko 600 mkw.<\/strong>, a dodatkowe przestrzenie umo\u017cliwiaj\u0105 prowadzenie kilku spotka\u0144 jednocze\u015bnie. To wygodne rozwi\u0105zanie dla organizator\u00f3w wi\u0119kszych event\u00f3w.<\/p>\n\n\n\n<p><a href=\"https:\/\/www.mojekonferencje.pl\/steszew\/hotel-restauracja-delicjusz\" type=\"link\" id=\"https:\/\/www.mojekonferencje.pl\/steszew\/hotel-restauracja-delicjusz\">Hotel &#8211; Restauracja Delicjusz<\/a> oferuje tak\u017ce <strong>105 komfortowych pokoi<\/strong>, restauracj\u0119 serwuj\u0105c\u0105 kuchni\u0119 polsk\u0105 i regionaln\u0105 oraz stref\u0119 rekreacyjn\u0105 z miejscem do integracji. Ca\u0142o\u015b\u0107 uzupe\u0142nia <strong>du\u017cy ogr\u00f3d i przestrze\u0144 plenerowa<\/strong>, dzi\u0119ki czemu <strong>Hotel &amp; Restauracja Delicjusz <\/strong>\u0142\u0105czy biznes, wygod\u0119 i spokojne otoczenie blisko natury.<\/p>\n\n\n\n<figure class=\"wp-block-image size-full\"><a href=\"https:\/\/www.mojekonferencje.pl\/blog\/wp-content\/uploads\/2026\/04\/327024469-960x580-1.webp\"><img loading=\"lazy\" decoding=\"async\" width=\"960\" height=\"580\" src=\"https:\/\/www.mojekonferencje.pl\/blog\/wp-content\/uploads\/2026\/04\/327024469-960x580-1.webp\" alt=\"\" class=\"wp-image-9680 lazyload\" data-srcset=\"https:\/\/www.mojekonferencje.pl\/blog\/wp-content\/uploads\/2026\/04\/327024469-960x580-1.webp 960w, https:\/\/www.mojekonferencje.pl\/blog\/wp-content\/uploads\/2026\/04\/327024469-960x580-1-300x181.webp 300w, https:\/\/www.mojekonferencje.pl\/blog\/wp-content\/uploads\/2026\/04\/327024469-960x580-1-768x464.webp 768w\" sizes=\"auto\" \/><\/a><\/figure>\n\n\n\n<p>Wojew\u00f3dztwo wielkopolskie oferuje wyj\u0105tkowo szeroki wyb\u00f3r przestrzeni bankietowych, kt\u00f3re r\u00f3\u017cni\u0105 si\u0119 stylem, charakterem i lokalizacj\u0105. \u0141\u0105czy je jednak wysoki standard oraz profesjonalne podej\u015bcie do organizacji wydarze\u0144. Od eleganckich hoteli konferencyjnych, przez klimatyczne dworki i pa\u0142ace, a\u017c po nowoczesne centra eventowe nad jeziorem. Ka\u017cdy mo\u017ce tu znale\u017a\u0107 miejsce dopasowane do skali i charakteru swojego przyj\u0119cia.<\/p>\n\n\n\n<p>Region ten \u0142\u0105czy \u0142atwy dojazd i pi\u0119kne widoki , dzi\u0119ki czemu sale bankietowe w Wielkopolsce s\u0105 ch\u0119tnie wybierane zar\u00f3wno na wesela i uroczysto\u015bci rodzinne, jak i presti\u017cowe eventy firmowe.<\/p>\n\n\n\n<p>Je\u015bli interesuj\u0105 Ci\u0119 inne lokalizacje, sprawd\u017a r\u00f3wnie\u017c <a href=\"https:\/\/www.mojekonferencje.pl\/blog\/najlepsze-przestrzenie-bankietowe-w-woj-pomorskim\/\" type=\"link\" id=\"https:\/\/www.mojekonferencje.pl\/blog\/najlepsze-przestrzenie-bankietowe-w-woj-pomorskim\/\">przestrzenie bankietowe w woj. pomorskim<\/a> oraz <a href=\"https:\/\/www.mojekonferencje.pl\/blog\/najlepsze-przestrzenie-bankietowe-w-woj-lodzkim\/\" type=\"link\" id=\"https:\/\/www.mojekonferencje.pl\/blog\/najlepsze-przestrzenie-bankietowe-w-woj-lodzkim\/\">sale bankietowe w woj. \u0142\u00f3dzkim<\/a>, warto tak\u017ce zajrze\u0107 do naszych pozosta\u0142ych zestawie\u0144.<\/p>\n\n\n\n<p>W przypadku dodatkowych pyta\u0144 lub potrzeby dopasowania obiektu do konkretnego wydarzenia, pomocny mo\u017ce by\u0107 event concierge dost\u0119pny na naszym portalu<a href=\"https:\/\/www.mojekonferencje.pl\/obiekt-konferencyjny\" type=\"link\" id=\"https:\/\/www.mojekonferencje.pl\/obiekt-konferencyjny\"> mojekonferencje.pl<\/a>.<\/p>\n","protected":false},"excerpt":{"rendered":"<p>Wielkopolska oferuje wyj\u0105tkowe miejsca na eleganckie przyj\u0119cia. Odkryj najlepsze przestrzenie w Poznaniu i okolicach i wybierz miejsce, kt\u00f3re sprawi, \u017ce Twoje wydarzenie stanie si\u0119 naprawd\u0119 niezapomniane.<\/p>\n","protected":false},"author":21,"featured_media":9688,"comment_status":"closed","ping_status":"closed","sticky":false,"template":"","format":"standard","meta":{"_acf_changed":false,"footnotes":""},"categories":[175],"tags":[692,354,691,693],"class_list":["post-9664","post","type-post","status-publish","format-standard","has-post-thumbnail","hentry","category-wybieranie-miejsca-konferencyjnego","tag-organizacja-bankietu-w-wielkopolsce","tag-organizacja-wydarzen","tag-przestrzenie-bankietowe-w-woj-wielkopolskim","tag-sale-bankietowe-wielkopolska"],"acf":[],"yoast_head":"<!-- This site is optimized with the Yoast SEO plugin v27.1.1 - https:\/\/yoast.com\/product\/yoast-seo-wordpress\/ -->\n<title>Najlepsze przestrzenie bankietowe w woj. wielkopolskim - blog | MojeKonferencje.pl<\/title>\n<meta name=\"description\" content=\"Najlepsze przestrzenie bankietowe w woj. wielkopolskim - blog | MojeKonferencje.pl\" \/>\n<meta name=\"robots\" content=\"index, follow, max-snippet:-1, max-image-preview:large, max-video-preview:-1\" \/>\n<link rel=\"canonical\" href=\"https:\/\/www.mojekonferencje.pl\/blog\/najlepsze-przestrzenie-bankietowe-w-woj-wielkopolskim\/\" \/>\n<meta property=\"og:locale\" content=\"pl_PL\" \/>\n<meta property=\"og:type\" content=\"article\" \/>\n<meta property=\"og:title\" content=\"Najlepsze przestrzenie bankietowe w woj. wielkopolskim - blog | MojeKonferencje.pl\" \/>\n<meta property=\"og:description\" content=\"Najlepsze przestrzenie bankietowe w woj. wielkopolskim - blog | MojeKonferencje.pl\" \/>\n<meta property=\"og:url\" content=\"https:\/\/www.mojekonferencje.pl\/blog\/najlepsze-przestrzenie-bankietowe-w-woj-wielkopolskim\/\" \/>\n<meta property=\"og:site_name\" content=\"MojeKonferencje.pl\" \/>\n<meta property=\"article:published_time\" content=\"2026-04-28T16:38:47+00:00\" \/>\n<meta property=\"og:image\" content=\"https:\/\/www.mojekonferencje.pl\/blog\/wp-content\/uploads\/2026\/04\/Fotoram.io-5.jpg\" \/>\n\t<meta property=\"og:image:width\" content=\"1200\" \/>\n\t<meta property=\"og:image:height\" content=\"696\" \/>\n\t<meta property=\"og:image:type\" content=\"image\/jpeg\" \/>\n<meta name=\"author\" content=\"Julia Gadomska\" \/>\n<meta name=\"twitter:card\" content=\"summary_large_image\" \/>\n<meta name=\"twitter:label1\" content=\"Napisane przez\" \/>\n\t<meta name=\"twitter:data1\" content=\"Julia Gadomska\" \/>\n\t<meta name=\"twitter:label2\" content=\"Szacowany czas czytania\" \/>\n\t<meta name=\"twitter:data2\" content=\"14 minut\" \/>\n<script type=\"application\/ld+json\" class=\"yoast-schema-graph\">{\"@context\":\"https:\/\/schema.org\",\"@graph\":[{\"@type\":\"Article\",\"@id\":\"https:\/\/www.mojekonferencje.pl\/blog\/najlepsze-przestrzenie-bankietowe-w-woj-wielkopolskim\/#article\",\"isPartOf\":{\"@id\":\"https:\/\/www.mojekonferencje.pl\/blog\/najlepsze-przestrzenie-bankietowe-w-woj-wielkopolskim\/\"},\"author\":{\"name\":\"Julia Gadomska\",\"@id\":\"https:\/\/www.mojekonferencje.pl\/blog\/#\/schema\/person\/7d6985dc3741882ea12e03b1c3997043\"},\"headline\":\"Najlepsze przestrzenie bankietowe w woj. wielkopolskim\",\"datePublished\":\"2026-04-28T16:38:47+00:00\",\"mainEntityOfPage\":{\"@id\":\"https:\/\/www.mojekonferencje.pl\/blog\/najlepsze-przestrzenie-bankietowe-w-woj-wielkopolskim\/\"},\"wordCount\":2224,\"image\":{\"@id\":\"https:\/\/www.mojekonferencje.pl\/blog\/najlepsze-przestrzenie-bankietowe-w-woj-wielkopolskim\/#primaryimage\"},\"thumbnailUrl\":\"https:\/\/www.mojekonferencje.pl\/blog\/wp-content\/uploads\/2026\/04\/Fotoram.io-5.jpg\",\"keywords\":[\"organizacja bankietu w Wielkopolsce\",\"organizacja wydarze\u0144\",\"przestrzenie bankietowe w woj. wielkopolskim\",\"sale bankietowe Wielkopolska\"],\"articleSection\":[\"Wybieranie miejsca konferencyjnego\"],\"inLanguage\":\"pl-PL\"},{\"@type\":\"WebPage\",\"@id\":\"https:\/\/www.mojekonferencje.pl\/blog\/najlepsze-przestrzenie-bankietowe-w-woj-wielkopolskim\/\",\"url\":\"https:\/\/www.mojekonferencje.pl\/blog\/najlepsze-przestrzenie-bankietowe-w-woj-wielkopolskim\/\",\"name\":\"Najlepsze przestrzenie bankietowe w woj. wielkopolskim - blog | MojeKonferencje.pl\",\"isPartOf\":{\"@id\":\"https:\/\/www.mojekonferencje.pl\/blog\/#website\"},\"primaryImageOfPage\":{\"@id\":\"https:\/\/www.mojekonferencje.pl\/blog\/najlepsze-przestrzenie-bankietowe-w-woj-wielkopolskim\/#primaryimage\"},\"image\":{\"@id\":\"https:\/\/www.mojekonferencje.pl\/blog\/najlepsze-przestrzenie-bankietowe-w-woj-wielkopolskim\/#primaryimage\"},\"thumbnailUrl\":\"https:\/\/www.mojekonferencje.pl\/blog\/wp-content\/uploads\/2026\/04\/Fotoram.io-5.jpg\",\"datePublished\":\"2026-04-28T16:38:47+00:00\",\"author\":{\"@id\":\"https:\/\/www.mojekonferencje.pl\/blog\/#\/schema\/person\/7d6985dc3741882ea12e03b1c3997043\"},\"description\":\"Najlepsze przestrzenie bankietowe w woj. wielkopolskim - blog | MojeKonferencje.pl\",\"breadcrumb\":{\"@id\":\"https:\/\/www.mojekonferencje.pl\/blog\/najlepsze-przestrzenie-bankietowe-w-woj-wielkopolskim\/#breadcrumb\"},\"inLanguage\":\"pl-PL\",\"potentialAction\":[{\"@type\":\"ReadAction\",\"target\":[\"https:\/\/www.mojekonferencje.pl\/blog\/najlepsze-przestrzenie-bankietowe-w-woj-wielkopolskim\/\"]}]},{\"@type\":\"ImageObject\",\"inLanguage\":\"pl-PL\",\"@id\":\"https:\/\/www.mojekonferencje.pl\/blog\/najlepsze-przestrzenie-bankietowe-w-woj-wielkopolskim\/#primaryimage\",\"url\":\"https:\/\/www.mojekonferencje.pl\/blog\/wp-content\/uploads\/2026\/04\/Fotoram.io-5.jpg\",\"contentUrl\":\"https:\/\/www.mojekonferencje.pl\/blog\/wp-content\/uploads\/2026\/04\/Fotoram.io-5.jpg\",\"width\":1200,\"height\":696},{\"@type\":\"BreadcrumbList\",\"@id\":\"https:\/\/www.mojekonferencje.pl\/blog\/najlepsze-przestrzenie-bankietowe-w-woj-wielkopolskim\/#breadcrumb\",\"itemListElement\":[{\"@type\":\"ListItem\",\"position\":1,\"name\":\"Strona g\u0142\u00f3wna\",\"item\":\"https:\/\/www.mojekonferencje.pl\/blog\/\"},{\"@type\":\"ListItem\",\"position\":2,\"name\":\"Najlepsze przestrzenie bankietowe w woj. wielkopolskim\"}]},{\"@type\":\"WebSite\",\"@id\":\"https:\/\/www.mojekonferencje.pl\/blog\/#website\",\"url\":\"https:\/\/www.mojekonferencje.pl\/blog\/\",\"name\":\"MojeKonferencje.pl\",\"description\":\"Blog bran\u017cy szkoleniowo-konferencyjnej. W\u0142\u0105cz si\u0119 do dyskusji o obiektach konferencyjnych i nowo\u015bciach z bran\u017cy! Poznaj porady odno\u015bnie organizacji konferencji, szkole\u0144 i event\u00f3w firmowych! Zach\u0119camy do wyra\u017cania opinii oraz komentarzy.\",\"potentialAction\":[{\"@type\":\"SearchAction\",\"target\":{\"@type\":\"EntryPoint\",\"urlTemplate\":\"https:\/\/www.mojekonferencje.pl\/blog\/?s={search_term_string}\"},\"query-input\":{\"@type\":\"PropertyValueSpecification\",\"valueRequired\":true,\"valueName\":\"search_term_string\"}}],\"inLanguage\":\"pl-PL\"},{\"@type\":\"Person\",\"@id\":\"https:\/\/www.mojekonferencje.pl\/blog\/#\/schema\/person\/7d6985dc3741882ea12e03b1c3997043\",\"name\":\"Julia Gadomska\",\"url\":\"https:\/\/www.mojekonferencje.pl\/blog\/author\/julia-gadomska\/\"}]}<\/script>\n<!-- \/ Yoast SEO plugin. -->","yoast_head_json":{"title":"Najlepsze przestrzenie bankietowe w woj. wielkopolskim - blog | MojeKonferencje.pl","description":"Najlepsze przestrzenie bankietowe w woj. wielkopolskim - blog | MojeKonferencje.pl","robots":{"index":"index","follow":"follow","max-snippet":"max-snippet:-1","max-image-preview":"max-image-preview:large","max-video-preview":"max-video-preview:-1"},"canonical":"https:\/\/www.mojekonferencje.pl\/blog\/najlepsze-przestrzenie-bankietowe-w-woj-wielkopolskim\/","og_locale":"pl_PL","og_type":"article","og_title":"Najlepsze przestrzenie bankietowe w woj. wielkopolskim - blog | MojeKonferencje.pl","og_description":"Najlepsze przestrzenie bankietowe w woj. wielkopolskim - blog | MojeKonferencje.pl","og_url":"https:\/\/www.mojekonferencje.pl\/blog\/najlepsze-przestrzenie-bankietowe-w-woj-wielkopolskim\/","og_site_name":"MojeKonferencje.pl","article_published_time":"2026-04-28T16:38:47+00:00","og_image":[{"width":1200,"height":696,"url":"https:\/\/www.mojekonferencje.pl\/blog\/wp-content\/uploads\/2026\/04\/Fotoram.io-5.jpg","type":"image\/jpeg"}],"author":"Julia Gadomska","twitter_card":"summary_large_image","twitter_misc":{"Napisane przez":"Julia Gadomska","Szacowany czas czytania":"14 minut"},"schema":{"@context":"https:\/\/schema.org","@graph":[{"@type":"Article","@id":"https:\/\/www.mojekonferencje.pl\/blog\/najlepsze-przestrzenie-bankietowe-w-woj-wielkopolskim\/#article","isPartOf":{"@id":"https:\/\/www.mojekonferencje.pl\/blog\/najlepsze-przestrzenie-bankietowe-w-woj-wielkopolskim\/"},"author":{"name":"Julia Gadomska","@id":"https:\/\/www.mojekonferencje.pl\/blog\/#\/schema\/person\/7d6985dc3741882ea12e03b1c3997043"},"headline":"Najlepsze przestrzenie bankietowe w woj. wielkopolskim","datePublished":"2026-04-28T16:38:47+00:00","mainEntityOfPage":{"@id":"https:\/\/www.mojekonferencje.pl\/blog\/najlepsze-przestrzenie-bankietowe-w-woj-wielkopolskim\/"},"wordCount":2224,"image":{"@id":"https:\/\/www.mojekonferencje.pl\/blog\/najlepsze-przestrzenie-bankietowe-w-woj-wielkopolskim\/#primaryimage"},"thumbnailUrl":"https:\/\/www.mojekonferencje.pl\/blog\/wp-content\/uploads\/2026\/04\/Fotoram.io-5.jpg","keywords":["organizacja bankietu w Wielkopolsce","organizacja wydarze\u0144","przestrzenie bankietowe w woj. wielkopolskim","sale bankietowe Wielkopolska"],"articleSection":["Wybieranie miejsca konferencyjnego"],"inLanguage":"pl-PL"},{"@type":"WebPage","@id":"https:\/\/www.mojekonferencje.pl\/blog\/najlepsze-przestrzenie-bankietowe-w-woj-wielkopolskim\/","url":"https:\/\/www.mojekonferencje.pl\/blog\/najlepsze-przestrzenie-bankietowe-w-woj-wielkopolskim\/","name":"Najlepsze przestrzenie bankietowe w woj. wielkopolskim - blog | MojeKonferencje.pl","isPartOf":{"@id":"https:\/\/www.mojekonferencje.pl\/blog\/#website"},"primaryImageOfPage":{"@id":"https:\/\/www.mojekonferencje.pl\/blog\/najlepsze-przestrzenie-bankietowe-w-woj-wielkopolskim\/#primaryimage"},"image":{"@id":"https:\/\/www.mojekonferencje.pl\/blog\/najlepsze-przestrzenie-bankietowe-w-woj-wielkopolskim\/#primaryimage"},"thumbnailUrl":"https:\/\/www.mojekonferencje.pl\/blog\/wp-content\/uploads\/2026\/04\/Fotoram.io-5.jpg","datePublished":"2026-04-28T16:38:47+00:00","author":{"@id":"https:\/\/www.mojekonferencje.pl\/blog\/#\/schema\/person\/7d6985dc3741882ea12e03b1c3997043"},"description":"Najlepsze przestrzenie bankietowe w woj. wielkopolskim - blog | MojeKonferencje.pl","breadcrumb":{"@id":"https:\/\/www.mojekonferencje.pl\/blog\/najlepsze-przestrzenie-bankietowe-w-woj-wielkopolskim\/#breadcrumb"},"inLanguage":"pl-PL","potentialAction":[{"@type":"ReadAction","target":["https:\/\/www.mojekonferencje.pl\/blog\/najlepsze-przestrzenie-bankietowe-w-woj-wielkopolskim\/"]}]},{"@type":"ImageObject","inLanguage":"pl-PL","@id":"https:\/\/www.mojekonferencje.pl\/blog\/najlepsze-przestrzenie-bankietowe-w-woj-wielkopolskim\/#primaryimage","url":"https:\/\/www.mojekonferencje.pl\/blog\/wp-content\/uploads\/2026\/04\/Fotoram.io-5.jpg","contentUrl":"https:\/\/www.mojekonferencje.pl\/blog\/wp-content\/uploads\/2026\/04\/Fotoram.io-5.jpg","width":1200,"height":696},{"@type":"BreadcrumbList","@id":"https:\/\/www.mojekonferencje.pl\/blog\/najlepsze-przestrzenie-bankietowe-w-woj-wielkopolskim\/#breadcrumb","itemListElement":[{"@type":"ListItem","position":1,"name":"Strona g\u0142\u00f3wna","item":"https:\/\/www.mojekonferencje.pl\/blog\/"},{"@type":"ListItem","position":2,"name":"Najlepsze przestrzenie bankietowe w woj. wielkopolskim"}]},{"@type":"WebSite","@id":"https:\/\/www.mojekonferencje.pl\/blog\/#website","url":"https:\/\/www.mojekonferencje.pl\/blog\/","name":"MojeKonferencje.pl","description":"Blog bran\u017cy szkoleniowo-konferencyjnej. W\u0142\u0105cz si\u0119 do dyskusji o obiektach konferencyjnych i nowo\u015bciach z bran\u017cy! Poznaj porady odno\u015bnie organizacji konferencji, szkole\u0144 i event\u00f3w firmowych! Zach\u0119camy do wyra\u017cania opinii oraz komentarzy.","potentialAction":[{"@type":"SearchAction","target":{"@type":"EntryPoint","urlTemplate":"https:\/\/www.mojekonferencje.pl\/blog\/?s={search_term_string}"},"query-input":{"@type":"PropertyValueSpecification","valueRequired":true,"valueName":"search_term_string"}}],"inLanguage":"pl-PL"},{"@type":"Person","@id":"https:\/\/www.mojekonferencje.pl\/blog\/#\/schema\/person\/7d6985dc3741882ea12e03b1c3997043","name":"Julia Gadomska","url":"https:\/\/www.mojekonferencje.pl\/blog\/author\/julia-gadomska\/"}]}},"_links":{"self":[{"href":"https:\/\/www.mojekonferencje.pl\/blog\/wp-json\/wp\/v2\/posts\/9664","targetHints":{"allow":["GET"]}}],"collection":[{"href":"https:\/\/www.mojekonferencje.pl\/blog\/wp-json\/wp\/v2\/posts"}],"about":[{"href":"https:\/\/www.mojekonferencje.pl\/blog\/wp-json\/wp\/v2\/types\/post"}],"author":[{"embeddable":true,"href":"https:\/\/www.mojekonferencje.pl\/blog\/wp-json\/wp\/v2\/users\/21"}],"replies":[{"embeddable":true,"href":"https:\/\/www.mojekonferencje.pl\/blog\/wp-json\/wp\/v2\/comments?post=9664"}],"version-history":[{"count":7,"href":"https:\/\/www.mojekonferencje.pl\/blog\/wp-json\/wp\/v2\/posts\/9664\/revisions"}],"predecessor-version":[{"id":9689,"href":"https:\/\/www.mojekonferencje.pl\/blog\/wp-json\/wp\/v2\/posts\/9664\/revisions\/9689"}],"wp:featuredmedia":[{"embeddable":true,"href":"https:\/\/www.mojekonferencje.pl\/blog\/wp-json\/wp\/v2\/media\/9688"}],"wp:attachment":[{"href":"https:\/\/www.mojekonferencje.pl\/blog\/wp-json\/wp\/v2\/media?parent=9664"}],"wp:term":[{"taxonomy":"category","embeddable":true,"href":"https:\/\/www.mojekonferencje.pl\/blog\/wp-json\/wp\/v2\/categories?post=9664"},{"taxonomy":"post_tag","embeddable":true,"href":"https:\/\/www.mojekonferencje.pl\/blog\/wp-json\/wp\/v2\/tags?post=9664"}],"curies":[{"name":"wp","href":"https:\/\/api.w.org\/{rel}","templated":true}]}}