{"id":6,"name":"Kamila R\u00f3wi\u0144ska","url":"","description":"Autor i redaktor tre\u015bci portale MojeKonferencje.pl Na co dzie\u0144 zajmuje si\u0119 copywritingiem. Specjalista content marketingu i dziennikarstwa. Od ponad roku dzia\u0142a w bran\u017cy konferencyjnej.","link":"https:\/\/www.mojekonferencje.pl\/blog\/author\/kamila\/","slug":"kamila","meta":[],"acf":[],"yoast_head":"<!-- This site is optimized with the Yoast SEO plugin v27.1.1 - https:\/\/yoast.com\/product\/yoast-seo-wordpress\/ -->\n<title>Redaktor MojeKonferencje.pl- Kamila R\u00f3wi\u0144ska<\/title>\n<meta name=\"robots\" content=\"noindex, follow\" \/>\n<meta property=\"og:locale\" content=\"pl_PL\" \/>\n<meta property=\"og:type\" content=\"profile\" \/>\n<meta property=\"og:title\" content=\"Redaktor MojeKonferencje.pl- Kamila R\u00f3wi\u0144ska\" \/>\n<meta property=\"og:url\" content=\"https:\/\/www.mojekonferencje.pl\/blog\/author\/kamila\/\" \/>\n<meta property=\"og:site_name\" content=\"MojeKonferencje.pl\" \/>\n<meta property=\"og:image\" content=\"https:\/\/secure.gravatar.com\/avatar\/d0dde01b21d7c3068dcae36058dea91b?s=500&d=mm&r=g\" \/>\n<meta name=\"twitter:card\" content=\"summary_large_image\" \/>\n<script type=\"application\/ld+json\" class=\"yoast-schema-graph\">{\"@context\":\"https:\/\/schema.org\",\"@graph\":[{\"@type\":\"ProfilePage\",\"@id\":\"https:\/\/www.mojekonferencje.pl\/blog\/author\/kamila\/\",\"url\":\"https:\/\/www.mojekonferencje.pl\/blog\/author\/kamila\/\",\"name\":\"Redaktor MojeKonferencje.pl- Kamila R\u00f3wi\u0144ska\",\"isPartOf\":{\"@id\":\"https:\/\/www.mojekonferencje.pl\/blog\/#website\"},\"breadcrumb\":{\"@id\":\"https:\/\/www.mojekonferencje.pl\/blog\/author\/kamila\/#breadcrumb\"},\"inLanguage\":\"pl-PL\",\"potentialAction\":[{\"@type\":\"ReadAction\",\"target\":[\"https:\/\/www.mojekonferencje.pl\/blog\/author\/kamila\/\"]}]},{\"@type\":\"BreadcrumbList\",\"@id\":\"https:\/\/www.mojekonferencje.pl\/blog\/author\/kamila\/#breadcrumb\",\"itemListElement\":[{\"@type\":\"ListItem\",\"position\":1,\"name\":\"Strona g\u0142\u00f3wna\",\"item\":\"https:\/\/www.mojekonferencje.pl\/blog\/\"},{\"@type\":\"ListItem\",\"position\":2,\"name\":\"Archiwum dla Kamila R\u00f3wi\u0144ska\"}]},{\"@type\":\"WebSite\",\"@id\":\"https:\/\/www.mojekonferencje.pl\/blog\/#website\",\"url\":\"https:\/\/www.mojekonferencje.pl\/blog\/\",\"name\":\"MojeKonferencje.pl\",\"description\":\"Blog bran\u017cy szkoleniowo-konferencyjnej. W\u0142\u0105cz si\u0119 do dyskusji o obiektach konferencyjnych i nowo\u015bciach z bran\u017cy! Poznaj porady odno\u015bnie organizacji konferencji, szkole\u0144 i event\u00f3w firmowych! Zach\u0119camy do wyra\u017cania opinii oraz komentarzy.\",\"potentialAction\":[{\"@type\":\"SearchAction\",\"target\":{\"@type\":\"EntryPoint\",\"urlTemplate\":\"https:\/\/www.mojekonferencje.pl\/blog\/?s={search_term_string}\"},\"query-input\":{\"@type\":\"PropertyValueSpecification\",\"valueRequired\":true,\"valueName\":\"search_term_string\"}}],\"inLanguage\":\"pl-PL\"},{\"@type\":\"Person\",\"@id\":\"https:\/\/www.mojekonferencje.pl\/blog\/#\/schema\/person\/8efb521724c064d26da2045111fce99e\",\"name\":\"Kamila R\u00f3wi\u0144ska\",\"description\":\"Autor i redaktor tre\u015bci portale MojeKonferencje.pl Na co dzie\u0144 zajmuje si\u0119 copywritingiem. Specjalista content marketingu i dziennikarstwa. Od ponad roku dzia\u0142a w bran\u017cy konferencyjnej.\",\"mainEntityOfPage\":{\"@id\":\"https:\/\/www.mojekonferencje.pl\/blog\/author\/kamila\/\"}}]}<\/script>\n<!-- \/ Yoast SEO plugin. -->","yoast_head_json":{"title":"Redaktor MojeKonferencje.pl- Kamila R\u00f3wi\u0144ska","robots":{"index":"noindex","follow":"follow"},"og_locale":"pl_PL","og_type":"profile","og_title":"Redaktor MojeKonferencje.pl- Kamila R\u00f3wi\u0144ska","og_url":"https:\/\/www.mojekonferencje.pl\/blog\/author\/kamila\/","og_site_name":"MojeKonferencje.pl","og_image":[{"url":"https:\/\/secure.gravatar.com\/avatar\/d0dde01b21d7c3068dcae36058dea91b?s=500&d=mm&r=g","type":"","width":"","height":""}],"twitter_card":"summary_large_image","schema":{"@context":"https:\/\/schema.org","@graph":[{"@type":"ProfilePage","@id":"https:\/\/www.mojekonferencje.pl\/blog\/author\/kamila\/","url":"https:\/\/www.mojekonferencje.pl\/blog\/author\/kamila\/","name":"Redaktor MojeKonferencje.pl- Kamila R\u00f3wi\u0144ska","isPartOf":{"@id":"https:\/\/www.mojekonferencje.pl\/blog\/#website"},"breadcrumb":{"@id":"https:\/\/www.mojekonferencje.pl\/blog\/author\/kamila\/#breadcrumb"},"inLanguage":"pl-PL","potentialAction":[{"@type":"ReadAction","target":["https:\/\/www.mojekonferencje.pl\/blog\/author\/kamila\/"]}]},{"@type":"BreadcrumbList","@id":"https:\/\/www.mojekonferencje.pl\/blog\/author\/kamila\/#breadcrumb","itemListElement":[{"@type":"ListItem","position":1,"name":"Strona g\u0142\u00f3wna","item":"https:\/\/www.mojekonferencje.pl\/blog\/"},{"@type":"ListItem","position":2,"name":"Archiwum dla Kamila R\u00f3wi\u0144ska"}]},{"@type":"WebSite","@id":"https:\/\/www.mojekonferencje.pl\/blog\/#website","url":"https:\/\/www.mojekonferencje.pl\/blog\/","name":"MojeKonferencje.pl","description":"Blog bran\u017cy szkoleniowo-konferencyjnej. W\u0142\u0105cz si\u0119 do dyskusji o obiektach konferencyjnych i nowo\u015bciach z bran\u017cy! Poznaj porady odno\u015bnie organizacji konferencji, szkole\u0144 i event\u00f3w firmowych! Zach\u0119camy do wyra\u017cania opinii oraz komentarzy.","potentialAction":[{"@type":"SearchAction","target":{"@type":"EntryPoint","urlTemplate":"https:\/\/www.mojekonferencje.pl\/blog\/?s={search_term_string}"},"query-input":{"@type":"PropertyValueSpecification","valueRequired":true,"valueName":"search_term_string"}}],"inLanguage":"pl-PL"},{"@type":"Person","@id":"https:\/\/www.mojekonferencje.pl\/blog\/#\/schema\/person\/8efb521724c064d26da2045111fce99e","name":"Kamila R\u00f3wi\u0144ska","description":"Autor i redaktor tre\u015bci portale MojeKonferencje.pl Na co dzie\u0144 zajmuje si\u0119 copywritingiem. Specjalista content marketingu i dziennikarstwa. Od ponad roku dzia\u0142a w bran\u017cy konferencyjnej.","mainEntityOfPage":{"@id":"https:\/\/www.mojekonferencje.pl\/blog\/author\/kamila\/"}}]}},"_links":{"self":[{"href":"https:\/\/www.mojekonferencje.pl\/blog\/wp-json\/wp\/v2\/users\/6","targetHints":{"allow":["GET"]}}],"collection":[{"href":"https:\/\/www.mojekonferencje.pl\/blog\/wp-json\/wp\/v2\/users"}]}}